{"id":26504,"date":"2019-05-30T08:23:08","date_gmt":"2019-05-30T11:23:08","guid":{"rendered":"https:\/\/www.suno.com.br\/noticias\/?p=26504"},"modified":"2019-05-30T15:05:16","modified_gmt":"2019-05-30T18:05:16","slug":"stf-decidir-governo-vender","status":"publish","type":"post","link":"https:\/\/www.suno.com.br\/noticias\/stf-decidir-governo-vender\/","title":{"rendered":"STF vai decidir se governo pode vender estatais sem aval do Congresso"},"content":{"rendered":"<p>O Supremo Tribunal Federal (STF) vai decidir nesta quinta-feira (30) se o <strong>governo federal<\/strong> pode realizar a venda de <strong>estatais<\/strong> sem o aval do <strong>Congresso Nacional.<\/strong> A decis\u00e3o a ser tomada valer\u00e1 tamb\u00e9m para governos estaduais e prefeituras.<\/p>\t<div class=\"wrapper-featured-image\">\n\t\t<figure class=\"spotlightImg\">\n\n\t\t\t<picture>\n\t\t\t\t<source media=\"(max-width: 768px)\" srcset=\"https:\/\/files.sunoresearch.com.br\/n\/uploads\/2019\/05\/81afc31e-stf-400x200.webp\">\n\t\t\t\t<img loading=\"lazy\" decoding=\"async\" class=\"newsContent__article__imgCapa lazyloadDisabled newsContent__article__imgCapa--noCaption\" src=\"https:\/\/files.sunoresearch.com.br\/n\/uploads\/2019\/05\/81afc31e-stf-800x450.webp\" width=\"800\" height=\"450\" alt=\"STF vai decidir se governo pode vender estatais sem aval do Congresso\" fetchpriority=high \/>\n\t\t\t<\/picture>\n\n\t\t\t<figcaption class=\"wp-caption-text wp-caption-text--hide\">O Supremo Tribunal Federal (STF) determinou nesta quarta-feira (7) que o ex-presidente Luiz In\u00e1cio Lula da Silva n\u00e3o seja transferido para S\u00e3o Paulo. A decis\u00e3o foi tomada pela maioria do plen\u00e1rio.\u00a0<\/figcaption>\n\t\t<\/figure>\n\t<\/div>\n\n\n<p>Durante o julgamento, ser\u00e1 definido se a decis\u00e3o liminar concedida pelo ministro <strong>Ricardo Lewandowski<\/strong>, ainda no ano passado, ser\u00e1 referendada ou derrubada pelos ministros do <strong>STF<\/strong>. A medida de Lewandowski indica que o governo n\u00e3o pode vender estatais sem autoriza\u00e7\u00e3o do <strong>Poder<\/strong> <strong>Legislativo<\/strong>.<\/p>\n\t<p>\n\t\t<a href=\"https:\/\/lp.suno.com.br\/ebook-investindo-em-dividendos\/\" target=\"_blank\" data-element=\"shortcode-suno-banner\" title=\"Banner SUNO, clique e saiba mais\">\n\t\t\t<picture>\n\t\t\t\t<source media=\"(max-width: 500px)\" srcset=\"https:\/\/files.sunoresearch.com.br\/n\/uploads\/2023\/03\/400x300-Dividendos.png\">\n\t\t\t\t<img class=\"newsContent__article__imgCapa newsContent__article__imgCapa--banner\"\n\t\t\t\t\tsrc=\"https:\/\/files.sunoresearch.com.br\/n\/uploads\/2023\/03\/1420x240-Dividendos.png\"\n\t\t\t\t\tdata-promo-id=\"383163\"\t\t\t\t\t\t\t\t\t\twidth='1420' height='240'\t\t\t\t\talt=\"https:\/\/files.sunoresearch.com.br\/n\/uploads\/2023\/03\/1420x240-Dividendos.png\"\n\t\t\t\t>\n\t\t\t<\/picture>\n\t\t<\/a>\n\t<\/p>\n\n\n<h2>Decis\u00e3o de Lewandowski<\/h2>\n<p>O ministro tomou a decis\u00e3o ap\u00f3s fazer a an\u00e1lise da a\u00e7\u00e3o apresentada pela Federa\u00e7\u00e3o Nacional das Associa\u00e7\u00f5es do Pessoal da Caixa Econ\u00f4mica Federal (<strong>Fenae<\/strong>) e pela Confedera\u00e7\u00e3o Nacional dos Trabalhadores do Ramo Financeiro (<strong>Contraf<\/strong>).<\/p>\n<p>De acordo com <strong>Lewandowski,<\/strong> \u00e9 obrigat\u00f3rio que o <strong>Legislativo<\/strong> autorize a venda de estatais quando o caso faz o poder p\u00fablico perder o controle acion\u00e1rio da empresa.<\/p>\n<p>Al\u00e9m disso, o ministro estabeleceu que para a <strong>venda<\/strong>, \u00e9 necess\u00e1rio a realiza\u00e7\u00e3o de licita\u00e7\u00e3o e o processo s\u00f3 ser\u00e1 ser dispensado se n\u00e3o houver perda do controle acion\u00e1rio das empresas pelo poder p\u00fablico.<\/p>\n\t<p>\n\t\t<a href=\"https:\/\/lp.suno.com.br\/suno-one\/?utm_campaign=_SNC6964518A_\" target=\"_blank\" data-element=\"shortcode-suno-banner\" title=\"Banner SUNO, clique e saiba mais\">\n\t\t\t<picture>\n\t\t\t\t<source media=\"(max-width: 500px)\" srcset=\"https:\/\/files.sunoresearch.com.br\/n\/uploads\/2025\/09\/400x300-Suno-One-png.webp\">\n\t\t\t\t<img class=\"newsContent__article__imgCapa newsContent__article__imgCapa--banner\"\n\t\t\t\t\tsrc=\"https:\/\/files.sunoresearch.com.br\/n\/uploads\/2025\/09\/1420x240-Suno-One-png.webp\"\n\t\t\t\t\tdata-promo-id=\"85810\"\t\t\t\t\t\t\t\t\t\twidth='1420' height='240'\t\t\t\t\talt=\"https:\/\/files.sunoresearch.com.br\/n\/uploads\/2025\/09\/1420x240-Suno-One-png.webp\"\n\t\t\t\t>\n\t\t\t<\/picture>\n\t\t<\/a>\n\t<\/p>\n\n\n<h2>Discuss\u00e3o desta quinta<\/h2>\n<p>Temas que devem ser abordados durante o julgamento desta quinta:<\/p>\n<ul>\n<li>Aval do Congresso para venda de qualquer empresa p\u00fablica, incluindo as de sociedade mista ou subsidi\u00e1rias;<\/li>\n<li>Autoriza\u00e7\u00e3o do Congresso se faz necess\u00e1ria apenas em casos de perda do controle acion\u00e1rio;<\/li>\n<li>Necessidade de lei gen\u00e9rica para autoriza\u00e7\u00e3o para v\u00e1rios neg\u00f3cios ou lei espec\u00edfica para cada venda;<\/li>\n<li>A venda de estatal exigir\u00e1 licita\u00e7\u00e3o ou outro processo;<\/li>\n<li>Licita\u00e7\u00e3o ser\u00e1 exigida apenas em casos de perda do controle acion\u00e1rio das estatais.<\/li>\n<\/ul>\n<p>Al\u00e9m disso, nesta quinta ser\u00e1 analisada tamb\u00e9m a venda da Transportadora Associada de G\u00e1s (TAG), subsidi\u00e1ria da <strong>Petrobras<\/strong>.<\/p>\n<p><a href=\"https:\/\/www.suno.com.br\/noticias\/petrobras-repeite-licitacao-venda-tag\/\">Saiba mais:\u00a0Petrobras: em liminar, Fachin suspende venda da TAG e de refinarias<\/a><\/p>\n<p>Durante o julgamento ser\u00e1 decidido se o Supremo mant\u00e9m ou derruba a decis\u00e3o do ministro <strong>Edson Fachin<\/strong> que suspendeu a venda de 90% da subsidi\u00e1ria.<\/p>\n<p>De acordo com a decis\u00e3o do ministro do <strong>STF<\/strong>, a venda da <strong>TAG<\/strong> n\u00e3o respeitou a decis\u00e3o de <strong>Lewandowski<\/strong>.<\/p>\n","protected":false},"excerpt":{"rendered":"<p>O Supremo Tribunal Federal (STF) vai decidir nesta quinta-feira (30) se o governo federal pode realizar a venda de estatais sem o aval do Congresso Nacional. A decis\u00e3o a ser tomada valer\u00e1 tamb\u00e9m para governos estaduais e prefeituras. O Supremo Tribunal Federal (STF) determinou nesta quarta-feira (7) que o ex-presidente Luiz In\u00e1cio Lula da Silva [&hellip;]<\/p>\n","protected":false},"author":11,"featured_media":26508,"comment_status":"closed","ping_status":"closed","sticky":false,"template":"","format":"standard","meta":[],"categories":[61],"tags":[785],"suno_strategy":[],"class_list":["post-26504","post","type-post","status-publish","format-standard","has-post-thumbnail","hentry","category-politica","tag-supremo-tribunal-federal-stf"],"yoast_head":"<!-- This site is optimized with the Yoast SEO plugin v24.4 - https:\/\/yoast.com\/wordpress\/plugins\/seo\/ -->\n<title>STF vai decidir se governo pode vender estatais sem aval do Congresso<\/title>\n<meta name=\"description\" content=\"O julgamento acontecer\u00e1 nesta quinta (30), no STF; Outra discuss\u00e3o ser\u00e1 sobre a venda da TAG, subsidi\u00e1ria da Petrobras. Clique e saiba mais.\" \/>\n<meta name=\"robots\" content=\"index, follow, max-snippet:-1, max-image-preview:large, max-video-preview:-1\" \/>\n<link rel=\"canonical\" href=\"https:\/\/www.suno.com.br\/noticias\/stf-decidir-governo-vender\/\" \/>\n<meta property=\"og:locale\" content=\"pt_BR\" \/>\n<meta property=\"og:type\" content=\"article\" \/>\n<meta property=\"og:title\" content=\"STF vai decidir se governo pode vender estatais sem aval do Congresso\" \/>\n<meta property=\"og:description\" content=\"O julgamento acontecer\u00e1 nesta quinta (30), no STF; Outra discuss\u00e3o ser\u00e1 sobre a venda da TAG, subsidi\u00e1ria da Petrobras. Clique e saiba mais.\" \/>\n<meta property=\"og:url\" content=\"https:\/\/www.suno.com.br\/noticias\/stf-decidir-governo-vender\/\" \/>\n<meta property=\"og:site_name\" content=\"Suno Not\u00edcias\" \/>\n<meta property=\"article:publisher\" content=\"https:\/\/facebook.com\/sunoresearch\" \/>\n<meta property=\"og:image\" content=\"https:\/\/files.sunoresearch.com.br\/n\/uploads\/2019\/05\/81afc31e-stf.jpg\" \/>\n\t<meta property=\"og:image:width\" content=\"1140\" \/>\n\t<meta property=\"og:image:height\" content=\"760\" \/>\n\t<meta property=\"og:image:type\" content=\"image\/jpeg\" \/>\n<meta name=\"author\" content=\"Renan Bandeira\" \/>\n<meta name=\"twitter:card\" content=\"summary_large_image\" \/>\n<meta name=\"twitter:creator\" content=\"@sunoresearch\" \/>\n<meta name=\"twitter:site\" content=\"@sunoresearch\" \/>\n<meta name=\"twitter:label1\" content=\"Escrito por\" \/>\n\t<meta name=\"twitter:data1\" content=\"Renan Bandeira\" \/>\n\t<meta name=\"twitter:label2\" content=\"Est. tempo de leitura\" \/>\n\t<meta name=\"twitter:data2\" content=\"2 minutos\" \/>\n<script type=\"application\/ld+json\" class=\"yoast-schema-graph\">{\"@context\":\"https:\/\/schema.org\",\"@graph\":[{\"@type\":\"NewsArticle\",\"@id\":\"https:\/\/www.suno.com.br\/noticias\/stf-decidir-governo-vender\/#article\",\"isPartOf\":{\"@id\":\"https:\/\/www.suno.com.br\/noticias\/stf-decidir-governo-vender\/\"},\"author\":{\"name\":\"Renan Bandeira\",\"@id\":\"https:\/\/www.suno.com.br\/noticias\/#\/schema\/person\/fc144a1c6108bd1dcd43784e88a3c138\"},\"headline\":\"STF vai decidir se governo pode vender estatais sem aval do Congresso\",\"datePublished\":\"2019-05-30T11:23:08+00:00\",\"dateModified\":\"2019-05-30T18:05:16+00:00\",\"mainEntityOfPage\":{\"@id\":\"https:\/\/www.suno.com.br\/noticias\/stf-decidir-governo-vender\/\"},\"wordCount\":396,\"publisher\":{\"@id\":\"https:\/\/www.suno.com.br\/noticias\/#organization\"},\"image\":{\"@id\":\"https:\/\/www.suno.com.br\/noticias\/stf-decidir-governo-vender\/#primaryimage\"},\"thumbnailUrl\":\"https:\/\/files.sunoresearch.com.br\/n\/uploads\/2019\/05\/81afc31e-stf-jpg.webp\",\"keywords\":[\"Supremo Tribunal Federal (STF)\"],\"articleSection\":[\"Pol\u00edtica\"],\"inLanguage\":\"pt-BR\"},{\"@type\":\"WebPage\",\"@id\":\"https:\/\/www.suno.com.br\/noticias\/stf-decidir-governo-vender\/\",\"url\":\"https:\/\/www.suno.com.br\/noticias\/stf-decidir-governo-vender\/\",\"name\":\"STF vai decidir se governo pode vender estatais sem aval do Congresso\",\"isPartOf\":{\"@id\":\"https:\/\/www.suno.com.br\/noticias\/#website\"},\"primaryImageOfPage\":{\"@id\":\"https:\/\/www.suno.com.br\/noticias\/stf-decidir-governo-vender\/#primaryimage\"},\"image\":{\"@id\":\"https:\/\/www.suno.com.br\/noticias\/stf-decidir-governo-vender\/#primaryimage\"},\"thumbnailUrl\":\"https:\/\/files.sunoresearch.com.br\/n\/uploads\/2019\/05\/81afc31e-stf-jpg.webp\",\"datePublished\":\"2019-05-30T11:23:08+00:00\",\"dateModified\":\"2019-05-30T18:05:16+00:00\",\"description\":\"O julgamento acontecer\u00e1 nesta quinta (30), no STF; Outra discuss\u00e3o ser\u00e1 sobre a venda da TAG, subsidi\u00e1ria da Petrobras. Clique e saiba mais.\",\"breadcrumb\":{\"@id\":\"https:\/\/www.suno.com.br\/noticias\/stf-decidir-governo-vender\/#breadcrumb\"},\"inLanguage\":\"pt-BR\",\"potentialAction\":[{\"@type\":\"ReadAction\",\"target\":[\"https:\/\/www.suno.com.br\/noticias\/stf-decidir-governo-vender\/\"]}]},{\"@type\":\"ImageObject\",\"inLanguage\":\"pt-BR\",\"@id\":\"https:\/\/www.suno.com.br\/noticias\/stf-decidir-governo-vender\/#primaryimage\",\"url\":\"https:\/\/files.sunoresearch.com.br\/n\/uploads\/2019\/05\/81afc31e-stf-jpg.webp\",\"contentUrl\":\"https:\/\/files.sunoresearch.com.br\/n\/uploads\/2019\/05\/81afc31e-stf-jpg.webp\",\"width\":1140,\"height\":760,\"caption\":\"O Supremo Tribunal Federal (STF) determinou nesta quarta-feira (7) que o ex-presidente Luiz In\u00e1cio Lula da Silva n\u00e3o seja transferido para S\u00e3o Paulo. A decis\u00e3o foi tomada pela maioria do plen\u00e1rio.\u00a0\"},{\"@type\":\"BreadcrumbList\",\"@id\":\"https:\/\/www.suno.com.br\/noticias\/stf-decidir-governo-vender\/#breadcrumb\",\"itemListElement\":[{\"@type\":\"ListItem\",\"position\":1,\"name\":\"Not\u00edcias\",\"item\":\"https:\/\/www.suno.com.br\/noticias\/\"},{\"@type\":\"ListItem\",\"position\":2,\"name\":\"Pol\u00edtica\",\"item\":\"https:\/\/www.suno.com.br\/noticias\/politica\/\"},{\"@type\":\"ListItem\",\"position\":3,\"name\":\"STF vai decidir se governo pode vender estatais sem aval do Congresso\"}]},{\"@type\":\"WebSite\",\"@id\":\"https:\/\/www.suno.com.br\/noticias\/#website\",\"url\":\"https:\/\/www.suno.com.br\/noticias\/\",\"name\":\"Suno Not\u00edcias\",\"description\":\"Seu portal de informa\u00e7\u00e3o sobre o mundo dos investimentos\",\"publisher\":{\"@id\":\"https:\/\/www.suno.com.br\/noticias\/#organization\"},\"potentialAction\":[{\"@type\":\"SearchAction\",\"target\":{\"@type\":\"EntryPoint\",\"urlTemplate\":\"https:\/\/www.suno.com.br\/noticias\/?s={search_term_string}\"},\"query-input\":{\"@type\":\"PropertyValueSpecification\",\"valueRequired\":true,\"valueName\":\"search_term_string\"}}],\"inLanguage\":\"pt-BR\"},{\"@type\":\"Organization\",\"@id\":\"https:\/\/www.suno.com.br\/noticias\/#organization\",\"name\":\"Suno Not\u00edcias\",\"url\":\"https:\/\/www.suno.com.br\/noticias\/\",\"logo\":{\"@type\":\"ImageObject\",\"inLanguage\":\"pt-BR\",\"@id\":\"https:\/\/www.suno.com.br\/noticias\/#\/schema\/logo\/image\/\",\"url\":\"https:\/\/files.sunoresearch.com.br\/n\/uploads\/2021\/09\/suno-logo.png\",\"contentUrl\":\"https:\/\/files.sunoresearch.com.br\/n\/uploads\/2021\/09\/suno-logo.png\",\"width\":180,\"height\":180,\"caption\":\"Suno Not\u00edcias\"},\"image\":{\"@id\":\"https:\/\/www.suno.com.br\/noticias\/#\/schema\/logo\/image\/\"},\"sameAs\":[\"https:\/\/facebook.com\/sunoresearch\",\"https:\/\/x.com\/sunoresearch\",\"https:\/\/www.instagram.com\/suno\",\"https:\/\/www.linkedin.com\/company\/suno-research\/\",\"https:\/\/www.youtube.com\/c\/sunoresearch\"]},{\"@type\":\"Person\",\"@id\":\"https:\/\/www.suno.com.br\/noticias\/#\/schema\/person\/fc144a1c6108bd1dcd43784e88a3c138\",\"name\":\"Renan Bandeira\",\"image\":{\"@type\":\"ImageObject\",\"inLanguage\":\"pt-BR\",\"@id\":\"https:\/\/www.suno.com.br\/noticias\/#\/schema\/person\/image\/\",\"url\":\"https:\/\/secure.gravatar.com\/avatar\/68359cdb608f14f11bbefcb78f3fc747?s=96&r=g\",\"contentUrl\":\"https:\/\/secure.gravatar.com\/avatar\/68359cdb608f14f11bbefcb78f3fc747?s=96&r=g\",\"caption\":\"Renan Bandeira\"},\"description\":\"Renan Bandeira escreve sobre pol\u00edtica e economia para o portal da Suno Research. Antes da Suno, trabalhou em uma rede de televis\u00e3o, onde fazia reportagens sobre os mesmos temas. Estuda na Universidade Metodista de S\u00e3o Paulo.\",\"url\":\"https:\/\/www.suno.com.br\/noticias\/author\/renan-bandeira\/\"}]}<\/script>\n<!-- \/ Yoast SEO plugin. -->","yoast_head_json":{"title":"STF vai decidir se governo pode vender estatais sem aval do Congresso","description":"O julgamento acontecer\u00e1 nesta quinta (30), no STF; Outra discuss\u00e3o ser\u00e1 sobre a venda da TAG, subsidi\u00e1ria da Petrobras. Clique e saiba mais.","robots":{"index":"index","follow":"follow","max-snippet":"max-snippet:-1","max-image-preview":"max-image-preview:large","max-video-preview":"max-video-preview:-1"},"canonical":"https:\/\/www.suno.com.br\/noticias\/stf-decidir-governo-vender\/","og_locale":"pt_BR","og_type":"article","og_title":"STF vai decidir se governo pode vender estatais sem aval do Congresso","og_description":"O julgamento acontecer\u00e1 nesta quinta (30), no STF; Outra discuss\u00e3o ser\u00e1 sobre a venda da TAG, subsidi\u00e1ria da Petrobras. Clique e saiba mais.","og_url":"https:\/\/www.suno.com.br\/noticias\/stf-decidir-governo-vender\/","og_site_name":"Suno Not\u00edcias","article_publisher":"https:\/\/facebook.com\/sunoresearch","og_image":[{"width":1140,"height":760,"url":"https:\/\/files.sunoresearch.com.br\/n\/uploads\/2019\/05\/81afc31e-stf.jpg","type":"image\/jpeg"}],"author":"Renan Bandeira","twitter_card":"summary_large_image","twitter_creator":"@sunoresearch","twitter_site":"@sunoresearch","twitter_misc":{"Escrito por":"Renan Bandeira","Est. tempo de leitura":"2 minutos"},"schema":{"@context":"https:\/\/schema.org","@graph":[{"@type":"NewsArticle","@id":"https:\/\/www.suno.com.br\/noticias\/stf-decidir-governo-vender\/#article","isPartOf":{"@id":"https:\/\/www.suno.com.br\/noticias\/stf-decidir-governo-vender\/"},"author":{"name":"Renan Bandeira","@id":"https:\/\/www.suno.com.br\/noticias\/#\/schema\/person\/fc144a1c6108bd1dcd43784e88a3c138"},"headline":"STF vai decidir se governo pode vender estatais sem aval do Congresso","datePublished":"2019-05-30T11:23:08+00:00","dateModified":"2019-05-30T18:05:16+00:00","mainEntityOfPage":{"@id":"https:\/\/www.suno.com.br\/noticias\/stf-decidir-governo-vender\/"},"wordCount":396,"publisher":{"@id":"https:\/\/www.suno.com.br\/noticias\/#organization"},"image":{"@id":"https:\/\/www.suno.com.br\/noticias\/stf-decidir-governo-vender\/#primaryimage"},"thumbnailUrl":"https:\/\/files.sunoresearch.com.br\/n\/uploads\/2019\/05\/81afc31e-stf-jpg.webp","keywords":["Supremo Tribunal Federal (STF)"],"articleSection":["Pol\u00edtica"],"inLanguage":"pt-BR"},{"@type":"WebPage","@id":"https:\/\/www.suno.com.br\/noticias\/stf-decidir-governo-vender\/","url":"https:\/\/www.suno.com.br\/noticias\/stf-decidir-governo-vender\/","name":"STF vai decidir se governo pode vender estatais sem aval do Congresso","isPartOf":{"@id":"https:\/\/www.suno.com.br\/noticias\/#website"},"primaryImageOfPage":{"@id":"https:\/\/www.suno.com.br\/noticias\/stf-decidir-governo-vender\/#primaryimage"},"image":{"@id":"https:\/\/www.suno.com.br\/noticias\/stf-decidir-governo-vender\/#primaryimage"},"thumbnailUrl":"https:\/\/files.sunoresearch.com.br\/n\/uploads\/2019\/05\/81afc31e-stf-jpg.webp","datePublished":"2019-05-30T11:23:08+00:00","dateModified":"2019-05-30T18:05:16+00:00","description":"O julgamento acontecer\u00e1 nesta quinta (30), no STF; Outra discuss\u00e3o ser\u00e1 sobre a venda da TAG, subsidi\u00e1ria da Petrobras. Clique e saiba mais.","breadcrumb":{"@id":"https:\/\/www.suno.com.br\/noticias\/stf-decidir-governo-vender\/#breadcrumb"},"inLanguage":"pt-BR","potentialAction":[{"@type":"ReadAction","target":["https:\/\/www.suno.com.br\/noticias\/stf-decidir-governo-vender\/"]}]},{"@type":"ImageObject","inLanguage":"pt-BR","@id":"https:\/\/www.suno.com.br\/noticias\/stf-decidir-governo-vender\/#primaryimage","url":"https:\/\/files.sunoresearch.com.br\/n\/uploads\/2019\/05\/81afc31e-stf-jpg.webp","contentUrl":"https:\/\/files.sunoresearch.com.br\/n\/uploads\/2019\/05\/81afc31e-stf-jpg.webp","width":1140,"height":760,"caption":"O Supremo Tribunal Federal (STF) determinou nesta quarta-feira (7) que o ex-presidente Luiz In\u00e1cio Lula da Silva n\u00e3o seja transferido para S\u00e3o Paulo. A decis\u00e3o foi tomada pela maioria do plen\u00e1rio.\u00a0"},{"@type":"BreadcrumbList","@id":"https:\/\/www.suno.com.br\/noticias\/stf-decidir-governo-vender\/#breadcrumb","itemListElement":[{"@type":"ListItem","position":1,"name":"Not\u00edcias","item":"https:\/\/www.suno.com.br\/noticias\/"},{"@type":"ListItem","position":2,"name":"Pol\u00edtica","item":"https:\/\/www.suno.com.br\/noticias\/politica\/"},{"@type":"ListItem","position":3,"name":"STF vai decidir se governo pode vender estatais sem aval do Congresso"}]},{"@type":"WebSite","@id":"https:\/\/www.suno.com.br\/noticias\/#website","url":"https:\/\/www.suno.com.br\/noticias\/","name":"Suno Not\u00edcias","description":"Seu portal de informa\u00e7\u00e3o sobre o mundo dos investimentos","publisher":{"@id":"https:\/\/www.suno.com.br\/noticias\/#organization"},"potentialAction":[{"@type":"SearchAction","target":{"@type":"EntryPoint","urlTemplate":"https:\/\/www.suno.com.br\/noticias\/?s={search_term_string}"},"query-input":{"@type":"PropertyValueSpecification","valueRequired":true,"valueName":"search_term_string"}}],"inLanguage":"pt-BR"},{"@type":"Organization","@id":"https:\/\/www.suno.com.br\/noticias\/#organization","name":"Suno Not\u00edcias","url":"https:\/\/www.suno.com.br\/noticias\/","logo":{"@type":"ImageObject","inLanguage":"pt-BR","@id":"https:\/\/www.suno.com.br\/noticias\/#\/schema\/logo\/image\/","url":"https:\/\/files.sunoresearch.com.br\/n\/uploads\/2021\/09\/suno-logo.png","contentUrl":"https:\/\/files.sunoresearch.com.br\/n\/uploads\/2021\/09\/suno-logo.png","width":180,"height":180,"caption":"Suno Not\u00edcias"},"image":{"@id":"https:\/\/www.suno.com.br\/noticias\/#\/schema\/logo\/image\/"},"sameAs":["https:\/\/facebook.com\/sunoresearch","https:\/\/x.com\/sunoresearch","https:\/\/www.instagram.com\/suno","https:\/\/www.linkedin.com\/company\/suno-research\/","https:\/\/www.youtube.com\/c\/sunoresearch"]},{"@type":"Person","@id":"https:\/\/www.suno.com.br\/noticias\/#\/schema\/person\/fc144a1c6108bd1dcd43784e88a3c138","name":"Renan Bandeira","image":{"@type":"ImageObject","inLanguage":"pt-BR","@id":"https:\/\/www.suno.com.br\/noticias\/#\/schema\/person\/image\/","url":"https:\/\/secure.gravatar.com\/avatar\/68359cdb608f14f11bbefcb78f3fc747?s=96&r=g","contentUrl":"https:\/\/secure.gravatar.com\/avatar\/68359cdb608f14f11bbefcb78f3fc747?s=96&r=g","caption":"Renan Bandeira"},"description":"Renan Bandeira escreve sobre pol\u00edtica e economia para o portal da Suno Research. Antes da Suno, trabalhou em uma rede de televis\u00e3o, onde fazia reportagens sobre os mesmos temas. Estuda na Universidade Metodista de S\u00e3o Paulo.","url":"https:\/\/www.suno.com.br\/noticias\/author\/renan-bandeira\/"}]}},"default_loop_html":"<div class=\"cardsPage__listCard__boxs\"><div class=\"cardsPage__listCard__boxs__img\"><a href=\"https:\/\/www.suno.com.br\/noticias\/stf-decidir-governo-vender\/\"><img class=\"mask\" src=\"https:\/\/www.suno.com.br\/noticias\/wp-content\/themes\/suno\/resources\/images\/spotlight\/spotlight1img\/bg-mask.png\" alt=\"Image Mask\"\/><img src=\"https:\/\/files.sunoresearch.com.br\/n\/uploads\/2019\/05\/81afc31e-stf-400x200.webp\" alt=\"STF vai decidir se governo pode vender estatais sem aval do Congresso\"\/><\/a><span class=\"spotlightCategory\"><a href=\"https:\/\/www.suno.com.br\/noticias\/politica\/\">Pol\u00edtica<\/a><\/span><\/div><div class=\"cardsPage__listCard__boxs__content\"><a href=\"https:\/\/www.suno.com.br\/noticias\/stf-decidir-governo-vender\/\"><h2 class=\"content__title\">STF vai decidir se governo pode vender estatais sem aval do Congresso<\/h2><\/a><div class=\"newsContent__article__meta\"><div class=\"newsContent__article__meta__authorBox\"><a href=\"https:\/\/www.suno.com.br\/noticias\/author\/renan-bandeira\/\" class=\"authorBox__avatar noMobi\"><img src=\"https:\/\/secure.gravatar.com\/avatar\/68359cdb608f14f11bbefcb78f3fc747?s=96&#038;r=g\" alt=\"Renan Bandeira\"><\/a><div class=\"authorBox__name\"><span>por\n\t\t\t<a href=\"https:\/\/www.suno.com.br\/noticias\/author\/renan-bandeira\/\"><span itemprop=\"author\">Renan Bandeira<\/span><\/a><\/span><time datetime=\"2019-05-30T08:23:08-03:00\" itemprop=\"datePublished\">30\/05\/2019 08:23<\/time><\/div><\/div><\/div><\/div><\/div>","single_layout":"posts","amp_enabled":true,"_links":{"self":[{"href":"https:\/\/www.suno.com.br\/noticias\/wp-json\/wp\/v2\/posts\/26504"}],"collection":[{"href":"https:\/\/www.suno.com.br\/noticias\/wp-json\/wp\/v2\/posts"}],"about":[{"href":"https:\/\/www.suno.com.br\/noticias\/wp-json\/wp\/v2\/types\/post"}],"author":[{"embeddable":true,"href":"https:\/\/www.suno.com.br\/noticias\/wp-json\/wp\/v2\/users\/11"}],"replies":[{"embeddable":true,"href":"https:\/\/www.suno.com.br\/noticias\/wp-json\/wp\/v2\/comments?post=26504"}],"version-history":[{"count":0,"href":"https:\/\/www.suno.com.br\/noticias\/wp-json\/wp\/v2\/posts\/26504\/revisions"}],"wp:featuredmedia":[{"embeddable":true,"href":"https:\/\/www.suno.com.br\/noticias\/wp-json\/wp\/v2\/media\/26508"}],"wp:attachment":[{"href":"https:\/\/www.suno.com.br\/noticias\/wp-json\/wp\/v2\/media?parent=26504"}],"wp:term":[{"taxonomy":"category","embeddable":true,"href":"https:\/\/www.suno.com.br\/noticias\/wp-json\/wp\/v2\/categories?post=26504"},{"taxonomy":"post_tag","embeddable":true,"href":"https:\/\/www.suno.com.br\/noticias\/wp-json\/wp\/v2\/tags?post=26504"},{"taxonomy":"suno_strategy","embeddable":true,"href":"https:\/\/www.suno.com.br\/noticias\/wp-json\/wp\/v2\/suno_strategy?post=26504"}],"curies":[{"name":"wp","href":"https:\/\/api.w.org\/{rel}","templated":true}]}}