{"id":264873,"date":"2022-06-06T14:57:11","date_gmt":"2022-06-06T17:57:11","guid":{"rendered":"https:\/\/www.suno.com.br\/noticias\/?p=264873"},"modified":"2022-06-06T14:57:11","modified_gmt":"2022-06-06T17:57:11","slug":"gol-goll4-aumento-demanda-maio","status":"publish","type":"post","link":"https:\/\/www.suno.com.br\/noticias\/gol-goll4-aumento-demanda-maio\/","title":{"rendered":"Gol (GOLL4): demanda total por voos quase dobra em maio"},"content":{"rendered":"<p>A <a class=\"suno-keyword\" href=\"https:\/\/www.suno.com.br\/acoes\/GOLL4\/\" target=\"_blank\" rel=\"noopener\" data-force=\"yes\" data-priority=\"2\"><strong>Gol<\/strong> (GOLL4)<\/a> divulgou nesta segunda-feira (6) que registrou aumento de 97,1% na <strong>demanda total<\/strong> (RPK) por voos em maio deste ano, comparado ao mesmo m\u00eas em 2021.<\/p>\t<div class=\"wrapper-featured-image\">\n\t\t<figure class=\"spotlightImg\">\n\n\t\t\t<picture>\n\t\t\t\t<source media=\"(max-width: 768px)\" srcset=\"https:\/\/files.sunoresearch.com.br\/n\/uploads\/2021\/03\/b3df5165-gol-5-400x200.webp\">\n\t\t\t\t<img loading=\"lazy\" decoding=\"async\" class=\"newsContent__article__imgCapa lazyloadDisabled \" src=\"https:\/\/files.sunoresearch.com.br\/n\/uploads\/2021\/03\/b3df5165-gol-5-800x450.webp\" width=\"800\" height=\"450\" alt=\"Gol (GOLL4): demanda total por voos quase dobra em maio\" fetchpriority=high \/>\n\t\t\t<\/picture>\n\n\t\t\t<figcaption class=\"wp-caption-text wp-caption-text--show\">Empresas a\u00e9reas. Foto: Divulga\u00e7\u00e3o\/Gol<\/figcaption>\n\t\t<\/figure>\n\t<\/div>\n\n\n\t<p>\n\t\t<a href=\"\" target=\"_blank\" data-element=\"shortcode-suno-banner\" title=\"Banner SUNO, clique e saiba mais\">\n\t\t\t<picture>\n\t\t\t\t<source media=\"(max-width: 500px)\" srcset=\"\">\n\t\t\t\t<img class=\"newsContent__article__imgCapa newsContent__article__imgCapa--banner\"\n\t\t\t\t\tsrc=\"\"\n\t\t\t\t\tdata-promo-id=\"138420\"\t\t\t\t\t\t\t\t\t\t\t\t\t\t\talt=\"\"\n\t\t\t\t>\n\t\t\t<\/picture>\n\t\t<\/a>\n\t<\/p>\n\n\n<p>A <strong>oferta total<\/strong> (ASK) da companhia aumentou em 124,5%, resultando em uma taxa de ocupa\u00e7\u00e3o de 77,3%. O total de assentos cresceu 125,1% e o n\u00famero de decolagens evoluiu 130,9%.<\/p>\n<p>No mercado dom\u00e9stico, a oferta da Gol subiu 110,0% e a demanda avan\u00e7ou 82,3%. A taxa de ocupa\u00e7\u00e3o dom\u00e9stica da companhia foi de 76,3%. O volume de decolagens aumentou 124,2% e o total de assentos cresceu 118,7%.<\/p>\n<p>No mercado internacional, a oferta foi de 200 milh\u00f5es, a demanda da Gol, de 181 milh\u00f5es, e a taxa de ocupa\u00e7\u00e3o chegou a 90,6%.<\/p>\n<figure id=\"attachment_264890\" aria-describedby=\"caption-attachment-264890\" style=\"width: 737px\" class=\"wp-caption aligncenter\"><img loading=\"lazy\" decoding=\"async\" class=\"wp-image-264890 size-full\" src=\"https:\/\/files.sunoresearch.com.br\/n\/uploads\/2022\/06\/gol-maio.png\" alt=\"Gol - Pr\u00e9via voos Maio\" width=\"737\" height=\"225\" srcset=\"https:\/\/files.sunoresearch.com.br\/n\/uploads\/2022\/06\/gol-maio.png 737w, https:\/\/files.sunoresearch.com.br\/n\/uploads\/2022\/06\/gol-maio-300x92.png 300w, https:\/\/files.sunoresearch.com.br\/n\/uploads\/2022\/06\/gol-maio-150x46.png 150w\" sizes=\"(max-width: 737px) 100vw, 737px\" \/><figcaption id=\"caption-attachment-264890\" class=\"wp-caption-text\">Fonte: Ag\u00eancia Nacional de Avia\u00e7\u00e3o Civil (ANAC) e Companhia para o m\u00eas corrente\/GOL<\/figcaption><\/figure>\n<p><em>Leia mais sobre Gol<\/em><\/p>\n<h2>Gol (GOLL4): Paulo Kakinoff deixa comando da a\u00e9rea em meio \u00e0 cria\u00e7\u00e3o de holding<\/h2>\n<p>A\u00a0<strong>Gol<\/strong>\u00a0(<a href=\"https:\/\/www.suno.com.br\/acoes\/goll4\/\">GOLL4<\/a>) anunciou que seu Diretor-Presidente, Paulo Kakinoff, far\u00e1 a transi\u00e7\u00e3o de seu cargo tornando-se membro do Conselho de Administra\u00e7\u00e3o. A companhia noticiou a mudan\u00e7a por meio de comunicado ao mercado arquivado na\u00a0<a href=\"https:\/\/www.suno.com.br\/artigos\/cvm\/\">Comiss\u00e3o de Valores Mobili\u00e1rios (CVM)<\/a>.<\/p>\n<p>Al\u00e9m da mudan\u00e7a citada, a Gol tamb\u00e9m tornar\u00e1 o Vice-presidente de Opera\u00e7\u00f5es, Celso Ferrer, o sucessor de\u00a0<strong>Paulo Kakinoff<\/strong>\u00a0enquanto Diretor-Presidente. Ferrer ocupar\u00e1 o cargo j\u00e1 a partir de 1\u00ba de julho de 2022.<\/p>\n\t<p>\n\t\t<a href=\"https:\/\/lp.suno.com.br\/planilha-controle-gastos\/\" target=\"_blank\" data-element=\"shortcode-suno-banner\" title=\"Banner SUNO, clique e saiba mais\">\n\t\t\t<picture>\n\t\t\t\t<source media=\"(max-width: 500px)\" srcset=\"https:\/\/files.sunoresearch.com.br\/n\/uploads\/2023\/03\/400x300-Planilha-controle-de-gastos.png\">\n\t\t\t\t<img class=\"newsContent__article__imgCapa newsContent__article__imgCapa--banner\"\n\t\t\t\t\tsrc=\"https:\/\/files.sunoresearch.com.br\/n\/uploads\/2023\/03\/1420x240-Planilha-controle-de-gastos.png\"\n\t\t\t\t\tdata-promo-id=\"101751\"\t\t\t\t\t\t\t\t\t\twidth='1420' height='240'\t\t\t\t\talt=\"https:\/\/files.sunoresearch.com.br\/n\/uploads\/2023\/03\/1420x240-Planilha-controle-de-gastos.png\"\n\t\t\t\t>\n\t\t\t<\/picture>\n\t\t<\/a>\n\t<\/p>\n\n\n<p><strong>Kakinoff<\/strong>\u00a0liderava a\u00a0<strong>companhia a\u00e9rea<\/strong>\u00a0a companhia desde meados de 2012, \u201cper\u00edodo pelo qual passou por momentos de grande turbul\u00eancia do setor e transformou a experi\u00eancia do Cliente GOL\u201d, disse a empresa em comunicado.<\/p>\n<p>Por outro lado, Ferreringressou na empresa a\u00e9rea em 2003, e ocupou cargos como Vice-presidente de Planejamento e Vice-presidente de Opera\u00e7\u00f5es.<\/p>\n<p>Al\u00e9m disso, Ferrer tamb\u00e9m tamb\u00e9m \u00e9 um piloto de aeronaves Boeing 737. \u00c9 formado em economia pela Universidade de S\u00e3o Paulo, em rela\u00e7\u00f5es internacionais pela Pontif\u00edcia Universidade Cat\u00f3lica de S\u00e3o Paulo e possui MBA pelo INSEAD.<\/p>\n<p>A mudan\u00e7a se d\u00e1 em meio a uma cria\u00e7\u00e3o de uma holding que inclui a Gol e a\u00a0<strong>Avianca<\/strong>. Chamada de Grupo Abra, a companhia pode catapultar a Gol para fora da bolsa de valores brasileira.<\/p>\n\t<p>\n\t\t<a href=\"https:\/\/lp.suno.com.br\/planilha-da-vida-financeira\/\" target=\"_blank\" data-element=\"shortcode-suno-banner\" title=\"Banner SUNO, clique e saiba mais\">\n\t\t\t<picture>\n\t\t\t\t<source media=\"(max-width: 500px)\" srcset=\"https:\/\/files.sunoresearch.com.br\/n\/uploads\/2023\/04\/400x300-Planilha-vida-financeira-true.png\">\n\t\t\t\t<img class=\"newsContent__article__imgCapa newsContent__article__imgCapa--banner\"\n\t\t\t\t\tsrc=\"https:\/\/files.sunoresearch.com.br\/n\/uploads\/2023\/04\/1420x240-Planilha-vida-financeira-true.png\"\n\t\t\t\t\tdata-promo-id=\"106682\"\t\t\t\t\t\t\t\t\t\twidth='1420' height='240'\t\t\t\t\talt=\"https:\/\/files.sunoresearch.com.br\/n\/uploads\/2023\/04\/1420x240-Planilha-vida-financeira-true.png\"\n\t\t\t\t>\n\t\t\t<\/picture>\n\t\t<\/a>\n\t<\/p>\n\n\n<p>Com a mudan\u00e7a societ\u00e1ria na\u00a0<strong>Gol<\/strong>\u00a0(<a href=\"https:\/\/www.suno.com.br\/acoes\/goll4\/\">GOLL4<\/a>), a companhia pode sair da bolsa ao criar uma holding para ser uma \u2018megacompanhia\u2019 a\u00e9rea. A mudan\u00e7a pode implicar em uma remunera\u00e7\u00e3o aos acionistas sobre o pre\u00e7o da a\u00e7\u00e3o, j\u00e1 que a a\u00e9rea pode sair da bolsa.<\/p>\n<p>\u201cQuando \u00e9 um caso de aquisi\u00e7\u00e3o da companhia, o novo \u2018dono\u2019 costuma fazer uma\u00a0<a class=\"suno-keyword\" href=\"https:\/\/www.suno.com.br\/artigos\/oferta-publica-aquisicao\/\" target=\"_blank\" rel=\"noopener\" data-force=\"no\" data-priority=\"1\">oferta p\u00fablica de aquisi\u00e7\u00e3o<\/a>\u00a0de controle, ou seja, esse novo dono recompra e retira as a\u00e7\u00f5es do mercado. Por\u00e9m, nesse caso, n\u00e3o haver\u00e1 aliena\u00e7\u00e3o (venda) ou transfer\u00eancia de\u00a0<a class=\"suno-keyword\" href=\"https:\/\/www.suno.com.br\/artigos\/controle-acionario\/\" target=\"_blank\" rel=\"noopener\" data-force=\"no\" data-priority=\"1\">controle acion\u00e1rio<\/a>, ou seja, n\u00e3o haver\u00e1 a obrigatoriedade dessa oferta. Com isso, o investidor deve aguardar os pr\u00f3ximos passos em rela\u00e7\u00e3o ao fechamento do neg\u00f3cio\u201d, explica Fabio Louzada, economista e analista CNPI.<\/p>\n<p>Ap\u00f3s o fechamento do neg\u00f3cio, investidores se comprometeram a investir at\u00e9 US$ 350 milh\u00f5es em a\u00e7\u00f5es do\u00a0<strong>Grupo Abra<\/strong>.<\/p>\n\t<p>\n\t\t<a href=\"https:\/\/lp.suno.com.br\/ebook-como-analisar-uma-acao\/\" target=\"_blank\" data-element=\"shortcode-suno-banner\" title=\"Banner SUNO, clique e saiba mais\">\n\t\t\t<picture>\n\t\t\t\t<source media=\"(max-width: 500px)\" srcset=\"https:\/\/files.sunoresearch.com.br\/n\/uploads\/2023\/03\/Ebook-Acoes-Mobile-1.jpg\">\n\t\t\t\t<img class=\"newsContent__article__imgCapa newsContent__article__imgCapa--banner\"\n\t\t\t\t\tsrc=\"https:\/\/files.sunoresearch.com.br\/n\/uploads\/2023\/03\/Ebook-Acoes-Desktop-1.jpg\"\n\t\t\t\t\tdata-promo-id=\"171998\"\t\t\t\t\t\t\t\t\t\twidth='1420' height='286'\t\t\t\t\talt=\"https:\/\/files.sunoresearch.com.br\/n\/uploads\/2023\/03\/Ebook-Acoes-Desktop-1.jpg\"\n\t\t\t\t>\n\t\t\t<\/picture>\n\t\t<\/a>\n\t<\/p>\n\n\n<p>A\u00a0Gol e a Avianca fecharam um acordo para criar o Grupo Abra, mirando ser \u201cum grupo l\u00edder em transporte a\u00e9reo na Am\u00e9rica Latina\u201d, conforme comunicado oficial.<\/p>\n<p>Al\u00e9m das duas companhias, o novo grupo ter\u00e1 participa\u00e7\u00e3o nas empresas Viva, da Col\u00f4mbia, e Sky Airline, do Chile.<\/p>\n<h2>Cota\u00e7\u00e3o<\/h2>\n<p>A a\u00e7\u00e3o da\u00a0<strong>Gol<\/strong> opera em cai 0,15%, cotada a R$ 13,56, \u00e0s 14h45. No ano, acumula perdas de 33,92%.<\/p>\n\t<p>\n\t\t<a href=\"https:\/\/lp.suno.com.br\/planilha-de-controle-de-investimentos\/\" target=\"_blank\" data-element=\"shortcode-suno-banner\" title=\"Banner SUNO, clique e saiba mais\">\n\t\t\t<picture>\n\t\t\t\t<source media=\"(max-width: 500px)\" srcset=\"https:\/\/files.sunoresearch.com.br\/n\/uploads\/2023\/03\/400x300-Controle-de-Investimentos.png\">\n\t\t\t\t<img class=\"newsContent__article__imgCapa newsContent__article__imgCapa--banner\"\n\t\t\t\t\tsrc=\"https:\/\/files.sunoresearch.com.br\/n\/uploads\/2023\/03\/1420x240-Controle-de-Investimentos.png\"\n\t\t\t\t\tdata-promo-id=\"75934\"\t\t\t\t\t\t\t\t\t\twidth='1420' height='240'\t\t\t\t\talt=\"https:\/\/files.sunoresearch.com.br\/n\/uploads\/2023\/03\/1420x240-Controle-de-Investimentos.png\"\n\t\t\t\t>\n\t\t\t<\/picture>\n\t\t<\/a>\n\t<\/p>\n\n\n","protected":false},"excerpt":{"rendered":"<p>A Gol (GOLL4) divulgou nesta segunda-feira (6) que registrou aumento de 97,1% na demanda total (RPK) por voos em maio deste ano, comparado ao mesmo m\u00eas em 2021. Empresas a\u00e9reas. Foto: Divulga\u00e7\u00e3o\/Gol A oferta total (ASK) da companhia aumentou em 124,5%, resultando em uma taxa de ocupa\u00e7\u00e3o de 77,3%. O total de assentos cresceu 125,1% [&hellip;]<\/p>\n","protected":false},"author":146,"featured_media":130273,"comment_status":"closed","ping_status":"closed","sticky":false,"template":"","format":"standard","meta":[],"categories":[64],"tags":[489],"suno_strategy":[],"class_list":["post-264873","post","type-post","status-publish","format-standard","has-post-thumbnail","hentry","category-negocios","tag-gol-linhas-aereas-goll11-goll4"],"yoast_head":"<!-- This site is optimized with the Yoast SEO plugin v24.4 - https:\/\/yoast.com\/wordpress\/plugins\/seo\/ -->\n<title>Gol (GOLL4): demanda total por voos quase dobra em maio<\/title>\n<meta name=\"description\" content=\"A Gol (GOLL4) divulgou nesta segunda-feira (6) que a demanda total de voos da companhia aumentou 97% em maio. Confira os demais n\u00fameros!\" \/>\n<meta name=\"robots\" content=\"index, follow, max-snippet:-1, max-image-preview:large, max-video-preview:-1\" \/>\n<link rel=\"canonical\" href=\"https:\/\/www.suno.com.br\/noticias\/gol-goll4-aumento-demanda-maio\/\" \/>\n<meta property=\"og:locale\" content=\"pt_BR\" \/>\n<meta property=\"og:type\" content=\"article\" \/>\n<meta property=\"og:title\" content=\"Gol (GOLL4): demanda total por voos quase dobra em maio\" \/>\n<meta property=\"og:description\" content=\"A Gol (GOLL4) divulgou nesta segunda-feira (6) que a demanda total de voos da companhia aumentou 97% em maio. Confira os demais n\u00fameros!\" \/>\n<meta property=\"og:url\" content=\"https:\/\/www.suno.com.br\/noticias\/gol-goll4-aumento-demanda-maio\/\" \/>\n<meta property=\"og:site_name\" content=\"Suno Not\u00edcias\" \/>\n<meta property=\"article:publisher\" content=\"https:\/\/facebook.com\/sunoresearch\" \/>\n<meta property=\"og:image\" content=\"https:\/\/files.sunoresearch.com.br\/n\/uploads\/2021\/03\/b3df5165-gol-5.jpg\" \/>\n\t<meta property=\"og:image:width\" content=\"1200\" \/>\n\t<meta property=\"og:image:height\" content=\"857\" \/>\n\t<meta property=\"og:image:type\" content=\"image\/jpeg\" \/>\n<meta name=\"author\" content=\"Vict\u00f3ria Anhesini\" \/>\n<meta name=\"twitter:card\" content=\"summary_large_image\" \/>\n<meta name=\"twitter:creator\" content=\"@sunoresearch\" \/>\n<meta name=\"twitter:site\" content=\"@sunoresearch\" \/>\n<meta name=\"twitter:label1\" content=\"Escrito por\" \/>\n\t<meta name=\"twitter:data1\" content=\"Vict\u00f3ria Anhesini\" \/>\n\t<meta name=\"twitter:label2\" content=\"Est. tempo de leitura\" \/>\n\t<meta name=\"twitter:data2\" content=\"3 minutos\" \/>\n<script type=\"application\/ld+json\" class=\"yoast-schema-graph\">{\"@context\":\"https:\/\/schema.org\",\"@graph\":[{\"@type\":\"NewsArticle\",\"@id\":\"https:\/\/www.suno.com.br\/noticias\/gol-goll4-aumento-demanda-maio\/#article\",\"isPartOf\":{\"@id\":\"https:\/\/www.suno.com.br\/noticias\/gol-goll4-aumento-demanda-maio\/\"},\"author\":{\"name\":\"Vict\u00f3ria Anhesini\",\"@id\":\"https:\/\/www.suno.com.br\/noticias\/#\/schema\/person\/46d847cb19ad53fde0857adca989c23f\"},\"headline\":\"Gol (GOLL4): demanda total por voos quase dobra em maio\",\"datePublished\":\"2022-06-06T17:57:11+00:00\",\"mainEntityOfPage\":{\"@id\":\"https:\/\/www.suno.com.br\/noticias\/gol-goll4-aumento-demanda-maio\/\"},\"wordCount\":631,\"publisher\":{\"@id\":\"https:\/\/www.suno.com.br\/noticias\/#organization\"},\"image\":{\"@id\":\"https:\/\/www.suno.com.br\/noticias\/gol-goll4-aumento-demanda-maio\/#primaryimage\"},\"thumbnailUrl\":\"https:\/\/files.sunoresearch.com.br\/n\/uploads\/2021\/03\/b3df5165-gol-5-jpg.webp\",\"keywords\":[\"Gol Linhas A\u00e9reas (GOLL11\/GOLL4)\"],\"articleSection\":[\"Neg\u00f3cios\"],\"inLanguage\":\"pt-BR\"},{\"@type\":\"WebPage\",\"@id\":\"https:\/\/www.suno.com.br\/noticias\/gol-goll4-aumento-demanda-maio\/\",\"url\":\"https:\/\/www.suno.com.br\/noticias\/gol-goll4-aumento-demanda-maio\/\",\"name\":\"Gol (GOLL4): demanda total por voos quase dobra em maio\",\"isPartOf\":{\"@id\":\"https:\/\/www.suno.com.br\/noticias\/#website\"},\"primaryImageOfPage\":{\"@id\":\"https:\/\/www.suno.com.br\/noticias\/gol-goll4-aumento-demanda-maio\/#primaryimage\"},\"image\":{\"@id\":\"https:\/\/www.suno.com.br\/noticias\/gol-goll4-aumento-demanda-maio\/#primaryimage\"},\"thumbnailUrl\":\"https:\/\/files.sunoresearch.com.br\/n\/uploads\/2021\/03\/b3df5165-gol-5-jpg.webp\",\"datePublished\":\"2022-06-06T17:57:11+00:00\",\"description\":\"A Gol (GOLL4) divulgou nesta segunda-feira (6) que a demanda total de voos da companhia aumentou 97% em maio. Confira os demais n\u00fameros!\",\"breadcrumb\":{\"@id\":\"https:\/\/www.suno.com.br\/noticias\/gol-goll4-aumento-demanda-maio\/#breadcrumb\"},\"inLanguage\":\"pt-BR\",\"potentialAction\":[{\"@type\":\"ReadAction\",\"target\":[\"https:\/\/www.suno.com.br\/noticias\/gol-goll4-aumento-demanda-maio\/\"]}]},{\"@type\":\"ImageObject\",\"inLanguage\":\"pt-BR\",\"@id\":\"https:\/\/www.suno.com.br\/noticias\/gol-goll4-aumento-demanda-maio\/#primaryimage\",\"url\":\"https:\/\/files.sunoresearch.com.br\/n\/uploads\/2021\/03\/b3df5165-gol-5-jpg.webp\",\"contentUrl\":\"https:\/\/files.sunoresearch.com.br\/n\/uploads\/2021\/03\/b3df5165-gol-5-jpg.webp\",\"width\":1200,\"height\":857,\"caption\":\"Empresas a\u00e9reas. Foto: Divulga\u00e7\u00e3o\/Gol\"},{\"@type\":\"BreadcrumbList\",\"@id\":\"https:\/\/www.suno.com.br\/noticias\/gol-goll4-aumento-demanda-maio\/#breadcrumb\",\"itemListElement\":[{\"@type\":\"ListItem\",\"position\":1,\"name\":\"Not\u00edcias\",\"item\":\"https:\/\/www.suno.com.br\/noticias\/\"},{\"@type\":\"ListItem\",\"position\":2,\"name\":\"Neg\u00f3cios\",\"item\":\"https:\/\/www.suno.com.br\/noticias\/negocios\/\"},{\"@type\":\"ListItem\",\"position\":3,\"name\":\"Gol (GOLL4): demanda total por voos quase dobra em maio\"}]},{\"@type\":\"WebSite\",\"@id\":\"https:\/\/www.suno.com.br\/noticias\/#website\",\"url\":\"https:\/\/www.suno.com.br\/noticias\/\",\"name\":\"Suno Not\u00edcias\",\"description\":\"Seu portal de informa\u00e7\u00e3o sobre o mundo dos investimentos\",\"publisher\":{\"@id\":\"https:\/\/www.suno.com.br\/noticias\/#organization\"},\"potentialAction\":[{\"@type\":\"SearchAction\",\"target\":{\"@type\":\"EntryPoint\",\"urlTemplate\":\"https:\/\/www.suno.com.br\/noticias\/?s={search_term_string}\"},\"query-input\":{\"@type\":\"PropertyValueSpecification\",\"valueRequired\":true,\"valueName\":\"search_term_string\"}}],\"inLanguage\":\"pt-BR\"},{\"@type\":\"Organization\",\"@id\":\"https:\/\/www.suno.com.br\/noticias\/#organization\",\"name\":\"Suno Not\u00edcias\",\"url\":\"https:\/\/www.suno.com.br\/noticias\/\",\"logo\":{\"@type\":\"ImageObject\",\"inLanguage\":\"pt-BR\",\"@id\":\"https:\/\/www.suno.com.br\/noticias\/#\/schema\/logo\/image\/\",\"url\":\"https:\/\/files.sunoresearch.com.br\/n\/uploads\/2021\/09\/suno-logo.png\",\"contentUrl\":\"https:\/\/files.sunoresearch.com.br\/n\/uploads\/2021\/09\/suno-logo.png\",\"width\":180,\"height\":180,\"caption\":\"Suno Not\u00edcias\"},\"image\":{\"@id\":\"https:\/\/www.suno.com.br\/noticias\/#\/schema\/logo\/image\/\"},\"sameAs\":[\"https:\/\/facebook.com\/sunoresearch\",\"https:\/\/x.com\/sunoresearch\",\"https:\/\/www.instagram.com\/suno\",\"https:\/\/www.linkedin.com\/company\/suno-research\/\",\"https:\/\/www.youtube.com\/c\/sunoresearch\"]},{\"@type\":\"Person\",\"@id\":\"https:\/\/www.suno.com.br\/noticias\/#\/schema\/person\/46d847cb19ad53fde0857adca989c23f\",\"name\":\"Vict\u00f3ria Anhesini\",\"image\":{\"@type\":\"ImageObject\",\"inLanguage\":\"pt-BR\",\"@id\":\"https:\/\/www.suno.com.br\/noticias\/#\/schema\/person\/image\/\",\"url\":\"https:\/\/secure.gravatar.com\/avatar\/0172bdfcd9129dd9dd68794804304e6e?s=96&r=g\",\"contentUrl\":\"https:\/\/secure.gravatar.com\/avatar\/0172bdfcd9129dd9dd68794804304e6e?s=96&r=g\",\"caption\":\"Vict\u00f3ria Anhesini\"},\"description\":\"Rep\u00f3rter no Suno Not\u00edcias, cobre mercados, neg\u00f3cios e economia, escrevendo majoritariamente sobre movimentos das empresas, cobertura de balan\u00e7os trimestrais e Bolsa de Valores. Formada em jornalismo pela Universidade Presbiteriana Mackenzie em 2019, passou pelo portal de economia e finan\u00e7as EuQueroInvestir como rep\u00f3rter e anteriormente, trabalhou na assessoria de imprensa PinePR, onde liderou com startups de inova\u00e7\u00e3o, tecnologia e finan\u00e7as. Em seu tempo livre, fala sobre m\u00fasica para ambos os sites do selo ForMusic, Wikimetal e Mad Sound, e faz trabalho volunt\u00e1rio no programa Escreve Cartas do Poupatempo.\",\"sameAs\":[\"https:\/\/www.linkedin.com\/in\/victoria-anhesini\/\"],\"url\":\"https:\/\/www.suno.com.br\/noticias\/author\/victoria\/\"}]}<\/script>\n<!-- \/ Yoast SEO plugin. -->","yoast_head_json":{"title":"Gol (GOLL4): demanda total por voos quase dobra em maio","description":"A Gol (GOLL4) divulgou nesta segunda-feira (6) que a demanda total de voos da companhia aumentou 97% em maio. Confira os demais n\u00fameros!","robots":{"index":"index","follow":"follow","max-snippet":"max-snippet:-1","max-image-preview":"max-image-preview:large","max-video-preview":"max-video-preview:-1"},"canonical":"https:\/\/www.suno.com.br\/noticias\/gol-goll4-aumento-demanda-maio\/","og_locale":"pt_BR","og_type":"article","og_title":"Gol (GOLL4): demanda total por voos quase dobra em maio","og_description":"A Gol (GOLL4) divulgou nesta segunda-feira (6) que a demanda total de voos da companhia aumentou 97% em maio. Confira os demais n\u00fameros!","og_url":"https:\/\/www.suno.com.br\/noticias\/gol-goll4-aumento-demanda-maio\/","og_site_name":"Suno Not\u00edcias","article_publisher":"https:\/\/facebook.com\/sunoresearch","og_image":[{"width":1200,"height":857,"url":"https:\/\/files.sunoresearch.com.br\/n\/uploads\/2021\/03\/b3df5165-gol-5.jpg","type":"image\/jpeg"}],"author":"Vict\u00f3ria Anhesini","twitter_card":"summary_large_image","twitter_creator":"@sunoresearch","twitter_site":"@sunoresearch","twitter_misc":{"Escrito por":"Vict\u00f3ria Anhesini","Est. tempo de leitura":"3 minutos"},"schema":{"@context":"https:\/\/schema.org","@graph":[{"@type":"NewsArticle","@id":"https:\/\/www.suno.com.br\/noticias\/gol-goll4-aumento-demanda-maio\/#article","isPartOf":{"@id":"https:\/\/www.suno.com.br\/noticias\/gol-goll4-aumento-demanda-maio\/"},"author":{"name":"Vict\u00f3ria Anhesini","@id":"https:\/\/www.suno.com.br\/noticias\/#\/schema\/person\/46d847cb19ad53fde0857adca989c23f"},"headline":"Gol (GOLL4): demanda total por voos quase dobra em maio","datePublished":"2022-06-06T17:57:11+00:00","mainEntityOfPage":{"@id":"https:\/\/www.suno.com.br\/noticias\/gol-goll4-aumento-demanda-maio\/"},"wordCount":631,"publisher":{"@id":"https:\/\/www.suno.com.br\/noticias\/#organization"},"image":{"@id":"https:\/\/www.suno.com.br\/noticias\/gol-goll4-aumento-demanda-maio\/#primaryimage"},"thumbnailUrl":"https:\/\/files.sunoresearch.com.br\/n\/uploads\/2021\/03\/b3df5165-gol-5-jpg.webp","keywords":["Gol Linhas A\u00e9reas (GOLL11\/GOLL4)"],"articleSection":["Neg\u00f3cios"],"inLanguage":"pt-BR"},{"@type":"WebPage","@id":"https:\/\/www.suno.com.br\/noticias\/gol-goll4-aumento-demanda-maio\/","url":"https:\/\/www.suno.com.br\/noticias\/gol-goll4-aumento-demanda-maio\/","name":"Gol (GOLL4): demanda total por voos quase dobra em maio","isPartOf":{"@id":"https:\/\/www.suno.com.br\/noticias\/#website"},"primaryImageOfPage":{"@id":"https:\/\/www.suno.com.br\/noticias\/gol-goll4-aumento-demanda-maio\/#primaryimage"},"image":{"@id":"https:\/\/www.suno.com.br\/noticias\/gol-goll4-aumento-demanda-maio\/#primaryimage"},"thumbnailUrl":"https:\/\/files.sunoresearch.com.br\/n\/uploads\/2021\/03\/b3df5165-gol-5-jpg.webp","datePublished":"2022-06-06T17:57:11+00:00","description":"A Gol (GOLL4) divulgou nesta segunda-feira (6) que a demanda total de voos da companhia aumentou 97% em maio. Confira os demais n\u00fameros!","breadcrumb":{"@id":"https:\/\/www.suno.com.br\/noticias\/gol-goll4-aumento-demanda-maio\/#breadcrumb"},"inLanguage":"pt-BR","potentialAction":[{"@type":"ReadAction","target":["https:\/\/www.suno.com.br\/noticias\/gol-goll4-aumento-demanda-maio\/"]}]},{"@type":"ImageObject","inLanguage":"pt-BR","@id":"https:\/\/www.suno.com.br\/noticias\/gol-goll4-aumento-demanda-maio\/#primaryimage","url":"https:\/\/files.sunoresearch.com.br\/n\/uploads\/2021\/03\/b3df5165-gol-5-jpg.webp","contentUrl":"https:\/\/files.sunoresearch.com.br\/n\/uploads\/2021\/03\/b3df5165-gol-5-jpg.webp","width":1200,"height":857,"caption":"Empresas a\u00e9reas. Foto: Divulga\u00e7\u00e3o\/Gol"},{"@type":"BreadcrumbList","@id":"https:\/\/www.suno.com.br\/noticias\/gol-goll4-aumento-demanda-maio\/#breadcrumb","itemListElement":[{"@type":"ListItem","position":1,"name":"Not\u00edcias","item":"https:\/\/www.suno.com.br\/noticias\/"},{"@type":"ListItem","position":2,"name":"Neg\u00f3cios","item":"https:\/\/www.suno.com.br\/noticias\/negocios\/"},{"@type":"ListItem","position":3,"name":"Gol (GOLL4): demanda total por voos quase dobra em maio"}]},{"@type":"WebSite","@id":"https:\/\/www.suno.com.br\/noticias\/#website","url":"https:\/\/www.suno.com.br\/noticias\/","name":"Suno Not\u00edcias","description":"Seu portal de informa\u00e7\u00e3o sobre o mundo dos investimentos","publisher":{"@id":"https:\/\/www.suno.com.br\/noticias\/#organization"},"potentialAction":[{"@type":"SearchAction","target":{"@type":"EntryPoint","urlTemplate":"https:\/\/www.suno.com.br\/noticias\/?s={search_term_string}"},"query-input":{"@type":"PropertyValueSpecification","valueRequired":true,"valueName":"search_term_string"}}],"inLanguage":"pt-BR"},{"@type":"Organization","@id":"https:\/\/www.suno.com.br\/noticias\/#organization","name":"Suno Not\u00edcias","url":"https:\/\/www.suno.com.br\/noticias\/","logo":{"@type":"ImageObject","inLanguage":"pt-BR","@id":"https:\/\/www.suno.com.br\/noticias\/#\/schema\/logo\/image\/","url":"https:\/\/files.sunoresearch.com.br\/n\/uploads\/2021\/09\/suno-logo.png","contentUrl":"https:\/\/files.sunoresearch.com.br\/n\/uploads\/2021\/09\/suno-logo.png","width":180,"height":180,"caption":"Suno Not\u00edcias"},"image":{"@id":"https:\/\/www.suno.com.br\/noticias\/#\/schema\/logo\/image\/"},"sameAs":["https:\/\/facebook.com\/sunoresearch","https:\/\/x.com\/sunoresearch","https:\/\/www.instagram.com\/suno","https:\/\/www.linkedin.com\/company\/suno-research\/","https:\/\/www.youtube.com\/c\/sunoresearch"]},{"@type":"Person","@id":"https:\/\/www.suno.com.br\/noticias\/#\/schema\/person\/46d847cb19ad53fde0857adca989c23f","name":"Vict\u00f3ria Anhesini","image":{"@type":"ImageObject","inLanguage":"pt-BR","@id":"https:\/\/www.suno.com.br\/noticias\/#\/schema\/person\/image\/","url":"https:\/\/secure.gravatar.com\/avatar\/0172bdfcd9129dd9dd68794804304e6e?s=96&r=g","contentUrl":"https:\/\/secure.gravatar.com\/avatar\/0172bdfcd9129dd9dd68794804304e6e?s=96&r=g","caption":"Vict\u00f3ria Anhesini"},"description":"Rep\u00f3rter no Suno Not\u00edcias, cobre mercados, neg\u00f3cios e economia, escrevendo majoritariamente sobre movimentos das empresas, cobertura de balan\u00e7os trimestrais e Bolsa de Valores. Formada em jornalismo pela Universidade Presbiteriana Mackenzie em 2019, passou pelo portal de economia e finan\u00e7as EuQueroInvestir como rep\u00f3rter e anteriormente, trabalhou na assessoria de imprensa PinePR, onde liderou com startups de inova\u00e7\u00e3o, tecnologia e finan\u00e7as. Em seu tempo livre, fala sobre m\u00fasica para ambos os sites do selo ForMusic, Wikimetal e Mad Sound, e faz trabalho volunt\u00e1rio no programa Escreve Cartas do Poupatempo.","sameAs":["https:\/\/www.linkedin.com\/in\/victoria-anhesini\/"],"url":"https:\/\/www.suno.com.br\/noticias\/author\/victoria\/"}]}},"default_loop_html":"<div class=\"cardsPage__listCard__boxs\"><div class=\"cardsPage__listCard__boxs__img\"><a href=\"https:\/\/www.suno.com.br\/noticias\/gol-goll4-aumento-demanda-maio\/\"><img class=\"mask\" src=\"https:\/\/www.suno.com.br\/noticias\/wp-content\/themes\/suno\/resources\/images\/spotlight\/spotlight1img\/bg-mask.png\" alt=\"Image Mask\"\/><img src=\"https:\/\/files.sunoresearch.com.br\/n\/uploads\/2021\/03\/b3df5165-gol-5-400x200.webp\" alt=\"Gol (GOLL4): demanda total por voos quase dobra em maio\"\/><\/a><span class=\"spotlightCategory\"><a href=\"https:\/\/www.suno.com.br\/noticias\/negocios\/\">Neg\u00f3cios<\/a><\/span><\/div><div class=\"cardsPage__listCard__boxs__content\"><a href=\"https:\/\/www.suno.com.br\/noticias\/gol-goll4-aumento-demanda-maio\/\"><h2 class=\"content__title\">Gol (GOLL4): demanda total por voos quase dobra em maio<\/h2><\/a><div class=\"newsContent__article__meta\"><div class=\"newsContent__article__meta__authorBox\"><a href=\"https:\/\/www.suno.com.br\/noticias\/author\/victoria\/\" class=\"authorBox__avatar noMobi\"><img src=\"https:\/\/files.sunoresearch.com.br\/n\/uploads\/2021\/12\/20190129VickyPINEAPPLE01-1-150x150.jpg\" alt=\"Vict\u00f3ria Anhesini\"><\/a><div class=\"authorBox__name\"><span>por\n\t\t\t<a href=\"https:\/\/www.suno.com.br\/noticias\/author\/victoria\/\"><span itemprop=\"author\">Vict\u00f3ria Anhesini<\/span><\/a><\/span><time datetime=\"2022-06-06T14:57:11-03:00\" itemprop=\"datePublished\">06\/06\/2022 14:57<\/time><\/div><\/div><\/div><\/div><\/div>","single_layout":"posts","amp_enabled":true,"_links":{"self":[{"href":"https:\/\/www.suno.com.br\/noticias\/wp-json\/wp\/v2\/posts\/264873"}],"collection":[{"href":"https:\/\/www.suno.com.br\/noticias\/wp-json\/wp\/v2\/posts"}],"about":[{"href":"https:\/\/www.suno.com.br\/noticias\/wp-json\/wp\/v2\/types\/post"}],"author":[{"embeddable":true,"href":"https:\/\/www.suno.com.br\/noticias\/wp-json\/wp\/v2\/users\/146"}],"replies":[{"embeddable":true,"href":"https:\/\/www.suno.com.br\/noticias\/wp-json\/wp\/v2\/comments?post=264873"}],"version-history":[{"count":3,"href":"https:\/\/www.suno.com.br\/noticias\/wp-json\/wp\/v2\/posts\/264873\/revisions"}],"predecessor-version":[{"id":264919,"href":"https:\/\/www.suno.com.br\/noticias\/wp-json\/wp\/v2\/posts\/264873\/revisions\/264919"}],"wp:featuredmedia":[{"embeddable":true,"href":"https:\/\/www.suno.com.br\/noticias\/wp-json\/wp\/v2\/media\/130273"}],"wp:attachment":[{"href":"https:\/\/www.suno.com.br\/noticias\/wp-json\/wp\/v2\/media?parent=264873"}],"wp:term":[{"taxonomy":"category","embeddable":true,"href":"https:\/\/www.suno.com.br\/noticias\/wp-json\/wp\/v2\/categories?post=264873"},{"taxonomy":"post_tag","embeddable":true,"href":"https:\/\/www.suno.com.br\/noticias\/wp-json\/wp\/v2\/tags?post=264873"},{"taxonomy":"suno_strategy","embeddable":true,"href":"https:\/\/www.suno.com.br\/noticias\/wp-json\/wp\/v2\/suno_strategy?post=264873"}],"curies":[{"name":"wp","href":"https:\/\/api.w.org\/{rel}","templated":true}]}}