{"id":264830,"date":"2022-06-06T19:40:39","date_gmt":"2022-06-06T22:40:39","guid":{"rendered":"https:\/\/www.suno.com.br\/noticias\/?p=264830"},"modified":"2022-06-06T19:40:39","modified_gmt":"2022-06-06T22:40:39","slug":"brasil-criou-196-966-novos-empregos","status":"publish","type":"post","link":"https:\/\/www.suno.com.br\/noticias\/brasil-criou-196-966-novos-empregos\/","title":{"rendered":"Brasil criou 196.966 novos empregos formais em abril"},"content":{"rendered":"<p>No m\u00eas de abril, o Brasil criou 196.966<strong> empregos com carteira assinada<\/strong> (formais). Este saldo se d\u00e1 em fun\u00e7\u00e3o de 1.854.557 admiss\u00f5es e de 1.657.591 desligamentos. os trabalhadores celetistas brasileiros estavam, no m\u00eas de abril, em 41.448.948 v\u00ednculos, o que, de acordo com os dados do balan\u00e7o do <a class=\"suno-keyword\" href=\"https:\/\/www.suno.com.br\/artigos\/caged\/\" target=\"_blank\" rel=\"noopener\" data-force=\"no\" data-priority=\"2\">Cadastro Geral de Empregados e Desempregados<\/a> (Novo Caged) que foram divulgados hoje, 6, representa uma alta de 0,48% na compara\u00e7\u00e3o com o m\u00eas anterior.<\/p>\t<div class=\"wrapper-featured-image\">\n\t\t<figure class=\"spotlightImg\">\n\n\t\t\t<picture>\n\t\t\t\t<source media=\"(max-width: 768px)\" srcset=\"https:\/\/files.sunoresearch.com.br\/n\/uploads\/2018\/11\/1f29b067-empregos-formais-400x200.webp\">\n\t\t\t\t<img loading=\"lazy\" decoding=\"async\" class=\"newsContent__article__imgCapa lazyloadDisabled \" src=\"https:\/\/files.sunoresearch.com.br\/n\/uploads\/2018\/11\/1f29b067-empregos-formais-800x450.webp\" width=\"800\" height=\"450\" alt=\"Brasil criou 196.966 novos empregos formais em abril\" fetchpriority=high \/>\n\t\t\t<\/picture>\n\n\t\t\t<figcaption class=\"wp-caption-text wp-caption-text--show\">Brasil cria 196.966 novos empregos formais em abril<\/figcaption>\n\t\t<\/figure>\n\t<\/div>\n\n\n\t<p>\n\t\t<a href=\"https:\/\/lp.suno.com.br\/ebook-como-analisar-uma-acao\/\" target=\"_blank\" data-element=\"shortcode-suno-banner\" title=\"Banner SUNO, clique e saiba mais\">\n\t\t\t<picture>\n\t\t\t\t<source media=\"(max-width: 500px)\" srcset=\"https:\/\/files.sunoresearch.com.br\/n\/uploads\/2023\/03\/Ebook-Acoes-Mobile-1.jpg\">\n\t\t\t\t<img class=\"newsContent__article__imgCapa newsContent__article__imgCapa--banner\"\n\t\t\t\t\tsrc=\"https:\/\/files.sunoresearch.com.br\/n\/uploads\/2023\/03\/Ebook-Acoes-Desktop-1.jpg\"\n\t\t\t\t\tdata-promo-id=\"171998\"\t\t\t\t\t\t\t\t\t\twidth='1420' height='286'\t\t\t\t\talt=\"https:\/\/files.sunoresearch.com.br\/n\/uploads\/2023\/03\/Ebook-Acoes-Desktop-1.jpg\"\n\t\t\t\t>\n\t\t\t<\/picture>\n\t\t<\/a>\n\t<\/p>\n\n\n<p>Segundo o Novo Caged, no acumulado de 2022 o saldo est\u00e1 em 770.593 empregos, n\u00famero que decorre de um total de 7.715.322 admiss\u00f5es e de 6.944.729 desligamentos. Este saldo \u00e9 3,6% menor do que o registrado no mesmo per\u00edodo do ano passado.<\/p>\n<p>Para o secret\u00e1rio-executivo do Minist\u00e9rio do Trabalho, Bruno Dalcolmo, esse saldo negativo \u201c\u00e9 testemunho de maior base; de um maior estoque de empregos&#8221;. Ele acrescenta: &#8220;\u00c9 natural que o percentual de crescimento diminua ao longo do tempo\u201d. No cen\u00e1rio de 2022, \u201cn\u00e3o h\u00e1 expectativa de que se gere o mesmo n\u00famero de empregos do ano passado, quando foram gerados mais de 2 milh\u00f5es de empregos&#8221;.<\/p>\n<p>Dalcolmo explica que 2021 foi um \u201chist\u00f3rico positivo\u201d resultante de fatores como a recupera\u00e7\u00e3o da economia ap\u00f3s a vacina\u00e7\u00e3o contra covid-19 e a atua\u00e7\u00e3o dos benef\u00edcios que visaram a manuten\u00e7\u00e3o do emprego e da renda. \u201cDito isso, a expectativa para 2022 \u00e9 bastante positiva, com cria\u00e7\u00e3o entre 1,5 milh\u00e3o e 2 milh\u00f5es de empregos [at\u00e9 o final do ano]\u201d.<\/p>\n<h2>Atividades econ\u00f4micas<\/h2>\n<p>Em quatro dos cinco grandes grupamentos de atividades econ\u00f4micas foram registrados saldos positivos em abril, com destaque para o setor de servi\u00e7os, que gerou 117.007 postos, distribu\u00eddo principalmente nas atividades de informa\u00e7\u00e3o, comunica\u00e7\u00e3o e atividades financeiras, imobili\u00e1rias, profissionais e administrativas.<\/p>\n<p>O com\u00e9rcio gerou 29.261 novos postos, enquanto a ind\u00fastria teve saldo de 26.378 postos concentrados principalmente na <a class=\"suno-keyword\" href=\"https:\/\/www.suno.com.br\/artigos\/industria-de-transformacao\/\" target=\"_blank\" rel=\"noopener\" data-force=\"no\" data-priority=\"1\">ind\u00fastria de transforma\u00e7\u00e3o<\/a> (saldo de 22.520 postos). O setor de constru\u00e7\u00e3o apresentou saldo de 25.341 postos.<\/p>\n<p>O setor da agricultura, pecu\u00e1ria, produ\u00e7\u00e3o florestal, pesca e aquicultura diminuiu o n\u00famero de empregos formais, com o n\u00famero de desligamentos (96.842) ficando maior do que o de admiss\u00f5es (95.820). O saldo, portanto, ficou negativo, com 1.021 empregos a menos.<\/p>\n\t<p>\n\t\t<a href=\"https:\/\/lp.suno.com.br\/planilha-controle-gastos\/\" target=\"_blank\" data-element=\"shortcode-suno-banner\" title=\"Banner SUNO, clique e saiba mais\">\n\t\t\t<picture>\n\t\t\t\t<source media=\"(max-width: 500px)\" srcset=\"https:\/\/files.sunoresearch.com.br\/n\/uploads\/2023\/03\/400x300-Planilha-controle-de-gastos.png\">\n\t\t\t\t<img class=\"newsContent__article__imgCapa newsContent__article__imgCapa--banner\"\n\t\t\t\t\tsrc=\"https:\/\/files.sunoresearch.com.br\/n\/uploads\/2023\/03\/1420x240-Planilha-controle-de-gastos.png\"\n\t\t\t\t\tdata-promo-id=\"101751\"\t\t\t\t\t\t\t\t\t\twidth='1420' height='240'\t\t\t\t\talt=\"https:\/\/files.sunoresearch.com.br\/n\/uploads\/2023\/03\/1420x240-Planilha-controle-de-gastos.png\"\n\t\t\t\t>\n\t\t\t<\/picture>\n\t\t<\/a>\n\t<\/p>\n\n\n<h2>Regi\u00f5es e estados<\/h2>\n<p>Todas as cinco regi\u00f5es brasileiras tiveram saldo positivo, com uma varia\u00e7\u00e3o entre 0,32% (Regi\u00e3o Sul, com 25.102 novos postos) e 0,72% (Regi\u00e3o Centro-Oeste, com 25.598 novos postos). Na Regi\u00e3o Sudeste foram criados 101.279 postos (alta de 0,48%, na compara\u00e7\u00e3o com o m\u00eas anterior); no Nordeste foram 29.813 novos postos (0,45%); e na Regi\u00e3o Norte foram 12.023 novos postos (0,62%).<\/p>\n<p>Entre as unidades federativas, S\u00e3o Paulo foi quem teve melhor saldo, com 53.818 novos postos (0,42% a mais, na compara\u00e7\u00e3o com mar\u00e7o); seguido do Rio de Janeiro, com 22.403 postos (0,69%); e de Minas Gerais, com 20.059 postos (0,46%).<\/p>\n<p>Segundo o Caged, duas unidades federativas apresentaram saldo negativo: Alagoas, que perdeu 181 postos de empregos formais, o que representa queda de 0,05%; e Pernambuco que diminuiu em 807 o saldo de empregos celetistas (-0,06%).<\/p>\n<p>Em termos relativos, o Amap\u00e1 foi o estado que registrou maior alta no estoque (1,04%, o que corresponde a um acr\u00e9scimo de 752 postos no saldo). Em segundo lugar est\u00e1 Goi\u00e1s (0,98%, com um saldo positivo de 13.166 postos).<\/p>\n<p>O <strong>sal\u00e1rio m\u00e9dio<\/strong> do pa\u00eds, registrado no momento de admiss\u00e3o no m\u00eas de abril estava em R$ 1.906,54. \u201cComparado ao m\u00eas anterior, houve acr\u00e9scimo real de R$ 15 no sal\u00e1rio m\u00e9dio de admiss\u00e3o, uma varia\u00e7\u00e3o em torno de 0,79%\u201d, detalha o Caged.<\/p>\n\t<p>\n\t\t<a href=\"https:\/\/lp.suno.com.br\/planilha-da-vida-financeira\/\" target=\"_blank\" data-element=\"shortcode-suno-banner\" title=\"Banner SUNO, clique e saiba mais\">\n\t\t\t<picture>\n\t\t\t\t<source media=\"(max-width: 500px)\" srcset=\"https:\/\/files.sunoresearch.com.br\/n\/uploads\/2023\/04\/400x300-Planilha-vida-financeira-true.png\">\n\t\t\t\t<img class=\"newsContent__article__imgCapa newsContent__article__imgCapa--banner\"\n\t\t\t\t\tsrc=\"https:\/\/files.sunoresearch.com.br\/n\/uploads\/2023\/04\/1420x240-Planilha-vida-financeira-true.png\"\n\t\t\t\t\tdata-promo-id=\"106682\"\t\t\t\t\t\t\t\t\t\twidth='1420' height='240'\t\t\t\t\talt=\"https:\/\/files.sunoresearch.com.br\/n\/uploads\/2023\/04\/1420x240-Planilha-vida-financeira-true.png\"\n\t\t\t\t>\n\t\t\t<\/picture>\n\t\t<\/a>\n\t<\/p>\n\n\n<h2>Trabalho Intermitente<\/h2>\n<p>O Novo Caged detalha tamb\u00e9m a situa\u00e7\u00e3o do trabalho intermitente no pa\u00eds, modelo adotado desde a reforma trabalhista implementada pelo governo Michel Temer. Neste tipo de contrato de trabalho, a presta\u00e7\u00e3o de servi\u00e7o n\u00e3o \u00e9 cont\u00ednua e pode ocorrer altern\u00e2ncia de per\u00edodos de presta\u00e7\u00e3o de servi\u00e7os e de inatividade.<\/p>\n<p>Segundo o Caged, em abril essa modalidade registrou 23.142 admiss\u00f5es e 15.486 desligamentos, gerando saldo de 7.656 empregos em 5.406 estabelecimentos contratantes. \u201cUm total de 202 empregados celebrou mais de um contrato na condi\u00e7\u00e3o de trabalhador intermitente\u201d.<\/p>\n<p>Os setores que mais contrataram trabalho intermitente foram os de servi\u00e7os (5.778 postos); constru\u00e7\u00e3o civil (888 postos); ind\u00fastria geral (600); e com\u00e9rcio (471). O de agropecu\u00e1ria apresentou saldo negativo (-81 postos).<\/p>\n\t<p>\n\t\t<a href=\"https:\/\/lp.suno.com.br\/planilha-de-controle-de-investimentos\/\" target=\"_blank\" data-element=\"shortcode-suno-banner\" title=\"Banner SUNO, clique e saiba mais\">\n\t\t\t<picture>\n\t\t\t\t<source media=\"(max-width: 500px)\" srcset=\"https:\/\/files.sunoresearch.com.br\/n\/uploads\/2023\/03\/400x300-Controle-de-Investimentos.png\">\n\t\t\t\t<img class=\"newsContent__article__imgCapa newsContent__article__imgCapa--banner\"\n\t\t\t\t\tsrc=\"https:\/\/files.sunoresearch.com.br\/n\/uploads\/2023\/03\/1420x240-Controle-de-Investimentos.png\"\n\t\t\t\t\tdata-promo-id=\"75934\"\t\t\t\t\t\t\t\t\t\twidth='1420' height='240'\t\t\t\t\talt=\"https:\/\/files.sunoresearch.com.br\/n\/uploads\/2023\/03\/1420x240-Controle-de-Investimentos.png\"\n\t\t\t\t>\n\t\t\t<\/picture>\n\t\t<\/a>\n\t<\/p>\n\n\n<h2>Trabalho em Regime de Tempo Parcial<\/h2>\n<p>Esta modalidade de contrato possibilita dura\u00e7\u00e3o que n\u00e3o exceda as 30 horas semanais, sem a possibilidade de horas suplementares semanais, ou, ainda, de dura\u00e7\u00e3o que n\u00e3o exceda a 26 horas semanais, com a possibilidade de acr\u00e9scimo de at\u00e9 seis horas suplementares semanais.<\/p>\n<p>Nesta modalidade, o saldo ficou em 4.738 novos postos, resultado de 20.863 admiss\u00f5es e 16.125 desligamentos, em 9.635 estabelecimentos contratantes.<\/p>\n<p>O setor de servi\u00e7os foi o que apresentou maior saldo, com 2.502 novos postos, seguido do com\u00e9rcio (1.516 postos), da ind\u00fastria geral (539 postos), constru\u00e7\u00e3o civil (141 postos) e agropecu\u00e1ria (40 postos).<\/p>\n<h2>Desligamentos acordados<\/h2>\n<p>Em abril, o total de desligamento mediante acordo entre empregador e <strong>empregado<\/strong> ficou em 17.783. O <strong>Caged<\/strong> acrescenta que houve 74 empregados que realizaram mais de um desligamento por meio de acordo com o empregador. O setor de servi\u00e7os registrou 8.425 desligamentos, enquanto o do com\u00e9rcio mostrou 3.938 demiss\u00f5es. O de ind\u00fastria geral respondeu por 3.241 desligamentos; o de constru\u00e7\u00e3o, por 1.532; e o de agropecu\u00e1ria, por 647 <strong>demiss\u00f5es<\/strong>.<\/p>\n\t<p>\n\t\t<a href=\"\" target=\"_blank\" data-element=\"shortcode-suno-banner\" title=\"Banner SUNO, clique e saiba mais\">\n\t\t\t<picture>\n\t\t\t\t<source media=\"(max-width: 500px)\" srcset=\"\">\n\t\t\t\t<img class=\"newsContent__article__imgCapa newsContent__article__imgCapa--banner\"\n\t\t\t\t\tsrc=\"\"\n\t\t\t\t\tdata-promo-id=\"240038\"\t\t\t\t\t\t\t\t\t\t\t\t\t\t\talt=\"\"\n\t\t\t\t>\n\t\t\t<\/picture>\n\t\t<\/a>\n\t<\/p>\n\n\n<p class=\"newsProviderSignature\"><em>Com informa\u00e7\u00f5es da Ag\u00eancia Brasil<\/em><\/p>\n","protected":false},"excerpt":{"rendered":"<p>No m\u00eas de abril, o Brasil criou 196.966 empregos com carteira assinada (formais). Este saldo se d\u00e1 em fun\u00e7\u00e3o de 1.854.557 admiss\u00f5es e de 1.657.591 desligamentos. os trabalhadores celetistas brasileiros estavam, no m\u00eas de abril, em 41.448.948 v\u00ednculos, o que, de acordo com os dados do balan\u00e7o do Cadastro Geral de Empregados e Desempregados (Novo [&hellip;]<\/p>\n","protected":false},"author":165,"featured_media":6593,"comment_status":"closed","ping_status":"closed","sticky":false,"template":"","format":"standard","meta":[],"categories":[62],"tags":[1296,1796],"suno_strategy":[],"class_list":["post-264830","post","type-post","status-publish","format-standard","has-post-thumbnail","hentry","category-economia","tag-desemprego","tag-emprego"],"yoast_head":"<!-- This site is optimized with the Yoast SEO plugin v24.4 - https:\/\/yoast.com\/wordpress\/plugins\/seo\/ -->\n<title>Brasil criou 196.966 novos empregos formais em abril<\/title>\n<meta name=\"description\" content=\"Segundo dados divulgados no Cadastro Geral de Empregados e Desempregados (Novo Caged) o Brasil criou 196.966 novos empregos formais em abril.\" \/>\n<meta name=\"robots\" content=\"index, follow, max-snippet:-1, max-image-preview:large, max-video-preview:-1\" \/>\n<link rel=\"canonical\" href=\"https:\/\/www.suno.com.br\/noticias\/brasil-criou-196-966-novos-empregos\/\" \/>\n<meta property=\"og:locale\" content=\"pt_BR\" \/>\n<meta property=\"og:type\" content=\"article\" \/>\n<meta property=\"og:title\" content=\"Brasil criou 196.966 novos empregos formais em abril\" \/>\n<meta property=\"og:description\" content=\"Segundo dados divulgados no Cadastro Geral de Empregados e Desempregados (Novo Caged) o Brasil criou 196.966 novos empregos formais em abril.\" \/>\n<meta property=\"og:url\" content=\"https:\/\/www.suno.com.br\/noticias\/brasil-criou-196-966-novos-empregos\/\" \/>\n<meta property=\"og:site_name\" content=\"Suno Not\u00edcias\" \/>\n<meta property=\"article:publisher\" content=\"https:\/\/facebook.com\/sunoresearch\" \/>\n<meta property=\"og:image\" content=\"https:\/\/files.sunoresearch.com.br\/n\/uploads\/2018\/11\/1f29b067-empregos-formais.jpg\" \/>\n\t<meta property=\"og:image:width\" content=\"2505\" \/>\n\t<meta property=\"og:image:height\" content=\"1772\" \/>\n\t<meta property=\"og:image:type\" content=\"image\/jpeg\" \/>\n<meta name=\"author\" content=\"Ana Carolina Cury\" \/>\n<meta name=\"twitter:card\" content=\"summary_large_image\" \/>\n<meta name=\"twitter:creator\" content=\"@sunoresearch\" \/>\n<meta name=\"twitter:site\" content=\"@sunoresearch\" \/>\n<meta name=\"twitter:label1\" content=\"Escrito por\" \/>\n\t<meta name=\"twitter:data1\" content=\"Ana Carolina Cury\" \/>\n\t<meta name=\"twitter:label2\" content=\"Est. tempo de leitura\" \/>\n\t<meta name=\"twitter:data2\" content=\"4 minutos\" \/>\n<script type=\"application\/ld+json\" class=\"yoast-schema-graph\">{\"@context\":\"https:\/\/schema.org\",\"@graph\":[{\"@type\":\"NewsArticle\",\"@id\":\"https:\/\/www.suno.com.br\/noticias\/brasil-criou-196-966-novos-empregos\/#article\",\"isPartOf\":{\"@id\":\"https:\/\/www.suno.com.br\/noticias\/brasil-criou-196-966-novos-empregos\/\"},\"author\":{\"name\":\"Ana Carolina Cury\",\"@id\":\"https:\/\/www.suno.com.br\/noticias\/#\/schema\/person\/23ade539a9b626a27a055a2cceccc1f9\"},\"headline\":\"Brasil criou 196.966 novos empregos formais em abril\",\"datePublished\":\"2022-06-06T22:40:39+00:00\",\"mainEntityOfPage\":{\"@id\":\"https:\/\/www.suno.com.br\/noticias\/brasil-criou-196-966-novos-empregos\/\"},\"wordCount\":911,\"publisher\":{\"@id\":\"https:\/\/www.suno.com.br\/noticias\/#organization\"},\"image\":{\"@id\":\"https:\/\/www.suno.com.br\/noticias\/brasil-criou-196-966-novos-empregos\/#primaryimage\"},\"thumbnailUrl\":\"https:\/\/files.sunoresearch.com.br\/n\/uploads\/2018\/11\/1f29b067-empregos-formais-jpg.webp\",\"keywords\":[\"Desemprego\",\"Emprego\"],\"articleSection\":[\"Economia\"],\"inLanguage\":\"pt-BR\"},{\"@type\":\"WebPage\",\"@id\":\"https:\/\/www.suno.com.br\/noticias\/brasil-criou-196-966-novos-empregos\/\",\"url\":\"https:\/\/www.suno.com.br\/noticias\/brasil-criou-196-966-novos-empregos\/\",\"name\":\"Brasil criou 196.966 novos empregos formais em abril\",\"isPartOf\":{\"@id\":\"https:\/\/www.suno.com.br\/noticias\/#website\"},\"primaryImageOfPage\":{\"@id\":\"https:\/\/www.suno.com.br\/noticias\/brasil-criou-196-966-novos-empregos\/#primaryimage\"},\"image\":{\"@id\":\"https:\/\/www.suno.com.br\/noticias\/brasil-criou-196-966-novos-empregos\/#primaryimage\"},\"thumbnailUrl\":\"https:\/\/files.sunoresearch.com.br\/n\/uploads\/2018\/11\/1f29b067-empregos-formais-jpg.webp\",\"datePublished\":\"2022-06-06T22:40:39+00:00\",\"description\":\"Segundo dados divulgados no Cadastro Geral de Empregados e Desempregados (Novo Caged) o Brasil criou 196.966 novos empregos formais em abril.\",\"breadcrumb\":{\"@id\":\"https:\/\/www.suno.com.br\/noticias\/brasil-criou-196-966-novos-empregos\/#breadcrumb\"},\"inLanguage\":\"pt-BR\",\"potentialAction\":[{\"@type\":\"ReadAction\",\"target\":[\"https:\/\/www.suno.com.br\/noticias\/brasil-criou-196-966-novos-empregos\/\"]}]},{\"@type\":\"ImageObject\",\"inLanguage\":\"pt-BR\",\"@id\":\"https:\/\/www.suno.com.br\/noticias\/brasil-criou-196-966-novos-empregos\/#primaryimage\",\"url\":\"https:\/\/files.sunoresearch.com.br\/n\/uploads\/2018\/11\/1f29b067-empregos-formais-jpg.webp\",\"contentUrl\":\"https:\/\/files.sunoresearch.com.br\/n\/uploads\/2018\/11\/1f29b067-empregos-formais-jpg.webp\",\"width\":2505,\"height\":1772,\"caption\":\"Brasil cria 196.966 novos empregos formais em abril\"},{\"@type\":\"BreadcrumbList\",\"@id\":\"https:\/\/www.suno.com.br\/noticias\/brasil-criou-196-966-novos-empregos\/#breadcrumb\",\"itemListElement\":[{\"@type\":\"ListItem\",\"position\":1,\"name\":\"Not\u00edcias\",\"item\":\"https:\/\/www.suno.com.br\/noticias\/\"},{\"@type\":\"ListItem\",\"position\":2,\"name\":\"Economia\",\"item\":\"https:\/\/www.suno.com.br\/noticias\/economia\/\"},{\"@type\":\"ListItem\",\"position\":3,\"name\":\"Brasil criou 196.966 novos empregos formais em abril\"}]},{\"@type\":\"WebSite\",\"@id\":\"https:\/\/www.suno.com.br\/noticias\/#website\",\"url\":\"https:\/\/www.suno.com.br\/noticias\/\",\"name\":\"Suno Not\u00edcias\",\"description\":\"Seu portal de informa\u00e7\u00e3o sobre o mundo dos investimentos\",\"publisher\":{\"@id\":\"https:\/\/www.suno.com.br\/noticias\/#organization\"},\"potentialAction\":[{\"@type\":\"SearchAction\",\"target\":{\"@type\":\"EntryPoint\",\"urlTemplate\":\"https:\/\/www.suno.com.br\/noticias\/?s={search_term_string}\"},\"query-input\":{\"@type\":\"PropertyValueSpecification\",\"valueRequired\":true,\"valueName\":\"search_term_string\"}}],\"inLanguage\":\"pt-BR\"},{\"@type\":\"Organization\",\"@id\":\"https:\/\/www.suno.com.br\/noticias\/#organization\",\"name\":\"Suno Not\u00edcias\",\"url\":\"https:\/\/www.suno.com.br\/noticias\/\",\"logo\":{\"@type\":\"ImageObject\",\"inLanguage\":\"pt-BR\",\"@id\":\"https:\/\/www.suno.com.br\/noticias\/#\/schema\/logo\/image\/\",\"url\":\"https:\/\/files.sunoresearch.com.br\/n\/uploads\/2021\/09\/suno-logo.png\",\"contentUrl\":\"https:\/\/files.sunoresearch.com.br\/n\/uploads\/2021\/09\/suno-logo.png\",\"width\":180,\"height\":180,\"caption\":\"Suno Not\u00edcias\"},\"image\":{\"@id\":\"https:\/\/www.suno.com.br\/noticias\/#\/schema\/logo\/image\/\"},\"sameAs\":[\"https:\/\/facebook.com\/sunoresearch\",\"https:\/\/x.com\/sunoresearch\",\"https:\/\/www.instagram.com\/suno\",\"https:\/\/www.linkedin.com\/company\/suno-research\/\",\"https:\/\/www.youtube.com\/c\/sunoresearch\"]},{\"@type\":\"Person\",\"@id\":\"https:\/\/www.suno.com.br\/noticias\/#\/schema\/person\/23ade539a9b626a27a055a2cceccc1f9\",\"name\":\"Ana Carolina Cury\",\"image\":{\"@type\":\"ImageObject\",\"inLanguage\":\"pt-BR\",\"@id\":\"https:\/\/www.suno.com.br\/noticias\/#\/schema\/person\/image\/\",\"url\":\"https:\/\/secure.gravatar.com\/avatar\/a3c7bae536b759b9ed2f07b5df9995e1?s=96&r=g\",\"contentUrl\":\"https:\/\/secure.gravatar.com\/avatar\/a3c7bae536b759b9ed2f07b5df9995e1?s=96&r=g\",\"caption\":\"Ana Carolina Cury\"},\"description\":\"Estagi\u00e1ria de Reda\u00e7\u00e3o, cobre mercado financeiro, macroeconomia, pol\u00edtica e neg\u00f3cios. Estudante de jornalismo na FAAP, \u00e9 monitora do laborat\u00f3rio de jornalismo da faculdade (LabJor) e trabalhou com a Band News no projeto primeira not\u00edcia em parceria com a FAAP.\",\"url\":\"https:\/\/www.suno.com.br\/noticias\/author\/ana-curysuno-com-br\/\"}]}<\/script>\n<!-- \/ Yoast SEO plugin. -->","yoast_head_json":{"title":"Brasil criou 196.966 novos empregos formais em abril","description":"Segundo dados divulgados no Cadastro Geral de Empregados e Desempregados (Novo Caged) o Brasil criou 196.966 novos empregos formais em abril.","robots":{"index":"index","follow":"follow","max-snippet":"max-snippet:-1","max-image-preview":"max-image-preview:large","max-video-preview":"max-video-preview:-1"},"canonical":"https:\/\/www.suno.com.br\/noticias\/brasil-criou-196-966-novos-empregos\/","og_locale":"pt_BR","og_type":"article","og_title":"Brasil criou 196.966 novos empregos formais em abril","og_description":"Segundo dados divulgados no Cadastro Geral de Empregados e Desempregados (Novo Caged) o Brasil criou 196.966 novos empregos formais em abril.","og_url":"https:\/\/www.suno.com.br\/noticias\/brasil-criou-196-966-novos-empregos\/","og_site_name":"Suno Not\u00edcias","article_publisher":"https:\/\/facebook.com\/sunoresearch","og_image":[{"width":2505,"height":1772,"url":"https:\/\/files.sunoresearch.com.br\/n\/uploads\/2018\/11\/1f29b067-empregos-formais.jpg","type":"image\/jpeg"}],"author":"Ana Carolina Cury","twitter_card":"summary_large_image","twitter_creator":"@sunoresearch","twitter_site":"@sunoresearch","twitter_misc":{"Escrito por":"Ana Carolina Cury","Est. tempo de leitura":"4 minutos"},"schema":{"@context":"https:\/\/schema.org","@graph":[{"@type":"NewsArticle","@id":"https:\/\/www.suno.com.br\/noticias\/brasil-criou-196-966-novos-empregos\/#article","isPartOf":{"@id":"https:\/\/www.suno.com.br\/noticias\/brasil-criou-196-966-novos-empregos\/"},"author":{"name":"Ana Carolina Cury","@id":"https:\/\/www.suno.com.br\/noticias\/#\/schema\/person\/23ade539a9b626a27a055a2cceccc1f9"},"headline":"Brasil criou 196.966 novos empregos formais em abril","datePublished":"2022-06-06T22:40:39+00:00","mainEntityOfPage":{"@id":"https:\/\/www.suno.com.br\/noticias\/brasil-criou-196-966-novos-empregos\/"},"wordCount":911,"publisher":{"@id":"https:\/\/www.suno.com.br\/noticias\/#organization"},"image":{"@id":"https:\/\/www.suno.com.br\/noticias\/brasil-criou-196-966-novos-empregos\/#primaryimage"},"thumbnailUrl":"https:\/\/files.sunoresearch.com.br\/n\/uploads\/2018\/11\/1f29b067-empregos-formais-jpg.webp","keywords":["Desemprego","Emprego"],"articleSection":["Economia"],"inLanguage":"pt-BR"},{"@type":"WebPage","@id":"https:\/\/www.suno.com.br\/noticias\/brasil-criou-196-966-novos-empregos\/","url":"https:\/\/www.suno.com.br\/noticias\/brasil-criou-196-966-novos-empregos\/","name":"Brasil criou 196.966 novos empregos formais em abril","isPartOf":{"@id":"https:\/\/www.suno.com.br\/noticias\/#website"},"primaryImageOfPage":{"@id":"https:\/\/www.suno.com.br\/noticias\/brasil-criou-196-966-novos-empregos\/#primaryimage"},"image":{"@id":"https:\/\/www.suno.com.br\/noticias\/brasil-criou-196-966-novos-empregos\/#primaryimage"},"thumbnailUrl":"https:\/\/files.sunoresearch.com.br\/n\/uploads\/2018\/11\/1f29b067-empregos-formais-jpg.webp","datePublished":"2022-06-06T22:40:39+00:00","description":"Segundo dados divulgados no Cadastro Geral de Empregados e Desempregados (Novo Caged) o Brasil criou 196.966 novos empregos formais em abril.","breadcrumb":{"@id":"https:\/\/www.suno.com.br\/noticias\/brasil-criou-196-966-novos-empregos\/#breadcrumb"},"inLanguage":"pt-BR","potentialAction":[{"@type":"ReadAction","target":["https:\/\/www.suno.com.br\/noticias\/brasil-criou-196-966-novos-empregos\/"]}]},{"@type":"ImageObject","inLanguage":"pt-BR","@id":"https:\/\/www.suno.com.br\/noticias\/brasil-criou-196-966-novos-empregos\/#primaryimage","url":"https:\/\/files.sunoresearch.com.br\/n\/uploads\/2018\/11\/1f29b067-empregos-formais-jpg.webp","contentUrl":"https:\/\/files.sunoresearch.com.br\/n\/uploads\/2018\/11\/1f29b067-empregos-formais-jpg.webp","width":2505,"height":1772,"caption":"Brasil cria 196.966 novos empregos formais em abril"},{"@type":"BreadcrumbList","@id":"https:\/\/www.suno.com.br\/noticias\/brasil-criou-196-966-novos-empregos\/#breadcrumb","itemListElement":[{"@type":"ListItem","position":1,"name":"Not\u00edcias","item":"https:\/\/www.suno.com.br\/noticias\/"},{"@type":"ListItem","position":2,"name":"Economia","item":"https:\/\/www.suno.com.br\/noticias\/economia\/"},{"@type":"ListItem","position":3,"name":"Brasil criou 196.966 novos empregos formais em abril"}]},{"@type":"WebSite","@id":"https:\/\/www.suno.com.br\/noticias\/#website","url":"https:\/\/www.suno.com.br\/noticias\/","name":"Suno Not\u00edcias","description":"Seu portal de informa\u00e7\u00e3o sobre o mundo dos investimentos","publisher":{"@id":"https:\/\/www.suno.com.br\/noticias\/#organization"},"potentialAction":[{"@type":"SearchAction","target":{"@type":"EntryPoint","urlTemplate":"https:\/\/www.suno.com.br\/noticias\/?s={search_term_string}"},"query-input":{"@type":"PropertyValueSpecification","valueRequired":true,"valueName":"search_term_string"}}],"inLanguage":"pt-BR"},{"@type":"Organization","@id":"https:\/\/www.suno.com.br\/noticias\/#organization","name":"Suno Not\u00edcias","url":"https:\/\/www.suno.com.br\/noticias\/","logo":{"@type":"ImageObject","inLanguage":"pt-BR","@id":"https:\/\/www.suno.com.br\/noticias\/#\/schema\/logo\/image\/","url":"https:\/\/files.sunoresearch.com.br\/n\/uploads\/2021\/09\/suno-logo.png","contentUrl":"https:\/\/files.sunoresearch.com.br\/n\/uploads\/2021\/09\/suno-logo.png","width":180,"height":180,"caption":"Suno Not\u00edcias"},"image":{"@id":"https:\/\/www.suno.com.br\/noticias\/#\/schema\/logo\/image\/"},"sameAs":["https:\/\/facebook.com\/sunoresearch","https:\/\/x.com\/sunoresearch","https:\/\/www.instagram.com\/suno","https:\/\/www.linkedin.com\/company\/suno-research\/","https:\/\/www.youtube.com\/c\/sunoresearch"]},{"@type":"Person","@id":"https:\/\/www.suno.com.br\/noticias\/#\/schema\/person\/23ade539a9b626a27a055a2cceccc1f9","name":"Ana Carolina Cury","image":{"@type":"ImageObject","inLanguage":"pt-BR","@id":"https:\/\/www.suno.com.br\/noticias\/#\/schema\/person\/image\/","url":"https:\/\/secure.gravatar.com\/avatar\/a3c7bae536b759b9ed2f07b5df9995e1?s=96&r=g","contentUrl":"https:\/\/secure.gravatar.com\/avatar\/a3c7bae536b759b9ed2f07b5df9995e1?s=96&r=g","caption":"Ana Carolina Cury"},"description":"Estagi\u00e1ria de Reda\u00e7\u00e3o, cobre mercado financeiro, macroeconomia, pol\u00edtica e neg\u00f3cios. Estudante de jornalismo na FAAP, \u00e9 monitora do laborat\u00f3rio de jornalismo da faculdade (LabJor) e trabalhou com a Band News no projeto primeira not\u00edcia em parceria com a FAAP.","url":"https:\/\/www.suno.com.br\/noticias\/author\/ana-curysuno-com-br\/"}]}},"default_loop_html":"<div class=\"cardsPage__listCard__boxs\"><div class=\"cardsPage__listCard__boxs__img\"><a href=\"https:\/\/www.suno.com.br\/noticias\/brasil-criou-196-966-novos-empregos\/\"><img class=\"mask\" src=\"https:\/\/www.suno.com.br\/noticias\/wp-content\/themes\/suno\/resources\/images\/spotlight\/spotlight1img\/bg-mask.png\" alt=\"Image Mask\"\/><img src=\"https:\/\/files.sunoresearch.com.br\/n\/uploads\/2018\/11\/1f29b067-empregos-formais-400x200.webp\" alt=\"Brasil criou 196.966 novos empregos formais em abril\"\/><\/a><span class=\"spotlightCategory\"><a href=\"https:\/\/www.suno.com.br\/noticias\/economia\/\">Economia<\/a><\/span><\/div><div class=\"cardsPage__listCard__boxs__content\"><a href=\"https:\/\/www.suno.com.br\/noticias\/brasil-criou-196-966-novos-empregos\/\"><h2 class=\"content__title\">Brasil criou 196.966 novos empregos formais em abril<\/h2><\/a><div class=\"newsContent__article__meta\"><div class=\"newsContent__article__meta__authorBox\"><a href=\"https:\/\/www.suno.com.br\/noticias\/author\/ana-curysuno-com-br\/\" class=\"authorBox__avatar noMobi\"><img src=\"https:\/\/files.sunoresearch.com.br\/n\/uploads\/2022\/04\/IMG-9970-1-150x150.jpg\" alt=\"Ana Carolina Cury\"><\/a><div class=\"authorBox__name\"><span>por\n\t\t\t<a href=\"https:\/\/www.suno.com.br\/noticias\/author\/ana-curysuno-com-br\/\"><span itemprop=\"author\">Ana Carolina Cury<\/span><\/a><\/span><time datetime=\"2022-06-06T19:40:39-03:00\" itemprop=\"datePublished\">06\/06\/2022 19:40<\/time><\/div><\/div><\/div><\/div><\/div>","single_layout":"posts","amp_enabled":true,"_links":{"self":[{"href":"https:\/\/www.suno.com.br\/noticias\/wp-json\/wp\/v2\/posts\/264830"}],"collection":[{"href":"https:\/\/www.suno.com.br\/noticias\/wp-json\/wp\/v2\/posts"}],"about":[{"href":"https:\/\/www.suno.com.br\/noticias\/wp-json\/wp\/v2\/types\/post"}],"author":[{"embeddable":true,"href":"https:\/\/www.suno.com.br\/noticias\/wp-json\/wp\/v2\/users\/165"}],"replies":[{"embeddable":true,"href":"https:\/\/www.suno.com.br\/noticias\/wp-json\/wp\/v2\/comments?post=264830"}],"version-history":[{"count":4,"href":"https:\/\/www.suno.com.br\/noticias\/wp-json\/wp\/v2\/posts\/264830\/revisions"}],"predecessor-version":[{"id":265081,"href":"https:\/\/www.suno.com.br\/noticias\/wp-json\/wp\/v2\/posts\/264830\/revisions\/265081"}],"wp:featuredmedia":[{"embeddable":true,"href":"https:\/\/www.suno.com.br\/noticias\/wp-json\/wp\/v2\/media\/6593"}],"wp:attachment":[{"href":"https:\/\/www.suno.com.br\/noticias\/wp-json\/wp\/v2\/media?parent=264830"}],"wp:term":[{"taxonomy":"category","embeddable":true,"href":"https:\/\/www.suno.com.br\/noticias\/wp-json\/wp\/v2\/categories?post=264830"},{"taxonomy":"post_tag","embeddable":true,"href":"https:\/\/www.suno.com.br\/noticias\/wp-json\/wp\/v2\/tags?post=264830"},{"taxonomy":"suno_strategy","embeddable":true,"href":"https:\/\/www.suno.com.br\/noticias\/wp-json\/wp\/v2\/suno_strategy?post=264830"}],"curies":[{"name":"wp","href":"https:\/\/api.w.org\/{rel}","templated":true}]}}