{"id":264698,"date":"2022-06-06T09:01:58","date_gmt":"2022-06-06T12:01:58","guid":{"rendered":"https:\/\/www.suno.com.br\/noticias\/?p=264698"},"modified":"2022-06-06T09:01:58","modified_gmt":"2022-06-06T12:01:58","slug":"furnas-assembleia-privatizacao-eletrobras-elet3","status":"publish","type":"post","link":"https:\/\/www.suno.com.br\/noticias\/furnas-assembleia-privatizacao-eletrobras-elet3\/","title":{"rendered":"Suspens\u00e3o da assembleia de Furnas pode afetar oferta de a\u00e7\u00f5es da Eletrobras (ELET3)"},"content":{"rendered":"<p>A <a class=\"suno-keyword\" href=\"https:\/\/www.suno.com.br\/artigos\/assembleia-de-debenturistas\/\" target=\"_blank\" rel=\"noopener\" data-force=\"no\" data-priority=\"1\">assembleia de debenturistas<\/a> de Furnas prevista para esta segunda-feira (6) foi suspensa por uma decis\u00e3o do Tribunal de Justi\u00e7a do Estado do Rio de Janeiro(TJ-RJ). A ju\u00edza do plant\u00e3o judicial, Isabel Teresa Pinto Coelho Diniz, concedeu neste domingo (5), uma tutela provis\u00f3ria de urg\u00eancia atendendo a um pedido da Associa\u00e7\u00e3o dos Empregados de Furnas (Asef), em a\u00e7\u00e3o que apontava uma s\u00e9rie de supostas irregularidades cometidas pela companhia. Entre elas, estariam a quebra de contrato de deb\u00eantures e a viola\u00e7\u00e3o de regras sobre prazos. A disputa judicial pode afetar a oferta p\u00fablica de a\u00e7\u00f5es da <a class=\"suno-keyword\" href=\"https:\/\/www.suno.com.br\/acoes\/ELET3\/\" target=\"_blank\" rel=\"noopener\" data-force=\"yes\" data-priority=\"2\"><strong>Eletrobras<\/strong> (ELET3)<\/a>, que tem como objetivo a privatiza\u00e7\u00e3o da estatal.<\/p>\t<div class=\"wrapper-featured-image\">\n\t\t<figure class=\"spotlightImg\">\n\n\t\t\t<picture>\n\t\t\t\t<source media=\"(max-width: 768px)\" srcset=\"https:\/\/files.sunoresearch.com.br\/n\/uploads\/2021\/01\/d1cd4c0e-eletrobras_easy-resize.com_-400x200.webp\">\n\t\t\t\t<img loading=\"lazy\" decoding=\"async\" class=\"newsContent__article__imgCapa lazyloadDisabled \" src=\"https:\/\/files.sunoresearch.com.br\/n\/uploads\/2021\/01\/d1cd4c0e-eletrobras_easy-resize.com_-800x450.webp\" width=\"800\" height=\"450\" alt=\"Suspens\u00e3o da assembleia de Furnas pode afetar oferta de a\u00e7\u00f5es da Eletrobras (ELET3)\" fetchpriority=high \/>\n\t\t\t<\/picture>\n\n\t\t\t<figcaption class=\"wp-caption-text wp-caption-text--show\">Eletrobras (Foto: Reprodu\u00e7\u00e3o)<\/figcaption>\n\t\t<\/figure>\n\t<\/div>\n\n\n\t<p>\n\t\t<a href=\"https:\/\/lp.suno.com.br\/planilha-controle-gastos\/\" target=\"_blank\" data-element=\"shortcode-suno-banner\" title=\"Banner SUNO, clique e saiba mais\">\n\t\t\t<picture>\n\t\t\t\t<source media=\"(max-width: 500px)\" srcset=\"https:\/\/files.sunoresearch.com.br\/n\/uploads\/2023\/03\/400x300-Planilha-controle-de-gastos.png\">\n\t\t\t\t<img class=\"newsContent__article__imgCapa newsContent__article__imgCapa--banner\"\n\t\t\t\t\tsrc=\"https:\/\/files.sunoresearch.com.br\/n\/uploads\/2023\/03\/1420x240-Planilha-controle-de-gastos.png\"\n\t\t\t\t\tdata-promo-id=\"101751\"\t\t\t\t\t\t\t\t\t\twidth='1420' height='240'\t\t\t\t\talt=\"https:\/\/files.sunoresearch.com.br\/n\/uploads\/2023\/03\/1420x240-Planilha-controle-de-gastos.png\"\n\t\t\t\t>\n\t\t\t<\/picture>\n\t\t<\/a>\n\t<\/p>\n\n\n<p>A ju\u00edza acolheu o argumento da a\u00e7\u00e3o movida pela Asef de que houve &#8220;viola\u00e7\u00e3o do dever de informa\u00e7\u00e3o aos debenturistas convocados quanto \u00e0 delibera\u00e7\u00e3o de &#8216;waiver&#8217; pr\u00e9vio para permitir o aumento do capital na subsidi\u00e1ria Madeira Energia S.A.&#8221;. \u00c9 v\u00e1lido lembrar que a <strong>Furnas<\/strong> \u00e9 subsidi\u00e1ria da Eletrobras.<\/p>\n<p>A decis\u00e3o menciona o direito de exerc\u00edcio de voto pelo debenturista e que o aporte &#8220;de R$ 681.446.626,81, sem aprova\u00e7\u00e3o da Assembleia Geral de Debenturistas&#8221; poderia &#8220;vir a caracterizar o rompimento do contrato de deb\u00eantures&#8221;.<\/p>\n<p>&#8220;Quanto ao receio de perigo de dano, este decorre do fato que os debenturistas minorit\u00e1rios podem ser lesados em raz\u00e3o do mencionado conflito de interesses&#8221;, escreveu a ju\u00edza, na decis\u00e3o. &#8220;Ressalte-se, que a presente decis\u00e3o n\u00e3o implica em qualquer irreversibilidade concreta, uma vez que nova Assembleia de Debenturista pode ser futuramente designada.&#8221;, acrescentou.<\/p>\n\t<p>\n\t\t<a href=\"\" target=\"_blank\" data-element=\"shortcode-suno-banner\" title=\"Banner SUNO, clique e saiba mais\">\n\t\t\t<picture>\n\t\t\t\t<source media=\"(max-width: 500px)\" srcset=\"\">\n\t\t\t\t<img class=\"newsContent__article__imgCapa newsContent__article__imgCapa--banner\"\n\t\t\t\t\tsrc=\"\"\n\t\t\t\t\tdata-promo-id=\"138420\"\t\t\t\t\t\t\t\t\t\t\t\t\t\t\talt=\"\"\n\t\t\t\t>\n\t\t\t<\/picture>\n\t\t<\/a>\n\t<\/p>\n\n\n<p>&#8220;Existe um <a class=\"suno-keyword\" href=\"https:\/\/www.suno.com.br\/artigos\/acordo-de-acionistas\/\" target=\"_blank\" rel=\"noopener\" data-force=\"no\" data-priority=\"1\">acordo de acionistas<\/a> vigente&#8221;, afirmou o advogado Fernando Luis Coelho Antunes, que representa a Asef, ao jornal O Estado de S.Paulo. &#8220;A assembleia est\u00e1 suspensa justamente em virtude de irregularidades&#8221;, completou.<\/p>\n<p>Na decis\u00e3o do Judici\u00e1rio, a magistrada determina que a Assembleia de Debenturista de Furnas est\u00e1 suspensa &#8220;at\u00e9 que o Juiz Natural analise a regularidade dos v\u00edcios arguidos pelo parte autora para realiza\u00e7\u00e3o da segunda assembleia geral de debenturistas de Furnas&#8221;.<\/p>\n<p>No \u00faltimo dia 3, o jornal apurou que o aporte milion\u00e1rio feito por Furnas na Madeira Energia (Mesa), em decorr\u00eancia do exerc\u00edcio de sua prefer\u00eancia no <a class=\"suno-keyword\" href=\"https:\/\/www.suno.com.br\/artigos\/aumento-capital\/\" target=\"_blank\" rel=\"noopener\" data-force=\"no\" data-priority=\"1\">aumento de capital<\/a> pela companhia, foi realizado antes da assembleia de debenturistas para evitar acelera\u00e7\u00e3o de d\u00edvidas da Hidrel\u00e9trica de Santo Ant\u00f4nio e a execu\u00e7\u00e3o de garantias dadas pela Eletrobras. O exerc\u00edcio do direito de prefer\u00eancia e integraliza\u00e7\u00e3o deveria ser feito at\u00e9 31 de maio, conforme acordado pelo <a class=\"suno-keyword\" href=\"https:\/\/www.suno.com.br\/artigos\/conselho-administracao\/\" target=\"_blank\" rel=\"noopener\" data-force=\"no\" data-priority=\"1\">conselho de administra\u00e7\u00e3o<\/a> de<strong> Furnas e Eletrobras<\/strong>, que a controla. Mas, ao mesmo tempo, precisaria de aprova\u00e7\u00e3o dos debenturistas.<\/p>\n<p>A <strong>Eletrobras<\/strong>, por sua vez, tem de ter toda solucionada a quest\u00e3o relacionada \u00e0 subscri\u00e7\u00e3o de Furnas em Mesa &#8211; e sua aprova\u00e7\u00e3o pelos debenturistas de Furnas -, para seguir adiante com a oferta de at\u00e9 R$ 35 bilh\u00f5es que resultar\u00e1 na privatiza\u00e7\u00e3o da el\u00e9trica. Essa \u00e9 uma condi\u00e7\u00e3o prevista no prospecto da oferta, que se n\u00e3o cumprida, cancela a opera\u00e7\u00e3o.<\/p>\n<p class=\"newsProviderSignature\"><em>(Com informa\u00e7\u00f5es do Estad\u00e3o Conte\u00fado)<\/em><\/p>\n\t<p>\n\t\t<a href=\"https:\/\/lp.suno.com.br\/planilha-de-controle-de-investimentos\/\" target=\"_blank\" data-element=\"shortcode-suno-banner\" title=\"Banner SUNO, clique e saiba mais\">\n\t\t\t<picture>\n\t\t\t\t<source media=\"(max-width: 500px)\" srcset=\"https:\/\/files.sunoresearch.com.br\/n\/uploads\/2023\/03\/400x300-Controle-de-Investimentos.png\">\n\t\t\t\t<img class=\"newsContent__article__imgCapa newsContent__article__imgCapa--banner\"\n\t\t\t\t\tsrc=\"https:\/\/files.sunoresearch.com.br\/n\/uploads\/2023\/03\/1420x240-Controle-de-Investimentos.png\"\n\t\t\t\t\tdata-promo-id=\"75934\"\t\t\t\t\t\t\t\t\t\twidth='1420' height='240'\t\t\t\t\talt=\"https:\/\/files.sunoresearch.com.br\/n\/uploads\/2023\/03\/1420x240-Controle-de-Investimentos.png\"\n\t\t\t\t>\n\t\t\t<\/picture>\n\t\t<\/a>\n\t<\/p>\n\n\n","protected":false},"excerpt":{"rendered":"<p>A assembleia de debenturistas de Furnas prevista para esta segunda-feira (6) foi suspensa por uma decis\u00e3o do Tribunal de Justi\u00e7a do Estado do Rio de Janeiro(TJ-RJ). A ju\u00edza do plant\u00e3o judicial, Isabel Teresa Pinto Coelho Diniz, concedeu neste domingo (5), uma tutela provis\u00f3ria de urg\u00eancia atendendo a um pedido da Associa\u00e7\u00e3o dos Empregados de Furnas [&hellip;]<\/p>\n","protected":false},"author":15,"featured_media":117382,"comment_status":"closed","ping_status":"closed","sticky":false,"template":"","format":"standard","meta":[],"categories":[64],"tags":[455],"suno_strategy":[],"class_list":["post-264698","post","type-post","status-publish","format-standard","has-post-thumbnail","hentry","category-negocios","tag-eletrobras-elet3-elet5-elet6"],"yoast_head":"<!-- This site is optimized with the Yoast SEO plugin v24.4 - https:\/\/yoast.com\/wordpress\/plugins\/seo\/ -->\n<title>Suspens\u00e3o da assembleia de Furnas pode afetar oferta de a\u00e7\u00f5es da Eletrobras (ELET3)<\/title>\n<meta name=\"description\" content=\"A disputa judicial de Furnas pode afetar a oferta de a\u00e7\u00f5es da Eletrobras (ELET3), que tem como objetivo a privatiza\u00e7\u00e3o da estatal. Veja\" \/>\n<meta name=\"robots\" content=\"index, follow, max-snippet:-1, max-image-preview:large, max-video-preview:-1\" \/>\n<link rel=\"canonical\" href=\"https:\/\/www.suno.com.br\/noticias\/furnas-assembleia-privatizacao-eletrobras-elet3\/\" \/>\n<meta property=\"og:locale\" content=\"pt_BR\" \/>\n<meta property=\"og:type\" content=\"article\" \/>\n<meta property=\"og:title\" content=\"Suspens\u00e3o da assembleia de Furnas pode afetar oferta de a\u00e7\u00f5es da Eletrobras (ELET3)\" \/>\n<meta property=\"og:description\" content=\"A disputa judicial de Furnas pode afetar a oferta de a\u00e7\u00f5es da Eletrobras (ELET3), que tem como objetivo a privatiza\u00e7\u00e3o da estatal. Veja\" \/>\n<meta property=\"og:url\" content=\"https:\/\/www.suno.com.br\/noticias\/furnas-assembleia-privatizacao-eletrobras-elet3\/\" \/>\n<meta property=\"og:site_name\" content=\"Suno Not\u00edcias\" \/>\n<meta property=\"article:publisher\" content=\"https:\/\/facebook.com\/sunoresearch\" \/>\n<meta property=\"og:image\" content=\"https:\/\/files.sunoresearch.com.br\/n\/uploads\/2021\/01\/d1cd4c0e-eletrobras_easy-resize.com_.jpg\" \/>\n\t<meta property=\"og:image:width\" content=\"1280\" \/>\n\t<meta property=\"og:image:height\" content=\"769\" \/>\n\t<meta property=\"og:image:type\" content=\"image\/jpeg\" \/>\n<meta name=\"author\" content=\"Poliana Santos\" \/>\n<meta name=\"twitter:card\" content=\"summary_large_image\" \/>\n<meta name=\"twitter:creator\" content=\"@sunoresearch\" \/>\n<meta name=\"twitter:site\" content=\"@sunoresearch\" \/>\n<meta name=\"twitter:label1\" content=\"Escrito por\" \/>\n\t<meta name=\"twitter:data1\" content=\"Poliana Santos\" \/>\n\t<meta name=\"twitter:label2\" content=\"Est. tempo de leitura\" \/>\n\t<meta name=\"twitter:data2\" content=\"3 minutos\" \/>\n<script type=\"application\/ld+json\" class=\"yoast-schema-graph\">{\"@context\":\"https:\/\/schema.org\",\"@graph\":[{\"@type\":\"NewsArticle\",\"@id\":\"https:\/\/www.suno.com.br\/noticias\/furnas-assembleia-privatizacao-eletrobras-elet3\/#article\",\"isPartOf\":{\"@id\":\"https:\/\/www.suno.com.br\/noticias\/furnas-assembleia-privatizacao-eletrobras-elet3\/\"},\"author\":{\"name\":\"Poliana Santos\",\"@id\":\"https:\/\/www.suno.com.br\/noticias\/#\/schema\/person\/02ec1f752758247878a2bf4abee1aeda\"},\"headline\":\"Suspens\u00e3o da assembleia de Furnas pode afetar oferta de a\u00e7\u00f5es da Eletrobras (ELET3)\",\"datePublished\":\"2022-06-06T12:01:58+00:00\",\"mainEntityOfPage\":{\"@id\":\"https:\/\/www.suno.com.br\/noticias\/furnas-assembleia-privatizacao-eletrobras-elet3\/\"},\"wordCount\":552,\"publisher\":{\"@id\":\"https:\/\/www.suno.com.br\/noticias\/#organization\"},\"image\":{\"@id\":\"https:\/\/www.suno.com.br\/noticias\/furnas-assembleia-privatizacao-eletrobras-elet3\/#primaryimage\"},\"thumbnailUrl\":\"https:\/\/files.sunoresearch.com.br\/n\/uploads\/2021\/01\/d1cd4c0e-eletrobras_easy-resize.com_-jpg.webp\",\"keywords\":[\"Eletrobras (ELET3\/ELET5\/ELET6)\"],\"articleSection\":[\"Neg\u00f3cios\"],\"inLanguage\":\"pt-BR\"},{\"@type\":\"WebPage\",\"@id\":\"https:\/\/www.suno.com.br\/noticias\/furnas-assembleia-privatizacao-eletrobras-elet3\/\",\"url\":\"https:\/\/www.suno.com.br\/noticias\/furnas-assembleia-privatizacao-eletrobras-elet3\/\",\"name\":\"Suspens\u00e3o da assembleia de Furnas pode afetar oferta de a\u00e7\u00f5es da Eletrobras (ELET3)\",\"isPartOf\":{\"@id\":\"https:\/\/www.suno.com.br\/noticias\/#website\"},\"primaryImageOfPage\":{\"@id\":\"https:\/\/www.suno.com.br\/noticias\/furnas-assembleia-privatizacao-eletrobras-elet3\/#primaryimage\"},\"image\":{\"@id\":\"https:\/\/www.suno.com.br\/noticias\/furnas-assembleia-privatizacao-eletrobras-elet3\/#primaryimage\"},\"thumbnailUrl\":\"https:\/\/files.sunoresearch.com.br\/n\/uploads\/2021\/01\/d1cd4c0e-eletrobras_easy-resize.com_-jpg.webp\",\"datePublished\":\"2022-06-06T12:01:58+00:00\",\"description\":\"A disputa judicial de Furnas pode afetar a oferta de a\u00e7\u00f5es da Eletrobras (ELET3), que tem como objetivo a privatiza\u00e7\u00e3o da estatal. Veja\",\"breadcrumb\":{\"@id\":\"https:\/\/www.suno.com.br\/noticias\/furnas-assembleia-privatizacao-eletrobras-elet3\/#breadcrumb\"},\"inLanguage\":\"pt-BR\",\"potentialAction\":[{\"@type\":\"ReadAction\",\"target\":[\"https:\/\/www.suno.com.br\/noticias\/furnas-assembleia-privatizacao-eletrobras-elet3\/\"]}]},{\"@type\":\"ImageObject\",\"inLanguage\":\"pt-BR\",\"@id\":\"https:\/\/www.suno.com.br\/noticias\/furnas-assembleia-privatizacao-eletrobras-elet3\/#primaryimage\",\"url\":\"https:\/\/files.sunoresearch.com.br\/n\/uploads\/2021\/01\/d1cd4c0e-eletrobras_easy-resize.com_-jpg.webp\",\"contentUrl\":\"https:\/\/files.sunoresearch.com.br\/n\/uploads\/2021\/01\/d1cd4c0e-eletrobras_easy-resize.com_-jpg.webp\",\"width\":1280,\"height\":769,\"caption\":\"Eletrobras (Foto: Reprodu\u00e7\u00e3o)\"},{\"@type\":\"BreadcrumbList\",\"@id\":\"https:\/\/www.suno.com.br\/noticias\/furnas-assembleia-privatizacao-eletrobras-elet3\/#breadcrumb\",\"itemListElement\":[{\"@type\":\"ListItem\",\"position\":1,\"name\":\"Not\u00edcias\",\"item\":\"https:\/\/www.suno.com.br\/noticias\/\"},{\"@type\":\"ListItem\",\"position\":2,\"name\":\"Neg\u00f3cios\",\"item\":\"https:\/\/www.suno.com.br\/noticias\/negocios\/\"},{\"@type\":\"ListItem\",\"position\":3,\"name\":\"Suspens\u00e3o da assembleia de Furnas pode afetar oferta de a\u00e7\u00f5es da Eletrobras (ELET3)\"}]},{\"@type\":\"WebSite\",\"@id\":\"https:\/\/www.suno.com.br\/noticias\/#website\",\"url\":\"https:\/\/www.suno.com.br\/noticias\/\",\"name\":\"Suno Not\u00edcias\",\"description\":\"Seu portal de informa\u00e7\u00e3o sobre o mundo dos investimentos\",\"publisher\":{\"@id\":\"https:\/\/www.suno.com.br\/noticias\/#organization\"},\"potentialAction\":[{\"@type\":\"SearchAction\",\"target\":{\"@type\":\"EntryPoint\",\"urlTemplate\":\"https:\/\/www.suno.com.br\/noticias\/?s={search_term_string}\"},\"query-input\":{\"@type\":\"PropertyValueSpecification\",\"valueRequired\":true,\"valueName\":\"search_term_string\"}}],\"inLanguage\":\"pt-BR\"},{\"@type\":\"Organization\",\"@id\":\"https:\/\/www.suno.com.br\/noticias\/#organization\",\"name\":\"Suno Not\u00edcias\",\"url\":\"https:\/\/www.suno.com.br\/noticias\/\",\"logo\":{\"@type\":\"ImageObject\",\"inLanguage\":\"pt-BR\",\"@id\":\"https:\/\/www.suno.com.br\/noticias\/#\/schema\/logo\/image\/\",\"url\":\"https:\/\/files.sunoresearch.com.br\/n\/uploads\/2021\/09\/suno-logo.png\",\"contentUrl\":\"https:\/\/files.sunoresearch.com.br\/n\/uploads\/2021\/09\/suno-logo.png\",\"width\":180,\"height\":180,\"caption\":\"Suno Not\u00edcias\"},\"image\":{\"@id\":\"https:\/\/www.suno.com.br\/noticias\/#\/schema\/logo\/image\/\"},\"sameAs\":[\"https:\/\/facebook.com\/sunoresearch\",\"https:\/\/x.com\/sunoresearch\",\"https:\/\/www.instagram.com\/suno\",\"https:\/\/www.linkedin.com\/company\/suno-research\/\",\"https:\/\/www.youtube.com\/c\/sunoresearch\"]},{\"@type\":\"Person\",\"@id\":\"https:\/\/www.suno.com.br\/noticias\/#\/schema\/person\/02ec1f752758247878a2bf4abee1aeda\",\"name\":\"Poliana Santos\",\"image\":{\"@type\":\"ImageObject\",\"inLanguage\":\"pt-BR\",\"@id\":\"https:\/\/www.suno.com.br\/noticias\/#\/schema\/person\/image\/\",\"url\":\"https:\/\/secure.gravatar.com\/avatar\/0645bd32f23d87b2130f2b2dff1d3f8d?s=96&r=g\",\"contentUrl\":\"https:\/\/secure.gravatar.com\/avatar\/0645bd32f23d87b2130f2b2dff1d3f8d?s=96&r=g\",\"caption\":\"Poliana Santos\"},\"description\":\"Rep\u00f3rter no Suno Not\u00edcias, com cobertura em mercado financeiro, economia, finan\u00e7as pessoais, renda fixa e varejo. Jornalista formada pela Faculdade C\u00e1sper L\u00edbero e possui passagem na R\u00e1dio Gazeta AM com a produ\u00e7\u00e3o de conte\u00fado sobre economia, pol\u00edtica, sa\u00fade, moda e m\u00fasica. Possui certificado de conclus\u00e3o do curso de An\u00e1lise de Balan\u00e7os pela Funda\u00e7\u00e3o Bradesco, Agenda Brasil pela FAAP, Educa\u00e7\u00e3o Pol\u00edtica por Alexandre Garcia e do Tesouro Direto e Mercado de A\u00e7\u00f5es pela B3.\",\"url\":\"https:\/\/www.suno.com.br\/noticias\/author\/poliana-santos\/\"}]}<\/script>\n<!-- \/ Yoast SEO plugin. -->","yoast_head_json":{"title":"Suspens\u00e3o da assembleia de Furnas pode afetar oferta de a\u00e7\u00f5es da Eletrobras (ELET3)","description":"A disputa judicial de Furnas pode afetar a oferta de a\u00e7\u00f5es da Eletrobras (ELET3), que tem como objetivo a privatiza\u00e7\u00e3o da estatal. Veja","robots":{"index":"index","follow":"follow","max-snippet":"max-snippet:-1","max-image-preview":"max-image-preview:large","max-video-preview":"max-video-preview:-1"},"canonical":"https:\/\/www.suno.com.br\/noticias\/furnas-assembleia-privatizacao-eletrobras-elet3\/","og_locale":"pt_BR","og_type":"article","og_title":"Suspens\u00e3o da assembleia de Furnas pode afetar oferta de a\u00e7\u00f5es da Eletrobras (ELET3)","og_description":"A disputa judicial de Furnas pode afetar a oferta de a\u00e7\u00f5es da Eletrobras (ELET3), que tem como objetivo a privatiza\u00e7\u00e3o da estatal. Veja","og_url":"https:\/\/www.suno.com.br\/noticias\/furnas-assembleia-privatizacao-eletrobras-elet3\/","og_site_name":"Suno Not\u00edcias","article_publisher":"https:\/\/facebook.com\/sunoresearch","og_image":[{"width":1280,"height":769,"url":"https:\/\/files.sunoresearch.com.br\/n\/uploads\/2021\/01\/d1cd4c0e-eletrobras_easy-resize.com_.jpg","type":"image\/jpeg"}],"author":"Poliana Santos","twitter_card":"summary_large_image","twitter_creator":"@sunoresearch","twitter_site":"@sunoresearch","twitter_misc":{"Escrito por":"Poliana Santos","Est. tempo de leitura":"3 minutos"},"schema":{"@context":"https:\/\/schema.org","@graph":[{"@type":"NewsArticle","@id":"https:\/\/www.suno.com.br\/noticias\/furnas-assembleia-privatizacao-eletrobras-elet3\/#article","isPartOf":{"@id":"https:\/\/www.suno.com.br\/noticias\/furnas-assembleia-privatizacao-eletrobras-elet3\/"},"author":{"name":"Poliana Santos","@id":"https:\/\/www.suno.com.br\/noticias\/#\/schema\/person\/02ec1f752758247878a2bf4abee1aeda"},"headline":"Suspens\u00e3o da assembleia de Furnas pode afetar oferta de a\u00e7\u00f5es da Eletrobras (ELET3)","datePublished":"2022-06-06T12:01:58+00:00","mainEntityOfPage":{"@id":"https:\/\/www.suno.com.br\/noticias\/furnas-assembleia-privatizacao-eletrobras-elet3\/"},"wordCount":552,"publisher":{"@id":"https:\/\/www.suno.com.br\/noticias\/#organization"},"image":{"@id":"https:\/\/www.suno.com.br\/noticias\/furnas-assembleia-privatizacao-eletrobras-elet3\/#primaryimage"},"thumbnailUrl":"https:\/\/files.sunoresearch.com.br\/n\/uploads\/2021\/01\/d1cd4c0e-eletrobras_easy-resize.com_-jpg.webp","keywords":["Eletrobras (ELET3\/ELET5\/ELET6)"],"articleSection":["Neg\u00f3cios"],"inLanguage":"pt-BR"},{"@type":"WebPage","@id":"https:\/\/www.suno.com.br\/noticias\/furnas-assembleia-privatizacao-eletrobras-elet3\/","url":"https:\/\/www.suno.com.br\/noticias\/furnas-assembleia-privatizacao-eletrobras-elet3\/","name":"Suspens\u00e3o da assembleia de Furnas pode afetar oferta de a\u00e7\u00f5es da Eletrobras (ELET3)","isPartOf":{"@id":"https:\/\/www.suno.com.br\/noticias\/#website"},"primaryImageOfPage":{"@id":"https:\/\/www.suno.com.br\/noticias\/furnas-assembleia-privatizacao-eletrobras-elet3\/#primaryimage"},"image":{"@id":"https:\/\/www.suno.com.br\/noticias\/furnas-assembleia-privatizacao-eletrobras-elet3\/#primaryimage"},"thumbnailUrl":"https:\/\/files.sunoresearch.com.br\/n\/uploads\/2021\/01\/d1cd4c0e-eletrobras_easy-resize.com_-jpg.webp","datePublished":"2022-06-06T12:01:58+00:00","description":"A disputa judicial de Furnas pode afetar a oferta de a\u00e7\u00f5es da Eletrobras (ELET3), que tem como objetivo a privatiza\u00e7\u00e3o da estatal. Veja","breadcrumb":{"@id":"https:\/\/www.suno.com.br\/noticias\/furnas-assembleia-privatizacao-eletrobras-elet3\/#breadcrumb"},"inLanguage":"pt-BR","potentialAction":[{"@type":"ReadAction","target":["https:\/\/www.suno.com.br\/noticias\/furnas-assembleia-privatizacao-eletrobras-elet3\/"]}]},{"@type":"ImageObject","inLanguage":"pt-BR","@id":"https:\/\/www.suno.com.br\/noticias\/furnas-assembleia-privatizacao-eletrobras-elet3\/#primaryimage","url":"https:\/\/files.sunoresearch.com.br\/n\/uploads\/2021\/01\/d1cd4c0e-eletrobras_easy-resize.com_-jpg.webp","contentUrl":"https:\/\/files.sunoresearch.com.br\/n\/uploads\/2021\/01\/d1cd4c0e-eletrobras_easy-resize.com_-jpg.webp","width":1280,"height":769,"caption":"Eletrobras (Foto: Reprodu\u00e7\u00e3o)"},{"@type":"BreadcrumbList","@id":"https:\/\/www.suno.com.br\/noticias\/furnas-assembleia-privatizacao-eletrobras-elet3\/#breadcrumb","itemListElement":[{"@type":"ListItem","position":1,"name":"Not\u00edcias","item":"https:\/\/www.suno.com.br\/noticias\/"},{"@type":"ListItem","position":2,"name":"Neg\u00f3cios","item":"https:\/\/www.suno.com.br\/noticias\/negocios\/"},{"@type":"ListItem","position":3,"name":"Suspens\u00e3o da assembleia de Furnas pode afetar oferta de a\u00e7\u00f5es da Eletrobras (ELET3)"}]},{"@type":"WebSite","@id":"https:\/\/www.suno.com.br\/noticias\/#website","url":"https:\/\/www.suno.com.br\/noticias\/","name":"Suno Not\u00edcias","description":"Seu portal de informa\u00e7\u00e3o sobre o mundo dos investimentos","publisher":{"@id":"https:\/\/www.suno.com.br\/noticias\/#organization"},"potentialAction":[{"@type":"SearchAction","target":{"@type":"EntryPoint","urlTemplate":"https:\/\/www.suno.com.br\/noticias\/?s={search_term_string}"},"query-input":{"@type":"PropertyValueSpecification","valueRequired":true,"valueName":"search_term_string"}}],"inLanguage":"pt-BR"},{"@type":"Organization","@id":"https:\/\/www.suno.com.br\/noticias\/#organization","name":"Suno Not\u00edcias","url":"https:\/\/www.suno.com.br\/noticias\/","logo":{"@type":"ImageObject","inLanguage":"pt-BR","@id":"https:\/\/www.suno.com.br\/noticias\/#\/schema\/logo\/image\/","url":"https:\/\/files.sunoresearch.com.br\/n\/uploads\/2021\/09\/suno-logo.png","contentUrl":"https:\/\/files.sunoresearch.com.br\/n\/uploads\/2021\/09\/suno-logo.png","width":180,"height":180,"caption":"Suno Not\u00edcias"},"image":{"@id":"https:\/\/www.suno.com.br\/noticias\/#\/schema\/logo\/image\/"},"sameAs":["https:\/\/facebook.com\/sunoresearch","https:\/\/x.com\/sunoresearch","https:\/\/www.instagram.com\/suno","https:\/\/www.linkedin.com\/company\/suno-research\/","https:\/\/www.youtube.com\/c\/sunoresearch"]},{"@type":"Person","@id":"https:\/\/www.suno.com.br\/noticias\/#\/schema\/person\/02ec1f752758247878a2bf4abee1aeda","name":"Poliana Santos","image":{"@type":"ImageObject","inLanguage":"pt-BR","@id":"https:\/\/www.suno.com.br\/noticias\/#\/schema\/person\/image\/","url":"https:\/\/secure.gravatar.com\/avatar\/0645bd32f23d87b2130f2b2dff1d3f8d?s=96&r=g","contentUrl":"https:\/\/secure.gravatar.com\/avatar\/0645bd32f23d87b2130f2b2dff1d3f8d?s=96&r=g","caption":"Poliana Santos"},"description":"Rep\u00f3rter no Suno Not\u00edcias, com cobertura em mercado financeiro, economia, finan\u00e7as pessoais, renda fixa e varejo. Jornalista formada pela Faculdade C\u00e1sper L\u00edbero e possui passagem na R\u00e1dio Gazeta AM com a produ\u00e7\u00e3o de conte\u00fado sobre economia, pol\u00edtica, sa\u00fade, moda e m\u00fasica. Possui certificado de conclus\u00e3o do curso de An\u00e1lise de Balan\u00e7os pela Funda\u00e7\u00e3o Bradesco, Agenda Brasil pela FAAP, Educa\u00e7\u00e3o Pol\u00edtica por Alexandre Garcia e do Tesouro Direto e Mercado de A\u00e7\u00f5es pela B3.","url":"https:\/\/www.suno.com.br\/noticias\/author\/poliana-santos\/"}]}},"default_loop_html":"<div class=\"cardsPage__listCard__boxs\"><div class=\"cardsPage__listCard__boxs__img\"><a href=\"https:\/\/www.suno.com.br\/noticias\/furnas-assembleia-privatizacao-eletrobras-elet3\/\"><img class=\"mask\" src=\"https:\/\/www.suno.com.br\/noticias\/wp-content\/themes\/suno\/resources\/images\/spotlight\/spotlight1img\/bg-mask.png\" alt=\"Image Mask\"\/><img src=\"https:\/\/files.sunoresearch.com.br\/n\/uploads\/2021\/01\/d1cd4c0e-eletrobras_easy-resize.com_-400x200.webp\" alt=\"Suspens\u00e3o da assembleia de Furnas pode afetar oferta de a\u00e7\u00f5es da Eletrobras (ELET3)\"\/><\/a><span class=\"spotlightCategory\"><a href=\"https:\/\/www.suno.com.br\/noticias\/negocios\/\">Neg\u00f3cios<\/a><\/span><\/div><div class=\"cardsPage__listCard__boxs__content\"><a href=\"https:\/\/www.suno.com.br\/noticias\/furnas-assembleia-privatizacao-eletrobras-elet3\/\"><h2 class=\"content__title\">Suspens\u00e3o da assembleia de Furnas pode afetar oferta de a\u00e7\u00f5es da Eletrobras (ELET3)<\/h2><\/a><div class=\"newsContent__article__meta\"><div class=\"newsContent__article__meta__authorBox\"><a href=\"https:\/\/www.suno.com.br\/noticias\/author\/poliana-santos\/\" class=\"authorBox__avatar noMobi\"><img src=\"https:\/\/files.sunoresearch.com.br\/n\/uploads\/2020\/08\/7ef34026-whatsapp-image-2020-08-03-at-12.37.57-150x150.webp\" alt=\"Poliana Santos\"><\/a><div class=\"authorBox__name\"><span>por\n\t\t\t<a href=\"https:\/\/www.suno.com.br\/noticias\/author\/poliana-santos\/\"><span itemprop=\"author\">Poliana Santos<\/span><\/a><\/span><time datetime=\"2022-06-06T09:01:58-03:00\" itemprop=\"datePublished\">06\/06\/2022 09:01<\/time><\/div><\/div><\/div><\/div><\/div>","single_layout":"posts","amp_enabled":true,"_links":{"self":[{"href":"https:\/\/www.suno.com.br\/noticias\/wp-json\/wp\/v2\/posts\/264698"}],"collection":[{"href":"https:\/\/www.suno.com.br\/noticias\/wp-json\/wp\/v2\/posts"}],"about":[{"href":"https:\/\/www.suno.com.br\/noticias\/wp-json\/wp\/v2\/types\/post"}],"author":[{"embeddable":true,"href":"https:\/\/www.suno.com.br\/noticias\/wp-json\/wp\/v2\/users\/15"}],"replies":[{"embeddable":true,"href":"https:\/\/www.suno.com.br\/noticias\/wp-json\/wp\/v2\/comments?post=264698"}],"version-history":[{"count":2,"href":"https:\/\/www.suno.com.br\/noticias\/wp-json\/wp\/v2\/posts\/264698\/revisions"}],"predecessor-version":[{"id":264722,"href":"https:\/\/www.suno.com.br\/noticias\/wp-json\/wp\/v2\/posts\/264698\/revisions\/264722"}],"wp:featuredmedia":[{"embeddable":true,"href":"https:\/\/www.suno.com.br\/noticias\/wp-json\/wp\/v2\/media\/117382"}],"wp:attachment":[{"href":"https:\/\/www.suno.com.br\/noticias\/wp-json\/wp\/v2\/media?parent=264698"}],"wp:term":[{"taxonomy":"category","embeddable":true,"href":"https:\/\/www.suno.com.br\/noticias\/wp-json\/wp\/v2\/categories?post=264698"},{"taxonomy":"post_tag","embeddable":true,"href":"https:\/\/www.suno.com.br\/noticias\/wp-json\/wp\/v2\/tags?post=264698"},{"taxonomy":"suno_strategy","embeddable":true,"href":"https:\/\/www.suno.com.br\/noticias\/wp-json\/wp\/v2\/suno_strategy?post=264698"}],"curies":[{"name":"wp","href":"https:\/\/api.w.org\/{rel}","templated":true}]}}