{"id":264662,"date":"2022-06-05T11:14:07","date_gmt":"2022-06-05T14:14:07","guid":{"rendered":"https:\/\/www.suno.com.br\/noticias\/?p=264662"},"modified":"2022-06-05T11:14:07","modified_gmt":"2022-06-05T14:14:07","slug":"pequim-equilibrar-crescimento-economico-politica-covid-zero","status":"publish","type":"post","link":"https:\/\/www.suno.com.br\/noticias\/pequim-equilibrar-crescimento-economico-politica-covid-zero\/","title":{"rendered":"Pequim tenta equilibrar crescimento econ\u00f4mico com pol\u00edtica de &#8216;covid-zero&#8217;"},"content":{"rendered":"<p>Enquanto a <strong>China<\/strong> tenta se recuperar dos custosos bloqueios para frear o surto recente de <strong>covid-19<\/strong>, uma abordagem de duas vias est\u00e1 surgindo em Pequim: manter a posi\u00e7\u00e3o do presidente Xi Jinping de controlar rigorosamente as infec\u00e7\u00f5es, enquanto d\u00e1 ao seu n\u00famero 2, o primeiro-ministro Li Keqiang, a tarefa de consertar a economia. No entanto, a abordagem de<strong> toler\u00e2ncia zero<\/strong> de Xi \u00e0 covid-19 est\u00e1 complicando a miss\u00e3o de renascimento econ\u00f4mico de Li.<\/p>\t<div class=\"wrapper-featured-image\">\n\t\t<figure class=\"spotlightImg\">\n\n\t\t\t<picture>\n\t\t\t\t<source media=\"(max-width: 768px)\" srcset=\"https:\/\/files.sunoresearch.com.br\/n\/uploads\/2021\/04\/985cda72-the-chinese-national-flag-1752046_1280-400x200.webp\">\n\t\t\t\t<img loading=\"lazy\" decoding=\"async\" class=\"newsContent__article__imgCapa lazyloadDisabled \" src=\"https:\/\/files.sunoresearch.com.br\/n\/uploads\/2021\/04\/985cda72-the-chinese-national-flag-1752046_1280-800x450.webp\" width=\"800\" height=\"450\" alt=\"Pequim tenta equilibrar crescimento econ\u00f4mico com pol\u00edtica de &#8216;covid-zero&#8217;\" fetchpriority=high \/>\n\t\t\t<\/picture>\n\n\t\t\t<figcaption class=\"wp-caption-text wp-caption-text--show\">Economia da China desacelera no 3\u00ba tri, mas produ\u00e7\u00e3o industrial e varejo surpreendem - Foto: Pixabay<\/figcaption>\n\t\t<\/figure>\n\t<\/div>\n\n\n\t<p>\n\t\t<a href=\"\" target=\"_blank\" data-element=\"shortcode-suno-banner\" title=\"Banner SUNO, clique e saiba mais\">\n\t\t\t<picture>\n\t\t\t\t<source media=\"(max-width: 500px)\" srcset=\"\">\n\t\t\t\t<img class=\"newsContent__article__imgCapa newsContent__article__imgCapa--banner\"\n\t\t\t\t\tsrc=\"\"\n\t\t\t\t\tdata-promo-id=\"240038\"\t\t\t\t\t\t\t\t\t\t\t\t\t\t\talt=\"\"\n\t\t\t\t>\n\t\t\t<\/picture>\n\t\t<\/a>\n\t<\/p>\n\n\n<p>Tradicionalmente na China, o primeiro-ministro \u00e9 respons\u00e1vel pela economia, embora essa divis\u00e3o de poder tenha sido subvertida durante grande parte da d\u00e9cada passada, durante a qual Xi sozinho dominou a tomada de decis\u00f5es. Li ganhou recentemente um papel econ\u00f4mico maior ao explorar as preocupa\u00e7\u00f5es dentro das fileiras do Partido Comunista sobre o crescimento vacilante e o aumento do desemprego, dizem pessoas pr\u00f3ximas ao governo.<\/p>\n<p>Sinais de uma diverg\u00eancia nas prioridades pol\u00edticas no alto escal\u00e3o do poder chin\u00eas &#8211; com Xi enfatizando a necessidade de manter o curso de controles r\u00edgidos do covid-19 e Li enfatizando a import\u00e2ncia de obter<strong> impulso econ\u00f4mico<\/strong> &#8211; confundiram as autoridades locais, expondo rachaduras no poder de Xi.<\/p>\n<p>Agora, o partido parece estar buscando unificar as mensagens. A m\u00eddia estatal, firmemente controlada por Xi e seus subordinados, h\u00e1 muito concentra sua cobertura em Xi, mas nos \u00faltimos dias tamb\u00e9m mencionou a agenda econ\u00f4mica de Li, sinalizando um endosso de ambos os objetivos.<\/p>\n<p>&#8220;A preven\u00e7\u00e3o e o controle de epidemias s\u00e3o do maior interesse da na\u00e7\u00e3o&#8221;, afirmou um artigo de primeira p\u00e1gina na quinta-feira no Di\u00e1rio do Povo oficial, onde o Partido Comunista telegrafa suas principais prioridades. Mas a primeira p\u00e1gina tamb\u00e9m destacou os esfor\u00e7os de Li para reanimar a economia.<\/p>\n<p>Outro artigo de primeira p\u00e1gina descrevendo a recente flexibiliza\u00e7\u00e3o das restri\u00e7\u00f5es em Xangai como uma vit\u00f3ria sobre o v\u00edrus parecia reconhecer o impacto econ\u00f4mico do bloqueio de dois meses da cidade, dizendo: &#8220;Devemos compensar o tempo perdido e as perdas causadas pela epidemia.&#8221;<\/p>\n\t<p>\n\t\t<a href=\"https:\/\/lp.suno.com.br\/planilha-controle-gastos\/\" target=\"_blank\" data-element=\"shortcode-suno-banner\" title=\"Banner SUNO, clique e saiba mais\">\n\t\t\t<picture>\n\t\t\t\t<source media=\"(max-width: 500px)\" srcset=\"https:\/\/files.sunoresearch.com.br\/n\/uploads\/2023\/03\/400x300-Planilha-controle-de-gastos.png\">\n\t\t\t\t<img class=\"newsContent__article__imgCapa newsContent__article__imgCapa--banner\"\n\t\t\t\t\tsrc=\"https:\/\/files.sunoresearch.com.br\/n\/uploads\/2023\/03\/1420x240-Planilha-controle-de-gastos.png\"\n\t\t\t\t\tdata-promo-id=\"101751\"\t\t\t\t\t\t\t\t\t\twidth='1420' height='240'\t\t\t\t\talt=\"https:\/\/files.sunoresearch.com.br\/n\/uploads\/2023\/03\/1420x240-Planilha-controle-de-gastos.png\"\n\t\t\t\t>\n\t\t\t<\/picture>\n\t\t<\/a>\n\t<\/p>\n\n\n<p>Tanto Xangai quanto Pequim disseram nesta semana que est\u00e3o suspendendo restri\u00e7\u00f5es amplas e severas \u00e0 circula\u00e7\u00e3o das pessoas e atividades comerciais, \u00e0 medida que o surgimento de novos casos de covid-19 se estabilizam. As autoridades tamb\u00e9m est\u00e3o relaxando algumas medidas para permitir que f\u00e1bricas fechadas retomem a produ\u00e7\u00e3o e reiniciem viagens internacionais.<\/p>\n<p>Mas os bloqueios generalizados podem retornar se os surtos de covid-19 ressurgirem novamente: autoridades e conselheiros do governo dizem que \u00e9 improv\u00e1vel que Xi abandone a abordagem de covid-zero que definiu os \u00faltimos dois anos de sua lideran\u00e7a, em um momento em que ele est\u00e1 buscando um terceiro mandato de cinco anos como principal l\u00edder da China.<\/p>\n<p>A perman\u00eancia do Partido Comunista no poder h\u00e1 muito depende de sua capacidade de proporcionar um crescimento cont\u00ednuo. Xi entrou em 2022 enfatizando a estabilidade econ\u00f4mica, mas permaneceu inflex\u00edvel em manter a sua pol\u00edtica contra a crise sanit\u00e1ria.<\/p>\n<p class=\"newsProviderSignature\">Com Estad\u00e3o Conte\u00fado<\/p>\n\t<p>\n\t\t<a href=\"https:\/\/lp.suno.com.br\/planilha-da-vida-financeira\/\" target=\"_blank\" data-element=\"shortcode-suno-banner\" title=\"Banner SUNO, clique e saiba mais\">\n\t\t\t<picture>\n\t\t\t\t<source media=\"(max-width: 500px)\" srcset=\"https:\/\/files.sunoresearch.com.br\/n\/uploads\/2023\/04\/400x300-Planilha-vida-financeira-true.png\">\n\t\t\t\t<img class=\"newsContent__article__imgCapa newsContent__article__imgCapa--banner\"\n\t\t\t\t\tsrc=\"https:\/\/files.sunoresearch.com.br\/n\/uploads\/2023\/04\/1420x240-Planilha-vida-financeira-true.png\"\n\t\t\t\t\tdata-promo-id=\"106682\"\t\t\t\t\t\t\t\t\t\twidth='1420' height='240'\t\t\t\t\talt=\"https:\/\/files.sunoresearch.com.br\/n\/uploads\/2023\/04\/1420x240-Planilha-vida-financeira-true.png\"\n\t\t\t\t>\n\t\t\t<\/picture>\n\t\t<\/a>\n\t<\/p>\n\n\n","protected":false},"excerpt":{"rendered":"<p>Enquanto a China tenta se recuperar dos custosos bloqueios para frear o surto recente de covid-19, uma abordagem de duas vias est\u00e1 surgindo em Pequim: manter a posi\u00e7\u00e3o do presidente Xi Jinping de controlar rigorosamente as infec\u00e7\u00f5es, enquanto d\u00e1 ao seu n\u00famero 2, o primeiro-ministro Li Keqiang, a tarefa de consertar a economia. No entanto, [&hellip;]<\/p>\n","protected":false},"author":43,"featured_media":136616,"comment_status":"closed","ping_status":"closed","sticky":false,"template":"","format":"standard","meta":[],"categories":[63],"tags":[711,5255],"suno_strategy":[],"class_list":["post-264662","post","type-post","status-publish","format-standard","has-post-thumbnail","hentry","category-internacional","tag-china","tag-covid-19"],"yoast_head":"<!-- This site is optimized with the Yoast SEO plugin v24.4 - https:\/\/yoast.com\/wordpress\/plugins\/seo\/ -->\n<title>Pequim tenta equilibrar crescimento econ\u00f4mico com pol\u00edtica de &#039;covid-zero&#039;<\/title>\n<meta name=\"robots\" content=\"index, follow, max-snippet:-1, max-image-preview:large, max-video-preview:-1\" \/>\n<link rel=\"canonical\" href=\"https:\/\/www.suno.com.br\/noticias\/pequim-equilibrar-crescimento-economico-politica-covid-zero\/\" \/>\n<meta property=\"og:locale\" content=\"pt_BR\" \/>\n<meta property=\"og:type\" content=\"article\" \/>\n<meta property=\"og:title\" content=\"Pequim tenta equilibrar crescimento econ\u00f4mico com pol\u00edtica de &#039;covid-zero&#039;\" \/>\n<meta property=\"og:description\" content=\"Enquanto a China tenta se recuperar dos custosos bloqueios para frear o surto recente de covid-19, uma abordagem de duas vias est\u00e1 surgindo em Pequim: manter a posi\u00e7\u00e3o do presidente Xi Jinping de controlar rigorosamente as infec\u00e7\u00f5es, enquanto d\u00e1 ao seu n\u00famero 2, o primeiro-ministro Li Keqiang, a tarefa de consertar a economia. No entanto, [&hellip;]\" \/>\n<meta property=\"og:url\" content=\"https:\/\/www.suno.com.br\/noticias\/pequim-equilibrar-crescimento-economico-politica-covid-zero\/\" \/>\n<meta property=\"og:site_name\" content=\"Suno Not\u00edcias\" \/>\n<meta property=\"article:publisher\" content=\"https:\/\/facebook.com\/sunoresearch\" \/>\n<meta property=\"article:author\" content=\"https:\/\/www.facebook.com\/sunonoticias\/\" \/>\n<meta property=\"og:image\" content=\"https:\/\/files.sunoresearch.com.br\/n\/uploads\/2021\/04\/985cda72-the-chinese-national-flag-1752046_1280.jpg\" \/>\n\t<meta property=\"og:image:width\" content=\"1280\" \/>\n\t<meta property=\"og:image:height\" content=\"854\" \/>\n\t<meta property=\"og:image:type\" content=\"image\/jpeg\" \/>\n<meta name=\"author\" content=\"Reda\u00e7\u00e3o Suno Not\u00edcias\" \/>\n<meta name=\"twitter:card\" content=\"summary_large_image\" \/>\n<meta name=\"twitter:creator\" content=\"@https:\/\/twitter.com\/sunoresearch\" \/>\n<meta name=\"twitter:site\" content=\"@sunoresearch\" \/>\n<meta name=\"twitter:label1\" content=\"Escrito por\" \/>\n\t<meta name=\"twitter:data1\" content=\"Reda\u00e7\u00e3o Suno Not\u00edcias\" \/>\n\t<meta name=\"twitter:label2\" content=\"Est. tempo de leitura\" \/>\n\t<meta name=\"twitter:data2\" content=\"3 minutos\" \/>\n<script type=\"application\/ld+json\" class=\"yoast-schema-graph\">{\"@context\":\"https:\/\/schema.org\",\"@graph\":[{\"@type\":\"NewsArticle\",\"@id\":\"https:\/\/www.suno.com.br\/noticias\/pequim-equilibrar-crescimento-economico-politica-covid-zero\/#article\",\"isPartOf\":{\"@id\":\"https:\/\/www.suno.com.br\/noticias\/pequim-equilibrar-crescimento-economico-politica-covid-zero\/\"},\"author\":{\"name\":\"Reda\u00e7\u00e3o Suno Not\u00edcias\",\"@id\":\"https:\/\/www.suno.com.br\/noticias\/#\/schema\/person\/c1b1bd3727fa852bd045e9dbff3673ea\"},\"headline\":\"Pequim tenta equilibrar crescimento econ\u00f4mico com pol\u00edtica de &#8216;covid-zero&#8217;\",\"datePublished\":\"2022-06-05T14:14:07+00:00\",\"mainEntityOfPage\":{\"@id\":\"https:\/\/www.suno.com.br\/noticias\/pequim-equilibrar-crescimento-economico-politica-covid-zero\/\"},\"wordCount\":538,\"publisher\":{\"@id\":\"https:\/\/www.suno.com.br\/noticias\/#organization\"},\"image\":{\"@id\":\"https:\/\/www.suno.com.br\/noticias\/pequim-equilibrar-crescimento-economico-politica-covid-zero\/#primaryimage\"},\"thumbnailUrl\":\"https:\/\/files.sunoresearch.com.br\/n\/uploads\/2021\/04\/985cda72-the-chinese-national-flag-1752046_1280-jpg.webp\",\"keywords\":[\"China\",\"covid-19\"],\"articleSection\":[\"Internacional\"],\"inLanguage\":\"pt-BR\"},{\"@type\":\"WebPage\",\"@id\":\"https:\/\/www.suno.com.br\/noticias\/pequim-equilibrar-crescimento-economico-politica-covid-zero\/\",\"url\":\"https:\/\/www.suno.com.br\/noticias\/pequim-equilibrar-crescimento-economico-politica-covid-zero\/\",\"name\":\"Pequim tenta equilibrar crescimento econ\u00f4mico com pol\u00edtica de 'covid-zero'\",\"isPartOf\":{\"@id\":\"https:\/\/www.suno.com.br\/noticias\/#website\"},\"primaryImageOfPage\":{\"@id\":\"https:\/\/www.suno.com.br\/noticias\/pequim-equilibrar-crescimento-economico-politica-covid-zero\/#primaryimage\"},\"image\":{\"@id\":\"https:\/\/www.suno.com.br\/noticias\/pequim-equilibrar-crescimento-economico-politica-covid-zero\/#primaryimage\"},\"thumbnailUrl\":\"https:\/\/files.sunoresearch.com.br\/n\/uploads\/2021\/04\/985cda72-the-chinese-national-flag-1752046_1280-jpg.webp\",\"datePublished\":\"2022-06-05T14:14:07+00:00\",\"breadcrumb\":{\"@id\":\"https:\/\/www.suno.com.br\/noticias\/pequim-equilibrar-crescimento-economico-politica-covid-zero\/#breadcrumb\"},\"inLanguage\":\"pt-BR\",\"potentialAction\":[{\"@type\":\"ReadAction\",\"target\":[\"https:\/\/www.suno.com.br\/noticias\/pequim-equilibrar-crescimento-economico-politica-covid-zero\/\"]}]},{\"@type\":\"ImageObject\",\"inLanguage\":\"pt-BR\",\"@id\":\"https:\/\/www.suno.com.br\/noticias\/pequim-equilibrar-crescimento-economico-politica-covid-zero\/#primaryimage\",\"url\":\"https:\/\/files.sunoresearch.com.br\/n\/uploads\/2021\/04\/985cda72-the-chinese-national-flag-1752046_1280-jpg.webp\",\"contentUrl\":\"https:\/\/files.sunoresearch.com.br\/n\/uploads\/2021\/04\/985cda72-the-chinese-national-flag-1752046_1280-jpg.webp\",\"width\":1280,\"height\":854,\"caption\":\"Economia da China desacelera no 3\u00ba tri, mas produ\u00e7\u00e3o industrial e varejo surpreendem - Foto: Pixabay\"},{\"@type\":\"BreadcrumbList\",\"@id\":\"https:\/\/www.suno.com.br\/noticias\/pequim-equilibrar-crescimento-economico-politica-covid-zero\/#breadcrumb\",\"itemListElement\":[{\"@type\":\"ListItem\",\"position\":1,\"name\":\"Not\u00edcias\",\"item\":\"https:\/\/www.suno.com.br\/noticias\/\"},{\"@type\":\"ListItem\",\"position\":2,\"name\":\"Internacional\",\"item\":\"https:\/\/www.suno.com.br\/noticias\/internacional\/\"},{\"@type\":\"ListItem\",\"position\":3,\"name\":\"Pequim tenta equilibrar crescimento econ\u00f4mico com pol\u00edtica de &#8216;covid-zero&#8217;\"}]},{\"@type\":\"WebSite\",\"@id\":\"https:\/\/www.suno.com.br\/noticias\/#website\",\"url\":\"https:\/\/www.suno.com.br\/noticias\/\",\"name\":\"Suno Not\u00edcias\",\"description\":\"Seu portal de informa\u00e7\u00e3o sobre o mundo dos investimentos\",\"publisher\":{\"@id\":\"https:\/\/www.suno.com.br\/noticias\/#organization\"},\"potentialAction\":[{\"@type\":\"SearchAction\",\"target\":{\"@type\":\"EntryPoint\",\"urlTemplate\":\"https:\/\/www.suno.com.br\/noticias\/?s={search_term_string}\"},\"query-input\":{\"@type\":\"PropertyValueSpecification\",\"valueRequired\":true,\"valueName\":\"search_term_string\"}}],\"inLanguage\":\"pt-BR\"},{\"@type\":\"Organization\",\"@id\":\"https:\/\/www.suno.com.br\/noticias\/#organization\",\"name\":\"Suno Not\u00edcias\",\"url\":\"https:\/\/www.suno.com.br\/noticias\/\",\"logo\":{\"@type\":\"ImageObject\",\"inLanguage\":\"pt-BR\",\"@id\":\"https:\/\/www.suno.com.br\/noticias\/#\/schema\/logo\/image\/\",\"url\":\"https:\/\/files.sunoresearch.com.br\/n\/uploads\/2021\/09\/suno-logo.png\",\"contentUrl\":\"https:\/\/files.sunoresearch.com.br\/n\/uploads\/2021\/09\/suno-logo.png\",\"width\":180,\"height\":180,\"caption\":\"Suno Not\u00edcias\"},\"image\":{\"@id\":\"https:\/\/www.suno.com.br\/noticias\/#\/schema\/logo\/image\/\"},\"sameAs\":[\"https:\/\/facebook.com\/sunoresearch\",\"https:\/\/x.com\/sunoresearch\",\"https:\/\/www.instagram.com\/suno\",\"https:\/\/www.linkedin.com\/company\/suno-research\/\",\"https:\/\/www.youtube.com\/c\/sunoresearch\"]},{\"@type\":\"Person\",\"@id\":\"https:\/\/www.suno.com.br\/noticias\/#\/schema\/person\/c1b1bd3727fa852bd045e9dbff3673ea\",\"name\":\"Reda\u00e7\u00e3o Suno Not\u00edcias\",\"image\":{\"@type\":\"ImageObject\",\"inLanguage\":\"pt-BR\",\"@id\":\"https:\/\/www.suno.com.br\/noticias\/#\/schema\/person\/image\/\",\"url\":\"https:\/\/secure.gravatar.com\/avatar\/b8104b9b5a71985d5238ee59fbe418af?s=96&r=g\",\"contentUrl\":\"https:\/\/secure.gravatar.com\/avatar\/b8104b9b5a71985d5238ee59fbe418af?s=96&r=g\",\"caption\":\"Reda\u00e7\u00e3o Suno Not\u00edcias\"},\"description\":\"O Suno Not\u00edcias \u00e9 um portal de informa\u00e7\u00f5es sobre Mercado Financeiro, Pol\u00edtica, Neg\u00f3cios, Economia e Finan\u00e7as Pessoais.\",\"sameAs\":[\"https:\/\/www.suno.com.br\/noticias\",\"https:\/\/www.facebook.com\/sunonoticias\/\",\"https:\/\/www.instagram.com\/sunonoticias\/\",\"https:\/\/x.com\/https:\/\/twitter.com\/sunoresearch\",\"https:\/\/www.youtube.com\/sunonoticias\"],\"url\":\"https:\/\/www.suno.com.br\/noticias\/author\/redacao-suno\/\"}]}<\/script>\n<!-- \/ Yoast SEO plugin. -->","yoast_head_json":{"title":"Pequim tenta equilibrar crescimento econ\u00f4mico com pol\u00edtica de 'covid-zero'","robots":{"index":"index","follow":"follow","max-snippet":"max-snippet:-1","max-image-preview":"max-image-preview:large","max-video-preview":"max-video-preview:-1"},"canonical":"https:\/\/www.suno.com.br\/noticias\/pequim-equilibrar-crescimento-economico-politica-covid-zero\/","og_locale":"pt_BR","og_type":"article","og_title":"Pequim tenta equilibrar crescimento econ\u00f4mico com pol\u00edtica de 'covid-zero'","og_description":"Enquanto a China tenta se recuperar dos custosos bloqueios para frear o surto recente de covid-19, uma abordagem de duas vias est\u00e1 surgindo em Pequim: manter a posi\u00e7\u00e3o do presidente Xi Jinping de controlar rigorosamente as infec\u00e7\u00f5es, enquanto d\u00e1 ao seu n\u00famero 2, o primeiro-ministro Li Keqiang, a tarefa de consertar a economia. No entanto, [&hellip;]","og_url":"https:\/\/www.suno.com.br\/noticias\/pequim-equilibrar-crescimento-economico-politica-covid-zero\/","og_site_name":"Suno Not\u00edcias","article_publisher":"https:\/\/facebook.com\/sunoresearch","article_author":"https:\/\/www.facebook.com\/sunonoticias\/","og_image":[{"width":1280,"height":854,"url":"https:\/\/files.sunoresearch.com.br\/n\/uploads\/2021\/04\/985cda72-the-chinese-national-flag-1752046_1280.jpg","type":"image\/jpeg"}],"author":"Reda\u00e7\u00e3o Suno Not\u00edcias","twitter_card":"summary_large_image","twitter_creator":"@https:\/\/twitter.com\/sunoresearch","twitter_site":"@sunoresearch","twitter_misc":{"Escrito por":"Reda\u00e7\u00e3o Suno Not\u00edcias","Est. tempo de leitura":"3 minutos"},"schema":{"@context":"https:\/\/schema.org","@graph":[{"@type":"NewsArticle","@id":"https:\/\/www.suno.com.br\/noticias\/pequim-equilibrar-crescimento-economico-politica-covid-zero\/#article","isPartOf":{"@id":"https:\/\/www.suno.com.br\/noticias\/pequim-equilibrar-crescimento-economico-politica-covid-zero\/"},"author":{"name":"Reda\u00e7\u00e3o Suno Not\u00edcias","@id":"https:\/\/www.suno.com.br\/noticias\/#\/schema\/person\/c1b1bd3727fa852bd045e9dbff3673ea"},"headline":"Pequim tenta equilibrar crescimento econ\u00f4mico com pol\u00edtica de &#8216;covid-zero&#8217;","datePublished":"2022-06-05T14:14:07+00:00","mainEntityOfPage":{"@id":"https:\/\/www.suno.com.br\/noticias\/pequim-equilibrar-crescimento-economico-politica-covid-zero\/"},"wordCount":538,"publisher":{"@id":"https:\/\/www.suno.com.br\/noticias\/#organization"},"image":{"@id":"https:\/\/www.suno.com.br\/noticias\/pequim-equilibrar-crescimento-economico-politica-covid-zero\/#primaryimage"},"thumbnailUrl":"https:\/\/files.sunoresearch.com.br\/n\/uploads\/2021\/04\/985cda72-the-chinese-national-flag-1752046_1280-jpg.webp","keywords":["China","covid-19"],"articleSection":["Internacional"],"inLanguage":"pt-BR"},{"@type":"WebPage","@id":"https:\/\/www.suno.com.br\/noticias\/pequim-equilibrar-crescimento-economico-politica-covid-zero\/","url":"https:\/\/www.suno.com.br\/noticias\/pequim-equilibrar-crescimento-economico-politica-covid-zero\/","name":"Pequim tenta equilibrar crescimento econ\u00f4mico com pol\u00edtica de 'covid-zero'","isPartOf":{"@id":"https:\/\/www.suno.com.br\/noticias\/#website"},"primaryImageOfPage":{"@id":"https:\/\/www.suno.com.br\/noticias\/pequim-equilibrar-crescimento-economico-politica-covid-zero\/#primaryimage"},"image":{"@id":"https:\/\/www.suno.com.br\/noticias\/pequim-equilibrar-crescimento-economico-politica-covid-zero\/#primaryimage"},"thumbnailUrl":"https:\/\/files.sunoresearch.com.br\/n\/uploads\/2021\/04\/985cda72-the-chinese-national-flag-1752046_1280-jpg.webp","datePublished":"2022-06-05T14:14:07+00:00","breadcrumb":{"@id":"https:\/\/www.suno.com.br\/noticias\/pequim-equilibrar-crescimento-economico-politica-covid-zero\/#breadcrumb"},"inLanguage":"pt-BR","potentialAction":[{"@type":"ReadAction","target":["https:\/\/www.suno.com.br\/noticias\/pequim-equilibrar-crescimento-economico-politica-covid-zero\/"]}]},{"@type":"ImageObject","inLanguage":"pt-BR","@id":"https:\/\/www.suno.com.br\/noticias\/pequim-equilibrar-crescimento-economico-politica-covid-zero\/#primaryimage","url":"https:\/\/files.sunoresearch.com.br\/n\/uploads\/2021\/04\/985cda72-the-chinese-national-flag-1752046_1280-jpg.webp","contentUrl":"https:\/\/files.sunoresearch.com.br\/n\/uploads\/2021\/04\/985cda72-the-chinese-national-flag-1752046_1280-jpg.webp","width":1280,"height":854,"caption":"Economia da China desacelera no 3\u00ba tri, mas produ\u00e7\u00e3o industrial e varejo surpreendem - Foto: Pixabay"},{"@type":"BreadcrumbList","@id":"https:\/\/www.suno.com.br\/noticias\/pequim-equilibrar-crescimento-economico-politica-covid-zero\/#breadcrumb","itemListElement":[{"@type":"ListItem","position":1,"name":"Not\u00edcias","item":"https:\/\/www.suno.com.br\/noticias\/"},{"@type":"ListItem","position":2,"name":"Internacional","item":"https:\/\/www.suno.com.br\/noticias\/internacional\/"},{"@type":"ListItem","position":3,"name":"Pequim tenta equilibrar crescimento econ\u00f4mico com pol\u00edtica de &#8216;covid-zero&#8217;"}]},{"@type":"WebSite","@id":"https:\/\/www.suno.com.br\/noticias\/#website","url":"https:\/\/www.suno.com.br\/noticias\/","name":"Suno Not\u00edcias","description":"Seu portal de informa\u00e7\u00e3o sobre o mundo dos investimentos","publisher":{"@id":"https:\/\/www.suno.com.br\/noticias\/#organization"},"potentialAction":[{"@type":"SearchAction","target":{"@type":"EntryPoint","urlTemplate":"https:\/\/www.suno.com.br\/noticias\/?s={search_term_string}"},"query-input":{"@type":"PropertyValueSpecification","valueRequired":true,"valueName":"search_term_string"}}],"inLanguage":"pt-BR"},{"@type":"Organization","@id":"https:\/\/www.suno.com.br\/noticias\/#organization","name":"Suno Not\u00edcias","url":"https:\/\/www.suno.com.br\/noticias\/","logo":{"@type":"ImageObject","inLanguage":"pt-BR","@id":"https:\/\/www.suno.com.br\/noticias\/#\/schema\/logo\/image\/","url":"https:\/\/files.sunoresearch.com.br\/n\/uploads\/2021\/09\/suno-logo.png","contentUrl":"https:\/\/files.sunoresearch.com.br\/n\/uploads\/2021\/09\/suno-logo.png","width":180,"height":180,"caption":"Suno Not\u00edcias"},"image":{"@id":"https:\/\/www.suno.com.br\/noticias\/#\/schema\/logo\/image\/"},"sameAs":["https:\/\/facebook.com\/sunoresearch","https:\/\/x.com\/sunoresearch","https:\/\/www.instagram.com\/suno","https:\/\/www.linkedin.com\/company\/suno-research\/","https:\/\/www.youtube.com\/c\/sunoresearch"]},{"@type":"Person","@id":"https:\/\/www.suno.com.br\/noticias\/#\/schema\/person\/c1b1bd3727fa852bd045e9dbff3673ea","name":"Reda\u00e7\u00e3o Suno Not\u00edcias","image":{"@type":"ImageObject","inLanguage":"pt-BR","@id":"https:\/\/www.suno.com.br\/noticias\/#\/schema\/person\/image\/","url":"https:\/\/secure.gravatar.com\/avatar\/b8104b9b5a71985d5238ee59fbe418af?s=96&r=g","contentUrl":"https:\/\/secure.gravatar.com\/avatar\/b8104b9b5a71985d5238ee59fbe418af?s=96&r=g","caption":"Reda\u00e7\u00e3o Suno Not\u00edcias"},"description":"O Suno Not\u00edcias \u00e9 um portal de informa\u00e7\u00f5es sobre Mercado Financeiro, Pol\u00edtica, Neg\u00f3cios, Economia e Finan\u00e7as Pessoais.","sameAs":["https:\/\/www.suno.com.br\/noticias","https:\/\/www.facebook.com\/sunonoticias\/","https:\/\/www.instagram.com\/sunonoticias\/","https:\/\/x.com\/https:\/\/twitter.com\/sunoresearch","https:\/\/www.youtube.com\/sunonoticias"],"url":"https:\/\/www.suno.com.br\/noticias\/author\/redacao-suno\/"}]}},"default_loop_html":"<div class=\"cardsPage__listCard__boxs\"><div class=\"cardsPage__listCard__boxs__img\"><a href=\"https:\/\/www.suno.com.br\/noticias\/pequim-equilibrar-crescimento-economico-politica-covid-zero\/\"><img class=\"mask\" src=\"https:\/\/www.suno.com.br\/noticias\/wp-content\/themes\/suno\/resources\/images\/spotlight\/spotlight1img\/bg-mask.png\" alt=\"Image Mask\"\/><img src=\"https:\/\/files.sunoresearch.com.br\/n\/uploads\/2021\/04\/985cda72-the-chinese-national-flag-1752046_1280-400x200.webp\" alt=\"Pequim tenta equilibrar crescimento econ\u00f4mico com pol\u00edtica de &#8216;covid-zero&#8217;\"\/><\/a><span class=\"spotlightCategory\"><a href=\"https:\/\/www.suno.com.br\/noticias\/internacional\/\">Internacional<\/a><\/span><\/div><div class=\"cardsPage__listCard__boxs__content\"><a href=\"https:\/\/www.suno.com.br\/noticias\/pequim-equilibrar-crescimento-economico-politica-covid-zero\/\"><h2 class=\"content__title\">Pequim tenta equilibrar crescimento econ\u00f4mico com pol\u00edtica de &#8216;covid-zero&#8217;<\/h2><\/a><div class=\"newsContent__article__meta\"><div class=\"newsContent__article__meta__authorBox\"><a href=\"https:\/\/www.suno.com.br\/noticias\/author\/redacao-suno\/\" class=\"authorBox__avatar noMobi\"><img src=\"https:\/\/files.sunoresearch.com.br\/n\/uploads\/2020\/08\/0ace682d-redacao-1-150x150.webp\" alt=\"Reda\u00e7\u00e3o Suno Not\u00edcias\"><\/a><div class=\"authorBox__name\"><span>por\n\t\t\t<a href=\"https:\/\/www.suno.com.br\/noticias\/author\/redacao-suno\/\"><span itemprop=\"author\">Reda\u00e7\u00e3o Suno Not\u00edcias<\/span><\/a><\/span><time datetime=\"2022-06-05T11:14:07-03:00\" itemprop=\"datePublished\">05\/06\/2022 11:14<\/time><\/div><\/div><\/div><\/div><\/div>","single_layout":"posts","amp_enabled":true,"_links":{"self":[{"href":"https:\/\/www.suno.com.br\/noticias\/wp-json\/wp\/v2\/posts\/264662"}],"collection":[{"href":"https:\/\/www.suno.com.br\/noticias\/wp-json\/wp\/v2\/posts"}],"about":[{"href":"https:\/\/www.suno.com.br\/noticias\/wp-json\/wp\/v2\/types\/post"}],"author":[{"embeddable":true,"href":"https:\/\/www.suno.com.br\/noticias\/wp-json\/wp\/v2\/users\/43"}],"replies":[{"embeddable":true,"href":"https:\/\/www.suno.com.br\/noticias\/wp-json\/wp\/v2\/comments?post=264662"}],"version-history":[{"count":2,"href":"https:\/\/www.suno.com.br\/noticias\/wp-json\/wp\/v2\/posts\/264662\/revisions"}],"predecessor-version":[{"id":264676,"href":"https:\/\/www.suno.com.br\/noticias\/wp-json\/wp\/v2\/posts\/264662\/revisions\/264676"}],"wp:featuredmedia":[{"embeddable":true,"href":"https:\/\/www.suno.com.br\/noticias\/wp-json\/wp\/v2\/media\/136616"}],"wp:attachment":[{"href":"https:\/\/www.suno.com.br\/noticias\/wp-json\/wp\/v2\/media?parent=264662"}],"wp:term":[{"taxonomy":"category","embeddable":true,"href":"https:\/\/www.suno.com.br\/noticias\/wp-json\/wp\/v2\/categories?post=264662"},{"taxonomy":"post_tag","embeddable":true,"href":"https:\/\/www.suno.com.br\/noticias\/wp-json\/wp\/v2\/tags?post=264662"},{"taxonomy":"suno_strategy","embeddable":true,"href":"https:\/\/www.suno.com.br\/noticias\/wp-json\/wp\/v2\/suno_strategy?post=264662"}],"curies":[{"name":"wp","href":"https:\/\/api.w.org\/{rel}","templated":true}]}}