{"id":26435,"date":"2019-05-29T16:19:40","date_gmt":"2019-05-29T19:19:40","guid":{"rendered":"https:\/\/www.suno.com.br\/noticias\/?p=26435"},"modified":"2019-05-29T16:19:40","modified_gmt":"2019-05-29T19:19:40","slug":"reforma-previdencia-governo-recursos-deputados","status":"publish","type":"post","link":"https:\/\/www.suno.com.br\/noticias\/reforma-previdencia-governo-recursos-deputados\/","title":{"rendered":"Por votos na reforma da Previd\u00eancia, governo oferece verba a deputados"},"content":{"rendered":"<p>O governo presidente da Rep\u00fablica, Jair <strong>Bolsonaro<\/strong> (PSL), fez uma proposta aos deputados de direcionamento de verbas do <strong>Or\u00e7amento<\/strong>, em troca de apoio na aprova\u00e7\u00e3o da reforma da Previd\u00eancia. As informa\u00e7\u00f5es foram apuradas pela &#8220;Folha de S. Paulo&#8221;.<\/p>\t<div class=\"wrapper-featured-image\">\n\t\t<figure class=\"spotlightImg\">\n\n\t\t\t<picture>\n\t\t\t\t<source media=\"(max-width: 768px)\" srcset=\"https:\/\/files.sunoresearch.com.br\/n\/uploads\/2019\/02\/63d70ea8-reforma-da-previd\u00eancia-400x200.webp\">\n\t\t\t\t<img loading=\"lazy\" decoding=\"async\" class=\"newsContent__article__imgCapa lazyloadDisabled newsContent__article__imgCapa--noCaption\" src=\"https:\/\/files.sunoresearch.com.br\/n\/uploads\/2019\/02\/63d70ea8-reforma-da-previd\u00eancia-800x450.webp\" width=\"800\" height=\"450\" alt=\"Por votos na reforma da Previd\u00eancia, governo oferece verba a deputados\" fetchpriority=high \/>\n\t\t\t<\/picture>\n\n\t\t\t<figcaption class=\"wp-caption-text wp-caption-text--hide\">Bolsonaro assina MP para desobrigar a publica\u00e7\u00e3o de balan\u00e7os em jornais<\/figcaption>\n\t\t<\/figure>\n\t<\/div>\n\n\n<p>De acordo com membros de partidos do centr\u00e3o, a oferta feita pelo governo \u00e9 de <strong>R$ 10 milh\u00f5es<\/strong> extras por semestre. Desta forma, at\u00e9 2020 o acr\u00e9scimo ser\u00e1 de R$ 40 milh\u00f5es. Destaca-se que este valor foi oferecido para cada deputado que apoiar a <strong>reforma da Previd\u00eancia<\/strong>.<\/p>\n\t<p>\n\t\t<a href=\"https:\/\/lp.suno.com.br\/asset\/fundos\/suno-fiagro-snag11\/\" target=\"_blank\" data-element=\"shortcode-suno-banner\" title=\"Banner SUNO, clique e saiba mais\">\n\t\t\t<picture>\n\t\t\t\t<source media=\"(max-width: 500px)\" srcset=\"https:\/\/files.sunoresearch.com.br\/n\/uploads\/2024\/03\/400x300-Mobile-Artigos-1_SNAG.png\">\n\t\t\t\t<img class=\"newsContent__article__imgCapa newsContent__article__imgCapa--banner\"\n\t\t\t\t\tsrc=\"https:\/\/files.sunoresearch.com.br\/n\/uploads\/2024\/03\/1420x240-Banner-Artigos-1-_-Banner-Materias-1_SNAG.png\"\n\t\t\t\t\tdata-promo-id=\"364416\"\t\t\t\t\t\t\t\t\t\twidth='1420' height='240'\t\t\t\t\talt=\"https:\/\/files.sunoresearch.com.br\/n\/uploads\/2024\/03\/1420x240-Banner-Artigos-1-_-Banner-Materias-1_SNAG.png\"\n\t\t\t\t>\n\t\t\t<\/picture>\n\t\t<\/a>\n\t<\/p>\n\n\n<p>No caso dos <strong>l\u00edderes partid\u00e1rios<\/strong> que estiverem ativos na articula\u00e7\u00e3o da aprova\u00e7\u00e3o da principal proposta do governo <strong>Bolsonaro<\/strong>, o valor oferecido \u00e9 de R$ 80 milh\u00f5es at\u00e9 2020.<\/p>\n<p>Neste ano haver\u00e3o as <strong>elei\u00e7\u00f5es municipais<\/strong>. Desta forma, nesta semana, o ministro-chefe da Casa Civil, <strong>Onyx Lorenzoni<\/strong>, iniciou os di\u00e1logos com os l\u00edderes partid\u00e1rios para tentar selar os acordos.<\/p>\n<p>Para a aprova\u00e7\u00e3o da <strong>Proposta de Emenda Constitucional<\/strong> (PEC) da <strong>reforma da Previd\u00eancia<\/strong> na C\u00e2mara s\u00e3o necess\u00e1rios 308 votos. No total, s\u00e3o 513 deputados.<\/p>\n<h2>Minist\u00e9rios distribuir\u00e3o recursos em troca de votos na reforma da Previd\u00eancia<\/h2>\n<p>Segundo o documento obtido pela &#8220;Folha de S. Paulo&#8221;, o repasse de recursos ser\u00e1 feito diretamente do minist\u00e9rio de escolha dos parlamentares, para o <strong>munic\u00edpio<\/strong>. Caber\u00e1 ao parlamentar &#8220;apadrinhar&#8221; as obras da cidade.<\/p>\n<p>Os congressistas que n\u00e3o votarem favoravelmente \u00e0 aprova\u00e7\u00e3o da PEC n\u00e3o ter\u00e3o os benef\u00edcios do Or\u00e7amento para os munic\u00edpios.<\/p>\n<p><a href=\"https:\/\/www.suno.com.br\/noticias\/ibovespa-reforma-previdencia-junho-maia\/\">Saiba mais &#8211;\u00a0Maia tenta articular vota\u00e7\u00e3o da Previd\u00eancia para junho; Ibovespa sobe<\/a><\/p>\n<p>O documento entregue \u00e0s bancadas chama-se\u00a0&#8220;<strong>Plano de Pol\u00edticas P\u00fablicas &#8211; Fase 1\/2019<\/strong>&#8220;. Os minist\u00e9rios que poder\u00e3o enviar os recursos s\u00e3o:<\/p>\n<ul>\n<li>Minist\u00e9rio da Agricultura;<\/li>\n<li>Minist\u00e9rio do Desenvolvimento Regional;<\/li>\n<li>Minist\u00e9rio da Sa\u00fade;<\/li>\n<li>Minist\u00e9rio da Educa\u00e7\u00e3o;<\/li>\n<li>e Minist\u00e9rio da Cidadania.<\/li>\n<\/ul>\n<p>Cada <strong>minist\u00e9rio<\/strong> que ser\u00e1 origem dos recursos para os parlamentares possuem <strong>programas<\/strong> espec\u00edficos para a dire\u00e7\u00e3o da verga. No caso da pasta de Agricultura, por exemplo, est\u00e3o previstos as compras de equipamento agr\u00edcola, a conserva\u00e7\u00e3o de estradas, e recursos para a agricultura familiar.<\/p>\n<p>Ainda conforme apura\u00e7\u00e3o do jornal, os\u00a0primeiros R$ 10 milh\u00f5es ser\u00e3o repassados pelo governo ainda no <strong>primeiro semestre\u00a0<\/strong>de 2019. Ou seja, antes da vota\u00e7\u00e3o da reforma da Previd\u00eancia em <strong>plen\u00e1rio<\/strong>, visto que a PEC ainda tramita na comiss\u00e3o especial da C\u00e2mara.<\/p>\n<p>Desta forma, haver\u00e1 um pacto de &#8220;boa f\u00e9&#8221; entre os minist\u00e9rios e os deputados. O <strong>governo Bolsonaro<\/strong> acredita que com o repasse dos recursos, os parlamentares votar\u00e3o favoravelmente \u00e0 aprova\u00e7\u00e3o da<strong> reforma da Previd\u00eancia<\/strong>.<\/p>\n","protected":false},"excerpt":{"rendered":"<p>O governo presidente da Rep\u00fablica, Jair Bolsonaro (PSL), fez uma proposta aos deputados de direcionamento de verbas do Or\u00e7amento, em troca de apoio na aprova\u00e7\u00e3o da reforma da Previd\u00eancia. As informa\u00e7\u00f5es foram apuradas pela &#8220;Folha de S. Paulo&#8221;. Bolsonaro assina MP para desobrigar a publica\u00e7\u00e3o de balan\u00e7os em jornais De acordo com membros de partidos [&hellip;]<\/p>\n","protected":false},"author":12,"featured_media":16929,"comment_status":"closed","ping_status":"closed","sticky":false,"template":"","format":"standard","meta":[],"categories":[61],"tags":[938,719,939,940],"suno_strategy":[],"class_list":["post-26435","post","type-post","status-publish","format-standard","has-post-thumbnail","hentry","category-politica","tag-camara-dos-deputados","tag-jair-bolsonaro","tag-onyx-lorenzoni","tag-reforma-da-previdencia"],"yoast_head":"<!-- This site is optimized with the Yoast SEO plugin v24.4 - https:\/\/yoast.com\/wordpress\/plugins\/seo\/ -->\n<title>Por votos na reforma da Previd\u00eancia, governo oferece verba a deputados<\/title>\n<meta name=\"description\" content=\"O governo Bolsonaro articula a reforma da Previd\u00eancia, oferecendo recursos aos deputados em troca de votos. Clique para saber mais.\" \/>\n<meta name=\"robots\" content=\"index, follow, max-snippet:-1, max-image-preview:large, max-video-preview:-1\" \/>\n<link rel=\"canonical\" href=\"https:\/\/www.suno.com.br\/noticias\/reforma-previdencia-governo-recursos-deputados\/\" \/>\n<meta property=\"og:locale\" content=\"pt_BR\" \/>\n<meta property=\"og:type\" content=\"article\" \/>\n<meta property=\"og:title\" content=\"Por votos na reforma da Previd\u00eancia, governo oferece verba a deputados\" \/>\n<meta property=\"og:description\" content=\"O governo Bolsonaro articula a reforma da Previd\u00eancia, oferecendo recursos aos deputados em troca de votos. Clique para saber mais.\" \/>\n<meta property=\"og:url\" content=\"https:\/\/www.suno.com.br\/noticias\/reforma-previdencia-governo-recursos-deputados\/\" \/>\n<meta property=\"og:site_name\" content=\"Suno Not\u00edcias\" \/>\n<meta property=\"article:publisher\" content=\"https:\/\/facebook.com\/sunoresearch\" \/>\n<meta property=\"og:image\" content=\"https:\/\/files.sunoresearch.com.br\/n\/uploads\/2019\/02\/63d70ea8-reforma-da-previd\u00eancia.jpg\" \/>\n\t<meta property=\"og:image:width\" content=\"1140\" \/>\n\t<meta property=\"og:image:height\" content=\"760\" \/>\n\t<meta property=\"og:image:type\" content=\"image\/jpeg\" \/>\n<meta name=\"author\" content=\"Amanda Gushiken\" \/>\n<meta name=\"twitter:card\" content=\"summary_large_image\" \/>\n<meta name=\"twitter:creator\" content=\"@sunoresearch\" \/>\n<meta name=\"twitter:site\" content=\"@sunoresearch\" \/>\n<meta name=\"twitter:label1\" content=\"Escrito por\" \/>\n\t<meta name=\"twitter:data1\" content=\"Amanda Gushiken\" \/>\n\t<meta name=\"twitter:label2\" content=\"Est. tempo de leitura\" \/>\n\t<meta name=\"twitter:data2\" content=\"2 minutos\" \/>\n<script type=\"application\/ld+json\" class=\"yoast-schema-graph\">{\"@context\":\"https:\/\/schema.org\",\"@graph\":[{\"@type\":\"NewsArticle\",\"@id\":\"https:\/\/www.suno.com.br\/noticias\/reforma-previdencia-governo-recursos-deputados\/#article\",\"isPartOf\":{\"@id\":\"https:\/\/www.suno.com.br\/noticias\/reforma-previdencia-governo-recursos-deputados\/\"},\"author\":{\"name\":\"Amanda Gushiken\",\"@id\":\"https:\/\/www.suno.com.br\/noticias\/#\/schema\/person\/a5b06fa4e879d8e8e119c6ed3cd630d1\"},\"headline\":\"Por votos na reforma da Previd\u00eancia, governo oferece verba a deputados\",\"datePublished\":\"2019-05-29T19:19:40+00:00\",\"mainEntityOfPage\":{\"@id\":\"https:\/\/www.suno.com.br\/noticias\/reforma-previdencia-governo-recursos-deputados\/\"},\"wordCount\":470,\"publisher\":{\"@id\":\"https:\/\/www.suno.com.br\/noticias\/#organization\"},\"image\":{\"@id\":\"https:\/\/www.suno.com.br\/noticias\/reforma-previdencia-governo-recursos-deputados\/#primaryimage\"},\"thumbnailUrl\":\"https:\/\/files.sunoresearch.com.br\/n\/uploads\/2019\/02\/63d70ea8-reforma-da-previd\u00eancia-jpg.webp\",\"keywords\":[\"C\u00e2mara dos Deputados\",\"Jair Bolsonaro\",\"Onyx Lorenzoni\",\"Reforma da Previd\u00eancia\"],\"articleSection\":[\"Pol\u00edtica\"],\"inLanguage\":\"pt-BR\"},{\"@type\":\"WebPage\",\"@id\":\"https:\/\/www.suno.com.br\/noticias\/reforma-previdencia-governo-recursos-deputados\/\",\"url\":\"https:\/\/www.suno.com.br\/noticias\/reforma-previdencia-governo-recursos-deputados\/\",\"name\":\"Por votos na reforma da Previd\u00eancia, governo oferece verba a deputados\",\"isPartOf\":{\"@id\":\"https:\/\/www.suno.com.br\/noticias\/#website\"},\"primaryImageOfPage\":{\"@id\":\"https:\/\/www.suno.com.br\/noticias\/reforma-previdencia-governo-recursos-deputados\/#primaryimage\"},\"image\":{\"@id\":\"https:\/\/www.suno.com.br\/noticias\/reforma-previdencia-governo-recursos-deputados\/#primaryimage\"},\"thumbnailUrl\":\"https:\/\/files.sunoresearch.com.br\/n\/uploads\/2019\/02\/63d70ea8-reforma-da-previd\u00eancia-jpg.webp\",\"datePublished\":\"2019-05-29T19:19:40+00:00\",\"description\":\"O governo Bolsonaro articula a reforma da Previd\u00eancia, oferecendo recursos aos deputados em troca de votos. Clique para saber mais.\",\"breadcrumb\":{\"@id\":\"https:\/\/www.suno.com.br\/noticias\/reforma-previdencia-governo-recursos-deputados\/#breadcrumb\"},\"inLanguage\":\"pt-BR\",\"potentialAction\":[{\"@type\":\"ReadAction\",\"target\":[\"https:\/\/www.suno.com.br\/noticias\/reforma-previdencia-governo-recursos-deputados\/\"]}]},{\"@type\":\"ImageObject\",\"inLanguage\":\"pt-BR\",\"@id\":\"https:\/\/www.suno.com.br\/noticias\/reforma-previdencia-governo-recursos-deputados\/#primaryimage\",\"url\":\"https:\/\/files.sunoresearch.com.br\/n\/uploads\/2019\/02\/63d70ea8-reforma-da-previd\u00eancia-jpg.webp\",\"contentUrl\":\"https:\/\/files.sunoresearch.com.br\/n\/uploads\/2019\/02\/63d70ea8-reforma-da-previd\u00eancia-jpg.webp\",\"width\":1140,\"height\":760,\"caption\":\"Bolsonaro assina MP para desobrigar a publica\u00e7\u00e3o de balan\u00e7os em jornais\"},{\"@type\":\"BreadcrumbList\",\"@id\":\"https:\/\/www.suno.com.br\/noticias\/reforma-previdencia-governo-recursos-deputados\/#breadcrumb\",\"itemListElement\":[{\"@type\":\"ListItem\",\"position\":1,\"name\":\"Not\u00edcias\",\"item\":\"https:\/\/www.suno.com.br\/noticias\/\"},{\"@type\":\"ListItem\",\"position\":2,\"name\":\"Pol\u00edtica\",\"item\":\"https:\/\/www.suno.com.br\/noticias\/politica\/\"},{\"@type\":\"ListItem\",\"position\":3,\"name\":\"Por votos na reforma da Previd\u00eancia, governo oferece verba a deputados\"}]},{\"@type\":\"WebSite\",\"@id\":\"https:\/\/www.suno.com.br\/noticias\/#website\",\"url\":\"https:\/\/www.suno.com.br\/noticias\/\",\"name\":\"Suno Not\u00edcias\",\"description\":\"Seu portal de informa\u00e7\u00e3o sobre o mundo dos investimentos\",\"publisher\":{\"@id\":\"https:\/\/www.suno.com.br\/noticias\/#organization\"},\"potentialAction\":[{\"@type\":\"SearchAction\",\"target\":{\"@type\":\"EntryPoint\",\"urlTemplate\":\"https:\/\/www.suno.com.br\/noticias\/?s={search_term_string}\"},\"query-input\":{\"@type\":\"PropertyValueSpecification\",\"valueRequired\":true,\"valueName\":\"search_term_string\"}}],\"inLanguage\":\"pt-BR\"},{\"@type\":\"Organization\",\"@id\":\"https:\/\/www.suno.com.br\/noticias\/#organization\",\"name\":\"Suno Not\u00edcias\",\"url\":\"https:\/\/www.suno.com.br\/noticias\/\",\"logo\":{\"@type\":\"ImageObject\",\"inLanguage\":\"pt-BR\",\"@id\":\"https:\/\/www.suno.com.br\/noticias\/#\/schema\/logo\/image\/\",\"url\":\"https:\/\/files.sunoresearch.com.br\/n\/uploads\/2021\/09\/suno-logo.png\",\"contentUrl\":\"https:\/\/files.sunoresearch.com.br\/n\/uploads\/2021\/09\/suno-logo.png\",\"width\":180,\"height\":180,\"caption\":\"Suno Not\u00edcias\"},\"image\":{\"@id\":\"https:\/\/www.suno.com.br\/noticias\/#\/schema\/logo\/image\/\"},\"sameAs\":[\"https:\/\/facebook.com\/sunoresearch\",\"https:\/\/x.com\/sunoresearch\",\"https:\/\/www.instagram.com\/suno\",\"https:\/\/www.linkedin.com\/company\/suno-research\/\",\"https:\/\/www.youtube.com\/c\/sunoresearch\"]},{\"@type\":\"Person\",\"@id\":\"https:\/\/www.suno.com.br\/noticias\/#\/schema\/person\/a5b06fa4e879d8e8e119c6ed3cd630d1\",\"name\":\"Amanda Gushiken\",\"image\":{\"@type\":\"ImageObject\",\"inLanguage\":\"pt-BR\",\"@id\":\"https:\/\/www.suno.com.br\/noticias\/#\/schema\/person\/image\/\",\"url\":\"https:\/\/secure.gravatar.com\/avatar\/ecd84705e6b65e3685ae80d725501fbe?s=96&r=g\",\"contentUrl\":\"https:\/\/secure.gravatar.com\/avatar\/ecd84705e6b65e3685ae80d725501fbe?s=96&r=g\",\"caption\":\"Amanda Gushiken\"},\"description\":\"Amanda Sayuri Gushiken escreve sobre finan\u00e7as e neg\u00f3cios para o portal Suno Not\u00edcias. Antes, trabalhou selecionando not\u00edcias da imprensa para clientes do mercado financeiro. Tamb\u00e9m desenvolveu pesquisa acad\u00eamica pela Universidade Anhembi Morumbi na \u00e1rea de Teorias da Comunica\u00e7\u00e3o e \u00e9 fot\u00f3grafa nas horas vagas.\",\"url\":\"https:\/\/www.suno.com.br\/noticias\/author\/amanda\/\"}]}<\/script>\n<!-- \/ Yoast SEO plugin. -->","yoast_head_json":{"title":"Por votos na reforma da Previd\u00eancia, governo oferece verba a deputados","description":"O governo Bolsonaro articula a reforma da Previd\u00eancia, oferecendo recursos aos deputados em troca de votos. Clique para saber mais.","robots":{"index":"index","follow":"follow","max-snippet":"max-snippet:-1","max-image-preview":"max-image-preview:large","max-video-preview":"max-video-preview:-1"},"canonical":"https:\/\/www.suno.com.br\/noticias\/reforma-previdencia-governo-recursos-deputados\/","og_locale":"pt_BR","og_type":"article","og_title":"Por votos na reforma da Previd\u00eancia, governo oferece verba a deputados","og_description":"O governo Bolsonaro articula a reforma da Previd\u00eancia, oferecendo recursos aos deputados em troca de votos. Clique para saber mais.","og_url":"https:\/\/www.suno.com.br\/noticias\/reforma-previdencia-governo-recursos-deputados\/","og_site_name":"Suno Not\u00edcias","article_publisher":"https:\/\/facebook.com\/sunoresearch","og_image":[{"width":1140,"height":760,"url":"https:\/\/files.sunoresearch.com.br\/n\/uploads\/2019\/02\/63d70ea8-reforma-da-previd\u00eancia.jpg","type":"image\/jpeg"}],"author":"Amanda Gushiken","twitter_card":"summary_large_image","twitter_creator":"@sunoresearch","twitter_site":"@sunoresearch","twitter_misc":{"Escrito por":"Amanda Gushiken","Est. tempo de leitura":"2 minutos"},"schema":{"@context":"https:\/\/schema.org","@graph":[{"@type":"NewsArticle","@id":"https:\/\/www.suno.com.br\/noticias\/reforma-previdencia-governo-recursos-deputados\/#article","isPartOf":{"@id":"https:\/\/www.suno.com.br\/noticias\/reforma-previdencia-governo-recursos-deputados\/"},"author":{"name":"Amanda Gushiken","@id":"https:\/\/www.suno.com.br\/noticias\/#\/schema\/person\/a5b06fa4e879d8e8e119c6ed3cd630d1"},"headline":"Por votos na reforma da Previd\u00eancia, governo oferece verba a deputados","datePublished":"2019-05-29T19:19:40+00:00","mainEntityOfPage":{"@id":"https:\/\/www.suno.com.br\/noticias\/reforma-previdencia-governo-recursos-deputados\/"},"wordCount":470,"publisher":{"@id":"https:\/\/www.suno.com.br\/noticias\/#organization"},"image":{"@id":"https:\/\/www.suno.com.br\/noticias\/reforma-previdencia-governo-recursos-deputados\/#primaryimage"},"thumbnailUrl":"https:\/\/files.sunoresearch.com.br\/n\/uploads\/2019\/02\/63d70ea8-reforma-da-previd\u00eancia-jpg.webp","keywords":["C\u00e2mara dos Deputados","Jair Bolsonaro","Onyx Lorenzoni","Reforma da Previd\u00eancia"],"articleSection":["Pol\u00edtica"],"inLanguage":"pt-BR"},{"@type":"WebPage","@id":"https:\/\/www.suno.com.br\/noticias\/reforma-previdencia-governo-recursos-deputados\/","url":"https:\/\/www.suno.com.br\/noticias\/reforma-previdencia-governo-recursos-deputados\/","name":"Por votos na reforma da Previd\u00eancia, governo oferece verba a deputados","isPartOf":{"@id":"https:\/\/www.suno.com.br\/noticias\/#website"},"primaryImageOfPage":{"@id":"https:\/\/www.suno.com.br\/noticias\/reforma-previdencia-governo-recursos-deputados\/#primaryimage"},"image":{"@id":"https:\/\/www.suno.com.br\/noticias\/reforma-previdencia-governo-recursos-deputados\/#primaryimage"},"thumbnailUrl":"https:\/\/files.sunoresearch.com.br\/n\/uploads\/2019\/02\/63d70ea8-reforma-da-previd\u00eancia-jpg.webp","datePublished":"2019-05-29T19:19:40+00:00","description":"O governo Bolsonaro articula a reforma da Previd\u00eancia, oferecendo recursos aos deputados em troca de votos. Clique para saber mais.","breadcrumb":{"@id":"https:\/\/www.suno.com.br\/noticias\/reforma-previdencia-governo-recursos-deputados\/#breadcrumb"},"inLanguage":"pt-BR","potentialAction":[{"@type":"ReadAction","target":["https:\/\/www.suno.com.br\/noticias\/reforma-previdencia-governo-recursos-deputados\/"]}]},{"@type":"ImageObject","inLanguage":"pt-BR","@id":"https:\/\/www.suno.com.br\/noticias\/reforma-previdencia-governo-recursos-deputados\/#primaryimage","url":"https:\/\/files.sunoresearch.com.br\/n\/uploads\/2019\/02\/63d70ea8-reforma-da-previd\u00eancia-jpg.webp","contentUrl":"https:\/\/files.sunoresearch.com.br\/n\/uploads\/2019\/02\/63d70ea8-reforma-da-previd\u00eancia-jpg.webp","width":1140,"height":760,"caption":"Bolsonaro assina MP para desobrigar a publica\u00e7\u00e3o de balan\u00e7os em jornais"},{"@type":"BreadcrumbList","@id":"https:\/\/www.suno.com.br\/noticias\/reforma-previdencia-governo-recursos-deputados\/#breadcrumb","itemListElement":[{"@type":"ListItem","position":1,"name":"Not\u00edcias","item":"https:\/\/www.suno.com.br\/noticias\/"},{"@type":"ListItem","position":2,"name":"Pol\u00edtica","item":"https:\/\/www.suno.com.br\/noticias\/politica\/"},{"@type":"ListItem","position":3,"name":"Por votos na reforma da Previd\u00eancia, governo oferece verba a deputados"}]},{"@type":"WebSite","@id":"https:\/\/www.suno.com.br\/noticias\/#website","url":"https:\/\/www.suno.com.br\/noticias\/","name":"Suno Not\u00edcias","description":"Seu portal de informa\u00e7\u00e3o sobre o mundo dos investimentos","publisher":{"@id":"https:\/\/www.suno.com.br\/noticias\/#organization"},"potentialAction":[{"@type":"SearchAction","target":{"@type":"EntryPoint","urlTemplate":"https:\/\/www.suno.com.br\/noticias\/?s={search_term_string}"},"query-input":{"@type":"PropertyValueSpecification","valueRequired":true,"valueName":"search_term_string"}}],"inLanguage":"pt-BR"},{"@type":"Organization","@id":"https:\/\/www.suno.com.br\/noticias\/#organization","name":"Suno Not\u00edcias","url":"https:\/\/www.suno.com.br\/noticias\/","logo":{"@type":"ImageObject","inLanguage":"pt-BR","@id":"https:\/\/www.suno.com.br\/noticias\/#\/schema\/logo\/image\/","url":"https:\/\/files.sunoresearch.com.br\/n\/uploads\/2021\/09\/suno-logo.png","contentUrl":"https:\/\/files.sunoresearch.com.br\/n\/uploads\/2021\/09\/suno-logo.png","width":180,"height":180,"caption":"Suno Not\u00edcias"},"image":{"@id":"https:\/\/www.suno.com.br\/noticias\/#\/schema\/logo\/image\/"},"sameAs":["https:\/\/facebook.com\/sunoresearch","https:\/\/x.com\/sunoresearch","https:\/\/www.instagram.com\/suno","https:\/\/www.linkedin.com\/company\/suno-research\/","https:\/\/www.youtube.com\/c\/sunoresearch"]},{"@type":"Person","@id":"https:\/\/www.suno.com.br\/noticias\/#\/schema\/person\/a5b06fa4e879d8e8e119c6ed3cd630d1","name":"Amanda Gushiken","image":{"@type":"ImageObject","inLanguage":"pt-BR","@id":"https:\/\/www.suno.com.br\/noticias\/#\/schema\/person\/image\/","url":"https:\/\/secure.gravatar.com\/avatar\/ecd84705e6b65e3685ae80d725501fbe?s=96&r=g","contentUrl":"https:\/\/secure.gravatar.com\/avatar\/ecd84705e6b65e3685ae80d725501fbe?s=96&r=g","caption":"Amanda Gushiken"},"description":"Amanda Sayuri Gushiken escreve sobre finan\u00e7as e neg\u00f3cios para o portal Suno Not\u00edcias. Antes, trabalhou selecionando not\u00edcias da imprensa para clientes do mercado financeiro. Tamb\u00e9m desenvolveu pesquisa acad\u00eamica pela Universidade Anhembi Morumbi na \u00e1rea de Teorias da Comunica\u00e7\u00e3o e \u00e9 fot\u00f3grafa nas horas vagas.","url":"https:\/\/www.suno.com.br\/noticias\/author\/amanda\/"}]}},"default_loop_html":"<div class=\"cardsPage__listCard__boxs\"><div class=\"cardsPage__listCard__boxs__img\"><a href=\"https:\/\/www.suno.com.br\/noticias\/reforma-previdencia-governo-recursos-deputados\/\"><img class=\"mask\" src=\"https:\/\/www.suno.com.br\/noticias\/wp-content\/themes\/suno\/resources\/images\/spotlight\/spotlight1img\/bg-mask.png\" alt=\"Image Mask\"\/><img src=\"https:\/\/files.sunoresearch.com.br\/n\/uploads\/2019\/02\/63d70ea8-reforma-da-previd\u00eancia-400x200.webp\" alt=\"Por votos na reforma da Previd\u00eancia, governo oferece verba a deputados\"\/><\/a><span class=\"spotlightCategory\"><a href=\"https:\/\/www.suno.com.br\/noticias\/politica\/\">Pol\u00edtica<\/a><\/span><\/div><div class=\"cardsPage__listCard__boxs__content\"><a href=\"https:\/\/www.suno.com.br\/noticias\/reforma-previdencia-governo-recursos-deputados\/\"><h2 class=\"content__title\">Por votos na reforma da Previd\u00eancia, governo oferece verba a deputados<\/h2><\/a><div class=\"newsContent__article__meta\"><div class=\"newsContent__article__meta__authorBox\"><a href=\"https:\/\/www.suno.com.br\/noticias\/author\/amanda\/\" class=\"authorBox__avatar noMobi\"><img src=\"https:\/\/files.sunoresearch.com.br\/n\/uploads\/2018\/11\/c6ad30be-amanda-150x150.webp\" alt=\"Amanda Gushiken\"><\/a><div class=\"authorBox__name\"><span>por\n\t\t\t<a href=\"https:\/\/www.suno.com.br\/noticias\/author\/amanda\/\"><span itemprop=\"author\">Amanda Gushiken<\/span><\/a><\/span><time datetime=\"2019-05-29T16:19:40-03:00\" itemprop=\"datePublished\">29\/05\/2019 16:19<\/time><\/div><\/div><\/div><\/div><\/div>","single_layout":"posts","amp_enabled":true,"_links":{"self":[{"href":"https:\/\/www.suno.com.br\/noticias\/wp-json\/wp\/v2\/posts\/26435"}],"collection":[{"href":"https:\/\/www.suno.com.br\/noticias\/wp-json\/wp\/v2\/posts"}],"about":[{"href":"https:\/\/www.suno.com.br\/noticias\/wp-json\/wp\/v2\/types\/post"}],"author":[{"embeddable":true,"href":"https:\/\/www.suno.com.br\/noticias\/wp-json\/wp\/v2\/users\/12"}],"replies":[{"embeddable":true,"href":"https:\/\/www.suno.com.br\/noticias\/wp-json\/wp\/v2\/comments?post=26435"}],"version-history":[{"count":0,"href":"https:\/\/www.suno.com.br\/noticias\/wp-json\/wp\/v2\/posts\/26435\/revisions"}],"wp:featuredmedia":[{"embeddable":true,"href":"https:\/\/www.suno.com.br\/noticias\/wp-json\/wp\/v2\/media\/16929"}],"wp:attachment":[{"href":"https:\/\/www.suno.com.br\/noticias\/wp-json\/wp\/v2\/media?parent=26435"}],"wp:term":[{"taxonomy":"category","embeddable":true,"href":"https:\/\/www.suno.com.br\/noticias\/wp-json\/wp\/v2\/categories?post=26435"},{"taxonomy":"post_tag","embeddable":true,"href":"https:\/\/www.suno.com.br\/noticias\/wp-json\/wp\/v2\/tags?post=26435"},{"taxonomy":"suno_strategy","embeddable":true,"href":"https:\/\/www.suno.com.br\/noticias\/wp-json\/wp\/v2\/suno_strategy?post=26435"}],"curies":[{"name":"wp","href":"https:\/\/api.w.org\/{rel}","templated":true}]}}