{"id":264310,"date":"2022-06-03T16:35:25","date_gmt":"2022-06-03T19:35:25","guid":{"rendered":"https:\/\/www.suno.com.br\/noticias\/?p=264310"},"modified":"2022-06-03T16:35:25","modified_gmt":"2022-06-03T19:35:25","slug":"bc-icms-inflacao","status":"publish","type":"post","link":"https:\/\/www.suno.com.br\/noticias\/bc-icms-inflacao\/","title":{"rendered":"Qual ser\u00e1 o impacto do corte do ICMS na infla\u00e7\u00e3o?"},"content":{"rendered":"<p>Com a alta dos pre\u00e7os no centro do debate pol\u00edtico no Pa\u00eds, o Banco Central perguntou aos analistas do <a class=\"suno-keyword\" href=\"https:\/\/www.suno.com.br\/guias\/mercado-financeiro\/\" target=\"_blank\" rel=\"noopener\" data-force=\"no\" data-priority=\"2\">mercado financeiro<\/a> o potencial impacto que uma aprova\u00e7\u00e3o da limita\u00e7\u00e3o da al\u00edquota de Imposto sobre Circula\u00e7\u00e3o de Mercadorias e Servi\u00e7os (<strong>ICMS<\/strong>) sobre os combust\u00edveis, energia, telecomunica\u00e7\u00f5es e transporte coletivo teria sobre as proje\u00e7\u00f5es de IPCA &#8211; o \u00edndice oficial de infla\u00e7\u00e3o.<\/p><div class=\"videoFull \">\n\t\t\t<div class=\"videoWrapper yt-lazyload center\"\n\t\t\t\tdata-width=\"960\"\n\t\t\t\tdata-height=\"540\"\n\t\t\t\tdata-id=\"y0PYhinv3Kc\"\n\t\t\t\tdata-alt=\"V\u00eddeo do YouTube - clique para reproduzir\"\n\t\t\t\tdata-logo=\"3\"\n\t\t\t\tdata-imagequality=\"maxres\">\n\t\t\t<\/div>\n\t\t<\/div><script type=\"application\/ld+json\">{\"@context\":\"https:\/\/schema.org\",\"@type\":\"VideoObject\",\"name\":\"PRIVATIZA\u00c7\u00c3O DA ELETROBRAS (ELET6) DEVE AVAN\u00c7AR | C\u00e2mara aprova teto para ICMS sobre combust\u00edveis\",\"description\":\"\u2728 \ud835\uddd7\ud835\uddd8\ud835\uddd6\ud835\udddf\ud835\uddd4\ud835\udde5\ud835\uddd4\u00c7\u00c3\ud835\udde2 \ud835\uddd4\ud835\udde1\ud835\udde8\ud835\uddd4\ud835\udddf \ud835\uddd7\ud835\uddd8 \ud835\udddc\ud835\udde0\ud835\udde3\ud835\udde2\ud835\udde6\ud835\udde7\ud835\udde2 \ud835\uddd7\ud835\uddd8 \ud835\udde5\ud835\uddd8\ud835\udde1\ud835\uddd7\ud835\uddd4 \ud835\udde6\ud835\uddd8\ud835\udde0 \ud835\uddd8\ud835\udde5\ud835\udde5\ud835\udde2? \ud835\uddd6\ud835\udde2\ud835\udde1\ud835\uddd9\ud835\udddc\ud835\udde5\ud835\uddd4\ud83d\udc49 https:\/\/lp.suno.com.br\/lm\/facilidades-de-apoio-para-declaracao-ir\/?utm_source=youtube.noticias&utm_medium=video&utm_campaign=suno:plataformacontadoradabolsa.20220516 \ud83d\udcca \ud835\udc00\ud835\udc29\ud835\udc2b\ud835\udc1e\ud835\udc27\ud835\udc1d\ud835\udc1a \ud835\udc1c\ud835\udc28\ud835\udc26\ud835\udc28 \ud835\udc1a\ud835\udc27\ud835\udc1a\ud835\udc25\ud835\udc22\ud835\udc2c\ud835\udc1a\ud835\udc2b \ud835\udc2e\ud835\udc26\ud835\udc1a \ud835\udc1a\u00e7\u00e3\ud835\udc28 [\ud835\udc04\ud835\udc01\ud835\udc0e\ud835\udc0e\ud835\udc0a \ud835\udc06\ud835\udc11\ud835\udc00\ud835\udc13\ud835\udc14\ud835\udc08\ud835\udc13\ud835\udc0e] \ud83d\udc49 https:\/\/lp.suno.com.br\/ebook-como-analisar-uma-acao\/?utm_source=youtube.noticias&utm_medium=video&utm_campaign=ebookcomoanalisarumaacao.20220307&utm_content= \ud83d\udcda [\ud835\udc04-\ud835\udc1b\ud835\udc28\ud835\udc28\ud835\udc24 \ud835\udc06\ud835\udc2b\ud835\udc1a\ud835\udc2d\ud835\udc2e\ud835\udc22\ud835\udc2d\ud835\udc28] \ud835\udc06\ud835\udc2e\ud835\udc22\ud835\udc1a \ud835\udc02\ud835\udc28\ud835\udc26\ud835\udc29\ud835\udc25\ud835\udc1e\ud835\udc2d\ud835\udc28: \ud835\udc03\ud835\udc22\ud835\udc2f\ud835\udc22\ud835\udc1d\ud835\udc1e\ud835\udc27\ud835\udc1d\ud835\udc28\ud835\udc2c: https:\/\/lp.suno.com.br\/lm\/ebook\/guia-completo-dividendos\/?utm_source=youtube.noticias&utm_medium=video&utm_campaign=ebook-guiacompleto:dividendos.20220315&utm_content= PRIVATIZA\u00c7\u00c3O DA ELETROBRAS (ELET6) DEVE AVAN\u00c7AR | C\u00e2mara aprova teto para ICMS sobre combust\u00edveis | MORNING CALL | 26\/05 | Quinta-feira #ELET6 #ICMS #Eletrobras #ELET3 #Petrobras #PETR4\u2026\",\"duration\":\"PT22M33S\",\"embedUrl\":\"https:\/\/www.youtube.com\/embed\/y0PYhinv3Kc\",\"regionsAllowed\":\"pt-BR\",\"interactionStatistic\":{\"@type\":\"InteractionCounter\",\"interactionType\":{\"@type\":\"WatchAction\"},\"userInteractionCount\":1791},\"thumbnailUrl\":\"https:\/\/i.ytimg.com\/vi\/y0PYhinv3Kc\/default.jpg\",\"uploadDate\":\"2022-05-26T12:26:15Z\"}<\/script>\n\n\t<p>\n\t\t<a href=\"\" target=\"_blank\" data-element=\"shortcode-suno-banner\" title=\"Banner SUNO, clique e saiba mais\">\n\t\t\t<picture>\n\t\t\t\t<source media=\"(max-width: 500px)\" srcset=\"\">\n\t\t\t\t<img class=\"newsContent__article__imgCapa newsContent__article__imgCapa--banner\"\n\t\t\t\t\tsrc=\"\"\n\t\t\t\t\tdata-promo-id=\"240038\"\t\t\t\t\t\t\t\t\t\t\t\t\t\t\talt=\"\"\n\t\t\t\t>\n\t\t\t<\/picture>\n\t\t<\/a>\n\t<\/p>\n\n\n<p>A pergunta sobre a medida do ICMS em tramita\u00e7\u00e3o no Congresso Nacional foi feita no question\u00e1rio pr\u00e9-<strong>Copom<\/strong> e o <strong>BC<\/strong> pede tamb\u00e9m quanto do impacto estimado j\u00e1 est\u00e1 incorporado nas estimativas inflacion\u00e1rias.<\/p>\n<p>O pr\u00f3ximo encontro do Comit\u00ea de <a class=\"suno-keyword\" href=\"https:\/\/www.suno.com.br\/artigos\/politica-monetaria\/\" target=\"_blank\" rel=\"noopener\" data-force=\"no\" data-priority=\"1\">Pol\u00edtica Monet\u00e1ria<\/a> (<strong>Copom<\/strong>) ocorre nos dias 14 e 15 de junho. Atualmente, a taxa Selic est\u00e1 em 12,75% ao ano.<\/p>\n<p>O projeto j\u00e1 foi aprovado pela C\u00e2mara e est\u00e1 em tramita\u00e7\u00e3o no Senado, mas o Supremo Tribunal Federal (<strong>STF<\/strong>) j\u00e1 entrou no jogo para tentar um acordo entre o governo federal e os Estados.<\/p>\n<p>Na pr\u00e1tica, a medida aprovada na C\u00e2mara limita a<strong> al\u00edquota do ICMS<\/strong> cobrado sobre esses produtos a 17%.<\/p>\n\t<p>\n\t\t<a href=\"https:\/\/lp.suno.com.br\/planilha-controle-gastos\/\" target=\"_blank\" data-element=\"shortcode-suno-banner\" title=\"Banner SUNO, clique e saiba mais\">\n\t\t\t<picture>\n\t\t\t\t<source media=\"(max-width: 500px)\" srcset=\"https:\/\/files.sunoresearch.com.br\/n\/uploads\/2023\/03\/400x300-Planilha-controle-de-gastos.png\">\n\t\t\t\t<img class=\"newsContent__article__imgCapa newsContent__article__imgCapa--banner\"\n\t\t\t\t\tsrc=\"https:\/\/files.sunoresearch.com.br\/n\/uploads\/2023\/03\/1420x240-Planilha-controle-de-gastos.png\"\n\t\t\t\t\tdata-promo-id=\"101751\"\t\t\t\t\t\t\t\t\t\twidth='1420' height='240'\t\t\t\t\talt=\"https:\/\/files.sunoresearch.com.br\/n\/uploads\/2023\/03\/1420x240-Planilha-controle-de-gastos.png\"\n\t\t\t\t>\n\t\t\t<\/picture>\n\t\t<\/a>\n\t<\/p>\n\n\n<p>Outra novidade desse question\u00e1rio foi o pedido de detalhamento pelo BC das raz\u00f5es que provocaram mudan\u00e7as nas proje\u00e7\u00f5es de IPCA para 2022 e 2023 desde o \u00faltimo encontro do Copom, em maio.<\/p>\n<p>Atualmente, o foco da pol\u00edtica monet\u00e1ria se concentra todo no ano que vem, horizonte para o qual as proje\u00e7\u00f5es do mercado tamb\u00e9m j\u00e1 se mostram bem afastadas do centro da meta (3,25%).<\/p>\n<p>Da mesma forma, o BC pede para as institui\u00e7\u00f5es explicarem os principais riscos para as suas previs\u00f5es centrais.<\/p>\n<h2>Al\u00e9m da infla\u00e7\u00e3o, ICMS pode &#8216;mudar&#8217; PIB<\/h2>\n<p>Al\u00e9m disso, a autoridade monet\u00e1ria tamb\u00e9m perguntou, como de costume, quais s\u00e3o as proje\u00e7\u00f5es oficiais dos analistas para a <strong>infla\u00e7\u00e3o<\/strong>, assim como o vi\u00e9s, ou seja, se \u00e9 mais prov\u00e1vel continuarem est\u00e1veis, subirem ou ca\u00edrem.<\/p>\n\t<p>\n\t\t<a href=\"https:\/\/lp.suno.com.br\/planilha-da-vida-financeira\/\" target=\"_blank\" data-element=\"shortcode-suno-banner\" title=\"Banner SUNO, clique e saiba mais\">\n\t\t\t<picture>\n\t\t\t\t<source media=\"(max-width: 500px)\" srcset=\"https:\/\/files.sunoresearch.com.br\/n\/uploads\/2023\/04\/400x300-Planilha-vida-financeira-true.png\">\n\t\t\t\t<img class=\"newsContent__article__imgCapa newsContent__article__imgCapa--banner\"\n\t\t\t\t\tsrc=\"https:\/\/files.sunoresearch.com.br\/n\/uploads\/2023\/04\/1420x240-Planilha-vida-financeira-true.png\"\n\t\t\t\t\tdata-promo-id=\"106682\"\t\t\t\t\t\t\t\t\t\twidth='1420' height='240'\t\t\t\t\talt=\"https:\/\/files.sunoresearch.com.br\/n\/uploads\/2023\/04\/1420x240-Planilha-vida-financeira-true.png\"\n\t\t\t\t>\n\t\t\t<\/picture>\n\t\t<\/a>\n\t<\/p>\n\n\n<p>O restante do question\u00e1rio tamb\u00e9m repete edi\u00e7\u00f5es anteriores, com perguntas sobre as estimativas para o <a class=\"suno-keyword\" href=\"https:\/\/www.suno.com.br\/artigos\/pib-produto-interno-bruto\/\" target=\"_blank\" rel=\"noopener\" data-force=\"no\" data-priority=\"2\">Produto Interno Bruto (PIB)<\/a> do Brasil em 2022 e 2023, assim como da China, dos Estados Unidos e da <a class=\"suno-keyword\" href=\"https:\/\/www.suno.com.br\/artigos\/zona-do-euro\/\" target=\"_blank\" rel=\"noopener\" data-force=\"no\" data-priority=\"1\">Zona do Euro<\/a>.<\/p>\n<p>H\u00e1 tamb\u00e9m pedidos de proje\u00e7\u00f5es de infla\u00e7\u00e3o para essas regi\u00f5es, al\u00e9m de questionamentos sobre os principais riscos externos para o Brasil e sobre a evolu\u00e7\u00e3o da taxa de juros americana &#8211; assunto que tem movimentado os mercados recentemente.<\/p>\n<p>H\u00e1 ainda pedido de estimativas sobre o hiato do produto, o cr\u00e9dito, as contas externas e as vari\u00e1veis fiscais do Pa\u00eds, assim como um pedido de avalia\u00e7\u00e3o sobre a situa\u00e7\u00e3o das contas p\u00fablicas desde o \u00faltimo Copom.<\/p>\n<p class=\"newsProviderSignature\">Com Estad\u00e3o Conte\u00fado<\/p>\n\t<p>\n\t\t<a href=\"https:\/\/lp.suno.com.br\/ebook-como-analisar-uma-acao\/\" target=\"_blank\" data-element=\"shortcode-suno-banner\" title=\"Banner SUNO, clique e saiba mais\">\n\t\t\t<picture>\n\t\t\t\t<source media=\"(max-width: 500px)\" srcset=\"https:\/\/files.sunoresearch.com.br\/n\/uploads\/2023\/03\/Ebook-Acoes-Mobile-1.jpg\">\n\t\t\t\t<img class=\"newsContent__article__imgCapa newsContent__article__imgCapa--banner\"\n\t\t\t\t\tsrc=\"https:\/\/files.sunoresearch.com.br\/n\/uploads\/2023\/03\/Ebook-Acoes-Desktop-1.jpg\"\n\t\t\t\t\tdata-promo-id=\"171998\"\t\t\t\t\t\t\t\t\t\twidth='1420' height='286'\t\t\t\t\talt=\"https:\/\/files.sunoresearch.com.br\/n\/uploads\/2023\/03\/Ebook-Acoes-Desktop-1.jpg\"\n\t\t\t\t>\n\t\t\t<\/picture>\n\t\t<\/a>\n\t<\/p>\n\n\n","protected":false},"excerpt":{"rendered":"<p>Com a alta dos pre\u00e7os no centro do debate pol\u00edtico no Pa\u00eds, o Banco Central perguntou aos analistas do mercado financeiro o potencial impacto que uma aprova\u00e7\u00e3o da limita\u00e7\u00e3o da al\u00edquota de Imposto sobre Circula\u00e7\u00e3o de Mercadorias e Servi\u00e7os (ICMS) sobre os combust\u00edveis, energia, telecomunica\u00e7\u00f5es e transporte coletivo teria sobre as proje\u00e7\u00f5es de IPCA &#8211; [&hellip;]<\/p>\n","protected":false},"author":73,"featured_media":154190,"comment_status":"closed","ping_status":"closed","sticky":false,"template":"","format":"standard","meta":[],"categories":[62],"tags":[106444,1842,1086,850],"suno_strategy":[],"class_list":["post-264310","post","type-post","status-publish","format-standard","has-post-thumbnail","hentry","category-economia","tag-agencias","tag-banco-central-bc","tag-icms","tag-inflacao"],"yoast_head":"<!-- This site is optimized with the Yoast SEO plugin v24.4 - https:\/\/yoast.com\/wordpress\/plugins\/seo\/ -->\n<title>Qual ser\u00e1 o impacto do corte do ICMS na infla\u00e7\u00e3o?<\/title>\n<meta name=\"description\" content=\"A pergunta sobre a medida do ICMS em tramita\u00e7\u00e3o no Congresso Nacional foi feita no question\u00e1rio pr\u00e9-Copom. Clique aqui e leia mais.\" \/>\n<meta name=\"robots\" content=\"index, follow, max-snippet:-1, max-image-preview:large, max-video-preview:-1\" \/>\n<link rel=\"canonical\" href=\"https:\/\/www.suno.com.br\/noticias\/bc-icms-inflacao\/\" \/>\n<meta property=\"og:locale\" content=\"pt_BR\" \/>\n<meta property=\"og:type\" content=\"article\" \/>\n<meta property=\"og:title\" content=\"Qual ser\u00e1 o impacto do corte do ICMS na infla\u00e7\u00e3o?\" \/>\n<meta property=\"og:description\" content=\"A pergunta sobre a medida do ICMS em tramita\u00e7\u00e3o no Congresso Nacional foi feita no question\u00e1rio pr\u00e9-Copom. Clique aqui e leia mais.\" \/>\n<meta property=\"og:url\" content=\"https:\/\/www.suno.com.br\/noticias\/bc-icms-inflacao\/\" \/>\n<meta property=\"og:site_name\" content=\"Suno Not\u00edcias\" \/>\n<meta property=\"article:publisher\" content=\"https:\/\/facebook.com\/sunoresearch\" \/>\n<meta property=\"og:image\" content=\"https:\/\/files.sunoresearch.com.br\/n\/uploads\/2021\/06\/1163e868-fuel-1596622_1920.jpg\" \/>\n\t<meta property=\"og:image:width\" content=\"1920\" \/>\n\t<meta property=\"og:image:height\" content=\"1277\" \/>\n\t<meta property=\"og:image:type\" content=\"image\/jpeg\" \/>\n<meta name=\"author\" content=\"Eduardo Vargas\" \/>\n<meta name=\"twitter:card\" content=\"summary_large_image\" \/>\n<meta name=\"twitter:creator\" content=\"@sunoresearch\" \/>\n<meta name=\"twitter:site\" content=\"@sunoresearch\" \/>\n<meta name=\"twitter:label1\" content=\"Escrito por\" \/>\n\t<meta name=\"twitter:data1\" content=\"Eduardo Vargas\" \/>\n\t<meta name=\"twitter:label2\" content=\"Est. tempo de leitura\" \/>\n\t<meta name=\"twitter:data2\" content=\"2 minutos\" \/>\n<script type=\"application\/ld+json\" class=\"yoast-schema-graph\">{\"@context\":\"https:\/\/schema.org\",\"@graph\":[{\"@type\":\"NewsArticle\",\"@id\":\"https:\/\/www.suno.com.br\/noticias\/bc-icms-inflacao\/#article\",\"isPartOf\":{\"@id\":\"https:\/\/www.suno.com.br\/noticias\/bc-icms-inflacao\/\"},\"author\":{\"name\":\"Eduardo Vargas\",\"@id\":\"https:\/\/www.suno.com.br\/noticias\/#\/schema\/person\/7f4d362bf3518e76090143ae77bb49a5\"},\"headline\":\"Qual ser\u00e1 o impacto do corte do ICMS na infla\u00e7\u00e3o?\",\"datePublished\":\"2022-06-03T19:35:25+00:00\",\"mainEntityOfPage\":{\"@id\":\"https:\/\/www.suno.com.br\/noticias\/bc-icms-inflacao\/\"},\"wordCount\":486,\"publisher\":{\"@id\":\"https:\/\/www.suno.com.br\/noticias\/#organization\"},\"image\":{\"@id\":\"https:\/\/www.suno.com.br\/noticias\/bc-icms-inflacao\/#primaryimage\"},\"thumbnailUrl\":\"https:\/\/files.sunoresearch.com.br\/n\/uploads\/2021\/06\/1163e868-fuel-1596622_1920-jpg.webp\",\"keywords\":[\"Ag\u00eancias\",\"Banco Central (BC)\",\"ICMS\",\"infla\u00e7\u00e3o\"],\"articleSection\":[\"Economia\"],\"inLanguage\":\"pt-BR\"},{\"@type\":\"WebPage\",\"@id\":\"https:\/\/www.suno.com.br\/noticias\/bc-icms-inflacao\/\",\"url\":\"https:\/\/www.suno.com.br\/noticias\/bc-icms-inflacao\/\",\"name\":\"Qual ser\u00e1 o impacto do corte do ICMS na infla\u00e7\u00e3o?\",\"isPartOf\":{\"@id\":\"https:\/\/www.suno.com.br\/noticias\/#website\"},\"primaryImageOfPage\":{\"@id\":\"https:\/\/www.suno.com.br\/noticias\/bc-icms-inflacao\/#primaryimage\"},\"image\":{\"@id\":\"https:\/\/www.suno.com.br\/noticias\/bc-icms-inflacao\/#primaryimage\"},\"thumbnailUrl\":\"https:\/\/files.sunoresearch.com.br\/n\/uploads\/2021\/06\/1163e868-fuel-1596622_1920-jpg.webp\",\"datePublished\":\"2022-06-03T19:35:25+00:00\",\"description\":\"A pergunta sobre a medida do ICMS em tramita\u00e7\u00e3o no Congresso Nacional foi feita no question\u00e1rio pr\u00e9-Copom. Clique aqui e leia mais.\",\"breadcrumb\":{\"@id\":\"https:\/\/www.suno.com.br\/noticias\/bc-icms-inflacao\/#breadcrumb\"},\"inLanguage\":\"pt-BR\",\"potentialAction\":[{\"@type\":\"ReadAction\",\"target\":[\"https:\/\/www.suno.com.br\/noticias\/bc-icms-inflacao\/\"]}]},{\"@type\":\"ImageObject\",\"inLanguage\":\"pt-BR\",\"@id\":\"https:\/\/www.suno.com.br\/noticias\/bc-icms-inflacao\/#primaryimage\",\"url\":\"https:\/\/files.sunoresearch.com.br\/n\/uploads\/2021\/06\/1163e868-fuel-1596622_1920-jpg.webp\",\"contentUrl\":\"https:\/\/files.sunoresearch.com.br\/n\/uploads\/2021\/06\/1163e868-fuel-1596622_1920-jpg.webp\",\"width\":1920,\"height\":1277,\"caption\":\"ICMS, Foto:Pixabay\"},{\"@type\":\"BreadcrumbList\",\"@id\":\"https:\/\/www.suno.com.br\/noticias\/bc-icms-inflacao\/#breadcrumb\",\"itemListElement\":[{\"@type\":\"ListItem\",\"position\":1,\"name\":\"Not\u00edcias\",\"item\":\"https:\/\/www.suno.com.br\/noticias\/\"},{\"@type\":\"ListItem\",\"position\":2,\"name\":\"Economia\",\"item\":\"https:\/\/www.suno.com.br\/noticias\/economia\/\"},{\"@type\":\"ListItem\",\"position\":3,\"name\":\"Qual ser\u00e1 o impacto do corte do ICMS na infla\u00e7\u00e3o?\"}]},{\"@type\":\"WebSite\",\"@id\":\"https:\/\/www.suno.com.br\/noticias\/#website\",\"url\":\"https:\/\/www.suno.com.br\/noticias\/\",\"name\":\"Suno Not\u00edcias\",\"description\":\"Seu portal de informa\u00e7\u00e3o sobre o mundo dos investimentos\",\"publisher\":{\"@id\":\"https:\/\/www.suno.com.br\/noticias\/#organization\"},\"potentialAction\":[{\"@type\":\"SearchAction\",\"target\":{\"@type\":\"EntryPoint\",\"urlTemplate\":\"https:\/\/www.suno.com.br\/noticias\/?s={search_term_string}\"},\"query-input\":{\"@type\":\"PropertyValueSpecification\",\"valueRequired\":true,\"valueName\":\"search_term_string\"}}],\"inLanguage\":\"pt-BR\"},{\"@type\":\"Organization\",\"@id\":\"https:\/\/www.suno.com.br\/noticias\/#organization\",\"name\":\"Suno Not\u00edcias\",\"url\":\"https:\/\/www.suno.com.br\/noticias\/\",\"logo\":{\"@type\":\"ImageObject\",\"inLanguage\":\"pt-BR\",\"@id\":\"https:\/\/www.suno.com.br\/noticias\/#\/schema\/logo\/image\/\",\"url\":\"https:\/\/files.sunoresearch.com.br\/n\/uploads\/2021\/09\/suno-logo.png\",\"contentUrl\":\"https:\/\/files.sunoresearch.com.br\/n\/uploads\/2021\/09\/suno-logo.png\",\"width\":180,\"height\":180,\"caption\":\"Suno Not\u00edcias\"},\"image\":{\"@id\":\"https:\/\/www.suno.com.br\/noticias\/#\/schema\/logo\/image\/\"},\"sameAs\":[\"https:\/\/facebook.com\/sunoresearch\",\"https:\/\/x.com\/sunoresearch\",\"https:\/\/www.instagram.com\/suno\",\"https:\/\/www.linkedin.com\/company\/suno-research\/\",\"https:\/\/www.youtube.com\/c\/sunoresearch\"]},{\"@type\":\"Person\",\"@id\":\"https:\/\/www.suno.com.br\/noticias\/#\/schema\/person\/7f4d362bf3518e76090143ae77bb49a5\",\"name\":\"Eduardo Vargas\",\"image\":{\"@type\":\"ImageObject\",\"inLanguage\":\"pt-BR\",\"@id\":\"https:\/\/www.suno.com.br\/noticias\/#\/schema\/person\/image\/\",\"url\":\"https:\/\/secure.gravatar.com\/avatar\/dac340933427a22924c9f99d1eb2e3f2?s=96&r=g\",\"contentUrl\":\"https:\/\/secure.gravatar.com\/avatar\/dac340933427a22924c9f99d1eb2e3f2?s=96&r=g\",\"caption\":\"Eduardo Vargas\"},\"description\":\"Jornalista formado pela UFSC, cobre macroeconomia, neg\u00f3cios e startups para o Suno Not\u00edcias, escrevendo principalmente not\u00edcias sobre o mercado financeiro e a bolsa de valores. No YouTube e no Instagram, \u00e9 respons\u00e1vel pela produ\u00e7\u00e3o de Reels e Shorts do Suno Not\u00edcias. Anteriormente, trabalhou cobrindo economia e cotidiano no ND+ e para o ND, maior jornal impresso de Santa Catarina. Cursou um semestre letivo de Estudos de M\u00eddia na Universidad de Buenos Aires.\",\"url\":\"https:\/\/www.suno.com.br\/noticias\/author\/eduardo-vargas\/\"}]}<\/script>\n<!-- \/ Yoast SEO plugin. -->","yoast_head_json":{"title":"Qual ser\u00e1 o impacto do corte do ICMS na infla\u00e7\u00e3o?","description":"A pergunta sobre a medida do ICMS em tramita\u00e7\u00e3o no Congresso Nacional foi feita no question\u00e1rio pr\u00e9-Copom. Clique aqui e leia mais.","robots":{"index":"index","follow":"follow","max-snippet":"max-snippet:-1","max-image-preview":"max-image-preview:large","max-video-preview":"max-video-preview:-1"},"canonical":"https:\/\/www.suno.com.br\/noticias\/bc-icms-inflacao\/","og_locale":"pt_BR","og_type":"article","og_title":"Qual ser\u00e1 o impacto do corte do ICMS na infla\u00e7\u00e3o?","og_description":"A pergunta sobre a medida do ICMS em tramita\u00e7\u00e3o no Congresso Nacional foi feita no question\u00e1rio pr\u00e9-Copom. Clique aqui e leia mais.","og_url":"https:\/\/www.suno.com.br\/noticias\/bc-icms-inflacao\/","og_site_name":"Suno Not\u00edcias","article_publisher":"https:\/\/facebook.com\/sunoresearch","og_image":[{"width":1920,"height":1277,"url":"https:\/\/files.sunoresearch.com.br\/n\/uploads\/2021\/06\/1163e868-fuel-1596622_1920.jpg","type":"image\/jpeg"}],"author":"Eduardo Vargas","twitter_card":"summary_large_image","twitter_creator":"@sunoresearch","twitter_site":"@sunoresearch","twitter_misc":{"Escrito por":"Eduardo Vargas","Est. tempo de leitura":"2 minutos"},"schema":{"@context":"https:\/\/schema.org","@graph":[{"@type":"NewsArticle","@id":"https:\/\/www.suno.com.br\/noticias\/bc-icms-inflacao\/#article","isPartOf":{"@id":"https:\/\/www.suno.com.br\/noticias\/bc-icms-inflacao\/"},"author":{"name":"Eduardo Vargas","@id":"https:\/\/www.suno.com.br\/noticias\/#\/schema\/person\/7f4d362bf3518e76090143ae77bb49a5"},"headline":"Qual ser\u00e1 o impacto do corte do ICMS na infla\u00e7\u00e3o?","datePublished":"2022-06-03T19:35:25+00:00","mainEntityOfPage":{"@id":"https:\/\/www.suno.com.br\/noticias\/bc-icms-inflacao\/"},"wordCount":486,"publisher":{"@id":"https:\/\/www.suno.com.br\/noticias\/#organization"},"image":{"@id":"https:\/\/www.suno.com.br\/noticias\/bc-icms-inflacao\/#primaryimage"},"thumbnailUrl":"https:\/\/files.sunoresearch.com.br\/n\/uploads\/2021\/06\/1163e868-fuel-1596622_1920-jpg.webp","keywords":["Ag\u00eancias","Banco Central (BC)","ICMS","infla\u00e7\u00e3o"],"articleSection":["Economia"],"inLanguage":"pt-BR"},{"@type":"WebPage","@id":"https:\/\/www.suno.com.br\/noticias\/bc-icms-inflacao\/","url":"https:\/\/www.suno.com.br\/noticias\/bc-icms-inflacao\/","name":"Qual ser\u00e1 o impacto do corte do ICMS na infla\u00e7\u00e3o?","isPartOf":{"@id":"https:\/\/www.suno.com.br\/noticias\/#website"},"primaryImageOfPage":{"@id":"https:\/\/www.suno.com.br\/noticias\/bc-icms-inflacao\/#primaryimage"},"image":{"@id":"https:\/\/www.suno.com.br\/noticias\/bc-icms-inflacao\/#primaryimage"},"thumbnailUrl":"https:\/\/files.sunoresearch.com.br\/n\/uploads\/2021\/06\/1163e868-fuel-1596622_1920-jpg.webp","datePublished":"2022-06-03T19:35:25+00:00","description":"A pergunta sobre a medida do ICMS em tramita\u00e7\u00e3o no Congresso Nacional foi feita no question\u00e1rio pr\u00e9-Copom. Clique aqui e leia mais.","breadcrumb":{"@id":"https:\/\/www.suno.com.br\/noticias\/bc-icms-inflacao\/#breadcrumb"},"inLanguage":"pt-BR","potentialAction":[{"@type":"ReadAction","target":["https:\/\/www.suno.com.br\/noticias\/bc-icms-inflacao\/"]}]},{"@type":"ImageObject","inLanguage":"pt-BR","@id":"https:\/\/www.suno.com.br\/noticias\/bc-icms-inflacao\/#primaryimage","url":"https:\/\/files.sunoresearch.com.br\/n\/uploads\/2021\/06\/1163e868-fuel-1596622_1920-jpg.webp","contentUrl":"https:\/\/files.sunoresearch.com.br\/n\/uploads\/2021\/06\/1163e868-fuel-1596622_1920-jpg.webp","width":1920,"height":1277,"caption":"ICMS, Foto:Pixabay"},{"@type":"BreadcrumbList","@id":"https:\/\/www.suno.com.br\/noticias\/bc-icms-inflacao\/#breadcrumb","itemListElement":[{"@type":"ListItem","position":1,"name":"Not\u00edcias","item":"https:\/\/www.suno.com.br\/noticias\/"},{"@type":"ListItem","position":2,"name":"Economia","item":"https:\/\/www.suno.com.br\/noticias\/economia\/"},{"@type":"ListItem","position":3,"name":"Qual ser\u00e1 o impacto do corte do ICMS na infla\u00e7\u00e3o?"}]},{"@type":"WebSite","@id":"https:\/\/www.suno.com.br\/noticias\/#website","url":"https:\/\/www.suno.com.br\/noticias\/","name":"Suno Not\u00edcias","description":"Seu portal de informa\u00e7\u00e3o sobre o mundo dos investimentos","publisher":{"@id":"https:\/\/www.suno.com.br\/noticias\/#organization"},"potentialAction":[{"@type":"SearchAction","target":{"@type":"EntryPoint","urlTemplate":"https:\/\/www.suno.com.br\/noticias\/?s={search_term_string}"},"query-input":{"@type":"PropertyValueSpecification","valueRequired":true,"valueName":"search_term_string"}}],"inLanguage":"pt-BR"},{"@type":"Organization","@id":"https:\/\/www.suno.com.br\/noticias\/#organization","name":"Suno Not\u00edcias","url":"https:\/\/www.suno.com.br\/noticias\/","logo":{"@type":"ImageObject","inLanguage":"pt-BR","@id":"https:\/\/www.suno.com.br\/noticias\/#\/schema\/logo\/image\/","url":"https:\/\/files.sunoresearch.com.br\/n\/uploads\/2021\/09\/suno-logo.png","contentUrl":"https:\/\/files.sunoresearch.com.br\/n\/uploads\/2021\/09\/suno-logo.png","width":180,"height":180,"caption":"Suno Not\u00edcias"},"image":{"@id":"https:\/\/www.suno.com.br\/noticias\/#\/schema\/logo\/image\/"},"sameAs":["https:\/\/facebook.com\/sunoresearch","https:\/\/x.com\/sunoresearch","https:\/\/www.instagram.com\/suno","https:\/\/www.linkedin.com\/company\/suno-research\/","https:\/\/www.youtube.com\/c\/sunoresearch"]},{"@type":"Person","@id":"https:\/\/www.suno.com.br\/noticias\/#\/schema\/person\/7f4d362bf3518e76090143ae77bb49a5","name":"Eduardo Vargas","image":{"@type":"ImageObject","inLanguage":"pt-BR","@id":"https:\/\/www.suno.com.br\/noticias\/#\/schema\/person\/image\/","url":"https:\/\/secure.gravatar.com\/avatar\/dac340933427a22924c9f99d1eb2e3f2?s=96&r=g","contentUrl":"https:\/\/secure.gravatar.com\/avatar\/dac340933427a22924c9f99d1eb2e3f2?s=96&r=g","caption":"Eduardo Vargas"},"description":"Jornalista formado pela UFSC, cobre macroeconomia, neg\u00f3cios e startups para o Suno Not\u00edcias, escrevendo principalmente not\u00edcias sobre o mercado financeiro e a bolsa de valores. No YouTube e no Instagram, \u00e9 respons\u00e1vel pela produ\u00e7\u00e3o de Reels e Shorts do Suno Not\u00edcias. Anteriormente, trabalhou cobrindo economia e cotidiano no ND+ e para o ND, maior jornal impresso de Santa Catarina. Cursou um semestre letivo de Estudos de M\u00eddia na Universidad de Buenos Aires.","url":"https:\/\/www.suno.com.br\/noticias\/author\/eduardo-vargas\/"}]}},"default_loop_html":"<div class=\"cardsPage__listCard__boxs\"><div class=\"cardsPage__listCard__boxs__img\"><a href=\"https:\/\/www.suno.com.br\/noticias\/bc-icms-inflacao\/\"><img class=\"mask\" src=\"https:\/\/www.suno.com.br\/noticias\/wp-content\/themes\/suno\/resources\/images\/spotlight\/spotlight1img\/bg-mask.png\" alt=\"Image Mask\"\/><img src=\"https:\/\/files.sunoresearch.com.br\/n\/uploads\/2021\/06\/1163e868-fuel-1596622_1920-400x200.webp\" alt=\"Qual ser\u00e1 o impacto do corte do ICMS na infla\u00e7\u00e3o?\"\/><\/a><span class=\"spotlightCategory\"><a href=\"https:\/\/www.suno.com.br\/noticias\/economia\/\">Economia<\/a><\/span><\/div><div class=\"cardsPage__listCard__boxs__content\"><a href=\"https:\/\/www.suno.com.br\/noticias\/bc-icms-inflacao\/\"><h2 class=\"content__title\">Qual ser\u00e1 o impacto do corte do ICMS na infla\u00e7\u00e3o?<\/h2><\/a><div class=\"newsContent__article__meta\"><div class=\"newsContent__article__meta__authorBox\"><a href=\"https:\/\/www.suno.com.br\/noticias\/author\/eduardo-vargas\/\" class=\"authorBox__avatar noMobi\"><img src=\"https:\/\/secure.gravatar.com\/avatar\/dac340933427a22924c9f99d1eb2e3f2?s=96&#038;r=g\" alt=\"Eduardo Vargas\"><\/a><div class=\"authorBox__name\"><span>por\n\t\t\t<a href=\"https:\/\/www.suno.com.br\/noticias\/author\/eduardo-vargas\/\"><span itemprop=\"author\">Eduardo Vargas<\/span><\/a><\/span><time datetime=\"2022-06-03T16:35:25-03:00\" itemprop=\"datePublished\">03\/06\/2022 16:35<\/time><\/div><\/div><\/div><\/div><\/div>","single_layout":"posts","amp_enabled":true,"_links":{"self":[{"href":"https:\/\/www.suno.com.br\/noticias\/wp-json\/wp\/v2\/posts\/264310"}],"collection":[{"href":"https:\/\/www.suno.com.br\/noticias\/wp-json\/wp\/v2\/posts"}],"about":[{"href":"https:\/\/www.suno.com.br\/noticias\/wp-json\/wp\/v2\/types\/post"}],"author":[{"embeddable":true,"href":"https:\/\/www.suno.com.br\/noticias\/wp-json\/wp\/v2\/users\/73"}],"replies":[{"embeddable":true,"href":"https:\/\/www.suno.com.br\/noticias\/wp-json\/wp\/v2\/comments?post=264310"}],"version-history":[{"count":2,"href":"https:\/\/www.suno.com.br\/noticias\/wp-json\/wp\/v2\/posts\/264310\/revisions"}],"predecessor-version":[{"id":264375,"href":"https:\/\/www.suno.com.br\/noticias\/wp-json\/wp\/v2\/posts\/264310\/revisions\/264375"}],"wp:featuredmedia":[{"embeddable":true,"href":"https:\/\/www.suno.com.br\/noticias\/wp-json\/wp\/v2\/media\/154190"}],"wp:attachment":[{"href":"https:\/\/www.suno.com.br\/noticias\/wp-json\/wp\/v2\/media?parent=264310"}],"wp:term":[{"taxonomy":"category","embeddable":true,"href":"https:\/\/www.suno.com.br\/noticias\/wp-json\/wp\/v2\/categories?post=264310"},{"taxonomy":"post_tag","embeddable":true,"href":"https:\/\/www.suno.com.br\/noticias\/wp-json\/wp\/v2\/tags?post=264310"},{"taxonomy":"suno_strategy","embeddable":true,"href":"https:\/\/www.suno.com.br\/noticias\/wp-json\/wp\/v2\/suno_strategy?post=264310"}],"curies":[{"name":"wp","href":"https:\/\/api.w.org\/{rel}","templated":true}]}}