{"id":263999,"date":"2022-06-02T23:00:14","date_gmt":"2022-06-03T02:00:14","guid":{"rendered":"https:\/\/www.suno.com.br\/noticias\/?p=263999"},"modified":"2022-06-02T23:02:25","modified_gmt":"2022-06-03T02:02:25","slug":"radar-banco-inter-bidi4-eletrobras-elet3-nubank-nubr33","status":"publish","type":"post","link":"https:\/\/www.suno.com.br\/noticias\/radar-banco-inter-bidi4-eletrobras-elet3-nubank-nubr33\/","title":{"rendered":"Radar: Banco Inter (BIDI4) mais perto da Nasdaq, Eletrobras (ELET3) deve atrair R$ 8 bi de pessoas f\u00edsicas, Nubank (NUBR33) salta 15%"},"content":{"rendered":"<p>A reorganiza\u00e7\u00e3o societ\u00e1ria do <strong>Banco Inter<\/strong> (BIDI4) foi homologada nesta quinta-feira (2) pelo <a class=\"suno-keyword\" href=\"https:\/\/www.suno.com.br\/artigos\/bacen\/\" target=\"_blank\" rel=\"noopener\" data-force=\"no\" data-priority=\"3\">Banco Central (BC)<\/a>, ap\u00f3s a aprova\u00e7\u00e3o da Assembleia Geral Extraordin\u00e1ria (AGE) realizada pela empresa no dia 12 de maio. A informa\u00e7\u00e3o foi divulgada pelo banco em <strong><a class=\"suno-keyword\" href=\"https:\/\/www.suno.com.br\/artigos\/fato-relevante\/\" target=\"_blank\" rel=\"noopener\" data-force=\"no\" data-priority=\"1\">fato relevante<\/a><\/strong>.<\/p>\t<div class=\"wrapper-featured-image\">\n\t\t<figure class=\"spotlightImg\">\n\n\t\t\t<picture>\n\t\t\t\t<source media=\"(max-width: 768px)\" srcset=\"https:\/\/files.sunoresearch.com.br\/n\/uploads\/2022\/06\/Banco-Inter-BIDI4-400x200.jpg\">\n\t\t\t\t<img loading=\"lazy\" decoding=\"async\" class=\"newsContent__article__imgCapa lazyloadDisabled \" src=\"https:\/\/files.sunoresearch.com.br\/n\/uploads\/2022\/06\/Banco-Inter-BIDI4-800x450.jpg\" width=\"800\" height=\"450\" alt=\"Radar: Banco Inter (BIDI4) mais perto da Nasdaq, Eletrobras (ELET3) deve atrair R$ 8 bi de pessoas f\u00edsicas, Nubank (NUBR33) salta 15%\" fetchpriority=high \/>\n\t\t\t<\/picture>\n\n\t\t\t<figcaption class=\"wp-caption-text wp-caption-text--show\">Banco Inter. Foto: Marcelo Ricardo Daros\/Shutterstock.<\/figcaption>\n\t\t<\/figure>\n\t<\/div>\n\n\n\t<p>\n\t\t<a href=\"\" target=\"_blank\" data-element=\"shortcode-suno-banner\" title=\"Banner SUNO, clique e saiba mais\">\n\t\t\t<picture>\n\t\t\t\t<source media=\"(max-width: 500px)\" srcset=\"\">\n\t\t\t\t<img class=\"newsContent__article__imgCapa newsContent__article__imgCapa--banner\"\n\t\t\t\t\tsrc=\"\"\n\t\t\t\t\tdata-promo-id=\"89005\"\t\t\t\t\t\t\t\t\t\t\t\t\t\t\talt=\"\"\n\t\t\t\t>\n\t\t\t<\/picture>\n\t\t<\/a>\n\t<\/p>\n\n\n<p>Com a aprova\u00e7\u00e3o da <strong>reorganiza\u00e7\u00e3o societ\u00e1ria<\/strong>, o Banco Inter pretende migrar a sua base acion\u00e1ria para o Inter&amp;Co, sociedade constitu\u00edda conforme e legisla\u00e7\u00e3o de Cayman, com o fim de se inserir como empresa de <strong>capital aberto<\/strong> nas bolsas de valores americanas, no \u00edndice Nasdaq.<\/p>\n<p>O banco ter\u00e1 tamb\u00e9m negocia\u00e7\u00e3o de certificados de dep\u00f3sito de valores mobili\u00e1rios (<a class=\"suno-keyword\" href=\"https:\/\/www.suno.com.br\/bdrs\/\" target=\"_blank\" rel=\"noopener\" data-force=\"yes\" data-priority=\"2\">BDRs<\/a> N\u00edvel I), lastreados em a\u00e7\u00f5es de Class A na <a class=\"suno-keyword\" href=\"https:\/\/www.suno.com.br\/acoes\/B3SA3\/\" target=\"_blank\" rel=\"noopener\" data-force=\"yes\" data-priority=\"2\">B3 (B3SA3)<\/a>.<\/p>\n<p>Apesar da aprova\u00e7\u00e3o do Banco Central, ainda \u00e9 preciso verificar se o Inter cumpre com as condi\u00e7\u00f5es pr\u00e9-estabelecidas de desembolso.<\/p>\n<p>Outro passo importante \u00e9 cumprir as condi\u00e7\u00f5es de financiamento com as <a class=\"suno-keyword\" href=\"https:\/\/www.suno.com.br\/artigos\/instituicoes-financeiras\/\" target=\"_blank\" rel=\"noopener\" data-force=\"no\" data-priority=\"1\">institui\u00e7\u00f5es financeiras<\/a> contratadas, que pode ter um valor de at\u00e9 R$ 1,150 bilh\u00e3o.<\/p>\n<p>Recentemente, no final do m\u00eas anterior, o Banco Inter chegou a movimentar um volume de R$ 1,13 bilh\u00e3o com as suas op\u00e7\u00f5es de <strong>cash-out<\/strong> \u2013 quando o acionista prefere receber o valor das suas a\u00e7\u00f5es em dinheiro.<\/p>\n\t<p>\n\t\t<a href=\"https:\/\/lp.suno.com.br\/planilha-controle-gastos\/\" target=\"_blank\" data-element=\"shortcode-suno-banner\" title=\"Banner SUNO, clique e saiba mais\">\n\t\t\t<picture>\n\t\t\t\t<source media=\"(max-width: 500px)\" srcset=\"https:\/\/files.sunoresearch.com.br\/n\/uploads\/2023\/03\/400x300-Planilha-controle-de-gastos.png\">\n\t\t\t\t<img class=\"newsContent__article__imgCapa newsContent__article__imgCapa--banner\"\n\t\t\t\t\tsrc=\"https:\/\/files.sunoresearch.com.br\/n\/uploads\/2023\/03\/1420x240-Planilha-controle-de-gastos.png\"\n\t\t\t\t\tdata-promo-id=\"101751\"\t\t\t\t\t\t\t\t\t\twidth='1420' height='240'\t\t\t\t\talt=\"https:\/\/files.sunoresearch.com.br\/n\/uploads\/2023\/03\/1420x240-Planilha-controle-de-gastos.png\"\n\t\t\t\t>\n\t\t\t<\/picture>\n\t\t<\/a>\n\t<\/p>\n\n\n<p>Com o an\u00fancio da sa\u00edda da fintech da bolsa brasileira, os acionistas do Banco Inter tiveram at\u00e9 o dia 20 do passado m\u00eas para informar se prefeririam receber BDRs ou dinheiro no lugar das a\u00e7\u00f5es BIDI11 ou BIDI4, que ser\u00e3o deslistadas.<\/p>\n<p>A institui\u00e7\u00e3o pagou o cash-out com base na m\u00e9dia ponderada dos \u00faltimos 30 dias de negocia\u00e7\u00e3o antes do an\u00fancio, equivalente a R$ 19,35 por unit.<\/p>\n<p>Al\u00e9m do <strong>Banco Inter<\/strong>, confira outros destaques desta quinta-feira:<\/p>\n<h2>Eletrobras (ELET3) deve atrair R$ 8 bi de pessoas f\u00edsicas que querem ser acionistas<\/h2>\n<ul>\n<li>A <a class=\"suno-keyword\" href=\"https:\/\/www.suno.com.br\/artigos\/oferta-de-acoes\/\" target=\"_blank\" rel=\"noopener\" data-force=\"no\" data-priority=\"1\">oferta de a\u00e7\u00f5es<\/a> da <strong>Eletrobras<\/strong> (ELET3) dever\u00e1 atrair um alto volume de pessoas f\u00edsicas em opera\u00e7\u00e3o que marcar\u00e1 a privatiza\u00e7\u00e3o da estatal de energia.<\/li>\n<li>Estima-se que a participa\u00e7\u00e3o do varejo chegue a R$ 8 bilh\u00f5es, de um total de mais de R$ 30 bilh\u00f5es previstos para a oferta, com a possibilidade de que pessoas f\u00edsicas utilizem o Fundo de Garantia de Tempo de Servi\u00e7o (FGTS) para <strong>investir nas a\u00e7\u00f5es da empresa<\/strong>.<\/li>\n<li>Poder\u00e1 ser utilizado at\u00e9 50% do saldo das contas, com o limite de R$ 50 mil por indiv\u00edduo.<\/li>\n<li>O prospecto da oferta de a\u00e7\u00f5es limita tamb\u00e9m que o uso do FGTS n\u00e3o ultrapasse o total de R$ 6 bilh\u00f5es.<\/li>\n<li>Os bancos que coordenam a opera\u00e7\u00e3o preveem que esse grupo compre at\u00e9 R$ 5 bilh\u00f5es em a\u00e7\u00f5es.<\/li>\n<li>Os investidores acreditam que com a <strong>desestatiza\u00e7\u00e3o da Eletrobras<\/strong>, as a\u00e7\u00f5es da companhia podem ter uma forte valoriza\u00e7\u00e3o no mercado.<\/li>\n<li>O interesse por fatias da companhia tem aumentado nos \u00faltimos meses, com v\u00e1rios players do mercado aguardando pelo movimento de privatiza\u00e7\u00e3o. De acordo com apura\u00e7\u00f5es do Estad\u00e3o, grandes investidores mostraram apetite para comprar R$ 30 bilh\u00f5es em a\u00e7\u00f5es da estatal \u2013 ou seja, quase o total ofertado, apurou o Estad\u00e3o.<\/li>\n<li>Contudo, uma regula\u00e7\u00e3o instaurada pelos bancos que assessoram a oferta limitam o volume que os chamados fundos \u00e2ncoras podem comprar, permitindo apenas, como m\u00e1ximo, a aquisi\u00e7\u00e3o da metade da oferta \u2013 ou seja, R$ 15 bilh\u00f5es.<\/li>\n<li>Os chamados investidores priorit\u00e1rios, como os atuais acionistas minorit\u00e1rios, devem ficar com um volume que pode variar entre R$ 3 bilh\u00f5es e R$ 5 bilh\u00f5es.<\/li>\n<\/ul>\n<h2 class=\"newsContent__article__title\">Sinal de retomada? A\u00e7\u00e3o do Nubank (NUBR33) salta 15%; entenda por qu\u00ea<\/h2>\n\t<p>\n\t\t<a href=\"https:\/\/lp.suno.com.br\/planilha-da-vida-financeira\/\" target=\"_blank\" data-element=\"shortcode-suno-banner\" title=\"Banner SUNO, clique e saiba mais\">\n\t\t\t<picture>\n\t\t\t\t<source media=\"(max-width: 500px)\" srcset=\"https:\/\/files.sunoresearch.com.br\/n\/uploads\/2023\/04\/400x300-Planilha-vida-financeira-true.png\">\n\t\t\t\t<img class=\"newsContent__article__imgCapa newsContent__article__imgCapa--banner\"\n\t\t\t\t\tsrc=\"https:\/\/files.sunoresearch.com.br\/n\/uploads\/2023\/04\/1420x240-Planilha-vida-financeira-true.png\"\n\t\t\t\t\tdata-promo-id=\"106682\"\t\t\t\t\t\t\t\t\t\twidth='1420' height='240'\t\t\t\t\talt=\"https:\/\/files.sunoresearch.com.br\/n\/uploads\/2023\/04\/1420x240-Planilha-vida-financeira-true.png\"\n\t\t\t\t>\n\t\t\t<\/picture>\n\t\t<\/a>\n\t<\/p>\n\n\n<ul>\n<li>Ap\u00f3s v\u00e1rias quedas dram\u00e1ticas ao longo do m\u00eas de maio, o <strong>Nubank<\/strong> (NUBR33) viu suas a\u00e7\u00f5es subirem consideravelmente do in\u00edcio ao fim do preg\u00e3o desta quinta-feira (2), com <strong>ganhos de 15,93%<\/strong> nas suas a\u00e7\u00f5es, negociadas na Nasdaq a US$ 4,44 no encerramento do dia.<\/li>\n<li>Ainda, o <a class=\"suno-keyword\" href=\"https:\/\/www.suno.com.br\/bdrs\/\" target=\"_blank\" rel=\"noopener\" data-force=\"yes\" data-priority=\"2\">BDR<\/a> do Nubank negociado na B3 (B3SA3) fechou com <strong>valoriza\u00e7\u00e3o de 13,64%<\/strong>, a R$ 3,50.<\/li>\n<li>Para Alexandre Achui, head da Mesa Private de a\u00e7\u00f5es e s\u00f3cio da BRA, os ativos da fintech dispararam devido ao fluxo de rota\u00e7\u00e3o setorial decorrente da sa\u00edda de a\u00e7\u00f5es de bancos tradicionais e commodities, com entrada nas a\u00e7\u00f5es de tecnologia mais descontadas.<\/li>\n<li>Em Nova York, a Nasdaq subiu 2,69% nesta quinta-feira, a 12.316,90 pontos, com os setores de tecnologia e servi\u00e7os de comunica\u00e7\u00e3o entre as maiores altas di\u00e1rias.<\/li>\n<li>A Oanda v\u00ea investidores divididos entre o temor de uma recess\u00e3o e a possibilidade de que a piora na atividade fa\u00e7a o <a class=\"suno-keyword\" href=\"https:\/\/www.suno.com.br\/artigos\/fed\/\" target=\"_blank\" rel=\"noopener\" data-force=\"no\" data-priority=\"2\">Federal Reserve (Fed)<\/a> moderar em sua trajet\u00f3ria de <strong>eleva\u00e7\u00e3o dos juros<\/strong>.<\/li>\n<li>Segundo ela, alguns operadores acreditam que o payroll (dado de emprego) de hoje apresenta uma demanda por trabalho mais fraca, o que poderia \u201creduzir algumas das preocupa\u00e7\u00f5es com a infla\u00e7\u00e3o\u201d.<\/li>\n<\/ul>\n<h2 class=\"newsContent__article__title\">Camil (CAML3) pagar\u00e1 R$ 25 milh\u00f5es em JCP; veja o valor por a\u00e7\u00e3o<\/h2>\n<ul>\n<li>Nesta quinta-feira (2), a <strong>Camil<\/strong> (CAML3) anunciou que vai pagar R$ 25 milh\u00f5es em <a class=\"suno-keyword\" href=\"https:\/\/www.suno.com.br\/artigos\/entenda-o-jcp\/\" target=\"_blank\" rel=\"noopener\" data-force=\"no\" data-priority=\"1\">Juros Sobre Capital Pr\u00f3prio<\/a> (JCP) aos seus acionistas.<\/li>\n<li>De acordo com o <strong>fato relevante <\/strong>arquivado na Comiss\u00e3o de Valores Mobili\u00e1rios (CVM), o valor bruto dos proventos por a\u00e7\u00e3o ser\u00e1 de R$ 0,069, que ser\u00e3o pagos no dia 10 de junho de deste ano.<\/li>\n<li>Os investidores que possu\u00edam a\u00e7\u00f5es da Camil ontem, 1\u00ba de junho, ter\u00e3o direito de receber os rendimentos.<\/li>\n<li>A partir desta quinta-feira, 2 de junho, as a\u00e7\u00f5es ser\u00e3o negociadas sem direito aos <strong><a class=\"suno-keyword\" href=\"https:\/\/www.suno.com.br\/guias\/dividendos\/\" target=\"_blank\" rel=\"noopener\" data-force=\"no\" data-priority=\"1\">dividendos<\/a><\/strong>.<\/li>\n<li>O valor dos JCP ter\u00e1 reten\u00e7\u00e3o do imposto de renda na fonte, com al\u00edquota de 15%, resultando em aproximadamente R$ 0,059 por a\u00e7\u00e3o.<\/li>\n<\/ul>\n<p><strong>Confira o JCP da Camil<\/strong><\/p>\n<ul>\n<li>Valor total: R$ 25 milh\u00f5es<\/li>\n<li>Valor por a\u00e7\u00e3o: R$ 0,069719118<\/li>\n<li>Data de corte: 1\u00ba de junho<\/li>\n<li>Data do pagamento: 10 de junho<\/li>\n<li>Rendimento (dividend yield): 3%<\/li>\n<\/ul>\n\t<p>\n\t\t<a href=\"https:\/\/lp.suno.com.br\/ebook-como-analisar-uma-acao\/\" target=\"_blank\" data-element=\"shortcode-suno-banner\" title=\"Banner SUNO, clique e saiba mais\">\n\t\t\t<picture>\n\t\t\t\t<source media=\"(max-width: 500px)\" srcset=\"https:\/\/files.sunoresearch.com.br\/n\/uploads\/2023\/03\/Ebook-Acoes-Mobile-1.jpg\">\n\t\t\t\t<img class=\"newsContent__article__imgCapa newsContent__article__imgCapa--banner\"\n\t\t\t\t\tsrc=\"https:\/\/files.sunoresearch.com.br\/n\/uploads\/2023\/03\/Ebook-Acoes-Desktop-1.jpg\"\n\t\t\t\t\tdata-promo-id=\"171998\"\t\t\t\t\t\t\t\t\t\twidth='1420' height='286'\t\t\t\t\talt=\"https:\/\/files.sunoresearch.com.br\/n\/uploads\/2023\/03\/Ebook-Acoes-Desktop-1.jpg\"\n\t\t\t\t>\n\t\t\t<\/picture>\n\t\t<\/a>\n\t<\/p>\n\n\n<h2 class=\"newsContent__article__title\">P\u00e3o de A\u00e7\u00facar (PCAR3) vende a\u00e7\u00f5es do \u00c9xito e embolsa R$ 390 mi; XP v\u00ea pap\u00e9is valorizados<\/h2>\n<ul>\n<li><strong>O P\u00e3o de A\u00e7\u00facar<\/strong> (PCAR3) aderiu ao programa de <a class=\"suno-keyword\" href=\"https:\/\/www.suno.com.br\/artigos\/recompra-de-acoes\/\" target=\"_blank\" rel=\"noopener\" data-force=\"no\" data-priority=\"1\">recompra de a\u00e7\u00f5es<\/a> do \u00c9xito e deve receber um montante pr\u00f3ximo de R$ 390 milh\u00f5es at\u00e9 o final do segundo trimestre pela companhia colombiana. A informa\u00e7\u00e3o foi divulgada pelo grupo brasileiro em <strong>fato relevante<\/strong>.<\/li>\n<li>A a varejista de alimentos possui 96,57% do capital social da empresa colombiana, sendo 91,57% detidos diretamente, e os remanescentes 3,5% detidos pela sua subsidi\u00e1ria GPA2 Empreendimentos.<\/li>\n<li>De acordo com o fato relevante, o plano de recompra do \u00c9xito possibilita que cada acionista venda at\u00e9 3,4% de sua participa\u00e7\u00e3o na empresa.<\/li>\n<li>\u201cO valor da venda dessa participa\u00e7\u00e3o corresponde, aproximadamente, a 7,5% do <a class=\"suno-keyword\" href=\"https:\/\/www.suno.com.br\/artigos\/valor-de-mercado\/\" target=\"_blank\" rel=\"noopener\" data-force=\"no\" data-priority=\"1\">valor de mercado<\/a> atual do P\u00e3o de A\u00e7\u00facar, o que evidencia o forte desconto embutido atualmente em suas a\u00e7\u00f5es,\u201d avalia a Ativa Investimentos.<\/li>\n<li>De acordo com o P\u00e3o de A\u00e7\u00facar, o programa de <strong>recompra das a\u00e7\u00f5es<\/strong> foi criado para reagir \u00e0 alta valoriza\u00e7\u00e3o das a\u00e7\u00f5es do \u00c9xito, comparado ao pre\u00e7o sugerido por outra companhia que avaliou financeiramente a empresa.<\/li>\n<li>Em rela\u00e7\u00e3o ao programa, a XP Investimentos comentou que, com ele, o valuation impl\u00edcito da participa\u00e7\u00e3o do P\u00e3o de A\u00e7\u00facar \u00e9 de aproximadamente R$ 11,4 bilh\u00f5es \u201cvs. o valor de mercado atual de PCAR3 em R$ 5,3bi (baseado no fechamento de 1\u00ba de junho)\u201d.<\/li>\n<li>No relat\u00f3rio, a XP manteve a recomenda\u00e7\u00e3o neutra e <a class=\"suno-keyword\" href=\"https:\/\/www.suno.com.br\/artigos\/preco-alvo\/\" target=\"_blank\" rel=\"noopener\" data-force=\"no\" data-priority=\"1\">pre\u00e7o alvo<\/a> de R$ 32 por a\u00e7\u00e3o.<\/li>\n<li>Nesta quinta-feira (2), as a\u00e7\u00f5es do <strong>P\u00e3o de A\u00e7\u00facar<\/strong> fecharam em alta de 4,23%, a R$ 20,43. No ano, acumula perdas de 2,01%.<\/li>\n<\/ul>\n<p>Do <b>Banco Inter <\/b>ao P\u00e3o de A\u00e7\u00facar, essas foram as empresas que se destacaram hoje. Para ler todas as mat\u00e9rias <a href=\"https:\/\/www.suno.com.br\/noticias\/\">clique aqui<\/a>.<\/p>\n\t<p>\n\t\t<a href=\"https:\/\/lp.suno.com.br\/planilha-de-controle-de-investimentos\/\" target=\"_blank\" data-element=\"shortcode-suno-banner\" title=\"Banner SUNO, clique e saiba mais\">\n\t\t\t<picture>\n\t\t\t\t<source media=\"(max-width: 500px)\" srcset=\"https:\/\/files.sunoresearch.com.br\/n\/uploads\/2023\/03\/400x300-Controle-de-Investimentos.png\">\n\t\t\t\t<img class=\"newsContent__article__imgCapa newsContent__article__imgCapa--banner\"\n\t\t\t\t\tsrc=\"https:\/\/files.sunoresearch.com.br\/n\/uploads\/2023\/03\/1420x240-Controle-de-Investimentos.png\"\n\t\t\t\t\tdata-promo-id=\"75934\"\t\t\t\t\t\t\t\t\t\twidth='1420' height='240'\t\t\t\t\talt=\"https:\/\/files.sunoresearch.com.br\/n\/uploads\/2023\/03\/1420x240-Controle-de-Investimentos.png\"\n\t\t\t\t>\n\t\t\t<\/picture>\n\t\t<\/a>\n\t<\/p>\n\n\n","protected":false},"excerpt":{"rendered":"<p>A reorganiza\u00e7\u00e3o societ\u00e1ria do Banco Inter (BIDI4) foi homologada nesta quinta-feira (2) pelo Banco Central (BC), ap\u00f3s a aprova\u00e7\u00e3o da Assembleia Geral Extraordin\u00e1ria (AGE) realizada pela empresa no dia 12 de maio. A informa\u00e7\u00e3o foi divulgada pelo banco em fato relevante. Banco Inter. Foto: Marcelo Ricardo Daros\/Shutterstock. Com a aprova\u00e7\u00e3o da reorganiza\u00e7\u00e3o societ\u00e1ria, o Banco [&hellip;]<\/p>\n","protected":false},"author":174,"featured_media":264057,"comment_status":"closed","ping_status":"closed","sticky":false,"template":"","format":"standard","meta":[],"categories":[64],"tags":[369,403,455,848],"suno_strategy":[],"class_list":["post-263999","post","type-post","status-publish","format-standard","has-post-thumbnail","hentry","category-negocios","tag-banco-inter-bidi11-bidi4-bidi3","tag-camil-caml3","tag-eletrobras-elet3-elet5-elet6","tag-nubank"],"yoast_head":"<!-- This site is optimized with the Yoast SEO plugin v24.4 - https:\/\/yoast.com\/wordpress\/plugins\/seo\/ -->\n<title>Radar: Banco Inter (BIDI4) mais perto da Nasdaq, Nubank (NUBR33) salta 15%<\/title>\n<meta name=\"description\" content=\"O Banco Central homologou a reorganiza\u00e7\u00e3o societ\u00e1ria do Banco Inter e a oferta da Eletrobras pode atrair R$ 8 bi de pessoas f\u00edsicas. Confira!\" \/>\n<meta name=\"robots\" content=\"index, follow, max-snippet:-1, max-image-preview:large, max-video-preview:-1\" \/>\n<link rel=\"canonical\" href=\"https:\/\/www.suno.com.br\/noticias\/radar-banco-inter-bidi4-eletrobras-elet3-nubank-nubr33\/\" \/>\n<meta property=\"og:locale\" content=\"pt_BR\" \/>\n<meta property=\"og:type\" content=\"article\" \/>\n<meta property=\"og:title\" content=\"Radar: Banco Inter (BIDI4) mais perto da Nasdaq, Nubank (NUBR33) salta 15%\" \/>\n<meta property=\"og:description\" content=\"O Banco Central homologou a reorganiza\u00e7\u00e3o societ\u00e1ria do Banco Inter e a oferta da Eletrobras pode atrair R$ 8 bi de pessoas f\u00edsicas. Confira!\" \/>\n<meta property=\"og:url\" content=\"https:\/\/www.suno.com.br\/noticias\/radar-banco-inter-bidi4-eletrobras-elet3-nubank-nubr33\/\" \/>\n<meta property=\"og:site_name\" content=\"Suno Not\u00edcias\" \/>\n<meta property=\"article:publisher\" content=\"https:\/\/facebook.com\/sunoresearch\" \/>\n<meta property=\"og:image\" content=\"https:\/\/files.sunoresearch.com.br\/n\/uploads\/2022\/06\/Banco-Inter-BIDI4.jpg\" \/>\n\t<meta property=\"og:image:width\" content=\"1280\" \/>\n\t<meta property=\"og:image:height\" content=\"720\" \/>\n\t<meta property=\"og:image:type\" content=\"image\/jpeg\" \/>\n<meta name=\"author\" content=\"Jorge C. Carrasco\" \/>\n<meta name=\"twitter:card\" content=\"summary_large_image\" \/>\n<meta name=\"twitter:creator\" content=\"@sunoresearch\" \/>\n<meta name=\"twitter:site\" content=\"@sunoresearch\" \/>\n<meta name=\"twitter:label1\" content=\"Escrito por\" \/>\n\t<meta name=\"twitter:data1\" content=\"Jorge C. Carrasco\" \/>\n\t<meta name=\"twitter:label2\" content=\"Est. tempo de leitura\" \/>\n\t<meta name=\"twitter:data2\" content=\"6 minutos\" \/>\n<script type=\"application\/ld+json\" class=\"yoast-schema-graph\">{\"@context\":\"https:\/\/schema.org\",\"@graph\":[{\"@type\":\"NewsArticle\",\"@id\":\"https:\/\/www.suno.com.br\/noticias\/radar-banco-inter-bidi4-eletrobras-elet3-nubank-nubr33\/#article\",\"isPartOf\":{\"@id\":\"https:\/\/www.suno.com.br\/noticias\/radar-banco-inter-bidi4-eletrobras-elet3-nubank-nubr33\/\"},\"author\":{\"name\":\"Jorge C. Carrasco\",\"@id\":\"https:\/\/www.suno.com.br\/noticias\/#\/schema\/person\/5e3d16fbfcfd3307a21fee0ba2e51dce\"},\"headline\":\"Radar: Banco Inter (BIDI4) mais perto da Nasdaq, Eletrobras (ELET3) deve atrair R$ 8 bi de pessoas f\u00edsicas, Nubank (NUBR33) salta 15%\",\"datePublished\":\"2022-06-03T02:00:14+00:00\",\"dateModified\":\"2022-06-03T02:02:25+00:00\",\"mainEntityOfPage\":{\"@id\":\"https:\/\/www.suno.com.br\/noticias\/radar-banco-inter-bidi4-eletrobras-elet3-nubank-nubr33\/\"},\"wordCount\":1319,\"publisher\":{\"@id\":\"https:\/\/www.suno.com.br\/noticias\/#organization\"},\"image\":{\"@id\":\"https:\/\/www.suno.com.br\/noticias\/radar-banco-inter-bidi4-eletrobras-elet3-nubank-nubr33\/#primaryimage\"},\"thumbnailUrl\":\"https:\/\/files.sunoresearch.com.br\/n\/uploads\/2022\/06\/Banco-Inter-BIDI4.jpg\",\"keywords\":[\"Banco Inter (BIDI11\/BIDI4\/BIDI3)\",\"Camil (CAML3)\",\"Eletrobras (ELET3\/ELET5\/ELET6)\",\"Nubank (NUBR33)\"],\"articleSection\":[\"Neg\u00f3cios\"],\"inLanguage\":\"pt-BR\"},{\"@type\":\"WebPage\",\"@id\":\"https:\/\/www.suno.com.br\/noticias\/radar-banco-inter-bidi4-eletrobras-elet3-nubank-nubr33\/\",\"url\":\"https:\/\/www.suno.com.br\/noticias\/radar-banco-inter-bidi4-eletrobras-elet3-nubank-nubr33\/\",\"name\":\"Radar: Banco Inter (BIDI4) mais perto da Nasdaq, Nubank (NUBR33) salta 15%\",\"isPartOf\":{\"@id\":\"https:\/\/www.suno.com.br\/noticias\/#website\"},\"primaryImageOfPage\":{\"@id\":\"https:\/\/www.suno.com.br\/noticias\/radar-banco-inter-bidi4-eletrobras-elet3-nubank-nubr33\/#primaryimage\"},\"image\":{\"@id\":\"https:\/\/www.suno.com.br\/noticias\/radar-banco-inter-bidi4-eletrobras-elet3-nubank-nubr33\/#primaryimage\"},\"thumbnailUrl\":\"https:\/\/files.sunoresearch.com.br\/n\/uploads\/2022\/06\/Banco-Inter-BIDI4.jpg\",\"datePublished\":\"2022-06-03T02:00:14+00:00\",\"dateModified\":\"2022-06-03T02:02:25+00:00\",\"description\":\"O Banco Central homologou a reorganiza\u00e7\u00e3o societ\u00e1ria do Banco Inter e a oferta da Eletrobras pode atrair R$ 8 bi de pessoas f\u00edsicas. Confira!\",\"breadcrumb\":{\"@id\":\"https:\/\/www.suno.com.br\/noticias\/radar-banco-inter-bidi4-eletrobras-elet3-nubank-nubr33\/#breadcrumb\"},\"inLanguage\":\"pt-BR\",\"potentialAction\":[{\"@type\":\"ReadAction\",\"target\":[\"https:\/\/www.suno.com.br\/noticias\/radar-banco-inter-bidi4-eletrobras-elet3-nubank-nubr33\/\"]}]},{\"@type\":\"ImageObject\",\"inLanguage\":\"pt-BR\",\"@id\":\"https:\/\/www.suno.com.br\/noticias\/radar-banco-inter-bidi4-eletrobras-elet3-nubank-nubr33\/#primaryimage\",\"url\":\"https:\/\/files.sunoresearch.com.br\/n\/uploads\/2022\/06\/Banco-Inter-BIDI4.jpg\",\"contentUrl\":\"https:\/\/files.sunoresearch.com.br\/n\/uploads\/2022\/06\/Banco-Inter-BIDI4.jpg\",\"width\":1280,\"height\":720,\"caption\":\"Banco Inter. Foto: Marcelo Ricardo Daros\/Shutterstock.\"},{\"@type\":\"BreadcrumbList\",\"@id\":\"https:\/\/www.suno.com.br\/noticias\/radar-banco-inter-bidi4-eletrobras-elet3-nubank-nubr33\/#breadcrumb\",\"itemListElement\":[{\"@type\":\"ListItem\",\"position\":1,\"name\":\"Not\u00edcias\",\"item\":\"https:\/\/www.suno.com.br\/noticias\/\"},{\"@type\":\"ListItem\",\"position\":2,\"name\":\"Neg\u00f3cios\",\"item\":\"https:\/\/www.suno.com.br\/noticias\/negocios\/\"},{\"@type\":\"ListItem\",\"position\":3,\"name\":\"Radar: Banco Inter (BIDI4) mais perto da Nasdaq, Eletrobras (ELET3) deve atrair R$ 8 bi de pessoas f\u00edsicas, Nubank (NUBR33) salta 15%\"}]},{\"@type\":\"WebSite\",\"@id\":\"https:\/\/www.suno.com.br\/noticias\/#website\",\"url\":\"https:\/\/www.suno.com.br\/noticias\/\",\"name\":\"Suno Not\u00edcias\",\"description\":\"Seu portal de informa\u00e7\u00e3o sobre o mundo dos investimentos\",\"publisher\":{\"@id\":\"https:\/\/www.suno.com.br\/noticias\/#organization\"},\"potentialAction\":[{\"@type\":\"SearchAction\",\"target\":{\"@type\":\"EntryPoint\",\"urlTemplate\":\"https:\/\/www.suno.com.br\/noticias\/?s={search_term_string}\"},\"query-input\":{\"@type\":\"PropertyValueSpecification\",\"valueRequired\":true,\"valueName\":\"search_term_string\"}}],\"inLanguage\":\"pt-BR\"},{\"@type\":\"Organization\",\"@id\":\"https:\/\/www.suno.com.br\/noticias\/#organization\",\"name\":\"Suno Not\u00edcias\",\"url\":\"https:\/\/www.suno.com.br\/noticias\/\",\"logo\":{\"@type\":\"ImageObject\",\"inLanguage\":\"pt-BR\",\"@id\":\"https:\/\/www.suno.com.br\/noticias\/#\/schema\/logo\/image\/\",\"url\":\"https:\/\/files.sunoresearch.com.br\/n\/uploads\/2021\/09\/suno-logo.png\",\"contentUrl\":\"https:\/\/files.sunoresearch.com.br\/n\/uploads\/2021\/09\/suno-logo.png\",\"width\":180,\"height\":180,\"caption\":\"Suno Not\u00edcias\"},\"image\":{\"@id\":\"https:\/\/www.suno.com.br\/noticias\/#\/schema\/logo\/image\/\"},\"sameAs\":[\"https:\/\/facebook.com\/sunoresearch\",\"https:\/\/x.com\/sunoresearch\",\"https:\/\/www.instagram.com\/suno\",\"https:\/\/www.linkedin.com\/company\/suno-research\/\",\"https:\/\/www.youtube.com\/c\/sunoresearch\"]},{\"@type\":\"Person\",\"@id\":\"https:\/\/www.suno.com.br\/noticias\/#\/schema\/person\/5e3d16fbfcfd3307a21fee0ba2e51dce\",\"name\":\"Jorge C. Carrasco\",\"image\":{\"@type\":\"ImageObject\",\"inLanguage\":\"pt-BR\",\"@id\":\"https:\/\/www.suno.com.br\/noticias\/#\/schema\/person\/image\/\",\"url\":\"https:\/\/secure.gravatar.com\/avatar\/eba2cc7d7174b6b346ad398772f904f2?s=96&r=g\",\"contentUrl\":\"https:\/\/secure.gravatar.com\/avatar\/eba2cc7d7174b6b346ad398772f904f2?s=96&r=g\",\"caption\":\"Jorge C. Carrasco\"},\"description\":\"Jornalista e escritor com experi\u00eancia na cobertura de economia, empreendedorismo, mercado financeiro, pol\u00edtica e assuntos internacionais. J\u00e1 colaborou com diversos jornais e revistas do Brasil e do exterior, como Estad\u00e3o, \u00c9poca, Foreign Policy, The Spectator Aus, Washington Examiner e Quillette.\",\"sameAs\":[\"felipe.areia@sunoresearch.com.br\"],\"url\":\"https:\/\/www.suno.com.br\/noticias\/author\/jorge-carrasco\/\"}]}<\/script>\n<!-- \/ Yoast SEO plugin. -->","yoast_head_json":{"title":"Radar: Banco Inter (BIDI4) mais perto da Nasdaq, Nubank (NUBR33) salta 15%","description":"O Banco Central homologou a reorganiza\u00e7\u00e3o societ\u00e1ria do Banco Inter e a oferta da Eletrobras pode atrair R$ 8 bi de pessoas f\u00edsicas. Confira!","robots":{"index":"index","follow":"follow","max-snippet":"max-snippet:-1","max-image-preview":"max-image-preview:large","max-video-preview":"max-video-preview:-1"},"canonical":"https:\/\/www.suno.com.br\/noticias\/radar-banco-inter-bidi4-eletrobras-elet3-nubank-nubr33\/","og_locale":"pt_BR","og_type":"article","og_title":"Radar: Banco Inter (BIDI4) mais perto da Nasdaq, Nubank (NUBR33) salta 15%","og_description":"O Banco Central homologou a reorganiza\u00e7\u00e3o societ\u00e1ria do Banco Inter e a oferta da Eletrobras pode atrair R$ 8 bi de pessoas f\u00edsicas. Confira!","og_url":"https:\/\/www.suno.com.br\/noticias\/radar-banco-inter-bidi4-eletrobras-elet3-nubank-nubr33\/","og_site_name":"Suno Not\u00edcias","article_publisher":"https:\/\/facebook.com\/sunoresearch","og_image":[{"width":1280,"height":720,"url":"https:\/\/files.sunoresearch.com.br\/n\/uploads\/2022\/06\/Banco-Inter-BIDI4.jpg","type":"image\/jpeg"}],"author":"Jorge C. Carrasco","twitter_card":"summary_large_image","twitter_creator":"@sunoresearch","twitter_site":"@sunoresearch","twitter_misc":{"Escrito por":"Jorge C. Carrasco","Est. tempo de leitura":"6 minutos"},"schema":{"@context":"https:\/\/schema.org","@graph":[{"@type":"NewsArticle","@id":"https:\/\/www.suno.com.br\/noticias\/radar-banco-inter-bidi4-eletrobras-elet3-nubank-nubr33\/#article","isPartOf":{"@id":"https:\/\/www.suno.com.br\/noticias\/radar-banco-inter-bidi4-eletrobras-elet3-nubank-nubr33\/"},"author":{"name":"Jorge C. Carrasco","@id":"https:\/\/www.suno.com.br\/noticias\/#\/schema\/person\/5e3d16fbfcfd3307a21fee0ba2e51dce"},"headline":"Radar: Banco Inter (BIDI4) mais perto da Nasdaq, Eletrobras (ELET3) deve atrair R$ 8 bi de pessoas f\u00edsicas, Nubank (NUBR33) salta 15%","datePublished":"2022-06-03T02:00:14+00:00","dateModified":"2022-06-03T02:02:25+00:00","mainEntityOfPage":{"@id":"https:\/\/www.suno.com.br\/noticias\/radar-banco-inter-bidi4-eletrobras-elet3-nubank-nubr33\/"},"wordCount":1319,"publisher":{"@id":"https:\/\/www.suno.com.br\/noticias\/#organization"},"image":{"@id":"https:\/\/www.suno.com.br\/noticias\/radar-banco-inter-bidi4-eletrobras-elet3-nubank-nubr33\/#primaryimage"},"thumbnailUrl":"https:\/\/files.sunoresearch.com.br\/n\/uploads\/2022\/06\/Banco-Inter-BIDI4.jpg","keywords":["Banco Inter (BIDI11\/BIDI4\/BIDI3)","Camil (CAML3)","Eletrobras (ELET3\/ELET5\/ELET6)","Nubank (NUBR33)"],"articleSection":["Neg\u00f3cios"],"inLanguage":"pt-BR"},{"@type":"WebPage","@id":"https:\/\/www.suno.com.br\/noticias\/radar-banco-inter-bidi4-eletrobras-elet3-nubank-nubr33\/","url":"https:\/\/www.suno.com.br\/noticias\/radar-banco-inter-bidi4-eletrobras-elet3-nubank-nubr33\/","name":"Radar: Banco Inter (BIDI4) mais perto da Nasdaq, Nubank (NUBR33) salta 15%","isPartOf":{"@id":"https:\/\/www.suno.com.br\/noticias\/#website"},"primaryImageOfPage":{"@id":"https:\/\/www.suno.com.br\/noticias\/radar-banco-inter-bidi4-eletrobras-elet3-nubank-nubr33\/#primaryimage"},"image":{"@id":"https:\/\/www.suno.com.br\/noticias\/radar-banco-inter-bidi4-eletrobras-elet3-nubank-nubr33\/#primaryimage"},"thumbnailUrl":"https:\/\/files.sunoresearch.com.br\/n\/uploads\/2022\/06\/Banco-Inter-BIDI4.jpg","datePublished":"2022-06-03T02:00:14+00:00","dateModified":"2022-06-03T02:02:25+00:00","description":"O Banco Central homologou a reorganiza\u00e7\u00e3o societ\u00e1ria do Banco Inter e a oferta da Eletrobras pode atrair R$ 8 bi de pessoas f\u00edsicas. Confira!","breadcrumb":{"@id":"https:\/\/www.suno.com.br\/noticias\/radar-banco-inter-bidi4-eletrobras-elet3-nubank-nubr33\/#breadcrumb"},"inLanguage":"pt-BR","potentialAction":[{"@type":"ReadAction","target":["https:\/\/www.suno.com.br\/noticias\/radar-banco-inter-bidi4-eletrobras-elet3-nubank-nubr33\/"]}]},{"@type":"ImageObject","inLanguage":"pt-BR","@id":"https:\/\/www.suno.com.br\/noticias\/radar-banco-inter-bidi4-eletrobras-elet3-nubank-nubr33\/#primaryimage","url":"https:\/\/files.sunoresearch.com.br\/n\/uploads\/2022\/06\/Banco-Inter-BIDI4.jpg","contentUrl":"https:\/\/files.sunoresearch.com.br\/n\/uploads\/2022\/06\/Banco-Inter-BIDI4.jpg","width":1280,"height":720,"caption":"Banco Inter. Foto: Marcelo Ricardo Daros\/Shutterstock."},{"@type":"BreadcrumbList","@id":"https:\/\/www.suno.com.br\/noticias\/radar-banco-inter-bidi4-eletrobras-elet3-nubank-nubr33\/#breadcrumb","itemListElement":[{"@type":"ListItem","position":1,"name":"Not\u00edcias","item":"https:\/\/www.suno.com.br\/noticias\/"},{"@type":"ListItem","position":2,"name":"Neg\u00f3cios","item":"https:\/\/www.suno.com.br\/noticias\/negocios\/"},{"@type":"ListItem","position":3,"name":"Radar: Banco Inter (BIDI4) mais perto da Nasdaq, Eletrobras (ELET3) deve atrair R$ 8 bi de pessoas f\u00edsicas, Nubank (NUBR33) salta 15%"}]},{"@type":"WebSite","@id":"https:\/\/www.suno.com.br\/noticias\/#website","url":"https:\/\/www.suno.com.br\/noticias\/","name":"Suno Not\u00edcias","description":"Seu portal de informa\u00e7\u00e3o sobre o mundo dos investimentos","publisher":{"@id":"https:\/\/www.suno.com.br\/noticias\/#organization"},"potentialAction":[{"@type":"SearchAction","target":{"@type":"EntryPoint","urlTemplate":"https:\/\/www.suno.com.br\/noticias\/?s={search_term_string}"},"query-input":{"@type":"PropertyValueSpecification","valueRequired":true,"valueName":"search_term_string"}}],"inLanguage":"pt-BR"},{"@type":"Organization","@id":"https:\/\/www.suno.com.br\/noticias\/#organization","name":"Suno Not\u00edcias","url":"https:\/\/www.suno.com.br\/noticias\/","logo":{"@type":"ImageObject","inLanguage":"pt-BR","@id":"https:\/\/www.suno.com.br\/noticias\/#\/schema\/logo\/image\/","url":"https:\/\/files.sunoresearch.com.br\/n\/uploads\/2021\/09\/suno-logo.png","contentUrl":"https:\/\/files.sunoresearch.com.br\/n\/uploads\/2021\/09\/suno-logo.png","width":180,"height":180,"caption":"Suno Not\u00edcias"},"image":{"@id":"https:\/\/www.suno.com.br\/noticias\/#\/schema\/logo\/image\/"},"sameAs":["https:\/\/facebook.com\/sunoresearch","https:\/\/x.com\/sunoresearch","https:\/\/www.instagram.com\/suno","https:\/\/www.linkedin.com\/company\/suno-research\/","https:\/\/www.youtube.com\/c\/sunoresearch"]},{"@type":"Person","@id":"https:\/\/www.suno.com.br\/noticias\/#\/schema\/person\/5e3d16fbfcfd3307a21fee0ba2e51dce","name":"Jorge C. Carrasco","image":{"@type":"ImageObject","inLanguage":"pt-BR","@id":"https:\/\/www.suno.com.br\/noticias\/#\/schema\/person\/image\/","url":"https:\/\/secure.gravatar.com\/avatar\/eba2cc7d7174b6b346ad398772f904f2?s=96&r=g","contentUrl":"https:\/\/secure.gravatar.com\/avatar\/eba2cc7d7174b6b346ad398772f904f2?s=96&r=g","caption":"Jorge C. Carrasco"},"description":"Jornalista e escritor com experi\u00eancia na cobertura de economia, empreendedorismo, mercado financeiro, pol\u00edtica e assuntos internacionais. J\u00e1 colaborou com diversos jornais e revistas do Brasil e do exterior, como Estad\u00e3o, \u00c9poca, Foreign Policy, The Spectator Aus, Washington Examiner e Quillette.","sameAs":["felipe.areia@sunoresearch.com.br"],"url":"https:\/\/www.suno.com.br\/noticias\/author\/jorge-carrasco\/"}]}},"default_loop_html":"<div class=\"cardsPage__listCard__boxs\"><div class=\"cardsPage__listCard__boxs__img\"><a href=\"https:\/\/www.suno.com.br\/noticias\/radar-banco-inter-bidi4-eletrobras-elet3-nubank-nubr33\/\"><img class=\"mask\" src=\"https:\/\/www.suno.com.br\/noticias\/wp-content\/themes\/suno\/resources\/images\/spotlight\/spotlight1img\/bg-mask.png\" alt=\"Image Mask\"\/><img src=\"https:\/\/files.sunoresearch.com.br\/n\/uploads\/2022\/06\/Banco-Inter-BIDI4-400x200.jpg\" alt=\"Radar: Banco Inter (BIDI4) mais perto da Nasdaq, Eletrobras (ELET3) deve atrair R$ 8 bi de pessoas f\u00edsicas, Nubank (NUBR33) salta 15%\"\/><\/a><span class=\"spotlightCategory\"><a href=\"https:\/\/www.suno.com.br\/noticias\/negocios\/\">Neg\u00f3cios<\/a><\/span><\/div><div class=\"cardsPage__listCard__boxs__content\"><a href=\"https:\/\/www.suno.com.br\/noticias\/radar-banco-inter-bidi4-eletrobras-elet3-nubank-nubr33\/\"><h2 class=\"content__title\">Radar: Banco Inter (BIDI4) mais perto da Nasdaq, Eletrobras (ELET3) deve atrair R$ 8 bi de pessoas f\u00edsicas, Nubank (NUBR33) salta 15%<\/h2><\/a><div class=\"newsContent__article__meta\"><div class=\"newsContent__article__meta__authorBox\"><a href=\"https:\/\/www.suno.com.br\/noticias\/author\/jorge-carrasco\/\" class=\"authorBox__avatar noMobi\"><img src=\"https:\/\/secure.gravatar.com\/avatar\/eba2cc7d7174b6b346ad398772f904f2?s=96&#038;r=g\" alt=\"Jorge C. Carrasco\"><\/a><div class=\"authorBox__name\"><span>por\n\t\t\t<a href=\"https:\/\/www.suno.com.br\/noticias\/author\/jorge-carrasco\/\"><span itemprop=\"author\">Jorge C. Carrasco<\/span><\/a><\/span><time datetime=\"2022-06-02T23:00:14-03:00\" itemprop=\"datePublished\">02\/06\/2022 23:00<\/time><\/div><\/div><\/div><\/div><\/div>","single_layout":"posts","amp_enabled":true,"_links":{"self":[{"href":"https:\/\/www.suno.com.br\/noticias\/wp-json\/wp\/v2\/posts\/263999"}],"collection":[{"href":"https:\/\/www.suno.com.br\/noticias\/wp-json\/wp\/v2\/posts"}],"about":[{"href":"https:\/\/www.suno.com.br\/noticias\/wp-json\/wp\/v2\/types\/post"}],"author":[{"embeddable":true,"href":"https:\/\/www.suno.com.br\/noticias\/wp-json\/wp\/v2\/users\/174"}],"replies":[{"embeddable":true,"href":"https:\/\/www.suno.com.br\/noticias\/wp-json\/wp\/v2\/comments?post=263999"}],"version-history":[{"count":3,"href":"https:\/\/www.suno.com.br\/noticias\/wp-json\/wp\/v2\/posts\/263999\/revisions"}],"predecessor-version":[{"id":264118,"href":"https:\/\/www.suno.com.br\/noticias\/wp-json\/wp\/v2\/posts\/263999\/revisions\/264118"}],"wp:featuredmedia":[{"embeddable":true,"href":"https:\/\/www.suno.com.br\/noticias\/wp-json\/wp\/v2\/media\/264057"}],"wp:attachment":[{"href":"https:\/\/www.suno.com.br\/noticias\/wp-json\/wp\/v2\/media?parent=263999"}],"wp:term":[{"taxonomy":"category","embeddable":true,"href":"https:\/\/www.suno.com.br\/noticias\/wp-json\/wp\/v2\/categories?post=263999"},{"taxonomy":"post_tag","embeddable":true,"href":"https:\/\/www.suno.com.br\/noticias\/wp-json\/wp\/v2\/tags?post=263999"},{"taxonomy":"suno_strategy","embeddable":true,"href":"https:\/\/www.suno.com.br\/noticias\/wp-json\/wp\/v2\/suno_strategy?post=263999"}],"curies":[{"name":"wp","href":"https:\/\/api.w.org\/{rel}","templated":true}]}}