{"id":263471,"date":"2022-06-01T20:31:48","date_gmt":"2022-06-01T23:31:48","guid":{"rendered":"https:\/\/www.suno.com.br\/noticias\/?p=263471"},"modified":"2022-06-01T22:50:33","modified_gmt":"2022-06-02T01:50:33","slug":"btg-pactual-bpac11-acordo-oi-oibr3-anatel-pior-esperado","status":"publish","type":"post","link":"https:\/\/www.suno.com.br\/noticias\/btg-pactual-bpac11-acordo-oi-oibr3-anatel-pior-esperado\/","title":{"rendered":"BTG Pactual (BPAC11): acordo da Oi (OIBR3) com Anatel \u00e9 &#8220;pior do que o esperado&#8221;"},"content":{"rendered":"<p><strong>A<\/strong><a class=\"suno-keyword\" href=\"https:\/\/www.suno.com.br\/acoes\/OIBR3\/\" target=\"_blank\" rel=\"noopener\" data-force=\"yes\" data-priority=\"2\"><strong> Oi<\/strong>\u00a0(OIBR3)<\/a> concluiu nesta quinta (1\u00ba) a renegocia\u00e7\u00e3o de d\u00edvida com a Ag\u00eancia Nacional de Telecomunica\u00e7\u00f5es (<strong>Anatel<\/strong>). O resultado do acordo foi o desconto de 54,99% da d\u00edvida da tele. Numa an\u00e1lise mais minuciosa, o <strong>BTG Pactual<\/strong> (BPAC11) avalia, por\u00e9m, que o desfecho \u00e9 &#8220;pior que o esperado&#8221;.<\/p>\t<div class=\"wrapper-featured-image\">\n\t\t<figure class=\"spotlightImg\">\n\n\t\t\t<picture>\n\t\t\t\t<source media=\"(max-width: 768px)\" srcset=\"https:\/\/files.sunoresearch.com.br\/n\/uploads\/2021\/01\/8ca2c462-oi-oibr3-oibr4-400x200.webp\">\n\t\t\t\t<img loading=\"lazy\" decoding=\"async\" class=\"newsContent__article__imgCapa lazyloadDisabled \" src=\"https:\/\/files.sunoresearch.com.br\/n\/uploads\/2021\/01\/8ca2c462-oi-oibr3-oibr4-800x450.webp\" width=\"800\" height=\"450\" alt=\"BTG Pactual (BPAC11): acordo da Oi (OIBR3) com Anatel \u00e9 &#8220;pior do que o esperado&#8221;\" fetchpriority=high \/>\n\t\t\t<\/picture>\n\n\t\t\t<figcaption class=\"wp-caption-text wp-caption-text--show\">Oi (OIBR3). Foto: Divulga\u00e7\u00e3o.<\/figcaption>\n\t\t<\/figure>\n\t<\/div>\n\n\n\t<p>\n\t\t<a href=\"\" target=\"_blank\" data-element=\"shortcode-suno-banner\" title=\"Banner SUNO, clique e saiba mais\">\n\t\t\t<picture>\n\t\t\t\t<source media=\"(max-width: 500px)\" srcset=\"\">\n\t\t\t\t<img class=\"newsContent__article__imgCapa newsContent__article__imgCapa--banner\"\n\t\t\t\t\tsrc=\"\"\n\t\t\t\t\tdata-promo-id=\"250705\"\t\t\t\t\t\t\t\t\t\t\t\t\t\t\talt=\"\"\n\t\t\t\t>\n\t\t\t<\/picture>\n\t\t<\/a>\n\t<\/p>\n\n\n<p>O total da<strong>\u00a0d\u00edvida da Oi<\/strong>\u00a0passa de R$ 20,2 bilh\u00f5es para R$ 9,11 bilh\u00f5es. Mas, considerando os dep\u00f3sitos judiciais j\u00e1 efetuados pela operadora nos \u00faltimos anos, a Anatel deve receber agora o montante de R$ 7,33 bilh\u00f5es.<\/p>\n<p>&#8220;Embora reduzir um passivo de R$ 20,2 bilh\u00f5es para R$ 7,3 bilh\u00f5es n\u00e3o possa ser considerado um mau neg\u00f3cio, \u00e9 pior do que n\u00f3s (e o mercado, acreditamos) esper\u00e1vamos&#8221;, diz o relat\u00f3rio do banco de investimentos.<\/p>\n<p>O acordo original que a Oi fechou com a Anatel em 2020, com base na legisla\u00e7\u00e3o a respeito de fal\u00eancia da \u00e9poca, previa um desconto de 50% na d\u00edvida e 84 meses para efetuar o pagamento.<\/p>\n<p>Pela legisla\u00e7\u00e3o revisada, utilizada pelo BTG Pactual para fazer as estimativas, o desconto na d\u00edvida poderia chegar a 70%, com a Oi tendo at\u00e9 120 meses para pagar.<\/p>\n\t<p>\n\t\t<a href=\"https:\/\/lp.suno.com.br\/planilha-controle-gastos\/\" target=\"_blank\" data-element=\"shortcode-suno-banner\" title=\"Banner SUNO, clique e saiba mais\">\n\t\t\t<picture>\n\t\t\t\t<source media=\"(max-width: 500px)\" srcset=\"https:\/\/files.sunoresearch.com.br\/n\/uploads\/2023\/03\/400x300-Planilha-controle-de-gastos.png\">\n\t\t\t\t<img class=\"newsContent__article__imgCapa newsContent__article__imgCapa--banner\"\n\t\t\t\t\tsrc=\"https:\/\/files.sunoresearch.com.br\/n\/uploads\/2023\/03\/1420x240-Planilha-controle-de-gastos.png\"\n\t\t\t\t\tdata-promo-id=\"101751\"\t\t\t\t\t\t\t\t\t\twidth='1420' height='240'\t\t\t\t\talt=\"https:\/\/files.sunoresearch.com.br\/n\/uploads\/2023\/03\/1420x240-Planilha-controle-de-gastos.png\"\n\t\t\t\t>\n\t\t\t<\/picture>\n\t\t<\/a>\n\t<\/p>\n\n\n<p>Al\u00e9m do desconto de 55% informado na noite de ter\u00e7a-feira (31), seriam 126 meses para pagar, sendo a primeira parcela paga na assinatura do acordo, seguida de seis meses de car\u00eancia, e o \u00faltimo pagamento com vencimento em abril de 2033, \u201cPor esse motivo, o acordo acabou sendo pior do que esper\u00e1vamos\u201d, afirma o BTG.<\/p>\n<p>\u201cO Instrumento de Repactua\u00e7\u00e3o e Transa\u00e7\u00e3o representa o cumprimento de mais uma importante etapa do\u00a0<strong><a class=\"suno-keyword\" href=\"https:\/\/www.suno.com.br\/artigos\/plano-de-recuperacao\/\" target=\"_blank\" rel=\"noopener\" data-force=\"no\" data-priority=\"1\">Plano de Recupera\u00e7\u00e3o Judicial<\/a>\u00a0da Oi<\/strong>, viabilizando o encerramento de um grande n\u00famero de processos judiciais\u201d, informou a operadora em seu\u00a0<a class=\"suno-keyword\" href=\"https:\/\/www.suno.com.br\/artigos\/fato-relevante\/\" target=\"_blank\" rel=\"noopener\" data-force=\"no\" data-priority=\"1\">fato relevante<\/a>.<\/p>\n<p>\u201cO que realmente nos surpreendeu negativamente foi o tamanho da d\u00edvida original\u201d, destacam os analistas do BTG. As negocia\u00e7\u00f5es iniciais em 2020 mostravam que a d\u00edvida total da Oi com a Anatel era de R$ 14,3 bilh\u00f5es (segundo o acordo assinado na \u00e9poca). O BTG afirma ter usado esse n\u00famero nos c\u00e1lculos.<\/p>\n<p>\u201cNo entanto, o novo acordo inclui um adicional de R$ 6 bilh\u00f5es em passivos que ainda estavam sendo discutidos no n\u00edvel administrativo no momento das negocia\u00e7\u00f5es originais, e que a maioria (incluindo a Oi e o mercado) acreditava que nunca seria inclu\u00edda no total d\u00edvida com a Anatel\u201d, diz o texto.<\/p>\n<p>Os analistas concordam que fechar o neg\u00f3cio agora faz sentido para a Oi, porque atenua o perfil de pagamento e gera liquidez a <a class=\"suno-keyword\" href=\"https:\/\/www.suno.com.br\/artigos\/curto-prazo\/\" target=\"_blank\" rel=\"noopener\" data-force=\"no\" data-priority=\"1\">curto prazo<\/a>.<\/p>\n\t<p>\n\t\t<a href=\"https:\/\/lp.suno.com.br\/planilha-da-vida-financeira\/\" target=\"_blank\" data-element=\"shortcode-suno-banner\" title=\"Banner SUNO, clique e saiba mais\">\n\t\t\t<picture>\n\t\t\t\t<source media=\"(max-width: 500px)\" srcset=\"https:\/\/files.sunoresearch.com.br\/n\/uploads\/2023\/04\/400x300-Planilha-vida-financeira-true.png\">\n\t\t\t\t<img class=\"newsContent__article__imgCapa newsContent__article__imgCapa--banner\"\n\t\t\t\t\tsrc=\"https:\/\/files.sunoresearch.com.br\/n\/uploads\/2023\/04\/1420x240-Planilha-vida-financeira-true.png\"\n\t\t\t\t\tdata-promo-id=\"106682\"\t\t\t\t\t\t\t\t\t\twidth='1420' height='240'\t\t\t\t\talt=\"https:\/\/files.sunoresearch.com.br\/n\/uploads\/2023\/04\/1420x240-Planilha-vida-financeira-true.png\"\n\t\t\t\t>\n\t\t\t<\/picture>\n\t\t<\/a>\n\t<\/p>\n\n\n<p>\u201cEstimamos que a empresa deva quitar a maior parte da amortiza\u00e7\u00e3o nos \u00faltimos 5 anos, melhorando bastante as sa\u00eddas de caixa nos primeiros anos\u201d, afirma o relat\u00f3rio.<\/p>\n<h2>Oi: a\u00e7\u00f5es podem ficar abaixo de R$ 1 por mais tempo<\/h2>\n<p>Al\u00e9m do desconto da d\u00edvida, a Oi ganhou mais tempo da\u00a0<a class=\"suno-keyword\" href=\"https:\/\/www.suno.com.br\/acoes\/B3SA3\/\" target=\"_blank\" rel=\"noopener\" data-force=\"yes\" data-priority=\"2\">B3 (B3SA3)<\/a>, a bolsa de valores brasileira, para seguir com suas\u00a0<strong>a\u00e7\u00f5es abaixo de R$ 1<\/strong>. Com as normativas atuais, n\u00e3o \u00e9 permitido que uma empresa passe mais de 30 preg\u00f5es com os pap\u00e9is abaixo desse patamar \u2013 data que j\u00e1 foi extrapolada pela a\u00e7\u00e3o da Oi. A empresa tem de apresentar um plano de adequa\u00e7\u00e3o de pre\u00e7o, quando isso ocorre.<\/p>\n\t<p>\n\t\t<a href=\"https:\/\/lp.suno.com.br\/ebook-como-analisar-uma-acao\/\" target=\"_blank\" data-element=\"shortcode-suno-banner\" title=\"Banner SUNO, clique e saiba mais\">\n\t\t\t<picture>\n\t\t\t\t<source media=\"(max-width: 500px)\" srcset=\"https:\/\/files.sunoresearch.com.br\/n\/uploads\/2023\/03\/Ebook-Acoes-Mobile-1.jpg\">\n\t\t\t\t<img class=\"newsContent__article__imgCapa newsContent__article__imgCapa--banner\"\n\t\t\t\t\tsrc=\"https:\/\/files.sunoresearch.com.br\/n\/uploads\/2023\/03\/Ebook-Acoes-Desktop-1.jpg\"\n\t\t\t\t\tdata-promo-id=\"171998\"\t\t\t\t\t\t\t\t\t\twidth='1420' height='286'\t\t\t\t\talt=\"https:\/\/files.sunoresearch.com.br\/n\/uploads\/2023\/03\/Ebook-Acoes-Desktop-1.jpg\"\n\t\t\t\t>\n\t\t\t<\/picture>\n\t\t<\/a>\n\t<\/p>\n\n\n<p>Segundo o comunicado da companhia, a partir de 1\u00ba de julho, ser\u00e1 iniciado novo per\u00edodo para eventual apura\u00e7\u00e3o de 30 preg\u00f5es ininterruptos com a cota\u00e7\u00e3o da operadora abaixo desse valor.<\/p>\n<h2>Cota\u00e7\u00e3o<\/h2>\n<p>A\u00a0<strong>Oi<\/strong> fechou em queda de 10,96%, a R$ 0,65. No ano, acumula queda de 13,33%.<\/p>\n\t<p>\n\t\t<a href=\"https:\/\/lp.suno.com.br\/planilha-de-controle-de-investimentos\/\" target=\"_blank\" data-element=\"shortcode-suno-banner\" title=\"Banner SUNO, clique e saiba mais\">\n\t\t\t<picture>\n\t\t\t\t<source media=\"(max-width: 500px)\" srcset=\"https:\/\/files.sunoresearch.com.br\/n\/uploads\/2023\/03\/400x300-Controle-de-Investimentos.png\">\n\t\t\t\t<img class=\"newsContent__article__imgCapa newsContent__article__imgCapa--banner\"\n\t\t\t\t\tsrc=\"https:\/\/files.sunoresearch.com.br\/n\/uploads\/2023\/03\/1420x240-Controle-de-Investimentos.png\"\n\t\t\t\t\tdata-promo-id=\"75934\"\t\t\t\t\t\t\t\t\t\twidth='1420' height='240'\t\t\t\t\talt=\"https:\/\/files.sunoresearch.com.br\/n\/uploads\/2023\/03\/1420x240-Controle-de-Investimentos.png\"\n\t\t\t\t>\n\t\t\t<\/picture>\n\t\t<\/a>\n\t<\/p>\n\n\n","protected":false},"excerpt":{"rendered":"<p>A Oi\u00a0(OIBR3) concluiu nesta quinta (1\u00ba) a renegocia\u00e7\u00e3o de d\u00edvida com a Ag\u00eancia Nacional de Telecomunica\u00e7\u00f5es (Anatel). O resultado do acordo foi o desconto de 54,99% da d\u00edvida da tele. Numa an\u00e1lise mais minuciosa, o BTG Pactual (BPAC11) avalia, por\u00e9m, que o desfecho \u00e9 &#8220;pior que o esperado&#8221;. Oi (OIBR3). Foto: Divulga\u00e7\u00e3o. O total da\u00a0d\u00edvida [&hellip;]<\/p>\n","protected":false},"author":146,"featured_media":117092,"comment_status":"closed","ping_status":"closed","sticky":false,"template":"","format":"standard","meta":[],"categories":[64],"tags":[399,105816,584],"suno_strategy":[],"class_list":["post-263471","post","type-post","status-publish","format-standard","has-post-thumbnail","hentry","category-negocios","tag-btg-pactual-bpac11-bpac3-bpac5","tag-especialistas","tag-oi-oibr3-oibr4"],"yoast_head":"<!-- This site is optimized with the Yoast SEO plugin v24.4 - https:\/\/yoast.com\/wordpress\/plugins\/seo\/ -->\n<title>BTG Pactual: acordo da Oi (OIBR3) com Anatel \u00e9 &quot;pior do que o esperado&quot;<\/title>\n<meta name=\"description\" content=\"O resultado do acordo entre a Oi (OIBR3) e a Anatel foi um desconto de 54,99% da d\u00edvida da tele, considerado &quot;pior que o esperado&quot; pelo BTG.\" \/>\n<meta name=\"robots\" content=\"index, follow, max-snippet:-1, max-image-preview:large, max-video-preview:-1\" \/>\n<link rel=\"canonical\" href=\"https:\/\/www.suno.com.br\/noticias\/btg-pactual-bpac11-acordo-oi-oibr3-anatel-pior-esperado\/\" \/>\n<meta property=\"og:locale\" content=\"pt_BR\" \/>\n<meta property=\"og:type\" content=\"article\" \/>\n<meta property=\"og:title\" content=\"BTG Pactual: acordo da Oi (OIBR3) com Anatel \u00e9 &quot;pior do que o esperado&quot;\" \/>\n<meta property=\"og:description\" content=\"O resultado do acordo entre a Oi (OIBR3) e a Anatel foi um desconto de 54,99% da d\u00edvida da tele, considerado &quot;pior que o esperado&quot; pelo BTG.\" \/>\n<meta property=\"og:url\" content=\"https:\/\/www.suno.com.br\/noticias\/btg-pactual-bpac11-acordo-oi-oibr3-anatel-pior-esperado\/\" \/>\n<meta property=\"og:site_name\" content=\"Suno Not\u00edcias\" \/>\n<meta property=\"article:publisher\" content=\"https:\/\/facebook.com\/sunoresearch\" \/>\n<meta property=\"og:image\" content=\"https:\/\/files.sunoresearch.com.br\/n\/uploads\/2021\/01\/8ca2c462-oi-oibr3-oibr4.jpg\" \/>\n\t<meta property=\"og:image:width\" content=\"1200\" \/>\n\t<meta property=\"og:image:height\" content=\"675\" \/>\n\t<meta property=\"og:image:type\" content=\"image\/jpeg\" \/>\n<meta name=\"author\" content=\"Vict\u00f3ria Anhesini\" \/>\n<meta name=\"twitter:card\" content=\"summary_large_image\" \/>\n<meta name=\"twitter:creator\" content=\"@sunoresearch\" \/>\n<meta name=\"twitter:site\" content=\"@sunoresearch\" \/>\n<meta name=\"twitter:label1\" content=\"Escrito por\" \/>\n\t<meta name=\"twitter:data1\" content=\"Vict\u00f3ria Anhesini\" \/>\n\t<meta name=\"twitter:label2\" content=\"Est. tempo de leitura\" \/>\n\t<meta name=\"twitter:data2\" content=\"3 minutos\" \/>\n<script type=\"application\/ld+json\" class=\"yoast-schema-graph\">{\"@context\":\"https:\/\/schema.org\",\"@graph\":[{\"@type\":\"NewsArticle\",\"@id\":\"https:\/\/www.suno.com.br\/noticias\/btg-pactual-bpac11-acordo-oi-oibr3-anatel-pior-esperado\/#article\",\"isPartOf\":{\"@id\":\"https:\/\/www.suno.com.br\/noticias\/btg-pactual-bpac11-acordo-oi-oibr3-anatel-pior-esperado\/\"},\"author\":{\"name\":\"Vict\u00f3ria Anhesini\",\"@id\":\"https:\/\/www.suno.com.br\/noticias\/#\/schema\/person\/46d847cb19ad53fde0857adca989c23f\"},\"headline\":\"BTG Pactual (BPAC11): acordo da Oi (OIBR3) com Anatel \u00e9 &#8220;pior do que o esperado&#8221;\",\"datePublished\":\"2022-06-01T23:31:48+00:00\",\"dateModified\":\"2022-06-02T01:50:33+00:00\",\"mainEntityOfPage\":{\"@id\":\"https:\/\/www.suno.com.br\/noticias\/btg-pactual-bpac11-acordo-oi-oibr3-anatel-pior-esperado\/\"},\"wordCount\":625,\"publisher\":{\"@id\":\"https:\/\/www.suno.com.br\/noticias\/#organization\"},\"image\":{\"@id\":\"https:\/\/www.suno.com.br\/noticias\/btg-pactual-bpac11-acordo-oi-oibr3-anatel-pior-esperado\/#primaryimage\"},\"thumbnailUrl\":\"https:\/\/files.sunoresearch.com.br\/n\/uploads\/2021\/01\/8ca2c462-oi-oibr3-oibr4-jpg.webp\",\"keywords\":[\"BTG Pactual (BPAC11\/BPAC3\/BPAC5)\",\"Especialistas\",\"Oi (OIBR3\/OIBR4)\"],\"articleSection\":[\"Neg\u00f3cios\"],\"inLanguage\":\"pt-BR\"},{\"@type\":\"WebPage\",\"@id\":\"https:\/\/www.suno.com.br\/noticias\/btg-pactual-bpac11-acordo-oi-oibr3-anatel-pior-esperado\/\",\"url\":\"https:\/\/www.suno.com.br\/noticias\/btg-pactual-bpac11-acordo-oi-oibr3-anatel-pior-esperado\/\",\"name\":\"BTG Pactual: acordo da Oi (OIBR3) com Anatel \u00e9 \\\"pior do que o esperado\\\"\",\"isPartOf\":{\"@id\":\"https:\/\/www.suno.com.br\/noticias\/#website\"},\"primaryImageOfPage\":{\"@id\":\"https:\/\/www.suno.com.br\/noticias\/btg-pactual-bpac11-acordo-oi-oibr3-anatel-pior-esperado\/#primaryimage\"},\"image\":{\"@id\":\"https:\/\/www.suno.com.br\/noticias\/btg-pactual-bpac11-acordo-oi-oibr3-anatel-pior-esperado\/#primaryimage\"},\"thumbnailUrl\":\"https:\/\/files.sunoresearch.com.br\/n\/uploads\/2021\/01\/8ca2c462-oi-oibr3-oibr4-jpg.webp\",\"datePublished\":\"2022-06-01T23:31:48+00:00\",\"dateModified\":\"2022-06-02T01:50:33+00:00\",\"description\":\"O resultado do acordo entre a Oi (OIBR3) e a Anatel foi um desconto de 54,99% da d\u00edvida da tele, considerado \\\"pior que o esperado\\\" pelo BTG.\",\"breadcrumb\":{\"@id\":\"https:\/\/www.suno.com.br\/noticias\/btg-pactual-bpac11-acordo-oi-oibr3-anatel-pior-esperado\/#breadcrumb\"},\"inLanguage\":\"pt-BR\",\"potentialAction\":[{\"@type\":\"ReadAction\",\"target\":[\"https:\/\/www.suno.com.br\/noticias\/btg-pactual-bpac11-acordo-oi-oibr3-anatel-pior-esperado\/\"]}]},{\"@type\":\"ImageObject\",\"inLanguage\":\"pt-BR\",\"@id\":\"https:\/\/www.suno.com.br\/noticias\/btg-pactual-bpac11-acordo-oi-oibr3-anatel-pior-esperado\/#primaryimage\",\"url\":\"https:\/\/files.sunoresearch.com.br\/n\/uploads\/2021\/01\/8ca2c462-oi-oibr3-oibr4-jpg.webp\",\"contentUrl\":\"https:\/\/files.sunoresearch.com.br\/n\/uploads\/2021\/01\/8ca2c462-oi-oibr3-oibr4-jpg.webp\",\"width\":1200,\"height\":675,\"caption\":\"Oi (OIBR3). Foto: Divulga\u00e7\u00e3o.\"},{\"@type\":\"BreadcrumbList\",\"@id\":\"https:\/\/www.suno.com.br\/noticias\/btg-pactual-bpac11-acordo-oi-oibr3-anatel-pior-esperado\/#breadcrumb\",\"itemListElement\":[{\"@type\":\"ListItem\",\"position\":1,\"name\":\"Not\u00edcias\",\"item\":\"https:\/\/www.suno.com.br\/noticias\/\"},{\"@type\":\"ListItem\",\"position\":2,\"name\":\"Neg\u00f3cios\",\"item\":\"https:\/\/www.suno.com.br\/noticias\/negocios\/\"},{\"@type\":\"ListItem\",\"position\":3,\"name\":\"BTG Pactual (BPAC11): acordo da Oi (OIBR3) com Anatel \u00e9 &#8220;pior do que o esperado&#8221;\"}]},{\"@type\":\"WebSite\",\"@id\":\"https:\/\/www.suno.com.br\/noticias\/#website\",\"url\":\"https:\/\/www.suno.com.br\/noticias\/\",\"name\":\"Suno Not\u00edcias\",\"description\":\"Seu portal de informa\u00e7\u00e3o sobre o mundo dos investimentos\",\"publisher\":{\"@id\":\"https:\/\/www.suno.com.br\/noticias\/#organization\"},\"potentialAction\":[{\"@type\":\"SearchAction\",\"target\":{\"@type\":\"EntryPoint\",\"urlTemplate\":\"https:\/\/www.suno.com.br\/noticias\/?s={search_term_string}\"},\"query-input\":{\"@type\":\"PropertyValueSpecification\",\"valueRequired\":true,\"valueName\":\"search_term_string\"}}],\"inLanguage\":\"pt-BR\"},{\"@type\":\"Organization\",\"@id\":\"https:\/\/www.suno.com.br\/noticias\/#organization\",\"name\":\"Suno Not\u00edcias\",\"url\":\"https:\/\/www.suno.com.br\/noticias\/\",\"logo\":{\"@type\":\"ImageObject\",\"inLanguage\":\"pt-BR\",\"@id\":\"https:\/\/www.suno.com.br\/noticias\/#\/schema\/logo\/image\/\",\"url\":\"https:\/\/files.sunoresearch.com.br\/n\/uploads\/2021\/09\/suno-logo.png\",\"contentUrl\":\"https:\/\/files.sunoresearch.com.br\/n\/uploads\/2021\/09\/suno-logo.png\",\"width\":180,\"height\":180,\"caption\":\"Suno Not\u00edcias\"},\"image\":{\"@id\":\"https:\/\/www.suno.com.br\/noticias\/#\/schema\/logo\/image\/\"},\"sameAs\":[\"https:\/\/facebook.com\/sunoresearch\",\"https:\/\/x.com\/sunoresearch\",\"https:\/\/www.instagram.com\/suno\",\"https:\/\/www.linkedin.com\/company\/suno-research\/\",\"https:\/\/www.youtube.com\/c\/sunoresearch\"]},{\"@type\":\"Person\",\"@id\":\"https:\/\/www.suno.com.br\/noticias\/#\/schema\/person\/46d847cb19ad53fde0857adca989c23f\",\"name\":\"Vict\u00f3ria Anhesini\",\"image\":{\"@type\":\"ImageObject\",\"inLanguage\":\"pt-BR\",\"@id\":\"https:\/\/www.suno.com.br\/noticias\/#\/schema\/person\/image\/\",\"url\":\"https:\/\/secure.gravatar.com\/avatar\/0172bdfcd9129dd9dd68794804304e6e?s=96&r=g\",\"contentUrl\":\"https:\/\/secure.gravatar.com\/avatar\/0172bdfcd9129dd9dd68794804304e6e?s=96&r=g\",\"caption\":\"Vict\u00f3ria Anhesini\"},\"description\":\"Rep\u00f3rter no Suno Not\u00edcias, cobre mercados, neg\u00f3cios e economia, escrevendo majoritariamente sobre movimentos das empresas, cobertura de balan\u00e7os trimestrais e Bolsa de Valores. Formada em jornalismo pela Universidade Presbiteriana Mackenzie em 2019, passou pelo portal de economia e finan\u00e7as EuQueroInvestir como rep\u00f3rter e anteriormente, trabalhou na assessoria de imprensa PinePR, onde liderou com startups de inova\u00e7\u00e3o, tecnologia e finan\u00e7as. Em seu tempo livre, fala sobre m\u00fasica para ambos os sites do selo ForMusic, Wikimetal e Mad Sound, e faz trabalho volunt\u00e1rio no programa Escreve Cartas do Poupatempo.\",\"sameAs\":[\"https:\/\/www.linkedin.com\/in\/victoria-anhesini\/\"],\"url\":\"https:\/\/www.suno.com.br\/noticias\/author\/victoria\/\"}]}<\/script>\n<!-- \/ Yoast SEO plugin. -->","yoast_head_json":{"title":"BTG Pactual: acordo da Oi (OIBR3) com Anatel \u00e9 \"pior do que o esperado\"","description":"O resultado do acordo entre a Oi (OIBR3) e a Anatel foi um desconto de 54,99% da d\u00edvida da tele, considerado \"pior que o esperado\" pelo BTG.","robots":{"index":"index","follow":"follow","max-snippet":"max-snippet:-1","max-image-preview":"max-image-preview:large","max-video-preview":"max-video-preview:-1"},"canonical":"https:\/\/www.suno.com.br\/noticias\/btg-pactual-bpac11-acordo-oi-oibr3-anatel-pior-esperado\/","og_locale":"pt_BR","og_type":"article","og_title":"BTG Pactual: acordo da Oi (OIBR3) com Anatel \u00e9 \"pior do que o esperado\"","og_description":"O resultado do acordo entre a Oi (OIBR3) e a Anatel foi um desconto de 54,99% da d\u00edvida da tele, considerado \"pior que o esperado\" pelo BTG.","og_url":"https:\/\/www.suno.com.br\/noticias\/btg-pactual-bpac11-acordo-oi-oibr3-anatel-pior-esperado\/","og_site_name":"Suno Not\u00edcias","article_publisher":"https:\/\/facebook.com\/sunoresearch","og_image":[{"width":1200,"height":675,"url":"https:\/\/files.sunoresearch.com.br\/n\/uploads\/2021\/01\/8ca2c462-oi-oibr3-oibr4.jpg","type":"image\/jpeg"}],"author":"Vict\u00f3ria Anhesini","twitter_card":"summary_large_image","twitter_creator":"@sunoresearch","twitter_site":"@sunoresearch","twitter_misc":{"Escrito por":"Vict\u00f3ria Anhesini","Est. tempo de leitura":"3 minutos"},"schema":{"@context":"https:\/\/schema.org","@graph":[{"@type":"NewsArticle","@id":"https:\/\/www.suno.com.br\/noticias\/btg-pactual-bpac11-acordo-oi-oibr3-anatel-pior-esperado\/#article","isPartOf":{"@id":"https:\/\/www.suno.com.br\/noticias\/btg-pactual-bpac11-acordo-oi-oibr3-anatel-pior-esperado\/"},"author":{"name":"Vict\u00f3ria Anhesini","@id":"https:\/\/www.suno.com.br\/noticias\/#\/schema\/person\/46d847cb19ad53fde0857adca989c23f"},"headline":"BTG Pactual (BPAC11): acordo da Oi (OIBR3) com Anatel \u00e9 &#8220;pior do que o esperado&#8221;","datePublished":"2022-06-01T23:31:48+00:00","dateModified":"2022-06-02T01:50:33+00:00","mainEntityOfPage":{"@id":"https:\/\/www.suno.com.br\/noticias\/btg-pactual-bpac11-acordo-oi-oibr3-anatel-pior-esperado\/"},"wordCount":625,"publisher":{"@id":"https:\/\/www.suno.com.br\/noticias\/#organization"},"image":{"@id":"https:\/\/www.suno.com.br\/noticias\/btg-pactual-bpac11-acordo-oi-oibr3-anatel-pior-esperado\/#primaryimage"},"thumbnailUrl":"https:\/\/files.sunoresearch.com.br\/n\/uploads\/2021\/01\/8ca2c462-oi-oibr3-oibr4-jpg.webp","keywords":["BTG Pactual (BPAC11\/BPAC3\/BPAC5)","Especialistas","Oi (OIBR3\/OIBR4)"],"articleSection":["Neg\u00f3cios"],"inLanguage":"pt-BR"},{"@type":"WebPage","@id":"https:\/\/www.suno.com.br\/noticias\/btg-pactual-bpac11-acordo-oi-oibr3-anatel-pior-esperado\/","url":"https:\/\/www.suno.com.br\/noticias\/btg-pactual-bpac11-acordo-oi-oibr3-anatel-pior-esperado\/","name":"BTG Pactual: acordo da Oi (OIBR3) com Anatel \u00e9 \"pior do que o esperado\"","isPartOf":{"@id":"https:\/\/www.suno.com.br\/noticias\/#website"},"primaryImageOfPage":{"@id":"https:\/\/www.suno.com.br\/noticias\/btg-pactual-bpac11-acordo-oi-oibr3-anatel-pior-esperado\/#primaryimage"},"image":{"@id":"https:\/\/www.suno.com.br\/noticias\/btg-pactual-bpac11-acordo-oi-oibr3-anatel-pior-esperado\/#primaryimage"},"thumbnailUrl":"https:\/\/files.sunoresearch.com.br\/n\/uploads\/2021\/01\/8ca2c462-oi-oibr3-oibr4-jpg.webp","datePublished":"2022-06-01T23:31:48+00:00","dateModified":"2022-06-02T01:50:33+00:00","description":"O resultado do acordo entre a Oi (OIBR3) e a Anatel foi um desconto de 54,99% da d\u00edvida da tele, considerado \"pior que o esperado\" pelo BTG.","breadcrumb":{"@id":"https:\/\/www.suno.com.br\/noticias\/btg-pactual-bpac11-acordo-oi-oibr3-anatel-pior-esperado\/#breadcrumb"},"inLanguage":"pt-BR","potentialAction":[{"@type":"ReadAction","target":["https:\/\/www.suno.com.br\/noticias\/btg-pactual-bpac11-acordo-oi-oibr3-anatel-pior-esperado\/"]}]},{"@type":"ImageObject","inLanguage":"pt-BR","@id":"https:\/\/www.suno.com.br\/noticias\/btg-pactual-bpac11-acordo-oi-oibr3-anatel-pior-esperado\/#primaryimage","url":"https:\/\/files.sunoresearch.com.br\/n\/uploads\/2021\/01\/8ca2c462-oi-oibr3-oibr4-jpg.webp","contentUrl":"https:\/\/files.sunoresearch.com.br\/n\/uploads\/2021\/01\/8ca2c462-oi-oibr3-oibr4-jpg.webp","width":1200,"height":675,"caption":"Oi (OIBR3). Foto: Divulga\u00e7\u00e3o."},{"@type":"BreadcrumbList","@id":"https:\/\/www.suno.com.br\/noticias\/btg-pactual-bpac11-acordo-oi-oibr3-anatel-pior-esperado\/#breadcrumb","itemListElement":[{"@type":"ListItem","position":1,"name":"Not\u00edcias","item":"https:\/\/www.suno.com.br\/noticias\/"},{"@type":"ListItem","position":2,"name":"Neg\u00f3cios","item":"https:\/\/www.suno.com.br\/noticias\/negocios\/"},{"@type":"ListItem","position":3,"name":"BTG Pactual (BPAC11): acordo da Oi (OIBR3) com Anatel \u00e9 &#8220;pior do que o esperado&#8221;"}]},{"@type":"WebSite","@id":"https:\/\/www.suno.com.br\/noticias\/#website","url":"https:\/\/www.suno.com.br\/noticias\/","name":"Suno Not\u00edcias","description":"Seu portal de informa\u00e7\u00e3o sobre o mundo dos investimentos","publisher":{"@id":"https:\/\/www.suno.com.br\/noticias\/#organization"},"potentialAction":[{"@type":"SearchAction","target":{"@type":"EntryPoint","urlTemplate":"https:\/\/www.suno.com.br\/noticias\/?s={search_term_string}"},"query-input":{"@type":"PropertyValueSpecification","valueRequired":true,"valueName":"search_term_string"}}],"inLanguage":"pt-BR"},{"@type":"Organization","@id":"https:\/\/www.suno.com.br\/noticias\/#organization","name":"Suno Not\u00edcias","url":"https:\/\/www.suno.com.br\/noticias\/","logo":{"@type":"ImageObject","inLanguage":"pt-BR","@id":"https:\/\/www.suno.com.br\/noticias\/#\/schema\/logo\/image\/","url":"https:\/\/files.sunoresearch.com.br\/n\/uploads\/2021\/09\/suno-logo.png","contentUrl":"https:\/\/files.sunoresearch.com.br\/n\/uploads\/2021\/09\/suno-logo.png","width":180,"height":180,"caption":"Suno Not\u00edcias"},"image":{"@id":"https:\/\/www.suno.com.br\/noticias\/#\/schema\/logo\/image\/"},"sameAs":["https:\/\/facebook.com\/sunoresearch","https:\/\/x.com\/sunoresearch","https:\/\/www.instagram.com\/suno","https:\/\/www.linkedin.com\/company\/suno-research\/","https:\/\/www.youtube.com\/c\/sunoresearch"]},{"@type":"Person","@id":"https:\/\/www.suno.com.br\/noticias\/#\/schema\/person\/46d847cb19ad53fde0857adca989c23f","name":"Vict\u00f3ria Anhesini","image":{"@type":"ImageObject","inLanguage":"pt-BR","@id":"https:\/\/www.suno.com.br\/noticias\/#\/schema\/person\/image\/","url":"https:\/\/secure.gravatar.com\/avatar\/0172bdfcd9129dd9dd68794804304e6e?s=96&r=g","contentUrl":"https:\/\/secure.gravatar.com\/avatar\/0172bdfcd9129dd9dd68794804304e6e?s=96&r=g","caption":"Vict\u00f3ria Anhesini"},"description":"Rep\u00f3rter no Suno Not\u00edcias, cobre mercados, neg\u00f3cios e economia, escrevendo majoritariamente sobre movimentos das empresas, cobertura de balan\u00e7os trimestrais e Bolsa de Valores. Formada em jornalismo pela Universidade Presbiteriana Mackenzie em 2019, passou pelo portal de economia e finan\u00e7as EuQueroInvestir como rep\u00f3rter e anteriormente, trabalhou na assessoria de imprensa PinePR, onde liderou com startups de inova\u00e7\u00e3o, tecnologia e finan\u00e7as. Em seu tempo livre, fala sobre m\u00fasica para ambos os sites do selo ForMusic, Wikimetal e Mad Sound, e faz trabalho volunt\u00e1rio no programa Escreve Cartas do Poupatempo.","sameAs":["https:\/\/www.linkedin.com\/in\/victoria-anhesini\/"],"url":"https:\/\/www.suno.com.br\/noticias\/author\/victoria\/"}]}},"default_loop_html":"<div class=\"cardsPage__listCard__boxs\"><div class=\"cardsPage__listCard__boxs__img\"><a href=\"https:\/\/www.suno.com.br\/noticias\/btg-pactual-bpac11-acordo-oi-oibr3-anatel-pior-esperado\/\"><img class=\"mask\" src=\"https:\/\/www.suno.com.br\/noticias\/wp-content\/themes\/suno\/resources\/images\/spotlight\/spotlight1img\/bg-mask.png\" alt=\"Image Mask\"\/><img src=\"https:\/\/files.sunoresearch.com.br\/n\/uploads\/2021\/01\/8ca2c462-oi-oibr3-oibr4-400x200.webp\" alt=\"BTG Pactual (BPAC11): acordo da Oi (OIBR3) com Anatel \u00e9 &#8220;pior do que o esperado&#8221;\"\/><\/a><span class=\"spotlightCategory\"><a href=\"https:\/\/www.suno.com.br\/noticias\/negocios\/\">Neg\u00f3cios<\/a><\/span><\/div><div class=\"cardsPage__listCard__boxs__content\"><a href=\"https:\/\/www.suno.com.br\/noticias\/btg-pactual-bpac11-acordo-oi-oibr3-anatel-pior-esperado\/\"><h2 class=\"content__title\">BTG Pactual (BPAC11): acordo da Oi (OIBR3) com Anatel \u00e9 &#8220;pior do que o esperado&#8221;<\/h2><\/a><div class=\"newsContent__article__meta\"><div class=\"newsContent__article__meta__authorBox\"><a href=\"https:\/\/www.suno.com.br\/noticias\/author\/victoria\/\" class=\"authorBox__avatar noMobi\"><img src=\"https:\/\/files.sunoresearch.com.br\/n\/uploads\/2021\/12\/20190129VickyPINEAPPLE01-1-150x150.jpg\" alt=\"Vict\u00f3ria Anhesini\"><\/a><div class=\"authorBox__name\"><span>por\n\t\t\t<a href=\"https:\/\/www.suno.com.br\/noticias\/author\/victoria\/\"><span itemprop=\"author\">Vict\u00f3ria Anhesini<\/span><\/a><\/span><time datetime=\"2022-06-01T20:31:48-03:00\" itemprop=\"datePublished\">01\/06\/2022 20:31<\/time><\/div><\/div><\/div><\/div><\/div>","single_layout":"posts","amp_enabled":true,"_links":{"self":[{"href":"https:\/\/www.suno.com.br\/noticias\/wp-json\/wp\/v2\/posts\/263471"}],"collection":[{"href":"https:\/\/www.suno.com.br\/noticias\/wp-json\/wp\/v2\/posts"}],"about":[{"href":"https:\/\/www.suno.com.br\/noticias\/wp-json\/wp\/v2\/types\/post"}],"author":[{"embeddable":true,"href":"https:\/\/www.suno.com.br\/noticias\/wp-json\/wp\/v2\/users\/146"}],"replies":[{"embeddable":true,"href":"https:\/\/www.suno.com.br\/noticias\/wp-json\/wp\/v2\/comments?post=263471"}],"version-history":[{"count":3,"href":"https:\/\/www.suno.com.br\/noticias\/wp-json\/wp\/v2\/posts\/263471\/revisions"}],"predecessor-version":[{"id":263537,"href":"https:\/\/www.suno.com.br\/noticias\/wp-json\/wp\/v2\/posts\/263471\/revisions\/263537"}],"wp:featuredmedia":[{"embeddable":true,"href":"https:\/\/www.suno.com.br\/noticias\/wp-json\/wp\/v2\/media\/117092"}],"wp:attachment":[{"href":"https:\/\/www.suno.com.br\/noticias\/wp-json\/wp\/v2\/media?parent=263471"}],"wp:term":[{"taxonomy":"category","embeddable":true,"href":"https:\/\/www.suno.com.br\/noticias\/wp-json\/wp\/v2\/categories?post=263471"},{"taxonomy":"post_tag","embeddable":true,"href":"https:\/\/www.suno.com.br\/noticias\/wp-json\/wp\/v2\/tags?post=263471"},{"taxonomy":"suno_strategy","embeddable":true,"href":"https:\/\/www.suno.com.br\/noticias\/wp-json\/wp\/v2\/suno_strategy?post=263471"}],"curies":[{"name":"wp","href":"https:\/\/api.w.org\/{rel}","templated":true}]}}