{"id":26347,"date":"2019-05-29T11:01:59","date_gmt":"2019-05-29T14:01:59","guid":{"rendered":"https:\/\/www.suno.com.br\/noticias\/?p=26347"},"modified":"2019-05-29T11:24:39","modified_gmt":"2019-05-29T14:24:39","slug":"huawei-donald-trump-estados-unidos-processo","status":"publish","type":"post","link":"https:\/\/www.suno.com.br\/noticias\/huawei-donald-trump-estados-unidos-processo\/","title":{"rendered":"Huawei processa governo dos EUA pela proibi\u00e7\u00e3o de seus produtos"},"content":{"rendered":"<p>Nesta quarta-feira (29), a <strong>empresa chinesa l\u00edder em 5G<\/strong>, Huawei, anunciou que pediu \u00e0 Justi\u00e7a americana que declare <strong>inconstitucional<\/strong> a proibi\u00e7\u00e3o da compra de produtos norte-americanos.<\/p>\t<div class=\"wrapper-featured-image\">\n\t\t<figure class=\"spotlightImg\">\n\n\t\t\t<picture>\n\t\t\t\t<source media=\"(max-width: 768px)\" srcset=\"https:\/\/files.sunoresearch.com.br\/n\/uploads\/2019\/05\/2b7237f6-usa-china-huawei-tech-400x200.webp\">\n\t\t\t\t<img loading=\"lazy\" decoding=\"async\" class=\"newsContent__article__imgCapa lazyloadDisabled newsContent__article__imgCapa--noCaption\" src=\"https:\/\/files.sunoresearch.com.br\/n\/uploads\/2019\/05\/2b7237f6-usa-china-huawei-tech-800x450.webp\" width=\"800\" height=\"450\" alt=\"Huawei processa governo dos EUA pela proibi\u00e7\u00e3o de seus produtos\" fetchpriority=high \/>\n\t\t\t<\/picture>\n\n\t\t\t<figcaption class=\"wp-caption-text wp-caption-text--hide\">Huawei perde for\u00e7a com bloqueio dos EUA e pol\u00eamicas vindas de Pequim<\/figcaption>\n\t\t<\/figure>\n\t<\/div>\n\n\n<p>&#8220;Se espera que os tribunais americanos declarem que a proibi\u00e7\u00e3o \u00e0 <strong>Huawei<\/strong> \u00e9 inconstitucional e impe\u00e7am sua entrada em vigor&#8221;, disse o <strong>diretor jur\u00eddico da Huawei<\/strong>, <strong>Song Liuping<\/strong>.<\/p>\n<p>Al\u00e9m disso, Liuping diz que o &#8220;governo dos EUA n\u00e3o ofereceu hoje nenhuma evid\u00eancia de que a <strong>Huawei<\/strong> \u00e9 uma amea\u00e7a \u00e0 seguran\u00e7a. \u00c9 pura especula\u00e7\u00e3o&#8221;.<\/p>\n<p>A empresa chinesa j\u00e1 havia apresentado em mar\u00e7o deste ano uma a\u00e7\u00e3o no Texas. Dessa forma, a companhia alegou que o Congresso americano n\u00e3o tinha provas que justificassem as restri\u00e7\u00f5es.<\/p>\n\t<p>\n\t\t<a href=\"https:\/\/lp2.suno.com.br\/onde-investir-2026?utm_campaign=_SNC094D2575_rs.ein26&#038;utm_source=suno.com.br&#038;utm_medium=banner.noticias\" target=\"_blank\" data-element=\"shortcode-suno-banner\" title=\"Banner SUNO, clique e saiba mais\">\n\t\t\t<picture>\n\t\t\t\t<source media=\"(max-width: 500px)\" srcset=\"https:\/\/files.sunoresearch.com.br\/n\/uploads\/2026\/01\/Banner-Materias-01-Mbl_-400x300-1-png.webp\">\n\t\t\t\t<img class=\"newsContent__article__imgCapa newsContent__article__imgCapa--banner\"\n\t\t\t\t\tsrc=\"https:\/\/files.sunoresearch.com.br\/n\/uploads\/2026\/01\/Banner-Materias-01-Dkp_-1420x240-1-png.webp\"\n\t\t\t\t\tdata-promo-id=\"638391\"\t\t\t\t\t\t\t\t\t\twidth='1420' height='240'\t\t\t\t\talt=\"https:\/\/files.sunoresearch.com.br\/n\/uploads\/2026\/01\/Banner-Materias-01-Dkp_-1420x240-1-png.webp\"\n\t\t\t\t>\n\t\t\t<\/picture>\n\t\t<\/a>\n\t<\/p>\n\n\n<h2>Ato inconstitucional<\/h2>\n<p>&#8220;O sistema judicial \u00e9 o \u00faltimo recurso para obter justi\u00e7a. A <strong>Huawei<\/strong> confia na independ\u00eancia e na integridade do sistema judicial americano&#8221;, completou Song.<\/p>\n<p>&#8220;O projeto de lei determina diretamente que a empresa \u00e9 culpada e imp\u00f5e um amplo volume de restri\u00e7\u00f5es \u00e0 <strong>Huawei<\/strong> com o objetivo evidente de expuls\u00e1-la do mercado americano&#8221;, afirma o diretor.<\/p>\n<p>Conforme Song, a a\u00e7\u00e3o foi apresentada na ter\u00e7a-feira, no entanto, no hor\u00e1rio chin\u00eas, quarta-feira.<\/p>\n<p><a href=\"https:\/\/www.suno.com.br\/noticias\/huawei-fedex-acusa-guerra-comercial\/\">Saiba Mais: Huawei acusa FedEx de desviar documentos importantes aos EUA<\/a><\/p>\n<p>&#8220;Esperamos que os <strong>tribunais americanos<\/strong> declarem que a proibi\u00e7\u00e3o \u00e0 Huawei \u00e9 inconstitucional e impe\u00e7am sua entrada em vigor&#8221;. Al\u00e9m disso, Liuping afirma que &#8220;o veto s\u00f3 fornece uma falsa sensa\u00e7\u00e3o de seguran\u00e7a para os <strong>EUA<\/strong> e distrai a aten\u00e7\u00e3o dos desafios reais enfrentados&#8221;.<\/p>\n<p>A empresa se diz v\u00edtima dos<strong> EUA<\/strong> e foi classificada na &#8220;lista negra&#8221; de<strong> Trump<\/strong> em um momento de <strong>guerra comercial<\/strong>\u00a0entre o pa\u00eds americano e a <strong>China<\/strong>.<\/p>\n<h2>Estados Unidos x Huawei<\/h2>\n<p>No dia 15 deste m\u00eas, o presidente americano anunciou que a companhia\u00a0n\u00e3o poderia mais comprar tecnologia americana sem a permiss\u00e3o do governo.\u00a0 Al\u00e9m disso, <strong>Trump<\/strong> classificou a empresa em sua &#8220;lista negra&#8221;. De acordo com o presidente essa medida foi imposta por conta do envolvimento da companhia em atividades contr\u00e1ria \u00e0 <strong>seguran\u00e7a nacional<\/strong>.<\/p>\n<p>No entanto, cinco dias ap\u00f3s essa decis\u00e3o, o <strong>Departamento de Com\u00e9rcio dos Estados Unidos<\/strong> garantiu uma licen\u00e7a tempor\u00e1ria para que a companhia possa fazer atualiza\u00e7\u00e3o de sistemas e aparelhos.<\/p>\n<p><a href=\"https:\/\/www.suno.com.br\/noticias\/trump-atinge-huawei-china-proteger-empresas\/\">Saiba Mais: Trump atinge Huawei; China critica e diz que vai proteger suas empresas<\/a><\/p>\n<p>No dia 21, a empresa se declarou v\u00edtima dos<strong> EUA<\/strong>. Ademais, afirmou estar trabalhando com o <strong>Google<\/strong> para combater as restri\u00e7\u00f5es comerciais.<\/p>\n<p>O<strong> fundador da Huawei<\/strong>, <strong>Ren Zhengfei<\/strong>, disse que os &#8220;pol\u00edticos americanos, com sua atual forma de agir, demonstram que subestimam nossa for\u00e7a&#8221;.<\/p>\n","protected":false},"excerpt":{"rendered":"<p>Nesta quarta-feira (29), a empresa chinesa l\u00edder em 5G, Huawei, anunciou que pediu \u00e0 Justi\u00e7a americana que declare inconstitucional a proibi\u00e7\u00e3o da compra de produtos norte-americanos. Huawei perde for\u00e7a com bloqueio dos EUA e pol\u00eamicas vindas de Pequim &#8220;Se espera que os tribunais americanos declarem que a proibi\u00e7\u00e3o \u00e0 Huawei \u00e9 inconstitucional e impe\u00e7am sua [&hellip;]<\/p>\n","protected":false},"author":15,"featured_media":25175,"comment_status":"closed","ping_status":"closed","sticky":false,"template":"","format":"standard","meta":[],"categories":[63],"tags":[711,724,980,826],"suno_strategy":[],"class_list":["post-26347","post","type-post","status-publish","format-standard","has-post-thumbnail","hentry","category-internacional","tag-china","tag-donald-trump","tag-guerra-comercial","tag-huawei"],"yoast_head":"<!-- This site is optimized with the Yoast SEO plugin v24.4 - https:\/\/yoast.com\/wordpress\/plugins\/seo\/ -->\n<title>Huawei processa governo dos EUA pela proibi\u00e7\u00e3o de seus produtos<\/title>\n<meta name=\"description\" content=\"Nesta quarta (29), Huawei anunciou que pediu \u00e0 Justi\u00e7a americana que declare inconstitucional as restri\u00e7\u00f5es dos EUA.Clique aqui e saiba mais\" \/>\n<meta name=\"robots\" content=\"index, follow, max-snippet:-1, max-image-preview:large, max-video-preview:-1\" \/>\n<link rel=\"canonical\" href=\"https:\/\/www.suno.com.br\/noticias\/huawei-donald-trump-estados-unidos-processo\/\" \/>\n<meta property=\"og:locale\" content=\"pt_BR\" \/>\n<meta property=\"og:type\" content=\"article\" \/>\n<meta property=\"og:title\" content=\"Huawei processa governo dos EUA pela proibi\u00e7\u00e3o de seus produtos\" \/>\n<meta property=\"og:description\" content=\"Nesta quarta (29), Huawei anunciou que pediu \u00e0 Justi\u00e7a americana que declare inconstitucional as restri\u00e7\u00f5es dos EUA.Clique aqui e saiba mais\" \/>\n<meta property=\"og:url\" content=\"https:\/\/www.suno.com.br\/noticias\/huawei-donald-trump-estados-unidos-processo\/\" \/>\n<meta property=\"og:site_name\" content=\"Suno Not\u00edcias\" \/>\n<meta property=\"article:publisher\" content=\"https:\/\/facebook.com\/sunoresearch\" \/>\n<meta property=\"og:image\" content=\"https:\/\/files.sunoresearch.com.br\/n\/uploads\/2019\/05\/2b7237f6-usa-china-huawei-tech.jpg\" \/>\n\t<meta property=\"og:image:width\" content=\"1140\" \/>\n\t<meta property=\"og:image:height\" content=\"760\" \/>\n\t<meta property=\"og:image:type\" content=\"image\/jpeg\" \/>\n<meta name=\"author\" content=\"Poliana Santos\" \/>\n<meta name=\"twitter:card\" content=\"summary_large_image\" \/>\n<meta name=\"twitter:creator\" content=\"@sunoresearch\" \/>\n<meta name=\"twitter:site\" content=\"@sunoresearch\" \/>\n<meta name=\"twitter:label1\" content=\"Escrito por\" \/>\n\t<meta name=\"twitter:data1\" content=\"Poliana Santos\" \/>\n\t<meta name=\"twitter:label2\" content=\"Est. tempo de leitura\" \/>\n\t<meta name=\"twitter:data2\" content=\"2 minutos\" \/>\n<script type=\"application\/ld+json\" class=\"yoast-schema-graph\">{\"@context\":\"https:\/\/schema.org\",\"@graph\":[{\"@type\":\"NewsArticle\",\"@id\":\"https:\/\/www.suno.com.br\/noticias\/huawei-donald-trump-estados-unidos-processo\/#article\",\"isPartOf\":{\"@id\":\"https:\/\/www.suno.com.br\/noticias\/huawei-donald-trump-estados-unidos-processo\/\"},\"author\":{\"name\":\"Poliana Santos\",\"@id\":\"https:\/\/www.suno.com.br\/noticias\/#\/schema\/person\/02ec1f752758247878a2bf4abee1aeda\"},\"headline\":\"Huawei processa governo dos EUA pela proibi\u00e7\u00e3o de seus produtos\",\"datePublished\":\"2019-05-29T14:01:59+00:00\",\"dateModified\":\"2019-05-29T14:24:39+00:00\",\"mainEntityOfPage\":{\"@id\":\"https:\/\/www.suno.com.br\/noticias\/huawei-donald-trump-estados-unidos-processo\/\"},\"wordCount\":458,\"publisher\":{\"@id\":\"https:\/\/www.suno.com.br\/noticias\/#organization\"},\"image\":{\"@id\":\"https:\/\/www.suno.com.br\/noticias\/huawei-donald-trump-estados-unidos-processo\/#primaryimage\"},\"thumbnailUrl\":\"https:\/\/files.sunoresearch.com.br\/n\/uploads\/2019\/05\/2b7237f6-usa-china-huawei-tech-jpg.webp\",\"keywords\":[\"China\",\"Donald Trump\",\"guerra comercial\",\"Huawei\"],\"articleSection\":[\"Internacional\"],\"inLanguage\":\"pt-BR\"},{\"@type\":\"WebPage\",\"@id\":\"https:\/\/www.suno.com.br\/noticias\/huawei-donald-trump-estados-unidos-processo\/\",\"url\":\"https:\/\/www.suno.com.br\/noticias\/huawei-donald-trump-estados-unidos-processo\/\",\"name\":\"Huawei processa governo dos EUA pela proibi\u00e7\u00e3o de seus produtos\",\"isPartOf\":{\"@id\":\"https:\/\/www.suno.com.br\/noticias\/#website\"},\"primaryImageOfPage\":{\"@id\":\"https:\/\/www.suno.com.br\/noticias\/huawei-donald-trump-estados-unidos-processo\/#primaryimage\"},\"image\":{\"@id\":\"https:\/\/www.suno.com.br\/noticias\/huawei-donald-trump-estados-unidos-processo\/#primaryimage\"},\"thumbnailUrl\":\"https:\/\/files.sunoresearch.com.br\/n\/uploads\/2019\/05\/2b7237f6-usa-china-huawei-tech-jpg.webp\",\"datePublished\":\"2019-05-29T14:01:59+00:00\",\"dateModified\":\"2019-05-29T14:24:39+00:00\",\"description\":\"Nesta quarta (29), Huawei anunciou que pediu \u00e0 Justi\u00e7a americana que declare inconstitucional as restri\u00e7\u00f5es dos EUA.Clique aqui e saiba mais\",\"breadcrumb\":{\"@id\":\"https:\/\/www.suno.com.br\/noticias\/huawei-donald-trump-estados-unidos-processo\/#breadcrumb\"},\"inLanguage\":\"pt-BR\",\"potentialAction\":[{\"@type\":\"ReadAction\",\"target\":[\"https:\/\/www.suno.com.br\/noticias\/huawei-donald-trump-estados-unidos-processo\/\"]}]},{\"@type\":\"ImageObject\",\"inLanguage\":\"pt-BR\",\"@id\":\"https:\/\/www.suno.com.br\/noticias\/huawei-donald-trump-estados-unidos-processo\/#primaryimage\",\"url\":\"https:\/\/files.sunoresearch.com.br\/n\/uploads\/2019\/05\/2b7237f6-usa-china-huawei-tech-jpg.webp\",\"contentUrl\":\"https:\/\/files.sunoresearch.com.br\/n\/uploads\/2019\/05\/2b7237f6-usa-china-huawei-tech-jpg.webp\",\"width\":1140,\"height\":760,\"caption\":\"Huawei perde for\u00e7a com bloqueio dos EUA e pol\u00eamicas vindas de Pequim\"},{\"@type\":\"BreadcrumbList\",\"@id\":\"https:\/\/www.suno.com.br\/noticias\/huawei-donald-trump-estados-unidos-processo\/#breadcrumb\",\"itemListElement\":[{\"@type\":\"ListItem\",\"position\":1,\"name\":\"Not\u00edcias\",\"item\":\"https:\/\/www.suno.com.br\/noticias\/\"},{\"@type\":\"ListItem\",\"position\":2,\"name\":\"Internacional\",\"item\":\"https:\/\/www.suno.com.br\/noticias\/internacional\/\"},{\"@type\":\"ListItem\",\"position\":3,\"name\":\"Huawei processa governo dos EUA pela proibi\u00e7\u00e3o de seus produtos\"}]},{\"@type\":\"WebSite\",\"@id\":\"https:\/\/www.suno.com.br\/noticias\/#website\",\"url\":\"https:\/\/www.suno.com.br\/noticias\/\",\"name\":\"Suno Not\u00edcias\",\"description\":\"Seu portal de informa\u00e7\u00e3o sobre o mundo dos investimentos\",\"publisher\":{\"@id\":\"https:\/\/www.suno.com.br\/noticias\/#organization\"},\"potentialAction\":[{\"@type\":\"SearchAction\",\"target\":{\"@type\":\"EntryPoint\",\"urlTemplate\":\"https:\/\/www.suno.com.br\/noticias\/?s={search_term_string}\"},\"query-input\":{\"@type\":\"PropertyValueSpecification\",\"valueRequired\":true,\"valueName\":\"search_term_string\"}}],\"inLanguage\":\"pt-BR\"},{\"@type\":\"Organization\",\"@id\":\"https:\/\/www.suno.com.br\/noticias\/#organization\",\"name\":\"Suno Not\u00edcias\",\"url\":\"https:\/\/www.suno.com.br\/noticias\/\",\"logo\":{\"@type\":\"ImageObject\",\"inLanguage\":\"pt-BR\",\"@id\":\"https:\/\/www.suno.com.br\/noticias\/#\/schema\/logo\/image\/\",\"url\":\"https:\/\/files.sunoresearch.com.br\/n\/uploads\/2021\/09\/suno-logo.png\",\"contentUrl\":\"https:\/\/files.sunoresearch.com.br\/n\/uploads\/2021\/09\/suno-logo.png\",\"width\":180,\"height\":180,\"caption\":\"Suno Not\u00edcias\"},\"image\":{\"@id\":\"https:\/\/www.suno.com.br\/noticias\/#\/schema\/logo\/image\/\"},\"sameAs\":[\"https:\/\/facebook.com\/sunoresearch\",\"https:\/\/x.com\/sunoresearch\",\"https:\/\/www.instagram.com\/suno\",\"https:\/\/www.linkedin.com\/company\/suno-research\/\",\"https:\/\/www.youtube.com\/c\/sunoresearch\"]},{\"@type\":\"Person\",\"@id\":\"https:\/\/www.suno.com.br\/noticias\/#\/schema\/person\/02ec1f752758247878a2bf4abee1aeda\",\"name\":\"Poliana Santos\",\"image\":{\"@type\":\"ImageObject\",\"inLanguage\":\"pt-BR\",\"@id\":\"https:\/\/www.suno.com.br\/noticias\/#\/schema\/person\/image\/\",\"url\":\"https:\/\/secure.gravatar.com\/avatar\/0645bd32f23d87b2130f2b2dff1d3f8d?s=96&r=g\",\"contentUrl\":\"https:\/\/secure.gravatar.com\/avatar\/0645bd32f23d87b2130f2b2dff1d3f8d?s=96&r=g\",\"caption\":\"Poliana Santos\"},\"description\":\"Rep\u00f3rter no Suno Not\u00edcias, com cobertura em mercado financeiro, economia, finan\u00e7as pessoais, renda fixa e varejo. Jornalista formada pela Faculdade C\u00e1sper L\u00edbero e possui passagem na R\u00e1dio Gazeta AM com a produ\u00e7\u00e3o de conte\u00fado sobre economia, pol\u00edtica, sa\u00fade, moda e m\u00fasica. Possui certificado de conclus\u00e3o do curso de An\u00e1lise de Balan\u00e7os pela Funda\u00e7\u00e3o Bradesco, Agenda Brasil pela FAAP, Educa\u00e7\u00e3o Pol\u00edtica por Alexandre Garcia e do Tesouro Direto e Mercado de A\u00e7\u00f5es pela B3.\",\"url\":\"https:\/\/www.suno.com.br\/noticias\/author\/poliana-santos\/\"}]}<\/script>\n<!-- \/ Yoast SEO plugin. -->","yoast_head_json":{"title":"Huawei processa governo dos EUA pela proibi\u00e7\u00e3o de seus produtos","description":"Nesta quarta (29), Huawei anunciou que pediu \u00e0 Justi\u00e7a americana que declare inconstitucional as restri\u00e7\u00f5es dos EUA.Clique aqui e saiba mais","robots":{"index":"index","follow":"follow","max-snippet":"max-snippet:-1","max-image-preview":"max-image-preview:large","max-video-preview":"max-video-preview:-1"},"canonical":"https:\/\/www.suno.com.br\/noticias\/huawei-donald-trump-estados-unidos-processo\/","og_locale":"pt_BR","og_type":"article","og_title":"Huawei processa governo dos EUA pela proibi\u00e7\u00e3o de seus produtos","og_description":"Nesta quarta (29), Huawei anunciou que pediu \u00e0 Justi\u00e7a americana que declare inconstitucional as restri\u00e7\u00f5es dos EUA.Clique aqui e saiba mais","og_url":"https:\/\/www.suno.com.br\/noticias\/huawei-donald-trump-estados-unidos-processo\/","og_site_name":"Suno Not\u00edcias","article_publisher":"https:\/\/facebook.com\/sunoresearch","og_image":[{"width":1140,"height":760,"url":"https:\/\/files.sunoresearch.com.br\/n\/uploads\/2019\/05\/2b7237f6-usa-china-huawei-tech.jpg","type":"image\/jpeg"}],"author":"Poliana Santos","twitter_card":"summary_large_image","twitter_creator":"@sunoresearch","twitter_site":"@sunoresearch","twitter_misc":{"Escrito por":"Poliana Santos","Est. tempo de leitura":"2 minutos"},"schema":{"@context":"https:\/\/schema.org","@graph":[{"@type":"NewsArticle","@id":"https:\/\/www.suno.com.br\/noticias\/huawei-donald-trump-estados-unidos-processo\/#article","isPartOf":{"@id":"https:\/\/www.suno.com.br\/noticias\/huawei-donald-trump-estados-unidos-processo\/"},"author":{"name":"Poliana Santos","@id":"https:\/\/www.suno.com.br\/noticias\/#\/schema\/person\/02ec1f752758247878a2bf4abee1aeda"},"headline":"Huawei processa governo dos EUA pela proibi\u00e7\u00e3o de seus produtos","datePublished":"2019-05-29T14:01:59+00:00","dateModified":"2019-05-29T14:24:39+00:00","mainEntityOfPage":{"@id":"https:\/\/www.suno.com.br\/noticias\/huawei-donald-trump-estados-unidos-processo\/"},"wordCount":458,"publisher":{"@id":"https:\/\/www.suno.com.br\/noticias\/#organization"},"image":{"@id":"https:\/\/www.suno.com.br\/noticias\/huawei-donald-trump-estados-unidos-processo\/#primaryimage"},"thumbnailUrl":"https:\/\/files.sunoresearch.com.br\/n\/uploads\/2019\/05\/2b7237f6-usa-china-huawei-tech-jpg.webp","keywords":["China","Donald Trump","guerra comercial","Huawei"],"articleSection":["Internacional"],"inLanguage":"pt-BR"},{"@type":"WebPage","@id":"https:\/\/www.suno.com.br\/noticias\/huawei-donald-trump-estados-unidos-processo\/","url":"https:\/\/www.suno.com.br\/noticias\/huawei-donald-trump-estados-unidos-processo\/","name":"Huawei processa governo dos EUA pela proibi\u00e7\u00e3o de seus produtos","isPartOf":{"@id":"https:\/\/www.suno.com.br\/noticias\/#website"},"primaryImageOfPage":{"@id":"https:\/\/www.suno.com.br\/noticias\/huawei-donald-trump-estados-unidos-processo\/#primaryimage"},"image":{"@id":"https:\/\/www.suno.com.br\/noticias\/huawei-donald-trump-estados-unidos-processo\/#primaryimage"},"thumbnailUrl":"https:\/\/files.sunoresearch.com.br\/n\/uploads\/2019\/05\/2b7237f6-usa-china-huawei-tech-jpg.webp","datePublished":"2019-05-29T14:01:59+00:00","dateModified":"2019-05-29T14:24:39+00:00","description":"Nesta quarta (29), Huawei anunciou que pediu \u00e0 Justi\u00e7a americana que declare inconstitucional as restri\u00e7\u00f5es dos EUA.Clique aqui e saiba mais","breadcrumb":{"@id":"https:\/\/www.suno.com.br\/noticias\/huawei-donald-trump-estados-unidos-processo\/#breadcrumb"},"inLanguage":"pt-BR","potentialAction":[{"@type":"ReadAction","target":["https:\/\/www.suno.com.br\/noticias\/huawei-donald-trump-estados-unidos-processo\/"]}]},{"@type":"ImageObject","inLanguage":"pt-BR","@id":"https:\/\/www.suno.com.br\/noticias\/huawei-donald-trump-estados-unidos-processo\/#primaryimage","url":"https:\/\/files.sunoresearch.com.br\/n\/uploads\/2019\/05\/2b7237f6-usa-china-huawei-tech-jpg.webp","contentUrl":"https:\/\/files.sunoresearch.com.br\/n\/uploads\/2019\/05\/2b7237f6-usa-china-huawei-tech-jpg.webp","width":1140,"height":760,"caption":"Huawei perde for\u00e7a com bloqueio dos EUA e pol\u00eamicas vindas de Pequim"},{"@type":"BreadcrumbList","@id":"https:\/\/www.suno.com.br\/noticias\/huawei-donald-trump-estados-unidos-processo\/#breadcrumb","itemListElement":[{"@type":"ListItem","position":1,"name":"Not\u00edcias","item":"https:\/\/www.suno.com.br\/noticias\/"},{"@type":"ListItem","position":2,"name":"Internacional","item":"https:\/\/www.suno.com.br\/noticias\/internacional\/"},{"@type":"ListItem","position":3,"name":"Huawei processa governo dos EUA pela proibi\u00e7\u00e3o de seus produtos"}]},{"@type":"WebSite","@id":"https:\/\/www.suno.com.br\/noticias\/#website","url":"https:\/\/www.suno.com.br\/noticias\/","name":"Suno Not\u00edcias","description":"Seu portal de informa\u00e7\u00e3o sobre o mundo dos investimentos","publisher":{"@id":"https:\/\/www.suno.com.br\/noticias\/#organization"},"potentialAction":[{"@type":"SearchAction","target":{"@type":"EntryPoint","urlTemplate":"https:\/\/www.suno.com.br\/noticias\/?s={search_term_string}"},"query-input":{"@type":"PropertyValueSpecification","valueRequired":true,"valueName":"search_term_string"}}],"inLanguage":"pt-BR"},{"@type":"Organization","@id":"https:\/\/www.suno.com.br\/noticias\/#organization","name":"Suno Not\u00edcias","url":"https:\/\/www.suno.com.br\/noticias\/","logo":{"@type":"ImageObject","inLanguage":"pt-BR","@id":"https:\/\/www.suno.com.br\/noticias\/#\/schema\/logo\/image\/","url":"https:\/\/files.sunoresearch.com.br\/n\/uploads\/2021\/09\/suno-logo.png","contentUrl":"https:\/\/files.sunoresearch.com.br\/n\/uploads\/2021\/09\/suno-logo.png","width":180,"height":180,"caption":"Suno Not\u00edcias"},"image":{"@id":"https:\/\/www.suno.com.br\/noticias\/#\/schema\/logo\/image\/"},"sameAs":["https:\/\/facebook.com\/sunoresearch","https:\/\/x.com\/sunoresearch","https:\/\/www.instagram.com\/suno","https:\/\/www.linkedin.com\/company\/suno-research\/","https:\/\/www.youtube.com\/c\/sunoresearch"]},{"@type":"Person","@id":"https:\/\/www.suno.com.br\/noticias\/#\/schema\/person\/02ec1f752758247878a2bf4abee1aeda","name":"Poliana Santos","image":{"@type":"ImageObject","inLanguage":"pt-BR","@id":"https:\/\/www.suno.com.br\/noticias\/#\/schema\/person\/image\/","url":"https:\/\/secure.gravatar.com\/avatar\/0645bd32f23d87b2130f2b2dff1d3f8d?s=96&r=g","contentUrl":"https:\/\/secure.gravatar.com\/avatar\/0645bd32f23d87b2130f2b2dff1d3f8d?s=96&r=g","caption":"Poliana Santos"},"description":"Rep\u00f3rter no Suno Not\u00edcias, com cobertura em mercado financeiro, economia, finan\u00e7as pessoais, renda fixa e varejo. Jornalista formada pela Faculdade C\u00e1sper L\u00edbero e possui passagem na R\u00e1dio Gazeta AM com a produ\u00e7\u00e3o de conte\u00fado sobre economia, pol\u00edtica, sa\u00fade, moda e m\u00fasica. Possui certificado de conclus\u00e3o do curso de An\u00e1lise de Balan\u00e7os pela Funda\u00e7\u00e3o Bradesco, Agenda Brasil pela FAAP, Educa\u00e7\u00e3o Pol\u00edtica por Alexandre Garcia e do Tesouro Direto e Mercado de A\u00e7\u00f5es pela B3.","url":"https:\/\/www.suno.com.br\/noticias\/author\/poliana-santos\/"}]}},"default_loop_html":"<div class=\"cardsPage__listCard__boxs\"><div class=\"cardsPage__listCard__boxs__img\"><a href=\"https:\/\/www.suno.com.br\/noticias\/huawei-donald-trump-estados-unidos-processo\/\"><img class=\"mask\" src=\"https:\/\/www.suno.com.br\/noticias\/wp-content\/themes\/suno\/resources\/images\/spotlight\/spotlight1img\/bg-mask.png\" alt=\"Image Mask\"\/><img src=\"https:\/\/files.sunoresearch.com.br\/n\/uploads\/2019\/05\/2b7237f6-usa-china-huawei-tech-400x200.webp\" alt=\"Huawei processa governo dos EUA pela proibi\u00e7\u00e3o de seus produtos\"\/><\/a><span class=\"spotlightCategory\"><a href=\"https:\/\/www.suno.com.br\/noticias\/internacional\/\">Internacional<\/a><\/span><\/div><div class=\"cardsPage__listCard__boxs__content\"><a href=\"https:\/\/www.suno.com.br\/noticias\/huawei-donald-trump-estados-unidos-processo\/\"><h2 class=\"content__title\">Huawei processa governo dos EUA pela proibi\u00e7\u00e3o de seus produtos<\/h2><\/a><div class=\"newsContent__article__meta\"><div class=\"newsContent__article__meta__authorBox\"><a href=\"https:\/\/www.suno.com.br\/noticias\/author\/poliana-santos\/\" class=\"authorBox__avatar noMobi\"><img src=\"https:\/\/files.sunoresearch.com.br\/n\/uploads\/2020\/08\/7ef34026-whatsapp-image-2020-08-03-at-12.37.57-150x150.webp\" alt=\"Poliana Santos\"><\/a><div class=\"authorBox__name\"><span>por\n\t\t\t<a href=\"https:\/\/www.suno.com.br\/noticias\/author\/poliana-santos\/\"><span itemprop=\"author\">Poliana Santos<\/span><\/a><\/span><time datetime=\"2019-05-29T11:01:59-03:00\" itemprop=\"datePublished\">29\/05\/2019 11:01<\/time><\/div><\/div><\/div><\/div><\/div>","single_layout":"posts","amp_enabled":true,"_links":{"self":[{"href":"https:\/\/www.suno.com.br\/noticias\/wp-json\/wp\/v2\/posts\/26347"}],"collection":[{"href":"https:\/\/www.suno.com.br\/noticias\/wp-json\/wp\/v2\/posts"}],"about":[{"href":"https:\/\/www.suno.com.br\/noticias\/wp-json\/wp\/v2\/types\/post"}],"author":[{"embeddable":true,"href":"https:\/\/www.suno.com.br\/noticias\/wp-json\/wp\/v2\/users\/15"}],"replies":[{"embeddable":true,"href":"https:\/\/www.suno.com.br\/noticias\/wp-json\/wp\/v2\/comments?post=26347"}],"version-history":[{"count":0,"href":"https:\/\/www.suno.com.br\/noticias\/wp-json\/wp\/v2\/posts\/26347\/revisions"}],"wp:featuredmedia":[{"embeddable":true,"href":"https:\/\/www.suno.com.br\/noticias\/wp-json\/wp\/v2\/media\/25175"}],"wp:attachment":[{"href":"https:\/\/www.suno.com.br\/noticias\/wp-json\/wp\/v2\/media?parent=26347"}],"wp:term":[{"taxonomy":"category","embeddable":true,"href":"https:\/\/www.suno.com.br\/noticias\/wp-json\/wp\/v2\/categories?post=26347"},{"taxonomy":"post_tag","embeddable":true,"href":"https:\/\/www.suno.com.br\/noticias\/wp-json\/wp\/v2\/tags?post=26347"},{"taxonomy":"suno_strategy","embeddable":true,"href":"https:\/\/www.suno.com.br\/noticias\/wp-json\/wp\/v2\/suno_strategy?post=26347"}],"curies":[{"name":"wp","href":"https:\/\/api.w.org\/{rel}","templated":true}]}}