{"id":26332,"date":"2019-05-29T09:17:04","date_gmt":"2019-05-29T12:17:04","guid":{"rendered":"https:\/\/www.suno.com.br\/noticias\/?p=26332"},"modified":"2019-05-29T09:54:21","modified_gmt":"2019-05-29T12:54:21","slug":"dolar-29052019","status":"publish","type":"post","link":"https:\/\/www.suno.com.br\/noticias\/dolar-29052019\/","title":{"rendered":"D\u00f3lar em alta com aumento das tens\u00f5es entre Estados Unidos e China"},"content":{"rendered":"<p>O d\u00f3lar inicia esta quarta-feira (29) em alta. A moeda norte-americana tinha uma expans\u00e3o de 0,04% por volta das 9h e era negociada a R$ 4,026.<\/p>\t<div class=\"wrapper-featured-image\">\n\t\t<figure class=\"spotlightImg\">\n\n\t\t\t<picture>\n\t\t\t\t<source media=\"(max-width: 768px)\" srcset=\"https:\/\/files.sunoresearch.com.br\/n\/uploads\/2019\/05\/454fbefd-d\u00f3lar-400x200.webp\">\n\t\t\t\t<img loading=\"lazy\" decoding=\"async\" class=\"newsContent__article__imgCapa lazyloadDisabled newsContent__article__imgCapa--noCaption\" src=\"https:\/\/files.sunoresearch.com.br\/n\/uploads\/2019\/05\/454fbefd-d\u00f3lar-800x450.webp\" width=\"800\" height=\"450\" alt=\"D\u00f3lar em alta com aumento das tens\u00f5es entre Estados Unidos e China\" fetchpriority=high \/>\n\t\t\t<\/picture>\n\n\t\t\t<figcaption class=\"wp-caption-text wp-caption-text--hide\">O d\u00f3lar voltou a subir nesta quarta-feira <\/figcaption>\n\t\t<\/figure>\n\t<\/div>\n\n\n<p>Nesta sess\u00e3o o <strong>d\u00f3lar<\/strong> ainda deve refletir \u00e0s declara\u00e7\u00f5es do presidente da C\u00e2mara dos Deputados,<strong> Rodrigo Maia<\/strong>, sobre a <strong>reforma da Previd\u00eancia<\/strong> e a assinatura do pacto dos tr\u00eas poderes. No entanto, o cen\u00e1rio externo deve chamar mais a aten\u00e7\u00e3o por conta do aumento das tens\u00f5es entre <strong>Estados Unidos<\/strong> e <strong>China<\/strong>.<\/p>\n\t<p>\n\t\t<a href=\"https:\/\/lp.statusinvest.com.br\/ao\/assessoria-status-invest\/\" target=\"_blank\" data-element=\"shortcode-suno-banner\" title=\"Banner SUNO, clique e saiba mais\">\n\t\t\t<picture>\n\t\t\t\t<source media=\"(max-width: 500px)\" srcset=\"https:\/\/files.sunoresearch.com.br\/n\/uploads\/2024\/03\/400x300-Mobile.png\">\n\t\t\t\t<img class=\"newsContent__article__imgCapa newsContent__article__imgCapa--banner\"\n\t\t\t\t\tsrc=\"https:\/\/files.sunoresearch.com.br\/n\/uploads\/2024\/03\/1420x240-Desktop.png\"\n\t\t\t\t\tdata-promo-id=\"537248\"\t\t\t\t\t\t\t\t\t\twidth='1400' height='240'\t\t\t\t\talt=\"https:\/\/files.sunoresearch.com.br\/n\/uploads\/2024\/03\/1420x240-Desktop.png\"\n\t\t\t\t>\n\t\t\t<\/picture>\n\t\t<\/a>\n\t<\/p>\n\n\n<h2>Tr\u00eas poderes<\/h2>\n<p>Na \u00faltima ter\u00e7a-feira (28), em encontro no Pal\u00e1cio do Planalto, o presidente <strong>Jair<\/strong> <strong>Bolsonaro<\/strong> prop\u00f4s \u00e0 <strong>Dias<\/strong> <strong>Toffoli<\/strong> (presidente do Supremo Tribunal Federal), <strong>Rodrigo<\/strong> <strong>Maia<\/strong> (presidente da C\u00e2mara) e <strong>Davi Alcolumbre<\/strong> (presidente do Senado) um &#8220;pacto de coopera\u00e7\u00e3o&#8221; entre os tr\u00eas poderes.<\/p>\n<p><a href=\"https:\/\/www.suno.com.br\/noticias\/pacto-congresso-stf-planalto-protestos\/\">Saiba mais:\u00a0Presidentes dos tr\u00eas Poderes decidem assinar pacto pela retomada do crescimento<\/a><\/p>\n<p>No entanto, o objetivo do acordo \u00e9 aprovar pautas de comum interesse no <strong>Congresso<\/strong> <strong>Nacional<\/strong>. Entre eles, o pacto deve citar:<\/p>\n<ul>\n<li>Reforma da Previd\u00eancia;<\/li>\n<li>Moderniza\u00e7\u00e3o do sistema tribut\u00e1rio;<\/li>\n<li>Desburocratiza\u00e7\u00e3o administrativa;<\/li>\n<li>Repactua\u00e7\u00e3o federativa;<\/li>\n<li>Combate \u00e0 corrup\u00e7\u00e3o.<\/li>\n<\/ul>\n<h2>Estados Unidos e China<\/h2>\n<p>A <strong>Huawei<\/strong> apresentou uma mo\u00e7\u00e3o nesta quarta-feira (29) \u00e0 Justi\u00e7a americana questionando a constitucionalidade de uma lei que limita suas vendas de <strong>equipamentos<\/strong> <strong>de telecomunica\u00e7\u00f5es<\/strong>, no lance mais recente de seu atual confronto com o governo dos Estados Unidos.<\/p>\n<p>De acordo com o diretor jur\u00eddico da <strong>Huawei<\/strong>, Song Liuping, foi solicitado em um tribunal norte americano o julgamento sobre a constitucionalidade ou n\u00e3o da decis\u00e3o dos <strong>Estados<\/strong> <strong>Unidos<\/strong> de proibir a empresa chinesa de fornecer equipamentos ao governo americano e aos seus fornecedores.<\/p>\n<h2>Reforma da Previd\u00eancia<\/h2>\n<p>Sobre a <strong>reforma da Previd\u00eancia<\/strong>, o presidente da C\u00e2mara dos Deputados, <strong>Rodrigo<\/strong> <strong>Maia<\/strong>, afirmou que a reforma pode ser aprovada ainda neste semestre.<\/p>\n<p><a href=\"https:\/\/www.suno.com.br\/noticias\/governo-centrao-pt-acordo-evitar-coaf-moro\/\">Saiba mais:\u00a0Governo, Centr\u00e3o e PT fazem acordo para evitar que Coaf volte para Moro<\/a><\/p>\n<p>Al\u00e9m disso, de acordo com o &#8220;Valor Econ\u00f4mico&#8221;, Maia e a <strong>equipe<\/strong> <strong>econ\u00f4mica<\/strong> do governo fizeram um acordo para dar prioridade a <strong>projetos<\/strong> <strong>de lei<\/strong> que j\u00e1 est\u00e3o em tramita\u00e7\u00e3o ou que ainda ser\u00e3o encaminhados pelo governo para moderniza\u00e7\u00e3o e digitaliza\u00e7\u00e3o do Estado brasileiro.<\/p>\n<h2>\u00daltima cota\u00e7\u00e3o<\/h2>\n<p>Na \u00faltima sess\u00e3o, na ter\u00e7a-feira (28), o <strong>d\u00f3lar<\/strong> registrou uma queda de 0,273% sendo negociado a R$ 4,0242.<\/p>\n\t<p>\n\t\t<a href=\"https:\/\/lp.suno.com.br\/planilha-da-vida-financeira\/\" target=\"_blank\" data-element=\"shortcode-suno-banner\" title=\"Banner SUNO, clique e saiba mais\">\n\t\t\t<picture>\n\t\t\t\t<source media=\"(max-width: 500px)\" srcset=\"https:\/\/files.sunoresearch.com.br\/n\/uploads\/2023\/04\/400x300-Planilha-vida-financeira-true.png\">\n\t\t\t\t<img class=\"newsContent__article__imgCapa newsContent__article__imgCapa--banner\"\n\t\t\t\t\tsrc=\"https:\/\/files.sunoresearch.com.br\/n\/uploads\/2023\/04\/1420x240-Planilha-vida-financeira-true.png\"\n\t\t\t\t\tdata-promo-id=\"383123\"\t\t\t\t\t\t\t\t\t\twidth='1420' height='240'\t\t\t\t\talt=\"https:\/\/files.sunoresearch.com.br\/n\/uploads\/2023\/04\/1420x240-Planilha-vida-financeira-true.png\"\n\t\t\t\t>\n\t\t\t<\/picture>\n\t\t<\/a>\n\t<\/p>\n\n\n","protected":false},"excerpt":{"rendered":"<p>O d\u00f3lar inicia esta quarta-feira (29) em alta. A moeda norte-americana tinha uma expans\u00e3o de 0,04% por volta das 9h e era negociada a R$ 4,026. O d\u00f3lar voltou a subir nesta quarta-feira Nesta sess\u00e3o o d\u00f3lar ainda deve refletir \u00e0s declara\u00e7\u00f5es do presidente da C\u00e2mara dos Deputados, Rodrigo Maia, sobre a reforma da Previd\u00eancia [&hellip;]<\/p>\n","protected":false},"author":11,"featured_media":23748,"comment_status":"closed","ping_status":"closed","sticky":false,"template":"","format":"standard","meta":[],"categories":[60],"tags":[326],"suno_strategy":[],"class_list":["post-26332","post","type-post","status-publish","format-standard","has-post-thumbnail","hentry","category-mercado","tag-dolar"],"yoast_head":"<!-- This site is optimized with the Yoast SEO plugin v24.4 - https:\/\/yoast.com\/wordpress\/plugins\/seo\/ -->\n<title>D\u00f3lar em alta com aumento das tens\u00f5es entre Estados Unidos e China<\/title>\n<meta name=\"description\" content=\"D\u00f3lar subia 0,04% por volta das 9h e era negociada a R$ 4,026 com reforma, pacto dos tr\u00eas poderes e EUA x China. Clique e saiba mais.\" \/>\n<meta name=\"robots\" content=\"index, follow, max-snippet:-1, max-image-preview:large, max-video-preview:-1\" \/>\n<link rel=\"canonical\" href=\"https:\/\/www.suno.com.br\/noticias\/dolar-29052019\/\" \/>\n<meta property=\"og:locale\" content=\"pt_BR\" \/>\n<meta property=\"og:type\" content=\"article\" \/>\n<meta property=\"og:title\" content=\"D\u00f3lar em alta com aumento das tens\u00f5es entre Estados Unidos e China\" \/>\n<meta property=\"og:description\" content=\"D\u00f3lar subia 0,04% por volta das 9h e era negociada a R$ 4,026 com reforma, pacto dos tr\u00eas poderes e EUA x China. Clique e saiba mais.\" \/>\n<meta property=\"og:url\" content=\"https:\/\/www.suno.com.br\/noticias\/dolar-29052019\/\" \/>\n<meta property=\"og:site_name\" content=\"Suno Not\u00edcias\" \/>\n<meta property=\"article:publisher\" content=\"https:\/\/facebook.com\/sunoresearch\" \/>\n<meta property=\"og:image\" content=\"https:\/\/files.sunoresearch.com.br\/n\/uploads\/2019\/05\/454fbefd-d\u00f3lar.jpg\" \/>\n\t<meta property=\"og:image:width\" content=\"1920\" \/>\n\t<meta property=\"og:image:height\" content=\"1019\" \/>\n\t<meta property=\"og:image:type\" content=\"image\/jpeg\" \/>\n<meta name=\"author\" content=\"Renan Bandeira\" \/>\n<meta name=\"twitter:card\" content=\"summary_large_image\" \/>\n<meta name=\"twitter:creator\" content=\"@sunoresearch\" \/>\n<meta name=\"twitter:site\" content=\"@sunoresearch\" \/>\n<meta name=\"twitter:label1\" content=\"Escrito por\" \/>\n\t<meta name=\"twitter:data1\" content=\"Renan Bandeira\" \/>\n\t<meta name=\"twitter:label2\" content=\"Est. tempo de leitura\" \/>\n\t<meta name=\"twitter:data2\" content=\"2 minutos\" \/>\n<script type=\"application\/ld+json\" class=\"yoast-schema-graph\">{\"@context\":\"https:\/\/schema.org\",\"@graph\":[{\"@type\":\"NewsArticle\",\"@id\":\"https:\/\/www.suno.com.br\/noticias\/dolar-29052019\/#article\",\"isPartOf\":{\"@id\":\"https:\/\/www.suno.com.br\/noticias\/dolar-29052019\/\"},\"author\":{\"name\":\"Renan Bandeira\",\"@id\":\"https:\/\/www.suno.com.br\/noticias\/#\/schema\/person\/fc144a1c6108bd1dcd43784e88a3c138\"},\"headline\":\"D\u00f3lar em alta com aumento das tens\u00f5es entre Estados Unidos e China\",\"datePublished\":\"2019-05-29T12:17:04+00:00\",\"dateModified\":\"2019-05-29T12:54:21+00:00\",\"mainEntityOfPage\":{\"@id\":\"https:\/\/www.suno.com.br\/noticias\/dolar-29052019\/\"},\"wordCount\":416,\"publisher\":{\"@id\":\"https:\/\/www.suno.com.br\/noticias\/#organization\"},\"image\":{\"@id\":\"https:\/\/www.suno.com.br\/noticias\/dolar-29052019\/#primaryimage\"},\"thumbnailUrl\":\"https:\/\/files.sunoresearch.com.br\/n\/uploads\/2019\/05\/454fbefd-d\u00f3lar-jpg.webp\",\"keywords\":[\"d\u00f3lar\"],\"articleSection\":[\"Mercado\"],\"inLanguage\":\"pt-BR\"},{\"@type\":\"WebPage\",\"@id\":\"https:\/\/www.suno.com.br\/noticias\/dolar-29052019\/\",\"url\":\"https:\/\/www.suno.com.br\/noticias\/dolar-29052019\/\",\"name\":\"D\u00f3lar em alta com aumento das tens\u00f5es entre Estados Unidos e China\",\"isPartOf\":{\"@id\":\"https:\/\/www.suno.com.br\/noticias\/#website\"},\"primaryImageOfPage\":{\"@id\":\"https:\/\/www.suno.com.br\/noticias\/dolar-29052019\/#primaryimage\"},\"image\":{\"@id\":\"https:\/\/www.suno.com.br\/noticias\/dolar-29052019\/#primaryimage\"},\"thumbnailUrl\":\"https:\/\/files.sunoresearch.com.br\/n\/uploads\/2019\/05\/454fbefd-d\u00f3lar-jpg.webp\",\"datePublished\":\"2019-05-29T12:17:04+00:00\",\"dateModified\":\"2019-05-29T12:54:21+00:00\",\"description\":\"D\u00f3lar subia 0,04% por volta das 9h e era negociada a R$ 4,026 com reforma, pacto dos tr\u00eas poderes e EUA x China. Clique e saiba mais.\",\"breadcrumb\":{\"@id\":\"https:\/\/www.suno.com.br\/noticias\/dolar-29052019\/#breadcrumb\"},\"inLanguage\":\"pt-BR\",\"potentialAction\":[{\"@type\":\"ReadAction\",\"target\":[\"https:\/\/www.suno.com.br\/noticias\/dolar-29052019\/\"]}]},{\"@type\":\"ImageObject\",\"inLanguage\":\"pt-BR\",\"@id\":\"https:\/\/www.suno.com.br\/noticias\/dolar-29052019\/#primaryimage\",\"url\":\"https:\/\/files.sunoresearch.com.br\/n\/uploads\/2019\/05\/454fbefd-d\u00f3lar-jpg.webp\",\"contentUrl\":\"https:\/\/files.sunoresearch.com.br\/n\/uploads\/2019\/05\/454fbefd-d\u00f3lar-jpg.webp\",\"width\":1920,\"height\":1019,\"caption\":\"O d\u00f3lar voltou a subir nesta quarta-feira\"},{\"@type\":\"BreadcrumbList\",\"@id\":\"https:\/\/www.suno.com.br\/noticias\/dolar-29052019\/#breadcrumb\",\"itemListElement\":[{\"@type\":\"ListItem\",\"position\":1,\"name\":\"Not\u00edcias\",\"item\":\"https:\/\/www.suno.com.br\/noticias\/\"},{\"@type\":\"ListItem\",\"position\":2,\"name\":\"Mercado\",\"item\":\"https:\/\/www.suno.com.br\/noticias\/mercado\/\"},{\"@type\":\"ListItem\",\"position\":3,\"name\":\"D\u00f3lar em alta com aumento das tens\u00f5es entre Estados Unidos e China\"}]},{\"@type\":\"WebSite\",\"@id\":\"https:\/\/www.suno.com.br\/noticias\/#website\",\"url\":\"https:\/\/www.suno.com.br\/noticias\/\",\"name\":\"Suno Not\u00edcias\",\"description\":\"Seu portal de informa\u00e7\u00e3o sobre o mundo dos investimentos\",\"publisher\":{\"@id\":\"https:\/\/www.suno.com.br\/noticias\/#organization\"},\"potentialAction\":[{\"@type\":\"SearchAction\",\"target\":{\"@type\":\"EntryPoint\",\"urlTemplate\":\"https:\/\/www.suno.com.br\/noticias\/?s={search_term_string}\"},\"query-input\":{\"@type\":\"PropertyValueSpecification\",\"valueRequired\":true,\"valueName\":\"search_term_string\"}}],\"inLanguage\":\"pt-BR\"},{\"@type\":\"Organization\",\"@id\":\"https:\/\/www.suno.com.br\/noticias\/#organization\",\"name\":\"Suno Not\u00edcias\",\"url\":\"https:\/\/www.suno.com.br\/noticias\/\",\"logo\":{\"@type\":\"ImageObject\",\"inLanguage\":\"pt-BR\",\"@id\":\"https:\/\/www.suno.com.br\/noticias\/#\/schema\/logo\/image\/\",\"url\":\"https:\/\/files.sunoresearch.com.br\/n\/uploads\/2021\/09\/suno-logo.png\",\"contentUrl\":\"https:\/\/files.sunoresearch.com.br\/n\/uploads\/2021\/09\/suno-logo.png\",\"width\":180,\"height\":180,\"caption\":\"Suno Not\u00edcias\"},\"image\":{\"@id\":\"https:\/\/www.suno.com.br\/noticias\/#\/schema\/logo\/image\/\"},\"sameAs\":[\"https:\/\/facebook.com\/sunoresearch\",\"https:\/\/x.com\/sunoresearch\",\"https:\/\/www.instagram.com\/suno\",\"https:\/\/www.linkedin.com\/company\/suno-research\/\",\"https:\/\/www.youtube.com\/c\/sunoresearch\"]},{\"@type\":\"Person\",\"@id\":\"https:\/\/www.suno.com.br\/noticias\/#\/schema\/person\/fc144a1c6108bd1dcd43784e88a3c138\",\"name\":\"Renan Bandeira\",\"image\":{\"@type\":\"ImageObject\",\"inLanguage\":\"pt-BR\",\"@id\":\"https:\/\/www.suno.com.br\/noticias\/#\/schema\/person\/image\/\",\"url\":\"https:\/\/secure.gravatar.com\/avatar\/68359cdb608f14f11bbefcb78f3fc747?s=96&r=g\",\"contentUrl\":\"https:\/\/secure.gravatar.com\/avatar\/68359cdb608f14f11bbefcb78f3fc747?s=96&r=g\",\"caption\":\"Renan Bandeira\"},\"description\":\"Renan Bandeira escreve sobre pol\u00edtica e economia para o portal da Suno Research. Antes da Suno, trabalhou em uma rede de televis\u00e3o, onde fazia reportagens sobre os mesmos temas. Estuda na Universidade Metodista de S\u00e3o Paulo.\",\"url\":\"https:\/\/www.suno.com.br\/noticias\/author\/renan-bandeira\/\"}]}<\/script>\n<!-- \/ Yoast SEO plugin. -->","yoast_head_json":{"title":"D\u00f3lar em alta com aumento das tens\u00f5es entre Estados Unidos e China","description":"D\u00f3lar subia 0,04% por volta das 9h e era negociada a R$ 4,026 com reforma, pacto dos tr\u00eas poderes e EUA x China. Clique e saiba mais.","robots":{"index":"index","follow":"follow","max-snippet":"max-snippet:-1","max-image-preview":"max-image-preview:large","max-video-preview":"max-video-preview:-1"},"canonical":"https:\/\/www.suno.com.br\/noticias\/dolar-29052019\/","og_locale":"pt_BR","og_type":"article","og_title":"D\u00f3lar em alta com aumento das tens\u00f5es entre Estados Unidos e China","og_description":"D\u00f3lar subia 0,04% por volta das 9h e era negociada a R$ 4,026 com reforma, pacto dos tr\u00eas poderes e EUA x China. Clique e saiba mais.","og_url":"https:\/\/www.suno.com.br\/noticias\/dolar-29052019\/","og_site_name":"Suno Not\u00edcias","article_publisher":"https:\/\/facebook.com\/sunoresearch","og_image":[{"width":1920,"height":1019,"url":"https:\/\/files.sunoresearch.com.br\/n\/uploads\/2019\/05\/454fbefd-d\u00f3lar.jpg","type":"image\/jpeg"}],"author":"Renan Bandeira","twitter_card":"summary_large_image","twitter_creator":"@sunoresearch","twitter_site":"@sunoresearch","twitter_misc":{"Escrito por":"Renan Bandeira","Est. tempo de leitura":"2 minutos"},"schema":{"@context":"https:\/\/schema.org","@graph":[{"@type":"NewsArticle","@id":"https:\/\/www.suno.com.br\/noticias\/dolar-29052019\/#article","isPartOf":{"@id":"https:\/\/www.suno.com.br\/noticias\/dolar-29052019\/"},"author":{"name":"Renan Bandeira","@id":"https:\/\/www.suno.com.br\/noticias\/#\/schema\/person\/fc144a1c6108bd1dcd43784e88a3c138"},"headline":"D\u00f3lar em alta com aumento das tens\u00f5es entre Estados Unidos e China","datePublished":"2019-05-29T12:17:04+00:00","dateModified":"2019-05-29T12:54:21+00:00","mainEntityOfPage":{"@id":"https:\/\/www.suno.com.br\/noticias\/dolar-29052019\/"},"wordCount":416,"publisher":{"@id":"https:\/\/www.suno.com.br\/noticias\/#organization"},"image":{"@id":"https:\/\/www.suno.com.br\/noticias\/dolar-29052019\/#primaryimage"},"thumbnailUrl":"https:\/\/files.sunoresearch.com.br\/n\/uploads\/2019\/05\/454fbefd-d\u00f3lar-jpg.webp","keywords":["d\u00f3lar"],"articleSection":["Mercado"],"inLanguage":"pt-BR"},{"@type":"WebPage","@id":"https:\/\/www.suno.com.br\/noticias\/dolar-29052019\/","url":"https:\/\/www.suno.com.br\/noticias\/dolar-29052019\/","name":"D\u00f3lar em alta com aumento das tens\u00f5es entre Estados Unidos e China","isPartOf":{"@id":"https:\/\/www.suno.com.br\/noticias\/#website"},"primaryImageOfPage":{"@id":"https:\/\/www.suno.com.br\/noticias\/dolar-29052019\/#primaryimage"},"image":{"@id":"https:\/\/www.suno.com.br\/noticias\/dolar-29052019\/#primaryimage"},"thumbnailUrl":"https:\/\/files.sunoresearch.com.br\/n\/uploads\/2019\/05\/454fbefd-d\u00f3lar-jpg.webp","datePublished":"2019-05-29T12:17:04+00:00","dateModified":"2019-05-29T12:54:21+00:00","description":"D\u00f3lar subia 0,04% por volta das 9h e era negociada a R$ 4,026 com reforma, pacto dos tr\u00eas poderes e EUA x China. Clique e saiba mais.","breadcrumb":{"@id":"https:\/\/www.suno.com.br\/noticias\/dolar-29052019\/#breadcrumb"},"inLanguage":"pt-BR","potentialAction":[{"@type":"ReadAction","target":["https:\/\/www.suno.com.br\/noticias\/dolar-29052019\/"]}]},{"@type":"ImageObject","inLanguage":"pt-BR","@id":"https:\/\/www.suno.com.br\/noticias\/dolar-29052019\/#primaryimage","url":"https:\/\/files.sunoresearch.com.br\/n\/uploads\/2019\/05\/454fbefd-d\u00f3lar-jpg.webp","contentUrl":"https:\/\/files.sunoresearch.com.br\/n\/uploads\/2019\/05\/454fbefd-d\u00f3lar-jpg.webp","width":1920,"height":1019,"caption":"O d\u00f3lar voltou a subir nesta quarta-feira"},{"@type":"BreadcrumbList","@id":"https:\/\/www.suno.com.br\/noticias\/dolar-29052019\/#breadcrumb","itemListElement":[{"@type":"ListItem","position":1,"name":"Not\u00edcias","item":"https:\/\/www.suno.com.br\/noticias\/"},{"@type":"ListItem","position":2,"name":"Mercado","item":"https:\/\/www.suno.com.br\/noticias\/mercado\/"},{"@type":"ListItem","position":3,"name":"D\u00f3lar em alta com aumento das tens\u00f5es entre Estados Unidos e China"}]},{"@type":"WebSite","@id":"https:\/\/www.suno.com.br\/noticias\/#website","url":"https:\/\/www.suno.com.br\/noticias\/","name":"Suno Not\u00edcias","description":"Seu portal de informa\u00e7\u00e3o sobre o mundo dos investimentos","publisher":{"@id":"https:\/\/www.suno.com.br\/noticias\/#organization"},"potentialAction":[{"@type":"SearchAction","target":{"@type":"EntryPoint","urlTemplate":"https:\/\/www.suno.com.br\/noticias\/?s={search_term_string}"},"query-input":{"@type":"PropertyValueSpecification","valueRequired":true,"valueName":"search_term_string"}}],"inLanguage":"pt-BR"},{"@type":"Organization","@id":"https:\/\/www.suno.com.br\/noticias\/#organization","name":"Suno Not\u00edcias","url":"https:\/\/www.suno.com.br\/noticias\/","logo":{"@type":"ImageObject","inLanguage":"pt-BR","@id":"https:\/\/www.suno.com.br\/noticias\/#\/schema\/logo\/image\/","url":"https:\/\/files.sunoresearch.com.br\/n\/uploads\/2021\/09\/suno-logo.png","contentUrl":"https:\/\/files.sunoresearch.com.br\/n\/uploads\/2021\/09\/suno-logo.png","width":180,"height":180,"caption":"Suno Not\u00edcias"},"image":{"@id":"https:\/\/www.suno.com.br\/noticias\/#\/schema\/logo\/image\/"},"sameAs":["https:\/\/facebook.com\/sunoresearch","https:\/\/x.com\/sunoresearch","https:\/\/www.instagram.com\/suno","https:\/\/www.linkedin.com\/company\/suno-research\/","https:\/\/www.youtube.com\/c\/sunoresearch"]},{"@type":"Person","@id":"https:\/\/www.suno.com.br\/noticias\/#\/schema\/person\/fc144a1c6108bd1dcd43784e88a3c138","name":"Renan Bandeira","image":{"@type":"ImageObject","inLanguage":"pt-BR","@id":"https:\/\/www.suno.com.br\/noticias\/#\/schema\/person\/image\/","url":"https:\/\/secure.gravatar.com\/avatar\/68359cdb608f14f11bbefcb78f3fc747?s=96&r=g","contentUrl":"https:\/\/secure.gravatar.com\/avatar\/68359cdb608f14f11bbefcb78f3fc747?s=96&r=g","caption":"Renan Bandeira"},"description":"Renan Bandeira escreve sobre pol\u00edtica e economia para o portal da Suno Research. Antes da Suno, trabalhou em uma rede de televis\u00e3o, onde fazia reportagens sobre os mesmos temas. Estuda na Universidade Metodista de S\u00e3o Paulo.","url":"https:\/\/www.suno.com.br\/noticias\/author\/renan-bandeira\/"}]}},"default_loop_html":"<div class=\"cardsPage__listCard__boxs\"><div class=\"cardsPage__listCard__boxs__img\"><a href=\"https:\/\/www.suno.com.br\/noticias\/dolar-29052019\/\"><img class=\"mask\" src=\"https:\/\/www.suno.com.br\/noticias\/wp-content\/themes\/suno\/resources\/images\/spotlight\/spotlight1img\/bg-mask.png\" alt=\"Image Mask\"\/><img src=\"https:\/\/files.sunoresearch.com.br\/n\/uploads\/2019\/05\/454fbefd-d\u00f3lar-400x200.webp\" alt=\"D\u00f3lar em alta com aumento das tens\u00f5es entre Estados Unidos e China\"\/><\/a><span class=\"spotlightCategory\"><a href=\"https:\/\/www.suno.com.br\/noticias\/mercado\/\">Mercado<\/a><\/span><\/div><div class=\"cardsPage__listCard__boxs__content\"><a href=\"https:\/\/www.suno.com.br\/noticias\/dolar-29052019\/\"><h2 class=\"content__title\">D\u00f3lar em alta com aumento das tens\u00f5es entre Estados Unidos e China<\/h2><\/a><div class=\"newsContent__article__meta\"><div class=\"newsContent__article__meta__authorBox\"><a href=\"https:\/\/www.suno.com.br\/noticias\/author\/renan-bandeira\/\" class=\"authorBox__avatar noMobi\"><img src=\"https:\/\/secure.gravatar.com\/avatar\/68359cdb608f14f11bbefcb78f3fc747?s=96&#038;r=g\" alt=\"Renan Bandeira\"><\/a><div class=\"authorBox__name\"><span>por\n\t\t\t<a href=\"https:\/\/www.suno.com.br\/noticias\/author\/renan-bandeira\/\"><span itemprop=\"author\">Renan Bandeira<\/span><\/a><\/span><time datetime=\"2019-05-29T09:17:04-03:00\" itemprop=\"datePublished\">29\/05\/2019 09:17<\/time><\/div><\/div><\/div><\/div><\/div>","single_layout":"posts","amp_enabled":true,"_links":{"self":[{"href":"https:\/\/www.suno.com.br\/noticias\/wp-json\/wp\/v2\/posts\/26332"}],"collection":[{"href":"https:\/\/www.suno.com.br\/noticias\/wp-json\/wp\/v2\/posts"}],"about":[{"href":"https:\/\/www.suno.com.br\/noticias\/wp-json\/wp\/v2\/types\/post"}],"author":[{"embeddable":true,"href":"https:\/\/www.suno.com.br\/noticias\/wp-json\/wp\/v2\/users\/11"}],"replies":[{"embeddable":true,"href":"https:\/\/www.suno.com.br\/noticias\/wp-json\/wp\/v2\/comments?post=26332"}],"version-history":[{"count":0,"href":"https:\/\/www.suno.com.br\/noticias\/wp-json\/wp\/v2\/posts\/26332\/revisions"}],"wp:featuredmedia":[{"embeddable":true,"href":"https:\/\/www.suno.com.br\/noticias\/wp-json\/wp\/v2\/media\/23748"}],"wp:attachment":[{"href":"https:\/\/www.suno.com.br\/noticias\/wp-json\/wp\/v2\/media?parent=26332"}],"wp:term":[{"taxonomy":"category","embeddable":true,"href":"https:\/\/www.suno.com.br\/noticias\/wp-json\/wp\/v2\/categories?post=26332"},{"taxonomy":"post_tag","embeddable":true,"href":"https:\/\/www.suno.com.br\/noticias\/wp-json\/wp\/v2\/tags?post=26332"},{"taxonomy":"suno_strategy","embeddable":true,"href":"https:\/\/www.suno.com.br\/noticias\/wp-json\/wp\/v2\/suno_strategy?post=26332"}],"curies":[{"name":"wp","href":"https:\/\/api.w.org\/{rel}","templated":true}]}}