{"id":263124,"date":"2022-06-01T09:53:24","date_gmt":"2022-06-01T12:53:24","guid":{"rendered":"https:\/\/www.suno.com.br\/noticias\/?p=263124"},"modified":"2022-06-01T12:08:35","modified_gmt":"2022-06-01T15:08:35","slug":"oi-oibr3-recuperacao-judicial-divida-anatel-10","status":"publish","type":"post","link":"https:\/\/www.suno.com.br\/noticias\/oi-oibr3-recuperacao-judicial-divida-anatel-10\/","title":{"rendered":"Oi (OIBR3) avan\u00e7a em recupera\u00e7\u00e3o judicial e consegue desconto de R$ 10 bi com Anatel; A\u00e7\u00e3o cai quase 7%"},"content":{"rendered":"<p>A <a class=\"suno-keyword\" href=\"https:\/\/www.suno.com.br\/acoes\/OIBR3\/\" target=\"_blank\" rel=\"noopener\" data-force=\"yes\" data-priority=\"2\"><strong>Oi<\/strong> (OIBR3)<\/a> d\u00e1 mais um passo importante em sua recupera\u00e7\u00e3o judicial (RJ) ap\u00f3s concluir a renegocia\u00e7\u00e3o de d\u00edvida com a Ag\u00eancia Nacional de Telecomunica\u00e7\u00f5es (Anatel). O resultado do acordo foi o desconto de 54,99% da d\u00edvida da tele.<\/p>\t<div class=\"wrapper-featured-image\">\n\t\t<figure class=\"spotlightImg\">\n\n\t\t\t<picture>\n\t\t\t\t<source media=\"(max-width: 768px)\" srcset=\"https:\/\/files.sunoresearch.com.br\/n\/uploads\/2022\/05\/Oi-OIBR3-e-Vivo-VIVT3-consideram-devolver-concessoes-lenta-troca-da-diretoria-da-Petrobras-PETR4-e-previsao-da-receita-da-Embraer-EMBR3-1-400x200.jpg\">\n\t\t\t\t<img loading=\"lazy\" decoding=\"async\" class=\"newsContent__article__imgCapa lazyloadDisabled \" src=\"https:\/\/files.sunoresearch.com.br\/n\/uploads\/2022\/05\/Oi-OIBR3-e-Vivo-VIVT3-consideram-devolver-concessoes-lenta-troca-da-diretoria-da-Petrobras-PETR4-e-previsao-da-receita-da-Embraer-EMBR3-1-800x450.jpg\" width=\"800\" height=\"450\" alt=\"Oi (OIBR3) avan\u00e7a em recupera\u00e7\u00e3o judicial e consegue desconto de R$ 10 bi com Anatel; A\u00e7\u00e3o cai quase 7%\" fetchpriority=high \/>\n\t\t\t<\/picture>\n\n\t\t\t<figcaption class=\"wp-caption-text wp-caption-text--show\">Oi (OIBR3). Foto: Getty Images.<\/figcaption>\n\t\t<\/figure>\n\t<\/div>\n\n\n\t<p>\n\t\t<a href=\"https:\/\/lp.suno.com.br\/planilha-controle-gastos\/\" target=\"_blank\" data-element=\"shortcode-suno-banner\" title=\"Banner SUNO, clique e saiba mais\">\n\t\t\t<picture>\n\t\t\t\t<source media=\"(max-width: 500px)\" srcset=\"https:\/\/files.sunoresearch.com.br\/n\/uploads\/2023\/03\/400x300-Planilha-controle-de-gastos.png\">\n\t\t\t\t<img class=\"newsContent__article__imgCapa newsContent__article__imgCapa--banner\"\n\t\t\t\t\tsrc=\"https:\/\/files.sunoresearch.com.br\/n\/uploads\/2023\/03\/1420x240-Planilha-controle-de-gastos.png\"\n\t\t\t\t\tdata-promo-id=\"101751\"\t\t\t\t\t\t\t\t\t\twidth='1420' height='240'\t\t\t\t\talt=\"https:\/\/files.sunoresearch.com.br\/n\/uploads\/2023\/03\/1420x240-Planilha-controle-de-gastos.png\"\n\t\t\t\t>\n\t\t\t<\/picture>\n\t\t<\/a>\n\t<\/p>\n\n\n<p>Com isso, o total da<strong> d\u00edvida da Oi<\/strong> passa de R$ 20,2 bilh\u00f5es para R$ 9,11 bilh\u00f5es. Mas, considerando os dep\u00f3sitos judiciais j\u00e1 efetuados pela operadora nos \u00faltimos anos, a Anatel deve receber agora o montante de R$ 7,33 bilh\u00f5es.<\/p>\n<p>Al\u00e9m do descont\u00e3o, a Oi conseguiu tamb\u00e9m alongar a sua d\u00edvida que antes estava com data prevista para outubro de 2027 e, pelo novo acordo, o prazo para a quita\u00e7\u00e3o foi estendido at\u00e9 abril de 2023.<\/p>\n<p>O <strong>valor da d\u00edvida da Oi<\/strong> foi dividido em 126 parcelas. A primeira foi paga para validar o acordo e a segunda parcela tem seis meses de car\u00eancia para a operadora quitar.<\/p>\n<p>&#8220;O Instrumento de Repactua\u00e7\u00e3o e Transa\u00e7\u00e3o representa o cumprimento de mais uma importante etapa do <strong><a class=\"suno-keyword\" href=\"https:\/\/www.suno.com.br\/artigos\/plano-de-recuperacao\/\" target=\"_blank\" rel=\"noopener\" data-force=\"no\" data-priority=\"1\">Plano de Recupera\u00e7\u00e3o Judicial<\/a> da Oi<\/strong>, viabilizando o encerramento de um grande n\u00famero de processos judiciais&#8221;, informou a operadora em seu <a class=\"suno-keyword\" href=\"https:\/\/www.suno.com.br\/artigos\/fato-relevante\/\" target=\"_blank\" rel=\"noopener\" data-force=\"no\" data-priority=\"1\">fato relevante<\/a>.<\/p>\n<p>Al\u00e9m do desconto da d\u00edvida, a Oi ganhou mais tempo da <a class=\"suno-keyword\" href=\"https:\/\/www.suno.com.br\/acoes\/B3SA3\/\" target=\"_blank\" rel=\"noopener\" data-force=\"yes\" data-priority=\"2\">B3 (B3SA3)<\/a>, a bolsa de valores brasileira, para seguir com suas <strong>a\u00e7\u00f5es abaixo de R$ 1<\/strong>. Com as normativas atuais, n\u00e3o \u00e9 permitido que uma empresa passe mais de 30 preg\u00f5es com os pap\u00e9is abaixo desse patamar \u2013 data que j\u00e1 foi extrapolada pela a\u00e7\u00e3o da Oi. A empresa tem de apresentar um plano de adequa\u00e7\u00e3o de pre\u00e7o, geralmente, quando isso ocorre.<\/p>\n<p>Segundo o comunicado da companhia, a partir de 1\u00ba de julho, ser\u00e1 iniciado novo per\u00edodo para eventual apura\u00e7\u00e3o de 30 preg\u00f5es ininterruptos com a cota\u00e7\u00e3o da operadora abaixo desse valor.<\/p>\n<p>Na an\u00e1lise da Guide, essas informa\u00e7\u00f5es tem o impacto positivo para Oi.\u00a0&#8220;O desconto, aliado a decis\u00e3o da B3, fornece f\u00f4lego adicional para as a\u00e7\u00f5es da empresa, que reduziu consideravelmente de tamanho e n\u00famero de ativos ap\u00f3s o leil\u00e3o vencido pela Tim, Vivo e Claro.&#8221;<\/p>\n<p>No entanto, agora, por volta das 12h, as a\u00e7\u00f5es da Oi apresentavam forte queda de 6,85%, negociadas a R$ 0,69.<\/p>\n\t<p>\n\t\t<a href=\"\" target=\"_blank\" data-element=\"shortcode-suno-banner\" title=\"Banner SUNO, clique e saiba mais\">\n\t\t\t<picture>\n\t\t\t\t<source media=\"(max-width: 500px)\" srcset=\"\">\n\t\t\t\t<img class=\"newsContent__article__imgCapa newsContent__article__imgCapa--banner\"\n\t\t\t\t\tsrc=\"\"\n\t\t\t\t\tdata-promo-id=\"250705\"\t\t\t\t\t\t\t\t\t\t\t\t\t\t\talt=\"\"\n\t\t\t\t>\n\t\t\t<\/picture>\n\t\t<\/a>\n\t<\/p>\n\n\n<h2>Entenda a recupera\u00e7\u00e3o judicial da Oi<\/h2>\n<p>O maior processo de recupera\u00e7\u00e3o judicial j\u00e1 ocorrido no Brasil iniciou em 2016, quando a Oi tinha d\u00edvidas no valor de R$ 65,4 bilh\u00f5es. Em 2020, a Justi\u00e7a aprovou a divis\u00e3o dos ativos da companhia em cinco Unidades Produtivas Isoladas (UPIs), colocadas \u00e0 venda.<\/p>\n<p>As 5 UPIs foram:<\/p>\n<ol>\n<li>UPI TVCo<\/li>\n<li>UPI Torres &#8211; A venda foi realizada para a Highline por um valor de R$ 1,06 bilh\u00e3o<\/li>\n<li>UPI Data Center &#8211; Vendida para a Titan no valor de R$ 325 milh\u00f5es<\/li>\n<li>UPI Ativos M\u00f3veis -Vendida para o cons\u00f3rcio (TIM, Vivo e Claro) por R$ 16,5 bilh\u00f5es<\/li>\n<li>UPI InfraCo &#8211; Vendida aos fundos do BTG Pactual por R$ 12,9 bilh\u00f5es<\/li>\n<\/ol>\n<p>Em junho de 2021 a<strong> <a class=\"suno-keyword\" href=\"https:\/\/www.suno.com.br\/artigos\/divida-bruta\/\" target=\"_blank\" rel=\"noopener\" data-force=\"no\" data-priority=\"1\">d\u00edvida bruta<\/a> da Oi<\/strong> era de R$ 29,1 bilh\u00f5es e o total a ser arrecadado pela empresa na aliena\u00e7\u00e3o das Unidades Produtivas Isoladas (UPIs) totaliza cerca de R$ 30,8 bilh\u00f5es<\/p>\n<p>Com a demora na aprova\u00e7\u00e3o da venda da Oi M\u00f3vel, o juiz Fernando Viana prorrogou o prazo de recupera\u00e7\u00e3o judicial, de 4 de outubro de 2021 para 31 de mar\u00e7o de 2022. No dia 10 de mar\u00e7o, o Cade\u00a0manteve a autoriza\u00e7\u00e3o para a venda dos ativos m\u00f3veis.<\/p>\n<p>J\u00e1 a Anatel deu aval \u00e0 opera\u00e7\u00e3o de venda da Oi em fevereiro, mas, devido a problemas burocr\u00e1ticos, ainda precisa convalidar a autoriza\u00e7\u00e3o.<\/p>\n<p>Com isso, o juiz prorrogou novamente o prazo para mais dois meses, ou seja para maio &#8212; m\u00eas aceito pelos credores como limite para t\u00e9rmino da RJ da<strong> Oi,<\/strong> conforme o aditamento do plano de recupera\u00e7\u00e3o aprovada em 2020.<\/p>\n\t<p>\n\t\t<a href=\"https:\/\/lp.suno.com.br\/planilha-de-controle-de-investimentos\/\" target=\"_blank\" data-element=\"shortcode-suno-banner\" title=\"Banner SUNO, clique e saiba mais\">\n\t\t\t<picture>\n\t\t\t\t<source media=\"(max-width: 500px)\" srcset=\"https:\/\/files.sunoresearch.com.br\/n\/uploads\/2023\/03\/400x300-Controle-de-Investimentos.png\">\n\t\t\t\t<img class=\"newsContent__article__imgCapa newsContent__article__imgCapa--banner\"\n\t\t\t\t\tsrc=\"https:\/\/files.sunoresearch.com.br\/n\/uploads\/2023\/03\/1420x240-Controle-de-Investimentos.png\"\n\t\t\t\t\tdata-promo-id=\"75934\"\t\t\t\t\t\t\t\t\t\twidth='1420' height='240'\t\t\t\t\talt=\"https:\/\/files.sunoresearch.com.br\/n\/uploads\/2023\/03\/1420x240-Controle-de-Investimentos.png\"\n\t\t\t\t>\n\t\t\t<\/picture>\n\t\t<\/a>\n\t<\/p>\n\n\n","protected":false},"excerpt":{"rendered":"<p>A Oi (OIBR3) d\u00e1 mais um passo importante em sua recupera\u00e7\u00e3o judicial (RJ) ap\u00f3s concluir a renegocia\u00e7\u00e3o de d\u00edvida com a Ag\u00eancia Nacional de Telecomunica\u00e7\u00f5es (Anatel). O resultado do acordo foi o desconto de 54,99% da d\u00edvida da tele. Oi (OIBR3). Foto: Getty Images. Com isso, o total da d\u00edvida da Oi passa de R$ [&hellip;]<\/p>\n","protected":false},"author":15,"featured_media":262570,"comment_status":"closed","ping_status":"closed","sticky":false,"template":"","format":"standard","meta":[],"categories":[64],"tags":[105816,584],"suno_strategy":[],"class_list":["post-263124","post","type-post","status-publish","format-standard","has-post-thumbnail","hentry","category-negocios","tag-especialistas","tag-oi-oibr3-oibr4"],"yoast_head":"<!-- This site is optimized with the Yoast SEO plugin v24.4 - https:\/\/yoast.com\/wordpress\/plugins\/seo\/ -->\n<title>Oi (OIBR3) avan\u00e7a em recupera\u00e7\u00e3o judicial e consegue desconto de R$ 10 bi com Anatel; A\u00e7\u00e3o cai quase 7%<\/title>\n<meta name=\"description\" content=\"A Oi (OIBR3) d\u00e1 mais um passo importante em sua RJ ap\u00f3s conseguir desconto de 54,99% da d\u00edvida com a Anatel. Clique aqui e saiba mais\" \/>\n<meta name=\"robots\" content=\"index, follow, max-snippet:-1, max-image-preview:large, max-video-preview:-1\" \/>\n<link rel=\"canonical\" href=\"https:\/\/www.suno.com.br\/noticias\/oi-oibr3-recuperacao-judicial-divida-anatel-10\/\" \/>\n<meta property=\"og:locale\" content=\"pt_BR\" \/>\n<meta property=\"og:type\" content=\"article\" \/>\n<meta property=\"og:title\" content=\"Oi (OIBR3) avan\u00e7a em recupera\u00e7\u00e3o judicial e consegue desconto de R$ 10 bi com Anatel; A\u00e7\u00e3o cai quase 7%\" \/>\n<meta property=\"og:description\" content=\"A Oi (OIBR3) d\u00e1 mais um passo importante em sua RJ ap\u00f3s conseguir desconto de 54,99% da d\u00edvida com a Anatel. Clique aqui e saiba mais\" \/>\n<meta property=\"og:url\" content=\"https:\/\/www.suno.com.br\/noticias\/oi-oibr3-recuperacao-judicial-divida-anatel-10\/\" \/>\n<meta property=\"og:site_name\" content=\"Suno Not\u00edcias\" \/>\n<meta property=\"article:publisher\" content=\"https:\/\/facebook.com\/sunoresearch\" \/>\n<meta property=\"og:image\" content=\"https:\/\/files.sunoresearch.com.br\/n\/uploads\/2022\/05\/Oi-OIBR3-e-Vivo-VIVT3-consideram-devolver-concessoes-lenta-troca-da-diretoria-da-Petrobras-PETR4-e-previsao-da-receita-da-Embraer-EMBR3-1.jpg\" \/>\n\t<meta property=\"og:image:width\" content=\"2000\" \/>\n\t<meta property=\"og:image:height\" content=\"1333\" \/>\n\t<meta property=\"og:image:type\" content=\"image\/jpeg\" \/>\n<meta name=\"author\" content=\"Poliana Santos\" \/>\n<meta name=\"twitter:card\" content=\"summary_large_image\" \/>\n<meta name=\"twitter:creator\" content=\"@sunoresearch\" \/>\n<meta name=\"twitter:site\" content=\"@sunoresearch\" \/>\n<meta name=\"twitter:label1\" content=\"Escrito por\" \/>\n\t<meta name=\"twitter:data1\" content=\"Poliana Santos\" \/>\n\t<meta name=\"twitter:label2\" content=\"Est. tempo de leitura\" \/>\n\t<meta name=\"twitter:data2\" content=\"3 minutos\" \/>\n<script type=\"application\/ld+json\" class=\"yoast-schema-graph\">{\"@context\":\"https:\/\/schema.org\",\"@graph\":[{\"@type\":\"NewsArticle\",\"@id\":\"https:\/\/www.suno.com.br\/noticias\/oi-oibr3-recuperacao-judicial-divida-anatel-10\/#article\",\"isPartOf\":{\"@id\":\"https:\/\/www.suno.com.br\/noticias\/oi-oibr3-recuperacao-judicial-divida-anatel-10\/\"},\"author\":{\"name\":\"Poliana Santos\",\"@id\":\"https:\/\/www.suno.com.br\/noticias\/#\/schema\/person\/02ec1f752758247878a2bf4abee1aeda\"},\"headline\":\"Oi (OIBR3) avan\u00e7a em recupera\u00e7\u00e3o judicial e consegue desconto de R$ 10 bi com Anatel; A\u00e7\u00e3o cai quase 7%\",\"datePublished\":\"2022-06-01T12:53:24+00:00\",\"dateModified\":\"2022-06-01T15:08:35+00:00\",\"mainEntityOfPage\":{\"@id\":\"https:\/\/www.suno.com.br\/noticias\/oi-oibr3-recuperacao-judicial-divida-anatel-10\/\"},\"wordCount\":683,\"publisher\":{\"@id\":\"https:\/\/www.suno.com.br\/noticias\/#organization\"},\"image\":{\"@id\":\"https:\/\/www.suno.com.br\/noticias\/oi-oibr3-recuperacao-judicial-divida-anatel-10\/#primaryimage\"},\"thumbnailUrl\":\"https:\/\/files.sunoresearch.com.br\/n\/uploads\/2022\/05\/Oi-OIBR3-e-Vivo-VIVT3-consideram-devolver-concessoes-lenta-troca-da-diretoria-da-Petrobras-PETR4-e-previsao-da-receita-da-Embraer-EMBR3-1.jpg\",\"keywords\":[\"Especialistas\",\"Oi (OIBR3\/OIBR4)\"],\"articleSection\":[\"Neg\u00f3cios\"],\"inLanguage\":\"pt-BR\"},{\"@type\":\"WebPage\",\"@id\":\"https:\/\/www.suno.com.br\/noticias\/oi-oibr3-recuperacao-judicial-divida-anatel-10\/\",\"url\":\"https:\/\/www.suno.com.br\/noticias\/oi-oibr3-recuperacao-judicial-divida-anatel-10\/\",\"name\":\"Oi (OIBR3) avan\u00e7a em recupera\u00e7\u00e3o judicial e consegue desconto de R$ 10 bi com Anatel; A\u00e7\u00e3o cai quase 7%\",\"isPartOf\":{\"@id\":\"https:\/\/www.suno.com.br\/noticias\/#website\"},\"primaryImageOfPage\":{\"@id\":\"https:\/\/www.suno.com.br\/noticias\/oi-oibr3-recuperacao-judicial-divida-anatel-10\/#primaryimage\"},\"image\":{\"@id\":\"https:\/\/www.suno.com.br\/noticias\/oi-oibr3-recuperacao-judicial-divida-anatel-10\/#primaryimage\"},\"thumbnailUrl\":\"https:\/\/files.sunoresearch.com.br\/n\/uploads\/2022\/05\/Oi-OIBR3-e-Vivo-VIVT3-consideram-devolver-concessoes-lenta-troca-da-diretoria-da-Petrobras-PETR4-e-previsao-da-receita-da-Embraer-EMBR3-1.jpg\",\"datePublished\":\"2022-06-01T12:53:24+00:00\",\"dateModified\":\"2022-06-01T15:08:35+00:00\",\"description\":\"A Oi (OIBR3) d\u00e1 mais um passo importante em sua RJ ap\u00f3s conseguir desconto de 54,99% da d\u00edvida com a Anatel. Clique aqui e saiba mais\",\"breadcrumb\":{\"@id\":\"https:\/\/www.suno.com.br\/noticias\/oi-oibr3-recuperacao-judicial-divida-anatel-10\/#breadcrumb\"},\"inLanguage\":\"pt-BR\",\"potentialAction\":[{\"@type\":\"ReadAction\",\"target\":[\"https:\/\/www.suno.com.br\/noticias\/oi-oibr3-recuperacao-judicial-divida-anatel-10\/\"]}]},{\"@type\":\"ImageObject\",\"inLanguage\":\"pt-BR\",\"@id\":\"https:\/\/www.suno.com.br\/noticias\/oi-oibr3-recuperacao-judicial-divida-anatel-10\/#primaryimage\",\"url\":\"https:\/\/files.sunoresearch.com.br\/n\/uploads\/2022\/05\/Oi-OIBR3-e-Vivo-VIVT3-consideram-devolver-concessoes-lenta-troca-da-diretoria-da-Petrobras-PETR4-e-previsao-da-receita-da-Embraer-EMBR3-1.jpg\",\"contentUrl\":\"https:\/\/files.sunoresearch.com.br\/n\/uploads\/2022\/05\/Oi-OIBR3-e-Vivo-VIVT3-consideram-devolver-concessoes-lenta-troca-da-diretoria-da-Petrobras-PETR4-e-previsao-da-receita-da-Embraer-EMBR3-1.jpg\",\"width\":2000,\"height\":1333,\"caption\":\"Oi (OIBR3). Foto: Getty Images.\"},{\"@type\":\"BreadcrumbList\",\"@id\":\"https:\/\/www.suno.com.br\/noticias\/oi-oibr3-recuperacao-judicial-divida-anatel-10\/#breadcrumb\",\"itemListElement\":[{\"@type\":\"ListItem\",\"position\":1,\"name\":\"Not\u00edcias\",\"item\":\"https:\/\/www.suno.com.br\/noticias\/\"},{\"@type\":\"ListItem\",\"position\":2,\"name\":\"Neg\u00f3cios\",\"item\":\"https:\/\/www.suno.com.br\/noticias\/negocios\/\"},{\"@type\":\"ListItem\",\"position\":3,\"name\":\"Oi (OIBR3) avan\u00e7a em recupera\u00e7\u00e3o judicial e consegue desconto de R$ 10 bi com Anatel; A\u00e7\u00e3o cai quase 7%\"}]},{\"@type\":\"WebSite\",\"@id\":\"https:\/\/www.suno.com.br\/noticias\/#website\",\"url\":\"https:\/\/www.suno.com.br\/noticias\/\",\"name\":\"Suno Not\u00edcias\",\"description\":\"Seu portal de informa\u00e7\u00e3o sobre o mundo dos investimentos\",\"publisher\":{\"@id\":\"https:\/\/www.suno.com.br\/noticias\/#organization\"},\"potentialAction\":[{\"@type\":\"SearchAction\",\"target\":{\"@type\":\"EntryPoint\",\"urlTemplate\":\"https:\/\/www.suno.com.br\/noticias\/?s={search_term_string}\"},\"query-input\":{\"@type\":\"PropertyValueSpecification\",\"valueRequired\":true,\"valueName\":\"search_term_string\"}}],\"inLanguage\":\"pt-BR\"},{\"@type\":\"Organization\",\"@id\":\"https:\/\/www.suno.com.br\/noticias\/#organization\",\"name\":\"Suno Not\u00edcias\",\"url\":\"https:\/\/www.suno.com.br\/noticias\/\",\"logo\":{\"@type\":\"ImageObject\",\"inLanguage\":\"pt-BR\",\"@id\":\"https:\/\/www.suno.com.br\/noticias\/#\/schema\/logo\/image\/\",\"url\":\"https:\/\/files.sunoresearch.com.br\/n\/uploads\/2021\/09\/suno-logo.png\",\"contentUrl\":\"https:\/\/files.sunoresearch.com.br\/n\/uploads\/2021\/09\/suno-logo.png\",\"width\":180,\"height\":180,\"caption\":\"Suno Not\u00edcias\"},\"image\":{\"@id\":\"https:\/\/www.suno.com.br\/noticias\/#\/schema\/logo\/image\/\"},\"sameAs\":[\"https:\/\/facebook.com\/sunoresearch\",\"https:\/\/x.com\/sunoresearch\",\"https:\/\/www.instagram.com\/suno\",\"https:\/\/www.linkedin.com\/company\/suno-research\/\",\"https:\/\/www.youtube.com\/c\/sunoresearch\"]},{\"@type\":\"Person\",\"@id\":\"https:\/\/www.suno.com.br\/noticias\/#\/schema\/person\/02ec1f752758247878a2bf4abee1aeda\",\"name\":\"Poliana Santos\",\"image\":{\"@type\":\"ImageObject\",\"inLanguage\":\"pt-BR\",\"@id\":\"https:\/\/www.suno.com.br\/noticias\/#\/schema\/person\/image\/\",\"url\":\"https:\/\/secure.gravatar.com\/avatar\/0645bd32f23d87b2130f2b2dff1d3f8d?s=96&r=g\",\"contentUrl\":\"https:\/\/secure.gravatar.com\/avatar\/0645bd32f23d87b2130f2b2dff1d3f8d?s=96&r=g\",\"caption\":\"Poliana Santos\"},\"description\":\"Rep\u00f3rter no Suno Not\u00edcias, com cobertura em mercado financeiro, economia, finan\u00e7as pessoais, renda fixa e varejo. Jornalista formada pela Faculdade C\u00e1sper L\u00edbero e possui passagem na R\u00e1dio Gazeta AM com a produ\u00e7\u00e3o de conte\u00fado sobre economia, pol\u00edtica, sa\u00fade, moda e m\u00fasica. Possui certificado de conclus\u00e3o do curso de An\u00e1lise de Balan\u00e7os pela Funda\u00e7\u00e3o Bradesco, Agenda Brasil pela FAAP, Educa\u00e7\u00e3o Pol\u00edtica por Alexandre Garcia e do Tesouro Direto e Mercado de A\u00e7\u00f5es pela B3.\",\"url\":\"https:\/\/www.suno.com.br\/noticias\/author\/poliana-santos\/\"}]}<\/script>\n<!-- \/ Yoast SEO plugin. -->","yoast_head_json":{"title":"Oi (OIBR3) avan\u00e7a em recupera\u00e7\u00e3o judicial e consegue desconto de R$ 10 bi com Anatel; A\u00e7\u00e3o cai quase 7%","description":"A Oi (OIBR3) d\u00e1 mais um passo importante em sua RJ ap\u00f3s conseguir desconto de 54,99% da d\u00edvida com a Anatel. Clique aqui e saiba mais","robots":{"index":"index","follow":"follow","max-snippet":"max-snippet:-1","max-image-preview":"max-image-preview:large","max-video-preview":"max-video-preview:-1"},"canonical":"https:\/\/www.suno.com.br\/noticias\/oi-oibr3-recuperacao-judicial-divida-anatel-10\/","og_locale":"pt_BR","og_type":"article","og_title":"Oi (OIBR3) avan\u00e7a em recupera\u00e7\u00e3o judicial e consegue desconto de R$ 10 bi com Anatel; A\u00e7\u00e3o cai quase 7%","og_description":"A Oi (OIBR3) d\u00e1 mais um passo importante em sua RJ ap\u00f3s conseguir desconto de 54,99% da d\u00edvida com a Anatel. Clique aqui e saiba mais","og_url":"https:\/\/www.suno.com.br\/noticias\/oi-oibr3-recuperacao-judicial-divida-anatel-10\/","og_site_name":"Suno Not\u00edcias","article_publisher":"https:\/\/facebook.com\/sunoresearch","og_image":[{"width":2000,"height":1333,"url":"https:\/\/files.sunoresearch.com.br\/n\/uploads\/2022\/05\/Oi-OIBR3-e-Vivo-VIVT3-consideram-devolver-concessoes-lenta-troca-da-diretoria-da-Petrobras-PETR4-e-previsao-da-receita-da-Embraer-EMBR3-1.jpg","type":"image\/jpeg"}],"author":"Poliana Santos","twitter_card":"summary_large_image","twitter_creator":"@sunoresearch","twitter_site":"@sunoresearch","twitter_misc":{"Escrito por":"Poliana Santos","Est. tempo de leitura":"3 minutos"},"schema":{"@context":"https:\/\/schema.org","@graph":[{"@type":"NewsArticle","@id":"https:\/\/www.suno.com.br\/noticias\/oi-oibr3-recuperacao-judicial-divida-anatel-10\/#article","isPartOf":{"@id":"https:\/\/www.suno.com.br\/noticias\/oi-oibr3-recuperacao-judicial-divida-anatel-10\/"},"author":{"name":"Poliana Santos","@id":"https:\/\/www.suno.com.br\/noticias\/#\/schema\/person\/02ec1f752758247878a2bf4abee1aeda"},"headline":"Oi (OIBR3) avan\u00e7a em recupera\u00e7\u00e3o judicial e consegue desconto de R$ 10 bi com Anatel; A\u00e7\u00e3o cai quase 7%","datePublished":"2022-06-01T12:53:24+00:00","dateModified":"2022-06-01T15:08:35+00:00","mainEntityOfPage":{"@id":"https:\/\/www.suno.com.br\/noticias\/oi-oibr3-recuperacao-judicial-divida-anatel-10\/"},"wordCount":683,"publisher":{"@id":"https:\/\/www.suno.com.br\/noticias\/#organization"},"image":{"@id":"https:\/\/www.suno.com.br\/noticias\/oi-oibr3-recuperacao-judicial-divida-anatel-10\/#primaryimage"},"thumbnailUrl":"https:\/\/files.sunoresearch.com.br\/n\/uploads\/2022\/05\/Oi-OIBR3-e-Vivo-VIVT3-consideram-devolver-concessoes-lenta-troca-da-diretoria-da-Petrobras-PETR4-e-previsao-da-receita-da-Embraer-EMBR3-1.jpg","keywords":["Especialistas","Oi (OIBR3\/OIBR4)"],"articleSection":["Neg\u00f3cios"],"inLanguage":"pt-BR"},{"@type":"WebPage","@id":"https:\/\/www.suno.com.br\/noticias\/oi-oibr3-recuperacao-judicial-divida-anatel-10\/","url":"https:\/\/www.suno.com.br\/noticias\/oi-oibr3-recuperacao-judicial-divida-anatel-10\/","name":"Oi (OIBR3) avan\u00e7a em recupera\u00e7\u00e3o judicial e consegue desconto de R$ 10 bi com Anatel; A\u00e7\u00e3o cai quase 7%","isPartOf":{"@id":"https:\/\/www.suno.com.br\/noticias\/#website"},"primaryImageOfPage":{"@id":"https:\/\/www.suno.com.br\/noticias\/oi-oibr3-recuperacao-judicial-divida-anatel-10\/#primaryimage"},"image":{"@id":"https:\/\/www.suno.com.br\/noticias\/oi-oibr3-recuperacao-judicial-divida-anatel-10\/#primaryimage"},"thumbnailUrl":"https:\/\/files.sunoresearch.com.br\/n\/uploads\/2022\/05\/Oi-OIBR3-e-Vivo-VIVT3-consideram-devolver-concessoes-lenta-troca-da-diretoria-da-Petrobras-PETR4-e-previsao-da-receita-da-Embraer-EMBR3-1.jpg","datePublished":"2022-06-01T12:53:24+00:00","dateModified":"2022-06-01T15:08:35+00:00","description":"A Oi (OIBR3) d\u00e1 mais um passo importante em sua RJ ap\u00f3s conseguir desconto de 54,99% da d\u00edvida com a Anatel. Clique aqui e saiba mais","breadcrumb":{"@id":"https:\/\/www.suno.com.br\/noticias\/oi-oibr3-recuperacao-judicial-divida-anatel-10\/#breadcrumb"},"inLanguage":"pt-BR","potentialAction":[{"@type":"ReadAction","target":["https:\/\/www.suno.com.br\/noticias\/oi-oibr3-recuperacao-judicial-divida-anatel-10\/"]}]},{"@type":"ImageObject","inLanguage":"pt-BR","@id":"https:\/\/www.suno.com.br\/noticias\/oi-oibr3-recuperacao-judicial-divida-anatel-10\/#primaryimage","url":"https:\/\/files.sunoresearch.com.br\/n\/uploads\/2022\/05\/Oi-OIBR3-e-Vivo-VIVT3-consideram-devolver-concessoes-lenta-troca-da-diretoria-da-Petrobras-PETR4-e-previsao-da-receita-da-Embraer-EMBR3-1.jpg","contentUrl":"https:\/\/files.sunoresearch.com.br\/n\/uploads\/2022\/05\/Oi-OIBR3-e-Vivo-VIVT3-consideram-devolver-concessoes-lenta-troca-da-diretoria-da-Petrobras-PETR4-e-previsao-da-receita-da-Embraer-EMBR3-1.jpg","width":2000,"height":1333,"caption":"Oi (OIBR3). Foto: Getty Images."},{"@type":"BreadcrumbList","@id":"https:\/\/www.suno.com.br\/noticias\/oi-oibr3-recuperacao-judicial-divida-anatel-10\/#breadcrumb","itemListElement":[{"@type":"ListItem","position":1,"name":"Not\u00edcias","item":"https:\/\/www.suno.com.br\/noticias\/"},{"@type":"ListItem","position":2,"name":"Neg\u00f3cios","item":"https:\/\/www.suno.com.br\/noticias\/negocios\/"},{"@type":"ListItem","position":3,"name":"Oi (OIBR3) avan\u00e7a em recupera\u00e7\u00e3o judicial e consegue desconto de R$ 10 bi com Anatel; A\u00e7\u00e3o cai quase 7%"}]},{"@type":"WebSite","@id":"https:\/\/www.suno.com.br\/noticias\/#website","url":"https:\/\/www.suno.com.br\/noticias\/","name":"Suno Not\u00edcias","description":"Seu portal de informa\u00e7\u00e3o sobre o mundo dos investimentos","publisher":{"@id":"https:\/\/www.suno.com.br\/noticias\/#organization"},"potentialAction":[{"@type":"SearchAction","target":{"@type":"EntryPoint","urlTemplate":"https:\/\/www.suno.com.br\/noticias\/?s={search_term_string}"},"query-input":{"@type":"PropertyValueSpecification","valueRequired":true,"valueName":"search_term_string"}}],"inLanguage":"pt-BR"},{"@type":"Organization","@id":"https:\/\/www.suno.com.br\/noticias\/#organization","name":"Suno Not\u00edcias","url":"https:\/\/www.suno.com.br\/noticias\/","logo":{"@type":"ImageObject","inLanguage":"pt-BR","@id":"https:\/\/www.suno.com.br\/noticias\/#\/schema\/logo\/image\/","url":"https:\/\/files.sunoresearch.com.br\/n\/uploads\/2021\/09\/suno-logo.png","contentUrl":"https:\/\/files.sunoresearch.com.br\/n\/uploads\/2021\/09\/suno-logo.png","width":180,"height":180,"caption":"Suno Not\u00edcias"},"image":{"@id":"https:\/\/www.suno.com.br\/noticias\/#\/schema\/logo\/image\/"},"sameAs":["https:\/\/facebook.com\/sunoresearch","https:\/\/x.com\/sunoresearch","https:\/\/www.instagram.com\/suno","https:\/\/www.linkedin.com\/company\/suno-research\/","https:\/\/www.youtube.com\/c\/sunoresearch"]},{"@type":"Person","@id":"https:\/\/www.suno.com.br\/noticias\/#\/schema\/person\/02ec1f752758247878a2bf4abee1aeda","name":"Poliana Santos","image":{"@type":"ImageObject","inLanguage":"pt-BR","@id":"https:\/\/www.suno.com.br\/noticias\/#\/schema\/person\/image\/","url":"https:\/\/secure.gravatar.com\/avatar\/0645bd32f23d87b2130f2b2dff1d3f8d?s=96&r=g","contentUrl":"https:\/\/secure.gravatar.com\/avatar\/0645bd32f23d87b2130f2b2dff1d3f8d?s=96&r=g","caption":"Poliana Santos"},"description":"Rep\u00f3rter no Suno Not\u00edcias, com cobertura em mercado financeiro, economia, finan\u00e7as pessoais, renda fixa e varejo. Jornalista formada pela Faculdade C\u00e1sper L\u00edbero e possui passagem na R\u00e1dio Gazeta AM com a produ\u00e7\u00e3o de conte\u00fado sobre economia, pol\u00edtica, sa\u00fade, moda e m\u00fasica. Possui certificado de conclus\u00e3o do curso de An\u00e1lise de Balan\u00e7os pela Funda\u00e7\u00e3o Bradesco, Agenda Brasil pela FAAP, Educa\u00e7\u00e3o Pol\u00edtica por Alexandre Garcia e do Tesouro Direto e Mercado de A\u00e7\u00f5es pela B3.","url":"https:\/\/www.suno.com.br\/noticias\/author\/poliana-santos\/"}]}},"default_loop_html":"<div class=\"cardsPage__listCard__boxs\"><div class=\"cardsPage__listCard__boxs__img\"><a href=\"https:\/\/www.suno.com.br\/noticias\/oi-oibr3-recuperacao-judicial-divida-anatel-10\/\"><img class=\"mask\" src=\"https:\/\/www.suno.com.br\/noticias\/wp-content\/themes\/suno\/resources\/images\/spotlight\/spotlight1img\/bg-mask.png\" alt=\"Image Mask\"\/><img src=\"https:\/\/files.sunoresearch.com.br\/n\/uploads\/2022\/05\/Oi-OIBR3-e-Vivo-VIVT3-consideram-devolver-concessoes-lenta-troca-da-diretoria-da-Petrobras-PETR4-e-previsao-da-receita-da-Embraer-EMBR3-1-400x200.jpg\" alt=\"Oi (OIBR3) avan\u00e7a em recupera\u00e7\u00e3o judicial e consegue desconto de R$ 10 bi com Anatel; A\u00e7\u00e3o cai quase 7%\"\/><\/a><span class=\"spotlightCategory\"><a href=\"https:\/\/www.suno.com.br\/noticias\/negocios\/\">Neg\u00f3cios<\/a><\/span><\/div><div class=\"cardsPage__listCard__boxs__content\"><a href=\"https:\/\/www.suno.com.br\/noticias\/oi-oibr3-recuperacao-judicial-divida-anatel-10\/\"><h2 class=\"content__title\">Oi (OIBR3) avan\u00e7a em recupera\u00e7\u00e3o judicial e consegue desconto de R$ 10 bi com Anatel; A\u00e7\u00e3o cai quase 7%<\/h2><\/a><div class=\"newsContent__article__meta\"><div class=\"newsContent__article__meta__authorBox\"><a href=\"https:\/\/www.suno.com.br\/noticias\/author\/poliana-santos\/\" class=\"authorBox__avatar noMobi\"><img src=\"https:\/\/files.sunoresearch.com.br\/n\/uploads\/2020\/08\/7ef34026-whatsapp-image-2020-08-03-at-12.37.57-150x150.webp\" alt=\"Poliana Santos\"><\/a><div class=\"authorBox__name\"><span>por\n\t\t\t<a href=\"https:\/\/www.suno.com.br\/noticias\/author\/poliana-santos\/\"><span itemprop=\"author\">Poliana Santos<\/span><\/a><\/span><time datetime=\"2022-06-01T09:53:24-03:00\" itemprop=\"datePublished\">01\/06\/2022 09:53<\/time><\/div><\/div><\/div><\/div><\/div>","single_layout":"posts","amp_enabled":true,"_links":{"self":[{"href":"https:\/\/www.suno.com.br\/noticias\/wp-json\/wp\/v2\/posts\/263124"}],"collection":[{"href":"https:\/\/www.suno.com.br\/noticias\/wp-json\/wp\/v2\/posts"}],"about":[{"href":"https:\/\/www.suno.com.br\/noticias\/wp-json\/wp\/v2\/types\/post"}],"author":[{"embeddable":true,"href":"https:\/\/www.suno.com.br\/noticias\/wp-json\/wp\/v2\/users\/15"}],"replies":[{"embeddable":true,"href":"https:\/\/www.suno.com.br\/noticias\/wp-json\/wp\/v2\/comments?post=263124"}],"version-history":[{"count":3,"href":"https:\/\/www.suno.com.br\/noticias\/wp-json\/wp\/v2\/posts\/263124\/revisions"}],"predecessor-version":[{"id":263243,"href":"https:\/\/www.suno.com.br\/noticias\/wp-json\/wp\/v2\/posts\/263124\/revisions\/263243"}],"wp:featuredmedia":[{"embeddable":true,"href":"https:\/\/www.suno.com.br\/noticias\/wp-json\/wp\/v2\/media\/262570"}],"wp:attachment":[{"href":"https:\/\/www.suno.com.br\/noticias\/wp-json\/wp\/v2\/media?parent=263124"}],"wp:term":[{"taxonomy":"category","embeddable":true,"href":"https:\/\/www.suno.com.br\/noticias\/wp-json\/wp\/v2\/categories?post=263124"},{"taxonomy":"post_tag","embeddable":true,"href":"https:\/\/www.suno.com.br\/noticias\/wp-json\/wp\/v2\/tags?post=263124"},{"taxonomy":"suno_strategy","embeddable":true,"href":"https:\/\/www.suno.com.br\/noticias\/wp-json\/wp\/v2\/suno_strategy?post=263124"}],"curies":[{"name":"wp","href":"https:\/\/api.w.org\/{rel}","templated":true}]}}