{"id":262963,"date":"2022-05-31T21:19:16","date_gmt":"2022-06-01T00:19:16","guid":{"rendered":"https:\/\/www.suno.com.br\/noticias\/?p=262963"},"modified":"2022-05-31T21:19:16","modified_gmt":"2022-06-01T00:19:16","slug":"uso-mascaras-locais-fechados-sp","status":"publish","type":"post","link":"https:\/\/www.suno.com.br\/noticias\/uso-mascaras-locais-fechados-sp\/","title":{"rendered":"Comit\u00ea do governo de SP volta a recomendar uso de m\u00e1scaras em locais fechados"},"content":{"rendered":"<p>O Comit\u00ea Cient\u00edfico do Estado de S\u00e3o Paulo, que presta assessoria ao governo do estado em medidas e a\u00e7\u00f5es contra a Covid-19, anunciou nesta ter\u00e7a (31) que passou a recomendar novamente o <strong>uso de m\u00e1scaras<\/strong> em locais fechados, de acordo com reportagem da Folha de S. Paulo. A decis\u00e3o ocorre em meio \u00e0 alta do n\u00famero de casos em S\u00e3o Paulo em maio.<\/p>\t<div class=\"wrapper-featured-image\">\n\t\t<figure class=\"spotlightImg\">\n\n\t\t\t<picture>\n\t\t\t\t<source media=\"(max-width: 768px)\" srcset=\"https:\/\/files.sunoresearch.com.br\/n\/uploads\/2021\/12\/vacina_sp_210520211171_0-400x200.jpg\">\n\t\t\t\t<img loading=\"lazy\" decoding=\"async\" class=\"newsContent__article__imgCapa lazyloadDisabled \" src=\"https:\/\/files.sunoresearch.com.br\/n\/uploads\/2021\/12\/vacina_sp_210520211171_0-800x450.jpg\" width=\"800\" height=\"450\" alt=\"Comit\u00ea do governo de SP volta a recomendar uso de m\u00e1scaras em locais fechados\" fetchpriority=high \/>\n\t\t\t<\/picture>\n\n\t\t\t<figcaption class=\"wp-caption-text wp-caption-text--show\">Vacina\u00e7\u00e3o em SP teve imbr\u00f3glio ap\u00f3s prefeitura adiantar refor\u00e7o da vacina em decis\u00e3o no fim de novembro - Foto: Rovena Rosa\/Ag\u00eancia Brasil<\/figcaption>\n\t\t<\/figure>\n\t<\/div>\n\n\n\t<p>\n\t\t<a href=\"\" target=\"_blank\" data-element=\"shortcode-suno-banner\" title=\"Banner SUNO, clique e saiba mais\">\n\t\t\t<picture>\n\t\t\t\t<source media=\"(max-width: 500px)\" srcset=\"\">\n\t\t\t\t<img class=\"newsContent__article__imgCapa newsContent__article__imgCapa--banner\"\n\t\t\t\t\tsrc=\"\"\n\t\t\t\t\tdata-promo-id=\"240038\"\t\t\t\t\t\t\t\t\t\t\t\t\t\t\talt=\"\"\n\t\t\t\t>\n\t\t\t<\/picture>\n\t\t<\/a>\n\t<\/p>\n\n\n<p>Esse foi o tema de uma reuni\u00e3o entre o governador Rodrigo Garcia (PSDB) e integrantes do Comit\u00ea nesta ter\u00e7a. O uso n\u00e3o ser\u00e1 obrigat\u00f3rio, informa a mat\u00e9ria online da Folha. N\u00e3o haver\u00e1 ainda fiscaliza\u00e7\u00e3o e multa, diz o Comit\u00ea contra a Covid em nota do governo estadual divulgada pela Folha. Cada munic\u00edpio do estado ter\u00e1 autonomia para decidir por medidas mais rigorosas.<\/p>\n<p>Segundo o governo de S\u00e3o Paulo, os cientistas contabilizam alta no n\u00famero de casos e hospitaliza\u00e7\u00f5es. A cobertura vacinal abrangente impede o aumento de mortes, diz o grupo de cientistas, segundo a Folha. A legisla\u00e7\u00e3o mant\u00e9m a recomenda\u00e7\u00e3o sobre o uso de m\u00e1scaras em hospitais e transportes p\u00fablicos.<\/p>\n<p>O governador do Estado de S\u00e3o Paulo,\u00a0<a class=\"suno-keyword\" href=\"https:\/\/www.suno.com.br\/tudo-sobre\/joao-doria\/\" target=\"_blank\" rel=\"noopener\" data-force=\"no\" data-priority=\"2\"><strong>Jo\u00e3o Doria<\/strong><\/a> (PSDB) anunciou em 17 de mar\u00e7o que o <strong>uso de m\u00e1scara<\/strong> n\u00e3o seria mais obrigat\u00f3rio em ambientes fechados em todos os 645 munic\u00edpios do estado, independentemente do n\u00edvel de imuniza\u00e7\u00e3o em crian\u00e7as e adolescentes em cada cidade.<\/p>\n<p>O uso das m\u00e1scaras continuou obrigat\u00f3rio em hospitais, servi\u00e7os de sa\u00fade, no transporte p\u00fablico e locais de acesso, como esta\u00e7\u00f5es de metr\u00f4 e trem. al\u00e9m de terminais de \u00f4nibus.<\/p>\n<p>Em 8 de mar\u00e7o, Doria j\u00e1 havia anunciado a<strong> libera\u00e7\u00e3o do uso de m\u00e1scaras<\/strong> em locais abertos em todo o estado.<\/p>\n\t<p>\n\t\t<a href=\"https:\/\/lp.suno.com.br\/planilha-de-controle-de-investimentos\/\" target=\"_blank\" data-element=\"shortcode-suno-banner\" title=\"Banner SUNO, clique e saiba mais\">\n\t\t\t<picture>\n\t\t\t\t<source media=\"(max-width: 500px)\" srcset=\"https:\/\/files.sunoresearch.com.br\/n\/uploads\/2023\/03\/400x300-Controle-de-Investimentos.png\">\n\t\t\t\t<img class=\"newsContent__article__imgCapa newsContent__article__imgCapa--banner\"\n\t\t\t\t\tsrc=\"https:\/\/files.sunoresearch.com.br\/n\/uploads\/2023\/03\/1420x240-Controle-de-Investimentos.png\"\n\t\t\t\t\tdata-promo-id=\"75934\"\t\t\t\t\t\t\t\t\t\twidth='1420' height='240'\t\t\t\t\talt=\"https:\/\/files.sunoresearch.com.br\/n\/uploads\/2023\/03\/1420x240-Controle-de-Investimentos.png\"\n\t\t\t\t>\n\t\t\t<\/picture>\n\t\t<\/a>\n\t<\/p>\n\n\n<h2>Interna\u00e7\u00f5es por covid-19 crescem em maio no estado de S\u00e3o Paulo<\/h2>\n<p>As <strong>interna\u00e7\u00f5es por covid-19<\/strong> v\u00eam crescendo em todo o estado de S\u00e3o Paulo desde o in\u00edcio de maio. No primeiro dia do m\u00eas, a m\u00e9dia m\u00f3vel de interna\u00e7\u00f5es di\u00e1rias estava em 170 por dia e hoje est\u00e1 em 404. Em abril, a m\u00e9dia era de 146 interna\u00e7\u00f5es a cada dia, o menor n\u00famero apresentado desde o in\u00edcio da pandemia de covid-19.<img decoding=\"async\" src=\"https:\/\/agenciabrasil.ebc.com.br\/ebc.png?id=1462905&amp;o=node\" \/><img decoding=\"async\" src=\"https:\/\/agenciabrasil.ebc.com.br\/ebc.gif?id=1462905&amp;o=node\" \/><\/p>\n<p>Desde fevereiro, o n\u00famero vinha caindo de forma constante, mas, no m\u00eas de maio, inverteu-se a tend\u00eancia de queda. O pico de interna\u00e7\u00f5es foi na segunda onda da pandemia, em mar\u00e7o do ano passado, quando a m\u00e9dia era de 3.381 interna\u00e7\u00f5es por dia, e o Brasil iniciava a vacina\u00e7\u00e3o contra a covid-19. Neste ano, o pico foi em janeiro, com m\u00e9dia de 1.521 interna\u00e7\u00f5es a cada dia.<\/p>\n<p>O <strong>n\u00famero de interna\u00e7\u00f5es<\/strong> \u00e9 um dos indicadores mais importantes para avaliar a pandemia porque reflete o momento atual. Com o crescimento das interna\u00e7\u00f5es neste momento, a tend\u00eancia \u00e9 que o n\u00famero de \u00f3bitos cres\u00e7a nas pr\u00f3ximas semanas.<\/p>\n<p>Os casos tamb\u00e9m v\u00eam aumentando no estado. Na 20\u00aa Semana Epidemiol\u00f3gica, entre os dias 15 e 21 de maio, S\u00e3o Paulo computou 18.353 casos de covid-19, com m\u00e9dia m\u00f3vel de 2.622 registros por dia. Uma semana depois, entre os dias 22 e 28 de maio, o total quase dobrou, passando para 33.810, o que representou m\u00e9dia de 4.830 casos por dia. O n\u00famero de mortes, no entanto, manteve-se est\u00e1vel, com m\u00e9dia de 39 notifica\u00e7\u00f5es por dia.<\/p>\n\t<p>\n\t\t<a href=\"https:\/\/lp.suno.com.br\/planilha-controle-gastos\/\" target=\"_blank\" data-element=\"shortcode-suno-banner\" title=\"Banner SUNO, clique e saiba mais\">\n\t\t\t<picture>\n\t\t\t\t<source media=\"(max-width: 500px)\" srcset=\"https:\/\/files.sunoresearch.com.br\/n\/uploads\/2023\/03\/400x300-Planilha-controle-de-gastos.png\">\n\t\t\t\t<img class=\"newsContent__article__imgCapa newsContent__article__imgCapa--banner\"\n\t\t\t\t\tsrc=\"https:\/\/files.sunoresearch.com.br\/n\/uploads\/2023\/03\/1420x240-Planilha-controle-de-gastos.png\"\n\t\t\t\t\tdata-promo-id=\"101751\"\t\t\t\t\t\t\t\t\t\twidth='1420' height='240'\t\t\t\t\talt=\"https:\/\/files.sunoresearch.com.br\/n\/uploads\/2023\/03\/1420x240-Planilha-controle-de-gastos.png\"\n\t\t\t\t>\n\t\t\t<\/picture>\n\t\t<\/a>\n\t<\/p>\n\n\n<p>Apesar do crescimento do n\u00famero de casos e de interna\u00e7\u00f5es nas \u00faltimas semanas e de apresentar alta m\u00e9dia de vacina\u00e7\u00e3o, ainda h\u00e1 pelo menos 10 milh\u00f5es de pessoas em todo o estado que n\u00e3o procuraram uma unidade de sa\u00fade para tomar a dose adicional de vacina contra covid-19. Isso \u00e9 o que mostra balan\u00e7o feito pela reportagem da\u00a0Ag\u00eancia Brasil\u00a0com base em dados disponibilizados pelo governo paulista.<\/p>\n<p>Cerca de 42 milh\u00f5es de pessoas que vivem no estado de S\u00e3o Paulo (o que, segundo o governo, representa cerca de 93% da popula\u00e7\u00e3o) tomaram ao menos uma dose de imunizante. Desse total, 39 milh\u00f5es receberam tamb\u00e9m a segunda dose (87%) e 1,2 milh\u00e3o, a dose \u00fanica. No entanto, apenas 28 milh\u00f5es de pessoas receberam a dose adicional: dado que soma as pessoas que j\u00e1 tomaram a primeira ou a segunda dose adicional de imunizante (terceira ou quarta doses).<\/p>\n<p>Procurada pela\u00a0<strong>Ag\u00eancia Brasil<\/strong>, a Secretaria Estadual da Sa\u00fade de S\u00e3o Paulo confirmou que o estado tem cerca de 2,7 milh\u00f5es de faltosos para a segunda dose, a maior parte deles (1,2 milh\u00e3o), crian\u00e7as e jovens entre 5 e 17 anos. H\u00e1 tamb\u00e9m 10 milh\u00f5es de pessoas eleg\u00edveis para tomar a dose adicional e 3,3 milh\u00f5es aptas a receber a quarta aplica\u00e7\u00e3o de imunizante que ainda n\u00e3o procuraram uma unidade de sa\u00fade. A secretaria enfatiza a import\u00e2ncia de completar o esquema vacinal para que a pessoa fique protegida de casos graves de covid-19.<\/p>\n\t<p>\n\t\t<a href=\"https:\/\/lp.suno.com.br\/planilha-da-vida-financeira\/\" target=\"_blank\" data-element=\"shortcode-suno-banner\" title=\"Banner SUNO, clique e saiba mais\">\n\t\t\t<picture>\n\t\t\t\t<source media=\"(max-width: 500px)\" srcset=\"https:\/\/files.sunoresearch.com.br\/n\/uploads\/2023\/04\/400x300-Planilha-vida-financeira-true.png\">\n\t\t\t\t<img class=\"newsContent__article__imgCapa newsContent__article__imgCapa--banner\"\n\t\t\t\t\tsrc=\"https:\/\/files.sunoresearch.com.br\/n\/uploads\/2023\/04\/1420x240-Planilha-vida-financeira-true.png\"\n\t\t\t\t\tdata-promo-id=\"106682\"\t\t\t\t\t\t\t\t\t\twidth='1420' height='240'\t\t\t\t\talt=\"https:\/\/files.sunoresearch.com.br\/n\/uploads\/2023\/04\/1420x240-Planilha-vida-financeira-true.png\"\n\t\t\t\t>\n\t\t\t<\/picture>\n\t\t<\/a>\n\t<\/p>\n\n\n<p>Com o salto do <strong>n\u00famero de casos<\/strong>, o governo de S\u00e3o Paulo iniciou nesta semana a aplica\u00e7\u00e3o da segunda dose adicional para<a href=\"https:\/\/agenciabrasil.ebc.com.br\/saude\/noticia\/2022-05\/covid-19-sp-inicia-dose-de-reforco-em-adolescentes-de-12-17-anos\" target=\"_blank\" rel=\"noopener\">\u00a0adolescentes entre 12 e 17 anos<\/a>. At\u00e9 ent\u00e3o, a aplica\u00e7\u00e3o da segunda dose adicional [ou quarta dose] estava restrita a idosos acima de 60 anos no estado. Apenas a cidade de\u00a0<a href=\"https:\/\/agenciabrasil.ebc.com.br\/saude\/noticia\/2022-05\/covid-19-municipio-paulista-aplica-segunda-dose-de-reforco\" target=\"_blank\" rel=\"noopener\">Botucatu, no interior paulista<\/a>, j\u00e1 iniciou a aplica\u00e7\u00e3o para a faixa entre 50 e 59 anos. Ainda n\u00e3o est\u00e1 definido se a vacina\u00e7\u00e3o adicional ser\u00e1 estendida para pessoas entre 18 e 59 anos em todo o estado. A \u00fanica medida \u00e9 a recomenda\u00e7\u00e3o do <strong>uso de m\u00e1scaras<\/strong> em locais fechados.<\/p>\n<p><em>Com Ag\u00eancia Brasil<\/em><\/p>\n\t<p>\n\t\t<a href=\"https:\/\/lp.suno.com.br\/ebook-como-analisar-uma-acao\/\" target=\"_blank\" data-element=\"shortcode-suno-banner\" title=\"Banner SUNO, clique e saiba mais\">\n\t\t\t<picture>\n\t\t\t\t<source media=\"(max-width: 500px)\" srcset=\"https:\/\/files.sunoresearch.com.br\/n\/uploads\/2023\/03\/Ebook-Acoes-Mobile-1.jpg\">\n\t\t\t\t<img class=\"newsContent__article__imgCapa newsContent__article__imgCapa--banner\"\n\t\t\t\t\tsrc=\"https:\/\/files.sunoresearch.com.br\/n\/uploads\/2023\/03\/Ebook-Acoes-Desktop-1.jpg\"\n\t\t\t\t\tdata-promo-id=\"171998\"\t\t\t\t\t\t\t\t\t\twidth='1420' height='286'\t\t\t\t\talt=\"https:\/\/files.sunoresearch.com.br\/n\/uploads\/2023\/03\/Ebook-Acoes-Desktop-1.jpg\"\n\t\t\t\t>\n\t\t\t<\/picture>\n\t\t<\/a>\n\t<\/p>\n\n\n","protected":false},"excerpt":{"rendered":"<p>O Comit\u00ea Cient\u00edfico do Estado de S\u00e3o Paulo, que presta assessoria ao governo do estado em medidas e a\u00e7\u00f5es contra a Covid-19, anunciou nesta ter\u00e7a (31) que passou a recomendar novamente o uso de m\u00e1scaras em locais fechados, de acordo com reportagem da Folha de S. Paulo. A decis\u00e3o ocorre em meio \u00e0 alta do [&hellip;]<\/p>\n","protected":false},"author":98,"featured_media":211141,"comment_status":"closed","ping_status":"closed","sticky":false,"template":"","format":"standard","meta":[],"categories":[61],"tags":[5255],"suno_strategy":[],"class_list":["post-262963","post","type-post","status-publish","format-standard","has-post-thumbnail","hentry","category-politica","tag-covid-19"],"yoast_head":"<!-- This site is optimized with the Yoast SEO plugin v24.4 - https:\/\/yoast.com\/wordpress\/plugins\/seo\/ -->\n<title>SP volta a recomendar uso de m\u00e1scaras em locais fechados<\/title>\n<meta name=\"description\" content=\"O Comit\u00ea Cient\u00edfico do Estado de S\u00e3o Paulo, do governo do estado, voltou a recomendar o uso de m\u00e1scaras em locais fechados, diz a Folha.\" \/>\n<meta name=\"robots\" content=\"index, follow, max-snippet:-1, max-image-preview:large, max-video-preview:-1\" \/>\n<link rel=\"canonical\" href=\"https:\/\/www.suno.com.br\/noticias\/uso-mascaras-locais-fechados-sp\/\" \/>\n<meta property=\"og:locale\" content=\"pt_BR\" \/>\n<meta property=\"og:type\" content=\"article\" \/>\n<meta property=\"og:title\" content=\"SP volta a recomendar uso de m\u00e1scaras em locais fechados\" \/>\n<meta property=\"og:description\" content=\"O Comit\u00ea Cient\u00edfico do Estado de S\u00e3o Paulo, do governo do estado, voltou a recomendar o uso de m\u00e1scaras em locais fechados, diz a Folha.\" \/>\n<meta property=\"og:url\" content=\"https:\/\/www.suno.com.br\/noticias\/uso-mascaras-locais-fechados-sp\/\" \/>\n<meta property=\"og:site_name\" content=\"Suno Not\u00edcias\" \/>\n<meta property=\"article:publisher\" content=\"https:\/\/facebook.com\/sunoresearch\" \/>\n<meta property=\"og:image\" content=\"https:\/\/files.sunoresearch.com.br\/n\/uploads\/2021\/12\/vacina_sp_210520211171_0.jpg\" \/>\n\t<meta property=\"og:image:width\" content=\"1600\" \/>\n\t<meta property=\"og:image:height\" content=\"800\" \/>\n\t<meta property=\"og:image:type\" content=\"image\/jpeg\" \/>\n<meta name=\"author\" content=\"Marco Ant\u00f4nio Lopes\" \/>\n<meta name=\"twitter:card\" content=\"summary_large_image\" \/>\n<meta name=\"twitter:creator\" content=\"@sunoresearch\" \/>\n<meta name=\"twitter:site\" content=\"@sunoresearch\" \/>\n<meta name=\"twitter:label1\" content=\"Escrito por\" \/>\n\t<meta name=\"twitter:data1\" content=\"Marco Ant\u00f4nio Lopes\" \/>\n\t<meta name=\"twitter:label2\" content=\"Est. tempo de leitura\" \/>\n\t<meta name=\"twitter:data2\" content=\"5 minutos\" \/>\n<script type=\"application\/ld+json\" class=\"yoast-schema-graph\">{\"@context\":\"https:\/\/schema.org\",\"@graph\":[{\"@type\":\"NewsArticle\",\"@id\":\"https:\/\/www.suno.com.br\/noticias\/uso-mascaras-locais-fechados-sp\/#article\",\"isPartOf\":{\"@id\":\"https:\/\/www.suno.com.br\/noticias\/uso-mascaras-locais-fechados-sp\/\"},\"author\":{\"name\":\"Marco Ant\u00f4nio Lopes\",\"@id\":\"https:\/\/www.suno.com.br\/noticias\/#\/schema\/person\/829bbe8d57f84333b966b96229c6bf5f\"},\"headline\":\"Comit\u00ea do governo de SP volta a recomendar uso de m\u00e1scaras em locais fechados\",\"datePublished\":\"2022-06-01T00:19:16+00:00\",\"mainEntityOfPage\":{\"@id\":\"https:\/\/www.suno.com.br\/noticias\/uso-mascaras-locais-fechados-sp\/\"},\"wordCount\":982,\"publisher\":{\"@id\":\"https:\/\/www.suno.com.br\/noticias\/#organization\"},\"image\":{\"@id\":\"https:\/\/www.suno.com.br\/noticias\/uso-mascaras-locais-fechados-sp\/#primaryimage\"},\"thumbnailUrl\":\"https:\/\/files.sunoresearch.com.br\/n\/uploads\/2021\/12\/vacina_sp_210520211171_0.jpg\",\"keywords\":[\"covid-19\"],\"articleSection\":[\"Pol\u00edtica\"],\"inLanguage\":\"pt-BR\"},{\"@type\":\"WebPage\",\"@id\":\"https:\/\/www.suno.com.br\/noticias\/uso-mascaras-locais-fechados-sp\/\",\"url\":\"https:\/\/www.suno.com.br\/noticias\/uso-mascaras-locais-fechados-sp\/\",\"name\":\"SP volta a recomendar uso de m\u00e1scaras em locais fechados\",\"isPartOf\":{\"@id\":\"https:\/\/www.suno.com.br\/noticias\/#website\"},\"primaryImageOfPage\":{\"@id\":\"https:\/\/www.suno.com.br\/noticias\/uso-mascaras-locais-fechados-sp\/#primaryimage\"},\"image\":{\"@id\":\"https:\/\/www.suno.com.br\/noticias\/uso-mascaras-locais-fechados-sp\/#primaryimage\"},\"thumbnailUrl\":\"https:\/\/files.sunoresearch.com.br\/n\/uploads\/2021\/12\/vacina_sp_210520211171_0.jpg\",\"datePublished\":\"2022-06-01T00:19:16+00:00\",\"description\":\"O Comit\u00ea Cient\u00edfico do Estado de S\u00e3o Paulo, do governo do estado, voltou a recomendar o uso de m\u00e1scaras em locais fechados, diz a Folha.\",\"breadcrumb\":{\"@id\":\"https:\/\/www.suno.com.br\/noticias\/uso-mascaras-locais-fechados-sp\/#breadcrumb\"},\"inLanguage\":\"pt-BR\",\"potentialAction\":[{\"@type\":\"ReadAction\",\"target\":[\"https:\/\/www.suno.com.br\/noticias\/uso-mascaras-locais-fechados-sp\/\"]}]},{\"@type\":\"ImageObject\",\"inLanguage\":\"pt-BR\",\"@id\":\"https:\/\/www.suno.com.br\/noticias\/uso-mascaras-locais-fechados-sp\/#primaryimage\",\"url\":\"https:\/\/files.sunoresearch.com.br\/n\/uploads\/2021\/12\/vacina_sp_210520211171_0.jpg\",\"contentUrl\":\"https:\/\/files.sunoresearch.com.br\/n\/uploads\/2021\/12\/vacina_sp_210520211171_0.jpg\",\"width\":1600,\"height\":800,\"caption\":\"Vacina\u00e7\u00e3o em SP teve imbr\u00f3glio ap\u00f3s prefeitura adiantar refor\u00e7o da vacina em decis\u00e3o no fim de novembro - Foto: Rovena Rosa\/Ag\u00eancia Brasil\"},{\"@type\":\"BreadcrumbList\",\"@id\":\"https:\/\/www.suno.com.br\/noticias\/uso-mascaras-locais-fechados-sp\/#breadcrumb\",\"itemListElement\":[{\"@type\":\"ListItem\",\"position\":1,\"name\":\"Not\u00edcias\",\"item\":\"https:\/\/www.suno.com.br\/noticias\/\"},{\"@type\":\"ListItem\",\"position\":2,\"name\":\"Pol\u00edtica\",\"item\":\"https:\/\/www.suno.com.br\/noticias\/politica\/\"},{\"@type\":\"ListItem\",\"position\":3,\"name\":\"Comit\u00ea do governo de SP volta a recomendar uso de m\u00e1scaras em locais fechados\"}]},{\"@type\":\"WebSite\",\"@id\":\"https:\/\/www.suno.com.br\/noticias\/#website\",\"url\":\"https:\/\/www.suno.com.br\/noticias\/\",\"name\":\"Suno Not\u00edcias\",\"description\":\"Seu portal de informa\u00e7\u00e3o sobre o mundo dos investimentos\",\"publisher\":{\"@id\":\"https:\/\/www.suno.com.br\/noticias\/#organization\"},\"potentialAction\":[{\"@type\":\"SearchAction\",\"target\":{\"@type\":\"EntryPoint\",\"urlTemplate\":\"https:\/\/www.suno.com.br\/noticias\/?s={search_term_string}\"},\"query-input\":{\"@type\":\"PropertyValueSpecification\",\"valueRequired\":true,\"valueName\":\"search_term_string\"}}],\"inLanguage\":\"pt-BR\"},{\"@type\":\"Organization\",\"@id\":\"https:\/\/www.suno.com.br\/noticias\/#organization\",\"name\":\"Suno Not\u00edcias\",\"url\":\"https:\/\/www.suno.com.br\/noticias\/\",\"logo\":{\"@type\":\"ImageObject\",\"inLanguage\":\"pt-BR\",\"@id\":\"https:\/\/www.suno.com.br\/noticias\/#\/schema\/logo\/image\/\",\"url\":\"https:\/\/files.sunoresearch.com.br\/n\/uploads\/2021\/09\/suno-logo.png\",\"contentUrl\":\"https:\/\/files.sunoresearch.com.br\/n\/uploads\/2021\/09\/suno-logo.png\",\"width\":180,\"height\":180,\"caption\":\"Suno Not\u00edcias\"},\"image\":{\"@id\":\"https:\/\/www.suno.com.br\/noticias\/#\/schema\/logo\/image\/\"},\"sameAs\":[\"https:\/\/facebook.com\/sunoresearch\",\"https:\/\/x.com\/sunoresearch\",\"https:\/\/www.instagram.com\/suno\",\"https:\/\/www.linkedin.com\/company\/suno-research\/\",\"https:\/\/www.youtube.com\/c\/sunoresearch\"]},{\"@type\":\"Person\",\"@id\":\"https:\/\/www.suno.com.br\/noticias\/#\/schema\/person\/829bbe8d57f84333b966b96229c6bf5f\",\"name\":\"Marco Ant\u00f4nio Lopes\",\"image\":{\"@type\":\"ImageObject\",\"inLanguage\":\"pt-BR\",\"@id\":\"https:\/\/www.suno.com.br\/noticias\/#\/schema\/person\/image\/\",\"url\":\"https:\/\/secure.gravatar.com\/avatar\/385167b012fbc1cde32c5446ee253313?s=96&r=g\",\"contentUrl\":\"https:\/\/secure.gravatar.com\/avatar\/385167b012fbc1cde32c5446ee253313?s=96&r=g\",\"caption\":\"Marco Ant\u00f4nio Lopes\"},\"description\":\"Jornalista, \u00e9 editor no Suno Not\u00edcias. Trabalhou nas revistas Playboy, Super, Veja Comer &amp; Beber, Homem Vogue e Universo Masculino, al\u00e9m dos portais Abril.com, R7, nas editorias de Home, Esportes, Hora 7, Entretenimento e Geral, e Eu Quero Investir. Autor do livro Bruce Lee: Definitivo (Editora Conrad). Colaborou nas revistas Nova, Veja SP, Grandes Guerras, Placar, Bizz, Casa Claudia e Quatro Rodas.\",\"url\":\"https:\/\/www.suno.com.br\/noticias\/author\/marco-lopes\/\"}]}<\/script>\n<!-- \/ Yoast SEO plugin. -->","yoast_head_json":{"title":"SP volta a recomendar uso de m\u00e1scaras em locais fechados","description":"O Comit\u00ea Cient\u00edfico do Estado de S\u00e3o Paulo, do governo do estado, voltou a recomendar o uso de m\u00e1scaras em locais fechados, diz a Folha.","robots":{"index":"index","follow":"follow","max-snippet":"max-snippet:-1","max-image-preview":"max-image-preview:large","max-video-preview":"max-video-preview:-1"},"canonical":"https:\/\/www.suno.com.br\/noticias\/uso-mascaras-locais-fechados-sp\/","og_locale":"pt_BR","og_type":"article","og_title":"SP volta a recomendar uso de m\u00e1scaras em locais fechados","og_description":"O Comit\u00ea Cient\u00edfico do Estado de S\u00e3o Paulo, do governo do estado, voltou a recomendar o uso de m\u00e1scaras em locais fechados, diz a Folha.","og_url":"https:\/\/www.suno.com.br\/noticias\/uso-mascaras-locais-fechados-sp\/","og_site_name":"Suno Not\u00edcias","article_publisher":"https:\/\/facebook.com\/sunoresearch","og_image":[{"width":1600,"height":800,"url":"https:\/\/files.sunoresearch.com.br\/n\/uploads\/2021\/12\/vacina_sp_210520211171_0.jpg","type":"image\/jpeg"}],"author":"Marco Ant\u00f4nio Lopes","twitter_card":"summary_large_image","twitter_creator":"@sunoresearch","twitter_site":"@sunoresearch","twitter_misc":{"Escrito por":"Marco Ant\u00f4nio Lopes","Est. tempo de leitura":"5 minutos"},"schema":{"@context":"https:\/\/schema.org","@graph":[{"@type":"NewsArticle","@id":"https:\/\/www.suno.com.br\/noticias\/uso-mascaras-locais-fechados-sp\/#article","isPartOf":{"@id":"https:\/\/www.suno.com.br\/noticias\/uso-mascaras-locais-fechados-sp\/"},"author":{"name":"Marco Ant\u00f4nio Lopes","@id":"https:\/\/www.suno.com.br\/noticias\/#\/schema\/person\/829bbe8d57f84333b966b96229c6bf5f"},"headline":"Comit\u00ea do governo de SP volta a recomendar uso de m\u00e1scaras em locais fechados","datePublished":"2022-06-01T00:19:16+00:00","mainEntityOfPage":{"@id":"https:\/\/www.suno.com.br\/noticias\/uso-mascaras-locais-fechados-sp\/"},"wordCount":982,"publisher":{"@id":"https:\/\/www.suno.com.br\/noticias\/#organization"},"image":{"@id":"https:\/\/www.suno.com.br\/noticias\/uso-mascaras-locais-fechados-sp\/#primaryimage"},"thumbnailUrl":"https:\/\/files.sunoresearch.com.br\/n\/uploads\/2021\/12\/vacina_sp_210520211171_0.jpg","keywords":["covid-19"],"articleSection":["Pol\u00edtica"],"inLanguage":"pt-BR"},{"@type":"WebPage","@id":"https:\/\/www.suno.com.br\/noticias\/uso-mascaras-locais-fechados-sp\/","url":"https:\/\/www.suno.com.br\/noticias\/uso-mascaras-locais-fechados-sp\/","name":"SP volta a recomendar uso de m\u00e1scaras em locais fechados","isPartOf":{"@id":"https:\/\/www.suno.com.br\/noticias\/#website"},"primaryImageOfPage":{"@id":"https:\/\/www.suno.com.br\/noticias\/uso-mascaras-locais-fechados-sp\/#primaryimage"},"image":{"@id":"https:\/\/www.suno.com.br\/noticias\/uso-mascaras-locais-fechados-sp\/#primaryimage"},"thumbnailUrl":"https:\/\/files.sunoresearch.com.br\/n\/uploads\/2021\/12\/vacina_sp_210520211171_0.jpg","datePublished":"2022-06-01T00:19:16+00:00","description":"O Comit\u00ea Cient\u00edfico do Estado de S\u00e3o Paulo, do governo do estado, voltou a recomendar o uso de m\u00e1scaras em locais fechados, diz a Folha.","breadcrumb":{"@id":"https:\/\/www.suno.com.br\/noticias\/uso-mascaras-locais-fechados-sp\/#breadcrumb"},"inLanguage":"pt-BR","potentialAction":[{"@type":"ReadAction","target":["https:\/\/www.suno.com.br\/noticias\/uso-mascaras-locais-fechados-sp\/"]}]},{"@type":"ImageObject","inLanguage":"pt-BR","@id":"https:\/\/www.suno.com.br\/noticias\/uso-mascaras-locais-fechados-sp\/#primaryimage","url":"https:\/\/files.sunoresearch.com.br\/n\/uploads\/2021\/12\/vacina_sp_210520211171_0.jpg","contentUrl":"https:\/\/files.sunoresearch.com.br\/n\/uploads\/2021\/12\/vacina_sp_210520211171_0.jpg","width":1600,"height":800,"caption":"Vacina\u00e7\u00e3o em SP teve imbr\u00f3glio ap\u00f3s prefeitura adiantar refor\u00e7o da vacina em decis\u00e3o no fim de novembro - Foto: Rovena Rosa\/Ag\u00eancia Brasil"},{"@type":"BreadcrumbList","@id":"https:\/\/www.suno.com.br\/noticias\/uso-mascaras-locais-fechados-sp\/#breadcrumb","itemListElement":[{"@type":"ListItem","position":1,"name":"Not\u00edcias","item":"https:\/\/www.suno.com.br\/noticias\/"},{"@type":"ListItem","position":2,"name":"Pol\u00edtica","item":"https:\/\/www.suno.com.br\/noticias\/politica\/"},{"@type":"ListItem","position":3,"name":"Comit\u00ea do governo de SP volta a recomendar uso de m\u00e1scaras em locais fechados"}]},{"@type":"WebSite","@id":"https:\/\/www.suno.com.br\/noticias\/#website","url":"https:\/\/www.suno.com.br\/noticias\/","name":"Suno Not\u00edcias","description":"Seu portal de informa\u00e7\u00e3o sobre o mundo dos investimentos","publisher":{"@id":"https:\/\/www.suno.com.br\/noticias\/#organization"},"potentialAction":[{"@type":"SearchAction","target":{"@type":"EntryPoint","urlTemplate":"https:\/\/www.suno.com.br\/noticias\/?s={search_term_string}"},"query-input":{"@type":"PropertyValueSpecification","valueRequired":true,"valueName":"search_term_string"}}],"inLanguage":"pt-BR"},{"@type":"Organization","@id":"https:\/\/www.suno.com.br\/noticias\/#organization","name":"Suno Not\u00edcias","url":"https:\/\/www.suno.com.br\/noticias\/","logo":{"@type":"ImageObject","inLanguage":"pt-BR","@id":"https:\/\/www.suno.com.br\/noticias\/#\/schema\/logo\/image\/","url":"https:\/\/files.sunoresearch.com.br\/n\/uploads\/2021\/09\/suno-logo.png","contentUrl":"https:\/\/files.sunoresearch.com.br\/n\/uploads\/2021\/09\/suno-logo.png","width":180,"height":180,"caption":"Suno Not\u00edcias"},"image":{"@id":"https:\/\/www.suno.com.br\/noticias\/#\/schema\/logo\/image\/"},"sameAs":["https:\/\/facebook.com\/sunoresearch","https:\/\/x.com\/sunoresearch","https:\/\/www.instagram.com\/suno","https:\/\/www.linkedin.com\/company\/suno-research\/","https:\/\/www.youtube.com\/c\/sunoresearch"]},{"@type":"Person","@id":"https:\/\/www.suno.com.br\/noticias\/#\/schema\/person\/829bbe8d57f84333b966b96229c6bf5f","name":"Marco Ant\u00f4nio Lopes","image":{"@type":"ImageObject","inLanguage":"pt-BR","@id":"https:\/\/www.suno.com.br\/noticias\/#\/schema\/person\/image\/","url":"https:\/\/secure.gravatar.com\/avatar\/385167b012fbc1cde32c5446ee253313?s=96&r=g","contentUrl":"https:\/\/secure.gravatar.com\/avatar\/385167b012fbc1cde32c5446ee253313?s=96&r=g","caption":"Marco Ant\u00f4nio Lopes"},"description":"Jornalista, \u00e9 editor no Suno Not\u00edcias. Trabalhou nas revistas Playboy, Super, Veja Comer &amp; Beber, Homem Vogue e Universo Masculino, al\u00e9m dos portais Abril.com, R7, nas editorias de Home, Esportes, Hora 7, Entretenimento e Geral, e Eu Quero Investir. Autor do livro Bruce Lee: Definitivo (Editora Conrad). Colaborou nas revistas Nova, Veja SP, Grandes Guerras, Placar, Bizz, Casa Claudia e Quatro Rodas.","url":"https:\/\/www.suno.com.br\/noticias\/author\/marco-lopes\/"}]}},"default_loop_html":"<div class=\"cardsPage__listCard__boxs\"><div class=\"cardsPage__listCard__boxs__img\"><a href=\"https:\/\/www.suno.com.br\/noticias\/uso-mascaras-locais-fechados-sp\/\"><img class=\"mask\" src=\"https:\/\/www.suno.com.br\/noticias\/wp-content\/themes\/suno\/resources\/images\/spotlight\/spotlight1img\/bg-mask.png\" alt=\"Image Mask\"\/><img src=\"https:\/\/files.sunoresearch.com.br\/n\/uploads\/2021\/12\/vacina_sp_210520211171_0-400x200.jpg\" alt=\"Comit\u00ea do governo de SP volta a recomendar uso de m\u00e1scaras em locais fechados\"\/><\/a><span class=\"spotlightCategory\"><a href=\"https:\/\/www.suno.com.br\/noticias\/politica\/\">Pol\u00edtica<\/a><\/span><\/div><div class=\"cardsPage__listCard__boxs__content\"><a href=\"https:\/\/www.suno.com.br\/noticias\/uso-mascaras-locais-fechados-sp\/\"><h2 class=\"content__title\">Comit\u00ea do governo de SP volta a recomendar uso de m\u00e1scaras em locais fechados<\/h2><\/a><div class=\"newsContent__article__meta\"><div class=\"newsContent__article__meta__authorBox\"><a href=\"https:\/\/www.suno.com.br\/noticias\/author\/marco-lopes\/\" class=\"authorBox__avatar noMobi\"><img src=\"https:\/\/secure.gravatar.com\/avatar\/385167b012fbc1cde32c5446ee253313?s=96&#038;r=g\" alt=\"Marco Ant\u00f4nio Lopes\"><\/a><div class=\"authorBox__name\"><span>por\n\t\t\t<a href=\"https:\/\/www.suno.com.br\/noticias\/author\/marco-lopes\/\"><span itemprop=\"author\">Marco Ant\u00f4nio Lopes<\/span><\/a><\/span><time datetime=\"2022-05-31T21:19:16-03:00\" itemprop=\"datePublished\">31\/05\/2022 21:19<\/time><\/div><\/div><\/div><\/div><\/div>","single_layout":"posts","amp_enabled":true,"_links":{"self":[{"href":"https:\/\/www.suno.com.br\/noticias\/wp-json\/wp\/v2\/posts\/262963"}],"collection":[{"href":"https:\/\/www.suno.com.br\/noticias\/wp-json\/wp\/v2\/posts"}],"about":[{"href":"https:\/\/www.suno.com.br\/noticias\/wp-json\/wp\/v2\/types\/post"}],"author":[{"embeddable":true,"href":"https:\/\/www.suno.com.br\/noticias\/wp-json\/wp\/v2\/users\/98"}],"replies":[{"embeddable":true,"href":"https:\/\/www.suno.com.br\/noticias\/wp-json\/wp\/v2\/comments?post=262963"}],"version-history":[{"count":1,"href":"https:\/\/www.suno.com.br\/noticias\/wp-json\/wp\/v2\/posts\/262963\/revisions"}],"predecessor-version":[{"id":262975,"href":"https:\/\/www.suno.com.br\/noticias\/wp-json\/wp\/v2\/posts\/262963\/revisions\/262975"}],"wp:featuredmedia":[{"embeddable":true,"href":"https:\/\/www.suno.com.br\/noticias\/wp-json\/wp\/v2\/media\/211141"}],"wp:attachment":[{"href":"https:\/\/www.suno.com.br\/noticias\/wp-json\/wp\/v2\/media?parent=262963"}],"wp:term":[{"taxonomy":"category","embeddable":true,"href":"https:\/\/www.suno.com.br\/noticias\/wp-json\/wp\/v2\/categories?post=262963"},{"taxonomy":"post_tag","embeddable":true,"href":"https:\/\/www.suno.com.br\/noticias\/wp-json\/wp\/v2\/tags?post=262963"},{"taxonomy":"suno_strategy","embeddable":true,"href":"https:\/\/www.suno.com.br\/noticias\/wp-json\/wp\/v2\/suno_strategy?post=262963"}],"curies":[{"name":"wp","href":"https:\/\/api.w.org\/{rel}","templated":true}]}}