{"id":262941,"date":"2022-05-31T22:04:42","date_gmt":"2022-06-01T01:04:42","guid":{"rendered":"https:\/\/www.suno.com.br\/noticias\/?p=262941"},"modified":"2022-05-31T22:04:42","modified_gmt":"2022-06-01T01:04:42","slug":"radar-vale-vale3-oi-oibr3-irb-brasil-irbr3","status":"publish","type":"post","link":"https:\/\/www.suno.com.br\/noticias\/radar-vale-vale3-oi-oibr3-irb-brasil-irbr3\/","title":{"rendered":"Radar: Vale (VALE3) deposita R$ 1,2 bi por acordo de repara\u00e7\u00e3o, Oi (OIBR3) e BTG (BPAC11) anunciam parceria, IRB Brasil (IRBR3) sobe na Bolsa"},"content":{"rendered":"<p>Nesta ter\u00e7a-feira (23), a <strong>Vale<\/strong> (VALE3) informou a realiza\u00e7\u00e3o de um dep\u00f3sito de R$ 1,2 bilh\u00e3o como pagamento pelo <strong>Acordo de Repara\u00e7\u00e3o por Brumadinho<\/strong>. De acordo com a empresa, o valor, depositado em ju\u00edzo, ser\u00e1 transferido para o Estado de Minas Gerais.<\/p>\t<div class=\"wrapper-featured-image\">\n\t\t<figure class=\"spotlightImg\">\n\n\t\t\t<picture>\n\t\t\t\t<source media=\"(max-width: 768px)\" srcset=\"https:\/\/files.sunoresearch.com.br\/n\/uploads\/2022\/05\/1615597741755-400x200.jpg\">\n\t\t\t\t<img loading=\"lazy\" decoding=\"async\" class=\"newsContent__article__imgCapa lazyloadDisabled \" src=\"https:\/\/files.sunoresearch.com.br\/n\/uploads\/2022\/05\/1615597741755-800x450.jpg\" width=\"800\" height=\"450\" alt=\"Radar: Vale (VALE3) deposita R$ 1,2 bi por acordo de repara\u00e7\u00e3o, Oi (OIBR3) e BTG (BPAC11) anunciam parceria, IRB Brasil (IRBR3) sobe na Bolsa\" fetchpriority=high \/>\n\t\t\t<\/picture>\n\n\t\t\t<figcaption class=\"wp-caption-text wp-caption-text--show\">. Foto: Pexels.<\/figcaption>\n\t\t<\/figure>\n\t<\/div>\n\n\n<p>Em fevereiro de 2021, a mineradora Vale e o governo de Minas Gerais assinaram um acordo de mais de R$ 37 bilh\u00f5es pela <strong>repara\u00e7\u00e3o dos danos<\/strong> causados pelo rompimento da barragem da mina C\u00f3rrego do Feij\u00e3o, Brumadinho, em 2019. O rompimento deixou 270 v\u00edtimas, entre mortos e desaparecidos.<\/p>\n\t<p>\n\t\t<a href=\"\" target=\"_blank\" data-element=\"shortcode-suno-banner\" title=\"Banner SUNO, clique e saiba mais\">\n\t\t\t<picture>\n\t\t\t\t<source media=\"(max-width: 500px)\" srcset=\"\">\n\t\t\t\t<img class=\"newsContent__article__imgCapa newsContent__article__imgCapa--banner\"\n\t\t\t\t\tsrc=\"\"\n\t\t\t\t\tdata-promo-id=\"89005\"\t\t\t\t\t\t\t\t\t\t\t\t\t\t\talt=\"\"\n\t\t\t\t>\n\t\t\t<\/picture>\n\t\t<\/a>\n\t<\/p>\n\n\n<p>At\u00e9 o momento, do <strong>total acordado<\/strong> entre o estado e a mineradora, a empresa j\u00e1 depositou R$ 18,5 bilh\u00f5es.<\/p>\n<p>O valor deve ser revertido para projetos de melhoria de mobilidade urbana e servi\u00e7os p\u00fablicos, como, por exemplo, a pavimenta\u00e7\u00e3o de estradas e reformas de hospitais.<\/p>\n<p>A companhia ainda esclareceu que o dep\u00f3sito de hoje \u00e9 equivalente ao <strong>pagamento de parcelas corrigidas pela infla\u00e7\u00e3o<\/strong> para o Programa de Mobilidade Urbana de Minas Gerais. E tamb\u00e9m afirmou, al\u00e9m disso, que algumas obriga\u00e7\u00f5es do Acordo de Repara\u00e7\u00e3o j\u00e1 foram integralmente quitadas.<\/p>\n\t<p>\n\t\t<a href=\"https:\/\/lp.suno.com.br\/ebook-como-analisar-uma-acao\/\" target=\"_blank\" data-element=\"shortcode-suno-banner\" title=\"Banner SUNO, clique e saiba mais\">\n\t\t\t<picture>\n\t\t\t\t<source media=\"(max-width: 500px)\" srcset=\"https:\/\/files.sunoresearch.com.br\/n\/uploads\/2023\/03\/Ebook-Acoes-Mobile-1.jpg\">\n\t\t\t\t<img class=\"newsContent__article__imgCapa newsContent__article__imgCapa--banner\"\n\t\t\t\t\tsrc=\"https:\/\/files.sunoresearch.com.br\/n\/uploads\/2023\/03\/Ebook-Acoes-Desktop-1.jpg\"\n\t\t\t\t\tdata-promo-id=\"171998\"\t\t\t\t\t\t\t\t\t\twidth='1420' height='286'\t\t\t\t\talt=\"https:\/\/files.sunoresearch.com.br\/n\/uploads\/2023\/03\/Ebook-Acoes-Desktop-1.jpg\"\n\t\t\t\t>\n\t\t\t<\/picture>\n\t\t<\/a>\n\t<\/p>\n\n\n<p>\u201cTamb\u00e9m foi transferido integralmente o saldo dos R$ 4,4 bilh\u00f5es para implanta\u00e7\u00e3o do Programa de Transfer\u00eancia de Renda (PTR), solu\u00e7\u00e3o definitiva para os pagamentos emergenciais aos atingidos, pagos entre abril de 2019 e outubro de 2021 pela Vale\u201d, afirma a mineradora.<\/p>\n<p>Al\u00e9m da <strong>Vale<\/strong>, confira outros destaques desta ter\u00e7a-feira:<\/p>\n<h2>Oi (OIBR3) e BTG (BPAC11) anunciam parceria para oferecer solu\u00e7\u00f5es financeiras a pequenas empresas<\/h2>\n\t<p>\n\t\t<a href=\"https:\/\/lp.suno.com.br\/planilha-controle-gastos\/\" target=\"_blank\" data-element=\"shortcode-suno-banner\" title=\"Banner SUNO, clique e saiba mais\">\n\t\t\t<picture>\n\t\t\t\t<source media=\"(max-width: 500px)\" srcset=\"https:\/\/files.sunoresearch.com.br\/n\/uploads\/2023\/03\/400x300-Planilha-controle-de-gastos.png\">\n\t\t\t\t<img class=\"newsContent__article__imgCapa newsContent__article__imgCapa--banner\"\n\t\t\t\t\tsrc=\"https:\/\/files.sunoresearch.com.br\/n\/uploads\/2023\/03\/1420x240-Planilha-controle-de-gastos.png\"\n\t\t\t\t\tdata-promo-id=\"101751\"\t\t\t\t\t\t\t\t\t\twidth='1420' height='240'\t\t\t\t\talt=\"https:\/\/files.sunoresearch.com.br\/n\/uploads\/2023\/03\/1420x240-Planilha-controle-de-gastos.png\"\n\t\t\t\t>\n\t\t\t<\/picture>\n\t\t<\/a>\n\t<\/p>\n\n\n<ul>\n<li><strong>A Oi<\/strong> (OIBR3) e o BTG (BPAC11) se juntam em parceria para oferecer cr\u00e9dito e conta digital PJ para os clientes do Oi Seu Neg\u00f3cio, segmento da Oi (OIBR3) voltado para micro e pequenas empresas (PMEs).<\/li>\n<li>Os servi\u00e7os s\u00e3o proporcionados pela plataforma digital de solu\u00e7\u00f5es para pequenas e m\u00e9dias empresas do banco, o BTG Pactual Empresas.<\/li>\n<li>O an\u00fancio desta parceria foi anunciada nesta ter\u00e7a-feira (31).<\/li>\n<li>De acordo com comunicado das empresas, o acordo entre a tele e o banco vai permitir que os clientes do Oi Seu Neg\u00f3cio tenham acesso a diversos produtos do BTG Pactual Empresas \u2013 entre eles, linhas de <a class=\"suno-keyword\" href=\"https:\/\/www.suno.com.br\/artigos\/antecipacao-recebiveis\/\" target=\"_blank\" rel=\"noopener\" data-force=\"no\" data-priority=\"1\">antecipa\u00e7\u00e3o de receb\u00edveis<\/a> de cart\u00e3o, com <a class=\"suno-keyword\" href=\"https:\/\/www.suno.com.br\/artigos\/taxa-de-desconto\/\" target=\"_blank\" rel=\"noopener\" data-force=\"no\" data-priority=\"1\">taxa de desconto<\/a> atrativa e possibilidade de receber no mesmo dia, antecipando as necessidades de caixa.<\/li>\n<li>A parceria tamb\u00e9m inclui linhas de capital de giro com taxas competitivas e conta digital PJ sem custo de abertura e sem <a class=\"suno-keyword\" href=\"https:\/\/www.suno.com.br\/artigos\/taxa-de-manutencao\/\" target=\"_blank\" rel=\"noopener\" data-force=\"no\" data-priority=\"1\">taxa de manuten\u00e7\u00e3o<\/a>, com processo de abertura 100% digital e facilidades como pagamento de impostos, folha de pagamento, emiss\u00e3o online de boletos e transfer\u00eancias via PIX ilimitadas.<\/li>\n<li>Segundo afirma o diretor de Consumidor e Empresarial da Oi, Roberto Guenzburge: \u201cA Oi mant\u00e9m os clientes sempre no centro da sua estrat\u00e9gia. Estamos trabalhando constantemente para identificar suas dificuldades e oferecer solu\u00e7\u00f5es completas que v\u00e3o al\u00e9m da conectividade para ajudar a impulsionar os seus neg\u00f3cios. Entendemos que a <a class=\"suno-keyword\" href=\"https:\/\/www.suno.com.br\/artigos\/concessao-de-credito\/\" target=\"_blank\" rel=\"noopener\" data-force=\"no\" data-priority=\"1\">concess\u00e3o de cr\u00e9dito<\/a> de forma f\u00e1cil e sem burocracia ser\u00e1 um grande diferencial no atendimento desse mercado\u201d.<\/li>\n<li>Gabriel Motamura, s\u00f3cio do BTG Pactual, acredita que a parceria refor\u00e7a a miss\u00e3o do banco de fomentar o crescimento de pequenas e m\u00e9dias empresas por meio da \u201cdemocratiza\u00e7\u00e3o do acesso ao cr\u00e9dito, reduzindo a burocracia de forma r\u00e1pida, transparente e segura.\u201d<\/li>\n<\/ul>\n<h2>A\u00e7\u00e3o do IRB Brasil (IRBR3) sobe 4,63% no Ibovespa, mas analistas recomendam venda; entenda<\/h2>\n<ul>\n<li>Nesta ter\u00e7a-feira (31), a a\u00e7\u00e3o do <strong>IRB Brasil<\/strong> (IRBR3) fechou em alta de 4,63%, a R$ 2,94. Mais cedo, \u00e0s 13h27, as a\u00e7\u00f5es chegaram a bater 8,19%, a R$ 3,04.<\/li>\n<li>Segundo o chefe de an\u00e1lise da \u00d3rama, Phil Soares, o movimento altista da IRB Brasil ocorre a partir de uma especula\u00e7\u00e3o de <a class=\"suno-keyword\" href=\"https:\/\/www.suno.com.br\/artigos\/curto-prazo\/\" target=\"_blank\" rel=\"noopener\" data-force=\"no\" data-priority=\"1\">curto prazo<\/a>, sendo pontual.<\/li>\n<li>\u201cAs a\u00e7\u00f5es est\u00e3o com pouca liquidez. Qualquer movimento j\u00e1 causa uma varia\u00e7\u00e3o expressiva\u201d, afirma Soares.<\/li>\n<li>Al\u00e9m disso, o analista comentou que a perspectiva para o IRB Brasil, segundo a avalia\u00e7\u00e3o da \u00d3rama, n\u00e3o \u00e9 positiva.<\/li>\n<li>\u201cA gente acha que [a IRB Brasil] ainda est\u00e1 acima do que o fundamento justifica. \u00c9 uma ind\u00fastria muito competitiva internacionalmente, com <a class=\"suno-keyword\" href=\"https:\/\/www.suno.com.br\/artigos\/custo-de-capital\/\" target=\"_blank\" rel=\"noopener\" data-force=\"no\" data-priority=\"1\">custo de capital<\/a> muito alto. Al\u00e9m disso, n\u00e3o acreditamos que a companhia tenha especificamente alguma <a class=\"suno-keyword\" href=\"https:\/\/www.suno.com.br\/artigos\/vantagem-competitiva\/\" target=\"_blank\" rel=\"noopener\" data-force=\"no\" data-priority=\"1\">vantagem competitiva<\/a> que fa\u00e7a a lucratividade ser excelente\u201d, ponderou Soares.<\/li>\n<li>Para ele, h\u00e1 um cr\u00e9dito tribut\u00e1rio muito grande no patrim\u00f4nio l\u00edquido, tornando os m\u00faltiplos enviesados.<\/li>\n<li>A \u00d3rama n\u00e3o prev\u00ea que esses cr\u00e9ditos v\u00e3o se reverter, de fato, em lucratividade.<\/li>\n<li>Soares ainda ressaltou: \u201cA gente observa alguns pontos negativos, inclusive orientamos nossos clientes a vender as posi\u00e7\u00f5es [de IRB Brasil], caso eles tenham\u201d.<\/li>\n<li>Alexandre Achui, head da Mesa Private de a\u00e7\u00f5es e s\u00f3cio da BRA, destaca que a a\u00e7\u00e3o do IRB Brasil caiu 50% nas \u00faltimas 52 semanas, com volume negociado at\u00e9 58% acima da m\u00e9dia dos \u00faltimos 20 preg\u00f5es.<\/li>\n<li>\u201cN\u00e3o temos not\u00edcia relevante hoje, somente grande fluxo de compra por corretoras estrangeiras, JP Morgan, Morgan Stanley (<a class=\"suno-keyword\" href=\"https:\/\/www.suno.com.br\/bdrs\/msbr34\/\" target=\"_blank\" rel=\"noopener\" data-force=\"yes\" data-priority=\"2\">MSBR34<\/a>), UBS\u201d, comentou Achui.<\/li>\n<li>Analistas do BRA n\u00e3o reiteram recomenda\u00e7\u00e3o de compra da a\u00e7\u00e3o.<\/li>\n<\/ul>\n\t<p>\n\t\t<a href=\"https:\/\/lp.suno.com.br\/planilha-da-vida-financeira\/\" target=\"_blank\" data-element=\"shortcode-suno-banner\" title=\"Banner SUNO, clique e saiba mais\">\n\t\t\t<picture>\n\t\t\t\t<source media=\"(max-width: 500px)\" srcset=\"https:\/\/files.sunoresearch.com.br\/n\/uploads\/2023\/04\/400x300-Planilha-vida-financeira-true.png\">\n\t\t\t\t<img class=\"newsContent__article__imgCapa newsContent__article__imgCapa--banner\"\n\t\t\t\t\tsrc=\"https:\/\/files.sunoresearch.com.br\/n\/uploads\/2023\/04\/1420x240-Planilha-vida-financeira-true.png\"\n\t\t\t\t\tdata-promo-id=\"106682\"\t\t\t\t\t\t\t\t\t\twidth='1420' height='240'\t\t\t\t\talt=\"https:\/\/files.sunoresearch.com.br\/n\/uploads\/2023\/04\/1420x240-Planilha-vida-financeira-true.png\"\n\t\t\t\t>\n\t\t\t<\/picture>\n\t\t<\/a>\n\t<\/p>\n\n\n<h2 class=\"newsContent__article__title\">Neoenergia (NEOE3) ter\u00e1 a\u00e7\u00f5es negociadas na Bolsa de Madri a partir de junho<\/h2>\n<ul>\n<li>A <a href=\"https:\/\/www.suno.com.br\/acoes\/neoe3\/\"><strong>Neoenergia<\/strong>\u00a0(NEO3)<\/a>\u00a0informou nesta ter\u00e7a (31), em\u00a0<a class=\"suno-keyword\" href=\"https:\/\/www.suno.com.br\/artigos\/fato-relevante\/\" target=\"_blank\" rel=\"noopener\" data-force=\"no\" data-priority=\"1\">fato relevante<\/a>, que a bolsa de Madri aprovou o Pedido de Incorpora\u00e7\u00e3o ao Mercado para as\u00a0<a class=\"suno-keyword\" href=\"https:\/\/www.suno.com.br\/artigos\/o-que-sao-acoes-ordinarias-preferenciais-e-units\/\" target=\"_blank\" rel=\"noopener\" data-force=\"no\" data-priority=\"1\">a\u00e7\u00f5es ordin\u00e1rias<\/a>\u00a0da empresa, no\u00a0<strong>segmento Latibex<\/strong> \u2014 que re\u00fane valores de companhias latino-americanas.<\/li>\n<li>Os\u00a0<strong>pap\u00e9is da Neoenergia<\/strong> come\u00e7am a ser negociados em 7 de Junho de 2022, sob o c\u00f3digo de negocia\u00e7\u00e3o XNEO.<\/li>\n<li>Diz o comunicado da Neoenergia: \u201cA\u00a0<strong>listagem na Latibex<\/strong>\u00a0n\u00e3o alterar\u00e1 os direitos e vantagens conferidos \u00e0s a\u00e7\u00f5es de emiss\u00e3o da companhia, que seguir\u00e3o sendo negociadas no segmento\u00a0<a class=\"suno-keyword\" href=\"https:\/\/www.suno.com.br\/artigos\/novo-mercado\/\" target=\"_blank\" rel=\"noopener\" data-force=\"no\" data-priority=\"1\">Novo Mercado<\/a> da B3.\u201d<\/li>\n<li>A negocia\u00e7\u00e3o das a\u00e7\u00f5es da companhia na Latibex \u00e9 efetuada diretamente na plataforma da Bolsa de Madri e \u201cvisa canalizar investimentos europeus para a Am\u00e9rica Latina de forma simples e direta, buscando facilitar o acesso de investidores estrangeiros ao seu capital social, podendo, assim, gerar ainda mais liquidez para seus acionistas.\u201d<\/li>\n<li>A Neoenergia tamb\u00e9m informou hoje que come\u00e7ou a gera\u00e7\u00e3o do Parque Solar Luzia (PB), segundo a empresa em formato teste. A opera\u00e7\u00e3o comercial, diz a companhia, ter\u00e1 in\u00edcio em julho.<\/li>\n<li>\u201cO in\u00edcio de entrada em opera\u00e7\u00e3o est\u00e1 em linha com o <a class=\"suno-keyword\" href=\"https:\/\/www.suno.com.br\/artigos\/plano-de-negocios\/\" target=\"_blank\" rel=\"noopener\" data-force=\"no\" data-priority=\"2\">plano de neg\u00f3cios<\/a>\u00a0e a entrada completa em opera\u00e7\u00e3o comercial se dar\u00e1 ao longo do segundo semestre de 2022. [O Parque Solar] Luzia ter\u00e1 capacidade total de 149,3 MWdc e sua energia gerada ser\u00e1 destinada \u00e0 comercializa\u00e7\u00e3o no mercado livre com parcela relevante j\u00e1 contratada\u201d, explica a companhia em comunicado ao mercado.<\/li>\n<\/ul>\n<h2 class=\"newsContent__article__title\">Marfrig (MRFG3) fecha com alta de 5,54% ap\u00f3s compra de Molina<\/h2>\n<ul>\n<li>Notando uma baixa de 34% nos \u00faltimos seis meses nas a\u00e7\u00f5es da <strong>Marfrig<\/strong>\u00a0(<a href=\"https:\/\/www.suno.com.br\/acoes\/mrfg3\/\">MRFG3<\/a>), o empres\u00e1rio Marcos Molina, fundador da empresa, foi \u00e0s compras e apostou no crescimento com uma nova compra.<\/li>\n<li>O movimento ocasiona uma alta nas <strong>a\u00e7\u00f5es da Marfrig<\/strong> que fecharam a ter\u00e7a (31) com salto de 5,54%, cotadas a R$ 15,63.<\/li>\n<li>Segundo o comunicado ao mercado arquivado pelo frigor\u00edfico na\u00a0<a class=\"suno-keyword\" href=\"https:\/\/www.suno.com.br\/artigos\/cvm\/\" target=\"_blank\" rel=\"noopener\" data-force=\"no\" data-priority=\"2\">Comiss\u00e3o de Valores Mobili\u00e1rios (CVM)<\/a>,\u00a0<strong>Molina<\/strong> e sua esposa agora det\u00eam 345,9 mil a\u00e7\u00f5es MRFG3, volume que representa 50,04% das a\u00e7\u00f5es da empresa.<\/li>\n<li>Mesmo com isso, segundo o documento, \u201cos controladores n\u00e3o celebraram qualquer acordo ou contrato regulando o exerc\u00edcio do direito de voto ou a compra e venda de valores mobili\u00e1rios de emiss\u00e3o da Companhia\u201d.<\/li>\n<li>A posi\u00e7\u00e3o anterior era de 49,72% dos pap\u00e9is, que valiam cerca de R$ 5 bilh\u00f5es.\u00a0<a href=\"https:\/\/statusinvest.com.br\/acoes\/mrfg3?__hstc=189907700.e8506c3811520177dd7546e9db2f5129.1631041995063.1654033846632.1654045089931.1388&amp;__hssc=189907700.6.1654045089931&amp;__hsfp=3622287164\">Segundo dados compilados pela plataforma Status Invest<\/a>, a companhia \u00e9 avaliada em R$ 10,56 bilh\u00f5es.<\/li>\n<li>Ou seja, dada a cota\u00e7\u00e3o atual, de cerca de R$ 15, a MMS \u2013 holding pela qual Molina controla a empresa \u2013 investiu pouco mais de R$ 30 milh\u00f5es para passar de 50%. As <strong>a\u00e7\u00f5es da Marfrig<\/strong> caem 27% no ano.<\/li>\n<li>Desta forma, o empres\u00e1rio segue na \u2018queda de bra\u00e7o\u2019 com a\u00a0<a class=\"suno-keyword\" href=\"https:\/\/www.suno.com.br\/acoes\/BRFS3\/\" target=\"_blank\" rel=\"noopener\" data-force=\"yes\" data-priority=\"2\">BRF (BRFS3)<\/a>, que \u00e9 sua controlada desde mar\u00e7o deste ano. A especula\u00e7\u00e3o sobre uma poss\u00edvel fus\u00e3o entre as companhias vem de meses, mas n\u00e3o avan\u00e7ou.<\/li>\n<li>Vale lembrar que atualmente, com o consolidado da BRF, a empresa deve faturar algo em torno de R$ 140 bilh\u00f5es, sendo negociada a pre\u00e7os pr\u00f3ximos de concorrentes como a <a class=\"suno-keyword\" href=\"https:\/\/www.suno.com.br\/acoes\/BEEF3\/\" target=\"_blank\" rel=\"noopener\" data-force=\"yes\" data-priority=\"2\">Minerva (BEEF3)<\/a>, que fatura R$ 30 bilh\u00f5es ao ano.<\/li>\n<\/ul>\n<p><a href=\"https:\/\/lp.suno.com.br\/ebook-como-analisar-uma-acao\/\" target=\"_blank\" rel=\"noopener\" data-element=\"shortcode-suno-banner\" data-parameter=\"banner-mat-2-https:\/\/lp.suno.com.br\/ebook-como-analisar-uma-acao\/\"><picture><source srcset=\"https:\/\/files.sunoresearch.com.br\/n\/uploads\/2021\/10\/Banner-MOBILEebook-acoes-400x300.jpg\" media=\"(max-width: 500px)\" \/><\/picture><\/a><\/p>\n<p><a href=\"https:\/\/lp.suno.com.br\/lm\/ebook\/principais-erros-investidor-iniciante\/\" target=\"_blank\" rel=\"noopener\" data-element=\"shortcode-suno-banner\" data-parameter=\"banner-mat-1-https:\/\/lp.suno.com.br\/lm\/ebook\/principais-erros-investidor-iniciante\/\"><picture><source srcset=\"https:\/\/files.sunoresearch.com.br\/n\/uploads\/2022\/01\/Banner-MOBILE-18-1-400x300.jpg\" media=\"(max-width: 500px)\" \/><\/picture><\/a><\/p>\n<h2>Petrobras (PETR4): Cen\u00e1rios do BTG para Ebtida e dividendos da empresa<\/h2>\n<ul>\n<li>O BTG Pactual divulgou nesta ter\u00e7a-feira (31) um relat\u00f3rio sobre os poss\u00edveis cen\u00e1rios futuros da <strong>Petrobras<\/strong> (PETR4) em rela\u00e7\u00e3o aos pre\u00e7os do barril de petr\u00f3leo e \u00e0 possibilidade de a empresa subsidiar o pre\u00e7o dos combust\u00edveis.<\/li>\n<li>De acordo com o relat\u00f3rio do banco, as <strong>altera\u00e7\u00f5es nos pre\u00e7os podem diminuir o Ebtida<\/strong> da empresa, assim como seus <strong>dividendos<\/strong> \u2014 independentemente de que haja ou n\u00e3o algum tipo de subs\u00eddio.<\/li>\n<li>Para os analistas do BTG, a depend\u00eancia nacional da importa\u00e7\u00e3o de combust\u00edveis catalisa o impacto que a alta dos pre\u00e7os dos combust\u00edveis j\u00e1 est\u00e1 tendo no pa\u00eds.<\/li>\n<li>O relat\u00f3rio do BTG indica ainda que, apesar de que o estatuto da petrol\u00edfera dificulte uma mudan\u00e7a radical de pre\u00e7os, a nova troca no comando da empresa pode se traduzir diretamente em novos riscos para a <strong>estabilidade<\/strong> da Petrobras.<\/li>\n<li>Nesse cen\u00e1rio, o banco deixou em evid\u00eancia tr\u00eas poss\u00edveis cen\u00e1rios para a empresa, assim como suas poss\u00edveis consequ\u00eancias no Ebitda e nos dividendos da companhia.<\/li>\n<li>Um primeiro cen\u00e1rio seria que a empresa n\u00e3o subsidiasse a importa\u00e7\u00e3o de combust\u00edveis, mas vendesse combust\u00edveis com desconto em rela\u00e7\u00e3o \u00e0 paridade internacional de pre\u00e7os.<\/li>\n<li>Seguindo essa previs\u00e3o, com a empresa comprando o pre\u00e7o do barril do Brent em US$ 120 e com o c\u00e2mbio em R$ 5 por d\u00f3lar, estima-se uma perda de US$ 6 bilh\u00f5es, ou cerca de R$ 30 bilh\u00f5es no Ebitda,<\/li>\n<li>Isso reduziria US$ 3,6 bilh\u00f5es do potencial pagamento de dividendos da Petrobras.<\/li>\n<li>Em um segundo cen\u00e1rio, se a petrol\u00edfera decidisse subsidiar o combust\u00edvel importado e o barril continuasse na mesma faixa de pre\u00e7os, o BTG acredita que a perda seria potencialmente maior, de um total de US$ 7,5 bilh\u00f5es em Ebitda, reduzindo US$ 4,5 bilh\u00f5es dos poss\u00edveis dividendos.<\/li>\n<li>Em um terceiro cen\u00e1rio, com o subsidio das importa\u00e7\u00f5es e com o barril de petr\u00f3leo em US$ 70, a Petrobras poderia perder, para os analistas do banco, cerca de US$ 45 bilh\u00f5es no Ebitda.<\/li>\n<\/ul>\n<p>Da <strong>Vale<\/strong> \u00e0 Petrobras, essas foram as empresas que se destacaram hoje. Para ler todas as mat\u00e9rias <a href=\"https:\/\/www.suno.com.br\/noticias\/\">clique aqui<\/a>.<\/p>\n\t<p>\n\t\t<a href=\"https:\/\/lp.suno.com.br\/planilha-de-controle-de-investimentos\/\" target=\"_blank\" data-element=\"shortcode-suno-banner\" title=\"Banner SUNO, clique e saiba mais\">\n\t\t\t<picture>\n\t\t\t\t<source media=\"(max-width: 500px)\" srcset=\"https:\/\/files.sunoresearch.com.br\/n\/uploads\/2023\/03\/400x300-Controle-de-Investimentos.png\">\n\t\t\t\t<img class=\"newsContent__article__imgCapa newsContent__article__imgCapa--banner\"\n\t\t\t\t\tsrc=\"https:\/\/files.sunoresearch.com.br\/n\/uploads\/2023\/03\/1420x240-Controle-de-Investimentos.png\"\n\t\t\t\t\tdata-promo-id=\"75934\"\t\t\t\t\t\t\t\t\t\twidth='1420' height='240'\t\t\t\t\talt=\"https:\/\/files.sunoresearch.com.br\/n\/uploads\/2023\/03\/1420x240-Controle-de-Investimentos.png\"\n\t\t\t\t>\n\t\t\t<\/picture>\n\t\t<\/a>\n\t<\/p>\n\n\n","protected":false},"excerpt":{"rendered":"<p>Nesta ter\u00e7a-feira (23), a Vale (VALE3) informou a realiza\u00e7\u00e3o de um dep\u00f3sito de R$ 1,2 bilh\u00e3o como pagamento pelo Acordo de Repara\u00e7\u00e3o por Brumadinho. De acordo com a empresa, o valor, depositado em ju\u00edzo, ser\u00e1 transferido para o Estado de Minas Gerais. . Foto: Pexels. Em fevereiro de 2021, a mineradora Vale e o governo [&hellip;]<\/p>\n","protected":false},"author":174,"featured_media":262970,"comment_status":"closed","ping_status":"closed","sticky":false,"template":"","format":"standard","meta":[],"categories":[64],"tags":[399,1813,584,595,676],"suno_strategy":[],"class_list":["post-262941","post","type-post","status-publish","format-standard","has-post-thumbnail","hentry","category-negocios","tag-btg-pactual-bpac11-bpac3-bpac5","tag-irb-brasil-irbr3","tag-oi-oibr3-oibr4","tag-petrobras-petr4","tag-vale-vale3"],"yoast_head":"<!-- This site is optimized with the Yoast SEO plugin v24.4 - https:\/\/yoast.com\/wordpress\/plugins\/seo\/ -->\n<title>Radar: Vale (VALE3) deposita R$ 1,2 bi por acordo de repara\u00e7\u00e3o, Oi (OIBR3) e BTG (BPAC11) anunciam parceria, IRB Brasil (IRBR3) sobe na Bolsa<\/title>\n<meta name=\"description\" content=\"A Vale deposita R$ 1,2 bi como pagamento pelo Acordo de Repara\u00e7\u00e3o por Brumadinho; Oi e BTG anunciam parceria. Saiba mais!\" \/>\n<meta name=\"robots\" content=\"index, follow, max-snippet:-1, max-image-preview:large, max-video-preview:-1\" \/>\n<link rel=\"canonical\" href=\"https:\/\/www.suno.com.br\/noticias\/radar-vale-vale3-oi-oibr3-irb-brasil-irbr3\/\" \/>\n<meta property=\"og:locale\" content=\"pt_BR\" \/>\n<meta property=\"og:type\" content=\"article\" \/>\n<meta property=\"og:title\" content=\"Radar: Vale (VALE3) deposita R$ 1,2 bi por acordo de repara\u00e7\u00e3o, Oi (OIBR3) e BTG (BPAC11) anunciam parceria, IRB Brasil (IRBR3) sobe na Bolsa\" \/>\n<meta property=\"og:description\" content=\"A Vale deposita R$ 1,2 bi como pagamento pelo Acordo de Repara\u00e7\u00e3o por Brumadinho; Oi e BTG anunciam parceria. Saiba mais!\" \/>\n<meta property=\"og:url\" content=\"https:\/\/www.suno.com.br\/noticias\/radar-vale-vale3-oi-oibr3-irb-brasil-irbr3\/\" \/>\n<meta property=\"og:site_name\" content=\"Suno Not\u00edcias\" \/>\n<meta property=\"article:publisher\" content=\"https:\/\/facebook.com\/sunoresearch\" \/>\n<meta property=\"og:image\" content=\"https:\/\/files.sunoresearch.com.br\/n\/uploads\/2022\/05\/1615597741755.jpg\" \/>\n\t<meta property=\"og:image:width\" content=\"1200\" \/>\n\t<meta property=\"og:image:height\" content=\"900\" \/>\n\t<meta property=\"og:image:type\" content=\"image\/jpeg\" \/>\n<meta name=\"author\" content=\"Jorge C. Carrasco\" \/>\n<meta name=\"twitter:card\" content=\"summary_large_image\" \/>\n<meta name=\"twitter:creator\" content=\"@sunoresearch\" \/>\n<meta name=\"twitter:site\" content=\"@sunoresearch\" \/>\n<meta name=\"twitter:label1\" content=\"Escrito por\" \/>\n\t<meta name=\"twitter:data1\" content=\"Jorge C. Carrasco\" \/>\n\t<meta name=\"twitter:label2\" content=\"Est. tempo de leitura\" \/>\n\t<meta name=\"twitter:data2\" content=\"6 minutos\" \/>\n<script type=\"application\/ld+json\" class=\"yoast-schema-graph\">{\"@context\":\"https:\/\/schema.org\",\"@graph\":[{\"@type\":\"NewsArticle\",\"@id\":\"https:\/\/www.suno.com.br\/noticias\/radar-vale-vale3-oi-oibr3-irb-brasil-irbr3\/#article\",\"isPartOf\":{\"@id\":\"https:\/\/www.suno.com.br\/noticias\/radar-vale-vale3-oi-oibr3-irb-brasil-irbr3\/\"},\"author\":{\"name\":\"Jorge C. Carrasco\",\"@id\":\"https:\/\/www.suno.com.br\/noticias\/#\/schema\/person\/5e3d16fbfcfd3307a21fee0ba2e51dce\"},\"headline\":\"Radar: Vale (VALE3) deposita R$ 1,2 bi por acordo de repara\u00e7\u00e3o, Oi (OIBR3) e BTG (BPAC11) anunciam parceria, IRB Brasil (IRBR3) sobe na Bolsa\",\"datePublished\":\"2022-06-01T01:04:42+00:00\",\"mainEntityOfPage\":{\"@id\":\"https:\/\/www.suno.com.br\/noticias\/radar-vale-vale3-oi-oibr3-irb-brasil-irbr3\/\"},\"wordCount\":1847,\"publisher\":{\"@id\":\"https:\/\/www.suno.com.br\/noticias\/#organization\"},\"image\":{\"@id\":\"https:\/\/www.suno.com.br\/noticias\/radar-vale-vale3-oi-oibr3-irb-brasil-irbr3\/#primaryimage\"},\"thumbnailUrl\":\"https:\/\/files.sunoresearch.com.br\/n\/uploads\/2022\/05\/1615597741755.jpg\",\"keywords\":[\"BTG Pactual (BPAC11\/BPAC3\/BPAC5)\",\"IRB Brasil (IRBR3)\",\"Oi (OIBR3\/OIBR4)\",\"Petrobras (PETR4)\",\"Vale (VALE3)\"],\"articleSection\":[\"Neg\u00f3cios\"],\"inLanguage\":\"pt-BR\"},{\"@type\":\"WebPage\",\"@id\":\"https:\/\/www.suno.com.br\/noticias\/radar-vale-vale3-oi-oibr3-irb-brasil-irbr3\/\",\"url\":\"https:\/\/www.suno.com.br\/noticias\/radar-vale-vale3-oi-oibr3-irb-brasil-irbr3\/\",\"name\":\"Radar: Vale (VALE3) deposita R$ 1,2 bi por acordo de repara\u00e7\u00e3o, Oi (OIBR3) e BTG (BPAC11) anunciam parceria, IRB Brasil (IRBR3) sobe na Bolsa\",\"isPartOf\":{\"@id\":\"https:\/\/www.suno.com.br\/noticias\/#website\"},\"primaryImageOfPage\":{\"@id\":\"https:\/\/www.suno.com.br\/noticias\/radar-vale-vale3-oi-oibr3-irb-brasil-irbr3\/#primaryimage\"},\"image\":{\"@id\":\"https:\/\/www.suno.com.br\/noticias\/radar-vale-vale3-oi-oibr3-irb-brasil-irbr3\/#primaryimage\"},\"thumbnailUrl\":\"https:\/\/files.sunoresearch.com.br\/n\/uploads\/2022\/05\/1615597741755.jpg\",\"datePublished\":\"2022-06-01T01:04:42+00:00\",\"description\":\"A Vale deposita R$ 1,2 bi como pagamento pelo Acordo de Repara\u00e7\u00e3o por Brumadinho; Oi e BTG anunciam parceria. Saiba mais!\",\"breadcrumb\":{\"@id\":\"https:\/\/www.suno.com.br\/noticias\/radar-vale-vale3-oi-oibr3-irb-brasil-irbr3\/#breadcrumb\"},\"inLanguage\":\"pt-BR\",\"potentialAction\":[{\"@type\":\"ReadAction\",\"target\":[\"https:\/\/www.suno.com.br\/noticias\/radar-vale-vale3-oi-oibr3-irb-brasil-irbr3\/\"]}]},{\"@type\":\"ImageObject\",\"inLanguage\":\"pt-BR\",\"@id\":\"https:\/\/www.suno.com.br\/noticias\/radar-vale-vale3-oi-oibr3-irb-brasil-irbr3\/#primaryimage\",\"url\":\"https:\/\/files.sunoresearch.com.br\/n\/uploads\/2022\/05\/1615597741755.jpg\",\"contentUrl\":\"https:\/\/files.sunoresearch.com.br\/n\/uploads\/2022\/05\/1615597741755.jpg\",\"width\":1200,\"height\":900,\"caption\":\". Foto: Pexels.\"},{\"@type\":\"BreadcrumbList\",\"@id\":\"https:\/\/www.suno.com.br\/noticias\/radar-vale-vale3-oi-oibr3-irb-brasil-irbr3\/#breadcrumb\",\"itemListElement\":[{\"@type\":\"ListItem\",\"position\":1,\"name\":\"Not\u00edcias\",\"item\":\"https:\/\/www.suno.com.br\/noticias\/\"},{\"@type\":\"ListItem\",\"position\":2,\"name\":\"Neg\u00f3cios\",\"item\":\"https:\/\/www.suno.com.br\/noticias\/negocios\/\"},{\"@type\":\"ListItem\",\"position\":3,\"name\":\"Radar: Vale (VALE3) deposita R$ 1,2 bi por acordo de repara\u00e7\u00e3o, Oi (OIBR3) e BTG (BPAC11) anunciam parceria, IRB Brasil (IRBR3) sobe na Bolsa\"}]},{\"@type\":\"WebSite\",\"@id\":\"https:\/\/www.suno.com.br\/noticias\/#website\",\"url\":\"https:\/\/www.suno.com.br\/noticias\/\",\"name\":\"Suno Not\u00edcias\",\"description\":\"Seu portal de informa\u00e7\u00e3o sobre o mundo dos investimentos\",\"publisher\":{\"@id\":\"https:\/\/www.suno.com.br\/noticias\/#organization\"},\"potentialAction\":[{\"@type\":\"SearchAction\",\"target\":{\"@type\":\"EntryPoint\",\"urlTemplate\":\"https:\/\/www.suno.com.br\/noticias\/?s={search_term_string}\"},\"query-input\":{\"@type\":\"PropertyValueSpecification\",\"valueRequired\":true,\"valueName\":\"search_term_string\"}}],\"inLanguage\":\"pt-BR\"},{\"@type\":\"Organization\",\"@id\":\"https:\/\/www.suno.com.br\/noticias\/#organization\",\"name\":\"Suno Not\u00edcias\",\"url\":\"https:\/\/www.suno.com.br\/noticias\/\",\"logo\":{\"@type\":\"ImageObject\",\"inLanguage\":\"pt-BR\",\"@id\":\"https:\/\/www.suno.com.br\/noticias\/#\/schema\/logo\/image\/\",\"url\":\"https:\/\/files.sunoresearch.com.br\/n\/uploads\/2021\/09\/suno-logo.png\",\"contentUrl\":\"https:\/\/files.sunoresearch.com.br\/n\/uploads\/2021\/09\/suno-logo.png\",\"width\":180,\"height\":180,\"caption\":\"Suno Not\u00edcias\"},\"image\":{\"@id\":\"https:\/\/www.suno.com.br\/noticias\/#\/schema\/logo\/image\/\"},\"sameAs\":[\"https:\/\/facebook.com\/sunoresearch\",\"https:\/\/x.com\/sunoresearch\",\"https:\/\/www.instagram.com\/suno\",\"https:\/\/www.linkedin.com\/company\/suno-research\/\",\"https:\/\/www.youtube.com\/c\/sunoresearch\"]},{\"@type\":\"Person\",\"@id\":\"https:\/\/www.suno.com.br\/noticias\/#\/schema\/person\/5e3d16fbfcfd3307a21fee0ba2e51dce\",\"name\":\"Jorge C. Carrasco\",\"image\":{\"@type\":\"ImageObject\",\"inLanguage\":\"pt-BR\",\"@id\":\"https:\/\/www.suno.com.br\/noticias\/#\/schema\/person\/image\/\",\"url\":\"https:\/\/secure.gravatar.com\/avatar\/eba2cc7d7174b6b346ad398772f904f2?s=96&r=g\",\"contentUrl\":\"https:\/\/secure.gravatar.com\/avatar\/eba2cc7d7174b6b346ad398772f904f2?s=96&r=g\",\"caption\":\"Jorge C. Carrasco\"},\"description\":\"Jornalista e escritor com experi\u00eancia na cobertura de economia, empreendedorismo, mercado financeiro, pol\u00edtica e assuntos internacionais. J\u00e1 colaborou com diversos jornais e revistas do Brasil e do exterior, como Estad\u00e3o, \u00c9poca, Foreign Policy, The Spectator Aus, Washington Examiner e Quillette.\",\"sameAs\":[\"felipe.areia@sunoresearch.com.br\"],\"url\":\"https:\/\/www.suno.com.br\/noticias\/author\/jorge-carrasco\/\"}]}<\/script>\n<!-- \/ Yoast SEO plugin. -->","yoast_head_json":{"title":"Radar: Vale (VALE3) deposita R$ 1,2 bi por acordo de repara\u00e7\u00e3o, Oi (OIBR3) e BTG (BPAC11) anunciam parceria, IRB Brasil (IRBR3) sobe na Bolsa","description":"A Vale deposita R$ 1,2 bi como pagamento pelo Acordo de Repara\u00e7\u00e3o por Brumadinho; Oi e BTG anunciam parceria. Saiba mais!","robots":{"index":"index","follow":"follow","max-snippet":"max-snippet:-1","max-image-preview":"max-image-preview:large","max-video-preview":"max-video-preview:-1"},"canonical":"https:\/\/www.suno.com.br\/noticias\/radar-vale-vale3-oi-oibr3-irb-brasil-irbr3\/","og_locale":"pt_BR","og_type":"article","og_title":"Radar: Vale (VALE3) deposita R$ 1,2 bi por acordo de repara\u00e7\u00e3o, Oi (OIBR3) e BTG (BPAC11) anunciam parceria, IRB Brasil (IRBR3) sobe na Bolsa","og_description":"A Vale deposita R$ 1,2 bi como pagamento pelo Acordo de Repara\u00e7\u00e3o por Brumadinho; Oi e BTG anunciam parceria. Saiba mais!","og_url":"https:\/\/www.suno.com.br\/noticias\/radar-vale-vale3-oi-oibr3-irb-brasil-irbr3\/","og_site_name":"Suno Not\u00edcias","article_publisher":"https:\/\/facebook.com\/sunoresearch","og_image":[{"width":1200,"height":900,"url":"https:\/\/files.sunoresearch.com.br\/n\/uploads\/2022\/05\/1615597741755.jpg","type":"image\/jpeg"}],"author":"Jorge C. Carrasco","twitter_card":"summary_large_image","twitter_creator":"@sunoresearch","twitter_site":"@sunoresearch","twitter_misc":{"Escrito por":"Jorge C. Carrasco","Est. tempo de leitura":"6 minutos"},"schema":{"@context":"https:\/\/schema.org","@graph":[{"@type":"NewsArticle","@id":"https:\/\/www.suno.com.br\/noticias\/radar-vale-vale3-oi-oibr3-irb-brasil-irbr3\/#article","isPartOf":{"@id":"https:\/\/www.suno.com.br\/noticias\/radar-vale-vale3-oi-oibr3-irb-brasil-irbr3\/"},"author":{"name":"Jorge C. Carrasco","@id":"https:\/\/www.suno.com.br\/noticias\/#\/schema\/person\/5e3d16fbfcfd3307a21fee0ba2e51dce"},"headline":"Radar: Vale (VALE3) deposita R$ 1,2 bi por acordo de repara\u00e7\u00e3o, Oi (OIBR3) e BTG (BPAC11) anunciam parceria, IRB Brasil (IRBR3) sobe na Bolsa","datePublished":"2022-06-01T01:04:42+00:00","mainEntityOfPage":{"@id":"https:\/\/www.suno.com.br\/noticias\/radar-vale-vale3-oi-oibr3-irb-brasil-irbr3\/"},"wordCount":1847,"publisher":{"@id":"https:\/\/www.suno.com.br\/noticias\/#organization"},"image":{"@id":"https:\/\/www.suno.com.br\/noticias\/radar-vale-vale3-oi-oibr3-irb-brasil-irbr3\/#primaryimage"},"thumbnailUrl":"https:\/\/files.sunoresearch.com.br\/n\/uploads\/2022\/05\/1615597741755.jpg","keywords":["BTG Pactual (BPAC11\/BPAC3\/BPAC5)","IRB Brasil (IRBR3)","Oi (OIBR3\/OIBR4)","Petrobras (PETR4)","Vale (VALE3)"],"articleSection":["Neg\u00f3cios"],"inLanguage":"pt-BR"},{"@type":"WebPage","@id":"https:\/\/www.suno.com.br\/noticias\/radar-vale-vale3-oi-oibr3-irb-brasil-irbr3\/","url":"https:\/\/www.suno.com.br\/noticias\/radar-vale-vale3-oi-oibr3-irb-brasil-irbr3\/","name":"Radar: Vale (VALE3) deposita R$ 1,2 bi por acordo de repara\u00e7\u00e3o, Oi (OIBR3) e BTG (BPAC11) anunciam parceria, IRB Brasil (IRBR3) sobe na Bolsa","isPartOf":{"@id":"https:\/\/www.suno.com.br\/noticias\/#website"},"primaryImageOfPage":{"@id":"https:\/\/www.suno.com.br\/noticias\/radar-vale-vale3-oi-oibr3-irb-brasil-irbr3\/#primaryimage"},"image":{"@id":"https:\/\/www.suno.com.br\/noticias\/radar-vale-vale3-oi-oibr3-irb-brasil-irbr3\/#primaryimage"},"thumbnailUrl":"https:\/\/files.sunoresearch.com.br\/n\/uploads\/2022\/05\/1615597741755.jpg","datePublished":"2022-06-01T01:04:42+00:00","description":"A Vale deposita R$ 1,2 bi como pagamento pelo Acordo de Repara\u00e7\u00e3o por Brumadinho; Oi e BTG anunciam parceria. Saiba mais!","breadcrumb":{"@id":"https:\/\/www.suno.com.br\/noticias\/radar-vale-vale3-oi-oibr3-irb-brasil-irbr3\/#breadcrumb"},"inLanguage":"pt-BR","potentialAction":[{"@type":"ReadAction","target":["https:\/\/www.suno.com.br\/noticias\/radar-vale-vale3-oi-oibr3-irb-brasil-irbr3\/"]}]},{"@type":"ImageObject","inLanguage":"pt-BR","@id":"https:\/\/www.suno.com.br\/noticias\/radar-vale-vale3-oi-oibr3-irb-brasil-irbr3\/#primaryimage","url":"https:\/\/files.sunoresearch.com.br\/n\/uploads\/2022\/05\/1615597741755.jpg","contentUrl":"https:\/\/files.sunoresearch.com.br\/n\/uploads\/2022\/05\/1615597741755.jpg","width":1200,"height":900,"caption":". Foto: Pexels."},{"@type":"BreadcrumbList","@id":"https:\/\/www.suno.com.br\/noticias\/radar-vale-vale3-oi-oibr3-irb-brasil-irbr3\/#breadcrumb","itemListElement":[{"@type":"ListItem","position":1,"name":"Not\u00edcias","item":"https:\/\/www.suno.com.br\/noticias\/"},{"@type":"ListItem","position":2,"name":"Neg\u00f3cios","item":"https:\/\/www.suno.com.br\/noticias\/negocios\/"},{"@type":"ListItem","position":3,"name":"Radar: Vale (VALE3) deposita R$ 1,2 bi por acordo de repara\u00e7\u00e3o, Oi (OIBR3) e BTG (BPAC11) anunciam parceria, IRB Brasil (IRBR3) sobe na Bolsa"}]},{"@type":"WebSite","@id":"https:\/\/www.suno.com.br\/noticias\/#website","url":"https:\/\/www.suno.com.br\/noticias\/","name":"Suno Not\u00edcias","description":"Seu portal de informa\u00e7\u00e3o sobre o mundo dos investimentos","publisher":{"@id":"https:\/\/www.suno.com.br\/noticias\/#organization"},"potentialAction":[{"@type":"SearchAction","target":{"@type":"EntryPoint","urlTemplate":"https:\/\/www.suno.com.br\/noticias\/?s={search_term_string}"},"query-input":{"@type":"PropertyValueSpecification","valueRequired":true,"valueName":"search_term_string"}}],"inLanguage":"pt-BR"},{"@type":"Organization","@id":"https:\/\/www.suno.com.br\/noticias\/#organization","name":"Suno Not\u00edcias","url":"https:\/\/www.suno.com.br\/noticias\/","logo":{"@type":"ImageObject","inLanguage":"pt-BR","@id":"https:\/\/www.suno.com.br\/noticias\/#\/schema\/logo\/image\/","url":"https:\/\/files.sunoresearch.com.br\/n\/uploads\/2021\/09\/suno-logo.png","contentUrl":"https:\/\/files.sunoresearch.com.br\/n\/uploads\/2021\/09\/suno-logo.png","width":180,"height":180,"caption":"Suno Not\u00edcias"},"image":{"@id":"https:\/\/www.suno.com.br\/noticias\/#\/schema\/logo\/image\/"},"sameAs":["https:\/\/facebook.com\/sunoresearch","https:\/\/x.com\/sunoresearch","https:\/\/www.instagram.com\/suno","https:\/\/www.linkedin.com\/company\/suno-research\/","https:\/\/www.youtube.com\/c\/sunoresearch"]},{"@type":"Person","@id":"https:\/\/www.suno.com.br\/noticias\/#\/schema\/person\/5e3d16fbfcfd3307a21fee0ba2e51dce","name":"Jorge C. Carrasco","image":{"@type":"ImageObject","inLanguage":"pt-BR","@id":"https:\/\/www.suno.com.br\/noticias\/#\/schema\/person\/image\/","url":"https:\/\/secure.gravatar.com\/avatar\/eba2cc7d7174b6b346ad398772f904f2?s=96&r=g","contentUrl":"https:\/\/secure.gravatar.com\/avatar\/eba2cc7d7174b6b346ad398772f904f2?s=96&r=g","caption":"Jorge C. Carrasco"},"description":"Jornalista e escritor com experi\u00eancia na cobertura de economia, empreendedorismo, mercado financeiro, pol\u00edtica e assuntos internacionais. J\u00e1 colaborou com diversos jornais e revistas do Brasil e do exterior, como Estad\u00e3o, \u00c9poca, Foreign Policy, The Spectator Aus, Washington Examiner e Quillette.","sameAs":["felipe.areia@sunoresearch.com.br"],"url":"https:\/\/www.suno.com.br\/noticias\/author\/jorge-carrasco\/"}]}},"default_loop_html":"<div class=\"cardsPage__listCard__boxs\"><div class=\"cardsPage__listCard__boxs__img\"><a href=\"https:\/\/www.suno.com.br\/noticias\/radar-vale-vale3-oi-oibr3-irb-brasil-irbr3\/\"><img class=\"mask\" src=\"https:\/\/www.suno.com.br\/noticias\/wp-content\/themes\/suno\/resources\/images\/spotlight\/spotlight1img\/bg-mask.png\" alt=\"Image Mask\"\/><img src=\"https:\/\/files.sunoresearch.com.br\/n\/uploads\/2022\/05\/1615597741755-400x200.jpg\" alt=\"Radar: Vale (VALE3) deposita R$ 1,2 bi por acordo de repara\u00e7\u00e3o, Oi (OIBR3) e BTG (BPAC11) anunciam parceria, IRB Brasil (IRBR3) sobe na Bolsa\"\/><\/a><span class=\"spotlightCategory\"><a href=\"https:\/\/www.suno.com.br\/noticias\/negocios\/\">Neg\u00f3cios<\/a><\/span><\/div><div class=\"cardsPage__listCard__boxs__content\"><a href=\"https:\/\/www.suno.com.br\/noticias\/radar-vale-vale3-oi-oibr3-irb-brasil-irbr3\/\"><h2 class=\"content__title\">Radar: Vale (VALE3) deposita R$ 1,2 bi por acordo de repara\u00e7\u00e3o, Oi (OIBR3) e BTG (BPAC11) anunciam parceria, IRB Brasil (IRBR3) sobe na Bolsa<\/h2><\/a><div class=\"newsContent__article__meta\"><div class=\"newsContent__article__meta__authorBox\"><a href=\"https:\/\/www.suno.com.br\/noticias\/author\/jorge-carrasco\/\" class=\"authorBox__avatar noMobi\"><img src=\"https:\/\/secure.gravatar.com\/avatar\/eba2cc7d7174b6b346ad398772f904f2?s=96&#038;r=g\" alt=\"Jorge C. Carrasco\"><\/a><div class=\"authorBox__name\"><span>por\n\t\t\t<a href=\"https:\/\/www.suno.com.br\/noticias\/author\/jorge-carrasco\/\"><span itemprop=\"author\">Jorge C. Carrasco<\/span><\/a><\/span><time datetime=\"2022-05-31T22:04:42-03:00\" itemprop=\"datePublished\">31\/05\/2022 22:04<\/time><\/div><\/div><\/div><\/div><\/div>","single_layout":"posts","amp_enabled":true,"_links":{"self":[{"href":"https:\/\/www.suno.com.br\/noticias\/wp-json\/wp\/v2\/posts\/262941"}],"collection":[{"href":"https:\/\/www.suno.com.br\/noticias\/wp-json\/wp\/v2\/posts"}],"about":[{"href":"https:\/\/www.suno.com.br\/noticias\/wp-json\/wp\/v2\/types\/post"}],"author":[{"embeddable":true,"href":"https:\/\/www.suno.com.br\/noticias\/wp-json\/wp\/v2\/users\/174"}],"replies":[{"embeddable":true,"href":"https:\/\/www.suno.com.br\/noticias\/wp-json\/wp\/v2\/comments?post=262941"}],"version-history":[{"count":3,"href":"https:\/\/www.suno.com.br\/noticias\/wp-json\/wp\/v2\/posts\/262941\/revisions"}],"predecessor-version":[{"id":262992,"href":"https:\/\/www.suno.com.br\/noticias\/wp-json\/wp\/v2\/posts\/262941\/revisions\/262992"}],"wp:featuredmedia":[{"embeddable":true,"href":"https:\/\/www.suno.com.br\/noticias\/wp-json\/wp\/v2\/media\/262970"}],"wp:attachment":[{"href":"https:\/\/www.suno.com.br\/noticias\/wp-json\/wp\/v2\/media?parent=262941"}],"wp:term":[{"taxonomy":"category","embeddable":true,"href":"https:\/\/www.suno.com.br\/noticias\/wp-json\/wp\/v2\/categories?post=262941"},{"taxonomy":"post_tag","embeddable":true,"href":"https:\/\/www.suno.com.br\/noticias\/wp-json\/wp\/v2\/tags?post=262941"},{"taxonomy":"suno_strategy","embeddable":true,"href":"https:\/\/www.suno.com.br\/noticias\/wp-json\/wp\/v2\/suno_strategy?post=262941"}],"curies":[{"name":"wp","href":"https:\/\/api.w.org\/{rel}","templated":true}]}}