{"id":262871,"date":"2022-05-31T18:18:41","date_gmt":"2022-05-31T21:18:41","guid":{"rendered":"https:\/\/www.suno.com.br\/noticias\/?p=262871"},"modified":"2022-05-31T18:18:41","modified_gmt":"2022-05-31T21:18:41","slug":"dolar-encerra-maio-queda-china-fed","status":"publish","type":"post","link":"https:\/\/www.suno.com.br\/noticias\/dolar-encerra-maio-queda-china-fed\/","title":{"rendered":"D\u00f3lar fecha est\u00e1vel e encerra o m\u00eas com recuo de 3,85%"},"content":{"rendered":"<p>O <strong>d\u00f3lar<\/strong> \u00e0 vista encerrou a sess\u00e3o desta ter\u00e7a-feira (31) praticamente est\u00e1vel, no patamar de R$ 4,75, afetado por quest\u00f5es t\u00e9cnicas do mercado dom\u00e9stico de c\u00e2mbio.<\/p>\t<div class=\"wrapper-featured-image\">\n\t\t<figure class=\"spotlightImg\">\n\n\t\t\t<picture>\n\t\t\t\t<source media=\"(max-width: 768px)\" srcset=\"https:\/\/files.sunoresearch.com.br\/n\/uploads\/2022\/03\/pexels-pixabay-164661-400x200.jpg\">\n\t\t\t\t<img loading=\"lazy\" decoding=\"async\" class=\"newsContent__article__imgCapa lazyloadDisabled \" src=\"https:\/\/files.sunoresearch.com.br\/n\/uploads\/2022\/03\/pexels-pixabay-164661-800x450.jpg\" width=\"800\" height=\"450\" alt=\"D\u00f3lar fecha est\u00e1vel e encerra o m\u00eas com recuo de 3,85%\" fetchpriority=high \/>\n\t\t\t<\/picture>\n\n\t\t\t<figcaption class=\"wp-caption-text wp-caption-text--show\">D\u00f3lar. Foto: Pexels<\/figcaption>\n\t\t<\/figure>\n\t<\/div>\n\n\n\t<p>\n\t\t<a href=\"\" target=\"_blank\" data-element=\"shortcode-suno-banner\" title=\"Banner SUNO, clique e saiba mais\">\n\t\t\t<picture>\n\t\t\t\t<source media=\"(max-width: 500px)\" srcset=\"\">\n\t\t\t\t<img class=\"newsContent__article__imgCapa newsContent__article__imgCapa--banner\"\n\t\t\t\t\tsrc=\"\"\n\t\t\t\t\tdata-promo-id=\"240038\"\t\t\t\t\t\t\t\t\t\t\t\t\t\t\talt=\"\"\n\t\t\t\t>\n\t\t\t<\/picture>\n\t\t<\/a>\n\t<\/p>\n\n\n<p>Segundo profissionais do mercado, o an\u00fancio de novos est\u00edmulos econ\u00f4micos na China, que come\u00e7a a relaxar restri\u00e7\u00f5es de combate \u00e0 covid-19, e os dados dom\u00e9sticos positivos, como o resultado fiscal do setor p\u00fablico em abril (<a class=\"suno-keyword\" href=\"https:\/\/www.suno.com.br\/artigos\/superavit-primario\/\" target=\"_blank\" rel=\"noopener\" data-force=\"no\" data-priority=\"1\">super\u00e1vit prim\u00e1rio<\/a> de R$ 38,876 bilh\u00f5es), teriam dado certo f\u00f4lego ao real, que conseguiu em parte se descolar do sinal predominante de <strong>alta da moeda americana<\/strong> no exterior.<\/p>\n<p>Tirando uma escalada na primeira hora de neg\u00f3cios, quando correu at\u00e9 a m\u00e1xima de R$ 4,7780, o d\u00f3lar trabalhou a maior parte do dia entre estabilidade e leve baixa. Na m\u00ednima, pela manh\u00e3, a<strong> moeda americana<\/strong> chegou a romper o piso de R$ 4,70, ao marcar R$ 4,6985. No fim do preg\u00e3o, era cotado a R$ 4,7526, varia\u00e7\u00e3o de -0,02%. Mesmo com leve alta de 0,30% nesta semana, a moeda termina maio com queda de 3,85% &#8211; o que leva a desvaloriza\u00e7\u00e3o acumulada no ano a 14,77%.<\/p>\n\t<p>\n\t\t<a href=\"https:\/\/lp.suno.com.br\/planilha-controle-gastos\/\" target=\"_blank\" data-element=\"shortcode-suno-banner\" title=\"Banner SUNO, clique e saiba mais\">\n\t\t\t<picture>\n\t\t\t\t<source media=\"(max-width: 500px)\" srcset=\"https:\/\/files.sunoresearch.com.br\/n\/uploads\/2023\/03\/400x300-Planilha-controle-de-gastos.png\">\n\t\t\t\t<img class=\"newsContent__article__imgCapa newsContent__article__imgCapa--banner\"\n\t\t\t\t\tsrc=\"https:\/\/files.sunoresearch.com.br\/n\/uploads\/2023\/03\/1420x240-Planilha-controle-de-gastos.png\"\n\t\t\t\t\tdata-promo-id=\"101751\"\t\t\t\t\t\t\t\t\t\twidth='1420' height='240'\t\t\t\t\talt=\"https:\/\/files.sunoresearch.com.br\/n\/uploads\/2023\/03\/1420x240-Planilha-controle-de-gastos.png\"\n\t\t\t\t>\n\t\t\t<\/picture>\n\t\t<\/a>\n\t<\/p>\n\n\n<p>O dia foi marcado pela disputa em torno da forma\u00e7\u00e3o da \u00faltima taxa Ptax de maio &#8211; refer\u00eancia para liquida\u00e7\u00e3o de contratos futuros e fechamento de balan\u00e7os corporativos &#8211; e pela t\u00edpica rolagem de posi\u00e7\u00f5es de fim de m\u00eas.<\/p>\n<p>O <a class=\"suno-keyword\" href=\"https:\/\/www.suno.com.br\/artigos\/dxy\/\" target=\"_blank\" rel=\"noopener\" data-force=\"no\" data-priority=\"1\">\u00edndice DXY<\/a> &#8211; que mede o <strong>desempenho do d\u00f3lar<\/strong> frente a seis divisas fortes &#8211; se recuperou do tombo de segunda-feira e operou em alta, mas n\u00e3o conseguiu se firmar acima dos 102,000 pontos. Quando o mercado local fechou, era negociado a 101,773 pontos, avan\u00e7o de 0,45%. O d\u00f3lar tamb\u00e9m ganhou for\u00e7a em rela\u00e7\u00e3o \u00e0 maioria das divisas emergentes e de exportadores de commodities, embora tenha recuado frente a pares do real como peso chileno e colombiano.<\/p>\n<p>Para o economista Piter Carvalho, da Valor Investimentos, os investidores estrangeiros est\u00e3o retornando ao Brasil, tanto para capturar os juros altos da renda fixa quanto para <a class=\"suno-keyword\" href=\"https:\/\/www.suno.com.br\/guias\/como-investir-em-acoes\/\" target=\"_blank\" rel=\"noopener\" data-force=\"no\" data-priority=\"2\">investir em a\u00e7\u00f5es<\/a> de empresas de commodities, de olho na reabertura da China. &#8220;Hoje \u00e9 um dia especial pela forma\u00e7\u00e3o da Ptax. Mas est\u00e1 entrando d\u00f3lar no mercado e isso tem impactado bastante a moeda&#8221;, afirma.<\/p>\n\t<p>\n\t\t<a href=\"https:\/\/lp.suno.com.br\/ebook-como-analisar-uma-acao\/\" target=\"_blank\" data-element=\"shortcode-suno-banner\" title=\"Banner SUNO, clique e saiba mais\">\n\t\t\t<picture>\n\t\t\t\t<source media=\"(max-width: 500px)\" srcset=\"https:\/\/files.sunoresearch.com.br\/n\/uploads\/2023\/03\/Ebook-Acoes-Mobile-1.jpg\">\n\t\t\t\t<img class=\"newsContent__article__imgCapa newsContent__article__imgCapa--banner\"\n\t\t\t\t\tsrc=\"https:\/\/files.sunoresearch.com.br\/n\/uploads\/2023\/03\/Ebook-Acoes-Desktop-1.jpg\"\n\t\t\t\t\tdata-promo-id=\"171998\"\t\t\t\t\t\t\t\t\t\twidth='1420' height='286'\t\t\t\t\talt=\"https:\/\/files.sunoresearch.com.br\/n\/uploads\/2023\/03\/Ebook-Acoes-Desktop-1.jpg\"\n\t\t\t\t>\n\t\t\t<\/picture>\n\t\t<\/a>\n\t<\/p>\n\n\n<h2>D\u00f3lar: tombo no m\u00eas e rela\u00e7\u00e3o com a desacelera\u00e7\u00e3o da economia da China<\/h2>\n<p>Dados da <a class=\"suno-keyword\" href=\"https:\/\/www.suno.com.br\/acoes\/B3SA3\/\" target=\"_blank\" rel=\"noopener\" data-force=\"yes\" data-priority=\"2\">B3 (B3SA3)<\/a> mostram que os investidores estrangeiros ingressaram com R$ 602,915 milh\u00f5es na bolsa dom\u00e9stica na sess\u00e3o de sexta-feira, 27. Com a entrada de capital externo na B3 nos \u00faltimos dias, o saldo negativo acumulado no m\u00eas, que chegou a superar R$ 12 bilh\u00f5es, agora est\u00e1 na casa de R$ 9 bilh\u00f5es. Como n\u00e3o h\u00e1 dados atualizados do <a class=\"suno-keyword\" href=\"https:\/\/www.suno.com.br\/artigos\/fluxo-cambial\/\" target=\"_blank\" rel=\"noopener\" data-force=\"no\" data-priority=\"1\">fluxo cambial<\/a>, em raz\u00e3o da greve dos servidores do Banco Central, n\u00e3o \u00e9 poss\u00edvel saber se houve aporte l\u00edquido de recursos no Pa\u00eds em maio.<\/p>\n<p>Analistas atribuem o <strong>tombo do d\u00f3lar<\/strong> neste m\u00eas \u00e0 redu\u00e7\u00e3o dos temores de desacelera\u00e7\u00e3o forte da economia da China, o que ensejou recupera\u00e7\u00e3o de pre\u00e7os de commodities, e \u00e0 perda de for\u00e7a do \u00edndice DXY, sobretudo com a recupera\u00e7\u00e3o do euro. Sinais do Federal Reserve (Fed, o Banco Central dos EUA) de que vai manter o ritmo de alta da taxa b\u00e1sica em 50 pontos-base nas pr\u00f3ximas reuni\u00f5es fizeram investidores apararem apostas em um d\u00f3lar globalmente cada vez mais forte.<\/p>\n<p>&#8220;A expectativa de alta das commodities com a reabertura da China favoreceu todas as moedas emergentes e fez o d\u00f3lar se desvalorizar pouco mais de 3% frente ao real&#8221;, afirma a economista Cristiane Quartaroli, do Banco Ourinvest, que tamb\u00e9m observa uma aparente melhora da conjuntura dom\u00e9stica como fator impulsionador da moeda brasileira. &#8220;Temos a expectativa de privatiza\u00e7\u00e3o da <a class=\"suno-keyword\" href=\"https:\/\/www.suno.com.br\/acoes\/ELET3\/\" target=\"_blank\" rel=\"noopener\" data-force=\"yes\" data-priority=\"2\">Eletrobras (ELET3)<\/a> e a quest\u00e3o do teto do ICMS. A taxa de juros est\u00e1 elevada e o BC vai continuar subindo a Selic. Isso ajudou na entrada de fluxo neste m\u00eas.&#8221;<\/p>\n\t<p>\n\t\t<a href=\"https:\/\/lp.suno.com.br\/planilha-da-vida-financeira\/\" target=\"_blank\" data-element=\"shortcode-suno-banner\" title=\"Banner SUNO, clique e saiba mais\">\n\t\t\t<picture>\n\t\t\t\t<source media=\"(max-width: 500px)\" srcset=\"https:\/\/files.sunoresearch.com.br\/n\/uploads\/2023\/04\/400x300-Planilha-vida-financeira-true.png\">\n\t\t\t\t<img class=\"newsContent__article__imgCapa newsContent__article__imgCapa--banner\"\n\t\t\t\t\tsrc=\"https:\/\/files.sunoresearch.com.br\/n\/uploads\/2023\/04\/1420x240-Planilha-vida-financeira-true.png\"\n\t\t\t\t\tdata-promo-id=\"106682\"\t\t\t\t\t\t\t\t\t\twidth='1420' height='240'\t\t\t\t\talt=\"https:\/\/files.sunoresearch.com.br\/n\/uploads\/2023\/04\/1420x240-Planilha-vida-financeira-true.png\"\n\t\t\t\t>\n\t\t\t<\/picture>\n\t\t<\/a>\n\t<\/p>\n\n\n<p>Nesta ter\u00e7a \u00e0 tarde, em audi\u00eancia p\u00fablica na C\u00e2mara dos Deputados, o presidente do Banco Central, Roberto Campos Neto, destacou que o <strong>real<\/strong> tem tido o melhor desempenho ante o d\u00f3lar entre todas as moedas dos pa\u00edses do G20 em 2022, em parte em raz\u00e3o da &#8220;mensagem do BC de combate \u00e0 infla\u00e7\u00e3o&#8221;. Na segunda-feira, o diretor de <a class=\"suno-keyword\" href=\"https:\/\/www.suno.com.br\/artigos\/politica-monetaria\/\" target=\"_blank\" rel=\"noopener\" data-force=\"no\" data-priority=\"1\">Pol\u00edtica Monet\u00e1ria<\/a> do BC, Bruno Serra, afirmou que a aprecia\u00e7\u00e3o do real estaria contribuindo para suavizar o choque de pre\u00e7os de commodities e que a queda recente do d\u00f3lar ainda se faria sentir com mais for\u00e7a nas leituras de infla\u00e7\u00e3o.<\/p>\n<p>&#8220;O <strong>d\u00f3lar<\/strong> corrigiu bastante neste m\u00eas. Houve fluxo forte para a Bolsa e ainda h\u00e1 oportunidades&#8221;, afirma head de c\u00e2mbio da HCI Invest, Anilson Moretti, que n\u00e3o acredita, contudo, que o d\u00f3lar possa romper o piso de R$ 4,60. &#8220;A infla\u00e7\u00e3o global ainda preocupa bastante o mercado e temos reuni\u00e3o do Fed em junho (dias 14 e 15). O d\u00f3lar pode subir at\u00e9 a resist\u00eancia de R$ 4,95&#8221;.<\/p>\n<p class=\"newsProviderSignature\"><em>Com informa\u00e7\u00f5es do Estad\u00e3o Conte\u00fado<\/em><\/p>\n\t<p>\n\t\t<a href=\"https:\/\/lp.suno.com.br\/planilha-de-controle-de-investimentos\/\" target=\"_blank\" data-element=\"shortcode-suno-banner\" title=\"Banner SUNO, clique e saiba mais\">\n\t\t\t<picture>\n\t\t\t\t<source media=\"(max-width: 500px)\" srcset=\"https:\/\/files.sunoresearch.com.br\/n\/uploads\/2023\/03\/400x300-Controle-de-Investimentos.png\">\n\t\t\t\t<img class=\"newsContent__article__imgCapa newsContent__article__imgCapa--banner\"\n\t\t\t\t\tsrc=\"https:\/\/files.sunoresearch.com.br\/n\/uploads\/2023\/03\/1420x240-Controle-de-Investimentos.png\"\n\t\t\t\t\tdata-promo-id=\"75934\"\t\t\t\t\t\t\t\t\t\twidth='1420' height='240'\t\t\t\t\talt=\"https:\/\/files.sunoresearch.com.br\/n\/uploads\/2023\/03\/1420x240-Controle-de-Investimentos.png\"\n\t\t\t\t>\n\t\t\t<\/picture>\n\t\t<\/a>\n\t<\/p>\n\n\n","protected":false},"excerpt":{"rendered":"<p>O d\u00f3lar \u00e0 vista encerrou a sess\u00e3o desta ter\u00e7a-feira (31) praticamente est\u00e1vel, no patamar de R$ 4,75, afetado por quest\u00f5es t\u00e9cnicas do mercado dom\u00e9stico de c\u00e2mbio. D\u00f3lar. Foto: Pexels Segundo profissionais do mercado, o an\u00fancio de novos est\u00edmulos econ\u00f4micos na China, que come\u00e7a a relaxar restri\u00e7\u00f5es de combate \u00e0 covid-19, e os dados dom\u00e9sticos positivos, [&hellip;]<\/p>\n","protected":false},"author":43,"featured_media":237586,"comment_status":"closed","ping_status":"closed","sticky":false,"template":"","format":"standard","meta":[],"categories":[60],"tags":[106444,326],"suno_strategy":[],"class_list":["post-262871","post","type-post","status-publish","format-standard","has-post-thumbnail","hentry","category-mercado","tag-agencias","tag-dolar"],"yoast_head":"<!-- This site is optimized with the Yoast SEO plugin v24.4 - https:\/\/yoast.com\/wordpress\/plugins\/seo\/ -->\n<title>D\u00f3lar fecha est\u00e1vel e encerra o m\u00eas com recuo de 3,85%<\/title>\n<meta name=\"description\" content=\"No fim do preg\u00e3o, moeda era cotada a R$ 4,7526, leve queda de 0,02%. A divisa dos EUA termina maio com queda de 3,85%. Saiba mais aqui\" \/>\n<meta name=\"robots\" content=\"index, follow, max-snippet:-1, max-image-preview:large, max-video-preview:-1\" \/>\n<link rel=\"canonical\" href=\"https:\/\/www.suno.com.br\/noticias\/dolar-encerra-maio-queda-china-fed\/\" \/>\n<meta property=\"og:locale\" content=\"pt_BR\" \/>\n<meta property=\"og:type\" content=\"article\" \/>\n<meta property=\"og:title\" content=\"D\u00f3lar fecha est\u00e1vel e encerra o m\u00eas com recuo de 3,85%\" \/>\n<meta property=\"og:description\" content=\"No fim do preg\u00e3o, moeda era cotada a R$ 4,7526, leve queda de 0,02%. A divisa dos EUA termina maio com queda de 3,85%. Saiba mais aqui\" \/>\n<meta property=\"og:url\" content=\"https:\/\/www.suno.com.br\/noticias\/dolar-encerra-maio-queda-china-fed\/\" \/>\n<meta property=\"og:site_name\" content=\"Suno Not\u00edcias\" \/>\n<meta property=\"article:publisher\" content=\"https:\/\/facebook.com\/sunoresearch\" \/>\n<meta property=\"article:author\" content=\"https:\/\/www.facebook.com\/sunonoticias\/\" \/>\n<meta property=\"og:image\" content=\"https:\/\/files.sunoresearch.com.br\/n\/uploads\/2022\/03\/pexels-pixabay-164661-scaled.jpg\" \/>\n\t<meta property=\"og:image:width\" content=\"2560\" \/>\n\t<meta property=\"og:image:height\" content=\"1920\" \/>\n\t<meta property=\"og:image:type\" content=\"image\/jpeg\" \/>\n<meta name=\"author\" content=\"Reda\u00e7\u00e3o Suno Not\u00edcias\" \/>\n<meta name=\"twitter:card\" content=\"summary_large_image\" \/>\n<meta name=\"twitter:creator\" content=\"@https:\/\/twitter.com\/sunoresearch\" \/>\n<meta name=\"twitter:site\" content=\"@sunoresearch\" \/>\n<meta name=\"twitter:label1\" content=\"Escrito por\" \/>\n\t<meta name=\"twitter:data1\" content=\"Reda\u00e7\u00e3o Suno Not\u00edcias\" \/>\n\t<meta name=\"twitter:label2\" content=\"Est. tempo de leitura\" \/>\n\t<meta name=\"twitter:data2\" content=\"4 minutos\" \/>\n<script type=\"application\/ld+json\" class=\"yoast-schema-graph\">{\"@context\":\"https:\/\/schema.org\",\"@graph\":[{\"@type\":\"NewsArticle\",\"@id\":\"https:\/\/www.suno.com.br\/noticias\/dolar-encerra-maio-queda-china-fed\/#article\",\"isPartOf\":{\"@id\":\"https:\/\/www.suno.com.br\/noticias\/dolar-encerra-maio-queda-china-fed\/\"},\"author\":{\"name\":\"Reda\u00e7\u00e3o Suno Not\u00edcias\",\"@id\":\"https:\/\/www.suno.com.br\/noticias\/#\/schema\/person\/c1b1bd3727fa852bd045e9dbff3673ea\"},\"headline\":\"D\u00f3lar fecha est\u00e1vel e encerra o m\u00eas com recuo de 3,85%\",\"datePublished\":\"2022-05-31T21:18:41+00:00\",\"mainEntityOfPage\":{\"@id\":\"https:\/\/www.suno.com.br\/noticias\/dolar-encerra-maio-queda-china-fed\/\"},\"wordCount\":894,\"publisher\":{\"@id\":\"https:\/\/www.suno.com.br\/noticias\/#organization\"},\"image\":{\"@id\":\"https:\/\/www.suno.com.br\/noticias\/dolar-encerra-maio-queda-china-fed\/#primaryimage\"},\"thumbnailUrl\":\"https:\/\/files.sunoresearch.com.br\/n\/uploads\/2022\/03\/pexels-pixabay-164661-scaled.jpg\",\"keywords\":[\"Ag\u00eancias\",\"d\u00f3lar\"],\"articleSection\":[\"Mercado\"],\"inLanguage\":\"pt-BR\"},{\"@type\":\"WebPage\",\"@id\":\"https:\/\/www.suno.com.br\/noticias\/dolar-encerra-maio-queda-china-fed\/\",\"url\":\"https:\/\/www.suno.com.br\/noticias\/dolar-encerra-maio-queda-china-fed\/\",\"name\":\"D\u00f3lar fecha est\u00e1vel e encerra o m\u00eas com recuo de 3,85%\",\"isPartOf\":{\"@id\":\"https:\/\/www.suno.com.br\/noticias\/#website\"},\"primaryImageOfPage\":{\"@id\":\"https:\/\/www.suno.com.br\/noticias\/dolar-encerra-maio-queda-china-fed\/#primaryimage\"},\"image\":{\"@id\":\"https:\/\/www.suno.com.br\/noticias\/dolar-encerra-maio-queda-china-fed\/#primaryimage\"},\"thumbnailUrl\":\"https:\/\/files.sunoresearch.com.br\/n\/uploads\/2022\/03\/pexels-pixabay-164661-scaled.jpg\",\"datePublished\":\"2022-05-31T21:18:41+00:00\",\"description\":\"No fim do preg\u00e3o, moeda era cotada a R$ 4,7526, leve queda de 0,02%. A divisa dos EUA termina maio com queda de 3,85%. Saiba mais aqui\",\"breadcrumb\":{\"@id\":\"https:\/\/www.suno.com.br\/noticias\/dolar-encerra-maio-queda-china-fed\/#breadcrumb\"},\"inLanguage\":\"pt-BR\",\"potentialAction\":[{\"@type\":\"ReadAction\",\"target\":[\"https:\/\/www.suno.com.br\/noticias\/dolar-encerra-maio-queda-china-fed\/\"]}]},{\"@type\":\"ImageObject\",\"inLanguage\":\"pt-BR\",\"@id\":\"https:\/\/www.suno.com.br\/noticias\/dolar-encerra-maio-queda-china-fed\/#primaryimage\",\"url\":\"https:\/\/files.sunoresearch.com.br\/n\/uploads\/2022\/03\/pexels-pixabay-164661-scaled.jpg\",\"contentUrl\":\"https:\/\/files.sunoresearch.com.br\/n\/uploads\/2022\/03\/pexels-pixabay-164661-scaled.jpg\",\"width\":2560,\"height\":1920,\"caption\":\"D\u00f3lar. Foto: Pexels\"},{\"@type\":\"BreadcrumbList\",\"@id\":\"https:\/\/www.suno.com.br\/noticias\/dolar-encerra-maio-queda-china-fed\/#breadcrumb\",\"itemListElement\":[{\"@type\":\"ListItem\",\"position\":1,\"name\":\"Not\u00edcias\",\"item\":\"https:\/\/www.suno.com.br\/noticias\/\"},{\"@type\":\"ListItem\",\"position\":2,\"name\":\"Mercado\",\"item\":\"https:\/\/www.suno.com.br\/noticias\/mercado\/\"},{\"@type\":\"ListItem\",\"position\":3,\"name\":\"D\u00f3lar fecha est\u00e1vel e encerra o m\u00eas com recuo de 3,85%\"}]},{\"@type\":\"WebSite\",\"@id\":\"https:\/\/www.suno.com.br\/noticias\/#website\",\"url\":\"https:\/\/www.suno.com.br\/noticias\/\",\"name\":\"Suno Not\u00edcias\",\"description\":\"Seu portal de informa\u00e7\u00e3o sobre o mundo dos investimentos\",\"publisher\":{\"@id\":\"https:\/\/www.suno.com.br\/noticias\/#organization\"},\"potentialAction\":[{\"@type\":\"SearchAction\",\"target\":{\"@type\":\"EntryPoint\",\"urlTemplate\":\"https:\/\/www.suno.com.br\/noticias\/?s={search_term_string}\"},\"query-input\":{\"@type\":\"PropertyValueSpecification\",\"valueRequired\":true,\"valueName\":\"search_term_string\"}}],\"inLanguage\":\"pt-BR\"},{\"@type\":\"Organization\",\"@id\":\"https:\/\/www.suno.com.br\/noticias\/#organization\",\"name\":\"Suno Not\u00edcias\",\"url\":\"https:\/\/www.suno.com.br\/noticias\/\",\"logo\":{\"@type\":\"ImageObject\",\"inLanguage\":\"pt-BR\",\"@id\":\"https:\/\/www.suno.com.br\/noticias\/#\/schema\/logo\/image\/\",\"url\":\"https:\/\/files.sunoresearch.com.br\/n\/uploads\/2021\/09\/suno-logo.png\",\"contentUrl\":\"https:\/\/files.sunoresearch.com.br\/n\/uploads\/2021\/09\/suno-logo.png\",\"width\":180,\"height\":180,\"caption\":\"Suno Not\u00edcias\"},\"image\":{\"@id\":\"https:\/\/www.suno.com.br\/noticias\/#\/schema\/logo\/image\/\"},\"sameAs\":[\"https:\/\/facebook.com\/sunoresearch\",\"https:\/\/x.com\/sunoresearch\",\"https:\/\/www.instagram.com\/suno\",\"https:\/\/www.linkedin.com\/company\/suno-research\/\",\"https:\/\/www.youtube.com\/c\/sunoresearch\"]},{\"@type\":\"Person\",\"@id\":\"https:\/\/www.suno.com.br\/noticias\/#\/schema\/person\/c1b1bd3727fa852bd045e9dbff3673ea\",\"name\":\"Reda\u00e7\u00e3o Suno Not\u00edcias\",\"image\":{\"@type\":\"ImageObject\",\"inLanguage\":\"pt-BR\",\"@id\":\"https:\/\/www.suno.com.br\/noticias\/#\/schema\/person\/image\/\",\"url\":\"https:\/\/secure.gravatar.com\/avatar\/b8104b9b5a71985d5238ee59fbe418af?s=96&r=g\",\"contentUrl\":\"https:\/\/secure.gravatar.com\/avatar\/b8104b9b5a71985d5238ee59fbe418af?s=96&r=g\",\"caption\":\"Reda\u00e7\u00e3o Suno Not\u00edcias\"},\"description\":\"O Suno Not\u00edcias \u00e9 um portal de informa\u00e7\u00f5es sobre Mercado Financeiro, Pol\u00edtica, Neg\u00f3cios, Economia e Finan\u00e7as Pessoais.\",\"sameAs\":[\"https:\/\/www.suno.com.br\/noticias\",\"https:\/\/www.facebook.com\/sunonoticias\/\",\"https:\/\/www.instagram.com\/sunonoticias\/\",\"https:\/\/x.com\/https:\/\/twitter.com\/sunoresearch\",\"https:\/\/www.youtube.com\/sunonoticias\"],\"url\":\"https:\/\/www.suno.com.br\/noticias\/author\/redacao-suno\/\"}]}<\/script>\n<!-- \/ Yoast SEO plugin. -->","yoast_head_json":{"title":"D\u00f3lar fecha est\u00e1vel e encerra o m\u00eas com recuo de 3,85%","description":"No fim do preg\u00e3o, moeda era cotada a R$ 4,7526, leve queda de 0,02%. A divisa dos EUA termina maio com queda de 3,85%. Saiba mais aqui","robots":{"index":"index","follow":"follow","max-snippet":"max-snippet:-1","max-image-preview":"max-image-preview:large","max-video-preview":"max-video-preview:-1"},"canonical":"https:\/\/www.suno.com.br\/noticias\/dolar-encerra-maio-queda-china-fed\/","og_locale":"pt_BR","og_type":"article","og_title":"D\u00f3lar fecha est\u00e1vel e encerra o m\u00eas com recuo de 3,85%","og_description":"No fim do preg\u00e3o, moeda era cotada a R$ 4,7526, leve queda de 0,02%. A divisa dos EUA termina maio com queda de 3,85%. Saiba mais aqui","og_url":"https:\/\/www.suno.com.br\/noticias\/dolar-encerra-maio-queda-china-fed\/","og_site_name":"Suno Not\u00edcias","article_publisher":"https:\/\/facebook.com\/sunoresearch","article_author":"https:\/\/www.facebook.com\/sunonoticias\/","og_image":[{"width":2560,"height":1920,"url":"https:\/\/files.sunoresearch.com.br\/n\/uploads\/2022\/03\/pexels-pixabay-164661-scaled.jpg","type":"image\/jpeg"}],"author":"Reda\u00e7\u00e3o Suno Not\u00edcias","twitter_card":"summary_large_image","twitter_creator":"@https:\/\/twitter.com\/sunoresearch","twitter_site":"@sunoresearch","twitter_misc":{"Escrito por":"Reda\u00e7\u00e3o Suno Not\u00edcias","Est. tempo de leitura":"4 minutos"},"schema":{"@context":"https:\/\/schema.org","@graph":[{"@type":"NewsArticle","@id":"https:\/\/www.suno.com.br\/noticias\/dolar-encerra-maio-queda-china-fed\/#article","isPartOf":{"@id":"https:\/\/www.suno.com.br\/noticias\/dolar-encerra-maio-queda-china-fed\/"},"author":{"name":"Reda\u00e7\u00e3o Suno Not\u00edcias","@id":"https:\/\/www.suno.com.br\/noticias\/#\/schema\/person\/c1b1bd3727fa852bd045e9dbff3673ea"},"headline":"D\u00f3lar fecha est\u00e1vel e encerra o m\u00eas com recuo de 3,85%","datePublished":"2022-05-31T21:18:41+00:00","mainEntityOfPage":{"@id":"https:\/\/www.suno.com.br\/noticias\/dolar-encerra-maio-queda-china-fed\/"},"wordCount":894,"publisher":{"@id":"https:\/\/www.suno.com.br\/noticias\/#organization"},"image":{"@id":"https:\/\/www.suno.com.br\/noticias\/dolar-encerra-maio-queda-china-fed\/#primaryimage"},"thumbnailUrl":"https:\/\/files.sunoresearch.com.br\/n\/uploads\/2022\/03\/pexels-pixabay-164661-scaled.jpg","keywords":["Ag\u00eancias","d\u00f3lar"],"articleSection":["Mercado"],"inLanguage":"pt-BR"},{"@type":"WebPage","@id":"https:\/\/www.suno.com.br\/noticias\/dolar-encerra-maio-queda-china-fed\/","url":"https:\/\/www.suno.com.br\/noticias\/dolar-encerra-maio-queda-china-fed\/","name":"D\u00f3lar fecha est\u00e1vel e encerra o m\u00eas com recuo de 3,85%","isPartOf":{"@id":"https:\/\/www.suno.com.br\/noticias\/#website"},"primaryImageOfPage":{"@id":"https:\/\/www.suno.com.br\/noticias\/dolar-encerra-maio-queda-china-fed\/#primaryimage"},"image":{"@id":"https:\/\/www.suno.com.br\/noticias\/dolar-encerra-maio-queda-china-fed\/#primaryimage"},"thumbnailUrl":"https:\/\/files.sunoresearch.com.br\/n\/uploads\/2022\/03\/pexels-pixabay-164661-scaled.jpg","datePublished":"2022-05-31T21:18:41+00:00","description":"No fim do preg\u00e3o, moeda era cotada a R$ 4,7526, leve queda de 0,02%. A divisa dos EUA termina maio com queda de 3,85%. Saiba mais aqui","breadcrumb":{"@id":"https:\/\/www.suno.com.br\/noticias\/dolar-encerra-maio-queda-china-fed\/#breadcrumb"},"inLanguage":"pt-BR","potentialAction":[{"@type":"ReadAction","target":["https:\/\/www.suno.com.br\/noticias\/dolar-encerra-maio-queda-china-fed\/"]}]},{"@type":"ImageObject","inLanguage":"pt-BR","@id":"https:\/\/www.suno.com.br\/noticias\/dolar-encerra-maio-queda-china-fed\/#primaryimage","url":"https:\/\/files.sunoresearch.com.br\/n\/uploads\/2022\/03\/pexels-pixabay-164661-scaled.jpg","contentUrl":"https:\/\/files.sunoresearch.com.br\/n\/uploads\/2022\/03\/pexels-pixabay-164661-scaled.jpg","width":2560,"height":1920,"caption":"D\u00f3lar. Foto: Pexels"},{"@type":"BreadcrumbList","@id":"https:\/\/www.suno.com.br\/noticias\/dolar-encerra-maio-queda-china-fed\/#breadcrumb","itemListElement":[{"@type":"ListItem","position":1,"name":"Not\u00edcias","item":"https:\/\/www.suno.com.br\/noticias\/"},{"@type":"ListItem","position":2,"name":"Mercado","item":"https:\/\/www.suno.com.br\/noticias\/mercado\/"},{"@type":"ListItem","position":3,"name":"D\u00f3lar fecha est\u00e1vel e encerra o m\u00eas com recuo de 3,85%"}]},{"@type":"WebSite","@id":"https:\/\/www.suno.com.br\/noticias\/#website","url":"https:\/\/www.suno.com.br\/noticias\/","name":"Suno Not\u00edcias","description":"Seu portal de informa\u00e7\u00e3o sobre o mundo dos investimentos","publisher":{"@id":"https:\/\/www.suno.com.br\/noticias\/#organization"},"potentialAction":[{"@type":"SearchAction","target":{"@type":"EntryPoint","urlTemplate":"https:\/\/www.suno.com.br\/noticias\/?s={search_term_string}"},"query-input":{"@type":"PropertyValueSpecification","valueRequired":true,"valueName":"search_term_string"}}],"inLanguage":"pt-BR"},{"@type":"Organization","@id":"https:\/\/www.suno.com.br\/noticias\/#organization","name":"Suno Not\u00edcias","url":"https:\/\/www.suno.com.br\/noticias\/","logo":{"@type":"ImageObject","inLanguage":"pt-BR","@id":"https:\/\/www.suno.com.br\/noticias\/#\/schema\/logo\/image\/","url":"https:\/\/files.sunoresearch.com.br\/n\/uploads\/2021\/09\/suno-logo.png","contentUrl":"https:\/\/files.sunoresearch.com.br\/n\/uploads\/2021\/09\/suno-logo.png","width":180,"height":180,"caption":"Suno Not\u00edcias"},"image":{"@id":"https:\/\/www.suno.com.br\/noticias\/#\/schema\/logo\/image\/"},"sameAs":["https:\/\/facebook.com\/sunoresearch","https:\/\/x.com\/sunoresearch","https:\/\/www.instagram.com\/suno","https:\/\/www.linkedin.com\/company\/suno-research\/","https:\/\/www.youtube.com\/c\/sunoresearch"]},{"@type":"Person","@id":"https:\/\/www.suno.com.br\/noticias\/#\/schema\/person\/c1b1bd3727fa852bd045e9dbff3673ea","name":"Reda\u00e7\u00e3o Suno Not\u00edcias","image":{"@type":"ImageObject","inLanguage":"pt-BR","@id":"https:\/\/www.suno.com.br\/noticias\/#\/schema\/person\/image\/","url":"https:\/\/secure.gravatar.com\/avatar\/b8104b9b5a71985d5238ee59fbe418af?s=96&r=g","contentUrl":"https:\/\/secure.gravatar.com\/avatar\/b8104b9b5a71985d5238ee59fbe418af?s=96&r=g","caption":"Reda\u00e7\u00e3o Suno Not\u00edcias"},"description":"O Suno Not\u00edcias \u00e9 um portal de informa\u00e7\u00f5es sobre Mercado Financeiro, Pol\u00edtica, Neg\u00f3cios, Economia e Finan\u00e7as Pessoais.","sameAs":["https:\/\/www.suno.com.br\/noticias","https:\/\/www.facebook.com\/sunonoticias\/","https:\/\/www.instagram.com\/sunonoticias\/","https:\/\/x.com\/https:\/\/twitter.com\/sunoresearch","https:\/\/www.youtube.com\/sunonoticias"],"url":"https:\/\/www.suno.com.br\/noticias\/author\/redacao-suno\/"}]}},"default_loop_html":"<div class=\"cardsPage__listCard__boxs\"><div class=\"cardsPage__listCard__boxs__img\"><a href=\"https:\/\/www.suno.com.br\/noticias\/dolar-encerra-maio-queda-china-fed\/\"><img class=\"mask\" src=\"https:\/\/www.suno.com.br\/noticias\/wp-content\/themes\/suno\/resources\/images\/spotlight\/spotlight1img\/bg-mask.png\" alt=\"Image Mask\"\/><img src=\"https:\/\/files.sunoresearch.com.br\/n\/uploads\/2022\/03\/pexels-pixabay-164661-400x200.jpg\" alt=\"D\u00f3lar fecha est\u00e1vel e encerra o m\u00eas com recuo de 3,85%\"\/><\/a><span class=\"spotlightCategory\"><a href=\"https:\/\/www.suno.com.br\/noticias\/mercado\/\">Mercado<\/a><\/span><\/div><div class=\"cardsPage__listCard__boxs__content\"><a href=\"https:\/\/www.suno.com.br\/noticias\/dolar-encerra-maio-queda-china-fed\/\"><h2 class=\"content__title\">D\u00f3lar fecha est\u00e1vel e encerra o m\u00eas com recuo de 3,85%<\/h2><\/a><div class=\"newsContent__article__meta\"><div class=\"newsContent__article__meta__authorBox\"><a href=\"https:\/\/www.suno.com.br\/noticias\/author\/redacao-suno\/\" class=\"authorBox__avatar noMobi\"><img src=\"https:\/\/files.sunoresearch.com.br\/n\/uploads\/2020\/08\/0ace682d-redacao-1-150x150.webp\" alt=\"Reda\u00e7\u00e3o Suno Not\u00edcias\"><\/a><div class=\"authorBox__name\"><span>por\n\t\t\t<a href=\"https:\/\/www.suno.com.br\/noticias\/author\/redacao-suno\/\"><span itemprop=\"author\">Reda\u00e7\u00e3o Suno Not\u00edcias<\/span><\/a><\/span><time datetime=\"2022-05-31T18:18:41-03:00\" itemprop=\"datePublished\">31\/05\/2022 18:18<\/time><\/div><\/div><\/div><\/div><\/div>","single_layout":"posts","amp_enabled":true,"_links":{"self":[{"href":"https:\/\/www.suno.com.br\/noticias\/wp-json\/wp\/v2\/posts\/262871"}],"collection":[{"href":"https:\/\/www.suno.com.br\/noticias\/wp-json\/wp\/v2\/posts"}],"about":[{"href":"https:\/\/www.suno.com.br\/noticias\/wp-json\/wp\/v2\/types\/post"}],"author":[{"embeddable":true,"href":"https:\/\/www.suno.com.br\/noticias\/wp-json\/wp\/v2\/users\/43"}],"replies":[{"embeddable":true,"href":"https:\/\/www.suno.com.br\/noticias\/wp-json\/wp\/v2\/comments?post=262871"}],"version-history":[{"count":2,"href":"https:\/\/www.suno.com.br\/noticias\/wp-json\/wp\/v2\/posts\/262871\/revisions"}],"predecessor-version":[{"id":262886,"href":"https:\/\/www.suno.com.br\/noticias\/wp-json\/wp\/v2\/posts\/262871\/revisions\/262886"}],"wp:featuredmedia":[{"embeddable":true,"href":"https:\/\/www.suno.com.br\/noticias\/wp-json\/wp\/v2\/media\/237586"}],"wp:attachment":[{"href":"https:\/\/www.suno.com.br\/noticias\/wp-json\/wp\/v2\/media?parent=262871"}],"wp:term":[{"taxonomy":"category","embeddable":true,"href":"https:\/\/www.suno.com.br\/noticias\/wp-json\/wp\/v2\/categories?post=262871"},{"taxonomy":"post_tag","embeddable":true,"href":"https:\/\/www.suno.com.br\/noticias\/wp-json\/wp\/v2\/tags?post=262871"},{"taxonomy":"suno_strategy","embeddable":true,"href":"https:\/\/www.suno.com.br\/noticias\/wp-json\/wp\/v2\/suno_strategy?post=262871"}],"curies":[{"name":"wp","href":"https:\/\/api.w.org\/{rel}","templated":true}]}}