{"id":26273,"date":"2019-05-28T16:57:29","date_gmt":"2019-05-28T19:57:29","guid":{"rendered":"https:\/\/www.suno.com.br\/noticias\/?p=26273"},"modified":"2019-05-28T16:57:30","modified_gmt":"2019-05-28T19:57:30","slug":"justica-rejeita-pedido-azul-avianca","status":"publish","type":"post","link":"https:\/\/www.suno.com.br\/noticias\/justica-rejeita-pedido-azul-avianca\/","title":{"rendered":"Justi\u00e7a rejeita pedido da Azul de compra de todos os ativos da Avianca"},"content":{"rendered":"<p>A <strong>Justi\u00e7a<\/strong> de <strong>S\u00e3o Paulo<\/strong> rejeitou o pedido de compra de todos os ativos da Avianca apresentado pela <strong>Azul.<\/strong> A companhia a\u00e9rea baseada em Campinas queria comprar todos os ativos da concorrentes reunidos em uma \u00fanica <strong>Unidade Produtiva Isolada (UPI)<\/strong>.<\/p>\t<div class=\"wrapper-featured-image\">\n\t\t<figure class=\"spotlightImg\">\n\n\t\t\t<picture>\n\t\t\t\t<source media=\"(max-width: 768px)\" srcset=\"https:\/\/files.sunoresearch.com.br\/n\/uploads\/2019\/03\/dea0f632-avianca-brasil-400x200.webp\">\n\t\t\t\t<img loading=\"lazy\" decoding=\"async\" class=\"newsContent__article__imgCapa lazyloadDisabled newsContent__article__imgCapa--noCaption\" src=\"https:\/\/files.sunoresearch.com.br\/n\/uploads\/2019\/03\/dea0f632-avianca-brasil-jpg.webp\" width=\"800\" height=\"450\" alt=\"Justi\u00e7a rejeita pedido da Azul de compra de todos os ativos da Avianca\" fetchpriority=high \/>\n\t\t\t<\/picture>\n\n\t\t\t<figcaption class=\"wp-caption-text wp-caption-text--hide\">Avianca: Justi\u00e7a dos EUA aceita pedido de recupera\u00e7\u00e3o judicial<\/figcaption>\n\t\t<\/figure>\n\t<\/div>\n\n\n<p>O juiz Tiago Henriques Limongi, da 1\u00aa Vara de Fal\u00eancias e Recupera\u00e7\u00f5es Judiciais do Estado de <strong>S\u00e3o Paulo,<\/strong> rejeitou o pedido da <strong>Azul.<\/strong> A companhia a\u00e9rea se comprometia a pagar pelo menos US$ 145 milh\u00f5es (cerca de R$ 584 milh\u00f5es) por essa <strong>UPI<\/strong> com os ativos da <strong>Avianca<\/strong> em leil\u00e3o.<\/p>\n<p><a href=\"https:\/\/www.suno.com.br\/noticias\/anac-suspende-operacoes-avianc\/\">Saiba mais: Anac suspende todos os voos e opera\u00e7\u00f5es da Avianca Brasil\u00a0<\/a><\/p>\n<p>Segundo o juiz, a <strong>Azul<\/strong> \u00e9 titular de cr\u00e9dito extraconcursal, e por isso n\u00e3o tem legitimidade para impugnar o\u00a0 plano de recupera\u00e7\u00e3o judicial homologado em ju\u00edzo. Al\u00e9m disso, o magistrado considerou que essa proposta geraria impacto negativo na atividade remanescente da <strong>Avianca Brasil.<\/strong><\/p>\n\t<p>\n\t\t<a href=\"https:\/\/lp2.suno.com.br\/lm\/minicurso-construindo-um-portfolio-milionario?utm_campaign=_SNCEBB048DA_sc.mcpm26&#038;utm_source=suno.com.br&#038;utm_medium=banner.noticias\" target=\"_blank\" data-element=\"shortcode-suno-banner\" title=\"Banner SUNO, clique e saiba mais\">\n\t\t\t<picture>\n\t\t\t\t<source media=\"(max-width: 500px)\" srcset=\"https:\/\/files.sunoresearch.com.br\/n\/uploads\/2026\/01\/MB-PS-HOME-DE-ARTIGOS-400x300-ID_01_x1-jpg.webp\">\n\t\t\t\t<img class=\"newsContent__article__imgCapa newsContent__article__imgCapa--banner\"\n\t\t\t\t\tsrc=\"https:\/\/files.sunoresearch.com.br\/n\/uploads\/2026\/01\/DT-PS-HOME-DE-ARTIGOS-1420x240-ID_01_x1-jpg.webp\"\n\t\t\t\t\tdata-promo-id=\"638432\"\t\t\t\t\t\t\t\t\t\twidth='1420' height='240'\t\t\t\t\talt=\"https:\/\/files.sunoresearch.com.br\/n\/uploads\/2026\/01\/DT-PS-HOME-DE-ARTIGOS-1420x240-ID_01_x1-jpg.webp\"\n\t\t\t\t>\n\t\t\t<\/picture>\n\t\t<\/a>\n\t<\/p>\n\n\n<p>Outro ponto que foi rejeitado pela Justi\u00e7a de S\u00e3o Paulo refere-se \u00e0 constitui\u00e7\u00e3o da <strong>UPI<\/strong> \u00fanica. Essa unidade conteria apenas os direitos de pousos e decolagens (\u201cslots\u201d) da <strong>Avianca Brasil<\/strong> na <strong>ponte a\u00e9rea Rio-S\u00e3o Paulo<\/strong>.<\/p>\n<p>Segundo o juiz, a respons\u00e1vel pela distribui\u00e7\u00e3o dos slots \u00e9 a <strong>Ag\u00eancia Nacional de Avia\u00e7\u00e3o Civil (Anac)<\/strong>. Esses direitos de pousos e decolagens n\u00e3o podem ser negociados entre empresas. O juiz tamb\u00e9m decidiu que n\u00e3o \u00e9 o Judici\u00e1rio que deve definir como os ativos de uma empresa devem ser vendidos. \u201cA condi\u00e7\u00e3o de recuperanda n\u00e3o lhe retira a prerrogativa de decidir e propor ao ju\u00edzo quando e de que modo dispor de seus ativos\u201d, escreveu Limongi em sua decis\u00e3o.<\/p>\n<p><a href=\"https:\/\/www.suno.com.br\/noticias\/avianca-cade-recuperacao-judicial\/\">Saiba mais: Avianca: Cade avalia investiga\u00e7\u00e3o sobre recupera\u00e7\u00e3o judicial da a\u00e9rea\u00a0<\/a><\/p>\n<p>Segundo o plano de recupera\u00e7\u00e3o judicial aprovado pelos acionistas da <strong>Avianca,<\/strong> ser\u00e3o criadas 7 UPIs distintas. A <strong>Gol<\/strong> e a <strong>Latam<\/strong> se comprometeram a apresentar lances m\u00ednimos de US$ 70 milh\u00f5es por pelo menos uma <strong>UPI.<\/strong><\/p>\n<p>O pedido da <strong>Azul<\/strong> foi impugnado pelas pr\u00f3prias <strong>Latam<\/strong> e <strong>Gol,<\/strong> juntas com o fundo de investimentos <strong>Elliot.<\/strong><\/p>\n<h2>Avianca intimada<\/h2>\n<p>O mesmo juiz Limongi determinou a\u00a0intima\u00e7\u00e3o da <strong>Avianca<\/strong> e da <strong>Anac<\/strong> sobre um pedido feito pela concession\u00e1ria do <strong>aeroporto internacional de Guarulhos (GRU)<\/strong>.<\/p>\n\t<p>\n\t\t<a href=\"https:\/\/lp.suno.com.br\/ao\/servico-especializado-suno-tf\/?utm_source=adwords&#038;utm_medium=search&#038;utm_campaign=search.servico.funilconsultoria&#038;utm_content=1147_responsivo-a&#038;hsa_acc=2326072784&#038;hsa_cam=18022897917&#038;hsa_grp=141470255993&#038;hsa_ad=616145467912&#038;hsa_src=g&#038;hsa_tgt=kwd-303658942458&#038;hsa_kw=gestora+de+investimentos&#038;hsa_mt=b&#038;hsa_net=adwords&#038;hsa_ver=3&#038;gad_source=1&#038;gclid=CjwKCAjw1emzBhB8EiwAHwZZxQMvA3xJVRzLGZ70LmuSzR55X-KvxijSay8c5Hm88Sznnq97j8XbORoC-sMQAvD_BwE\" target=\"_blank\" data-element=\"shortcode-suno-banner\" title=\"Banner SUNO, clique e saiba mais\">\n\t\t\t<picture>\n\t\t\t\t<source media=\"(max-width: 500px)\" srcset=\"https:\/\/files.sunoresearch.com.br\/n\/uploads\/2024\/06\/400x300-Mobile-Artigos-4-1.png\">\n\t\t\t\t<img class=\"newsContent__article__imgCapa newsContent__article__imgCapa--banner\"\n\t\t\t\t\tsrc=\"https:\/\/files.sunoresearch.com.br\/n\/uploads\/2024\/06\/1420x240-Banner-Artigos-1-_-Banner-Materias-2-1.png\"\n\t\t\t\t\tdata-promo-id=\"563609\"\t\t\t\t\t\t\t\t\t\twidth='1420' height='240'\t\t\t\t\talt=\"https:\/\/files.sunoresearch.com.br\/n\/uploads\/2024\/06\/1420x240-Banner-Artigos-1-_-Banner-Materias-2-1.png\"\n\t\t\t\t>\n\t\t\t<\/picture>\n\t\t<\/a>\n\t<\/p>\n\n\n<p>A <strong>GRU<\/strong> pediu para a companhia a\u00e9rea a imediata devolu\u00e7\u00e3o dos direitos de pousos e decolagens (\u201cslots\u201d) que n\u00e3o est\u00e3o sendo usados pela <strong>Avianca<\/strong> na temporada atual (at\u00e9 31 de julho).<\/p>\n<p><a href=\"https:\/\/www.suno.com.br\/noticias\/avianca-oito-mil-voos-cancelados\/\">Saiba mais: Avianca: voos cancelados podem chegar a oito mil em 2019\u00a0<\/a><\/p>\n<p>Em alternativa, a companhia a\u00e9rea ter\u00e1 esses <strong>slots<\/strong> cancelados imediatamente, para que possam ser realocados para outras companhias a\u00e9reas.<\/p>\n<h2>Entenda a crise da Avianca<\/h2>\n<p>A <strong>Avianca<\/strong> \u00e9 a quarta maior <strong>companhia a\u00e9rea<\/strong> do Brasil e est\u00e1 em <a href=\"https:\/\/www.suno.com.br\/artigos\/recuperacao-judicial\/\">recupera\u00e7\u00e3o judicial<\/a> desde dezembro 2018. O <a href=\"https:\/\/www.suno.com.br\/noticias\/avianca-pedido-recuperacao-judicial\/\">pedido foi registrado na 1\u00aa Vara Empresarial de S\u00e3o Paulo<\/a> em 10 de dezembro, ap\u00f3s crescentes <strong>preju\u00edzos<\/strong> e atrasos em pagamentos de arrendamento de aeronaves.<\/p>\n<p>A <b>companhia a\u00e9rea\u00a0<\/b>controla 13% do mercado nacional e registrou um crescimento forte nos \u00faltimos anos.<\/p>\n\t<p>\n\t\t<a href=\"https:\/\/lp.suno.com.br\/ebook-investindo-em-dividendos\/\" target=\"_blank\" data-element=\"shortcode-suno-banner\" title=\"Banner SUNO, clique e saiba mais\">\n\t\t\t<picture>\n\t\t\t\t<source media=\"(max-width: 500px)\" srcset=\"https:\/\/files.sunoresearch.com.br\/n\/uploads\/2023\/03\/400x300-Dividendos.png\">\n\t\t\t\t<img class=\"newsContent__article__imgCapa newsContent__article__imgCapa--banner\"\n\t\t\t\t\tsrc=\"https:\/\/files.sunoresearch.com.br\/n\/uploads\/2023\/03\/1420x240-Dividendos.png\"\n\t\t\t\t\tdata-promo-id=\"383163\"\t\t\t\t\t\t\t\t\t\twidth='1420' height='240'\t\t\t\t\talt=\"https:\/\/files.sunoresearch.com.br\/n\/uploads\/2023\/03\/1420x240-Dividendos.png\"\n\t\t\t\t>\n\t\t\t<\/picture>\n\t\t<\/a>\n\t<\/p>\n\n\n<p>Os cancelamentos nos voos s\u00e3o um reflexo da entrega dos <strong>avi\u00f5es<\/strong> \u00e0s empresas de <strong>leasing<\/strong>. A frota da companhia a\u00e9rea j\u00e1 chegou a 40 aeronaves em 2018.<\/p>\n<p>Por causa da falta de pagamento, os credores apresentaram recursos para a <strong>Anac.<\/strong> A ag\u00eancia recebeu pedidos por retirar as aeronaves operadas pela empresa do <strong>Registro Aeron\u00e1utico Brasileiro (RAB)<\/strong>.<\/p>\n<p>Em caso de calote, as empresas donas das aeronaves podem pedir o cancelamento das matr\u00edculas dos avi\u00f5es. Isso porque a falta de pagamento por parte da <strong>Avianca<\/strong> seria um descumprimento da <strong>Conven\u00e7\u00e3o da Cidade do Cabo<\/strong>. No come\u00e7o de Janeiro, a <b>Anac\u00a0<\/b>anunciou o cancelamento de dez matr\u00edculas de avi\u00f5es operados pela Avianca ap\u00f3s pedido da <strong>GE Capital Aviation Services (Gecas)<\/strong>, dona das aeronaves. A Gecas pedia para suspender o registro de dez aeronaves <strong>Airbus A320<\/strong> usadas pela Avianca Brasil em opera\u00e7\u00e3o de voos. A Gecas \u00e9 uma empresa de leasing dona das aeronaves, com a qual a companhia a\u00e9rea tinha um contrato para os 10 avi\u00f5es.<\/p>\n<p><a href=\"https:\/\/www.suno.com.br\/noticias\/avianca-operacao-quatro-aeroportos\/\">Saiba mais:\u00a0Avianca passar\u00e1 a operar em apenas quatro aeroportos<\/a><\/p>\n<p>Al\u00e9m da perda de <strong>aeronaves<\/strong> por conta da <strong>inadimpl\u00eancia<\/strong>, a <strong>Avianca<\/strong> tamb\u00e9m deixou de pagar seus funcion\u00e1rios. Antes da crise, a empresa possu\u00eda 5,3 mil funcion\u00e1rios, deles 617 eram pilotos e 1,1 mil comiss\u00e1rios.<\/p>\n<p>Por conta da situa\u00e7\u00e3o financeira da empresa, a <strong>Infraero<\/strong> e outras administradoras passaram a exigir o pagamento antecipado das tarifas aeroportu\u00e1rias.<\/p>\n<p><a style=\"font-size: 1.5em;\" href=\"https:\/\/www.suno.com.br\/noticias\/avianca-pode-perder-avioes-acordo\/\">Saiba mais: Avianca pode perder avi\u00f5es se n\u00e3o alcan\u00e7ar acordo\u00a0<\/a><\/p>\n<h2>Poss\u00edvel Venda da Avianca<\/h2>\n<p>Em 13 de dezembro de 2018, 0 ex-presidente da Rep\u00fablica <strong>Michel Temer<\/strong> assinou a Medida Provis\u00f3ria que permite as empresas estrangeiras a deter 100% do capital de companhias a\u00e9reas brasileiras. Portanto, a possibilidade de que tais empresas adquiram a <strong>Avianca<\/strong> existe, apesar da recupera\u00e7\u00e3o judicial. Caso a venda da companhia a\u00e9rea se concretizasse, a empresa compradora estaria obtendo apenas a \u201cparte boa\u201d, o que exclui as d\u00edvidas.<\/p>\n<p><a href=\"https:\/\/www.suno.com.br\/noticias\/latam-entra-justica-contra-plano-avianca\/\">Saiba mais: Latam entra na Justi\u00e7a contra recupera\u00e7\u00e3o judicial da Avianca\u00a0<\/a><\/p>\n<h2>Proposta da Azul<\/h2>\n<p>Em 11 de mar\u00e7o, a <strong>Azul<\/strong> teria assinado uma proposta n\u00e3o-vinculante para a aquisi\u00e7\u00e3o de parte dos ativos da <strong>Avianca<\/strong> atrav\u00e9s de uma <strong>Unidade Produtiva Isolada<\/strong> (UPI).<\/p>\n\t<p>\n\t\t<a href=\"https:\/\/lp.suno.com.br\/asset\/fundos\/suno-fiagro-snag11\/\" target=\"_blank\" data-element=\"shortcode-suno-banner\" title=\"Banner SUNO, clique e saiba mais\">\n\t\t\t<picture>\n\t\t\t\t<source media=\"(max-width: 500px)\" srcset=\"https:\/\/files.sunoresearch.com.br\/n\/uploads\/2024\/03\/400x300-Mobile-Artigos-1_SNAG.png\">\n\t\t\t\t<img class=\"newsContent__article__imgCapa newsContent__article__imgCapa--banner\"\n\t\t\t\t\tsrc=\"https:\/\/files.sunoresearch.com.br\/n\/uploads\/2024\/03\/1420x240-Banner-Artigos-1-_-Banner-Materias-1_SNAG.png\"\n\t\t\t\t\tdata-promo-id=\"364416\"\t\t\t\t\t\t\t\t\t\twidth='1420' height='240'\t\t\t\t\talt=\"https:\/\/files.sunoresearch.com.br\/n\/uploads\/2024\/03\/1420x240-Banner-Artigos-1-_-Banner-Materias-1_SNAG.png\"\n\t\t\t\t>\n\t\t\t<\/picture>\n\t\t<\/a>\n\t<\/p>\n\n\n<p>O valor total da opera\u00e7\u00e3o seria de\u00a0US$ 105 milh\u00f5es. A proposta foi exposta em um plano de <a href=\"https:\/\/www.suno.com.br\/artigos\/recuperacao-judicial\/\">recupera\u00e7\u00e3o judicial<\/a> da Avianca, e a <strong>UPI<\/strong> teria:<\/p>\n<ul>\n<li>certificado de operador a\u00e9reo;<\/li>\n<li>70 pares de direitos de pousos e decolagens (\u201cslots\u201d);<\/li>\n<li>aproximadamente 30 <strong>aeronaves Airbus A320.<\/strong><\/li>\n<\/ul>\n<p>Os slots seriam nos aeroportos\u00a0nos aeroportos de <strong>Congonhas<\/strong> e\u00a0<strong>Guarulhos (S\u00e3o Paulo)<\/strong> e <strong>Santos Dumont<\/strong> (<strong>Rio de Janeiro<\/strong>). Alguns dos aeroportos mais importantes do Brasil.<\/p>\n<p><a href=\"https:\/\/www.suno.com.br\/noticias\/azul-presenca-congonhas-acordo-avianca-acoes-disparam\/\">Saiba mais &#8211; Azul pode mais que dobrar presen\u00e7a em Congonhas; a\u00e7\u00f5es disparam<\/a><\/p>\n<p>Em 4 de mar\u00e7o, a <strong>Gol<\/strong> e a <strong>Latam<\/strong> entraram na disputa para adquirir partes da Avianca. No plano de recupera\u00e7\u00e3o judicial alternativo \u00e0quele proposto pela Gol, havia a cria\u00e7\u00e3o de sete <strong>UPIs<\/strong>. Seis unidades conter\u00e3o apenas &#8220;slots&#8221; dos aeroportos de Congonhas, Guarulhos e Gale\u00e3o, e uma unidade englobar\u00e1 os ativos do programa de fidelidade Amigo.<\/p>\n\t<p>\n\t\t<a href=\"https:\/\/lp.suno.com.br\/planilha-controle-gastos\/\" target=\"_blank\" data-element=\"shortcode-suno-banner\" title=\"Banner SUNO, clique e saiba mais\">\n\t\t\t<picture>\n\t\t\t\t<source media=\"(max-width: 500px)\" srcset=\"https:\/\/files.sunoresearch.com.br\/n\/uploads\/2023\/03\/400x300-Planilha-controle-de-gastos.png\">\n\t\t\t\t<img class=\"newsContent__article__imgCapa newsContent__article__imgCapa--banner\"\n\t\t\t\t\tsrc=\"https:\/\/files.sunoresearch.com.br\/n\/uploads\/2023\/03\/1420x240-Planilha-controle-de-gastos.png\"\n\t\t\t\t\tdata-promo-id=\"383122\"\t\t\t\t\t\t\t\t\t\twidth='1420' height='240'\t\t\t\t\talt=\"https:\/\/files.sunoresearch.com.br\/n\/uploads\/2023\/03\/1420x240-Planilha-controle-de-gastos.png\"\n\t\t\t\t>\n\t\t\t<\/picture>\n\t\t<\/a>\n\t<\/p>\n\n\n<p>A <strong>Gol<\/strong> informou em nota seu interesse na compra de ativos da concorrente.\u00a0 A companhia a\u00e9rea teria assinado um acordo vinculante com o fundo ativista <strong>Elliott Management<\/strong>, para entrar na disputa. Em tal acordo, haveria compra pela companhia a\u00e9rea de US$ 5 milh\u00f5es em empr\u00e9stimos, feitos pelo fundo, \u00e0 Avianca.<\/p>\n<p>Conforme o acordo assinado com o <a href=\"https:\/\/www.suno.com.br\/artigos\/fundo-de-hedge\/\">fundo de hedge<\/a>, a <strong>Gol<\/strong> faria a oferta pela <strong>UPI<\/strong> A, que re\u00fane:<\/p>\n<ul>\n<li>10 slots em Congonhas;<\/li>\n<li>10 em Guarulhos;<\/li>\n<li>e 6 em Santos Dumont.<\/li>\n<\/ul>\n<p>Por sua vez, a Latam faria proposta pela <strong>UPI<\/strong> B, que possui:<\/p>\n<ul>\n<li>13 slots em Guarulhos;<\/li>\n<li>8 em Congonhas;<\/li>\n<li>e 4 em Santos Dumont.<\/li>\n<\/ul>\n<p>O presidente-executivo da <strong>Latam,<\/strong> <a href=\"https:\/\/www.suno.com.br\/tudo-sobre\/jerome-cadier\/\">Jerome Cadier<\/a>, confirmou a inten\u00e7\u00e3o de comprar uma parte da <strong>Avianca<\/strong> por ao menos US$ 70 milh\u00f5es (R$ 268 milh\u00f5es).<\/p>\n\t<p>\n\t\t<a href=\"https:\/\/lp.suno.com.br\/asset\/fundos\/suno-fic-fia\/\" target=\"_blank\" data-element=\"shortcode-suno-banner\" title=\"Banner SUNO, clique e saiba mais\">\n\t\t\t<picture>\n\t\t\t\t<source media=\"(max-width: 500px)\" srcset=\"https:\/\/files.sunoresearch.com.br\/n\/uploads\/2023\/10\/SUNO-FIC-FIA-400x300-Mobile-Artigos-5-v2.png\">\n\t\t\t\t<img class=\"newsContent__article__imgCapa newsContent__article__imgCapa--banner\"\n\t\t\t\t\tsrc=\"https:\/\/files.sunoresearch.com.br\/n\/uploads\/2023\/10\/SUNO-FIC-FIA-1420x240-Banner-Artigos-1-_-Banner-Materias-4-v2-png.webp\"\n\t\t\t\t\tdata-promo-id=\"478743\"\t\t\t\t\t\t\t\t\t\twidth='2560' height='433'\t\t\t\t\talt=\"https:\/\/files.sunoresearch.com.br\/n\/uploads\/2023\/10\/SUNO-FIC-FIA-1420x240-Banner-Artigos-1-_-Banner-Materias-4-v2-png.webp\"\n\t\t\t\t>\n\t\t\t<\/picture>\n\t\t<\/a>\n\t<\/p>\n\n\n<h2>Plano proposto pela Gol, Latam e Elliott vence<\/h2>\n<p>Na Assembleia de credores da <strong>Avianca<\/strong>, ocorrida em 5 de mar\u00e7o, o plano de <strong>recupera\u00e7\u00e3o judicial<\/strong> foi aquele da <strong>Gol<\/strong>, em conjunto com a <strong>Latam <\/strong>e o Elliott.<\/p>\n\t<p>\n\t\t<a href=\"https:\/\/lp.suno.com.br\/cl\/webinario-suno-black-2024\/\" target=\"_blank\" data-element=\"shortcode-suno-banner\" title=\"Banner SUNO, clique e saiba mais\">\n\t\t\t<picture>\n\t\t\t\t<source media=\"(max-width: 500px)\" srcset=\"https:\/\/files.sunoresearch.com.br\/n\/uploads\/2024\/04\/400x300-Banner-Home-1.png\">\n\t\t\t\t<img class=\"newsContent__article__imgCapa newsContent__article__imgCapa--banner\"\n\t\t\t\t\tsrc=\"https:\/\/files.sunoresearch.com.br\/n\/uploads\/2024\/04\/400x300-Banner-Home-1.png\"\n\t\t\t\t\tdata-promo-id=\"102411\"\t\t\t\t\t\t\t\t\t\twidth='401' height='300'\t\t\t\t\talt=\"https:\/\/files.sunoresearch.com.br\/n\/uploads\/2024\/04\/400x300-Banner-Home-1.png\"\n\t\t\t\t>\n\t\t\t<\/picture>\n\t\t<\/a>\n\t<\/p>\n\n\n<p>Entre os presentes na assembleia, 80% concordaram com os termos de cria\u00e7\u00e3o de sete <strong>UPIs<\/strong>, a serem leiloadas e marcaram o leil\u00e3o para o dia 7 de maio.<\/p>\n<p><a href=\"https:\/\/www.suno.com.br\/noticias\/avianca-assembleia-de-credores-tem-debate-entre-azul-elliott-e-avianca\/\">Saiba mais &#8211; Avianca: assembleia de credores tem debate entre Azul e Elliott<\/a><\/p>\n<h2>Azul desiste de compra da Avianca<\/h2>\n<p>No dia 18 de abril a <strong>Azul<\/strong> anunciou que retirou a oferta feita para a compra de parte das opera\u00e7\u00f5es da\u00a0<strong>Avianca<\/strong>.<\/p>\n<p>A<strong> companhia a\u00e9rea<\/strong> acusou as rivais do setor, <strong>Gol<\/strong> e <strong>Latam,<\/strong> de agirem para evitar a concorr\u00eancia na ponte a\u00e9rea S\u00e3o Paulo-Rio de Janeiro.<\/p>\n<p>O presidente-executivo da <strong>Azul<\/strong>,\u00a0John Rodgerson, fez o an\u00fancio no Pal\u00e1cio dos Bandeirantes.\u00a0Para o presidente, a atua\u00e7\u00e3o das empresas teve car\u00e1ter protecionista.<\/p>\n<p>\u201cA nossa participa\u00e7\u00e3o no <strong>leil\u00e3o<\/strong> \u00e9 pouco prov\u00e1vel e a chance de sua realiza\u00e7\u00e3o fica cada vez menor com a retomada de aeronaves [por parte dos arrendadores dos jatos]&#8221;, disse Rodgerson comentando o caso da <strong>Avianca.<\/strong><\/p>\n<p>Entretanto, a <strong>Azul<\/strong> acabou se credenciando para participar do leil\u00e3o, no come\u00e7o de maio.<\/p>\n<h2>Leil\u00e3o suspenso<\/h2>\n<p>No dia 6 de maio o\u00a0<strong>leil\u00e3o<\/strong> da <strong>Avianca<\/strong> foi suspenso pelo <strong>Tribunal de\u00a0Justi\u00e7a de S\u00e3o Paulo (TJSP)<\/strong>.\u00a0O edital tinha sido publicado no dia 16 de abril no Di\u00e1rio Oficial de S\u00e3o Paulo.<\/p>\n<p><a href=\"https:\/\/www.suno.com.br\/noticias\/leilao-avianca-suspenso-justica\/\">Saiba mais: Leil\u00e3o da Avianca \u00e9 suspenso por decis\u00e3o judicial\u00a0<\/a><\/p>\n<p>O pedido para cancelar o <strong>leil\u00e3o<\/strong>\u00a0da <strong>Avianca<\/strong> foi apresentado pela credora\u00a0<strong>Swissport<\/strong>, que mira a anula\u00e7\u00e3o do plano de <strong>recupera\u00e7\u00e3o judicial<\/strong> aprovado pela assembleia de credores.\u00a0Al\u00e9m disso, a Swissport questiona a legalidade de leiloar <strong>slots.<\/strong> A Anac tamb\u00e9m se disse contr\u00e1ria a venda dos direitos de pousos e aterrissagem.<\/p>\n","protected":false},"excerpt":{"rendered":"<p>A Justi\u00e7a de S\u00e3o Paulo rejeitou o pedido de compra de todos os ativos da Avianca apresentado pela Azul. A companhia a\u00e9rea baseada em Campinas queria comprar todos os ativos da concorrentes reunidos em uma \u00fanica Unidade Produtiva Isolada (UPI). Avianca: Justi\u00e7a dos EUA aceita pedido de recupera\u00e7\u00e3o judicial O juiz Tiago Henriques Limongi, da [&hellip;]<\/p>\n","protected":false},"author":9,"featured_media":17594,"comment_status":"closed","ping_status":"closed","sticky":false,"template":"","format":"standard","meta":[],"categories":[64],"tags":[840,106932],"suno_strategy":[],"class_list":["post-26273","post","type-post","status-publish","format-standard","has-post-thumbnail","hentry","category-negocios","tag-avianca","tag-azul-azul4"],"yoast_head":"<!-- This site is optimized with the Yoast SEO plugin v24.4 - https:\/\/yoast.com\/wordpress\/plugins\/seo\/ -->\n<title>Justi\u00e7a rejeita pedido da Azul de compra de todos os ativos da Avianca<\/title>\n<meta name=\"description\" content=\"A Justi\u00e7a de S\u00e3o Paulo rejeitou o pedido de compra de todos os ativos da Avianca apresentado pela Azul. Clique aqui para saber mais.\" \/>\n<meta name=\"robots\" content=\"index, follow, max-snippet:-1, max-image-preview:large, max-video-preview:-1\" \/>\n<link rel=\"canonical\" href=\"https:\/\/www.suno.com.br\/noticias\/justica-rejeita-pedido-azul-avianca\/\" \/>\n<meta property=\"og:locale\" content=\"pt_BR\" \/>\n<meta property=\"og:type\" content=\"article\" \/>\n<meta property=\"og:title\" content=\"Justi\u00e7a rejeita pedido da Azul de compra de todos os ativos da Avianca\" \/>\n<meta property=\"og:description\" content=\"A Justi\u00e7a de S\u00e3o Paulo rejeitou o pedido de compra de todos os ativos da Avianca apresentado pela Azul. Clique aqui para saber mais.\" \/>\n<meta property=\"og:url\" content=\"https:\/\/www.suno.com.br\/noticias\/justica-rejeita-pedido-azul-avianca\/\" \/>\n<meta property=\"og:site_name\" content=\"Suno Not\u00edcias\" \/>\n<meta property=\"article:publisher\" content=\"https:\/\/facebook.com\/sunoresearch\" \/>\n<meta property=\"og:image\" content=\"https:\/\/files.sunoresearch.com.br\/n\/uploads\/2019\/03\/dea0f632-avianca-brasil.jpg\" \/>\n\t<meta property=\"og:image:width\" content=\"970\" \/>\n\t<meta property=\"og:image:height\" content=\"400\" \/>\n\t<meta property=\"og:image:type\" content=\"image\/jpeg\" \/>\n<meta name=\"author\" content=\"Carlo Cauti\" \/>\n<meta name=\"twitter:card\" content=\"summary_large_image\" \/>\n<meta name=\"twitter:creator\" content=\"@sunoresearch\" \/>\n<meta name=\"twitter:site\" content=\"@sunoresearch\" \/>\n<meta name=\"twitter:label1\" content=\"Escrito por\" \/>\n\t<meta name=\"twitter:data1\" content=\"Carlo Cauti\" \/>\n\t<meta name=\"twitter:label2\" content=\"Est. tempo de leitura\" \/>\n\t<meta name=\"twitter:data2\" content=\"8 minutos\" \/>\n<script type=\"application\/ld+json\" class=\"yoast-schema-graph\">{\"@context\":\"https:\/\/schema.org\",\"@graph\":[{\"@type\":\"NewsArticle\",\"@id\":\"https:\/\/www.suno.com.br\/noticias\/justica-rejeita-pedido-azul-avianca\/#article\",\"isPartOf\":{\"@id\":\"https:\/\/www.suno.com.br\/noticias\/justica-rejeita-pedido-azul-avianca\/\"},\"author\":{\"name\":\"Carlo Cauti\",\"@id\":\"https:\/\/www.suno.com.br\/noticias\/#\/schema\/person\/e6e0f723cc177805027f4566c1d5e0c8\"},\"headline\":\"Justi\u00e7a rejeita pedido da Azul de compra de todos os ativos da Avianca\",\"datePublished\":\"2019-05-28T19:57:29+00:00\",\"dateModified\":\"2019-05-28T19:57:30+00:00\",\"mainEntityOfPage\":{\"@id\":\"https:\/\/www.suno.com.br\/noticias\/justica-rejeita-pedido-azul-avianca\/\"},\"wordCount\":1528,\"publisher\":{\"@id\":\"https:\/\/www.suno.com.br\/noticias\/#organization\"},\"image\":{\"@id\":\"https:\/\/www.suno.com.br\/noticias\/justica-rejeita-pedido-azul-avianca\/#primaryimage\"},\"thumbnailUrl\":\"https:\/\/files.sunoresearch.com.br\/n\/uploads\/2019\/03\/dea0f632-avianca-brasil-jpg.webp\",\"keywords\":[\"Avianca\",\"Azul (AZUL4)\"],\"articleSection\":[\"Neg\u00f3cios\"],\"inLanguage\":\"pt-BR\"},{\"@type\":\"WebPage\",\"@id\":\"https:\/\/www.suno.com.br\/noticias\/justica-rejeita-pedido-azul-avianca\/\",\"url\":\"https:\/\/www.suno.com.br\/noticias\/justica-rejeita-pedido-azul-avianca\/\",\"name\":\"Justi\u00e7a rejeita pedido da Azul de compra de todos os ativos da Avianca\",\"isPartOf\":{\"@id\":\"https:\/\/www.suno.com.br\/noticias\/#website\"},\"primaryImageOfPage\":{\"@id\":\"https:\/\/www.suno.com.br\/noticias\/justica-rejeita-pedido-azul-avianca\/#primaryimage\"},\"image\":{\"@id\":\"https:\/\/www.suno.com.br\/noticias\/justica-rejeita-pedido-azul-avianca\/#primaryimage\"},\"thumbnailUrl\":\"https:\/\/files.sunoresearch.com.br\/n\/uploads\/2019\/03\/dea0f632-avianca-brasil-jpg.webp\",\"datePublished\":\"2019-05-28T19:57:29+00:00\",\"dateModified\":\"2019-05-28T19:57:30+00:00\",\"description\":\"A Justi\u00e7a de S\u00e3o Paulo rejeitou o pedido de compra de todos os ativos da Avianca apresentado pela Azul. Clique aqui para saber mais.\",\"breadcrumb\":{\"@id\":\"https:\/\/www.suno.com.br\/noticias\/justica-rejeita-pedido-azul-avianca\/#breadcrumb\"},\"inLanguage\":\"pt-BR\",\"potentialAction\":[{\"@type\":\"ReadAction\",\"target\":[\"https:\/\/www.suno.com.br\/noticias\/justica-rejeita-pedido-azul-avianca\/\"]}]},{\"@type\":\"ImageObject\",\"inLanguage\":\"pt-BR\",\"@id\":\"https:\/\/www.suno.com.br\/noticias\/justica-rejeita-pedido-azul-avianca\/#primaryimage\",\"url\":\"https:\/\/files.sunoresearch.com.br\/n\/uploads\/2019\/03\/dea0f632-avianca-brasil-jpg.webp\",\"contentUrl\":\"https:\/\/files.sunoresearch.com.br\/n\/uploads\/2019\/03\/dea0f632-avianca-brasil-jpg.webp\",\"width\":970,\"height\":400,\"caption\":\"Avianca: Justi\u00e7a dos EUA aceita pedido de recupera\u00e7\u00e3o judicial\"},{\"@type\":\"BreadcrumbList\",\"@id\":\"https:\/\/www.suno.com.br\/noticias\/justica-rejeita-pedido-azul-avianca\/#breadcrumb\",\"itemListElement\":[{\"@type\":\"ListItem\",\"position\":1,\"name\":\"Not\u00edcias\",\"item\":\"https:\/\/www.suno.com.br\/noticias\/\"},{\"@type\":\"ListItem\",\"position\":2,\"name\":\"Neg\u00f3cios\",\"item\":\"https:\/\/www.suno.com.br\/noticias\/negocios\/\"},{\"@type\":\"ListItem\",\"position\":3,\"name\":\"Justi\u00e7a rejeita pedido da Azul de compra de todos os ativos da Avianca\"}]},{\"@type\":\"WebSite\",\"@id\":\"https:\/\/www.suno.com.br\/noticias\/#website\",\"url\":\"https:\/\/www.suno.com.br\/noticias\/\",\"name\":\"Suno Not\u00edcias\",\"description\":\"Seu portal de informa\u00e7\u00e3o sobre o mundo dos investimentos\",\"publisher\":{\"@id\":\"https:\/\/www.suno.com.br\/noticias\/#organization\"},\"potentialAction\":[{\"@type\":\"SearchAction\",\"target\":{\"@type\":\"EntryPoint\",\"urlTemplate\":\"https:\/\/www.suno.com.br\/noticias\/?s={search_term_string}\"},\"query-input\":{\"@type\":\"PropertyValueSpecification\",\"valueRequired\":true,\"valueName\":\"search_term_string\"}}],\"inLanguage\":\"pt-BR\"},{\"@type\":\"Organization\",\"@id\":\"https:\/\/www.suno.com.br\/noticias\/#organization\",\"name\":\"Suno Not\u00edcias\",\"url\":\"https:\/\/www.suno.com.br\/noticias\/\",\"logo\":{\"@type\":\"ImageObject\",\"inLanguage\":\"pt-BR\",\"@id\":\"https:\/\/www.suno.com.br\/noticias\/#\/schema\/logo\/image\/\",\"url\":\"https:\/\/files.sunoresearch.com.br\/n\/uploads\/2021\/09\/suno-logo.png\",\"contentUrl\":\"https:\/\/files.sunoresearch.com.br\/n\/uploads\/2021\/09\/suno-logo.png\",\"width\":180,\"height\":180,\"caption\":\"Suno Not\u00edcias\"},\"image\":{\"@id\":\"https:\/\/www.suno.com.br\/noticias\/#\/schema\/logo\/image\/\"},\"sameAs\":[\"https:\/\/facebook.com\/sunoresearch\",\"https:\/\/x.com\/sunoresearch\",\"https:\/\/www.instagram.com\/suno\",\"https:\/\/www.linkedin.com\/company\/suno-research\/\",\"https:\/\/www.youtube.com\/c\/sunoresearch\"]},{\"@type\":\"Person\",\"@id\":\"https:\/\/www.suno.com.br\/noticias\/#\/schema\/person\/e6e0f723cc177805027f4566c1d5e0c8\",\"name\":\"Carlo Cauti\",\"image\":{\"@type\":\"ImageObject\",\"inLanguage\":\"pt-BR\",\"@id\":\"https:\/\/www.suno.com.br\/noticias\/#\/schema\/person\/image\/\",\"url\":\"https:\/\/secure.gravatar.com\/avatar\/3ada9e0bd164c23abd4792a9606d583c?s=96&r=g\",\"contentUrl\":\"https:\/\/secure.gravatar.com\/avatar\/3ada9e0bd164c23abd4792a9606d583c?s=96&r=g\",\"caption\":\"Carlo Cauti\"},\"description\":\"Editor multim\u00eddia do SUNO Not\u00edcias. Italiano, formado em Ci\u00eancias Pol\u00edticas pela universidade LUISS G. Carli de Roma e mestre cum laude em Rela\u00e7\u00f5es Internacionais, Jornalismo Internacional e de Guerra e em Economia Internacional. Concluiu tamb\u00e9m um MBA em Finan\u00e7as na B3. No Brasil, teve passagem por ve\u00edculos como Estad\u00e3o, Globo, Veja e EXAME. e nas ag\u00eancias de not\u00edcias italianas ANSA e NOVA.\",\"url\":\"https:\/\/www.suno.com.br\/noticias\/author\/carlo-cauti\/\"}]}<\/script>\n<!-- \/ Yoast SEO plugin. -->","yoast_head_json":{"title":"Justi\u00e7a rejeita pedido da Azul de compra de todos os ativos da Avianca","description":"A Justi\u00e7a de S\u00e3o Paulo rejeitou o pedido de compra de todos os ativos da Avianca apresentado pela Azul. Clique aqui para saber mais.","robots":{"index":"index","follow":"follow","max-snippet":"max-snippet:-1","max-image-preview":"max-image-preview:large","max-video-preview":"max-video-preview:-1"},"canonical":"https:\/\/www.suno.com.br\/noticias\/justica-rejeita-pedido-azul-avianca\/","og_locale":"pt_BR","og_type":"article","og_title":"Justi\u00e7a rejeita pedido da Azul de compra de todos os ativos da Avianca","og_description":"A Justi\u00e7a de S\u00e3o Paulo rejeitou o pedido de compra de todos os ativos da Avianca apresentado pela Azul. Clique aqui para saber mais.","og_url":"https:\/\/www.suno.com.br\/noticias\/justica-rejeita-pedido-azul-avianca\/","og_site_name":"Suno Not\u00edcias","article_publisher":"https:\/\/facebook.com\/sunoresearch","og_image":[{"width":970,"height":400,"url":"https:\/\/files.sunoresearch.com.br\/n\/uploads\/2019\/03\/dea0f632-avianca-brasil.jpg","type":"image\/jpeg"}],"author":"Carlo Cauti","twitter_card":"summary_large_image","twitter_creator":"@sunoresearch","twitter_site":"@sunoresearch","twitter_misc":{"Escrito por":"Carlo Cauti","Est. tempo de leitura":"8 minutos"},"schema":{"@context":"https:\/\/schema.org","@graph":[{"@type":"NewsArticle","@id":"https:\/\/www.suno.com.br\/noticias\/justica-rejeita-pedido-azul-avianca\/#article","isPartOf":{"@id":"https:\/\/www.suno.com.br\/noticias\/justica-rejeita-pedido-azul-avianca\/"},"author":{"name":"Carlo Cauti","@id":"https:\/\/www.suno.com.br\/noticias\/#\/schema\/person\/e6e0f723cc177805027f4566c1d5e0c8"},"headline":"Justi\u00e7a rejeita pedido da Azul de compra de todos os ativos da Avianca","datePublished":"2019-05-28T19:57:29+00:00","dateModified":"2019-05-28T19:57:30+00:00","mainEntityOfPage":{"@id":"https:\/\/www.suno.com.br\/noticias\/justica-rejeita-pedido-azul-avianca\/"},"wordCount":1528,"publisher":{"@id":"https:\/\/www.suno.com.br\/noticias\/#organization"},"image":{"@id":"https:\/\/www.suno.com.br\/noticias\/justica-rejeita-pedido-azul-avianca\/#primaryimage"},"thumbnailUrl":"https:\/\/files.sunoresearch.com.br\/n\/uploads\/2019\/03\/dea0f632-avianca-brasil-jpg.webp","keywords":["Avianca","Azul (AZUL4)"],"articleSection":["Neg\u00f3cios"],"inLanguage":"pt-BR"},{"@type":"WebPage","@id":"https:\/\/www.suno.com.br\/noticias\/justica-rejeita-pedido-azul-avianca\/","url":"https:\/\/www.suno.com.br\/noticias\/justica-rejeita-pedido-azul-avianca\/","name":"Justi\u00e7a rejeita pedido da Azul de compra de todos os ativos da Avianca","isPartOf":{"@id":"https:\/\/www.suno.com.br\/noticias\/#website"},"primaryImageOfPage":{"@id":"https:\/\/www.suno.com.br\/noticias\/justica-rejeita-pedido-azul-avianca\/#primaryimage"},"image":{"@id":"https:\/\/www.suno.com.br\/noticias\/justica-rejeita-pedido-azul-avianca\/#primaryimage"},"thumbnailUrl":"https:\/\/files.sunoresearch.com.br\/n\/uploads\/2019\/03\/dea0f632-avianca-brasil-jpg.webp","datePublished":"2019-05-28T19:57:29+00:00","dateModified":"2019-05-28T19:57:30+00:00","description":"A Justi\u00e7a de S\u00e3o Paulo rejeitou o pedido de compra de todos os ativos da Avianca apresentado pela Azul. Clique aqui para saber mais.","breadcrumb":{"@id":"https:\/\/www.suno.com.br\/noticias\/justica-rejeita-pedido-azul-avianca\/#breadcrumb"},"inLanguage":"pt-BR","potentialAction":[{"@type":"ReadAction","target":["https:\/\/www.suno.com.br\/noticias\/justica-rejeita-pedido-azul-avianca\/"]}]},{"@type":"ImageObject","inLanguage":"pt-BR","@id":"https:\/\/www.suno.com.br\/noticias\/justica-rejeita-pedido-azul-avianca\/#primaryimage","url":"https:\/\/files.sunoresearch.com.br\/n\/uploads\/2019\/03\/dea0f632-avianca-brasil-jpg.webp","contentUrl":"https:\/\/files.sunoresearch.com.br\/n\/uploads\/2019\/03\/dea0f632-avianca-brasil-jpg.webp","width":970,"height":400,"caption":"Avianca: Justi\u00e7a dos EUA aceita pedido de recupera\u00e7\u00e3o judicial"},{"@type":"BreadcrumbList","@id":"https:\/\/www.suno.com.br\/noticias\/justica-rejeita-pedido-azul-avianca\/#breadcrumb","itemListElement":[{"@type":"ListItem","position":1,"name":"Not\u00edcias","item":"https:\/\/www.suno.com.br\/noticias\/"},{"@type":"ListItem","position":2,"name":"Neg\u00f3cios","item":"https:\/\/www.suno.com.br\/noticias\/negocios\/"},{"@type":"ListItem","position":3,"name":"Justi\u00e7a rejeita pedido da Azul de compra de todos os ativos da Avianca"}]},{"@type":"WebSite","@id":"https:\/\/www.suno.com.br\/noticias\/#website","url":"https:\/\/www.suno.com.br\/noticias\/","name":"Suno Not\u00edcias","description":"Seu portal de informa\u00e7\u00e3o sobre o mundo dos investimentos","publisher":{"@id":"https:\/\/www.suno.com.br\/noticias\/#organization"},"potentialAction":[{"@type":"SearchAction","target":{"@type":"EntryPoint","urlTemplate":"https:\/\/www.suno.com.br\/noticias\/?s={search_term_string}"},"query-input":{"@type":"PropertyValueSpecification","valueRequired":true,"valueName":"search_term_string"}}],"inLanguage":"pt-BR"},{"@type":"Organization","@id":"https:\/\/www.suno.com.br\/noticias\/#organization","name":"Suno Not\u00edcias","url":"https:\/\/www.suno.com.br\/noticias\/","logo":{"@type":"ImageObject","inLanguage":"pt-BR","@id":"https:\/\/www.suno.com.br\/noticias\/#\/schema\/logo\/image\/","url":"https:\/\/files.sunoresearch.com.br\/n\/uploads\/2021\/09\/suno-logo.png","contentUrl":"https:\/\/files.sunoresearch.com.br\/n\/uploads\/2021\/09\/suno-logo.png","width":180,"height":180,"caption":"Suno Not\u00edcias"},"image":{"@id":"https:\/\/www.suno.com.br\/noticias\/#\/schema\/logo\/image\/"},"sameAs":["https:\/\/facebook.com\/sunoresearch","https:\/\/x.com\/sunoresearch","https:\/\/www.instagram.com\/suno","https:\/\/www.linkedin.com\/company\/suno-research\/","https:\/\/www.youtube.com\/c\/sunoresearch"]},{"@type":"Person","@id":"https:\/\/www.suno.com.br\/noticias\/#\/schema\/person\/e6e0f723cc177805027f4566c1d5e0c8","name":"Carlo Cauti","image":{"@type":"ImageObject","inLanguage":"pt-BR","@id":"https:\/\/www.suno.com.br\/noticias\/#\/schema\/person\/image\/","url":"https:\/\/secure.gravatar.com\/avatar\/3ada9e0bd164c23abd4792a9606d583c?s=96&r=g","contentUrl":"https:\/\/secure.gravatar.com\/avatar\/3ada9e0bd164c23abd4792a9606d583c?s=96&r=g","caption":"Carlo Cauti"},"description":"Editor multim\u00eddia do SUNO Not\u00edcias. Italiano, formado em Ci\u00eancias Pol\u00edticas pela universidade LUISS G. Carli de Roma e mestre cum laude em Rela\u00e7\u00f5es Internacionais, Jornalismo Internacional e de Guerra e em Economia Internacional. Concluiu tamb\u00e9m um MBA em Finan\u00e7as na B3. No Brasil, teve passagem por ve\u00edculos como Estad\u00e3o, Globo, Veja e EXAME. e nas ag\u00eancias de not\u00edcias italianas ANSA e NOVA.","url":"https:\/\/www.suno.com.br\/noticias\/author\/carlo-cauti\/"}]}},"default_loop_html":"<div class=\"cardsPage__listCard__boxs\"><div class=\"cardsPage__listCard__boxs__img\"><a href=\"https:\/\/www.suno.com.br\/noticias\/justica-rejeita-pedido-azul-avianca\/\"><img class=\"mask\" src=\"https:\/\/www.suno.com.br\/noticias\/wp-content\/themes\/suno\/resources\/images\/spotlight\/spotlight1img\/bg-mask.png\" alt=\"Image Mask\"\/><img src=\"https:\/\/files.sunoresearch.com.br\/n\/uploads\/2019\/03\/dea0f632-avianca-brasil-400x200.webp\" alt=\"Justi\u00e7a rejeita pedido da Azul de compra de todos os ativos da Avianca\"\/><\/a><span class=\"spotlightCategory\"><a href=\"https:\/\/www.suno.com.br\/noticias\/negocios\/\">Neg\u00f3cios<\/a><\/span><\/div><div class=\"cardsPage__listCard__boxs__content\"><a href=\"https:\/\/www.suno.com.br\/noticias\/justica-rejeita-pedido-azul-avianca\/\"><h2 class=\"content__title\">Justi\u00e7a rejeita pedido da Azul de compra de todos os ativos da Avianca<\/h2><\/a><div class=\"newsContent__article__meta\"><div class=\"newsContent__article__meta__authorBox\"><a href=\"https:\/\/www.suno.com.br\/noticias\/author\/carlo-cauti\/\" class=\"authorBox__avatar noMobi\"><img src=\"https:\/\/files.sunoresearch.com.br\/n\/uploads\/2020\/08\/e3745f9a-perfil-carlo-cauti-150x150.webp\" alt=\"Carlo Cauti\"><\/a><div class=\"authorBox__name\"><span>por\n\t\t\t<a href=\"https:\/\/www.suno.com.br\/noticias\/author\/carlo-cauti\/\"><span itemprop=\"author\">Carlo Cauti<\/span><\/a><\/span><time datetime=\"2019-05-28T16:57:29-03:00\" itemprop=\"datePublished\">28\/05\/2019 16:57<\/time><\/div><\/div><\/div><\/div><\/div>","single_layout":"posts","amp_enabled":true,"_links":{"self":[{"href":"https:\/\/www.suno.com.br\/noticias\/wp-json\/wp\/v2\/posts\/26273"}],"collection":[{"href":"https:\/\/www.suno.com.br\/noticias\/wp-json\/wp\/v2\/posts"}],"about":[{"href":"https:\/\/www.suno.com.br\/noticias\/wp-json\/wp\/v2\/types\/post"}],"author":[{"embeddable":true,"href":"https:\/\/www.suno.com.br\/noticias\/wp-json\/wp\/v2\/users\/9"}],"replies":[{"embeddable":true,"href":"https:\/\/www.suno.com.br\/noticias\/wp-json\/wp\/v2\/comments?post=26273"}],"version-history":[{"count":0,"href":"https:\/\/www.suno.com.br\/noticias\/wp-json\/wp\/v2\/posts\/26273\/revisions"}],"wp:featuredmedia":[{"embeddable":true,"href":"https:\/\/www.suno.com.br\/noticias\/wp-json\/wp\/v2\/media\/17594"}],"wp:attachment":[{"href":"https:\/\/www.suno.com.br\/noticias\/wp-json\/wp\/v2\/media?parent=26273"}],"wp:term":[{"taxonomy":"category","embeddable":true,"href":"https:\/\/www.suno.com.br\/noticias\/wp-json\/wp\/v2\/categories?post=26273"},{"taxonomy":"post_tag","embeddable":true,"href":"https:\/\/www.suno.com.br\/noticias\/wp-json\/wp\/v2\/tags?post=26273"},{"taxonomy":"suno_strategy","embeddable":true,"href":"https:\/\/www.suno.com.br\/noticias\/wp-json\/wp\/v2\/suno_strategy?post=26273"}],"curies":[{"name":"wp","href":"https:\/\/api.w.org\/{rel}","templated":true}]}}