{"id":26272,"date":"2019-05-28T17:25:14","date_gmt":"2019-05-28T20:25:14","guid":{"rendered":"https:\/\/www.suno.com.br\/noticias\/?p=26272"},"modified":"2019-05-28T17:25:14","modified_gmt":"2019-05-28T20:25:14","slug":"eletrobras-governo-capitalizar-estatal-modelo","status":"publish","type":"post","link":"https:\/\/www.suno.com.br\/noticias\/eletrobras-governo-capitalizar-estatal-modelo\/","title":{"rendered":"Eletrobras: governo deseja capitalizar estatal, mas n\u00e3o definiu modelo, diz ministro"},"content":{"rendered":"<p>O governo deve apresentar at\u00e9 o final de junho uma proposta para a capitaliza\u00e7\u00e3o da Eletrobras. Por\u00e9m, o modelo para o procedimento n\u00e3o est\u00e1 acertado e dever\u00e1 ser debatido internamente antes do envio do projeto de lei para o Congresso, afirmou o ministro de Minas e Energia, Bento Albuquerque.<\/p>\t<div class=\"wrapper-featured-image\">\n\t\t<figure class=\"spotlightImg\">\n\n\t\t\t<picture>\n\t\t\t\t<source media=\"(max-width: 768px)\" srcset=\"https:\/\/files.sunoresearch.com.br\/n\/uploads\/2018\/11\/376041e7-eletrobras-400x200.webp\">\n\t\t\t\t<img loading=\"lazy\" decoding=\"async\" class=\"newsContent__article__imgCapa lazyloadDisabled newsContent__article__imgCapa--noCaption\" src=\"https:\/\/files.sunoresearch.com.br\/n\/uploads\/2018\/11\/376041e7-eletrobras-800x450.webp\" width=\"800\" height=\"450\" alt=\"Eletrobras: governo deseja capitalizar estatal, mas n\u00e3o definiu modelo, diz ministro\" fetchpriority=high \/>\n\t\t\t<\/picture>\n\n\t\t\t<figcaption class=\"wp-caption-text wp-caption-text--hide\">Coronav\u00edrus: setor el\u00e9trico pode sofrer impacto de at\u00e9 R$ 25 bi<\/figcaption>\n\t\t<\/figure>\n\t<\/div>\n\n\n<p>&#8220;Primeiro vamos apresentar, no in\u00edcio de junho, dentro do <strong>governo<\/strong>. Estamos trabalhando com o <strong>Minist\u00e9rio da Economia<\/strong>, com a <strong>Advocacia-Geral da Uni\u00e3o<\/strong> [AGU], com a pr\u00f3pria <strong>Eletrobras<\/strong>, com todos atores envolvidos dentro do <strong>governo<\/strong> [&#8230;] depois vamos apresentar para o <strong>Congresso<\/strong>&#8220;, disse, ap\u00f3s participar de evento do setor de energia em S\u00e3o Paulo.<\/p>\n\t<p>\n\t\t<a href=\"https:\/\/lp.statusinvest.com.br\/ao\/assessoria-status-invest\/\" target=\"_blank\" data-element=\"shortcode-suno-banner\" title=\"Banner SUNO, clique e saiba mais\">\n\t\t\t<picture>\n\t\t\t\t<source media=\"(max-width: 500px)\" srcset=\"https:\/\/files.sunoresearch.com.br\/n\/uploads\/2024\/03\/400x300-Mobile.png\">\n\t\t\t\t<img class=\"newsContent__article__imgCapa newsContent__article__imgCapa--banner\"\n\t\t\t\t\tsrc=\"https:\/\/files.sunoresearch.com.br\/n\/uploads\/2024\/03\/1420x240-Desktop.png\"\n\t\t\t\t\tdata-promo-id=\"537248\"\t\t\t\t\t\t\t\t\t\twidth='1400' height='240'\t\t\t\t\talt=\"https:\/\/files.sunoresearch.com.br\/n\/uploads\/2024\/03\/1420x240-Desktop.png\"\n\t\t\t\t>\n\t\t\t<\/picture>\n\t\t<\/a>\n\t<\/p>\n\n\n<p>Os planos de capitaliza\u00e7\u00e3o da <strong>Eletrobras<\/strong> foram anunciados ainda durante o governo no ex-presidente <strong>Michel Temer<\/strong>. A proposta era de desestatizar a companhia. Al\u00e9m disso, previa a realiza\u00e7\u00e3o de uma <strong>oferta de novas a\u00e7\u00f5es<\/strong> que reduziria a presen\u00e7a do <strong>governo<\/strong> na empresa.<\/p>\n<p><a href=\"https:\/\/www.suno.com.br\/noticias\/eletrobras-privatizacao-governo-rever\/\">Saiba mais:\u00a0Privatiza\u00e7\u00e3o da Eletrobras \u00e9 revista pelo governo, que quer ganhar mais<\/a><\/p>\n<p>Por\u00e9m, a gest\u00e3o do presidente <strong>Jair Bolsonaro<\/strong> tem estudado poss\u00edveis mudan\u00e7as na proposta, que n\u00e3o foram divulgadas.\u00a0&#8220;A ideia inicial e a ideia presente \u00e9 a capitaliza\u00e7\u00e3o da empresa. O modelo \u00e9 que a gente ainda n\u00e3o sabe&#8221;, disse <strong>Albuquerque<\/strong>. Ele afirmou que o projeto da proposta para a <strong>Eletrobras<\/strong> dever\u00e1 ser enviado ao <strong>Congresso<\/strong> em junho\u00a0&#8220;se der tempo&#8221;, ressaltou.<\/p>\n\t<p>\n\t\t<a href=\"https:\/\/lp.suno.com.br\/ao\/servico-especializado-suno-tf\/?utm_source=adwords&#038;utm_medium=search&#038;utm_campaign=search.servico.funilconsultoria&#038;utm_content=1147_responsivo-a&#038;hsa_acc=2326072784&#038;hsa_cam=18022897917&#038;hsa_grp=141470255993&#038;hsa_ad=616145467912&#038;hsa_src=g&#038;hsa_tgt=kwd-303658942458&#038;hsa_kw=gestora+de+investimentos&#038;hsa_mt=b&#038;hsa_net=adwords&#038;hsa_ver=3&#038;gad_source=1&#038;gclid=CjwKCAjw1emzBhB8EiwAHwZZxQMvA3xJVRzLGZ70LmuSzR55X-KvxijSay8c5Hm88Sznnq97j8XbORoC-sMQAvD_BwE\" target=\"_blank\" data-element=\"shortcode-suno-banner\" title=\"Banner SUNO, clique e saiba mais\">\n\t\t\t<picture>\n\t\t\t\t<source media=\"(max-width: 500px)\" srcset=\"https:\/\/files.sunoresearch.com.br\/n\/uploads\/2024\/06\/400x300-Mobile-Artigos-4-1.png\">\n\t\t\t\t<img class=\"newsContent__article__imgCapa newsContent__article__imgCapa--banner\"\n\t\t\t\t\tsrc=\"https:\/\/files.sunoresearch.com.br\/n\/uploads\/2024\/06\/1420x240-Banner-Artigos-1-_-Banner-Materias-2-1.png\"\n\t\t\t\t\tdata-promo-id=\"563609\"\t\t\t\t\t\t\t\t\t\twidth='1420' height='240'\t\t\t\t\talt=\"https:\/\/files.sunoresearch.com.br\/n\/uploads\/2024\/06\/1420x240-Banner-Artigos-1-_-Banner-Materias-2-1.png\"\n\t\t\t\t>\n\t\t\t<\/picture>\n\t\t<\/a>\n\t<\/p>\n\n\n<p>O ministro afirmou que a opera\u00e7\u00e3o pode ser comparada \u00e0 <strong>Embraer<\/strong>, que foi privatizada no fim de 1994. \u00c0 \u00e9poca, o leil\u00e3o na <strong>Bolsa de S\u00e3o Paulo<\/strong> envolveu 55% das a\u00e7\u00f5es ordin\u00e1rias da companhia, com direito a voto.<\/p>\n<h2>Venda de ativos<\/h2>\n<p>No \u00faltimo dia 14, o presidente da <strong>Eletrobras<\/strong>,\u00a0Wilson Ferreira Jr, afirmou que a estatal est\u00e1 planejando vender ativos de maneira semelhante a utilizada pela <strong>Petrobras<\/strong>.\u00a0De acordo com o executivo, a <strong>venda de ativos<\/strong> inclui a participa\u00e7\u00e3o da estatal em 45 <strong>Sociedades de Prop\u00f3sito Espec\u00edfico (SPEs)<\/strong>.<\/p>\n<p><a href=\"https:\/\/www.suno.com.br\/noticias\/eletrobras-lucro-liquido-balanco\/\">Saiba mais:\u00a0Eletrobras tem alta de 178% no lucro l\u00edquido no 1T19<\/a><\/p>\n<p>&#8220;A ideia \u00e9 que consigamos vender essas 45 <strong>SPEs<\/strong> que permanecem no segundo semestre deste ano, utilizando em grande medida preceitos e recomenda\u00e7\u00f5es do decreto 9.188 (de 2017), utilizado pela <strong>Petrobras<\/strong> para suas vendas de participa\u00e7\u00f5es&#8221;, disse o presidente da <strong>Eletrobras<\/strong>.<\/p>\n","protected":false},"excerpt":{"rendered":"<p>O governo deve apresentar at\u00e9 o final de junho uma proposta para a capitaliza\u00e7\u00e3o da Eletrobras. Por\u00e9m, o modelo para o procedimento n\u00e3o est\u00e1 acertado e dever\u00e1 ser debatido internamente antes do envio do projeto de lei para o Congresso, afirmou o ministro de Minas e Energia, Bento Albuquerque. Coronav\u00edrus: setor el\u00e9trico pode sofrer impacto [&hellip;]<\/p>\n","protected":false},"author":14,"featured_media":6799,"comment_status":"closed","ping_status":"closed","sticky":false,"template":"","format":"standard","meta":[],"categories":[64],"tags":[901,455,719],"suno_strategy":[],"class_list":["post-26272","post","type-post","status-publish","format-standard","has-post-thumbnail","hentry","category-negocios","tag-congresso-nacional","tag-eletrobras-elet3-elet5-elet6","tag-jair-bolsonaro"],"yoast_head":"<!-- This site is optimized with the Yoast SEO plugin v24.4 - https:\/\/yoast.com\/wordpress\/plugins\/seo\/ -->\n<title>Eletrobras: governo deseja capitalizar estatal, mas n\u00e3o definiu modelo<\/title>\n<meta name=\"description\" content=\"Os planos de capitaliza\u00e7\u00e3o da Eletrobras foram anunciados ainda durante o governo no ex-presidente Michel Temer. Clique para saber mais.\" \/>\n<meta name=\"robots\" content=\"index, follow, max-snippet:-1, max-image-preview:large, max-video-preview:-1\" \/>\n<link rel=\"canonical\" href=\"https:\/\/www.suno.com.br\/noticias\/eletrobras-governo-capitalizar-estatal-modelo\/\" \/>\n<meta property=\"og:locale\" content=\"pt_BR\" \/>\n<meta property=\"og:type\" content=\"article\" \/>\n<meta property=\"og:title\" content=\"Eletrobras: governo deseja capitalizar estatal, mas n\u00e3o definiu modelo\" \/>\n<meta property=\"og:description\" content=\"Os planos de capitaliza\u00e7\u00e3o da Eletrobras foram anunciados ainda durante o governo no ex-presidente Michel Temer. Clique para saber mais.\" \/>\n<meta property=\"og:url\" content=\"https:\/\/www.suno.com.br\/noticias\/eletrobras-governo-capitalizar-estatal-modelo\/\" \/>\n<meta property=\"og:site_name\" content=\"Suno Not\u00edcias\" \/>\n<meta property=\"article:publisher\" content=\"https:\/\/facebook.com\/sunoresearch\" \/>\n<meta property=\"og:image\" content=\"https:\/\/files.sunoresearch.com.br\/n\/uploads\/2018\/11\/376041e7-eletrobras.jpg\" \/>\n\t<meta property=\"og:image:width\" content=\"1140\" \/>\n\t<meta property=\"og:image:height\" content=\"760\" \/>\n\t<meta property=\"og:image:type\" content=\"image\/jpeg\" \/>\n<meta name=\"author\" content=\"Renan Dantas\" \/>\n<meta name=\"twitter:card\" content=\"summary_large_image\" \/>\n<meta name=\"twitter:creator\" content=\"@sunoresearch\" \/>\n<meta name=\"twitter:site\" content=\"@sunoresearch\" \/>\n<meta name=\"twitter:label1\" content=\"Escrito por\" \/>\n\t<meta name=\"twitter:data1\" content=\"Renan Dantas\" \/>\n\t<meta name=\"twitter:label2\" content=\"Est. tempo de leitura\" \/>\n\t<meta name=\"twitter:data2\" content=\"2 minutos\" \/>\n<script type=\"application\/ld+json\" class=\"yoast-schema-graph\">{\"@context\":\"https:\/\/schema.org\",\"@graph\":[{\"@type\":\"NewsArticle\",\"@id\":\"https:\/\/www.suno.com.br\/noticias\/eletrobras-governo-capitalizar-estatal-modelo\/#article\",\"isPartOf\":{\"@id\":\"https:\/\/www.suno.com.br\/noticias\/eletrobras-governo-capitalizar-estatal-modelo\/\"},\"author\":{\"name\":\"Renan Dantas\",\"@id\":\"https:\/\/www.suno.com.br\/noticias\/#\/schema\/person\/3f7693d5795a3f6d5ce15309ee785699\"},\"headline\":\"Eletrobras: governo deseja capitalizar estatal, mas n\u00e3o definiu modelo, diz ministro\",\"datePublished\":\"2019-05-28T20:25:14+00:00\",\"mainEntityOfPage\":{\"@id\":\"https:\/\/www.suno.com.br\/noticias\/eletrobras-governo-capitalizar-estatal-modelo\/\"},\"wordCount\":395,\"publisher\":{\"@id\":\"https:\/\/www.suno.com.br\/noticias\/#organization\"},\"image\":{\"@id\":\"https:\/\/www.suno.com.br\/noticias\/eletrobras-governo-capitalizar-estatal-modelo\/#primaryimage\"},\"thumbnailUrl\":\"https:\/\/files.sunoresearch.com.br\/n\/uploads\/2018\/11\/376041e7-eletrobras-jpg.webp\",\"keywords\":[\"Congresso Nacional\",\"Eletrobras (ELET3\/ELET5\/ELET6)\",\"Jair Bolsonaro\"],\"articleSection\":[\"Neg\u00f3cios\"],\"inLanguage\":\"pt-BR\"},{\"@type\":\"WebPage\",\"@id\":\"https:\/\/www.suno.com.br\/noticias\/eletrobras-governo-capitalizar-estatal-modelo\/\",\"url\":\"https:\/\/www.suno.com.br\/noticias\/eletrobras-governo-capitalizar-estatal-modelo\/\",\"name\":\"Eletrobras: governo deseja capitalizar estatal, mas n\u00e3o definiu modelo\",\"isPartOf\":{\"@id\":\"https:\/\/www.suno.com.br\/noticias\/#website\"},\"primaryImageOfPage\":{\"@id\":\"https:\/\/www.suno.com.br\/noticias\/eletrobras-governo-capitalizar-estatal-modelo\/#primaryimage\"},\"image\":{\"@id\":\"https:\/\/www.suno.com.br\/noticias\/eletrobras-governo-capitalizar-estatal-modelo\/#primaryimage\"},\"thumbnailUrl\":\"https:\/\/files.sunoresearch.com.br\/n\/uploads\/2018\/11\/376041e7-eletrobras-jpg.webp\",\"datePublished\":\"2019-05-28T20:25:14+00:00\",\"description\":\"Os planos de capitaliza\u00e7\u00e3o da Eletrobras foram anunciados ainda durante o governo no ex-presidente Michel Temer. Clique para saber mais.\",\"breadcrumb\":{\"@id\":\"https:\/\/www.suno.com.br\/noticias\/eletrobras-governo-capitalizar-estatal-modelo\/#breadcrumb\"},\"inLanguage\":\"pt-BR\",\"potentialAction\":[{\"@type\":\"ReadAction\",\"target\":[\"https:\/\/www.suno.com.br\/noticias\/eletrobras-governo-capitalizar-estatal-modelo\/\"]}]},{\"@type\":\"ImageObject\",\"inLanguage\":\"pt-BR\",\"@id\":\"https:\/\/www.suno.com.br\/noticias\/eletrobras-governo-capitalizar-estatal-modelo\/#primaryimage\",\"url\":\"https:\/\/files.sunoresearch.com.br\/n\/uploads\/2018\/11\/376041e7-eletrobras-jpg.webp\",\"contentUrl\":\"https:\/\/files.sunoresearch.com.br\/n\/uploads\/2018\/11\/376041e7-eletrobras-jpg.webp\",\"width\":1140,\"height\":760,\"caption\":\"Coronav\u00edrus: setor el\u00e9trico pode sofrer impacto de at\u00e9 R$ 25 bi\"},{\"@type\":\"BreadcrumbList\",\"@id\":\"https:\/\/www.suno.com.br\/noticias\/eletrobras-governo-capitalizar-estatal-modelo\/#breadcrumb\",\"itemListElement\":[{\"@type\":\"ListItem\",\"position\":1,\"name\":\"Not\u00edcias\",\"item\":\"https:\/\/www.suno.com.br\/noticias\/\"},{\"@type\":\"ListItem\",\"position\":2,\"name\":\"Neg\u00f3cios\",\"item\":\"https:\/\/www.suno.com.br\/noticias\/negocios\/\"},{\"@type\":\"ListItem\",\"position\":3,\"name\":\"Eletrobras: governo deseja capitalizar estatal, mas n\u00e3o definiu modelo, diz ministro\"}]},{\"@type\":\"WebSite\",\"@id\":\"https:\/\/www.suno.com.br\/noticias\/#website\",\"url\":\"https:\/\/www.suno.com.br\/noticias\/\",\"name\":\"Suno Not\u00edcias\",\"description\":\"Seu portal de informa\u00e7\u00e3o sobre o mundo dos investimentos\",\"publisher\":{\"@id\":\"https:\/\/www.suno.com.br\/noticias\/#organization\"},\"potentialAction\":[{\"@type\":\"SearchAction\",\"target\":{\"@type\":\"EntryPoint\",\"urlTemplate\":\"https:\/\/www.suno.com.br\/noticias\/?s={search_term_string}\"},\"query-input\":{\"@type\":\"PropertyValueSpecification\",\"valueRequired\":true,\"valueName\":\"search_term_string\"}}],\"inLanguage\":\"pt-BR\"},{\"@type\":\"Organization\",\"@id\":\"https:\/\/www.suno.com.br\/noticias\/#organization\",\"name\":\"Suno Not\u00edcias\",\"url\":\"https:\/\/www.suno.com.br\/noticias\/\",\"logo\":{\"@type\":\"ImageObject\",\"inLanguage\":\"pt-BR\",\"@id\":\"https:\/\/www.suno.com.br\/noticias\/#\/schema\/logo\/image\/\",\"url\":\"https:\/\/files.sunoresearch.com.br\/n\/uploads\/2021\/09\/suno-logo.png\",\"contentUrl\":\"https:\/\/files.sunoresearch.com.br\/n\/uploads\/2021\/09\/suno-logo.png\",\"width\":180,\"height\":180,\"caption\":\"Suno Not\u00edcias\"},\"image\":{\"@id\":\"https:\/\/www.suno.com.br\/noticias\/#\/schema\/logo\/image\/\"},\"sameAs\":[\"https:\/\/facebook.com\/sunoresearch\",\"https:\/\/x.com\/sunoresearch\",\"https:\/\/www.instagram.com\/suno\",\"https:\/\/www.linkedin.com\/company\/suno-research\/\",\"https:\/\/www.youtube.com\/c\/sunoresearch\"]},{\"@type\":\"Person\",\"@id\":\"https:\/\/www.suno.com.br\/noticias\/#\/schema\/person\/3f7693d5795a3f6d5ce15309ee785699\",\"name\":\"Renan Dantas\",\"image\":{\"@type\":\"ImageObject\",\"inLanguage\":\"pt-BR\",\"@id\":\"https:\/\/www.suno.com.br\/noticias\/#\/schema\/person\/image\/\",\"url\":\"https:\/\/secure.gravatar.com\/avatar\/1787b83e7484a08e51d62ac8b41c8396?s=96&r=g\",\"contentUrl\":\"https:\/\/secure.gravatar.com\/avatar\/1787b83e7484a08e51d62ac8b41c8396?s=96&r=g\",\"caption\":\"Renan Dantas\"},\"description\":\"Escreve sobre pol\u00edtica e mercado financeiro para o portal Suno Not\u00edcias. Antes, atuou na assessoria de comunica\u00e7\u00e3o do Minist\u00e9rio P\u00fablico do Trabalho e na R\u00e1dio Mackenzie, onde apresentava e produzia um programa sobre artistas da m\u00fasica brasileira. \u00c9 estudante na Universidade Presbiteriana Mackenzie.\",\"url\":\"https:\/\/www.suno.com.br\/noticias\/author\/renan-dantas\/\"}]}<\/script>\n<!-- \/ Yoast SEO plugin. -->","yoast_head_json":{"title":"Eletrobras: governo deseja capitalizar estatal, mas n\u00e3o definiu modelo","description":"Os planos de capitaliza\u00e7\u00e3o da Eletrobras foram anunciados ainda durante o governo no ex-presidente Michel Temer. Clique para saber mais.","robots":{"index":"index","follow":"follow","max-snippet":"max-snippet:-1","max-image-preview":"max-image-preview:large","max-video-preview":"max-video-preview:-1"},"canonical":"https:\/\/www.suno.com.br\/noticias\/eletrobras-governo-capitalizar-estatal-modelo\/","og_locale":"pt_BR","og_type":"article","og_title":"Eletrobras: governo deseja capitalizar estatal, mas n\u00e3o definiu modelo","og_description":"Os planos de capitaliza\u00e7\u00e3o da Eletrobras foram anunciados ainda durante o governo no ex-presidente Michel Temer. Clique para saber mais.","og_url":"https:\/\/www.suno.com.br\/noticias\/eletrobras-governo-capitalizar-estatal-modelo\/","og_site_name":"Suno Not\u00edcias","article_publisher":"https:\/\/facebook.com\/sunoresearch","og_image":[{"width":1140,"height":760,"url":"https:\/\/files.sunoresearch.com.br\/n\/uploads\/2018\/11\/376041e7-eletrobras.jpg","type":"image\/jpeg"}],"author":"Renan Dantas","twitter_card":"summary_large_image","twitter_creator":"@sunoresearch","twitter_site":"@sunoresearch","twitter_misc":{"Escrito por":"Renan Dantas","Est. tempo de leitura":"2 minutos"},"schema":{"@context":"https:\/\/schema.org","@graph":[{"@type":"NewsArticle","@id":"https:\/\/www.suno.com.br\/noticias\/eletrobras-governo-capitalizar-estatal-modelo\/#article","isPartOf":{"@id":"https:\/\/www.suno.com.br\/noticias\/eletrobras-governo-capitalizar-estatal-modelo\/"},"author":{"name":"Renan Dantas","@id":"https:\/\/www.suno.com.br\/noticias\/#\/schema\/person\/3f7693d5795a3f6d5ce15309ee785699"},"headline":"Eletrobras: governo deseja capitalizar estatal, mas n\u00e3o definiu modelo, diz ministro","datePublished":"2019-05-28T20:25:14+00:00","mainEntityOfPage":{"@id":"https:\/\/www.suno.com.br\/noticias\/eletrobras-governo-capitalizar-estatal-modelo\/"},"wordCount":395,"publisher":{"@id":"https:\/\/www.suno.com.br\/noticias\/#organization"},"image":{"@id":"https:\/\/www.suno.com.br\/noticias\/eletrobras-governo-capitalizar-estatal-modelo\/#primaryimage"},"thumbnailUrl":"https:\/\/files.sunoresearch.com.br\/n\/uploads\/2018\/11\/376041e7-eletrobras-jpg.webp","keywords":["Congresso Nacional","Eletrobras (ELET3\/ELET5\/ELET6)","Jair Bolsonaro"],"articleSection":["Neg\u00f3cios"],"inLanguage":"pt-BR"},{"@type":"WebPage","@id":"https:\/\/www.suno.com.br\/noticias\/eletrobras-governo-capitalizar-estatal-modelo\/","url":"https:\/\/www.suno.com.br\/noticias\/eletrobras-governo-capitalizar-estatal-modelo\/","name":"Eletrobras: governo deseja capitalizar estatal, mas n\u00e3o definiu modelo","isPartOf":{"@id":"https:\/\/www.suno.com.br\/noticias\/#website"},"primaryImageOfPage":{"@id":"https:\/\/www.suno.com.br\/noticias\/eletrobras-governo-capitalizar-estatal-modelo\/#primaryimage"},"image":{"@id":"https:\/\/www.suno.com.br\/noticias\/eletrobras-governo-capitalizar-estatal-modelo\/#primaryimage"},"thumbnailUrl":"https:\/\/files.sunoresearch.com.br\/n\/uploads\/2018\/11\/376041e7-eletrobras-jpg.webp","datePublished":"2019-05-28T20:25:14+00:00","description":"Os planos de capitaliza\u00e7\u00e3o da Eletrobras foram anunciados ainda durante o governo no ex-presidente Michel Temer. Clique para saber mais.","breadcrumb":{"@id":"https:\/\/www.suno.com.br\/noticias\/eletrobras-governo-capitalizar-estatal-modelo\/#breadcrumb"},"inLanguage":"pt-BR","potentialAction":[{"@type":"ReadAction","target":["https:\/\/www.suno.com.br\/noticias\/eletrobras-governo-capitalizar-estatal-modelo\/"]}]},{"@type":"ImageObject","inLanguage":"pt-BR","@id":"https:\/\/www.suno.com.br\/noticias\/eletrobras-governo-capitalizar-estatal-modelo\/#primaryimage","url":"https:\/\/files.sunoresearch.com.br\/n\/uploads\/2018\/11\/376041e7-eletrobras-jpg.webp","contentUrl":"https:\/\/files.sunoresearch.com.br\/n\/uploads\/2018\/11\/376041e7-eletrobras-jpg.webp","width":1140,"height":760,"caption":"Coronav\u00edrus: setor el\u00e9trico pode sofrer impacto de at\u00e9 R$ 25 bi"},{"@type":"BreadcrumbList","@id":"https:\/\/www.suno.com.br\/noticias\/eletrobras-governo-capitalizar-estatal-modelo\/#breadcrumb","itemListElement":[{"@type":"ListItem","position":1,"name":"Not\u00edcias","item":"https:\/\/www.suno.com.br\/noticias\/"},{"@type":"ListItem","position":2,"name":"Neg\u00f3cios","item":"https:\/\/www.suno.com.br\/noticias\/negocios\/"},{"@type":"ListItem","position":3,"name":"Eletrobras: governo deseja capitalizar estatal, mas n\u00e3o definiu modelo, diz ministro"}]},{"@type":"WebSite","@id":"https:\/\/www.suno.com.br\/noticias\/#website","url":"https:\/\/www.suno.com.br\/noticias\/","name":"Suno Not\u00edcias","description":"Seu portal de informa\u00e7\u00e3o sobre o mundo dos investimentos","publisher":{"@id":"https:\/\/www.suno.com.br\/noticias\/#organization"},"potentialAction":[{"@type":"SearchAction","target":{"@type":"EntryPoint","urlTemplate":"https:\/\/www.suno.com.br\/noticias\/?s={search_term_string}"},"query-input":{"@type":"PropertyValueSpecification","valueRequired":true,"valueName":"search_term_string"}}],"inLanguage":"pt-BR"},{"@type":"Organization","@id":"https:\/\/www.suno.com.br\/noticias\/#organization","name":"Suno Not\u00edcias","url":"https:\/\/www.suno.com.br\/noticias\/","logo":{"@type":"ImageObject","inLanguage":"pt-BR","@id":"https:\/\/www.suno.com.br\/noticias\/#\/schema\/logo\/image\/","url":"https:\/\/files.sunoresearch.com.br\/n\/uploads\/2021\/09\/suno-logo.png","contentUrl":"https:\/\/files.sunoresearch.com.br\/n\/uploads\/2021\/09\/suno-logo.png","width":180,"height":180,"caption":"Suno Not\u00edcias"},"image":{"@id":"https:\/\/www.suno.com.br\/noticias\/#\/schema\/logo\/image\/"},"sameAs":["https:\/\/facebook.com\/sunoresearch","https:\/\/x.com\/sunoresearch","https:\/\/www.instagram.com\/suno","https:\/\/www.linkedin.com\/company\/suno-research\/","https:\/\/www.youtube.com\/c\/sunoresearch"]},{"@type":"Person","@id":"https:\/\/www.suno.com.br\/noticias\/#\/schema\/person\/3f7693d5795a3f6d5ce15309ee785699","name":"Renan Dantas","image":{"@type":"ImageObject","inLanguage":"pt-BR","@id":"https:\/\/www.suno.com.br\/noticias\/#\/schema\/person\/image\/","url":"https:\/\/secure.gravatar.com\/avatar\/1787b83e7484a08e51d62ac8b41c8396?s=96&r=g","contentUrl":"https:\/\/secure.gravatar.com\/avatar\/1787b83e7484a08e51d62ac8b41c8396?s=96&r=g","caption":"Renan Dantas"},"description":"Escreve sobre pol\u00edtica e mercado financeiro para o portal Suno Not\u00edcias. Antes, atuou na assessoria de comunica\u00e7\u00e3o do Minist\u00e9rio P\u00fablico do Trabalho e na R\u00e1dio Mackenzie, onde apresentava e produzia um programa sobre artistas da m\u00fasica brasileira. \u00c9 estudante na Universidade Presbiteriana Mackenzie.","url":"https:\/\/www.suno.com.br\/noticias\/author\/renan-dantas\/"}]}},"default_loop_html":"<div class=\"cardsPage__listCard__boxs\"><div class=\"cardsPage__listCard__boxs__img\"><a href=\"https:\/\/www.suno.com.br\/noticias\/eletrobras-governo-capitalizar-estatal-modelo\/\"><img class=\"mask\" src=\"https:\/\/www.suno.com.br\/noticias\/wp-content\/themes\/suno\/resources\/images\/spotlight\/spotlight1img\/bg-mask.png\" alt=\"Image Mask\"\/><img src=\"https:\/\/files.sunoresearch.com.br\/n\/uploads\/2018\/11\/376041e7-eletrobras-400x200.webp\" alt=\"Eletrobras: governo deseja capitalizar estatal, mas n\u00e3o definiu modelo, diz ministro\"\/><\/a><span class=\"spotlightCategory\"><a href=\"https:\/\/www.suno.com.br\/noticias\/negocios\/\">Neg\u00f3cios<\/a><\/span><\/div><div class=\"cardsPage__listCard__boxs__content\"><a href=\"https:\/\/www.suno.com.br\/noticias\/eletrobras-governo-capitalizar-estatal-modelo\/\"><h2 class=\"content__title\">Eletrobras: governo deseja capitalizar estatal, mas n\u00e3o definiu modelo, diz ministro<\/h2><\/a><div class=\"newsContent__article__meta\"><div class=\"newsContent__article__meta__authorBox\"><a href=\"https:\/\/www.suno.com.br\/noticias\/author\/renan-dantas\/\" class=\"authorBox__avatar noMobi\"><img src=\"https:\/\/secure.gravatar.com\/avatar\/1787b83e7484a08e51d62ac8b41c8396?s=96&#038;r=g\" alt=\"Renan Dantas\"><\/a><div class=\"authorBox__name\"><span>por\n\t\t\t<a href=\"https:\/\/www.suno.com.br\/noticias\/author\/renan-dantas\/\"><span itemprop=\"author\">Renan Dantas<\/span><\/a><\/span><time datetime=\"2019-05-28T17:25:14-03:00\" itemprop=\"datePublished\">28\/05\/2019 17:25<\/time><\/div><\/div><\/div><\/div><\/div>","single_layout":"posts","amp_enabled":true,"_links":{"self":[{"href":"https:\/\/www.suno.com.br\/noticias\/wp-json\/wp\/v2\/posts\/26272"}],"collection":[{"href":"https:\/\/www.suno.com.br\/noticias\/wp-json\/wp\/v2\/posts"}],"about":[{"href":"https:\/\/www.suno.com.br\/noticias\/wp-json\/wp\/v2\/types\/post"}],"author":[{"embeddable":true,"href":"https:\/\/www.suno.com.br\/noticias\/wp-json\/wp\/v2\/users\/14"}],"replies":[{"embeddable":true,"href":"https:\/\/www.suno.com.br\/noticias\/wp-json\/wp\/v2\/comments?post=26272"}],"version-history":[{"count":0,"href":"https:\/\/www.suno.com.br\/noticias\/wp-json\/wp\/v2\/posts\/26272\/revisions"}],"wp:featuredmedia":[{"embeddable":true,"href":"https:\/\/www.suno.com.br\/noticias\/wp-json\/wp\/v2\/media\/6799"}],"wp:attachment":[{"href":"https:\/\/www.suno.com.br\/noticias\/wp-json\/wp\/v2\/media?parent=26272"}],"wp:term":[{"taxonomy":"category","embeddable":true,"href":"https:\/\/www.suno.com.br\/noticias\/wp-json\/wp\/v2\/categories?post=26272"},{"taxonomy":"post_tag","embeddable":true,"href":"https:\/\/www.suno.com.br\/noticias\/wp-json\/wp\/v2\/tags?post=26272"},{"taxonomy":"suno_strategy","embeddable":true,"href":"https:\/\/www.suno.com.br\/noticias\/wp-json\/wp\/v2\/suno_strategy?post=26272"}],"curies":[{"name":"wp","href":"https:\/\/api.w.org\/{rel}","templated":true}]}}