{"id":26253,"date":"2019-05-28T15:59:27","date_gmt":"2019-05-28T18:59:27","guid":{"rendered":"https:\/\/www.suno.com.br\/noticias\/?p=26253"},"modified":"2019-05-28T15:59:27","modified_gmt":"2019-05-28T18:59:27","slug":"engie-informa-interessada-compra-tag","status":"publish","type":"post","link":"https:\/\/www.suno.com.br\/noticias\/engie-informa-interessada-compra-tag\/","title":{"rendered":"Engie informa que permanece interessada na compra da TAG"},"content":{"rendered":"<p>A Engie informou nesta ter\u00e7a-feira (28) que ainda est\u00e1 interessada na aquisi\u00e7\u00e3o da Transportadora Associada de G\u00e1s (TAG). Na \u00faltima segunda-feira (27), o ministro do Supremo Tribunal Federal (STF), Edson Fachin, decidiu suspender o neg\u00f3cio. De acordo com o magistrado, a venda precisa seguir a licita\u00e7\u00e3o.<\/p>\t<div class=\"wrapper-featured-image\">\n\t\t<figure class=\"spotlightImg\">\n\n\t\t\t<picture>\n\t\t\t\t<source media=\"(max-width: 768px)\" srcset=\"https:\/\/files.sunoresearch.com.br\/n\/uploads\/2019\/02\/engie-400x200.webp\">\n\t\t\t\t<img loading=\"lazy\" decoding=\"async\" class=\"newsContent__article__imgCapa lazyloadDisabled newsContent__article__imgCapa--noCaption\" src=\"https:\/\/files.sunoresearch.com.br\/n\/uploads\/2019\/02\/engie-800x450.webp\" width=\"800\" height=\"450\" alt=\"Engie informa que permanece interessada na compra da TAG\" fetchpriority=high \/>\n\t\t\t<\/picture>\n\n\t\t\t<figcaption class=\"wp-caption-text wp-caption-text--hide\">Engie (EGIE3)  Foto: Divulga\u00e7\u00e3o<\/figcaption>\n\t\t<\/figure>\n\t<\/div>\n\n\n<p>Em nota para a imprensa, a <strong>Engie<\/strong> informou que n\u00e3o comenta quest\u00f5es legais em andamento. Por\u00e9m, ressalta que possui interesse na aquisi\u00e7\u00e3o da <strong>TAG<\/strong>. Acrescenta ainda que &#8220;as equipes e o corpo de diretores da empresa est\u00e3o plenamente comprometidos com o processo&#8221;.<\/p>\n<p><a href=\"https:\/\/www.suno.com.br\/noticias\/fup-questionar-justica-venda-tag-petrobras-engie\/\">Saiba mais:\u00a0FUP planeja contestar na Justi\u00e7a a venda da TAG pela Petrobras \u00e0 Engie<\/a><\/p>\n<p>A <strong>TAG<\/strong> opera no segmento de transporte e armazenamento de g\u00e1s natural e possui uma rede de gasodutos de 4,5 mil quil\u00f4metros, com uma capacidade de movimenta\u00e7\u00e3o de 74 milh\u00f5es de metros c\u00fabicos por dia.<\/p>\n<h2>Decis\u00e3o do ministro Edson Fachin<\/h2>\n<p>Segundo o argumento do ministro Edson Fachin, a venda da subsidi\u00e1rio da <strong>Petrobras<\/strong> desrespeita a decis\u00e3o liminar do ministro <strong>Ricardo Levandowski<\/strong>.\u00a0\u201cA dispensa de licita\u00e7\u00e3o s\u00f3 pode ser aplicada \u00e0 venda de a\u00e7\u00f5es que n\u00e3o importem a perda de controle acion\u00e1rio de empresas p\u00fablicas, sociedades de economia mista ou de suas subsidi\u00e1rias ou controladas\u201d, afirmou.<\/p>\n<p>Para o ministro, n\u00e3o h\u00e1 &#8220;espa\u00e7o para, \u00e0 m\u00edngua de expressa autoriza\u00e7\u00e3o legal, excepcionar do regime constitucional de licita\u00e7\u00e3o \u00e0 transfer\u00eancia do contrato celebrado pela <strong>Petrobras<\/strong> ou suas consorciadas. N\u00e3o se presumem exce\u00e7\u00f5es ou limita\u00e7\u00f5es a regra geral de licita\u00e7\u00e3o. Admitir-se o contr\u00e1rio, isto \u00e9, que a transfer\u00eancia ou cess\u00e3o de direitos possa dispensar a licita\u00e7\u00e3o, atentaria contra os princ\u00edpios da <strong>Administra\u00e7\u00e3o P\u00fablica<\/strong>&#8220;.<\/p>\n<h2>Negocia\u00e7\u00e3o da TAG<\/h2>\n<p>Em abril deste ano, a <strong>Petrobras<\/strong> negociou a <strong>TAG<\/strong>, sua unidade de gasodutos, com a francesa <strong>Engie<\/strong> e o fundo canadense <strong>Caisse de Depot et Placement du Qu\u00e9bec<\/strong>. O valor da opera\u00e7\u00e3o era de<span style=\"font-size: 1.21429rem;\"> US$ 8,6 bilh\u00f5es.<\/span><\/p>\n<p><a href=\"https:\/\/www.suno.com.br\/noticias\/engie-compra-tag-petrobras-maio\/\">Saiba mais:\u00a0Engie prev\u00ea que compra da TAG, da Petrobras, ser\u00e1 fechada em maio<\/a><\/p>\n<p>O acordo foi fechado ap\u00f3s <strong>Engie<\/strong> e <strong>Caisse<\/strong> vencerem a \u00faltima rodada de ofertas. Na \u00e9poca, nenhuma das empresas comentou o processo, tratado como confidencial. No entanto, dados da &#8220;Bloomberg&#8221; indicam ser a maior venda de ativos j\u00e1 concretizada pela <strong>Petrobras<\/strong>.<\/p>\n","protected":false},"excerpt":{"rendered":"<p>A Engie informou nesta ter\u00e7a-feira (28) que ainda est\u00e1 interessada na aquisi\u00e7\u00e3o da Transportadora Associada de G\u00e1s (TAG). Na \u00faltima segunda-feira (27), o ministro do Supremo Tribunal Federal (STF), Edson Fachin, decidiu suspender o neg\u00f3cio. De acordo com o magistrado, a venda precisa seguir a licita\u00e7\u00e3o. Engie (EGIE3) Foto: Divulga\u00e7\u00e3o Em nota para a imprensa, [&hellip;]<\/p>\n","protected":false},"author":14,"featured_media":15951,"comment_status":"closed","ping_status":"closed","sticky":false,"template":"","format":"standard","meta":[],"categories":[64],"tags":[465,595],"suno_strategy":[],"class_list":["post-26253","post","type-post","status-publish","format-standard","has-post-thumbnail","hentry","category-negocios","tag-engie-egie3","tag-petrobras-petr4"],"yoast_head":"<!-- This site is optimized with the Yoast SEO plugin v24.4 - https:\/\/yoast.com\/wordpress\/plugins\/seo\/ -->\n<title>Engie informa que permanece interessada na compra da TAG<\/title>\n<meta name=\"description\" content=\"A Engie informou que n\u00e3o comenta quest\u00f5es legais em andamento. Por\u00e9m, ressalta que possui interesse na aquisi\u00e7\u00e3o da TAG. Clique para saber mais\" \/>\n<meta name=\"robots\" content=\"index, follow, max-snippet:-1, max-image-preview:large, max-video-preview:-1\" \/>\n<link rel=\"canonical\" href=\"https:\/\/www.suno.com.br\/noticias\/engie-informa-interessada-compra-tag\/\" \/>\n<meta property=\"og:locale\" content=\"pt_BR\" \/>\n<meta property=\"og:type\" content=\"article\" \/>\n<meta property=\"og:title\" content=\"Engie informa que permanece interessada na compra da TAG\" \/>\n<meta property=\"og:description\" content=\"A Engie informou que n\u00e3o comenta quest\u00f5es legais em andamento. Por\u00e9m, ressalta que possui interesse na aquisi\u00e7\u00e3o da TAG. Clique para saber mais\" \/>\n<meta property=\"og:url\" content=\"https:\/\/www.suno.com.br\/noticias\/engie-informa-interessada-compra-tag\/\" \/>\n<meta property=\"og:site_name\" content=\"Suno Not\u00edcias\" \/>\n<meta property=\"article:publisher\" content=\"https:\/\/facebook.com\/sunoresearch\" \/>\n<meta property=\"og:image\" content=\"https:\/\/files.sunoresearch.com.br\/n\/uploads\/2019\/02\/engie-1024x576.jpg\" \/>\n\t<meta property=\"og:image:width\" content=\"1024\" \/>\n\t<meta property=\"og:image:height\" content=\"576\" \/>\n\t<meta property=\"og:image:type\" content=\"image\/jpeg\" \/>\n<meta name=\"author\" content=\"Renan Dantas\" \/>\n<meta name=\"twitter:card\" content=\"summary_large_image\" \/>\n<meta name=\"twitter:creator\" content=\"@sunoresearch\" \/>\n<meta name=\"twitter:site\" content=\"@sunoresearch\" \/>\n<meta name=\"twitter:label1\" content=\"Escrito por\" \/>\n\t<meta name=\"twitter:data1\" content=\"Renan Dantas\" \/>\n\t<meta name=\"twitter:label2\" content=\"Est. tempo de leitura\" \/>\n\t<meta name=\"twitter:data2\" content=\"2 minutos\" \/>\n<script type=\"application\/ld+json\" class=\"yoast-schema-graph\">{\"@context\":\"https:\/\/schema.org\",\"@graph\":[{\"@type\":\"NewsArticle\",\"@id\":\"https:\/\/www.suno.com.br\/noticias\/engie-informa-interessada-compra-tag\/#article\",\"isPartOf\":{\"@id\":\"https:\/\/www.suno.com.br\/noticias\/engie-informa-interessada-compra-tag\/\"},\"author\":{\"name\":\"Renan Dantas\",\"@id\":\"https:\/\/www.suno.com.br\/noticias\/#\/schema\/person\/3f7693d5795a3f6d5ce15309ee785699\"},\"headline\":\"Engie informa que permanece interessada na compra da TAG\",\"datePublished\":\"2019-05-28T18:59:27+00:00\",\"mainEntityOfPage\":{\"@id\":\"https:\/\/www.suno.com.br\/noticias\/engie-informa-interessada-compra-tag\/\"},\"wordCount\":402,\"publisher\":{\"@id\":\"https:\/\/www.suno.com.br\/noticias\/#organization\"},\"image\":{\"@id\":\"https:\/\/www.suno.com.br\/noticias\/engie-informa-interessada-compra-tag\/#primaryimage\"},\"thumbnailUrl\":\"https:\/\/files.sunoresearch.com.br\/n\/uploads\/2019\/02\/engie-scaled.webp\",\"keywords\":[\"Engie (EGIE3)\",\"Petrobras (PETR4)\"],\"articleSection\":[\"Neg\u00f3cios\"],\"inLanguage\":\"pt-BR\"},{\"@type\":\"WebPage\",\"@id\":\"https:\/\/www.suno.com.br\/noticias\/engie-informa-interessada-compra-tag\/\",\"url\":\"https:\/\/www.suno.com.br\/noticias\/engie-informa-interessada-compra-tag\/\",\"name\":\"Engie informa que permanece interessada na compra da TAG\",\"isPartOf\":{\"@id\":\"https:\/\/www.suno.com.br\/noticias\/#website\"},\"primaryImageOfPage\":{\"@id\":\"https:\/\/www.suno.com.br\/noticias\/engie-informa-interessada-compra-tag\/#primaryimage\"},\"image\":{\"@id\":\"https:\/\/www.suno.com.br\/noticias\/engie-informa-interessada-compra-tag\/#primaryimage\"},\"thumbnailUrl\":\"https:\/\/files.sunoresearch.com.br\/n\/uploads\/2019\/02\/engie-scaled.webp\",\"datePublished\":\"2019-05-28T18:59:27+00:00\",\"description\":\"A Engie informou que n\u00e3o comenta quest\u00f5es legais em andamento. Por\u00e9m, ressalta que possui interesse na aquisi\u00e7\u00e3o da TAG. Clique para saber mais\",\"breadcrumb\":{\"@id\":\"https:\/\/www.suno.com.br\/noticias\/engie-informa-interessada-compra-tag\/#breadcrumb\"},\"inLanguage\":\"pt-BR\",\"potentialAction\":[{\"@type\":\"ReadAction\",\"target\":[\"https:\/\/www.suno.com.br\/noticias\/engie-informa-interessada-compra-tag\/\"]}]},{\"@type\":\"ImageObject\",\"inLanguage\":\"pt-BR\",\"@id\":\"https:\/\/www.suno.com.br\/noticias\/engie-informa-interessada-compra-tag\/#primaryimage\",\"url\":\"https:\/\/files.sunoresearch.com.br\/n\/uploads\/2019\/02\/engie-scaled.webp\",\"contentUrl\":\"https:\/\/files.sunoresearch.com.br\/n\/uploads\/2019\/02\/engie-scaled.webp\",\"width\":2560,\"height\":1440,\"caption\":\"Engie (EGIE3) Foto: Divulga\u00e7\u00e3o\"},{\"@type\":\"BreadcrumbList\",\"@id\":\"https:\/\/www.suno.com.br\/noticias\/engie-informa-interessada-compra-tag\/#breadcrumb\",\"itemListElement\":[{\"@type\":\"ListItem\",\"position\":1,\"name\":\"Not\u00edcias\",\"item\":\"https:\/\/www.suno.com.br\/noticias\/\"},{\"@type\":\"ListItem\",\"position\":2,\"name\":\"Neg\u00f3cios\",\"item\":\"https:\/\/www.suno.com.br\/noticias\/negocios\/\"},{\"@type\":\"ListItem\",\"position\":3,\"name\":\"Engie informa que permanece interessada na compra da TAG\"}]},{\"@type\":\"WebSite\",\"@id\":\"https:\/\/www.suno.com.br\/noticias\/#website\",\"url\":\"https:\/\/www.suno.com.br\/noticias\/\",\"name\":\"Suno Not\u00edcias\",\"description\":\"Seu portal de informa\u00e7\u00e3o sobre o mundo dos investimentos\",\"publisher\":{\"@id\":\"https:\/\/www.suno.com.br\/noticias\/#organization\"},\"potentialAction\":[{\"@type\":\"SearchAction\",\"target\":{\"@type\":\"EntryPoint\",\"urlTemplate\":\"https:\/\/www.suno.com.br\/noticias\/?s={search_term_string}\"},\"query-input\":{\"@type\":\"PropertyValueSpecification\",\"valueRequired\":true,\"valueName\":\"search_term_string\"}}],\"inLanguage\":\"pt-BR\"},{\"@type\":\"Organization\",\"@id\":\"https:\/\/www.suno.com.br\/noticias\/#organization\",\"name\":\"Suno Not\u00edcias\",\"url\":\"https:\/\/www.suno.com.br\/noticias\/\",\"logo\":{\"@type\":\"ImageObject\",\"inLanguage\":\"pt-BR\",\"@id\":\"https:\/\/www.suno.com.br\/noticias\/#\/schema\/logo\/image\/\",\"url\":\"https:\/\/files.sunoresearch.com.br\/n\/uploads\/2021\/09\/suno-logo.png\",\"contentUrl\":\"https:\/\/files.sunoresearch.com.br\/n\/uploads\/2021\/09\/suno-logo.png\",\"width\":180,\"height\":180,\"caption\":\"Suno Not\u00edcias\"},\"image\":{\"@id\":\"https:\/\/www.suno.com.br\/noticias\/#\/schema\/logo\/image\/\"},\"sameAs\":[\"https:\/\/facebook.com\/sunoresearch\",\"https:\/\/x.com\/sunoresearch\",\"https:\/\/www.instagram.com\/suno\",\"https:\/\/www.linkedin.com\/company\/suno-research\/\",\"https:\/\/www.youtube.com\/c\/sunoresearch\"]},{\"@type\":\"Person\",\"@id\":\"https:\/\/www.suno.com.br\/noticias\/#\/schema\/person\/3f7693d5795a3f6d5ce15309ee785699\",\"name\":\"Renan Dantas\",\"image\":{\"@type\":\"ImageObject\",\"inLanguage\":\"pt-BR\",\"@id\":\"https:\/\/www.suno.com.br\/noticias\/#\/schema\/person\/image\/\",\"url\":\"https:\/\/secure.gravatar.com\/avatar\/1787b83e7484a08e51d62ac8b41c8396?s=96&r=g\",\"contentUrl\":\"https:\/\/secure.gravatar.com\/avatar\/1787b83e7484a08e51d62ac8b41c8396?s=96&r=g\",\"caption\":\"Renan Dantas\"},\"description\":\"Escreve sobre pol\u00edtica e mercado financeiro para o portal Suno Not\u00edcias. Antes, atuou na assessoria de comunica\u00e7\u00e3o do Minist\u00e9rio P\u00fablico do Trabalho e na R\u00e1dio Mackenzie, onde apresentava e produzia um programa sobre artistas da m\u00fasica brasileira. \u00c9 estudante na Universidade Presbiteriana Mackenzie.\",\"url\":\"https:\/\/www.suno.com.br\/noticias\/author\/renan-dantas\/\"}]}<\/script>\n<!-- \/ Yoast SEO plugin. -->","yoast_head_json":{"title":"Engie informa que permanece interessada na compra da TAG","description":"A Engie informou que n\u00e3o comenta quest\u00f5es legais em andamento. Por\u00e9m, ressalta que possui interesse na aquisi\u00e7\u00e3o da TAG. Clique para saber mais","robots":{"index":"index","follow":"follow","max-snippet":"max-snippet:-1","max-image-preview":"max-image-preview:large","max-video-preview":"max-video-preview:-1"},"canonical":"https:\/\/www.suno.com.br\/noticias\/engie-informa-interessada-compra-tag\/","og_locale":"pt_BR","og_type":"article","og_title":"Engie informa que permanece interessada na compra da TAG","og_description":"A Engie informou que n\u00e3o comenta quest\u00f5es legais em andamento. Por\u00e9m, ressalta que possui interesse na aquisi\u00e7\u00e3o da TAG. Clique para saber mais","og_url":"https:\/\/www.suno.com.br\/noticias\/engie-informa-interessada-compra-tag\/","og_site_name":"Suno Not\u00edcias","article_publisher":"https:\/\/facebook.com\/sunoresearch","og_image":[{"width":1024,"height":576,"url":"https:\/\/files.sunoresearch.com.br\/n\/uploads\/2019\/02\/engie-1024x576.jpg","type":"image\/jpeg"}],"author":"Renan Dantas","twitter_card":"summary_large_image","twitter_creator":"@sunoresearch","twitter_site":"@sunoresearch","twitter_misc":{"Escrito por":"Renan Dantas","Est. tempo de leitura":"2 minutos"},"schema":{"@context":"https:\/\/schema.org","@graph":[{"@type":"NewsArticle","@id":"https:\/\/www.suno.com.br\/noticias\/engie-informa-interessada-compra-tag\/#article","isPartOf":{"@id":"https:\/\/www.suno.com.br\/noticias\/engie-informa-interessada-compra-tag\/"},"author":{"name":"Renan Dantas","@id":"https:\/\/www.suno.com.br\/noticias\/#\/schema\/person\/3f7693d5795a3f6d5ce15309ee785699"},"headline":"Engie informa que permanece interessada na compra da TAG","datePublished":"2019-05-28T18:59:27+00:00","mainEntityOfPage":{"@id":"https:\/\/www.suno.com.br\/noticias\/engie-informa-interessada-compra-tag\/"},"wordCount":402,"publisher":{"@id":"https:\/\/www.suno.com.br\/noticias\/#organization"},"image":{"@id":"https:\/\/www.suno.com.br\/noticias\/engie-informa-interessada-compra-tag\/#primaryimage"},"thumbnailUrl":"https:\/\/files.sunoresearch.com.br\/n\/uploads\/2019\/02\/engie-scaled.webp","keywords":["Engie (EGIE3)","Petrobras (PETR4)"],"articleSection":["Neg\u00f3cios"],"inLanguage":"pt-BR"},{"@type":"WebPage","@id":"https:\/\/www.suno.com.br\/noticias\/engie-informa-interessada-compra-tag\/","url":"https:\/\/www.suno.com.br\/noticias\/engie-informa-interessada-compra-tag\/","name":"Engie informa que permanece interessada na compra da TAG","isPartOf":{"@id":"https:\/\/www.suno.com.br\/noticias\/#website"},"primaryImageOfPage":{"@id":"https:\/\/www.suno.com.br\/noticias\/engie-informa-interessada-compra-tag\/#primaryimage"},"image":{"@id":"https:\/\/www.suno.com.br\/noticias\/engie-informa-interessada-compra-tag\/#primaryimage"},"thumbnailUrl":"https:\/\/files.sunoresearch.com.br\/n\/uploads\/2019\/02\/engie-scaled.webp","datePublished":"2019-05-28T18:59:27+00:00","description":"A Engie informou que n\u00e3o comenta quest\u00f5es legais em andamento. Por\u00e9m, ressalta que possui interesse na aquisi\u00e7\u00e3o da TAG. Clique para saber mais","breadcrumb":{"@id":"https:\/\/www.suno.com.br\/noticias\/engie-informa-interessada-compra-tag\/#breadcrumb"},"inLanguage":"pt-BR","potentialAction":[{"@type":"ReadAction","target":["https:\/\/www.suno.com.br\/noticias\/engie-informa-interessada-compra-tag\/"]}]},{"@type":"ImageObject","inLanguage":"pt-BR","@id":"https:\/\/www.suno.com.br\/noticias\/engie-informa-interessada-compra-tag\/#primaryimage","url":"https:\/\/files.sunoresearch.com.br\/n\/uploads\/2019\/02\/engie-scaled.webp","contentUrl":"https:\/\/files.sunoresearch.com.br\/n\/uploads\/2019\/02\/engie-scaled.webp","width":2560,"height":1440,"caption":"Engie (EGIE3) Foto: Divulga\u00e7\u00e3o"},{"@type":"BreadcrumbList","@id":"https:\/\/www.suno.com.br\/noticias\/engie-informa-interessada-compra-tag\/#breadcrumb","itemListElement":[{"@type":"ListItem","position":1,"name":"Not\u00edcias","item":"https:\/\/www.suno.com.br\/noticias\/"},{"@type":"ListItem","position":2,"name":"Neg\u00f3cios","item":"https:\/\/www.suno.com.br\/noticias\/negocios\/"},{"@type":"ListItem","position":3,"name":"Engie informa que permanece interessada na compra da TAG"}]},{"@type":"WebSite","@id":"https:\/\/www.suno.com.br\/noticias\/#website","url":"https:\/\/www.suno.com.br\/noticias\/","name":"Suno Not\u00edcias","description":"Seu portal de informa\u00e7\u00e3o sobre o mundo dos investimentos","publisher":{"@id":"https:\/\/www.suno.com.br\/noticias\/#organization"},"potentialAction":[{"@type":"SearchAction","target":{"@type":"EntryPoint","urlTemplate":"https:\/\/www.suno.com.br\/noticias\/?s={search_term_string}"},"query-input":{"@type":"PropertyValueSpecification","valueRequired":true,"valueName":"search_term_string"}}],"inLanguage":"pt-BR"},{"@type":"Organization","@id":"https:\/\/www.suno.com.br\/noticias\/#organization","name":"Suno Not\u00edcias","url":"https:\/\/www.suno.com.br\/noticias\/","logo":{"@type":"ImageObject","inLanguage":"pt-BR","@id":"https:\/\/www.suno.com.br\/noticias\/#\/schema\/logo\/image\/","url":"https:\/\/files.sunoresearch.com.br\/n\/uploads\/2021\/09\/suno-logo.png","contentUrl":"https:\/\/files.sunoresearch.com.br\/n\/uploads\/2021\/09\/suno-logo.png","width":180,"height":180,"caption":"Suno Not\u00edcias"},"image":{"@id":"https:\/\/www.suno.com.br\/noticias\/#\/schema\/logo\/image\/"},"sameAs":["https:\/\/facebook.com\/sunoresearch","https:\/\/x.com\/sunoresearch","https:\/\/www.instagram.com\/suno","https:\/\/www.linkedin.com\/company\/suno-research\/","https:\/\/www.youtube.com\/c\/sunoresearch"]},{"@type":"Person","@id":"https:\/\/www.suno.com.br\/noticias\/#\/schema\/person\/3f7693d5795a3f6d5ce15309ee785699","name":"Renan Dantas","image":{"@type":"ImageObject","inLanguage":"pt-BR","@id":"https:\/\/www.suno.com.br\/noticias\/#\/schema\/person\/image\/","url":"https:\/\/secure.gravatar.com\/avatar\/1787b83e7484a08e51d62ac8b41c8396?s=96&r=g","contentUrl":"https:\/\/secure.gravatar.com\/avatar\/1787b83e7484a08e51d62ac8b41c8396?s=96&r=g","caption":"Renan Dantas"},"description":"Escreve sobre pol\u00edtica e mercado financeiro para o portal Suno Not\u00edcias. Antes, atuou na assessoria de comunica\u00e7\u00e3o do Minist\u00e9rio P\u00fablico do Trabalho e na R\u00e1dio Mackenzie, onde apresentava e produzia um programa sobre artistas da m\u00fasica brasileira. \u00c9 estudante na Universidade Presbiteriana Mackenzie.","url":"https:\/\/www.suno.com.br\/noticias\/author\/renan-dantas\/"}]}},"default_loop_html":"<div class=\"cardsPage__listCard__boxs\"><div class=\"cardsPage__listCard__boxs__img\"><a href=\"https:\/\/www.suno.com.br\/noticias\/engie-informa-interessada-compra-tag\/\"><img class=\"mask\" src=\"https:\/\/www.suno.com.br\/noticias\/wp-content\/themes\/suno\/resources\/images\/spotlight\/spotlight1img\/bg-mask.png\" alt=\"Image Mask\"\/><img src=\"https:\/\/files.sunoresearch.com.br\/n\/uploads\/2019\/02\/engie-400x200.webp\" alt=\"Engie informa que permanece interessada na compra da TAG\"\/><\/a><span class=\"spotlightCategory\"><a href=\"https:\/\/www.suno.com.br\/noticias\/negocios\/\">Neg\u00f3cios<\/a><\/span><\/div><div class=\"cardsPage__listCard__boxs__content\"><a href=\"https:\/\/www.suno.com.br\/noticias\/engie-informa-interessada-compra-tag\/\"><h2 class=\"content__title\">Engie informa que permanece interessada na compra da TAG<\/h2><\/a><div class=\"newsContent__article__meta\"><div class=\"newsContent__article__meta__authorBox\"><a href=\"https:\/\/www.suno.com.br\/noticias\/author\/renan-dantas\/\" class=\"authorBox__avatar noMobi\"><img src=\"https:\/\/secure.gravatar.com\/avatar\/1787b83e7484a08e51d62ac8b41c8396?s=96&#038;r=g\" alt=\"Renan Dantas\"><\/a><div class=\"authorBox__name\"><span>por\n\t\t\t<a href=\"https:\/\/www.suno.com.br\/noticias\/author\/renan-dantas\/\"><span itemprop=\"author\">Renan Dantas<\/span><\/a><\/span><time datetime=\"2019-05-28T15:59:27-03:00\" itemprop=\"datePublished\">28\/05\/2019 15:59<\/time><\/div><\/div><\/div><\/div><\/div>","single_layout":"posts","amp_enabled":true,"_links":{"self":[{"href":"https:\/\/www.suno.com.br\/noticias\/wp-json\/wp\/v2\/posts\/26253"}],"collection":[{"href":"https:\/\/www.suno.com.br\/noticias\/wp-json\/wp\/v2\/posts"}],"about":[{"href":"https:\/\/www.suno.com.br\/noticias\/wp-json\/wp\/v2\/types\/post"}],"author":[{"embeddable":true,"href":"https:\/\/www.suno.com.br\/noticias\/wp-json\/wp\/v2\/users\/14"}],"replies":[{"embeddable":true,"href":"https:\/\/www.suno.com.br\/noticias\/wp-json\/wp\/v2\/comments?post=26253"}],"version-history":[{"count":0,"href":"https:\/\/www.suno.com.br\/noticias\/wp-json\/wp\/v2\/posts\/26253\/revisions"}],"wp:featuredmedia":[{"embeddable":true,"href":"https:\/\/www.suno.com.br\/noticias\/wp-json\/wp\/v2\/media\/15951"}],"wp:attachment":[{"href":"https:\/\/www.suno.com.br\/noticias\/wp-json\/wp\/v2\/media?parent=26253"}],"wp:term":[{"taxonomy":"category","embeddable":true,"href":"https:\/\/www.suno.com.br\/noticias\/wp-json\/wp\/v2\/categories?post=26253"},{"taxonomy":"post_tag","embeddable":true,"href":"https:\/\/www.suno.com.br\/noticias\/wp-json\/wp\/v2\/tags?post=26253"},{"taxonomy":"suno_strategy","embeddable":true,"href":"https:\/\/www.suno.com.br\/noticias\/wp-json\/wp\/v2\/suno_strategy?post=26253"}],"curies":[{"name":"wp","href":"https:\/\/api.w.org\/{rel}","templated":true}]}}