{"id":262527,"date":"2022-05-30T20:52:59","date_gmt":"2022-05-30T23:52:59","guid":{"rendered":"https:\/\/www.suno.com.br\/noticias\/?p=262527"},"modified":"2022-05-30T20:52:59","modified_gmt":"2022-05-30T23:52:59","slug":"stf-audiencia-concliacao-icms-diesel","status":"publish","type":"post","link":"https:\/\/www.suno.com.br\/noticias\/stf-audiencia-concliacao-icms-diesel\/","title":{"rendered":"STF: ministro convoca audi\u00eancia de concilia\u00e7\u00e3o sobre ICMS do diesel"},"content":{"rendered":"<p>O ministro Andr\u00e9 Mendon\u00e7a, do Supremo Tribunal Federal (<strong>STF<\/strong>), convocou hoje uma audi\u00eancia de concilia\u00e7\u00e3o para a pr\u00f3xima quinta-feira (2), com \u00f3rg\u00e3os federais e estaduais, para discutir duas cl\u00e1usulas do conv\u00eanio do Conselho Nacional de Pol\u00edtica Fazend\u00e1ria (Confaz) que autorizam estados a dar descontos nas al\u00edquotas de ICMS sobre \u00f3leo<strong> diesel<\/strong>. O ministro \u00e9 relator da A\u00e7\u00e3o Direta de Inconstitucionalidade (ADI) 7164, em que deferiu liminar para suspender as cl\u00e1usulas.<\/p>\t<div class=\"wrapper-featured-image\">\n\t\t<figure class=\"spotlightImg\">\n\n\t\t\t<picture>\n\t\t\t\t<source media=\"(max-width: 768px)\" srcset=\"https:\/\/files.sunoresearch.com.br\/n\/uploads\/2021\/04\/22bc544b-bancoimagemfotoaudiencia_ap_282059-400x200.webp\">\n\t\t\t\t<img loading=\"lazy\" decoding=\"async\" class=\"newsContent__article__imgCapa lazyloadDisabled \" src=\"https:\/\/files.sunoresearch.com.br\/n\/uploads\/2021\/04\/22bc544b-bancoimagemfotoaudiencia_ap_282059-800x450.webp\" width=\"800\" height=\"450\" alt=\"STF: ministro convoca audi\u00eancia de concilia\u00e7\u00e3o sobre ICMS do diesel\" fetchpriority=high \/>\n\t\t\t<\/picture>\n\n\t\t\t<figcaption class=\"wp-caption-text wp-caption-text--show\">Supremo Tribunal Federal (STF) decide sobre piso de enfermagem. Foto: Dorivan Marinho\/STF\/Divulga\u00e7\u00e3o<\/figcaption>\n\t\t<\/figure>\n\t<\/div>\n\n\n\t<p>\n\t\t<a href=\"\" target=\"_blank\" data-element=\"shortcode-suno-banner\" title=\"Banner SUNO, clique e saiba mais\">\n\t\t\t<picture>\n\t\t\t\t<source media=\"(max-width: 500px)\" srcset=\"\">\n\t\t\t\t<img class=\"newsContent__article__imgCapa newsContent__article__imgCapa--banner\"\n\t\t\t\t\tsrc=\"\"\n\t\t\t\t\tdata-promo-id=\"240038\"\t\t\t\t\t\t\t\t\t\t\t\t\t\t\talt=\"\"\n\t\t\t\t>\n\t\t\t<\/picture>\n\t\t<\/a>\n\t<\/p>\n\n\n<p>Segundo o ministro, a <strong>tentativa de concilia\u00e7\u00e3o<\/strong> \u00e9 recomend\u00e1vel para que possa tentar um acordo sobre medidas e planos de trabalho para a efetiva\u00e7\u00e3o da Lei Complementar (LC) 192\/2022 e sua regulamenta\u00e7\u00e3o pelo Confaz.<\/p>\n\n\t<div data-element=\"shortcode-read-more\" class=\"readToo\">\n\t\t\t\t<span class=\"readToo__title\">Leia mais<\/span>\n\t\t\t\t<ul class=\"readToo__list\">\n\t\t\t<li><a href=\"https:\/\/www.suno.com.br\/noticias\/brasil-estoque-diesel-importacao\/\">Pa\u00eds tem estoque de diesel suficiente para 38 dias sem importa\u00e7\u00e3o, diz governo<\/a><\/li><li><a href=\"https:\/\/www.suno.com.br\/noticias\/petrobras-petr4-risco-falta-diesel\/\">Petrobras (PETR4) alerta governo federal sobre risco de falta de diesel<\/a><\/li><li><a href=\"https:\/\/www.suno.com.br\/noticias\/ministro-stf-suspende-icms-diesel\/\">Ministro do STF atende governo e suspende pol\u00edticas dos Estados sobre o ICMS do diesel<\/a><\/li>\t\t<\/ul>\n\t<\/div>\n\n\n<p>Foram convocados para comparecimento presencial representantes da Advocacia-Geral da Uni\u00e3o (<strong>AGU<\/strong>), dos Minist\u00e9rios da Economia e de Minas e Energia, da Ag\u00eancia Nacional do Petr\u00f3leo, G\u00e1s Natural e Biocombust\u00edveis (<strong>ANP<\/strong>) e do Confaz, al\u00e9m dos secret\u00e1rios estaduais de Fazenda, Finan\u00e7as ou Tributa\u00e7\u00e3o e procuradores-gerais ou advogados-gerais dos 26 estados e do Distrito Federal. Governadores e os presidentes da C\u00e2mara dos Deputados e do Senado Federal tamb\u00e9m poder\u00e3o participar.<\/p>\n<p>O ministro solicitou que, segundo o site do STF, &#8220;todos os participantes sejam conhecedores da mat\u00e9ria e habilitados a atuar no processo. Como a finalidade da audi\u00eancia \u00e9 eminentemente consensual, as manifesta\u00e7\u00f5es devem ter car\u00e1ter propositivo e resolutivo. Secret\u00e1rios estaduais podem complementar informa\u00e7\u00f5es prestadas nos autos da ADI at\u00e9 a hora da audi\u00eancia.&#8221;<\/p>\n\t<p>\n\t\t<a href=\"https:\/\/lp.suno.com.br\/ebook-como-analisar-uma-acao\/\" target=\"_blank\" data-element=\"shortcode-suno-banner\" title=\"Banner SUNO, clique e saiba mais\">\n\t\t\t<picture>\n\t\t\t\t<source media=\"(max-width: 500px)\" srcset=\"https:\/\/files.sunoresearch.com.br\/n\/uploads\/2023\/03\/Ebook-Acoes-Mobile-1.jpg\">\n\t\t\t\t<img class=\"newsContent__article__imgCapa newsContent__article__imgCapa--banner\"\n\t\t\t\t\tsrc=\"https:\/\/files.sunoresearch.com.br\/n\/uploads\/2023\/03\/Ebook-Acoes-Desktop-1.jpg\"\n\t\t\t\t\tdata-promo-id=\"171998\"\t\t\t\t\t\t\t\t\t\twidth='1420' height='286'\t\t\t\t\talt=\"https:\/\/files.sunoresearch.com.br\/n\/uploads\/2023\/03\/Ebook-Acoes-Desktop-1.jpg\"\n\t\t\t\t>\n\t\t\t<\/picture>\n\t\t<\/a>\n\t<\/p>\n\n\n<h2>Al\u00edquota \u00fanica do ICMS<\/h2>\n<p>Na a\u00e7\u00e3o, a AGU sustenta que a aprova\u00e7\u00e3o do Conv\u00eanio ICMS poucos dias ap\u00f3s a promulga\u00e7\u00e3o da LC 192\/2022, aprovada na C\u00e2mara dos Deputados, que prev\u00ea a cobran\u00e7a de <a href=\"https:\/\/www.suno.com.br\/noticias\/aliquota-unica-icms-preco-diesel\/\">al\u00edquota \u00fanica<\/a> do imposto sobre gasolina, etanol e diesel, entre outros combust\u00edveis, \u201ccausou perplexidade\u201d, porque as normas d\u00e3o continuidade a um \u201csistema de tributa\u00e7\u00e3o disfuncional, federativamente assim\u00e9trico e injustamente oneroso para o contribuinte\u201d.<\/p>\n<h2>Pacheco: compromisso de pautar projetos de ICMS no plen\u00e1rio do Senado<\/h2>\n<p>Ap\u00f3s reuni\u00e3o com os secret\u00e1rios estaduais de Fazenda, o presidente do Senado, Rodrigo Pacheco (PSD-MG), garantiu que o projeto que limita as <strong>al\u00edquotas do ICMS<\/strong> sobre os combust\u00edveis &#8211; aprovado pela C\u00e2mara dos Deputados na semana passada &#8211; ser\u00e1 sim apreciado pelos senadores. Ele sinalizou, entretanto, que o texto pode sofrer altera\u00e7\u00f5es para aliviar o impacto da proposta sobre as finan\u00e7as dos Estados.<\/p>\n<p>Como mostrou o <i>Broadcast<\/i> mais cedo, os secret\u00e1rios estaduais mostraram um impacto estimado de R$ 83,5 bilh\u00f5es com a aprova\u00e7\u00e3o do PLP 211 e do PLP 18, que limita a 17% a <strong>cobran\u00e7a do ICMS<\/strong> sobre combust\u00edveis, energia el\u00e9trica, telecomunica\u00e7\u00f5es e transporte coletivo. Al\u00e9m disso haveria outra perda de cerca de R$ 10 bilh\u00f5es para os Estados com a desonera\u00e7\u00e3o da Tusd\/Tust (encargos do setor el\u00e9trico sobre os quais tamb\u00e9m incide o ICMS) e a quest\u00e3o dos fundos de combate \u00e0 pobreza, que deixar\u00e3o de existir com o fim do porcentual extra do tributo.<\/p>\n\t<p>\n\t\t<a href=\"https:\/\/lp.suno.com.br\/planilha-da-vida-financeira\/\" target=\"_blank\" data-element=\"shortcode-suno-banner\" title=\"Banner SUNO, clique e saiba mais\">\n\t\t\t<picture>\n\t\t\t\t<source media=\"(max-width: 500px)\" srcset=\"https:\/\/files.sunoresearch.com.br\/n\/uploads\/2023\/04\/400x300-Planilha-vida-financeira-true.png\">\n\t\t\t\t<img class=\"newsContent__article__imgCapa newsContent__article__imgCapa--banner\"\n\t\t\t\t\tsrc=\"https:\/\/files.sunoresearch.com.br\/n\/uploads\/2023\/04\/1420x240-Planilha-vida-financeira-true.png\"\n\t\t\t\t\tdata-promo-id=\"106682\"\t\t\t\t\t\t\t\t\t\twidth='1420' height='240'\t\t\t\t\talt=\"https:\/\/files.sunoresearch.com.br\/n\/uploads\/2023\/04\/1420x240-Planilha-vida-financeira-true.png\"\n\t\t\t\t>\n\t\t\t<\/picture>\n\t\t<\/a>\n\t<\/p>\n\n\n<p>&#8220;Os projetos de ICMS aprovados pela C\u00e2mara ser\u00e3o apreciados pelo Senado. Os secret\u00e1rios estaduais t\u00eam pondera\u00e7\u00f5es sobre os impactos financeiros, mas h\u00e1 o compromisso de pautar as propostas no plen\u00e1rio do Senado. N\u00e3o vamos engavetar projetos, n\u00e3o h\u00e1 essa hip\u00f3tese&#8221;, enfatizou Pacheco.<\/p>\n<p>O senador Fernando Bezerra Coelho (MDB-PE) foi designado como relator do texto no Senado, e far\u00e1 j\u00e1 na manh\u00e3 desta ter\u00e7a-feira (31) uma reuni\u00e3o virtual com todos os secret\u00e1rios estaduais de Fazenda para debater mudan\u00e7as no texto. Na quinta-feira (2), deve haver nova reuni\u00e3o presencial em Recife para tratar dos projetos.<\/p>\n<p>&#8220;Os Estados ter\u00e3o voz na discuss\u00e3o e o Senado buscar\u00e1 uma defini\u00e7\u00e3o r\u00e1pida para os projetos. Pretendo receber os governadores nesta semana e acredito que os projetos possam ser votados em junho pelo Senado&#8221;, acrescentou Pacheco. &#8220;O relator ter\u00e1 autonomia para fazer o parecer sobre os projetos, que ir\u00e3o direto ao plen\u00e1rio&#8221;, completou.<\/p>\n<p>O presidente do Senado aproveitou para refor\u00e7ar o pedido da Casa para que a C\u00e2mara dos Deputados vote o PLP 1472 &#8211; j\u00e1 aprovado pelos senadores &#8211; que cria uma conta de equaliza\u00e7\u00e3o com o uso de <a class=\"suno-keyword\" href=\"https:\/\/www.suno.com.br\/guias\/dividendos\/\" target=\"_blank\" rel=\"noopener\" data-force=\"no\" data-priority=\"1\">dividendos<\/a> da Petrobras (PETR4) para abater o pre\u00e7o dos combust\u00edveis que chegam aos consumidores. &#8220;A conta de estabiliza\u00e7\u00e3o \u00e9 uma medida \u00f3bvia e inteligente&#8221;, definiu. Segundo ele, por\u00e9m, a vota\u00e7\u00e3o do PLP 211 pelo Senado n\u00e3o depende da vota\u00e7\u00e3o do PLP 1472 pelos deputados.<\/p>\n\t<p>\n\t\t<a href=\"https:\/\/lp.suno.com.br\/planilha-controle-gastos\/\" target=\"_blank\" data-element=\"shortcode-suno-banner\" title=\"Banner SUNO, clique e saiba mais\">\n\t\t\t<picture>\n\t\t\t\t<source media=\"(max-width: 500px)\" srcset=\"https:\/\/files.sunoresearch.com.br\/n\/uploads\/2023\/03\/400x300-Planilha-controle-de-gastos.png\">\n\t\t\t\t<img class=\"newsContent__article__imgCapa newsContent__article__imgCapa--banner\"\n\t\t\t\t\tsrc=\"https:\/\/files.sunoresearch.com.br\/n\/uploads\/2023\/03\/1420x240-Planilha-controle-de-gastos.png\"\n\t\t\t\t\tdata-promo-id=\"101751\"\t\t\t\t\t\t\t\t\t\twidth='1420' height='240'\t\t\t\t\talt=\"https:\/\/files.sunoresearch.com.br\/n\/uploads\/2023\/03\/1420x240-Planilha-controle-de-gastos.png\"\n\t\t\t\t>\n\t\t\t<\/picture>\n\t\t<\/a>\n\t<\/p>\n\n\n<p>O relator, Fernando Bezerra, adiantou que ir\u00e1 procurar o presidente da C\u00e2mara, Arthur Lira (PP-AL) para debater as poss\u00edveis mudan\u00e7as no texto aprovado pelos deputados. Bezerra adiantou que poder\u00e1 &#8220;aprofundar&#8221; a parte do projeto que trata das compensa\u00e7\u00f5es aos Estados, embora o governo seja totalmente contr\u00e1rio a essa inten\u00e7\u00e3o. A inten\u00e7\u00e3o do relator \u00e9 votar o texto na pr\u00f3xima semana ou na seguinte. &#8220;O texto aprovado na C\u00e2mara sobre o <strong>ICMS<\/strong> tem pontos positivos, mas h\u00e1 preocupa\u00e7\u00e3o com as finan\u00e7as dos Estados. De qualquer maneira, ap\u00f3s a delibera\u00e7\u00e3o do Senado, a C\u00e2mara ter\u00e1 a \u00faltima palavra&#8221;, lembrou.<\/p>\n<p><em>Com Ag\u00eancia STF e Ag\u00eancia Estado<\/em><\/p>\n\t<p>\n\t\t<a href=\"https:\/\/lp.suno.com.br\/planilha-de-controle-de-investimentos\/\" target=\"_blank\" data-element=\"shortcode-suno-banner\" title=\"Banner SUNO, clique e saiba mais\">\n\t\t\t<picture>\n\t\t\t\t<source media=\"(max-width: 500px)\" srcset=\"https:\/\/files.sunoresearch.com.br\/n\/uploads\/2023\/03\/400x300-Controle-de-Investimentos.png\">\n\t\t\t\t<img class=\"newsContent__article__imgCapa newsContent__article__imgCapa--banner\"\n\t\t\t\t\tsrc=\"https:\/\/files.sunoresearch.com.br\/n\/uploads\/2023\/03\/1420x240-Controle-de-Investimentos.png\"\n\t\t\t\t\tdata-promo-id=\"75934\"\t\t\t\t\t\t\t\t\t\twidth='1420' height='240'\t\t\t\t\talt=\"https:\/\/files.sunoresearch.com.br\/n\/uploads\/2023\/03\/1420x240-Controle-de-Investimentos.png\"\n\t\t\t\t>\n\t\t\t<\/picture>\n\t\t<\/a>\n\t<\/p>\n\n\n","protected":false},"excerpt":{"rendered":"<p>O ministro Andr\u00e9 Mendon\u00e7a, do Supremo Tribunal Federal (STF), convocou hoje uma audi\u00eancia de concilia\u00e7\u00e3o para a pr\u00f3xima quinta-feira (2), com \u00f3rg\u00e3os federais e estaduais, para discutir duas cl\u00e1usulas do conv\u00eanio do Conselho Nacional de Pol\u00edtica Fazend\u00e1ria (Confaz) que autorizam estados a dar descontos nas al\u00edquotas de ICMS sobre \u00f3leo diesel. O ministro \u00e9 relator [&hellip;]<\/p>\n","protected":false},"author":98,"featured_media":142932,"comment_status":"closed","ping_status":"closed","sticky":false,"template":"","format":"standard","meta":[],"categories":[61],"tags":[1192,785],"suno_strategy":[],"class_list":["post-262527","post","type-post","status-publish","format-standard","has-post-thumbnail","hentry","category-politica","tag-diesel","tag-supremo-tribunal-federal-stf"],"yoast_head":"<!-- This site is optimized with the Yoast SEO plugin v24.4 - https:\/\/yoast.com\/wordpress\/plugins\/seo\/ -->\n<title>STF: ministro convoca audi\u00eancia de concilia\u00e7\u00e3o sobre ICMS do diesel<\/title>\n<meta name=\"description\" content=\"O ministro Andr\u00e9 Mendon\u00e7a, do STF, convocou audi\u00eancia para a pr\u00f3xima quinta (2), com \u00f3rg\u00e3os federais e estaduais, para discutir o ICMS\" \/>\n<meta name=\"robots\" content=\"index, follow, max-snippet:-1, max-image-preview:large, max-video-preview:-1\" \/>\n<link rel=\"canonical\" href=\"https:\/\/www.suno.com.br\/noticias\/stf-audiencia-concliacao-icms-diesel\/\" \/>\n<meta property=\"og:locale\" content=\"pt_BR\" \/>\n<meta property=\"og:type\" content=\"article\" \/>\n<meta property=\"og:title\" content=\"STF: ministro convoca audi\u00eancia de concilia\u00e7\u00e3o sobre ICMS do diesel\" \/>\n<meta property=\"og:description\" content=\"O ministro Andr\u00e9 Mendon\u00e7a, do STF, convocou audi\u00eancia para a pr\u00f3xima quinta (2), com \u00f3rg\u00e3os federais e estaduais, para discutir o ICMS\" \/>\n<meta property=\"og:url\" content=\"https:\/\/www.suno.com.br\/noticias\/stf-audiencia-concliacao-icms-diesel\/\" \/>\n<meta property=\"og:site_name\" content=\"Suno Not\u00edcias\" \/>\n<meta property=\"article:publisher\" content=\"https:\/\/facebook.com\/sunoresearch\" \/>\n<meta property=\"og:image\" content=\"https:\/\/files.sunoresearch.com.br\/n\/uploads\/2021\/04\/22bc544b-bancoimagemfotoaudiencia_ap_282059.jpg\" \/>\n\t<meta property=\"og:image:width\" content=\"2000\" \/>\n\t<meta property=\"og:image:height\" content=\"1333\" \/>\n\t<meta property=\"og:image:type\" content=\"image\/jpeg\" \/>\n<meta name=\"author\" content=\"Marco Ant\u00f4nio Lopes\" \/>\n<meta name=\"twitter:card\" content=\"summary_large_image\" \/>\n<meta name=\"twitter:creator\" content=\"@sunoresearch\" \/>\n<meta name=\"twitter:site\" content=\"@sunoresearch\" \/>\n<meta name=\"twitter:label1\" content=\"Escrito por\" \/>\n\t<meta name=\"twitter:data1\" content=\"Marco Ant\u00f4nio Lopes\" \/>\n\t<meta name=\"twitter:label2\" content=\"Est. tempo de leitura\" \/>\n\t<meta name=\"twitter:data2\" content=\"4 minutos\" \/>\n<script type=\"application\/ld+json\" class=\"yoast-schema-graph\">{\"@context\":\"https:\/\/schema.org\",\"@graph\":[{\"@type\":\"NewsArticle\",\"@id\":\"https:\/\/www.suno.com.br\/noticias\/stf-audiencia-concliacao-icms-diesel\/#article\",\"isPartOf\":{\"@id\":\"https:\/\/www.suno.com.br\/noticias\/stf-audiencia-concliacao-icms-diesel\/\"},\"author\":{\"name\":\"Marco Ant\u00f4nio Lopes\",\"@id\":\"https:\/\/www.suno.com.br\/noticias\/#\/schema\/person\/829bbe8d57f84333b966b96229c6bf5f\"},\"headline\":\"STF: ministro convoca audi\u00eancia de concilia\u00e7\u00e3o sobre ICMS do diesel\",\"datePublished\":\"2022-05-30T23:52:59+00:00\",\"mainEntityOfPage\":{\"@id\":\"https:\/\/www.suno.com.br\/noticias\/stf-audiencia-concliacao-icms-diesel\/\"},\"wordCount\":921,\"publisher\":{\"@id\":\"https:\/\/www.suno.com.br\/noticias\/#organization\"},\"image\":{\"@id\":\"https:\/\/www.suno.com.br\/noticias\/stf-audiencia-concliacao-icms-diesel\/#primaryimage\"},\"thumbnailUrl\":\"https:\/\/files.sunoresearch.com.br\/n\/uploads\/2021\/04\/22bc544b-bancoimagemfotoaudiencia_ap_282059-jpg.webp\",\"keywords\":[\"diesel\",\"Supremo Tribunal Federal (STF)\"],\"articleSection\":[\"Pol\u00edtica\"],\"inLanguage\":\"pt-BR\"},{\"@type\":\"WebPage\",\"@id\":\"https:\/\/www.suno.com.br\/noticias\/stf-audiencia-concliacao-icms-diesel\/\",\"url\":\"https:\/\/www.suno.com.br\/noticias\/stf-audiencia-concliacao-icms-diesel\/\",\"name\":\"STF: ministro convoca audi\u00eancia de concilia\u00e7\u00e3o sobre ICMS do diesel\",\"isPartOf\":{\"@id\":\"https:\/\/www.suno.com.br\/noticias\/#website\"},\"primaryImageOfPage\":{\"@id\":\"https:\/\/www.suno.com.br\/noticias\/stf-audiencia-concliacao-icms-diesel\/#primaryimage\"},\"image\":{\"@id\":\"https:\/\/www.suno.com.br\/noticias\/stf-audiencia-concliacao-icms-diesel\/#primaryimage\"},\"thumbnailUrl\":\"https:\/\/files.sunoresearch.com.br\/n\/uploads\/2021\/04\/22bc544b-bancoimagemfotoaudiencia_ap_282059-jpg.webp\",\"datePublished\":\"2022-05-30T23:52:59+00:00\",\"description\":\"O ministro Andr\u00e9 Mendon\u00e7a, do STF, convocou audi\u00eancia para a pr\u00f3xima quinta (2), com \u00f3rg\u00e3os federais e estaduais, para discutir o ICMS\",\"breadcrumb\":{\"@id\":\"https:\/\/www.suno.com.br\/noticias\/stf-audiencia-concliacao-icms-diesel\/#breadcrumb\"},\"inLanguage\":\"pt-BR\",\"potentialAction\":[{\"@type\":\"ReadAction\",\"target\":[\"https:\/\/www.suno.com.br\/noticias\/stf-audiencia-concliacao-icms-diesel\/\"]}]},{\"@type\":\"ImageObject\",\"inLanguage\":\"pt-BR\",\"@id\":\"https:\/\/www.suno.com.br\/noticias\/stf-audiencia-concliacao-icms-diesel\/#primaryimage\",\"url\":\"https:\/\/files.sunoresearch.com.br\/n\/uploads\/2021\/04\/22bc544b-bancoimagemfotoaudiencia_ap_282059-jpg.webp\",\"contentUrl\":\"https:\/\/files.sunoresearch.com.br\/n\/uploads\/2021\/04\/22bc544b-bancoimagemfotoaudiencia_ap_282059-jpg.webp\",\"width\":2000,\"height\":1333,\"caption\":\"Supremo Tribunal Federal (STF) decide sobre piso de enfermagem. Foto: Dorivan Marinho\/STF\/Divulga\u00e7\u00e3o\"},{\"@type\":\"BreadcrumbList\",\"@id\":\"https:\/\/www.suno.com.br\/noticias\/stf-audiencia-concliacao-icms-diesel\/#breadcrumb\",\"itemListElement\":[{\"@type\":\"ListItem\",\"position\":1,\"name\":\"Not\u00edcias\",\"item\":\"https:\/\/www.suno.com.br\/noticias\/\"},{\"@type\":\"ListItem\",\"position\":2,\"name\":\"Pol\u00edtica\",\"item\":\"https:\/\/www.suno.com.br\/noticias\/politica\/\"},{\"@type\":\"ListItem\",\"position\":3,\"name\":\"STF: ministro convoca audi\u00eancia de concilia\u00e7\u00e3o sobre ICMS do diesel\"}]},{\"@type\":\"WebSite\",\"@id\":\"https:\/\/www.suno.com.br\/noticias\/#website\",\"url\":\"https:\/\/www.suno.com.br\/noticias\/\",\"name\":\"Suno Not\u00edcias\",\"description\":\"Seu portal de informa\u00e7\u00e3o sobre o mundo dos investimentos\",\"publisher\":{\"@id\":\"https:\/\/www.suno.com.br\/noticias\/#organization\"},\"potentialAction\":[{\"@type\":\"SearchAction\",\"target\":{\"@type\":\"EntryPoint\",\"urlTemplate\":\"https:\/\/www.suno.com.br\/noticias\/?s={search_term_string}\"},\"query-input\":{\"@type\":\"PropertyValueSpecification\",\"valueRequired\":true,\"valueName\":\"search_term_string\"}}],\"inLanguage\":\"pt-BR\"},{\"@type\":\"Organization\",\"@id\":\"https:\/\/www.suno.com.br\/noticias\/#organization\",\"name\":\"Suno Not\u00edcias\",\"url\":\"https:\/\/www.suno.com.br\/noticias\/\",\"logo\":{\"@type\":\"ImageObject\",\"inLanguage\":\"pt-BR\",\"@id\":\"https:\/\/www.suno.com.br\/noticias\/#\/schema\/logo\/image\/\",\"url\":\"https:\/\/files.sunoresearch.com.br\/n\/uploads\/2021\/09\/suno-logo.png\",\"contentUrl\":\"https:\/\/files.sunoresearch.com.br\/n\/uploads\/2021\/09\/suno-logo.png\",\"width\":180,\"height\":180,\"caption\":\"Suno Not\u00edcias\"},\"image\":{\"@id\":\"https:\/\/www.suno.com.br\/noticias\/#\/schema\/logo\/image\/\"},\"sameAs\":[\"https:\/\/facebook.com\/sunoresearch\",\"https:\/\/x.com\/sunoresearch\",\"https:\/\/www.instagram.com\/suno\",\"https:\/\/www.linkedin.com\/company\/suno-research\/\",\"https:\/\/www.youtube.com\/c\/sunoresearch\"]},{\"@type\":\"Person\",\"@id\":\"https:\/\/www.suno.com.br\/noticias\/#\/schema\/person\/829bbe8d57f84333b966b96229c6bf5f\",\"name\":\"Marco Ant\u00f4nio Lopes\",\"image\":{\"@type\":\"ImageObject\",\"inLanguage\":\"pt-BR\",\"@id\":\"https:\/\/www.suno.com.br\/noticias\/#\/schema\/person\/image\/\",\"url\":\"https:\/\/secure.gravatar.com\/avatar\/385167b012fbc1cde32c5446ee253313?s=96&r=g\",\"contentUrl\":\"https:\/\/secure.gravatar.com\/avatar\/385167b012fbc1cde32c5446ee253313?s=96&r=g\",\"caption\":\"Marco Ant\u00f4nio Lopes\"},\"description\":\"Jornalista, \u00e9 editor no Suno Not\u00edcias. Trabalhou nas revistas Playboy, Super, Veja Comer &amp; Beber, Homem Vogue e Universo Masculino, al\u00e9m dos portais Abril.com, R7, nas editorias de Home, Esportes, Hora 7, Entretenimento e Geral, e Eu Quero Investir. Autor do livro Bruce Lee: Definitivo (Editora Conrad). Colaborou nas revistas Nova, Veja SP, Grandes Guerras, Placar, Bizz, Casa Claudia e Quatro Rodas.\",\"url\":\"https:\/\/www.suno.com.br\/noticias\/author\/marco-lopes\/\"}]}<\/script>\n<!-- \/ Yoast SEO plugin. -->","yoast_head_json":{"title":"STF: ministro convoca audi\u00eancia de concilia\u00e7\u00e3o sobre ICMS do diesel","description":"O ministro Andr\u00e9 Mendon\u00e7a, do STF, convocou audi\u00eancia para a pr\u00f3xima quinta (2), com \u00f3rg\u00e3os federais e estaduais, para discutir o ICMS","robots":{"index":"index","follow":"follow","max-snippet":"max-snippet:-1","max-image-preview":"max-image-preview:large","max-video-preview":"max-video-preview:-1"},"canonical":"https:\/\/www.suno.com.br\/noticias\/stf-audiencia-concliacao-icms-diesel\/","og_locale":"pt_BR","og_type":"article","og_title":"STF: ministro convoca audi\u00eancia de concilia\u00e7\u00e3o sobre ICMS do diesel","og_description":"O ministro Andr\u00e9 Mendon\u00e7a, do STF, convocou audi\u00eancia para a pr\u00f3xima quinta (2), com \u00f3rg\u00e3os federais e estaduais, para discutir o ICMS","og_url":"https:\/\/www.suno.com.br\/noticias\/stf-audiencia-concliacao-icms-diesel\/","og_site_name":"Suno Not\u00edcias","article_publisher":"https:\/\/facebook.com\/sunoresearch","og_image":[{"width":2000,"height":1333,"url":"https:\/\/files.sunoresearch.com.br\/n\/uploads\/2021\/04\/22bc544b-bancoimagemfotoaudiencia_ap_282059.jpg","type":"image\/jpeg"}],"author":"Marco Ant\u00f4nio Lopes","twitter_card":"summary_large_image","twitter_creator":"@sunoresearch","twitter_site":"@sunoresearch","twitter_misc":{"Escrito por":"Marco Ant\u00f4nio Lopes","Est. tempo de leitura":"4 minutos"},"schema":{"@context":"https:\/\/schema.org","@graph":[{"@type":"NewsArticle","@id":"https:\/\/www.suno.com.br\/noticias\/stf-audiencia-concliacao-icms-diesel\/#article","isPartOf":{"@id":"https:\/\/www.suno.com.br\/noticias\/stf-audiencia-concliacao-icms-diesel\/"},"author":{"name":"Marco Ant\u00f4nio Lopes","@id":"https:\/\/www.suno.com.br\/noticias\/#\/schema\/person\/829bbe8d57f84333b966b96229c6bf5f"},"headline":"STF: ministro convoca audi\u00eancia de concilia\u00e7\u00e3o sobre ICMS do diesel","datePublished":"2022-05-30T23:52:59+00:00","mainEntityOfPage":{"@id":"https:\/\/www.suno.com.br\/noticias\/stf-audiencia-concliacao-icms-diesel\/"},"wordCount":921,"publisher":{"@id":"https:\/\/www.suno.com.br\/noticias\/#organization"},"image":{"@id":"https:\/\/www.suno.com.br\/noticias\/stf-audiencia-concliacao-icms-diesel\/#primaryimage"},"thumbnailUrl":"https:\/\/files.sunoresearch.com.br\/n\/uploads\/2021\/04\/22bc544b-bancoimagemfotoaudiencia_ap_282059-jpg.webp","keywords":["diesel","Supremo Tribunal Federal (STF)"],"articleSection":["Pol\u00edtica"],"inLanguage":"pt-BR"},{"@type":"WebPage","@id":"https:\/\/www.suno.com.br\/noticias\/stf-audiencia-concliacao-icms-diesel\/","url":"https:\/\/www.suno.com.br\/noticias\/stf-audiencia-concliacao-icms-diesel\/","name":"STF: ministro convoca audi\u00eancia de concilia\u00e7\u00e3o sobre ICMS do diesel","isPartOf":{"@id":"https:\/\/www.suno.com.br\/noticias\/#website"},"primaryImageOfPage":{"@id":"https:\/\/www.suno.com.br\/noticias\/stf-audiencia-concliacao-icms-diesel\/#primaryimage"},"image":{"@id":"https:\/\/www.suno.com.br\/noticias\/stf-audiencia-concliacao-icms-diesel\/#primaryimage"},"thumbnailUrl":"https:\/\/files.sunoresearch.com.br\/n\/uploads\/2021\/04\/22bc544b-bancoimagemfotoaudiencia_ap_282059-jpg.webp","datePublished":"2022-05-30T23:52:59+00:00","description":"O ministro Andr\u00e9 Mendon\u00e7a, do STF, convocou audi\u00eancia para a pr\u00f3xima quinta (2), com \u00f3rg\u00e3os federais e estaduais, para discutir o ICMS","breadcrumb":{"@id":"https:\/\/www.suno.com.br\/noticias\/stf-audiencia-concliacao-icms-diesel\/#breadcrumb"},"inLanguage":"pt-BR","potentialAction":[{"@type":"ReadAction","target":["https:\/\/www.suno.com.br\/noticias\/stf-audiencia-concliacao-icms-diesel\/"]}]},{"@type":"ImageObject","inLanguage":"pt-BR","@id":"https:\/\/www.suno.com.br\/noticias\/stf-audiencia-concliacao-icms-diesel\/#primaryimage","url":"https:\/\/files.sunoresearch.com.br\/n\/uploads\/2021\/04\/22bc544b-bancoimagemfotoaudiencia_ap_282059-jpg.webp","contentUrl":"https:\/\/files.sunoresearch.com.br\/n\/uploads\/2021\/04\/22bc544b-bancoimagemfotoaudiencia_ap_282059-jpg.webp","width":2000,"height":1333,"caption":"Supremo Tribunal Federal (STF) decide sobre piso de enfermagem. Foto: Dorivan Marinho\/STF\/Divulga\u00e7\u00e3o"},{"@type":"BreadcrumbList","@id":"https:\/\/www.suno.com.br\/noticias\/stf-audiencia-concliacao-icms-diesel\/#breadcrumb","itemListElement":[{"@type":"ListItem","position":1,"name":"Not\u00edcias","item":"https:\/\/www.suno.com.br\/noticias\/"},{"@type":"ListItem","position":2,"name":"Pol\u00edtica","item":"https:\/\/www.suno.com.br\/noticias\/politica\/"},{"@type":"ListItem","position":3,"name":"STF: ministro convoca audi\u00eancia de concilia\u00e7\u00e3o sobre ICMS do diesel"}]},{"@type":"WebSite","@id":"https:\/\/www.suno.com.br\/noticias\/#website","url":"https:\/\/www.suno.com.br\/noticias\/","name":"Suno Not\u00edcias","description":"Seu portal de informa\u00e7\u00e3o sobre o mundo dos investimentos","publisher":{"@id":"https:\/\/www.suno.com.br\/noticias\/#organization"},"potentialAction":[{"@type":"SearchAction","target":{"@type":"EntryPoint","urlTemplate":"https:\/\/www.suno.com.br\/noticias\/?s={search_term_string}"},"query-input":{"@type":"PropertyValueSpecification","valueRequired":true,"valueName":"search_term_string"}}],"inLanguage":"pt-BR"},{"@type":"Organization","@id":"https:\/\/www.suno.com.br\/noticias\/#organization","name":"Suno Not\u00edcias","url":"https:\/\/www.suno.com.br\/noticias\/","logo":{"@type":"ImageObject","inLanguage":"pt-BR","@id":"https:\/\/www.suno.com.br\/noticias\/#\/schema\/logo\/image\/","url":"https:\/\/files.sunoresearch.com.br\/n\/uploads\/2021\/09\/suno-logo.png","contentUrl":"https:\/\/files.sunoresearch.com.br\/n\/uploads\/2021\/09\/suno-logo.png","width":180,"height":180,"caption":"Suno Not\u00edcias"},"image":{"@id":"https:\/\/www.suno.com.br\/noticias\/#\/schema\/logo\/image\/"},"sameAs":["https:\/\/facebook.com\/sunoresearch","https:\/\/x.com\/sunoresearch","https:\/\/www.instagram.com\/suno","https:\/\/www.linkedin.com\/company\/suno-research\/","https:\/\/www.youtube.com\/c\/sunoresearch"]},{"@type":"Person","@id":"https:\/\/www.suno.com.br\/noticias\/#\/schema\/person\/829bbe8d57f84333b966b96229c6bf5f","name":"Marco Ant\u00f4nio Lopes","image":{"@type":"ImageObject","inLanguage":"pt-BR","@id":"https:\/\/www.suno.com.br\/noticias\/#\/schema\/person\/image\/","url":"https:\/\/secure.gravatar.com\/avatar\/385167b012fbc1cde32c5446ee253313?s=96&r=g","contentUrl":"https:\/\/secure.gravatar.com\/avatar\/385167b012fbc1cde32c5446ee253313?s=96&r=g","caption":"Marco Ant\u00f4nio Lopes"},"description":"Jornalista, \u00e9 editor no Suno Not\u00edcias. Trabalhou nas revistas Playboy, Super, Veja Comer &amp; Beber, Homem Vogue e Universo Masculino, al\u00e9m dos portais Abril.com, R7, nas editorias de Home, Esportes, Hora 7, Entretenimento e Geral, e Eu Quero Investir. Autor do livro Bruce Lee: Definitivo (Editora Conrad). Colaborou nas revistas Nova, Veja SP, Grandes Guerras, Placar, Bizz, Casa Claudia e Quatro Rodas.","url":"https:\/\/www.suno.com.br\/noticias\/author\/marco-lopes\/"}]}},"default_loop_html":"<div class=\"cardsPage__listCard__boxs\"><div class=\"cardsPage__listCard__boxs__img\"><a href=\"https:\/\/www.suno.com.br\/noticias\/ministro-stf-suspende-icms-diesel\/\"><img class=\"mask\" src=\"https:\/\/www.suno.com.br\/noticias\/wp-content\/themes\/suno\/resources\/images\/spotlight\/spotlight1img\/bg-mask.png\" alt=\"Image Mask\"\/><img src=\"https:\/\/files.sunoresearch.com.br\/n\/uploads\/2022\/05\/Andre-Mendonca-400x200.jpg\" alt=\"Ministro do STF atende governo e suspende pol\u00edticas dos Estados sobre o ICMS do diesel\"\/><\/a><span class=\"spotlightCategory\"><a href=\"https:\/\/www.suno.com.br\/noticias\/negocios\/\">Neg\u00f3cios<\/a><\/span><\/div><div class=\"cardsPage__listCard__boxs__content\"><a href=\"https:\/\/www.suno.com.br\/noticias\/ministro-stf-suspende-icms-diesel\/\"><h2 class=\"content__title\">Ministro do STF atende governo e suspende pol\u00edticas dos Estados sobre o ICMS do diesel<\/h2><\/a><div class=\"newsContent__article__meta\"><div class=\"newsContent__article__meta__authorBox\"><a href=\"https:\/\/www.suno.com.br\/noticias\/author\/ana-curysuno-com-br\/\" class=\"authorBox__avatar noMobi\"><img src=\"https:\/\/files.sunoresearch.com.br\/n\/uploads\/2022\/04\/IMG-9970-1-150x150.jpg\" alt=\"Ana Carolina Cury\"><\/a><div class=\"authorBox__name\"><span>por\n\t\t\t<a href=\"https:\/\/www.suno.com.br\/noticias\/author\/ana-curysuno-com-br\/\"><span itemprop=\"author\">Ana Carolina Cury<\/span><\/a><\/span><time datetime=\"2022-05-14T13:45:53-03:00\" itemprop=\"datePublished\">14\/05\/2022 13:45<\/time><\/div><\/div><\/div><\/div><\/div>","single_layout":"posts","amp_enabled":true,"_links":{"self":[{"href":"https:\/\/www.suno.com.br\/noticias\/wp-json\/wp\/v2\/posts\/262527"}],"collection":[{"href":"https:\/\/www.suno.com.br\/noticias\/wp-json\/wp\/v2\/posts"}],"about":[{"href":"https:\/\/www.suno.com.br\/noticias\/wp-json\/wp\/v2\/types\/post"}],"author":[{"embeddable":true,"href":"https:\/\/www.suno.com.br\/noticias\/wp-json\/wp\/v2\/users\/98"}],"replies":[{"embeddable":true,"href":"https:\/\/www.suno.com.br\/noticias\/wp-json\/wp\/v2\/comments?post=262527"}],"version-history":[{"count":1,"href":"https:\/\/www.suno.com.br\/noticias\/wp-json\/wp\/v2\/posts\/262527\/revisions"}],"predecessor-version":[{"id":262539,"href":"https:\/\/www.suno.com.br\/noticias\/wp-json\/wp\/v2\/posts\/262527\/revisions\/262539"}],"wp:featuredmedia":[{"embeddable":true,"href":"https:\/\/www.suno.com.br\/noticias\/wp-json\/wp\/v2\/media\/142932"}],"wp:attachment":[{"href":"https:\/\/www.suno.com.br\/noticias\/wp-json\/wp\/v2\/media?parent=262527"}],"wp:term":[{"taxonomy":"category","embeddable":true,"href":"https:\/\/www.suno.com.br\/noticias\/wp-json\/wp\/v2\/categories?post=262527"},{"taxonomy":"post_tag","embeddable":true,"href":"https:\/\/www.suno.com.br\/noticias\/wp-json\/wp\/v2\/tags?post=262527"},{"taxonomy":"suno_strategy","embeddable":true,"href":"https:\/\/www.suno.com.br\/noticias\/wp-json\/wp\/v2\/suno_strategy?post=262527"}],"curies":[{"name":"wp","href":"https:\/\/api.w.org\/{rel}","templated":true}]}}