{"id":262179,"date":"2022-05-29T10:49:00","date_gmt":"2022-05-29T13:49:00","guid":{"rendered":"https:\/\/www.suno.com.br\/noticias\/?p=262179"},"modified":"2022-05-29T10:49:00","modified_gmt":"2022-05-29T13:49:00","slug":"moto-eletrica-fila-espera-mercado","status":"publish","type":"post","link":"https:\/\/www.suno.com.br\/noticias\/moto-eletrica-fila-espera-mercado\/","title":{"rendered":"Fila para comprar moto el\u00e9trica no Brasil pode passar de 1 ano"},"content":{"rendered":"<p>Entusiasta de novas tecnologias, o jornalista Victor Coelho, de 35 anos, viu na<strong> moto el\u00e9trica<\/strong> da empresa brasileira Voltz uma forma de reduzir seu custo de deslocamento di\u00e1rio para o trabalho.<\/p>\t<div class=\"wrapper-featured-image\">\n\t\t<figure class=\"spotlightImg\">\n\n\t\t\t<picture>\n\t\t\t\t<source media=\"(max-width: 768px)\" srcset=\"https:\/\/files.sunoresearch.com.br\/n\/uploads\/2022\/05\/sam-carter-JU1SVl4smHM-unsplash-1-400x200.jpg\">\n\t\t\t\t<img loading=\"lazy\" decoding=\"async\" class=\"newsContent__article__imgCapa lazyloadDisabled \" src=\"https:\/\/files.sunoresearch.com.br\/n\/uploads\/2022\/05\/sam-carter-JU1SVl4smHM-unsplash-1-800x450.jpg\" width=\"800\" height=\"450\" alt=\"Fila para comprar moto el\u00e9trica no Brasil pode passar de 1 ano\" fetchpriority=high \/>\n\t\t\t<\/picture>\n\n\t\t\t<figcaption class=\"wp-caption-text wp-caption-text--show\">Moto el\u00e9trica. Foto Unsplash<\/figcaption>\n\t\t<\/figure>\n\t<\/div>\n\n\n\t<p>\n\t\t<a href=\"\" target=\"_blank\" data-element=\"shortcode-suno-banner\" title=\"Banner SUNO, clique e saiba mais\">\n\t\t\t<picture>\n\t\t\t\t<source media=\"(max-width: 500px)\" srcset=\"\">\n\t\t\t\t<img class=\"newsContent__article__imgCapa newsContent__article__imgCapa--banner\"\n\t\t\t\t\tsrc=\"\"\n\t\t\t\t\tdata-promo-id=\"138420\"\t\t\t\t\t\t\t\t\t\t\t\t\t\t\talt=\"\"\n\t\t\t\t>\n\t\t\t<\/picture>\n\t\t<\/a>\n\t<\/p>\n\n\n<p>Com o litro da gasolina vendido em S\u00e3o Paulo atualmente a quase R$ 7, o gasto para abastecer uma moto com tanque de 16 litros chega a R$ 116. J\u00e1 o custo para um carregamento completo para a vers\u00e3o com duas baterias da moto el\u00e9trica EVS, da Voltz, sai por volta de R$ 2.<\/p>\n<p>O caminho do jornalista at\u00e9 essa economia, no entanto, foi longo. Entre a compra da<strong> motocicleta<\/strong> e a entrega pela montadora, Coelho esperou 1 ano e 3 meses pelo ve\u00edculo. E precisou ter paci\u00eancia para relevar v\u00e1rios adiamentos.<\/p>\n<p>Enquanto isso, foi obrigado a manter sua <strong>motocicleta a combust\u00e3o<\/strong>, tendo de renovar o seguro dela na virada de 2021 para 2022.<\/p>\n\t<p>\n\t\t<a href=\"https:\/\/lp.suno.com.br\/planilha-controle-gastos\/\" target=\"_blank\" data-element=\"shortcode-suno-banner\" title=\"Banner SUNO, clique e saiba mais\">\n\t\t\t<picture>\n\t\t\t\t<source media=\"(max-width: 500px)\" srcset=\"https:\/\/files.sunoresearch.com.br\/n\/uploads\/2023\/03\/400x300-Planilha-controle-de-gastos.png\">\n\t\t\t\t<img class=\"newsContent__article__imgCapa newsContent__article__imgCapa--banner\"\n\t\t\t\t\tsrc=\"https:\/\/files.sunoresearch.com.br\/n\/uploads\/2023\/03\/1420x240-Planilha-controle-de-gastos.png\"\n\t\t\t\t\tdata-promo-id=\"101751\"\t\t\t\t\t\t\t\t\t\twidth='1420' height='240'\t\t\t\t\talt=\"https:\/\/files.sunoresearch.com.br\/n\/uploads\/2023\/03\/1420x240-Planilha-controle-de-gastos.png\"\n\t\t\t\t>\n\t\t\t<\/picture>\n\t\t<\/a>\n\t<\/p>\n\n\n<p>&#8220;Fiquei extremamente chateado com toda essa situa\u00e7\u00e3o, porque realmente acreditava na empresa. Havia comprado mais do que uma <strong>moto<\/strong>, era uma cren\u00e7a em um projeto &#8211; tanto que tamb\u00e9m adquiri um capacete para vestir a marca por a\u00ed. Eu perdi totalmente essa paix\u00e3o e entendo quem desistiu da compra e pediu ressarcimento&#8221;, afirma Coelho.<\/p>\n<p>De acordo com a <strong>Voltz<\/strong>, empresa criada em Recife, problemas como o de Coelho ocorreram porque a empresa foi surpreendida com um grande interesse dos consumidores. Na pr\u00e9-venda, iniciada em 2020, foram vendidas 2 mil motos em 15 dias.<\/p>\n<p>Por\u00e9m, a demanda e a oferta n\u00e3o estavam alinhadas. Ent\u00e3o, os atrasos come\u00e7aram. &#8220;Tivemos problemas como falta de mat\u00e9ria-prima, frete mar\u00edtimo, entre outros desafios&#8221;, informou a empresa em e-mail enviado \u00e0 reportagem.<\/p>\n<p>Para amenizar os problemas, a companhia ofereceu &#8220;vouchers&#8221; de desconto em aplicativos de transporte para quem tinha comprado uma moto EVS.<\/p>\n<p>Al\u00e9m da falta de pe\u00e7as e desafios produtivos, o <strong>pre\u00e7o das motos el\u00e9tricas<\/strong> ainda \u00e9 mais alto do que o de motos a combust\u00e3o &#8211; elas chegam a custar o dobro, ou cerca de R$ 25 mil. Fora isso, h\u00e1 o tempo necess\u00e1rio para recarregar as baterias, de cerca de cinco horas.<\/p>\n<p>A <strong>autonomia da moto el\u00e9trica<\/strong> tamb\u00e9m \u00e9 menor do que a de uma moto a combust\u00e3o, 180 km ante 640 km, mas o pre\u00e7o final ainda \u00e9 mais baixo para o consumidor. Em um trajeto de 20 km, o gasto com combust\u00edvel \u00e9 de R$ 3,63 ante R$ 0,30 em uma el\u00e9trica &#8211; uma diferen\u00e7a de 1.000%.<\/p>\n\t<p>\n\t\t<a href=\"https:\/\/lp.suno.com.br\/planilha-da-vida-financeira\/\" target=\"_blank\" data-element=\"shortcode-suno-banner\" title=\"Banner SUNO, clique e saiba mais\">\n\t\t\t<picture>\n\t\t\t\t<source media=\"(max-width: 500px)\" srcset=\"https:\/\/files.sunoresearch.com.br\/n\/uploads\/2023\/04\/400x300-Planilha-vida-financeira-true.png\">\n\t\t\t\t<img class=\"newsContent__article__imgCapa newsContent__article__imgCapa--banner\"\n\t\t\t\t\tsrc=\"https:\/\/files.sunoresearch.com.br\/n\/uploads\/2023\/04\/1420x240-Planilha-vida-financeira-true.png\"\n\t\t\t\t\tdata-promo-id=\"106682\"\t\t\t\t\t\t\t\t\t\twidth='1420' height='240'\t\t\t\t\talt=\"https:\/\/files.sunoresearch.com.br\/n\/uploads\/2023\/04\/1420x240-Planilha-vida-financeira-true.png\"\n\t\t\t\t>\n\t\t\t<\/picture>\n\t\t<\/a>\n\t<\/p>\n\n\n<p>O Estad\u00e3o apurou que a empresa vendeu mais motocicletas do que teve capacidade de entregar aos consumidores. Entre outros componentes, a Voltz lida com escassez das baterias para as motos. Em grupos no aplicativo de mensagens Telegram, as cr\u00edticas aos atrasos nas entregas s\u00e3o constantes em todas as publica\u00e7\u00f5es da empresa neste ano.<\/p>\n<p>A companhia trabalha para ampliar a capacidade produtiva. Com uma nova f\u00e1brica em Manaus, a empresa planeja produzir, com montagem em dois turnos por dia, 2 mil motos ao m\u00eas. A f\u00e1brica deve come\u00e7ar a funcionar nos pr\u00f3ximos dias.<\/p>\n<p>A Voltz recebeu um aporte de R$ 100 milh\u00f5es no ano passado para ampliar seus neg\u00f3cios no Pa\u00eds. Al\u00e9m de ser voltada para consumidores finais, a startup vende os ve\u00edculos em parceria com aplicativos de delivery, como o iFood. Outras companhias de entregas, como Loggi e Shippify, tamb\u00e9m est\u00e3o no radar para novas parcerias.<\/p>\n<h2><b>Segmento de moto el\u00e9trica \u00e9 disputado pelas startups<\/b><\/h2>\n<p>Enquanto as tradicionais l\u00edderes do setor ainda engatinham na eletrifica\u00e7\u00e3o &#8211; a Honda s\u00f3 planeja lan\u00e7ar esse produto no Pa\u00eds em 2024, e a<strong> Yamaha<\/strong> apenas anunciou sua entrada no segmento de<strong> scooters el\u00e9trica<\/strong>s -, o setor est\u00e1 ganhando a aten\u00e7\u00e3o de startups, incluindo algumas que s\u00e3o apoiadas por neg\u00f3cios tradicionais.<\/p>\n<p>De olho nessa tend\u00eancia, a fabricante de eletroeletr\u00f4nicos <strong>Multilaser<\/strong> fechou um acordo de aquisi\u00e7\u00e3o da novata<strong> Watts<\/strong>, por R$ 10,5 milh\u00f5es, em mar\u00e7o. Com 22 concession\u00e1rias espalhadas pelas cinco regi\u00f5es do Pa\u00eds, a Watts \u00e9 focada em <strong>ve\u00edculos el\u00e9tricos<\/strong>, como scooters e patinetes.<\/p>\n<p>Mas a empresa j\u00e1 est\u00e1 indo al\u00e9m. Sua primeira motocicleta, chamada W125, \u00e9 equivalente a um ve\u00edculo de 125 cilindradas a combust\u00e3o. Com autonomia de at\u00e9 110 km e cinco horas de tempo total de recarga da bateria, a E-125 atinge at\u00e9 100 km\/h e tem pre\u00e7o de tabela a partir de R$ 20 mil.<\/p>\n\t<p>\n\t\t<a href=\"https:\/\/lp.suno.com.br\/ebook-como-analisar-uma-acao\/\" target=\"_blank\" data-element=\"shortcode-suno-banner\" title=\"Banner SUNO, clique e saiba mais\">\n\t\t\t<picture>\n\t\t\t\t<source media=\"(max-width: 500px)\" srcset=\"https:\/\/files.sunoresearch.com.br\/n\/uploads\/2023\/03\/Ebook-Acoes-Mobile-1.jpg\">\n\t\t\t\t<img class=\"newsContent__article__imgCapa newsContent__article__imgCapa--banner\"\n\t\t\t\t\tsrc=\"https:\/\/files.sunoresearch.com.br\/n\/uploads\/2023\/03\/Ebook-Acoes-Desktop-1.jpg\"\n\t\t\t\t\tdata-promo-id=\"171998\"\t\t\t\t\t\t\t\t\t\twidth='1420' height='286'\t\t\t\t\talt=\"https:\/\/files.sunoresearch.com.br\/n\/uploads\/2023\/03\/Ebook-Acoes-Desktop-1.jpg\"\n\t\t\t\t>\n\t\t\t<\/picture>\n\t\t<\/a>\n\t<\/p>\n\n\n<p>&#8220;Queremos trazer a realidade mundial da mobilidade el\u00e9trica para o Brasil. Muito se fala sobre carro el\u00e9trico, mas h\u00e1 uma oportunidade nos ve\u00edculos mais leves&#8221;, afirma Rodrigo Gomes, diretor comercial e cofundador da Watts.<\/p>\n<p>Para crescer, a companhia vai apostar nas vendas para consumidores, empresas e governos. &#8220;Somos entusiastas da <strong>mobilidade el\u00e9trica<\/strong>. Na \u00c1sia, vemos essa tend\u00eancia urbana oferecendo praticidade \u00e0s pessoas e reduzindo a emiss\u00e3o de gases poluentes no meio ambiente&#8221;, diz Andr\u00e9 Poroger, vice-presidente de produtos da Multilaser.<\/p>\n<p>Segundo a Federa\u00e7\u00e3o Nacional da Distribui\u00e7\u00e3o de Ve\u00edculos Automotores (Fenabrave), no ano passado foram vendidos 1.424 ve\u00edculos el\u00e9tricos de duas rodas, entre motocicletas, scooters e triciclos &#8211; salto de 56% na compara\u00e7\u00e3o com 2020. Apesar de crescente, a parcela \u00e9 apenas uma fra\u00e7\u00e3o do mercado. Mais de 1,1 milh\u00e3o de motocicletas foram vendidas no Pa\u00eds em 2021.<\/p>\n<p>Em dez anos, de 2010 para 2020, as motocicletas movidas a gasolina e etanol passaram de uma m\u00e9dia de emiss\u00e3o de CO2 de 61 gramas por quil\u00f4metro rodado para 46 gramas, uma queda de 32,6%, de acordo com dados da Promot, programa de controle da polui\u00e7\u00e3o do ar do segmento. Considerando os dados de 2003 a 2020, a redu\u00e7\u00e3o de emiss\u00f5es de CO2 das motocicletas no Pa\u00eds chega a 57,3%.<\/p>\n<p>Apesar do avan\u00e7o, as <strong>motos el\u00e9tricas<\/strong> est\u00e3o mais alinhadas \u00e0 agenda de sustentabilidade das empresas, pois a emiss\u00e3o de poluentes por esses modelos \u00e9 zero.<\/p>\n<p>Com Estad\u00e3o Conte\u00fado<\/p>\n\t<p>\n\t\t<a href=\"https:\/\/lp.suno.com.br\/planilha-de-controle-de-investimentos\/\" target=\"_blank\" data-element=\"shortcode-suno-banner\" title=\"Banner SUNO, clique e saiba mais\">\n\t\t\t<picture>\n\t\t\t\t<source media=\"(max-width: 500px)\" srcset=\"https:\/\/files.sunoresearch.com.br\/n\/uploads\/2023\/03\/400x300-Controle-de-Investimentos.png\">\n\t\t\t\t<img class=\"newsContent__article__imgCapa newsContent__article__imgCapa--banner\"\n\t\t\t\t\tsrc=\"https:\/\/files.sunoresearch.com.br\/n\/uploads\/2023\/03\/1420x240-Controle-de-Investimentos.png\"\n\t\t\t\t\tdata-promo-id=\"75934\"\t\t\t\t\t\t\t\t\t\twidth='1420' height='240'\t\t\t\t\talt=\"https:\/\/files.sunoresearch.com.br\/n\/uploads\/2023\/03\/1420x240-Controle-de-Investimentos.png\"\n\t\t\t\t>\n\t\t\t<\/picture>\n\t\t<\/a>\n\t<\/p>\n\n\n","protected":false},"excerpt":{"rendered":"<p>Entusiasta de novas tecnologias, o jornalista Victor Coelho, de 35 anos, viu na moto el\u00e9trica da empresa brasileira Voltz uma forma de reduzir seu custo de deslocamento di\u00e1rio para o trabalho. Moto el\u00e9trica. Foto Unsplash Com o litro da gasolina vendido em S\u00e3o Paulo atualmente a quase R$ 7, o gasto para abastecer uma moto [&hellip;]<\/p>\n","protected":false},"author":43,"featured_media":262189,"comment_status":"closed","ping_status":"closed","sticky":false,"template":"","format":"standard","meta":[],"categories":[64],"tags":[],"suno_strategy":[],"class_list":["post-262179","post","type-post","status-publish","format-standard","has-post-thumbnail","hentry","category-negocios"],"yoast_head":"<!-- This site is optimized with the Yoast SEO plugin v24.4 - https:\/\/yoast.com\/wordpress\/plugins\/seo\/ -->\n<title>Fila para comprar moto el\u00e9trica no Brasil pode passar de 1 ano<\/title>\n<meta name=\"description\" content=\"A demanda por motos el\u00e9tricas disparou com a alta dos combust\u00edveis, mas a fila de espera pode passar de um ano. Leia aqui.\" \/>\n<meta name=\"robots\" content=\"index, follow, max-snippet:-1, max-image-preview:large, max-video-preview:-1\" \/>\n<link rel=\"canonical\" href=\"https:\/\/www.suno.com.br\/noticias\/moto-eletrica-fila-espera-mercado\/\" \/>\n<meta property=\"og:locale\" content=\"pt_BR\" \/>\n<meta property=\"og:type\" content=\"article\" \/>\n<meta property=\"og:title\" content=\"Fila para comprar moto el\u00e9trica no Brasil pode passar de 1 ano\" \/>\n<meta property=\"og:description\" content=\"A demanda por motos el\u00e9tricas disparou com a alta dos combust\u00edveis, mas a fila de espera pode passar de um ano. Leia aqui.\" \/>\n<meta property=\"og:url\" content=\"https:\/\/www.suno.com.br\/noticias\/moto-eletrica-fila-espera-mercado\/\" \/>\n<meta property=\"og:site_name\" content=\"Suno Not\u00edcias\" \/>\n<meta property=\"article:publisher\" content=\"https:\/\/facebook.com\/sunoresearch\" \/>\n<meta property=\"article:author\" content=\"https:\/\/www.facebook.com\/sunonoticias\/\" \/>\n<meta property=\"og:image\" content=\"https:\/\/files.sunoresearch.com.br\/n\/uploads\/2022\/05\/sam-carter-JU1SVl4smHM-unsplash-1-scaled.jpg\" \/>\n\t<meta property=\"og:image:width\" content=\"2560\" \/>\n\t<meta property=\"og:image:height\" content=\"1707\" \/>\n\t<meta property=\"og:image:type\" content=\"image\/jpeg\" \/>\n<meta name=\"author\" content=\"Reda\u00e7\u00e3o Suno Not\u00edcias\" \/>\n<meta name=\"twitter:card\" content=\"summary_large_image\" \/>\n<meta name=\"twitter:creator\" content=\"@https:\/\/twitter.com\/sunoresearch\" \/>\n<meta name=\"twitter:site\" content=\"@sunoresearch\" \/>\n<meta name=\"twitter:label1\" content=\"Escrito por\" \/>\n\t<meta name=\"twitter:data1\" content=\"Reda\u00e7\u00e3o Suno Not\u00edcias\" \/>\n\t<meta name=\"twitter:label2\" content=\"Est. tempo de leitura\" \/>\n\t<meta name=\"twitter:data2\" content=\"5 minutos\" \/>\n<script type=\"application\/ld+json\" class=\"yoast-schema-graph\">{\"@context\":\"https:\/\/schema.org\",\"@graph\":[{\"@type\":\"NewsArticle\",\"@id\":\"https:\/\/www.suno.com.br\/noticias\/moto-eletrica-fila-espera-mercado\/#article\",\"isPartOf\":{\"@id\":\"https:\/\/www.suno.com.br\/noticias\/moto-eletrica-fila-espera-mercado\/\"},\"author\":{\"name\":\"Reda\u00e7\u00e3o Suno Not\u00edcias\",\"@id\":\"https:\/\/www.suno.com.br\/noticias\/#\/schema\/person\/c1b1bd3727fa852bd045e9dbff3673ea\"},\"headline\":\"Fila para comprar moto el\u00e9trica no Brasil pode passar de 1 ano\",\"datePublished\":\"2022-05-29T13:49:00+00:00\",\"mainEntityOfPage\":{\"@id\":\"https:\/\/www.suno.com.br\/noticias\/moto-eletrica-fila-espera-mercado\/\"},\"wordCount\":1014,\"publisher\":{\"@id\":\"https:\/\/www.suno.com.br\/noticias\/#organization\"},\"image\":{\"@id\":\"https:\/\/www.suno.com.br\/noticias\/moto-eletrica-fila-espera-mercado\/#primaryimage\"},\"thumbnailUrl\":\"https:\/\/files.sunoresearch.com.br\/n\/uploads\/2022\/05\/sam-carter-JU1SVl4smHM-unsplash-1-scaled.jpg\",\"articleSection\":[\"Neg\u00f3cios\"],\"inLanguage\":\"pt-BR\"},{\"@type\":\"WebPage\",\"@id\":\"https:\/\/www.suno.com.br\/noticias\/moto-eletrica-fila-espera-mercado\/\",\"url\":\"https:\/\/www.suno.com.br\/noticias\/moto-eletrica-fila-espera-mercado\/\",\"name\":\"Fila para comprar moto el\u00e9trica no Brasil pode passar de 1 ano\",\"isPartOf\":{\"@id\":\"https:\/\/www.suno.com.br\/noticias\/#website\"},\"primaryImageOfPage\":{\"@id\":\"https:\/\/www.suno.com.br\/noticias\/moto-eletrica-fila-espera-mercado\/#primaryimage\"},\"image\":{\"@id\":\"https:\/\/www.suno.com.br\/noticias\/moto-eletrica-fila-espera-mercado\/#primaryimage\"},\"thumbnailUrl\":\"https:\/\/files.sunoresearch.com.br\/n\/uploads\/2022\/05\/sam-carter-JU1SVl4smHM-unsplash-1-scaled.jpg\",\"datePublished\":\"2022-05-29T13:49:00+00:00\",\"description\":\"A demanda por motos el\u00e9tricas disparou com a alta dos combust\u00edveis, mas a fila de espera pode passar de um ano. Leia aqui.\",\"breadcrumb\":{\"@id\":\"https:\/\/www.suno.com.br\/noticias\/moto-eletrica-fila-espera-mercado\/#breadcrumb\"},\"inLanguage\":\"pt-BR\",\"potentialAction\":[{\"@type\":\"ReadAction\",\"target\":[\"https:\/\/www.suno.com.br\/noticias\/moto-eletrica-fila-espera-mercado\/\"]}]},{\"@type\":\"ImageObject\",\"inLanguage\":\"pt-BR\",\"@id\":\"https:\/\/www.suno.com.br\/noticias\/moto-eletrica-fila-espera-mercado\/#primaryimage\",\"url\":\"https:\/\/files.sunoresearch.com.br\/n\/uploads\/2022\/05\/sam-carter-JU1SVl4smHM-unsplash-1-scaled.jpg\",\"contentUrl\":\"https:\/\/files.sunoresearch.com.br\/n\/uploads\/2022\/05\/sam-carter-JU1SVl4smHM-unsplash-1-scaled.jpg\",\"width\":2560,\"height\":1707,\"caption\":\"Moto el\u00e9trica. Foto Unsplash\"},{\"@type\":\"BreadcrumbList\",\"@id\":\"https:\/\/www.suno.com.br\/noticias\/moto-eletrica-fila-espera-mercado\/#breadcrumb\",\"itemListElement\":[{\"@type\":\"ListItem\",\"position\":1,\"name\":\"Not\u00edcias\",\"item\":\"https:\/\/www.suno.com.br\/noticias\/\"},{\"@type\":\"ListItem\",\"position\":2,\"name\":\"Neg\u00f3cios\",\"item\":\"https:\/\/www.suno.com.br\/noticias\/negocios\/\"},{\"@type\":\"ListItem\",\"position\":3,\"name\":\"Fila para comprar moto el\u00e9trica no Brasil pode passar de 1 ano\"}]},{\"@type\":\"WebSite\",\"@id\":\"https:\/\/www.suno.com.br\/noticias\/#website\",\"url\":\"https:\/\/www.suno.com.br\/noticias\/\",\"name\":\"Suno Not\u00edcias\",\"description\":\"Seu portal de informa\u00e7\u00e3o sobre o mundo dos investimentos\",\"publisher\":{\"@id\":\"https:\/\/www.suno.com.br\/noticias\/#organization\"},\"potentialAction\":[{\"@type\":\"SearchAction\",\"target\":{\"@type\":\"EntryPoint\",\"urlTemplate\":\"https:\/\/www.suno.com.br\/noticias\/?s={search_term_string}\"},\"query-input\":{\"@type\":\"PropertyValueSpecification\",\"valueRequired\":true,\"valueName\":\"search_term_string\"}}],\"inLanguage\":\"pt-BR\"},{\"@type\":\"Organization\",\"@id\":\"https:\/\/www.suno.com.br\/noticias\/#organization\",\"name\":\"Suno Not\u00edcias\",\"url\":\"https:\/\/www.suno.com.br\/noticias\/\",\"logo\":{\"@type\":\"ImageObject\",\"inLanguage\":\"pt-BR\",\"@id\":\"https:\/\/www.suno.com.br\/noticias\/#\/schema\/logo\/image\/\",\"url\":\"https:\/\/files.sunoresearch.com.br\/n\/uploads\/2021\/09\/suno-logo.png\",\"contentUrl\":\"https:\/\/files.sunoresearch.com.br\/n\/uploads\/2021\/09\/suno-logo.png\",\"width\":180,\"height\":180,\"caption\":\"Suno Not\u00edcias\"},\"image\":{\"@id\":\"https:\/\/www.suno.com.br\/noticias\/#\/schema\/logo\/image\/\"},\"sameAs\":[\"https:\/\/facebook.com\/sunoresearch\",\"https:\/\/x.com\/sunoresearch\",\"https:\/\/www.instagram.com\/suno\",\"https:\/\/www.linkedin.com\/company\/suno-research\/\",\"https:\/\/www.youtube.com\/c\/sunoresearch\"]},{\"@type\":\"Person\",\"@id\":\"https:\/\/www.suno.com.br\/noticias\/#\/schema\/person\/c1b1bd3727fa852bd045e9dbff3673ea\",\"name\":\"Reda\u00e7\u00e3o Suno Not\u00edcias\",\"image\":{\"@type\":\"ImageObject\",\"inLanguage\":\"pt-BR\",\"@id\":\"https:\/\/www.suno.com.br\/noticias\/#\/schema\/person\/image\/\",\"url\":\"https:\/\/secure.gravatar.com\/avatar\/b8104b9b5a71985d5238ee59fbe418af?s=96&r=g\",\"contentUrl\":\"https:\/\/secure.gravatar.com\/avatar\/b8104b9b5a71985d5238ee59fbe418af?s=96&r=g\",\"caption\":\"Reda\u00e7\u00e3o Suno Not\u00edcias\"},\"description\":\"O Suno Not\u00edcias \u00e9 um portal de informa\u00e7\u00f5es sobre Mercado Financeiro, Pol\u00edtica, Neg\u00f3cios, Economia e Finan\u00e7as Pessoais.\",\"sameAs\":[\"https:\/\/www.suno.com.br\/noticias\",\"https:\/\/www.facebook.com\/sunonoticias\/\",\"https:\/\/www.instagram.com\/sunonoticias\/\",\"https:\/\/x.com\/https:\/\/twitter.com\/sunoresearch\",\"https:\/\/www.youtube.com\/sunonoticias\"],\"url\":\"https:\/\/www.suno.com.br\/noticias\/author\/redacao-suno\/\"}]}<\/script>\n<!-- \/ Yoast SEO plugin. -->","yoast_head_json":{"title":"Fila para comprar moto el\u00e9trica no Brasil pode passar de 1 ano","description":"A demanda por motos el\u00e9tricas disparou com a alta dos combust\u00edveis, mas a fila de espera pode passar de um ano. Leia aqui.","robots":{"index":"index","follow":"follow","max-snippet":"max-snippet:-1","max-image-preview":"max-image-preview:large","max-video-preview":"max-video-preview:-1"},"canonical":"https:\/\/www.suno.com.br\/noticias\/moto-eletrica-fila-espera-mercado\/","og_locale":"pt_BR","og_type":"article","og_title":"Fila para comprar moto el\u00e9trica no Brasil pode passar de 1 ano","og_description":"A demanda por motos el\u00e9tricas disparou com a alta dos combust\u00edveis, mas a fila de espera pode passar de um ano. Leia aqui.","og_url":"https:\/\/www.suno.com.br\/noticias\/moto-eletrica-fila-espera-mercado\/","og_site_name":"Suno Not\u00edcias","article_publisher":"https:\/\/facebook.com\/sunoresearch","article_author":"https:\/\/www.facebook.com\/sunonoticias\/","og_image":[{"width":2560,"height":1707,"url":"https:\/\/files.sunoresearch.com.br\/n\/uploads\/2022\/05\/sam-carter-JU1SVl4smHM-unsplash-1-scaled.jpg","type":"image\/jpeg"}],"author":"Reda\u00e7\u00e3o Suno Not\u00edcias","twitter_card":"summary_large_image","twitter_creator":"@https:\/\/twitter.com\/sunoresearch","twitter_site":"@sunoresearch","twitter_misc":{"Escrito por":"Reda\u00e7\u00e3o Suno Not\u00edcias","Est. tempo de leitura":"5 minutos"},"schema":{"@context":"https:\/\/schema.org","@graph":[{"@type":"NewsArticle","@id":"https:\/\/www.suno.com.br\/noticias\/moto-eletrica-fila-espera-mercado\/#article","isPartOf":{"@id":"https:\/\/www.suno.com.br\/noticias\/moto-eletrica-fila-espera-mercado\/"},"author":{"name":"Reda\u00e7\u00e3o Suno Not\u00edcias","@id":"https:\/\/www.suno.com.br\/noticias\/#\/schema\/person\/c1b1bd3727fa852bd045e9dbff3673ea"},"headline":"Fila para comprar moto el\u00e9trica no Brasil pode passar de 1 ano","datePublished":"2022-05-29T13:49:00+00:00","mainEntityOfPage":{"@id":"https:\/\/www.suno.com.br\/noticias\/moto-eletrica-fila-espera-mercado\/"},"wordCount":1014,"publisher":{"@id":"https:\/\/www.suno.com.br\/noticias\/#organization"},"image":{"@id":"https:\/\/www.suno.com.br\/noticias\/moto-eletrica-fila-espera-mercado\/#primaryimage"},"thumbnailUrl":"https:\/\/files.sunoresearch.com.br\/n\/uploads\/2022\/05\/sam-carter-JU1SVl4smHM-unsplash-1-scaled.jpg","articleSection":["Neg\u00f3cios"],"inLanguage":"pt-BR"},{"@type":"WebPage","@id":"https:\/\/www.suno.com.br\/noticias\/moto-eletrica-fila-espera-mercado\/","url":"https:\/\/www.suno.com.br\/noticias\/moto-eletrica-fila-espera-mercado\/","name":"Fila para comprar moto el\u00e9trica no Brasil pode passar de 1 ano","isPartOf":{"@id":"https:\/\/www.suno.com.br\/noticias\/#website"},"primaryImageOfPage":{"@id":"https:\/\/www.suno.com.br\/noticias\/moto-eletrica-fila-espera-mercado\/#primaryimage"},"image":{"@id":"https:\/\/www.suno.com.br\/noticias\/moto-eletrica-fila-espera-mercado\/#primaryimage"},"thumbnailUrl":"https:\/\/files.sunoresearch.com.br\/n\/uploads\/2022\/05\/sam-carter-JU1SVl4smHM-unsplash-1-scaled.jpg","datePublished":"2022-05-29T13:49:00+00:00","description":"A demanda por motos el\u00e9tricas disparou com a alta dos combust\u00edveis, mas a fila de espera pode passar de um ano. Leia aqui.","breadcrumb":{"@id":"https:\/\/www.suno.com.br\/noticias\/moto-eletrica-fila-espera-mercado\/#breadcrumb"},"inLanguage":"pt-BR","potentialAction":[{"@type":"ReadAction","target":["https:\/\/www.suno.com.br\/noticias\/moto-eletrica-fila-espera-mercado\/"]}]},{"@type":"ImageObject","inLanguage":"pt-BR","@id":"https:\/\/www.suno.com.br\/noticias\/moto-eletrica-fila-espera-mercado\/#primaryimage","url":"https:\/\/files.sunoresearch.com.br\/n\/uploads\/2022\/05\/sam-carter-JU1SVl4smHM-unsplash-1-scaled.jpg","contentUrl":"https:\/\/files.sunoresearch.com.br\/n\/uploads\/2022\/05\/sam-carter-JU1SVl4smHM-unsplash-1-scaled.jpg","width":2560,"height":1707,"caption":"Moto el\u00e9trica. Foto Unsplash"},{"@type":"BreadcrumbList","@id":"https:\/\/www.suno.com.br\/noticias\/moto-eletrica-fila-espera-mercado\/#breadcrumb","itemListElement":[{"@type":"ListItem","position":1,"name":"Not\u00edcias","item":"https:\/\/www.suno.com.br\/noticias\/"},{"@type":"ListItem","position":2,"name":"Neg\u00f3cios","item":"https:\/\/www.suno.com.br\/noticias\/negocios\/"},{"@type":"ListItem","position":3,"name":"Fila para comprar moto el\u00e9trica no Brasil pode passar de 1 ano"}]},{"@type":"WebSite","@id":"https:\/\/www.suno.com.br\/noticias\/#website","url":"https:\/\/www.suno.com.br\/noticias\/","name":"Suno Not\u00edcias","description":"Seu portal de informa\u00e7\u00e3o sobre o mundo dos investimentos","publisher":{"@id":"https:\/\/www.suno.com.br\/noticias\/#organization"},"potentialAction":[{"@type":"SearchAction","target":{"@type":"EntryPoint","urlTemplate":"https:\/\/www.suno.com.br\/noticias\/?s={search_term_string}"},"query-input":{"@type":"PropertyValueSpecification","valueRequired":true,"valueName":"search_term_string"}}],"inLanguage":"pt-BR"},{"@type":"Organization","@id":"https:\/\/www.suno.com.br\/noticias\/#organization","name":"Suno Not\u00edcias","url":"https:\/\/www.suno.com.br\/noticias\/","logo":{"@type":"ImageObject","inLanguage":"pt-BR","@id":"https:\/\/www.suno.com.br\/noticias\/#\/schema\/logo\/image\/","url":"https:\/\/files.sunoresearch.com.br\/n\/uploads\/2021\/09\/suno-logo.png","contentUrl":"https:\/\/files.sunoresearch.com.br\/n\/uploads\/2021\/09\/suno-logo.png","width":180,"height":180,"caption":"Suno Not\u00edcias"},"image":{"@id":"https:\/\/www.suno.com.br\/noticias\/#\/schema\/logo\/image\/"},"sameAs":["https:\/\/facebook.com\/sunoresearch","https:\/\/x.com\/sunoresearch","https:\/\/www.instagram.com\/suno","https:\/\/www.linkedin.com\/company\/suno-research\/","https:\/\/www.youtube.com\/c\/sunoresearch"]},{"@type":"Person","@id":"https:\/\/www.suno.com.br\/noticias\/#\/schema\/person\/c1b1bd3727fa852bd045e9dbff3673ea","name":"Reda\u00e7\u00e3o Suno Not\u00edcias","image":{"@type":"ImageObject","inLanguage":"pt-BR","@id":"https:\/\/www.suno.com.br\/noticias\/#\/schema\/person\/image\/","url":"https:\/\/secure.gravatar.com\/avatar\/b8104b9b5a71985d5238ee59fbe418af?s=96&r=g","contentUrl":"https:\/\/secure.gravatar.com\/avatar\/b8104b9b5a71985d5238ee59fbe418af?s=96&r=g","caption":"Reda\u00e7\u00e3o Suno Not\u00edcias"},"description":"O Suno Not\u00edcias \u00e9 um portal de informa\u00e7\u00f5es sobre Mercado Financeiro, Pol\u00edtica, Neg\u00f3cios, Economia e Finan\u00e7as Pessoais.","sameAs":["https:\/\/www.suno.com.br\/noticias","https:\/\/www.facebook.com\/sunonoticias\/","https:\/\/www.instagram.com\/sunonoticias\/","https:\/\/x.com\/https:\/\/twitter.com\/sunoresearch","https:\/\/www.youtube.com\/sunonoticias"],"url":"https:\/\/www.suno.com.br\/noticias\/author\/redacao-suno\/"}]}},"default_loop_html":"<div class=\"cardsPage__listCard__boxs\"><div class=\"cardsPage__listCard__boxs__img\"><a href=\"https:\/\/www.suno.com.br\/noticias\/moto-eletrica-fila-espera-mercado\/\"><img class=\"mask\" src=\"https:\/\/www.suno.com.br\/noticias\/wp-content\/themes\/suno\/resources\/images\/spotlight\/spotlight1img\/bg-mask.png\" alt=\"Image Mask\"\/><img src=\"https:\/\/files.sunoresearch.com.br\/n\/uploads\/2022\/05\/sam-carter-JU1SVl4smHM-unsplash-1-400x200.jpg\" alt=\"Fila para comprar moto el\u00e9trica no Brasil pode passar de 1 ano\"\/><\/a><span class=\"spotlightCategory\"><a href=\"https:\/\/www.suno.com.br\/noticias\/negocios\/\">Neg\u00f3cios<\/a><\/span><\/div><div class=\"cardsPage__listCard__boxs__content\"><a href=\"https:\/\/www.suno.com.br\/noticias\/moto-eletrica-fila-espera-mercado\/\"><h2 class=\"content__title\">Fila para comprar moto el\u00e9trica no Brasil pode passar de 1 ano<\/h2><\/a><div class=\"newsContent__article__meta\"><div class=\"newsContent__article__meta__authorBox\"><a href=\"https:\/\/www.suno.com.br\/noticias\/author\/redacao-suno\/\" class=\"authorBox__avatar noMobi\"><img src=\"https:\/\/files.sunoresearch.com.br\/n\/uploads\/2020\/08\/0ace682d-redacao-1-150x150.webp\" alt=\"Reda\u00e7\u00e3o Suno Not\u00edcias\"><\/a><div class=\"authorBox__name\"><span>por\n\t\t\t<a href=\"https:\/\/www.suno.com.br\/noticias\/author\/redacao-suno\/\"><span itemprop=\"author\">Reda\u00e7\u00e3o Suno Not\u00edcias<\/span><\/a><\/span><time datetime=\"2022-05-29T10:49:00-03:00\" itemprop=\"datePublished\">29\/05\/2022 10:49<\/time><\/div><\/div><\/div><\/div><\/div>","single_layout":"posts","amp_enabled":true,"_links":{"self":[{"href":"https:\/\/www.suno.com.br\/noticias\/wp-json\/wp\/v2\/posts\/262179"}],"collection":[{"href":"https:\/\/www.suno.com.br\/noticias\/wp-json\/wp\/v2\/posts"}],"about":[{"href":"https:\/\/www.suno.com.br\/noticias\/wp-json\/wp\/v2\/types\/post"}],"author":[{"embeddable":true,"href":"https:\/\/www.suno.com.br\/noticias\/wp-json\/wp\/v2\/users\/43"}],"replies":[{"embeddable":true,"href":"https:\/\/www.suno.com.br\/noticias\/wp-json\/wp\/v2\/comments?post=262179"}],"version-history":[{"count":3,"href":"https:\/\/www.suno.com.br\/noticias\/wp-json\/wp\/v2\/posts\/262179\/revisions"}],"predecessor-version":[{"id":262191,"href":"https:\/\/www.suno.com.br\/noticias\/wp-json\/wp\/v2\/posts\/262179\/revisions\/262191"}],"wp:featuredmedia":[{"embeddable":true,"href":"https:\/\/www.suno.com.br\/noticias\/wp-json\/wp\/v2\/media\/262189"}],"wp:attachment":[{"href":"https:\/\/www.suno.com.br\/noticias\/wp-json\/wp\/v2\/media?parent=262179"}],"wp:term":[{"taxonomy":"category","embeddable":true,"href":"https:\/\/www.suno.com.br\/noticias\/wp-json\/wp\/v2\/categories?post=262179"},{"taxonomy":"post_tag","embeddable":true,"href":"https:\/\/www.suno.com.br\/noticias\/wp-json\/wp\/v2\/tags?post=262179"},{"taxonomy":"suno_strategy","embeddable":true,"href":"https:\/\/www.suno.com.br\/noticias\/wp-json\/wp\/v2\/suno_strategy?post=262179"}],"curies":[{"name":"wp","href":"https:\/\/api.w.org\/{rel}","templated":true}]}}