{"id":26208,"date":"2019-05-28T12:34:32","date_gmt":"2019-05-28T15:34:32","guid":{"rendered":"https:\/\/www.suno.com.br\/noticias\/?p=26208"},"modified":"2019-05-28T12:37:12","modified_gmt":"2019-05-28T15:37:12","slug":"pacto-congresso-stf-planalto-protestos","status":"publish","type":"post","link":"https:\/\/www.suno.com.br\/noticias\/pacto-congresso-stf-planalto-protestos\/","title":{"rendered":"Presidentes dos tr\u00eas Poderes decidem assinar pacto pela retomada do crescimento"},"content":{"rendered":"<p>Nesta ter\u00e7a-feira (28), os <strong>presidentes de Executivo<\/strong>, <strong>Legislativo<\/strong> e <strong>Judici\u00e1rio<\/strong> decidiram assinar um pacto com metas e inten\u00e7\u00f5es em respostas \u00e0s reivindica\u00e7\u00f5es feitas pela popula\u00e7\u00e3o na manifesta\u00e7\u00e3o. O principal objetivo do texto \u00e9 a <strong>retomada do crescimento da economia<\/strong>.<\/p>\t<div class=\"wrapper-featured-image\">\n\t\t<figure class=\"spotlightImg\">\n\n\t\t\t<picture>\n\t\t\t\t<source media=\"(max-width: 768px)\" srcset=\"https:\/\/files.sunoresearch.com.br\/n\/uploads\/2019\/05\/890cc61f-ministro-400x200.webp\">\n\t\t\t\t<img loading=\"lazy\" decoding=\"async\" class=\"newsContent__article__imgCapa lazyloadDisabled newsContent__article__imgCapa--noCaption\" src=\"https:\/\/files.sunoresearch.com.br\/n\/uploads\/2019\/05\/890cc61f-ministro-800x450.webp\" width=\"800\" height=\"450\" alt=\"Presidentes dos tr\u00eas Poderes decidem assinar pacto pela retomada do crescimento\" fetchpriority=high \/>\n\t\t\t<\/picture>\n\n\t\t\t<figcaption class=\"wp-caption-text wp-caption-text--hide\">Presidente da Rep\u00fablica, Jair Bolsonaro, durante caf\u00e9 da manh\u00e3 com Dias Toffoli, Presidente do STFl; Davi Alcolumbre, Presidente do Senado; Rodrigo Maia, Presidente da C\u00e2mara dos Deputados e ministros.<\/figcaption>\n\t\t<\/figure>\n\t<\/div>\n\n\n<p>A afirma\u00e7\u00e3o do<strong> pacto<\/strong> foi feita pelo <strong>ministro da Casa Civil<\/strong>, <strong>Onyx Lorenzoni<\/strong>, ap\u00f3s a reuni\u00e3o no <strong>Pal\u00e1cio da Alvorada<\/strong>. Estavam presentes na reuni\u00e3o desta manh\u00e3, os presidentes<strong> Jair Bolsonaro<\/strong>,<strong> Rodrigo Maia<\/strong>, <strong>Davi Alcolumbre<\/strong> e <strong>Jos\u00e9 Dias Toffoli<\/strong>.<\/p>\n\t<p>\n\t\t<a href=\"https:\/\/lp.suno.com.br\/ebook-como-analisar-uma-acao\/\" target=\"_blank\" data-element=\"shortcode-suno-banner\" title=\"Banner SUNO, clique e saiba mais\">\n\t\t\t<picture>\n\t\t\t\t<source media=\"(max-width: 500px)\" srcset=\"https:\/\/files.sunoresearch.com.br\/n\/uploads\/2023\/03\/Ebook-Acoes-Mobile.jpg\">\n\t\t\t\t<img class=\"newsContent__article__imgCapa newsContent__article__imgCapa--banner\"\n\t\t\t\t\tsrc=\"https:\/\/files.sunoresearch.com.br\/n\/uploads\/2023\/03\/Ebook-Acoes-Desktop.jpg\"\n\t\t\t\t\tdata-promo-id=\"378302\"\t\t\t\t\t\t\t\t\t\twidth='1420' height='286'\t\t\t\t\talt=\"https:\/\/files.sunoresearch.com.br\/n\/uploads\/2023\/03\/Ebook-Acoes-Desktop.jpg\"\n\t\t\t\t>\n\t\t\t<\/picture>\n\t\t<\/a>\n\t<\/p>\n\n\n<h2>Pacto a favor do crescimento<\/h2>\n<p>&#8220;Da reuni\u00e3o de hoje se consolida a ideia de que se formalize um pacto de entendimento e algumas metas de interesse da sociedade brasileira a favor da retomada do crescimento&#8221;, disse <strong>Lorenzoni<\/strong>.<\/p>\n<p>Conforme a declara\u00e7\u00e3o do ministro, a reuni\u00e3o dos tr\u00eas poderes tem o intuito de fazer com que a economia cres\u00e7a. Dessa forma, o texto apresentado nesta ter\u00e7a, ser\u00e1 constitu\u00eddo em comum acordo entre os Poderes. Al\u00e9m disso, o ministro destaca que o texto inicial \u00e9 de<strong> Toffoli<\/strong>, <strong>presidente do Supremo Tribunal Federal<\/strong>.<\/p>\n<p>&#8220;O Brasil precisa de harmonia e entendimento entre todos os poderes de representa\u00e7\u00e3o do Pa\u00eds,&#8221; completa.<\/p>\n<p><a href=\"https:\/\/www.suno.com.br\/noticias\/bolsonaro-manifestacao-e-recado-aqueles-que-teimam-com-velhas-praticas\/\">Saiba Mais:\u00a0Bolsonaro: manifesta\u00e7\u00e3o \u00e9 recado \u00e0queles que teimam com velhas pr\u00e1ticas<\/a><\/p>\n<p>Ademais o <strong>Lorenzoni<\/strong> afirmou que a <strong>reforma da Previd\u00eancia<\/strong> est\u00e1 prevista como uma das metas do <strong>pacto<\/strong>.<\/p>\n<p>&#8220;O <strong>Brasil<\/strong> est\u00e1 desequilibrado fiscalmente e tem um d\u00e9ficit fiscal de R$ 50 bilh\u00f5es por ano, que tem origem na <strong>Previd\u00eancia<\/strong>. Claro que isso fez parte da conversa, est\u00e3o todos preocupados. Todos querem construir um caminho, como a gente diz, que possa passar o portal do <strong>equil\u00edbrio fiscal<\/strong> e a\u00ed, ir para o caminho da prosperidade que \u00e9 o que todos n\u00f3s desejamos&#8221;.<\/p>\n<h2>N\u00e3o h\u00e1 diverg\u00eancias entre Congresso e governo<\/h2>\n<p>Al\u00e9m dos presidentes dos tr\u00eas Poderes, o <strong>ministro da Economia<\/strong>, <strong>Paulo Guedes<\/strong> estava presente, e comentou que a manifesta\u00e7\u00e3o do \u00faltimo domingo (25), demonstraram que a popula\u00e7\u00e3o exige mudan\u00e7as.<\/p>\n<p>&#8220;Estamos confiantes de que o<strong> Congresso<\/strong> vai aprovar a reforma [da <strong>Previd\u00eancia<\/strong>]. Eu acho que as manifesta\u00e7\u00f5es confirmam a ideia de que o povo quer mudan\u00e7as&#8221;, disse o ministro.<\/p>\n<p><a href=\"\/\/www.suno.com.br\/noticias\/guedes-compromisso-retomada-crescimento\/\">Saiba Mais:\u00a0Em nota Guedes diz ter total compromisso com retomada de crescimento<\/a><\/p>\n<p>Ademais, acrescentou que a reuni\u00e3o foi &#8220;excelente&#8221; e negou a possibilidade de que o ato pudesse ter acirrado as diverg\u00eancias entre o <strong>congresso e o governo<\/strong>.<\/p>\n<p>&#8220;Ao contr\u00e1rio, foi um caf\u00e9 da manh\u00e3 excelente,um ambiente \u00f3timo. N\u00e3o h\u00e1 esse antagonismo, estamos buscando melhora o pa\u00eds. Foi um clima excelente&#8221;, afirma <strong>Guedes<\/strong>.<\/p>\n<h2>O pacto<\/h2>\n<p>De acordo com o jornal &#8220;Folha de S.Paulo&#8221; que teve acesso ao texto, o documento prega a &#8220;colabora\u00e7\u00e3o efetiva dos tr\u00eas Poderes para o avan\u00e7o de reformas&#8221;. Essas reformas s\u00e3o as consideradas fundamentais para o desenvolvimento do Brasil.<\/p>\n<p>O pacto tem cinco temas principais:<\/p>\n<ul>\n<li><strong>reforma da Previd\u00eancia<\/strong>;<\/li>\n<li><strong>reforma Tribut\u00e1ria<\/strong>;<\/li>\n<li><strong>revis\u00e3o do pacto federativo<\/strong>;<\/li>\n<li><strong>desburocratiza\u00e7\u00e3o da administra\u00e7\u00e3o p\u00fablica<\/strong>;<\/li>\n<li><strong>e o aprimoramento de uma pol\u00edtica nacional de seguran\u00e7a p\u00fablica<\/strong>.<\/li>\n<\/ul>\n<p>Conforme o <strong>ministro da Casa Civil<\/strong>, o <strong>pacto<\/strong> ainda ter\u00e1 ajustes a serem feito. Al\u00e9m disso, os<strong> chefes dos tr\u00eas Poderes<\/strong> tem como objetivo se encontrarem periodicamente para discutir o texto.<\/p>\n","protected":false},"excerpt":{"rendered":"<p>Nesta ter\u00e7a-feira (28), os presidentes de Executivo, Legislativo e Judici\u00e1rio decidiram assinar um pacto com metas e inten\u00e7\u00f5es em respostas \u00e0s reivindica\u00e7\u00f5es feitas pela popula\u00e7\u00e3o na manifesta\u00e7\u00e3o. O principal objetivo do texto \u00e9 a retomada do crescimento da economia. Presidente da Rep\u00fablica, Jair Bolsonaro, durante caf\u00e9 da manh\u00e3 com Dias Toffoli, Presidente do STFl; Davi [&hellip;]<\/p>\n","protected":false},"author":15,"featured_media":26224,"comment_status":"closed","ping_status":"closed","sticky":false,"template":"","format":"standard","meta":[],"categories":[61],"tags":[719,909,940,1286],"suno_strategy":[],"class_list":["post-26208","post","type-post","status-publish","format-standard","has-post-thumbnail","hentry","category-politica","tag-jair-bolsonaro","tag-ministerio-da-economia","tag-reforma-da-previdencia","tag-reforma-tributaria"],"yoast_head":"<!-- This site is optimized with the Yoast SEO plugin v24.4 - https:\/\/yoast.com\/wordpress\/plugins\/seo\/ -->\n<title>Presidentes dos tr\u00eas Poderes decidem assinar pacto pelo crescimento<\/title>\n<meta name=\"description\" content=\"Nesta ter\u00e7a (28), o Executivo, Legislativo e Judici\u00e1rio decidiram assinar um pacto com metas em respostas aos atos.Clique aqui e saiba mais\" \/>\n<meta name=\"robots\" content=\"index, follow, max-snippet:-1, max-image-preview:large, max-video-preview:-1\" \/>\n<link rel=\"canonical\" href=\"https:\/\/www.suno.com.br\/noticias\/pacto-congresso-stf-planalto-protestos\/\" \/>\n<meta property=\"og:locale\" content=\"pt_BR\" \/>\n<meta property=\"og:type\" content=\"article\" \/>\n<meta property=\"og:title\" content=\"Presidentes dos tr\u00eas Poderes decidem assinar pacto pelo crescimento\" \/>\n<meta property=\"og:description\" content=\"Nesta ter\u00e7a (28), o Executivo, Legislativo e Judici\u00e1rio decidiram assinar um pacto com metas em respostas aos atos.Clique aqui e saiba mais\" \/>\n<meta property=\"og:url\" content=\"https:\/\/www.suno.com.br\/noticias\/pacto-congresso-stf-planalto-protestos\/\" \/>\n<meta property=\"og:site_name\" content=\"Suno Not\u00edcias\" \/>\n<meta property=\"article:publisher\" content=\"https:\/\/facebook.com\/sunoresearch\" \/>\n<meta property=\"og:image\" content=\"https:\/\/files.sunoresearch.com.br\/n\/uploads\/2019\/05\/890cc61f-ministro.jpg\" \/>\n\t<meta property=\"og:image:width\" content=\"1140\" \/>\n\t<meta property=\"og:image:height\" content=\"760\" \/>\n\t<meta property=\"og:image:type\" content=\"image\/jpeg\" \/>\n<meta name=\"author\" content=\"Poliana Santos\" \/>\n<meta name=\"twitter:card\" content=\"summary_large_image\" \/>\n<meta name=\"twitter:creator\" content=\"@sunoresearch\" \/>\n<meta name=\"twitter:site\" content=\"@sunoresearch\" \/>\n<meta name=\"twitter:label1\" content=\"Escrito por\" \/>\n\t<meta name=\"twitter:data1\" content=\"Poliana Santos\" \/>\n\t<meta name=\"twitter:label2\" content=\"Est. tempo de leitura\" \/>\n\t<meta name=\"twitter:data2\" content=\"3 minutos\" \/>\n<script type=\"application\/ld+json\" class=\"yoast-schema-graph\">{\"@context\":\"https:\/\/schema.org\",\"@graph\":[{\"@type\":\"NewsArticle\",\"@id\":\"https:\/\/www.suno.com.br\/noticias\/pacto-congresso-stf-planalto-protestos\/#article\",\"isPartOf\":{\"@id\":\"https:\/\/www.suno.com.br\/noticias\/pacto-congresso-stf-planalto-protestos\/\"},\"author\":{\"name\":\"Poliana Santos\",\"@id\":\"https:\/\/www.suno.com.br\/noticias\/#\/schema\/person\/02ec1f752758247878a2bf4abee1aeda\"},\"headline\":\"Presidentes dos tr\u00eas Poderes decidem assinar pacto pela retomada do crescimento\",\"datePublished\":\"2019-05-28T15:34:32+00:00\",\"dateModified\":\"2019-05-28T15:37:12+00:00\",\"mainEntityOfPage\":{\"@id\":\"https:\/\/www.suno.com.br\/noticias\/pacto-congresso-stf-planalto-protestos\/\"},\"wordCount\":573,\"publisher\":{\"@id\":\"https:\/\/www.suno.com.br\/noticias\/#organization\"},\"image\":{\"@id\":\"https:\/\/www.suno.com.br\/noticias\/pacto-congresso-stf-planalto-protestos\/#primaryimage\"},\"thumbnailUrl\":\"https:\/\/files.sunoresearch.com.br\/n\/uploads\/2019\/05\/890cc61f-ministro-jpg.webp\",\"keywords\":[\"Jair Bolsonaro\",\"Minist\u00e9rio da Economia\",\"Reforma da Previd\u00eancia\",\"reforma tribut\u00e1ria\"],\"articleSection\":[\"Pol\u00edtica\"],\"inLanguage\":\"pt-BR\"},{\"@type\":\"WebPage\",\"@id\":\"https:\/\/www.suno.com.br\/noticias\/pacto-congresso-stf-planalto-protestos\/\",\"url\":\"https:\/\/www.suno.com.br\/noticias\/pacto-congresso-stf-planalto-protestos\/\",\"name\":\"Presidentes dos tr\u00eas Poderes decidem assinar pacto pelo crescimento\",\"isPartOf\":{\"@id\":\"https:\/\/www.suno.com.br\/noticias\/#website\"},\"primaryImageOfPage\":{\"@id\":\"https:\/\/www.suno.com.br\/noticias\/pacto-congresso-stf-planalto-protestos\/#primaryimage\"},\"image\":{\"@id\":\"https:\/\/www.suno.com.br\/noticias\/pacto-congresso-stf-planalto-protestos\/#primaryimage\"},\"thumbnailUrl\":\"https:\/\/files.sunoresearch.com.br\/n\/uploads\/2019\/05\/890cc61f-ministro-jpg.webp\",\"datePublished\":\"2019-05-28T15:34:32+00:00\",\"dateModified\":\"2019-05-28T15:37:12+00:00\",\"description\":\"Nesta ter\u00e7a (28), o Executivo, Legislativo e Judici\u00e1rio decidiram assinar um pacto com metas em respostas aos atos.Clique aqui e saiba mais\",\"breadcrumb\":{\"@id\":\"https:\/\/www.suno.com.br\/noticias\/pacto-congresso-stf-planalto-protestos\/#breadcrumb\"},\"inLanguage\":\"pt-BR\",\"potentialAction\":[{\"@type\":\"ReadAction\",\"target\":[\"https:\/\/www.suno.com.br\/noticias\/pacto-congresso-stf-planalto-protestos\/\"]}]},{\"@type\":\"ImageObject\",\"inLanguage\":\"pt-BR\",\"@id\":\"https:\/\/www.suno.com.br\/noticias\/pacto-congresso-stf-planalto-protestos\/#primaryimage\",\"url\":\"https:\/\/files.sunoresearch.com.br\/n\/uploads\/2019\/05\/890cc61f-ministro-jpg.webp\",\"contentUrl\":\"https:\/\/files.sunoresearch.com.br\/n\/uploads\/2019\/05\/890cc61f-ministro-jpg.webp\",\"width\":1140,\"height\":760,\"caption\":\"Presidente da Rep\u00fablica, Jair Bolsonaro, durante caf\u00e9 da manh\u00e3 com Dias Toffoli, Presidente do STFl; Davi Alcolumbre, Presidente do Senado; Rodrigo Maia, Presidente da C\u00e2mara dos Deputados e ministros.\"},{\"@type\":\"BreadcrumbList\",\"@id\":\"https:\/\/www.suno.com.br\/noticias\/pacto-congresso-stf-planalto-protestos\/#breadcrumb\",\"itemListElement\":[{\"@type\":\"ListItem\",\"position\":1,\"name\":\"Not\u00edcias\",\"item\":\"https:\/\/www.suno.com.br\/noticias\/\"},{\"@type\":\"ListItem\",\"position\":2,\"name\":\"Pol\u00edtica\",\"item\":\"https:\/\/www.suno.com.br\/noticias\/politica\/\"},{\"@type\":\"ListItem\",\"position\":3,\"name\":\"Presidentes dos tr\u00eas Poderes decidem assinar pacto pela retomada do crescimento\"}]},{\"@type\":\"WebSite\",\"@id\":\"https:\/\/www.suno.com.br\/noticias\/#website\",\"url\":\"https:\/\/www.suno.com.br\/noticias\/\",\"name\":\"Suno Not\u00edcias\",\"description\":\"Seu portal de informa\u00e7\u00e3o sobre o mundo dos investimentos\",\"publisher\":{\"@id\":\"https:\/\/www.suno.com.br\/noticias\/#organization\"},\"potentialAction\":[{\"@type\":\"SearchAction\",\"target\":{\"@type\":\"EntryPoint\",\"urlTemplate\":\"https:\/\/www.suno.com.br\/noticias\/?s={search_term_string}\"},\"query-input\":{\"@type\":\"PropertyValueSpecification\",\"valueRequired\":true,\"valueName\":\"search_term_string\"}}],\"inLanguage\":\"pt-BR\"},{\"@type\":\"Organization\",\"@id\":\"https:\/\/www.suno.com.br\/noticias\/#organization\",\"name\":\"Suno Not\u00edcias\",\"url\":\"https:\/\/www.suno.com.br\/noticias\/\",\"logo\":{\"@type\":\"ImageObject\",\"inLanguage\":\"pt-BR\",\"@id\":\"https:\/\/www.suno.com.br\/noticias\/#\/schema\/logo\/image\/\",\"url\":\"https:\/\/files.sunoresearch.com.br\/n\/uploads\/2021\/09\/suno-logo.png\",\"contentUrl\":\"https:\/\/files.sunoresearch.com.br\/n\/uploads\/2021\/09\/suno-logo.png\",\"width\":180,\"height\":180,\"caption\":\"Suno Not\u00edcias\"},\"image\":{\"@id\":\"https:\/\/www.suno.com.br\/noticias\/#\/schema\/logo\/image\/\"},\"sameAs\":[\"https:\/\/facebook.com\/sunoresearch\",\"https:\/\/x.com\/sunoresearch\",\"https:\/\/www.instagram.com\/suno\",\"https:\/\/www.linkedin.com\/company\/suno-research\/\",\"https:\/\/www.youtube.com\/c\/sunoresearch\"]},{\"@type\":\"Person\",\"@id\":\"https:\/\/www.suno.com.br\/noticias\/#\/schema\/person\/02ec1f752758247878a2bf4abee1aeda\",\"name\":\"Poliana Santos\",\"image\":{\"@type\":\"ImageObject\",\"inLanguage\":\"pt-BR\",\"@id\":\"https:\/\/www.suno.com.br\/noticias\/#\/schema\/person\/image\/\",\"url\":\"https:\/\/secure.gravatar.com\/avatar\/0645bd32f23d87b2130f2b2dff1d3f8d?s=96&r=g\",\"contentUrl\":\"https:\/\/secure.gravatar.com\/avatar\/0645bd32f23d87b2130f2b2dff1d3f8d?s=96&r=g\",\"caption\":\"Poliana Santos\"},\"description\":\"Rep\u00f3rter no Suno Not\u00edcias, com cobertura em mercado financeiro, economia, finan\u00e7as pessoais, renda fixa e varejo. Jornalista formada pela Faculdade C\u00e1sper L\u00edbero e possui passagem na R\u00e1dio Gazeta AM com a produ\u00e7\u00e3o de conte\u00fado sobre economia, pol\u00edtica, sa\u00fade, moda e m\u00fasica. Possui certificado de conclus\u00e3o do curso de An\u00e1lise de Balan\u00e7os pela Funda\u00e7\u00e3o Bradesco, Agenda Brasil pela FAAP, Educa\u00e7\u00e3o Pol\u00edtica por Alexandre Garcia e do Tesouro Direto e Mercado de A\u00e7\u00f5es pela B3.\",\"url\":\"https:\/\/www.suno.com.br\/noticias\/author\/poliana-santos\/\"}]}<\/script>\n<!-- \/ Yoast SEO plugin. -->","yoast_head_json":{"title":"Presidentes dos tr\u00eas Poderes decidem assinar pacto pelo crescimento","description":"Nesta ter\u00e7a (28), o Executivo, Legislativo e Judici\u00e1rio decidiram assinar um pacto com metas em respostas aos atos.Clique aqui e saiba mais","robots":{"index":"index","follow":"follow","max-snippet":"max-snippet:-1","max-image-preview":"max-image-preview:large","max-video-preview":"max-video-preview:-1"},"canonical":"https:\/\/www.suno.com.br\/noticias\/pacto-congresso-stf-planalto-protestos\/","og_locale":"pt_BR","og_type":"article","og_title":"Presidentes dos tr\u00eas Poderes decidem assinar pacto pelo crescimento","og_description":"Nesta ter\u00e7a (28), o Executivo, Legislativo e Judici\u00e1rio decidiram assinar um pacto com metas em respostas aos atos.Clique aqui e saiba mais","og_url":"https:\/\/www.suno.com.br\/noticias\/pacto-congresso-stf-planalto-protestos\/","og_site_name":"Suno Not\u00edcias","article_publisher":"https:\/\/facebook.com\/sunoresearch","og_image":[{"width":1140,"height":760,"url":"https:\/\/files.sunoresearch.com.br\/n\/uploads\/2019\/05\/890cc61f-ministro.jpg","type":"image\/jpeg"}],"author":"Poliana Santos","twitter_card":"summary_large_image","twitter_creator":"@sunoresearch","twitter_site":"@sunoresearch","twitter_misc":{"Escrito por":"Poliana Santos","Est. tempo de leitura":"3 minutos"},"schema":{"@context":"https:\/\/schema.org","@graph":[{"@type":"NewsArticle","@id":"https:\/\/www.suno.com.br\/noticias\/pacto-congresso-stf-planalto-protestos\/#article","isPartOf":{"@id":"https:\/\/www.suno.com.br\/noticias\/pacto-congresso-stf-planalto-protestos\/"},"author":{"name":"Poliana Santos","@id":"https:\/\/www.suno.com.br\/noticias\/#\/schema\/person\/02ec1f752758247878a2bf4abee1aeda"},"headline":"Presidentes dos tr\u00eas Poderes decidem assinar pacto pela retomada do crescimento","datePublished":"2019-05-28T15:34:32+00:00","dateModified":"2019-05-28T15:37:12+00:00","mainEntityOfPage":{"@id":"https:\/\/www.suno.com.br\/noticias\/pacto-congresso-stf-planalto-protestos\/"},"wordCount":573,"publisher":{"@id":"https:\/\/www.suno.com.br\/noticias\/#organization"},"image":{"@id":"https:\/\/www.suno.com.br\/noticias\/pacto-congresso-stf-planalto-protestos\/#primaryimage"},"thumbnailUrl":"https:\/\/files.sunoresearch.com.br\/n\/uploads\/2019\/05\/890cc61f-ministro-jpg.webp","keywords":["Jair Bolsonaro","Minist\u00e9rio da Economia","Reforma da Previd\u00eancia","reforma tribut\u00e1ria"],"articleSection":["Pol\u00edtica"],"inLanguage":"pt-BR"},{"@type":"WebPage","@id":"https:\/\/www.suno.com.br\/noticias\/pacto-congresso-stf-planalto-protestos\/","url":"https:\/\/www.suno.com.br\/noticias\/pacto-congresso-stf-planalto-protestos\/","name":"Presidentes dos tr\u00eas Poderes decidem assinar pacto pelo crescimento","isPartOf":{"@id":"https:\/\/www.suno.com.br\/noticias\/#website"},"primaryImageOfPage":{"@id":"https:\/\/www.suno.com.br\/noticias\/pacto-congresso-stf-planalto-protestos\/#primaryimage"},"image":{"@id":"https:\/\/www.suno.com.br\/noticias\/pacto-congresso-stf-planalto-protestos\/#primaryimage"},"thumbnailUrl":"https:\/\/files.sunoresearch.com.br\/n\/uploads\/2019\/05\/890cc61f-ministro-jpg.webp","datePublished":"2019-05-28T15:34:32+00:00","dateModified":"2019-05-28T15:37:12+00:00","description":"Nesta ter\u00e7a (28), o Executivo, Legislativo e Judici\u00e1rio decidiram assinar um pacto com metas em respostas aos atos.Clique aqui e saiba mais","breadcrumb":{"@id":"https:\/\/www.suno.com.br\/noticias\/pacto-congresso-stf-planalto-protestos\/#breadcrumb"},"inLanguage":"pt-BR","potentialAction":[{"@type":"ReadAction","target":["https:\/\/www.suno.com.br\/noticias\/pacto-congresso-stf-planalto-protestos\/"]}]},{"@type":"ImageObject","inLanguage":"pt-BR","@id":"https:\/\/www.suno.com.br\/noticias\/pacto-congresso-stf-planalto-protestos\/#primaryimage","url":"https:\/\/files.sunoresearch.com.br\/n\/uploads\/2019\/05\/890cc61f-ministro-jpg.webp","contentUrl":"https:\/\/files.sunoresearch.com.br\/n\/uploads\/2019\/05\/890cc61f-ministro-jpg.webp","width":1140,"height":760,"caption":"Presidente da Rep\u00fablica, Jair Bolsonaro, durante caf\u00e9 da manh\u00e3 com Dias Toffoli, Presidente do STFl; Davi Alcolumbre, Presidente do Senado; Rodrigo Maia, Presidente da C\u00e2mara dos Deputados e ministros."},{"@type":"BreadcrumbList","@id":"https:\/\/www.suno.com.br\/noticias\/pacto-congresso-stf-planalto-protestos\/#breadcrumb","itemListElement":[{"@type":"ListItem","position":1,"name":"Not\u00edcias","item":"https:\/\/www.suno.com.br\/noticias\/"},{"@type":"ListItem","position":2,"name":"Pol\u00edtica","item":"https:\/\/www.suno.com.br\/noticias\/politica\/"},{"@type":"ListItem","position":3,"name":"Presidentes dos tr\u00eas Poderes decidem assinar pacto pela retomada do crescimento"}]},{"@type":"WebSite","@id":"https:\/\/www.suno.com.br\/noticias\/#website","url":"https:\/\/www.suno.com.br\/noticias\/","name":"Suno Not\u00edcias","description":"Seu portal de informa\u00e7\u00e3o sobre o mundo dos investimentos","publisher":{"@id":"https:\/\/www.suno.com.br\/noticias\/#organization"},"potentialAction":[{"@type":"SearchAction","target":{"@type":"EntryPoint","urlTemplate":"https:\/\/www.suno.com.br\/noticias\/?s={search_term_string}"},"query-input":{"@type":"PropertyValueSpecification","valueRequired":true,"valueName":"search_term_string"}}],"inLanguage":"pt-BR"},{"@type":"Organization","@id":"https:\/\/www.suno.com.br\/noticias\/#organization","name":"Suno Not\u00edcias","url":"https:\/\/www.suno.com.br\/noticias\/","logo":{"@type":"ImageObject","inLanguage":"pt-BR","@id":"https:\/\/www.suno.com.br\/noticias\/#\/schema\/logo\/image\/","url":"https:\/\/files.sunoresearch.com.br\/n\/uploads\/2021\/09\/suno-logo.png","contentUrl":"https:\/\/files.sunoresearch.com.br\/n\/uploads\/2021\/09\/suno-logo.png","width":180,"height":180,"caption":"Suno Not\u00edcias"},"image":{"@id":"https:\/\/www.suno.com.br\/noticias\/#\/schema\/logo\/image\/"},"sameAs":["https:\/\/facebook.com\/sunoresearch","https:\/\/x.com\/sunoresearch","https:\/\/www.instagram.com\/suno","https:\/\/www.linkedin.com\/company\/suno-research\/","https:\/\/www.youtube.com\/c\/sunoresearch"]},{"@type":"Person","@id":"https:\/\/www.suno.com.br\/noticias\/#\/schema\/person\/02ec1f752758247878a2bf4abee1aeda","name":"Poliana Santos","image":{"@type":"ImageObject","inLanguage":"pt-BR","@id":"https:\/\/www.suno.com.br\/noticias\/#\/schema\/person\/image\/","url":"https:\/\/secure.gravatar.com\/avatar\/0645bd32f23d87b2130f2b2dff1d3f8d?s=96&r=g","contentUrl":"https:\/\/secure.gravatar.com\/avatar\/0645bd32f23d87b2130f2b2dff1d3f8d?s=96&r=g","caption":"Poliana Santos"},"description":"Rep\u00f3rter no Suno Not\u00edcias, com cobertura em mercado financeiro, economia, finan\u00e7as pessoais, renda fixa e varejo. Jornalista formada pela Faculdade C\u00e1sper L\u00edbero e possui passagem na R\u00e1dio Gazeta AM com a produ\u00e7\u00e3o de conte\u00fado sobre economia, pol\u00edtica, sa\u00fade, moda e m\u00fasica. Possui certificado de conclus\u00e3o do curso de An\u00e1lise de Balan\u00e7os pela Funda\u00e7\u00e3o Bradesco, Agenda Brasil pela FAAP, Educa\u00e7\u00e3o Pol\u00edtica por Alexandre Garcia e do Tesouro Direto e Mercado de A\u00e7\u00f5es pela B3.","url":"https:\/\/www.suno.com.br\/noticias\/author\/poliana-santos\/"}]}},"default_loop_html":"<div class=\"cardsPage__listCard__boxs\"><div class=\"cardsPage__listCard__boxs__img\"><a href=\"https:\/\/www.suno.com.br\/noticias\/pacto-congresso-stf-planalto-protestos\/\"><img class=\"mask\" src=\"https:\/\/www.suno.com.br\/noticias\/wp-content\/themes\/suno\/resources\/images\/spotlight\/spotlight1img\/bg-mask.png\" alt=\"Image Mask\"\/><img src=\"https:\/\/files.sunoresearch.com.br\/n\/uploads\/2019\/05\/890cc61f-ministro-400x200.webp\" alt=\"Presidentes dos tr\u00eas Poderes decidem assinar pacto pela retomada do crescimento\"\/><\/a><span class=\"spotlightCategory\"><a href=\"https:\/\/www.suno.com.br\/noticias\/politica\/\">Pol\u00edtica<\/a><\/span><\/div><div class=\"cardsPage__listCard__boxs__content\"><a href=\"https:\/\/www.suno.com.br\/noticias\/pacto-congresso-stf-planalto-protestos\/\"><h2 class=\"content__title\">Presidentes dos tr\u00eas Poderes decidem assinar pacto pela retomada do crescimento<\/h2><\/a><div class=\"newsContent__article__meta\"><div class=\"newsContent__article__meta__authorBox\"><a href=\"https:\/\/www.suno.com.br\/noticias\/author\/poliana-santos\/\" class=\"authorBox__avatar noMobi\"><img src=\"https:\/\/files.sunoresearch.com.br\/n\/uploads\/2020\/08\/7ef34026-whatsapp-image-2020-08-03-at-12.37.57-150x150.webp\" alt=\"Poliana Santos\"><\/a><div class=\"authorBox__name\"><span>por\n\t\t\t<a href=\"https:\/\/www.suno.com.br\/noticias\/author\/poliana-santos\/\"><span itemprop=\"author\">Poliana Santos<\/span><\/a><\/span><time datetime=\"2019-05-28T12:34:32-03:00\" itemprop=\"datePublished\">28\/05\/2019 12:34<\/time><\/div><\/div><\/div><\/div><\/div>","single_layout":"posts","amp_enabled":true,"_links":{"self":[{"href":"https:\/\/www.suno.com.br\/noticias\/wp-json\/wp\/v2\/posts\/26208"}],"collection":[{"href":"https:\/\/www.suno.com.br\/noticias\/wp-json\/wp\/v2\/posts"}],"about":[{"href":"https:\/\/www.suno.com.br\/noticias\/wp-json\/wp\/v2\/types\/post"}],"author":[{"embeddable":true,"href":"https:\/\/www.suno.com.br\/noticias\/wp-json\/wp\/v2\/users\/15"}],"replies":[{"embeddable":true,"href":"https:\/\/www.suno.com.br\/noticias\/wp-json\/wp\/v2\/comments?post=26208"}],"version-history":[{"count":0,"href":"https:\/\/www.suno.com.br\/noticias\/wp-json\/wp\/v2\/posts\/26208\/revisions"}],"wp:featuredmedia":[{"embeddable":true,"href":"https:\/\/www.suno.com.br\/noticias\/wp-json\/wp\/v2\/media\/26224"}],"wp:attachment":[{"href":"https:\/\/www.suno.com.br\/noticias\/wp-json\/wp\/v2\/media?parent=26208"}],"wp:term":[{"taxonomy":"category","embeddable":true,"href":"https:\/\/www.suno.com.br\/noticias\/wp-json\/wp\/v2\/categories?post=26208"},{"taxonomy":"post_tag","embeddable":true,"href":"https:\/\/www.suno.com.br\/noticias\/wp-json\/wp\/v2\/tags?post=26208"},{"taxonomy":"suno_strategy","embeddable":true,"href":"https:\/\/www.suno.com.br\/noticias\/wp-json\/wp\/v2\/suno_strategy?post=26208"}],"curies":[{"name":"wp","href":"https:\/\/api.w.org\/{rel}","templated":true}]}}