{"id":26201,"date":"2019-05-28T11:41:06","date_gmt":"2019-05-28T14:41:06","guid":{"rendered":"https:\/\/www.suno.com.br\/noticias\/?p=26201"},"modified":"2019-05-28T19:54:09","modified_gmt":"2019-05-28T22:54:09","slug":"itau-projeta-retracao-pib-1-trimestre","status":"publish","type":"post","link":"https:\/\/www.suno.com.br\/noticias\/itau-projeta-retracao-pib-1-trimestre\/","title":{"rendered":"Ita\u00fa reduz proje\u00e7\u00e3o do PIB no 1T e prev\u00ea retra\u00e7\u00e3o de 0,2%"},"content":{"rendered":"<p>O <strong>Ita\u00fa<\/strong> estima que o <a href=\"https:\/\/www.suno.com.br\/artigos\/pib-produto-interno-bruto\/\">Produto Interno Bruto (PIB)<\/a> do Brasil ter\u00e1 uma retra\u00e7\u00e3o de 0,2% no primeiro trimestre de 2019. Al\u00e9m disso, a proje\u00e7\u00e3o do\u00a0\u00a0<strong>banco<\/strong> para o crescimento da <strong>economia<\/strong> no ano tamb\u00e9m foi reduzida e passa a ser de apenas 1%.<\/p>\t<div class=\"wrapper-featured-image\">\n\t\t<figure class=\"spotlightImg\">\n\n\t\t\t<picture>\n\t\t\t\t<source media=\"(max-width: 768px)\" srcset=\"https:\/\/files.sunoresearch.com.br\/n\/uploads\/2019\/05\/04b4cded-pib-400x200.webp\">\n\t\t\t\t<img loading=\"lazy\" decoding=\"async\" class=\"newsContent__article__imgCapa lazyloadDisabled newsContent__article__imgCapa--noCaption\" src=\"https:\/\/files.sunoresearch.com.br\/n\/uploads\/2019\/05\/04b4cded-pib-800x450.webp\" width=\"800\" height=\"450\" alt=\"Ita\u00fa reduz proje\u00e7\u00e3o do PIB no 1T e prev\u00ea retra\u00e7\u00e3o de 0,2%\" fetchpriority=high \/>\n\t\t\t<\/picture>\n\n\t\t\t<figcaption class=\"wp-caption-text wp-caption-text--hide\">PIB<\/figcaption>\n\t\t<\/figure>\n\t<\/div>\n\n\n<p>No \u00faltimo relat\u00f3rio, o <strong>Ita\u00fa<\/strong> estimava uma retra\u00e7\u00e3o de 0,1% no primeiro trimestre. No mesmo sentido, a previs\u00e3o para o <strong>PIB<\/strong> de 2019 tamb\u00e9m era maior, de 1,3%.<\/p>\n<p>As proje\u00e7\u00f5es foram divulgadas pelo banco nesta ter\u00e7a-feira (28) no evento <strong>Macroeconomia em Pauta<\/strong>.\u00a0Sobre os dados, o economista chefe da institui\u00e7\u00e3o, <strong>M\u00e1rio Mesquita<\/strong>, afirmou que a estimativa est\u00e1 &#8220;pr\u00f3xima de um consenso atual&#8221;.<\/p>\n\t<p>\n\t\t<a href=\"https:\/\/lp.statusinvest.com.br\/cl\/carteira-automatizada\/\" target=\"_blank\" data-element=\"shortcode-suno-banner\" title=\"Banner SUNO, clique e saiba mais\">\n\t\t\t<picture>\n\t\t\t\t<source media=\"(max-width: 500px)\" srcset=\"https:\/\/files.sunoresearch.com.br\/n\/uploads\/2024\/02\/400x300-Mobile.png\">\n\t\t\t\t<img class=\"newsContent__article__imgCapa newsContent__article__imgCapa--banner\"\n\t\t\t\t\tsrc=\"https:\/\/files.sunoresearch.com.br\/n\/uploads\/2024\/02\/1420x240-Desktop.png\"\n\t\t\t\t\tdata-promo-id=\"518879\"\t\t\t\t\t\t\t\t\t\twidth='1420' height='240'\t\t\t\t\talt=\"https:\/\/files.sunoresearch.com.br\/n\/uploads\/2024\/02\/1420x240-Desktop.png\"\n\t\t\t\t>\n\t\t\t<\/picture>\n\t\t<\/a>\n\t<\/p>\n\n\n<p>A expectativa do banco \u00e9 de que os resultado melhorem no pr\u00f3ximo ano. Contudo, isso estaria condicionado \u00e0 aprova\u00e7\u00e3o da <strong>reforma da Previd\u00eancia<\/strong> com cerca de 50% a 75% do texto original. Dessa forma, a economia \u00e9, respectivamente, de R$ 670 bilh\u00f5es e R$ 990 bilh\u00f5es.\u00a0Al\u00e9m disso, a aprova\u00e7\u00e3o da reforma j\u00e1 \u00e9 esperada apenas para o segundo semestre.<\/p>\n<p><a href=\"https:\/\/www.suno.com.br\/noticias\/boletim-focus-previsao-pib-cai\/\">Saiba Mais: Boletim Focus: previs\u00e3o do PIB cai pela 13\u00aa vez seguida e \u00edndice vai a 1,23%<\/a><\/p>\n<p>Dessa forma, o <strong>Ita\u00fa<\/strong> calcula que a <strong>PEC<\/strong> da <strong>Previd\u00eancia<\/strong> pode ser &#8220;desidratada&#8221; em alguns pontos at\u00e9 certos limites para n\u00e3o comprometer a economia necess\u00e1ria.<\/p>\n<p style=\"text-align: center;\"><iframe loading=\"lazy\" src=\"https:\/\/www.youtube.com\/embed\/n1aFF5olYCo\" width=\"560\" height=\"315\" frameborder=\"0\" allowfullscreen=\"allowfullscreen\"><\/iframe><\/p>\n<h2>PIB ruim no 2T<\/h2>\n<p>O banco tamb\u00e9m prev\u00ea que o <strong>cen\u00e1rio econ\u00f4mico<\/strong> do segundo trimestre n\u00e3o v\u00e1 apresentar muita melhora. De acordo com o especialista Luka Barbosa, diante do desempenho dos primeiros tr\u00eas meses, \u00e9 necess\u00e1rio uma efetiva melhora no segundo trimestre para uma expectativa sobre o <strong>crescimento\u00a0anual.<\/strong><\/p>\n<p>Assim, os <strong>economistas<\/strong> estimam que a partir dos pr\u00f3ximos tr\u00eas meses, o crescimento deve acelerar para mais de 2%. Ainda assim, o desempenho de 2019 ficaria abaixo do 1%.<\/p>\n<p>&#8220;N\u00f3s reduzimos de 1,3% para 1% a proje\u00e7\u00e3o do <strong>PIB<\/strong> do ano, porque mesmo que a economia acelere, ela precisa acelerar muito a partir de agora para alcan\u00e7ar o 1,3%&#8221;, explica <strong>M\u00e1rio Mesquita.<\/strong><\/p>\n<p><a href=\"https:\/\/www.suno.com.br\/noticias\/pib-diminui-crescimento-brasil\/\">Saiba Mais: PIB: FMI diminui proje\u00e7\u00e3o de crescimento do Brasil para 2019<\/a><\/p>\n<p>Sendo assim, as previs\u00f5es condicionadas do banco para o crescimento ficam da seguinte forma:<\/p>\n<ul>\n<li>PIB em 0,2% no ano com crescimento de 0% a partir do 2T;<\/li>\n<li>PIB em 0,5% no ano com crescimento de 1% a partir do 2T;<\/li>\n<li>PIB em 0,9% no ano com crescimento de 2% a partir do 2T;<\/li>\n<li>PIB em 1,3% no ano com crescimento de 3% a partir do 2T;<\/li>\n<li>PIB em 1,7% no ano com crescimento de 4% a partir do 2T.<\/li>\n<\/ul>\n<p>A previs\u00e3o pouco otimista do Ita\u00fa para o crescimento brasileiro vai de encontro com as previs\u00f5es do mercado. Isso porque o <strong>Banco Central<\/strong> estimou que em 2019, o <strong>PIB<\/strong> brasileiro ser\u00e1 de 1,23%. O resultado, que foi reduzido de 1,24%, foi a 13\u00aa queda seguida na previs\u00e3o. Sendo assim, em janeiro, a expectativa era de que o Pa\u00eds crescesse 2,6% no ano.<\/p>\n","protected":false},"excerpt":{"rendered":"<p>O Ita\u00fa estima que o Produto Interno Bruto (PIB) do Brasil ter\u00e1 uma retra\u00e7\u00e3o de 0,2% no primeiro trimestre de 2019. Al\u00e9m disso, a proje\u00e7\u00e3o do\u00a0\u00a0banco para o crescimento da economia no ano tamb\u00e9m foi reduzida e passa a ser de apenas 1%. PIB No \u00faltimo relat\u00f3rio, o Ita\u00fa estimava uma retra\u00e7\u00e3o de 0,1% no [&hellip;]<\/p>\n","protected":false},"author":16,"featured_media":26210,"comment_status":"closed","ping_status":"closed","sticky":false,"template":"","format":"standard","meta":[],"categories":[62],"tags":[519,807,940],"suno_strategy":[],"class_list":["post-26201","post","type-post","status-publish","format-standard","has-post-thumbnail","hentry","category-economia","tag-itau-unibanco-itub3-itub4","tag-produto-interno-bruto-pib","tag-reforma-da-previdencia"],"yoast_head":"<!-- This site is optimized with the Yoast SEO plugin v24.4 - https:\/\/yoast.com\/wordpress\/plugins\/seo\/ -->\n<title>Ita\u00fa reduz proje\u00e7\u00e3o do PIB no 1T e prev\u00ea retra\u00e7\u00e3o de 0,2%<\/title>\n<meta name=\"description\" content=\"As estimativas para o PIB feitas pelo Ita\u00fa est\u00e3o condicionadas \u00e0 aprova\u00e7\u00e3o da reforma da Previd\u00eancia com economia de R$ 670 a R$ 990 bilh\u00f5es.\" \/>\n<meta name=\"robots\" content=\"index, follow, max-snippet:-1, max-image-preview:large, max-video-preview:-1\" \/>\n<link rel=\"canonical\" href=\"https:\/\/www.suno.com.br\/noticias\/itau-projeta-retracao-pib-1-trimestre\/\" \/>\n<meta property=\"og:locale\" content=\"pt_BR\" \/>\n<meta property=\"og:type\" content=\"article\" \/>\n<meta property=\"og:title\" content=\"Ita\u00fa reduz proje\u00e7\u00e3o do PIB no 1T e prev\u00ea retra\u00e7\u00e3o de 0,2%\" \/>\n<meta property=\"og:description\" content=\"As estimativas para o PIB feitas pelo Ita\u00fa est\u00e3o condicionadas \u00e0 aprova\u00e7\u00e3o da reforma da Previd\u00eancia com economia de R$ 670 a R$ 990 bilh\u00f5es.\" \/>\n<meta property=\"og:url\" content=\"https:\/\/www.suno.com.br\/noticias\/itau-projeta-retracao-pib-1-trimestre\/\" \/>\n<meta property=\"og:site_name\" content=\"Suno Not\u00edcias\" \/>\n<meta property=\"article:publisher\" content=\"https:\/\/facebook.com\/sunoresearch\" \/>\n<meta property=\"og:image\" content=\"https:\/\/files.sunoresearch.com.br\/n\/uploads\/2019\/05\/04b4cded-pib.jpg\" \/>\n\t<meta property=\"og:image:width\" content=\"1920\" \/>\n\t<meta property=\"og:image:height\" content=\"1280\" \/>\n\t<meta property=\"og:image:type\" content=\"image\/jpeg\" \/>\n<meta name=\"author\" content=\"Beatriz Oliveira\" \/>\n<meta name=\"twitter:card\" content=\"summary_large_image\" \/>\n<meta name=\"twitter:creator\" content=\"@sunoresearch\" \/>\n<meta name=\"twitter:site\" content=\"@sunoresearch\" \/>\n<meta name=\"twitter:label1\" content=\"Escrito por\" \/>\n\t<meta name=\"twitter:data1\" content=\"Beatriz Oliveira\" \/>\n\t<meta name=\"twitter:label2\" content=\"Est. tempo de leitura\" \/>\n\t<meta name=\"twitter:data2\" content=\"2 minutos\" \/>\n<script type=\"application\/ld+json\" class=\"yoast-schema-graph\">{\"@context\":\"https:\/\/schema.org\",\"@graph\":[{\"@type\":\"NewsArticle\",\"@id\":\"https:\/\/www.suno.com.br\/noticias\/itau-projeta-retracao-pib-1-trimestre\/#article\",\"isPartOf\":{\"@id\":\"https:\/\/www.suno.com.br\/noticias\/itau-projeta-retracao-pib-1-trimestre\/\"},\"author\":{\"name\":\"Beatriz Oliveira\",\"@id\":\"https:\/\/www.suno.com.br\/noticias\/#\/schema\/person\/e67f665add014bf99f644028de070cc3\"},\"headline\":\"Ita\u00fa reduz proje\u00e7\u00e3o do PIB no 1T e prev\u00ea retra\u00e7\u00e3o de 0,2%\",\"datePublished\":\"2019-05-28T14:41:06+00:00\",\"dateModified\":\"2019-05-28T22:54:09+00:00\",\"mainEntityOfPage\":{\"@id\":\"https:\/\/www.suno.com.br\/noticias\/itau-projeta-retracao-pib-1-trimestre\/\"},\"wordCount\":490,\"publisher\":{\"@id\":\"https:\/\/www.suno.com.br\/noticias\/#organization\"},\"image\":{\"@id\":\"https:\/\/www.suno.com.br\/noticias\/itau-projeta-retracao-pib-1-trimestre\/#primaryimage\"},\"thumbnailUrl\":\"https:\/\/files.sunoresearch.com.br\/n\/uploads\/2019\/05\/04b4cded-pib-jpg.webp\",\"keywords\":[\"Ita\u00fa Unibanco (ITUB3\/ITUB4)\",\"Produto Interno Bruto (PIB)\",\"Reforma da Previd\u00eancia\"],\"articleSection\":[\"Economia\"],\"inLanguage\":\"pt-BR\"},{\"@type\":\"WebPage\",\"@id\":\"https:\/\/www.suno.com.br\/noticias\/itau-projeta-retracao-pib-1-trimestre\/\",\"url\":\"https:\/\/www.suno.com.br\/noticias\/itau-projeta-retracao-pib-1-trimestre\/\",\"name\":\"Ita\u00fa reduz proje\u00e7\u00e3o do PIB no 1T e prev\u00ea retra\u00e7\u00e3o de 0,2%\",\"isPartOf\":{\"@id\":\"https:\/\/www.suno.com.br\/noticias\/#website\"},\"primaryImageOfPage\":{\"@id\":\"https:\/\/www.suno.com.br\/noticias\/itau-projeta-retracao-pib-1-trimestre\/#primaryimage\"},\"image\":{\"@id\":\"https:\/\/www.suno.com.br\/noticias\/itau-projeta-retracao-pib-1-trimestre\/#primaryimage\"},\"thumbnailUrl\":\"https:\/\/files.sunoresearch.com.br\/n\/uploads\/2019\/05\/04b4cded-pib-jpg.webp\",\"datePublished\":\"2019-05-28T14:41:06+00:00\",\"dateModified\":\"2019-05-28T22:54:09+00:00\",\"description\":\"As estimativas para o PIB feitas pelo Ita\u00fa est\u00e3o condicionadas \u00e0 aprova\u00e7\u00e3o da reforma da Previd\u00eancia com economia de R$ 670 a R$ 990 bilh\u00f5es.\",\"breadcrumb\":{\"@id\":\"https:\/\/www.suno.com.br\/noticias\/itau-projeta-retracao-pib-1-trimestre\/#breadcrumb\"},\"inLanguage\":\"pt-BR\",\"potentialAction\":[{\"@type\":\"ReadAction\",\"target\":[\"https:\/\/www.suno.com.br\/noticias\/itau-projeta-retracao-pib-1-trimestre\/\"]}]},{\"@type\":\"ImageObject\",\"inLanguage\":\"pt-BR\",\"@id\":\"https:\/\/www.suno.com.br\/noticias\/itau-projeta-retracao-pib-1-trimestre\/#primaryimage\",\"url\":\"https:\/\/files.sunoresearch.com.br\/n\/uploads\/2019\/05\/04b4cded-pib-jpg.webp\",\"contentUrl\":\"https:\/\/files.sunoresearch.com.br\/n\/uploads\/2019\/05\/04b4cded-pib-jpg.webp\",\"width\":1920,\"height\":1280,\"caption\":\"PIB\"},{\"@type\":\"BreadcrumbList\",\"@id\":\"https:\/\/www.suno.com.br\/noticias\/itau-projeta-retracao-pib-1-trimestre\/#breadcrumb\",\"itemListElement\":[{\"@type\":\"ListItem\",\"position\":1,\"name\":\"Not\u00edcias\",\"item\":\"https:\/\/www.suno.com.br\/noticias\/\"},{\"@type\":\"ListItem\",\"position\":2,\"name\":\"Economia\",\"item\":\"https:\/\/www.suno.com.br\/noticias\/economia\/\"},{\"@type\":\"ListItem\",\"position\":3,\"name\":\"Ita\u00fa reduz proje\u00e7\u00e3o do PIB no 1T e prev\u00ea retra\u00e7\u00e3o de 0,2%\"}]},{\"@type\":\"WebSite\",\"@id\":\"https:\/\/www.suno.com.br\/noticias\/#website\",\"url\":\"https:\/\/www.suno.com.br\/noticias\/\",\"name\":\"Suno Not\u00edcias\",\"description\":\"Seu portal de informa\u00e7\u00e3o sobre o mundo dos investimentos\",\"publisher\":{\"@id\":\"https:\/\/www.suno.com.br\/noticias\/#organization\"},\"potentialAction\":[{\"@type\":\"SearchAction\",\"target\":{\"@type\":\"EntryPoint\",\"urlTemplate\":\"https:\/\/www.suno.com.br\/noticias\/?s={search_term_string}\"},\"query-input\":{\"@type\":\"PropertyValueSpecification\",\"valueRequired\":true,\"valueName\":\"search_term_string\"}}],\"inLanguage\":\"pt-BR\"},{\"@type\":\"Organization\",\"@id\":\"https:\/\/www.suno.com.br\/noticias\/#organization\",\"name\":\"Suno Not\u00edcias\",\"url\":\"https:\/\/www.suno.com.br\/noticias\/\",\"logo\":{\"@type\":\"ImageObject\",\"inLanguage\":\"pt-BR\",\"@id\":\"https:\/\/www.suno.com.br\/noticias\/#\/schema\/logo\/image\/\",\"url\":\"https:\/\/files.sunoresearch.com.br\/n\/uploads\/2021\/09\/suno-logo.png\",\"contentUrl\":\"https:\/\/files.sunoresearch.com.br\/n\/uploads\/2021\/09\/suno-logo.png\",\"width\":180,\"height\":180,\"caption\":\"Suno Not\u00edcias\"},\"image\":{\"@id\":\"https:\/\/www.suno.com.br\/noticias\/#\/schema\/logo\/image\/\"},\"sameAs\":[\"https:\/\/facebook.com\/sunoresearch\",\"https:\/\/x.com\/sunoresearch\",\"https:\/\/www.instagram.com\/suno\",\"https:\/\/www.linkedin.com\/company\/suno-research\/\",\"https:\/\/www.youtube.com\/c\/sunoresearch\"]},{\"@type\":\"Person\",\"@id\":\"https:\/\/www.suno.com.br\/noticias\/#\/schema\/person\/e67f665add014bf99f644028de070cc3\",\"name\":\"Beatriz Oliveira\",\"image\":{\"@type\":\"ImageObject\",\"inLanguage\":\"pt-BR\",\"@id\":\"https:\/\/www.suno.com.br\/noticias\/#\/schema\/person\/image\/\",\"url\":\"https:\/\/secure.gravatar.com\/avatar\/c9aa6a0aaecc598d257d5d5bd349157d?s=96&r=g\",\"contentUrl\":\"https:\/\/secure.gravatar.com\/avatar\/c9aa6a0aaecc598d257d5d5bd349157d?s=96&r=g\",\"caption\":\"Beatriz Oliveira\"},\"description\":\"Formada em Jornalismo pela Faculdade Paulus de Tecnologia e Comunica\u00e7\u00e3o, Beatriz Oliveira escreve para o portal de not\u00edcias Suno Research. Antes, passou pelas reda\u00e7\u00f5es da Revista EXAME e da Rede Bandeirantes.\",\"url\":\"https:\/\/www.suno.com.br\/noticias\/author\/beatriz\/\"}]}<\/script>\n<!-- \/ Yoast SEO plugin. -->","yoast_head_json":{"title":"Ita\u00fa reduz proje\u00e7\u00e3o do PIB no 1T e prev\u00ea retra\u00e7\u00e3o de 0,2%","description":"As estimativas para o PIB feitas pelo Ita\u00fa est\u00e3o condicionadas \u00e0 aprova\u00e7\u00e3o da reforma da Previd\u00eancia com economia de R$ 670 a R$ 990 bilh\u00f5es.","robots":{"index":"index","follow":"follow","max-snippet":"max-snippet:-1","max-image-preview":"max-image-preview:large","max-video-preview":"max-video-preview:-1"},"canonical":"https:\/\/www.suno.com.br\/noticias\/itau-projeta-retracao-pib-1-trimestre\/","og_locale":"pt_BR","og_type":"article","og_title":"Ita\u00fa reduz proje\u00e7\u00e3o do PIB no 1T e prev\u00ea retra\u00e7\u00e3o de 0,2%","og_description":"As estimativas para o PIB feitas pelo Ita\u00fa est\u00e3o condicionadas \u00e0 aprova\u00e7\u00e3o da reforma da Previd\u00eancia com economia de R$ 670 a R$ 990 bilh\u00f5es.","og_url":"https:\/\/www.suno.com.br\/noticias\/itau-projeta-retracao-pib-1-trimestre\/","og_site_name":"Suno Not\u00edcias","article_publisher":"https:\/\/facebook.com\/sunoresearch","og_image":[{"width":1920,"height":1280,"url":"https:\/\/files.sunoresearch.com.br\/n\/uploads\/2019\/05\/04b4cded-pib.jpg","type":"image\/jpeg"}],"author":"Beatriz Oliveira","twitter_card":"summary_large_image","twitter_creator":"@sunoresearch","twitter_site":"@sunoresearch","twitter_misc":{"Escrito por":"Beatriz Oliveira","Est. tempo de leitura":"2 minutos"},"schema":{"@context":"https:\/\/schema.org","@graph":[{"@type":"NewsArticle","@id":"https:\/\/www.suno.com.br\/noticias\/itau-projeta-retracao-pib-1-trimestre\/#article","isPartOf":{"@id":"https:\/\/www.suno.com.br\/noticias\/itau-projeta-retracao-pib-1-trimestre\/"},"author":{"name":"Beatriz Oliveira","@id":"https:\/\/www.suno.com.br\/noticias\/#\/schema\/person\/e67f665add014bf99f644028de070cc3"},"headline":"Ita\u00fa reduz proje\u00e7\u00e3o do PIB no 1T e prev\u00ea retra\u00e7\u00e3o de 0,2%","datePublished":"2019-05-28T14:41:06+00:00","dateModified":"2019-05-28T22:54:09+00:00","mainEntityOfPage":{"@id":"https:\/\/www.suno.com.br\/noticias\/itau-projeta-retracao-pib-1-trimestre\/"},"wordCount":490,"publisher":{"@id":"https:\/\/www.suno.com.br\/noticias\/#organization"},"image":{"@id":"https:\/\/www.suno.com.br\/noticias\/itau-projeta-retracao-pib-1-trimestre\/#primaryimage"},"thumbnailUrl":"https:\/\/files.sunoresearch.com.br\/n\/uploads\/2019\/05\/04b4cded-pib-jpg.webp","keywords":["Ita\u00fa Unibanco (ITUB3\/ITUB4)","Produto Interno Bruto (PIB)","Reforma da Previd\u00eancia"],"articleSection":["Economia"],"inLanguage":"pt-BR"},{"@type":"WebPage","@id":"https:\/\/www.suno.com.br\/noticias\/itau-projeta-retracao-pib-1-trimestre\/","url":"https:\/\/www.suno.com.br\/noticias\/itau-projeta-retracao-pib-1-trimestre\/","name":"Ita\u00fa reduz proje\u00e7\u00e3o do PIB no 1T e prev\u00ea retra\u00e7\u00e3o de 0,2%","isPartOf":{"@id":"https:\/\/www.suno.com.br\/noticias\/#website"},"primaryImageOfPage":{"@id":"https:\/\/www.suno.com.br\/noticias\/itau-projeta-retracao-pib-1-trimestre\/#primaryimage"},"image":{"@id":"https:\/\/www.suno.com.br\/noticias\/itau-projeta-retracao-pib-1-trimestre\/#primaryimage"},"thumbnailUrl":"https:\/\/files.sunoresearch.com.br\/n\/uploads\/2019\/05\/04b4cded-pib-jpg.webp","datePublished":"2019-05-28T14:41:06+00:00","dateModified":"2019-05-28T22:54:09+00:00","description":"As estimativas para o PIB feitas pelo Ita\u00fa est\u00e3o condicionadas \u00e0 aprova\u00e7\u00e3o da reforma da Previd\u00eancia com economia de R$ 670 a R$ 990 bilh\u00f5es.","breadcrumb":{"@id":"https:\/\/www.suno.com.br\/noticias\/itau-projeta-retracao-pib-1-trimestre\/#breadcrumb"},"inLanguage":"pt-BR","potentialAction":[{"@type":"ReadAction","target":["https:\/\/www.suno.com.br\/noticias\/itau-projeta-retracao-pib-1-trimestre\/"]}]},{"@type":"ImageObject","inLanguage":"pt-BR","@id":"https:\/\/www.suno.com.br\/noticias\/itau-projeta-retracao-pib-1-trimestre\/#primaryimage","url":"https:\/\/files.sunoresearch.com.br\/n\/uploads\/2019\/05\/04b4cded-pib-jpg.webp","contentUrl":"https:\/\/files.sunoresearch.com.br\/n\/uploads\/2019\/05\/04b4cded-pib-jpg.webp","width":1920,"height":1280,"caption":"PIB"},{"@type":"BreadcrumbList","@id":"https:\/\/www.suno.com.br\/noticias\/itau-projeta-retracao-pib-1-trimestre\/#breadcrumb","itemListElement":[{"@type":"ListItem","position":1,"name":"Not\u00edcias","item":"https:\/\/www.suno.com.br\/noticias\/"},{"@type":"ListItem","position":2,"name":"Economia","item":"https:\/\/www.suno.com.br\/noticias\/economia\/"},{"@type":"ListItem","position":3,"name":"Ita\u00fa reduz proje\u00e7\u00e3o do PIB no 1T e prev\u00ea retra\u00e7\u00e3o de 0,2%"}]},{"@type":"WebSite","@id":"https:\/\/www.suno.com.br\/noticias\/#website","url":"https:\/\/www.suno.com.br\/noticias\/","name":"Suno Not\u00edcias","description":"Seu portal de informa\u00e7\u00e3o sobre o mundo dos investimentos","publisher":{"@id":"https:\/\/www.suno.com.br\/noticias\/#organization"},"potentialAction":[{"@type":"SearchAction","target":{"@type":"EntryPoint","urlTemplate":"https:\/\/www.suno.com.br\/noticias\/?s={search_term_string}"},"query-input":{"@type":"PropertyValueSpecification","valueRequired":true,"valueName":"search_term_string"}}],"inLanguage":"pt-BR"},{"@type":"Organization","@id":"https:\/\/www.suno.com.br\/noticias\/#organization","name":"Suno Not\u00edcias","url":"https:\/\/www.suno.com.br\/noticias\/","logo":{"@type":"ImageObject","inLanguage":"pt-BR","@id":"https:\/\/www.suno.com.br\/noticias\/#\/schema\/logo\/image\/","url":"https:\/\/files.sunoresearch.com.br\/n\/uploads\/2021\/09\/suno-logo.png","contentUrl":"https:\/\/files.sunoresearch.com.br\/n\/uploads\/2021\/09\/suno-logo.png","width":180,"height":180,"caption":"Suno Not\u00edcias"},"image":{"@id":"https:\/\/www.suno.com.br\/noticias\/#\/schema\/logo\/image\/"},"sameAs":["https:\/\/facebook.com\/sunoresearch","https:\/\/x.com\/sunoresearch","https:\/\/www.instagram.com\/suno","https:\/\/www.linkedin.com\/company\/suno-research\/","https:\/\/www.youtube.com\/c\/sunoresearch"]},{"@type":"Person","@id":"https:\/\/www.suno.com.br\/noticias\/#\/schema\/person\/e67f665add014bf99f644028de070cc3","name":"Beatriz Oliveira","image":{"@type":"ImageObject","inLanguage":"pt-BR","@id":"https:\/\/www.suno.com.br\/noticias\/#\/schema\/person\/image\/","url":"https:\/\/secure.gravatar.com\/avatar\/c9aa6a0aaecc598d257d5d5bd349157d?s=96&r=g","contentUrl":"https:\/\/secure.gravatar.com\/avatar\/c9aa6a0aaecc598d257d5d5bd349157d?s=96&r=g","caption":"Beatriz Oliveira"},"description":"Formada em Jornalismo pela Faculdade Paulus de Tecnologia e Comunica\u00e7\u00e3o, Beatriz Oliveira escreve para o portal de not\u00edcias Suno Research. Antes, passou pelas reda\u00e7\u00f5es da Revista EXAME e da Rede Bandeirantes.","url":"https:\/\/www.suno.com.br\/noticias\/author\/beatriz\/"}]}},"default_loop_html":"<div class=\"cardsPage__listCard__boxs\"><div class=\"cardsPage__listCard__boxs__img\"><a href=\"https:\/\/www.suno.com.br\/noticias\/itau-projeta-retracao-pib-1-trimestre\/\"><img class=\"mask\" src=\"https:\/\/www.suno.com.br\/noticias\/wp-content\/themes\/suno\/resources\/images\/spotlight\/spotlight1img\/bg-mask.png\" alt=\"Image Mask\"\/><img src=\"https:\/\/files.sunoresearch.com.br\/n\/uploads\/2019\/05\/04b4cded-pib-400x200.webp\" alt=\"Ita\u00fa reduz proje\u00e7\u00e3o do PIB no 1T e prev\u00ea retra\u00e7\u00e3o de 0,2%\"\/><\/a><span class=\"spotlightCategory\"><a href=\"https:\/\/www.suno.com.br\/noticias\/economia\/\">Economia<\/a><\/span><\/div><div class=\"cardsPage__listCard__boxs__content\"><a href=\"https:\/\/www.suno.com.br\/noticias\/itau-projeta-retracao-pib-1-trimestre\/\"><h2 class=\"content__title\">Ita\u00fa reduz proje\u00e7\u00e3o do PIB no 1T e prev\u00ea retra\u00e7\u00e3o de 0,2%<\/h2><\/a><div class=\"newsContent__article__meta\"><div class=\"newsContent__article__meta__authorBox\"><a href=\"https:\/\/www.suno.com.br\/noticias\/author\/beatriz\/\" class=\"authorBox__avatar noMobi\"><img src=\"https:\/\/secure.gravatar.com\/avatar\/c9aa6a0aaecc598d257d5d5bd349157d?s=96&#038;r=g\" alt=\"Beatriz Oliveira\"><\/a><div class=\"authorBox__name\"><span>por\n\t\t\t<a href=\"https:\/\/www.suno.com.br\/noticias\/author\/beatriz\/\"><span itemprop=\"author\">Beatriz Oliveira<\/span><\/a><\/span><time datetime=\"2019-05-28T11:41:06-03:00\" itemprop=\"datePublished\">28\/05\/2019 11:41<\/time><\/div><\/div><\/div><\/div><\/div>","single_layout":"posts","amp_enabled":true,"_links":{"self":[{"href":"https:\/\/www.suno.com.br\/noticias\/wp-json\/wp\/v2\/posts\/26201"}],"collection":[{"href":"https:\/\/www.suno.com.br\/noticias\/wp-json\/wp\/v2\/posts"}],"about":[{"href":"https:\/\/www.suno.com.br\/noticias\/wp-json\/wp\/v2\/types\/post"}],"author":[{"embeddable":true,"href":"https:\/\/www.suno.com.br\/noticias\/wp-json\/wp\/v2\/users\/16"}],"replies":[{"embeddable":true,"href":"https:\/\/www.suno.com.br\/noticias\/wp-json\/wp\/v2\/comments?post=26201"}],"version-history":[{"count":0,"href":"https:\/\/www.suno.com.br\/noticias\/wp-json\/wp\/v2\/posts\/26201\/revisions"}],"wp:featuredmedia":[{"embeddable":true,"href":"https:\/\/www.suno.com.br\/noticias\/wp-json\/wp\/v2\/media\/26210"}],"wp:attachment":[{"href":"https:\/\/www.suno.com.br\/noticias\/wp-json\/wp\/v2\/media?parent=26201"}],"wp:term":[{"taxonomy":"category","embeddable":true,"href":"https:\/\/www.suno.com.br\/noticias\/wp-json\/wp\/v2\/categories?post=26201"},{"taxonomy":"post_tag","embeddable":true,"href":"https:\/\/www.suno.com.br\/noticias\/wp-json\/wp\/v2\/tags?post=26201"},{"taxonomy":"suno_strategy","embeddable":true,"href":"https:\/\/www.suno.com.br\/noticias\/wp-json\/wp\/v2\/suno_strategy?post=26201"}],"curies":[{"name":"wp","href":"https:\/\/api.w.org\/{rel}","templated":true}]}}