{"id":262003,"date":"2022-05-27T22:06:19","date_gmt":"2022-05-28T01:06:19","guid":{"rendered":"https:\/\/www.suno.com.br\/noticias\/?p=262003"},"modified":"2022-05-27T22:06:19","modified_gmt":"2022-05-28T01:06:19","slug":"aneel-bandeira-verde-sem-cobranca-contas-luz","status":"publish","type":"post","link":"https:\/\/www.suno.com.br\/noticias\/aneel-bandeira-verde-sem-cobranca-contas-luz\/","title":{"rendered":"Aneel manter\u00e1 bandeira verde sem cobran\u00e7a adicional na conta de luz"},"content":{"rendered":"<p>Nesta sexta-feira, 27, a Ag\u00eancia Nacional de Energia El\u00e9trica (Aneel) anunciou que ir\u00e1 manter a bandeira verde em junho, sem cobran\u00e7a adicional nas <strong>contas de luz<\/strong> durante o m\u00eas referente.<\/p>\t<div class=\"wrapper-featured-image\">\n\t\t<figure class=\"spotlightImg\">\n\n\t\t\t<picture>\n\t\t\t\t<source media=\"(max-width: 768px)\" srcset=\"https:\/\/files.sunoresearch.com.br\/n\/uploads\/2018\/11\/154e2f68-aneel-400x200.webp\">\n\t\t\t\t<img loading=\"lazy\" decoding=\"async\" class=\"newsContent__article__imgCapa lazyloadDisabled \" src=\"https:\/\/files.sunoresearch.com.br\/n\/uploads\/2018\/11\/154e2f68-aneel-800x450.webp\" width=\"800\" height=\"450\" alt=\"Aneel manter\u00e1 bandeira verde sem cobran\u00e7a adicional na conta de luz\" fetchpriority=high \/>\n\t\t\t<\/picture>\n\n\t\t\t<figcaption class=\"wp-caption-text wp-caption-text--show\">Aneel<\/figcaption>\n\t\t<\/figure>\n\t<\/div>\n\n\n\t<p>\n\t\t<a href=\"https:\/\/lp.suno.com.br\/planilha-da-vida-financeira\/\" target=\"_blank\" data-element=\"shortcode-suno-banner\" title=\"Banner SUNO, clique e saiba mais\">\n\t\t\t<picture>\n\t\t\t\t<source media=\"(max-width: 500px)\" srcset=\"https:\/\/files.sunoresearch.com.br\/n\/uploads\/2023\/04\/400x300-Planilha-vida-financeira-true.png\">\n\t\t\t\t<img class=\"newsContent__article__imgCapa newsContent__article__imgCapa--banner\"\n\t\t\t\t\tsrc=\"https:\/\/files.sunoresearch.com.br\/n\/uploads\/2023\/04\/1420x240-Planilha-vida-financeira-true.png\"\n\t\t\t\t\tdata-promo-id=\"106682\"\t\t\t\t\t\t\t\t\t\twidth='1420' height='240'\t\t\t\t\talt=\"https:\/\/files.sunoresearch.com.br\/n\/uploads\/2023\/04\/1420x240-Planilha-vida-financeira-true.png\"\n\t\t\t\t>\n\t\t\t<\/picture>\n\t\t<\/a>\n\t<\/p>\n\n\n<p>Em nota, a Aneel informou que a bandeira verde indica &#8220;condi\u00e7\u00f5es favor\u00e1veis de gera\u00e7\u00e3o de energia&#8221;. A tend\u00eancia, de acordo com agentes do setor el\u00e9trico, \u00e9 de que o patamar seja mantido nos pr\u00f3ximos meses.<\/p>\n<p>A bandeira verde est\u00e1 em vigor desde 16 de abril. De setembro de 2021 a 15 de abril, os consumidores pagaram um adicional de R$ 14,20 por 100 quilowatt-hora (kWh) consumidos, referentes \u00e0 bandeira escassez h\u00eddrica. O patamar foi criado no ano passado em fun\u00e7\u00e3o da grave escassez nos principais reservat\u00f3rios.<\/p>\n\t<p>\n\t\t<a href=\"\" target=\"_blank\" data-element=\"shortcode-suno-banner\" title=\"Banner SUNO, clique e saiba mais\">\n\t\t\t<picture>\n\t\t\t\t<source media=\"(max-width: 500px)\" srcset=\"\">\n\t\t\t\t<img class=\"newsContent__article__imgCapa newsContent__article__imgCapa--banner\"\n\t\t\t\t\tsrc=\"\"\n\t\t\t\t\tdata-promo-id=\"240038\"\t\t\t\t\t\t\t\t\t\t\t\t\t\t\talt=\"\"\n\t\t\t\t>\n\t\t\t<\/picture>\n\t\t<\/a>\n\t<\/p>\n\n\n<p>O sistema de <a class=\"suno-keyword\" href=\"https:\/\/www.suno.com.br\/artigos\/bandeiras-tarifarias\/\" target=\"_blank\" rel=\"noopener\" data-force=\"no\" data-priority=\"1\">bandeiras tarif\u00e1rias<\/a> foi criado em 2015 para indicar os custos da gera\u00e7\u00e3o de energia no Pa\u00eds aos consumidores e atenuar os reajustes das tarifas e o impacto nos or\u00e7amentos das distribuidoras de energia, como a Aneel.<\/p>\n<p>Antes, o <strong>custo da energia<\/strong> em momentos de mais dificuldade para gera\u00e7\u00e3o era repassado \u00e0s tarifas apenas uma vez por ano, no reajuste anual de cada empresa, com incid\u00eancia de juros. Agora, os recursos s\u00e3o cobrados e repassados \u00e0s distribuidoras mensalmente por meio da &#8220;conta Bandeiras&#8221;.<\/p>\n\t<p>\n\t\t<a href=\"https:\/\/lp.suno.com.br\/planilha-de-controle-de-investimentos\/\" target=\"_blank\" data-element=\"shortcode-suno-banner\" title=\"Banner SUNO, clique e saiba mais\">\n\t\t\t<picture>\n\t\t\t\t<source media=\"(max-width: 500px)\" srcset=\"https:\/\/files.sunoresearch.com.br\/n\/uploads\/2023\/03\/400x300-Controle-de-Investimentos.png\">\n\t\t\t\t<img class=\"newsContent__article__imgCapa newsContent__article__imgCapa--banner\"\n\t\t\t\t\tsrc=\"https:\/\/files.sunoresearch.com.br\/n\/uploads\/2023\/03\/1420x240-Controle-de-Investimentos.png\"\n\t\t\t\t\tdata-promo-id=\"75934\"\t\t\t\t\t\t\t\t\t\twidth='1420' height='240'\t\t\t\t\talt=\"https:\/\/files.sunoresearch.com.br\/n\/uploads\/2023\/03\/1420x240-Controle-de-Investimentos.png\"\n\t\t\t\t>\n\t\t\t<\/picture>\n\t\t<\/a>\n\t<\/p>\n\n\n<p>Para a Aneel, <strong>bandeira verde<\/strong>, quando n\u00e3o h\u00e1 cobran\u00e7a adicional, significa que o custo para produzir energia est\u00e1 baixo. J\u00e1 as <strong>bandeiras amarela e vermelha<\/strong> 1 e 2 representam um aumento no custo da gera\u00e7\u00e3o e a necessidade de acionamento de t\u00e9rmicas, o que est\u00e1 ligado principalmente ao volume dos reservat\u00f3rios e das chuvas.<\/p>\n<h2 class=\"newsContent__article__title\">Conta de luz deve ficar 6,5% mais barata com volta da bandeira verde, estima mercado<\/h2>\n<p>Ap\u00f3s o anuncio do presidente Jair Bolsonaro (PL) sobre o\u00a0<a href=\"https:\/\/www.suno.com.br\/noticias\/governo-anuncia-fim-tarifa-extra-conta-luz\/\">fim da bandeira escassez h\u00eddrica<\/a>, em vigor desde setembro do ano passado, o mercado estima que a redu\u00e7\u00e3o m\u00e9dia na <strong>conta de luz<\/strong>\u00a0do consumidor residencial dever\u00e1 ser de 6,5%.<\/p>\n\t<p>\n\t\t<a href=\"https:\/\/lp.suno.com.br\/planilha-controle-gastos\/\" target=\"_blank\" data-element=\"shortcode-suno-banner\" title=\"Banner SUNO, clique e saiba mais\">\n\t\t\t<picture>\n\t\t\t\t<source media=\"(max-width: 500px)\" srcset=\"https:\/\/files.sunoresearch.com.br\/n\/uploads\/2023\/03\/400x300-Planilha-controle-de-gastos.png\">\n\t\t\t\t<img class=\"newsContent__article__imgCapa newsContent__article__imgCapa--banner\"\n\t\t\t\t\tsrc=\"https:\/\/files.sunoresearch.com.br\/n\/uploads\/2023\/03\/1420x240-Planilha-controle-de-gastos.png\"\n\t\t\t\t\tdata-promo-id=\"101751\"\t\t\t\t\t\t\t\t\t\twidth='1420' height='240'\t\t\t\t\talt=\"https:\/\/files.sunoresearch.com.br\/n\/uploads\/2023\/03\/1420x240-Planilha-controle-de-gastos.png\"\n\t\t\t\t>\n\t\t\t<\/picture>\n\t\t<\/a>\n\t<\/p>\n\n\n<p><a href=\"https:\/\/lp.suno.com.br\/ebook-gratuito-economia-investidores\/\" target=\"_blank\" rel=\"noopener\" data-element=\"shortcode-suno-banner\" data-parameter=\"banner-mat-0-https:\/\/lp.suno.com.br\/ebook-gratuito-economia-investidores\/\"><picture><source srcset=\"https:\/\/files.sunoresearch.com.br\/n\/uploads\/2022\/03\/Ebook-Investindo-para-a-Aposentadoria-mobile-1-400x300.jpg\" media=\"(max-width: 500px)\" \/><\/picture><\/a><\/p>\n<p>Pelas contas do governo, a conta de luz\u00a0<a href=\"https:\/\/www.suno.com.br\/noticias\/conta-de-luz-energia-eletrica-desconto-regras-aneel\/\">teria redu\u00e7\u00e3o de cerca de 20% com o fim da cobran\u00e7a de taxa extra<\/a>\u00a0para bancar o funcionamento de termoel\u00e9tricas.<\/p>\n<p>Especialistas afirmam, no entanto, que a queda dever\u00e1 ser dilu\u00edda com os\u00a0<strong>reajustes tarif\u00e1rios<\/strong>\u00a0das distribuidoras que ser\u00e3o estabelecidos ao longo deste ano. A PSR, maior consultoria de energia do Pa\u00eds, estima que, em m\u00e9dia, esses reajustes ser\u00e3o de 15%. Ent\u00e3o, computados os aumentos tarif\u00e1rios em 2022, o n\u00famero chega aos 6,5%.<\/p>\n\t<div data-element=\"shortcode-read-more\" class=\"knowMore\">\n\t\t\t\t<span class=\"knowMore__title\">Leia mais<\/span>\n\t\t\t\t<a class=\"knowMore__link\" href=\"https:\/\/www.suno.com.br\/noticias\/conta-de-luz-fim-cobranca-taxa-bandeira-verde\/\">\n\t\t\tConta de luz deve ficar 6,5% mais barata com volta da bandeira verde, estima mercado\t\t<\/a>\n\t<\/div>\n\n\n\t<p>\n\t\t<a href=\"https:\/\/lp.suno.com.br\/ebook-como-analisar-uma-acao\/\" target=\"_blank\" data-element=\"shortcode-suno-banner\" title=\"Banner SUNO, clique e saiba mais\">\n\t\t\t<picture>\n\t\t\t\t<source media=\"(max-width: 500px)\" srcset=\"https:\/\/files.sunoresearch.com.br\/n\/uploads\/2023\/03\/Ebook-Acoes-Mobile-1.jpg\">\n\t\t\t\t<img class=\"newsContent__article__imgCapa newsContent__article__imgCapa--banner\"\n\t\t\t\t\tsrc=\"https:\/\/files.sunoresearch.com.br\/n\/uploads\/2023\/03\/Ebook-Acoes-Desktop-1.jpg\"\n\t\t\t\t\tdata-promo-id=\"171998\"\t\t\t\t\t\t\t\t\t\twidth='1420' height='286'\t\t\t\t\talt=\"https:\/\/files.sunoresearch.com.br\/n\/uploads\/2023\/03\/Ebook-Acoes-Desktop-1.jpg\"\n\t\t\t\t>\n\t\t\t<\/picture>\n\t\t<\/a>\n\t<\/p>\n\n\n<p class=\"newsProviderSignature\"><em>Com informa\u00e7\u00f5es do Estad\u00e3o Conte\u00fado<\/em><\/p>\n","protected":false},"excerpt":{"rendered":"<p>Nesta sexta-feira, 27, a Ag\u00eancia Nacional de Energia El\u00e9trica (Aneel) anunciou que ir\u00e1 manter a bandeira verde em junho, sem cobran\u00e7a adicional nas contas de luz durante o m\u00eas referente. Aneel Em nota, a Aneel informou que a bandeira verde indica &#8220;condi\u00e7\u00f5es favor\u00e1veis de gera\u00e7\u00e3o de energia&#8221;. A tend\u00eancia, de acordo com agentes do setor [&hellip;]<\/p>\n","protected":false},"author":43,"featured_media":6297,"comment_status":"closed","ping_status":"closed","sticky":false,"template":"","format":"standard","meta":[],"categories":[62],"tags":[896,106081,2153],"suno_strategy":[],"class_list":["post-262003","post","type-post","status-publish","format-standard","has-post-thumbnail","hentry","category-economia","tag-aneel","tag-energia","tag-energia-eletrica"],"yoast_head":"<!-- This site is optimized with the Yoast SEO plugin v24.4 - https:\/\/yoast.com\/wordpress\/plugins\/seo\/ -->\n<title>Aneel manter\u00e1 bandeira verde sem cobran\u00e7a adicional nas contas de luz<\/title>\n<meta name=\"description\" content=\"A Aneel ir\u00e1 manter a bandeira verde acionada em junho sem cobran\u00e7as adicionais nas contas de luz dos brasileiros. Saiba mais aqui\" \/>\n<meta name=\"robots\" content=\"index, follow, max-snippet:-1, max-image-preview:large, max-video-preview:-1\" \/>\n<link rel=\"canonical\" href=\"https:\/\/www.suno.com.br\/noticias\/aneel-bandeira-verde-sem-cobranca-contas-luz\/\" \/>\n<meta property=\"og:locale\" content=\"pt_BR\" \/>\n<meta property=\"og:type\" content=\"article\" \/>\n<meta property=\"og:title\" content=\"Aneel manter\u00e1 bandeira verde sem cobran\u00e7a adicional nas contas de luz\" \/>\n<meta property=\"og:description\" content=\"A Aneel ir\u00e1 manter a bandeira verde acionada em junho sem cobran\u00e7as adicionais nas contas de luz dos brasileiros. Saiba mais aqui\" \/>\n<meta property=\"og:url\" content=\"https:\/\/www.suno.com.br\/noticias\/aneel-bandeira-verde-sem-cobranca-contas-luz\/\" \/>\n<meta property=\"og:site_name\" content=\"Suno Not\u00edcias\" \/>\n<meta property=\"article:publisher\" content=\"https:\/\/facebook.com\/sunoresearch\" \/>\n<meta property=\"article:author\" content=\"https:\/\/www.facebook.com\/sunonoticias\/\" \/>\n<meta property=\"og:image\" content=\"https:\/\/files.sunoresearch.com.br\/n\/uploads\/2018\/11\/154e2f68-aneel.jpg\" \/>\n\t<meta property=\"og:image:width\" content=\"1920\" \/>\n\t<meta property=\"og:image:height\" content=\"1077\" \/>\n\t<meta property=\"og:image:type\" content=\"image\/jpeg\" \/>\n<meta name=\"author\" content=\"Reda\u00e7\u00e3o Suno Not\u00edcias\" \/>\n<meta name=\"twitter:card\" content=\"summary_large_image\" \/>\n<meta name=\"twitter:creator\" content=\"@https:\/\/twitter.com\/sunoresearch\" \/>\n<meta name=\"twitter:site\" content=\"@sunoresearch\" \/>\n<meta name=\"twitter:label1\" content=\"Escrito por\" \/>\n\t<meta name=\"twitter:data1\" content=\"Reda\u00e7\u00e3o Suno Not\u00edcias\" \/>\n\t<meta name=\"twitter:label2\" content=\"Est. tempo de leitura\" \/>\n\t<meta name=\"twitter:data2\" content=\"2 minutos\" \/>\n<script type=\"application\/ld+json\" class=\"yoast-schema-graph\">{\"@context\":\"https:\/\/schema.org\",\"@graph\":[{\"@type\":\"NewsArticle\",\"@id\":\"https:\/\/www.suno.com.br\/noticias\/aneel-bandeira-verde-sem-cobranca-contas-luz\/#article\",\"isPartOf\":{\"@id\":\"https:\/\/www.suno.com.br\/noticias\/aneel-bandeira-verde-sem-cobranca-contas-luz\/\"},\"author\":{\"name\":\"Reda\u00e7\u00e3o Suno Not\u00edcias\",\"@id\":\"https:\/\/www.suno.com.br\/noticias\/#\/schema\/person\/c1b1bd3727fa852bd045e9dbff3673ea\"},\"headline\":\"Aneel manter\u00e1 bandeira verde sem cobran\u00e7a adicional na conta de luz\",\"datePublished\":\"2022-05-28T01:06:19+00:00\",\"mainEntityOfPage\":{\"@id\":\"https:\/\/www.suno.com.br\/noticias\/aneel-bandeira-verde-sem-cobranca-contas-luz\/\"},\"wordCount\":456,\"publisher\":{\"@id\":\"https:\/\/www.suno.com.br\/noticias\/#organization\"},\"image\":{\"@id\":\"https:\/\/www.suno.com.br\/noticias\/aneel-bandeira-verde-sem-cobranca-contas-luz\/#primaryimage\"},\"thumbnailUrl\":\"https:\/\/files.sunoresearch.com.br\/n\/uploads\/2018\/11\/154e2f68-aneel-jpg.webp\",\"keywords\":[\"Aneel\",\"energia\",\"energia el\u00e9trica\"],\"articleSection\":[\"Economia\"],\"inLanguage\":\"pt-BR\"},{\"@type\":\"WebPage\",\"@id\":\"https:\/\/www.suno.com.br\/noticias\/aneel-bandeira-verde-sem-cobranca-contas-luz\/\",\"url\":\"https:\/\/www.suno.com.br\/noticias\/aneel-bandeira-verde-sem-cobranca-contas-luz\/\",\"name\":\"Aneel manter\u00e1 bandeira verde sem cobran\u00e7a adicional nas contas de luz\",\"isPartOf\":{\"@id\":\"https:\/\/www.suno.com.br\/noticias\/#website\"},\"primaryImageOfPage\":{\"@id\":\"https:\/\/www.suno.com.br\/noticias\/aneel-bandeira-verde-sem-cobranca-contas-luz\/#primaryimage\"},\"image\":{\"@id\":\"https:\/\/www.suno.com.br\/noticias\/aneel-bandeira-verde-sem-cobranca-contas-luz\/#primaryimage\"},\"thumbnailUrl\":\"https:\/\/files.sunoresearch.com.br\/n\/uploads\/2018\/11\/154e2f68-aneel-jpg.webp\",\"datePublished\":\"2022-05-28T01:06:19+00:00\",\"description\":\"A Aneel ir\u00e1 manter a bandeira verde acionada em junho sem cobran\u00e7as adicionais nas contas de luz dos brasileiros. Saiba mais aqui\",\"breadcrumb\":{\"@id\":\"https:\/\/www.suno.com.br\/noticias\/aneel-bandeira-verde-sem-cobranca-contas-luz\/#breadcrumb\"},\"inLanguage\":\"pt-BR\",\"potentialAction\":[{\"@type\":\"ReadAction\",\"target\":[\"https:\/\/www.suno.com.br\/noticias\/aneel-bandeira-verde-sem-cobranca-contas-luz\/\"]}]},{\"@type\":\"ImageObject\",\"inLanguage\":\"pt-BR\",\"@id\":\"https:\/\/www.suno.com.br\/noticias\/aneel-bandeira-verde-sem-cobranca-contas-luz\/#primaryimage\",\"url\":\"https:\/\/files.sunoresearch.com.br\/n\/uploads\/2018\/11\/154e2f68-aneel-jpg.webp\",\"contentUrl\":\"https:\/\/files.sunoresearch.com.br\/n\/uploads\/2018\/11\/154e2f68-aneel-jpg.webp\",\"width\":1920,\"height\":1077,\"caption\":\"Aneel\"},{\"@type\":\"BreadcrumbList\",\"@id\":\"https:\/\/www.suno.com.br\/noticias\/aneel-bandeira-verde-sem-cobranca-contas-luz\/#breadcrumb\",\"itemListElement\":[{\"@type\":\"ListItem\",\"position\":1,\"name\":\"Not\u00edcias\",\"item\":\"https:\/\/www.suno.com.br\/noticias\/\"},{\"@type\":\"ListItem\",\"position\":2,\"name\":\"Economia\",\"item\":\"https:\/\/www.suno.com.br\/noticias\/economia\/\"},{\"@type\":\"ListItem\",\"position\":3,\"name\":\"Aneel manter\u00e1 bandeira verde sem cobran\u00e7a adicional na conta de luz\"}]},{\"@type\":\"WebSite\",\"@id\":\"https:\/\/www.suno.com.br\/noticias\/#website\",\"url\":\"https:\/\/www.suno.com.br\/noticias\/\",\"name\":\"Suno Not\u00edcias\",\"description\":\"Seu portal de informa\u00e7\u00e3o sobre o mundo dos investimentos\",\"publisher\":{\"@id\":\"https:\/\/www.suno.com.br\/noticias\/#organization\"},\"potentialAction\":[{\"@type\":\"SearchAction\",\"target\":{\"@type\":\"EntryPoint\",\"urlTemplate\":\"https:\/\/www.suno.com.br\/noticias\/?s={search_term_string}\"},\"query-input\":{\"@type\":\"PropertyValueSpecification\",\"valueRequired\":true,\"valueName\":\"search_term_string\"}}],\"inLanguage\":\"pt-BR\"},{\"@type\":\"Organization\",\"@id\":\"https:\/\/www.suno.com.br\/noticias\/#organization\",\"name\":\"Suno Not\u00edcias\",\"url\":\"https:\/\/www.suno.com.br\/noticias\/\",\"logo\":{\"@type\":\"ImageObject\",\"inLanguage\":\"pt-BR\",\"@id\":\"https:\/\/www.suno.com.br\/noticias\/#\/schema\/logo\/image\/\",\"url\":\"https:\/\/files.sunoresearch.com.br\/n\/uploads\/2021\/09\/suno-logo.png\",\"contentUrl\":\"https:\/\/files.sunoresearch.com.br\/n\/uploads\/2021\/09\/suno-logo.png\",\"width\":180,\"height\":180,\"caption\":\"Suno Not\u00edcias\"},\"image\":{\"@id\":\"https:\/\/www.suno.com.br\/noticias\/#\/schema\/logo\/image\/\"},\"sameAs\":[\"https:\/\/facebook.com\/sunoresearch\",\"https:\/\/x.com\/sunoresearch\",\"https:\/\/www.instagram.com\/suno\",\"https:\/\/www.linkedin.com\/company\/suno-research\/\",\"https:\/\/www.youtube.com\/c\/sunoresearch\"]},{\"@type\":\"Person\",\"@id\":\"https:\/\/www.suno.com.br\/noticias\/#\/schema\/person\/c1b1bd3727fa852bd045e9dbff3673ea\",\"name\":\"Reda\u00e7\u00e3o Suno Not\u00edcias\",\"image\":{\"@type\":\"ImageObject\",\"inLanguage\":\"pt-BR\",\"@id\":\"https:\/\/www.suno.com.br\/noticias\/#\/schema\/person\/image\/\",\"url\":\"https:\/\/secure.gravatar.com\/avatar\/b8104b9b5a71985d5238ee59fbe418af?s=96&r=g\",\"contentUrl\":\"https:\/\/secure.gravatar.com\/avatar\/b8104b9b5a71985d5238ee59fbe418af?s=96&r=g\",\"caption\":\"Reda\u00e7\u00e3o Suno Not\u00edcias\"},\"description\":\"O Suno Not\u00edcias \u00e9 um portal de informa\u00e7\u00f5es sobre Mercado Financeiro, Pol\u00edtica, Neg\u00f3cios, Economia e Finan\u00e7as Pessoais.\",\"sameAs\":[\"https:\/\/www.suno.com.br\/noticias\",\"https:\/\/www.facebook.com\/sunonoticias\/\",\"https:\/\/www.instagram.com\/sunonoticias\/\",\"https:\/\/x.com\/https:\/\/twitter.com\/sunoresearch\",\"https:\/\/www.youtube.com\/sunonoticias\"],\"url\":\"https:\/\/www.suno.com.br\/noticias\/author\/redacao-suno\/\"}]}<\/script>\n<!-- \/ Yoast SEO plugin. -->","yoast_head_json":{"title":"Aneel manter\u00e1 bandeira verde sem cobran\u00e7a adicional nas contas de luz","description":"A Aneel ir\u00e1 manter a bandeira verde acionada em junho sem cobran\u00e7as adicionais nas contas de luz dos brasileiros. Saiba mais aqui","robots":{"index":"index","follow":"follow","max-snippet":"max-snippet:-1","max-image-preview":"max-image-preview:large","max-video-preview":"max-video-preview:-1"},"canonical":"https:\/\/www.suno.com.br\/noticias\/aneel-bandeira-verde-sem-cobranca-contas-luz\/","og_locale":"pt_BR","og_type":"article","og_title":"Aneel manter\u00e1 bandeira verde sem cobran\u00e7a adicional nas contas de luz","og_description":"A Aneel ir\u00e1 manter a bandeira verde acionada em junho sem cobran\u00e7as adicionais nas contas de luz dos brasileiros. Saiba mais aqui","og_url":"https:\/\/www.suno.com.br\/noticias\/aneel-bandeira-verde-sem-cobranca-contas-luz\/","og_site_name":"Suno Not\u00edcias","article_publisher":"https:\/\/facebook.com\/sunoresearch","article_author":"https:\/\/www.facebook.com\/sunonoticias\/","og_image":[{"width":1920,"height":1077,"url":"https:\/\/files.sunoresearch.com.br\/n\/uploads\/2018\/11\/154e2f68-aneel.jpg","type":"image\/jpeg"}],"author":"Reda\u00e7\u00e3o Suno Not\u00edcias","twitter_card":"summary_large_image","twitter_creator":"@https:\/\/twitter.com\/sunoresearch","twitter_site":"@sunoresearch","twitter_misc":{"Escrito por":"Reda\u00e7\u00e3o Suno Not\u00edcias","Est. tempo de leitura":"2 minutos"},"schema":{"@context":"https:\/\/schema.org","@graph":[{"@type":"NewsArticle","@id":"https:\/\/www.suno.com.br\/noticias\/aneel-bandeira-verde-sem-cobranca-contas-luz\/#article","isPartOf":{"@id":"https:\/\/www.suno.com.br\/noticias\/aneel-bandeira-verde-sem-cobranca-contas-luz\/"},"author":{"name":"Reda\u00e7\u00e3o Suno Not\u00edcias","@id":"https:\/\/www.suno.com.br\/noticias\/#\/schema\/person\/c1b1bd3727fa852bd045e9dbff3673ea"},"headline":"Aneel manter\u00e1 bandeira verde sem cobran\u00e7a adicional na conta de luz","datePublished":"2022-05-28T01:06:19+00:00","mainEntityOfPage":{"@id":"https:\/\/www.suno.com.br\/noticias\/aneel-bandeira-verde-sem-cobranca-contas-luz\/"},"wordCount":456,"publisher":{"@id":"https:\/\/www.suno.com.br\/noticias\/#organization"},"image":{"@id":"https:\/\/www.suno.com.br\/noticias\/aneel-bandeira-verde-sem-cobranca-contas-luz\/#primaryimage"},"thumbnailUrl":"https:\/\/files.sunoresearch.com.br\/n\/uploads\/2018\/11\/154e2f68-aneel-jpg.webp","keywords":["Aneel","energia","energia el\u00e9trica"],"articleSection":["Economia"],"inLanguage":"pt-BR"},{"@type":"WebPage","@id":"https:\/\/www.suno.com.br\/noticias\/aneel-bandeira-verde-sem-cobranca-contas-luz\/","url":"https:\/\/www.suno.com.br\/noticias\/aneel-bandeira-verde-sem-cobranca-contas-luz\/","name":"Aneel manter\u00e1 bandeira verde sem cobran\u00e7a adicional nas contas de luz","isPartOf":{"@id":"https:\/\/www.suno.com.br\/noticias\/#website"},"primaryImageOfPage":{"@id":"https:\/\/www.suno.com.br\/noticias\/aneel-bandeira-verde-sem-cobranca-contas-luz\/#primaryimage"},"image":{"@id":"https:\/\/www.suno.com.br\/noticias\/aneel-bandeira-verde-sem-cobranca-contas-luz\/#primaryimage"},"thumbnailUrl":"https:\/\/files.sunoresearch.com.br\/n\/uploads\/2018\/11\/154e2f68-aneel-jpg.webp","datePublished":"2022-05-28T01:06:19+00:00","description":"A Aneel ir\u00e1 manter a bandeira verde acionada em junho sem cobran\u00e7as adicionais nas contas de luz dos brasileiros. Saiba mais aqui","breadcrumb":{"@id":"https:\/\/www.suno.com.br\/noticias\/aneel-bandeira-verde-sem-cobranca-contas-luz\/#breadcrumb"},"inLanguage":"pt-BR","potentialAction":[{"@type":"ReadAction","target":["https:\/\/www.suno.com.br\/noticias\/aneel-bandeira-verde-sem-cobranca-contas-luz\/"]}]},{"@type":"ImageObject","inLanguage":"pt-BR","@id":"https:\/\/www.suno.com.br\/noticias\/aneel-bandeira-verde-sem-cobranca-contas-luz\/#primaryimage","url":"https:\/\/files.sunoresearch.com.br\/n\/uploads\/2018\/11\/154e2f68-aneel-jpg.webp","contentUrl":"https:\/\/files.sunoresearch.com.br\/n\/uploads\/2018\/11\/154e2f68-aneel-jpg.webp","width":1920,"height":1077,"caption":"Aneel"},{"@type":"BreadcrumbList","@id":"https:\/\/www.suno.com.br\/noticias\/aneel-bandeira-verde-sem-cobranca-contas-luz\/#breadcrumb","itemListElement":[{"@type":"ListItem","position":1,"name":"Not\u00edcias","item":"https:\/\/www.suno.com.br\/noticias\/"},{"@type":"ListItem","position":2,"name":"Economia","item":"https:\/\/www.suno.com.br\/noticias\/economia\/"},{"@type":"ListItem","position":3,"name":"Aneel manter\u00e1 bandeira verde sem cobran\u00e7a adicional na conta de luz"}]},{"@type":"WebSite","@id":"https:\/\/www.suno.com.br\/noticias\/#website","url":"https:\/\/www.suno.com.br\/noticias\/","name":"Suno Not\u00edcias","description":"Seu portal de informa\u00e7\u00e3o sobre o mundo dos investimentos","publisher":{"@id":"https:\/\/www.suno.com.br\/noticias\/#organization"},"potentialAction":[{"@type":"SearchAction","target":{"@type":"EntryPoint","urlTemplate":"https:\/\/www.suno.com.br\/noticias\/?s={search_term_string}"},"query-input":{"@type":"PropertyValueSpecification","valueRequired":true,"valueName":"search_term_string"}}],"inLanguage":"pt-BR"},{"@type":"Organization","@id":"https:\/\/www.suno.com.br\/noticias\/#organization","name":"Suno Not\u00edcias","url":"https:\/\/www.suno.com.br\/noticias\/","logo":{"@type":"ImageObject","inLanguage":"pt-BR","@id":"https:\/\/www.suno.com.br\/noticias\/#\/schema\/logo\/image\/","url":"https:\/\/files.sunoresearch.com.br\/n\/uploads\/2021\/09\/suno-logo.png","contentUrl":"https:\/\/files.sunoresearch.com.br\/n\/uploads\/2021\/09\/suno-logo.png","width":180,"height":180,"caption":"Suno Not\u00edcias"},"image":{"@id":"https:\/\/www.suno.com.br\/noticias\/#\/schema\/logo\/image\/"},"sameAs":["https:\/\/facebook.com\/sunoresearch","https:\/\/x.com\/sunoresearch","https:\/\/www.instagram.com\/suno","https:\/\/www.linkedin.com\/company\/suno-research\/","https:\/\/www.youtube.com\/c\/sunoresearch"]},{"@type":"Person","@id":"https:\/\/www.suno.com.br\/noticias\/#\/schema\/person\/c1b1bd3727fa852bd045e9dbff3673ea","name":"Reda\u00e7\u00e3o Suno Not\u00edcias","image":{"@type":"ImageObject","inLanguage":"pt-BR","@id":"https:\/\/www.suno.com.br\/noticias\/#\/schema\/person\/image\/","url":"https:\/\/secure.gravatar.com\/avatar\/b8104b9b5a71985d5238ee59fbe418af?s=96&r=g","contentUrl":"https:\/\/secure.gravatar.com\/avatar\/b8104b9b5a71985d5238ee59fbe418af?s=96&r=g","caption":"Reda\u00e7\u00e3o Suno Not\u00edcias"},"description":"O Suno Not\u00edcias \u00e9 um portal de informa\u00e7\u00f5es sobre Mercado Financeiro, Pol\u00edtica, Neg\u00f3cios, Economia e Finan\u00e7as Pessoais.","sameAs":["https:\/\/www.suno.com.br\/noticias","https:\/\/www.facebook.com\/sunonoticias\/","https:\/\/www.instagram.com\/sunonoticias\/","https:\/\/x.com\/https:\/\/twitter.com\/sunoresearch","https:\/\/www.youtube.com\/sunonoticias"],"url":"https:\/\/www.suno.com.br\/noticias\/author\/redacao-suno\/"}]}},"default_loop_html":"<div class=\"cardsPage__listCard__boxs\"><div class=\"cardsPage__listCard__boxs__img\"><a href=\"https:\/\/www.suno.com.br\/noticias\/aneel-bandeira-verde-sem-cobranca-contas-luz\/\"><img class=\"mask\" src=\"https:\/\/www.suno.com.br\/noticias\/wp-content\/themes\/suno\/resources\/images\/spotlight\/spotlight1img\/bg-mask.png\" alt=\"Image Mask\"\/><img src=\"https:\/\/files.sunoresearch.com.br\/n\/uploads\/2018\/11\/154e2f68-aneel-400x200.webp\" alt=\"Aneel manter\u00e1 bandeira verde sem cobran\u00e7a adicional na conta de luz\"\/><\/a><span class=\"spotlightCategory\"><a href=\"https:\/\/www.suno.com.br\/noticias\/economia\/\">Economia<\/a><\/span><\/div><div class=\"cardsPage__listCard__boxs__content\"><a href=\"https:\/\/www.suno.com.br\/noticias\/aneel-bandeira-verde-sem-cobranca-contas-luz\/\"><h2 class=\"content__title\">Aneel manter\u00e1 bandeira verde sem cobran\u00e7a adicional na conta de luz<\/h2><\/a><div class=\"newsContent__article__meta\"><div class=\"newsContent__article__meta__authorBox\"><a href=\"https:\/\/www.suno.com.br\/noticias\/author\/redacao-suno\/\" class=\"authorBox__avatar noMobi\"><img src=\"https:\/\/files.sunoresearch.com.br\/n\/uploads\/2020\/08\/0ace682d-redacao-1-150x150.webp\" alt=\"Reda\u00e7\u00e3o Suno Not\u00edcias\"><\/a><div class=\"authorBox__name\"><span>por\n\t\t\t<a href=\"https:\/\/www.suno.com.br\/noticias\/author\/redacao-suno\/\"><span itemprop=\"author\">Reda\u00e7\u00e3o Suno Not\u00edcias<\/span><\/a><\/span><time datetime=\"2022-05-27T22:06:19-03:00\" itemprop=\"datePublished\">27\/05\/2022 22:06<\/time><\/div><\/div><\/div><\/div><\/div>","single_layout":"posts","amp_enabled":true,"_links":{"self":[{"href":"https:\/\/www.suno.com.br\/noticias\/wp-json\/wp\/v2\/posts\/262003"}],"collection":[{"href":"https:\/\/www.suno.com.br\/noticias\/wp-json\/wp\/v2\/posts"}],"about":[{"href":"https:\/\/www.suno.com.br\/noticias\/wp-json\/wp\/v2\/types\/post"}],"author":[{"embeddable":true,"href":"https:\/\/www.suno.com.br\/noticias\/wp-json\/wp\/v2\/users\/43"}],"replies":[{"embeddable":true,"href":"https:\/\/www.suno.com.br\/noticias\/wp-json\/wp\/v2\/comments?post=262003"}],"version-history":[{"count":4,"href":"https:\/\/www.suno.com.br\/noticias\/wp-json\/wp\/v2\/posts\/262003\/revisions"}],"predecessor-version":[{"id":262077,"href":"https:\/\/www.suno.com.br\/noticias\/wp-json\/wp\/v2\/posts\/262003\/revisions\/262077"}],"wp:featuredmedia":[{"embeddable":true,"href":"https:\/\/www.suno.com.br\/noticias\/wp-json\/wp\/v2\/media\/6297"}],"wp:attachment":[{"href":"https:\/\/www.suno.com.br\/noticias\/wp-json\/wp\/v2\/media?parent=262003"}],"wp:term":[{"taxonomy":"category","embeddable":true,"href":"https:\/\/www.suno.com.br\/noticias\/wp-json\/wp\/v2\/categories?post=262003"},{"taxonomy":"post_tag","embeddable":true,"href":"https:\/\/www.suno.com.br\/noticias\/wp-json\/wp\/v2\/tags?post=262003"},{"taxonomy":"suno_strategy","embeddable":true,"href":"https:\/\/www.suno.com.br\/noticias\/wp-json\/wp\/v2\/suno_strategy?post=262003"}],"curies":[{"name":"wp","href":"https:\/\/api.w.org\/{rel}","templated":true}]}}