{"id":262002,"date":"2022-05-27T18:26:14","date_gmt":"2022-05-27T21:26:14","guid":{"rendered":"https:\/\/www.suno.com.br\/noticias\/?p=262002"},"modified":"2022-05-27T18:28:57","modified_gmt":"2022-05-27T21:28:57","slug":"fitch-eletrobras-elet3-privatizacao","status":"publish","type":"post","link":"https:\/\/www.suno.com.br\/noticias\/fitch-eletrobras-elet3-privatizacao\/","title":{"rendered":"Fitch diz que privatiza\u00e7\u00e3o da Eletrobras (ELET3) \u00e9 &#8220;evento incerto&#8221;"},"content":{"rendered":"<p>A Fitch reafirmou a classifica\u00e7\u00e3o &#8216;BB-&#8216; para as a\u00e7\u00f5es da <strong>Eletrobras<\/strong> (<a href=\"https:\/\/www.suno.com.br\/acoes\/ELET3\/\">ELET3<\/a>) e frisou que considera a privatiza\u00e7\u00e3o da estatal um &#8220;evento incerto&#8221;.<\/p><div class=\"videoFull \">\n\t\t\t<div class=\"videoWrapper yt-lazyload center\"\n\t\t\t\tdata-width=\"960\"\n\t\t\t\tdata-height=\"540\"\n\t\t\t\tdata-id=\"GEpMnNfXX84\"\n\t\t\t\tdata-alt=\"V\u00eddeo do YouTube - clique para reproduzir\"\n\t\t\t\tdata-logo=\"3\"\n\t\t\t\tdata-imagequality=\"maxres\">\n\t\t\t<\/div>\n\t\t<\/div><script type=\"application\/ld+json\">{\"@context\":\"https:\/\/schema.org\",\"@type\":\"VideoObject\",\"name\":\"Entenda a privatiza\u00e7\u00e3o da Eletrobras, com o professor Vitor Schirato\",\"description\":\"#ELETROBRAS #ELET3 #ELET6 #INVESTIMENTOS Entenda a privatiza\u00e7\u00e3o da Eletrobras, com o professor Vitor Schirato #Investimentos \ud83d\udcca \ud835\udc00\ud835\udc29\ud835\udc2b\ud835\udc1e\ud835\udc27\ud835\udc1d\ud835\udc1a \ud835\udc1c\ud835\udc28\ud835\udc26\ud835\udc28 \ud835\udc1a\ud835\udc27\ud835\udc1a\ud835\udc25\ud835\udc22\ud835\udc2c\ud835\udc1a\ud835\udc2b \ud835\udc2e\ud835\udc26\ud835\udc1a \ud835\udc1a\u00e7\u00e3\ud835\udc28 [\ud835\udc04\ud835\udc01\ud835\udc0e\ud835\udc0e\ud835\udc0a \ud835\udc06\ud835\udc11\ud835\udc00\ud835\udc13\ud835\udc14\ud835\udc08\ud835\udc13\ud835\udc0e] \ud83d\udc49 https:\/\/lp.suno.com.br\/ebook-como-analisar-uma-acao\/?utm_source=youtube.noticias&utm_medium=video&utm_campaign=ebookcomoanalisarumaacao.20220307&utm_content= \ud83d\udcda [\ud835\udc04-\ud835\udc1b\ud835\udc28\ud835\udc28\ud835\udc24 \ud835\udc06\ud835\udc2b\ud835\udc1a\ud835\udc2d\ud835\udc2e\ud835\udc22\ud835\udc2d\ud835\udc28] \ud835\udc06\ud835\udc2e\ud835\udc22\ud835\udc1a \ud835\udc02\ud835\udc28\ud835\udc26\ud835\udc29\ud835\udc25\ud835\udc1e\ud835\udc2d\ud835\udc28: \ud835\udc03\ud835\udc22\ud835\udc2f\ud835\udc22\ud835\udc1d\ud835\udc1e\ud835\udc27\ud835\udc1d\ud835\udc28\ud835\udc2c: https:\/\/lp.suno.com.br\/lm\/ebook\/guia-completo-dividendos\/?utm_source=youtube.noticias&utm_medium=video&utm_campaign=ebook-guiacompleto:dividendos.20220315&utm_content= \ud83d\udcda [\ud835\udc04-\ud835\udc1b\ud835\udc28\ud835\udc28\ud835\udc24 \ud835\udc06\ud835\udc2b\ud835\udc1a\ud835\udc2d\ud835\udc2e\ud835\udc22\ud835\udc2d\ud835\udc28] \ud835\udde7\ud835\udde8\ud835\uddd7\ud835\udde2 \ud835\udde6\ud835\udde2\ud835\uddd5\ud835\udde5\ud835\uddd8 \ud835\udde5\ud835\uddd8\ud835\udde1\ud835\uddd7\ud835\uddd4 \ud835\uddd9\ud835\udddc\ud835\uddeb\ud835\uddd4 \ud83d\udc49 https:\/\/lp.suno.com.br\/lm\/ebook\/renda-fixa\/?utm_source=youtube.noticias&utm_medium=video&utm_campaign=ebook:rendafixa.20220411 \ud83d\udc47 \ud835\udc12\ud835\udc22\ud835\udc20\ud835\udc1a \ud835\udc27\ud835\udc28\ud835\udc2c\ud835\udc2c\ud835\udc1a\ud835\udc2c \ud835\udc2b\ud835\udc1e\ud835\udc1d\ud835\udc1e\ud835\udc2c \ud835\udc2c\ud835\udc28\ud835\udc1c\ud835\udc22\ud835\udc1a\ud835\udc22\ud835\udc2c: Portal Suno Not\u00edcias: https:\/\/www.suno.com.br\/noticias\/ Twitter: https:\/\/twitter.com\/sunonoticias Instagram: https:\/\/www.instagram.com\/sunonoticias\/ Telegram:\u2026\",\"duration\":\"PT22M40S\",\"embedUrl\":\"https:\/\/www.youtube.com\/embed\/GEpMnNfXX84\",\"regionsAllowed\":\"pt-BR\",\"interactionStatistic\":{\"@type\":\"InteractionCounter\",\"interactionType\":{\"@type\":\"WatchAction\"},\"userInteractionCount\":9974},\"thumbnailUrl\":\"https:\/\/i.ytimg.com\/vi\/GEpMnNfXX84\/default.jpg\",\"uploadDate\":\"2022-05-22T14:00:05Z\"}<\/script>\n\n\t<p>\n\t\t<a href=\"\" target=\"_blank\" data-element=\"shortcode-suno-banner\" title=\"Banner SUNO, clique e saiba mais\">\n\t\t\t<picture>\n\t\t\t\t<source media=\"(max-width: 500px)\" srcset=\"\">\n\t\t\t\t<img class=\"newsContent__article__imgCapa newsContent__article__imgCapa--banner\"\n\t\t\t\t\tsrc=\"\"\n\t\t\t\t\tdata-promo-id=\"254218\"\t\t\t\t\t\t\t\t\t\t\t\t\t\t\talt=\"\"\n\t\t\t\t>\n\t\t\t<\/picture>\n\t\t<\/a>\n\t<\/p>\n\n\n<p>A nova nota se aplica aos ratings de inadimpl\u00eancia de emissor (IDR) de <a class=\"suno-keyword\" href=\"https:\/\/www.suno.com.br\/artigos\/longo-prazo\/\" target=\"_blank\" rel=\"noopener\" data-force=\"no\" data-priority=\"1\">longo prazo<\/a> em moeda estrangeira e local, assim como de t\u00edtulos s\u00eaniores sem garantia. A perspectiva \u00e9 negativa para os IDRs da Eletrobras e est\u00e1vel para a d\u00edvida em escala nacional.<\/p>\n<p>A <strong>ag\u00eancia de risco<\/strong> revisou ainda sua avalia\u00e7\u00e3o do perfil de cr\u00e9dito aut\u00f4nomo da Eletrobras de &#8216;b+&#8217; para &#8216;bb-&#8216;, refletindo a melhoria da <a class=\"suno-keyword\" href=\"https:\/\/www.suno.com.br\/artigos\/indicadores-estrutura-capital\/\" target=\"_blank\" rel=\"noopener\" data-force=\"no\" data-priority=\"1\">estrutura de capital<\/a> da empresa e o fortalecimento da <a class=\"suno-keyword\" href=\"https:\/\/www.suno.com.br\/artigos\/geracao-de-caixa\/\" target=\"_blank\" rel=\"noopener\" data-force=\"no\" data-priority=\"1\">gera\u00e7\u00e3o de caixa<\/a> operacional.<\/p>\n<p>De acordo com os crit\u00e9rios da <strong>Fitch<\/strong>, os IDRs da Eletrobras s\u00e3o equalizados com o rating soberano do Brasil (BB-\/Negativo), considerando o v\u00ednculo pr\u00f3ximo entre ambos, enquanto o governo tem um &#8220;forte a muito forte&#8221; incentivo para fornecer suporte \u00e0 empresa.<\/p>\n<p>Com isso, perspectiva negativa a dos IDRs da Eletrobras reflete a mesma perspectiva para o rating soberano do Brasil.<\/p>\n<p>A Fitch destaca que n\u00e3o incorpora a potencial <strong>privatiza\u00e7\u00e3o da Eletrobras<\/strong> nessas proje\u00e7\u00f5es.<\/p>\n<p>A ag\u00eancia avalia que caso a companhia se torne uma entidade privada, provavelmente desvincular\u00e1 o rating da Eletrobras do soberano e analisar\u00e1 a empresa individualmente.<\/p>\n\t<p>\n\t\t<a href=\"https:\/\/lp.suno.com.br\/planilha-controle-gastos\/\" target=\"_blank\" data-element=\"shortcode-suno-banner\" title=\"Banner SUNO, clique e saiba mais\">\n\t\t\t<picture>\n\t\t\t\t<source media=\"(max-width: 500px)\" srcset=\"https:\/\/files.sunoresearch.com.br\/n\/uploads\/2023\/03\/400x300-Planilha-controle-de-gastos.png\">\n\t\t\t\t<img class=\"newsContent__article__imgCapa newsContent__article__imgCapa--banner\"\n\t\t\t\t\tsrc=\"https:\/\/files.sunoresearch.com.br\/n\/uploads\/2023\/03\/1420x240-Planilha-controle-de-gastos.png\"\n\t\t\t\t\tdata-promo-id=\"101751\"\t\t\t\t\t\t\t\t\t\twidth='1420' height='240'\t\t\t\t\talt=\"https:\/\/files.sunoresearch.com.br\/n\/uploads\/2023\/03\/1420x240-Planilha-controle-de-gastos.png\"\n\t\t\t\t>\n\t\t\t<\/picture>\n\t\t<\/a>\n\t<\/p>\n\n\n<p>&#8220;A privatiza\u00e7\u00e3o deve permitir \u00e0 empresa obter pre\u00e7os de venda mais elevados associados a parte de seus ativos de gera\u00e7\u00e3o e maior flexibilidade para gerenciar seus custos&#8221;, projeta a Fitch.<\/p>\n<h2>Oferta de a\u00e7\u00f5es da Eletrobras para privatiza\u00e7\u00e3o chega a R$ 30,6 bilh\u00f5es<\/h2>\n<p>A estatal\u00a0protocolou o pedido \u00e0 Comiss\u00e3o de Valores Mobili\u00e1rios (CVM) da <a href=\"https:\/\/www.suno.com.br\/artigos\/oferta-de-acoes\/\">oferta p\u00fablica de a\u00e7\u00f5es de distribui\u00e7\u00e3o prim\u00e1ria<\/a> e secund\u00e1ria. Inicialmente a companhia vai emitir 627,7 milh\u00f5es de novas a\u00e7\u00f5es no \u00e2mbito de capitaliza\u00e7\u00e3o da estatal.<\/p>\n<p>J\u00e1 a\u00a0<strong><a class=\"suno-keyword\" href=\"https:\/\/www.suno.com.br\/artigos\/oferta-secundaria\/\" target=\"_blank\" rel=\"noopener\" data-force=\"no\" data-priority=\"1\">oferta secund\u00e1ria<\/a>\u00a0de a\u00e7\u00f5es da Eletrobras<\/strong>\u00a0prev\u00ea 69,8 milh\u00f5es de pap\u00e9is do BNDESPar, bra\u00e7o do Banco Nacional de\u00a0<a class=\"suno-keyword\" href=\"https:\/\/www.suno.com.br\/artigos\/desenvolvimento-economico\/\" target=\"_blank\" rel=\"noopener\" data-force=\"no\" data-priority=\"1\">Desenvolvimento Econ\u00f4mico<\/a>\u00a0e Social (BNDES). As ofertas prim\u00e1rias e secund\u00e1rias tamb\u00e9m incluem as American Depositary Shares (ADRs), emitidas nos Estados Unidos.<\/p>\n\t<p>\n\t\t<a href=\"https:\/\/lp.suno.com.br\/planilha-da-vida-financeira\/\" target=\"_blank\" data-element=\"shortcode-suno-banner\" title=\"Banner SUNO, clique e saiba mais\">\n\t\t\t<picture>\n\t\t\t\t<source media=\"(max-width: 500px)\" srcset=\"https:\/\/files.sunoresearch.com.br\/n\/uploads\/2023\/04\/400x300-Planilha-vida-financeira-true.png\">\n\t\t\t\t<img class=\"newsContent__article__imgCapa newsContent__article__imgCapa--banner\"\n\t\t\t\t\tsrc=\"https:\/\/files.sunoresearch.com.br\/n\/uploads\/2023\/04\/1420x240-Planilha-vida-financeira-true.png\"\n\t\t\t\t\tdata-promo-id=\"106682\"\t\t\t\t\t\t\t\t\t\twidth='1420' height='240'\t\t\t\t\talt=\"https:\/\/files.sunoresearch.com.br\/n\/uploads\/2023\/04\/1420x240-Planilha-vida-financeira-true.png\"\n\t\t\t\t>\n\t\t\t<\/picture>\n\t\t<\/a>\n\t<\/p>\n\n\n<p>O roadshow, apresenta\u00e7\u00e3o aos investidores, come\u00e7a oficialmente hoje, assim como o processo de coleta de pre\u00e7os (<i>bookbuinding<\/i>). O in\u00edcio do per\u00edodo de reserva ser\u00e1 de 3 a 8 de junho.\u00a0O pre\u00e7o por a\u00e7\u00e3o ser\u00e1 fixado no dia 9 de junho e o in\u00edcio da negocia\u00e7\u00e3o das<strong>\u00a0novas a\u00e7\u00f5es da Eletrobras<\/strong>\u00a0est\u00e1 previsto para o dia 10.<\/p>\n<p>A\u00a0<strong>oferta de a\u00e7\u00f5es da Eletrobras<\/strong>\u00a0poder\u00e1 ter lote suplementar de at\u00e9 15% das a\u00e7\u00f5es da oferta inicial.<\/p>\n<p>O pre\u00e7o estabelecido como refer\u00eancia para a oferta para as <a href=\"https:\/\/statusinvest.com.br\/acoes\/elet3\">a\u00e7\u00f5es<\/a> da Eletrobras \u00e9 de R$ 44,00, conforme o fechamento de quinta-feira (26), do mercado financeiro. Dessa forma, a oferta envolver\u00e1 montante de R$ 30,6 bilh\u00f5es.<\/p>\n<p>De acordo com o jornal\u00a0<em>Valor Econ\u00f4mico<\/em>, apesar do momento relativamente fraco do mercado, a Eletrobras n\u00e3o vai encontrar dificuldades de emplacar sua oferta.\u00a0Isso porque metade da oferta j\u00e1 est\u00e1 ancorada, ou seja, j\u00e1 tem investidores comprometidos a ficar com parte das a\u00e7\u00f5es da estatal.<\/p>\n\t<p>\n\t\t<a href=\"https:\/\/lp.suno.com.br\/ebook-como-analisar-uma-acao\/\" target=\"_blank\" data-element=\"shortcode-suno-banner\" title=\"Banner SUNO, clique e saiba mais\">\n\t\t\t<picture>\n\t\t\t\t<source media=\"(max-width: 500px)\" srcset=\"https:\/\/files.sunoresearch.com.br\/n\/uploads\/2023\/03\/Ebook-Acoes-Mobile-1.jpg\">\n\t\t\t\t<img class=\"newsContent__article__imgCapa newsContent__article__imgCapa--banner\"\n\t\t\t\t\tsrc=\"https:\/\/files.sunoresearch.com.br\/n\/uploads\/2023\/03\/Ebook-Acoes-Desktop-1.jpg\"\n\t\t\t\t\tdata-promo-id=\"171998\"\t\t\t\t\t\t\t\t\t\twidth='1420' height='286'\t\t\t\t\talt=\"https:\/\/files.sunoresearch.com.br\/n\/uploads\/2023\/03\/Ebook-Acoes-Desktop-1.jpg\"\n\t\t\t\t>\n\t\t\t<\/picture>\n\t\t<\/a>\n\t<\/p>\n\n\n<h2>Veja os fundos j\u00e1 comprometidos com a capitaliza\u00e7\u00e3o de ELET3<\/h2>\n<ul>\n<li>GIC, de Cingapura (tem a maior posi\u00e7\u00e3o no grupo dos \u00e2ncoras)<\/li>\n<li>SPX, do Brasil<\/li>\n<li>Truxt, do Brasil<\/li>\n<li>Squadra, do Brasil<\/li>\n<li>Ita\u00fa Asset, do Brasil,<\/li>\n<li>Zimmer, dos EUA<\/li>\n<li>Gqg Partners, dos EUA<\/li>\n<li>RWX, brit\u00e2nica<\/li>\n<\/ul>\n<p>Al\u00e9m disso, os bancos coordenadores t\u00eam o compromisso com os investidores que j\u00e1 est\u00e3o na base acion\u00e1ria da <strong>Eletrobras<\/strong>, como as gestoras 3G Radar e o banco Cl\u00e1ssico.\u00a0Para participar do grupo de investidores \u00e2ncoras, \u00e9 necess\u00e1rio cheques a partir de R$ 1,5 bilh\u00e3o.<\/p>\n<p class=\"newsProviderSignature\">Com Estad\u00e3o Conte\u00fado<\/p>\n\t<p>\n\t\t<a href=\"https:\/\/lp.suno.com.br\/planilha-de-controle-de-investimentos\/\" target=\"_blank\" data-element=\"shortcode-suno-banner\" title=\"Banner SUNO, clique e saiba mais\">\n\t\t\t<picture>\n\t\t\t\t<source media=\"(max-width: 500px)\" srcset=\"https:\/\/files.sunoresearch.com.br\/n\/uploads\/2023\/03\/400x300-Controle-de-Investimentos.png\">\n\t\t\t\t<img class=\"newsContent__article__imgCapa newsContent__article__imgCapa--banner\"\n\t\t\t\t\tsrc=\"https:\/\/files.sunoresearch.com.br\/n\/uploads\/2023\/03\/1420x240-Controle-de-Investimentos.png\"\n\t\t\t\t\tdata-promo-id=\"75934\"\t\t\t\t\t\t\t\t\t\twidth='1420' height='240'\t\t\t\t\talt=\"https:\/\/files.sunoresearch.com.br\/n\/uploads\/2023\/03\/1420x240-Controle-de-Investimentos.png\"\n\t\t\t\t>\n\t\t\t<\/picture>\n\t\t<\/a>\n\t<\/p>\n\n\n","protected":false},"excerpt":{"rendered":"<p>A Fitch reafirmou a classifica\u00e7\u00e3o &#8216;BB-&#8216; para as a\u00e7\u00f5es da Eletrobras (ELET3) e frisou que considera a privatiza\u00e7\u00e3o da estatal um &#8220;evento incerto&#8221;. A nova nota se aplica aos ratings de inadimpl\u00eancia de emissor (IDR) de longo prazo em moeda estrangeira e local, assim como de t\u00edtulos s\u00eaniores sem garantia. A perspectiva \u00e9 negativa para [&hellip;]<\/p>\n","protected":false},"author":73,"featured_media":115947,"comment_status":"closed","ping_status":"closed","sticky":false,"template":"","format":"standard","meta":[],"categories":[64],"tags":[106444,455,104992,945],"suno_strategy":[],"class_list":["post-262002","post","type-post","status-publish","format-standard","has-post-thumbnail","hentry","category-negocios","tag-agencias","tag-eletrobras-elet3-elet5-elet6","tag-privatizacao-da-eletrobras","tag-privatizacoes"],"yoast_head":"<!-- This site is optimized with the Yoast SEO plugin v24.4 - https:\/\/yoast.com\/wordpress\/plugins\/seo\/ -->\n<title>Fitch diz que privatiza\u00e7\u00e3o da Eletrobras (ELET3) \u00e9 &quot;evento incerto&quot;<\/title>\n<meta name=\"description\" content=\"A Fitch reafirmou a classifica\u00e7\u00e3o &#039;BB-&#039; para as a\u00e7\u00f5es da Eletrobras, em nota que se aplica aos ratings de IDR de longo prazo. Confira!\" \/>\n<meta name=\"robots\" content=\"index, follow, max-snippet:-1, max-image-preview:large, max-video-preview:-1\" \/>\n<link rel=\"canonical\" href=\"https:\/\/www.suno.com.br\/noticias\/fitch-eletrobras-elet3-privatizacao\/\" \/>\n<meta property=\"og:locale\" content=\"pt_BR\" \/>\n<meta property=\"og:type\" content=\"article\" \/>\n<meta property=\"og:title\" content=\"Fitch diz que privatiza\u00e7\u00e3o da Eletrobras (ELET3) \u00e9 &quot;evento incerto&quot;\" \/>\n<meta property=\"og:description\" content=\"A Fitch reafirmou a classifica\u00e7\u00e3o &#039;BB-&#039; para as a\u00e7\u00f5es da Eletrobras, em nota que se aplica aos ratings de IDR de longo prazo. Confira!\" \/>\n<meta property=\"og:url\" content=\"https:\/\/www.suno.com.br\/noticias\/fitch-eletrobras-elet3-privatizacao\/\" \/>\n<meta property=\"og:site_name\" content=\"Suno Not\u00edcias\" \/>\n<meta property=\"article:publisher\" content=\"https:\/\/facebook.com\/sunoresearch\" \/>\n<meta property=\"og:image\" content=\"https:\/\/files.sunoresearch.com.br\/n\/uploads\/2021\/01\/7d9b2123-eletrobras.jpg\" \/>\n\t<meta property=\"og:image:width\" content=\"1380\" \/>\n\t<meta property=\"og:image:height\" content=\"920\" \/>\n\t<meta property=\"og:image:type\" content=\"image\/jpeg\" \/>\n<meta name=\"author\" content=\"Eduardo Vargas\" \/>\n<meta name=\"twitter:card\" content=\"summary_large_image\" \/>\n<meta name=\"twitter:creator\" content=\"@sunoresearch\" \/>\n<meta name=\"twitter:site\" content=\"@sunoresearch\" \/>\n<meta name=\"twitter:label1\" content=\"Escrito por\" \/>\n\t<meta name=\"twitter:data1\" content=\"Eduardo Vargas\" \/>\n\t<meta name=\"twitter:label2\" content=\"Est. tempo de leitura\" \/>\n\t<meta name=\"twitter:data2\" content=\"3 minutos\" \/>\n<script type=\"application\/ld+json\" class=\"yoast-schema-graph\">{\"@context\":\"https:\/\/schema.org\",\"@graph\":[{\"@type\":\"NewsArticle\",\"@id\":\"https:\/\/www.suno.com.br\/noticias\/fitch-eletrobras-elet3-privatizacao\/#article\",\"isPartOf\":{\"@id\":\"https:\/\/www.suno.com.br\/noticias\/fitch-eletrobras-elet3-privatizacao\/\"},\"author\":{\"name\":\"Eduardo Vargas\",\"@id\":\"https:\/\/www.suno.com.br\/noticias\/#\/schema\/person\/7f4d362bf3518e76090143ae77bb49a5\"},\"headline\":\"Fitch diz que privatiza\u00e7\u00e3o da Eletrobras (ELET3) \u00e9 &#8220;evento incerto&#8221;\",\"datePublished\":\"2022-05-27T21:26:14+00:00\",\"dateModified\":\"2022-05-27T21:28:57+00:00\",\"mainEntityOfPage\":{\"@id\":\"https:\/\/www.suno.com.br\/noticias\/fitch-eletrobras-elet3-privatizacao\/\"},\"wordCount\":653,\"publisher\":{\"@id\":\"https:\/\/www.suno.com.br\/noticias\/#organization\"},\"image\":{\"@id\":\"https:\/\/www.suno.com.br\/noticias\/fitch-eletrobras-elet3-privatizacao\/#primaryimage\"},\"thumbnailUrl\":\"https:\/\/files.sunoresearch.com.br\/n\/uploads\/2021\/01\/7d9b2123-eletrobras-jpg.webp\",\"keywords\":[\"Ag\u00eancias\",\"Eletrobras (ELET3\/ELET5\/ELET6)\",\"privatiza\u00e7\u00e3o da Eletrobras\",\"privatiza\u00e7\u00f5es\"],\"articleSection\":[\"Neg\u00f3cios\"],\"inLanguage\":\"pt-BR\"},{\"@type\":\"WebPage\",\"@id\":\"https:\/\/www.suno.com.br\/noticias\/fitch-eletrobras-elet3-privatizacao\/\",\"url\":\"https:\/\/www.suno.com.br\/noticias\/fitch-eletrobras-elet3-privatizacao\/\",\"name\":\"Fitch diz que privatiza\u00e7\u00e3o da Eletrobras (ELET3) \u00e9 \\\"evento incerto\\\"\",\"isPartOf\":{\"@id\":\"https:\/\/www.suno.com.br\/noticias\/#website\"},\"primaryImageOfPage\":{\"@id\":\"https:\/\/www.suno.com.br\/noticias\/fitch-eletrobras-elet3-privatizacao\/#primaryimage\"},\"image\":{\"@id\":\"https:\/\/www.suno.com.br\/noticias\/fitch-eletrobras-elet3-privatizacao\/#primaryimage\"},\"thumbnailUrl\":\"https:\/\/files.sunoresearch.com.br\/n\/uploads\/2021\/01\/7d9b2123-eletrobras-jpg.webp\",\"datePublished\":\"2022-05-27T21:26:14+00:00\",\"dateModified\":\"2022-05-27T21:28:57+00:00\",\"description\":\"A Fitch reafirmou a classifica\u00e7\u00e3o 'BB-' para as a\u00e7\u00f5es da Eletrobras, em nota que se aplica aos ratings de IDR de longo prazo. Confira!\",\"breadcrumb\":{\"@id\":\"https:\/\/www.suno.com.br\/noticias\/fitch-eletrobras-elet3-privatizacao\/#breadcrumb\"},\"inLanguage\":\"pt-BR\",\"potentialAction\":[{\"@type\":\"ReadAction\",\"target\":[\"https:\/\/www.suno.com.br\/noticias\/fitch-eletrobras-elet3-privatizacao\/\"]}]},{\"@type\":\"ImageObject\",\"inLanguage\":\"pt-BR\",\"@id\":\"https:\/\/www.suno.com.br\/noticias\/fitch-eletrobras-elet3-privatizacao\/#primaryimage\",\"url\":\"https:\/\/files.sunoresearch.com.br\/n\/uploads\/2021\/01\/7d9b2123-eletrobras-jpg.webp\",\"contentUrl\":\"https:\/\/files.sunoresearch.com.br\/n\/uploads\/2021\/01\/7d9b2123-eletrobras-jpg.webp\",\"width\":1380,\"height\":920,\"caption\":\"Eletrobras (ELET3). Cr\u00e9ditos: Eletrobras\"},{\"@type\":\"BreadcrumbList\",\"@id\":\"https:\/\/www.suno.com.br\/noticias\/fitch-eletrobras-elet3-privatizacao\/#breadcrumb\",\"itemListElement\":[{\"@type\":\"ListItem\",\"position\":1,\"name\":\"Not\u00edcias\",\"item\":\"https:\/\/www.suno.com.br\/noticias\/\"},{\"@type\":\"ListItem\",\"position\":2,\"name\":\"Neg\u00f3cios\",\"item\":\"https:\/\/www.suno.com.br\/noticias\/negocios\/\"},{\"@type\":\"ListItem\",\"position\":3,\"name\":\"Fitch diz que privatiza\u00e7\u00e3o da Eletrobras (ELET3) \u00e9 &#8220;evento incerto&#8221;\"}]},{\"@type\":\"WebSite\",\"@id\":\"https:\/\/www.suno.com.br\/noticias\/#website\",\"url\":\"https:\/\/www.suno.com.br\/noticias\/\",\"name\":\"Suno Not\u00edcias\",\"description\":\"Seu portal de informa\u00e7\u00e3o sobre o mundo dos investimentos\",\"publisher\":{\"@id\":\"https:\/\/www.suno.com.br\/noticias\/#organization\"},\"potentialAction\":[{\"@type\":\"SearchAction\",\"target\":{\"@type\":\"EntryPoint\",\"urlTemplate\":\"https:\/\/www.suno.com.br\/noticias\/?s={search_term_string}\"},\"query-input\":{\"@type\":\"PropertyValueSpecification\",\"valueRequired\":true,\"valueName\":\"search_term_string\"}}],\"inLanguage\":\"pt-BR\"},{\"@type\":\"Organization\",\"@id\":\"https:\/\/www.suno.com.br\/noticias\/#organization\",\"name\":\"Suno Not\u00edcias\",\"url\":\"https:\/\/www.suno.com.br\/noticias\/\",\"logo\":{\"@type\":\"ImageObject\",\"inLanguage\":\"pt-BR\",\"@id\":\"https:\/\/www.suno.com.br\/noticias\/#\/schema\/logo\/image\/\",\"url\":\"https:\/\/files.sunoresearch.com.br\/n\/uploads\/2021\/09\/suno-logo.png\",\"contentUrl\":\"https:\/\/files.sunoresearch.com.br\/n\/uploads\/2021\/09\/suno-logo.png\",\"width\":180,\"height\":180,\"caption\":\"Suno Not\u00edcias\"},\"image\":{\"@id\":\"https:\/\/www.suno.com.br\/noticias\/#\/schema\/logo\/image\/\"},\"sameAs\":[\"https:\/\/facebook.com\/sunoresearch\",\"https:\/\/x.com\/sunoresearch\",\"https:\/\/www.instagram.com\/suno\",\"https:\/\/www.linkedin.com\/company\/suno-research\/\",\"https:\/\/www.youtube.com\/c\/sunoresearch\"]},{\"@type\":\"Person\",\"@id\":\"https:\/\/www.suno.com.br\/noticias\/#\/schema\/person\/7f4d362bf3518e76090143ae77bb49a5\",\"name\":\"Eduardo Vargas\",\"image\":{\"@type\":\"ImageObject\",\"inLanguage\":\"pt-BR\",\"@id\":\"https:\/\/www.suno.com.br\/noticias\/#\/schema\/person\/image\/\",\"url\":\"https:\/\/secure.gravatar.com\/avatar\/dac340933427a22924c9f99d1eb2e3f2?s=96&r=g\",\"contentUrl\":\"https:\/\/secure.gravatar.com\/avatar\/dac340933427a22924c9f99d1eb2e3f2?s=96&r=g\",\"caption\":\"Eduardo Vargas\"},\"description\":\"Jornalista formado pela UFSC, cobre macroeconomia, neg\u00f3cios e startups para o Suno Not\u00edcias, escrevendo principalmente not\u00edcias sobre o mercado financeiro e a bolsa de valores. No YouTube e no Instagram, \u00e9 respons\u00e1vel pela produ\u00e7\u00e3o de Reels e Shorts do Suno Not\u00edcias. Anteriormente, trabalhou cobrindo economia e cotidiano no ND+ e para o ND, maior jornal impresso de Santa Catarina. Cursou um semestre letivo de Estudos de M\u00eddia na Universidad de Buenos Aires.\",\"url\":\"https:\/\/www.suno.com.br\/noticias\/author\/eduardo-vargas\/\"}]}<\/script>\n<!-- \/ Yoast SEO plugin. -->","yoast_head_json":{"title":"Fitch diz que privatiza\u00e7\u00e3o da Eletrobras (ELET3) \u00e9 \"evento incerto\"","description":"A Fitch reafirmou a classifica\u00e7\u00e3o 'BB-' para as a\u00e7\u00f5es da Eletrobras, em nota que se aplica aos ratings de IDR de longo prazo. Confira!","robots":{"index":"index","follow":"follow","max-snippet":"max-snippet:-1","max-image-preview":"max-image-preview:large","max-video-preview":"max-video-preview:-1"},"canonical":"https:\/\/www.suno.com.br\/noticias\/fitch-eletrobras-elet3-privatizacao\/","og_locale":"pt_BR","og_type":"article","og_title":"Fitch diz que privatiza\u00e7\u00e3o da Eletrobras (ELET3) \u00e9 \"evento incerto\"","og_description":"A Fitch reafirmou a classifica\u00e7\u00e3o 'BB-' para as a\u00e7\u00f5es da Eletrobras, em nota que se aplica aos ratings de IDR de longo prazo. Confira!","og_url":"https:\/\/www.suno.com.br\/noticias\/fitch-eletrobras-elet3-privatizacao\/","og_site_name":"Suno Not\u00edcias","article_publisher":"https:\/\/facebook.com\/sunoresearch","og_image":[{"width":1380,"height":920,"url":"https:\/\/files.sunoresearch.com.br\/n\/uploads\/2021\/01\/7d9b2123-eletrobras.jpg","type":"image\/jpeg"}],"author":"Eduardo Vargas","twitter_card":"summary_large_image","twitter_creator":"@sunoresearch","twitter_site":"@sunoresearch","twitter_misc":{"Escrito por":"Eduardo Vargas","Est. tempo de leitura":"3 minutos"},"schema":{"@context":"https:\/\/schema.org","@graph":[{"@type":"NewsArticle","@id":"https:\/\/www.suno.com.br\/noticias\/fitch-eletrobras-elet3-privatizacao\/#article","isPartOf":{"@id":"https:\/\/www.suno.com.br\/noticias\/fitch-eletrobras-elet3-privatizacao\/"},"author":{"name":"Eduardo Vargas","@id":"https:\/\/www.suno.com.br\/noticias\/#\/schema\/person\/7f4d362bf3518e76090143ae77bb49a5"},"headline":"Fitch diz que privatiza\u00e7\u00e3o da Eletrobras (ELET3) \u00e9 &#8220;evento incerto&#8221;","datePublished":"2022-05-27T21:26:14+00:00","dateModified":"2022-05-27T21:28:57+00:00","mainEntityOfPage":{"@id":"https:\/\/www.suno.com.br\/noticias\/fitch-eletrobras-elet3-privatizacao\/"},"wordCount":653,"publisher":{"@id":"https:\/\/www.suno.com.br\/noticias\/#organization"},"image":{"@id":"https:\/\/www.suno.com.br\/noticias\/fitch-eletrobras-elet3-privatizacao\/#primaryimage"},"thumbnailUrl":"https:\/\/files.sunoresearch.com.br\/n\/uploads\/2021\/01\/7d9b2123-eletrobras-jpg.webp","keywords":["Ag\u00eancias","Eletrobras (ELET3\/ELET5\/ELET6)","privatiza\u00e7\u00e3o da Eletrobras","privatiza\u00e7\u00f5es"],"articleSection":["Neg\u00f3cios"],"inLanguage":"pt-BR"},{"@type":"WebPage","@id":"https:\/\/www.suno.com.br\/noticias\/fitch-eletrobras-elet3-privatizacao\/","url":"https:\/\/www.suno.com.br\/noticias\/fitch-eletrobras-elet3-privatizacao\/","name":"Fitch diz que privatiza\u00e7\u00e3o da Eletrobras (ELET3) \u00e9 \"evento incerto\"","isPartOf":{"@id":"https:\/\/www.suno.com.br\/noticias\/#website"},"primaryImageOfPage":{"@id":"https:\/\/www.suno.com.br\/noticias\/fitch-eletrobras-elet3-privatizacao\/#primaryimage"},"image":{"@id":"https:\/\/www.suno.com.br\/noticias\/fitch-eletrobras-elet3-privatizacao\/#primaryimage"},"thumbnailUrl":"https:\/\/files.sunoresearch.com.br\/n\/uploads\/2021\/01\/7d9b2123-eletrobras-jpg.webp","datePublished":"2022-05-27T21:26:14+00:00","dateModified":"2022-05-27T21:28:57+00:00","description":"A Fitch reafirmou a classifica\u00e7\u00e3o 'BB-' para as a\u00e7\u00f5es da Eletrobras, em nota que se aplica aos ratings de IDR de longo prazo. Confira!","breadcrumb":{"@id":"https:\/\/www.suno.com.br\/noticias\/fitch-eletrobras-elet3-privatizacao\/#breadcrumb"},"inLanguage":"pt-BR","potentialAction":[{"@type":"ReadAction","target":["https:\/\/www.suno.com.br\/noticias\/fitch-eletrobras-elet3-privatizacao\/"]}]},{"@type":"ImageObject","inLanguage":"pt-BR","@id":"https:\/\/www.suno.com.br\/noticias\/fitch-eletrobras-elet3-privatizacao\/#primaryimage","url":"https:\/\/files.sunoresearch.com.br\/n\/uploads\/2021\/01\/7d9b2123-eletrobras-jpg.webp","contentUrl":"https:\/\/files.sunoresearch.com.br\/n\/uploads\/2021\/01\/7d9b2123-eletrobras-jpg.webp","width":1380,"height":920,"caption":"Eletrobras (ELET3). Cr\u00e9ditos: Eletrobras"},{"@type":"BreadcrumbList","@id":"https:\/\/www.suno.com.br\/noticias\/fitch-eletrobras-elet3-privatizacao\/#breadcrumb","itemListElement":[{"@type":"ListItem","position":1,"name":"Not\u00edcias","item":"https:\/\/www.suno.com.br\/noticias\/"},{"@type":"ListItem","position":2,"name":"Neg\u00f3cios","item":"https:\/\/www.suno.com.br\/noticias\/negocios\/"},{"@type":"ListItem","position":3,"name":"Fitch diz que privatiza\u00e7\u00e3o da Eletrobras (ELET3) \u00e9 &#8220;evento incerto&#8221;"}]},{"@type":"WebSite","@id":"https:\/\/www.suno.com.br\/noticias\/#website","url":"https:\/\/www.suno.com.br\/noticias\/","name":"Suno Not\u00edcias","description":"Seu portal de informa\u00e7\u00e3o sobre o mundo dos investimentos","publisher":{"@id":"https:\/\/www.suno.com.br\/noticias\/#organization"},"potentialAction":[{"@type":"SearchAction","target":{"@type":"EntryPoint","urlTemplate":"https:\/\/www.suno.com.br\/noticias\/?s={search_term_string}"},"query-input":{"@type":"PropertyValueSpecification","valueRequired":true,"valueName":"search_term_string"}}],"inLanguage":"pt-BR"},{"@type":"Organization","@id":"https:\/\/www.suno.com.br\/noticias\/#organization","name":"Suno Not\u00edcias","url":"https:\/\/www.suno.com.br\/noticias\/","logo":{"@type":"ImageObject","inLanguage":"pt-BR","@id":"https:\/\/www.suno.com.br\/noticias\/#\/schema\/logo\/image\/","url":"https:\/\/files.sunoresearch.com.br\/n\/uploads\/2021\/09\/suno-logo.png","contentUrl":"https:\/\/files.sunoresearch.com.br\/n\/uploads\/2021\/09\/suno-logo.png","width":180,"height":180,"caption":"Suno Not\u00edcias"},"image":{"@id":"https:\/\/www.suno.com.br\/noticias\/#\/schema\/logo\/image\/"},"sameAs":["https:\/\/facebook.com\/sunoresearch","https:\/\/x.com\/sunoresearch","https:\/\/www.instagram.com\/suno","https:\/\/www.linkedin.com\/company\/suno-research\/","https:\/\/www.youtube.com\/c\/sunoresearch"]},{"@type":"Person","@id":"https:\/\/www.suno.com.br\/noticias\/#\/schema\/person\/7f4d362bf3518e76090143ae77bb49a5","name":"Eduardo Vargas","image":{"@type":"ImageObject","inLanguage":"pt-BR","@id":"https:\/\/www.suno.com.br\/noticias\/#\/schema\/person\/image\/","url":"https:\/\/secure.gravatar.com\/avatar\/dac340933427a22924c9f99d1eb2e3f2?s=96&r=g","contentUrl":"https:\/\/secure.gravatar.com\/avatar\/dac340933427a22924c9f99d1eb2e3f2?s=96&r=g","caption":"Eduardo Vargas"},"description":"Jornalista formado pela UFSC, cobre macroeconomia, neg\u00f3cios e startups para o Suno Not\u00edcias, escrevendo principalmente not\u00edcias sobre o mercado financeiro e a bolsa de valores. No YouTube e no Instagram, \u00e9 respons\u00e1vel pela produ\u00e7\u00e3o de Reels e Shorts do Suno Not\u00edcias. Anteriormente, trabalhou cobrindo economia e cotidiano no ND+ e para o ND, maior jornal impresso de Santa Catarina. Cursou um semestre letivo de Estudos de M\u00eddia na Universidad de Buenos Aires.","url":"https:\/\/www.suno.com.br\/noticias\/author\/eduardo-vargas\/"}]}},"default_loop_html":"<div class=\"cardsPage__listCard__boxs\"><div class=\"cardsPage__listCard__boxs__img\"><a href=\"https:\/\/www.suno.com.br\/noticias\/fitch-eletrobras-elet3-privatizacao\/\"><img class=\"mask\" src=\"https:\/\/www.suno.com.br\/noticias\/wp-content\/themes\/suno\/resources\/images\/spotlight\/spotlight1img\/bg-mask.png\" alt=\"Image Mask\"\/><img src=\"https:\/\/files.sunoresearch.com.br\/n\/uploads\/2021\/01\/7d9b2123-eletrobras-400x200.webp\" alt=\"Fitch diz que privatiza\u00e7\u00e3o da Eletrobras (ELET3) \u00e9 &#8220;evento incerto&#8221;\"\/><\/a><span class=\"spotlightCategory\"><a href=\"https:\/\/www.suno.com.br\/noticias\/negocios\/\">Neg\u00f3cios<\/a><\/span><\/div><div class=\"cardsPage__listCard__boxs__content\"><a href=\"https:\/\/www.suno.com.br\/noticias\/fitch-eletrobras-elet3-privatizacao\/\"><h2 class=\"content__title\">Fitch diz que privatiza\u00e7\u00e3o da Eletrobras (ELET3) \u00e9 &#8220;evento incerto&#8221;<\/h2><\/a><div class=\"newsContent__article__meta\"><div class=\"newsContent__article__meta__authorBox\"><a href=\"https:\/\/www.suno.com.br\/noticias\/author\/eduardo-vargas\/\" class=\"authorBox__avatar noMobi\"><img src=\"https:\/\/secure.gravatar.com\/avatar\/dac340933427a22924c9f99d1eb2e3f2?s=96&#038;r=g\" alt=\"Eduardo Vargas\"><\/a><div class=\"authorBox__name\"><span>por\n\t\t\t<a href=\"https:\/\/www.suno.com.br\/noticias\/author\/eduardo-vargas\/\"><span itemprop=\"author\">Eduardo Vargas<\/span><\/a><\/span><time datetime=\"2022-05-27T18:26:14-03:00\" itemprop=\"datePublished\">27\/05\/2022 18:26<\/time><\/div><\/div><\/div><\/div><\/div>","single_layout":"posts","amp_enabled":true,"_links":{"self":[{"href":"https:\/\/www.suno.com.br\/noticias\/wp-json\/wp\/v2\/posts\/262002"}],"collection":[{"href":"https:\/\/www.suno.com.br\/noticias\/wp-json\/wp\/v2\/posts"}],"about":[{"href":"https:\/\/www.suno.com.br\/noticias\/wp-json\/wp\/v2\/types\/post"}],"author":[{"embeddable":true,"href":"https:\/\/www.suno.com.br\/noticias\/wp-json\/wp\/v2\/users\/73"}],"replies":[{"embeddable":true,"href":"https:\/\/www.suno.com.br\/noticias\/wp-json\/wp\/v2\/comments?post=262002"}],"version-history":[{"count":3,"href":"https:\/\/www.suno.com.br\/noticias\/wp-json\/wp\/v2\/posts\/262002\/revisions"}],"predecessor-version":[{"id":262015,"href":"https:\/\/www.suno.com.br\/noticias\/wp-json\/wp\/v2\/posts\/262002\/revisions\/262015"}],"wp:featuredmedia":[{"embeddable":true,"href":"https:\/\/www.suno.com.br\/noticias\/wp-json\/wp\/v2\/media\/115947"}],"wp:attachment":[{"href":"https:\/\/www.suno.com.br\/noticias\/wp-json\/wp\/v2\/media?parent=262002"}],"wp:term":[{"taxonomy":"category","embeddable":true,"href":"https:\/\/www.suno.com.br\/noticias\/wp-json\/wp\/v2\/categories?post=262002"},{"taxonomy":"post_tag","embeddable":true,"href":"https:\/\/www.suno.com.br\/noticias\/wp-json\/wp\/v2\/tags?post=262002"},{"taxonomy":"suno_strategy","embeddable":true,"href":"https:\/\/www.suno.com.br\/noticias\/wp-json\/wp\/v2\/suno_strategy?post=262002"}],"curies":[{"name":"wp","href":"https:\/\/api.w.org\/{rel}","templated":true}]}}