{"id":26199,"date":"2019-05-28T11:54:53","date_gmt":"2019-05-28T14:54:53","guid":{"rendered":"https:\/\/www.suno.com.br\/noticias\/?p=26199"},"modified":"2019-05-28T11:58:42","modified_gmt":"2019-05-28T14:58:42","slug":"bc-reduzir-selic-reforma-aprovada","status":"publish","type":"post","link":"https:\/\/www.suno.com.br\/noticias\/bc-reduzir-selic-reforma-aprovada\/","title":{"rendered":"BC deve reduzir taxa Selic se reforma for aprovada, diz M\u00e1rio Mesquita"},"content":{"rendered":"<p>O Banco Central (BC) deve reduzir a taxa b\u00e1sica de juros, a Selic, a partir de setembro deste ano, caso a reforma da Previd\u00eancia seja aprovada, segundo o economista-chefe do Ita\u00fa Unibanco, M\u00e1rio Mesquita, no Macronomia, nesta ter\u00e7a-feira (27).<\/p>\t<div class=\"wrapper-featured-image\">\n\t\t<figure class=\"spotlightImg\">\n\n\t\t\t<picture>\n\t\t\t\t<source media=\"(max-width: 768px)\" srcset=\"https:\/\/files.sunoresearch.com.br\/n\/uploads\/2019\/05\/12eea27b-taxa-selic-400x200.webp\">\n\t\t\t\t<img loading=\"lazy\" decoding=\"async\" class=\"newsContent__article__imgCapa lazyloadDisabled newsContent__article__imgCapa--noCaption\" src=\"https:\/\/files.sunoresearch.com.br\/n\/uploads\/2019\/05\/12eea27b-taxa-selic-jpg.webp\" width=\"800\" height=\"450\" alt=\"BC deve reduzir taxa Selic se reforma for aprovada, diz M\u00e1rio Mesquita\" fetchpriority=high \/>\n\t\t\t<\/picture>\n\n\t\t\t<figcaption class=\"wp-caption-text wp-caption-text--hide\">Estados e Munic\u00edpios dever\u00e3o ser inclu\u00eddos na Previd\u00eancia para investir no setor p\u00fablico, diz Mesquita<\/figcaption>\n\t\t<\/figure>\n\t<\/div>\n\n\n<p>No in\u00edcio deste m\u00eas, o\u00a0<a href=\"https:\/\/www.suno.com.br\/artigos\/copom\/\">Comit\u00ea de Pol\u00edticas Monet\u00e1rias<\/a> (<strong>Copom<\/strong>) decidiu manter a <strong>taxa Selic<\/strong> a 6,5%, sendo a nona decis\u00e3o consecutiva para manter os<strong> juros b\u00e1sicos<\/strong> no mesmo patamar.<\/p>\n\t<p>\n\t\t<a href=\"https:\/\/lp.suno.com.br\/minicurso-contabilidade\/\" target=\"_blank\" data-element=\"shortcode-suno-banner\" title=\"Banner SUNO, clique e saiba mais\">\n\t\t\t<picture>\n\t\t\t\t<source media=\"(max-width: 500px)\" srcset=\"https:\/\/files.sunoresearch.com.br\/n\/uploads\/2023\/03\/400x300-Minicurso-Contabilidade.png\">\n\t\t\t\t<img class=\"newsContent__article__imgCapa newsContent__article__imgCapa--banner\"\n\t\t\t\t\tsrc=\"https:\/\/files.sunoresearch.com.br\/n\/uploads\/2023\/03\/1420x240-Minicurso-Contabilidade.png\"\n\t\t\t\t\tdata-promo-id=\"383158\"\t\t\t\t\t\t\t\t\t\twidth='1420' height='240'\t\t\t\t\talt=\"https:\/\/files.sunoresearch.com.br\/n\/uploads\/2023\/03\/1420x240-Minicurso-Contabilidade.png\"\n\t\t\t\t>\n\t\t\t<\/picture>\n\t\t<\/a>\n\t<\/p>\n\n\n<p>No entanto, a proje\u00e7\u00e3o de redu\u00e7\u00e3o d<span style=\"font-size: 19.4286px;\">a taxa b\u00e1sica de juros s\u00f3 deve ser confirmada se a<strong> reforma da Previd\u00eancia<\/strong> for aprovada. O economista-chefe do Ita\u00fa afirma que \u00e9 esperada uma\u00a0&#8220;aprova\u00e7\u00e3o de uma reforma da Previd\u00eancia<\/span><span style=\"font-size: 19.4286px;\">\u00a0<\/span><span style=\"font-size: 1.21429rem;\">que fique entre 50% e 75% do que foi originalmente proposto&#8221;, e que aprova\u00e7\u00e3o ser\u00e1 no segundo semestre deste ano.<\/span><\/p>\n<p>Dessa forma, com a reforma, considerando o &#8220;comportamento da infla\u00e7\u00e3o e a perspectiva da infla\u00e7\u00e3o, que \u00e9 o mais importante, o <strong>Banco Central<\/strong> ter\u00e1 condi\u00e7\u00f5es de reduzir a taxa b\u00e1sica [de juros, <strong>Selic<\/strong>] de novo, fazer isso a partir de setembro&#8221;, afirma o economista.<\/p>\n<p><a href=\"https:\/\/www.suno.com.br\/noticias\/itau-unibanco-reducao-pib-taxa-selic-2019\/\">Saiba mais:\u00a0Ita\u00fa Unibanco reduz PIB do Brasil a 1,3% e taxa Selic a 5,75%, para 2019<\/a><\/p>\n<h2>Proje\u00e7\u00e3o para a infla\u00e7\u00e3o<\/h2>\n<p>Al\u00e9m disso, Mesquita afirmou que\u00a0a <strong>infla\u00e7\u00e3o <\/strong>deve ficar em 3,6%. A proje\u00e7\u00e3o foi confirmada pela especialista em infla\u00e7\u00e3o do <strong>Ita\u00fa<\/strong>, J\u00falia Passabom, que afirmou que &#8220;o cen\u00e1rio de infla\u00e7\u00e3o nas proje\u00e7\u00f5es indicam 3,6% tanto neste ano [2019] quanto no pr\u00f3ximo [2020]&#8221;.<\/p>\n<p>A meta de infla\u00e7\u00e3o\u00a0fixada para pelo <a href=\"https:\/\/www.suno.com.br\/artigos\/cmn-conselho-monetario-nacional\/\">Conselho Monet\u00e1rio Nacional<\/a> (CMN) para este ano, \u00e9 de 4,25%. A meta tem uma toler\u00e2ncia de 1,5 ponto percentual, podendo ir de 2,75% at\u00e9 5,75%.<\/p>\n<h2>\u00daltima proje\u00e7\u00e3o da Selic pelo Ita\u00fa<\/h2>\n<p>No \u00faltimo m\u00eas, o <strong>Ita\u00fa<\/strong> \u00e1 havia divulgado um estudo em que previa a redu\u00e7\u00e3o da taxa b\u00e1sica de juros para 2019 e 2020. A \u00faltima reuni\u00e3o do <strong>Copom<\/strong> manteve a\u00a0<strong>taxa Selic<\/strong> em 6,5% para este ano. No entanto, o estudo do banco divulgado em abril apontava um juros de 5,7% em 2019 e 5,5% em 2020.<\/p>\n\t<p>\n\t\t<a href=\"https:\/\/lp.suno.com.br\/suno-one\/?utm_campaign=_SNC6964518A_\" target=\"_blank\" data-element=\"shortcode-suno-banner\" title=\"Banner SUNO, clique e saiba mais\">\n\t\t\t<picture>\n\t\t\t\t<source media=\"(max-width: 500px)\" srcset=\"https:\/\/files.sunoresearch.com.br\/n\/uploads\/2025\/09\/400x300-Suno-One-png.webp\">\n\t\t\t\t<img class=\"newsContent__article__imgCapa newsContent__article__imgCapa--banner\"\n\t\t\t\t\tsrc=\"https:\/\/files.sunoresearch.com.br\/n\/uploads\/2025\/09\/1420x240-Suno-One-png.webp\"\n\t\t\t\t\tdata-promo-id=\"383121\"\t\t\t\t\t\t\t\t\t\twidth='1420' height='240'\t\t\t\t\talt=\"https:\/\/files.sunoresearch.com.br\/n\/uploads\/2025\/09\/1420x240-Suno-One-png.webp\"\n\t\t\t\t>\n\t\t\t<\/picture>\n\t\t<\/a>\n\t<\/p>\n\n\n","protected":false},"excerpt":{"rendered":"<p>O Banco Central (BC) deve reduzir a taxa b\u00e1sica de juros, a Selic, a partir de setembro deste ano, caso a reforma da Previd\u00eancia seja aprovada, segundo o economista-chefe do Ita\u00fa Unibanco, M\u00e1rio Mesquita, no Macronomia, nesta ter\u00e7a-feira (27). Estados e Munic\u00edpios dever\u00e3o ser inclu\u00eddos na Previd\u00eancia para investir no setor p\u00fablico, diz Mesquita No [&hellip;]<\/p>\n","protected":false},"author":11,"featured_media":26219,"comment_status":"closed","ping_status":"closed","sticky":false,"template":"","format":"standard","meta":[],"categories":[62],"tags":[850,519,290],"suno_strategy":[],"class_list":["post-26199","post","type-post","status-publish","format-standard","has-post-thumbnail","hentry","category-economia","tag-inflacao","tag-itau-unibanco-itub3-itub4","tag-taxa-selic"],"yoast_head":"<!-- This site is optimized with the Yoast SEO plugin v24.4 - https:\/\/yoast.com\/wordpress\/plugins\/seo\/ -->\n<title>BC deve reduzir taxa Selic se reforma for aprovada, diz M\u00e1rio Mesquita<\/title>\n<meta name=\"description\" content=\"Al\u00e9m da nova proje\u00e7\u00e3o para a taxa Selic, o economista-chefe do Ita\u00fa projetou a infla\u00e7\u00e3o em 3,6% para este ano. Clique para saber mais.\" \/>\n<meta name=\"robots\" content=\"index, follow, max-snippet:-1, max-image-preview:large, max-video-preview:-1\" \/>\n<link rel=\"canonical\" href=\"https:\/\/www.suno.com.br\/noticias\/bc-reduzir-selic-reforma-aprovada\/\" \/>\n<meta property=\"og:locale\" content=\"pt_BR\" \/>\n<meta property=\"og:type\" content=\"article\" \/>\n<meta property=\"og:title\" content=\"BC deve reduzir taxa Selic se reforma for aprovada, diz M\u00e1rio Mesquita\" \/>\n<meta property=\"og:description\" content=\"Al\u00e9m da nova proje\u00e7\u00e3o para a taxa Selic, o economista-chefe do Ita\u00fa projetou a infla\u00e7\u00e3o em 3,6% para este ano. Clique para saber mais.\" \/>\n<meta property=\"og:url\" content=\"https:\/\/www.suno.com.br\/noticias\/bc-reduzir-selic-reforma-aprovada\/\" \/>\n<meta property=\"og:site_name\" content=\"Suno Not\u00edcias\" \/>\n<meta property=\"article:publisher\" content=\"https:\/\/facebook.com\/sunoresearch\" \/>\n<meta property=\"og:image\" content=\"https:\/\/files.sunoresearch.com.br\/n\/uploads\/2019\/05\/12eea27b-taxa-selic.jpg\" \/>\n\t<meta property=\"og:image:width\" content=\"620\" \/>\n\t<meta property=\"og:image:height\" content=\"372\" \/>\n\t<meta property=\"og:image:type\" content=\"image\/jpeg\" \/>\n<meta name=\"author\" content=\"Renan Bandeira\" \/>\n<meta name=\"twitter:card\" content=\"summary_large_image\" \/>\n<meta name=\"twitter:creator\" content=\"@sunoresearch\" \/>\n<meta name=\"twitter:site\" content=\"@sunoresearch\" \/>\n<meta name=\"twitter:label1\" content=\"Escrito por\" \/>\n\t<meta name=\"twitter:data1\" content=\"Renan Bandeira\" \/>\n\t<meta name=\"twitter:label2\" content=\"Est. tempo de leitura\" \/>\n\t<meta name=\"twitter:data2\" content=\"2 minutos\" \/>\n<script type=\"application\/ld+json\" class=\"yoast-schema-graph\">{\"@context\":\"https:\/\/schema.org\",\"@graph\":[{\"@type\":\"NewsArticle\",\"@id\":\"https:\/\/www.suno.com.br\/noticias\/bc-reduzir-selic-reforma-aprovada\/#article\",\"isPartOf\":{\"@id\":\"https:\/\/www.suno.com.br\/noticias\/bc-reduzir-selic-reforma-aprovada\/\"},\"author\":{\"name\":\"Renan Bandeira\",\"@id\":\"https:\/\/www.suno.com.br\/noticias\/#\/schema\/person\/fc144a1c6108bd1dcd43784e88a3c138\"},\"headline\":\"BC deve reduzir taxa Selic se reforma for aprovada, diz M\u00e1rio Mesquita\",\"datePublished\":\"2019-05-28T14:54:53+00:00\",\"dateModified\":\"2019-05-28T14:58:42+00:00\",\"mainEntityOfPage\":{\"@id\":\"https:\/\/www.suno.com.br\/noticias\/bc-reduzir-selic-reforma-aprovada\/\"},\"wordCount\":362,\"publisher\":{\"@id\":\"https:\/\/www.suno.com.br\/noticias\/#organization\"},\"image\":{\"@id\":\"https:\/\/www.suno.com.br\/noticias\/bc-reduzir-selic-reforma-aprovada\/#primaryimage\"},\"thumbnailUrl\":\"https:\/\/files.sunoresearch.com.br\/n\/uploads\/2019\/05\/12eea27b-taxa-selic-jpg.webp\",\"keywords\":[\"infla\u00e7\u00e3o\",\"Ita\u00fa Unibanco (ITUB3\/ITUB4)\",\"Taxa Selic\"],\"articleSection\":[\"Economia\"],\"inLanguage\":\"pt-BR\"},{\"@type\":\"WebPage\",\"@id\":\"https:\/\/www.suno.com.br\/noticias\/bc-reduzir-selic-reforma-aprovada\/\",\"url\":\"https:\/\/www.suno.com.br\/noticias\/bc-reduzir-selic-reforma-aprovada\/\",\"name\":\"BC deve reduzir taxa Selic se reforma for aprovada, diz M\u00e1rio Mesquita\",\"isPartOf\":{\"@id\":\"https:\/\/www.suno.com.br\/noticias\/#website\"},\"primaryImageOfPage\":{\"@id\":\"https:\/\/www.suno.com.br\/noticias\/bc-reduzir-selic-reforma-aprovada\/#primaryimage\"},\"image\":{\"@id\":\"https:\/\/www.suno.com.br\/noticias\/bc-reduzir-selic-reforma-aprovada\/#primaryimage\"},\"thumbnailUrl\":\"https:\/\/files.sunoresearch.com.br\/n\/uploads\/2019\/05\/12eea27b-taxa-selic-jpg.webp\",\"datePublished\":\"2019-05-28T14:54:53+00:00\",\"dateModified\":\"2019-05-28T14:58:42+00:00\",\"description\":\"Al\u00e9m da nova proje\u00e7\u00e3o para a taxa Selic, o economista-chefe do Ita\u00fa projetou a infla\u00e7\u00e3o em 3,6% para este ano. Clique para saber mais.\",\"breadcrumb\":{\"@id\":\"https:\/\/www.suno.com.br\/noticias\/bc-reduzir-selic-reforma-aprovada\/#breadcrumb\"},\"inLanguage\":\"pt-BR\",\"potentialAction\":[{\"@type\":\"ReadAction\",\"target\":[\"https:\/\/www.suno.com.br\/noticias\/bc-reduzir-selic-reforma-aprovada\/\"]}]},{\"@type\":\"ImageObject\",\"inLanguage\":\"pt-BR\",\"@id\":\"https:\/\/www.suno.com.br\/noticias\/bc-reduzir-selic-reforma-aprovada\/#primaryimage\",\"url\":\"https:\/\/files.sunoresearch.com.br\/n\/uploads\/2019\/05\/12eea27b-taxa-selic-jpg.webp\",\"contentUrl\":\"https:\/\/files.sunoresearch.com.br\/n\/uploads\/2019\/05\/12eea27b-taxa-selic-jpg.webp\",\"width\":620,\"height\":372,\"caption\":\"Estados e Munic\u00edpios dever\u00e3o ser inclu\u00eddos na Previd\u00eancia para investir no setor p\u00fablico, diz Mesquita\"},{\"@type\":\"BreadcrumbList\",\"@id\":\"https:\/\/www.suno.com.br\/noticias\/bc-reduzir-selic-reforma-aprovada\/#breadcrumb\",\"itemListElement\":[{\"@type\":\"ListItem\",\"position\":1,\"name\":\"Not\u00edcias\",\"item\":\"https:\/\/www.suno.com.br\/noticias\/\"},{\"@type\":\"ListItem\",\"position\":2,\"name\":\"Economia\",\"item\":\"https:\/\/www.suno.com.br\/noticias\/economia\/\"},{\"@type\":\"ListItem\",\"position\":3,\"name\":\"BC deve reduzir taxa Selic se reforma for aprovada, diz M\u00e1rio Mesquita\"}]},{\"@type\":\"WebSite\",\"@id\":\"https:\/\/www.suno.com.br\/noticias\/#website\",\"url\":\"https:\/\/www.suno.com.br\/noticias\/\",\"name\":\"Suno Not\u00edcias\",\"description\":\"Seu portal de informa\u00e7\u00e3o sobre o mundo dos investimentos\",\"publisher\":{\"@id\":\"https:\/\/www.suno.com.br\/noticias\/#organization\"},\"potentialAction\":[{\"@type\":\"SearchAction\",\"target\":{\"@type\":\"EntryPoint\",\"urlTemplate\":\"https:\/\/www.suno.com.br\/noticias\/?s={search_term_string}\"},\"query-input\":{\"@type\":\"PropertyValueSpecification\",\"valueRequired\":true,\"valueName\":\"search_term_string\"}}],\"inLanguage\":\"pt-BR\"},{\"@type\":\"Organization\",\"@id\":\"https:\/\/www.suno.com.br\/noticias\/#organization\",\"name\":\"Suno Not\u00edcias\",\"url\":\"https:\/\/www.suno.com.br\/noticias\/\",\"logo\":{\"@type\":\"ImageObject\",\"inLanguage\":\"pt-BR\",\"@id\":\"https:\/\/www.suno.com.br\/noticias\/#\/schema\/logo\/image\/\",\"url\":\"https:\/\/files.sunoresearch.com.br\/n\/uploads\/2021\/09\/suno-logo.png\",\"contentUrl\":\"https:\/\/files.sunoresearch.com.br\/n\/uploads\/2021\/09\/suno-logo.png\",\"width\":180,\"height\":180,\"caption\":\"Suno Not\u00edcias\"},\"image\":{\"@id\":\"https:\/\/www.suno.com.br\/noticias\/#\/schema\/logo\/image\/\"},\"sameAs\":[\"https:\/\/facebook.com\/sunoresearch\",\"https:\/\/x.com\/sunoresearch\",\"https:\/\/www.instagram.com\/suno\",\"https:\/\/www.linkedin.com\/company\/suno-research\/\",\"https:\/\/www.youtube.com\/c\/sunoresearch\"]},{\"@type\":\"Person\",\"@id\":\"https:\/\/www.suno.com.br\/noticias\/#\/schema\/person\/fc144a1c6108bd1dcd43784e88a3c138\",\"name\":\"Renan Bandeira\",\"image\":{\"@type\":\"ImageObject\",\"inLanguage\":\"pt-BR\",\"@id\":\"https:\/\/www.suno.com.br\/noticias\/#\/schema\/person\/image\/\",\"url\":\"https:\/\/secure.gravatar.com\/avatar\/68359cdb608f14f11bbefcb78f3fc747?s=96&r=g\",\"contentUrl\":\"https:\/\/secure.gravatar.com\/avatar\/68359cdb608f14f11bbefcb78f3fc747?s=96&r=g\",\"caption\":\"Renan Bandeira\"},\"description\":\"Renan Bandeira escreve sobre pol\u00edtica e economia para o portal da Suno Research. Antes da Suno, trabalhou em uma rede de televis\u00e3o, onde fazia reportagens sobre os mesmos temas. Estuda na Universidade Metodista de S\u00e3o Paulo.\",\"url\":\"https:\/\/www.suno.com.br\/noticias\/author\/renan-bandeira\/\"}]}<\/script>\n<!-- \/ Yoast SEO plugin. -->","yoast_head_json":{"title":"BC deve reduzir taxa Selic se reforma for aprovada, diz M\u00e1rio Mesquita","description":"Al\u00e9m da nova proje\u00e7\u00e3o para a taxa Selic, o economista-chefe do Ita\u00fa projetou a infla\u00e7\u00e3o em 3,6% para este ano. Clique para saber mais.","robots":{"index":"index","follow":"follow","max-snippet":"max-snippet:-1","max-image-preview":"max-image-preview:large","max-video-preview":"max-video-preview:-1"},"canonical":"https:\/\/www.suno.com.br\/noticias\/bc-reduzir-selic-reforma-aprovada\/","og_locale":"pt_BR","og_type":"article","og_title":"BC deve reduzir taxa Selic se reforma for aprovada, diz M\u00e1rio Mesquita","og_description":"Al\u00e9m da nova proje\u00e7\u00e3o para a taxa Selic, o economista-chefe do Ita\u00fa projetou a infla\u00e7\u00e3o em 3,6% para este ano. Clique para saber mais.","og_url":"https:\/\/www.suno.com.br\/noticias\/bc-reduzir-selic-reforma-aprovada\/","og_site_name":"Suno Not\u00edcias","article_publisher":"https:\/\/facebook.com\/sunoresearch","og_image":[{"width":620,"height":372,"url":"https:\/\/files.sunoresearch.com.br\/n\/uploads\/2019\/05\/12eea27b-taxa-selic.jpg","type":"image\/jpeg"}],"author":"Renan Bandeira","twitter_card":"summary_large_image","twitter_creator":"@sunoresearch","twitter_site":"@sunoresearch","twitter_misc":{"Escrito por":"Renan Bandeira","Est. tempo de leitura":"2 minutos"},"schema":{"@context":"https:\/\/schema.org","@graph":[{"@type":"NewsArticle","@id":"https:\/\/www.suno.com.br\/noticias\/bc-reduzir-selic-reforma-aprovada\/#article","isPartOf":{"@id":"https:\/\/www.suno.com.br\/noticias\/bc-reduzir-selic-reforma-aprovada\/"},"author":{"name":"Renan Bandeira","@id":"https:\/\/www.suno.com.br\/noticias\/#\/schema\/person\/fc144a1c6108bd1dcd43784e88a3c138"},"headline":"BC deve reduzir taxa Selic se reforma for aprovada, diz M\u00e1rio Mesquita","datePublished":"2019-05-28T14:54:53+00:00","dateModified":"2019-05-28T14:58:42+00:00","mainEntityOfPage":{"@id":"https:\/\/www.suno.com.br\/noticias\/bc-reduzir-selic-reforma-aprovada\/"},"wordCount":362,"publisher":{"@id":"https:\/\/www.suno.com.br\/noticias\/#organization"},"image":{"@id":"https:\/\/www.suno.com.br\/noticias\/bc-reduzir-selic-reforma-aprovada\/#primaryimage"},"thumbnailUrl":"https:\/\/files.sunoresearch.com.br\/n\/uploads\/2019\/05\/12eea27b-taxa-selic-jpg.webp","keywords":["infla\u00e7\u00e3o","Ita\u00fa Unibanco (ITUB3\/ITUB4)","Taxa Selic"],"articleSection":["Economia"],"inLanguage":"pt-BR"},{"@type":"WebPage","@id":"https:\/\/www.suno.com.br\/noticias\/bc-reduzir-selic-reforma-aprovada\/","url":"https:\/\/www.suno.com.br\/noticias\/bc-reduzir-selic-reforma-aprovada\/","name":"BC deve reduzir taxa Selic se reforma for aprovada, diz M\u00e1rio Mesquita","isPartOf":{"@id":"https:\/\/www.suno.com.br\/noticias\/#website"},"primaryImageOfPage":{"@id":"https:\/\/www.suno.com.br\/noticias\/bc-reduzir-selic-reforma-aprovada\/#primaryimage"},"image":{"@id":"https:\/\/www.suno.com.br\/noticias\/bc-reduzir-selic-reforma-aprovada\/#primaryimage"},"thumbnailUrl":"https:\/\/files.sunoresearch.com.br\/n\/uploads\/2019\/05\/12eea27b-taxa-selic-jpg.webp","datePublished":"2019-05-28T14:54:53+00:00","dateModified":"2019-05-28T14:58:42+00:00","description":"Al\u00e9m da nova proje\u00e7\u00e3o para a taxa Selic, o economista-chefe do Ita\u00fa projetou a infla\u00e7\u00e3o em 3,6% para este ano. Clique para saber mais.","breadcrumb":{"@id":"https:\/\/www.suno.com.br\/noticias\/bc-reduzir-selic-reforma-aprovada\/#breadcrumb"},"inLanguage":"pt-BR","potentialAction":[{"@type":"ReadAction","target":["https:\/\/www.suno.com.br\/noticias\/bc-reduzir-selic-reforma-aprovada\/"]}]},{"@type":"ImageObject","inLanguage":"pt-BR","@id":"https:\/\/www.suno.com.br\/noticias\/bc-reduzir-selic-reforma-aprovada\/#primaryimage","url":"https:\/\/files.sunoresearch.com.br\/n\/uploads\/2019\/05\/12eea27b-taxa-selic-jpg.webp","contentUrl":"https:\/\/files.sunoresearch.com.br\/n\/uploads\/2019\/05\/12eea27b-taxa-selic-jpg.webp","width":620,"height":372,"caption":"Estados e Munic\u00edpios dever\u00e3o ser inclu\u00eddos na Previd\u00eancia para investir no setor p\u00fablico, diz Mesquita"},{"@type":"BreadcrumbList","@id":"https:\/\/www.suno.com.br\/noticias\/bc-reduzir-selic-reforma-aprovada\/#breadcrumb","itemListElement":[{"@type":"ListItem","position":1,"name":"Not\u00edcias","item":"https:\/\/www.suno.com.br\/noticias\/"},{"@type":"ListItem","position":2,"name":"Economia","item":"https:\/\/www.suno.com.br\/noticias\/economia\/"},{"@type":"ListItem","position":3,"name":"BC deve reduzir taxa Selic se reforma for aprovada, diz M\u00e1rio Mesquita"}]},{"@type":"WebSite","@id":"https:\/\/www.suno.com.br\/noticias\/#website","url":"https:\/\/www.suno.com.br\/noticias\/","name":"Suno Not\u00edcias","description":"Seu portal de informa\u00e7\u00e3o sobre o mundo dos investimentos","publisher":{"@id":"https:\/\/www.suno.com.br\/noticias\/#organization"},"potentialAction":[{"@type":"SearchAction","target":{"@type":"EntryPoint","urlTemplate":"https:\/\/www.suno.com.br\/noticias\/?s={search_term_string}"},"query-input":{"@type":"PropertyValueSpecification","valueRequired":true,"valueName":"search_term_string"}}],"inLanguage":"pt-BR"},{"@type":"Organization","@id":"https:\/\/www.suno.com.br\/noticias\/#organization","name":"Suno Not\u00edcias","url":"https:\/\/www.suno.com.br\/noticias\/","logo":{"@type":"ImageObject","inLanguage":"pt-BR","@id":"https:\/\/www.suno.com.br\/noticias\/#\/schema\/logo\/image\/","url":"https:\/\/files.sunoresearch.com.br\/n\/uploads\/2021\/09\/suno-logo.png","contentUrl":"https:\/\/files.sunoresearch.com.br\/n\/uploads\/2021\/09\/suno-logo.png","width":180,"height":180,"caption":"Suno Not\u00edcias"},"image":{"@id":"https:\/\/www.suno.com.br\/noticias\/#\/schema\/logo\/image\/"},"sameAs":["https:\/\/facebook.com\/sunoresearch","https:\/\/x.com\/sunoresearch","https:\/\/www.instagram.com\/suno","https:\/\/www.linkedin.com\/company\/suno-research\/","https:\/\/www.youtube.com\/c\/sunoresearch"]},{"@type":"Person","@id":"https:\/\/www.suno.com.br\/noticias\/#\/schema\/person\/fc144a1c6108bd1dcd43784e88a3c138","name":"Renan Bandeira","image":{"@type":"ImageObject","inLanguage":"pt-BR","@id":"https:\/\/www.suno.com.br\/noticias\/#\/schema\/person\/image\/","url":"https:\/\/secure.gravatar.com\/avatar\/68359cdb608f14f11bbefcb78f3fc747?s=96&r=g","contentUrl":"https:\/\/secure.gravatar.com\/avatar\/68359cdb608f14f11bbefcb78f3fc747?s=96&r=g","caption":"Renan Bandeira"},"description":"Renan Bandeira escreve sobre pol\u00edtica e economia para o portal da Suno Research. Antes da Suno, trabalhou em uma rede de televis\u00e3o, onde fazia reportagens sobre os mesmos temas. Estuda na Universidade Metodista de S\u00e3o Paulo.","url":"https:\/\/www.suno.com.br\/noticias\/author\/renan-bandeira\/"}]}},"default_loop_html":"<div class=\"cardsPage__listCard__boxs\"><div class=\"cardsPage__listCard__boxs__img\"><a href=\"https:\/\/www.suno.com.br\/noticias\/bc-reduzir-selic-reforma-aprovada\/\"><img class=\"mask\" src=\"https:\/\/www.suno.com.br\/noticias\/wp-content\/themes\/suno\/resources\/images\/spotlight\/spotlight1img\/bg-mask.png\" alt=\"Image Mask\"\/><img src=\"https:\/\/files.sunoresearch.com.br\/n\/uploads\/2019\/05\/12eea27b-taxa-selic-400x200.webp\" alt=\"BC deve reduzir taxa Selic se reforma for aprovada, diz M\u00e1rio Mesquita\"\/><\/a><span class=\"spotlightCategory\"><a href=\"https:\/\/www.suno.com.br\/noticias\/economia\/\">Economia<\/a><\/span><\/div><div class=\"cardsPage__listCard__boxs__content\"><a href=\"https:\/\/www.suno.com.br\/noticias\/bc-reduzir-selic-reforma-aprovada\/\"><h2 class=\"content__title\">BC deve reduzir taxa Selic se reforma for aprovada, diz M\u00e1rio Mesquita<\/h2><\/a><div class=\"newsContent__article__meta\"><div class=\"newsContent__article__meta__authorBox\"><a href=\"https:\/\/www.suno.com.br\/noticias\/author\/renan-bandeira\/\" class=\"authorBox__avatar noMobi\"><img src=\"https:\/\/secure.gravatar.com\/avatar\/68359cdb608f14f11bbefcb78f3fc747?s=96&#038;r=g\" alt=\"Renan Bandeira\"><\/a><div class=\"authorBox__name\"><span>por\n\t\t\t<a href=\"https:\/\/www.suno.com.br\/noticias\/author\/renan-bandeira\/\"><span itemprop=\"author\">Renan Bandeira<\/span><\/a><\/span><time datetime=\"2019-05-28T11:54:53-03:00\" itemprop=\"datePublished\">28\/05\/2019 11:54<\/time><\/div><\/div><\/div><\/div><\/div>","single_layout":"posts","amp_enabled":true,"_links":{"self":[{"href":"https:\/\/www.suno.com.br\/noticias\/wp-json\/wp\/v2\/posts\/26199"}],"collection":[{"href":"https:\/\/www.suno.com.br\/noticias\/wp-json\/wp\/v2\/posts"}],"about":[{"href":"https:\/\/www.suno.com.br\/noticias\/wp-json\/wp\/v2\/types\/post"}],"author":[{"embeddable":true,"href":"https:\/\/www.suno.com.br\/noticias\/wp-json\/wp\/v2\/users\/11"}],"replies":[{"embeddable":true,"href":"https:\/\/www.suno.com.br\/noticias\/wp-json\/wp\/v2\/comments?post=26199"}],"version-history":[{"count":0,"href":"https:\/\/www.suno.com.br\/noticias\/wp-json\/wp\/v2\/posts\/26199\/revisions"}],"wp:featuredmedia":[{"embeddable":true,"href":"https:\/\/www.suno.com.br\/noticias\/wp-json\/wp\/v2\/media\/26219"}],"wp:attachment":[{"href":"https:\/\/www.suno.com.br\/noticias\/wp-json\/wp\/v2\/media?parent=26199"}],"wp:term":[{"taxonomy":"category","embeddable":true,"href":"https:\/\/www.suno.com.br\/noticias\/wp-json\/wp\/v2\/categories?post=26199"},{"taxonomy":"post_tag","embeddable":true,"href":"https:\/\/www.suno.com.br\/noticias\/wp-json\/wp\/v2\/tags?post=26199"},{"taxonomy":"suno_strategy","embeddable":true,"href":"https:\/\/www.suno.com.br\/noticias\/wp-json\/wp\/v2\/suno_strategy?post=26199"}],"curies":[{"name":"wp","href":"https:\/\/api.w.org\/{rel}","templated":true}]}}