{"id":26198,"date":"2019-05-28T11:16:26","date_gmt":"2019-05-28T14:16:26","guid":{"rendered":"https:\/\/www.suno.com.br\/noticias\/?p=26198"},"modified":"2019-05-28T11:16:26","modified_gmt":"2019-05-28T14:16:26","slug":"huawei-fedex-acusa-guerra-comercial","status":"publish","type":"post","link":"https:\/\/www.suno.com.br\/noticias\/huawei-fedex-acusa-guerra-comercial\/","title":{"rendered":"Huawei acusa FedEx de desviar documentos importantes aos EUA"},"content":{"rendered":"<p>A l\u00edder em 5G, Huawei, acusa a companhia de entrega, <strong>FedEx<\/strong>, de desviar pacotes aos <strong>Estados Unidos<\/strong>. Atualmente, a empresa chinesa est\u00e1 revisando sua rela\u00e7\u00e3o com a empresa americana devido as <strong>tens\u00f5es comerciais<\/strong>.<\/p>\t<div class=\"wrapper-featured-image\">\n\t\t<figure class=\"spotlightImg\">\n\n\t\t\t<picture>\n\t\t\t\t<source media=\"(max-width: 768px)\" srcset=\"https:\/\/files.sunoresearch.com.br\/n\/uploads\/2019\/01\/1a67b929-32543493593_1354a89b4f_k-400x200.webp\">\n\t\t\t\t<img loading=\"lazy\" decoding=\"async\" class=\"newsContent__article__imgCapa lazyloadDisabled newsContent__article__imgCapa--noCaption\" src=\"https:\/\/files.sunoresearch.com.br\/n\/uploads\/2019\/01\/1a67b929-32543493593_1354a89b4f_k-800x450.webp\" width=\"800\" height=\"450\" alt=\"Huawei acusa FedEx de desviar documentos importantes aos EUA\" fetchpriority=high \/>\n\t\t\t<\/picture>\n\n\t\t\t<figcaption class=\"wp-caption-text wp-caption-text--hide\">Se a tend\u00eancia de vendas for mantida, a Huawei poder\u00e1 ultrapassar a Samsung em breve<\/figcaption>\n\t\t<\/figure>\n\t<\/div>\n\n\n<p>De acordo com a &#8220;Reuters&#8221;, a <strong>Huawei<\/strong> alega que a <strong>FedEx<\/strong> desviou dois pacotes enviados do Jap\u00e3o para a matriz na <strong>China<\/strong>, em dire\u00e7\u00e3o aos EUA. Al\u00e9m disso, a empresa chinesa afirma que houve tentativa de altera\u00e7\u00e3o da rota de dois pacotes do Vietn\u00e3 para <strong>China<\/strong>.<\/p>\n\t<p>\n\t\t<a href=\"https:\/\/lp.suno.com.br\/planilha-da-vida-financeira\/\" target=\"_blank\" data-element=\"shortcode-suno-banner\" title=\"Banner SUNO, clique e saiba mais\">\n\t\t\t<picture>\n\t\t\t\t<source media=\"(max-width: 500px)\" srcset=\"https:\/\/files.sunoresearch.com.br\/n\/uploads\/2023\/04\/400x300-Planilha-vida-financeira-true.png\">\n\t\t\t\t<img class=\"newsContent__article__imgCapa newsContent__article__imgCapa--banner\"\n\t\t\t\t\tsrc=\"https:\/\/files.sunoresearch.com.br\/n\/uploads\/2023\/04\/1420x240-Planilha-vida-financeira-true.png\"\n\t\t\t\t\tdata-promo-id=\"383123\"\t\t\t\t\t\t\t\t\t\twidth='1420' height='240'\t\t\t\t\talt=\"https:\/\/files.sunoresearch.com.br\/n\/uploads\/2023\/04\/1420x240-Planilha-vida-financeira-true.png\"\n\t\t\t\t>\n\t\t\t<\/picture>\n\t\t<\/a>\n\t<\/p>\n\n\n<h2>Confian\u00e7a enfraquecida<\/h2>\n<p>O<strong> porta-voz da Huawei<\/strong>, <strong>Joe Kelly<\/strong>, disse que n\u00e3o havia nenhum &#8220;tipo de tecnologia&#8221; dentro dos pacotes, apenas documentos comerciais.<\/p>\n<p>&#8220;A nossa confian\u00e7a est\u00e1 enfraquecida devido as recentes experi\u00eancias em que importantes documentos comerciais enviados ao FedEx n\u00e3o foram entregues ao seu destino. Em vez disso, foram desviado ou solicitados a serem desviados para os <strong>Estados Unidos<\/strong>&#8220;, disse Kelly.<\/p>\n<p>&#8220;Agora temos que rever nossos requisitos de log\u00edstica e suporte de entrega de documentos como resultado direto desses incidentes&#8221;, completa.<\/p>\n<p><a href=\"https:\/\/www.suno.com.br\/noticias\/guerra-comercial-huawei-china-retaliar-apple\/\">Saiba Mais:\u00a0Guerra comercial: CEO da Huawei diz que China n\u00e3o deve retaliar Apple<\/a><\/p>\n<p>J\u00e1 a <strong>FedEx<\/strong> afirma que o desvio aos<strong> EUA<\/strong> foi um &#8220;erro&#8221; e dever\u00e1 ser tratado como um caso isolado. A empresa alega que n\u00e3o sofreu press\u00f5es externas e o que aconteceu foi que os documentos seguiram com destino ao escrit\u00f3rio da <strong>Huawei<\/strong> localizado no<strong> Tennesse<\/strong>, EUA.<\/p>\n<p>A <strong>Huawei<\/strong> reclamou ao servi\u00e7o de postal da <strong>China<\/strong> e o caso ser\u00e1 investigado.<\/p>\n<h2>Huawei x Estados Unidos<\/h2>\n<p>Na \u00faltima ter\u00e7a-feira (21) a <strong>Huawei<\/strong>, afirmou ser v\u00edtima dos<strong> EUA<\/strong>. Al\u00e9m disso a empresa disse que est\u00e1 trabalhando juntamente com o<strong> Google<\/strong> com o objetivo de combater as <strong>restri\u00e7\u00f5es comerciais<\/strong>.<\/p>\n<p>Na quarta-feira dia 15,\u00a0<strong>\u00a0Trump<\/strong> anunciou que a <strong>Huawei<\/strong> entrou para &#8220;lista negra&#8221;. Ademais, proibiu a empresa de comprar <strong>produtos americanos<\/strong>. De acordo com o governo essa medida foi imposta por conta do envolvimento da companhia em atividades contr\u00e1rias \u00e0 <strong>seguran\u00e7a nacional<\/strong>.<\/p>\n<p><a href=\"https:\/\/www.suno.com.br\/noticias\/huawei-processos-estados-unidos\/\">Saiba Mais:\u00a0Huawei tornar\u00e1 p\u00fablico os processos contra san\u00e7\u00f5es dos Estados Unidos<\/a><\/p>\n<p>J\u00e1 na \u00faltima segunda-feira (20) o <strong>Departamento de Com\u00e9rcio dos Estados Unidos<\/strong> garantiu uma licen\u00e7a tempor\u00e1ria, com validade at\u00e9 agosto deste ano, para a que a empresa possa fazer a atualiza\u00e7\u00e3o de sistemas e aparelhos.<\/p>\n<p>O fundador da <strong>Huawei<\/strong>,<strong> Ren Zhengfei<\/strong>, disse que &#8220;os pol\u00edticos americanos, com sua atual forma de agir, demonstram que subestimam nossa for\u00e7a.&#8221;<\/p>\n","protected":false},"excerpt":{"rendered":"<p>A l\u00edder em 5G, Huawei, acusa a companhia de entrega, FedEx, de desviar pacotes aos Estados Unidos. Atualmente, a empresa chinesa est\u00e1 revisando sua rela\u00e7\u00e3o com a empresa americana devido as tens\u00f5es comerciais. Se a tend\u00eancia de vendas for mantida, a Huawei poder\u00e1 ultrapassar a Samsung em breve De acordo com a &#8220;Reuters&#8221;, a Huawei [&hellip;]<\/p>\n","protected":false},"author":15,"featured_media":12947,"comment_status":"closed","ping_status":"closed","sticky":false,"template":"","format":"standard","meta":[],"categories":[64],"tags":[711,793,1417,980,826],"suno_strategy":[],"class_list":["post-26198","post","type-post","status-publish","format-standard","has-post-thumbnail","hentry","category-negocios","tag-china","tag-estados-unidos-eua","tag-fedex-fdxb34","tag-guerra-comercial","tag-huawei"],"yoast_head":"<!-- This site is optimized with the Yoast SEO plugin v24.4 - https:\/\/yoast.com\/wordpress\/plugins\/seo\/ -->\n<title>Huawei acusa FedEx de desviar documentos importantes aos EUA<\/title>\n<meta name=\"description\" content=\"Nesta ter\u00e7a (28), em mais um cap\u00edtulo da guerra comercial, Huawei acusa FedEx de desviar pacotes aos EUA. Clique aqui e saiba mais\" \/>\n<meta name=\"robots\" content=\"index, follow, max-snippet:-1, max-image-preview:large, max-video-preview:-1\" \/>\n<link rel=\"canonical\" href=\"https:\/\/www.suno.com.br\/noticias\/huawei-fedex-acusa-guerra-comercial\/\" \/>\n<meta property=\"og:locale\" content=\"pt_BR\" \/>\n<meta property=\"og:type\" content=\"article\" \/>\n<meta property=\"og:title\" content=\"Huawei acusa FedEx de desviar documentos importantes aos EUA\" \/>\n<meta property=\"og:description\" content=\"Nesta ter\u00e7a (28), em mais um cap\u00edtulo da guerra comercial, Huawei acusa FedEx de desviar pacotes aos EUA. Clique aqui e saiba mais\" \/>\n<meta property=\"og:url\" content=\"https:\/\/www.suno.com.br\/noticias\/huawei-fedex-acusa-guerra-comercial\/\" \/>\n<meta property=\"og:site_name\" content=\"Suno Not\u00edcias\" \/>\n<meta property=\"article:publisher\" content=\"https:\/\/facebook.com\/sunoresearch\" \/>\n<meta property=\"og:image\" content=\"https:\/\/files.sunoresearch.com.br\/n\/uploads\/2019\/01\/1a67b929-32543493593_1354a89b4f_k.jpg\" \/>\n\t<meta property=\"og:image:width\" content=\"2048\" \/>\n\t<meta property=\"og:image:height\" content=\"1365\" \/>\n\t<meta property=\"og:image:type\" content=\"image\/jpeg\" \/>\n<meta name=\"author\" content=\"Poliana Santos\" \/>\n<meta name=\"twitter:card\" content=\"summary_large_image\" \/>\n<meta name=\"twitter:creator\" content=\"@sunoresearch\" \/>\n<meta name=\"twitter:site\" content=\"@sunoresearch\" \/>\n<meta name=\"twitter:label1\" content=\"Escrito por\" \/>\n\t<meta name=\"twitter:data1\" content=\"Poliana Santos\" \/>\n\t<meta name=\"twitter:label2\" content=\"Est. tempo de leitura\" \/>\n\t<meta name=\"twitter:data2\" content=\"2 minutos\" \/>\n<script type=\"application\/ld+json\" class=\"yoast-schema-graph\">{\"@context\":\"https:\/\/schema.org\",\"@graph\":[{\"@type\":\"NewsArticle\",\"@id\":\"https:\/\/www.suno.com.br\/noticias\/huawei-fedex-acusa-guerra-comercial\/#article\",\"isPartOf\":{\"@id\":\"https:\/\/www.suno.com.br\/noticias\/huawei-fedex-acusa-guerra-comercial\/\"},\"author\":{\"name\":\"Poliana Santos\",\"@id\":\"https:\/\/www.suno.com.br\/noticias\/#\/schema\/person\/02ec1f752758247878a2bf4abee1aeda\"},\"headline\":\"Huawei acusa FedEx de desviar documentos importantes aos EUA\",\"datePublished\":\"2019-05-28T14:16:26+00:00\",\"mainEntityOfPage\":{\"@id\":\"https:\/\/www.suno.com.br\/noticias\/huawei-fedex-acusa-guerra-comercial\/\"},\"wordCount\":421,\"publisher\":{\"@id\":\"https:\/\/www.suno.com.br\/noticias\/#organization\"},\"image\":{\"@id\":\"https:\/\/www.suno.com.br\/noticias\/huawei-fedex-acusa-guerra-comercial\/#primaryimage\"},\"thumbnailUrl\":\"https:\/\/files.sunoresearch.com.br\/n\/uploads\/2019\/01\/1a67b929-32543493593_1354a89b4f_k-jpg.webp\",\"keywords\":[\"China\",\"Estados Unidos (EUA)\",\"Fedex (FDXB34)\",\"guerra comercial\",\"Huawei\"],\"articleSection\":[\"Neg\u00f3cios\"],\"inLanguage\":\"pt-BR\"},{\"@type\":\"WebPage\",\"@id\":\"https:\/\/www.suno.com.br\/noticias\/huawei-fedex-acusa-guerra-comercial\/\",\"url\":\"https:\/\/www.suno.com.br\/noticias\/huawei-fedex-acusa-guerra-comercial\/\",\"name\":\"Huawei acusa FedEx de desviar documentos importantes aos EUA\",\"isPartOf\":{\"@id\":\"https:\/\/www.suno.com.br\/noticias\/#website\"},\"primaryImageOfPage\":{\"@id\":\"https:\/\/www.suno.com.br\/noticias\/huawei-fedex-acusa-guerra-comercial\/#primaryimage\"},\"image\":{\"@id\":\"https:\/\/www.suno.com.br\/noticias\/huawei-fedex-acusa-guerra-comercial\/#primaryimage\"},\"thumbnailUrl\":\"https:\/\/files.sunoresearch.com.br\/n\/uploads\/2019\/01\/1a67b929-32543493593_1354a89b4f_k-jpg.webp\",\"datePublished\":\"2019-05-28T14:16:26+00:00\",\"description\":\"Nesta ter\u00e7a (28), em mais um cap\u00edtulo da guerra comercial, Huawei acusa FedEx de desviar pacotes aos EUA. Clique aqui e saiba mais\",\"breadcrumb\":{\"@id\":\"https:\/\/www.suno.com.br\/noticias\/huawei-fedex-acusa-guerra-comercial\/#breadcrumb\"},\"inLanguage\":\"pt-BR\",\"potentialAction\":[{\"@type\":\"ReadAction\",\"target\":[\"https:\/\/www.suno.com.br\/noticias\/huawei-fedex-acusa-guerra-comercial\/\"]}]},{\"@type\":\"ImageObject\",\"inLanguage\":\"pt-BR\",\"@id\":\"https:\/\/www.suno.com.br\/noticias\/huawei-fedex-acusa-guerra-comercial\/#primaryimage\",\"url\":\"https:\/\/files.sunoresearch.com.br\/n\/uploads\/2019\/01\/1a67b929-32543493593_1354a89b4f_k-jpg.webp\",\"contentUrl\":\"https:\/\/files.sunoresearch.com.br\/n\/uploads\/2019\/01\/1a67b929-32543493593_1354a89b4f_k-jpg.webp\",\"width\":2048,\"height\":1365,\"caption\":\"Se a tend\u00eancia de vendas for mantida, a Huawei poder\u00e1 ultrapassar a Samsung em breve\"},{\"@type\":\"BreadcrumbList\",\"@id\":\"https:\/\/www.suno.com.br\/noticias\/huawei-fedex-acusa-guerra-comercial\/#breadcrumb\",\"itemListElement\":[{\"@type\":\"ListItem\",\"position\":1,\"name\":\"Not\u00edcias\",\"item\":\"https:\/\/www.suno.com.br\/noticias\/\"},{\"@type\":\"ListItem\",\"position\":2,\"name\":\"Neg\u00f3cios\",\"item\":\"https:\/\/www.suno.com.br\/noticias\/negocios\/\"},{\"@type\":\"ListItem\",\"position\":3,\"name\":\"Huawei acusa FedEx de desviar documentos importantes aos EUA\"}]},{\"@type\":\"WebSite\",\"@id\":\"https:\/\/www.suno.com.br\/noticias\/#website\",\"url\":\"https:\/\/www.suno.com.br\/noticias\/\",\"name\":\"Suno Not\u00edcias\",\"description\":\"Seu portal de informa\u00e7\u00e3o sobre o mundo dos investimentos\",\"publisher\":{\"@id\":\"https:\/\/www.suno.com.br\/noticias\/#organization\"},\"potentialAction\":[{\"@type\":\"SearchAction\",\"target\":{\"@type\":\"EntryPoint\",\"urlTemplate\":\"https:\/\/www.suno.com.br\/noticias\/?s={search_term_string}\"},\"query-input\":{\"@type\":\"PropertyValueSpecification\",\"valueRequired\":true,\"valueName\":\"search_term_string\"}}],\"inLanguage\":\"pt-BR\"},{\"@type\":\"Organization\",\"@id\":\"https:\/\/www.suno.com.br\/noticias\/#organization\",\"name\":\"Suno Not\u00edcias\",\"url\":\"https:\/\/www.suno.com.br\/noticias\/\",\"logo\":{\"@type\":\"ImageObject\",\"inLanguage\":\"pt-BR\",\"@id\":\"https:\/\/www.suno.com.br\/noticias\/#\/schema\/logo\/image\/\",\"url\":\"https:\/\/files.sunoresearch.com.br\/n\/uploads\/2021\/09\/suno-logo.png\",\"contentUrl\":\"https:\/\/files.sunoresearch.com.br\/n\/uploads\/2021\/09\/suno-logo.png\",\"width\":180,\"height\":180,\"caption\":\"Suno Not\u00edcias\"},\"image\":{\"@id\":\"https:\/\/www.suno.com.br\/noticias\/#\/schema\/logo\/image\/\"},\"sameAs\":[\"https:\/\/facebook.com\/sunoresearch\",\"https:\/\/x.com\/sunoresearch\",\"https:\/\/www.instagram.com\/suno\",\"https:\/\/www.linkedin.com\/company\/suno-research\/\",\"https:\/\/www.youtube.com\/c\/sunoresearch\"]},{\"@type\":\"Person\",\"@id\":\"https:\/\/www.suno.com.br\/noticias\/#\/schema\/person\/02ec1f752758247878a2bf4abee1aeda\",\"name\":\"Poliana Santos\",\"image\":{\"@type\":\"ImageObject\",\"inLanguage\":\"pt-BR\",\"@id\":\"https:\/\/www.suno.com.br\/noticias\/#\/schema\/person\/image\/\",\"url\":\"https:\/\/secure.gravatar.com\/avatar\/0645bd32f23d87b2130f2b2dff1d3f8d?s=96&r=g\",\"contentUrl\":\"https:\/\/secure.gravatar.com\/avatar\/0645bd32f23d87b2130f2b2dff1d3f8d?s=96&r=g\",\"caption\":\"Poliana Santos\"},\"description\":\"Rep\u00f3rter no Suno Not\u00edcias, com cobertura em mercado financeiro, economia, finan\u00e7as pessoais, renda fixa e varejo. Jornalista formada pela Faculdade C\u00e1sper L\u00edbero e possui passagem na R\u00e1dio Gazeta AM com a produ\u00e7\u00e3o de conte\u00fado sobre economia, pol\u00edtica, sa\u00fade, moda e m\u00fasica. Possui certificado de conclus\u00e3o do curso de An\u00e1lise de Balan\u00e7os pela Funda\u00e7\u00e3o Bradesco, Agenda Brasil pela FAAP, Educa\u00e7\u00e3o Pol\u00edtica por Alexandre Garcia e do Tesouro Direto e Mercado de A\u00e7\u00f5es pela B3.\",\"url\":\"https:\/\/www.suno.com.br\/noticias\/author\/poliana-santos\/\"}]}<\/script>\n<!-- \/ Yoast SEO plugin. -->","yoast_head_json":{"title":"Huawei acusa FedEx de desviar documentos importantes aos EUA","description":"Nesta ter\u00e7a (28), em mais um cap\u00edtulo da guerra comercial, Huawei acusa FedEx de desviar pacotes aos EUA. Clique aqui e saiba mais","robots":{"index":"index","follow":"follow","max-snippet":"max-snippet:-1","max-image-preview":"max-image-preview:large","max-video-preview":"max-video-preview:-1"},"canonical":"https:\/\/www.suno.com.br\/noticias\/huawei-fedex-acusa-guerra-comercial\/","og_locale":"pt_BR","og_type":"article","og_title":"Huawei acusa FedEx de desviar documentos importantes aos EUA","og_description":"Nesta ter\u00e7a (28), em mais um cap\u00edtulo da guerra comercial, Huawei acusa FedEx de desviar pacotes aos EUA. Clique aqui e saiba mais","og_url":"https:\/\/www.suno.com.br\/noticias\/huawei-fedex-acusa-guerra-comercial\/","og_site_name":"Suno Not\u00edcias","article_publisher":"https:\/\/facebook.com\/sunoresearch","og_image":[{"width":2048,"height":1365,"url":"https:\/\/files.sunoresearch.com.br\/n\/uploads\/2019\/01\/1a67b929-32543493593_1354a89b4f_k.jpg","type":"image\/jpeg"}],"author":"Poliana Santos","twitter_card":"summary_large_image","twitter_creator":"@sunoresearch","twitter_site":"@sunoresearch","twitter_misc":{"Escrito por":"Poliana Santos","Est. tempo de leitura":"2 minutos"},"schema":{"@context":"https:\/\/schema.org","@graph":[{"@type":"NewsArticle","@id":"https:\/\/www.suno.com.br\/noticias\/huawei-fedex-acusa-guerra-comercial\/#article","isPartOf":{"@id":"https:\/\/www.suno.com.br\/noticias\/huawei-fedex-acusa-guerra-comercial\/"},"author":{"name":"Poliana Santos","@id":"https:\/\/www.suno.com.br\/noticias\/#\/schema\/person\/02ec1f752758247878a2bf4abee1aeda"},"headline":"Huawei acusa FedEx de desviar documentos importantes aos EUA","datePublished":"2019-05-28T14:16:26+00:00","mainEntityOfPage":{"@id":"https:\/\/www.suno.com.br\/noticias\/huawei-fedex-acusa-guerra-comercial\/"},"wordCount":421,"publisher":{"@id":"https:\/\/www.suno.com.br\/noticias\/#organization"},"image":{"@id":"https:\/\/www.suno.com.br\/noticias\/huawei-fedex-acusa-guerra-comercial\/#primaryimage"},"thumbnailUrl":"https:\/\/files.sunoresearch.com.br\/n\/uploads\/2019\/01\/1a67b929-32543493593_1354a89b4f_k-jpg.webp","keywords":["China","Estados Unidos (EUA)","Fedex (FDXB34)","guerra comercial","Huawei"],"articleSection":["Neg\u00f3cios"],"inLanguage":"pt-BR"},{"@type":"WebPage","@id":"https:\/\/www.suno.com.br\/noticias\/huawei-fedex-acusa-guerra-comercial\/","url":"https:\/\/www.suno.com.br\/noticias\/huawei-fedex-acusa-guerra-comercial\/","name":"Huawei acusa FedEx de desviar documentos importantes aos EUA","isPartOf":{"@id":"https:\/\/www.suno.com.br\/noticias\/#website"},"primaryImageOfPage":{"@id":"https:\/\/www.suno.com.br\/noticias\/huawei-fedex-acusa-guerra-comercial\/#primaryimage"},"image":{"@id":"https:\/\/www.suno.com.br\/noticias\/huawei-fedex-acusa-guerra-comercial\/#primaryimage"},"thumbnailUrl":"https:\/\/files.sunoresearch.com.br\/n\/uploads\/2019\/01\/1a67b929-32543493593_1354a89b4f_k-jpg.webp","datePublished":"2019-05-28T14:16:26+00:00","description":"Nesta ter\u00e7a (28), em mais um cap\u00edtulo da guerra comercial, Huawei acusa FedEx de desviar pacotes aos EUA. Clique aqui e saiba mais","breadcrumb":{"@id":"https:\/\/www.suno.com.br\/noticias\/huawei-fedex-acusa-guerra-comercial\/#breadcrumb"},"inLanguage":"pt-BR","potentialAction":[{"@type":"ReadAction","target":["https:\/\/www.suno.com.br\/noticias\/huawei-fedex-acusa-guerra-comercial\/"]}]},{"@type":"ImageObject","inLanguage":"pt-BR","@id":"https:\/\/www.suno.com.br\/noticias\/huawei-fedex-acusa-guerra-comercial\/#primaryimage","url":"https:\/\/files.sunoresearch.com.br\/n\/uploads\/2019\/01\/1a67b929-32543493593_1354a89b4f_k-jpg.webp","contentUrl":"https:\/\/files.sunoresearch.com.br\/n\/uploads\/2019\/01\/1a67b929-32543493593_1354a89b4f_k-jpg.webp","width":2048,"height":1365,"caption":"Se a tend\u00eancia de vendas for mantida, a Huawei poder\u00e1 ultrapassar a Samsung em breve"},{"@type":"BreadcrumbList","@id":"https:\/\/www.suno.com.br\/noticias\/huawei-fedex-acusa-guerra-comercial\/#breadcrumb","itemListElement":[{"@type":"ListItem","position":1,"name":"Not\u00edcias","item":"https:\/\/www.suno.com.br\/noticias\/"},{"@type":"ListItem","position":2,"name":"Neg\u00f3cios","item":"https:\/\/www.suno.com.br\/noticias\/negocios\/"},{"@type":"ListItem","position":3,"name":"Huawei acusa FedEx de desviar documentos importantes aos EUA"}]},{"@type":"WebSite","@id":"https:\/\/www.suno.com.br\/noticias\/#website","url":"https:\/\/www.suno.com.br\/noticias\/","name":"Suno Not\u00edcias","description":"Seu portal de informa\u00e7\u00e3o sobre o mundo dos investimentos","publisher":{"@id":"https:\/\/www.suno.com.br\/noticias\/#organization"},"potentialAction":[{"@type":"SearchAction","target":{"@type":"EntryPoint","urlTemplate":"https:\/\/www.suno.com.br\/noticias\/?s={search_term_string}"},"query-input":{"@type":"PropertyValueSpecification","valueRequired":true,"valueName":"search_term_string"}}],"inLanguage":"pt-BR"},{"@type":"Organization","@id":"https:\/\/www.suno.com.br\/noticias\/#organization","name":"Suno Not\u00edcias","url":"https:\/\/www.suno.com.br\/noticias\/","logo":{"@type":"ImageObject","inLanguage":"pt-BR","@id":"https:\/\/www.suno.com.br\/noticias\/#\/schema\/logo\/image\/","url":"https:\/\/files.sunoresearch.com.br\/n\/uploads\/2021\/09\/suno-logo.png","contentUrl":"https:\/\/files.sunoresearch.com.br\/n\/uploads\/2021\/09\/suno-logo.png","width":180,"height":180,"caption":"Suno Not\u00edcias"},"image":{"@id":"https:\/\/www.suno.com.br\/noticias\/#\/schema\/logo\/image\/"},"sameAs":["https:\/\/facebook.com\/sunoresearch","https:\/\/x.com\/sunoresearch","https:\/\/www.instagram.com\/suno","https:\/\/www.linkedin.com\/company\/suno-research\/","https:\/\/www.youtube.com\/c\/sunoresearch"]},{"@type":"Person","@id":"https:\/\/www.suno.com.br\/noticias\/#\/schema\/person\/02ec1f752758247878a2bf4abee1aeda","name":"Poliana Santos","image":{"@type":"ImageObject","inLanguage":"pt-BR","@id":"https:\/\/www.suno.com.br\/noticias\/#\/schema\/person\/image\/","url":"https:\/\/secure.gravatar.com\/avatar\/0645bd32f23d87b2130f2b2dff1d3f8d?s=96&r=g","contentUrl":"https:\/\/secure.gravatar.com\/avatar\/0645bd32f23d87b2130f2b2dff1d3f8d?s=96&r=g","caption":"Poliana Santos"},"description":"Rep\u00f3rter no Suno Not\u00edcias, com cobertura em mercado financeiro, economia, finan\u00e7as pessoais, renda fixa e varejo. Jornalista formada pela Faculdade C\u00e1sper L\u00edbero e possui passagem na R\u00e1dio Gazeta AM com a produ\u00e7\u00e3o de conte\u00fado sobre economia, pol\u00edtica, sa\u00fade, moda e m\u00fasica. Possui certificado de conclus\u00e3o do curso de An\u00e1lise de Balan\u00e7os pela Funda\u00e7\u00e3o Bradesco, Agenda Brasil pela FAAP, Educa\u00e7\u00e3o Pol\u00edtica por Alexandre Garcia e do Tesouro Direto e Mercado de A\u00e7\u00f5es pela B3.","url":"https:\/\/www.suno.com.br\/noticias\/author\/poliana-santos\/"}]}},"default_loop_html":"<div class=\"cardsPage__listCard__boxs\"><div class=\"cardsPage__listCard__boxs__img\"><a href=\"https:\/\/www.suno.com.br\/noticias\/huawei-fedex-acusa-guerra-comercial\/\"><img class=\"mask\" src=\"https:\/\/www.suno.com.br\/noticias\/wp-content\/themes\/suno\/resources\/images\/spotlight\/spotlight1img\/bg-mask.png\" alt=\"Image Mask\"\/><img src=\"https:\/\/files.sunoresearch.com.br\/n\/uploads\/2019\/01\/1a67b929-32543493593_1354a89b4f_k-400x200.webp\" alt=\"Huawei acusa FedEx de desviar documentos importantes aos EUA\"\/><\/a><span class=\"spotlightCategory\"><a href=\"https:\/\/www.suno.com.br\/noticias\/negocios\/\">Neg\u00f3cios<\/a><\/span><\/div><div class=\"cardsPage__listCard__boxs__content\"><a href=\"https:\/\/www.suno.com.br\/noticias\/huawei-fedex-acusa-guerra-comercial\/\"><h2 class=\"content__title\">Huawei acusa FedEx de desviar documentos importantes aos EUA<\/h2><\/a><div class=\"newsContent__article__meta\"><div class=\"newsContent__article__meta__authorBox\"><a href=\"https:\/\/www.suno.com.br\/noticias\/author\/poliana-santos\/\" class=\"authorBox__avatar noMobi\"><img src=\"https:\/\/files.sunoresearch.com.br\/n\/uploads\/2020\/08\/7ef34026-whatsapp-image-2020-08-03-at-12.37.57-150x150.webp\" alt=\"Poliana Santos\"><\/a><div class=\"authorBox__name\"><span>por\n\t\t\t<a href=\"https:\/\/www.suno.com.br\/noticias\/author\/poliana-santos\/\"><span itemprop=\"author\">Poliana Santos<\/span><\/a><\/span><time datetime=\"2019-05-28T11:16:26-03:00\" itemprop=\"datePublished\">28\/05\/2019 11:16<\/time><\/div><\/div><\/div><\/div><\/div>","single_layout":"posts","amp_enabled":true,"_links":{"self":[{"href":"https:\/\/www.suno.com.br\/noticias\/wp-json\/wp\/v2\/posts\/26198"}],"collection":[{"href":"https:\/\/www.suno.com.br\/noticias\/wp-json\/wp\/v2\/posts"}],"about":[{"href":"https:\/\/www.suno.com.br\/noticias\/wp-json\/wp\/v2\/types\/post"}],"author":[{"embeddable":true,"href":"https:\/\/www.suno.com.br\/noticias\/wp-json\/wp\/v2\/users\/15"}],"replies":[{"embeddable":true,"href":"https:\/\/www.suno.com.br\/noticias\/wp-json\/wp\/v2\/comments?post=26198"}],"version-history":[{"count":0,"href":"https:\/\/www.suno.com.br\/noticias\/wp-json\/wp\/v2\/posts\/26198\/revisions"}],"wp:featuredmedia":[{"embeddable":true,"href":"https:\/\/www.suno.com.br\/noticias\/wp-json\/wp\/v2\/media\/12947"}],"wp:attachment":[{"href":"https:\/\/www.suno.com.br\/noticias\/wp-json\/wp\/v2\/media?parent=26198"}],"wp:term":[{"taxonomy":"category","embeddable":true,"href":"https:\/\/www.suno.com.br\/noticias\/wp-json\/wp\/v2\/categories?post=26198"},{"taxonomy":"post_tag","embeddable":true,"href":"https:\/\/www.suno.com.br\/noticias\/wp-json\/wp\/v2\/tags?post=26198"},{"taxonomy":"suno_strategy","embeddable":true,"href":"https:\/\/www.suno.com.br\/noticias\/wp-json\/wp\/v2\/suno_strategy?post=26198"}],"curies":[{"name":"wp","href":"https:\/\/api.w.org\/{rel}","templated":true}]}}