{"id":261963,"date":"2022-05-27T19:04:36","date_gmt":"2022-05-27T22:04:36","guid":{"rendered":"https:\/\/www.suno.com.br\/noticias\/?p=261963"},"modified":"2022-05-27T19:22:28","modified_gmt":"2022-05-27T22:22:28","slug":"brf-brfs3-sobe-com-cortes-cargos-diretoria","status":"publish","type":"post","link":"https:\/\/www.suno.com.br\/noticias\/brf-brfs3-sobe-com-cortes-cargos-diretoria\/","title":{"rendered":"A\u00e7\u00e3o da BRF (BRFS3) dispara 4,8% e \u00e9 a maior alta do Ibovespa hoje; entenda por qu\u00ea"},"content":{"rendered":"<p>A a\u00e7\u00e3o da\u00a0<strong>BRF\u00a0<\/strong>(BRFS3) fechou esta sexta-feira (27) na lideran\u00e7a do ranking das maiores altas do\u00a0<strong>Ibovespa<\/strong>, com +4,82%, a R$ 15,23. O que impulsionou o avan\u00e7o dos pap\u00e9is da empresa foi uma not\u00edcia sobre enxugamento de gastos com desligamentos e cortes, um m\u00eas ap\u00f3s o frigor\u00edfico anunciar preju\u00edzo l\u00edquido de R$ 1,546 bilh\u00e3o no primeiro trimestre deste ano. A BRF teria feito diversas demiss\u00f5es e reduzido em 25% os cargos de diretoria da empresa, de acordo com apura\u00e7\u00e3o do <em>Valor Econ\u00f4mico<\/em>.<\/p>\t<div class=\"wrapper-featured-image\">\n\t\t<figure class=\"spotlightImg\">\n\n\t\t\t<picture>\n\t\t\t\t<source media=\"(max-width: 768px)\" srcset=\"https:\/\/files.sunoresearch.com.br\/n\/uploads\/2022\/02\/BRF-divulgac\u0327a\u0303o-400x200.jpg\">\n\t\t\t\t<img loading=\"lazy\" decoding=\"async\" class=\"newsContent__article__imgCapa lazyloadDisabled \" src=\"https:\/\/files.sunoresearch.com.br\/n\/uploads\/2022\/02\/BRF-divulgac\u0327a\u0303o-800x450.jpg\" width=\"800\" height=\"450\" alt=\"A\u00e7\u00e3o da BRF (BRFS3) dispara 4,8% e \u00e9 a maior alta do Ibovespa hoje; entenda por qu\u00ea\" fetchpriority=high \/>\n\t\t\t<\/picture>\n\n\t\t\t<figcaption class=\"wp-caption-text wp-caption-text--show\">BRF (BRFS3). Foto: Divulga\u00e7\u00e3o<\/figcaption>\n\t\t<\/figure>\n\t<\/div>\n\n\n\t<p>\n\t\t<a href=\"\" target=\"_blank\" data-element=\"shortcode-suno-banner\" title=\"Banner SUNO, clique e saiba mais\">\n\t\t\t<picture>\n\t\t\t\t<source media=\"(max-width: 500px)\" srcset=\"\">\n\t\t\t\t<img class=\"newsContent__article__imgCapa newsContent__article__imgCapa--banner\"\n\t\t\t\t\tsrc=\"\"\n\t\t\t\t\tdata-promo-id=\"138420\"\t\t\t\t\t\t\t\t\t\t\t\t\t\t\talt=\"\"\n\t\t\t\t>\n\t\t\t<\/picture>\n\t\t<\/a>\n\t<\/p>\n\n\n<p>A medida faz parte da estrat\u00e9gia anunciada pelo <strong>CEO da BRF<\/strong>, Lorival Luz, durante a teleconfer\u00eancia de resultados do primeiro trimestre de 2022, para enxugar custos e tornar a companhia leve.<\/p>\n<p>Assim, o objetivo da empresa \u00e9 alcan\u00e7ar uma economia de at\u00e9 R$ 500 milh\u00f5es no ano, ap\u00f3s preju\u00edzo no 1T22. O resultado foi impactado pela infla\u00e7\u00e3o sobre o consumo no mercado dom\u00e9stico e tamb\u00e9m sobre os gastos.<\/p>\n<p>Conforme a reportagem, a elimina\u00e7\u00e3o de 25% dos cargos de diretores n\u00e3o significa necessariamente uma igual propor\u00e7\u00e3o de executivos demitidos, uma vez que algumas das fun\u00e7\u00f5es estavam vazias.<\/p>\n\t<p>\n\t\t<a href=\"https:\/\/lp.suno.com.br\/planilha-controle-gastos\/\" target=\"_blank\" data-element=\"shortcode-suno-banner\" title=\"Banner SUNO, clique e saiba mais\">\n\t\t\t<picture>\n\t\t\t\t<source media=\"(max-width: 500px)\" srcset=\"https:\/\/files.sunoresearch.com.br\/n\/uploads\/2023\/03\/400x300-Planilha-controle-de-gastos.png\">\n\t\t\t\t<img class=\"newsContent__article__imgCapa newsContent__article__imgCapa--banner\"\n\t\t\t\t\tsrc=\"https:\/\/files.sunoresearch.com.br\/n\/uploads\/2023\/03\/1420x240-Planilha-controle-de-gastos.png\"\n\t\t\t\t\tdata-promo-id=\"101751\"\t\t\t\t\t\t\t\t\t\twidth='1420' height='240'\t\t\t\t\talt=\"https:\/\/files.sunoresearch.com.br\/n\/uploads\/2023\/03\/1420x240-Planilha-controle-de-gastos.png\"\n\t\t\t\t>\n\t\t\t<\/picture>\n\t\t<\/a>\n\t<\/p>\n\n\n<p>Segundo o Brazil Journal, fontes da BRF confirmaram que a companhia busca alcan\u00e7ar uma economia de R$ 500 milh\u00f5es.<\/p>\n<p>O site assinala que o novo conselho do frigor\u00edfico pretende operar de forma imediata para se recuperar depois do balan\u00e7o ruim do 1T22. A BRF negou essa soma de R$ 500 milh\u00f5es, mas ratificou o exxugamento.<\/p>\n<p>A BRF informou ao Valor \u201cque atualizou sua estrutura organizacional levando em considera\u00e7\u00e3o as oportunidades de simplifica\u00e7\u00e3o, agilidade e sinergias decorrentes da maturidade de seus processos internos\u201d.<\/p>\n<p><em>Leia mais<\/em><\/p>\n<h2>BRF (BRFS3) teve 1T22 \u2018fraco e frustrante\u2019<\/h2>\n<p>No\u00a0<strong>resultado da BRF<\/strong>, a companhia reverteu o lucro do 1T21 em preju\u00edzo no 1T22, com preju\u00edzo l\u00edquido de R$ 1,546 bilh\u00e3o. J\u00e1 a\u00a0<strong><a class=\"suno-keyword\" href=\"https:\/\/www.suno.com.br\/artigos\/o-que-receita-liquida\/\" target=\"_blank\" rel=\"noopener\" data-force=\"no\" data-priority=\"1\">receita l\u00edquida<\/a><\/strong>\u00a0proveniente das vendas no per\u00edodo somou R$ 12,04 bilh\u00f5es, aumento de 13,7% sobre os R$ 10,592 bilh\u00f5es de igual trimestre de 2021.<\/p>\n<p>Segundo a companhia, o\u00a0<strong>cen\u00e1rio econ\u00f4mico<\/strong>\u00a0brasileiro e geopol\u00edtico mundial pressionou negativamente o desempenho no primeiro trimestre.<\/p>\n<p>Para a\u00a0<strong>XP Investimentos<\/strong>, os resultados foram fracos e abaixo das expectativas dos analistas \u2013 que j\u00e1 n\u00e3o eram as maiores. \u201cN\u00f3s j\u00e1 esper\u00e1vamos resultados fracos, mas fomos surpreendidos pelo lado negativo\u201d, dizem os analistas Leonardo Alencar e Pedro Fonseca, que citam que a companhia \u2018se surpreendeu\u2019 com uma demanda abaixo do esperado no in\u00edcio do ano.<\/p>\n\t<p>\n\t\t<a href=\"https:\/\/lp.suno.com.br\/ebook-como-analisar-uma-acao\/\" target=\"_blank\" data-element=\"shortcode-suno-banner\" title=\"Banner SUNO, clique e saiba mais\">\n\t\t\t<picture>\n\t\t\t\t<source media=\"(max-width: 500px)\" srcset=\"https:\/\/files.sunoresearch.com.br\/n\/uploads\/2023\/03\/Ebook-Acoes-Mobile-1.jpg\">\n\t\t\t\t<img class=\"newsContent__article__imgCapa newsContent__article__imgCapa--banner\"\n\t\t\t\t\tsrc=\"https:\/\/files.sunoresearch.com.br\/n\/uploads\/2023\/03\/Ebook-Acoes-Desktop-1.jpg\"\n\t\t\t\t\tdata-promo-id=\"171998\"\t\t\t\t\t\t\t\t\t\twidth='1420' height='286'\t\t\t\t\talt=\"https:\/\/files.sunoresearch.com.br\/n\/uploads\/2023\/03\/Ebook-Acoes-Desktop-1.jpg\"\n\t\t\t\t>\n\t\t\t<\/picture>\n\t\t<\/a>\n\t<\/p>\n\n\n<p>\u201cO aumento dos custos impulsionado por uma infla\u00e7\u00e3o global persistente, juntamente com uma perspectiva macro mais fraca no Brasil levou o EBITDA Aj. para a casa dos R$ 121 milh\u00f5es, caindo acentuadamente 91% A\/A e 88% abaixo de nossas estimativas. Como resultado, a\u00a0<a class=\"suno-keyword\" href=\"https:\/\/www.suno.com.br\/artigos\/margem-ebitda\/\" target=\"_blank\" rel=\"noopener\" data-force=\"no\" data-priority=\"1\">margem EBITDA<\/a>\u00a0aj. foi de 1,0% \u2013 o n\u00edvel mais baixo da hist\u00f3ria da empresa\u201d, diz a an\u00e1lise da corretora.<\/p>\n\t<p>\n\t\t<a href=\"https:\/\/lp.suno.com.br\/planilha-da-vida-financeira\/\" target=\"_blank\" data-element=\"shortcode-suno-banner\" title=\"Banner SUNO, clique e saiba mais\">\n\t\t\t<picture>\n\t\t\t\t<source media=\"(max-width: 500px)\" srcset=\"https:\/\/files.sunoresearch.com.br\/n\/uploads\/2023\/04\/400x300-Planilha-vida-financeira-true.png\">\n\t\t\t\t<img class=\"newsContent__article__imgCapa newsContent__article__imgCapa--banner\"\n\t\t\t\t\tsrc=\"https:\/\/files.sunoresearch.com.br\/n\/uploads\/2023\/04\/1420x240-Planilha-vida-financeira-true.png\"\n\t\t\t\t\tdata-promo-id=\"106682\"\t\t\t\t\t\t\t\t\t\twidth='1420' height='240'\t\t\t\t\talt=\"https:\/\/files.sunoresearch.com.br\/n\/uploads\/2023\/04\/1420x240-Planilha-vida-financeira-true.png\"\n\t\t\t\t>\n\t\t\t<\/picture>\n\t\t<\/a>\n\t<\/p>\n\n\n<p>\u201cNos questionamos se as mudan\u00e7as na alta administra\u00e7\u00e3o (mudan\u00e7a de Head Brasil, novo CFO e novo conselho) poderiam ter impactado negativamente o neg\u00f3cio e at\u00e9 piorado um ambiente j\u00e1 dif\u00edcil e vol\u00e1til. Embora reconhe\u00e7amos que parte dos custos crescentes n\u00e3o s\u00e3o recorrentes devido a reajustes da cadeia produtiva, continuamos c\u00e9ticos em rela\u00e7\u00e3o \u00e0 recupera\u00e7\u00e3o dos resultados da BRF em 2022\u201d, segue.<\/p>\n<p>A recomenda\u00e7\u00e3o segue neutra para a <strong>BRF<\/strong>, sem firmar um <a class=\"suno-keyword\" href=\"https:\/\/www.suno.com.br\/artigos\/preco-alvo\/\" target=\"_blank\" rel=\"noopener\" data-force=\"no\" data-priority=\"1\">pre\u00e7o alvo<\/a>.\u00a0No comparativo, praticamente todos os\u00a0<a class=\"suno-keyword\" href=\"https:\/\/www.suno.com.br\/artigos\/indicadores-financeiros\/\" target=\"_blank\" rel=\"noopener\" data-force=\"no\" data-priority=\"1\">indicadores financeiros<\/a>\u00a0da companhia ficaram abaixo das proje\u00e7\u00f5es.<\/p>\n\t<p>\n\t\t<a href=\"https:\/\/lp.suno.com.br\/planilha-de-controle-de-investimentos\/\" target=\"_blank\" data-element=\"shortcode-suno-banner\" title=\"Banner SUNO, clique e saiba mais\">\n\t\t\t<picture>\n\t\t\t\t<source media=\"(max-width: 500px)\" srcset=\"https:\/\/files.sunoresearch.com.br\/n\/uploads\/2023\/03\/400x300-Controle-de-Investimentos.png\">\n\t\t\t\t<img class=\"newsContent__article__imgCapa newsContent__article__imgCapa--banner\"\n\t\t\t\t\tsrc=\"https:\/\/files.sunoresearch.com.br\/n\/uploads\/2023\/03\/1420x240-Controle-de-Investimentos.png\"\n\t\t\t\t\tdata-promo-id=\"75934\"\t\t\t\t\t\t\t\t\t\twidth='1420' height='240'\t\t\t\t\talt=\"https:\/\/files.sunoresearch.com.br\/n\/uploads\/2023\/03\/1420x240-Controle-de-Investimentos.png\"\n\t\t\t\t>\n\t\t\t<\/picture>\n\t\t<\/a>\n\t<\/p>\n\n\n","protected":false},"excerpt":{"rendered":"<p>A a\u00e7\u00e3o da\u00a0BRF\u00a0(BRFS3) fechou esta sexta-feira (27) na lideran\u00e7a do ranking das maiores altas do\u00a0Ibovespa, com +4,82%, a R$ 15,23. O que impulsionou o avan\u00e7o dos pap\u00e9is da empresa foi uma not\u00edcia sobre enxugamento de gastos com desligamentos e cortes, um m\u00eas ap\u00f3s o frigor\u00edfico anunciar preju\u00edzo l\u00edquido de R$ 1,546 bilh\u00e3o no primeiro trimestre [&hellip;]<\/p>\n","protected":false},"author":146,"featured_media":227908,"comment_status":"closed","ping_status":"closed","sticky":false,"template":"","format":"standard","meta":[],"categories":[64],"tags":[],"suno_strategy":[],"class_list":["post-261963","post","type-post","status-publish","format-standard","has-post-thumbnail","hentry","category-negocios"],"yoast_head":"<!-- This site is optimized with the Yoast SEO plugin v24.4 - https:\/\/yoast.com\/wordpress\/plugins\/seo\/ -->\n<title>BRF (BRFS3) sobe 4,8% com cortes de 25% de cargos de diretoria<\/title>\n<meta name=\"description\" content=\"A a\u00e7\u00e3o da BRF (BRFS3) liderou as altas do Ibovespa hoje com a not\u00edcia de que eliminou 25% dos cargos de diretoria. Entenda os motivos aqui.\" \/>\n<meta name=\"robots\" content=\"index, follow, max-snippet:-1, max-image-preview:large, max-video-preview:-1\" \/>\n<link rel=\"canonical\" href=\"https:\/\/www.suno.com.br\/noticias\/brf-brfs3-sobe-com-cortes-cargos-diretoria\/\" \/>\n<meta property=\"og:locale\" content=\"pt_BR\" \/>\n<meta property=\"og:type\" content=\"article\" \/>\n<meta property=\"og:title\" content=\"BRF (BRFS3) sobe 4,8% com cortes de 25% de cargos de diretoria\" \/>\n<meta property=\"og:description\" content=\"A a\u00e7\u00e3o da BRF (BRFS3) liderou as altas do Ibovespa hoje com a not\u00edcia de que eliminou 25% dos cargos de diretoria. Entenda os motivos aqui.\" \/>\n<meta property=\"og:url\" content=\"https:\/\/www.suno.com.br\/noticias\/brf-brfs3-sobe-com-cortes-cargos-diretoria\/\" \/>\n<meta property=\"og:site_name\" content=\"Suno Not\u00edcias\" \/>\n<meta property=\"article:publisher\" content=\"https:\/\/facebook.com\/sunoresearch\" \/>\n<meta property=\"og:image\" content=\"https:\/\/files.sunoresearch.com.br\/n\/uploads\/2022\/02\/BRF-divulgac\u0327a\u0303o.jpg\" \/>\n\t<meta property=\"og:image:width\" content=\"1200\" \/>\n\t<meta property=\"og:image:height\" content=\"803\" \/>\n\t<meta property=\"og:image:type\" content=\"image\/jpeg\" \/>\n<meta name=\"author\" content=\"Vict\u00f3ria Anhesini\" \/>\n<meta name=\"twitter:card\" content=\"summary_large_image\" \/>\n<meta name=\"twitter:creator\" content=\"@sunoresearch\" \/>\n<meta name=\"twitter:site\" content=\"@sunoresearch\" \/>\n<meta name=\"twitter:label1\" content=\"Escrito por\" \/>\n\t<meta name=\"twitter:data1\" content=\"Vict\u00f3ria Anhesini\" \/>\n\t<meta name=\"twitter:label2\" content=\"Est. tempo de leitura\" \/>\n\t<meta name=\"twitter:data2\" content=\"3 minutos\" \/>\n<script type=\"application\/ld+json\" class=\"yoast-schema-graph\">{\"@context\":\"https:\/\/schema.org\",\"@graph\":[{\"@type\":\"NewsArticle\",\"@id\":\"https:\/\/www.suno.com.br\/noticias\/brf-brfs3-sobe-com-cortes-cargos-diretoria\/#article\",\"isPartOf\":{\"@id\":\"https:\/\/www.suno.com.br\/noticias\/brf-brfs3-sobe-com-cortes-cargos-diretoria\/\"},\"author\":{\"name\":\"Vict\u00f3ria Anhesini\",\"@id\":\"https:\/\/www.suno.com.br\/noticias\/#\/schema\/person\/46d847cb19ad53fde0857adca989c23f\"},\"headline\":\"A\u00e7\u00e3o da BRF (BRFS3) dispara 4,8% e \u00e9 a maior alta do Ibovespa hoje; entenda por qu\u00ea\",\"datePublished\":\"2022-05-27T22:04:36+00:00\",\"dateModified\":\"2022-05-27T22:22:28+00:00\",\"mainEntityOfPage\":{\"@id\":\"https:\/\/www.suno.com.br\/noticias\/brf-brfs3-sobe-com-cortes-cargos-diretoria\/\"},\"wordCount\":618,\"publisher\":{\"@id\":\"https:\/\/www.suno.com.br\/noticias\/#organization\"},\"image\":{\"@id\":\"https:\/\/www.suno.com.br\/noticias\/brf-brfs3-sobe-com-cortes-cargos-diretoria\/#primaryimage\"},\"thumbnailUrl\":\"https:\/\/files.sunoresearch.com.br\/n\/uploads\/2022\/02\/BRF-divulgac\u0327a\u0303o.jpg\",\"articleSection\":[\"Neg\u00f3cios\"],\"inLanguage\":\"pt-BR\"},{\"@type\":\"WebPage\",\"@id\":\"https:\/\/www.suno.com.br\/noticias\/brf-brfs3-sobe-com-cortes-cargos-diretoria\/\",\"url\":\"https:\/\/www.suno.com.br\/noticias\/brf-brfs3-sobe-com-cortes-cargos-diretoria\/\",\"name\":\"BRF (BRFS3) sobe 4,8% com cortes de 25% de cargos de diretoria\",\"isPartOf\":{\"@id\":\"https:\/\/www.suno.com.br\/noticias\/#website\"},\"primaryImageOfPage\":{\"@id\":\"https:\/\/www.suno.com.br\/noticias\/brf-brfs3-sobe-com-cortes-cargos-diretoria\/#primaryimage\"},\"image\":{\"@id\":\"https:\/\/www.suno.com.br\/noticias\/brf-brfs3-sobe-com-cortes-cargos-diretoria\/#primaryimage\"},\"thumbnailUrl\":\"https:\/\/files.sunoresearch.com.br\/n\/uploads\/2022\/02\/BRF-divulgac\u0327a\u0303o.jpg\",\"datePublished\":\"2022-05-27T22:04:36+00:00\",\"dateModified\":\"2022-05-27T22:22:28+00:00\",\"description\":\"A a\u00e7\u00e3o da BRF (BRFS3) liderou as altas do Ibovespa hoje com a not\u00edcia de que eliminou 25% dos cargos de diretoria. Entenda os motivos aqui.\",\"breadcrumb\":{\"@id\":\"https:\/\/www.suno.com.br\/noticias\/brf-brfs3-sobe-com-cortes-cargos-diretoria\/#breadcrumb\"},\"inLanguage\":\"pt-BR\",\"potentialAction\":[{\"@type\":\"ReadAction\",\"target\":[\"https:\/\/www.suno.com.br\/noticias\/brf-brfs3-sobe-com-cortes-cargos-diretoria\/\"]}]},{\"@type\":\"ImageObject\",\"inLanguage\":\"pt-BR\",\"@id\":\"https:\/\/www.suno.com.br\/noticias\/brf-brfs3-sobe-com-cortes-cargos-diretoria\/#primaryimage\",\"url\":\"https:\/\/files.sunoresearch.com.br\/n\/uploads\/2022\/02\/BRF-divulgac\u0327a\u0303o.jpg\",\"contentUrl\":\"https:\/\/files.sunoresearch.com.br\/n\/uploads\/2022\/02\/BRF-divulgac\u0327a\u0303o.jpg\",\"width\":1200,\"height\":803,\"caption\":\"BRF (BRFS3). Foto: Divulga\u00e7\u00e3o\"},{\"@type\":\"BreadcrumbList\",\"@id\":\"https:\/\/www.suno.com.br\/noticias\/brf-brfs3-sobe-com-cortes-cargos-diretoria\/#breadcrumb\",\"itemListElement\":[{\"@type\":\"ListItem\",\"position\":1,\"name\":\"Not\u00edcias\",\"item\":\"https:\/\/www.suno.com.br\/noticias\/\"},{\"@type\":\"ListItem\",\"position\":2,\"name\":\"Neg\u00f3cios\",\"item\":\"https:\/\/www.suno.com.br\/noticias\/negocios\/\"},{\"@type\":\"ListItem\",\"position\":3,\"name\":\"A\u00e7\u00e3o da BRF (BRFS3) dispara 4,8% e \u00e9 a maior alta do Ibovespa hoje; entenda por qu\u00ea\"}]},{\"@type\":\"WebSite\",\"@id\":\"https:\/\/www.suno.com.br\/noticias\/#website\",\"url\":\"https:\/\/www.suno.com.br\/noticias\/\",\"name\":\"Suno Not\u00edcias\",\"description\":\"Seu portal de informa\u00e7\u00e3o sobre o mundo dos investimentos\",\"publisher\":{\"@id\":\"https:\/\/www.suno.com.br\/noticias\/#organization\"},\"potentialAction\":[{\"@type\":\"SearchAction\",\"target\":{\"@type\":\"EntryPoint\",\"urlTemplate\":\"https:\/\/www.suno.com.br\/noticias\/?s={search_term_string}\"},\"query-input\":{\"@type\":\"PropertyValueSpecification\",\"valueRequired\":true,\"valueName\":\"search_term_string\"}}],\"inLanguage\":\"pt-BR\"},{\"@type\":\"Organization\",\"@id\":\"https:\/\/www.suno.com.br\/noticias\/#organization\",\"name\":\"Suno Not\u00edcias\",\"url\":\"https:\/\/www.suno.com.br\/noticias\/\",\"logo\":{\"@type\":\"ImageObject\",\"inLanguage\":\"pt-BR\",\"@id\":\"https:\/\/www.suno.com.br\/noticias\/#\/schema\/logo\/image\/\",\"url\":\"https:\/\/files.sunoresearch.com.br\/n\/uploads\/2021\/09\/suno-logo.png\",\"contentUrl\":\"https:\/\/files.sunoresearch.com.br\/n\/uploads\/2021\/09\/suno-logo.png\",\"width\":180,\"height\":180,\"caption\":\"Suno Not\u00edcias\"},\"image\":{\"@id\":\"https:\/\/www.suno.com.br\/noticias\/#\/schema\/logo\/image\/\"},\"sameAs\":[\"https:\/\/facebook.com\/sunoresearch\",\"https:\/\/x.com\/sunoresearch\",\"https:\/\/www.instagram.com\/suno\",\"https:\/\/www.linkedin.com\/company\/suno-research\/\",\"https:\/\/www.youtube.com\/c\/sunoresearch\"]},{\"@type\":\"Person\",\"@id\":\"https:\/\/www.suno.com.br\/noticias\/#\/schema\/person\/46d847cb19ad53fde0857adca989c23f\",\"name\":\"Vict\u00f3ria Anhesini\",\"image\":{\"@type\":\"ImageObject\",\"inLanguage\":\"pt-BR\",\"@id\":\"https:\/\/www.suno.com.br\/noticias\/#\/schema\/person\/image\/\",\"url\":\"https:\/\/secure.gravatar.com\/avatar\/0172bdfcd9129dd9dd68794804304e6e?s=96&r=g\",\"contentUrl\":\"https:\/\/secure.gravatar.com\/avatar\/0172bdfcd9129dd9dd68794804304e6e?s=96&r=g\",\"caption\":\"Vict\u00f3ria Anhesini\"},\"description\":\"Rep\u00f3rter no Suno Not\u00edcias, cobre mercados, neg\u00f3cios e economia, escrevendo majoritariamente sobre movimentos das empresas, cobertura de balan\u00e7os trimestrais e Bolsa de Valores. Formada em jornalismo pela Universidade Presbiteriana Mackenzie em 2019, passou pelo portal de economia e finan\u00e7as EuQueroInvestir como rep\u00f3rter e anteriormente, trabalhou na assessoria de imprensa PinePR, onde liderou com startups de inova\u00e7\u00e3o, tecnologia e finan\u00e7as. Em seu tempo livre, fala sobre m\u00fasica para ambos os sites do selo ForMusic, Wikimetal e Mad Sound, e faz trabalho volunt\u00e1rio no programa Escreve Cartas do Poupatempo.\",\"sameAs\":[\"https:\/\/www.linkedin.com\/in\/victoria-anhesini\/\"],\"url\":\"https:\/\/www.suno.com.br\/noticias\/author\/victoria\/\"}]}<\/script>\n<!-- \/ Yoast SEO plugin. -->","yoast_head_json":{"title":"BRF (BRFS3) sobe 4,8% com cortes de 25% de cargos de diretoria","description":"A a\u00e7\u00e3o da BRF (BRFS3) liderou as altas do Ibovespa hoje com a not\u00edcia de que eliminou 25% dos cargos de diretoria. Entenda os motivos aqui.","robots":{"index":"index","follow":"follow","max-snippet":"max-snippet:-1","max-image-preview":"max-image-preview:large","max-video-preview":"max-video-preview:-1"},"canonical":"https:\/\/www.suno.com.br\/noticias\/brf-brfs3-sobe-com-cortes-cargos-diretoria\/","og_locale":"pt_BR","og_type":"article","og_title":"BRF (BRFS3) sobe 4,8% com cortes de 25% de cargos de diretoria","og_description":"A a\u00e7\u00e3o da BRF (BRFS3) liderou as altas do Ibovespa hoje com a not\u00edcia de que eliminou 25% dos cargos de diretoria. Entenda os motivos aqui.","og_url":"https:\/\/www.suno.com.br\/noticias\/brf-brfs3-sobe-com-cortes-cargos-diretoria\/","og_site_name":"Suno Not\u00edcias","article_publisher":"https:\/\/facebook.com\/sunoresearch","og_image":[{"width":1200,"height":803,"url":"https:\/\/files.sunoresearch.com.br\/n\/uploads\/2022\/02\/BRF-divulgac\u0327a\u0303o.jpg","type":"image\/jpeg"}],"author":"Vict\u00f3ria Anhesini","twitter_card":"summary_large_image","twitter_creator":"@sunoresearch","twitter_site":"@sunoresearch","twitter_misc":{"Escrito por":"Vict\u00f3ria Anhesini","Est. tempo de leitura":"3 minutos"},"schema":{"@context":"https:\/\/schema.org","@graph":[{"@type":"NewsArticle","@id":"https:\/\/www.suno.com.br\/noticias\/brf-brfs3-sobe-com-cortes-cargos-diretoria\/#article","isPartOf":{"@id":"https:\/\/www.suno.com.br\/noticias\/brf-brfs3-sobe-com-cortes-cargos-diretoria\/"},"author":{"name":"Vict\u00f3ria Anhesini","@id":"https:\/\/www.suno.com.br\/noticias\/#\/schema\/person\/46d847cb19ad53fde0857adca989c23f"},"headline":"A\u00e7\u00e3o da BRF (BRFS3) dispara 4,8% e \u00e9 a maior alta do Ibovespa hoje; entenda por qu\u00ea","datePublished":"2022-05-27T22:04:36+00:00","dateModified":"2022-05-27T22:22:28+00:00","mainEntityOfPage":{"@id":"https:\/\/www.suno.com.br\/noticias\/brf-brfs3-sobe-com-cortes-cargos-diretoria\/"},"wordCount":618,"publisher":{"@id":"https:\/\/www.suno.com.br\/noticias\/#organization"},"image":{"@id":"https:\/\/www.suno.com.br\/noticias\/brf-brfs3-sobe-com-cortes-cargos-diretoria\/#primaryimage"},"thumbnailUrl":"https:\/\/files.sunoresearch.com.br\/n\/uploads\/2022\/02\/BRF-divulgac\u0327a\u0303o.jpg","articleSection":["Neg\u00f3cios"],"inLanguage":"pt-BR"},{"@type":"WebPage","@id":"https:\/\/www.suno.com.br\/noticias\/brf-brfs3-sobe-com-cortes-cargos-diretoria\/","url":"https:\/\/www.suno.com.br\/noticias\/brf-brfs3-sobe-com-cortes-cargos-diretoria\/","name":"BRF (BRFS3) sobe 4,8% com cortes de 25% de cargos de diretoria","isPartOf":{"@id":"https:\/\/www.suno.com.br\/noticias\/#website"},"primaryImageOfPage":{"@id":"https:\/\/www.suno.com.br\/noticias\/brf-brfs3-sobe-com-cortes-cargos-diretoria\/#primaryimage"},"image":{"@id":"https:\/\/www.suno.com.br\/noticias\/brf-brfs3-sobe-com-cortes-cargos-diretoria\/#primaryimage"},"thumbnailUrl":"https:\/\/files.sunoresearch.com.br\/n\/uploads\/2022\/02\/BRF-divulgac\u0327a\u0303o.jpg","datePublished":"2022-05-27T22:04:36+00:00","dateModified":"2022-05-27T22:22:28+00:00","description":"A a\u00e7\u00e3o da BRF (BRFS3) liderou as altas do Ibovespa hoje com a not\u00edcia de que eliminou 25% dos cargos de diretoria. Entenda os motivos aqui.","breadcrumb":{"@id":"https:\/\/www.suno.com.br\/noticias\/brf-brfs3-sobe-com-cortes-cargos-diretoria\/#breadcrumb"},"inLanguage":"pt-BR","potentialAction":[{"@type":"ReadAction","target":["https:\/\/www.suno.com.br\/noticias\/brf-brfs3-sobe-com-cortes-cargos-diretoria\/"]}]},{"@type":"ImageObject","inLanguage":"pt-BR","@id":"https:\/\/www.suno.com.br\/noticias\/brf-brfs3-sobe-com-cortes-cargos-diretoria\/#primaryimage","url":"https:\/\/files.sunoresearch.com.br\/n\/uploads\/2022\/02\/BRF-divulgac\u0327a\u0303o.jpg","contentUrl":"https:\/\/files.sunoresearch.com.br\/n\/uploads\/2022\/02\/BRF-divulgac\u0327a\u0303o.jpg","width":1200,"height":803,"caption":"BRF (BRFS3). Foto: Divulga\u00e7\u00e3o"},{"@type":"BreadcrumbList","@id":"https:\/\/www.suno.com.br\/noticias\/brf-brfs3-sobe-com-cortes-cargos-diretoria\/#breadcrumb","itemListElement":[{"@type":"ListItem","position":1,"name":"Not\u00edcias","item":"https:\/\/www.suno.com.br\/noticias\/"},{"@type":"ListItem","position":2,"name":"Neg\u00f3cios","item":"https:\/\/www.suno.com.br\/noticias\/negocios\/"},{"@type":"ListItem","position":3,"name":"A\u00e7\u00e3o da BRF (BRFS3) dispara 4,8% e \u00e9 a maior alta do Ibovespa hoje; entenda por qu\u00ea"}]},{"@type":"WebSite","@id":"https:\/\/www.suno.com.br\/noticias\/#website","url":"https:\/\/www.suno.com.br\/noticias\/","name":"Suno Not\u00edcias","description":"Seu portal de informa\u00e7\u00e3o sobre o mundo dos investimentos","publisher":{"@id":"https:\/\/www.suno.com.br\/noticias\/#organization"},"potentialAction":[{"@type":"SearchAction","target":{"@type":"EntryPoint","urlTemplate":"https:\/\/www.suno.com.br\/noticias\/?s={search_term_string}"},"query-input":{"@type":"PropertyValueSpecification","valueRequired":true,"valueName":"search_term_string"}}],"inLanguage":"pt-BR"},{"@type":"Organization","@id":"https:\/\/www.suno.com.br\/noticias\/#organization","name":"Suno Not\u00edcias","url":"https:\/\/www.suno.com.br\/noticias\/","logo":{"@type":"ImageObject","inLanguage":"pt-BR","@id":"https:\/\/www.suno.com.br\/noticias\/#\/schema\/logo\/image\/","url":"https:\/\/files.sunoresearch.com.br\/n\/uploads\/2021\/09\/suno-logo.png","contentUrl":"https:\/\/files.sunoresearch.com.br\/n\/uploads\/2021\/09\/suno-logo.png","width":180,"height":180,"caption":"Suno Not\u00edcias"},"image":{"@id":"https:\/\/www.suno.com.br\/noticias\/#\/schema\/logo\/image\/"},"sameAs":["https:\/\/facebook.com\/sunoresearch","https:\/\/x.com\/sunoresearch","https:\/\/www.instagram.com\/suno","https:\/\/www.linkedin.com\/company\/suno-research\/","https:\/\/www.youtube.com\/c\/sunoresearch"]},{"@type":"Person","@id":"https:\/\/www.suno.com.br\/noticias\/#\/schema\/person\/46d847cb19ad53fde0857adca989c23f","name":"Vict\u00f3ria Anhesini","image":{"@type":"ImageObject","inLanguage":"pt-BR","@id":"https:\/\/www.suno.com.br\/noticias\/#\/schema\/person\/image\/","url":"https:\/\/secure.gravatar.com\/avatar\/0172bdfcd9129dd9dd68794804304e6e?s=96&r=g","contentUrl":"https:\/\/secure.gravatar.com\/avatar\/0172bdfcd9129dd9dd68794804304e6e?s=96&r=g","caption":"Vict\u00f3ria Anhesini"},"description":"Rep\u00f3rter no Suno Not\u00edcias, cobre mercados, neg\u00f3cios e economia, escrevendo majoritariamente sobre movimentos das empresas, cobertura de balan\u00e7os trimestrais e Bolsa de Valores. Formada em jornalismo pela Universidade Presbiteriana Mackenzie em 2019, passou pelo portal de economia e finan\u00e7as EuQueroInvestir como rep\u00f3rter e anteriormente, trabalhou na assessoria de imprensa PinePR, onde liderou com startups de inova\u00e7\u00e3o, tecnologia e finan\u00e7as. Em seu tempo livre, fala sobre m\u00fasica para ambos os sites do selo ForMusic, Wikimetal e Mad Sound, e faz trabalho volunt\u00e1rio no programa Escreve Cartas do Poupatempo.","sameAs":["https:\/\/www.linkedin.com\/in\/victoria-anhesini\/"],"url":"https:\/\/www.suno.com.br\/noticias\/author\/victoria\/"}]}},"default_loop_html":"<div class=\"cardsPage__listCard__boxs\"><div class=\"cardsPage__listCard__boxs__img\"><a href=\"https:\/\/www.suno.com.br\/noticias\/brf-brfs3-sobe-com-cortes-cargos-diretoria\/\"><img class=\"mask\" src=\"https:\/\/www.suno.com.br\/noticias\/wp-content\/themes\/suno\/resources\/images\/spotlight\/spotlight1img\/bg-mask.png\" alt=\"Image Mask\"\/><img src=\"https:\/\/files.sunoresearch.com.br\/n\/uploads\/2022\/02\/BRF-divulgac\u0327a\u0303o-400x200.jpg\" alt=\"A\u00e7\u00e3o da BRF (BRFS3) dispara 4,8% e \u00e9 a maior alta do Ibovespa hoje; entenda por qu\u00ea\"\/><\/a><span class=\"spotlightCategory\"><a href=\"https:\/\/www.suno.com.br\/noticias\/negocios\/\">Neg\u00f3cios<\/a><\/span><\/div><div class=\"cardsPage__listCard__boxs__content\"><a href=\"https:\/\/www.suno.com.br\/noticias\/brf-brfs3-sobe-com-cortes-cargos-diretoria\/\"><h2 class=\"content__title\">A\u00e7\u00e3o da BRF (BRFS3) dispara 4,8% e \u00e9 a maior alta do Ibovespa hoje; entenda por qu\u00ea<\/h2><\/a><div class=\"newsContent__article__meta\"><div class=\"newsContent__article__meta__authorBox\"><a href=\"https:\/\/www.suno.com.br\/noticias\/author\/victoria\/\" class=\"authorBox__avatar noMobi\"><img src=\"https:\/\/files.sunoresearch.com.br\/n\/uploads\/2021\/12\/20190129VickyPINEAPPLE01-1-150x150.jpg\" alt=\"Vict\u00f3ria Anhesini\"><\/a><div class=\"authorBox__name\"><span>por\n\t\t\t<a href=\"https:\/\/www.suno.com.br\/noticias\/author\/victoria\/\"><span itemprop=\"author\">Vict\u00f3ria Anhesini<\/span><\/a><\/span><time datetime=\"2022-05-27T19:04:36-03:00\" itemprop=\"datePublished\">27\/05\/2022 19:04<\/time><\/div><\/div><\/div><\/div><\/div>","single_layout":"posts","amp_enabled":true,"_links":{"self":[{"href":"https:\/\/www.suno.com.br\/noticias\/wp-json\/wp\/v2\/posts\/261963"}],"collection":[{"href":"https:\/\/www.suno.com.br\/noticias\/wp-json\/wp\/v2\/posts"}],"about":[{"href":"https:\/\/www.suno.com.br\/noticias\/wp-json\/wp\/v2\/types\/post"}],"author":[{"embeddable":true,"href":"https:\/\/www.suno.com.br\/noticias\/wp-json\/wp\/v2\/users\/146"}],"replies":[{"embeddable":true,"href":"https:\/\/www.suno.com.br\/noticias\/wp-json\/wp\/v2\/comments?post=261963"}],"version-history":[{"count":3,"href":"https:\/\/www.suno.com.br\/noticias\/wp-json\/wp\/v2\/posts\/261963\/revisions"}],"predecessor-version":[{"id":262047,"href":"https:\/\/www.suno.com.br\/noticias\/wp-json\/wp\/v2\/posts\/261963\/revisions\/262047"}],"wp:featuredmedia":[{"embeddable":true,"href":"https:\/\/www.suno.com.br\/noticias\/wp-json\/wp\/v2\/media\/227908"}],"wp:attachment":[{"href":"https:\/\/www.suno.com.br\/noticias\/wp-json\/wp\/v2\/media?parent=261963"}],"wp:term":[{"taxonomy":"category","embeddable":true,"href":"https:\/\/www.suno.com.br\/noticias\/wp-json\/wp\/v2\/categories?post=261963"},{"taxonomy":"post_tag","embeddable":true,"href":"https:\/\/www.suno.com.br\/noticias\/wp-json\/wp\/v2\/tags?post=261963"},{"taxonomy":"suno_strategy","embeddable":true,"href":"https:\/\/www.suno.com.br\/noticias\/wp-json\/wp\/v2\/suno_strategy?post=261963"}],"curies":[{"name":"wp","href":"https:\/\/api.w.org\/{rel}","templated":true}]}}