{"id":261911,"date":"2022-05-27T21:05:58","date_gmt":"2022-05-28T00:05:58","guid":{"rendered":"https:\/\/www.suno.com.br\/noticias\/?p=261911"},"modified":"2022-05-27T23:42:12","modified_gmt":"2022-05-28T02:42:12","slug":"tendencia-dolar-2022-nebulosa","status":"publish","type":"post","link":"https:\/\/www.suno.com.br\/noticias\/tendencia-dolar-2022-nebulosa\/","title":{"rendered":"D\u00f3lar vai parar de cair, mas&#8230; Previs\u00f5es para a moeda em 2022 assustam; saiba mais"},"content":{"rendered":"<p>O <strong>d\u00f3lar<\/strong> vem caindo nas \u00faltimas semanas, chegando a descer abaixo dos R$ 4,80. Ent\u00e3o passou a subir, acima dos R$ 5. E agora voltou a ceder diariamente, rompendo o piso dos R$ 4,75. Em meio a essa trajet\u00f3ria fren\u00e9tica de altas e baixas, o que se pode esperar da moeda americana, em meio a um cen\u00e1rio macro conturbado, que inclui\u00a0 escalada das taxas de juros, infla\u00e7\u00e3o global e guerra no leste europeu, com impacto nos pre\u00e7os da commodities?<\/p>\t<div class=\"wrapper-featured-image\">\n\t\t<figure class=\"spotlightImg\">\n\n\t\t\t<picture>\n\t\t\t\t<source media=\"(max-width: 768px)\" srcset=\"https:\/\/files.sunoresearch.com.br\/n\/uploads\/2021\/05\/042f8c01-dollar-2891817_1280-400x200.webp\">\n\t\t\t\t<img loading=\"lazy\" decoding=\"async\" class=\"newsContent__article__imgCapa lazyloadDisabled \" src=\"https:\/\/files.sunoresearch.com.br\/n\/uploads\/2021\/05\/042f8c01-dollar-2891817_1280-800x450.webp\" width=\"800\" height=\"450\" alt=\"D\u00f3lar vai parar de cair, mas&#8230; Previs\u00f5es para a moeda em 2022 assustam; saiba mais\" fetchpriority=high \/>\n\t\t\t<\/picture>\n\n\t\t\t<figcaption class=\"wp-caption-text wp-caption-text--show\">Foto: Pixabay<\/figcaption>\n\t\t<\/figure>\n\t<\/div>\n\n\n\t<p>\n\t\t<a href=\"\" target=\"_blank\" data-element=\"shortcode-suno-banner\" title=\"Banner SUNO, clique e saiba mais\">\n\t\t\t<picture>\n\t\t\t\t<source media=\"(max-width: 500px)\" srcset=\"\">\n\t\t\t\t<img class=\"newsContent__article__imgCapa newsContent__article__imgCapa--banner\"\n\t\t\t\t\tsrc=\"\"\n\t\t\t\t\tdata-promo-id=\"240038\"\t\t\t\t\t\t\t\t\t\t\t\t\t\t\talt=\"\"\n\t\t\t\t>\n\t\t\t<\/picture>\n\t\t<\/a>\n\t<\/p>\n\n\n<p>A perspectiva da trajet\u00f3ria do d\u00f3lar \u00e9 nebulosa. N\u00e3o aposte em um longo per\u00edodo de queda, nem numa alta repentina que leve a divisa \u00e0s alturas &#8212; acima dos R$ 6, por exemplo. A tend\u00eancia do d\u00f3lar para 2022 foi atualizada. Espere por um sobe e desce de espantar e arrepiar o mais experiente dos investidores. De acordo com o economista-chefe da Associa\u00e7\u00e3o Brasileira de C\u00e2mbio (Abracam), Reinaldo Cafeo, a palavra-chave relacionada ao d\u00f3lar at\u00e9 o final de 2022 \u00e9 <strong>volatilidade <\/strong>&#8212; e p\u00f5e volatilidade nisso.<\/p>\n<p>\u201cO que vai caracterizar a oscila\u00e7\u00e3o do d\u00f3lar \u00e9 uma trajet\u00f3ria de sobressaltos. N\u00f3s temos em curso uma mudan\u00e7a na <strong><a class=\"suno-keyword\" href=\"https:\/\/www.suno.com.br\/artigos\/politica-monetaria\/\" target=\"_blank\" rel=\"noopener\" data-force=\"no\" data-priority=\"1\">pol\u00edtica monet\u00e1ria<\/a><\/strong> no mundo todo, de uma pol\u00edtica monet\u00e1ria frouxa, [vinda] por causa da pandemia\u201d, afirma o economista.<\/p>\n<p>Apesar da recupera\u00e7\u00e3o no primeiro trimestre de 2022, a <strong>desvaloriza\u00e7\u00e3o do d\u00f3lar<\/strong> foi, na venda, de 15,10%. A moeda fechou o per\u00edodo avaliada em R$ 4,7378, de acordo com levantamento da Economatica divulgado em abril.<\/p>\n<p>O d\u00f3lar \u00e0 vista emendou nesta sexta-feira, 27, o terceiro preg\u00e3o consecutivo de queda: rompeu o piso de R$ 4,75 e encerrou a semana, marcada por retorno mais forte do apetite ao risco no exterior, com desvaloriza\u00e7\u00e3o de 2,79%. No fim do dia, o d\u00f3lar recuava 0,49%, cotado a R$ 4,7382. Com isso, a moeda fechou a semana com baixa de 2,79%, ap\u00f3s ter perdido 3,63% na semana passada. Em maio, o d\u00f3lar acumula desvaloriza\u00e7\u00e3o de 4,14%. No ano, perde 15,02%.<\/p>\n<p>Perto do \u00faltimo m\u00eas do segundo trimestre de 2022, o d\u00f3lar caiu na semana. Est\u00e1 abaixo de R$ 4,75. Mas a moeda, que vem oscilando em maio e chegou a subir acima de R$ 5, enfrenta uma nova press\u00e3o altista.<\/p>\n<p>A valoriza\u00e7\u00e3o da moeda ante o real ocorreu devido a uma s\u00e9rie de fatores, como:<\/p>\n<ul>\n<li>Infla\u00e7\u00e3o dom\u00e9stica vindo acima das expectativas;<\/li>\n<li><strong>Infla\u00e7\u00e3o global<\/strong> forte;<\/li>\n<li>Poss\u00edvel acelera\u00e7\u00e3o no ciclo de <strong>aumento de juros nos EUA<\/strong>;<\/li>\n<li>Novo lockdown na China;<\/li>\n<li>Continua\u00e7\u00e3o do conflito entre R\u00fassia e Ucr\u00e2nia.<\/li>\n<\/ul>\n<p>Entre esses motivos o maior \u201cvil\u00e3o\u201d para a nova alta foi o posicionamento mais <em>hawkish<\/em> do <strong>Federal Reserve<\/strong> (Fed), o banco central dos Estados Unidos. Uma abordagem mais dura na pol\u00edtica monet\u00e1ria americana &#8212; \u00e9 importante dizer &#8212; tem seus motivos. O principal, no caso, foi a infla\u00e7\u00e3o global alta. &#8220;No momento que iriamos observar uma queda da infla\u00e7\u00e3o, com diminui\u00e7\u00e3o de velocidade do aumento, veio o conflito entre R\u00fassia e Ucr\u00e2nia. O que se imaginava era um conflito de curta dura\u00e7\u00e3o. Mas n\u00e3o ocorreu, o que muda toda a perspectiva&#8221;, diz Reinaldo.<\/p>\n\t<p>\n\t\t<a href=\"https:\/\/lp.suno.com.br\/planilha-controle-gastos\/\" target=\"_blank\" data-element=\"shortcode-suno-banner\" title=\"Banner SUNO, clique e saiba mais\">\n\t\t\t<picture>\n\t\t\t\t<source media=\"(max-width: 500px)\" srcset=\"https:\/\/files.sunoresearch.com.br\/n\/uploads\/2023\/03\/400x300-Planilha-controle-de-gastos.png\">\n\t\t\t\t<img class=\"newsContent__article__imgCapa newsContent__article__imgCapa--banner\"\n\t\t\t\t\tsrc=\"https:\/\/files.sunoresearch.com.br\/n\/uploads\/2023\/03\/1420x240-Planilha-controle-de-gastos.png\"\n\t\t\t\t\tdata-promo-id=\"101751\"\t\t\t\t\t\t\t\t\t\twidth='1420' height='240'\t\t\t\t\talt=\"https:\/\/files.sunoresearch.com.br\/n\/uploads\/2023\/03\/1420x240-Planilha-controle-de-gastos.png\"\n\t\t\t\t>\n\t\t\t<\/picture>\n\t\t<\/a>\n\t<\/p>\n\n\n<p>Como consequ\u00eancia, houve grande oscila\u00e7\u00e3o nos pre\u00e7os de commodities no mundo inteiro, principalmente nas met\u00e1licas e no petr\u00f3leo. Resumidamente, com a infla\u00e7\u00e3o mais presente, o caminho era apertar a pol\u00edtica monet\u00e1ria. &#8220;Enquanto a diferen\u00e7a de juros entre Brasil e Estados Unidos estiver favor\u00e1vel para o Brasil, teremos a entrada de d\u00f3lares no pa\u00eds com investidores buscando a <a class=\"suno-keyword\" href=\"https:\/\/www.suno.com.br\/guias\/investimento-renda-fixa\/\" target=\"_blank\" rel=\"noopener\" data-force=\"no\" data-priority=\"2\">renda fixa<\/a>. [Al\u00e9m disso] a nossa Bolsa est\u00e1 barata. Temos por isso uma entrada de recursos no Brasil em busca dessa taxa de juros&#8221;, explicou.<\/p>\n<p>Mas, com alta na taxa de juros b\u00e1sica americana &#8212; e a ata do <a href=\"https:\/\/www.suno.com.br\/noticias\/fed-acena-com-altas-de-05-ponto-percentual-nas-proximas-duas-reunioes\/\">Fed confirmou<\/a> essa tend\u00eancia na \u00faltima quarta (25) &#8211;, o que se espera \u00e9 uma diminui\u00e7\u00e3o de entrada de fluxo estrangeiro em solo brasileiro. &#8220;A <a class=\"suno-keyword\" href=\"https:\/\/www.suno.com.br\/artigos\/aversao-ao-risco\/\" target=\"_blank\" rel=\"noopener\" data-force=\"no\" data-priority=\"1\">avers\u00e3o ao risco<\/a> aumentando e a taxa de juros americana subindo fazem com que investidores saiam de economias mais fracas e coloquem o <a class=\"suno-keyword\" href=\"https:\/\/www.suno.com.br\/artigos\/seu-dinheiro\/\" target=\"_blank\" rel=\"noopener\" data-force=\"no\" data-priority=\"1\">seu dinheiro<\/a> nos EUA. Isso \u00e9 chamado de &#8216;<em>fly to quality<\/em>&#8216;, quando os recursos saem de ativos mais arriscados e v\u00e3o para seguran\u00e7a, que \u00e9 a taxa de juros americana&#8221;, disse Rafael Marques, economista e CEO da Philos Invest.<\/p>\n<h2>O que esperar do d\u00f3lar at\u00e9 o final de 2022?<\/h2>\n<p>Com todas as cartas na mesa posicionadas, o que uma bola de cristal mostraria para o d\u00f3lar, mesmo no <a class=\"suno-keyword\" href=\"https:\/\/www.suno.com.br\/artigos\/curto-prazo\/\" target=\"_blank\" rel=\"noopener\" data-force=\"no\" data-priority=\"1\">curto prazo,<\/a> \u00e9 que h\u00e1 <strong>baixa visibilidade<\/strong> do futuro, com o mercado financeiro em intenso debate sobre a quest\u00e3o.<\/p>\n\t<p>\n\t\t<a href=\"https:\/\/lp.suno.com.br\/planilha-da-vida-financeira\/\" target=\"_blank\" data-element=\"shortcode-suno-banner\" title=\"Banner SUNO, clique e saiba mais\">\n\t\t\t<picture>\n\t\t\t\t<source media=\"(max-width: 500px)\" srcset=\"https:\/\/files.sunoresearch.com.br\/n\/uploads\/2023\/04\/400x300-Planilha-vida-financeira-true.png\">\n\t\t\t\t<img class=\"newsContent__article__imgCapa newsContent__article__imgCapa--banner\"\n\t\t\t\t\tsrc=\"https:\/\/files.sunoresearch.com.br\/n\/uploads\/2023\/04\/1420x240-Planilha-vida-financeira-true.png\"\n\t\t\t\t\tdata-promo-id=\"106682\"\t\t\t\t\t\t\t\t\t\twidth='1420' height='240'\t\t\t\t\talt=\"https:\/\/files.sunoresearch.com.br\/n\/uploads\/2023\/04\/1420x240-Planilha-vida-financeira-true.png\"\n\t\t\t\t>\n\t\t\t<\/picture>\n\t\t<\/a>\n\t<\/p>\n\n\n<p>&#8220;Temos visto agentes de mercado falando de um ciclo forte de commodities, que pode fortalecer o real contra o d\u00f3lar no m\u00e9dio prazo&#8221;, destacou Rafael. &#8220;No entanto, no curto prazo, o mercado ainda v\u00ea o d\u00f3lar se valorizando contra as outras moedas com o ciclo de alta de juros da economia americana.&#8221; Ou seja, s\u00f3 d\u00e1 para viver um dia de cada vez.<\/p>\n<p>Jansen Costa, s\u00f3cio-fundador da Fatorial Investimentos, acredita que haver\u00e1 mais <strong>queda no curto prazo<\/strong>, com a diferen\u00e7a ainda gigante entre os juros americanos e os brasileiros.<\/p>\n<p>&#8220;O Brasil subiu os juros antecipadamente nesse processo. A nossa balan\u00e7a de exporta\u00e7\u00e3o \u00e9 favor\u00e1vel com o aumento do petr\u00f3leo e a alta das commodities no setor internacional &#8211; ou seja, a tend\u00eancia \u00e9 de que se entre mais dinheiro&#8221;, ressaltou Jansen.<\/p>\n<p>Na opini\u00e3o do fundador da Fatorial Investimentos, a <strong>tend\u00eancia do d\u00f3lar<\/strong> pode mudar, sim, com uma subida de juros dos EUA mais r\u00e1pido, &#8220;que est\u00e1 precificado, e um processo de mudan\u00e7a estrutural de uma recess\u00e3o mais forte&#8221;.<\/p>\n<p>Ele lembra ainda que outra quest\u00e3o que pode acentuar a <strong><a class=\"suno-keyword\" href=\"https:\/\/www.suno.com.br\/artigos\/queda-dolar\/\" target=\"_blank\" rel=\"noopener\" data-force=\"no\" data-priority=\"1\">queda do d\u00f3lar<\/a><\/strong> \u00e9 o processo de privatiza\u00e7\u00e3o da <strong>Eletrobras <\/strong>(ELET3), que resulta na entrada de novos investimentos diretos.<\/p>\n\t<p>\n\t\t<a href=\"https:\/\/lp.suno.com.br\/ebook-como-analisar-uma-acao\/\" target=\"_blank\" data-element=\"shortcode-suno-banner\" title=\"Banner SUNO, clique e saiba mais\">\n\t\t\t<picture>\n\t\t\t\t<source media=\"(max-width: 500px)\" srcset=\"https:\/\/files.sunoresearch.com.br\/n\/uploads\/2023\/03\/Ebook-Acoes-Mobile-1.jpg\">\n\t\t\t\t<img class=\"newsContent__article__imgCapa newsContent__article__imgCapa--banner\"\n\t\t\t\t\tsrc=\"https:\/\/files.sunoresearch.com.br\/n\/uploads\/2023\/03\/Ebook-Acoes-Desktop-1.jpg\"\n\t\t\t\t\tdata-promo-id=\"171998\"\t\t\t\t\t\t\t\t\t\twidth='1420' height='286'\t\t\t\t\talt=\"https:\/\/files.sunoresearch.com.br\/n\/uploads\/2023\/03\/Ebook-Acoes-Desktop-1.jpg\"\n\t\t\t\t>\n\t\t\t<\/picture>\n\t\t<\/a>\n\t<\/p>\n\n\n<p>Jansen tamb\u00e9m argumenta que pode entrar mais <a class=\"suno-keyword\" href=\"https:\/\/www.suno.com.br\/artigos\/capital-estrangeiro\/\" target=\"_blank\" rel=\"noopener\" data-force=\"no\" data-priority=\"1\">capital estrangeiro<\/a> no pa\u00eds. A maior aprecia\u00e7\u00e3o do real perante o d\u00f3lar pode isen\u00e7\u00e3o de <a class=\"suno-keyword\" href=\"https:\/\/www.suno.com.br\/artigos\/titulos-privados\/\" target=\"_blank\" rel=\"noopener\" data-force=\"no\" data-priority=\"1\">t\u00edtulos privados<\/a> para o Imposto de Renda. &#8220;Lembrando que apenas t\u00edtulo publico no Brasil \u00e9 isento de IR previsto pelo estrangeiro, ent\u00e3o a gente teria essa entrada adicional de fluxo&#8221;, disse.<\/p>\n<p>Os analistas concordam em um ponto comum, ainda indefinido, para uma poss\u00edvel\u00a0<strong><a class=\"suno-keyword\" href=\"https:\/\/www.suno.com.br\/artigos\/alta-do-dolar\/\" target=\"_blank\" rel=\"noopener\" data-force=\"no\" data-priority=\"1\">alta do d\u00f3lar<\/a><\/strong>: as elei\u00e7\u00f5es presidenciais de 2022.<\/p>\n<p>&#8220;Essa elei\u00e7\u00e3o mexe com o \u00e2nimo com os investidores. Tudo est\u00e1 apontando para uma polariza\u00e7\u00e3o. Vai depender de quem est\u00e1 na frente, qual o modelo econ\u00f4mico a ser discutido. Ent\u00e3o, n\u00e3o d\u00e1 pra estabelecer tend\u00eancia. O c\u00e2mbio no Brasil deve se comportar assim: alternar per\u00edodos de alta, com os de baixa&#8221;, disse Reinaldo.<\/p>\n<p>No fechamento desta sexta-feira (27), o <strong>d\u00f3lar<\/strong> ficou em queda de 0,48%, a R$ 4,7381.<\/p>\n\t<p>\n\t\t<a href=\"https:\/\/lp.suno.com.br\/planilha-de-controle-de-investimentos\/\" target=\"_blank\" data-element=\"shortcode-suno-banner\" title=\"Banner SUNO, clique e saiba mais\">\n\t\t\t<picture>\n\t\t\t\t<source media=\"(max-width: 500px)\" srcset=\"https:\/\/files.sunoresearch.com.br\/n\/uploads\/2023\/03\/400x300-Controle-de-Investimentos.png\">\n\t\t\t\t<img class=\"newsContent__article__imgCapa newsContent__article__imgCapa--banner\"\n\t\t\t\t\tsrc=\"https:\/\/files.sunoresearch.com.br\/n\/uploads\/2023\/03\/1420x240-Controle-de-Investimentos.png\"\n\t\t\t\t\tdata-promo-id=\"75934\"\t\t\t\t\t\t\t\t\t\twidth='1420' height='240'\t\t\t\t\talt=\"https:\/\/files.sunoresearch.com.br\/n\/uploads\/2023\/03\/1420x240-Controle-de-Investimentos.png\"\n\t\t\t\t>\n\t\t\t<\/picture>\n\t\t<\/a>\n\t<\/p>\n\n\n","protected":false},"excerpt":{"rendered":"<p>O d\u00f3lar vem caindo nas \u00faltimas semanas, chegando a descer abaixo dos R$ 4,80. Ent\u00e3o passou a subir, acima dos R$ 5. E agora voltou a ceder diariamente, rompendo o piso dos R$ 4,75. Em meio a essa trajet\u00f3ria fren\u00e9tica de altas e baixas, o que se pode esperar da moeda americana, em meio a [&hellip;]<\/p>\n","protected":false},"author":146,"featured_media":144657,"comment_status":"closed","ping_status":"closed","sticky":false,"template":"","format":"standard","meta":[],"categories":[62],"tags":[1853,326,105815,105816],"suno_strategy":[],"class_list":["post-261911","post","type-post","status-publish","format-standard","has-post-thumbnail","hentry","category-economia","tag-cambio","tag-dolar","tag-especial","tag-especialistas"],"yoast_head":"<!-- This site is optimized with the Yoast SEO plugin v24.4 - https:\/\/yoast.com\/wordpress\/plugins\/seo\/ -->\n<title>D\u00f3lar continua em queda? N\u00e3o por muito tempo; cen\u00e1rio \u00e9 nebuloso<\/title>\n<meta name=\"description\" content=\"A tend\u00eancia do d\u00f3lar para 2022 foi atualizada. Espere por volatilidade de assustar o mais experiente dos investidores. Entenda as previs\u00f5es!\" \/>\n<meta name=\"robots\" content=\"index, follow, max-snippet:-1, max-image-preview:large, max-video-preview:-1\" \/>\n<link rel=\"canonical\" href=\"https:\/\/www.suno.com.br\/noticias\/tendencia-dolar-2022-nebulosa\/\" \/>\n<meta property=\"og:locale\" content=\"pt_BR\" \/>\n<meta property=\"og:type\" content=\"article\" \/>\n<meta property=\"og:title\" content=\"D\u00f3lar continua em queda? N\u00e3o por muito tempo; cen\u00e1rio \u00e9 nebuloso\" \/>\n<meta property=\"og:description\" content=\"A tend\u00eancia do d\u00f3lar para 2022 foi atualizada. Espere por volatilidade de assustar o mais experiente dos investidores. Entenda as previs\u00f5es!\" \/>\n<meta property=\"og:url\" content=\"https:\/\/www.suno.com.br\/noticias\/tendencia-dolar-2022-nebulosa\/\" \/>\n<meta property=\"og:site_name\" content=\"Suno Not\u00edcias\" \/>\n<meta property=\"article:publisher\" content=\"https:\/\/facebook.com\/sunoresearch\" \/>\n<meta property=\"og:image\" content=\"https:\/\/files.sunoresearch.com.br\/n\/uploads\/2021\/05\/042f8c01-dollar-2891817_1280.jpg\" \/>\n\t<meta property=\"og:image:width\" content=\"1280\" \/>\n\t<meta property=\"og:image:height\" content=\"960\" \/>\n\t<meta property=\"og:image:type\" content=\"image\/jpeg\" \/>\n<meta name=\"author\" content=\"Vict\u00f3ria Anhesini\" \/>\n<meta name=\"twitter:card\" content=\"summary_large_image\" \/>\n<meta name=\"twitter:creator\" content=\"@sunoresearch\" \/>\n<meta name=\"twitter:site\" content=\"@sunoresearch\" \/>\n<meta name=\"twitter:label1\" content=\"Escrito por\" \/>\n\t<meta name=\"twitter:data1\" content=\"Vict\u00f3ria Anhesini\" \/>\n\t<meta name=\"twitter:label2\" content=\"Est. tempo de leitura\" \/>\n\t<meta name=\"twitter:data2\" content=\"5 minutos\" \/>\n<script type=\"application\/ld+json\" class=\"yoast-schema-graph\">{\"@context\":\"https:\/\/schema.org\",\"@graph\":[{\"@type\":\"NewsArticle\",\"@id\":\"https:\/\/www.suno.com.br\/noticias\/tendencia-dolar-2022-nebulosa\/#article\",\"isPartOf\":{\"@id\":\"https:\/\/www.suno.com.br\/noticias\/tendencia-dolar-2022-nebulosa\/\"},\"author\":{\"name\":\"Vict\u00f3ria Anhesini\",\"@id\":\"https:\/\/www.suno.com.br\/noticias\/#\/schema\/person\/46d847cb19ad53fde0857adca989c23f\"},\"headline\":\"D\u00f3lar vai parar de cair, mas&#8230; Previs\u00f5es para a moeda em 2022 assustam; saiba mais\",\"datePublished\":\"2022-05-28T00:05:58+00:00\",\"dateModified\":\"2022-05-28T02:42:12+00:00\",\"mainEntityOfPage\":{\"@id\":\"https:\/\/www.suno.com.br\/noticias\/tendencia-dolar-2022-nebulosa\/\"},\"wordCount\":1178,\"publisher\":{\"@id\":\"https:\/\/www.suno.com.br\/noticias\/#organization\"},\"image\":{\"@id\":\"https:\/\/www.suno.com.br\/noticias\/tendencia-dolar-2022-nebulosa\/#primaryimage\"},\"thumbnailUrl\":\"https:\/\/files.sunoresearch.com.br\/n\/uploads\/2021\/05\/042f8c01-dollar-2891817_1280-jpg.webp\",\"keywords\":[\"c\u00e2mbio\",\"d\u00f3lar\",\"Especiais\",\"Especialistas\"],\"articleSection\":[\"Economia\"],\"inLanguage\":\"pt-BR\"},{\"@type\":\"WebPage\",\"@id\":\"https:\/\/www.suno.com.br\/noticias\/tendencia-dolar-2022-nebulosa\/\",\"url\":\"https:\/\/www.suno.com.br\/noticias\/tendencia-dolar-2022-nebulosa\/\",\"name\":\"D\u00f3lar continua em queda? N\u00e3o por muito tempo; cen\u00e1rio \u00e9 nebuloso\",\"isPartOf\":{\"@id\":\"https:\/\/www.suno.com.br\/noticias\/#website\"},\"primaryImageOfPage\":{\"@id\":\"https:\/\/www.suno.com.br\/noticias\/tendencia-dolar-2022-nebulosa\/#primaryimage\"},\"image\":{\"@id\":\"https:\/\/www.suno.com.br\/noticias\/tendencia-dolar-2022-nebulosa\/#primaryimage\"},\"thumbnailUrl\":\"https:\/\/files.sunoresearch.com.br\/n\/uploads\/2021\/05\/042f8c01-dollar-2891817_1280-jpg.webp\",\"datePublished\":\"2022-05-28T00:05:58+00:00\",\"dateModified\":\"2022-05-28T02:42:12+00:00\",\"description\":\"A tend\u00eancia do d\u00f3lar para 2022 foi atualizada. Espere por volatilidade de assustar o mais experiente dos investidores. Entenda as previs\u00f5es!\",\"breadcrumb\":{\"@id\":\"https:\/\/www.suno.com.br\/noticias\/tendencia-dolar-2022-nebulosa\/#breadcrumb\"},\"inLanguage\":\"pt-BR\",\"potentialAction\":[{\"@type\":\"ReadAction\",\"target\":[\"https:\/\/www.suno.com.br\/noticias\/tendencia-dolar-2022-nebulosa\/\"]}]},{\"@type\":\"ImageObject\",\"inLanguage\":\"pt-BR\",\"@id\":\"https:\/\/www.suno.com.br\/noticias\/tendencia-dolar-2022-nebulosa\/#primaryimage\",\"url\":\"https:\/\/files.sunoresearch.com.br\/n\/uploads\/2021\/05\/042f8c01-dollar-2891817_1280-jpg.webp\",\"contentUrl\":\"https:\/\/files.sunoresearch.com.br\/n\/uploads\/2021\/05\/042f8c01-dollar-2891817_1280-jpg.webp\",\"width\":1280,\"height\":960,\"caption\":\"Foto: Pixabay\"},{\"@type\":\"BreadcrumbList\",\"@id\":\"https:\/\/www.suno.com.br\/noticias\/tendencia-dolar-2022-nebulosa\/#breadcrumb\",\"itemListElement\":[{\"@type\":\"ListItem\",\"position\":1,\"name\":\"Not\u00edcias\",\"item\":\"https:\/\/www.suno.com.br\/noticias\/\"},{\"@type\":\"ListItem\",\"position\":2,\"name\":\"Economia\",\"item\":\"https:\/\/www.suno.com.br\/noticias\/economia\/\"},{\"@type\":\"ListItem\",\"position\":3,\"name\":\"D\u00f3lar vai parar de cair, mas&#8230; Previs\u00f5es para a moeda em 2022 assustam; saiba mais\"}]},{\"@type\":\"WebSite\",\"@id\":\"https:\/\/www.suno.com.br\/noticias\/#website\",\"url\":\"https:\/\/www.suno.com.br\/noticias\/\",\"name\":\"Suno Not\u00edcias\",\"description\":\"Seu portal de informa\u00e7\u00e3o sobre o mundo dos investimentos\",\"publisher\":{\"@id\":\"https:\/\/www.suno.com.br\/noticias\/#organization\"},\"potentialAction\":[{\"@type\":\"SearchAction\",\"target\":{\"@type\":\"EntryPoint\",\"urlTemplate\":\"https:\/\/www.suno.com.br\/noticias\/?s={search_term_string}\"},\"query-input\":{\"@type\":\"PropertyValueSpecification\",\"valueRequired\":true,\"valueName\":\"search_term_string\"}}],\"inLanguage\":\"pt-BR\"},{\"@type\":\"Organization\",\"@id\":\"https:\/\/www.suno.com.br\/noticias\/#organization\",\"name\":\"Suno Not\u00edcias\",\"url\":\"https:\/\/www.suno.com.br\/noticias\/\",\"logo\":{\"@type\":\"ImageObject\",\"inLanguage\":\"pt-BR\",\"@id\":\"https:\/\/www.suno.com.br\/noticias\/#\/schema\/logo\/image\/\",\"url\":\"https:\/\/files.sunoresearch.com.br\/n\/uploads\/2021\/09\/suno-logo.png\",\"contentUrl\":\"https:\/\/files.sunoresearch.com.br\/n\/uploads\/2021\/09\/suno-logo.png\",\"width\":180,\"height\":180,\"caption\":\"Suno Not\u00edcias\"},\"image\":{\"@id\":\"https:\/\/www.suno.com.br\/noticias\/#\/schema\/logo\/image\/\"},\"sameAs\":[\"https:\/\/facebook.com\/sunoresearch\",\"https:\/\/x.com\/sunoresearch\",\"https:\/\/www.instagram.com\/suno\",\"https:\/\/www.linkedin.com\/company\/suno-research\/\",\"https:\/\/www.youtube.com\/c\/sunoresearch\"]},{\"@type\":\"Person\",\"@id\":\"https:\/\/www.suno.com.br\/noticias\/#\/schema\/person\/46d847cb19ad53fde0857adca989c23f\",\"name\":\"Vict\u00f3ria Anhesini\",\"image\":{\"@type\":\"ImageObject\",\"inLanguage\":\"pt-BR\",\"@id\":\"https:\/\/www.suno.com.br\/noticias\/#\/schema\/person\/image\/\",\"url\":\"https:\/\/secure.gravatar.com\/avatar\/0172bdfcd9129dd9dd68794804304e6e?s=96&r=g\",\"contentUrl\":\"https:\/\/secure.gravatar.com\/avatar\/0172bdfcd9129dd9dd68794804304e6e?s=96&r=g\",\"caption\":\"Vict\u00f3ria Anhesini\"},\"description\":\"Rep\u00f3rter no Suno Not\u00edcias, cobre mercados, neg\u00f3cios e economia, escrevendo majoritariamente sobre movimentos das empresas, cobertura de balan\u00e7os trimestrais e Bolsa de Valores. Formada em jornalismo pela Universidade Presbiteriana Mackenzie em 2019, passou pelo portal de economia e finan\u00e7as EuQueroInvestir como rep\u00f3rter e anteriormente, trabalhou na assessoria de imprensa PinePR, onde liderou com startups de inova\u00e7\u00e3o, tecnologia e finan\u00e7as. Em seu tempo livre, fala sobre m\u00fasica para ambos os sites do selo ForMusic, Wikimetal e Mad Sound, e faz trabalho volunt\u00e1rio no programa Escreve Cartas do Poupatempo.\",\"sameAs\":[\"https:\/\/www.linkedin.com\/in\/victoria-anhesini\/\"],\"url\":\"https:\/\/www.suno.com.br\/noticias\/author\/victoria\/\"}]}<\/script>\n<!-- \/ Yoast SEO plugin. -->","yoast_head_json":{"title":"D\u00f3lar continua em queda? N\u00e3o por muito tempo; cen\u00e1rio \u00e9 nebuloso","description":"A tend\u00eancia do d\u00f3lar para 2022 foi atualizada. Espere por volatilidade de assustar o mais experiente dos investidores. Entenda as previs\u00f5es!","robots":{"index":"index","follow":"follow","max-snippet":"max-snippet:-1","max-image-preview":"max-image-preview:large","max-video-preview":"max-video-preview:-1"},"canonical":"https:\/\/www.suno.com.br\/noticias\/tendencia-dolar-2022-nebulosa\/","og_locale":"pt_BR","og_type":"article","og_title":"D\u00f3lar continua em queda? N\u00e3o por muito tempo; cen\u00e1rio \u00e9 nebuloso","og_description":"A tend\u00eancia do d\u00f3lar para 2022 foi atualizada. Espere por volatilidade de assustar o mais experiente dos investidores. Entenda as previs\u00f5es!","og_url":"https:\/\/www.suno.com.br\/noticias\/tendencia-dolar-2022-nebulosa\/","og_site_name":"Suno Not\u00edcias","article_publisher":"https:\/\/facebook.com\/sunoresearch","og_image":[{"width":1280,"height":960,"url":"https:\/\/files.sunoresearch.com.br\/n\/uploads\/2021\/05\/042f8c01-dollar-2891817_1280.jpg","type":"image\/jpeg"}],"author":"Vict\u00f3ria Anhesini","twitter_card":"summary_large_image","twitter_creator":"@sunoresearch","twitter_site":"@sunoresearch","twitter_misc":{"Escrito por":"Vict\u00f3ria Anhesini","Est. tempo de leitura":"5 minutos"},"schema":{"@context":"https:\/\/schema.org","@graph":[{"@type":"NewsArticle","@id":"https:\/\/www.suno.com.br\/noticias\/tendencia-dolar-2022-nebulosa\/#article","isPartOf":{"@id":"https:\/\/www.suno.com.br\/noticias\/tendencia-dolar-2022-nebulosa\/"},"author":{"name":"Vict\u00f3ria Anhesini","@id":"https:\/\/www.suno.com.br\/noticias\/#\/schema\/person\/46d847cb19ad53fde0857adca989c23f"},"headline":"D\u00f3lar vai parar de cair, mas&#8230; Previs\u00f5es para a moeda em 2022 assustam; saiba mais","datePublished":"2022-05-28T00:05:58+00:00","dateModified":"2022-05-28T02:42:12+00:00","mainEntityOfPage":{"@id":"https:\/\/www.suno.com.br\/noticias\/tendencia-dolar-2022-nebulosa\/"},"wordCount":1178,"publisher":{"@id":"https:\/\/www.suno.com.br\/noticias\/#organization"},"image":{"@id":"https:\/\/www.suno.com.br\/noticias\/tendencia-dolar-2022-nebulosa\/#primaryimage"},"thumbnailUrl":"https:\/\/files.sunoresearch.com.br\/n\/uploads\/2021\/05\/042f8c01-dollar-2891817_1280-jpg.webp","keywords":["c\u00e2mbio","d\u00f3lar","Especiais","Especialistas"],"articleSection":["Economia"],"inLanguage":"pt-BR"},{"@type":"WebPage","@id":"https:\/\/www.suno.com.br\/noticias\/tendencia-dolar-2022-nebulosa\/","url":"https:\/\/www.suno.com.br\/noticias\/tendencia-dolar-2022-nebulosa\/","name":"D\u00f3lar continua em queda? N\u00e3o por muito tempo; cen\u00e1rio \u00e9 nebuloso","isPartOf":{"@id":"https:\/\/www.suno.com.br\/noticias\/#website"},"primaryImageOfPage":{"@id":"https:\/\/www.suno.com.br\/noticias\/tendencia-dolar-2022-nebulosa\/#primaryimage"},"image":{"@id":"https:\/\/www.suno.com.br\/noticias\/tendencia-dolar-2022-nebulosa\/#primaryimage"},"thumbnailUrl":"https:\/\/files.sunoresearch.com.br\/n\/uploads\/2021\/05\/042f8c01-dollar-2891817_1280-jpg.webp","datePublished":"2022-05-28T00:05:58+00:00","dateModified":"2022-05-28T02:42:12+00:00","description":"A tend\u00eancia do d\u00f3lar para 2022 foi atualizada. Espere por volatilidade de assustar o mais experiente dos investidores. Entenda as previs\u00f5es!","breadcrumb":{"@id":"https:\/\/www.suno.com.br\/noticias\/tendencia-dolar-2022-nebulosa\/#breadcrumb"},"inLanguage":"pt-BR","potentialAction":[{"@type":"ReadAction","target":["https:\/\/www.suno.com.br\/noticias\/tendencia-dolar-2022-nebulosa\/"]}]},{"@type":"ImageObject","inLanguage":"pt-BR","@id":"https:\/\/www.suno.com.br\/noticias\/tendencia-dolar-2022-nebulosa\/#primaryimage","url":"https:\/\/files.sunoresearch.com.br\/n\/uploads\/2021\/05\/042f8c01-dollar-2891817_1280-jpg.webp","contentUrl":"https:\/\/files.sunoresearch.com.br\/n\/uploads\/2021\/05\/042f8c01-dollar-2891817_1280-jpg.webp","width":1280,"height":960,"caption":"Foto: Pixabay"},{"@type":"BreadcrumbList","@id":"https:\/\/www.suno.com.br\/noticias\/tendencia-dolar-2022-nebulosa\/#breadcrumb","itemListElement":[{"@type":"ListItem","position":1,"name":"Not\u00edcias","item":"https:\/\/www.suno.com.br\/noticias\/"},{"@type":"ListItem","position":2,"name":"Economia","item":"https:\/\/www.suno.com.br\/noticias\/economia\/"},{"@type":"ListItem","position":3,"name":"D\u00f3lar vai parar de cair, mas&#8230; Previs\u00f5es para a moeda em 2022 assustam; saiba mais"}]},{"@type":"WebSite","@id":"https:\/\/www.suno.com.br\/noticias\/#website","url":"https:\/\/www.suno.com.br\/noticias\/","name":"Suno Not\u00edcias","description":"Seu portal de informa\u00e7\u00e3o sobre o mundo dos investimentos","publisher":{"@id":"https:\/\/www.suno.com.br\/noticias\/#organization"},"potentialAction":[{"@type":"SearchAction","target":{"@type":"EntryPoint","urlTemplate":"https:\/\/www.suno.com.br\/noticias\/?s={search_term_string}"},"query-input":{"@type":"PropertyValueSpecification","valueRequired":true,"valueName":"search_term_string"}}],"inLanguage":"pt-BR"},{"@type":"Organization","@id":"https:\/\/www.suno.com.br\/noticias\/#organization","name":"Suno Not\u00edcias","url":"https:\/\/www.suno.com.br\/noticias\/","logo":{"@type":"ImageObject","inLanguage":"pt-BR","@id":"https:\/\/www.suno.com.br\/noticias\/#\/schema\/logo\/image\/","url":"https:\/\/files.sunoresearch.com.br\/n\/uploads\/2021\/09\/suno-logo.png","contentUrl":"https:\/\/files.sunoresearch.com.br\/n\/uploads\/2021\/09\/suno-logo.png","width":180,"height":180,"caption":"Suno Not\u00edcias"},"image":{"@id":"https:\/\/www.suno.com.br\/noticias\/#\/schema\/logo\/image\/"},"sameAs":["https:\/\/facebook.com\/sunoresearch","https:\/\/x.com\/sunoresearch","https:\/\/www.instagram.com\/suno","https:\/\/www.linkedin.com\/company\/suno-research\/","https:\/\/www.youtube.com\/c\/sunoresearch"]},{"@type":"Person","@id":"https:\/\/www.suno.com.br\/noticias\/#\/schema\/person\/46d847cb19ad53fde0857adca989c23f","name":"Vict\u00f3ria Anhesini","image":{"@type":"ImageObject","inLanguage":"pt-BR","@id":"https:\/\/www.suno.com.br\/noticias\/#\/schema\/person\/image\/","url":"https:\/\/secure.gravatar.com\/avatar\/0172bdfcd9129dd9dd68794804304e6e?s=96&r=g","contentUrl":"https:\/\/secure.gravatar.com\/avatar\/0172bdfcd9129dd9dd68794804304e6e?s=96&r=g","caption":"Vict\u00f3ria Anhesini"},"description":"Rep\u00f3rter no Suno Not\u00edcias, cobre mercados, neg\u00f3cios e economia, escrevendo majoritariamente sobre movimentos das empresas, cobertura de balan\u00e7os trimestrais e Bolsa de Valores. Formada em jornalismo pela Universidade Presbiteriana Mackenzie em 2019, passou pelo portal de economia e finan\u00e7as EuQueroInvestir como rep\u00f3rter e anteriormente, trabalhou na assessoria de imprensa PinePR, onde liderou com startups de inova\u00e7\u00e3o, tecnologia e finan\u00e7as. Em seu tempo livre, fala sobre m\u00fasica para ambos os sites do selo ForMusic, Wikimetal e Mad Sound, e faz trabalho volunt\u00e1rio no programa Escreve Cartas do Poupatempo.","sameAs":["https:\/\/www.linkedin.com\/in\/victoria-anhesini\/"],"url":"https:\/\/www.suno.com.br\/noticias\/author\/victoria\/"}]}},"default_loop_html":"<div class=\"cardsPage__listCard__boxs\"><div class=\"cardsPage__listCard__boxs__img\"><a href=\"https:\/\/www.suno.com.br\/noticias\/tendencia-dolar-2022-nebulosa\/\"><img class=\"mask\" src=\"https:\/\/www.suno.com.br\/noticias\/wp-content\/themes\/suno\/resources\/images\/spotlight\/spotlight1img\/bg-mask.png\" alt=\"Image Mask\"\/><img src=\"https:\/\/files.sunoresearch.com.br\/n\/uploads\/2021\/05\/042f8c01-dollar-2891817_1280-400x200.webp\" alt=\"D\u00f3lar vai parar de cair, mas&#8230; Previs\u00f5es para a moeda em 2022 assustam; saiba mais\"\/><\/a><span class=\"spotlightCategory\"><a href=\"https:\/\/www.suno.com.br\/noticias\/economia\/\">Economia<\/a><\/span><\/div><div class=\"cardsPage__listCard__boxs__content\"><a href=\"https:\/\/www.suno.com.br\/noticias\/tendencia-dolar-2022-nebulosa\/\"><h2 class=\"content__title\">D\u00f3lar vai parar de cair, mas&#8230; Previs\u00f5es para a moeda em 2022 assustam; saiba mais<\/h2><\/a><div class=\"newsContent__article__meta\"><div class=\"newsContent__article__meta__authorBox\"><a href=\"https:\/\/www.suno.com.br\/noticias\/author\/victoria\/\" class=\"authorBox__avatar noMobi\"><img src=\"https:\/\/files.sunoresearch.com.br\/n\/uploads\/2021\/12\/20190129VickyPINEAPPLE01-1-150x150.jpg\" alt=\"Vict\u00f3ria Anhesini\"><\/a><div class=\"authorBox__name\"><span>por\n\t\t\t<a href=\"https:\/\/www.suno.com.br\/noticias\/author\/victoria\/\"><span itemprop=\"author\">Vict\u00f3ria Anhesini<\/span><\/a><\/span><time datetime=\"2022-05-27T21:05:58-03:00\" itemprop=\"datePublished\">27\/05\/2022 21:05<\/time><\/div><\/div><\/div><\/div><\/div>","single_layout":"posts","amp_enabled":true,"_links":{"self":[{"href":"https:\/\/www.suno.com.br\/noticias\/wp-json\/wp\/v2\/posts\/261911"}],"collection":[{"href":"https:\/\/www.suno.com.br\/noticias\/wp-json\/wp\/v2\/posts"}],"about":[{"href":"https:\/\/www.suno.com.br\/noticias\/wp-json\/wp\/v2\/types\/post"}],"author":[{"embeddable":true,"href":"https:\/\/www.suno.com.br\/noticias\/wp-json\/wp\/v2\/users\/146"}],"replies":[{"embeddable":true,"href":"https:\/\/www.suno.com.br\/noticias\/wp-json\/wp\/v2\/comments?post=261911"}],"version-history":[{"count":3,"href":"https:\/\/www.suno.com.br\/noticias\/wp-json\/wp\/v2\/posts\/261911\/revisions"}],"predecessor-version":[{"id":262113,"href":"https:\/\/www.suno.com.br\/noticias\/wp-json\/wp\/v2\/posts\/261911\/revisions\/262113"}],"wp:featuredmedia":[{"embeddable":true,"href":"https:\/\/www.suno.com.br\/noticias\/wp-json\/wp\/v2\/media\/144657"}],"wp:attachment":[{"href":"https:\/\/www.suno.com.br\/noticias\/wp-json\/wp\/v2\/media?parent=261911"}],"wp:term":[{"taxonomy":"category","embeddable":true,"href":"https:\/\/www.suno.com.br\/noticias\/wp-json\/wp\/v2\/categories?post=261911"},{"taxonomy":"post_tag","embeddable":true,"href":"https:\/\/www.suno.com.br\/noticias\/wp-json\/wp\/v2\/tags?post=261911"},{"taxonomy":"suno_strategy","embeddable":true,"href":"https:\/\/www.suno.com.br\/noticias\/wp-json\/wp\/v2\/suno_strategy?post=261911"}],"curies":[{"name":"wp","href":"https:\/\/api.w.org\/{rel}","templated":true}]}}