{"id":26191,"date":"2019-05-28T10:23:38","date_gmt":"2019-05-28T13:23:38","guid":{"rendered":"https:\/\/www.suno.com.br\/noticias\/?p=26191"},"modified":"2019-05-28T11:20:40","modified_gmt":"2019-05-28T14:20:40","slug":"pesquisa-fgv-industria-confianca-cai","status":"publish","type":"post","link":"https:\/\/www.suno.com.br\/noticias\/pesquisa-fgv-industria-confianca-cai\/","title":{"rendered":"Confian\u00e7a dos empres\u00e1rios e da ind\u00fastria caem em maio, diz FGV"},"content":{"rendered":"<p>Nesta ter\u00e7a-feira (28) foi divulgado pela <strong>Funda\u00e7\u00e3o Getulio Vargas<\/strong> (FGV) o <strong>\u00cdndice de Confian\u00e7a da Ind\u00fastria<\/strong> (ICI). O \u00cdndice relatou uma queda de 0,7 ponto em maio, dessa forma, retorna ao patamar de mar\u00e7o (97,2) e anula a alta de abril (97,9).<\/p>\t<div class=\"wrapper-featured-image\">\n\t\t<figure class=\"spotlightImg\">\n\n\t\t\t<picture>\n\t\t\t\t<source media=\"(max-width: 768px)\" srcset=\"https:\/\/files.sunoresearch.com.br\/n\/uploads\/2018\/12\/edd69c9d-produ\u00e7\u00e3o-industrial-400x200.webp\">\n\t\t\t\t<img loading=\"lazy\" decoding=\"async\" class=\"newsContent__article__imgCapa lazyloadDisabled newsContent__article__imgCapa--noCaption\" src=\"https:\/\/files.sunoresearch.com.br\/n\/uploads\/2018\/12\/edd69c9d-produ\u00e7\u00e3o-industrial-jpeg.webp\" width=\"800\" height=\"450\" alt=\"Confian\u00e7a dos empres\u00e1rios e da ind\u00fastria caem em maio, diz FGV\" fetchpriority=high \/>\n\t\t\t<\/picture>\n\n\t\t\t<figcaption class=\"wp-caption-text wp-caption-text--hide\">Produ\u00e7\u00e3o industrial aumenta ao redor do mundo, mas demanda continua fraca<\/figcaption>\n\t\t<\/figure>\n\t<\/div>\n\n\n<p>De acordo com o <strong>Superintendente de Estat\u00edsticas P\u00fablicas do Instituto Brasileiro de Economia<\/strong> (Ibre) <strong>da FGV<\/strong>, Alo\u00edsio Campelo Junior, os empres\u00e1rios est\u00e3o pessimistas \u00e0 respeito do futuro.<\/p>\n<p>&#8220;As expectativas da ind\u00fastria continuaram piorando em maio e retratam agora um empresariado ligeiramente pessimista em rela\u00e7\u00e3o aos pr\u00f3ximos meses&#8221; disse<strong> Campelo<\/strong>.<\/p>\n<p>&#8220;Quanto ao desempenho do setor no m\u00eas, h\u00e1 sinais d\u00fabios. Ap\u00f3s meses andando de lado, o n\u00edvel de utiliza\u00e7\u00e3o da capacidade voltou a subir. Mas houve, em paralelo, ac\u00famulo de estoques indesejados&#8221;, acrescentou.<\/p>\n\t<p>\n\t\t<a href=\"https:\/\/lp2.suno.com.br\/pv\/eu-invisto-2026\/?utm_source=suno-noticias&#038;utm_medium=banner&#038;utm_campaign=_SNC4CCF8112_\" target=\"_blank\" data-element=\"shortcode-suno-banner\" title=\"Banner SUNO, clique e saiba mais\">\n\t\t\t<picture>\n\t\t\t\t<source media=\"(max-width: 500px)\" srcset=\"https:\/\/files.sunoresearch.com.br\/n\/uploads\/2025\/12\/Banner-Materias-01-Mbl_-400x300-1-png.webp\">\n\t\t\t\t<img class=\"newsContent__article__imgCapa newsContent__article__imgCapa--banner\"\n\t\t\t\t\tsrc=\"https:\/\/files.sunoresearch.com.br\/n\/uploads\/2025\/12\/Banner-Materias-01-Dkp_-1420x240-1-png.webp\"\n\t\t\t\t\tdata-promo-id=\"635514\"\t\t\t\t\t\t\t\t\t\twidth='1420' height='240'\t\t\t\t\talt=\"https:\/\/files.sunoresearch.com.br\/n\/uploads\/2025\/12\/Banner-Materias-01-Dkp_-1420x240-1-png.webp\"\n\t\t\t\t>\n\t\t\t<\/picture>\n\t\t<\/a>\n\t<\/p>\n\n\n<h2>Resultados<\/h2>\n<p>Em nota a<strong> FGV<\/strong> afirma que &#8220;a parcela de empresas que preveem aumento do total de pessoal ocupado caiu de 17,6% para 13,9% entre abril e maio. Enquanto a das que projetam diminui\u00e7\u00e3o aumentou de 16,8% para 17,1% do total&#8221;.<\/p>\n<p>Al\u00e9m disso, confira outros resultados:<\/p>\n<ul>\n<li>O indicador que mede perspectiva de contrata\u00e7\u00f5es do setor nos tr\u00eas primeiros meses seguintes recuou 3,6 pontos, influenciando o <strong>\u00edndice geral<\/strong>;<\/li>\n<li><strong>N\u00edvel de Utiliza\u00e7\u00e3o da Capacidade Instalada<\/strong> (NUCI) subiu 0,8 p.p, alcan\u00e7ando o mesmo n\u00edvel de novembro do ano anterior, 75,3%;<\/li>\n<li>o<strong> \u00cdndice da Situa\u00e7\u00e3o Atual<\/strong> (ISA) permaneceu em 98,5 pontos;<\/li>\n<li>o<strong> \u00cdndice de Expectativas<\/strong> (IE) caiu 1,5 ponto, atingindo 95,9 pontos.<\/li>\n<\/ul>\n<p>Ademais, o indicador que mede o otimismo dos empres\u00e1rios em rela\u00e7\u00e3o \u00e0 evolu\u00e7\u00e3o do ambiente de neg\u00f3cios nos seis meses adiante recuou. Sua marca em abril atingiu os 100 pontos, no entanto, em maio est\u00e1 em 98,4 pontos.<\/p>\n<p><a href=\"https:\/\/www.suno.com.br\/noticias\/fgv-confianca-empresarios-cai-marco\/\">Saiba Mais: FGV: Confian\u00e7a dos empres\u00e1rios cai e atinge menor n\u00edvel desde outubro<\/a><\/p>\n<p>A pesquisa da <strong>FGV<\/strong>, <strong>Sondagem da Ind\u00fastria<\/strong>, consultou ao todo 1.109 empresas entre os dias 2 e 23 de maio. A pr\u00f3xima divulga\u00e7\u00e3o acontecer\u00e1 no dia 27 de junho, mas sua pr\u00e9via ser\u00e1 divulgada no dia 19 de junho.<\/p>\n","protected":false},"excerpt":{"rendered":"<p>Nesta ter\u00e7a-feira (28) foi divulgado pela Funda\u00e7\u00e3o Getulio Vargas (FGV) o \u00cdndice de Confian\u00e7a da Ind\u00fastria (ICI). O \u00cdndice relatou uma queda de 0,7 ponto em maio, dessa forma, retorna ao patamar de mar\u00e7o (97,2) e anula a alta de abril (97,9). Produ\u00e7\u00e3o industrial aumenta ao redor do mundo, mas demanda continua fraca De acordo [&hellip;]<\/p>\n","protected":false},"author":15,"featured_media":7812,"comment_status":"closed","ping_status":"closed","sticky":false,"template":"","format":"standard","meta":[],"categories":[62],"tags":[797],"suno_strategy":[],"class_list":["post-26191","post","type-post","status-publish","format-standard","has-post-thumbnail","hentry","category-economia","tag-fgv"],"yoast_head":"<!-- This site is optimized with the Yoast SEO plugin v24.4 - https:\/\/yoast.com\/wordpress\/plugins\/seo\/ -->\n<title>Confian\u00e7a dos empres\u00e1rios e da ind\u00fastria caem em maio, diz FGV<\/title>\n<meta name=\"description\" content=\"Nesta ter\u00e7a (28) a FGV relatou uma queda de 0,7 ponto em maio, dessa forma, retorna ao patamar de mar\u00e7o e anula a alta de abril. Clique aqui\" \/>\n<meta name=\"robots\" content=\"index, follow, max-snippet:-1, max-image-preview:large, max-video-preview:-1\" \/>\n<link rel=\"canonical\" href=\"https:\/\/www.suno.com.br\/noticias\/pesquisa-fgv-industria-confianca-cai\/\" \/>\n<meta property=\"og:locale\" content=\"pt_BR\" \/>\n<meta property=\"og:type\" content=\"article\" \/>\n<meta property=\"og:title\" content=\"Confian\u00e7a dos empres\u00e1rios e da ind\u00fastria caem em maio, diz FGV\" \/>\n<meta property=\"og:description\" content=\"Nesta ter\u00e7a (28) a FGV relatou uma queda de 0,7 ponto em maio, dessa forma, retorna ao patamar de mar\u00e7o e anula a alta de abril. Clique aqui\" \/>\n<meta property=\"og:url\" content=\"https:\/\/www.suno.com.br\/noticias\/pesquisa-fgv-industria-confianca-cai\/\" \/>\n<meta property=\"og:site_name\" content=\"Suno Not\u00edcias\" \/>\n<meta property=\"article:publisher\" content=\"https:\/\/facebook.com\/sunoresearch\" \/>\n<meta property=\"og:image\" content=\"https:\/\/files.sunoresearch.com.br\/n\/uploads\/2018\/12\/edd69c9d-produ\u00e7\u00e3o-industrial.jpeg\" \/>\n\t<meta property=\"og:image:width\" content=\"640\" \/>\n\t<meta property=\"og:image:height\" content=\"426\" \/>\n\t<meta property=\"og:image:type\" content=\"image\/jpeg\" \/>\n<meta name=\"author\" content=\"Poliana Santos\" \/>\n<meta name=\"twitter:card\" content=\"summary_large_image\" \/>\n<meta name=\"twitter:creator\" content=\"@sunoresearch\" \/>\n<meta name=\"twitter:site\" content=\"@sunoresearch\" \/>\n<meta name=\"twitter:label1\" content=\"Escrito por\" \/>\n\t<meta name=\"twitter:data1\" content=\"Poliana Santos\" \/>\n\t<meta name=\"twitter:label2\" content=\"Est. tempo de leitura\" \/>\n\t<meta name=\"twitter:data2\" content=\"2 minutos\" \/>\n<script type=\"application\/ld+json\" class=\"yoast-schema-graph\">{\"@context\":\"https:\/\/schema.org\",\"@graph\":[{\"@type\":\"NewsArticle\",\"@id\":\"https:\/\/www.suno.com.br\/noticias\/pesquisa-fgv-industria-confianca-cai\/#article\",\"isPartOf\":{\"@id\":\"https:\/\/www.suno.com.br\/noticias\/pesquisa-fgv-industria-confianca-cai\/\"},\"author\":{\"name\":\"Poliana Santos\",\"@id\":\"https:\/\/www.suno.com.br\/noticias\/#\/schema\/person\/02ec1f752758247878a2bf4abee1aeda\"},\"headline\":\"Confian\u00e7a dos empres\u00e1rios e da ind\u00fastria caem em maio, diz FGV\",\"datePublished\":\"2019-05-28T13:23:38+00:00\",\"dateModified\":\"2019-05-28T14:20:40+00:00\",\"mainEntityOfPage\":{\"@id\":\"https:\/\/www.suno.com.br\/noticias\/pesquisa-fgv-industria-confianca-cai\/\"},\"wordCount\":356,\"publisher\":{\"@id\":\"https:\/\/www.suno.com.br\/noticias\/#organization\"},\"image\":{\"@id\":\"https:\/\/www.suno.com.br\/noticias\/pesquisa-fgv-industria-confianca-cai\/#primaryimage\"},\"thumbnailUrl\":\"https:\/\/files.sunoresearch.com.br\/n\/uploads\/2018\/12\/edd69c9d-produ\u00e7\u00e3o-industrial-jpeg.webp\",\"keywords\":[\"FGV\"],\"articleSection\":[\"Economia\"],\"inLanguage\":\"pt-BR\"},{\"@type\":\"WebPage\",\"@id\":\"https:\/\/www.suno.com.br\/noticias\/pesquisa-fgv-industria-confianca-cai\/\",\"url\":\"https:\/\/www.suno.com.br\/noticias\/pesquisa-fgv-industria-confianca-cai\/\",\"name\":\"Confian\u00e7a dos empres\u00e1rios e da ind\u00fastria caem em maio, diz FGV\",\"isPartOf\":{\"@id\":\"https:\/\/www.suno.com.br\/noticias\/#website\"},\"primaryImageOfPage\":{\"@id\":\"https:\/\/www.suno.com.br\/noticias\/pesquisa-fgv-industria-confianca-cai\/#primaryimage\"},\"image\":{\"@id\":\"https:\/\/www.suno.com.br\/noticias\/pesquisa-fgv-industria-confianca-cai\/#primaryimage\"},\"thumbnailUrl\":\"https:\/\/files.sunoresearch.com.br\/n\/uploads\/2018\/12\/edd69c9d-produ\u00e7\u00e3o-industrial-jpeg.webp\",\"datePublished\":\"2019-05-28T13:23:38+00:00\",\"dateModified\":\"2019-05-28T14:20:40+00:00\",\"description\":\"Nesta ter\u00e7a (28) a FGV relatou uma queda de 0,7 ponto em maio, dessa forma, retorna ao patamar de mar\u00e7o e anula a alta de abril. Clique aqui\",\"breadcrumb\":{\"@id\":\"https:\/\/www.suno.com.br\/noticias\/pesquisa-fgv-industria-confianca-cai\/#breadcrumb\"},\"inLanguage\":\"pt-BR\",\"potentialAction\":[{\"@type\":\"ReadAction\",\"target\":[\"https:\/\/www.suno.com.br\/noticias\/pesquisa-fgv-industria-confianca-cai\/\"]}]},{\"@type\":\"ImageObject\",\"inLanguage\":\"pt-BR\",\"@id\":\"https:\/\/www.suno.com.br\/noticias\/pesquisa-fgv-industria-confianca-cai\/#primaryimage\",\"url\":\"https:\/\/files.sunoresearch.com.br\/n\/uploads\/2018\/12\/edd69c9d-produ\u00e7\u00e3o-industrial-jpeg.webp\",\"contentUrl\":\"https:\/\/files.sunoresearch.com.br\/n\/uploads\/2018\/12\/edd69c9d-produ\u00e7\u00e3o-industrial-jpeg.webp\",\"width\":640,\"height\":426,\"caption\":\"Produ\u00e7\u00e3o industrial aumenta ao redor do mundo, mas demanda continua fraca\"},{\"@type\":\"BreadcrumbList\",\"@id\":\"https:\/\/www.suno.com.br\/noticias\/pesquisa-fgv-industria-confianca-cai\/#breadcrumb\",\"itemListElement\":[{\"@type\":\"ListItem\",\"position\":1,\"name\":\"Not\u00edcias\",\"item\":\"https:\/\/www.suno.com.br\/noticias\/\"},{\"@type\":\"ListItem\",\"position\":2,\"name\":\"Economia\",\"item\":\"https:\/\/www.suno.com.br\/noticias\/economia\/\"},{\"@type\":\"ListItem\",\"position\":3,\"name\":\"Confian\u00e7a dos empres\u00e1rios e da ind\u00fastria caem em maio, diz FGV\"}]},{\"@type\":\"WebSite\",\"@id\":\"https:\/\/www.suno.com.br\/noticias\/#website\",\"url\":\"https:\/\/www.suno.com.br\/noticias\/\",\"name\":\"Suno Not\u00edcias\",\"description\":\"Seu portal de informa\u00e7\u00e3o sobre o mundo dos investimentos\",\"publisher\":{\"@id\":\"https:\/\/www.suno.com.br\/noticias\/#organization\"},\"potentialAction\":[{\"@type\":\"SearchAction\",\"target\":{\"@type\":\"EntryPoint\",\"urlTemplate\":\"https:\/\/www.suno.com.br\/noticias\/?s={search_term_string}\"},\"query-input\":{\"@type\":\"PropertyValueSpecification\",\"valueRequired\":true,\"valueName\":\"search_term_string\"}}],\"inLanguage\":\"pt-BR\"},{\"@type\":\"Organization\",\"@id\":\"https:\/\/www.suno.com.br\/noticias\/#organization\",\"name\":\"Suno Not\u00edcias\",\"url\":\"https:\/\/www.suno.com.br\/noticias\/\",\"logo\":{\"@type\":\"ImageObject\",\"inLanguage\":\"pt-BR\",\"@id\":\"https:\/\/www.suno.com.br\/noticias\/#\/schema\/logo\/image\/\",\"url\":\"https:\/\/files.sunoresearch.com.br\/n\/uploads\/2021\/09\/suno-logo.png\",\"contentUrl\":\"https:\/\/files.sunoresearch.com.br\/n\/uploads\/2021\/09\/suno-logo.png\",\"width\":180,\"height\":180,\"caption\":\"Suno Not\u00edcias\"},\"image\":{\"@id\":\"https:\/\/www.suno.com.br\/noticias\/#\/schema\/logo\/image\/\"},\"sameAs\":[\"https:\/\/facebook.com\/sunoresearch\",\"https:\/\/x.com\/sunoresearch\",\"https:\/\/www.instagram.com\/suno\",\"https:\/\/www.linkedin.com\/company\/suno-research\/\",\"https:\/\/www.youtube.com\/c\/sunoresearch\"]},{\"@type\":\"Person\",\"@id\":\"https:\/\/www.suno.com.br\/noticias\/#\/schema\/person\/02ec1f752758247878a2bf4abee1aeda\",\"name\":\"Poliana Santos\",\"image\":{\"@type\":\"ImageObject\",\"inLanguage\":\"pt-BR\",\"@id\":\"https:\/\/www.suno.com.br\/noticias\/#\/schema\/person\/image\/\",\"url\":\"https:\/\/secure.gravatar.com\/avatar\/0645bd32f23d87b2130f2b2dff1d3f8d?s=96&r=g\",\"contentUrl\":\"https:\/\/secure.gravatar.com\/avatar\/0645bd32f23d87b2130f2b2dff1d3f8d?s=96&r=g\",\"caption\":\"Poliana Santos\"},\"description\":\"Rep\u00f3rter no Suno Not\u00edcias, com cobertura em mercado financeiro, economia, finan\u00e7as pessoais, renda fixa e varejo. Jornalista formada pela Faculdade C\u00e1sper L\u00edbero e possui passagem na R\u00e1dio Gazeta AM com a produ\u00e7\u00e3o de conte\u00fado sobre economia, pol\u00edtica, sa\u00fade, moda e m\u00fasica. Possui certificado de conclus\u00e3o do curso de An\u00e1lise de Balan\u00e7os pela Funda\u00e7\u00e3o Bradesco, Agenda Brasil pela FAAP, Educa\u00e7\u00e3o Pol\u00edtica por Alexandre Garcia e do Tesouro Direto e Mercado de A\u00e7\u00f5es pela B3.\",\"url\":\"https:\/\/www.suno.com.br\/noticias\/author\/poliana-santos\/\"}]}<\/script>\n<!-- \/ Yoast SEO plugin. -->","yoast_head_json":{"title":"Confian\u00e7a dos empres\u00e1rios e da ind\u00fastria caem em maio, diz FGV","description":"Nesta ter\u00e7a (28) a FGV relatou uma queda de 0,7 ponto em maio, dessa forma, retorna ao patamar de mar\u00e7o e anula a alta de abril. Clique aqui","robots":{"index":"index","follow":"follow","max-snippet":"max-snippet:-1","max-image-preview":"max-image-preview:large","max-video-preview":"max-video-preview:-1"},"canonical":"https:\/\/www.suno.com.br\/noticias\/pesquisa-fgv-industria-confianca-cai\/","og_locale":"pt_BR","og_type":"article","og_title":"Confian\u00e7a dos empres\u00e1rios e da ind\u00fastria caem em maio, diz FGV","og_description":"Nesta ter\u00e7a (28) a FGV relatou uma queda de 0,7 ponto em maio, dessa forma, retorna ao patamar de mar\u00e7o e anula a alta de abril. Clique aqui","og_url":"https:\/\/www.suno.com.br\/noticias\/pesquisa-fgv-industria-confianca-cai\/","og_site_name":"Suno Not\u00edcias","article_publisher":"https:\/\/facebook.com\/sunoresearch","og_image":[{"width":640,"height":426,"url":"https:\/\/files.sunoresearch.com.br\/n\/uploads\/2018\/12\/edd69c9d-produ\u00e7\u00e3o-industrial.jpeg","type":"image\/jpeg"}],"author":"Poliana Santos","twitter_card":"summary_large_image","twitter_creator":"@sunoresearch","twitter_site":"@sunoresearch","twitter_misc":{"Escrito por":"Poliana Santos","Est. tempo de leitura":"2 minutos"},"schema":{"@context":"https:\/\/schema.org","@graph":[{"@type":"NewsArticle","@id":"https:\/\/www.suno.com.br\/noticias\/pesquisa-fgv-industria-confianca-cai\/#article","isPartOf":{"@id":"https:\/\/www.suno.com.br\/noticias\/pesquisa-fgv-industria-confianca-cai\/"},"author":{"name":"Poliana Santos","@id":"https:\/\/www.suno.com.br\/noticias\/#\/schema\/person\/02ec1f752758247878a2bf4abee1aeda"},"headline":"Confian\u00e7a dos empres\u00e1rios e da ind\u00fastria caem em maio, diz FGV","datePublished":"2019-05-28T13:23:38+00:00","dateModified":"2019-05-28T14:20:40+00:00","mainEntityOfPage":{"@id":"https:\/\/www.suno.com.br\/noticias\/pesquisa-fgv-industria-confianca-cai\/"},"wordCount":356,"publisher":{"@id":"https:\/\/www.suno.com.br\/noticias\/#organization"},"image":{"@id":"https:\/\/www.suno.com.br\/noticias\/pesquisa-fgv-industria-confianca-cai\/#primaryimage"},"thumbnailUrl":"https:\/\/files.sunoresearch.com.br\/n\/uploads\/2018\/12\/edd69c9d-produ\u00e7\u00e3o-industrial-jpeg.webp","keywords":["FGV"],"articleSection":["Economia"],"inLanguage":"pt-BR"},{"@type":"WebPage","@id":"https:\/\/www.suno.com.br\/noticias\/pesquisa-fgv-industria-confianca-cai\/","url":"https:\/\/www.suno.com.br\/noticias\/pesquisa-fgv-industria-confianca-cai\/","name":"Confian\u00e7a dos empres\u00e1rios e da ind\u00fastria caem em maio, diz FGV","isPartOf":{"@id":"https:\/\/www.suno.com.br\/noticias\/#website"},"primaryImageOfPage":{"@id":"https:\/\/www.suno.com.br\/noticias\/pesquisa-fgv-industria-confianca-cai\/#primaryimage"},"image":{"@id":"https:\/\/www.suno.com.br\/noticias\/pesquisa-fgv-industria-confianca-cai\/#primaryimage"},"thumbnailUrl":"https:\/\/files.sunoresearch.com.br\/n\/uploads\/2018\/12\/edd69c9d-produ\u00e7\u00e3o-industrial-jpeg.webp","datePublished":"2019-05-28T13:23:38+00:00","dateModified":"2019-05-28T14:20:40+00:00","description":"Nesta ter\u00e7a (28) a FGV relatou uma queda de 0,7 ponto em maio, dessa forma, retorna ao patamar de mar\u00e7o e anula a alta de abril. Clique aqui","breadcrumb":{"@id":"https:\/\/www.suno.com.br\/noticias\/pesquisa-fgv-industria-confianca-cai\/#breadcrumb"},"inLanguage":"pt-BR","potentialAction":[{"@type":"ReadAction","target":["https:\/\/www.suno.com.br\/noticias\/pesquisa-fgv-industria-confianca-cai\/"]}]},{"@type":"ImageObject","inLanguage":"pt-BR","@id":"https:\/\/www.suno.com.br\/noticias\/pesquisa-fgv-industria-confianca-cai\/#primaryimage","url":"https:\/\/files.sunoresearch.com.br\/n\/uploads\/2018\/12\/edd69c9d-produ\u00e7\u00e3o-industrial-jpeg.webp","contentUrl":"https:\/\/files.sunoresearch.com.br\/n\/uploads\/2018\/12\/edd69c9d-produ\u00e7\u00e3o-industrial-jpeg.webp","width":640,"height":426,"caption":"Produ\u00e7\u00e3o industrial aumenta ao redor do mundo, mas demanda continua fraca"},{"@type":"BreadcrumbList","@id":"https:\/\/www.suno.com.br\/noticias\/pesquisa-fgv-industria-confianca-cai\/#breadcrumb","itemListElement":[{"@type":"ListItem","position":1,"name":"Not\u00edcias","item":"https:\/\/www.suno.com.br\/noticias\/"},{"@type":"ListItem","position":2,"name":"Economia","item":"https:\/\/www.suno.com.br\/noticias\/economia\/"},{"@type":"ListItem","position":3,"name":"Confian\u00e7a dos empres\u00e1rios e da ind\u00fastria caem em maio, diz FGV"}]},{"@type":"WebSite","@id":"https:\/\/www.suno.com.br\/noticias\/#website","url":"https:\/\/www.suno.com.br\/noticias\/","name":"Suno Not\u00edcias","description":"Seu portal de informa\u00e7\u00e3o sobre o mundo dos investimentos","publisher":{"@id":"https:\/\/www.suno.com.br\/noticias\/#organization"},"potentialAction":[{"@type":"SearchAction","target":{"@type":"EntryPoint","urlTemplate":"https:\/\/www.suno.com.br\/noticias\/?s={search_term_string}"},"query-input":{"@type":"PropertyValueSpecification","valueRequired":true,"valueName":"search_term_string"}}],"inLanguage":"pt-BR"},{"@type":"Organization","@id":"https:\/\/www.suno.com.br\/noticias\/#organization","name":"Suno Not\u00edcias","url":"https:\/\/www.suno.com.br\/noticias\/","logo":{"@type":"ImageObject","inLanguage":"pt-BR","@id":"https:\/\/www.suno.com.br\/noticias\/#\/schema\/logo\/image\/","url":"https:\/\/files.sunoresearch.com.br\/n\/uploads\/2021\/09\/suno-logo.png","contentUrl":"https:\/\/files.sunoresearch.com.br\/n\/uploads\/2021\/09\/suno-logo.png","width":180,"height":180,"caption":"Suno Not\u00edcias"},"image":{"@id":"https:\/\/www.suno.com.br\/noticias\/#\/schema\/logo\/image\/"},"sameAs":["https:\/\/facebook.com\/sunoresearch","https:\/\/x.com\/sunoresearch","https:\/\/www.instagram.com\/suno","https:\/\/www.linkedin.com\/company\/suno-research\/","https:\/\/www.youtube.com\/c\/sunoresearch"]},{"@type":"Person","@id":"https:\/\/www.suno.com.br\/noticias\/#\/schema\/person\/02ec1f752758247878a2bf4abee1aeda","name":"Poliana Santos","image":{"@type":"ImageObject","inLanguage":"pt-BR","@id":"https:\/\/www.suno.com.br\/noticias\/#\/schema\/person\/image\/","url":"https:\/\/secure.gravatar.com\/avatar\/0645bd32f23d87b2130f2b2dff1d3f8d?s=96&r=g","contentUrl":"https:\/\/secure.gravatar.com\/avatar\/0645bd32f23d87b2130f2b2dff1d3f8d?s=96&r=g","caption":"Poliana Santos"},"description":"Rep\u00f3rter no Suno Not\u00edcias, com cobertura em mercado financeiro, economia, finan\u00e7as pessoais, renda fixa e varejo. Jornalista formada pela Faculdade C\u00e1sper L\u00edbero e possui passagem na R\u00e1dio Gazeta AM com a produ\u00e7\u00e3o de conte\u00fado sobre economia, pol\u00edtica, sa\u00fade, moda e m\u00fasica. Possui certificado de conclus\u00e3o do curso de An\u00e1lise de Balan\u00e7os pela Funda\u00e7\u00e3o Bradesco, Agenda Brasil pela FAAP, Educa\u00e7\u00e3o Pol\u00edtica por Alexandre Garcia e do Tesouro Direto e Mercado de A\u00e7\u00f5es pela B3.","url":"https:\/\/www.suno.com.br\/noticias\/author\/poliana-santos\/"}]}},"default_loop_html":"<div class=\"cardsPage__listCard__boxs\"><div class=\"cardsPage__listCard__boxs__img\"><a href=\"https:\/\/www.suno.com.br\/noticias\/pesquisa-fgv-industria-confianca-cai\/\"><img class=\"mask\" src=\"https:\/\/www.suno.com.br\/noticias\/wp-content\/themes\/suno\/resources\/images\/spotlight\/spotlight1img\/bg-mask.png\" alt=\"Image Mask\"\/><img src=\"https:\/\/files.sunoresearch.com.br\/n\/uploads\/2018\/12\/edd69c9d-produ\u00e7\u00e3o-industrial-400x200.webp\" alt=\"Confian\u00e7a dos empres\u00e1rios e da ind\u00fastria caem em maio, diz FGV\"\/><\/a><span class=\"spotlightCategory\"><a href=\"https:\/\/www.suno.com.br\/noticias\/economia\/\">Economia<\/a><\/span><\/div><div class=\"cardsPage__listCard__boxs__content\"><a href=\"https:\/\/www.suno.com.br\/noticias\/pesquisa-fgv-industria-confianca-cai\/\"><h2 class=\"content__title\">Confian\u00e7a dos empres\u00e1rios e da ind\u00fastria caem em maio, diz FGV<\/h2><\/a><div class=\"newsContent__article__meta\"><div class=\"newsContent__article__meta__authorBox\"><a href=\"https:\/\/www.suno.com.br\/noticias\/author\/poliana-santos\/\" class=\"authorBox__avatar noMobi\"><img src=\"https:\/\/files.sunoresearch.com.br\/n\/uploads\/2020\/08\/7ef34026-whatsapp-image-2020-08-03-at-12.37.57-150x150.webp\" alt=\"Poliana Santos\"><\/a><div class=\"authorBox__name\"><span>por\n\t\t\t<a href=\"https:\/\/www.suno.com.br\/noticias\/author\/poliana-santos\/\"><span itemprop=\"author\">Poliana Santos<\/span><\/a><\/span><time datetime=\"2019-05-28T10:23:38-03:00\" itemprop=\"datePublished\">28\/05\/2019 10:23<\/time><\/div><\/div><\/div><\/div><\/div>","single_layout":"posts","amp_enabled":true,"_links":{"self":[{"href":"https:\/\/www.suno.com.br\/noticias\/wp-json\/wp\/v2\/posts\/26191"}],"collection":[{"href":"https:\/\/www.suno.com.br\/noticias\/wp-json\/wp\/v2\/posts"}],"about":[{"href":"https:\/\/www.suno.com.br\/noticias\/wp-json\/wp\/v2\/types\/post"}],"author":[{"embeddable":true,"href":"https:\/\/www.suno.com.br\/noticias\/wp-json\/wp\/v2\/users\/15"}],"replies":[{"embeddable":true,"href":"https:\/\/www.suno.com.br\/noticias\/wp-json\/wp\/v2\/comments?post=26191"}],"version-history":[{"count":0,"href":"https:\/\/www.suno.com.br\/noticias\/wp-json\/wp\/v2\/posts\/26191\/revisions"}],"wp:featuredmedia":[{"embeddable":true,"href":"https:\/\/www.suno.com.br\/noticias\/wp-json\/wp\/v2\/media\/7812"}],"wp:attachment":[{"href":"https:\/\/www.suno.com.br\/noticias\/wp-json\/wp\/v2\/media?parent=26191"}],"wp:term":[{"taxonomy":"category","embeddable":true,"href":"https:\/\/www.suno.com.br\/noticias\/wp-json\/wp\/v2\/categories?post=26191"},{"taxonomy":"post_tag","embeddable":true,"href":"https:\/\/www.suno.com.br\/noticias\/wp-json\/wp\/v2\/tags?post=26191"},{"taxonomy":"suno_strategy","embeddable":true,"href":"https:\/\/www.suno.com.br\/noticias\/wp-json\/wp\/v2\/suno_strategy?post=26191"}],"curies":[{"name":"wp","href":"https:\/\/api.w.org\/{rel}","templated":true}]}}