{"id":26186,"date":"2019-05-28T10:21:56","date_gmt":"2019-05-28T13:21:56","guid":{"rendered":"https:\/\/www.suno.com.br\/noticias\/?p=26186"},"modified":"2019-05-28T10:21:56","modified_gmt":"2019-05-28T13:21:56","slug":"ibovespa-28052019","status":"publish","type":"post","link":"https:\/\/www.suno.com.br\/noticias\/ibovespa-28052019\/","title":{"rendered":"Ibovespa bate os 95 mil pontos de novo com cen\u00e1rio interno otimista"},"content":{"rendered":"<p>O Ibovespa inicia o preg\u00e3o desta ter\u00e7a-feira (28) em alta. Por volta das 10h, o \u00edndice registrava uma varia\u00e7\u00e3o com alta de 0,42% somando 95.263,40 pontos.<\/p>\t<div class=\"wrapper-featured-image\">\n\t\t<figure class=\"spotlightImg\">\n\n\t\t\t<picture>\n\t\t\t\t<source media=\"(max-width: 768px)\" srcset=\"https:\/\/files.sunoresearch.com.br\/n\/uploads\/2019\/05\/0a3734a8-ibovespa-400x200.webp\">\n\t\t\t\t<img loading=\"lazy\" decoding=\"async\" class=\"newsContent__article__imgCapa lazyloadDisabled newsContent__article__imgCapa--noCaption\" src=\"https:\/\/files.sunoresearch.com.br\/n\/uploads\/2019\/05\/0a3734a8-ibovespa-800x450.webp\" width=\"800\" height=\"450\" alt=\"Ibovespa bate os 95 mil pontos de novo com cen\u00e1rio interno otimista\" fetchpriority=high \/>\n\t\t\t<\/picture>\n\n\t\t\t<figcaption class=\"wp-caption-text wp-caption-text--hide\">Ibovespa fecha em alta de 0,52%, a 87.402,59 pontos<\/figcaption>\n\t\t<\/figure>\n\t<\/div>\n\n\n<p>Nesta ter\u00e7a, o <strong>Ibovespa<\/strong> deve ser impactado pelas avalia\u00e7\u00f5es sobre a <strong>manifesta\u00e7\u00e3o pr\u00f3-Bolsonaro<\/strong> que aconteceu no final de semana, assim como aconteceu na \u00faltima segunda-feira (27).<\/p>\n<p>No entanto, a ter\u00e7a ser\u00e1 movimentada ainda com a reuni\u00e3o dos tr\u00eas poderes, <strong>Executivo<\/strong>, <strong>Legislativo<\/strong> e <strong>Judici\u00e1rio<\/strong>. Al\u00e9m disso, a <strong>reforma<\/strong> da <strong>Previd\u00eancia<\/strong> entra em suas \u00faltimas audi\u00eancias p\u00fablicas nesta semana, na <strong>Comiss\u00e3o<\/strong> <strong>Especial<\/strong> da C\u00e2mara dos Deputados.<\/p>\n\t<p>\n\t\t<a href=\"https:\/\/www.seculus.com.br\/blackfriday\" target=\"_blank\" data-element=\"shortcode-suno-banner\" title=\"Banner SUNO, clique e saiba mais\">\n\t\t\t<picture>\n\t\t\t\t<source media=\"(max-width: 500px)\" srcset=\"https:\/\/files.sunoresearch.com.br\/n\/uploads\/2023\/11\/seculus_suno_mobile_3.jpg\">\n\t\t\t\t<img class=\"newsContent__article__imgCapa newsContent__article__imgCapa--banner\"\n\t\t\t\t\tsrc=\"https:\/\/files.sunoresearch.com.br\/n\/uploads\/2023\/11\/seculus_suno_desktop_3.jpg\"\n\t\t\t\t\tdata-promo-id=\"474124\"\t\t\t\t\t\t\t\t\t\twidth='1420' height='240'\t\t\t\t\talt=\"https:\/\/files.sunoresearch.com.br\/n\/uploads\/2023\/11\/seculus_suno_desktop_3.jpg\"\n\t\t\t\t>\n\t\t\t<\/picture>\n\t\t<\/a>\n\t<\/p>\n\n\n<h2>Reforma da Previd\u00eancia<\/h2>\n<p>A <strong>Comiss\u00e3o<\/strong> <strong>Especial<\/strong> da <strong>reforma<\/strong> <strong>da<\/strong> <strong>Previd\u00eancia<\/strong> ter\u00e1 nesta semana suas \u00faltimas audi\u00eancias p\u00fablicas para debate antes que o relator e deputado, Samuel Moreira, apresente o seu parecer sobre a PEC.<\/p>\n<p>De acordo com o &#8220;Valor&#8221;, a C\u00e2mara j\u00e1 possui ao menos 220 parlamentares inclinados a aprovar a reforma da Previd\u00eancia, equivalente a 71% dos 308 votos necess\u00e1rios para aprova\u00e7\u00e3o da proposta.<\/p>\n<p>No Senado Federal, os investidores devem acompanhar a articula\u00e7\u00e3o dos senadores sobre a decis\u00e3o dos deputados que tirou do Minist\u00e9rio da Justi\u00e7a o <strong>Conselho de Controle Atividades Financeiras (Coaf)<\/strong>.<\/p>\n<p><a href=\"https:\/\/www.suno.com.br\/noticias\/bolsonaro-coaf-economia-mp\/\">Saiba mais:\u00a0Bolsonaro defende manter Coaf na Economia sob risco de perder MP<\/a><\/p>\n<p>No entanto, o principal alerta esta relacionado ao articulador da a\u00e7\u00e3o, no caso, o pr\u00f3prio l\u00edder do PSL no Senado, Major Ol\u00edmpio, que est\u00e1 indo contra o que defende o governo de Jair Bolsonaro.<\/p>\n<h2>Manifesta\u00e7\u00f5es pr\u00f3-Bolsonaro<\/h2>\n<p>Ao menos 156 cidades em 26 estados e no Distrito Federal tiveram protestos durante o \u00faltimo domingo (26) em defesa do <strong>presidente Jair Bolsonaro<\/strong> e das medidas de seu governo. Entre elas, reforma da Previd\u00eancia e o <strong>pacote<\/strong> <strong>anticrime<\/strong>.<\/p>\n<p>O movimento ganhou for\u00e7a ap\u00f3s os protestos em defesa da educa\u00e7\u00e3o no \u00faltimo dia 15, devido aos cortes anunciados pelo governo para os ensinos superior e t\u00e9cnico federais.<\/p>\n<p><a href=\"https:\/\/www.suno.com.br\/noticias\/atos-apoio-bolsonaro-pais-domingo\/\">Saiba mais:\u00a0Atos em apoio a Bolsonaro j\u00e1 t\u00eam in\u00edcio pelo pa\u00eds neste domingo<\/a><\/p>\n<p>Al\u00e9m disso, os <strong>manifestantes<\/strong> apoiavam a reforma ministerial proposta pelo governo Bolsonaro. A proposta reduz o n\u00famero de minist\u00e9rios de 29 para 22.<\/p>\n<p>No entanto, a movimenta\u00e7\u00e3o que demonstrava que o governo ainda tem apoio e for\u00e7a para seguir seu planejamento teve um rev\u00e9s com as cr\u00edticas ao <strong>Congresso<\/strong> <strong>Nacional<\/strong> e ao <strong>Supremo Tribunal Federal (STF)<\/strong>.<\/p>\n\t<p>\n\t\t<a href=\"https:\/\/lp.suno.com.br\/ao\/sessao-estrategica-consultoria-c\/?utm_source=suno-noticias&#038;utm_medium=banner&#038;utm_campaing=dolar-cair-juros\" target=\"_blank\" data-element=\"shortcode-suno-banner\" title=\"Banner SUNO, clique e saiba mais\">\n\t\t\t<picture>\n\t\t\t\t<source media=\"(max-width: 500px)\" srcset=\"https:\/\/files.sunoresearch.com.br\/n\/uploads\/2025\/09\/300x400.webp\">\n\t\t\t\t<img class=\"newsContent__article__imgCapa newsContent__article__imgCapa--banner\"\n\t\t\t\t\tsrc=\"https:\/\/files.sunoresearch.com.br\/n\/uploads\/2025\/09\/SN-DT-1420x240-1.webp\"\n\t\t\t\t\tdata-promo-id=\"624946\"\t\t\t\t\t\t\t\t\t\twidth='1420' height='240'\t\t\t\t\talt=\"https:\/\/files.sunoresearch.com.br\/n\/uploads\/2025\/09\/SN-DT-1420x240-1.webp\"\n\t\t\t\t>\n\t\t\t<\/picture>\n\t\t<\/a>\n\t<\/p>\n\n\n<h2>Reuni\u00e3o dos tr\u00eas poderes<\/h2>\n<p>Dessa forma, o presidente Jair Bolsonaro decidiu se reunir com o presidente do STF, <strong>Dias<\/strong> <strong>Toffoli<\/strong>, o presidente da C\u00e2mara dos Deputados, <strong>Rodrigo<\/strong> <strong>Maia<\/strong> e o presidente do Senado Federal, <strong>Davi<\/strong> <strong>Alcolumbre<\/strong>, nesta manh\u00e3, como uma forma de aproximar os poderes, ap\u00f3s as cr\u00edticas sofridas durante o final de semana.<\/p>\n<p>De acordo com a &#8220;Folha de S.Paulo&#8221; um novo documento \u00e9 analisado. Nele ser\u00e3o avaliadas cinco prioridades que formariam um &#8220;3\u00ba pacto republicano&#8221;. Nele ser\u00e3o vistos:<\/p>\n<ul>\n<li><strong>Reforma<\/strong> <strong>da<\/strong> <strong>Previd\u00eancia<\/strong>,<\/li>\n<li><strong>Reforma Tribut\u00e1ria,<\/strong><\/li>\n<li><strong>Revis\u00e3o<\/strong> <strong>do<\/strong> <strong>pacto<\/strong> <strong>federativo,<\/strong><\/li>\n<li><strong>Desburocratiza\u00e7\u00e3o,<\/strong><\/li>\n<li><strong>Pol\u00edtica<\/strong> <strong>nacional<\/strong> <strong>de seguran\u00e7a.<\/strong><\/li>\n<\/ul>\n<p>Integrantes do Congresso e do STF seguem cautelosos sobre os movimentos do governo de Bolsonaro, No entanto, consideram que um acordo \u00e9 importante para evitar que as crises pol\u00edticas e econ\u00f4mica aumentem.<\/p>\n\t<p>\n\t\t<a href=\"https:\/\/lp.suno.com.br\/ebook-guia-ir\/\" target=\"_blank\" data-element=\"shortcode-suno-banner\" title=\"Banner SUNO, clique e saiba mais\">\n\t\t\t<picture>\n\t\t\t\t<source media=\"(max-width: 500px)\" srcset=\"https:\/\/files.sunoresearch.com.br\/n\/uploads\/2023\/03\/400x300-Ebook-IR.png\">\n\t\t\t\t<img class=\"newsContent__article__imgCapa newsContent__article__imgCapa--banner\"\n\t\t\t\t\tsrc=\"https:\/\/files.sunoresearch.com.br\/n\/uploads\/2023\/03\/1420x240-Ebook-IR.png\"\n\t\t\t\t\tdata-promo-id=\"383124\"\t\t\t\t\t\t\t\t\t\twidth='1420' height='240'\t\t\t\t\talt=\"https:\/\/files.sunoresearch.com.br\/n\/uploads\/2023\/03\/1420x240-Ebook-IR.png\"\n\t\t\t\t>\n\t\t\t<\/picture>\n\t\t<\/a>\n\t<\/p>\n\n\n<h2>\u00daltima cota\u00e7\u00e3o<\/h2>\n<p>Durante a \u00faltima sess\u00e3o, na segunda-feira (28), o <strong>Ibovespa<\/strong> registrou uma alta de +1,32% somando 94.864 pontos.<\/p>\n","protected":false},"excerpt":{"rendered":"<p>O Ibovespa inicia o preg\u00e3o desta ter\u00e7a-feira (28) em alta. Por volta das 10h, o \u00edndice registrava uma varia\u00e7\u00e3o com alta de 0,42% somando 95.263,40 pontos. Ibovespa fecha em alta de 0,52%, a 87.402,59 pontos Nesta ter\u00e7a, o Ibovespa deve ser impactado pelas avalia\u00e7\u00f5es sobre a manifesta\u00e7\u00e3o pr\u00f3-Bolsonaro que aconteceu no final de semana, assim [&hellip;]<\/p>\n","protected":false},"author":11,"featured_media":23473,"comment_status":"closed","ping_status":"closed","sticky":false,"template":"","format":"standard","meta":[],"categories":[60],"tags":[721],"suno_strategy":[],"class_list":["post-26186","post","type-post","status-publish","format-standard","has-post-thumbnail","hentry","category-mercado","tag-ibovespa"],"yoast_head":"<!-- This site is optimized with the Yoast SEO plugin v24.4 - https:\/\/yoast.com\/wordpress\/plugins\/seo\/ -->\n<title>Ibovespa bate os 95 mil pontos de novo com cen\u00e1rio interno otimista<\/title>\n<meta name=\"description\" content=\"Ibovespa opera em alta de 0,42% nesta manh\u00e3; Reuni\u00e3o dos tr\u00eas poderes, reforma da Previd\u00eancia e manifesta\u00e7\u00f5es no radar. Clique e saiba mais.\" \/>\n<meta name=\"robots\" content=\"index, follow, max-snippet:-1, max-image-preview:large, max-video-preview:-1\" \/>\n<link rel=\"canonical\" href=\"https:\/\/www.suno.com.br\/noticias\/ibovespa-28052019\/\" \/>\n<meta property=\"og:locale\" content=\"pt_BR\" \/>\n<meta property=\"og:type\" content=\"article\" \/>\n<meta property=\"og:title\" content=\"Ibovespa bate os 95 mil pontos de novo com cen\u00e1rio interno otimista\" \/>\n<meta property=\"og:description\" content=\"Ibovespa opera em alta de 0,42% nesta manh\u00e3; Reuni\u00e3o dos tr\u00eas poderes, reforma da Previd\u00eancia e manifesta\u00e7\u00f5es no radar. Clique e saiba mais.\" \/>\n<meta property=\"og:url\" content=\"https:\/\/www.suno.com.br\/noticias\/ibovespa-28052019\/\" \/>\n<meta property=\"og:site_name\" content=\"Suno Not\u00edcias\" \/>\n<meta property=\"article:publisher\" content=\"https:\/\/facebook.com\/sunoresearch\" \/>\n<meta property=\"og:image\" content=\"https:\/\/files.sunoresearch.com.br\/n\/uploads\/2019\/05\/0a3734a8-ibovespa.jpg\" \/>\n\t<meta property=\"og:image:width\" content=\"3888\" \/>\n\t<meta property=\"og:image:height\" content=\"2592\" \/>\n\t<meta property=\"og:image:type\" content=\"image\/jpeg\" \/>\n<meta name=\"author\" content=\"Renan Bandeira\" \/>\n<meta name=\"twitter:card\" content=\"summary_large_image\" \/>\n<meta name=\"twitter:creator\" content=\"@sunoresearch\" \/>\n<meta name=\"twitter:site\" content=\"@sunoresearch\" \/>\n<meta name=\"twitter:label1\" content=\"Escrito por\" \/>\n\t<meta name=\"twitter:data1\" content=\"Renan Bandeira\" \/>\n\t<meta name=\"twitter:label2\" content=\"Est. tempo de leitura\" \/>\n\t<meta name=\"twitter:data2\" content=\"3 minutos\" \/>\n<script type=\"application\/ld+json\" class=\"yoast-schema-graph\">{\"@context\":\"https:\/\/schema.org\",\"@graph\":[{\"@type\":\"NewsArticle\",\"@id\":\"https:\/\/www.suno.com.br\/noticias\/ibovespa-28052019\/#article\",\"isPartOf\":{\"@id\":\"https:\/\/www.suno.com.br\/noticias\/ibovespa-28052019\/\"},\"author\":{\"name\":\"Renan Bandeira\",\"@id\":\"https:\/\/www.suno.com.br\/noticias\/#\/schema\/person\/fc144a1c6108bd1dcd43784e88a3c138\"},\"headline\":\"Ibovespa bate os 95 mil pontos de novo com cen\u00e1rio interno otimista\",\"datePublished\":\"2019-05-28T13:21:56+00:00\",\"mainEntityOfPage\":{\"@id\":\"https:\/\/www.suno.com.br\/noticias\/ibovespa-28052019\/\"},\"wordCount\":586,\"publisher\":{\"@id\":\"https:\/\/www.suno.com.br\/noticias\/#organization\"},\"image\":{\"@id\":\"https:\/\/www.suno.com.br\/noticias\/ibovespa-28052019\/#primaryimage\"},\"thumbnailUrl\":\"https:\/\/files.sunoresearch.com.br\/n\/uploads\/2019\/05\/0a3734a8-ibovespa-scaled.webp\",\"keywords\":[\"Ibovespa\"],\"articleSection\":[\"Mercado\"],\"inLanguage\":\"pt-BR\"},{\"@type\":\"WebPage\",\"@id\":\"https:\/\/www.suno.com.br\/noticias\/ibovespa-28052019\/\",\"url\":\"https:\/\/www.suno.com.br\/noticias\/ibovespa-28052019\/\",\"name\":\"Ibovespa bate os 95 mil pontos de novo com cen\u00e1rio interno otimista\",\"isPartOf\":{\"@id\":\"https:\/\/www.suno.com.br\/noticias\/#website\"},\"primaryImageOfPage\":{\"@id\":\"https:\/\/www.suno.com.br\/noticias\/ibovespa-28052019\/#primaryimage\"},\"image\":{\"@id\":\"https:\/\/www.suno.com.br\/noticias\/ibovespa-28052019\/#primaryimage\"},\"thumbnailUrl\":\"https:\/\/files.sunoresearch.com.br\/n\/uploads\/2019\/05\/0a3734a8-ibovespa-scaled.webp\",\"datePublished\":\"2019-05-28T13:21:56+00:00\",\"description\":\"Ibovespa opera em alta de 0,42% nesta manh\u00e3; Reuni\u00e3o dos tr\u00eas poderes, reforma da Previd\u00eancia e manifesta\u00e7\u00f5es no radar. Clique e saiba mais.\",\"breadcrumb\":{\"@id\":\"https:\/\/www.suno.com.br\/noticias\/ibovespa-28052019\/#breadcrumb\"},\"inLanguage\":\"pt-BR\",\"potentialAction\":[{\"@type\":\"ReadAction\",\"target\":[\"https:\/\/www.suno.com.br\/noticias\/ibovespa-28052019\/\"]}]},{\"@type\":\"ImageObject\",\"inLanguage\":\"pt-BR\",\"@id\":\"https:\/\/www.suno.com.br\/noticias\/ibovespa-28052019\/#primaryimage\",\"url\":\"https:\/\/files.sunoresearch.com.br\/n\/uploads\/2019\/05\/0a3734a8-ibovespa-scaled.webp\",\"contentUrl\":\"https:\/\/files.sunoresearch.com.br\/n\/uploads\/2019\/05\/0a3734a8-ibovespa-scaled.webp\",\"width\":2560,\"height\":1707,\"caption\":\"Ibovespa fecha em alta de 0,52%, a 87.402,59 pontos\"},{\"@type\":\"BreadcrumbList\",\"@id\":\"https:\/\/www.suno.com.br\/noticias\/ibovespa-28052019\/#breadcrumb\",\"itemListElement\":[{\"@type\":\"ListItem\",\"position\":1,\"name\":\"Not\u00edcias\",\"item\":\"https:\/\/www.suno.com.br\/noticias\/\"},{\"@type\":\"ListItem\",\"position\":2,\"name\":\"Mercado\",\"item\":\"https:\/\/www.suno.com.br\/noticias\/mercado\/\"},{\"@type\":\"ListItem\",\"position\":3,\"name\":\"Ibovespa bate os 95 mil pontos de novo com cen\u00e1rio interno otimista\"}]},{\"@type\":\"WebSite\",\"@id\":\"https:\/\/www.suno.com.br\/noticias\/#website\",\"url\":\"https:\/\/www.suno.com.br\/noticias\/\",\"name\":\"Suno Not\u00edcias\",\"description\":\"Seu portal de informa\u00e7\u00e3o sobre o mundo dos investimentos\",\"publisher\":{\"@id\":\"https:\/\/www.suno.com.br\/noticias\/#organization\"},\"potentialAction\":[{\"@type\":\"SearchAction\",\"target\":{\"@type\":\"EntryPoint\",\"urlTemplate\":\"https:\/\/www.suno.com.br\/noticias\/?s={search_term_string}\"},\"query-input\":{\"@type\":\"PropertyValueSpecification\",\"valueRequired\":true,\"valueName\":\"search_term_string\"}}],\"inLanguage\":\"pt-BR\"},{\"@type\":\"Organization\",\"@id\":\"https:\/\/www.suno.com.br\/noticias\/#organization\",\"name\":\"Suno Not\u00edcias\",\"url\":\"https:\/\/www.suno.com.br\/noticias\/\",\"logo\":{\"@type\":\"ImageObject\",\"inLanguage\":\"pt-BR\",\"@id\":\"https:\/\/www.suno.com.br\/noticias\/#\/schema\/logo\/image\/\",\"url\":\"https:\/\/files.sunoresearch.com.br\/n\/uploads\/2021\/09\/suno-logo.png\",\"contentUrl\":\"https:\/\/files.sunoresearch.com.br\/n\/uploads\/2021\/09\/suno-logo.png\",\"width\":180,\"height\":180,\"caption\":\"Suno Not\u00edcias\"},\"image\":{\"@id\":\"https:\/\/www.suno.com.br\/noticias\/#\/schema\/logo\/image\/\"},\"sameAs\":[\"https:\/\/facebook.com\/sunoresearch\",\"https:\/\/x.com\/sunoresearch\",\"https:\/\/www.instagram.com\/suno\",\"https:\/\/www.linkedin.com\/company\/suno-research\/\",\"https:\/\/www.youtube.com\/c\/sunoresearch\"]},{\"@type\":\"Person\",\"@id\":\"https:\/\/www.suno.com.br\/noticias\/#\/schema\/person\/fc144a1c6108bd1dcd43784e88a3c138\",\"name\":\"Renan Bandeira\",\"image\":{\"@type\":\"ImageObject\",\"inLanguage\":\"pt-BR\",\"@id\":\"https:\/\/www.suno.com.br\/noticias\/#\/schema\/person\/image\/\",\"url\":\"https:\/\/secure.gravatar.com\/avatar\/68359cdb608f14f11bbefcb78f3fc747?s=96&r=g\",\"contentUrl\":\"https:\/\/secure.gravatar.com\/avatar\/68359cdb608f14f11bbefcb78f3fc747?s=96&r=g\",\"caption\":\"Renan Bandeira\"},\"description\":\"Renan Bandeira escreve sobre pol\u00edtica e economia para o portal da Suno Research. Antes da Suno, trabalhou em uma rede de televis\u00e3o, onde fazia reportagens sobre os mesmos temas. Estuda na Universidade Metodista de S\u00e3o Paulo.\",\"url\":\"https:\/\/www.suno.com.br\/noticias\/author\/renan-bandeira\/\"}]}<\/script>\n<!-- \/ Yoast SEO plugin. -->","yoast_head_json":{"title":"Ibovespa bate os 95 mil pontos de novo com cen\u00e1rio interno otimista","description":"Ibovespa opera em alta de 0,42% nesta manh\u00e3; Reuni\u00e3o dos tr\u00eas poderes, reforma da Previd\u00eancia e manifesta\u00e7\u00f5es no radar. Clique e saiba mais.","robots":{"index":"index","follow":"follow","max-snippet":"max-snippet:-1","max-image-preview":"max-image-preview:large","max-video-preview":"max-video-preview:-1"},"canonical":"https:\/\/www.suno.com.br\/noticias\/ibovespa-28052019\/","og_locale":"pt_BR","og_type":"article","og_title":"Ibovespa bate os 95 mil pontos de novo com cen\u00e1rio interno otimista","og_description":"Ibovespa opera em alta de 0,42% nesta manh\u00e3; Reuni\u00e3o dos tr\u00eas poderes, reforma da Previd\u00eancia e manifesta\u00e7\u00f5es no radar. Clique e saiba mais.","og_url":"https:\/\/www.suno.com.br\/noticias\/ibovespa-28052019\/","og_site_name":"Suno Not\u00edcias","article_publisher":"https:\/\/facebook.com\/sunoresearch","og_image":[{"width":3888,"height":2592,"url":"https:\/\/files.sunoresearch.com.br\/n\/uploads\/2019\/05\/0a3734a8-ibovespa.jpg","type":"image\/jpeg"}],"author":"Renan Bandeira","twitter_card":"summary_large_image","twitter_creator":"@sunoresearch","twitter_site":"@sunoresearch","twitter_misc":{"Escrito por":"Renan Bandeira","Est. tempo de leitura":"3 minutos"},"schema":{"@context":"https:\/\/schema.org","@graph":[{"@type":"NewsArticle","@id":"https:\/\/www.suno.com.br\/noticias\/ibovespa-28052019\/#article","isPartOf":{"@id":"https:\/\/www.suno.com.br\/noticias\/ibovespa-28052019\/"},"author":{"name":"Renan Bandeira","@id":"https:\/\/www.suno.com.br\/noticias\/#\/schema\/person\/fc144a1c6108bd1dcd43784e88a3c138"},"headline":"Ibovespa bate os 95 mil pontos de novo com cen\u00e1rio interno otimista","datePublished":"2019-05-28T13:21:56+00:00","mainEntityOfPage":{"@id":"https:\/\/www.suno.com.br\/noticias\/ibovespa-28052019\/"},"wordCount":586,"publisher":{"@id":"https:\/\/www.suno.com.br\/noticias\/#organization"},"image":{"@id":"https:\/\/www.suno.com.br\/noticias\/ibovespa-28052019\/#primaryimage"},"thumbnailUrl":"https:\/\/files.sunoresearch.com.br\/n\/uploads\/2019\/05\/0a3734a8-ibovespa-scaled.webp","keywords":["Ibovespa"],"articleSection":["Mercado"],"inLanguage":"pt-BR"},{"@type":"WebPage","@id":"https:\/\/www.suno.com.br\/noticias\/ibovespa-28052019\/","url":"https:\/\/www.suno.com.br\/noticias\/ibovespa-28052019\/","name":"Ibovespa bate os 95 mil pontos de novo com cen\u00e1rio interno otimista","isPartOf":{"@id":"https:\/\/www.suno.com.br\/noticias\/#website"},"primaryImageOfPage":{"@id":"https:\/\/www.suno.com.br\/noticias\/ibovespa-28052019\/#primaryimage"},"image":{"@id":"https:\/\/www.suno.com.br\/noticias\/ibovespa-28052019\/#primaryimage"},"thumbnailUrl":"https:\/\/files.sunoresearch.com.br\/n\/uploads\/2019\/05\/0a3734a8-ibovespa-scaled.webp","datePublished":"2019-05-28T13:21:56+00:00","description":"Ibovespa opera em alta de 0,42% nesta manh\u00e3; Reuni\u00e3o dos tr\u00eas poderes, reforma da Previd\u00eancia e manifesta\u00e7\u00f5es no radar. Clique e saiba mais.","breadcrumb":{"@id":"https:\/\/www.suno.com.br\/noticias\/ibovespa-28052019\/#breadcrumb"},"inLanguage":"pt-BR","potentialAction":[{"@type":"ReadAction","target":["https:\/\/www.suno.com.br\/noticias\/ibovespa-28052019\/"]}]},{"@type":"ImageObject","inLanguage":"pt-BR","@id":"https:\/\/www.suno.com.br\/noticias\/ibovespa-28052019\/#primaryimage","url":"https:\/\/files.sunoresearch.com.br\/n\/uploads\/2019\/05\/0a3734a8-ibovespa-scaled.webp","contentUrl":"https:\/\/files.sunoresearch.com.br\/n\/uploads\/2019\/05\/0a3734a8-ibovespa-scaled.webp","width":2560,"height":1707,"caption":"Ibovespa fecha em alta de 0,52%, a 87.402,59 pontos"},{"@type":"BreadcrumbList","@id":"https:\/\/www.suno.com.br\/noticias\/ibovespa-28052019\/#breadcrumb","itemListElement":[{"@type":"ListItem","position":1,"name":"Not\u00edcias","item":"https:\/\/www.suno.com.br\/noticias\/"},{"@type":"ListItem","position":2,"name":"Mercado","item":"https:\/\/www.suno.com.br\/noticias\/mercado\/"},{"@type":"ListItem","position":3,"name":"Ibovespa bate os 95 mil pontos de novo com cen\u00e1rio interno otimista"}]},{"@type":"WebSite","@id":"https:\/\/www.suno.com.br\/noticias\/#website","url":"https:\/\/www.suno.com.br\/noticias\/","name":"Suno Not\u00edcias","description":"Seu portal de informa\u00e7\u00e3o sobre o mundo dos investimentos","publisher":{"@id":"https:\/\/www.suno.com.br\/noticias\/#organization"},"potentialAction":[{"@type":"SearchAction","target":{"@type":"EntryPoint","urlTemplate":"https:\/\/www.suno.com.br\/noticias\/?s={search_term_string}"},"query-input":{"@type":"PropertyValueSpecification","valueRequired":true,"valueName":"search_term_string"}}],"inLanguage":"pt-BR"},{"@type":"Organization","@id":"https:\/\/www.suno.com.br\/noticias\/#organization","name":"Suno Not\u00edcias","url":"https:\/\/www.suno.com.br\/noticias\/","logo":{"@type":"ImageObject","inLanguage":"pt-BR","@id":"https:\/\/www.suno.com.br\/noticias\/#\/schema\/logo\/image\/","url":"https:\/\/files.sunoresearch.com.br\/n\/uploads\/2021\/09\/suno-logo.png","contentUrl":"https:\/\/files.sunoresearch.com.br\/n\/uploads\/2021\/09\/suno-logo.png","width":180,"height":180,"caption":"Suno Not\u00edcias"},"image":{"@id":"https:\/\/www.suno.com.br\/noticias\/#\/schema\/logo\/image\/"},"sameAs":["https:\/\/facebook.com\/sunoresearch","https:\/\/x.com\/sunoresearch","https:\/\/www.instagram.com\/suno","https:\/\/www.linkedin.com\/company\/suno-research\/","https:\/\/www.youtube.com\/c\/sunoresearch"]},{"@type":"Person","@id":"https:\/\/www.suno.com.br\/noticias\/#\/schema\/person\/fc144a1c6108bd1dcd43784e88a3c138","name":"Renan Bandeira","image":{"@type":"ImageObject","inLanguage":"pt-BR","@id":"https:\/\/www.suno.com.br\/noticias\/#\/schema\/person\/image\/","url":"https:\/\/secure.gravatar.com\/avatar\/68359cdb608f14f11bbefcb78f3fc747?s=96&r=g","contentUrl":"https:\/\/secure.gravatar.com\/avatar\/68359cdb608f14f11bbefcb78f3fc747?s=96&r=g","caption":"Renan Bandeira"},"description":"Renan Bandeira escreve sobre pol\u00edtica e economia para o portal da Suno Research. Antes da Suno, trabalhou em uma rede de televis\u00e3o, onde fazia reportagens sobre os mesmos temas. Estuda na Universidade Metodista de S\u00e3o Paulo.","url":"https:\/\/www.suno.com.br\/noticias\/author\/renan-bandeira\/"}]}},"default_loop_html":"<div class=\"cardsPage__listCard__boxs\"><div class=\"cardsPage__listCard__boxs__img\"><a href=\"https:\/\/www.suno.com.br\/noticias\/ibovespa-28052019\/\"><img class=\"mask\" src=\"https:\/\/www.suno.com.br\/noticias\/wp-content\/themes\/suno\/resources\/images\/spotlight\/spotlight1img\/bg-mask.png\" alt=\"Image Mask\"\/><img src=\"https:\/\/files.sunoresearch.com.br\/n\/uploads\/2019\/05\/0a3734a8-ibovespa-400x200.webp\" alt=\"Ibovespa bate os 95 mil pontos de novo com cen\u00e1rio interno otimista\"\/><\/a><span class=\"spotlightCategory\"><a href=\"https:\/\/www.suno.com.br\/noticias\/mercado\/\">Mercado<\/a><\/span><\/div><div class=\"cardsPage__listCard__boxs__content\"><a href=\"https:\/\/www.suno.com.br\/noticias\/ibovespa-28052019\/\"><h2 class=\"content__title\">Ibovespa bate os 95 mil pontos de novo com cen\u00e1rio interno otimista<\/h2><\/a><div class=\"newsContent__article__meta\"><div class=\"newsContent__article__meta__authorBox\"><a href=\"https:\/\/www.suno.com.br\/noticias\/author\/renan-bandeira\/\" class=\"authorBox__avatar noMobi\"><img src=\"https:\/\/secure.gravatar.com\/avatar\/68359cdb608f14f11bbefcb78f3fc747?s=96&#038;r=g\" alt=\"Renan Bandeira\"><\/a><div class=\"authorBox__name\"><span>por\n\t\t\t<a href=\"https:\/\/www.suno.com.br\/noticias\/author\/renan-bandeira\/\"><span itemprop=\"author\">Renan Bandeira<\/span><\/a><\/span><time datetime=\"2019-05-28T10:21:56-03:00\" itemprop=\"datePublished\">28\/05\/2019 10:21<\/time><\/div><\/div><\/div><\/div><\/div>","single_layout":"posts","amp_enabled":true,"_links":{"self":[{"href":"https:\/\/www.suno.com.br\/noticias\/wp-json\/wp\/v2\/posts\/26186"}],"collection":[{"href":"https:\/\/www.suno.com.br\/noticias\/wp-json\/wp\/v2\/posts"}],"about":[{"href":"https:\/\/www.suno.com.br\/noticias\/wp-json\/wp\/v2\/types\/post"}],"author":[{"embeddable":true,"href":"https:\/\/www.suno.com.br\/noticias\/wp-json\/wp\/v2\/users\/11"}],"replies":[{"embeddable":true,"href":"https:\/\/www.suno.com.br\/noticias\/wp-json\/wp\/v2\/comments?post=26186"}],"version-history":[{"count":0,"href":"https:\/\/www.suno.com.br\/noticias\/wp-json\/wp\/v2\/posts\/26186\/revisions"}],"wp:featuredmedia":[{"embeddable":true,"href":"https:\/\/www.suno.com.br\/noticias\/wp-json\/wp\/v2\/media\/23473"}],"wp:attachment":[{"href":"https:\/\/www.suno.com.br\/noticias\/wp-json\/wp\/v2\/media?parent=26186"}],"wp:term":[{"taxonomy":"category","embeddable":true,"href":"https:\/\/www.suno.com.br\/noticias\/wp-json\/wp\/v2\/categories?post=26186"},{"taxonomy":"post_tag","embeddable":true,"href":"https:\/\/www.suno.com.br\/noticias\/wp-json\/wp\/v2\/tags?post=26186"},{"taxonomy":"suno_strategy","embeddable":true,"href":"https:\/\/www.suno.com.br\/noticias\/wp-json\/wp\/v2\/suno_strategy?post=26186"}],"curies":[{"name":"wp","href":"https:\/\/api.w.org\/{rel}","templated":true}]}}