{"id":261771,"date":"2022-05-26T21:39:24","date_gmt":"2022-05-27T00:39:24","guid":{"rendered":"https:\/\/www.suno.com.br\/noticias\/?p=261771"},"modified":"2022-05-26T21:41:14","modified_gmt":"2022-05-27T00:41:14","slug":"radar-cielo-ciel3-cosan-csan3-eletrobras-elet3","status":"publish","type":"post","link":"https:\/\/www.suno.com.br\/noticias\/radar-cielo-ciel3-cosan-csan3-eletrobras-elet3\/","title":{"rendered":"Radar: Cielo (CIEL3) est\u00e1 \u2018barata\u2019 para o JP Morgan, Cosan (CSAN3) dispara e como vai funcionar a privatiza\u00e7\u00e3o da Eletrobras (ELET3)"},"content":{"rendered":"<p>A\u00a0<a class=\"suno-keyword\" href=\"https:\/\/www.suno.com.br\/acoes\/CIEL3\/\" target=\"_blank\" rel=\"noopener\" data-force=\"yes\" data-priority=\"2\"><strong>Cielo<\/strong>\u00a0(CIEL3)<\/a> disparou nesta quinta-feira (26), com a classifica\u00e7\u00e3o de compra pelo JP Morgan. No fechamento, as a\u00e7\u00f5es da empresa de maquinhas saltaram 11,29%, negociadas a R$ 4,04.<\/p>\t<div class=\"wrapper-featured-image\">\n\t\t<figure class=\"spotlightImg\">\n\n\t\t\t<picture>\n\t\t\t\t<source media=\"(max-width: 768px)\" srcset=\"https:\/\/files.sunoresearch.com.br\/n\/uploads\/2019\/09\/60fb7999-cielo-400x200.webp\">\n\t\t\t\t<img loading=\"lazy\" decoding=\"async\" class=\"newsContent__article__imgCapa lazyloadDisabled \" src=\"https:\/\/files.sunoresearch.com.br\/n\/uploads\/2019\/09\/60fb7999-cielo-800x450.webp\" width=\"800\" height=\"450\" alt=\"Radar: Cielo (CIEL3) est\u00e1 \u2018barata\u2019 para o JP Morgan, Cosan (CSAN3) dispara e como vai funcionar a privatiza\u00e7\u00e3o da Eletrobras (ELET3)\" fetchpriority=high \/>\n\t\t\t<\/picture>\n\n\t\t\t<figcaption class=\"wp-caption-text wp-caption-text--show\">Cielo (CIEL3). - Foto: Divulga\u00e7\u00e3o<\/figcaption>\n\t\t<\/figure>\n\t<\/div>\n\n\n\t<p>\n\t\t<a href=\"\" target=\"_blank\" data-element=\"shortcode-suno-banner\" title=\"Banner SUNO, clique e saiba mais\">\n\t\t\t<picture>\n\t\t\t\t<source media=\"(max-width: 500px)\" srcset=\"\">\n\t\t\t\t<img class=\"newsContent__article__imgCapa newsContent__article__imgCapa--banner\"\n\t\t\t\t\tsrc=\"\"\n\t\t\t\t\tdata-promo-id=\"138420\"\t\t\t\t\t\t\t\t\t\t\t\t\t\t\talt=\"\"\n\t\t\t\t>\n\t\t\t<\/picture>\n\t\t<\/a>\n\t<\/p>\n\n\n<p>O JP Morgan reclassificou a\u00a0<strong>a\u00e7\u00e3o da Cielo<\/strong>\u00a0como overweight. Ou seja, diz que o ativo est\u00e1 barato e tem potencial de valoriza\u00e7\u00e3o. Al\u00e9m disso, o banco americano elevou o pre\u00e7o-alvo para R$ 5, com recomenda\u00e7\u00e3o de compra.<\/p>\n<p>Na quarta-feira (25), o Ita\u00fa BBA tamb\u00e9m avaliou os\u00a0<strong>pap\u00e9is da empresa de maquininhas<\/strong>\u00a0como\u00a0<em><a class=\"suno-keyword\" href=\"https:\/\/www.suno.com.br\/artigos\/market-perform\/\" target=\"_blank\" rel=\"noopener\" data-force=\"no\" data-priority=\"1\">market perform<\/a><\/em>\u00a0(desempenho do mercado) e estimou um\u00a0<a class=\"suno-keyword\" href=\"https:\/\/www.suno.com.br\/artigos\/preco-justo\/\" target=\"_blank\" rel=\"noopener\" data-force=\"no\" data-priority=\"1\">pre\u00e7o justo<\/a>\u00a0de R$ 4,30 por a\u00e7\u00e3o, o que implica em upside (potencial de valoriza\u00e7\u00e3o) de 18%.<\/p>\n<p>A an\u00e1lise dos especialistas do Ita\u00fa BBA tem como base o PIX favorecendo as empresas de adquir\u00eancia. Mas alerta que o risco-recompensa em<strong>\u00a0investir na Cielo<\/strong>\u00a0n\u00e3o \u00e9 t\u00e3o atraente.<\/p>\n<p>\u201cO pr\u00f3prio PIX \u00e9 um sucesso, sem d\u00favida. Vemos espa\u00e7o substancial para descompress\u00e3o de risco para pagamento \u00e0 medida que esta tend\u00eancia continua. A repactua\u00e7\u00e3o bem-sucedida das taxas de pr\u00e9-pagamento deve oferecer suporte para perspectiva de lucro e m\u00faltiplos\u201d, informou o relat\u00f3rio.<\/p>\n<p>\u201cExistem melhores tend\u00eancias de\u00a0<a class=\"suno-keyword\" href=\"https:\/\/www.suno.com.br\/artigos\/curto-prazo\/\" target=\"_blank\" rel=\"noopener\" data-force=\"no\" data-priority=\"1\">curto prazo<\/a>\u00a0para Stone e Cielo, mas o risco-recompensa n\u00e3o \u00e9 t\u00e3o atraente\u201d, concluiu.<\/p>\n<p>O\u00a0<a class=\"suno-keyword\" href=\"https:\/\/www.suno.com.br\/acoes\/BPAC11\/\" target=\"_blank\" rel=\"noopener\" data-force=\"yes\" data-priority=\"2\"><strong>BTG Pactual<\/strong>\u00a0(BPAC11)<\/a>\u00a0tamb\u00e9m afirmou em relat\u00f3rio que a empresa de maquininhas teve um bom desempenho no primeiro trimestre deste ano. Na an\u00e1lise do banco, apesar das desvaloriza\u00e7\u00f5es recentes, a\u00a0<strong>a\u00e7\u00e3o da Cielo<\/strong>\u00a0ainda possui um potencial de valoriza\u00e7\u00e3o.<\/p>\n<p>Com isso a recomenda\u00e7\u00e3o do BTG Pactual \u00e9 neutra, com pre\u00e7o-alvo de R$ 4,00.<\/p>\n<p>Al\u00e9m da\u00a0<strong>Cielo<\/strong>, confira outros destaques desta quinta-feira:<\/p>\n<h2>A\u00e7\u00e3o da Cosan (CSAN3) sobe 6,6% com an\u00fancios do dia do investidor; veja detalhes<\/h2>\n<ul>\n<li>A <strong>Cosan<\/strong>\u00a0(CSAN3) realizou seu evento anual focado nos investidores da companhia nesta quinta-feira (26).<\/li>\n<li>Os an\u00fancios feitos no <strong>Cosan Day\u00a0<\/strong>foram vistos positivamente pelos investidores. Outros movimentos da empresa, como aquisi\u00e7\u00f5es milion\u00e1rias feitas por subsidi\u00e1rias, tamb\u00e9m contribuem para a alta dos pap\u00e9is.<\/li>\n<li>As <strong>a\u00e7\u00f5es da Cosan<\/strong>\u00a0sobem 6,64%, cotadas a R$ 21,36, \u00e0s 16h15.<\/li>\n<li>Confira alguns destaques do evento:<\/li>\n<li>A Cosan Investimentos, criada pelo grupo para buscar novos neg\u00f3cios dentro do segmento para encontrar solu\u00e7\u00f5es disruptivas, possui R$ 2,5 bilh\u00f5es em aportes ou comprometidos, conforme o presidente da empresa, Leonardo Pontes.<\/li>\n<li>Durante o Cosan Day, Pontes afirmou que esse \u00e9 um ve\u00edculo novo, que preserva o modelo de gera\u00e7\u00e3o de valor da empresa, mas est\u00e1 focando em m\u00e9dio e longo prazos, de forma que haja mais oportunidades de ir al\u00e9m do portf\u00f3lio atual da Cosan.<\/li>\n<li>J\u00e1 s\u00e3o cinco empreendimentos neste momento:<\/li>\n<li><strong>Radar<\/strong>, de gest\u00e3o de terras, que j\u00e1 era da Cosan;<\/li>\n<li><strong>Ligga<\/strong>, uma\u00a0<em><a class=\"suno-keyword\" href=\"https:\/\/www.suno.com.br\/artigos\/joint-venture\/\" target=\"_blank\" rel=\"noopener\" data-force=\"no\" data-priority=\"2\">joint venture<\/a><\/em>\u00a0com a\u00a0<strong>Aura Minerals<\/strong>\u00a0(AURA33), com foco em min\u00e9rio de ferro \u2014 mas procurando oportunidades de descarboniza\u00e7\u00e3o;<\/li>\n<li><strong>Fifth<\/strong>\u00a0<strong>Wall<\/strong>, gestora de um fundo clim\u00e1tico no Vale do Sil\u00edcio;<\/li>\n<li><strong>Payly<\/strong>, que encontra solu\u00e7\u00f5es financeiras de capital de giro e servi\u00e7os financeiros;<\/li>\n<li><strong>Trizy<\/strong>, marketplace com objetivo de cruzar embarcadores e transportadores, com aproximadamente 115 mil caminhoneiros ativos.<\/li>\n<li>A <strong>Compass G\u00e1s e Energia<\/strong>, subsidi\u00e1ria da\u00a0<a class=\"suno-keyword\" href=\"https:\/\/www.suno.com.br\/acoes\/CSAN3\/\" target=\"_blank\" rel=\"noopener\" data-force=\"yes\" data-priority=\"2\">Cosan (CSAN3)<\/a>\u00a0disse que espera a aprova\u00e7\u00e3o do Conselho Administrativo de Defesa Econ\u00f4mica (Cade) sobre a compra da fatia de 51% da\u00a0<strong>Petrobras<\/strong>\u00a0(PETR4) na distribuidora\u00a0<strong>Gaspetro<\/strong>\u00a0em mais alguns meses, de acordo com o presidente-executivo da subsidi\u00e1ria.<\/li>\n<li>Nelson Gomes, o CEO da subsidi\u00e1ria, afirmou ainda que a companhia est\u00e1 considerando alienar participa\u00e7\u00f5es na maior parte das distribuidoras que comp\u00f5em a Gaspetro. Isso ocorre pela Compass, dona da <strong>Comg\u00e1s<\/strong>\u00a0(CGAS3), ter planos de focar na aloca\u00e7\u00e3o de capital e far\u00e1 uma gest\u00e3o do portf\u00f3lio.<\/li>\n<li>A subsidi\u00e1ria da Cosan j\u00e1 havia assinado contratos para a poss\u00edvel aliena\u00e7\u00e3o. No total, seriam 12 distribuidoras de g\u00e1s natural que sairiam do controle da empresa. Conforme falado no evento, a aliena\u00e7\u00e3o das futuras participa\u00e7\u00f5es s\u00e3o de distribuidoras em que a Gaspetro possui fatias minorit\u00e1ria.<\/li>\n<li>A <strong>Cosan<\/strong>\u00a0(CSAN3)\u00a0informou nesta segunda-feira (23) que sua subsidi\u00e1ria Moove celebrou contrato para aquisi\u00e7\u00e3o total das a\u00e7\u00f5es da Stryker Intermediate Holding, tamb\u00e9m chamada de\u00a0<strong>PetroChoice<\/strong>, por US$ 479 milh\u00f5es.<\/li>\n<li>O contrato foi fechado por meio de uma nova subsidi\u00e1ria, a Millennium Moove Corp.<\/li>\n<li>A PetroChoice \u00e9 uma distribuidora e comercializadora de lubrificantes da marca <strong>Mobil<\/strong>, assim como de marcas propriet\u00e1rias nos Estados Unidos.<\/li>\n<li>A companhia distribui anualmente cerca de 240 milh\u00f5es de litros de lubrificantes, al\u00e9m de possuir ativos distribu\u00eddos em 25 estados do pa\u00eds, com duas plantas de mistura de lubrificantes e mais de 50 centros de distribui\u00e7\u00e3o.<\/li>\n<li>O Rafael Marques, CEO da Philos Invest, afirma que a aquisi\u00e7\u00e3o \u00e9 positiva, dentro da estrat\u00e9gia de crescimento da companhia, com valuation atrativo. A estimativa da gestora \u00e9 um m\u00faltiplo de 9,2 vezes EV\/EBITDA.<\/li>\n<li>O mercado reagiu positivamente a not\u00edcia, devido a leitura do PIB dos Estados Unidos do primeiro trimestre vindo pouco pior do que o esperado, o que refor\u00e7ou a mensagem da ata do Federal Reserve divulgada na \u00faltima quarta-feira (25).<\/li>\n<li>\u201cO documento indicou que as doses de aperto da pol\u00edtica monet\u00e1ria n\u00e3o devem ultrapassar os 50 pontos-base, como j\u00e1 precificado nos ativos, o que \u00e9 visto como al\u00edvio no risco de recess\u00e3o na economia\u201d, disse Marques. \u201cEnt\u00e3o o Fed n\u00e3o deve subir as taxas de maneira t\u00e3o incisiva, com medo de desacelerar demais a economia. Isso aumentou o apetite ao risco e fez escorrer liquidez pros <strong>pa\u00edses emergentes<\/strong>.\u201d<\/li>\n<li>Conforme o <a class=\"suno-keyword\" href=\"https:\/\/www.suno.com.br\/artigos\/fato-relevante\/\" target=\"_blank\" rel=\"noopener\" data-force=\"no\" data-priority=\"1\">fato relevante<\/a>\u00a0enviado \u00e0 Comiss\u00e3o de Valores Mobili\u00e1rios (CVM), a Cosan destaca ainda que a Moove, al\u00e9m das opera\u00e7\u00f5es no Brasil e nos Estados Unidos,\u00a0 distribui \u00f3leos lubrificantes em pa\u00edses da Am\u00e9rica do Sul e da Europa.<\/li>\n<li>A subsidi\u00e1ria possui tamb\u00e9m uma unidade produtiva na Inglaterra, onde produz e comercializa lubrificantes para Europa e \u00c1sia.<\/li>\n<li>A companhia afirma que a aquisi\u00e7\u00e3o \u00e9 estrat\u00e9gica na aloca\u00e7\u00e3o de capital da<strong>\u00a0Cosan<\/strong>, \u201ccom foco principal na gera\u00e7\u00e3o de valor aos acionistas e demais stakeholders\u201d, ao replicar seu modelo de neg\u00f3cios internacionalmente.<\/li>\n<\/ul>\n\t<p>\n\t\t<a href=\"https:\/\/lp.suno.com.br\/planilha-controle-gastos\/\" target=\"_blank\" data-element=\"shortcode-suno-banner\" title=\"Banner SUNO, clique e saiba mais\">\n\t\t\t<picture>\n\t\t\t\t<source media=\"(max-width: 500px)\" srcset=\"https:\/\/files.sunoresearch.com.br\/n\/uploads\/2023\/03\/400x300-Planilha-controle-de-gastos.png\">\n\t\t\t\t<img class=\"newsContent__article__imgCapa newsContent__article__imgCapa--banner\"\n\t\t\t\t\tsrc=\"https:\/\/files.sunoresearch.com.br\/n\/uploads\/2023\/03\/1420x240-Planilha-controle-de-gastos.png\"\n\t\t\t\t\tdata-promo-id=\"101751\"\t\t\t\t\t\t\t\t\t\twidth='1420' height='240'\t\t\t\t\talt=\"https:\/\/files.sunoresearch.com.br\/n\/uploads\/2023\/03\/1420x240-Planilha-controle-de-gastos.png\"\n\t\t\t\t>\n\t\t\t<\/picture>\n\t\t<\/a>\n\t<\/p>\n\n\n<h2>Fundador do Nubank (NUBR33) sobre a\u00e7\u00f5es na m\u00ednima: \u201cA gente se fala daqui a 5 anos\u201d<\/h2>\n<ul>\n<li>Ap\u00f3s as a\u00e7\u00f5es do <strong>Nubank<\/strong>\u00a0(<a class=\"suno-keyword\" href=\"https:\/\/www.suno.com.br\/bdrs\/nubr33\/\" target=\"_blank\" rel=\"noopener\" data-force=\"yes\" data-priority=\"2\">NUBR33<\/a>) baterem uma queda acumulada de 63,46% na\u00a0<strong>Bolsa de Nova York<\/strong>\u00a0desde o IPO em dezembro, o fundador do roxinho,\u00a0<strong>David V\u00e9lez<\/strong>, afirmou que a tese da companhia n\u00e3o mudou desde a funda\u00e7\u00e3o da fintech.<\/li>\n<li>No <a class=\"suno-keyword\" href=\"https:\/\/www.suno.com.br\/artigos\/forum-economico-mundial\/\" target=\"_blank\" rel=\"noopener\" data-force=\"no\" data-priority=\"1\">F\u00f3rum Econ\u00f4mico Mundial<\/a>, em Davos, o fundador resumiu ao explicar sobre a queda das a\u00e7\u00f5es: \u201cDaqui a cinco anos, a gente se fala\u201d. V\u00e9lez ressalta que a estrat\u00e9gia do\u00a0<strong>banco digital<\/strong>\u00a0\u00e9 de\u00a0<a class=\"suno-keyword\" href=\"https:\/\/www.suno.com.br\/artigos\/longo-prazo\/\" target=\"_blank\" rel=\"noopener\" data-force=\"no\" data-priority=\"1\">longo prazo<\/a>.<\/li>\n<li>Nas palavras do empres\u00e1rio, s\u00f3 na Am\u00e9rica Latina existem aproximadamente 240 milh\u00f5es de pessoas fora do sistema financeiro. Ao mesmo tempo, o mercado banc\u00e1rio da regi\u00e3o \u00e9 de US$ 1 trilh\u00e3o.<\/li>\n<li>\u201cO modelo de um banco digital \u00e9 muito mais rent\u00e1vel do que o de um banco tradicional, que n\u00e3o tem ag\u00eancias\u201d, disse V\u00e9lez, apontando tamb\u00e9m que o US$ 1 trilh\u00e3o vai aumentar exponencialmente. Por\u00e9m, \u00e9 preciso tempo. \u201cO jeito de entender a gente \u00e9 o longo prazo. Continuamos focados na constru\u00e7\u00e3o dessa estrat\u00e9gia.\u201d<\/li>\n<li>O ambiente macroecon\u00f4mico atual tem punido fintechs e empresas do setor de tecnologia em geral, mas o Nubank tem tido bons resultados, lembrou V\u00e9lez.<\/li>\n<li>O roxinho vem crescendo e j\u00e1 chegou a 60 milh\u00f5es de clientes. Mas, na perspectiva geral do setor banc\u00e1rio da Am\u00e9rica Latina, \u00e9 um n\u00famero pequeno. \u201cFalta crescer ainda com essa base\u201d, disse. No momento, o banco continua focando nas opera\u00e7\u00f5es do Brasil, Col\u00f4mbia e M\u00e9xico. \u201cEstamos muito \u00e0 frente no digital. Essa tese n\u00e3o muda\u201d, afirmou V\u00e9lez.<\/li>\n<\/ul>\n\t<p>\n\t\t<a href=\"https:\/\/lp.suno.com.br\/planilha-da-vida-financeira\/\" target=\"_blank\" data-element=\"shortcode-suno-banner\" title=\"Banner SUNO, clique e saiba mais\">\n\t\t\t<picture>\n\t\t\t\t<source media=\"(max-width: 500px)\" srcset=\"https:\/\/files.sunoresearch.com.br\/n\/uploads\/2023\/04\/400x300-Planilha-vida-financeira-true.png\">\n\t\t\t\t<img class=\"newsContent__article__imgCapa newsContent__article__imgCapa--banner\"\n\t\t\t\t\tsrc=\"https:\/\/files.sunoresearch.com.br\/n\/uploads\/2023\/04\/1420x240-Planilha-vida-financeira-true.png\"\n\t\t\t\t\tdata-promo-id=\"106682\"\t\t\t\t\t\t\t\t\t\twidth='1420' height='240'\t\t\t\t\talt=\"https:\/\/files.sunoresearch.com.br\/n\/uploads\/2023\/04\/1420x240-Planilha-vida-financeira-true.png\"\n\t\t\t\t>\n\t\t\t<\/picture>\n\t\t<\/a>\n\t<\/p>\n\n\n<h2>Rumo (RAIL3) e Banco de Bras\u00edlia (BSLI3) pagar\u00e3o R$ 71,5 milh\u00f5es em dividendos<\/h2>\n<ul>\n<li>A <strong>Rumo<\/strong>\u00a0(RAIL3) e o\u00a0<strong>Banco de Bras\u00edlia<\/strong>\u00a0(BSLI3) anunciaram, nesta quinta-feira (26), que ir\u00e3o pagar um total de R$ 71,5 milh\u00f5es em proventos aos seus acionistas.<\/li>\n<li>De acordo com <a class=\"suno-keyword\" href=\"https:\/\/www.suno.com.br\/artigos\/fato-relevante\/\" target=\"_blank\" rel=\"noopener\" data-force=\"no\" data-priority=\"1\">fato relevante<\/a>, a Rumo distribuir\u00e1 R$ 35,7 milh\u00f5es, equivalentes a R$ 0,019 por a\u00e7\u00e3o. O valor ser\u00e1 pago no dia 31 de maio.<\/li>\n<li>Apenas os investidores com <strong>a\u00e7\u00f5es da Rumo<\/strong>\u00a0no dia 27 de abril ter\u00e3o direito de receber os rendimentos. A partir do dia 28 de abril, as a\u00e7\u00f5es j\u00e1 eram negociadas sem direito aos\u00a0<a class=\"suno-keyword\" href=\"https:\/\/www.suno.com.br\/guias\/dividendos\/\" target=\"_blank\" rel=\"noopener\" data-force=\"no\" data-priority=\"1\">dividendos<\/a>.<\/li>\n<li>O Banco de Bras\u00edlia anunciou, por sua vez, o pagamento de <a class=\"suno-keyword\" href=\"https:\/\/www.suno.com.br\/artigos\/entenda-o-jcp\/\" target=\"_blank\" rel=\"noopener\" data-force=\"no\" data-priority=\"1\">Juros Sobre Capital Pr\u00f3prio<\/a>\u00a0(JCP) de R$ 26,8 milh\u00f5es, referente ao primeiro trimestre do exerc\u00edcio de 2022.<\/li>\n<li>O valor por a\u00e7\u00e3o ordin\u00e1ria \u00e9 de R$ 0,072 e, por a\u00e7\u00e3o preferencial, R$ 0,079. N\u00e3o foi divulgada a data de pagamento.<\/li>\n<li>Apenas os investidores com <strong>a\u00e7\u00f5es do Banco de Bras\u00edlia<\/strong>\u00a0no dia 1\u00ba de junho ter\u00e3o direito de receber os rendimentos. A partir do dia 10 de junho, as a\u00e7\u00f5es ser\u00e3o negociadas sem direito aos dividendos.<\/li>\n<li>Segundo documento arquivado na Comiss\u00e3o de Valores Mobili\u00e1rios (CVM), esses proventos fazem parte dos dividendos obrigat\u00f3rios do exerc\u00edcio de 2022.<\/li>\n<li>Dividendos da Rumo<\/li>\n<li>Valor total: R$ 35.752.735,90<\/li>\n<li>Valor por a\u00e7\u00e3o: R$ 0,01930664406384<\/li>\n<li>Data de corte: 27 de abril<\/li>\n<li>Data do pagamento: 31 de maio<\/li>\n<li>Rendimento (<a class=\"suno-keyword\" href=\"https:\/\/www.suno.com.br\/artigos\/dividend-yield-como-calcular\/\" target=\"_blank\" rel=\"noopener\" data-force=\"no\" data-priority=\"2\">dividend yield<\/a>): 0,11%<\/li>\n<li>Dividendos do Banco de Bras\u00edlia<\/li>\n<li>Valor total: R$ 26.853.058,87<\/li>\n<li>Valor por a\u00e7\u00e3o: R$ 0,151860708, no total<\/li>\n<li>Data de corte: 1\u00ba de junho<\/li>\n<li>Data do pagamento: sem data definida<\/li>\n<li>Rendimento (dividend yield): 8,82%<\/li>\n<\/ul>\n\t<p>\n\t\t<a href=\"https:\/\/lp.suno.com.br\/ebook-como-analisar-uma-acao\/\" target=\"_blank\" data-element=\"shortcode-suno-banner\" title=\"Banner SUNO, clique e saiba mais\">\n\t\t\t<picture>\n\t\t\t\t<source media=\"(max-width: 500px)\" srcset=\"https:\/\/files.sunoresearch.com.br\/n\/uploads\/2023\/03\/Ebook-Acoes-Mobile-1.jpg\">\n\t\t\t\t<img class=\"newsContent__article__imgCapa newsContent__article__imgCapa--banner\"\n\t\t\t\t\tsrc=\"https:\/\/files.sunoresearch.com.br\/n\/uploads\/2023\/03\/Ebook-Acoes-Desktop-1.jpg\"\n\t\t\t\t\tdata-promo-id=\"171998\"\t\t\t\t\t\t\t\t\t\twidth='1420' height='286'\t\t\t\t\talt=\"https:\/\/files.sunoresearch.com.br\/n\/uploads\/2023\/03\/Ebook-Acoes-Desktop-1.jpg\"\n\t\t\t\t>\n\t\t\t<\/picture>\n\t\t<\/a>\n\t<\/p>\n\n\n<h2>Privatiza\u00e7\u00e3o da Eletrobras (ELET3) pode ser ruim; confira como vai funcionar<\/h2>\n<ul>\n<li>A privatiza\u00e7\u00e3o da <strong>Eletrobras<\/strong>\u00a0(<a href=\"https:\/\/www.suno.com.br\/acoes\/elet3\/\">ELET3<\/a>) pelo sistema de capitaliza\u00e7\u00e3o divide a opini\u00e3o dos analistas. Em entrevista exclusiva ao Suno Not\u00edcias, o professor e s\u00f3cio-fundador da Daemon Investimentos, Vitor Schirato, destaca que o processo de\u00a0<strong>privatiza\u00e7\u00e3o da Eletrobras<\/strong>\u00a0n\u00e3o \u00e9\u00a0<a href=\"https:\/\/www.suno.com.br\/noticias\/eletrobras-elet3-privatizacao-oferta-bolsa\/\">necessariamente positivo e depende de decis\u00f5es do Estado<\/a>.<\/li>\n<li>\u201cPrivatiza\u00e7\u00e3o pode ser bom, mas pode ser ruim tamb\u00e9m. Depende da regula\u00e7\u00e3o e de outras a\u00e7\u00f5es que o Estado empreenda, que n\u00e3o simplesmente <a href=\"https:\/\/www.suno.com.br\/noticias\/bolsonaro-guedes-privatizar-petrobras-petr4\/\">privatizar<\/a>\u00a0ou estatizar\u201d, afirma.<\/li>\n<li>\u201cO lado bom \u00e9 que a Eletrobras est\u00e1 engessada em termos de novos investimentos. Ent\u00e3o, se a gente for olhar, a situa\u00e7\u00e3o n\u00e3o \u00e9 a mesma de tempos atr\u00e1s. Ela n\u00e3o tem a mesma capacidade, principalmente depois da edi\u00e7\u00e3o da Medida Provis\u00f3ria (MP) 579, em 2012. A Eletrobras apanhou muito\u201d, acrescenta.<\/li>\n<li>A MP que o especialista da <strong>Daemon<\/strong>\u00a0se refere foi a \u2018canetada\u2019 da ex-presidente\u00a0<a href=\"https:\/\/www.suno.com.br\/noticias\/teto-de-gastos-atentado-bloqueia-brasil-dilma-rousseff\/\">Dilma Roussef (PT)<\/a>, que instituiu uma antecipa\u00e7\u00e3o da renova\u00e7\u00e3o dos contratos de concess\u00e3o.<\/li>\n<li>\u201cNa verdade, em regra, a Eletrobras sequer deveria ter contrato de concess\u00e3o. Mas essa \u00e9 uma outra discuss\u00e3o\u201d, aponta Schirato.<\/li>\n<li>O especialista esclareceu os pontos e os detalhes do processo de capitaliza\u00e7\u00e3o da companhia, que deve movimentar bilh\u00f5es com a <a class=\"suno-keyword\" href=\"https:\/\/www.suno.com.br\/artigos\/oferta-de-acoes\/\" target=\"_blank\" rel=\"noopener\" data-force=\"no\" data-priority=\"1\">oferta de a\u00e7\u00f5es<\/a>\u00a0na bolsa nos pr\u00f3ximos meses.<\/li>\n<li>Vale lembrar que, com o processo de privatiza\u00e7\u00e3o \u2018batendo \u00e0 porta\u2019, grandes investidores demonstram interesse na companhia estatal. Informa\u00e7\u00f5es da Bloomberg indicam que um grupo de <a href=\"https:\/\/www.suno.com.br\/noticias\/web-stories\/bolsa-de-valores-b3-corrige-errinho\/\"><strong>investidores estrangeiros<\/strong>\u00a0<\/a>sinalizou interesse em comprar cerca de R$ 13 bilh\u00f5es em\u00a0<strong>a\u00e7\u00f5es da Eletrobras<\/strong>.<\/li>\n<li>A <strong>transa\u00e7\u00e3o<\/strong>\u00a0deve ser lan\u00e7ada formalmente nos pr\u00f3ximos dias, mas os bancos j\u00e1 come\u00e7aram a entrar em contato com potenciais compradores.<\/li>\n<li>A Eletrobras possui, atualmente, valuation de R$ 70,1 bilh\u00f5es, <a href=\"https:\/\/statusinvest.com.br\/acoes\/elet3?__hstc=189907700.450e8e83598e7952b6b94f0b4a2ec47b.1649272435823.1653595223866.1653604025690.249&amp;__hssc=189907700.40.1653604025690&amp;__hsfp=1192132751\">segundo dados compilados pela plataforma Status Invest<\/a>\u00a0e com base na cota\u00e7\u00e3o das a\u00e7\u00f5es\u00a0<a href=\"https:\/\/statusinvest.com.br\/acoes\/elet6?__hstc=189907700.450e8e83598e7952b6b94f0b4a2ec47b.1649272435823.1653595223866.1653604025690.249&amp;__hssc=189907700.40.1653604025690&amp;__hsfp=1192132751\"><strong>ELET6<\/strong><\/a>\u00a0e\u00a0<a href=\"https:\/\/statusinvest.com.br\/acoes\/elet3?__hstc=189907700.450e8e83598e7952b6b94f0b4a2ec47b.1649272435823.1653595223866.1653604025690.249&amp;__hssc=189907700.40.1653604025690&amp;__hsfp=1192132751\"><strong>ELET3<\/strong><\/a>.<\/li>\n<li>Especialistas indicam que o processo de <a href=\"https:\/\/www.suno.com.br\/noticias\/para-ex-ceo-da-eletrobras-elet3-companhia-pode-virar-corporacao-apos-capitalizacao\/\">capitaliza\u00e7\u00e3o<\/a>\u00a0tem potencial de ser uma das maiores oferta p\u00fablicas de a\u00e7\u00f5es da hist\u00f3ria do Brasil.<\/li>\n<\/ul>\n<div class=\"readToo\" data-element=\"shortcode-read-more\">\n<ul>\n<li>Na semana anterior, um relat\u00f3rio do UBS-BB destacou a expectativa de R$ 30 bilh\u00f5es a serem levantados, considerando a oferta prim\u00e1ria e secund\u00e1ria de a\u00e7\u00f5es.<\/li>\n<li>No mesmo sentido, a Ativa Investimentos defende que hoje os ativos da el\u00e9trica s\u00e3o negociados a pre\u00e7os descontados \u2013 especialmente no comparativo com outras companhias privadas. Esse ponto pode atrair ainda mais o interesse dos investidores.<\/li>\n<li>\u201cEmbora o papel j\u00e1 tenha evolu\u00eddo desde que o seu processo de capitaliza\u00e7\u00e3o come\u00e7ou a ganhar forma, ainda enxergamos espa\u00e7o para o investidor obter <a class=\"suno-keyword\" href=\"https:\/\/www.suno.com.br\/artigos\/ganho-de-capital\/\" target=\"_blank\" rel=\"noopener\" data-force=\"no\" data-priority=\"1\">ganho de capital<\/a>\u00a0com a valoriza\u00e7\u00e3o das\u00a0<a class=\"suno-keyword\" href=\"https:\/\/www.suno.com.br\/artigos\/o-que-sao-acoes-ordinarias-preferenciais-e-units\/\" target=\"_blank\" rel=\"noopener\" data-force=\"no\" data-priority=\"1\">a\u00e7\u00f5es ordin\u00e1rias<\/a>\u00a0da Eletrobras\u201d, afirmam Ilan Arbetman e Tadeu Louren\u00e7o, que assinam o documento.<\/li>\n<\/ul>\n<p><iframe loading=\"lazy\" title=\"Entenda a privatiza\u00e7\u00e3o da Eletrobras, com o professor Vitor Schirato\" width=\"1080\" height=\"608\" src=\"https:\/\/www.youtube.com\/embed\/GEpMnNfXX84?feature=oembed&#038;enablejsapi=1&#038;origin=https:\/\/www.suno.com.br\" frameborder=\"0\" allow=\"accelerometer; autoplay; clipboard-write; encrypted-media; gyroscope; picture-in-picture\" allowfullscreen><\/iframe><\/p>\n<\/div>\n<p>Da\u00a0<b>Cielo <\/b>a Eletrobras, essas foram as empresas que se destacaram hoje. Para ler todas as mat\u00e9rias <b data-stringify-type=\"bold\"><a class=\"c-link\" tabindex=\"-1\" href=\"https:\/\/www.suno.com.br\/noticias\/\" target=\"_blank\" rel=\"noopener noreferrer\" data-stringify-link=\"https:\/\/www.suno.com.br\/noticias\/\" data-sk=\"tooltip_parent\" data-remove-tab-index=\"true\">clique aqui<\/a><\/b>.<\/p>\n\t<p>\n\t\t<a href=\"https:\/\/lp.suno.com.br\/planilha-de-controle-de-investimentos\/\" target=\"_blank\" data-element=\"shortcode-suno-banner\" title=\"Banner SUNO, clique e saiba mais\">\n\t\t\t<picture>\n\t\t\t\t<source media=\"(max-width: 500px)\" srcset=\"https:\/\/files.sunoresearch.com.br\/n\/uploads\/2023\/03\/400x300-Controle-de-Investimentos.png\">\n\t\t\t\t<img class=\"newsContent__article__imgCapa newsContent__article__imgCapa--banner\"\n\t\t\t\t\tsrc=\"https:\/\/files.sunoresearch.com.br\/n\/uploads\/2023\/03\/1420x240-Controle-de-Investimentos.png\"\n\t\t\t\t\tdata-promo-id=\"75934\"\t\t\t\t\t\t\t\t\t\twidth='1420' height='240'\t\t\t\t\talt=\"https:\/\/files.sunoresearch.com.br\/n\/uploads\/2023\/03\/1420x240-Controle-de-Investimentos.png\"\n\t\t\t\t>\n\t\t\t<\/picture>\n\t\t<\/a>\n\t<\/p>\n\n\n","protected":false},"excerpt":{"rendered":"<p>A\u00a0Cielo\u00a0(CIEL3) disparou nesta quinta-feira (26), com a classifica\u00e7\u00e3o de compra pelo JP Morgan. No fechamento, as a\u00e7\u00f5es da empresa de maquinhas saltaram 11,29%, negociadas a R$ 4,04. Cielo (CIEL3). &#8211; Foto: Divulga\u00e7\u00e3o O JP Morgan reclassificou a\u00a0a\u00e7\u00e3o da Cielo\u00a0como overweight. Ou seja, diz que o ativo est\u00e1 barato e tem potencial de valoriza\u00e7\u00e3o. Al\u00e9m disso, [&hellip;]<\/p>\n","protected":false},"author":146,"featured_media":38318,"comment_status":"closed","ping_status":"closed","sticky":false,"template":"","format":"standard","meta":[],"categories":[64],"tags":[423,433,455,848,97380],"suno_strategy":[],"class_list":["post-261771","post","type-post","status-publish","format-standard","has-post-thumbnail","hentry","category-negocios","tag-cielo-ciel3","tag-cosan-csan3","tag-eletrobras-elet3-elet5-elet6","tag-nubank","tag-petz-petz3"],"yoast_head":"<!-- This site is optimized with the Yoast SEO plugin v24.4 - https:\/\/yoast.com\/wordpress\/plugins\/seo\/ -->\n<title>Radar: Cielo (CIEL3) est\u00e1 \u2018barata\u2019 para o JP Morgan, Cosan (CSAN3) dispara e como vai funcionar a privatiza\u00e7\u00e3o da Eletrobras (ELET3)<\/title>\n<meta name=\"description\" content=\"A JP Morgan aposta na valoriza\u00e7\u00e3o da Cielo (CIEL3). As a\u00e7\u00f5es da Cosan (CSAN3) dispararam ap\u00f3s dia do investidor. Veja mais not\u00edcias aqui!\" \/>\n<meta name=\"robots\" content=\"index, follow, max-snippet:-1, max-image-preview:large, max-video-preview:-1\" \/>\n<link rel=\"canonical\" href=\"https:\/\/www.suno.com.br\/noticias\/radar-cielo-ciel3-cosan-csan3-eletrobras-elet3\/\" \/>\n<meta property=\"og:locale\" content=\"pt_BR\" \/>\n<meta property=\"og:type\" content=\"article\" \/>\n<meta property=\"og:title\" content=\"Radar: Cielo (CIEL3) est\u00e1 \u2018barata\u2019 para o JP Morgan, Cosan (CSAN3) dispara e como vai funcionar a privatiza\u00e7\u00e3o da Eletrobras (ELET3)\" \/>\n<meta property=\"og:description\" content=\"A JP Morgan aposta na valoriza\u00e7\u00e3o da Cielo (CIEL3). As a\u00e7\u00f5es da Cosan (CSAN3) dispararam ap\u00f3s dia do investidor. Veja mais not\u00edcias aqui!\" \/>\n<meta property=\"og:url\" content=\"https:\/\/www.suno.com.br\/noticias\/radar-cielo-ciel3-cosan-csan3-eletrobras-elet3\/\" \/>\n<meta property=\"og:site_name\" content=\"Suno Not\u00edcias\" \/>\n<meta property=\"article:publisher\" content=\"https:\/\/facebook.com\/sunoresearch\" \/>\n<meta property=\"og:image\" content=\"https:\/\/files.sunoresearch.com.br\/n\/uploads\/2019\/09\/60fb7999-cielo.jpg\" \/>\n\t<meta property=\"og:image:width\" content=\"1920\" \/>\n\t<meta property=\"og:image:height\" content=\"1280\" \/>\n\t<meta property=\"og:image:type\" content=\"image\/jpeg\" \/>\n<meta name=\"author\" content=\"Vict\u00f3ria Anhesini\" \/>\n<meta name=\"twitter:card\" content=\"summary_large_image\" \/>\n<meta name=\"twitter:creator\" content=\"@sunoresearch\" \/>\n<meta name=\"twitter:site\" content=\"@sunoresearch\" \/>\n<meta name=\"twitter:label1\" content=\"Escrito por\" \/>\n\t<meta name=\"twitter:data1\" content=\"Vict\u00f3ria Anhesini\" \/>\n\t<meta name=\"twitter:label2\" content=\"Est. tempo de leitura\" \/>\n\t<meta name=\"twitter:data2\" content=\"9 minutos\" \/>\n<script type=\"application\/ld+json\" class=\"yoast-schema-graph\">{\"@context\":\"https:\/\/schema.org\",\"@graph\":[{\"@type\":\"NewsArticle\",\"@id\":\"https:\/\/www.suno.com.br\/noticias\/radar-cielo-ciel3-cosan-csan3-eletrobras-elet3\/#article\",\"isPartOf\":{\"@id\":\"https:\/\/www.suno.com.br\/noticias\/radar-cielo-ciel3-cosan-csan3-eletrobras-elet3\/\"},\"author\":{\"name\":\"Vict\u00f3ria Anhesini\",\"@id\":\"https:\/\/www.suno.com.br\/noticias\/#\/schema\/person\/46d847cb19ad53fde0857adca989c23f\"},\"headline\":\"Radar: Cielo (CIEL3) est\u00e1 \u2018barata\u2019 para o JP Morgan, Cosan (CSAN3) dispara e como vai funcionar a privatiza\u00e7\u00e3o da Eletrobras (ELET3)\",\"datePublished\":\"2022-05-27T00:39:24+00:00\",\"dateModified\":\"2022-05-27T00:41:14+00:00\",\"mainEntityOfPage\":{\"@id\":\"https:\/\/www.suno.com.br\/noticias\/radar-cielo-ciel3-cosan-csan3-eletrobras-elet3\/\"},\"wordCount\":2137,\"publisher\":{\"@id\":\"https:\/\/www.suno.com.br\/noticias\/#organization\"},\"image\":{\"@id\":\"https:\/\/www.suno.com.br\/noticias\/radar-cielo-ciel3-cosan-csan3-eletrobras-elet3\/#primaryimage\"},\"thumbnailUrl\":\"https:\/\/files.sunoresearch.com.br\/n\/uploads\/2019\/09\/60fb7999-cielo-jpg.webp\",\"keywords\":[\"Cielo (CIEL3)\",\"Cosan (CSAN3)\",\"Eletrobras (ELET3\/ELET5\/ELET6)\",\"Nubank (NUBR33)\",\"Petz (PETZ3)\"],\"articleSection\":[\"Neg\u00f3cios\"],\"inLanguage\":\"pt-BR\"},{\"@type\":\"WebPage\",\"@id\":\"https:\/\/www.suno.com.br\/noticias\/radar-cielo-ciel3-cosan-csan3-eletrobras-elet3\/\",\"url\":\"https:\/\/www.suno.com.br\/noticias\/radar-cielo-ciel3-cosan-csan3-eletrobras-elet3\/\",\"name\":\"Radar: Cielo (CIEL3) est\u00e1 \u2018barata\u2019 para o JP Morgan, Cosan (CSAN3) dispara e como vai funcionar a privatiza\u00e7\u00e3o da Eletrobras (ELET3)\",\"isPartOf\":{\"@id\":\"https:\/\/www.suno.com.br\/noticias\/#website\"},\"primaryImageOfPage\":{\"@id\":\"https:\/\/www.suno.com.br\/noticias\/radar-cielo-ciel3-cosan-csan3-eletrobras-elet3\/#primaryimage\"},\"image\":{\"@id\":\"https:\/\/www.suno.com.br\/noticias\/radar-cielo-ciel3-cosan-csan3-eletrobras-elet3\/#primaryimage\"},\"thumbnailUrl\":\"https:\/\/files.sunoresearch.com.br\/n\/uploads\/2019\/09\/60fb7999-cielo-jpg.webp\",\"datePublished\":\"2022-05-27T00:39:24+00:00\",\"dateModified\":\"2022-05-27T00:41:14+00:00\",\"description\":\"A JP Morgan aposta na valoriza\u00e7\u00e3o da Cielo (CIEL3). As a\u00e7\u00f5es da Cosan (CSAN3) dispararam ap\u00f3s dia do investidor. Veja mais not\u00edcias aqui!\",\"breadcrumb\":{\"@id\":\"https:\/\/www.suno.com.br\/noticias\/radar-cielo-ciel3-cosan-csan3-eletrobras-elet3\/#breadcrumb\"},\"inLanguage\":\"pt-BR\",\"potentialAction\":[{\"@type\":\"ReadAction\",\"target\":[\"https:\/\/www.suno.com.br\/noticias\/radar-cielo-ciel3-cosan-csan3-eletrobras-elet3\/\"]}]},{\"@type\":\"ImageObject\",\"inLanguage\":\"pt-BR\",\"@id\":\"https:\/\/www.suno.com.br\/noticias\/radar-cielo-ciel3-cosan-csan3-eletrobras-elet3\/#primaryimage\",\"url\":\"https:\/\/files.sunoresearch.com.br\/n\/uploads\/2019\/09\/60fb7999-cielo-jpg.webp\",\"contentUrl\":\"https:\/\/files.sunoresearch.com.br\/n\/uploads\/2019\/09\/60fb7999-cielo-jpg.webp\",\"width\":1920,\"height\":1280,\"caption\":\"Cielo (CIEL3). - Foto: Divulga\u00e7\u00e3o\"},{\"@type\":\"BreadcrumbList\",\"@id\":\"https:\/\/www.suno.com.br\/noticias\/radar-cielo-ciel3-cosan-csan3-eletrobras-elet3\/#breadcrumb\",\"itemListElement\":[{\"@type\":\"ListItem\",\"position\":1,\"name\":\"Not\u00edcias\",\"item\":\"https:\/\/www.suno.com.br\/noticias\/\"},{\"@type\":\"ListItem\",\"position\":2,\"name\":\"Neg\u00f3cios\",\"item\":\"https:\/\/www.suno.com.br\/noticias\/negocios\/\"},{\"@type\":\"ListItem\",\"position\":3,\"name\":\"Radar: Cielo (CIEL3) est\u00e1 \u2018barata\u2019 para o JP Morgan, Cosan (CSAN3) dispara e como vai funcionar a privatiza\u00e7\u00e3o da Eletrobras (ELET3)\"}]},{\"@type\":\"WebSite\",\"@id\":\"https:\/\/www.suno.com.br\/noticias\/#website\",\"url\":\"https:\/\/www.suno.com.br\/noticias\/\",\"name\":\"Suno Not\u00edcias\",\"description\":\"Seu portal de informa\u00e7\u00e3o sobre o mundo dos investimentos\",\"publisher\":{\"@id\":\"https:\/\/www.suno.com.br\/noticias\/#organization\"},\"potentialAction\":[{\"@type\":\"SearchAction\",\"target\":{\"@type\":\"EntryPoint\",\"urlTemplate\":\"https:\/\/www.suno.com.br\/noticias\/?s={search_term_string}\"},\"query-input\":{\"@type\":\"PropertyValueSpecification\",\"valueRequired\":true,\"valueName\":\"search_term_string\"}}],\"inLanguage\":\"pt-BR\"},{\"@type\":\"Organization\",\"@id\":\"https:\/\/www.suno.com.br\/noticias\/#organization\",\"name\":\"Suno Not\u00edcias\",\"url\":\"https:\/\/www.suno.com.br\/noticias\/\",\"logo\":{\"@type\":\"ImageObject\",\"inLanguage\":\"pt-BR\",\"@id\":\"https:\/\/www.suno.com.br\/noticias\/#\/schema\/logo\/image\/\",\"url\":\"https:\/\/files.sunoresearch.com.br\/n\/uploads\/2021\/09\/suno-logo.png\",\"contentUrl\":\"https:\/\/files.sunoresearch.com.br\/n\/uploads\/2021\/09\/suno-logo.png\",\"width\":180,\"height\":180,\"caption\":\"Suno Not\u00edcias\"},\"image\":{\"@id\":\"https:\/\/www.suno.com.br\/noticias\/#\/schema\/logo\/image\/\"},\"sameAs\":[\"https:\/\/facebook.com\/sunoresearch\",\"https:\/\/x.com\/sunoresearch\",\"https:\/\/www.instagram.com\/suno\",\"https:\/\/www.linkedin.com\/company\/suno-research\/\",\"https:\/\/www.youtube.com\/c\/sunoresearch\"]},{\"@type\":\"Person\",\"@id\":\"https:\/\/www.suno.com.br\/noticias\/#\/schema\/person\/46d847cb19ad53fde0857adca989c23f\",\"name\":\"Vict\u00f3ria Anhesini\",\"image\":{\"@type\":\"ImageObject\",\"inLanguage\":\"pt-BR\",\"@id\":\"https:\/\/www.suno.com.br\/noticias\/#\/schema\/person\/image\/\",\"url\":\"https:\/\/secure.gravatar.com\/avatar\/0172bdfcd9129dd9dd68794804304e6e?s=96&r=g\",\"contentUrl\":\"https:\/\/secure.gravatar.com\/avatar\/0172bdfcd9129dd9dd68794804304e6e?s=96&r=g\",\"caption\":\"Vict\u00f3ria Anhesini\"},\"description\":\"Rep\u00f3rter no Suno Not\u00edcias, cobre mercados, neg\u00f3cios e economia, escrevendo majoritariamente sobre movimentos das empresas, cobertura de balan\u00e7os trimestrais e Bolsa de Valores. Formada em jornalismo pela Universidade Presbiteriana Mackenzie em 2019, passou pelo portal de economia e finan\u00e7as EuQueroInvestir como rep\u00f3rter e anteriormente, trabalhou na assessoria de imprensa PinePR, onde liderou com startups de inova\u00e7\u00e3o, tecnologia e finan\u00e7as. Em seu tempo livre, fala sobre m\u00fasica para ambos os sites do selo ForMusic, Wikimetal e Mad Sound, e faz trabalho volunt\u00e1rio no programa Escreve Cartas do Poupatempo.\",\"sameAs\":[\"https:\/\/www.linkedin.com\/in\/victoria-anhesini\/\"],\"url\":\"https:\/\/www.suno.com.br\/noticias\/author\/victoria\/\"}]}<\/script>\n<!-- \/ Yoast SEO plugin. -->","yoast_head_json":{"title":"Radar: Cielo (CIEL3) est\u00e1 \u2018barata\u2019 para o JP Morgan, Cosan (CSAN3) dispara e como vai funcionar a privatiza\u00e7\u00e3o da Eletrobras (ELET3)","description":"A JP Morgan aposta na valoriza\u00e7\u00e3o da Cielo (CIEL3). As a\u00e7\u00f5es da Cosan (CSAN3) dispararam ap\u00f3s dia do investidor. Veja mais not\u00edcias aqui!","robots":{"index":"index","follow":"follow","max-snippet":"max-snippet:-1","max-image-preview":"max-image-preview:large","max-video-preview":"max-video-preview:-1"},"canonical":"https:\/\/www.suno.com.br\/noticias\/radar-cielo-ciel3-cosan-csan3-eletrobras-elet3\/","og_locale":"pt_BR","og_type":"article","og_title":"Radar: Cielo (CIEL3) est\u00e1 \u2018barata\u2019 para o JP Morgan, Cosan (CSAN3) dispara e como vai funcionar a privatiza\u00e7\u00e3o da Eletrobras (ELET3)","og_description":"A JP Morgan aposta na valoriza\u00e7\u00e3o da Cielo (CIEL3). As a\u00e7\u00f5es da Cosan (CSAN3) dispararam ap\u00f3s dia do investidor. Veja mais not\u00edcias aqui!","og_url":"https:\/\/www.suno.com.br\/noticias\/radar-cielo-ciel3-cosan-csan3-eletrobras-elet3\/","og_site_name":"Suno Not\u00edcias","article_publisher":"https:\/\/facebook.com\/sunoresearch","og_image":[{"width":1920,"height":1280,"url":"https:\/\/files.sunoresearch.com.br\/n\/uploads\/2019\/09\/60fb7999-cielo.jpg","type":"image\/jpeg"}],"author":"Vict\u00f3ria Anhesini","twitter_card":"summary_large_image","twitter_creator":"@sunoresearch","twitter_site":"@sunoresearch","twitter_misc":{"Escrito por":"Vict\u00f3ria Anhesini","Est. tempo de leitura":"9 minutos"},"schema":{"@context":"https:\/\/schema.org","@graph":[{"@type":"NewsArticle","@id":"https:\/\/www.suno.com.br\/noticias\/radar-cielo-ciel3-cosan-csan3-eletrobras-elet3\/#article","isPartOf":{"@id":"https:\/\/www.suno.com.br\/noticias\/radar-cielo-ciel3-cosan-csan3-eletrobras-elet3\/"},"author":{"name":"Vict\u00f3ria Anhesini","@id":"https:\/\/www.suno.com.br\/noticias\/#\/schema\/person\/46d847cb19ad53fde0857adca989c23f"},"headline":"Radar: Cielo (CIEL3) est\u00e1 \u2018barata\u2019 para o JP Morgan, Cosan (CSAN3) dispara e como vai funcionar a privatiza\u00e7\u00e3o da Eletrobras (ELET3)","datePublished":"2022-05-27T00:39:24+00:00","dateModified":"2022-05-27T00:41:14+00:00","mainEntityOfPage":{"@id":"https:\/\/www.suno.com.br\/noticias\/radar-cielo-ciel3-cosan-csan3-eletrobras-elet3\/"},"wordCount":2137,"publisher":{"@id":"https:\/\/www.suno.com.br\/noticias\/#organization"},"image":{"@id":"https:\/\/www.suno.com.br\/noticias\/radar-cielo-ciel3-cosan-csan3-eletrobras-elet3\/#primaryimage"},"thumbnailUrl":"https:\/\/files.sunoresearch.com.br\/n\/uploads\/2019\/09\/60fb7999-cielo-jpg.webp","keywords":["Cielo (CIEL3)","Cosan (CSAN3)","Eletrobras (ELET3\/ELET5\/ELET6)","Nubank (NUBR33)","Petz (PETZ3)"],"articleSection":["Neg\u00f3cios"],"inLanguage":"pt-BR"},{"@type":"WebPage","@id":"https:\/\/www.suno.com.br\/noticias\/radar-cielo-ciel3-cosan-csan3-eletrobras-elet3\/","url":"https:\/\/www.suno.com.br\/noticias\/radar-cielo-ciel3-cosan-csan3-eletrobras-elet3\/","name":"Radar: Cielo (CIEL3) est\u00e1 \u2018barata\u2019 para o JP Morgan, Cosan (CSAN3) dispara e como vai funcionar a privatiza\u00e7\u00e3o da Eletrobras (ELET3)","isPartOf":{"@id":"https:\/\/www.suno.com.br\/noticias\/#website"},"primaryImageOfPage":{"@id":"https:\/\/www.suno.com.br\/noticias\/radar-cielo-ciel3-cosan-csan3-eletrobras-elet3\/#primaryimage"},"image":{"@id":"https:\/\/www.suno.com.br\/noticias\/radar-cielo-ciel3-cosan-csan3-eletrobras-elet3\/#primaryimage"},"thumbnailUrl":"https:\/\/files.sunoresearch.com.br\/n\/uploads\/2019\/09\/60fb7999-cielo-jpg.webp","datePublished":"2022-05-27T00:39:24+00:00","dateModified":"2022-05-27T00:41:14+00:00","description":"A JP Morgan aposta na valoriza\u00e7\u00e3o da Cielo (CIEL3). As a\u00e7\u00f5es da Cosan (CSAN3) dispararam ap\u00f3s dia do investidor. Veja mais not\u00edcias aqui!","breadcrumb":{"@id":"https:\/\/www.suno.com.br\/noticias\/radar-cielo-ciel3-cosan-csan3-eletrobras-elet3\/#breadcrumb"},"inLanguage":"pt-BR","potentialAction":[{"@type":"ReadAction","target":["https:\/\/www.suno.com.br\/noticias\/radar-cielo-ciel3-cosan-csan3-eletrobras-elet3\/"]}]},{"@type":"ImageObject","inLanguage":"pt-BR","@id":"https:\/\/www.suno.com.br\/noticias\/radar-cielo-ciel3-cosan-csan3-eletrobras-elet3\/#primaryimage","url":"https:\/\/files.sunoresearch.com.br\/n\/uploads\/2019\/09\/60fb7999-cielo-jpg.webp","contentUrl":"https:\/\/files.sunoresearch.com.br\/n\/uploads\/2019\/09\/60fb7999-cielo-jpg.webp","width":1920,"height":1280,"caption":"Cielo (CIEL3). - Foto: Divulga\u00e7\u00e3o"},{"@type":"BreadcrumbList","@id":"https:\/\/www.suno.com.br\/noticias\/radar-cielo-ciel3-cosan-csan3-eletrobras-elet3\/#breadcrumb","itemListElement":[{"@type":"ListItem","position":1,"name":"Not\u00edcias","item":"https:\/\/www.suno.com.br\/noticias\/"},{"@type":"ListItem","position":2,"name":"Neg\u00f3cios","item":"https:\/\/www.suno.com.br\/noticias\/negocios\/"},{"@type":"ListItem","position":3,"name":"Radar: Cielo (CIEL3) est\u00e1 \u2018barata\u2019 para o JP Morgan, Cosan (CSAN3) dispara e como vai funcionar a privatiza\u00e7\u00e3o da Eletrobras (ELET3)"}]},{"@type":"WebSite","@id":"https:\/\/www.suno.com.br\/noticias\/#website","url":"https:\/\/www.suno.com.br\/noticias\/","name":"Suno Not\u00edcias","description":"Seu portal de informa\u00e7\u00e3o sobre o mundo dos investimentos","publisher":{"@id":"https:\/\/www.suno.com.br\/noticias\/#organization"},"potentialAction":[{"@type":"SearchAction","target":{"@type":"EntryPoint","urlTemplate":"https:\/\/www.suno.com.br\/noticias\/?s={search_term_string}"},"query-input":{"@type":"PropertyValueSpecification","valueRequired":true,"valueName":"search_term_string"}}],"inLanguage":"pt-BR"},{"@type":"Organization","@id":"https:\/\/www.suno.com.br\/noticias\/#organization","name":"Suno Not\u00edcias","url":"https:\/\/www.suno.com.br\/noticias\/","logo":{"@type":"ImageObject","inLanguage":"pt-BR","@id":"https:\/\/www.suno.com.br\/noticias\/#\/schema\/logo\/image\/","url":"https:\/\/files.sunoresearch.com.br\/n\/uploads\/2021\/09\/suno-logo.png","contentUrl":"https:\/\/files.sunoresearch.com.br\/n\/uploads\/2021\/09\/suno-logo.png","width":180,"height":180,"caption":"Suno Not\u00edcias"},"image":{"@id":"https:\/\/www.suno.com.br\/noticias\/#\/schema\/logo\/image\/"},"sameAs":["https:\/\/facebook.com\/sunoresearch","https:\/\/x.com\/sunoresearch","https:\/\/www.instagram.com\/suno","https:\/\/www.linkedin.com\/company\/suno-research\/","https:\/\/www.youtube.com\/c\/sunoresearch"]},{"@type":"Person","@id":"https:\/\/www.suno.com.br\/noticias\/#\/schema\/person\/46d847cb19ad53fde0857adca989c23f","name":"Vict\u00f3ria Anhesini","image":{"@type":"ImageObject","inLanguage":"pt-BR","@id":"https:\/\/www.suno.com.br\/noticias\/#\/schema\/person\/image\/","url":"https:\/\/secure.gravatar.com\/avatar\/0172bdfcd9129dd9dd68794804304e6e?s=96&r=g","contentUrl":"https:\/\/secure.gravatar.com\/avatar\/0172bdfcd9129dd9dd68794804304e6e?s=96&r=g","caption":"Vict\u00f3ria Anhesini"},"description":"Rep\u00f3rter no Suno Not\u00edcias, cobre mercados, neg\u00f3cios e economia, escrevendo majoritariamente sobre movimentos das empresas, cobertura de balan\u00e7os trimestrais e Bolsa de Valores. Formada em jornalismo pela Universidade Presbiteriana Mackenzie em 2019, passou pelo portal de economia e finan\u00e7as EuQueroInvestir como rep\u00f3rter e anteriormente, trabalhou na assessoria de imprensa PinePR, onde liderou com startups de inova\u00e7\u00e3o, tecnologia e finan\u00e7as. Em seu tempo livre, fala sobre m\u00fasica para ambos os sites do selo ForMusic, Wikimetal e Mad Sound, e faz trabalho volunt\u00e1rio no programa Escreve Cartas do Poupatempo.","sameAs":["https:\/\/www.linkedin.com\/in\/victoria-anhesini\/"],"url":"https:\/\/www.suno.com.br\/noticias\/author\/victoria\/"}]}},"default_loop_html":"<div class=\"cardsPage__listCard__boxs\"><div class=\"cardsPage__listCard__boxs__img\"><a href=\"https:\/\/www.suno.com.br\/noticias\/radar-cielo-ciel3-cosan-csan3-eletrobras-elet3\/\"><img class=\"mask\" src=\"https:\/\/www.suno.com.br\/noticias\/wp-content\/themes\/suno\/resources\/images\/spotlight\/spotlight1img\/bg-mask.png\" alt=\"Image Mask\"\/><img src=\"https:\/\/files.sunoresearch.com.br\/n\/uploads\/2019\/09\/60fb7999-cielo-400x200.webp\" alt=\"Radar: Cielo (CIEL3) est\u00e1 \u2018barata\u2019 para o JP Morgan, Cosan (CSAN3) dispara e como vai funcionar a privatiza\u00e7\u00e3o da Eletrobras (ELET3)\"\/><\/a><span class=\"spotlightCategory\"><a href=\"https:\/\/www.suno.com.br\/noticias\/negocios\/\">Neg\u00f3cios<\/a><\/span><\/div><div class=\"cardsPage__listCard__boxs__content\"><a href=\"https:\/\/www.suno.com.br\/noticias\/radar-cielo-ciel3-cosan-csan3-eletrobras-elet3\/\"><h2 class=\"content__title\">Radar: Cielo (CIEL3) est\u00e1 \u2018barata\u2019 para o JP Morgan, Cosan (CSAN3) dispara e como vai funcionar a privatiza\u00e7\u00e3o da Eletrobras (ELET3)<\/h2><\/a><div class=\"newsContent__article__meta\"><div class=\"newsContent__article__meta__authorBox\"><a href=\"https:\/\/www.suno.com.br\/noticias\/author\/victoria\/\" class=\"authorBox__avatar noMobi\"><img src=\"https:\/\/files.sunoresearch.com.br\/n\/uploads\/2021\/12\/20190129VickyPINEAPPLE01-1-150x150.jpg\" alt=\"Vict\u00f3ria Anhesini\"><\/a><div class=\"authorBox__name\"><span>por\n\t\t\t<a href=\"https:\/\/www.suno.com.br\/noticias\/author\/victoria\/\"><span itemprop=\"author\">Vict\u00f3ria Anhesini<\/span><\/a><\/span><time datetime=\"2022-05-26T21:39:24-03:00\" itemprop=\"datePublished\">26\/05\/2022 21:39<\/time><\/div><\/div><\/div><\/div><\/div>","single_layout":"posts","amp_enabled":true,"_links":{"self":[{"href":"https:\/\/www.suno.com.br\/noticias\/wp-json\/wp\/v2\/posts\/261771"}],"collection":[{"href":"https:\/\/www.suno.com.br\/noticias\/wp-json\/wp\/v2\/posts"}],"about":[{"href":"https:\/\/www.suno.com.br\/noticias\/wp-json\/wp\/v2\/types\/post"}],"author":[{"embeddable":true,"href":"https:\/\/www.suno.com.br\/noticias\/wp-json\/wp\/v2\/users\/146"}],"replies":[{"embeddable":true,"href":"https:\/\/www.suno.com.br\/noticias\/wp-json\/wp\/v2\/comments?post=261771"}],"version-history":[{"count":3,"href":"https:\/\/www.suno.com.br\/noticias\/wp-json\/wp\/v2\/posts\/261771\/revisions"}],"predecessor-version":[{"id":261784,"href":"https:\/\/www.suno.com.br\/noticias\/wp-json\/wp\/v2\/posts\/261771\/revisions\/261784"}],"wp:featuredmedia":[{"embeddable":true,"href":"https:\/\/www.suno.com.br\/noticias\/wp-json\/wp\/v2\/media\/38318"}],"wp:attachment":[{"href":"https:\/\/www.suno.com.br\/noticias\/wp-json\/wp\/v2\/media?parent=261771"}],"wp:term":[{"taxonomy":"category","embeddable":true,"href":"https:\/\/www.suno.com.br\/noticias\/wp-json\/wp\/v2\/categories?post=261771"},{"taxonomy":"post_tag","embeddable":true,"href":"https:\/\/www.suno.com.br\/noticias\/wp-json\/wp\/v2\/tags?post=261771"},{"taxonomy":"suno_strategy","embeddable":true,"href":"https:\/\/www.suno.com.br\/noticias\/wp-json\/wp\/v2\/suno_strategy?post=261771"}],"curies":[{"name":"wp","href":"https:\/\/api.w.org\/{rel}","templated":true}]}}