{"id":261709,"date":"2022-05-26T18:36:32","date_gmt":"2022-05-26T21:36:32","guid":{"rendered":"https:\/\/www.suno.com.br\/noticias\/?p=261709"},"modified":"2022-05-27T17:47:56","modified_gmt":"2022-05-27T20:47:56","slug":"ifix-alta-26052022-trxf11","status":"publish","type":"post","link":"https:\/\/www.suno.com.br\/noticias\/ifix-alta-26052022-trxf11\/","title":{"rendered":"TRXF11 fecha contrato de R$ 135 mi com Leroy Merlin; IFIX fecha em alta"},"content":{"rendered":"<p>O\u00a0<strong>IFIX<\/strong>, principal \u00cdndice de\u00a0<a class=\"suno-keyword\" href=\"https:\/\/www.suno.com.br\/fundos-imobiliarios\/\" target=\"_blank\" rel=\"noopener\" data-force=\"no\" data-priority=\"2\">Fundos Imobili\u00e1rios<\/a>\u00a0da\u00a0<a class=\"suno-keyword\" href=\"https:\/\/www.suno.com.br\/acoes\/B3SA3\/\" target=\"_blank\" rel=\"noopener\" data-force=\"yes\" data-priority=\"2\">B3 (B3SA3)<\/a>, terminou a sess\u00e3o desta quinta-feira (26) em leve alta de 0,08%, aos 2.796 pontos.<\/p>\t<div class=\"wrapper-featured-image\">\n\t\t<figure class=\"spotlightImg\">\n\n\t\t\t<picture>\n\t\t\t\t<source media=\"(max-width: 768px)\" srcset=\"https:\/\/files.sunoresearch.com.br\/n\/uploads\/2021\/03\/301c6e1b-buildings-690364_1280-400x200.webp\">\n\t\t\t\t<img loading=\"lazy\" decoding=\"async\" class=\"newsContent__article__imgCapa lazyloadDisabled \" src=\"https:\/\/files.sunoresearch.com.br\/n\/uploads\/2021\/03\/301c6e1b-buildings-690364_1280-800x450.webp\" width=\"800\" height=\"450\" alt=\"TRXF11 fecha contrato de R$ 135 mi com Leroy Merlin; IFIX fecha em alta\" fetchpriority=high \/>\n\t\t\t<\/picture>\n\n\t\t\t<figcaption class=\"wp-caption-text wp-caption-text--show\">Fundos Imobili\u00e1rios (FIIs). Foto: Pixabay<\/figcaption>\n\t\t<\/figure>\n\t<\/div>\n\n\n\t<p>\n\t\t<a href=\"https:\/\/lp.suno.com.br\/planilha-controle-gastos\/\" target=\"_blank\" data-element=\"shortcode-suno-banner\" title=\"Banner SUNO, clique e saiba mais\">\n\t\t\t<picture>\n\t\t\t\t<source media=\"(max-width: 500px)\" srcset=\"https:\/\/files.sunoresearch.com.br\/n\/uploads\/2023\/03\/400x300-Planilha-controle-de-gastos.png\">\n\t\t\t\t<img class=\"newsContent__article__imgCapa newsContent__article__imgCapa--banner\"\n\t\t\t\t\tsrc=\"https:\/\/files.sunoresearch.com.br\/n\/uploads\/2023\/03\/1420x240-Planilha-controle-de-gastos.png\"\n\t\t\t\t\tdata-promo-id=\"101751\"\t\t\t\t\t\t\t\t\t\twidth='1420' height='240'\t\t\t\t\talt=\"https:\/\/files.sunoresearch.com.br\/n\/uploads\/2023\/03\/1420x240-Planilha-controle-de-gastos.png\"\n\t\t\t\t>\n\t\t\t<\/picture>\n\t\t<\/a>\n\t<\/p>\n\n\n<p>Na quarta-feira (25), a <strong>cota\u00e7\u00e3o do IFIX<\/strong> encerrou em alta de 0,07%, aos 2.793 pontos.<\/p>\n<p>O desempenho do IFIX hoje foi impulsionado por ganhos dos fundos imobili\u00e1rios <a class=\"suno-keyword\" href=\"https:\/\/www.suno.com.br\/fundos-imobiliarios\/afhi11\/\" target=\"_blank\" rel=\"noopener\" data-force=\"yes\" data-priority=\"2\">AFHI11<\/a> e <a class=\"suno-keyword\" href=\"https:\/\/www.suno.com.br\/fundos-imobiliarios\/hfof11\/\" target=\"_blank\" rel=\"noopener\" data-force=\"yes\" data-priority=\"2\">HFOF11<\/a>, que lideraram as altas do dia. As principais perdas foram dos FIIs <a class=\"suno-keyword\" href=\"https:\/\/www.suno.com.br\/fundos-imobiliarios\/care11\/\" target=\"_blank\" rel=\"noopener\" data-force=\"yes\" data-priority=\"2\">CARE11<\/a> e <a class=\"suno-keyword\" href=\"https:\/\/www.suno.com.br\/fundos-imobiliarios\/pvbi11\/\" target=\"_blank\" rel=\"noopener\" data-force=\"yes\" data-priority=\"2\">PVBI11<\/a>.<\/p>\n<h2>TRXF11 fecha contrato de R$ 135 milh\u00f5es com Leroy Merlin<\/h2>\n<p>A gestora TRX, administradora do fundo imobili\u00e1rio <a href=\"https:\/\/www.suno.com.br\/fundos-imobiliarios\/trxf11\/\">TRXF11<\/a>, informou ao mercado que fechou contrato sob modelo de<em> <a class=\"suno-keyword\" href=\"https:\/\/www.suno.com.br\/artigos\/built-to-suit\/\" target=\"_blank\" rel=\"noopener\" data-force=\"no\" data-priority=\"1\">built to suit<\/a> <\/em>(de constru\u00e7\u00e3o para loca\u00e7\u00e3o) com a empresa controlada pela Leroy Merlin, BMB Material de Constru\u00e7\u00e3o. O valor estimado \u00e9 de R$ 135 milh\u00f5es<\/p>\n<p>&#8220;O valor total do compromisso de investimento assumido pelo fundo com a aquisi\u00e7\u00e3o dos im\u00f3veis e custeio das obras de constru\u00e7\u00e3o e desenvolvimento imobili\u00e1rio \u00e9 de cerca de R$ 135 milh\u00f5es, podendo o valor sofrer altera\u00e7\u00f5es em decorr\u00eancia da aquisi\u00e7\u00e3o dos im\u00f3veis e do resultado das dilig\u00eancias jur\u00eddico-imobili\u00e1rias que ser\u00e3o realizadas ou ainda em fun\u00e7\u00e3o das obras de constru\u00e7\u00e3o e desenvolvimento imobili\u00e1rio dos Im\u00f3veis&#8221;, informou o <a class=\"suno-keyword\" href=\"https:\/\/www.suno.com.br\/artigos\/fato-relevante\/\" target=\"_blank\" rel=\"noopener\" data-force=\"no\" data-priority=\"1\">fato relevante<\/a> da gestora.<\/p>\n\t<p>\n\t\t<a href=\"\" target=\"_blank\" data-element=\"shortcode-suno-banner\" title=\"Banner SUNO, clique e saiba mais\">\n\t\t\t<picture>\n\t\t\t\t<source media=\"(max-width: 500px)\" srcset=\"\">\n\t\t\t\t<img class=\"newsContent__article__imgCapa newsContent__article__imgCapa--banner\"\n\t\t\t\t\tsrc=\"\"\n\t\t\t\t\tdata-promo-id=\"77050\"\t\t\t\t\t\t\t\t\t\t\t\t\t\t\talt=\"\"\n\t\t\t\t>\n\t\t\t<\/picture>\n\t\t<\/a>\n\t<\/p>\n\n\n<p>De acordo com o documento, os contrato de loca\u00e7\u00e3o vigorar\u00e3o pelo prazo de 20 anos. Contam com penalidade por rescis\u00e3o antecipada equivalente ao <a class=\"suno-keyword\" href=\"https:\/\/www.suno.com.br\/artigos\/saldo-devedor\/\" target=\"_blank\" rel=\"noopener\" data-force=\"no\" data-priority=\"1\">saldo devedor<\/a> integral de cada contrato de loca\u00e7\u00e3o, sem a possibilidade de a\u00e7\u00e3o revisional de aluguel durante o prazo de vig\u00eancia inicial.<\/p>\n<p>&#8220;A celebra\u00e7\u00e3o dos Contratos de Loca\u00e7\u00e3o com a BMB vai ao encontro da estrat\u00e9gia do Fundo em formar seu portf\u00f3lio com ativos bem localizados, caracter\u00edsticas t\u00e9cnicas atuais e flexibilidade de uso futuro com o objetivo de distribuir renda e <a class=\"suno-keyword\" href=\"https:\/\/www.suno.com.br\/artigos\/ganho-de-capital\/\" target=\"_blank\" rel=\"noopener\" data-force=\"no\" data-priority=\"1\">ganho de capital<\/a> para seus cotistas com im\u00f3veis de primeira linha alugados para grandes empresas atrav\u00e9s de contratos de <a class=\"suno-keyword\" href=\"https:\/\/www.suno.com.br\/artigos\/longo-prazo\/\" target=\"_blank\" rel=\"noopener\" data-force=\"no\" data-priority=\"1\">longo prazo<\/a>&#8220;, concluiu.<\/p>\n<p>Segundo a gestora, o contrato prev\u00ea o desenvolvimento, constru\u00e7\u00e3o e loca\u00e7\u00e3o de dois im\u00f3veis no estado de S\u00e3o Paulo, com pagamento de aluguel provis\u00f3rio durante o per\u00edodo de obras. &#8220;Os im\u00f3veis ser\u00e3o lojas varejistas e atacadistas de material de constru\u00e7\u00e3o, operadas pela BMB sob a bandeira \u201cObramax\u201d, com Contratos de Loca\u00e7\u00e3o pelo prazo de 20 anos a partir da inaugura\u00e7\u00e3o das lojas&#8221;, acrescenta.<\/p>\n<p>&#8220;O acordo est\u00e1 alinhado com a estrat\u00e9gia do TRXF11 em formar seu portf\u00f3lio com ativos bem localizados, caracter\u00edsticas t\u00e9cnicas atuais e flexibilidade de uso futuro com o objetivo de distribuir renda e ganho de capital para seus cotistas com im\u00f3veis de primeira linha alugados para grandes empresas por meio de contratos de longo prazo. Com a aquisi\u00e7\u00e3o, o fundo passa a ser propriet\u00e1rio de 50 im\u00f3veis ocupados por marcas como P\u00e3o de A\u00e7\u00facar (PCAR3), BIG, Assa\u00ed (ASAI3) e Sodimac, al\u00e9m de um centro de distribui\u00e7\u00e3o, somando aproximadamente R$ 2 bilh\u00f5es investidos em im\u00f3veis de 13 estados brasileiros.&#8221;<\/p>\n<h2>Veja tamb\u00e9m as maiores altas e baixas do IFIX no dia<\/h2>\n<p><strong>Maiores altas:\u00a0<\/strong><\/p>\n<ul>\n<li>AFHI11: 2,12% \/\/ R$ 101,35<\/li>\n<li>HFOF11: 1,36% \/\/ R$ 73<\/li>\n<li><a class=\"suno-keyword\" href=\"https:\/\/www.suno.com.br\/fundos-imobiliarios\/cvbi11\/\" target=\"_blank\" rel=\"noopener\" data-force=\"yes\" data-priority=\"2\">CVBI11<\/a>: 1,19%\/\/ R$ 100,1<\/li>\n<li><a class=\"suno-keyword\" href=\"https:\/\/www.suno.com.br\/fundos-imobiliarios\/rvbi11\/\" target=\"_blank\" rel=\"noopener\" data-force=\"yes\" data-priority=\"2\">RVBI11<\/a>: 1,19% \/\/ R$ 74,09<\/li>\n<li><a class=\"suno-keyword\" href=\"https:\/\/www.suno.com.br\/fundos-imobiliarios\/hgff11\/\" target=\"_blank\" rel=\"noopener\" data-force=\"yes\" data-priority=\"2\">HGFF11<\/a>: 1,12% \/\/ R$ 72,14<\/li>\n<\/ul>\n<p><strong>Maiores baixas:\u00a0\u00a0<\/strong><\/p>\n<ul>\n<li>CARE11: -4,54% \/\/ R$ 4,84<\/li>\n<li>PVBI11: -1,47% \/\/ R$ 95,3<\/li>\n<li><a class=\"suno-keyword\" href=\"https:\/\/www.suno.com.br\/fundos-imobiliarios\/blmr11\/\" target=\"_blank\" rel=\"noopener\" data-force=\"yes\" data-priority=\"2\">BLMR11<\/a>: -1,45% \/\/ R$ 7,61<\/li>\n<li><a class=\"suno-keyword\" href=\"https:\/\/www.suno.com.br\/fundos-imobiliarios\/mchf11\/\" target=\"_blank\" rel=\"noopener\" data-force=\"yes\" data-priority=\"2\">MCHF11<\/a>: -1,35% \/\/ R$ 9,61<\/li>\n<li><a class=\"suno-keyword\" href=\"https:\/\/www.suno.com.br\/fundos-imobiliarios\/hgre11\/\" target=\"_blank\" rel=\"noopener\" data-force=\"yes\" data-priority=\"2\">HGRE11<\/a>: -1,24% \/\/ R$ 128,15<\/li>\n<\/ul>\n<h2>O que \u00e9 o IFIX<\/h2>\n<p>O <strong>IFIX<\/strong> \u00e9 um indicador criado pela Bolsa de Valores de S\u00e3o Paulo (B3) e tem como objetivo a medi\u00e7\u00e3o da performance de uma carteira composta por cotas de <strong>Fundos Imobili\u00e1rios<\/strong>.<\/p>\n\t<p>\n\t\t<a href=\"https:\/\/lp.suno.com.br\/ebook-como-analisar-uma-acao\/\" target=\"_blank\" data-element=\"shortcode-suno-banner\" title=\"Banner SUNO, clique e saiba mais\">\n\t\t\t<picture>\n\t\t\t\t<source media=\"(max-width: 500px)\" srcset=\"https:\/\/files.sunoresearch.com.br\/n\/uploads\/2023\/03\/Ebook-Acoes-Mobile-1.jpg\">\n\t\t\t\t<img class=\"newsContent__article__imgCapa newsContent__article__imgCapa--banner\"\n\t\t\t\t\tsrc=\"https:\/\/files.sunoresearch.com.br\/n\/uploads\/2023\/03\/Ebook-Acoes-Desktop-1.jpg\"\n\t\t\t\t\tdata-promo-id=\"171998\"\t\t\t\t\t\t\t\t\t\twidth='1420' height='286'\t\t\t\t\talt=\"https:\/\/files.sunoresearch.com.br\/n\/uploads\/2023\/03\/Ebook-Acoes-Desktop-1.jpg\"\n\t\t\t\t>\n\t\t\t<\/picture>\n\t\t<\/a>\n\t<\/p>\n\n\n","protected":false},"excerpt":{"rendered":"<p>O\u00a0IFIX, principal \u00cdndice de\u00a0Fundos Imobili\u00e1rios\u00a0da\u00a0B3 (B3SA3), terminou a sess\u00e3o desta quinta-feira (26) em leve alta de 0,08%, aos 2.796 pontos. Fundos Imobili\u00e1rios (FIIs). Foto: Pixabay Na quarta-feira (25), a cota\u00e7\u00e3o do IFIX encerrou em alta de 0,07%, aos 2.793 pontos. O desempenho do IFIX hoje foi impulsionado por ganhos dos fundos imobili\u00e1rios AFHI11 e HFOF11, [&hellip;]<\/p>\n","protected":false},"author":15,"featured_media":137089,"comment_status":"closed","ping_status":"closed","sticky":false,"template":"","format":"standard","meta":[],"categories":[66],"tags":[1187,1964,2689],"suno_strategy":[],"class_list":["post-261709","post","type-post","status-publish","format-standard","has-post-thumbnail","hentry","category-fiis","tag-assai-asai3","tag-grupo-pao-de-acucar-pcar3-pcar4","tag-ifix"],"yoast_head":"<!-- This site is optimized with the Yoast SEO plugin v24.4 - https:\/\/yoast.com\/wordpress\/plugins\/seo\/ -->\n<title>TRXF11 fecha contrato de R$ 135 mi com Leroy Merlin; IFIX fecha em alta<\/title>\n<meta name=\"description\" content=\"O\u00a0IFIX terminou a sess\u00e3o desta quinta-feira (26) em leve alta de 0,08%, aos 2.796 pontos. Para saber mais clique aqui e confira\" \/>\n<meta name=\"robots\" content=\"index, follow, max-snippet:-1, max-image-preview:large, max-video-preview:-1\" \/>\n<link rel=\"canonical\" href=\"https:\/\/www.suno.com.br\/noticias\/ifix-alta-26052022-trxf11\/\" \/>\n<meta property=\"og:locale\" content=\"pt_BR\" \/>\n<meta property=\"og:type\" content=\"article\" \/>\n<meta property=\"og:title\" content=\"TRXF11 fecha contrato de R$ 135 mi com Leroy Merlin; IFIX fecha em alta\" \/>\n<meta property=\"og:description\" content=\"O\u00a0IFIX terminou a sess\u00e3o desta quinta-feira (26) em leve alta de 0,08%, aos 2.796 pontos. Para saber mais clique aqui e confira\" \/>\n<meta property=\"og:url\" content=\"https:\/\/www.suno.com.br\/noticias\/ifix-alta-26052022-trxf11\/\" \/>\n<meta property=\"og:site_name\" content=\"Suno Not\u00edcias\" \/>\n<meta property=\"article:publisher\" content=\"https:\/\/facebook.com\/sunoresearch\" \/>\n<meta property=\"og:image\" content=\"https:\/\/files.sunoresearch.com.br\/n\/uploads\/2021\/03\/301c6e1b-buildings-690364_1280.jpg\" \/>\n\t<meta property=\"og:image:width\" content=\"1280\" \/>\n\t<meta property=\"og:image:height\" content=\"853\" \/>\n\t<meta property=\"og:image:type\" content=\"image\/jpeg\" \/>\n<meta name=\"author\" content=\"Poliana Santos\" \/>\n<meta name=\"twitter:card\" content=\"summary_large_image\" \/>\n<meta name=\"twitter:creator\" content=\"@sunoresearch\" \/>\n<meta name=\"twitter:site\" content=\"@sunoresearch\" \/>\n<meta name=\"twitter:label1\" content=\"Escrito por\" \/>\n\t<meta name=\"twitter:data1\" content=\"Poliana Santos\" \/>\n\t<meta name=\"twitter:label2\" content=\"Est. tempo de leitura\" \/>\n\t<meta name=\"twitter:data2\" content=\"3 minutos\" \/>\n<script type=\"application\/ld+json\" class=\"yoast-schema-graph\">{\"@context\":\"https:\/\/schema.org\",\"@graph\":[{\"@type\":\"NewsArticle\",\"@id\":\"https:\/\/www.suno.com.br\/noticias\/ifix-alta-26052022-trxf11\/#article\",\"isPartOf\":{\"@id\":\"https:\/\/www.suno.com.br\/noticias\/ifix-alta-26052022-trxf11\/\"},\"author\":{\"name\":\"Poliana Santos\",\"@id\":\"https:\/\/www.suno.com.br\/noticias\/#\/schema\/person\/02ec1f752758247878a2bf4abee1aeda\"},\"headline\":\"TRXF11 fecha contrato de R$ 135 mi com Leroy Merlin; IFIX fecha em alta\",\"datePublished\":\"2022-05-26T21:36:32+00:00\",\"dateModified\":\"2022-05-27T20:47:56+00:00\",\"mainEntityOfPage\":{\"@id\":\"https:\/\/www.suno.com.br\/noticias\/ifix-alta-26052022-trxf11\/\"},\"wordCount\":609,\"publisher\":{\"@id\":\"https:\/\/www.suno.com.br\/noticias\/#organization\"},\"image\":{\"@id\":\"https:\/\/www.suno.com.br\/noticias\/ifix-alta-26052022-trxf11\/#primaryimage\"},\"thumbnailUrl\":\"https:\/\/files.sunoresearch.com.br\/n\/uploads\/2021\/03\/301c6e1b-buildings-690364_1280-jpg.webp\",\"keywords\":[\"Assa\u00ed (ASAI3)\",\"Grupo P\u00e3o de A\u00e7\u00facar (PCAR3\/PCAR4)\",\"IFIX\"],\"articleSection\":[\"FIIs\"],\"inLanguage\":\"pt-BR\"},{\"@type\":\"WebPage\",\"@id\":\"https:\/\/www.suno.com.br\/noticias\/ifix-alta-26052022-trxf11\/\",\"url\":\"https:\/\/www.suno.com.br\/noticias\/ifix-alta-26052022-trxf11\/\",\"name\":\"TRXF11 fecha contrato de R$ 135 mi com Leroy Merlin; IFIX fecha em alta\",\"isPartOf\":{\"@id\":\"https:\/\/www.suno.com.br\/noticias\/#website\"},\"primaryImageOfPage\":{\"@id\":\"https:\/\/www.suno.com.br\/noticias\/ifix-alta-26052022-trxf11\/#primaryimage\"},\"image\":{\"@id\":\"https:\/\/www.suno.com.br\/noticias\/ifix-alta-26052022-trxf11\/#primaryimage\"},\"thumbnailUrl\":\"https:\/\/files.sunoresearch.com.br\/n\/uploads\/2021\/03\/301c6e1b-buildings-690364_1280-jpg.webp\",\"datePublished\":\"2022-05-26T21:36:32+00:00\",\"dateModified\":\"2022-05-27T20:47:56+00:00\",\"description\":\"O\u00a0IFIX terminou a sess\u00e3o desta quinta-feira (26) em leve alta de 0,08%, aos 2.796 pontos. Para saber mais clique aqui e confira\",\"breadcrumb\":{\"@id\":\"https:\/\/www.suno.com.br\/noticias\/ifix-alta-26052022-trxf11\/#breadcrumb\"},\"inLanguage\":\"pt-BR\",\"potentialAction\":[{\"@type\":\"ReadAction\",\"target\":[\"https:\/\/www.suno.com.br\/noticias\/ifix-alta-26052022-trxf11\/\"]}]},{\"@type\":\"ImageObject\",\"inLanguage\":\"pt-BR\",\"@id\":\"https:\/\/www.suno.com.br\/noticias\/ifix-alta-26052022-trxf11\/#primaryimage\",\"url\":\"https:\/\/files.sunoresearch.com.br\/n\/uploads\/2021\/03\/301c6e1b-buildings-690364_1280-jpg.webp\",\"contentUrl\":\"https:\/\/files.sunoresearch.com.br\/n\/uploads\/2021\/03\/301c6e1b-buildings-690364_1280-jpg.webp\",\"width\":1280,\"height\":853,\"caption\":\"Fundos Imobili\u00e1rios (FIIs). Foto: Pixabay\"},{\"@type\":\"BreadcrumbList\",\"@id\":\"https:\/\/www.suno.com.br\/noticias\/ifix-alta-26052022-trxf11\/#breadcrumb\",\"itemListElement\":[{\"@type\":\"ListItem\",\"position\":1,\"name\":\"Not\u00edcias\",\"item\":\"https:\/\/www.suno.com.br\/noticias\/\"},{\"@type\":\"ListItem\",\"position\":2,\"name\":\"FIIs\",\"item\":\"https:\/\/www.suno.com.br\/noticias\/fiis\/\"},{\"@type\":\"ListItem\",\"position\":3,\"name\":\"TRXF11 fecha contrato de R$ 135 mi com Leroy Merlin; IFIX fecha em alta\"}]},{\"@type\":\"WebSite\",\"@id\":\"https:\/\/www.suno.com.br\/noticias\/#website\",\"url\":\"https:\/\/www.suno.com.br\/noticias\/\",\"name\":\"Suno Not\u00edcias\",\"description\":\"Seu portal de informa\u00e7\u00e3o sobre o mundo dos investimentos\",\"publisher\":{\"@id\":\"https:\/\/www.suno.com.br\/noticias\/#organization\"},\"potentialAction\":[{\"@type\":\"SearchAction\",\"target\":{\"@type\":\"EntryPoint\",\"urlTemplate\":\"https:\/\/www.suno.com.br\/noticias\/?s={search_term_string}\"},\"query-input\":{\"@type\":\"PropertyValueSpecification\",\"valueRequired\":true,\"valueName\":\"search_term_string\"}}],\"inLanguage\":\"pt-BR\"},{\"@type\":\"Organization\",\"@id\":\"https:\/\/www.suno.com.br\/noticias\/#organization\",\"name\":\"Suno Not\u00edcias\",\"url\":\"https:\/\/www.suno.com.br\/noticias\/\",\"logo\":{\"@type\":\"ImageObject\",\"inLanguage\":\"pt-BR\",\"@id\":\"https:\/\/www.suno.com.br\/noticias\/#\/schema\/logo\/image\/\",\"url\":\"https:\/\/files.sunoresearch.com.br\/n\/uploads\/2021\/09\/suno-logo.png\",\"contentUrl\":\"https:\/\/files.sunoresearch.com.br\/n\/uploads\/2021\/09\/suno-logo.png\",\"width\":180,\"height\":180,\"caption\":\"Suno Not\u00edcias\"},\"image\":{\"@id\":\"https:\/\/www.suno.com.br\/noticias\/#\/schema\/logo\/image\/\"},\"sameAs\":[\"https:\/\/facebook.com\/sunoresearch\",\"https:\/\/x.com\/sunoresearch\",\"https:\/\/www.instagram.com\/suno\",\"https:\/\/www.linkedin.com\/company\/suno-research\/\",\"https:\/\/www.youtube.com\/c\/sunoresearch\"]},{\"@type\":\"Person\",\"@id\":\"https:\/\/www.suno.com.br\/noticias\/#\/schema\/person\/02ec1f752758247878a2bf4abee1aeda\",\"name\":\"Poliana Santos\",\"image\":{\"@type\":\"ImageObject\",\"inLanguage\":\"pt-BR\",\"@id\":\"https:\/\/www.suno.com.br\/noticias\/#\/schema\/person\/image\/\",\"url\":\"https:\/\/secure.gravatar.com\/avatar\/0645bd32f23d87b2130f2b2dff1d3f8d?s=96&r=g\",\"contentUrl\":\"https:\/\/secure.gravatar.com\/avatar\/0645bd32f23d87b2130f2b2dff1d3f8d?s=96&r=g\",\"caption\":\"Poliana Santos\"},\"description\":\"Rep\u00f3rter no Suno Not\u00edcias, com cobertura em mercado financeiro, economia, finan\u00e7as pessoais, renda fixa e varejo. Jornalista formada pela Faculdade C\u00e1sper L\u00edbero e possui passagem na R\u00e1dio Gazeta AM com a produ\u00e7\u00e3o de conte\u00fado sobre economia, pol\u00edtica, sa\u00fade, moda e m\u00fasica. Possui certificado de conclus\u00e3o do curso de An\u00e1lise de Balan\u00e7os pela Funda\u00e7\u00e3o Bradesco, Agenda Brasil pela FAAP, Educa\u00e7\u00e3o Pol\u00edtica por Alexandre Garcia e do Tesouro Direto e Mercado de A\u00e7\u00f5es pela B3.\",\"url\":\"https:\/\/www.suno.com.br\/noticias\/author\/poliana-santos\/\"}]}<\/script>\n<!-- \/ Yoast SEO plugin. -->","yoast_head_json":{"title":"TRXF11 fecha contrato de R$ 135 mi com Leroy Merlin; IFIX fecha em alta","description":"O\u00a0IFIX terminou a sess\u00e3o desta quinta-feira (26) em leve alta de 0,08%, aos 2.796 pontos. Para saber mais clique aqui e confira","robots":{"index":"index","follow":"follow","max-snippet":"max-snippet:-1","max-image-preview":"max-image-preview:large","max-video-preview":"max-video-preview:-1"},"canonical":"https:\/\/www.suno.com.br\/noticias\/ifix-alta-26052022-trxf11\/","og_locale":"pt_BR","og_type":"article","og_title":"TRXF11 fecha contrato de R$ 135 mi com Leroy Merlin; IFIX fecha em alta","og_description":"O\u00a0IFIX terminou a sess\u00e3o desta quinta-feira (26) em leve alta de 0,08%, aos 2.796 pontos. Para saber mais clique aqui e confira","og_url":"https:\/\/www.suno.com.br\/noticias\/ifix-alta-26052022-trxf11\/","og_site_name":"Suno Not\u00edcias","article_publisher":"https:\/\/facebook.com\/sunoresearch","og_image":[{"width":1280,"height":853,"url":"https:\/\/files.sunoresearch.com.br\/n\/uploads\/2021\/03\/301c6e1b-buildings-690364_1280.jpg","type":"image\/jpeg"}],"author":"Poliana Santos","twitter_card":"summary_large_image","twitter_creator":"@sunoresearch","twitter_site":"@sunoresearch","twitter_misc":{"Escrito por":"Poliana Santos","Est. tempo de leitura":"3 minutos"},"schema":{"@context":"https:\/\/schema.org","@graph":[{"@type":"NewsArticle","@id":"https:\/\/www.suno.com.br\/noticias\/ifix-alta-26052022-trxf11\/#article","isPartOf":{"@id":"https:\/\/www.suno.com.br\/noticias\/ifix-alta-26052022-trxf11\/"},"author":{"name":"Poliana Santos","@id":"https:\/\/www.suno.com.br\/noticias\/#\/schema\/person\/02ec1f752758247878a2bf4abee1aeda"},"headline":"TRXF11 fecha contrato de R$ 135 mi com Leroy Merlin; IFIX fecha em alta","datePublished":"2022-05-26T21:36:32+00:00","dateModified":"2022-05-27T20:47:56+00:00","mainEntityOfPage":{"@id":"https:\/\/www.suno.com.br\/noticias\/ifix-alta-26052022-trxf11\/"},"wordCount":609,"publisher":{"@id":"https:\/\/www.suno.com.br\/noticias\/#organization"},"image":{"@id":"https:\/\/www.suno.com.br\/noticias\/ifix-alta-26052022-trxf11\/#primaryimage"},"thumbnailUrl":"https:\/\/files.sunoresearch.com.br\/n\/uploads\/2021\/03\/301c6e1b-buildings-690364_1280-jpg.webp","keywords":["Assa\u00ed (ASAI3)","Grupo P\u00e3o de A\u00e7\u00facar (PCAR3\/PCAR4)","IFIX"],"articleSection":["FIIs"],"inLanguage":"pt-BR"},{"@type":"WebPage","@id":"https:\/\/www.suno.com.br\/noticias\/ifix-alta-26052022-trxf11\/","url":"https:\/\/www.suno.com.br\/noticias\/ifix-alta-26052022-trxf11\/","name":"TRXF11 fecha contrato de R$ 135 mi com Leroy Merlin; IFIX fecha em alta","isPartOf":{"@id":"https:\/\/www.suno.com.br\/noticias\/#website"},"primaryImageOfPage":{"@id":"https:\/\/www.suno.com.br\/noticias\/ifix-alta-26052022-trxf11\/#primaryimage"},"image":{"@id":"https:\/\/www.suno.com.br\/noticias\/ifix-alta-26052022-trxf11\/#primaryimage"},"thumbnailUrl":"https:\/\/files.sunoresearch.com.br\/n\/uploads\/2021\/03\/301c6e1b-buildings-690364_1280-jpg.webp","datePublished":"2022-05-26T21:36:32+00:00","dateModified":"2022-05-27T20:47:56+00:00","description":"O\u00a0IFIX terminou a sess\u00e3o desta quinta-feira (26) em leve alta de 0,08%, aos 2.796 pontos. Para saber mais clique aqui e confira","breadcrumb":{"@id":"https:\/\/www.suno.com.br\/noticias\/ifix-alta-26052022-trxf11\/#breadcrumb"},"inLanguage":"pt-BR","potentialAction":[{"@type":"ReadAction","target":["https:\/\/www.suno.com.br\/noticias\/ifix-alta-26052022-trxf11\/"]}]},{"@type":"ImageObject","inLanguage":"pt-BR","@id":"https:\/\/www.suno.com.br\/noticias\/ifix-alta-26052022-trxf11\/#primaryimage","url":"https:\/\/files.sunoresearch.com.br\/n\/uploads\/2021\/03\/301c6e1b-buildings-690364_1280-jpg.webp","contentUrl":"https:\/\/files.sunoresearch.com.br\/n\/uploads\/2021\/03\/301c6e1b-buildings-690364_1280-jpg.webp","width":1280,"height":853,"caption":"Fundos Imobili\u00e1rios (FIIs). Foto: Pixabay"},{"@type":"BreadcrumbList","@id":"https:\/\/www.suno.com.br\/noticias\/ifix-alta-26052022-trxf11\/#breadcrumb","itemListElement":[{"@type":"ListItem","position":1,"name":"Not\u00edcias","item":"https:\/\/www.suno.com.br\/noticias\/"},{"@type":"ListItem","position":2,"name":"FIIs","item":"https:\/\/www.suno.com.br\/noticias\/fiis\/"},{"@type":"ListItem","position":3,"name":"TRXF11 fecha contrato de R$ 135 mi com Leroy Merlin; IFIX fecha em alta"}]},{"@type":"WebSite","@id":"https:\/\/www.suno.com.br\/noticias\/#website","url":"https:\/\/www.suno.com.br\/noticias\/","name":"Suno Not\u00edcias","description":"Seu portal de informa\u00e7\u00e3o sobre o mundo dos investimentos","publisher":{"@id":"https:\/\/www.suno.com.br\/noticias\/#organization"},"potentialAction":[{"@type":"SearchAction","target":{"@type":"EntryPoint","urlTemplate":"https:\/\/www.suno.com.br\/noticias\/?s={search_term_string}"},"query-input":{"@type":"PropertyValueSpecification","valueRequired":true,"valueName":"search_term_string"}}],"inLanguage":"pt-BR"},{"@type":"Organization","@id":"https:\/\/www.suno.com.br\/noticias\/#organization","name":"Suno Not\u00edcias","url":"https:\/\/www.suno.com.br\/noticias\/","logo":{"@type":"ImageObject","inLanguage":"pt-BR","@id":"https:\/\/www.suno.com.br\/noticias\/#\/schema\/logo\/image\/","url":"https:\/\/files.sunoresearch.com.br\/n\/uploads\/2021\/09\/suno-logo.png","contentUrl":"https:\/\/files.sunoresearch.com.br\/n\/uploads\/2021\/09\/suno-logo.png","width":180,"height":180,"caption":"Suno Not\u00edcias"},"image":{"@id":"https:\/\/www.suno.com.br\/noticias\/#\/schema\/logo\/image\/"},"sameAs":["https:\/\/facebook.com\/sunoresearch","https:\/\/x.com\/sunoresearch","https:\/\/www.instagram.com\/suno","https:\/\/www.linkedin.com\/company\/suno-research\/","https:\/\/www.youtube.com\/c\/sunoresearch"]},{"@type":"Person","@id":"https:\/\/www.suno.com.br\/noticias\/#\/schema\/person\/02ec1f752758247878a2bf4abee1aeda","name":"Poliana Santos","image":{"@type":"ImageObject","inLanguage":"pt-BR","@id":"https:\/\/www.suno.com.br\/noticias\/#\/schema\/person\/image\/","url":"https:\/\/secure.gravatar.com\/avatar\/0645bd32f23d87b2130f2b2dff1d3f8d?s=96&r=g","contentUrl":"https:\/\/secure.gravatar.com\/avatar\/0645bd32f23d87b2130f2b2dff1d3f8d?s=96&r=g","caption":"Poliana Santos"},"description":"Rep\u00f3rter no Suno Not\u00edcias, com cobertura em mercado financeiro, economia, finan\u00e7as pessoais, renda fixa e varejo. Jornalista formada pela Faculdade C\u00e1sper L\u00edbero e possui passagem na R\u00e1dio Gazeta AM com a produ\u00e7\u00e3o de conte\u00fado sobre economia, pol\u00edtica, sa\u00fade, moda e m\u00fasica. Possui certificado de conclus\u00e3o do curso de An\u00e1lise de Balan\u00e7os pela Funda\u00e7\u00e3o Bradesco, Agenda Brasil pela FAAP, Educa\u00e7\u00e3o Pol\u00edtica por Alexandre Garcia e do Tesouro Direto e Mercado de A\u00e7\u00f5es pela B3.","url":"https:\/\/www.suno.com.br\/noticias\/author\/poliana-santos\/"}]}},"default_loop_html":"<div class=\"cardsPage__listCard__boxs\"><div class=\"cardsPage__listCard__boxs__img\"><a href=\"https:\/\/www.suno.com.br\/noticias\/ifix-alta-26052022-trxf11\/\"><img class=\"mask\" src=\"https:\/\/www.suno.com.br\/noticias\/wp-content\/themes\/suno\/resources\/images\/spotlight\/spotlight1img\/bg-mask.png\" alt=\"Image Mask\"\/><img src=\"https:\/\/files.sunoresearch.com.br\/n\/uploads\/2021\/03\/301c6e1b-buildings-690364_1280-400x200.webp\" alt=\"TRXF11 fecha contrato de R$ 135 mi com Leroy Merlin; IFIX fecha em alta\"\/><\/a><span class=\"spotlightCategory\"><a href=\"https:\/\/www.suno.com.br\/noticias\/fiis\/\">FIIs<\/a><\/span><\/div><div class=\"cardsPage__listCard__boxs__content\"><a href=\"https:\/\/www.suno.com.br\/noticias\/ifix-alta-26052022-trxf11\/\"><h2 class=\"content__title\">TRXF11 fecha contrato de R$ 135 mi com Leroy Merlin; IFIX fecha em alta<\/h2><\/a><div class=\"newsContent__article__meta\"><div class=\"newsContent__article__meta__authorBox\"><a href=\"https:\/\/www.suno.com.br\/noticias\/author\/poliana-santos\/\" class=\"authorBox__avatar noMobi\"><img src=\"https:\/\/files.sunoresearch.com.br\/n\/uploads\/2020\/08\/7ef34026-whatsapp-image-2020-08-03-at-12.37.57-150x150.webp\" alt=\"Poliana Santos\"><\/a><div class=\"authorBox__name\"><span>por\n\t\t\t<a href=\"https:\/\/www.suno.com.br\/noticias\/author\/poliana-santos\/\"><span itemprop=\"author\">Poliana Santos<\/span><\/a><\/span><time datetime=\"2022-05-26T18:36:32-03:00\" itemprop=\"datePublished\">26\/05\/2022 18:36<\/time><\/div><\/div><\/div><\/div><\/div>","single_layout":"posts","amp_enabled":true,"_links":{"self":[{"href":"https:\/\/www.suno.com.br\/noticias\/wp-json\/wp\/v2\/posts\/261709"}],"collection":[{"href":"https:\/\/www.suno.com.br\/noticias\/wp-json\/wp\/v2\/posts"}],"about":[{"href":"https:\/\/www.suno.com.br\/noticias\/wp-json\/wp\/v2\/types\/post"}],"author":[{"embeddable":true,"href":"https:\/\/www.suno.com.br\/noticias\/wp-json\/wp\/v2\/users\/15"}],"replies":[{"embeddable":true,"href":"https:\/\/www.suno.com.br\/noticias\/wp-json\/wp\/v2\/comments?post=261709"}],"version-history":[{"count":4,"href":"https:\/\/www.suno.com.br\/noticias\/wp-json\/wp\/v2\/posts\/261709\/revisions"}],"predecessor-version":[{"id":261991,"href":"https:\/\/www.suno.com.br\/noticias\/wp-json\/wp\/v2\/posts\/261709\/revisions\/261991"}],"wp:featuredmedia":[{"embeddable":true,"href":"https:\/\/www.suno.com.br\/noticias\/wp-json\/wp\/v2\/media\/137089"}],"wp:attachment":[{"href":"https:\/\/www.suno.com.br\/noticias\/wp-json\/wp\/v2\/media?parent=261709"}],"wp:term":[{"taxonomy":"category","embeddable":true,"href":"https:\/\/www.suno.com.br\/noticias\/wp-json\/wp\/v2\/categories?post=261709"},{"taxonomy":"post_tag","embeddable":true,"href":"https:\/\/www.suno.com.br\/noticias\/wp-json\/wp\/v2\/tags?post=261709"},{"taxonomy":"suno_strategy","embeddable":true,"href":"https:\/\/www.suno.com.br\/noticias\/wp-json\/wp\/v2\/suno_strategy?post=261709"}],"curies":[{"name":"wp","href":"https:\/\/api.w.org\/{rel}","templated":true}]}}