{"id":26166,"date":"2019-05-28T08:37:05","date_gmt":"2019-05-28T11:37:05","guid":{"rendered":"https:\/\/www.suno.com.br\/noticias\/?p=26166"},"modified":"2019-05-28T08:37:05","modified_gmt":"2019-05-28T11:37:05","slug":"huawei-processos-estados-unidos","status":"publish","type":"post","link":"https:\/\/www.suno.com.br\/noticias\/huawei-processos-estados-unidos\/","title":{"rendered":"Huawei tornar\u00e1 p\u00fablico os processos contra san\u00e7\u00f5es dos Estados Unidos"},"content":{"rendered":"<p>A Huawei tornar\u00e1 p\u00fablico os processos judiciais que est\u00e1 movendo contra o governo dos Estados Unidos, nesta ter\u00e7a-feira (28).<\/p>\t<div class=\"wrapper-featured-image\">\n\t\t<figure class=\"spotlightImg\">\n\n\t\t\t<picture>\n\t\t\t\t<source media=\"(max-width: 768px)\" srcset=\"https:\/\/files.sunoresearch.com.br\/n\/uploads\/2019\/05\/2b7237f6-usa-china-huawei-tech-400x200.webp\">\n\t\t\t\t<img loading=\"lazy\" decoding=\"async\" class=\"newsContent__article__imgCapa lazyloadDisabled newsContent__article__imgCapa--noCaption\" src=\"https:\/\/files.sunoresearch.com.br\/n\/uploads\/2019\/05\/2b7237f6-usa-china-huawei-tech-800x450.webp\" width=\"800\" height=\"450\" alt=\"Huawei tornar\u00e1 p\u00fablico os processos contra san\u00e7\u00f5es dos Estados Unidos\" fetchpriority=high \/>\n\t\t\t<\/picture>\n\n\t\t\t<figcaption class=\"wp-caption-text wp-caption-text--hide\">Huawei perde for\u00e7a com bloqueio dos EUA e pol\u00eamicas vindas de Pequim<\/figcaption>\n\t\t<\/figure>\n\t<\/div>\n\n\n<p>A a\u00e7\u00e3o da <strong>Huawei<\/strong> vem como uma esp\u00e9cie de contra-ataque ao <strong>governo<\/strong> norte-americano e suas san\u00e7\u00f5es impostas. A chinesa foi colocada em uma lista de companhias indesej\u00e1veis do presidente <strong>Donald Trump<\/strong>.<\/p>\n\t<p>\n\t\t<a href=\"https:\/\/lp.suno.com.br\/asset\/fundos\/suno-fic-fia\/\" target=\"_blank\" data-element=\"shortcode-suno-banner\" title=\"Banner SUNO, clique e saiba mais\">\n\t\t\t<picture>\n\t\t\t\t<source media=\"(max-width: 500px)\" srcset=\"https:\/\/files.sunoresearch.com.br\/n\/uploads\/2023\/10\/SUNO-FIC-FIA-400x300-Mobile-Artigos-5-v2.png\">\n\t\t\t\t<img class=\"newsContent__article__imgCapa newsContent__article__imgCapa--banner\"\n\t\t\t\t\tsrc=\"https:\/\/files.sunoresearch.com.br\/n\/uploads\/2023\/10\/SUNO-FIC-FIA-1420x240-Banner-Artigos-1-_-Banner-Materias-4-v2-png.webp\"\n\t\t\t\t\tdata-promo-id=\"478743\"\t\t\t\t\t\t\t\t\t\twidth='2560' height='433'\t\t\t\t\talt=\"https:\/\/files.sunoresearch.com.br\/n\/uploads\/2023\/10\/SUNO-FIC-FIA-1420x240-Banner-Artigos-1-_-Banner-Materias-4-v2-png.webp\"\n\t\t\t\t>\n\t\t\t<\/picture>\n\t\t<\/a>\n\t<\/p>\n\n\n<p>Em abril, a <strong>fabricante<\/strong> havia informado que apresentou uma a\u00e7\u00e3o legal no Texas contra o governo estadunidense por conta da proibi\u00e7\u00e3o das ag\u00eancias federais de comprar equipamentos e servi\u00e7os do grupo.<\/p>\n<p>Al\u00e9m disso, os Estados Unidos tamb\u00e9m proibiram a Huawei de participar da instala\u00e7\u00e3o da quinta gera\u00e7\u00e3o de <strong>internet<\/strong> m\u00f3vel (5G) no pa\u00eds. De acordo com os norte-americanos, a China poder\u00e1 utilizar os equipamentos da empresa para espionagem.<\/p>\n<p><a href=\"https:\/\/www.suno.com.br\/noticias\/trump-atinge-huawei-china-proteger-empresas\/\">Saiba mais:\u00a0Trump atinge Huawei; China critica e diz que vai proteger suas empresas<\/a><\/p>\n<h2>EUA ataca Huawei<\/h2>\n<p>Em mais um cap\u00edtulo da guerra comercial entre <strong>Estados Unidos<\/strong> e <strong>China,<\/strong> Donald Trump golpeou a gigante chinesa <strong>Huawei.<\/strong> O presidente americano decidiu neste m\u00eas que a empresa n\u00e3o pode comprar <strong>tecnologia americana<\/strong> sem permiss\u00e3o do <strong>governo.<\/strong><\/p>\n<p>A medida de <strong>Trump<\/strong> atinge a companhia que depende de componentes dos <strong>Estados Unidos<\/strong> em sua cadeia de produ\u00e7\u00e3o. Al\u00e9m disso, <strong>Trump<\/strong> tamb\u00e9m incluiu a <strong>Huawei<\/strong> em sua &#8220;lista negra&#8221;. Assim, o magnata assinou um decreto que pro\u00edbe empresas americanas de comprarem\u00a0equipamentos de telecomunica\u00e7\u00f5es feitos por companhias consideradas como &#8220;risco \u00e0 seguran\u00e7a nacional&#8221;.<\/p>\n<p>Desse modo, unidades de seguran\u00e7a dos <strong>EUA<\/strong> argumentaram que a <strong>Huawei<\/strong> e a <strong>ZTE<\/strong> s\u00e3o um risco \u00e0 seguran\u00e7a nacional. Isso porque as empresas seriam &#8220;obrigadas a cumprir ordens do Partido Comunista&#8221;.<\/p>\n<p>Por conta da medida do governo americano contra a chinesa, o <strong>Google<\/strong> rompeu o fornecimento do sistema <strong>Android<\/strong> para os smartphones da chinesa. Al\u00e9m disso, a <strong>Microsoft<\/strong> retirou os notebooks da empresa da sua loja virtual.<\/p>\n\t<p>\n\t\t<a href=\"https:\/\/lp2.suno.com.br\/pv\/eu-invisto-2026\/?utm_source=suno-noticias&#038;utm_medium=banner&#038;utm_campaign=_SNC4CCF8112_\" target=\"_blank\" data-element=\"shortcode-suno-banner\" title=\"Banner SUNO, clique e saiba mais\">\n\t\t\t<picture>\n\t\t\t\t<source media=\"(max-width: 500px)\" srcset=\"https:\/\/files.sunoresearch.com.br\/n\/uploads\/2025\/12\/Banner-Materias-01-Mbl_-400x300-1-png.webp\">\n\t\t\t\t<img class=\"newsContent__article__imgCapa newsContent__article__imgCapa--banner\"\n\t\t\t\t\tsrc=\"https:\/\/files.sunoresearch.com.br\/n\/uploads\/2025\/12\/Banner-Materias-01-Dkp_-1420x240-1-png.webp\"\n\t\t\t\t\tdata-promo-id=\"635514\"\t\t\t\t\t\t\t\t\t\twidth='1420' height='240'\t\t\t\t\talt=\"https:\/\/files.sunoresearch.com.br\/n\/uploads\/2025\/12\/Banner-Materias-01-Dkp_-1420x240-1-png.webp\"\n\t\t\t\t>\n\t\t\t<\/picture>\n\t\t<\/a>\n\t<\/p>\n\n\n<p>Em contrapartida, caso os chineses siga os passos dos rivais norte-americanos, n\u00e3o ser\u00e1 s\u00f3 a <strong>Huawei<\/strong> que sair\u00e1 perdendo, j\u00e1 que empresas americanas que dependem de componentes vindos da <strong>China<\/strong> ou que vendem no mercado chin\u00eas podem ser afetadas<\/p>\n","protected":false},"excerpt":{"rendered":"<p>A Huawei tornar\u00e1 p\u00fablico os processos judiciais que est\u00e1 movendo contra o governo dos Estados Unidos, nesta ter\u00e7a-feira (28). Huawei perde for\u00e7a com bloqueio dos EUA e pol\u00eamicas vindas de Pequim A a\u00e7\u00e3o da Huawei vem como uma esp\u00e9cie de contra-ataque ao governo norte-americano e suas san\u00e7\u00f5es impostas. A chinesa foi colocada em uma lista [&hellip;]<\/p>\n","protected":false},"author":11,"featured_media":25175,"comment_status":"closed","ping_status":"closed","sticky":false,"template":"","format":"standard","meta":[],"categories":[63],"tags":[980,826],"suno_strategy":[],"class_list":["post-26166","post","type-post","status-publish","format-standard","has-post-thumbnail","hentry","category-internacional","tag-guerra-comercial","tag-huawei"],"yoast_head":"<!-- This site is optimized with the Yoast SEO plugin v24.4 - https:\/\/yoast.com\/wordpress\/plugins\/seo\/ -->\n<title>Huawei tornar\u00e1 p\u00fablico os processos contra san\u00e7\u00f5es dos Estados Unidos<\/title>\n<meta name=\"description\" content=\"A Huawei foi colocada em uma lista de companhias indesej\u00e1veis do presidente dos Estados Unidos, Donald Trump. Clique para saber mais.\" \/>\n<meta name=\"robots\" content=\"index, follow, max-snippet:-1, max-image-preview:large, max-video-preview:-1\" \/>\n<link rel=\"canonical\" href=\"https:\/\/www.suno.com.br\/noticias\/huawei-processos-estados-unidos\/\" \/>\n<meta property=\"og:locale\" content=\"pt_BR\" \/>\n<meta property=\"og:type\" content=\"article\" \/>\n<meta property=\"og:title\" content=\"Huawei tornar\u00e1 p\u00fablico os processos contra san\u00e7\u00f5es dos Estados Unidos\" \/>\n<meta property=\"og:description\" content=\"A Huawei foi colocada em uma lista de companhias indesej\u00e1veis do presidente dos Estados Unidos, Donald Trump. Clique para saber mais.\" \/>\n<meta property=\"og:url\" content=\"https:\/\/www.suno.com.br\/noticias\/huawei-processos-estados-unidos\/\" \/>\n<meta property=\"og:site_name\" content=\"Suno Not\u00edcias\" \/>\n<meta property=\"article:publisher\" content=\"https:\/\/facebook.com\/sunoresearch\" \/>\n<meta property=\"og:image\" content=\"https:\/\/files.sunoresearch.com.br\/n\/uploads\/2019\/05\/2b7237f6-usa-china-huawei-tech.jpg\" \/>\n\t<meta property=\"og:image:width\" content=\"1140\" \/>\n\t<meta property=\"og:image:height\" content=\"760\" \/>\n\t<meta property=\"og:image:type\" content=\"image\/jpeg\" \/>\n<meta name=\"author\" content=\"Renan Bandeira\" \/>\n<meta name=\"twitter:card\" content=\"summary_large_image\" \/>\n<meta name=\"twitter:creator\" content=\"@sunoresearch\" \/>\n<meta name=\"twitter:site\" content=\"@sunoresearch\" \/>\n<meta name=\"twitter:label1\" content=\"Escrito por\" \/>\n\t<meta name=\"twitter:data1\" content=\"Renan Bandeira\" \/>\n\t<meta name=\"twitter:label2\" content=\"Est. tempo de leitura\" \/>\n\t<meta name=\"twitter:data2\" content=\"2 minutos\" \/>\n<script type=\"application\/ld+json\" class=\"yoast-schema-graph\">{\"@context\":\"https:\/\/schema.org\",\"@graph\":[{\"@type\":\"NewsArticle\",\"@id\":\"https:\/\/www.suno.com.br\/noticias\/huawei-processos-estados-unidos\/#article\",\"isPartOf\":{\"@id\":\"https:\/\/www.suno.com.br\/noticias\/huawei-processos-estados-unidos\/\"},\"author\":{\"name\":\"Renan Bandeira\",\"@id\":\"https:\/\/www.suno.com.br\/noticias\/#\/schema\/person\/fc144a1c6108bd1dcd43784e88a3c138\"},\"headline\":\"Huawei tornar\u00e1 p\u00fablico os processos contra san\u00e7\u00f5es dos Estados Unidos\",\"datePublished\":\"2019-05-28T11:37:05+00:00\",\"mainEntityOfPage\":{\"@id\":\"https:\/\/www.suno.com.br\/noticias\/huawei-processos-estados-unidos\/\"},\"wordCount\":380,\"publisher\":{\"@id\":\"https:\/\/www.suno.com.br\/noticias\/#organization\"},\"image\":{\"@id\":\"https:\/\/www.suno.com.br\/noticias\/huawei-processos-estados-unidos\/#primaryimage\"},\"thumbnailUrl\":\"https:\/\/files.sunoresearch.com.br\/n\/uploads\/2019\/05\/2b7237f6-usa-china-huawei-tech-jpg.webp\",\"keywords\":[\"guerra comercial\",\"Huawei\"],\"articleSection\":[\"Internacional\"],\"inLanguage\":\"pt-BR\"},{\"@type\":\"WebPage\",\"@id\":\"https:\/\/www.suno.com.br\/noticias\/huawei-processos-estados-unidos\/\",\"url\":\"https:\/\/www.suno.com.br\/noticias\/huawei-processos-estados-unidos\/\",\"name\":\"Huawei tornar\u00e1 p\u00fablico os processos contra san\u00e7\u00f5es dos Estados Unidos\",\"isPartOf\":{\"@id\":\"https:\/\/www.suno.com.br\/noticias\/#website\"},\"primaryImageOfPage\":{\"@id\":\"https:\/\/www.suno.com.br\/noticias\/huawei-processos-estados-unidos\/#primaryimage\"},\"image\":{\"@id\":\"https:\/\/www.suno.com.br\/noticias\/huawei-processos-estados-unidos\/#primaryimage\"},\"thumbnailUrl\":\"https:\/\/files.sunoresearch.com.br\/n\/uploads\/2019\/05\/2b7237f6-usa-china-huawei-tech-jpg.webp\",\"datePublished\":\"2019-05-28T11:37:05+00:00\",\"description\":\"A Huawei foi colocada em uma lista de companhias indesej\u00e1veis do presidente dos Estados Unidos, Donald Trump. Clique para saber mais.\",\"breadcrumb\":{\"@id\":\"https:\/\/www.suno.com.br\/noticias\/huawei-processos-estados-unidos\/#breadcrumb\"},\"inLanguage\":\"pt-BR\",\"potentialAction\":[{\"@type\":\"ReadAction\",\"target\":[\"https:\/\/www.suno.com.br\/noticias\/huawei-processos-estados-unidos\/\"]}]},{\"@type\":\"ImageObject\",\"inLanguage\":\"pt-BR\",\"@id\":\"https:\/\/www.suno.com.br\/noticias\/huawei-processos-estados-unidos\/#primaryimage\",\"url\":\"https:\/\/files.sunoresearch.com.br\/n\/uploads\/2019\/05\/2b7237f6-usa-china-huawei-tech-jpg.webp\",\"contentUrl\":\"https:\/\/files.sunoresearch.com.br\/n\/uploads\/2019\/05\/2b7237f6-usa-china-huawei-tech-jpg.webp\",\"width\":1140,\"height\":760,\"caption\":\"Huawei perde for\u00e7a com bloqueio dos EUA e pol\u00eamicas vindas de Pequim\"},{\"@type\":\"BreadcrumbList\",\"@id\":\"https:\/\/www.suno.com.br\/noticias\/huawei-processos-estados-unidos\/#breadcrumb\",\"itemListElement\":[{\"@type\":\"ListItem\",\"position\":1,\"name\":\"Not\u00edcias\",\"item\":\"https:\/\/www.suno.com.br\/noticias\/\"},{\"@type\":\"ListItem\",\"position\":2,\"name\":\"Internacional\",\"item\":\"https:\/\/www.suno.com.br\/noticias\/internacional\/\"},{\"@type\":\"ListItem\",\"position\":3,\"name\":\"Huawei tornar\u00e1 p\u00fablico os processos contra san\u00e7\u00f5es dos Estados Unidos\"}]},{\"@type\":\"WebSite\",\"@id\":\"https:\/\/www.suno.com.br\/noticias\/#website\",\"url\":\"https:\/\/www.suno.com.br\/noticias\/\",\"name\":\"Suno Not\u00edcias\",\"description\":\"Seu portal de informa\u00e7\u00e3o sobre o mundo dos investimentos\",\"publisher\":{\"@id\":\"https:\/\/www.suno.com.br\/noticias\/#organization\"},\"potentialAction\":[{\"@type\":\"SearchAction\",\"target\":{\"@type\":\"EntryPoint\",\"urlTemplate\":\"https:\/\/www.suno.com.br\/noticias\/?s={search_term_string}\"},\"query-input\":{\"@type\":\"PropertyValueSpecification\",\"valueRequired\":true,\"valueName\":\"search_term_string\"}}],\"inLanguage\":\"pt-BR\"},{\"@type\":\"Organization\",\"@id\":\"https:\/\/www.suno.com.br\/noticias\/#organization\",\"name\":\"Suno Not\u00edcias\",\"url\":\"https:\/\/www.suno.com.br\/noticias\/\",\"logo\":{\"@type\":\"ImageObject\",\"inLanguage\":\"pt-BR\",\"@id\":\"https:\/\/www.suno.com.br\/noticias\/#\/schema\/logo\/image\/\",\"url\":\"https:\/\/files.sunoresearch.com.br\/n\/uploads\/2021\/09\/suno-logo.png\",\"contentUrl\":\"https:\/\/files.sunoresearch.com.br\/n\/uploads\/2021\/09\/suno-logo.png\",\"width\":180,\"height\":180,\"caption\":\"Suno Not\u00edcias\"},\"image\":{\"@id\":\"https:\/\/www.suno.com.br\/noticias\/#\/schema\/logo\/image\/\"},\"sameAs\":[\"https:\/\/facebook.com\/sunoresearch\",\"https:\/\/x.com\/sunoresearch\",\"https:\/\/www.instagram.com\/suno\",\"https:\/\/www.linkedin.com\/company\/suno-research\/\",\"https:\/\/www.youtube.com\/c\/sunoresearch\"]},{\"@type\":\"Person\",\"@id\":\"https:\/\/www.suno.com.br\/noticias\/#\/schema\/person\/fc144a1c6108bd1dcd43784e88a3c138\",\"name\":\"Renan Bandeira\",\"image\":{\"@type\":\"ImageObject\",\"inLanguage\":\"pt-BR\",\"@id\":\"https:\/\/www.suno.com.br\/noticias\/#\/schema\/person\/image\/\",\"url\":\"https:\/\/secure.gravatar.com\/avatar\/68359cdb608f14f11bbefcb78f3fc747?s=96&r=g\",\"contentUrl\":\"https:\/\/secure.gravatar.com\/avatar\/68359cdb608f14f11bbefcb78f3fc747?s=96&r=g\",\"caption\":\"Renan Bandeira\"},\"description\":\"Renan Bandeira escreve sobre pol\u00edtica e economia para o portal da Suno Research. Antes da Suno, trabalhou em uma rede de televis\u00e3o, onde fazia reportagens sobre os mesmos temas. Estuda na Universidade Metodista de S\u00e3o Paulo.\",\"url\":\"https:\/\/www.suno.com.br\/noticias\/author\/renan-bandeira\/\"}]}<\/script>\n<!-- \/ Yoast SEO plugin. -->","yoast_head_json":{"title":"Huawei tornar\u00e1 p\u00fablico os processos contra san\u00e7\u00f5es dos Estados Unidos","description":"A Huawei foi colocada em uma lista de companhias indesej\u00e1veis do presidente dos Estados Unidos, Donald Trump. Clique para saber mais.","robots":{"index":"index","follow":"follow","max-snippet":"max-snippet:-1","max-image-preview":"max-image-preview:large","max-video-preview":"max-video-preview:-1"},"canonical":"https:\/\/www.suno.com.br\/noticias\/huawei-processos-estados-unidos\/","og_locale":"pt_BR","og_type":"article","og_title":"Huawei tornar\u00e1 p\u00fablico os processos contra san\u00e7\u00f5es dos Estados Unidos","og_description":"A Huawei foi colocada em uma lista de companhias indesej\u00e1veis do presidente dos Estados Unidos, Donald Trump. Clique para saber mais.","og_url":"https:\/\/www.suno.com.br\/noticias\/huawei-processos-estados-unidos\/","og_site_name":"Suno Not\u00edcias","article_publisher":"https:\/\/facebook.com\/sunoresearch","og_image":[{"width":1140,"height":760,"url":"https:\/\/files.sunoresearch.com.br\/n\/uploads\/2019\/05\/2b7237f6-usa-china-huawei-tech.jpg","type":"image\/jpeg"}],"author":"Renan Bandeira","twitter_card":"summary_large_image","twitter_creator":"@sunoresearch","twitter_site":"@sunoresearch","twitter_misc":{"Escrito por":"Renan Bandeira","Est. tempo de leitura":"2 minutos"},"schema":{"@context":"https:\/\/schema.org","@graph":[{"@type":"NewsArticle","@id":"https:\/\/www.suno.com.br\/noticias\/huawei-processos-estados-unidos\/#article","isPartOf":{"@id":"https:\/\/www.suno.com.br\/noticias\/huawei-processos-estados-unidos\/"},"author":{"name":"Renan Bandeira","@id":"https:\/\/www.suno.com.br\/noticias\/#\/schema\/person\/fc144a1c6108bd1dcd43784e88a3c138"},"headline":"Huawei tornar\u00e1 p\u00fablico os processos contra san\u00e7\u00f5es dos Estados Unidos","datePublished":"2019-05-28T11:37:05+00:00","mainEntityOfPage":{"@id":"https:\/\/www.suno.com.br\/noticias\/huawei-processos-estados-unidos\/"},"wordCount":380,"publisher":{"@id":"https:\/\/www.suno.com.br\/noticias\/#organization"},"image":{"@id":"https:\/\/www.suno.com.br\/noticias\/huawei-processos-estados-unidos\/#primaryimage"},"thumbnailUrl":"https:\/\/files.sunoresearch.com.br\/n\/uploads\/2019\/05\/2b7237f6-usa-china-huawei-tech-jpg.webp","keywords":["guerra comercial","Huawei"],"articleSection":["Internacional"],"inLanguage":"pt-BR"},{"@type":"WebPage","@id":"https:\/\/www.suno.com.br\/noticias\/huawei-processos-estados-unidos\/","url":"https:\/\/www.suno.com.br\/noticias\/huawei-processos-estados-unidos\/","name":"Huawei tornar\u00e1 p\u00fablico os processos contra san\u00e7\u00f5es dos Estados Unidos","isPartOf":{"@id":"https:\/\/www.suno.com.br\/noticias\/#website"},"primaryImageOfPage":{"@id":"https:\/\/www.suno.com.br\/noticias\/huawei-processos-estados-unidos\/#primaryimage"},"image":{"@id":"https:\/\/www.suno.com.br\/noticias\/huawei-processos-estados-unidos\/#primaryimage"},"thumbnailUrl":"https:\/\/files.sunoresearch.com.br\/n\/uploads\/2019\/05\/2b7237f6-usa-china-huawei-tech-jpg.webp","datePublished":"2019-05-28T11:37:05+00:00","description":"A Huawei foi colocada em uma lista de companhias indesej\u00e1veis do presidente dos Estados Unidos, Donald Trump. Clique para saber mais.","breadcrumb":{"@id":"https:\/\/www.suno.com.br\/noticias\/huawei-processos-estados-unidos\/#breadcrumb"},"inLanguage":"pt-BR","potentialAction":[{"@type":"ReadAction","target":["https:\/\/www.suno.com.br\/noticias\/huawei-processos-estados-unidos\/"]}]},{"@type":"ImageObject","inLanguage":"pt-BR","@id":"https:\/\/www.suno.com.br\/noticias\/huawei-processos-estados-unidos\/#primaryimage","url":"https:\/\/files.sunoresearch.com.br\/n\/uploads\/2019\/05\/2b7237f6-usa-china-huawei-tech-jpg.webp","contentUrl":"https:\/\/files.sunoresearch.com.br\/n\/uploads\/2019\/05\/2b7237f6-usa-china-huawei-tech-jpg.webp","width":1140,"height":760,"caption":"Huawei perde for\u00e7a com bloqueio dos EUA e pol\u00eamicas vindas de Pequim"},{"@type":"BreadcrumbList","@id":"https:\/\/www.suno.com.br\/noticias\/huawei-processos-estados-unidos\/#breadcrumb","itemListElement":[{"@type":"ListItem","position":1,"name":"Not\u00edcias","item":"https:\/\/www.suno.com.br\/noticias\/"},{"@type":"ListItem","position":2,"name":"Internacional","item":"https:\/\/www.suno.com.br\/noticias\/internacional\/"},{"@type":"ListItem","position":3,"name":"Huawei tornar\u00e1 p\u00fablico os processos contra san\u00e7\u00f5es dos Estados Unidos"}]},{"@type":"WebSite","@id":"https:\/\/www.suno.com.br\/noticias\/#website","url":"https:\/\/www.suno.com.br\/noticias\/","name":"Suno Not\u00edcias","description":"Seu portal de informa\u00e7\u00e3o sobre o mundo dos investimentos","publisher":{"@id":"https:\/\/www.suno.com.br\/noticias\/#organization"},"potentialAction":[{"@type":"SearchAction","target":{"@type":"EntryPoint","urlTemplate":"https:\/\/www.suno.com.br\/noticias\/?s={search_term_string}"},"query-input":{"@type":"PropertyValueSpecification","valueRequired":true,"valueName":"search_term_string"}}],"inLanguage":"pt-BR"},{"@type":"Organization","@id":"https:\/\/www.suno.com.br\/noticias\/#organization","name":"Suno Not\u00edcias","url":"https:\/\/www.suno.com.br\/noticias\/","logo":{"@type":"ImageObject","inLanguage":"pt-BR","@id":"https:\/\/www.suno.com.br\/noticias\/#\/schema\/logo\/image\/","url":"https:\/\/files.sunoresearch.com.br\/n\/uploads\/2021\/09\/suno-logo.png","contentUrl":"https:\/\/files.sunoresearch.com.br\/n\/uploads\/2021\/09\/suno-logo.png","width":180,"height":180,"caption":"Suno Not\u00edcias"},"image":{"@id":"https:\/\/www.suno.com.br\/noticias\/#\/schema\/logo\/image\/"},"sameAs":["https:\/\/facebook.com\/sunoresearch","https:\/\/x.com\/sunoresearch","https:\/\/www.instagram.com\/suno","https:\/\/www.linkedin.com\/company\/suno-research\/","https:\/\/www.youtube.com\/c\/sunoresearch"]},{"@type":"Person","@id":"https:\/\/www.suno.com.br\/noticias\/#\/schema\/person\/fc144a1c6108bd1dcd43784e88a3c138","name":"Renan Bandeira","image":{"@type":"ImageObject","inLanguage":"pt-BR","@id":"https:\/\/www.suno.com.br\/noticias\/#\/schema\/person\/image\/","url":"https:\/\/secure.gravatar.com\/avatar\/68359cdb608f14f11bbefcb78f3fc747?s=96&r=g","contentUrl":"https:\/\/secure.gravatar.com\/avatar\/68359cdb608f14f11bbefcb78f3fc747?s=96&r=g","caption":"Renan Bandeira"},"description":"Renan Bandeira escreve sobre pol\u00edtica e economia para o portal da Suno Research. Antes da Suno, trabalhou em uma rede de televis\u00e3o, onde fazia reportagens sobre os mesmos temas. Estuda na Universidade Metodista de S\u00e3o Paulo.","url":"https:\/\/www.suno.com.br\/noticias\/author\/renan-bandeira\/"}]}},"default_loop_html":"<div class=\"cardsPage__listCard__boxs\"><div class=\"cardsPage__listCard__boxs__img\"><a href=\"https:\/\/www.suno.com.br\/noticias\/huawei-processos-estados-unidos\/\"><img class=\"mask\" src=\"https:\/\/www.suno.com.br\/noticias\/wp-content\/themes\/suno\/resources\/images\/spotlight\/spotlight1img\/bg-mask.png\" alt=\"Image Mask\"\/><img src=\"https:\/\/files.sunoresearch.com.br\/n\/uploads\/2019\/05\/2b7237f6-usa-china-huawei-tech-400x200.webp\" alt=\"Huawei tornar\u00e1 p\u00fablico os processos contra san\u00e7\u00f5es dos Estados Unidos\"\/><\/a><span class=\"spotlightCategory\"><a href=\"https:\/\/www.suno.com.br\/noticias\/internacional\/\">Internacional<\/a><\/span><\/div><div class=\"cardsPage__listCard__boxs__content\"><a href=\"https:\/\/www.suno.com.br\/noticias\/huawei-processos-estados-unidos\/\"><h2 class=\"content__title\">Huawei tornar\u00e1 p\u00fablico os processos contra san\u00e7\u00f5es dos Estados Unidos<\/h2><\/a><div class=\"newsContent__article__meta\"><div class=\"newsContent__article__meta__authorBox\"><a href=\"https:\/\/www.suno.com.br\/noticias\/author\/renan-bandeira\/\" class=\"authorBox__avatar noMobi\"><img src=\"https:\/\/secure.gravatar.com\/avatar\/68359cdb608f14f11bbefcb78f3fc747?s=96&#038;r=g\" alt=\"Renan Bandeira\"><\/a><div class=\"authorBox__name\"><span>por\n\t\t\t<a href=\"https:\/\/www.suno.com.br\/noticias\/author\/renan-bandeira\/\"><span itemprop=\"author\">Renan Bandeira<\/span><\/a><\/span><time datetime=\"2019-05-28T08:37:05-03:00\" itemprop=\"datePublished\">28\/05\/2019 08:37<\/time><\/div><\/div><\/div><\/div><\/div>","single_layout":"posts","amp_enabled":true,"_links":{"self":[{"href":"https:\/\/www.suno.com.br\/noticias\/wp-json\/wp\/v2\/posts\/26166"}],"collection":[{"href":"https:\/\/www.suno.com.br\/noticias\/wp-json\/wp\/v2\/posts"}],"about":[{"href":"https:\/\/www.suno.com.br\/noticias\/wp-json\/wp\/v2\/types\/post"}],"author":[{"embeddable":true,"href":"https:\/\/www.suno.com.br\/noticias\/wp-json\/wp\/v2\/users\/11"}],"replies":[{"embeddable":true,"href":"https:\/\/www.suno.com.br\/noticias\/wp-json\/wp\/v2\/comments?post=26166"}],"version-history":[{"count":0,"href":"https:\/\/www.suno.com.br\/noticias\/wp-json\/wp\/v2\/posts\/26166\/revisions"}],"wp:featuredmedia":[{"embeddable":true,"href":"https:\/\/www.suno.com.br\/noticias\/wp-json\/wp\/v2\/media\/25175"}],"wp:attachment":[{"href":"https:\/\/www.suno.com.br\/noticias\/wp-json\/wp\/v2\/media?parent=26166"}],"wp:term":[{"taxonomy":"category","embeddable":true,"href":"https:\/\/www.suno.com.br\/noticias\/wp-json\/wp\/v2\/categories?post=26166"},{"taxonomy":"post_tag","embeddable":true,"href":"https:\/\/www.suno.com.br\/noticias\/wp-json\/wp\/v2\/tags?post=26166"},{"taxonomy":"suno_strategy","embeddable":true,"href":"https:\/\/www.suno.com.br\/noticias\/wp-json\/wp\/v2\/suno_strategy?post=26166"}],"curies":[{"name":"wp","href":"https:\/\/api.w.org\/{rel}","templated":true}]}}