{"id":26159,"date":"2019-05-28T00:09:51","date_gmt":"2019-05-28T03:09:51","guid":{"rendered":"https:\/\/www.suno.com.br\/noticias\/?p=26159"},"modified":"2021-02-17T20:08:28","modified_gmt":"2021-02-17T23:08:28","slug":"braskem-fecha-acordo-leniencia-cgu-agu","status":"publish","type":"post","link":"https:\/\/www.suno.com.br\/noticias\/braskem-fecha-acordo-leniencia-cgu-agu\/","title":{"rendered":"Braskem fecha acordo de leni\u00eancia com CGU e AGU"},"content":{"rendered":"<p>A Braskem informou nesta segunda-feira (28) que concluiu um acordo de leni\u00eancia a <strong>Controladoria Geral da Uni\u00e3o (CGU)<\/strong> e a <strong>Advocacia Geral da Uni\u00e3o (AGU)<\/strong>. O acordo foi aprovado pelo conselho de administra\u00e7\u00e3o da petroqu\u00edmica.<\/p>\t<div class=\"wrapper-featured-image\">\n\t\t<figure class=\"spotlightImg\">\n\n\t\t\t<picture>\n\t\t\t\t<source media=\"(max-width: 768px)\" srcset=\"https:\/\/files.sunoresearch.com.br\/n\/uploads\/2019\/05\/127ba53f-braskem-400x200.webp\">\n\t\t\t\t<img loading=\"lazy\" decoding=\"async\" class=\"newsContent__article__imgCapa lazyloadDisabled newsContent__article__imgCapa--noCaption\" src=\"https:\/\/files.sunoresearch.com.br\/n\/uploads\/2019\/05\/127ba53f-braskem-jpg.webp\" width=\"800\" height=\"450\" alt=\"Braskem fecha acordo de leni\u00eancia com CGU e AGU\" fetchpriority=high \/>\n\t\t\t<\/picture>\n\n\t\t\t<figcaption class=\"wp-caption-text wp-caption-text--hide\">A\u00e7\u00f5es da Braskem caem 20% ap\u00f3s LyondellBasell desistir de compra<\/figcaption>\n\t\t<\/figure>\n\t<\/div>\n\n\n<p>Na base desse acordo, a <strong>Braskem<\/strong> vai pagar uma multa de R$ 410 milh\u00f5es. A informa\u00e7\u00e3o foi divulgada pela empresa petroqu\u00edmica em um fato relevante. Segundo a empresa, trata-se do mesmo acordo global firmado em dezembro de 2016 com o <strong>Minist\u00e9rio P\u00fablico Federal (MPF)<\/strong>, o <strong>Departamento de Justi\u00e7a (DoJ)<\/strong> dos Estados Unidos, a <strong>Securities and Exchange Commission (SEC)<\/strong> e a Procuradoria Geral da Su\u00ed\u00e7a.<\/p>\n\t<p>\n\t\t<a href=\"https:\/\/lp.suno.com.br\/asset\/fundos\/suno-fiagro-snag11\/\" target=\"_blank\" data-element=\"shortcode-suno-banner\" title=\"Banner SUNO, clique e saiba mais\">\n\t\t\t<picture>\n\t\t\t\t<source media=\"(max-width: 500px)\" srcset=\"https:\/\/files.sunoresearch.com.br\/n\/uploads\/2024\/03\/400x300-Mobile-Artigos-1_SNAG.png\">\n\t\t\t\t<img class=\"newsContent__article__imgCapa newsContent__article__imgCapa--banner\"\n\t\t\t\t\tsrc=\"https:\/\/files.sunoresearch.com.br\/n\/uploads\/2024\/03\/1420x240-Banner-Artigos-1-_-Banner-Materias-1_SNAG.png\"\n\t\t\t\t\tdata-promo-id=\"364416\"\t\t\t\t\t\t\t\t\t\twidth='1420' height='240'\t\t\t\t\talt=\"https:\/\/files.sunoresearch.com.br\/n\/uploads\/2024\/03\/1420x240-Banner-Artigos-1-_-Banner-Materias-1_SNAG.png\"\n\t\t\t\t>\n\t\t\t<\/picture>\n\t\t<\/a>\n\t<\/p>\n\n\n<p>Naquela ocasi\u00e3o, a <strong>Braskem<\/strong> prometeu pagar quase US$ 1 bilh\u00e3o (cerca de R$ 4,5 bilh\u00f5es) para encerrar investiga\u00e7\u00f5es pelo seu envolvimento na opera\u00e7\u00e3o <strong>Lava Jato<\/strong>.<\/p>\n<p>O valor que ser\u00e1 pago com esse acordo adicional ser\u00e1 calculado na base dos par\u00e2metros utilizados pela <strong>CGU\/AGU<\/strong>. O desembolso ocorrer\u00e1 em duas parcelas em 2024 e 2025.<\/p>\n<p><a href=\"https:\/\/www.suno.com.br\/noticias\/braskem-fim-alagoas-acoes-sobem\/\">Saiba mais: Braskem pode deixar opera\u00e7\u00f5es no Alagoas; cota\u00e7\u00e3o das a\u00e7\u00f5es sobe 10%\u00a0<\/a><\/p>\n<p>A <strong>Braskem<\/strong> ficou envolvida em uma a\u00e7\u00e3o coletiva nos <strong>Estados Unidos<\/strong>, onde foi acusada de realizar declara\u00e7\u00f5es falsas e de n\u00e3o divulgar pagamentos il\u00edcitos. Em mar\u00e7o de 2015 a <strong>petroquimica<\/strong>\u00a0 foi citada em alega\u00e7\u00f5es de supostos pagamentos indevidos em contratos de mat\u00e9ria-prima com a <strong>Petrobras.<\/strong><\/p>\n<h2>Braskem enfrenta uma s\u00e9rie de problemas<\/h2>\n<p>A multa prevista no acordo de leni\u00eancia \u00e9 apenas a \u00faltima de uma s\u00e9rie de not\u00edcias negativas que a empresa est\u00e1 enfrentando.<\/p>\n\t<p>\n\t\t<a href=\"https:\/\/lp.suno.com.br\/ao\/cadastro-whatsapp\/\" target=\"_blank\" data-element=\"shortcode-suno-banner\" title=\"Banner SUNO, clique e saiba mais\">\n\t\t\t<picture>\n\t\t\t\t<source media=\"(max-width: 500px)\" srcset=\"https:\/\/files.sunoresearch.com.br\/n\/uploads\/2024\/02\/400x300-Mobile-Artigos-7.png\">\n\t\t\t\t<img class=\"newsContent__article__imgCapa newsContent__article__imgCapa--banner\"\n\t\t\t\t\tsrc=\"https:\/\/files.sunoresearch.com.br\/n\/uploads\/2024\/01\/1420x240-Banner-Artigos-1-_-Banner-Materias-8.png\"\n\t\t\t\t\tdata-promo-id=\"517344\"\t\t\t\t\t\t\t\t\t\twidth='1420' height='240'\t\t\t\t\talt=\"https:\/\/files.sunoresearch.com.br\/n\/uploads\/2024\/01\/1420x240-Banner-Artigos-1-_-Banner-Materias-8.png\"\n\t\t\t\t>\n\t\t\t<\/picture>\n\t\t<\/a>\n\t<\/p>\n\n\n<p>A <strong>Braskem<\/strong> pode abandonar suas opera\u00e7\u00f5es em <strong>Macei\u00f3<\/strong> (AL) em at\u00e9 seis meses. A companhia discute a possibilidade devido \u00e0 <strong>paralisa\u00e7\u00e3o<\/strong> de atividades no estado.<\/p>\n<p>Em relat\u00f3rio, o <strong>Servi\u00e7o Geol\u00f3gico Nacional<\/strong> informou que as atividades praticadas pela empresa estavam comprometendo os solos dos bairros:<\/p>\n<ul>\n<li>Pinheiro;<\/li>\n<li>Bebedouro;<\/li>\n<li>e Mutange.<\/li>\n<\/ul>\n<p>Deste modo, a\u00a0<strong>minera\u00e7\u00e3o<\/strong> do <strong>sal-gema<\/strong> na regi\u00e3o sofreu uma paralisa\u00e7\u00e3o, desde o \u00faltimo dia 9. A interrup\u00e7\u00e3o das atividades foi sugerida pela\u00a0Justi\u00e7a, e os <strong>Minist\u00e9rios P\u00fablicos Federal e Estadual.<\/strong><\/p>\n<p><a href=\"https:\/\/www.suno.com.br\/noticias\/braskem-nyse-queda-b3\/\">Saiba mais: Braskem pode perder listagem na Bolsa de Nova York e a\u00e7\u00e3o cai na B3\u00a0<\/a><\/p>\n<p>Al\u00e9m disso, <strong>Braskem<\/strong> informou que n\u00e3o conseguir\u00e1 entregar no prazo os dados requeridos pelo\u00a0<a href=\"https:\/\/www.suno.com.br\/artigos\/sec\/\">Securities and Exchange Commission<\/a> (SEC), o regulador de valores mobili\u00e1rios dos EUA.\u00a0Por isso, as negocia\u00e7\u00f5es de seus papeis na<strong> Bolsa de Valores de Nova York<\/strong> (<a href=\"https:\/\/www.suno.com.br\/artigos\/nyse\/\">NYSE<\/a>) foram <strong>suspensas<\/strong>, e devem perder <strong>listagem<\/strong>.<\/p>\n","protected":false},"excerpt":{"rendered":"<p>A Braskem informou nesta segunda-feira (28) que concluiu um acordo de leni\u00eancia a Controladoria Geral da Uni\u00e3o (CGU) e a Advocacia Geral da Uni\u00e3o (AGU). O acordo foi aprovado pelo conselho de administra\u00e7\u00e3o da petroqu\u00edmica. A\u00e7\u00f5es da Braskem caem 20% ap\u00f3s LyondellBasell desistir de compra Na base desse acordo, a Braskem vai pagar uma multa [&hellip;]<\/p>\n","protected":false},"author":9,"featured_media":24020,"comment_status":"closed","ping_status":"closed","sticky":false,"template":"","format":"standard","meta":[],"categories":[64],"tags":[395,1914],"suno_strategy":[],"class_list":["post-26159","post","type-post","status-publish","format-standard","has-post-thumbnail","hentry","category-negocios","tag-braskem-brkm3-brkm5-brkm6","tag-operacao-lava-jato"],"yoast_head":"<!-- This site is optimized with the Yoast SEO plugin v24.4 - https:\/\/yoast.com\/wordpress\/plugins\/seo\/ -->\n<title>Braskem fecha acordo de leni\u00eancia com CGU e AGU<\/title>\n<meta name=\"description\" content=\"A Braskem informou que concluiu um acordo de leni\u00eancia CGU e com a AGU e que vai pagar uma multa. Clique aqui para saber mais.\" \/>\n<meta name=\"robots\" content=\"index, follow, max-snippet:-1, max-image-preview:large, max-video-preview:-1\" \/>\n<link rel=\"canonical\" href=\"https:\/\/www.suno.com.br\/noticias\/braskem-fecha-acordo-leniencia-cgu-agu\/\" \/>\n<meta property=\"og:locale\" content=\"pt_BR\" \/>\n<meta property=\"og:type\" content=\"article\" \/>\n<meta property=\"og:title\" content=\"Braskem fecha acordo de leni\u00eancia com CGU e AGU\" \/>\n<meta property=\"og:description\" content=\"A Braskem informou que concluiu um acordo de leni\u00eancia CGU e com a AGU e que vai pagar uma multa. Clique aqui para saber mais.\" \/>\n<meta property=\"og:url\" content=\"https:\/\/www.suno.com.br\/noticias\/braskem-fecha-acordo-leniencia-cgu-agu\/\" \/>\n<meta property=\"og:site_name\" content=\"Suno Not\u00edcias\" \/>\n<meta property=\"article:publisher\" content=\"https:\/\/facebook.com\/sunoresearch\" \/>\n<meta property=\"og:image\" content=\"https:\/\/files.sunoresearch.com.br\/n\/uploads\/2019\/05\/127ba53f-braskem.jpg\" \/>\n\t<meta property=\"og:image:width\" content=\"713\" \/>\n\t<meta property=\"og:image:height\" content=\"472\" \/>\n\t<meta property=\"og:image:type\" content=\"image\/jpeg\" \/>\n<meta name=\"author\" content=\"Carlo Cauti\" \/>\n<meta name=\"twitter:card\" content=\"summary_large_image\" \/>\n<meta name=\"twitter:creator\" content=\"@sunoresearch\" \/>\n<meta name=\"twitter:site\" content=\"@sunoresearch\" \/>\n<meta name=\"twitter:label1\" content=\"Escrito por\" \/>\n\t<meta name=\"twitter:data1\" content=\"Carlo Cauti\" \/>\n\t<meta name=\"twitter:label2\" content=\"Est. tempo de leitura\" \/>\n\t<meta name=\"twitter:data2\" content=\"2 minutos\" \/>\n<script type=\"application\/ld+json\" class=\"yoast-schema-graph\">{\"@context\":\"https:\/\/schema.org\",\"@graph\":[{\"@type\":\"NewsArticle\",\"@id\":\"https:\/\/www.suno.com.br\/noticias\/braskem-fecha-acordo-leniencia-cgu-agu\/#article\",\"isPartOf\":{\"@id\":\"https:\/\/www.suno.com.br\/noticias\/braskem-fecha-acordo-leniencia-cgu-agu\/\"},\"author\":{\"name\":\"Carlo Cauti\",\"@id\":\"https:\/\/www.suno.com.br\/noticias\/#\/schema\/person\/e6e0f723cc177805027f4566c1d5e0c8\"},\"headline\":\"Braskem fecha acordo de leni\u00eancia com CGU e AGU\",\"datePublished\":\"2019-05-28T03:09:51+00:00\",\"dateModified\":\"2021-02-17T23:08:28+00:00\",\"mainEntityOfPage\":{\"@id\":\"https:\/\/www.suno.com.br\/noticias\/braskem-fecha-acordo-leniencia-cgu-agu\/\"},\"wordCount\":434,\"publisher\":{\"@id\":\"https:\/\/www.suno.com.br\/noticias\/#organization\"},\"image\":{\"@id\":\"https:\/\/www.suno.com.br\/noticias\/braskem-fecha-acordo-leniencia-cgu-agu\/#primaryimage\"},\"thumbnailUrl\":\"https:\/\/files.sunoresearch.com.br\/n\/uploads\/2019\/05\/127ba53f-braskem-jpg.webp\",\"keywords\":[\"Braskem (BRKM3\/BRKM5\/BRKM6)\",\"Opera\u00e7\u00e3o Lava Jato\"],\"articleSection\":[\"Neg\u00f3cios\"],\"inLanguage\":\"pt-BR\"},{\"@type\":\"WebPage\",\"@id\":\"https:\/\/www.suno.com.br\/noticias\/braskem-fecha-acordo-leniencia-cgu-agu\/\",\"url\":\"https:\/\/www.suno.com.br\/noticias\/braskem-fecha-acordo-leniencia-cgu-agu\/\",\"name\":\"Braskem fecha acordo de leni\u00eancia com CGU e AGU\",\"isPartOf\":{\"@id\":\"https:\/\/www.suno.com.br\/noticias\/#website\"},\"primaryImageOfPage\":{\"@id\":\"https:\/\/www.suno.com.br\/noticias\/braskem-fecha-acordo-leniencia-cgu-agu\/#primaryimage\"},\"image\":{\"@id\":\"https:\/\/www.suno.com.br\/noticias\/braskem-fecha-acordo-leniencia-cgu-agu\/#primaryimage\"},\"thumbnailUrl\":\"https:\/\/files.sunoresearch.com.br\/n\/uploads\/2019\/05\/127ba53f-braskem-jpg.webp\",\"datePublished\":\"2019-05-28T03:09:51+00:00\",\"dateModified\":\"2021-02-17T23:08:28+00:00\",\"description\":\"A Braskem informou que concluiu um acordo de leni\u00eancia CGU e com a AGU e que vai pagar uma multa. Clique aqui para saber mais.\",\"breadcrumb\":{\"@id\":\"https:\/\/www.suno.com.br\/noticias\/braskem-fecha-acordo-leniencia-cgu-agu\/#breadcrumb\"},\"inLanguage\":\"pt-BR\",\"potentialAction\":[{\"@type\":\"ReadAction\",\"target\":[\"https:\/\/www.suno.com.br\/noticias\/braskem-fecha-acordo-leniencia-cgu-agu\/\"]}]},{\"@type\":\"ImageObject\",\"inLanguage\":\"pt-BR\",\"@id\":\"https:\/\/www.suno.com.br\/noticias\/braskem-fecha-acordo-leniencia-cgu-agu\/#primaryimage\",\"url\":\"https:\/\/files.sunoresearch.com.br\/n\/uploads\/2019\/05\/127ba53f-braskem-jpg.webp\",\"contentUrl\":\"https:\/\/files.sunoresearch.com.br\/n\/uploads\/2019\/05\/127ba53f-braskem-jpg.webp\",\"width\":713,\"height\":472,\"caption\":\"A\u00e7\u00f5es da Braskem caem 20% ap\u00f3s LyondellBasell desistir de compra\"},{\"@type\":\"BreadcrumbList\",\"@id\":\"https:\/\/www.suno.com.br\/noticias\/braskem-fecha-acordo-leniencia-cgu-agu\/#breadcrumb\",\"itemListElement\":[{\"@type\":\"ListItem\",\"position\":1,\"name\":\"Not\u00edcias\",\"item\":\"https:\/\/www.suno.com.br\/noticias\/\"},{\"@type\":\"ListItem\",\"position\":2,\"name\":\"Neg\u00f3cios\",\"item\":\"https:\/\/www.suno.com.br\/noticias\/negocios\/\"},{\"@type\":\"ListItem\",\"position\":3,\"name\":\"Braskem fecha acordo de leni\u00eancia com CGU e AGU\"}]},{\"@type\":\"WebSite\",\"@id\":\"https:\/\/www.suno.com.br\/noticias\/#website\",\"url\":\"https:\/\/www.suno.com.br\/noticias\/\",\"name\":\"Suno Not\u00edcias\",\"description\":\"Seu portal de informa\u00e7\u00e3o sobre o mundo dos investimentos\",\"publisher\":{\"@id\":\"https:\/\/www.suno.com.br\/noticias\/#organization\"},\"potentialAction\":[{\"@type\":\"SearchAction\",\"target\":{\"@type\":\"EntryPoint\",\"urlTemplate\":\"https:\/\/www.suno.com.br\/noticias\/?s={search_term_string}\"},\"query-input\":{\"@type\":\"PropertyValueSpecification\",\"valueRequired\":true,\"valueName\":\"search_term_string\"}}],\"inLanguage\":\"pt-BR\"},{\"@type\":\"Organization\",\"@id\":\"https:\/\/www.suno.com.br\/noticias\/#organization\",\"name\":\"Suno Not\u00edcias\",\"url\":\"https:\/\/www.suno.com.br\/noticias\/\",\"logo\":{\"@type\":\"ImageObject\",\"inLanguage\":\"pt-BR\",\"@id\":\"https:\/\/www.suno.com.br\/noticias\/#\/schema\/logo\/image\/\",\"url\":\"https:\/\/files.sunoresearch.com.br\/n\/uploads\/2021\/09\/suno-logo.png\",\"contentUrl\":\"https:\/\/files.sunoresearch.com.br\/n\/uploads\/2021\/09\/suno-logo.png\",\"width\":180,\"height\":180,\"caption\":\"Suno Not\u00edcias\"},\"image\":{\"@id\":\"https:\/\/www.suno.com.br\/noticias\/#\/schema\/logo\/image\/\"},\"sameAs\":[\"https:\/\/facebook.com\/sunoresearch\",\"https:\/\/x.com\/sunoresearch\",\"https:\/\/www.instagram.com\/suno\",\"https:\/\/www.linkedin.com\/company\/suno-research\/\",\"https:\/\/www.youtube.com\/c\/sunoresearch\"]},{\"@type\":\"Person\",\"@id\":\"https:\/\/www.suno.com.br\/noticias\/#\/schema\/person\/e6e0f723cc177805027f4566c1d5e0c8\",\"name\":\"Carlo Cauti\",\"image\":{\"@type\":\"ImageObject\",\"inLanguage\":\"pt-BR\",\"@id\":\"https:\/\/www.suno.com.br\/noticias\/#\/schema\/person\/image\/\",\"url\":\"https:\/\/secure.gravatar.com\/avatar\/3ada9e0bd164c23abd4792a9606d583c?s=96&r=g\",\"contentUrl\":\"https:\/\/secure.gravatar.com\/avatar\/3ada9e0bd164c23abd4792a9606d583c?s=96&r=g\",\"caption\":\"Carlo Cauti\"},\"description\":\"Editor multim\u00eddia do SUNO Not\u00edcias. Italiano, formado em Ci\u00eancias Pol\u00edticas pela universidade LUISS G. Carli de Roma e mestre cum laude em Rela\u00e7\u00f5es Internacionais, Jornalismo Internacional e de Guerra e em Economia Internacional. Concluiu tamb\u00e9m um MBA em Finan\u00e7as na B3. No Brasil, teve passagem por ve\u00edculos como Estad\u00e3o, Globo, Veja e EXAME. e nas ag\u00eancias de not\u00edcias italianas ANSA e NOVA.\",\"url\":\"https:\/\/www.suno.com.br\/noticias\/author\/carlo-cauti\/\"}]}<\/script>\n<!-- \/ Yoast SEO plugin. -->","yoast_head_json":{"title":"Braskem fecha acordo de leni\u00eancia com CGU e AGU","description":"A Braskem informou que concluiu um acordo de leni\u00eancia CGU e com a AGU e que vai pagar uma multa. Clique aqui para saber mais.","robots":{"index":"index","follow":"follow","max-snippet":"max-snippet:-1","max-image-preview":"max-image-preview:large","max-video-preview":"max-video-preview:-1"},"canonical":"https:\/\/www.suno.com.br\/noticias\/braskem-fecha-acordo-leniencia-cgu-agu\/","og_locale":"pt_BR","og_type":"article","og_title":"Braskem fecha acordo de leni\u00eancia com CGU e AGU","og_description":"A Braskem informou que concluiu um acordo de leni\u00eancia CGU e com a AGU e que vai pagar uma multa. Clique aqui para saber mais.","og_url":"https:\/\/www.suno.com.br\/noticias\/braskem-fecha-acordo-leniencia-cgu-agu\/","og_site_name":"Suno Not\u00edcias","article_publisher":"https:\/\/facebook.com\/sunoresearch","og_image":[{"width":713,"height":472,"url":"https:\/\/files.sunoresearch.com.br\/n\/uploads\/2019\/05\/127ba53f-braskem.jpg","type":"image\/jpeg"}],"author":"Carlo Cauti","twitter_card":"summary_large_image","twitter_creator":"@sunoresearch","twitter_site":"@sunoresearch","twitter_misc":{"Escrito por":"Carlo Cauti","Est. tempo de leitura":"2 minutos"},"schema":{"@context":"https:\/\/schema.org","@graph":[{"@type":"NewsArticle","@id":"https:\/\/www.suno.com.br\/noticias\/braskem-fecha-acordo-leniencia-cgu-agu\/#article","isPartOf":{"@id":"https:\/\/www.suno.com.br\/noticias\/braskem-fecha-acordo-leniencia-cgu-agu\/"},"author":{"name":"Carlo Cauti","@id":"https:\/\/www.suno.com.br\/noticias\/#\/schema\/person\/e6e0f723cc177805027f4566c1d5e0c8"},"headline":"Braskem fecha acordo de leni\u00eancia com CGU e AGU","datePublished":"2019-05-28T03:09:51+00:00","dateModified":"2021-02-17T23:08:28+00:00","mainEntityOfPage":{"@id":"https:\/\/www.suno.com.br\/noticias\/braskem-fecha-acordo-leniencia-cgu-agu\/"},"wordCount":434,"publisher":{"@id":"https:\/\/www.suno.com.br\/noticias\/#organization"},"image":{"@id":"https:\/\/www.suno.com.br\/noticias\/braskem-fecha-acordo-leniencia-cgu-agu\/#primaryimage"},"thumbnailUrl":"https:\/\/files.sunoresearch.com.br\/n\/uploads\/2019\/05\/127ba53f-braskem-jpg.webp","keywords":["Braskem (BRKM3\/BRKM5\/BRKM6)","Opera\u00e7\u00e3o Lava Jato"],"articleSection":["Neg\u00f3cios"],"inLanguage":"pt-BR"},{"@type":"WebPage","@id":"https:\/\/www.suno.com.br\/noticias\/braskem-fecha-acordo-leniencia-cgu-agu\/","url":"https:\/\/www.suno.com.br\/noticias\/braskem-fecha-acordo-leniencia-cgu-agu\/","name":"Braskem fecha acordo de leni\u00eancia com CGU e AGU","isPartOf":{"@id":"https:\/\/www.suno.com.br\/noticias\/#website"},"primaryImageOfPage":{"@id":"https:\/\/www.suno.com.br\/noticias\/braskem-fecha-acordo-leniencia-cgu-agu\/#primaryimage"},"image":{"@id":"https:\/\/www.suno.com.br\/noticias\/braskem-fecha-acordo-leniencia-cgu-agu\/#primaryimage"},"thumbnailUrl":"https:\/\/files.sunoresearch.com.br\/n\/uploads\/2019\/05\/127ba53f-braskem-jpg.webp","datePublished":"2019-05-28T03:09:51+00:00","dateModified":"2021-02-17T23:08:28+00:00","description":"A Braskem informou que concluiu um acordo de leni\u00eancia CGU e com a AGU e que vai pagar uma multa. Clique aqui para saber mais.","breadcrumb":{"@id":"https:\/\/www.suno.com.br\/noticias\/braskem-fecha-acordo-leniencia-cgu-agu\/#breadcrumb"},"inLanguage":"pt-BR","potentialAction":[{"@type":"ReadAction","target":["https:\/\/www.suno.com.br\/noticias\/braskem-fecha-acordo-leniencia-cgu-agu\/"]}]},{"@type":"ImageObject","inLanguage":"pt-BR","@id":"https:\/\/www.suno.com.br\/noticias\/braskem-fecha-acordo-leniencia-cgu-agu\/#primaryimage","url":"https:\/\/files.sunoresearch.com.br\/n\/uploads\/2019\/05\/127ba53f-braskem-jpg.webp","contentUrl":"https:\/\/files.sunoresearch.com.br\/n\/uploads\/2019\/05\/127ba53f-braskem-jpg.webp","width":713,"height":472,"caption":"A\u00e7\u00f5es da Braskem caem 20% ap\u00f3s LyondellBasell desistir de compra"},{"@type":"BreadcrumbList","@id":"https:\/\/www.suno.com.br\/noticias\/braskem-fecha-acordo-leniencia-cgu-agu\/#breadcrumb","itemListElement":[{"@type":"ListItem","position":1,"name":"Not\u00edcias","item":"https:\/\/www.suno.com.br\/noticias\/"},{"@type":"ListItem","position":2,"name":"Neg\u00f3cios","item":"https:\/\/www.suno.com.br\/noticias\/negocios\/"},{"@type":"ListItem","position":3,"name":"Braskem fecha acordo de leni\u00eancia com CGU e AGU"}]},{"@type":"WebSite","@id":"https:\/\/www.suno.com.br\/noticias\/#website","url":"https:\/\/www.suno.com.br\/noticias\/","name":"Suno Not\u00edcias","description":"Seu portal de informa\u00e7\u00e3o sobre o mundo dos investimentos","publisher":{"@id":"https:\/\/www.suno.com.br\/noticias\/#organization"},"potentialAction":[{"@type":"SearchAction","target":{"@type":"EntryPoint","urlTemplate":"https:\/\/www.suno.com.br\/noticias\/?s={search_term_string}"},"query-input":{"@type":"PropertyValueSpecification","valueRequired":true,"valueName":"search_term_string"}}],"inLanguage":"pt-BR"},{"@type":"Organization","@id":"https:\/\/www.suno.com.br\/noticias\/#organization","name":"Suno Not\u00edcias","url":"https:\/\/www.suno.com.br\/noticias\/","logo":{"@type":"ImageObject","inLanguage":"pt-BR","@id":"https:\/\/www.suno.com.br\/noticias\/#\/schema\/logo\/image\/","url":"https:\/\/files.sunoresearch.com.br\/n\/uploads\/2021\/09\/suno-logo.png","contentUrl":"https:\/\/files.sunoresearch.com.br\/n\/uploads\/2021\/09\/suno-logo.png","width":180,"height":180,"caption":"Suno Not\u00edcias"},"image":{"@id":"https:\/\/www.suno.com.br\/noticias\/#\/schema\/logo\/image\/"},"sameAs":["https:\/\/facebook.com\/sunoresearch","https:\/\/x.com\/sunoresearch","https:\/\/www.instagram.com\/suno","https:\/\/www.linkedin.com\/company\/suno-research\/","https:\/\/www.youtube.com\/c\/sunoresearch"]},{"@type":"Person","@id":"https:\/\/www.suno.com.br\/noticias\/#\/schema\/person\/e6e0f723cc177805027f4566c1d5e0c8","name":"Carlo Cauti","image":{"@type":"ImageObject","inLanguage":"pt-BR","@id":"https:\/\/www.suno.com.br\/noticias\/#\/schema\/person\/image\/","url":"https:\/\/secure.gravatar.com\/avatar\/3ada9e0bd164c23abd4792a9606d583c?s=96&r=g","contentUrl":"https:\/\/secure.gravatar.com\/avatar\/3ada9e0bd164c23abd4792a9606d583c?s=96&r=g","caption":"Carlo Cauti"},"description":"Editor multim\u00eddia do SUNO Not\u00edcias. Italiano, formado em Ci\u00eancias Pol\u00edticas pela universidade LUISS G. Carli de Roma e mestre cum laude em Rela\u00e7\u00f5es Internacionais, Jornalismo Internacional e de Guerra e em Economia Internacional. Concluiu tamb\u00e9m um MBA em Finan\u00e7as na B3. No Brasil, teve passagem por ve\u00edculos como Estad\u00e3o, Globo, Veja e EXAME. e nas ag\u00eancias de not\u00edcias italianas ANSA e NOVA.","url":"https:\/\/www.suno.com.br\/noticias\/author\/carlo-cauti\/"}]}},"default_loop_html":"<div class=\"cardsPage__listCard__boxs\"><div class=\"cardsPage__listCard__boxs__img\"><a href=\"https:\/\/www.suno.com.br\/noticias\/braskem-fecha-acordo-leniencia-cgu-agu\/\"><img class=\"mask\" src=\"https:\/\/www.suno.com.br\/noticias\/wp-content\/themes\/suno\/resources\/images\/spotlight\/spotlight1img\/bg-mask.png\" alt=\"Image Mask\"\/><img src=\"https:\/\/files.sunoresearch.com.br\/n\/uploads\/2019\/05\/127ba53f-braskem-400x200.webp\" alt=\"Braskem fecha acordo de leni\u00eancia com CGU e AGU\"\/><\/a><span class=\"spotlightCategory\"><a href=\"https:\/\/www.suno.com.br\/noticias\/negocios\/\">Neg\u00f3cios<\/a><\/span><\/div><div class=\"cardsPage__listCard__boxs__content\"><a href=\"https:\/\/www.suno.com.br\/noticias\/braskem-fecha-acordo-leniencia-cgu-agu\/\"><h2 class=\"content__title\">Braskem fecha acordo de leni\u00eancia com CGU e AGU<\/h2><\/a><div class=\"newsContent__article__meta\"><div class=\"newsContent__article__meta__authorBox\"><a href=\"https:\/\/www.suno.com.br\/noticias\/author\/carlo-cauti\/\" class=\"authorBox__avatar noMobi\"><img src=\"https:\/\/files.sunoresearch.com.br\/n\/uploads\/2020\/08\/e3745f9a-perfil-carlo-cauti-150x150.webp\" alt=\"Carlo Cauti\"><\/a><div class=\"authorBox__name\"><span>por\n\t\t\t<a href=\"https:\/\/www.suno.com.br\/noticias\/author\/carlo-cauti\/\"><span itemprop=\"author\">Carlo Cauti<\/span><\/a><\/span><time datetime=\"2019-05-28T00:09:51-03:00\" itemprop=\"datePublished\">28\/05\/2019 00:09<\/time><\/div><\/div><\/div><\/div><\/div>","single_layout":"posts","amp_enabled":true,"_links":{"self":[{"href":"https:\/\/www.suno.com.br\/noticias\/wp-json\/wp\/v2\/posts\/26159"}],"collection":[{"href":"https:\/\/www.suno.com.br\/noticias\/wp-json\/wp\/v2\/posts"}],"about":[{"href":"https:\/\/www.suno.com.br\/noticias\/wp-json\/wp\/v2\/types\/post"}],"author":[{"embeddable":true,"href":"https:\/\/www.suno.com.br\/noticias\/wp-json\/wp\/v2\/users\/9"}],"replies":[{"embeddable":true,"href":"https:\/\/www.suno.com.br\/noticias\/wp-json\/wp\/v2\/comments?post=26159"}],"version-history":[{"count":0,"href":"https:\/\/www.suno.com.br\/noticias\/wp-json\/wp\/v2\/posts\/26159\/revisions"}],"wp:featuredmedia":[{"embeddable":true,"href":"https:\/\/www.suno.com.br\/noticias\/wp-json\/wp\/v2\/media\/24020"}],"wp:attachment":[{"href":"https:\/\/www.suno.com.br\/noticias\/wp-json\/wp\/v2\/media?parent=26159"}],"wp:term":[{"taxonomy":"category","embeddable":true,"href":"https:\/\/www.suno.com.br\/noticias\/wp-json\/wp\/v2\/categories?post=26159"},{"taxonomy":"post_tag","embeddable":true,"href":"https:\/\/www.suno.com.br\/noticias\/wp-json\/wp\/v2\/tags?post=26159"},{"taxonomy":"suno_strategy","embeddable":true,"href":"https:\/\/www.suno.com.br\/noticias\/wp-json\/wp\/v2\/suno_strategy?post=26159"}],"curies":[{"name":"wp","href":"https:\/\/api.w.org\/{rel}","templated":true}]}}