{"id":261536,"date":"2022-05-26T09:34:31","date_gmt":"2022-05-26T12:34:31","guid":{"rendered":"https:\/\/www.suno.com.br\/noticias\/?p=261536"},"modified":"2022-05-26T09:34:31","modified_gmt":"2022-05-26T12:34:31","slug":"bolsonaro-guedes-privatizar-petrobras-petr4","status":"publish","type":"post","link":"https:\/\/www.suno.com.br\/noticias\/bolsonaro-guedes-privatizar-petrobras-petr4\/","title":{"rendered":"Se reeleito, Bolsonaro vai privatizar Petrobras (PETR4) e acelerar reformas, diz Guedes"},"content":{"rendered":"<p>O ministro da Economia, <a class=\"suno-keyword\" href=\"https:\/\/www.suno.com.br\/tudo-sobre\/paulo-guedes\/\" target=\"_blank\" rel=\"noopener\" data-force=\"no\" data-priority=\"2\">Paulo Guedes<\/a>, disse a jornalistas nesta quinta-feira (26) que se Jair Bolsonaro for reeleito, com um Congresso com perfil mais de centro-direita, vai conseguir acelerar as reformas. &#8220;Vamos privatizar a <a class=\"suno-keyword\" href=\"https:\/\/www.suno.com.br\/acoes\/PETR4\/\" target=\"_blank\" rel=\"noopener\" data-force=\"yes\" data-priority=\"2\">Petrobras (PETR4)<\/a>, fazer v\u00e1rios acordos comerciais, vamos fazer bem mais do que temos feito at\u00e9 agora.&#8221;<\/p>\t<div class=\"wrapper-featured-image\">\n\t\t<figure class=\"spotlightImg\">\n\n\t\t\t<picture>\n\t\t\t\t<source media=\"(max-width: 768px)\" srcset=\"https:\/\/files.sunoresearch.com.br\/n\/uploads\/2022\/03\/Bolsonaro-e-Guedes-400x200.jpg\">\n\t\t\t\t<img loading=\"lazy\" decoding=\"async\" class=\"newsContent__article__imgCapa lazyloadDisabled \" src=\"https:\/\/files.sunoresearch.com.br\/n\/uploads\/2022\/03\/Bolsonaro-e-Guedes-800x450.jpg\" width=\"800\" height=\"450\" alt=\"Se reeleito, Bolsonaro vai privatizar Petrobras (PETR4) e acelerar reformas, diz Guedes\" fetchpriority=high \/>\n\t\t\t<\/picture>\n\n\t\t\t<figcaption class=\"wp-caption-text wp-caption-text--show\">Ministro Paulo Guedes e o presidente Jair Bolsonaro  - Foto.: Wilson Dias\/Ag\u00eancia Brasil.<\/figcaption>\n\t\t<\/figure>\n\t<\/div>\n\n\n<p>\t<p>\n\t\t<a href=\"https:\/\/lp.suno.com.br\/planilha-controle-gastos\/\" target=\"_blank\" data-element=\"shortcode-suno-banner\" title=\"Banner SUNO, clique e saiba mais\">\n\t\t\t<picture>\n\t\t\t\t<source media=\"(max-width: 500px)\" srcset=\"https:\/\/files.sunoresearch.com.br\/n\/uploads\/2023\/03\/400x300-Planilha-controle-de-gastos.png\">\n\t\t\t\t<img class=\"newsContent__article__imgCapa newsContent__article__imgCapa--banner\"\n\t\t\t\t\tsrc=\"https:\/\/files.sunoresearch.com.br\/n\/uploads\/2023\/03\/1420x240-Planilha-controle-de-gastos.png\"\n\t\t\t\t\tdata-promo-id=\"101751\"\t\t\t\t\t\t\t\t\t\twidth='1420' height='240'\t\t\t\t\talt=\"https:\/\/files.sunoresearch.com.br\/n\/uploads\/2023\/03\/1420x240-Planilha-controle-de-gastos.png\"\n\t\t\t\t>\n\t\t\t<\/picture>\n\t\t<\/a>\n\t<\/p>\n\n<br \/>\nGuedes afirmou que a pandemia acabou impedindo que as reformas que previa e a <strong>privatiza\u00e7\u00e3o da Petrobras<\/strong> avan\u00e7assem como esperado. Mas o Brasil est\u00e1 saindo da crise com o &#8220;fiscal forte&#8221; e a <a class=\"suno-keyword\" href=\"https:\/\/www.suno.com.br\/artigos\/politica-monetaria\/\" target=\"_blank\" rel=\"noopener\" data-force=\"no\" data-priority=\"1\">pol\u00edtica monet\u00e1ria<\/a> necess\u00e1ria para combater a infla\u00e7\u00e3o &#8211; ou, na linguagem do mercado financeiro, &#8220;na frente da curva&#8221;.<\/p>\n<p>J\u00e1 os Estados Unidos e Europa est\u00e3o &#8220;atr\u00e1s da curva&#8221;, ou seja, v\u00e3o precisar ainda subir muito os juros para conter a crise. &#8220;O mundo inteiro esta fora do lugar no fiscal e no monet\u00e1rio.&#8221;<\/p>\n<p><strong>Para Guedes<\/strong>, enquanto o mundo, sobretudo o Ocidental, est\u00e1 &#8220;entrando no inferno&#8221;, em uma crise que promete ser longa, o Brasil est\u00e1 saindo.<\/p>\n\t<p>\n\t\t<a href=\"\" target=\"_blank\" data-element=\"shortcode-suno-banner\" title=\"Banner SUNO, clique e saiba mais\">\n\t\t\t<picture>\n\t\t\t\t<source media=\"(max-width: 500px)\" srcset=\"\">\n\t\t\t\t<img class=\"newsContent__article__imgCapa newsContent__article__imgCapa--banner\"\n\t\t\t\t\tsrc=\"\"\n\t\t\t\t\tdata-promo-id=\"254218\"\t\t\t\t\t\t\t\t\t\t\t\t\t\t\talt=\"\"\n\t\t\t\t>\n\t\t\t<\/picture>\n\t\t<\/a>\n\t<\/p>\n\n\n<h2><b>Guedes critica governadores\u00a0<\/b><\/h2>\n<p>Na entrevista, o ministro da Economia afirmou que o governo transferiu &#8220;meio trilh\u00e3o de reais&#8221; para os Estados e munic\u00edpios, em ritmo nunca visto, fazendo o <a class=\"suno-keyword\" href=\"https:\/\/www.suno.com.br\/artigos\/ajuste-fiscal\/\" target=\"_blank\" rel=\"noopener\" data-force=\"no\" data-priority=\"1\">ajuste fiscal<\/a> deles. &#8220;Os Estados que est\u00e3o reclamando, o governador \u00e9 um despreparado ou \u00e9 militante&#8221;, disse, em Davos.<\/p>\n<p>&#8220;Os Estados receberam uma fortuna fabulosa. Nunca se transferiu tanto dinheiro para Estados e munic\u00edpios. A arrecada\u00e7\u00e3o deles subiu extraordinariamente&#8221;, afirmou, destacando que v\u00ea injusti\u00e7a nas reclama\u00e7\u00f5es dos entes federados. &#8220;Transferimos meio trilh\u00e3o de reais para esses caras.&#8221;<\/p>\n<p>E a melhora das contas estaduais, n\u00e3o foi porque eles fizeram um ajuste fiscal, mas por conta dessa transfer\u00eancia, comentou o ministro. &#8220;N\u00f3s fizemos o ajuste deles.&#8221;<\/p>\n<p>Na conta de Guedes, os Estados e munic\u00edpios receberam R$ 150 bilh\u00f5es no pacote da rolagem de d\u00edvida; R$ 260 bilh\u00f5es do Fundep (Funda\u00e7\u00e3o de Desenvolvimento da Pesquisa), neste caso em 10 anos; R$ 68 bilh\u00f5es pela de <a class=\"suno-keyword\" href=\"https:\/\/www.suno.com.br\/artigos\/lei-kandir\/\" target=\"_blank\" rel=\"noopener\" data-force=\"no\" data-priority=\"2\">Lei Kandir<\/a>. Houve anda mais alguns bilh\u00f5es pela <a class=\"suno-keyword\" href=\"https:\/\/www.suno.com.br\/artigos\/cessao-onerosa\/\" target=\"_blank\" rel=\"noopener\" data-force=\"no\" data-priority=\"1\">cess\u00e3o onerosa<\/a> (R$ 12 bilh\u00f5es na primeira rodada e R$ 7 bilh\u00f5es na segunda).<\/p>\n<h2><b>Infla\u00e7\u00e3o j\u00e1 atingiu pico <\/b><\/h2>\n<p>Paulo Guedes acredita que a <strong>infla\u00e7\u00e3o alta<\/strong> j\u00e1 pode ter atingido o pico no Brasil e vai come\u00e7ar a baixar. No exterior, ao contr\u00e1rio, ainda pode subir mais e os pa\u00edses podem enfrentar um ciclo de piora, enquanto o Brasil come\u00e7a um processo longo de melhora.<\/p>\n<p>&#8220;Fomos os primeiros a combater a infla\u00e7\u00e3o, zeramos o d\u00e9ficit e subimos os juros&#8221;, disse o ministro em entrevista \u00e0 imprensa ap\u00f3s seu \u00faltimo compromisso no <a class=\"suno-keyword\" href=\"https:\/\/www.suno.com.br\/artigos\/forum-economico-mundial\/\" target=\"_blank\" rel=\"noopener\" data-force=\"no\" data-priority=\"1\">F\u00f3rum Econ\u00f4mico Mundial<\/a> em Davos.<\/p>\n<p>&#8220;A infla\u00e7\u00e3o vai subir por muitos anos no mundo inteiro&#8221;, disse, voltando a criticar a atua\u00e7\u00e3o lenta dos bancos centrais dos Estados Unidos e Europa.<\/p>\n<p><strong>Guedes<\/strong> reconheceu que a taxa de juros mais alta &#8220;\u00e9 p\u00e9 no freio&#8221; e ajuda a desacelerar a atividade. Mas ponderou que o Brasil tem um mercado interno enorme, capaz de resistir a um cen\u00e1rio externo mais desfavor\u00e1vel, e o Pa\u00eds j\u00e1 tem contratado um programa de investimento de R$ 850 bilh\u00f5es.<\/p>\n<h2>\u00daltima cota\u00e7\u00e3o da Petrobras<\/h2>\n<p>Na \u00faltima sess\u00e3o, quarta-feira (26), a <strong>Petrobras<\/strong> encerrou o preg\u00e3o em alta de 1,08%, negociada a R$ 31,94.<\/p>\n<p class=\"newsProviderSignature\"><em>(Com informa\u00e7\u00f5es do Estad\u00e3o Conte\u00fado)<\/em><\/p>\n\t<p>\n\t\t<a href=\"https:\/\/lp.suno.com.br\/planilha-de-controle-de-investimentos\/\" target=\"_blank\" data-element=\"shortcode-suno-banner\" title=\"Banner SUNO, clique e saiba mais\">\n\t\t\t<picture>\n\t\t\t\t<source media=\"(max-width: 500px)\" srcset=\"https:\/\/files.sunoresearch.com.br\/n\/uploads\/2023\/03\/400x300-Controle-de-Investimentos.png\">\n\t\t\t\t<img class=\"newsContent__article__imgCapa newsContent__article__imgCapa--banner\"\n\t\t\t\t\tsrc=\"https:\/\/files.sunoresearch.com.br\/n\/uploads\/2023\/03\/1420x240-Controle-de-Investimentos.png\"\n\t\t\t\t\tdata-promo-id=\"75934\"\t\t\t\t\t\t\t\t\t\twidth='1420' height='240'\t\t\t\t\talt=\"https:\/\/files.sunoresearch.com.br\/n\/uploads\/2023\/03\/1420x240-Controle-de-Investimentos.png\"\n\t\t\t\t>\n\t\t\t<\/picture>\n\t\t<\/a>\n\t<\/p>\n\n\n","protected":false},"excerpt":{"rendered":"<p>O ministro da Economia, Paulo Guedes, disse a jornalistas nesta quinta-feira (26) que se Jair Bolsonaro for reeleito, com um Congresso com perfil mais de centro-direita, vai conseguir acelerar as reformas. &#8220;Vamos privatizar a Petrobras (PETR4), fazer v\u00e1rios acordos comerciais, vamos fazer bem mais do que temos feito at\u00e9 agora.&#8221; Ministro Paulo Guedes e o [&hellip;]<\/p>\n","protected":false},"author":15,"featured_media":237581,"comment_status":"closed","ping_status":"closed","sticky":false,"template":"","format":"standard","meta":[],"categories":[61],"tags":[719,796,595],"suno_strategy":[],"class_list":["post-261536","post","type-post","status-publish","format-standard","has-post-thumbnail","hentry","category-politica","tag-jair-bolsonaro","tag-paulo-guedes","tag-petrobras-petr4"],"yoast_head":"<!-- This site is optimized with the Yoast SEO plugin v24.4 - https:\/\/yoast.com\/wordpress\/plugins\/seo\/ -->\n<title>Se reeleito, Bolsonaro vai privatizar Petrobras (PETR4), diz Guedes<\/title>\n<meta name=\"description\" content=\"Guedes afirmou que a pandemia acabou impedindo que privatiza\u00e7\u00e3o da Petrobras (PETR4) avan\u00e7asse como esperado. Clica aqui e veja\" \/>\n<meta name=\"robots\" content=\"index, follow, max-snippet:-1, max-image-preview:large, max-video-preview:-1\" \/>\n<link rel=\"canonical\" href=\"https:\/\/www.suno.com.br\/noticias\/bolsonaro-guedes-privatizar-petrobras-petr4\/\" \/>\n<meta property=\"og:locale\" content=\"pt_BR\" \/>\n<meta property=\"og:type\" content=\"article\" \/>\n<meta property=\"og:title\" content=\"Se reeleito, Bolsonaro vai privatizar Petrobras (PETR4), diz Guedes\" \/>\n<meta property=\"og:description\" content=\"Guedes afirmou que a pandemia acabou impedindo que privatiza\u00e7\u00e3o da Petrobras (PETR4) avan\u00e7asse como esperado. Clica aqui e veja\" \/>\n<meta property=\"og:url\" content=\"https:\/\/www.suno.com.br\/noticias\/bolsonaro-guedes-privatizar-petrobras-petr4\/\" \/>\n<meta property=\"og:site_name\" content=\"Suno Not\u00edcias\" \/>\n<meta property=\"article:publisher\" content=\"https:\/\/facebook.com\/sunoresearch\" \/>\n<meta property=\"og:image\" content=\"https:\/\/files.sunoresearch.com.br\/n\/uploads\/2022\/03\/Bolsonaro-e-Guedes-scaled.jpg\" \/>\n\t<meta property=\"og:image:width\" content=\"2560\" \/>\n\t<meta property=\"og:image:height\" content=\"1707\" \/>\n\t<meta property=\"og:image:type\" content=\"image\/jpeg\" \/>\n<meta name=\"author\" content=\"Poliana Santos\" \/>\n<meta name=\"twitter:card\" content=\"summary_large_image\" \/>\n<meta name=\"twitter:creator\" content=\"@sunoresearch\" \/>\n<meta name=\"twitter:site\" content=\"@sunoresearch\" \/>\n<meta name=\"twitter:label1\" content=\"Escrito por\" \/>\n\t<meta name=\"twitter:data1\" content=\"Poliana Santos\" \/>\n\t<meta name=\"twitter:label2\" content=\"Est. tempo de leitura\" \/>\n\t<meta name=\"twitter:data2\" content=\"3 minutos\" \/>\n<script type=\"application\/ld+json\" class=\"yoast-schema-graph\">{\"@context\":\"https:\/\/schema.org\",\"@graph\":[{\"@type\":\"NewsArticle\",\"@id\":\"https:\/\/www.suno.com.br\/noticias\/bolsonaro-guedes-privatizar-petrobras-petr4\/#article\",\"isPartOf\":{\"@id\":\"https:\/\/www.suno.com.br\/noticias\/bolsonaro-guedes-privatizar-petrobras-petr4\/\"},\"author\":{\"name\":\"Poliana Santos\",\"@id\":\"https:\/\/www.suno.com.br\/noticias\/#\/schema\/person\/02ec1f752758247878a2bf4abee1aeda\"},\"headline\":\"Se reeleito, Bolsonaro vai privatizar Petrobras (PETR4) e acelerar reformas, diz Guedes\",\"datePublished\":\"2022-05-26T12:34:31+00:00\",\"mainEntityOfPage\":{\"@id\":\"https:\/\/www.suno.com.br\/noticias\/bolsonaro-guedes-privatizar-petrobras-petr4\/\"},\"wordCount\":578,\"publisher\":{\"@id\":\"https:\/\/www.suno.com.br\/noticias\/#organization\"},\"image\":{\"@id\":\"https:\/\/www.suno.com.br\/noticias\/bolsonaro-guedes-privatizar-petrobras-petr4\/#primaryimage\"},\"thumbnailUrl\":\"https:\/\/files.sunoresearch.com.br\/n\/uploads\/2022\/03\/Bolsonaro-e-Guedes-scaled.jpg\",\"keywords\":[\"Jair Bolsonaro\",\"Paulo Guedes\",\"Petrobras (PETR4)\"],\"articleSection\":[\"Pol\u00edtica\"],\"inLanguage\":\"pt-BR\"},{\"@type\":\"WebPage\",\"@id\":\"https:\/\/www.suno.com.br\/noticias\/bolsonaro-guedes-privatizar-petrobras-petr4\/\",\"url\":\"https:\/\/www.suno.com.br\/noticias\/bolsonaro-guedes-privatizar-petrobras-petr4\/\",\"name\":\"Se reeleito, Bolsonaro vai privatizar Petrobras (PETR4), diz Guedes\",\"isPartOf\":{\"@id\":\"https:\/\/www.suno.com.br\/noticias\/#website\"},\"primaryImageOfPage\":{\"@id\":\"https:\/\/www.suno.com.br\/noticias\/bolsonaro-guedes-privatizar-petrobras-petr4\/#primaryimage\"},\"image\":{\"@id\":\"https:\/\/www.suno.com.br\/noticias\/bolsonaro-guedes-privatizar-petrobras-petr4\/#primaryimage\"},\"thumbnailUrl\":\"https:\/\/files.sunoresearch.com.br\/n\/uploads\/2022\/03\/Bolsonaro-e-Guedes-scaled.jpg\",\"datePublished\":\"2022-05-26T12:34:31+00:00\",\"description\":\"Guedes afirmou que a pandemia acabou impedindo que privatiza\u00e7\u00e3o da Petrobras (PETR4) avan\u00e7asse como esperado. Clica aqui e veja\",\"breadcrumb\":{\"@id\":\"https:\/\/www.suno.com.br\/noticias\/bolsonaro-guedes-privatizar-petrobras-petr4\/#breadcrumb\"},\"inLanguage\":\"pt-BR\",\"potentialAction\":[{\"@type\":\"ReadAction\",\"target\":[\"https:\/\/www.suno.com.br\/noticias\/bolsonaro-guedes-privatizar-petrobras-petr4\/\"]}]},{\"@type\":\"ImageObject\",\"inLanguage\":\"pt-BR\",\"@id\":\"https:\/\/www.suno.com.br\/noticias\/bolsonaro-guedes-privatizar-petrobras-petr4\/#primaryimage\",\"url\":\"https:\/\/files.sunoresearch.com.br\/n\/uploads\/2022\/03\/Bolsonaro-e-Guedes-scaled.jpg\",\"contentUrl\":\"https:\/\/files.sunoresearch.com.br\/n\/uploads\/2022\/03\/Bolsonaro-e-Guedes-scaled.jpg\",\"width\":2560,\"height\":1707,\"caption\":\"Ministro Paulo Guedes e o presidente Jair Bolsonaro - Foto.: Wilson Dias\/Ag\u00eancia Brasil.\"},{\"@type\":\"BreadcrumbList\",\"@id\":\"https:\/\/www.suno.com.br\/noticias\/bolsonaro-guedes-privatizar-petrobras-petr4\/#breadcrumb\",\"itemListElement\":[{\"@type\":\"ListItem\",\"position\":1,\"name\":\"Not\u00edcias\",\"item\":\"https:\/\/www.suno.com.br\/noticias\/\"},{\"@type\":\"ListItem\",\"position\":2,\"name\":\"Pol\u00edtica\",\"item\":\"https:\/\/www.suno.com.br\/noticias\/politica\/\"},{\"@type\":\"ListItem\",\"position\":3,\"name\":\"Se reeleito, Bolsonaro vai privatizar Petrobras (PETR4) e acelerar reformas, diz Guedes\"}]},{\"@type\":\"WebSite\",\"@id\":\"https:\/\/www.suno.com.br\/noticias\/#website\",\"url\":\"https:\/\/www.suno.com.br\/noticias\/\",\"name\":\"Suno Not\u00edcias\",\"description\":\"Seu portal de informa\u00e7\u00e3o sobre o mundo dos investimentos\",\"publisher\":{\"@id\":\"https:\/\/www.suno.com.br\/noticias\/#organization\"},\"potentialAction\":[{\"@type\":\"SearchAction\",\"target\":{\"@type\":\"EntryPoint\",\"urlTemplate\":\"https:\/\/www.suno.com.br\/noticias\/?s={search_term_string}\"},\"query-input\":{\"@type\":\"PropertyValueSpecification\",\"valueRequired\":true,\"valueName\":\"search_term_string\"}}],\"inLanguage\":\"pt-BR\"},{\"@type\":\"Organization\",\"@id\":\"https:\/\/www.suno.com.br\/noticias\/#organization\",\"name\":\"Suno Not\u00edcias\",\"url\":\"https:\/\/www.suno.com.br\/noticias\/\",\"logo\":{\"@type\":\"ImageObject\",\"inLanguage\":\"pt-BR\",\"@id\":\"https:\/\/www.suno.com.br\/noticias\/#\/schema\/logo\/image\/\",\"url\":\"https:\/\/files.sunoresearch.com.br\/n\/uploads\/2021\/09\/suno-logo.png\",\"contentUrl\":\"https:\/\/files.sunoresearch.com.br\/n\/uploads\/2021\/09\/suno-logo.png\",\"width\":180,\"height\":180,\"caption\":\"Suno Not\u00edcias\"},\"image\":{\"@id\":\"https:\/\/www.suno.com.br\/noticias\/#\/schema\/logo\/image\/\"},\"sameAs\":[\"https:\/\/facebook.com\/sunoresearch\",\"https:\/\/x.com\/sunoresearch\",\"https:\/\/www.instagram.com\/suno\",\"https:\/\/www.linkedin.com\/company\/suno-research\/\",\"https:\/\/www.youtube.com\/c\/sunoresearch\"]},{\"@type\":\"Person\",\"@id\":\"https:\/\/www.suno.com.br\/noticias\/#\/schema\/person\/02ec1f752758247878a2bf4abee1aeda\",\"name\":\"Poliana Santos\",\"image\":{\"@type\":\"ImageObject\",\"inLanguage\":\"pt-BR\",\"@id\":\"https:\/\/www.suno.com.br\/noticias\/#\/schema\/person\/image\/\",\"url\":\"https:\/\/secure.gravatar.com\/avatar\/0645bd32f23d87b2130f2b2dff1d3f8d?s=96&r=g\",\"contentUrl\":\"https:\/\/secure.gravatar.com\/avatar\/0645bd32f23d87b2130f2b2dff1d3f8d?s=96&r=g\",\"caption\":\"Poliana Santos\"},\"description\":\"Rep\u00f3rter no Suno Not\u00edcias, com cobertura em mercado financeiro, economia, finan\u00e7as pessoais, renda fixa e varejo. Jornalista formada pela Faculdade C\u00e1sper L\u00edbero e possui passagem na R\u00e1dio Gazeta AM com a produ\u00e7\u00e3o de conte\u00fado sobre economia, pol\u00edtica, sa\u00fade, moda e m\u00fasica. Possui certificado de conclus\u00e3o do curso de An\u00e1lise de Balan\u00e7os pela Funda\u00e7\u00e3o Bradesco, Agenda Brasil pela FAAP, Educa\u00e7\u00e3o Pol\u00edtica por Alexandre Garcia e do Tesouro Direto e Mercado de A\u00e7\u00f5es pela B3.\",\"url\":\"https:\/\/www.suno.com.br\/noticias\/author\/poliana-santos\/\"}]}<\/script>\n<!-- \/ Yoast SEO plugin. -->","yoast_head_json":{"title":"Se reeleito, Bolsonaro vai privatizar Petrobras (PETR4), diz Guedes","description":"Guedes afirmou que a pandemia acabou impedindo que privatiza\u00e7\u00e3o da Petrobras (PETR4) avan\u00e7asse como esperado. Clica aqui e veja","robots":{"index":"index","follow":"follow","max-snippet":"max-snippet:-1","max-image-preview":"max-image-preview:large","max-video-preview":"max-video-preview:-1"},"canonical":"https:\/\/www.suno.com.br\/noticias\/bolsonaro-guedes-privatizar-petrobras-petr4\/","og_locale":"pt_BR","og_type":"article","og_title":"Se reeleito, Bolsonaro vai privatizar Petrobras (PETR4), diz Guedes","og_description":"Guedes afirmou que a pandemia acabou impedindo que privatiza\u00e7\u00e3o da Petrobras (PETR4) avan\u00e7asse como esperado. Clica aqui e veja","og_url":"https:\/\/www.suno.com.br\/noticias\/bolsonaro-guedes-privatizar-petrobras-petr4\/","og_site_name":"Suno Not\u00edcias","article_publisher":"https:\/\/facebook.com\/sunoresearch","og_image":[{"width":2560,"height":1707,"url":"https:\/\/files.sunoresearch.com.br\/n\/uploads\/2022\/03\/Bolsonaro-e-Guedes-scaled.jpg","type":"image\/jpeg"}],"author":"Poliana Santos","twitter_card":"summary_large_image","twitter_creator":"@sunoresearch","twitter_site":"@sunoresearch","twitter_misc":{"Escrito por":"Poliana Santos","Est. tempo de leitura":"3 minutos"},"schema":{"@context":"https:\/\/schema.org","@graph":[{"@type":"NewsArticle","@id":"https:\/\/www.suno.com.br\/noticias\/bolsonaro-guedes-privatizar-petrobras-petr4\/#article","isPartOf":{"@id":"https:\/\/www.suno.com.br\/noticias\/bolsonaro-guedes-privatizar-petrobras-petr4\/"},"author":{"name":"Poliana Santos","@id":"https:\/\/www.suno.com.br\/noticias\/#\/schema\/person\/02ec1f752758247878a2bf4abee1aeda"},"headline":"Se reeleito, Bolsonaro vai privatizar Petrobras (PETR4) e acelerar reformas, diz Guedes","datePublished":"2022-05-26T12:34:31+00:00","mainEntityOfPage":{"@id":"https:\/\/www.suno.com.br\/noticias\/bolsonaro-guedes-privatizar-petrobras-petr4\/"},"wordCount":578,"publisher":{"@id":"https:\/\/www.suno.com.br\/noticias\/#organization"},"image":{"@id":"https:\/\/www.suno.com.br\/noticias\/bolsonaro-guedes-privatizar-petrobras-petr4\/#primaryimage"},"thumbnailUrl":"https:\/\/files.sunoresearch.com.br\/n\/uploads\/2022\/03\/Bolsonaro-e-Guedes-scaled.jpg","keywords":["Jair Bolsonaro","Paulo Guedes","Petrobras (PETR4)"],"articleSection":["Pol\u00edtica"],"inLanguage":"pt-BR"},{"@type":"WebPage","@id":"https:\/\/www.suno.com.br\/noticias\/bolsonaro-guedes-privatizar-petrobras-petr4\/","url":"https:\/\/www.suno.com.br\/noticias\/bolsonaro-guedes-privatizar-petrobras-petr4\/","name":"Se reeleito, Bolsonaro vai privatizar Petrobras (PETR4), diz Guedes","isPartOf":{"@id":"https:\/\/www.suno.com.br\/noticias\/#website"},"primaryImageOfPage":{"@id":"https:\/\/www.suno.com.br\/noticias\/bolsonaro-guedes-privatizar-petrobras-petr4\/#primaryimage"},"image":{"@id":"https:\/\/www.suno.com.br\/noticias\/bolsonaro-guedes-privatizar-petrobras-petr4\/#primaryimage"},"thumbnailUrl":"https:\/\/files.sunoresearch.com.br\/n\/uploads\/2022\/03\/Bolsonaro-e-Guedes-scaled.jpg","datePublished":"2022-05-26T12:34:31+00:00","description":"Guedes afirmou que a pandemia acabou impedindo que privatiza\u00e7\u00e3o da Petrobras (PETR4) avan\u00e7asse como esperado. Clica aqui e veja","breadcrumb":{"@id":"https:\/\/www.suno.com.br\/noticias\/bolsonaro-guedes-privatizar-petrobras-petr4\/#breadcrumb"},"inLanguage":"pt-BR","potentialAction":[{"@type":"ReadAction","target":["https:\/\/www.suno.com.br\/noticias\/bolsonaro-guedes-privatizar-petrobras-petr4\/"]}]},{"@type":"ImageObject","inLanguage":"pt-BR","@id":"https:\/\/www.suno.com.br\/noticias\/bolsonaro-guedes-privatizar-petrobras-petr4\/#primaryimage","url":"https:\/\/files.sunoresearch.com.br\/n\/uploads\/2022\/03\/Bolsonaro-e-Guedes-scaled.jpg","contentUrl":"https:\/\/files.sunoresearch.com.br\/n\/uploads\/2022\/03\/Bolsonaro-e-Guedes-scaled.jpg","width":2560,"height":1707,"caption":"Ministro Paulo Guedes e o presidente Jair Bolsonaro - Foto.: Wilson Dias\/Ag\u00eancia Brasil."},{"@type":"BreadcrumbList","@id":"https:\/\/www.suno.com.br\/noticias\/bolsonaro-guedes-privatizar-petrobras-petr4\/#breadcrumb","itemListElement":[{"@type":"ListItem","position":1,"name":"Not\u00edcias","item":"https:\/\/www.suno.com.br\/noticias\/"},{"@type":"ListItem","position":2,"name":"Pol\u00edtica","item":"https:\/\/www.suno.com.br\/noticias\/politica\/"},{"@type":"ListItem","position":3,"name":"Se reeleito, Bolsonaro vai privatizar Petrobras (PETR4) e acelerar reformas, diz Guedes"}]},{"@type":"WebSite","@id":"https:\/\/www.suno.com.br\/noticias\/#website","url":"https:\/\/www.suno.com.br\/noticias\/","name":"Suno Not\u00edcias","description":"Seu portal de informa\u00e7\u00e3o sobre o mundo dos investimentos","publisher":{"@id":"https:\/\/www.suno.com.br\/noticias\/#organization"},"potentialAction":[{"@type":"SearchAction","target":{"@type":"EntryPoint","urlTemplate":"https:\/\/www.suno.com.br\/noticias\/?s={search_term_string}"},"query-input":{"@type":"PropertyValueSpecification","valueRequired":true,"valueName":"search_term_string"}}],"inLanguage":"pt-BR"},{"@type":"Organization","@id":"https:\/\/www.suno.com.br\/noticias\/#organization","name":"Suno Not\u00edcias","url":"https:\/\/www.suno.com.br\/noticias\/","logo":{"@type":"ImageObject","inLanguage":"pt-BR","@id":"https:\/\/www.suno.com.br\/noticias\/#\/schema\/logo\/image\/","url":"https:\/\/files.sunoresearch.com.br\/n\/uploads\/2021\/09\/suno-logo.png","contentUrl":"https:\/\/files.sunoresearch.com.br\/n\/uploads\/2021\/09\/suno-logo.png","width":180,"height":180,"caption":"Suno Not\u00edcias"},"image":{"@id":"https:\/\/www.suno.com.br\/noticias\/#\/schema\/logo\/image\/"},"sameAs":["https:\/\/facebook.com\/sunoresearch","https:\/\/x.com\/sunoresearch","https:\/\/www.instagram.com\/suno","https:\/\/www.linkedin.com\/company\/suno-research\/","https:\/\/www.youtube.com\/c\/sunoresearch"]},{"@type":"Person","@id":"https:\/\/www.suno.com.br\/noticias\/#\/schema\/person\/02ec1f752758247878a2bf4abee1aeda","name":"Poliana Santos","image":{"@type":"ImageObject","inLanguage":"pt-BR","@id":"https:\/\/www.suno.com.br\/noticias\/#\/schema\/person\/image\/","url":"https:\/\/secure.gravatar.com\/avatar\/0645bd32f23d87b2130f2b2dff1d3f8d?s=96&r=g","contentUrl":"https:\/\/secure.gravatar.com\/avatar\/0645bd32f23d87b2130f2b2dff1d3f8d?s=96&r=g","caption":"Poliana Santos"},"description":"Rep\u00f3rter no Suno Not\u00edcias, com cobertura em mercado financeiro, economia, finan\u00e7as pessoais, renda fixa e varejo. Jornalista formada pela Faculdade C\u00e1sper L\u00edbero e possui passagem na R\u00e1dio Gazeta AM com a produ\u00e7\u00e3o de conte\u00fado sobre economia, pol\u00edtica, sa\u00fade, moda e m\u00fasica. Possui certificado de conclus\u00e3o do curso de An\u00e1lise de Balan\u00e7os pela Funda\u00e7\u00e3o Bradesco, Agenda Brasil pela FAAP, Educa\u00e7\u00e3o Pol\u00edtica por Alexandre Garcia e do Tesouro Direto e Mercado de A\u00e7\u00f5es pela B3.","url":"https:\/\/www.suno.com.br\/noticias\/author\/poliana-santos\/"}]}},"default_loop_html":"<div class=\"cardsPage__listCard__boxs\"><div class=\"cardsPage__listCard__boxs__img\"><a href=\"https:\/\/www.suno.com.br\/noticias\/bolsonaro-guedes-privatizar-petrobras-petr4\/\"><img class=\"mask\" src=\"https:\/\/www.suno.com.br\/noticias\/wp-content\/themes\/suno\/resources\/images\/spotlight\/spotlight1img\/bg-mask.png\" alt=\"Image Mask\"\/><img src=\"https:\/\/files.sunoresearch.com.br\/n\/uploads\/2022\/03\/Bolsonaro-e-Guedes-400x200.jpg\" alt=\"Se reeleito, Bolsonaro vai privatizar Petrobras (PETR4) e acelerar reformas, diz Guedes\"\/><\/a><span class=\"spotlightCategory\"><a href=\"https:\/\/www.suno.com.br\/noticias\/politica\/\">Pol\u00edtica<\/a><\/span><\/div><div class=\"cardsPage__listCard__boxs__content\"><a href=\"https:\/\/www.suno.com.br\/noticias\/bolsonaro-guedes-privatizar-petrobras-petr4\/\"><h2 class=\"content__title\">Se reeleito, Bolsonaro vai privatizar Petrobras (PETR4) e acelerar reformas, diz Guedes<\/h2><\/a><div class=\"newsContent__article__meta\"><div class=\"newsContent__article__meta__authorBox\"><a href=\"https:\/\/www.suno.com.br\/noticias\/author\/poliana-santos\/\" class=\"authorBox__avatar noMobi\"><img src=\"https:\/\/files.sunoresearch.com.br\/n\/uploads\/2020\/08\/7ef34026-whatsapp-image-2020-08-03-at-12.37.57-150x150.webp\" alt=\"Poliana Santos\"><\/a><div class=\"authorBox__name\"><span>por\n\t\t\t<a href=\"https:\/\/www.suno.com.br\/noticias\/author\/poliana-santos\/\"><span itemprop=\"author\">Poliana Santos<\/span><\/a><\/span><time datetime=\"2022-05-26T09:34:31-03:00\" itemprop=\"datePublished\">26\/05\/2022 09:34<\/time><\/div><\/div><\/div><\/div><\/div>","single_layout":"posts","amp_enabled":true,"_links":{"self":[{"href":"https:\/\/www.suno.com.br\/noticias\/wp-json\/wp\/v2\/posts\/261536"}],"collection":[{"href":"https:\/\/www.suno.com.br\/noticias\/wp-json\/wp\/v2\/posts"}],"about":[{"href":"https:\/\/www.suno.com.br\/noticias\/wp-json\/wp\/v2\/types\/post"}],"author":[{"embeddable":true,"href":"https:\/\/www.suno.com.br\/noticias\/wp-json\/wp\/v2\/users\/15"}],"replies":[{"embeddable":true,"href":"https:\/\/www.suno.com.br\/noticias\/wp-json\/wp\/v2\/comments?post=261536"}],"version-history":[{"count":2,"href":"https:\/\/www.suno.com.br\/noticias\/wp-json\/wp\/v2\/posts\/261536\/revisions"}],"predecessor-version":[{"id":261567,"href":"https:\/\/www.suno.com.br\/noticias\/wp-json\/wp\/v2\/posts\/261536\/revisions\/261567"}],"wp:featuredmedia":[{"embeddable":true,"href":"https:\/\/www.suno.com.br\/noticias\/wp-json\/wp\/v2\/media\/237581"}],"wp:attachment":[{"href":"https:\/\/www.suno.com.br\/noticias\/wp-json\/wp\/v2\/media?parent=261536"}],"wp:term":[{"taxonomy":"category","embeddable":true,"href":"https:\/\/www.suno.com.br\/noticias\/wp-json\/wp\/v2\/categories?post=261536"},{"taxonomy":"post_tag","embeddable":true,"href":"https:\/\/www.suno.com.br\/noticias\/wp-json\/wp\/v2\/tags?post=261536"},{"taxonomy":"suno_strategy","embeddable":true,"href":"https:\/\/www.suno.com.br\/noticias\/wp-json\/wp\/v2\/suno_strategy?post=261536"}],"curies":[{"name":"wp","href":"https:\/\/api.w.org\/{rel}","templated":true}]}}