{"id":261525,"date":"2022-05-26T09:28:18","date_gmt":"2022-05-26T12:28:18","guid":{"rendered":"https:\/\/www.suno.com.br\/noticias\/?p=261525"},"modified":"2022-05-26T10:31:46","modified_gmt":"2022-05-26T13:31:46","slug":"dividendos-imposto-senado-imposto-de-renda","status":"publish","type":"post","link":"https:\/\/www.suno.com.br\/noticias\/dividendos-imposto-senado-imposto-de-renda\/","title":{"rendered":"Senado discute taxar dividendos em 10% em negocia\u00e7\u00f5es para &#8216;volta&#8217; da Reforma do IR"},"content":{"rendered":"<p>Com a reforma do <a class=\"suno-keyword\" href=\"https:\/\/www.suno.com.br\/guias\/imposto-de-renda-guia\/\" target=\"_blank\" rel=\"noopener\" data-force=\"no\" data-priority=\"2\">imposto de renda<\/a> em pauta, o Senado ainda discute a poss\u00edvel taxa\u00e7\u00e3o de <strong><a class=\"suno-keyword\" href=\"https:\/\/www.suno.com.br\/guias\/dividendos\/\" target=\"_blank\" rel=\"noopener\" data-force=\"no\" data-priority=\"1\">dividendos<\/a><\/strong>. A ideia \u00e9 debater o tema ainda na semana que vem, na pr\u00f3xima reuni\u00e3o de l\u00edderes.<\/p>\t<div class=\"wrapper-featured-image\">\n\t\t<figure class=\"spotlightImg\">\n\n\t\t\t<picture>\n\t\t\t\t<source media=\"(max-width: 768px)\" srcset=\"https:\/\/files.sunoresearch.com.br\/n\/uploads\/2021\/10\/51555675078_044a8e3784_k-400x200.jpg\">\n\t\t\t\t<img loading=\"lazy\" decoding=\"async\" class=\"newsContent__article__imgCapa lazyloadDisabled \" src=\"https:\/\/files.sunoresearch.com.br\/n\/uploads\/2021\/10\/51555675078_044a8e3784_k-800x450.jpg\" width=\"800\" height=\"450\" alt=\"Senado discute taxar dividendos em 10% em negocia\u00e7\u00f5es para &#8216;volta&#8217; da Reforma do IR\" fetchpriority=high \/>\n\t\t\t<\/picture>\n\n\t\t\t<figcaption class=\"wp-caption-text wp-caption-text--show\">\u00c1 direita, Rodrigo Pacheco, presidente do Senado, que tenta balizar reforma do IR que taxa dividendos - Foto: Pedro Gontijo\/Senado Federal<\/figcaption>\n\t\t<\/figure>\n\t<\/div>\n\n\n\t<p>\n\t\t<a href=\"\" target=\"_blank\" data-element=\"shortcode-suno-banner\" title=\"Banner SUNO, clique e saiba mais\">\n\t\t\t<picture>\n\t\t\t\t<source media=\"(max-width: 500px)\" srcset=\"\">\n\t\t\t\t<img class=\"newsContent__article__imgCapa newsContent__article__imgCapa--banner\"\n\t\t\t\t\tsrc=\"\"\n\t\t\t\t\tdata-promo-id=\"240038\"\t\t\t\t\t\t\t\t\t\t\t\t\t\t\talt=\"\"\n\t\t\t\t>\n\t\t\t<\/picture>\n\t\t<\/a>\n\t<\/p>\n\n\n<p>O que os senadores querem \u00e9 reduzir o <strong>imposto sobre dividendos<\/strong> de 15% &#8211; n\u00famero proposto pela C\u00e2mara &#8211; para uma al\u00edquota de 10%. O texto, vale frisar, prev\u00ea a cobran\u00e7a via <strong>Imposto de Renda<\/strong>.<\/p>\n<p>Segundo informa\u00e7\u00f5es do jornal Valor Econ\u00f4mico, os <strong>parlamentares<\/strong> da casa discutem &#8211; nos bastidores &#8211; alguns ajustes, como forma de fazer a pauta andar nas vota\u00e7\u00f5es. Atualmente a reforma que taxa os dividendos est\u00e1 &#8216;travada&#8217; no legislativo desde o ano passado.<\/p>\n<p>A mudan\u00e7a, desta forma, depende dos esfor\u00e7os do presidente do Senado, <a href=\"https:\/\/www.suno.com.br\/noticias\/lira-pacheco-combustiveis-acordo\/\">Rodrigo Pacheco (PSD-MG)<\/a>.<\/p>\n<p>Se aprovado, independente da al\u00edquota, o novo imposto que recai sobre os dividendos seria cobrado a t\u00edtulo de <strong>Imposto<\/strong> de Renda na fonte. Mas h\u00e1 exce\u00e7\u00f5es.<\/p>\n<p>A previs\u00e3o \u00e9 de que as empresas do Simples e companhias de <a class=\"suno-keyword\" href=\"https:\/\/www.suno.com.br\/artigos\/lucro-presumido\/\" target=\"_blank\" rel=\"noopener\" data-force=\"no\" data-priority=\"2\">lucro presumido<\/a> e com receita de at\u00e9 R$ 4,8 milh\u00f5es fiquem de fora da regra.<\/p>\n<p>Mas apesar disso, o <a href=\"https:\/\/www.suno.com.br\/noticias\/divida-publica-pib-crescimento-2022\/\"><strong>Senado<\/strong> <\/a>quer &#8216;atenuar&#8217; a situa\u00e7\u00e3o por conta dessa medida. A ideia \u00e9 ajustar algo j\u00e1 aprovado pela C\u00e2mara: a redu\u00e7\u00e3o do chamado imposto total sobre o lucro das empresas n\u00e3o financeiras.<\/p>\n\t<p>\n\t\t<a href=\"https:\/\/lp.suno.com.br\/planilha-controle-gastos\/\" target=\"_blank\" data-element=\"shortcode-suno-banner\" title=\"Banner SUNO, clique e saiba mais\">\n\t\t\t<picture>\n\t\t\t\t<source media=\"(max-width: 500px)\" srcset=\"https:\/\/files.sunoresearch.com.br\/n\/uploads\/2023\/03\/400x300-Planilha-controle-de-gastos.png\">\n\t\t\t\t<img class=\"newsContent__article__imgCapa newsContent__article__imgCapa--banner\"\n\t\t\t\t\tsrc=\"https:\/\/files.sunoresearch.com.br\/n\/uploads\/2023\/03\/1420x240-Planilha-controle-de-gastos.png\"\n\t\t\t\t\tdata-promo-id=\"101751\"\t\t\t\t\t\t\t\t\t\twidth='1420' height='240'\t\t\t\t\talt=\"https:\/\/files.sunoresearch.com.br\/n\/uploads\/2023\/03\/1420x240-Planilha-controle-de-gastos.png\"\n\t\t\t\t>\n\t\t\t<\/picture>\n\t\t<\/a>\n\t<\/p>\n\n\n<p>A medida dos deputados prev\u00ea reduzir esse tributo de 34% para 26%. Algumas alas da casa legislativa, por\u00e9m, defendem um &#8216;meio termo&#8217; e miram um reajuste para 30%.<\/p>\n<p>Como a proposta est\u00e1 prevista para ser debatida na semana que vem, com a reuni\u00e3o de l\u00edderes e a maioria dos parlamentares na Casa, podem ocorrer eventuais mudan\u00e7as na estrutura.<\/p>\n<p>Isso porque, Pacheco pode costurar um acordo para que a\u00a0<strong>reforma do Imposto de Renda<\/strong> seja apreciada no plen\u00e1rio, sem passar pelo crivo da <a href=\"https:\/\/legis.senado.leg.br\/comissoes\/comissao?codcol=38\">Comiss\u00e3o de Assuntos Econ\u00f4micos (CAE)<\/a>.<\/p>\n\t<p>\n\t\t<a href=\"https:\/\/lp.suno.com.br\/planilha-da-vida-financeira\/\" target=\"_blank\" data-element=\"shortcode-suno-banner\" title=\"Banner SUNO, clique e saiba mais\">\n\t\t\t<picture>\n\t\t\t\t<source media=\"(max-width: 500px)\" srcset=\"https:\/\/files.sunoresearch.com.br\/n\/uploads\/2023\/04\/400x300-Planilha-vida-financeira-true.png\">\n\t\t\t\t<img class=\"newsContent__article__imgCapa newsContent__article__imgCapa--banner\"\n\t\t\t\t\tsrc=\"https:\/\/files.sunoresearch.com.br\/n\/uploads\/2023\/04\/1420x240-Planilha-vida-financeira-true.png\"\n\t\t\t\t\tdata-promo-id=\"106682\"\t\t\t\t\t\t\t\t\t\twidth='1420' height='240'\t\t\t\t\talt=\"https:\/\/files.sunoresearch.com.br\/n\/uploads\/2023\/04\/1420x240-Planilha-vida-financeira-true.png\"\n\t\t\t\t>\n\t\t\t<\/picture>\n\t\t<\/a>\n\t<\/p>\n\n\n<h2>Taxa\u00e7\u00e3o de dividendos depende de negocia\u00e7\u00f5es entre as casas<\/h2>\n<p>Para balizar isso, o Senador deve trocar a relatoria do projeto, que est\u00e1 atualmente nas m\u00e3os do seu colega de partido, Angelo Coronel (PSD-BA). A ideia \u00e9 tornar o ex-l\u00edder do governo no Senado, Fernando Bezerra Coelho (MDB-PE), o novo relator.<\/p>\n<p>Com isso, ele restringiria o texto \u00e0 redu\u00e7\u00e3o do Imposto de Renda de <a class=\"suno-keyword\" href=\"https:\/\/www.suno.com.br\/artigos\/pessoa-juridica\/\" target=\"_blank\" rel=\"noopener\" data-force=\"no\" data-priority=\"2\">Pessoa Jur\u00eddica<\/a> (IRPJ) e \u00e0 cria\u00e7\u00e3o da tributa\u00e7\u00e3o sobre dividendos, como forma de compensa\u00e7\u00e3o &#8211; j\u00e1 que Angelo Coronel defendia uma atualiza\u00e7\u00e3o na tabela do <strong>IRPF<\/strong>, uma mudan\u00e7a mais dr\u00e1stica que acabou travando a pauta no Senado, dada a dificuldade de negocia\u00e7\u00e3o com a equipe econ\u00f4mica do governo.<\/p>\n<p>Al\u00e9m disso, nos bastidores, os parlamentares discutem a inclus\u00e3o no projeto de um novo <strong>Refis<\/strong> &#8211; o programa de refinanciamento de d\u00edvidas de contribuintes que n\u00e3o conseguiram pagar os seus impostos durante a pandemia.<\/p>\n<p>Contudo, essa mudan\u00e7a j\u00e1 foi aprovada pelo Senado e enviada \u00e0 C\u00e2mara dos Deputadas. A autoria do projeto, vale frisar, \u00e9 do pr\u00f3prio Rodrigo Pacheco.<\/p>\n<p>A &#8216;trava&#8217; na proposta do Refis, assim, se d\u00e1 como retalia\u00e7\u00e3o da C\u00e2mara \u00e0 conduta dos Senadores, de manter a pauta da reforma do Imposto de Renda &#8211; que tributa <strong>dividendos<\/strong> &#8211; paralisada.<\/p>\n\t<p>\n\t\t<a href=\"https:\/\/lp.suno.com.br\/ebook-como-analisar-uma-acao\/\" target=\"_blank\" data-element=\"shortcode-suno-banner\" title=\"Banner SUNO, clique e saiba mais\">\n\t\t\t<picture>\n\t\t\t\t<source media=\"(max-width: 500px)\" srcset=\"https:\/\/files.sunoresearch.com.br\/n\/uploads\/2023\/03\/Ebook-Acoes-Mobile-1.jpg\">\n\t\t\t\t<img class=\"newsContent__article__imgCapa newsContent__article__imgCapa--banner\"\n\t\t\t\t\tsrc=\"https:\/\/files.sunoresearch.com.br\/n\/uploads\/2023\/03\/Ebook-Acoes-Desktop-1.jpg\"\n\t\t\t\t\tdata-promo-id=\"171998\"\t\t\t\t\t\t\t\t\t\twidth='1420' height='286'\t\t\t\t\talt=\"https:\/\/files.sunoresearch.com.br\/n\/uploads\/2023\/03\/Ebook-Acoes-Desktop-1.jpg\"\n\t\t\t\t>\n\t\t\t<\/picture>\n\t\t<\/a>\n\t<\/p>\n\n\n","protected":false},"excerpt":{"rendered":"<p>Com a reforma do imposto de renda em pauta, o Senado ainda discute a poss\u00edvel taxa\u00e7\u00e3o de dividendos. A ideia \u00e9 debater o tema ainda na semana que vem, na pr\u00f3xima reuni\u00e3o de l\u00edderes. \u00c1 direita, Rodrigo Pacheco, presidente do Senado, que tenta balizar reforma do IR que taxa dividendos &#8211; Foto: Pedro Gontijo\/Senado Federal [&hellip;]<\/p>\n","protected":false},"author":73,"featured_media":196826,"comment_status":"closed","ping_status":"closed","sticky":false,"template":"","format":"standard","meta":[],"categories":[61],"tags":[938,295,796,105709,1068],"suno_strategy":[],"class_list":["post-261525","post","type-post","status-publish","format-standard","has-post-thumbnail","hentry","category-politica","tag-camara-dos-deputados","tag-dividendos","tag-paulo-guedes","tag-rodrigo-pacheco","tag-senado-federal"],"yoast_head":"<!-- This site is optimized with the Yoast SEO plugin v24.4 - https:\/\/yoast.com\/wordpress\/plugins\/seo\/ -->\n<title>Dividendos taxados: Senado negocia cobran\u00e7a de 10% em Reforma do IR<\/title>\n<meta name=\"description\" content=\"Em negocia\u00e7\u00f5es com a C\u00e2mara, Senado quer destravar a pauta da reforma do Imposto de Renda que taxa dividendos. Clique aqui e saiba mais!\" \/>\n<meta name=\"robots\" content=\"index, follow, max-snippet:-1, max-image-preview:large, max-video-preview:-1\" \/>\n<link rel=\"canonical\" href=\"https:\/\/www.suno.com.br\/noticias\/dividendos-imposto-senado-imposto-de-renda\/\" \/>\n<meta property=\"og:locale\" content=\"pt_BR\" \/>\n<meta property=\"og:type\" content=\"article\" \/>\n<meta property=\"og:title\" content=\"Dividendos taxados: Senado negocia cobran\u00e7a de 10% em Reforma do IR\" \/>\n<meta property=\"og:description\" content=\"Em negocia\u00e7\u00f5es com a C\u00e2mara, Senado quer destravar a pauta da reforma do Imposto de Renda que taxa dividendos. Clique aqui e saiba mais!\" \/>\n<meta property=\"og:url\" content=\"https:\/\/www.suno.com.br\/noticias\/dividendos-imposto-senado-imposto-de-renda\/\" \/>\n<meta property=\"og:site_name\" content=\"Suno Not\u00edcias\" \/>\n<meta property=\"article:publisher\" content=\"https:\/\/facebook.com\/sunoresearch\" \/>\n<meta property=\"og:image\" content=\"https:\/\/files.sunoresearch.com.br\/n\/uploads\/2021\/10\/51555675078_044a8e3784_k.jpg\" \/>\n\t<meta property=\"og:image:width\" content=\"2048\" \/>\n\t<meta property=\"og:image:height\" content=\"1365\" \/>\n\t<meta property=\"og:image:type\" content=\"image\/jpeg\" \/>\n<meta name=\"author\" content=\"Eduardo Vargas\" \/>\n<meta name=\"twitter:card\" content=\"summary_large_image\" \/>\n<meta name=\"twitter:creator\" content=\"@sunoresearch\" \/>\n<meta name=\"twitter:site\" content=\"@sunoresearch\" \/>\n<meta name=\"twitter:label1\" content=\"Escrito por\" \/>\n\t<meta name=\"twitter:data1\" content=\"Eduardo Vargas\" \/>\n\t<meta name=\"twitter:label2\" content=\"Est. tempo de leitura\" \/>\n\t<meta name=\"twitter:data2\" content=\"3 minutos\" \/>\n<script type=\"application\/ld+json\" class=\"yoast-schema-graph\">{\"@context\":\"https:\/\/schema.org\",\"@graph\":[{\"@type\":\"NewsArticle\",\"@id\":\"https:\/\/www.suno.com.br\/noticias\/dividendos-imposto-senado-imposto-de-renda\/#article\",\"isPartOf\":{\"@id\":\"https:\/\/www.suno.com.br\/noticias\/dividendos-imposto-senado-imposto-de-renda\/\"},\"author\":{\"name\":\"Eduardo Vargas\",\"@id\":\"https:\/\/www.suno.com.br\/noticias\/#\/schema\/person\/7f4d362bf3518e76090143ae77bb49a5\"},\"headline\":\"Senado discute taxar dividendos em 10% em negocia\u00e7\u00f5es para &#8216;volta&#8217; da Reforma do IR\",\"datePublished\":\"2022-05-26T12:28:18+00:00\",\"dateModified\":\"2022-05-26T13:31:46+00:00\",\"mainEntityOfPage\":{\"@id\":\"https:\/\/www.suno.com.br\/noticias\/dividendos-imposto-senado-imposto-de-renda\/\"},\"wordCount\":565,\"publisher\":{\"@id\":\"https:\/\/www.suno.com.br\/noticias\/#organization\"},\"image\":{\"@id\":\"https:\/\/www.suno.com.br\/noticias\/dividendos-imposto-senado-imposto-de-renda\/#primaryimage\"},\"thumbnailUrl\":\"https:\/\/files.sunoresearch.com.br\/n\/uploads\/2021\/10\/51555675078_044a8e3784_k.jpg\",\"keywords\":[\"C\u00e2mara dos Deputados\",\"dividendos\",\"Paulo Guedes\",\"Rodrigo Pacheco\",\"Senado Federal\"],\"articleSection\":[\"Pol\u00edtica\"],\"inLanguage\":\"pt-BR\"},{\"@type\":\"WebPage\",\"@id\":\"https:\/\/www.suno.com.br\/noticias\/dividendos-imposto-senado-imposto-de-renda\/\",\"url\":\"https:\/\/www.suno.com.br\/noticias\/dividendos-imposto-senado-imposto-de-renda\/\",\"name\":\"Dividendos taxados: Senado negocia cobran\u00e7a de 10% em Reforma do IR\",\"isPartOf\":{\"@id\":\"https:\/\/www.suno.com.br\/noticias\/#website\"},\"primaryImageOfPage\":{\"@id\":\"https:\/\/www.suno.com.br\/noticias\/dividendos-imposto-senado-imposto-de-renda\/#primaryimage\"},\"image\":{\"@id\":\"https:\/\/www.suno.com.br\/noticias\/dividendos-imposto-senado-imposto-de-renda\/#primaryimage\"},\"thumbnailUrl\":\"https:\/\/files.sunoresearch.com.br\/n\/uploads\/2021\/10\/51555675078_044a8e3784_k.jpg\",\"datePublished\":\"2022-05-26T12:28:18+00:00\",\"dateModified\":\"2022-05-26T13:31:46+00:00\",\"description\":\"Em negocia\u00e7\u00f5es com a C\u00e2mara, Senado quer destravar a pauta da reforma do Imposto de Renda que taxa dividendos. Clique aqui e saiba mais!\",\"breadcrumb\":{\"@id\":\"https:\/\/www.suno.com.br\/noticias\/dividendos-imposto-senado-imposto-de-renda\/#breadcrumb\"},\"inLanguage\":\"pt-BR\",\"potentialAction\":[{\"@type\":\"ReadAction\",\"target\":[\"https:\/\/www.suno.com.br\/noticias\/dividendos-imposto-senado-imposto-de-renda\/\"]}]},{\"@type\":\"ImageObject\",\"inLanguage\":\"pt-BR\",\"@id\":\"https:\/\/www.suno.com.br\/noticias\/dividendos-imposto-senado-imposto-de-renda\/#primaryimage\",\"url\":\"https:\/\/files.sunoresearch.com.br\/n\/uploads\/2021\/10\/51555675078_044a8e3784_k.jpg\",\"contentUrl\":\"https:\/\/files.sunoresearch.com.br\/n\/uploads\/2021\/10\/51555675078_044a8e3784_k.jpg\",\"width\":2048,\"height\":1365,\"caption\":\"\u00c1 direita, Rodrigo Pacheco, presidente do Senado, que tenta balizar reforma do IR que taxa dividendos - Foto: Pedro Gontijo\/Senado Federal\"},{\"@type\":\"BreadcrumbList\",\"@id\":\"https:\/\/www.suno.com.br\/noticias\/dividendos-imposto-senado-imposto-de-renda\/#breadcrumb\",\"itemListElement\":[{\"@type\":\"ListItem\",\"position\":1,\"name\":\"Not\u00edcias\",\"item\":\"https:\/\/www.suno.com.br\/noticias\/\"},{\"@type\":\"ListItem\",\"position\":2,\"name\":\"Pol\u00edtica\",\"item\":\"https:\/\/www.suno.com.br\/noticias\/politica\/\"},{\"@type\":\"ListItem\",\"position\":3,\"name\":\"Senado discute taxar dividendos em 10% em negocia\u00e7\u00f5es para &#8216;volta&#8217; da Reforma do IR\"}]},{\"@type\":\"WebSite\",\"@id\":\"https:\/\/www.suno.com.br\/noticias\/#website\",\"url\":\"https:\/\/www.suno.com.br\/noticias\/\",\"name\":\"Suno Not\u00edcias\",\"description\":\"Seu portal de informa\u00e7\u00e3o sobre o mundo dos investimentos\",\"publisher\":{\"@id\":\"https:\/\/www.suno.com.br\/noticias\/#organization\"},\"potentialAction\":[{\"@type\":\"SearchAction\",\"target\":{\"@type\":\"EntryPoint\",\"urlTemplate\":\"https:\/\/www.suno.com.br\/noticias\/?s={search_term_string}\"},\"query-input\":{\"@type\":\"PropertyValueSpecification\",\"valueRequired\":true,\"valueName\":\"search_term_string\"}}],\"inLanguage\":\"pt-BR\"},{\"@type\":\"Organization\",\"@id\":\"https:\/\/www.suno.com.br\/noticias\/#organization\",\"name\":\"Suno Not\u00edcias\",\"url\":\"https:\/\/www.suno.com.br\/noticias\/\",\"logo\":{\"@type\":\"ImageObject\",\"inLanguage\":\"pt-BR\",\"@id\":\"https:\/\/www.suno.com.br\/noticias\/#\/schema\/logo\/image\/\",\"url\":\"https:\/\/files.sunoresearch.com.br\/n\/uploads\/2021\/09\/suno-logo.png\",\"contentUrl\":\"https:\/\/files.sunoresearch.com.br\/n\/uploads\/2021\/09\/suno-logo.png\",\"width\":180,\"height\":180,\"caption\":\"Suno Not\u00edcias\"},\"image\":{\"@id\":\"https:\/\/www.suno.com.br\/noticias\/#\/schema\/logo\/image\/\"},\"sameAs\":[\"https:\/\/facebook.com\/sunoresearch\",\"https:\/\/x.com\/sunoresearch\",\"https:\/\/www.instagram.com\/suno\",\"https:\/\/www.linkedin.com\/company\/suno-research\/\",\"https:\/\/www.youtube.com\/c\/sunoresearch\"]},{\"@type\":\"Person\",\"@id\":\"https:\/\/www.suno.com.br\/noticias\/#\/schema\/person\/7f4d362bf3518e76090143ae77bb49a5\",\"name\":\"Eduardo Vargas\",\"image\":{\"@type\":\"ImageObject\",\"inLanguage\":\"pt-BR\",\"@id\":\"https:\/\/www.suno.com.br\/noticias\/#\/schema\/person\/image\/\",\"url\":\"https:\/\/secure.gravatar.com\/avatar\/dac340933427a22924c9f99d1eb2e3f2?s=96&r=g\",\"contentUrl\":\"https:\/\/secure.gravatar.com\/avatar\/dac340933427a22924c9f99d1eb2e3f2?s=96&r=g\",\"caption\":\"Eduardo Vargas\"},\"description\":\"Jornalista formado pela UFSC, cobre macroeconomia, neg\u00f3cios e startups para o Suno Not\u00edcias, escrevendo principalmente not\u00edcias sobre o mercado financeiro e a bolsa de valores. No YouTube e no Instagram, \u00e9 respons\u00e1vel pela produ\u00e7\u00e3o de Reels e Shorts do Suno Not\u00edcias. Anteriormente, trabalhou cobrindo economia e cotidiano no ND+ e para o ND, maior jornal impresso de Santa Catarina. Cursou um semestre letivo de Estudos de M\u00eddia na Universidad de Buenos Aires.\",\"url\":\"https:\/\/www.suno.com.br\/noticias\/author\/eduardo-vargas\/\"}]}<\/script>\n<!-- \/ Yoast SEO plugin. -->","yoast_head_json":{"title":"Dividendos taxados: Senado negocia cobran\u00e7a de 10% em Reforma do IR","description":"Em negocia\u00e7\u00f5es com a C\u00e2mara, Senado quer destravar a pauta da reforma do Imposto de Renda que taxa dividendos. Clique aqui e saiba mais!","robots":{"index":"index","follow":"follow","max-snippet":"max-snippet:-1","max-image-preview":"max-image-preview:large","max-video-preview":"max-video-preview:-1"},"canonical":"https:\/\/www.suno.com.br\/noticias\/dividendos-imposto-senado-imposto-de-renda\/","og_locale":"pt_BR","og_type":"article","og_title":"Dividendos taxados: Senado negocia cobran\u00e7a de 10% em Reforma do IR","og_description":"Em negocia\u00e7\u00f5es com a C\u00e2mara, Senado quer destravar a pauta da reforma do Imposto de Renda que taxa dividendos. Clique aqui e saiba mais!","og_url":"https:\/\/www.suno.com.br\/noticias\/dividendos-imposto-senado-imposto-de-renda\/","og_site_name":"Suno Not\u00edcias","article_publisher":"https:\/\/facebook.com\/sunoresearch","og_image":[{"width":2048,"height":1365,"url":"https:\/\/files.sunoresearch.com.br\/n\/uploads\/2021\/10\/51555675078_044a8e3784_k.jpg","type":"image\/jpeg"}],"author":"Eduardo Vargas","twitter_card":"summary_large_image","twitter_creator":"@sunoresearch","twitter_site":"@sunoresearch","twitter_misc":{"Escrito por":"Eduardo Vargas","Est. tempo de leitura":"3 minutos"},"schema":{"@context":"https:\/\/schema.org","@graph":[{"@type":"NewsArticle","@id":"https:\/\/www.suno.com.br\/noticias\/dividendos-imposto-senado-imposto-de-renda\/#article","isPartOf":{"@id":"https:\/\/www.suno.com.br\/noticias\/dividendos-imposto-senado-imposto-de-renda\/"},"author":{"name":"Eduardo Vargas","@id":"https:\/\/www.suno.com.br\/noticias\/#\/schema\/person\/7f4d362bf3518e76090143ae77bb49a5"},"headline":"Senado discute taxar dividendos em 10% em negocia\u00e7\u00f5es para &#8216;volta&#8217; da Reforma do IR","datePublished":"2022-05-26T12:28:18+00:00","dateModified":"2022-05-26T13:31:46+00:00","mainEntityOfPage":{"@id":"https:\/\/www.suno.com.br\/noticias\/dividendos-imposto-senado-imposto-de-renda\/"},"wordCount":565,"publisher":{"@id":"https:\/\/www.suno.com.br\/noticias\/#organization"},"image":{"@id":"https:\/\/www.suno.com.br\/noticias\/dividendos-imposto-senado-imposto-de-renda\/#primaryimage"},"thumbnailUrl":"https:\/\/files.sunoresearch.com.br\/n\/uploads\/2021\/10\/51555675078_044a8e3784_k.jpg","keywords":["C\u00e2mara dos Deputados","dividendos","Paulo Guedes","Rodrigo Pacheco","Senado Federal"],"articleSection":["Pol\u00edtica"],"inLanguage":"pt-BR"},{"@type":"WebPage","@id":"https:\/\/www.suno.com.br\/noticias\/dividendos-imposto-senado-imposto-de-renda\/","url":"https:\/\/www.suno.com.br\/noticias\/dividendos-imposto-senado-imposto-de-renda\/","name":"Dividendos taxados: Senado negocia cobran\u00e7a de 10% em Reforma do IR","isPartOf":{"@id":"https:\/\/www.suno.com.br\/noticias\/#website"},"primaryImageOfPage":{"@id":"https:\/\/www.suno.com.br\/noticias\/dividendos-imposto-senado-imposto-de-renda\/#primaryimage"},"image":{"@id":"https:\/\/www.suno.com.br\/noticias\/dividendos-imposto-senado-imposto-de-renda\/#primaryimage"},"thumbnailUrl":"https:\/\/files.sunoresearch.com.br\/n\/uploads\/2021\/10\/51555675078_044a8e3784_k.jpg","datePublished":"2022-05-26T12:28:18+00:00","dateModified":"2022-05-26T13:31:46+00:00","description":"Em negocia\u00e7\u00f5es com a C\u00e2mara, Senado quer destravar a pauta da reforma do Imposto de Renda que taxa dividendos. Clique aqui e saiba mais!","breadcrumb":{"@id":"https:\/\/www.suno.com.br\/noticias\/dividendos-imposto-senado-imposto-de-renda\/#breadcrumb"},"inLanguage":"pt-BR","potentialAction":[{"@type":"ReadAction","target":["https:\/\/www.suno.com.br\/noticias\/dividendos-imposto-senado-imposto-de-renda\/"]}]},{"@type":"ImageObject","inLanguage":"pt-BR","@id":"https:\/\/www.suno.com.br\/noticias\/dividendos-imposto-senado-imposto-de-renda\/#primaryimage","url":"https:\/\/files.sunoresearch.com.br\/n\/uploads\/2021\/10\/51555675078_044a8e3784_k.jpg","contentUrl":"https:\/\/files.sunoresearch.com.br\/n\/uploads\/2021\/10\/51555675078_044a8e3784_k.jpg","width":2048,"height":1365,"caption":"\u00c1 direita, Rodrigo Pacheco, presidente do Senado, que tenta balizar reforma do IR que taxa dividendos - Foto: Pedro Gontijo\/Senado Federal"},{"@type":"BreadcrumbList","@id":"https:\/\/www.suno.com.br\/noticias\/dividendos-imposto-senado-imposto-de-renda\/#breadcrumb","itemListElement":[{"@type":"ListItem","position":1,"name":"Not\u00edcias","item":"https:\/\/www.suno.com.br\/noticias\/"},{"@type":"ListItem","position":2,"name":"Pol\u00edtica","item":"https:\/\/www.suno.com.br\/noticias\/politica\/"},{"@type":"ListItem","position":3,"name":"Senado discute taxar dividendos em 10% em negocia\u00e7\u00f5es para &#8216;volta&#8217; da Reforma do IR"}]},{"@type":"WebSite","@id":"https:\/\/www.suno.com.br\/noticias\/#website","url":"https:\/\/www.suno.com.br\/noticias\/","name":"Suno Not\u00edcias","description":"Seu portal de informa\u00e7\u00e3o sobre o mundo dos investimentos","publisher":{"@id":"https:\/\/www.suno.com.br\/noticias\/#organization"},"potentialAction":[{"@type":"SearchAction","target":{"@type":"EntryPoint","urlTemplate":"https:\/\/www.suno.com.br\/noticias\/?s={search_term_string}"},"query-input":{"@type":"PropertyValueSpecification","valueRequired":true,"valueName":"search_term_string"}}],"inLanguage":"pt-BR"},{"@type":"Organization","@id":"https:\/\/www.suno.com.br\/noticias\/#organization","name":"Suno Not\u00edcias","url":"https:\/\/www.suno.com.br\/noticias\/","logo":{"@type":"ImageObject","inLanguage":"pt-BR","@id":"https:\/\/www.suno.com.br\/noticias\/#\/schema\/logo\/image\/","url":"https:\/\/files.sunoresearch.com.br\/n\/uploads\/2021\/09\/suno-logo.png","contentUrl":"https:\/\/files.sunoresearch.com.br\/n\/uploads\/2021\/09\/suno-logo.png","width":180,"height":180,"caption":"Suno Not\u00edcias"},"image":{"@id":"https:\/\/www.suno.com.br\/noticias\/#\/schema\/logo\/image\/"},"sameAs":["https:\/\/facebook.com\/sunoresearch","https:\/\/x.com\/sunoresearch","https:\/\/www.instagram.com\/suno","https:\/\/www.linkedin.com\/company\/suno-research\/","https:\/\/www.youtube.com\/c\/sunoresearch"]},{"@type":"Person","@id":"https:\/\/www.suno.com.br\/noticias\/#\/schema\/person\/7f4d362bf3518e76090143ae77bb49a5","name":"Eduardo Vargas","image":{"@type":"ImageObject","inLanguage":"pt-BR","@id":"https:\/\/www.suno.com.br\/noticias\/#\/schema\/person\/image\/","url":"https:\/\/secure.gravatar.com\/avatar\/dac340933427a22924c9f99d1eb2e3f2?s=96&r=g","contentUrl":"https:\/\/secure.gravatar.com\/avatar\/dac340933427a22924c9f99d1eb2e3f2?s=96&r=g","caption":"Eduardo Vargas"},"description":"Jornalista formado pela UFSC, cobre macroeconomia, neg\u00f3cios e startups para o Suno Not\u00edcias, escrevendo principalmente not\u00edcias sobre o mercado financeiro e a bolsa de valores. No YouTube e no Instagram, \u00e9 respons\u00e1vel pela produ\u00e7\u00e3o de Reels e Shorts do Suno Not\u00edcias. Anteriormente, trabalhou cobrindo economia e cotidiano no ND+ e para o ND, maior jornal impresso de Santa Catarina. Cursou um semestre letivo de Estudos de M\u00eddia na Universidad de Buenos Aires.","url":"https:\/\/www.suno.com.br\/noticias\/author\/eduardo-vargas\/"}]}},"default_loop_html":"<div class=\"cardsPage__listCard__boxs\"><div class=\"cardsPage__listCard__boxs__img\"><a href=\"https:\/\/www.suno.com.br\/noticias\/dividendos-imposto-senado-imposto-de-renda\/\"><img class=\"mask\" src=\"https:\/\/www.suno.com.br\/noticias\/wp-content\/themes\/suno\/resources\/images\/spotlight\/spotlight1img\/bg-mask.png\" alt=\"Image Mask\"\/><img src=\"https:\/\/files.sunoresearch.com.br\/n\/uploads\/2021\/10\/51555675078_044a8e3784_k-400x200.jpg\" alt=\"Senado discute taxar dividendos em 10% em negocia\u00e7\u00f5es para &#8216;volta&#8217; da Reforma do IR\"\/><\/a><span class=\"spotlightCategory\"><a href=\"https:\/\/www.suno.com.br\/noticias\/politica\/\">Pol\u00edtica<\/a><\/span><\/div><div class=\"cardsPage__listCard__boxs__content\"><a href=\"https:\/\/www.suno.com.br\/noticias\/dividendos-imposto-senado-imposto-de-renda\/\"><h2 class=\"content__title\">Senado discute taxar dividendos em 10% em negocia\u00e7\u00f5es para &#8216;volta&#8217; da Reforma do IR<\/h2><\/a><div class=\"newsContent__article__meta\"><div class=\"newsContent__article__meta__authorBox\"><a href=\"https:\/\/www.suno.com.br\/noticias\/author\/eduardo-vargas\/\" class=\"authorBox__avatar noMobi\"><img src=\"https:\/\/secure.gravatar.com\/avatar\/dac340933427a22924c9f99d1eb2e3f2?s=96&#038;r=g\" alt=\"Eduardo Vargas\"><\/a><div class=\"authorBox__name\"><span>por\n\t\t\t<a href=\"https:\/\/www.suno.com.br\/noticias\/author\/eduardo-vargas\/\"><span itemprop=\"author\">Eduardo Vargas<\/span><\/a><\/span><time datetime=\"2022-05-26T09:28:18-03:00\" itemprop=\"datePublished\">26\/05\/2022 09:28<\/time><\/div><\/div><\/div><\/div><\/div>","single_layout":"posts","amp_enabled":true,"_links":{"self":[{"href":"https:\/\/www.suno.com.br\/noticias\/wp-json\/wp\/v2\/posts\/261525"}],"collection":[{"href":"https:\/\/www.suno.com.br\/noticias\/wp-json\/wp\/v2\/posts"}],"about":[{"href":"https:\/\/www.suno.com.br\/noticias\/wp-json\/wp\/v2\/types\/post"}],"author":[{"embeddable":true,"href":"https:\/\/www.suno.com.br\/noticias\/wp-json\/wp\/v2\/users\/73"}],"replies":[{"embeddable":true,"href":"https:\/\/www.suno.com.br\/noticias\/wp-json\/wp\/v2\/comments?post=261525"}],"version-history":[{"count":3,"href":"https:\/\/www.suno.com.br\/noticias\/wp-json\/wp\/v2\/posts\/261525\/revisions"}],"predecessor-version":[{"id":261589,"href":"https:\/\/www.suno.com.br\/noticias\/wp-json\/wp\/v2\/posts\/261525\/revisions\/261589"}],"wp:featuredmedia":[{"embeddable":true,"href":"https:\/\/www.suno.com.br\/noticias\/wp-json\/wp\/v2\/media\/196826"}],"wp:attachment":[{"href":"https:\/\/www.suno.com.br\/noticias\/wp-json\/wp\/v2\/media?parent=261525"}],"wp:term":[{"taxonomy":"category","embeddable":true,"href":"https:\/\/www.suno.com.br\/noticias\/wp-json\/wp\/v2\/categories?post=261525"},{"taxonomy":"post_tag","embeddable":true,"href":"https:\/\/www.suno.com.br\/noticias\/wp-json\/wp\/v2\/tags?post=261525"},{"taxonomy":"suno_strategy","embeddable":true,"href":"https:\/\/www.suno.com.br\/noticias\/wp-json\/wp\/v2\/suno_strategy?post=261525"}],"curies":[{"name":"wp","href":"https:\/\/api.w.org\/{rel}","templated":true}]}}