{"id":261420,"date":"2022-05-25T20:44:51","date_gmt":"2022-05-25T23:44:51","guid":{"rendered":"https:\/\/www.suno.com.br\/noticias\/?p=261420"},"modified":"2022-05-25T21:15:49","modified_gmt":"2022-05-26T00:15:49","slug":"dolar-fecha-alta-fed","status":"publish","type":"post","link":"https:\/\/www.suno.com.br\/noticias\/dolar-fecha-alta-fed\/","title":{"rendered":"D\u00f3lar fecha com leve alta em dia ata de Fed &#8220;sem grandes novidades&#8221;"},"content":{"rendered":"<p>O<strong> d\u00f3lar a vista<\/strong> &#8211; que teve avan\u00e7o firme ao longo da tarde, entre R$ 4,83 e R$ 4,84 &#8211; perdeu parte do seu impulso e fechou com uma leve alta, ficando na cota\u00e7\u00e3o de R$ 4,82, em dia de forte volatilidade nas negocia\u00e7\u00f5es. O fator impactante no preg\u00e3o da divisa norte-americana foi a divulga\u00e7\u00e3o da ata da \u00faltima reuni\u00e3o de pol\u00edtica monet\u00e1ria do Federal Reserve (Fed, o equivalente ao Banco Central dos Estados Unidos).<img decoding=\"async\" style=\"width: 1px; height: 1px;\" src=\"https:\/\/agenciabrasil.ebc.com.br\/ebc.png?id=1461923&amp;o=rss\" \/><img decoding=\"async\" style=\"width: 1px; height: 1px;\" src=\"https:\/\/agenciabrasil.ebc.com.br\/ebc.gif?id=1461923&amp;o=rss\" \/><\/p>\t<div class=\"wrapper-featured-image\">\n\t\t<figure class=\"spotlightImg\">\n\n\t\t\t<picture>\n\t\t\t\t<source media=\"(max-width: 768px)\" srcset=\"https:\/\/files.sunoresearch.com.br\/n\/uploads\/2022\/03\/pexels-pixabay-164661-400x200.jpg\">\n\t\t\t\t<img loading=\"lazy\" decoding=\"async\" class=\"newsContent__article__imgCapa lazyloadDisabled \" src=\"https:\/\/files.sunoresearch.com.br\/n\/uploads\/2022\/03\/pexels-pixabay-164661-800x450.jpg\" width=\"800\" height=\"450\" alt=\"D\u00f3lar fecha com leve alta em dia ata de Fed &#8220;sem grandes novidades&#8221;\" fetchpriority=high \/>\n\t\t\t<\/picture>\n\n\t\t\t<figcaption class=\"wp-caption-text wp-caption-text--show\">D\u00f3lar. Foto: Pexels<\/figcaption>\n\t\t<\/figure>\n\t<\/div>\n\n\n\t<p>\n\t\t<a href=\"https:\/\/lp.suno.com.br\/ebook-como-analisar-uma-acao\/\" target=\"_blank\" data-element=\"shortcode-suno-banner\" title=\"Banner SUNO, clique e saiba mais\">\n\t\t\t<picture>\n\t\t\t\t<source media=\"(max-width: 500px)\" srcset=\"https:\/\/files.sunoresearch.com.br\/n\/uploads\/2023\/03\/Ebook-Acoes-Mobile-1.jpg\">\n\t\t\t\t<img class=\"newsContent__article__imgCapa newsContent__article__imgCapa--banner\"\n\t\t\t\t\tsrc=\"https:\/\/files.sunoresearch.com.br\/n\/uploads\/2023\/03\/Ebook-Acoes-Desktop-1.jpg\"\n\t\t\t\t\tdata-promo-id=\"171998\"\t\t\t\t\t\t\t\t\t\twidth='1420' height='286'\t\t\t\t\talt=\"https:\/\/files.sunoresearch.com.br\/n\/uploads\/2023\/03\/Ebook-Acoes-Desktop-1.jpg\"\n\t\t\t\t>\n\t\t\t<\/picture>\n\t\t<\/a>\n\t<\/p>\n\n\n<p>O d\u00f3lar chegou a operar em leve baixa e desceu at\u00e9 a m\u00ednima de R$ 4,8088 (-0,14%). Na reta final da sess\u00e3o, a moeda recuperou parte do f\u00f4lego altista e fechou cotada a R$ 4,8209, avan\u00e7o de 0,18%. Apesar de emendar o segundo dia seguido de alta, a divisa ainda acumula queda de 1,09% na semana. Em maio, as perdas s\u00e3o de 2,46%.<\/p>\n<p>O documento confirmou as previs\u00f5es de autoridades financeiras de que o Fed manteria o incremento na taxa de juros de 0,5%. Todos os participantes da reuni\u00e3o de pol\u00edtica monet\u00e1ria realizada em 3 e 4 de maio apoiaram o aumento de 0,5% ponto para combater a infla\u00e7\u00e3o, \u201cque se tornou o maior obst\u00e1culo para o crescimento da economia norte-americana\u201d, disse a ata.<\/p>\n<p>A ata do encontro mais recente de <a class=\"suno-keyword\" href=\"https:\/\/www.suno.com.br\/artigos\/politica-monetaria\/\" target=\"_blank\" rel=\"noopener\" data-force=\"no\" data-priority=\"1\">pol\u00edtica monet\u00e1ria<\/a> do Fed foi recebida sem grandes sobressaltos pelos investidores. O BC americano acenou com altas consecutivas da taxa b\u00e1sica em 50 pontos-base nas pr\u00f3ximas duas reuni\u00f5es e ratificou a inten\u00e7\u00e3o de levar o juro para o n\u00edvel neutro rapidamente. N\u00e3o houve men\u00e7\u00e3o, contudo, a debates em torno de uma acelera\u00e7\u00e3o do ritmo de ajuste da pol\u00edtica monet\u00e1ria, com eventual eleva\u00e7\u00e3o da taxa b\u00e1sica em 75 pontos-base.<\/p>\n<p>Dirigentes do Fed tamb\u00e9m ressaltaram que esperam crescimento s\u00f3lido da economia norte-americana no segundo trimestre e descartaram a possibilidade de um surto recessivo a partir do aperto das condi\u00e7\u00f5es financeiras. Foi o que bastou para o mercado operar a tese de diminui\u00e7\u00e3o dos riscos de &#8220;estagfla\u00e7\u00e3o&#8221; e impulsionar os ativos de risco.<\/p>\n<p>&#8220;A ata do Fed n\u00e3o trouxe novidades. Houve a confirma\u00e7\u00e3o de que o Fed pretende manter o n\u00edvel de eleva\u00e7\u00e3o da taxa b\u00e1sica em 50 pontos-base, o que abriu espa\u00e7o para uma recupera\u00e7\u00e3o em Nova York e ajudou por aqui&#8221;, afirma a economista-chefe da Veedha Investimentos, Camila Abdelmalack.<\/p>\n\t<p>\n\t\t<a href=\"https:\/\/lp.suno.com.br\/planilha-controle-gastos\/\" target=\"_blank\" data-element=\"shortcode-suno-banner\" title=\"Banner SUNO, clique e saiba mais\">\n\t\t\t<picture>\n\t\t\t\t<source media=\"(max-width: 500px)\" srcset=\"https:\/\/files.sunoresearch.com.br\/n\/uploads\/2023\/03\/400x300-Planilha-controle-de-gastos.png\">\n\t\t\t\t<img class=\"newsContent__article__imgCapa newsContent__article__imgCapa--banner\"\n\t\t\t\t\tsrc=\"https:\/\/files.sunoresearch.com.br\/n\/uploads\/2023\/03\/1420x240-Planilha-controle-de-gastos.png\"\n\t\t\t\t\tdata-promo-id=\"101751\"\t\t\t\t\t\t\t\t\t\twidth='1420' height='240'\t\t\t\t\talt=\"https:\/\/files.sunoresearch.com.br\/n\/uploads\/2023\/03\/1420x240-Planilha-controle-de-gastos.png\"\n\t\t\t\t>\n\t\t\t<\/picture>\n\t\t<\/a>\n\t<\/p>\n\n\n<p>No exterior, o <a class=\"suno-keyword\" href=\"https:\/\/www.suno.com.br\/artigos\/dxy\/\" target=\"_blank\" rel=\"noopener\" data-force=\"no\" data-priority=\"1\">\u00edndice DXY<\/a> &#8211; que mede o desempenho do d\u00f3lar frente a seis divisas fortes &#8211; perdeu parte do seu \u00edmpeto, embora ainda tenha se mantido em alta e subisse cerca de 0,25%, na faixa de 102,100 pontos, quando o mercado dom\u00e9stico fechou. A moeda americana tamb\u00e9m reduziu os ganhos frente a divisas emergentes e de pa\u00edses exportadores de commodities.<\/p>\n\t<p>\n\t\t<a href=\"https:\/\/lp.suno.com.br\/planilha-da-vida-financeira\/\" target=\"_blank\" data-element=\"shortcode-suno-banner\" title=\"Banner SUNO, clique e saiba mais\">\n\t\t\t<picture>\n\t\t\t\t<source media=\"(max-width: 500px)\" srcset=\"https:\/\/files.sunoresearch.com.br\/n\/uploads\/2023\/04\/400x300-Planilha-vida-financeira-true.png\">\n\t\t\t\t<img class=\"newsContent__article__imgCapa newsContent__article__imgCapa--banner\"\n\t\t\t\t\tsrc=\"https:\/\/files.sunoresearch.com.br\/n\/uploads\/2023\/04\/1420x240-Planilha-vida-financeira-true.png\"\n\t\t\t\t\tdata-promo-id=\"106682\"\t\t\t\t\t\t\t\t\t\twidth='1420' height='240'\t\t\t\t\talt=\"https:\/\/files.sunoresearch.com.br\/n\/uploads\/2023\/04\/1420x240-Planilha-vida-financeira-true.png\"\n\t\t\t\t>\n\t\t\t<\/picture>\n\t\t<\/a>\n\t<\/p>\n\n\n<p>A economista Bruna Centeno, especialista em <a class=\"suno-keyword\" href=\"https:\/\/www.suno.com.br\/guias\/investimento-renda-fixa\/\" target=\"_blank\" rel=\"noopener\" data-force=\"no\" data-priority=\"2\">renda fixa<\/a> da Blue3, observa que havia temores de que o Fed pudesse adotar um tom ainda mais duro, ap\u00f3s falas recentes de dirigentes do BC americano sobre a possibilidade de um ajuste mais r\u00e1pido e intenso da pol\u00edtica monet\u00e1ria.<\/p>\n<p>&#8220;Havia um temor de que pudesse se falar em alta de 75 pontos-base. Mas o Fed mostrou que n\u00e3o precisa ser t\u00e3o agressivo ao confirmar novas altas da taxa b\u00e1sica em 50 pontos-base. Isso trouxe um al\u00edvio para o mercado.&#8221;, diz Centeno. &#8220;O cen\u00e1rio de estagfla\u00e7\u00e3o ainda n\u00e3o est\u00e1 de todo descartado. Mas a economia americana est\u00e1 aquecida e com mercado de trabalho forte. Isso d\u00e1 certo conforto para o Fed subir os juros.&#8221;<\/p>\n\t<p>\n\t\t<a href=\"https:\/\/lp.suno.com.br\/planilha-de-controle-de-investimentos\/\" target=\"_blank\" data-element=\"shortcode-suno-banner\" title=\"Banner SUNO, clique e saiba mais\">\n\t\t\t<picture>\n\t\t\t\t<source media=\"(max-width: 500px)\" srcset=\"https:\/\/files.sunoresearch.com.br\/n\/uploads\/2023\/03\/400x300-Controle-de-Investimentos.png\">\n\t\t\t\t<img class=\"newsContent__article__imgCapa newsContent__article__imgCapa--banner\"\n\t\t\t\t\tsrc=\"https:\/\/files.sunoresearch.com.br\/n\/uploads\/2023\/03\/1420x240-Controle-de-Investimentos.png\"\n\t\t\t\t\tdata-promo-id=\"75934\"\t\t\t\t\t\t\t\t\t\twidth='1420' height='240'\t\t\t\t\talt=\"https:\/\/files.sunoresearch.com.br\/n\/uploads\/2023\/03\/1420x240-Controle-de-Investimentos.png\"\n\t\t\t\t>\n\t\t\t<\/picture>\n\t\t<\/a>\n\t<\/p>\n\n\n<p>Economistas do Bradesco (BBDC4) notam, em relat\u00f3rio, que a aprecia\u00e7\u00e3o recente do real tem como um de seus indutores justamente a diminui\u00e7\u00e3o dos temores de uma alta mais agressiva dos juros americanos. Outro ponto favor\u00e1vel ao real foi a reabertura da China ap\u00f3s medidas restritivas para combater a covid-19, o que vai afetar positivamente a demanda local e, por tabela, manter os pre\u00e7os das commodities elevados no <a class=\"suno-keyword\" href=\"https:\/\/www.suno.com.br\/artigos\/curto-prazo\/\" target=\"_blank\" rel=\"noopener\" data-force=\"no\" data-priority=\"1\">curto prazo<\/a>.<\/p>\n<p>Dois modelos desenvolvidos pelo time do Bradesco sugerem que o &#8220;<a class=\"suno-keyword\" href=\"https:\/\/www.suno.com.br\/artigos\/valor-justo\/\" target=\"_blank\" rel=\"noopener\" data-force=\"no\" data-priority=\"1\">valor justo<\/a>&#8221; do d\u00f3lar seria de R$ 4,40 ou R$ 4,50. Embora os modelos apontem espa\u00e7o para uma aprecia\u00e7\u00e3o do real, os economistas do banco afirmam que &#8220;existem vetores para ambas as dire\u00e7\u00f5es e que h\u00e1 uma incerteza acima do usual&#8221;. Fundamentos das contas externas, fluxo de recursos em raz\u00e3o de realoca\u00e7\u00e3o de portf\u00f3lios globais e diferencial de juros apontam para um real mais forte. Entre os fatores que podem jogar o <strong>d\u00f3lar<\/strong> para cima est\u00e3o: alta &#8220;mais tempestiva&#8221; dos juros nos EUA, desacelera\u00e7\u00e3o da economia global, com consequente queda de pre\u00e7os das commodities, e o cen\u00e1rio dom\u00e9stico fiscal de m\u00e9dio prazo.<\/p>\n\t<p>\n\t\t<a href=\"\" target=\"_blank\" data-element=\"shortcode-suno-banner\" title=\"Banner SUNO, clique e saiba mais\">\n\t\t\t<picture>\n\t\t\t\t<source media=\"(max-width: 500px)\" srcset=\"\">\n\t\t\t\t<img class=\"newsContent__article__imgCapa newsContent__article__imgCapa--banner\"\n\t\t\t\t\tsrc=\"\"\n\t\t\t\t\tdata-promo-id=\"240038\"\t\t\t\t\t\t\t\t\t\t\t\t\t\t\talt=\"\"\n\t\t\t\t>\n\t\t\t<\/picture>\n\t\t<\/a>\n\t<\/p>\n\n\n<p class=\"newsProviderSignature\"><em>Com informa\u00e7\u00f5es do Estad\u00e3o Conte\u00fado<\/em><\/p>\n","protected":false},"excerpt":{"rendered":"<p>O d\u00f3lar a vista &#8211; que teve avan\u00e7o firme ao longo da tarde, entre R$ 4,83 e R$ 4,84 &#8211; perdeu parte do seu impulso e fechou com uma leve alta, ficando na cota\u00e7\u00e3o de R$ 4,82, em dia de forte volatilidade nas negocia\u00e7\u00f5es. O fator impactante no preg\u00e3o da divisa norte-americana foi a divulga\u00e7\u00e3o [&hellip;]<\/p>\n","protected":false},"author":165,"featured_media":237586,"comment_status":"closed","ping_status":"closed","sticky":false,"template":"","format":"standard","meta":[],"categories":[62],"tags":[1271,392,326,776],"suno_strategy":[],"class_list":["post-261420","post","type-post","status-publish","format-standard","has-post-thumbnail","hentry","category-economia","tag-bolsa-de-nova-york-nyse","tag-bradesco-bbdc3-bbdc4","tag-dolar","tag-federal-reseve-fed"],"yoast_head":"<!-- This site is optimized with the Yoast SEO plugin v24.4 - https:\/\/yoast.com\/wordpress\/plugins\/seo\/ -->\n<title>D\u00f3lar fecha com leve alta em dia ata do Fed<\/title>\n<meta name=\"description\" content=\"O d\u00f3lar fechou com alta sutil ap\u00f3s avan\u00e7o firme no per\u00edodo tarde, para R$ 4,82. O tom brando da ata do Fed n\u00e3o causou grande impacto,\" \/>\n<meta name=\"robots\" content=\"index, follow, max-snippet:-1, max-image-preview:large, max-video-preview:-1\" \/>\n<link rel=\"canonical\" href=\"https:\/\/www.suno.com.br\/noticias\/dolar-fecha-alta-fed\/\" \/>\n<meta property=\"og:locale\" content=\"pt_BR\" \/>\n<meta property=\"og:type\" content=\"article\" \/>\n<meta property=\"og:title\" content=\"D\u00f3lar fecha com leve alta em dia ata do Fed\" \/>\n<meta property=\"og:description\" content=\"O d\u00f3lar fechou com alta sutil ap\u00f3s avan\u00e7o firme no per\u00edodo tarde, para R$ 4,82. O tom brando da ata do Fed n\u00e3o causou grande impacto,\" \/>\n<meta property=\"og:url\" content=\"https:\/\/www.suno.com.br\/noticias\/dolar-fecha-alta-fed\/\" \/>\n<meta property=\"og:site_name\" content=\"Suno Not\u00edcias\" \/>\n<meta property=\"article:publisher\" content=\"https:\/\/facebook.com\/sunoresearch\" \/>\n<meta property=\"og:image\" content=\"https:\/\/files.sunoresearch.com.br\/n\/uploads\/2022\/03\/pexels-pixabay-164661-scaled.jpg\" \/>\n\t<meta property=\"og:image:width\" content=\"2560\" \/>\n\t<meta property=\"og:image:height\" content=\"1920\" \/>\n\t<meta property=\"og:image:type\" content=\"image\/jpeg\" \/>\n<meta name=\"author\" content=\"Ana Carolina Cury\" \/>\n<meta name=\"twitter:card\" content=\"summary_large_image\" \/>\n<meta name=\"twitter:creator\" content=\"@sunoresearch\" \/>\n<meta name=\"twitter:site\" content=\"@sunoresearch\" \/>\n<meta name=\"twitter:label1\" content=\"Escrito por\" \/>\n\t<meta name=\"twitter:data1\" content=\"Ana Carolina Cury\" \/>\n\t<meta name=\"twitter:label2\" content=\"Est. tempo de leitura\" \/>\n\t<meta name=\"twitter:data2\" content=\"4 minutos\" \/>\n<script type=\"application\/ld+json\" class=\"yoast-schema-graph\">{\"@context\":\"https:\/\/schema.org\",\"@graph\":[{\"@type\":\"NewsArticle\",\"@id\":\"https:\/\/www.suno.com.br\/noticias\/dolar-fecha-alta-fed\/#article\",\"isPartOf\":{\"@id\":\"https:\/\/www.suno.com.br\/noticias\/dolar-fecha-alta-fed\/\"},\"author\":{\"name\":\"Ana Carolina Cury\",\"@id\":\"https:\/\/www.suno.com.br\/noticias\/#\/schema\/person\/23ade539a9b626a27a055a2cceccc1f9\"},\"headline\":\"D\u00f3lar fecha com leve alta em dia ata de Fed &#8220;sem grandes novidades&#8221;\",\"datePublished\":\"2022-05-25T23:44:51+00:00\",\"dateModified\":\"2022-05-26T00:15:49+00:00\",\"mainEntityOfPage\":{\"@id\":\"https:\/\/www.suno.com.br\/noticias\/dolar-fecha-alta-fed\/\"},\"wordCount\":835,\"publisher\":{\"@id\":\"https:\/\/www.suno.com.br\/noticias\/#organization\"},\"image\":{\"@id\":\"https:\/\/www.suno.com.br\/noticias\/dolar-fecha-alta-fed\/#primaryimage\"},\"thumbnailUrl\":\"https:\/\/files.sunoresearch.com.br\/n\/uploads\/2022\/03\/pexels-pixabay-164661-scaled.jpg\",\"keywords\":[\"Bolsa de Nova York (NYSE)\",\"Bradesco (BBDC3\/BBDC4)\",\"d\u00f3lar\",\"Federal Reserve (FED)\"],\"articleSection\":[\"Economia\"],\"inLanguage\":\"pt-BR\"},{\"@type\":\"WebPage\",\"@id\":\"https:\/\/www.suno.com.br\/noticias\/dolar-fecha-alta-fed\/\",\"url\":\"https:\/\/www.suno.com.br\/noticias\/dolar-fecha-alta-fed\/\",\"name\":\"D\u00f3lar fecha com leve alta em dia ata do Fed\",\"isPartOf\":{\"@id\":\"https:\/\/www.suno.com.br\/noticias\/#website\"},\"primaryImageOfPage\":{\"@id\":\"https:\/\/www.suno.com.br\/noticias\/dolar-fecha-alta-fed\/#primaryimage\"},\"image\":{\"@id\":\"https:\/\/www.suno.com.br\/noticias\/dolar-fecha-alta-fed\/#primaryimage\"},\"thumbnailUrl\":\"https:\/\/files.sunoresearch.com.br\/n\/uploads\/2022\/03\/pexels-pixabay-164661-scaled.jpg\",\"datePublished\":\"2022-05-25T23:44:51+00:00\",\"dateModified\":\"2022-05-26T00:15:49+00:00\",\"description\":\"O d\u00f3lar fechou com alta sutil ap\u00f3s avan\u00e7o firme no per\u00edodo tarde, para R$ 4,82. O tom brando da ata do Fed n\u00e3o causou grande impacto,\",\"breadcrumb\":{\"@id\":\"https:\/\/www.suno.com.br\/noticias\/dolar-fecha-alta-fed\/#breadcrumb\"},\"inLanguage\":\"pt-BR\",\"potentialAction\":[{\"@type\":\"ReadAction\",\"target\":[\"https:\/\/www.suno.com.br\/noticias\/dolar-fecha-alta-fed\/\"]}]},{\"@type\":\"ImageObject\",\"inLanguage\":\"pt-BR\",\"@id\":\"https:\/\/www.suno.com.br\/noticias\/dolar-fecha-alta-fed\/#primaryimage\",\"url\":\"https:\/\/files.sunoresearch.com.br\/n\/uploads\/2022\/03\/pexels-pixabay-164661-scaled.jpg\",\"contentUrl\":\"https:\/\/files.sunoresearch.com.br\/n\/uploads\/2022\/03\/pexels-pixabay-164661-scaled.jpg\",\"width\":2560,\"height\":1920,\"caption\":\"D\u00f3lar. Foto: Pexels\"},{\"@type\":\"BreadcrumbList\",\"@id\":\"https:\/\/www.suno.com.br\/noticias\/dolar-fecha-alta-fed\/#breadcrumb\",\"itemListElement\":[{\"@type\":\"ListItem\",\"position\":1,\"name\":\"Not\u00edcias\",\"item\":\"https:\/\/www.suno.com.br\/noticias\/\"},{\"@type\":\"ListItem\",\"position\":2,\"name\":\"Economia\",\"item\":\"https:\/\/www.suno.com.br\/noticias\/economia\/\"},{\"@type\":\"ListItem\",\"position\":3,\"name\":\"D\u00f3lar fecha com leve alta em dia ata de Fed &#8220;sem grandes novidades&#8221;\"}]},{\"@type\":\"WebSite\",\"@id\":\"https:\/\/www.suno.com.br\/noticias\/#website\",\"url\":\"https:\/\/www.suno.com.br\/noticias\/\",\"name\":\"Suno Not\u00edcias\",\"description\":\"Seu portal de informa\u00e7\u00e3o sobre o mundo dos investimentos\",\"publisher\":{\"@id\":\"https:\/\/www.suno.com.br\/noticias\/#organization\"},\"potentialAction\":[{\"@type\":\"SearchAction\",\"target\":{\"@type\":\"EntryPoint\",\"urlTemplate\":\"https:\/\/www.suno.com.br\/noticias\/?s={search_term_string}\"},\"query-input\":{\"@type\":\"PropertyValueSpecification\",\"valueRequired\":true,\"valueName\":\"search_term_string\"}}],\"inLanguage\":\"pt-BR\"},{\"@type\":\"Organization\",\"@id\":\"https:\/\/www.suno.com.br\/noticias\/#organization\",\"name\":\"Suno Not\u00edcias\",\"url\":\"https:\/\/www.suno.com.br\/noticias\/\",\"logo\":{\"@type\":\"ImageObject\",\"inLanguage\":\"pt-BR\",\"@id\":\"https:\/\/www.suno.com.br\/noticias\/#\/schema\/logo\/image\/\",\"url\":\"https:\/\/files.sunoresearch.com.br\/n\/uploads\/2021\/09\/suno-logo.png\",\"contentUrl\":\"https:\/\/files.sunoresearch.com.br\/n\/uploads\/2021\/09\/suno-logo.png\",\"width\":180,\"height\":180,\"caption\":\"Suno Not\u00edcias\"},\"image\":{\"@id\":\"https:\/\/www.suno.com.br\/noticias\/#\/schema\/logo\/image\/\"},\"sameAs\":[\"https:\/\/facebook.com\/sunoresearch\",\"https:\/\/x.com\/sunoresearch\",\"https:\/\/www.instagram.com\/suno\",\"https:\/\/www.linkedin.com\/company\/suno-research\/\",\"https:\/\/www.youtube.com\/c\/sunoresearch\"]},{\"@type\":\"Person\",\"@id\":\"https:\/\/www.suno.com.br\/noticias\/#\/schema\/person\/23ade539a9b626a27a055a2cceccc1f9\",\"name\":\"Ana Carolina Cury\",\"image\":{\"@type\":\"ImageObject\",\"inLanguage\":\"pt-BR\",\"@id\":\"https:\/\/www.suno.com.br\/noticias\/#\/schema\/person\/image\/\",\"url\":\"https:\/\/secure.gravatar.com\/avatar\/a3c7bae536b759b9ed2f07b5df9995e1?s=96&r=g\",\"contentUrl\":\"https:\/\/secure.gravatar.com\/avatar\/a3c7bae536b759b9ed2f07b5df9995e1?s=96&r=g\",\"caption\":\"Ana Carolina Cury\"},\"description\":\"Estagi\u00e1ria de Reda\u00e7\u00e3o, cobre mercado financeiro, macroeconomia, pol\u00edtica e neg\u00f3cios. Estudante de jornalismo na FAAP, \u00e9 monitora do laborat\u00f3rio de jornalismo da faculdade (LabJor) e trabalhou com a Band News no projeto primeira not\u00edcia em parceria com a FAAP.\",\"url\":\"https:\/\/www.suno.com.br\/noticias\/author\/ana-curysuno-com-br\/\"}]}<\/script>\n<!-- \/ Yoast SEO plugin. -->","yoast_head_json":{"title":"D\u00f3lar fecha com leve alta em dia ata do Fed","description":"O d\u00f3lar fechou com alta sutil ap\u00f3s avan\u00e7o firme no per\u00edodo tarde, para R$ 4,82. O tom brando da ata do Fed n\u00e3o causou grande impacto,","robots":{"index":"index","follow":"follow","max-snippet":"max-snippet:-1","max-image-preview":"max-image-preview:large","max-video-preview":"max-video-preview:-1"},"canonical":"https:\/\/www.suno.com.br\/noticias\/dolar-fecha-alta-fed\/","og_locale":"pt_BR","og_type":"article","og_title":"D\u00f3lar fecha com leve alta em dia ata do Fed","og_description":"O d\u00f3lar fechou com alta sutil ap\u00f3s avan\u00e7o firme no per\u00edodo tarde, para R$ 4,82. O tom brando da ata do Fed n\u00e3o causou grande impacto,","og_url":"https:\/\/www.suno.com.br\/noticias\/dolar-fecha-alta-fed\/","og_site_name":"Suno Not\u00edcias","article_publisher":"https:\/\/facebook.com\/sunoresearch","og_image":[{"width":2560,"height":1920,"url":"https:\/\/files.sunoresearch.com.br\/n\/uploads\/2022\/03\/pexels-pixabay-164661-scaled.jpg","type":"image\/jpeg"}],"author":"Ana Carolina Cury","twitter_card":"summary_large_image","twitter_creator":"@sunoresearch","twitter_site":"@sunoresearch","twitter_misc":{"Escrito por":"Ana Carolina Cury","Est. tempo de leitura":"4 minutos"},"schema":{"@context":"https:\/\/schema.org","@graph":[{"@type":"NewsArticle","@id":"https:\/\/www.suno.com.br\/noticias\/dolar-fecha-alta-fed\/#article","isPartOf":{"@id":"https:\/\/www.suno.com.br\/noticias\/dolar-fecha-alta-fed\/"},"author":{"name":"Ana Carolina Cury","@id":"https:\/\/www.suno.com.br\/noticias\/#\/schema\/person\/23ade539a9b626a27a055a2cceccc1f9"},"headline":"D\u00f3lar fecha com leve alta em dia ata de Fed &#8220;sem grandes novidades&#8221;","datePublished":"2022-05-25T23:44:51+00:00","dateModified":"2022-05-26T00:15:49+00:00","mainEntityOfPage":{"@id":"https:\/\/www.suno.com.br\/noticias\/dolar-fecha-alta-fed\/"},"wordCount":835,"publisher":{"@id":"https:\/\/www.suno.com.br\/noticias\/#organization"},"image":{"@id":"https:\/\/www.suno.com.br\/noticias\/dolar-fecha-alta-fed\/#primaryimage"},"thumbnailUrl":"https:\/\/files.sunoresearch.com.br\/n\/uploads\/2022\/03\/pexels-pixabay-164661-scaled.jpg","keywords":["Bolsa de Nova York (NYSE)","Bradesco (BBDC3\/BBDC4)","d\u00f3lar","Federal Reserve (FED)"],"articleSection":["Economia"],"inLanguage":"pt-BR"},{"@type":"WebPage","@id":"https:\/\/www.suno.com.br\/noticias\/dolar-fecha-alta-fed\/","url":"https:\/\/www.suno.com.br\/noticias\/dolar-fecha-alta-fed\/","name":"D\u00f3lar fecha com leve alta em dia ata do Fed","isPartOf":{"@id":"https:\/\/www.suno.com.br\/noticias\/#website"},"primaryImageOfPage":{"@id":"https:\/\/www.suno.com.br\/noticias\/dolar-fecha-alta-fed\/#primaryimage"},"image":{"@id":"https:\/\/www.suno.com.br\/noticias\/dolar-fecha-alta-fed\/#primaryimage"},"thumbnailUrl":"https:\/\/files.sunoresearch.com.br\/n\/uploads\/2022\/03\/pexels-pixabay-164661-scaled.jpg","datePublished":"2022-05-25T23:44:51+00:00","dateModified":"2022-05-26T00:15:49+00:00","description":"O d\u00f3lar fechou com alta sutil ap\u00f3s avan\u00e7o firme no per\u00edodo tarde, para R$ 4,82. O tom brando da ata do Fed n\u00e3o causou grande impacto,","breadcrumb":{"@id":"https:\/\/www.suno.com.br\/noticias\/dolar-fecha-alta-fed\/#breadcrumb"},"inLanguage":"pt-BR","potentialAction":[{"@type":"ReadAction","target":["https:\/\/www.suno.com.br\/noticias\/dolar-fecha-alta-fed\/"]}]},{"@type":"ImageObject","inLanguage":"pt-BR","@id":"https:\/\/www.suno.com.br\/noticias\/dolar-fecha-alta-fed\/#primaryimage","url":"https:\/\/files.sunoresearch.com.br\/n\/uploads\/2022\/03\/pexels-pixabay-164661-scaled.jpg","contentUrl":"https:\/\/files.sunoresearch.com.br\/n\/uploads\/2022\/03\/pexels-pixabay-164661-scaled.jpg","width":2560,"height":1920,"caption":"D\u00f3lar. Foto: Pexels"},{"@type":"BreadcrumbList","@id":"https:\/\/www.suno.com.br\/noticias\/dolar-fecha-alta-fed\/#breadcrumb","itemListElement":[{"@type":"ListItem","position":1,"name":"Not\u00edcias","item":"https:\/\/www.suno.com.br\/noticias\/"},{"@type":"ListItem","position":2,"name":"Economia","item":"https:\/\/www.suno.com.br\/noticias\/economia\/"},{"@type":"ListItem","position":3,"name":"D\u00f3lar fecha com leve alta em dia ata de Fed &#8220;sem grandes novidades&#8221;"}]},{"@type":"WebSite","@id":"https:\/\/www.suno.com.br\/noticias\/#website","url":"https:\/\/www.suno.com.br\/noticias\/","name":"Suno Not\u00edcias","description":"Seu portal de informa\u00e7\u00e3o sobre o mundo dos investimentos","publisher":{"@id":"https:\/\/www.suno.com.br\/noticias\/#organization"},"potentialAction":[{"@type":"SearchAction","target":{"@type":"EntryPoint","urlTemplate":"https:\/\/www.suno.com.br\/noticias\/?s={search_term_string}"},"query-input":{"@type":"PropertyValueSpecification","valueRequired":true,"valueName":"search_term_string"}}],"inLanguage":"pt-BR"},{"@type":"Organization","@id":"https:\/\/www.suno.com.br\/noticias\/#organization","name":"Suno Not\u00edcias","url":"https:\/\/www.suno.com.br\/noticias\/","logo":{"@type":"ImageObject","inLanguage":"pt-BR","@id":"https:\/\/www.suno.com.br\/noticias\/#\/schema\/logo\/image\/","url":"https:\/\/files.sunoresearch.com.br\/n\/uploads\/2021\/09\/suno-logo.png","contentUrl":"https:\/\/files.sunoresearch.com.br\/n\/uploads\/2021\/09\/suno-logo.png","width":180,"height":180,"caption":"Suno Not\u00edcias"},"image":{"@id":"https:\/\/www.suno.com.br\/noticias\/#\/schema\/logo\/image\/"},"sameAs":["https:\/\/facebook.com\/sunoresearch","https:\/\/x.com\/sunoresearch","https:\/\/www.instagram.com\/suno","https:\/\/www.linkedin.com\/company\/suno-research\/","https:\/\/www.youtube.com\/c\/sunoresearch"]},{"@type":"Person","@id":"https:\/\/www.suno.com.br\/noticias\/#\/schema\/person\/23ade539a9b626a27a055a2cceccc1f9","name":"Ana Carolina Cury","image":{"@type":"ImageObject","inLanguage":"pt-BR","@id":"https:\/\/www.suno.com.br\/noticias\/#\/schema\/person\/image\/","url":"https:\/\/secure.gravatar.com\/avatar\/a3c7bae536b759b9ed2f07b5df9995e1?s=96&r=g","contentUrl":"https:\/\/secure.gravatar.com\/avatar\/a3c7bae536b759b9ed2f07b5df9995e1?s=96&r=g","caption":"Ana Carolina Cury"},"description":"Estagi\u00e1ria de Reda\u00e7\u00e3o, cobre mercado financeiro, macroeconomia, pol\u00edtica e neg\u00f3cios. Estudante de jornalismo na FAAP, \u00e9 monitora do laborat\u00f3rio de jornalismo da faculdade (LabJor) e trabalhou com a Band News no projeto primeira not\u00edcia em parceria com a FAAP.","url":"https:\/\/www.suno.com.br\/noticias\/author\/ana-curysuno-com-br\/"}]}},"default_loop_html":"<div class=\"cardsPage__listCard__boxs\"><div class=\"cardsPage__listCard__boxs__img\"><a href=\"https:\/\/www.suno.com.br\/noticias\/dolar-fecha-alta-fed\/\"><img class=\"mask\" src=\"https:\/\/www.suno.com.br\/noticias\/wp-content\/themes\/suno\/resources\/images\/spotlight\/spotlight1img\/bg-mask.png\" alt=\"Image Mask\"\/><img src=\"https:\/\/files.sunoresearch.com.br\/n\/uploads\/2022\/03\/pexels-pixabay-164661-400x200.jpg\" alt=\"D\u00f3lar fecha com leve alta em dia ata de Fed &#8220;sem grandes novidades&#8221;\"\/><\/a><span class=\"spotlightCategory\"><a href=\"https:\/\/www.suno.com.br\/noticias\/economia\/\">Economia<\/a><\/span><\/div><div class=\"cardsPage__listCard__boxs__content\"><a href=\"https:\/\/www.suno.com.br\/noticias\/dolar-fecha-alta-fed\/\"><h2 class=\"content__title\">D\u00f3lar fecha com leve alta em dia ata de Fed &#8220;sem grandes novidades&#8221;<\/h2><\/a><div class=\"newsContent__article__meta\"><div class=\"newsContent__article__meta__authorBox\"><a href=\"https:\/\/www.suno.com.br\/noticias\/author\/ana-curysuno-com-br\/\" class=\"authorBox__avatar noMobi\"><img src=\"https:\/\/files.sunoresearch.com.br\/n\/uploads\/2022\/04\/IMG-9970-1-150x150.jpg\" alt=\"Ana Carolina Cury\"><\/a><div class=\"authorBox__name\"><span>por\n\t\t\t<a href=\"https:\/\/www.suno.com.br\/noticias\/author\/ana-curysuno-com-br\/\"><span itemprop=\"author\">Ana Carolina Cury<\/span><\/a><\/span><time datetime=\"2022-05-25T20:44:51-03:00\" itemprop=\"datePublished\">25\/05\/2022 20:44<\/time><\/div><\/div><\/div><\/div><\/div>","single_layout":"posts","amp_enabled":true,"_links":{"self":[{"href":"https:\/\/www.suno.com.br\/noticias\/wp-json\/wp\/v2\/posts\/261420"}],"collection":[{"href":"https:\/\/www.suno.com.br\/noticias\/wp-json\/wp\/v2\/posts"}],"about":[{"href":"https:\/\/www.suno.com.br\/noticias\/wp-json\/wp\/v2\/types\/post"}],"author":[{"embeddable":true,"href":"https:\/\/www.suno.com.br\/noticias\/wp-json\/wp\/v2\/users\/165"}],"replies":[{"embeddable":true,"href":"https:\/\/www.suno.com.br\/noticias\/wp-json\/wp\/v2\/comments?post=261420"}],"version-history":[{"count":4,"href":"https:\/\/www.suno.com.br\/noticias\/wp-json\/wp\/v2\/posts\/261420\/revisions"}],"predecessor-version":[{"id":261488,"href":"https:\/\/www.suno.com.br\/noticias\/wp-json\/wp\/v2\/posts\/261420\/revisions\/261488"}],"wp:featuredmedia":[{"embeddable":true,"href":"https:\/\/www.suno.com.br\/noticias\/wp-json\/wp\/v2\/media\/237586"}],"wp:attachment":[{"href":"https:\/\/www.suno.com.br\/noticias\/wp-json\/wp\/v2\/media?parent=261420"}],"wp:term":[{"taxonomy":"category","embeddable":true,"href":"https:\/\/www.suno.com.br\/noticias\/wp-json\/wp\/v2\/categories?post=261420"},{"taxonomy":"post_tag","embeddable":true,"href":"https:\/\/www.suno.com.br\/noticias\/wp-json\/wp\/v2\/tags?post=261420"},{"taxonomy":"suno_strategy","embeddable":true,"href":"https:\/\/www.suno.com.br\/noticias\/wp-json\/wp\/v2\/suno_strategy?post=261420"}],"curies":[{"name":"wp","href":"https:\/\/api.w.org\/{rel}","templated":true}]}}