{"id":261351,"date":"2022-05-25T16:03:00","date_gmt":"2022-05-25T19:03:00","guid":{"rendered":"https:\/\/www.suno.com.br\/noticias\/?p=261351"},"modified":"2022-05-25T18:15:43","modified_gmt":"2022-05-25T21:15:43","slug":"fed-acena-com-altas-de-05-ponto-percentual-nas-proximas-duas-reunioes","status":"publish","type":"post","link":"https:\/\/www.suno.com.br\/noticias\/fed-acena-com-altas-de-05-ponto-percentual-nas-proximas-duas-reunioes\/","title":{"rendered":"Fed acena com altas de 0,5 ponto percentual nas duas pr\u00f3ximas reuni\u00f5es"},"content":{"rendered":"<p>Os membros do Comit\u00ea Federal de <a class=\"suno-keyword\" href=\"https:\/\/www.suno.com.br\/artigos\/mercado-aberto\/\" target=\"_blank\" rel=\"noopener\" data-force=\"no\" data-priority=\"2\">Mercado Aberto<\/a>\u00a0(Fomc, na sigla em ingl\u00eas), do Federal Reserve (<strong>Fed<\/strong>), defendem mais dois aumentos de 0,5 ponto percentual nas pr\u00f3ximas duas reuni\u00f5es do colegiado do banco central americano, em junho e julho, diz ata da \u00faltima reuni\u00e3o divulgada nesta quarta (25).<\/p>\t<div class=\"wrapper-featured-image\">\n\t\t<figure class=\"spotlightImg\">\n\n\t\t\t<picture>\n\t\t\t\t<source media=\"(max-width: 768px)\" srcset=\"https:\/\/files.sunoresearch.com.br\/n\/uploads\/2021\/06\/81e73dde-13738090_1048470598564265_2148124856386574924_o-1-400x200.webp\">\n\t\t\t\t<img loading=\"lazy\" decoding=\"async\" class=\"newsContent__article__imgCapa lazyloadDisabled \" src=\"https:\/\/files.sunoresearch.com.br\/n\/uploads\/2021\/06\/81e73dde-13738090_1048470598564265_2148124856386574924_o-1-800x450.webp\" width=\"800\" height=\"450\" alt=\"Fed acena com altas de 0,5 ponto percentual nas duas pr\u00f3ximas reuni\u00f5es\" fetchpriority=high \/>\n\t\t\t<\/picture>\n\n\t\t\t<figcaption class=\"wp-caption-text wp-caption-text--show\">Fed - Foto: Reprodu\u00e7\u00e3o Facebook<\/figcaption>\n\t\t<\/figure>\n\t<\/div>\n\n\n\t<p>\n\t\t<a href=\"\" target=\"_blank\" data-element=\"shortcode-suno-banner\" title=\"Banner SUNO, clique e saiba mais\">\n\t\t\t<picture>\n\t\t\t\t<source media=\"(max-width: 500px)\" srcset=\"\">\n\t\t\t\t<img class=\"newsContent__article__imgCapa newsContent__article__imgCapa--banner\"\n\t\t\t\t\tsrc=\"\"\n\t\t\t\t\tdata-promo-id=\"240038\"\t\t\t\t\t\t\t\t\t\t\t\t\t\t\talt=\"\"\n\t\t\t\t>\n\t\t\t<\/picture>\n\t\t<\/a>\n\t<\/p>\n\n\n<p>De acordo com o documento, na reuni\u00e3o ocorrida nos dias 3 e 4 de maio todos os dirigentes reafirmaram o seu forte empenho e determina\u00e7\u00e3o em tomar as medidas necess\u00e1rias para restabelecer a estabilidade de pre\u00e7os.<\/p>\n<p>Nesse contexto, por unanimidade, os dirigentes concordaram que era apropriado aumentar os Fed Funds em 50 pontos-base.<\/p>\n<p>&#8220;Para tanto, os dirigentes concordaram que o Comit\u00ea deveria mudar rapidamente a postura da pol\u00edtica monet\u00e1ria para uma postura neutra&#8221;, diz o texto.<\/p>\n<p>No \u00faltimo encontro, em 4 de maio, o comit\u00ea decidiu pelo aumento da <a class=\"suno-keyword\" href=\"https:\/\/www.suno.com.br\/artigos\/taxa-de-juros\/\" target=\"_blank\" rel=\"noopener\" data-force=\"no\" data-priority=\"1\">taxa b\u00e1sica de juros<\/a>\u00a0em 0,50 ponto percentual, para o intervalo entre 0,75% e 1,00% ao ano. Foi a segunda alta das taxas do pa\u00eds desde 2018 e o maior aumento desde 2000.<\/p>\n<p>O presidente do Fed <strong>Jerome Powell<\/strong> havia descartado, em entrevista naquele dia, aperto maior na reuni\u00e3o seguinte do comit\u00ea \u2014 com aumento, por exemplo, de at\u00e9 75 pontos-base. Essa alta, at\u00e9 o in\u00edcio de maio, era sustentada pelos pr\u00f3prios dirigentes do Fed. O mercado projetava o mesmo aumento em fun\u00e7\u00e3o do aumento de pre\u00e7os no pa\u00eds.<\/p>\n<p>\u201cA maioria dos participantes julgou que <strong>aumentos de 50 pontos base<\/strong> nos juros provavelmente seriam apropriados nas pr\u00f3ximas reuni\u00f5es\u201d, afirmaram na ata os integrantes do comit\u00ea. A eleva\u00e7\u00e3o persistente de pre\u00e7os e o quadro da economia preocupam os membros do Fed. Os dirigentes concordaram que os riscos inflacion\u00e1rios se inclinaram para cima. Decis\u00f5es monet\u00e1rias, acrescentaram, devem continuar dependentes de indicadores priorizando a infla\u00e7\u00e3o.<\/p>\n\t<p>\n\t\t<a href=\"https:\/\/lp.suno.com.br\/planilha-da-vida-financeira\/\" target=\"_blank\" data-element=\"shortcode-suno-banner\" title=\"Banner SUNO, clique e saiba mais\">\n\t\t\t<picture>\n\t\t\t\t<source media=\"(max-width: 500px)\" srcset=\"https:\/\/files.sunoresearch.com.br\/n\/uploads\/2023\/04\/400x300-Planilha-vida-financeira-true.png\">\n\t\t\t\t<img class=\"newsContent__article__imgCapa newsContent__article__imgCapa--banner\"\n\t\t\t\t\tsrc=\"https:\/\/files.sunoresearch.com.br\/n\/uploads\/2023\/04\/1420x240-Planilha-vida-financeira-true.png\"\n\t\t\t\t\tdata-promo-id=\"106682\"\t\t\t\t\t\t\t\t\t\twidth='1420' height='240'\t\t\t\t\talt=\"https:\/\/files.sunoresearch.com.br\/n\/uploads\/2023\/04\/1420x240-Planilha-vida-financeira-true.png\"\n\t\t\t\t>\n\t\t\t<\/picture>\n\t\t<\/a>\n\t<\/p>\n\n\n<p><a href=\"https:\/\/lp.suno.com.br\/ebook-gratuito-economia-investidores\/\" target=\"_blank\" rel=\"noopener\" data-element=\"shortcode-suno-banner\" data-parameter=\"banner-mat-0-https:\/\/lp.suno.com.br\/ebook-gratuito-economia-investidores\/\"><picture><source srcset=\"https:\/\/files.sunoresearch.com.br\/n\/uploads\/2022\/03\/Ebook-Investindo-para-a-Aposentadoria-mobile-1-400x300.jpg\" media=\"(max-width: 500px)\" \/><\/picture><\/a><\/p>\n<p>Os dirigentes citaram riscos associados a gargalos de fornecimento cont\u00ednuos e pre\u00e7os crescentes de energia e commodities &#8211; ambos exacerbados pela invas\u00e3o russa da Ucr\u00e2nia e bloqueios relacionados \u00e0 covid-19 na China.<\/p>\n\t<p>\n\t\t<a href=\"https:\/\/lp.suno.com.br\/ebook-como-analisar-uma-acao\/\" target=\"_blank\" data-element=\"shortcode-suno-banner\" title=\"Banner SUNO, clique e saiba mais\">\n\t\t\t<picture>\n\t\t\t\t<source media=\"(max-width: 500px)\" srcset=\"https:\/\/files.sunoresearch.com.br\/n\/uploads\/2023\/03\/Ebook-Acoes-Mobile-1.jpg\">\n\t\t\t\t<img class=\"newsContent__article__imgCapa newsContent__article__imgCapa--banner\"\n\t\t\t\t\tsrc=\"https:\/\/files.sunoresearch.com.br\/n\/uploads\/2023\/03\/Ebook-Acoes-Desktop-1.jpg\"\n\t\t\t\t\tdata-promo-id=\"171998\"\t\t\t\t\t\t\t\t\t\twidth='1420' height='286'\t\t\t\t\talt=\"https:\/\/files.sunoresearch.com.br\/n\/uploads\/2023\/03\/Ebook-Acoes-Desktop-1.jpg\"\n\t\t\t\t>\n\t\t\t<\/picture>\n\t\t<\/a>\n\t<\/p>\n\n\n<p>Al\u00e9m disso, foram mencionados os riscos derivados do crescimento nominal dos sal\u00e1rios.<\/p>\n<p>&#8220;Os dirigentes concordaram que as perspectivas econ\u00f4micas eram altamente incertas e que as decis\u00f5es de pol\u00edtica monet\u00e1ria deveriam ser dependentes de dados e focadas em retornar a infla\u00e7\u00e3o para a meta de 2%, mantendo as condi\u00e7\u00f5es do mercado de trabalho fortes&#8221;, diz o documento.<\/p>\n\t<p>\n\t\t<a href=\"https:\/\/lp.suno.com.br\/planilha-controle-gastos\/\" target=\"_blank\" data-element=\"shortcode-suno-banner\" title=\"Banner SUNO, clique e saiba mais\">\n\t\t\t<picture>\n\t\t\t\t<source media=\"(max-width: 500px)\" srcset=\"https:\/\/files.sunoresearch.com.br\/n\/uploads\/2023\/03\/400x300-Planilha-controle-de-gastos.png\">\n\t\t\t\t<img class=\"newsContent__article__imgCapa newsContent__article__imgCapa--banner\"\n\t\t\t\t\tsrc=\"https:\/\/files.sunoresearch.com.br\/n\/uploads\/2023\/03\/1420x240-Planilha-controle-de-gastos.png\"\n\t\t\t\t\tdata-promo-id=\"101751\"\t\t\t\t\t\t\t\t\t\twidth='1420' height='240'\t\t\t\t\talt=\"https:\/\/files.sunoresearch.com.br\/n\/uploads\/2023\/03\/1420x240-Planilha-controle-de-gastos.png\"\n\t\t\t\t>\n\t\t\t<\/picture>\n\t\t<\/a>\n\t<\/p>\n\n\n<p>Alguns <strong>dirigentes do Fed<\/strong> ainda enfatizaram que a infla\u00e7\u00e3o persistentemente alta aumentava o risco de que as expectativas de infla\u00e7\u00e3o de longo prazo fiquem desancoradas, dificultando a tarefa de trazer a infla\u00e7\u00e3o de voltar \u00e0 meta de 2%.<\/p>\n<p>O mercado reagiu \u00e0 ata sem sustos, interpretando o tom do documento como previs\u00edvel, de acordo com as expectativas: em Nova York, no fechamento: Dow Jones avan\u00e7ou 0,60%, S&amp;P500 subiu 0,95% e Nasdaq ganhou 1,51%. O Ibovespa fechou est\u00e1vel, aos 110.579 pontos. O d\u00f3lar terminou o preg\u00e3o com leve alta de 0,18%, a R$ 4,8209.<\/p>\n<h2>Apoio \u00e0 proposta para reduzir o balan\u00e7o patrimonial<\/h2>\n<p>Todos os dirigentes do Fed sinalizaram apoio \u00e0 proposta para reduzir o <strong>balan\u00e7o patrimonial<\/strong> a partir de 1\u00ba de junho, segundo a ata da \u00faltima reuni\u00e3o de pol\u00edtica monet\u00e1ria da institui\u00e7\u00e3o, divulgada nesta quarta-feira.<\/p>\n<p>De acordo com o documento, v\u00e1rios dirigentes comentaram que, ap\u00f3s a liquida\u00e7\u00e3o do balan\u00e7o estar bem encaminhada, seria apropriado que o Comit\u00ea considerasse as vendas de t\u00edtulos atrelados a hipotecas (MBS).<\/p>\n<p>&#8220;Qualquer programa de vendas da ag\u00eancia MBS seria anunciado com bastante anteced\u00eancia&#8221;, ressalta o texto.<\/p>\n<p>A ata destaca que muitos dirigentes julgaram que acelerar a remo\u00e7\u00e3o da acomoda\u00e7\u00e3o deixaria o Comit\u00ea bem posicionado no final deste ano para avaliar os efeitos da consolida\u00e7\u00e3o de pol\u00edtica monet\u00e1ria. &#8220;\u00c0 luz do alto grau de incerteza em torno das perspectivas econ\u00f4micas, os dirigentes julgaram que as considera\u00e7\u00f5es de gest\u00e3o de risco seriam importantes&#8221;, diz. &#8220;Eles tamb\u00e9m observaram que uma postura restritiva da pol\u00edtica pode se tornar apropriada dependendo da evolu\u00e7\u00e3o das perspectivas econ\u00f4micas e dos riscos para as perspectivas&#8221;, completa.<\/p>\n<h2>Dirigentes do Fed esperam avan\u00e7o s\u00f3lido do PIB no 2\u00ba tri e n\u00e3o mencionam recess\u00e3o<\/h2>\n<p>Os <strong>dirigentes do Fed<\/strong> esperam que a economia dos Estados Unidos tenha crescimento s\u00f3lido no segundo trimestre deste ano, apesar da queda vista nos tr\u00eas meses anteriores. A ata da reuni\u00e3o monet\u00e1ria mais recente, de 3 e 4 de maio, n\u00e3o traz qualquer men\u00e7\u00e3o \u00e0 possibilidade de recess\u00e3o.<\/p>\n<p>De acordo com o documento, os membros notaram que os componentes vol\u00e1teis, como exporta\u00e7\u00f5es l\u00edquidas e investimento em estoque, devem ter &#8220;pouco sinal&#8221; sobre o crescimento neste trimestre e observam que os gastos de fam\u00edlias e investimentos fixos de empresas seguiram fortes nos tr\u00eas primeiros meses do ano.<\/p>\n<p>A expectativa dos dirigentes \u00e9 que o desequil\u00edbrio entre oferta e demanda agregadas diminua ao longo do tempo. Eles observaram que a dura\u00e7\u00e3o e magnitude dos gargalos de oferta, aumento da participa\u00e7\u00e3o da for\u00e7a de trabalho e efeitos das pol\u00edticas fiscais ligados \u00e0 pandemia s\u00e3o incertos.<\/p>\n<p>Conforme consta em ata, membros do Fed concordaram que os <i>lockdowns<\/i> para conter o avan\u00e7o da covid-19 na China devem intensificar gargalos de oferta e, assim como a guerra da R\u00fassia na Ucr\u00e2nia, representam riscos \u00e0 economia americana e global.<\/p>\n<p>Quanto ao mercado de trabalho, alguns dirigentes do <strong>Fed<\/strong> notaram que h\u00e1 sinais de que fatores ligados \u00e0 pandemia que restringiam a oferta de m\u00e3o de obra esyejam diminuindo. A perspectiva econ\u00f4mica, por\u00e9m, segue &#8220;bastante incerta&#8221;.<\/p>\n<h2>&#8220;Ata do Fed vem menos r\u00edgida do que o mercado esperava&#8221;<\/h2>\n<p>Marcelo Oliveira, CFA e fundador da Quantzed, empresa de tecnologia e educa\u00e7\u00e3o financeira para investidores. comenta: &#8220;A <strong>ata do Fed<\/strong> vem em tom duro, mas menos r\u00edgido do que mercado esperava. Mercado reagiu de forma positiva: \u00e9 aquele respiro antes de voltar a cair, pois o cen\u00e1rio mundial ainda \u00e9 muito desafiador e tudo est\u00e1 mudando. Ningu\u00e9m est\u00e1 otimista. A ata confirma que vai ser preciso pelo menos mais duas altas de 50 pontos. Vai ser duro agora ter tempo para analisar l\u00e1 na frente porque sabem que no ver\u00e3o [nos EUA] a infla\u00e7\u00e3o de servi\u00e7os ser\u00e1 muito pressionada devido \u00e0 demanda reprimida de muita gente que tem viagem contratada independente da crise e m\u00e3o de obra no setor est\u00e1 em falta.&#8221;<\/p>\n<p>Ele acrescenta: &#8220;Como os dirigentes citam na ata, infla\u00e7\u00e3o n\u00e3o depende s\u00f3 da<strong> alta de juros<\/strong> pelo Fed. Depende da situa\u00e7\u00e3o da China com Covid zero, que precisa ter um horizonte mais definido com cadeias de produ\u00e7\u00e3o a serem retomadas, al\u00e9m da necessidade da resolu\u00e7\u00e3o do conflito entre R\u00fassia e Ucr\u00e2nia.&#8221;<\/p>\n<p>Oliveira conclui: &#8220;Por \u00faltimo, vemos um tom mais duro, pois j\u00e1 traz o consenso de que alguns membros discutiram levar juros para n\u00edveis restritivos, ou seja, juros reais positivos, o que mercado temia porque n\u00e3o se esperava que juros chegassem nesse n\u00edvel positivo. Por isso, que o tom fica mais duro no final. Tamb\u00e9m foi comentado que pacote de tirar est\u00edmulos vai seguir com plano. Come\u00e7a em junho e deve manter ritmo at\u00e9 estar com balan\u00e7o saud\u00e1vel. Achei positivo para o mercado, por\u00e9m \u00e9 preciso tomar cuidado. Vemos um movimento mais dovish. \u00c9 s\u00f3 um respiro, nada muda. A din\u00e2mica ainda \u00e9 muito desafiadora para o <strong>Fed.<\/strong> O mercado sabe que vai ter muita drenagem de liquidez ainda. N\u00e3o d\u00e1 para se animar.&#8221;<\/p>\n\t<p>\n\t\t<a href=\"https:\/\/lp.suno.com.br\/planilha-de-controle-de-investimentos\/\" target=\"_blank\" data-element=\"shortcode-suno-banner\" title=\"Banner SUNO, clique e saiba mais\">\n\t\t\t<picture>\n\t\t\t\t<source media=\"(max-width: 500px)\" srcset=\"https:\/\/files.sunoresearch.com.br\/n\/uploads\/2023\/03\/400x300-Controle-de-Investimentos.png\">\n\t\t\t\t<img class=\"newsContent__article__imgCapa newsContent__article__imgCapa--banner\"\n\t\t\t\t\tsrc=\"https:\/\/files.sunoresearch.com.br\/n\/uploads\/2023\/03\/1420x240-Controle-de-Investimentos.png\"\n\t\t\t\t\tdata-promo-id=\"75934\"\t\t\t\t\t\t\t\t\t\twidth='1420' height='240'\t\t\t\t\talt=\"https:\/\/files.sunoresearch.com.br\/n\/uploads\/2023\/03\/1420x240-Controle-de-Investimentos.png\"\n\t\t\t\t>\n\t\t\t<\/picture>\n\t\t<\/a>\n\t<\/p>\n\n\n<p><em>Com informa\u00e7\u00f5es do Estad\u00e3o Conte\u00fado<\/em><\/p>\n","protected":false},"excerpt":{"rendered":"<p>Os membros do Comit\u00ea Federal de Mercado Aberto\u00a0(Fomc, na sigla em ingl\u00eas), do Federal Reserve (Fed), defendem mais dois aumentos de 0,5 ponto percentual nas pr\u00f3ximas duas reuni\u00f5es do colegiado do banco central americano, em junho e julho, diz ata da \u00faltima reuni\u00e3o divulgada nesta quarta (25). Fed &#8211; Foto: Reprodu\u00e7\u00e3o Facebook De acordo com [&hellip;]<\/p>\n","protected":false},"author":98,"featured_media":161145,"comment_status":"closed","ping_status":"closed","sticky":false,"template":"","format":"standard","meta":[],"categories":[62],"tags":[776],"suno_strategy":[],"class_list":["post-261351","post","type-post","status-publish","format-standard","has-post-thumbnail","hentry","category-economia","tag-federal-reseve-fed"],"yoast_head":"<!-- This site is optimized with the Yoast SEO plugin v24.4 - https:\/\/yoast.com\/wordpress\/plugins\/seo\/ -->\n<title>Fed defende altas de 0,5 ponto percentual nas pr\u00f3ximas duas reuni\u00f5es<\/title>\n<meta name=\"description\" content=\"Os membros do Comit\u00ea Federal de Mercado Aberto, do Fed, defendem mais dois aumentos de 0,5 p.p nas pr\u00f3ximas duas reuni\u00f5es do colegiado.\" \/>\n<meta name=\"robots\" content=\"index, follow, max-snippet:-1, max-image-preview:large, max-video-preview:-1\" \/>\n<link rel=\"canonical\" href=\"https:\/\/www.suno.com.br\/noticias\/fed-acena-com-altas-de-05-ponto-percentual-nas-proximas-duas-reunioes\/\" \/>\n<meta property=\"og:locale\" content=\"pt_BR\" \/>\n<meta property=\"og:type\" content=\"article\" \/>\n<meta property=\"og:title\" content=\"Fed defende altas de 0,5 ponto percentual nas pr\u00f3ximas duas reuni\u00f5es\" \/>\n<meta property=\"og:description\" content=\"Os membros do Comit\u00ea Federal de Mercado Aberto, do Fed, defendem mais dois aumentos de 0,5 p.p nas pr\u00f3ximas duas reuni\u00f5es do colegiado.\" \/>\n<meta property=\"og:url\" content=\"https:\/\/www.suno.com.br\/noticias\/fed-acena-com-altas-de-05-ponto-percentual-nas-proximas-duas-reunioes\/\" \/>\n<meta property=\"og:site_name\" content=\"Suno Not\u00edcias\" \/>\n<meta property=\"article:publisher\" content=\"https:\/\/facebook.com\/sunoresearch\" \/>\n<meta property=\"og:image\" content=\"https:\/\/files.sunoresearch.com.br\/n\/uploads\/2021\/06\/81e73dde-13738090_1048470598564265_2148124856386574924_o-1.jpg\" \/>\n\t<meta property=\"og:image:width\" content=\"1200\" \/>\n\t<meta property=\"og:image:height\" content=\"900\" \/>\n\t<meta property=\"og:image:type\" content=\"image\/jpeg\" \/>\n<meta name=\"author\" content=\"Marco Ant\u00f4nio Lopes\" \/>\n<meta name=\"twitter:card\" content=\"summary_large_image\" \/>\n<meta name=\"twitter:creator\" content=\"@sunoresearch\" \/>\n<meta name=\"twitter:site\" content=\"@sunoresearch\" \/>\n<meta name=\"twitter:label1\" content=\"Escrito por\" \/>\n\t<meta name=\"twitter:data1\" content=\"Marco Ant\u00f4nio Lopes\" \/>\n\t<meta name=\"twitter:label2\" content=\"Est. tempo de leitura\" \/>\n\t<meta name=\"twitter:data2\" content=\"6 minutos\" \/>\n<script type=\"application\/ld+json\" class=\"yoast-schema-graph\">{\"@context\":\"https:\/\/schema.org\",\"@graph\":[{\"@type\":\"NewsArticle\",\"@id\":\"https:\/\/www.suno.com.br\/noticias\/fed-acena-com-altas-de-05-ponto-percentual-nas-proximas-duas-reunioes\/#article\",\"isPartOf\":{\"@id\":\"https:\/\/www.suno.com.br\/noticias\/fed-acena-com-altas-de-05-ponto-percentual-nas-proximas-duas-reunioes\/\"},\"author\":{\"name\":\"Marco Ant\u00f4nio Lopes\",\"@id\":\"https:\/\/www.suno.com.br\/noticias\/#\/schema\/person\/829bbe8d57f84333b966b96229c6bf5f\"},\"headline\":\"Fed acena com altas de 0,5 ponto percentual nas duas pr\u00f3ximas reuni\u00f5es\",\"datePublished\":\"2022-05-25T19:03:00+00:00\",\"dateModified\":\"2022-05-25T21:15:43+00:00\",\"mainEntityOfPage\":{\"@id\":\"https:\/\/www.suno.com.br\/noticias\/fed-acena-com-altas-de-05-ponto-percentual-nas-proximas-duas-reunioes\/\"},\"wordCount\":1301,\"publisher\":{\"@id\":\"https:\/\/www.suno.com.br\/noticias\/#organization\"},\"image\":{\"@id\":\"https:\/\/www.suno.com.br\/noticias\/fed-acena-com-altas-de-05-ponto-percentual-nas-proximas-duas-reunioes\/#primaryimage\"},\"thumbnailUrl\":\"https:\/\/files.sunoresearch.com.br\/n\/uploads\/2021\/06\/81e73dde-13738090_1048470598564265_2148124856386574924_o-1-jpg.webp\",\"keywords\":[\"Federal Reserve (FED)\"],\"articleSection\":[\"Economia\"],\"inLanguage\":\"pt-BR\"},{\"@type\":\"WebPage\",\"@id\":\"https:\/\/www.suno.com.br\/noticias\/fed-acena-com-altas-de-05-ponto-percentual-nas-proximas-duas-reunioes\/\",\"url\":\"https:\/\/www.suno.com.br\/noticias\/fed-acena-com-altas-de-05-ponto-percentual-nas-proximas-duas-reunioes\/\",\"name\":\"Fed defende altas de 0,5 ponto percentual nas pr\u00f3ximas duas reuni\u00f5es\",\"isPartOf\":{\"@id\":\"https:\/\/www.suno.com.br\/noticias\/#website\"},\"primaryImageOfPage\":{\"@id\":\"https:\/\/www.suno.com.br\/noticias\/fed-acena-com-altas-de-05-ponto-percentual-nas-proximas-duas-reunioes\/#primaryimage\"},\"image\":{\"@id\":\"https:\/\/www.suno.com.br\/noticias\/fed-acena-com-altas-de-05-ponto-percentual-nas-proximas-duas-reunioes\/#primaryimage\"},\"thumbnailUrl\":\"https:\/\/files.sunoresearch.com.br\/n\/uploads\/2021\/06\/81e73dde-13738090_1048470598564265_2148124856386574924_o-1-jpg.webp\",\"datePublished\":\"2022-05-25T19:03:00+00:00\",\"dateModified\":\"2022-05-25T21:15:43+00:00\",\"description\":\"Os membros do Comit\u00ea Federal de Mercado Aberto, do Fed, defendem mais dois aumentos de 0,5 p.p nas pr\u00f3ximas duas reuni\u00f5es do colegiado.\",\"breadcrumb\":{\"@id\":\"https:\/\/www.suno.com.br\/noticias\/fed-acena-com-altas-de-05-ponto-percentual-nas-proximas-duas-reunioes\/#breadcrumb\"},\"inLanguage\":\"pt-BR\",\"potentialAction\":[{\"@type\":\"ReadAction\",\"target\":[\"https:\/\/www.suno.com.br\/noticias\/fed-acena-com-altas-de-05-ponto-percentual-nas-proximas-duas-reunioes\/\"]}]},{\"@type\":\"ImageObject\",\"inLanguage\":\"pt-BR\",\"@id\":\"https:\/\/www.suno.com.br\/noticias\/fed-acena-com-altas-de-05-ponto-percentual-nas-proximas-duas-reunioes\/#primaryimage\",\"url\":\"https:\/\/files.sunoresearch.com.br\/n\/uploads\/2021\/06\/81e73dde-13738090_1048470598564265_2148124856386574924_o-1-jpg.webp\",\"contentUrl\":\"https:\/\/files.sunoresearch.com.br\/n\/uploads\/2021\/06\/81e73dde-13738090_1048470598564265_2148124856386574924_o-1-jpg.webp\",\"width\":1200,\"height\":900,\"caption\":\"Fed - Foto: Reprodu\u00e7\u00e3o Facebook\"},{\"@type\":\"BreadcrumbList\",\"@id\":\"https:\/\/www.suno.com.br\/noticias\/fed-acena-com-altas-de-05-ponto-percentual-nas-proximas-duas-reunioes\/#breadcrumb\",\"itemListElement\":[{\"@type\":\"ListItem\",\"position\":1,\"name\":\"Not\u00edcias\",\"item\":\"https:\/\/www.suno.com.br\/noticias\/\"},{\"@type\":\"ListItem\",\"position\":2,\"name\":\"Economia\",\"item\":\"https:\/\/www.suno.com.br\/noticias\/economia\/\"},{\"@type\":\"ListItem\",\"position\":3,\"name\":\"Fed acena com altas de 0,5 ponto percentual nas duas pr\u00f3ximas reuni\u00f5es\"}]},{\"@type\":\"WebSite\",\"@id\":\"https:\/\/www.suno.com.br\/noticias\/#website\",\"url\":\"https:\/\/www.suno.com.br\/noticias\/\",\"name\":\"Suno Not\u00edcias\",\"description\":\"Seu portal de informa\u00e7\u00e3o sobre o mundo dos investimentos\",\"publisher\":{\"@id\":\"https:\/\/www.suno.com.br\/noticias\/#organization\"},\"potentialAction\":[{\"@type\":\"SearchAction\",\"target\":{\"@type\":\"EntryPoint\",\"urlTemplate\":\"https:\/\/www.suno.com.br\/noticias\/?s={search_term_string}\"},\"query-input\":{\"@type\":\"PropertyValueSpecification\",\"valueRequired\":true,\"valueName\":\"search_term_string\"}}],\"inLanguage\":\"pt-BR\"},{\"@type\":\"Organization\",\"@id\":\"https:\/\/www.suno.com.br\/noticias\/#organization\",\"name\":\"Suno Not\u00edcias\",\"url\":\"https:\/\/www.suno.com.br\/noticias\/\",\"logo\":{\"@type\":\"ImageObject\",\"inLanguage\":\"pt-BR\",\"@id\":\"https:\/\/www.suno.com.br\/noticias\/#\/schema\/logo\/image\/\",\"url\":\"https:\/\/files.sunoresearch.com.br\/n\/uploads\/2021\/09\/suno-logo.png\",\"contentUrl\":\"https:\/\/files.sunoresearch.com.br\/n\/uploads\/2021\/09\/suno-logo.png\",\"width\":180,\"height\":180,\"caption\":\"Suno Not\u00edcias\"},\"image\":{\"@id\":\"https:\/\/www.suno.com.br\/noticias\/#\/schema\/logo\/image\/\"},\"sameAs\":[\"https:\/\/facebook.com\/sunoresearch\",\"https:\/\/x.com\/sunoresearch\",\"https:\/\/www.instagram.com\/suno\",\"https:\/\/www.linkedin.com\/company\/suno-research\/\",\"https:\/\/www.youtube.com\/c\/sunoresearch\"]},{\"@type\":\"Person\",\"@id\":\"https:\/\/www.suno.com.br\/noticias\/#\/schema\/person\/829bbe8d57f84333b966b96229c6bf5f\",\"name\":\"Marco Ant\u00f4nio Lopes\",\"image\":{\"@type\":\"ImageObject\",\"inLanguage\":\"pt-BR\",\"@id\":\"https:\/\/www.suno.com.br\/noticias\/#\/schema\/person\/image\/\",\"url\":\"https:\/\/secure.gravatar.com\/avatar\/385167b012fbc1cde32c5446ee253313?s=96&r=g\",\"contentUrl\":\"https:\/\/secure.gravatar.com\/avatar\/385167b012fbc1cde32c5446ee253313?s=96&r=g\",\"caption\":\"Marco Ant\u00f4nio Lopes\"},\"description\":\"Jornalista, \u00e9 editor no Suno Not\u00edcias. Trabalhou nas revistas Playboy, Super, Veja Comer &amp; Beber, Homem Vogue e Universo Masculino, al\u00e9m dos portais Abril.com, R7, nas editorias de Home, Esportes, Hora 7, Entretenimento e Geral, e Eu Quero Investir. Autor do livro Bruce Lee: Definitivo (Editora Conrad). Colaborou nas revistas Nova, Veja SP, Grandes Guerras, Placar, Bizz, Casa Claudia e Quatro Rodas.\",\"url\":\"https:\/\/www.suno.com.br\/noticias\/author\/marco-lopes\/\"}]}<\/script>\n<!-- \/ Yoast SEO plugin. -->","yoast_head_json":{"title":"Fed defende altas de 0,5 ponto percentual nas pr\u00f3ximas duas reuni\u00f5es","description":"Os membros do Comit\u00ea Federal de Mercado Aberto, do Fed, defendem mais dois aumentos de 0,5 p.p nas pr\u00f3ximas duas reuni\u00f5es do colegiado.","robots":{"index":"index","follow":"follow","max-snippet":"max-snippet:-1","max-image-preview":"max-image-preview:large","max-video-preview":"max-video-preview:-1"},"canonical":"https:\/\/www.suno.com.br\/noticias\/fed-acena-com-altas-de-05-ponto-percentual-nas-proximas-duas-reunioes\/","og_locale":"pt_BR","og_type":"article","og_title":"Fed defende altas de 0,5 ponto percentual nas pr\u00f3ximas duas reuni\u00f5es","og_description":"Os membros do Comit\u00ea Federal de Mercado Aberto, do Fed, defendem mais dois aumentos de 0,5 p.p nas pr\u00f3ximas duas reuni\u00f5es do colegiado.","og_url":"https:\/\/www.suno.com.br\/noticias\/fed-acena-com-altas-de-05-ponto-percentual-nas-proximas-duas-reunioes\/","og_site_name":"Suno Not\u00edcias","article_publisher":"https:\/\/facebook.com\/sunoresearch","og_image":[{"width":1200,"height":900,"url":"https:\/\/files.sunoresearch.com.br\/n\/uploads\/2021\/06\/81e73dde-13738090_1048470598564265_2148124856386574924_o-1.jpg","type":"image\/jpeg"}],"author":"Marco Ant\u00f4nio Lopes","twitter_card":"summary_large_image","twitter_creator":"@sunoresearch","twitter_site":"@sunoresearch","twitter_misc":{"Escrito por":"Marco Ant\u00f4nio Lopes","Est. tempo de leitura":"6 minutos"},"schema":{"@context":"https:\/\/schema.org","@graph":[{"@type":"NewsArticle","@id":"https:\/\/www.suno.com.br\/noticias\/fed-acena-com-altas-de-05-ponto-percentual-nas-proximas-duas-reunioes\/#article","isPartOf":{"@id":"https:\/\/www.suno.com.br\/noticias\/fed-acena-com-altas-de-05-ponto-percentual-nas-proximas-duas-reunioes\/"},"author":{"name":"Marco Ant\u00f4nio Lopes","@id":"https:\/\/www.suno.com.br\/noticias\/#\/schema\/person\/829bbe8d57f84333b966b96229c6bf5f"},"headline":"Fed acena com altas de 0,5 ponto percentual nas duas pr\u00f3ximas reuni\u00f5es","datePublished":"2022-05-25T19:03:00+00:00","dateModified":"2022-05-25T21:15:43+00:00","mainEntityOfPage":{"@id":"https:\/\/www.suno.com.br\/noticias\/fed-acena-com-altas-de-05-ponto-percentual-nas-proximas-duas-reunioes\/"},"wordCount":1301,"publisher":{"@id":"https:\/\/www.suno.com.br\/noticias\/#organization"},"image":{"@id":"https:\/\/www.suno.com.br\/noticias\/fed-acena-com-altas-de-05-ponto-percentual-nas-proximas-duas-reunioes\/#primaryimage"},"thumbnailUrl":"https:\/\/files.sunoresearch.com.br\/n\/uploads\/2021\/06\/81e73dde-13738090_1048470598564265_2148124856386574924_o-1-jpg.webp","keywords":["Federal Reserve (FED)"],"articleSection":["Economia"],"inLanguage":"pt-BR"},{"@type":"WebPage","@id":"https:\/\/www.suno.com.br\/noticias\/fed-acena-com-altas-de-05-ponto-percentual-nas-proximas-duas-reunioes\/","url":"https:\/\/www.suno.com.br\/noticias\/fed-acena-com-altas-de-05-ponto-percentual-nas-proximas-duas-reunioes\/","name":"Fed defende altas de 0,5 ponto percentual nas pr\u00f3ximas duas reuni\u00f5es","isPartOf":{"@id":"https:\/\/www.suno.com.br\/noticias\/#website"},"primaryImageOfPage":{"@id":"https:\/\/www.suno.com.br\/noticias\/fed-acena-com-altas-de-05-ponto-percentual-nas-proximas-duas-reunioes\/#primaryimage"},"image":{"@id":"https:\/\/www.suno.com.br\/noticias\/fed-acena-com-altas-de-05-ponto-percentual-nas-proximas-duas-reunioes\/#primaryimage"},"thumbnailUrl":"https:\/\/files.sunoresearch.com.br\/n\/uploads\/2021\/06\/81e73dde-13738090_1048470598564265_2148124856386574924_o-1-jpg.webp","datePublished":"2022-05-25T19:03:00+00:00","dateModified":"2022-05-25T21:15:43+00:00","description":"Os membros do Comit\u00ea Federal de Mercado Aberto, do Fed, defendem mais dois aumentos de 0,5 p.p nas pr\u00f3ximas duas reuni\u00f5es do colegiado.","breadcrumb":{"@id":"https:\/\/www.suno.com.br\/noticias\/fed-acena-com-altas-de-05-ponto-percentual-nas-proximas-duas-reunioes\/#breadcrumb"},"inLanguage":"pt-BR","potentialAction":[{"@type":"ReadAction","target":["https:\/\/www.suno.com.br\/noticias\/fed-acena-com-altas-de-05-ponto-percentual-nas-proximas-duas-reunioes\/"]}]},{"@type":"ImageObject","inLanguage":"pt-BR","@id":"https:\/\/www.suno.com.br\/noticias\/fed-acena-com-altas-de-05-ponto-percentual-nas-proximas-duas-reunioes\/#primaryimage","url":"https:\/\/files.sunoresearch.com.br\/n\/uploads\/2021\/06\/81e73dde-13738090_1048470598564265_2148124856386574924_o-1-jpg.webp","contentUrl":"https:\/\/files.sunoresearch.com.br\/n\/uploads\/2021\/06\/81e73dde-13738090_1048470598564265_2148124856386574924_o-1-jpg.webp","width":1200,"height":900,"caption":"Fed - Foto: Reprodu\u00e7\u00e3o Facebook"},{"@type":"BreadcrumbList","@id":"https:\/\/www.suno.com.br\/noticias\/fed-acena-com-altas-de-05-ponto-percentual-nas-proximas-duas-reunioes\/#breadcrumb","itemListElement":[{"@type":"ListItem","position":1,"name":"Not\u00edcias","item":"https:\/\/www.suno.com.br\/noticias\/"},{"@type":"ListItem","position":2,"name":"Economia","item":"https:\/\/www.suno.com.br\/noticias\/economia\/"},{"@type":"ListItem","position":3,"name":"Fed acena com altas de 0,5 ponto percentual nas duas pr\u00f3ximas reuni\u00f5es"}]},{"@type":"WebSite","@id":"https:\/\/www.suno.com.br\/noticias\/#website","url":"https:\/\/www.suno.com.br\/noticias\/","name":"Suno Not\u00edcias","description":"Seu portal de informa\u00e7\u00e3o sobre o mundo dos investimentos","publisher":{"@id":"https:\/\/www.suno.com.br\/noticias\/#organization"},"potentialAction":[{"@type":"SearchAction","target":{"@type":"EntryPoint","urlTemplate":"https:\/\/www.suno.com.br\/noticias\/?s={search_term_string}"},"query-input":{"@type":"PropertyValueSpecification","valueRequired":true,"valueName":"search_term_string"}}],"inLanguage":"pt-BR"},{"@type":"Organization","@id":"https:\/\/www.suno.com.br\/noticias\/#organization","name":"Suno Not\u00edcias","url":"https:\/\/www.suno.com.br\/noticias\/","logo":{"@type":"ImageObject","inLanguage":"pt-BR","@id":"https:\/\/www.suno.com.br\/noticias\/#\/schema\/logo\/image\/","url":"https:\/\/files.sunoresearch.com.br\/n\/uploads\/2021\/09\/suno-logo.png","contentUrl":"https:\/\/files.sunoresearch.com.br\/n\/uploads\/2021\/09\/suno-logo.png","width":180,"height":180,"caption":"Suno Not\u00edcias"},"image":{"@id":"https:\/\/www.suno.com.br\/noticias\/#\/schema\/logo\/image\/"},"sameAs":["https:\/\/facebook.com\/sunoresearch","https:\/\/x.com\/sunoresearch","https:\/\/www.instagram.com\/suno","https:\/\/www.linkedin.com\/company\/suno-research\/","https:\/\/www.youtube.com\/c\/sunoresearch"]},{"@type":"Person","@id":"https:\/\/www.suno.com.br\/noticias\/#\/schema\/person\/829bbe8d57f84333b966b96229c6bf5f","name":"Marco Ant\u00f4nio Lopes","image":{"@type":"ImageObject","inLanguage":"pt-BR","@id":"https:\/\/www.suno.com.br\/noticias\/#\/schema\/person\/image\/","url":"https:\/\/secure.gravatar.com\/avatar\/385167b012fbc1cde32c5446ee253313?s=96&r=g","contentUrl":"https:\/\/secure.gravatar.com\/avatar\/385167b012fbc1cde32c5446ee253313?s=96&r=g","caption":"Marco Ant\u00f4nio Lopes"},"description":"Jornalista, \u00e9 editor no Suno Not\u00edcias. Trabalhou nas revistas Playboy, Super, Veja Comer &amp; Beber, Homem Vogue e Universo Masculino, al\u00e9m dos portais Abril.com, R7, nas editorias de Home, Esportes, Hora 7, Entretenimento e Geral, e Eu Quero Investir. Autor do livro Bruce Lee: Definitivo (Editora Conrad). Colaborou nas revistas Nova, Veja SP, Grandes Guerras, Placar, Bizz, Casa Claudia e Quatro Rodas.","url":"https:\/\/www.suno.com.br\/noticias\/author\/marco-lopes\/"}]}},"default_loop_html":"<div class=\"cardsPage__listCard__boxs\"><div class=\"cardsPage__listCard__boxs__img\"><a href=\"https:\/\/www.suno.com.br\/noticias\/fed-acena-com-altas-de-05-ponto-percentual-nas-proximas-duas-reunioes\/\"><img class=\"mask\" src=\"https:\/\/www.suno.com.br\/noticias\/wp-content\/themes\/suno\/resources\/images\/spotlight\/spotlight1img\/bg-mask.png\" alt=\"Image Mask\"\/><img src=\"https:\/\/files.sunoresearch.com.br\/n\/uploads\/2021\/06\/81e73dde-13738090_1048470598564265_2148124856386574924_o-1-400x200.webp\" alt=\"Fed acena com altas de 0,5 ponto percentual nas duas pr\u00f3ximas reuni\u00f5es\"\/><\/a><span class=\"spotlightCategory\"><a href=\"https:\/\/www.suno.com.br\/noticias\/economia\/\">Economia<\/a><\/span><\/div><div class=\"cardsPage__listCard__boxs__content\"><a href=\"https:\/\/www.suno.com.br\/noticias\/fed-acena-com-altas-de-05-ponto-percentual-nas-proximas-duas-reunioes\/\"><h2 class=\"content__title\">Fed acena com altas de 0,5 ponto percentual nas duas pr\u00f3ximas reuni\u00f5es<\/h2><\/a><div class=\"newsContent__article__meta\"><div class=\"newsContent__article__meta__authorBox\"><a href=\"https:\/\/www.suno.com.br\/noticias\/author\/marco-lopes\/\" class=\"authorBox__avatar noMobi\"><img src=\"https:\/\/secure.gravatar.com\/avatar\/385167b012fbc1cde32c5446ee253313?s=96&#038;r=g\" alt=\"Marco Ant\u00f4nio Lopes\"><\/a><div class=\"authorBox__name\"><span>por\n\t\t\t<a href=\"https:\/\/www.suno.com.br\/noticias\/author\/marco-lopes\/\"><span itemprop=\"author\">Marco Ant\u00f4nio Lopes<\/span><\/a><\/span><time datetime=\"2022-05-25T16:03:00-03:00\" itemprop=\"datePublished\">25\/05\/2022 16:03<\/time><\/div><\/div><\/div><\/div><\/div>","single_layout":"posts","amp_enabled":true,"_links":{"self":[{"href":"https:\/\/www.suno.com.br\/noticias\/wp-json\/wp\/v2\/posts\/261351"}],"collection":[{"href":"https:\/\/www.suno.com.br\/noticias\/wp-json\/wp\/v2\/posts"}],"about":[{"href":"https:\/\/www.suno.com.br\/noticias\/wp-json\/wp\/v2\/types\/post"}],"author":[{"embeddable":true,"href":"https:\/\/www.suno.com.br\/noticias\/wp-json\/wp\/v2\/users\/98"}],"replies":[{"embeddable":true,"href":"https:\/\/www.suno.com.br\/noticias\/wp-json\/wp\/v2\/comments?post=261351"}],"version-history":[{"count":3,"href":"https:\/\/www.suno.com.br\/noticias\/wp-json\/wp\/v2\/posts\/261351\/revisions"}],"predecessor-version":[{"id":261423,"href":"https:\/\/www.suno.com.br\/noticias\/wp-json\/wp\/v2\/posts\/261351\/revisions\/261423"}],"wp:featuredmedia":[{"embeddable":true,"href":"https:\/\/www.suno.com.br\/noticias\/wp-json\/wp\/v2\/media\/161145"}],"wp:attachment":[{"href":"https:\/\/www.suno.com.br\/noticias\/wp-json\/wp\/v2\/media?parent=261351"}],"wp:term":[{"taxonomy":"category","embeddable":true,"href":"https:\/\/www.suno.com.br\/noticias\/wp-json\/wp\/v2\/categories?post=261351"},{"taxonomy":"post_tag","embeddable":true,"href":"https:\/\/www.suno.com.br\/noticias\/wp-json\/wp\/v2\/tags?post=261351"},{"taxonomy":"suno_strategy","embeddable":true,"href":"https:\/\/www.suno.com.br\/noticias\/wp-json\/wp\/v2\/suno_strategy?post=261351"}],"curies":[{"name":"wp","href":"https:\/\/api.w.org\/{rel}","templated":true}]}}