{"id":26133,"date":"2019-05-27T17:34:40","date_gmt":"2019-05-27T20:34:40","guid":{"rendered":"https:\/\/www.suno.com.br\/noticias\/?p=26133"},"modified":"2021-02-17T22:48:49","modified_gmt":"2021-02-18T01:48:49","slug":"dolar-alta-cenario-politico-feriado-eua","status":"publish","type":"post","link":"https:\/\/www.suno.com.br\/noticias\/dolar-alta-cenario-politico-feriado-eua\/","title":{"rendered":"D\u00f3lar tem alta de 0,478% com cen\u00e1rio pol\u00edtico e feriado nos EUA"},"content":{"rendered":"<p>O d\u00f3lar encerrou esta segunda-feira (27) em alta de 0,478 %, negociado a R$\u00a04,0352. O mercado monitora a rea\u00e7\u00e3o do <strong>Congresso<\/strong> ap\u00f3s as manifesta\u00e7\u00f5es a favor do presidente <strong>Jair Bolsonaro.<\/strong><\/p>\t<div class=\"wrapper-featured-image\">\n\t\t<figure class=\"spotlightImg\">\n\n\t\t\t<picture>\n\t\t\t\t<source media=\"(max-width: 768px)\" srcset=\"https:\/\/files.sunoresearch.com.br\/n\/uploads\/2019\/01\/ae3d8e13-d\u00f3lar-400x200.webp\">\n\t\t\t\t<img loading=\"lazy\" decoding=\"async\" class=\"newsContent__article__imgCapa lazyloadDisabled newsContent__article__imgCapa--noCaption\" src=\"https:\/\/files.sunoresearch.com.br\/n\/uploads\/2019\/01\/ae3d8e13-d\u00f3lar-800x450.webp\" width=\"800\" height=\"450\" alt=\"D\u00f3lar tem alta de 0,478% com cen\u00e1rio pol\u00edtico e feriado nos EUA\" fetchpriority=high \/>\n\t\t\t<\/picture>\n\n\t\t\t<figcaption class=\"wp-caption-text wp-caption-text--hide\">D\u00f3lar abre em queda atento ao coronav\u00edrus e a reuni\u00e3o do Fomc<\/figcaption>\n\t\t<\/figure>\n\t<\/div>\n\n\n<p>A moeda norte-americana iniciou o preg\u00e3o em alta. A m\u00ednima foi registrada no in\u00edcio do dia, negociada a R$ 4,0373. Ao longo da tarde, o <strong>d\u00f3lar<\/strong> continuou subindo. Por volta das 17h40, chegou a m\u00e1xima de R$ 4,0373.<\/p>\n<p>Por conta do feriado de &#8220;Memorial Day&#8221;, nos <strong>Estados Unidos<\/strong>, o mercado permaneceu fechado, causando baixa liquidez nas negocia\u00e7\u00f5es.<\/p>\n<p>Confira o fechamento das principais moedas:<\/p>\n<ul>\n<li><strong><a href=\"https:\/\/www.suno.com.br\/artigos\/euro\/\">Euro<\/a>:<\/strong> alta de 0,228 %, negociado a R$ 4,5222.<\/li>\n<li><strong>Libra esterlina:<\/strong>\u00a0alta de\u00a0 0,076 % negociada a R$\u00a05,1206<\/li>\n<\/ul>\n\t<p>\n\t\t<a href=\"https:\/\/www.suno.com.br\/asset\/fundos\/suno-acoes-xp-seg-prev\/\" target=\"_blank\" data-element=\"shortcode-suno-banner\" title=\"Banner SUNO, clique e saiba mais\">\n\t\t\t<picture>\n\t\t\t\t<source media=\"(max-width: 500px)\" srcset=\"https:\/\/files.sunoresearch.com.br\/n\/uploads\/2023\/10\/SUNOPREV-v2-400x300-Mobile-Artigos-3.png\">\n\t\t\t\t<img class=\"newsContent__article__imgCapa newsContent__article__imgCapa--banner\"\n\t\t\t\t\tsrc=\"https:\/\/files.sunoresearch.com.br\/n\/uploads\/2023\/10\/SUNOPREV-v2-1420x240-Banner-Artigos-1-_-Banner-Materias-1.png\"\n\t\t\t\t\tdata-promo-id=\"476311\"\t\t\t\t\t\t\t\t\t\twidth='1420' height='240'\t\t\t\t\talt=\"https:\/\/files.sunoresearch.com.br\/n\/uploads\/2023\/10\/SUNOPREV-v2-1420x240-Banner-Artigos-1-_-Banner-Materias-1.png\"\n\t\t\t\t>\n\t\t\t<\/picture>\n\t\t<\/a>\n\t<\/p>\n\n\n<p>O <strong><a href=\"https:\/\/www.suno.com.br\/artigos\/bacen\/\">Banco Central<\/a><\/strong> <strong>(BC)<\/strong> vendeu nesta quarta-feira todos os 5,050 mil <a href=\"https:\/\/www.suno.com.br\/artigos\/swap-cambial\/\">swaps cambiais<\/a> tradicionais, correspondentes \u00e0 venda futura de <strong>d\u00f3lares.<\/strong> Nas 18 opera\u00e7\u00f5es em que realizou, o BC rolou US$ 4,545 bilh\u00f5es, de um total de\u00a0US$ 10,089 bilh\u00f5es que vencem em julho. O estoque de swaps do BC \u00e9 de US$ 68,863 bilh\u00f5es.<\/p>\n<h2>Manifesta\u00e7\u00f5es<\/h2>\n<p>O mercado monitora as rea\u00e7\u00f5es do <strong>Congresso<\/strong> ap\u00f3s as manifesta\u00e7\u00f5es \u00e0 favor do <strong>governo<\/strong>, que ocorreram no \u00faltimo domingo (26) em 26 estados e no Distrito Federal. Em declara\u00e7\u00e3o, o presidente <strong>Jair Bolsonaro<\/strong> falou que os atos s\u00e3o\u00a0&#8220;um recado \u00e0queles que teimam com velhas pr\u00e1ticas&#8221; e &#8220;n\u00e3o permitem que o povo se liberte&#8221;.<\/p>\n<p><a href=\"https:\/\/www.suno.com.br\/noticias\/bolsonaro-manifestacao-e-recado-aqueles-que-teimam-com-velhas-praticas\/\">Saiba mais:\u00a0Bolsonaro: manifesta\u00e7\u00e3o \u00e9 recado \u00e0queles que teimam com velhas pr\u00e1ticas<\/a><\/p>\n<p>Entre as principais pautas defendidas pelos apoiadores de <strong>Bolsonaro<\/strong>, est\u00e3o:<\/p>\n<ul>\n<li>reforma da <strong>Previd\u00eancia;<\/strong><\/li>\n<li>pacote <strong>anticrime<\/strong> de S\u00e9rgio Moro;<\/li>\n<li>apoio \u00e0 <strong>Lava Jato<\/strong> e combate \u00e0 corrup\u00e7\u00e3o;<\/li>\n<li>perman\u00eancia do <strong>Coaf<\/strong> no minist\u00e9rio da Justi\u00e7a;<\/li>\n<li>apoio ao presidente contra o chamado &#8220;<strong>Centr\u00e3o<\/strong>&#8220;;<\/li>\n<li>volta da <strong>CPI<\/strong> da Lava Toga.<\/li>\n<\/ul>\n<h2>Boletim Focus<\/h2>\n<p>Em mais um Boletim Focus divulgado nesta segunda-feira, os economistas entrevistados\u00a0reduziram pela 13\u00aa vez a previs\u00e3o de crescimento do <a href=\"https:\/\/www.suno.com.br\/artigos\/pib-produto-interno-bruto\/\"><strong>Produto Interno Bruto (PIB)<\/strong><\/a>\u00a0em 2019. A previs\u00e3o do relat\u00f3rio \u00e9 que a economia cres\u00e7a 1,23%. No \u00faltimo boletim, divulgado na segunda-feira passada, esse n\u00famero era de 1,24%.<\/p>\n<p>As previs\u00f5es de <strong>crescimento<\/strong> para 2020 permaneceram est\u00e1veis, em 2,5%, mesmo crescimento para o <strong>PIB<\/strong> de 2021 e de 2022. J\u00e1 para o d\u00f3lar, a previs\u00e3o se manteve em R$ 3,80.<\/p>\n<h2>Guerra comercial<\/h2>\n<p>De acordo com uma an\u00e1lise do\u00a0<strong>Fundo Monet\u00e1rio Internacional (FMI),\u00a0<\/strong>s\u00e3o as empresas americanas que est\u00e3o pagando pelo custo da tarifa de <strong>Trump<\/strong> \u00e0 <strong>China<\/strong> e da guerra comercial.<\/p>\n<p><a href=\"https:\/\/www.suno.com.br\/noticias\/guerra-comercial-empresas-americanas-arcam-tarifa\/\">Saiba mais:\u00a0Guerra comercial: empresas americanas arcam com tarifa de Trump, diz FMI<\/a><\/p>\n<p>O relat\u00f3rio divulgado pelo fundo contraria as afirma\u00e7\u00f5es do presidente <strong>Donald Trump<\/strong> de que as tarifas seriam custeadas pelos <strong>chineses<\/strong>. Segundo o \u00f3rg\u00e3o, como efeito da <strong>guerra comercial<\/strong>,\u00a0\u201ca receita tarif\u00e1ria arrecadada recaiu quase inteiramente sobre <strong>importadores<\/strong> dos EUA\u201d.<\/p>\n<p>Nesta segunda, o CEO\u00a0da <strong>Huawei<\/strong>, Ren Zhengfei, disse que a China n\u00e3o deve retaliar a <strong>Apple<\/strong> por conta das san\u00e7\u00f5es impostas pelo governo dos <strong>Estados Unidos<\/strong> \u00e0 empresa <strong>chinesa<\/strong>.<\/p>\n\t<p>\n\t\t<a href=\"https:\/\/lp.suno.com.br\/ao\/sessao-estrategica-consultoria-c\/?utm_source=suno-noticias&#038;utm_medium=banner&#038;utm_campaign=_SNC36CE4E9F_&#038;utm_content=fundos-imobiliarios-ou-imoveis-onde-investir-500-mil-go\" target=\"_blank\" data-element=\"shortcode-suno-banner\" title=\"Banner SUNO, clique e saiba mais\">\n\t\t\t<picture>\n\t\t\t\t<source media=\"(max-width: 500px)\" srcset=\"https:\/\/files.sunoresearch.com.br\/n\/uploads\/2025\/09\/300x400.webp\">\n\t\t\t\t<img class=\"newsContent__article__imgCapa newsContent__article__imgCapa--banner\"\n\t\t\t\t\tsrc=\"https:\/\/files.sunoresearch.com.br\/n\/uploads\/2025\/09\/SN-DT-1420x240-1.webp\"\n\t\t\t\t\tdata-promo-id=\"635171\"\t\t\t\t\t\t\t\t\t\twidth='1420' height='240'\t\t\t\t\talt=\"https:\/\/files.sunoresearch.com.br\/n\/uploads\/2025\/09\/SN-DT-1420x240-1.webp\"\n\t\t\t\t>\n\t\t\t<\/picture>\n\t\t<\/a>\n\t<\/p>\n\n\n<p>\u201cAntes de tudo, isso n\u00e3o acontecer\u00e1, e depois, se acontecer, eu serei o primeiro a protestar\u201d, disse ele em entrevista \u00e0 &#8220;Bloomberg&#8221;. \u201cA <strong>Apple<\/strong> \u00e9 minha professora, est\u00e1 avan\u00e7ando na nossa frente. Como estudante, por que eu deveria me opor \u00e0 minha professora?\u201d, afirmou Zhengfei<\/p>\n<h2>\u00daltima cota\u00e7\u00e3o do d\u00f3lar<\/h2>\n<p>Na <a href=\"https:\/\/www.suno.com.br\/noticias\/dolar-encerra-em-queda-de-0776-com-cenario-externo-instavel\/\">\u00faltima sess\u00e3o<\/a>, que ocorreu na sexta-feira (24), o <strong>d\u00f3lar<\/strong>\u00a0teve alta de\u00a00,776%\u00a0, negociado a R$ 4,016.<\/p>\n","protected":false},"excerpt":{"rendered":"<p>O d\u00f3lar encerrou esta segunda-feira (27) em alta de 0,478 %, negociado a R$\u00a04,0352. O mercado monitora a rea\u00e7\u00e3o do Congresso ap\u00f3s as manifesta\u00e7\u00f5es a favor do presidente Jair Bolsonaro. D\u00f3lar abre em queda atento ao coronav\u00edrus e a reuni\u00e3o do Fomc A moeda norte-americana iniciou o preg\u00e3o em alta. A m\u00ednima foi registrada no [&hellip;]<\/p>\n","protected":false},"author":14,"featured_media":13447,"comment_status":"closed","ping_status":"closed","sticky":false,"template":"","format":"standard","meta":[],"categories":[60],"tags":[794,1842,834,711,901,326,806,980,719,807,940],"suno_strategy":[],"class_list":["post-26133","post","type-post","status-publish","format-standard","has-post-thumbnail","hentry","category-mercado","tag-apple-aapl34","tag-banco-central-bc","tag-boletim-focus","tag-china","tag-congresso-nacional","tag-dolar","tag-fundo-monetario-internacional-fmi","tag-guerra-comercial","tag-jair-bolsonaro","tag-produto-interno-bruto-pib","tag-reforma-da-previdencia"],"yoast_head":"<!-- This site is optimized with the Yoast SEO plugin v24.4 - https:\/\/yoast.com\/wordpress\/plugins\/seo\/ -->\n<title>D\u00f3lar tem alta de 0,478% com cen\u00e1rio pol\u00edtico e feriado nos EUA<\/title>\n<meta name=\"description\" content=\"O d\u00f3lar iniciou o preg\u00e3o em alta. A m\u00ednima foi registrada no in\u00edcio do dia, negociada a R$ 4,0373. Clique para saber mais.\" \/>\n<meta name=\"robots\" content=\"index, follow, max-snippet:-1, max-image-preview:large, max-video-preview:-1\" \/>\n<link rel=\"canonical\" href=\"https:\/\/www.suno.com.br\/noticias\/dolar-alta-cenario-politico-feriado-eua\/\" \/>\n<meta property=\"og:locale\" content=\"pt_BR\" \/>\n<meta property=\"og:type\" content=\"article\" \/>\n<meta property=\"og:title\" content=\"D\u00f3lar tem alta de 0,478% com cen\u00e1rio pol\u00edtico e feriado nos EUA\" \/>\n<meta property=\"og:description\" content=\"O d\u00f3lar iniciou o preg\u00e3o em alta. A m\u00ednima foi registrada no in\u00edcio do dia, negociada a R$ 4,0373. Clique para saber mais.\" \/>\n<meta property=\"og:url\" content=\"https:\/\/www.suno.com.br\/noticias\/dolar-alta-cenario-politico-feriado-eua\/\" \/>\n<meta property=\"og:site_name\" content=\"Suno Not\u00edcias\" \/>\n<meta property=\"article:publisher\" content=\"https:\/\/facebook.com\/sunoresearch\" \/>\n<meta property=\"og:image\" content=\"https:\/\/files.sunoresearch.com.br\/n\/uploads\/2019\/01\/ae3d8e13-d\u00f3lar.jpg\" \/>\n\t<meta property=\"og:image:width\" content=\"1024\" \/>\n\t<meta property=\"og:image:height\" content=\"660\" \/>\n\t<meta property=\"og:image:type\" content=\"image\/jpeg\" \/>\n<meta name=\"author\" content=\"Renan Dantas\" \/>\n<meta name=\"twitter:card\" content=\"summary_large_image\" \/>\n<meta name=\"twitter:creator\" content=\"@sunoresearch\" \/>\n<meta name=\"twitter:site\" content=\"@sunoresearch\" \/>\n<meta name=\"twitter:label1\" content=\"Escrito por\" \/>\n\t<meta name=\"twitter:data1\" content=\"Renan Dantas\" \/>\n\t<meta name=\"twitter:label2\" content=\"Est. tempo de leitura\" \/>\n\t<meta name=\"twitter:data2\" content=\"3 minutos\" \/>\n<script type=\"application\/ld+json\" class=\"yoast-schema-graph\">{\"@context\":\"https:\/\/schema.org\",\"@graph\":[{\"@type\":\"NewsArticle\",\"@id\":\"https:\/\/www.suno.com.br\/noticias\/dolar-alta-cenario-politico-feriado-eua\/#article\",\"isPartOf\":{\"@id\":\"https:\/\/www.suno.com.br\/noticias\/dolar-alta-cenario-politico-feriado-eua\/\"},\"author\":{\"name\":\"Renan Dantas\",\"@id\":\"https:\/\/www.suno.com.br\/noticias\/#\/schema\/person\/3f7693d5795a3f6d5ce15309ee785699\"},\"headline\":\"D\u00f3lar tem alta de 0,478% com cen\u00e1rio pol\u00edtico e feriado nos EUA\",\"datePublished\":\"2019-05-27T20:34:40+00:00\",\"dateModified\":\"2021-02-18T01:48:49+00:00\",\"mainEntityOfPage\":{\"@id\":\"https:\/\/www.suno.com.br\/noticias\/dolar-alta-cenario-politico-feriado-eua\/\"},\"wordCount\":576,\"publisher\":{\"@id\":\"https:\/\/www.suno.com.br\/noticias\/#organization\"},\"image\":{\"@id\":\"https:\/\/www.suno.com.br\/noticias\/dolar-alta-cenario-politico-feriado-eua\/#primaryimage\"},\"thumbnailUrl\":\"https:\/\/files.sunoresearch.com.br\/n\/uploads\/2019\/01\/ae3d8e13-d\u00f3lar-jpg.webp\",\"keywords\":[\"Apple (AAPL34)\",\"Banco Central (BC)\",\"Boletim Focus\",\"China\",\"Congresso Nacional\",\"d\u00f3lar\",\"Fundo Monet\u00e1rio Internacional (FMI)\",\"guerra comercial\",\"Jair Bolsonaro\",\"Produto Interno Bruto (PIB)\",\"Reforma da Previd\u00eancia\"],\"articleSection\":[\"Mercado\"],\"inLanguage\":\"pt-BR\"},{\"@type\":\"WebPage\",\"@id\":\"https:\/\/www.suno.com.br\/noticias\/dolar-alta-cenario-politico-feriado-eua\/\",\"url\":\"https:\/\/www.suno.com.br\/noticias\/dolar-alta-cenario-politico-feriado-eua\/\",\"name\":\"D\u00f3lar tem alta de 0,478% com cen\u00e1rio pol\u00edtico e feriado nos EUA\",\"isPartOf\":{\"@id\":\"https:\/\/www.suno.com.br\/noticias\/#website\"},\"primaryImageOfPage\":{\"@id\":\"https:\/\/www.suno.com.br\/noticias\/dolar-alta-cenario-politico-feriado-eua\/#primaryimage\"},\"image\":{\"@id\":\"https:\/\/www.suno.com.br\/noticias\/dolar-alta-cenario-politico-feriado-eua\/#primaryimage\"},\"thumbnailUrl\":\"https:\/\/files.sunoresearch.com.br\/n\/uploads\/2019\/01\/ae3d8e13-d\u00f3lar-jpg.webp\",\"datePublished\":\"2019-05-27T20:34:40+00:00\",\"dateModified\":\"2021-02-18T01:48:49+00:00\",\"description\":\"O d\u00f3lar iniciou o preg\u00e3o em alta. A m\u00ednima foi registrada no in\u00edcio do dia, negociada a R$ 4,0373. Clique para saber mais.\",\"breadcrumb\":{\"@id\":\"https:\/\/www.suno.com.br\/noticias\/dolar-alta-cenario-politico-feriado-eua\/#breadcrumb\"},\"inLanguage\":\"pt-BR\",\"potentialAction\":[{\"@type\":\"ReadAction\",\"target\":[\"https:\/\/www.suno.com.br\/noticias\/dolar-alta-cenario-politico-feriado-eua\/\"]}]},{\"@type\":\"ImageObject\",\"inLanguage\":\"pt-BR\",\"@id\":\"https:\/\/www.suno.com.br\/noticias\/dolar-alta-cenario-politico-feriado-eua\/#primaryimage\",\"url\":\"https:\/\/files.sunoresearch.com.br\/n\/uploads\/2019\/01\/ae3d8e13-d\u00f3lar-jpg.webp\",\"contentUrl\":\"https:\/\/files.sunoresearch.com.br\/n\/uploads\/2019\/01\/ae3d8e13-d\u00f3lar-jpg.webp\",\"width\":1024,\"height\":660,\"caption\":\"D\u00f3lar abre em queda atento ao coronav\u00edrus e a reuni\u00e3o do Fomc\"},{\"@type\":\"BreadcrumbList\",\"@id\":\"https:\/\/www.suno.com.br\/noticias\/dolar-alta-cenario-politico-feriado-eua\/#breadcrumb\",\"itemListElement\":[{\"@type\":\"ListItem\",\"position\":1,\"name\":\"Not\u00edcias\",\"item\":\"https:\/\/www.suno.com.br\/noticias\/\"},{\"@type\":\"ListItem\",\"position\":2,\"name\":\"Mercado\",\"item\":\"https:\/\/www.suno.com.br\/noticias\/mercado\/\"},{\"@type\":\"ListItem\",\"position\":3,\"name\":\"D\u00f3lar tem alta de 0,478% com cen\u00e1rio pol\u00edtico e feriado nos EUA\"}]},{\"@type\":\"WebSite\",\"@id\":\"https:\/\/www.suno.com.br\/noticias\/#website\",\"url\":\"https:\/\/www.suno.com.br\/noticias\/\",\"name\":\"Suno Not\u00edcias\",\"description\":\"Seu portal de informa\u00e7\u00e3o sobre o mundo dos investimentos\",\"publisher\":{\"@id\":\"https:\/\/www.suno.com.br\/noticias\/#organization\"},\"potentialAction\":[{\"@type\":\"SearchAction\",\"target\":{\"@type\":\"EntryPoint\",\"urlTemplate\":\"https:\/\/www.suno.com.br\/noticias\/?s={search_term_string}\"},\"query-input\":{\"@type\":\"PropertyValueSpecification\",\"valueRequired\":true,\"valueName\":\"search_term_string\"}}],\"inLanguage\":\"pt-BR\"},{\"@type\":\"Organization\",\"@id\":\"https:\/\/www.suno.com.br\/noticias\/#organization\",\"name\":\"Suno Not\u00edcias\",\"url\":\"https:\/\/www.suno.com.br\/noticias\/\",\"logo\":{\"@type\":\"ImageObject\",\"inLanguage\":\"pt-BR\",\"@id\":\"https:\/\/www.suno.com.br\/noticias\/#\/schema\/logo\/image\/\",\"url\":\"https:\/\/files.sunoresearch.com.br\/n\/uploads\/2021\/09\/suno-logo.png\",\"contentUrl\":\"https:\/\/files.sunoresearch.com.br\/n\/uploads\/2021\/09\/suno-logo.png\",\"width\":180,\"height\":180,\"caption\":\"Suno Not\u00edcias\"},\"image\":{\"@id\":\"https:\/\/www.suno.com.br\/noticias\/#\/schema\/logo\/image\/\"},\"sameAs\":[\"https:\/\/facebook.com\/sunoresearch\",\"https:\/\/x.com\/sunoresearch\",\"https:\/\/www.instagram.com\/suno\",\"https:\/\/www.linkedin.com\/company\/suno-research\/\",\"https:\/\/www.youtube.com\/c\/sunoresearch\"]},{\"@type\":\"Person\",\"@id\":\"https:\/\/www.suno.com.br\/noticias\/#\/schema\/person\/3f7693d5795a3f6d5ce15309ee785699\",\"name\":\"Renan Dantas\",\"image\":{\"@type\":\"ImageObject\",\"inLanguage\":\"pt-BR\",\"@id\":\"https:\/\/www.suno.com.br\/noticias\/#\/schema\/person\/image\/\",\"url\":\"https:\/\/secure.gravatar.com\/avatar\/1787b83e7484a08e51d62ac8b41c8396?s=96&r=g\",\"contentUrl\":\"https:\/\/secure.gravatar.com\/avatar\/1787b83e7484a08e51d62ac8b41c8396?s=96&r=g\",\"caption\":\"Renan Dantas\"},\"description\":\"Escreve sobre pol\u00edtica e mercado financeiro para o portal Suno Not\u00edcias. Antes, atuou na assessoria de comunica\u00e7\u00e3o do Minist\u00e9rio P\u00fablico do Trabalho e na R\u00e1dio Mackenzie, onde apresentava e produzia um programa sobre artistas da m\u00fasica brasileira. \u00c9 estudante na Universidade Presbiteriana Mackenzie.\",\"url\":\"https:\/\/www.suno.com.br\/noticias\/author\/renan-dantas\/\"}]}<\/script>\n<!-- \/ Yoast SEO plugin. -->","yoast_head_json":{"title":"D\u00f3lar tem alta de 0,478% com cen\u00e1rio pol\u00edtico e feriado nos EUA","description":"O d\u00f3lar iniciou o preg\u00e3o em alta. A m\u00ednima foi registrada no in\u00edcio do dia, negociada a R$ 4,0373. Clique para saber mais.","robots":{"index":"index","follow":"follow","max-snippet":"max-snippet:-1","max-image-preview":"max-image-preview:large","max-video-preview":"max-video-preview:-1"},"canonical":"https:\/\/www.suno.com.br\/noticias\/dolar-alta-cenario-politico-feriado-eua\/","og_locale":"pt_BR","og_type":"article","og_title":"D\u00f3lar tem alta de 0,478% com cen\u00e1rio pol\u00edtico e feriado nos EUA","og_description":"O d\u00f3lar iniciou o preg\u00e3o em alta. A m\u00ednima foi registrada no in\u00edcio do dia, negociada a R$ 4,0373. Clique para saber mais.","og_url":"https:\/\/www.suno.com.br\/noticias\/dolar-alta-cenario-politico-feriado-eua\/","og_site_name":"Suno Not\u00edcias","article_publisher":"https:\/\/facebook.com\/sunoresearch","og_image":[{"width":1024,"height":660,"url":"https:\/\/files.sunoresearch.com.br\/n\/uploads\/2019\/01\/ae3d8e13-d\u00f3lar.jpg","type":"image\/jpeg"}],"author":"Renan Dantas","twitter_card":"summary_large_image","twitter_creator":"@sunoresearch","twitter_site":"@sunoresearch","twitter_misc":{"Escrito por":"Renan Dantas","Est. tempo de leitura":"3 minutos"},"schema":{"@context":"https:\/\/schema.org","@graph":[{"@type":"NewsArticle","@id":"https:\/\/www.suno.com.br\/noticias\/dolar-alta-cenario-politico-feriado-eua\/#article","isPartOf":{"@id":"https:\/\/www.suno.com.br\/noticias\/dolar-alta-cenario-politico-feriado-eua\/"},"author":{"name":"Renan Dantas","@id":"https:\/\/www.suno.com.br\/noticias\/#\/schema\/person\/3f7693d5795a3f6d5ce15309ee785699"},"headline":"D\u00f3lar tem alta de 0,478% com cen\u00e1rio pol\u00edtico e feriado nos EUA","datePublished":"2019-05-27T20:34:40+00:00","dateModified":"2021-02-18T01:48:49+00:00","mainEntityOfPage":{"@id":"https:\/\/www.suno.com.br\/noticias\/dolar-alta-cenario-politico-feriado-eua\/"},"wordCount":576,"publisher":{"@id":"https:\/\/www.suno.com.br\/noticias\/#organization"},"image":{"@id":"https:\/\/www.suno.com.br\/noticias\/dolar-alta-cenario-politico-feriado-eua\/#primaryimage"},"thumbnailUrl":"https:\/\/files.sunoresearch.com.br\/n\/uploads\/2019\/01\/ae3d8e13-d\u00f3lar-jpg.webp","keywords":["Apple (AAPL34)","Banco Central (BC)","Boletim Focus","China","Congresso Nacional","d\u00f3lar","Fundo Monet\u00e1rio Internacional (FMI)","guerra comercial","Jair Bolsonaro","Produto Interno Bruto (PIB)","Reforma da Previd\u00eancia"],"articleSection":["Mercado"],"inLanguage":"pt-BR"},{"@type":"WebPage","@id":"https:\/\/www.suno.com.br\/noticias\/dolar-alta-cenario-politico-feriado-eua\/","url":"https:\/\/www.suno.com.br\/noticias\/dolar-alta-cenario-politico-feriado-eua\/","name":"D\u00f3lar tem alta de 0,478% com cen\u00e1rio pol\u00edtico e feriado nos EUA","isPartOf":{"@id":"https:\/\/www.suno.com.br\/noticias\/#website"},"primaryImageOfPage":{"@id":"https:\/\/www.suno.com.br\/noticias\/dolar-alta-cenario-politico-feriado-eua\/#primaryimage"},"image":{"@id":"https:\/\/www.suno.com.br\/noticias\/dolar-alta-cenario-politico-feriado-eua\/#primaryimage"},"thumbnailUrl":"https:\/\/files.sunoresearch.com.br\/n\/uploads\/2019\/01\/ae3d8e13-d\u00f3lar-jpg.webp","datePublished":"2019-05-27T20:34:40+00:00","dateModified":"2021-02-18T01:48:49+00:00","description":"O d\u00f3lar iniciou o preg\u00e3o em alta. A m\u00ednima foi registrada no in\u00edcio do dia, negociada a R$ 4,0373. Clique para saber mais.","breadcrumb":{"@id":"https:\/\/www.suno.com.br\/noticias\/dolar-alta-cenario-politico-feriado-eua\/#breadcrumb"},"inLanguage":"pt-BR","potentialAction":[{"@type":"ReadAction","target":["https:\/\/www.suno.com.br\/noticias\/dolar-alta-cenario-politico-feriado-eua\/"]}]},{"@type":"ImageObject","inLanguage":"pt-BR","@id":"https:\/\/www.suno.com.br\/noticias\/dolar-alta-cenario-politico-feriado-eua\/#primaryimage","url":"https:\/\/files.sunoresearch.com.br\/n\/uploads\/2019\/01\/ae3d8e13-d\u00f3lar-jpg.webp","contentUrl":"https:\/\/files.sunoresearch.com.br\/n\/uploads\/2019\/01\/ae3d8e13-d\u00f3lar-jpg.webp","width":1024,"height":660,"caption":"D\u00f3lar abre em queda atento ao coronav\u00edrus e a reuni\u00e3o do Fomc"},{"@type":"BreadcrumbList","@id":"https:\/\/www.suno.com.br\/noticias\/dolar-alta-cenario-politico-feriado-eua\/#breadcrumb","itemListElement":[{"@type":"ListItem","position":1,"name":"Not\u00edcias","item":"https:\/\/www.suno.com.br\/noticias\/"},{"@type":"ListItem","position":2,"name":"Mercado","item":"https:\/\/www.suno.com.br\/noticias\/mercado\/"},{"@type":"ListItem","position":3,"name":"D\u00f3lar tem alta de 0,478% com cen\u00e1rio pol\u00edtico e feriado nos EUA"}]},{"@type":"WebSite","@id":"https:\/\/www.suno.com.br\/noticias\/#website","url":"https:\/\/www.suno.com.br\/noticias\/","name":"Suno Not\u00edcias","description":"Seu portal de informa\u00e7\u00e3o sobre o mundo dos investimentos","publisher":{"@id":"https:\/\/www.suno.com.br\/noticias\/#organization"},"potentialAction":[{"@type":"SearchAction","target":{"@type":"EntryPoint","urlTemplate":"https:\/\/www.suno.com.br\/noticias\/?s={search_term_string}"},"query-input":{"@type":"PropertyValueSpecification","valueRequired":true,"valueName":"search_term_string"}}],"inLanguage":"pt-BR"},{"@type":"Organization","@id":"https:\/\/www.suno.com.br\/noticias\/#organization","name":"Suno Not\u00edcias","url":"https:\/\/www.suno.com.br\/noticias\/","logo":{"@type":"ImageObject","inLanguage":"pt-BR","@id":"https:\/\/www.suno.com.br\/noticias\/#\/schema\/logo\/image\/","url":"https:\/\/files.sunoresearch.com.br\/n\/uploads\/2021\/09\/suno-logo.png","contentUrl":"https:\/\/files.sunoresearch.com.br\/n\/uploads\/2021\/09\/suno-logo.png","width":180,"height":180,"caption":"Suno Not\u00edcias"},"image":{"@id":"https:\/\/www.suno.com.br\/noticias\/#\/schema\/logo\/image\/"},"sameAs":["https:\/\/facebook.com\/sunoresearch","https:\/\/x.com\/sunoresearch","https:\/\/www.instagram.com\/suno","https:\/\/www.linkedin.com\/company\/suno-research\/","https:\/\/www.youtube.com\/c\/sunoresearch"]},{"@type":"Person","@id":"https:\/\/www.suno.com.br\/noticias\/#\/schema\/person\/3f7693d5795a3f6d5ce15309ee785699","name":"Renan Dantas","image":{"@type":"ImageObject","inLanguage":"pt-BR","@id":"https:\/\/www.suno.com.br\/noticias\/#\/schema\/person\/image\/","url":"https:\/\/secure.gravatar.com\/avatar\/1787b83e7484a08e51d62ac8b41c8396?s=96&r=g","contentUrl":"https:\/\/secure.gravatar.com\/avatar\/1787b83e7484a08e51d62ac8b41c8396?s=96&r=g","caption":"Renan Dantas"},"description":"Escreve sobre pol\u00edtica e mercado financeiro para o portal Suno Not\u00edcias. Antes, atuou na assessoria de comunica\u00e7\u00e3o do Minist\u00e9rio P\u00fablico do Trabalho e na R\u00e1dio Mackenzie, onde apresentava e produzia um programa sobre artistas da m\u00fasica brasileira. \u00c9 estudante na Universidade Presbiteriana Mackenzie.","url":"https:\/\/www.suno.com.br\/noticias\/author\/renan-dantas\/"}]}},"default_loop_html":"<div class=\"cardsPage__listCard__boxs\"><div class=\"cardsPage__listCard__boxs__img\"><a href=\"https:\/\/www.suno.com.br\/noticias\/dolar-alta-cenario-politico-feriado-eua\/\"><img class=\"mask\" src=\"https:\/\/www.suno.com.br\/noticias\/wp-content\/themes\/suno\/resources\/images\/spotlight\/spotlight1img\/bg-mask.png\" alt=\"Image Mask\"\/><img src=\"https:\/\/files.sunoresearch.com.br\/n\/uploads\/2019\/01\/ae3d8e13-d\u00f3lar-400x200.webp\" alt=\"D\u00f3lar tem alta de 0,478% com cen\u00e1rio pol\u00edtico e feriado nos EUA\"\/><\/a><span class=\"spotlightCategory\"><a href=\"https:\/\/www.suno.com.br\/noticias\/mercado\/\">Mercado<\/a><\/span><\/div><div class=\"cardsPage__listCard__boxs__content\"><a href=\"https:\/\/www.suno.com.br\/noticias\/dolar-alta-cenario-politico-feriado-eua\/\"><h2 class=\"content__title\">D\u00f3lar tem alta de 0,478% com cen\u00e1rio pol\u00edtico e feriado nos EUA<\/h2><\/a><div class=\"newsContent__article__meta\"><div class=\"newsContent__article__meta__authorBox\"><a href=\"https:\/\/www.suno.com.br\/noticias\/author\/renan-dantas\/\" class=\"authorBox__avatar noMobi\"><img src=\"https:\/\/secure.gravatar.com\/avatar\/1787b83e7484a08e51d62ac8b41c8396?s=96&#038;r=g\" alt=\"Renan Dantas\"><\/a><div class=\"authorBox__name\"><span>por\n\t\t\t<a href=\"https:\/\/www.suno.com.br\/noticias\/author\/renan-dantas\/\"><span itemprop=\"author\">Renan Dantas<\/span><\/a><\/span><time datetime=\"2019-05-27T17:34:40-03:00\" itemprop=\"datePublished\">27\/05\/2019 17:34<\/time><\/div><\/div><\/div><\/div><\/div>","single_layout":"posts","amp_enabled":true,"_links":{"self":[{"href":"https:\/\/www.suno.com.br\/noticias\/wp-json\/wp\/v2\/posts\/26133"}],"collection":[{"href":"https:\/\/www.suno.com.br\/noticias\/wp-json\/wp\/v2\/posts"}],"about":[{"href":"https:\/\/www.suno.com.br\/noticias\/wp-json\/wp\/v2\/types\/post"}],"author":[{"embeddable":true,"href":"https:\/\/www.suno.com.br\/noticias\/wp-json\/wp\/v2\/users\/14"}],"replies":[{"embeddable":true,"href":"https:\/\/www.suno.com.br\/noticias\/wp-json\/wp\/v2\/comments?post=26133"}],"version-history":[{"count":0,"href":"https:\/\/www.suno.com.br\/noticias\/wp-json\/wp\/v2\/posts\/26133\/revisions"}],"wp:featuredmedia":[{"embeddable":true,"href":"https:\/\/www.suno.com.br\/noticias\/wp-json\/wp\/v2\/media\/13447"}],"wp:attachment":[{"href":"https:\/\/www.suno.com.br\/noticias\/wp-json\/wp\/v2\/media?parent=26133"}],"wp:term":[{"taxonomy":"category","embeddable":true,"href":"https:\/\/www.suno.com.br\/noticias\/wp-json\/wp\/v2\/categories?post=26133"},{"taxonomy":"post_tag","embeddable":true,"href":"https:\/\/www.suno.com.br\/noticias\/wp-json\/wp\/v2\/tags?post=26133"},{"taxonomy":"suno_strategy","embeddable":true,"href":"https:\/\/www.suno.com.br\/noticias\/wp-json\/wp\/v2\/suno_strategy?post=26133"}],"curies":[{"name":"wp","href":"https:\/\/api.w.org\/{rel}","templated":true}]}}