{"id":261282,"date":"2022-05-25T13:27:43","date_gmt":"2022-05-25T16:27:43","guid":{"rendered":"https:\/\/www.suno.com.br\/noticias\/?p=261282"},"modified":"2022-05-25T13:27:43","modified_gmt":"2022-05-25T16:27:43","slug":"petrobras-petr4-privatizacao-silva-e-luna","status":"publish","type":"post","link":"https:\/\/www.suno.com.br\/noticias\/petrobras-petr4-privatizacao-silva-e-luna\/","title":{"rendered":"Petrobras (PETR4): troca de presidente &#8216;abre portas para privatiza\u00e7\u00e3o&#8217;, diz Silva e Luna"},"content":{"rendered":"<p>Ex-presidente da <strong>Petrobras<\/strong> (<a href=\"https:\/\/www.suno.com.br\/acoes\/petr4\/\">PETR4<\/a>), o general Joaquim Silva e Luna afirmou que a nova troca no comando da estatal abre portas para a privatiza\u00e7\u00e3o da empresa.<\/p><div class=\"videoFull \">\n\t\t\t<div class=\"videoWrapper yt-lazyload center\"\n\t\t\t\tdata-width=\"960\"\n\t\t\t\tdata-height=\"540\"\n\t\t\t\tdata-id=\"Sv2TsWO_8h4\"\n\t\t\t\tdata-alt=\"V\u00eddeo do YouTube - clique para reproduzir\"\n\t\t\t\tdata-logo=\"3\"\n\t\t\t\tdata-imagequality=\"maxres\">\n\t\t\t<\/div>\n\t\t<\/div><script type=\"application\/ld+json\">{\"@context\":\"https:\/\/schema.org\",\"@type\":\"VideoObject\",\"name\":\"PETROBRAS (PETR4) TOMBA COM RISCO DE INGER\u00caNCIA DO GOVERNO | PetroRio (PRIO3) lidera ganhos\",\"description\":\"\u2728 \ud835\uddd7\ud835\uddd8\ud835\uddd6\ud835\udddf\ud835\uddd4\ud835\udde5\ud835\uddd4\u00c7\u00c3\ud835\udde2 \ud835\uddd4\ud835\udde1\ud835\udde8\ud835\uddd4\ud835\udddf \ud835\uddd7\ud835\uddd8 \ud835\udddc\ud835\udde0\ud835\udde3\ud835\udde2\ud835\udde6\ud835\udde7\ud835\udde2 \ud835\uddd7\ud835\uddd8 \ud835\udde5\ud835\uddd8\ud835\udde1\ud835\uddd7\ud835\uddd4 \ud835\udde6\ud835\uddd8\ud835\udde0 \ud835\uddd8\ud835\udde5\ud835\udde5\ud835\udde2? \ud835\uddd6\ud835\udde2\ud835\udde1\ud835\uddd9\ud835\udddc\ud835\udde5\ud835\uddd4\ud83d\udc49 https:\/\/lp.suno.com.br\/lm\/facilidades-de-apoio-para-declaracao-ir\/?utm_source=youtube.noticias&utm_medium=video&utm_campaign=suno:plataformacontadoradabolsa.20220516 \ud83d\udcca \ud835\udc00\ud835\udc29\ud835\udc2b\ud835\udc1e\ud835\udc27\ud835\udc1d\ud835\udc1a \ud835\udc1c\ud835\udc28\ud835\udc26\ud835\udc28 \ud835\udc1a\ud835\udc27\ud835\udc1a\ud835\udc25\ud835\udc22\ud835\udc2c\ud835\udc1a\ud835\udc2b \ud835\udc2e\ud835\udc26\ud835\udc1a \ud835\udc1a\u00e7\u00e3\ud835\udc28 [\ud835\udc04\ud835\udc01\ud835\udc0e\ud835\udc0e\ud835\udc0a \ud835\udc06\ud835\udc11\ud835\udc00\ud835\udc13\ud835\udc14\ud835\udc08\ud835\udc13\ud835\udc0e] \ud83d\udc49 https:\/\/lp.suno.com.br\/ebook-como-analisar-uma-acao\/?utm_source=youtube.noticias&utm_medium=video&utm_campaign=ebookcomoanalisarumaacao.20220307&utm_content= \ud83d\udcda [\ud835\udc04-\ud835\udc1b\ud835\udc28\ud835\udc28\ud835\udc24 \ud835\udc06\ud835\udc2b\ud835\udc1a\ud835\udc2d\ud835\udc2e\ud835\udc22\ud835\udc2d\ud835\udc28] \ud835\udc06\ud835\udc2e\ud835\udc22\ud835\udc1a \ud835\udc02\ud835\udc28\ud835\udc26\ud835\udc29\ud835\udc25\ud835\udc1e\ud835\udc2d\ud835\udc28: \ud835\udc03\ud835\udc22\ud835\udc2f\ud835\udc22\ud835\udc1d\ud835\udc1e\ud835\udc27\ud835\udc1d\ud835\udc28\ud835\udc2c: https:\/\/lp.suno.com.br\/lm\/ebook\/guia-completo-dividendos\/?utm_source=youtube.noticias&utm_medium=video&utm_campaign=ebook-guiacompleto:dividendos.20220315&utm_content= #Petrobras #Bolsonaro #PETR4 #PETR3 #PRIO3 #PetroRio #Livedas19h #Suno #SunoNot\u00edcias Suno Not\u00edcias - 24\/05\/2022: Petrobras tomba com risco de inger\u00eancia do governo. PetroRio lidera ganhos. Esses s\u00e3o alguns\u2026\",\"duration\":\"PT48M51S\",\"embedUrl\":\"https:\/\/www.youtube.com\/embed\/Sv2TsWO_8h4\",\"regionsAllowed\":\"pt-BR\",\"interactionStatistic\":{\"@type\":\"InteractionCounter\",\"interactionType\":{\"@type\":\"WatchAction\"},\"userInteractionCount\":3157},\"thumbnailUrl\":\"https:\/\/i.ytimg.com\/vi\/Sv2TsWO_8h4\/default.jpg\",\"uploadDate\":\"2022-05-24T22:55:18Z\"}<\/script>\n\n\t<p>\n\t\t<a href=\"\" target=\"_blank\" data-element=\"shortcode-suno-banner\" title=\"Banner SUNO, clique e saiba mais\">\n\t\t\t<picture>\n\t\t\t\t<source media=\"(max-width: 500px)\" srcset=\"\">\n\t\t\t\t<img class=\"newsContent__article__imgCapa newsContent__article__imgCapa--banner\"\n\t\t\t\t\tsrc=\"\"\n\t\t\t\t\tdata-promo-id=\"254218\"\t\t\t\t\t\t\t\t\t\t\t\t\t\t\talt=\"\"\n\t\t\t\t>\n\t\t\t<\/picture>\n\t\t<\/a>\n\t<\/p>\n\n\n<p>A fala do militar, que j\u00e1 foi\u00a0<strong>presidente da Petrobras<\/strong>, ocorre ap\u00f3s <a href=\"https:\/\/www.suno.com.br\/noticias\/bolsonaro-demite-presidente-petrobras-petr4\/\">Jair Bolsonaro (PL)<\/a> decidir pela demiss\u00e3o de Jos\u00e9 Mauro Coelho, que ficou 40 dias no cargo e agora ser\u00e1 substitu\u00eddo. A indica\u00e7\u00e3o do governo para ocupar o cargo \u00e9 de Caio Mario Paes de Andrade, atual secret\u00e1rio de desburocratiza\u00e7\u00e3o do <a class=\"suno-keyword\" href=\"https:\/\/www.suno.com.br\/artigos\/ministerio-da-economia\/\" target=\"_blank\" rel=\"noopener\" data-force=\"no\" data-priority=\"3\">Minist\u00e9rio da Economia<\/a>, chefiado por Paulo Guedes.<\/p>\n<p>\u201cTivemos um \u00fanico contato, para conversar sobre Transpetro, mas n\u00e3o passou disso\u201d, disse <a href=\"https:\/\/www.suno.com.br\/noticias\/petrobras-petr4-cvm-abre-processo-demissao-silva-e-luna\/\"><strong>Silva e Luna<\/strong><\/a>. A declara\u00e7\u00e3o foi divulgada pelo jornalista e colunista do Metr\u00f3poles, Igor Gadelha.<\/p>\n<p>&#8220;A troca de presidente \u00e9 uma avenida para a privatiza\u00e7\u00e3o, se quiserem&#8221;, disse o general, ao site.<\/p>\n<p>Apesar disso, Silva e Luna frisa que a troca do presidente da Petrobras n\u00e3o deve afetar a <a href=\"https:\/\/www.suno.com.br\/noticias\/guedes-comando-petrobras-petr4-politica-precos\/\">pol\u00edtica de pre\u00e7os<\/a> da companhia.<\/p>\n\t<p>\n\t\t<a href=\"https:\/\/lp.suno.com.br\/planilha-controle-gastos\/\" target=\"_blank\" data-element=\"shortcode-suno-banner\" title=\"Banner SUNO, clique e saiba mais\">\n\t\t\t<picture>\n\t\t\t\t<source media=\"(max-width: 500px)\" srcset=\"https:\/\/files.sunoresearch.com.br\/n\/uploads\/2023\/03\/400x300-Planilha-controle-de-gastos.png\">\n\t\t\t\t<img class=\"newsContent__article__imgCapa newsContent__article__imgCapa--banner\"\n\t\t\t\t\tsrc=\"https:\/\/files.sunoresearch.com.br\/n\/uploads\/2023\/03\/1420x240-Planilha-controle-de-gastos.png\"\n\t\t\t\t\tdata-promo-id=\"101751\"\t\t\t\t\t\t\t\t\t\twidth='1420' height='240'\t\t\t\t\talt=\"https:\/\/files.sunoresearch.com.br\/n\/uploads\/2023\/03\/1420x240-Planilha-controle-de-gastos.png\"\n\t\t\t\t>\n\t\t\t<\/picture>\n\t\t<\/a>\n\t<\/p>\n\n\n<p>Apesar da insatisfa\u00e7\u00e3o do Governo Federal com os reajustes em pleno ano eleitoral, as regras de governan\u00e7a e a Lei das Estatais impedem uma interven\u00e7\u00e3o direta na <strong>pol\u00edtica de pre\u00e7os da Petrobras<\/strong>.<\/p>\n<h2>Andrade n\u00e3o mexer\u00e1 nos pre\u00e7os da Petrobras, diz jornal<\/h2>\n<p>O indicado, <strong>Caio Andrade<\/strong>, negou a interlocutores que pretende mudar a\u00a0<strong>pol\u00edtica de pre\u00e7os<\/strong> de combust\u00edveis da estatal, informou a jornalista Bela Megale, em sua coluna de O Globo. Andrade ainda precisa ser aprovado pelo\u00a0<a class=\"suno-keyword\" href=\"https:\/\/www.suno.com.br\/artigos\/conselho-administracao\/\" target=\"_blank\" rel=\"noopener\" data-force=\"no\" data-priority=\"1\">conselho de administra\u00e7\u00e3o<\/a>\u00a0da companhia.<\/p>\n<p>Segundo relataram fontes da colunista do jornal do Rio de Janeiro, o atual secret\u00e1rio de <a href=\"https:\/\/www.suno.com.br\/tudo-sobre\/paulo-guedes\/\"><strong>Paulo Guedes<\/strong> <\/a>avalia que a mudan\u00e7a na pol\u00edtica poderia desorganizar a economia, num efeito cascata, e piorar ainda mais o cen\u00e1rio.<\/p>\n<p>A an\u00e1lise de Andrade, lembra a colunista d&#8217;O Globo, est\u00e1 em linha com o da equipe econ\u00f4mica, o que aumentaria a influ\u00eancia de Guedes no segmento energ\u00e9tico do governo.<\/p>\n\t<p>\n\t\t<a href=\"https:\/\/lp.suno.com.br\/planilha-da-vida-financeira\/\" target=\"_blank\" data-element=\"shortcode-suno-banner\" title=\"Banner SUNO, clique e saiba mais\">\n\t\t\t<picture>\n\t\t\t\t<source media=\"(max-width: 500px)\" srcset=\"https:\/\/files.sunoresearch.com.br\/n\/uploads\/2023\/04\/400x300-Planilha-vida-financeira-true.png\">\n\t\t\t\t<img class=\"newsContent__article__imgCapa newsContent__article__imgCapa--banner\"\n\t\t\t\t\tsrc=\"https:\/\/files.sunoresearch.com.br\/n\/uploads\/2023\/04\/1420x240-Planilha-vida-financeira-true.png\"\n\t\t\t\t\tdata-promo-id=\"106682\"\t\t\t\t\t\t\t\t\t\twidth='1420' height='240'\t\t\t\t\talt=\"https:\/\/files.sunoresearch.com.br\/n\/uploads\/2023\/04\/1420x240-Planilha-vida-financeira-true.png\"\n\t\t\t\t>\n\t\t\t<\/picture>\n\t\t<\/a>\n\t<\/p>\n\n\n<p>O argumento \u00e9 de que os principais culpados pelo aumento dos combust\u00edveis s\u00e3o os governadores, dizendo que o <a href=\"https:\/\/www.suno.com.br\/noticias\/bolsonaro-stf-icms-sobre-combustivel\/\">ICMS<\/a> pesa em grande parte do pre\u00e7o.<\/p>\n<p>Dizem ainda os integrantes da equipe econ\u00f4mica que os chefes dos executivos dos Estados n\u00e3o aplicaram as regras do projeto de lei complementar aprovado no Congresso, o que altera as al\u00edquotas do ICMS dos combust\u00edveis para diminuir os pre\u00e7os, com menor arrecada\u00e7\u00e3o estadual.<\/p>\n<h2>XP v\u00ea oportunidade de compra de PETR4 com \u2018barulho pol\u00edtico\u2019<\/h2>\n<p>Segundo relat\u00f3rio da <a href=\"https:\/\/www.suno.com.br\/noticias\/xp-fundo-private-equity-venture-capital\/\"><strong>XP Investimentos<\/strong><\/a>, publicado ap\u00f3s a not\u00edcia da demiss\u00e3o, embora a not\u00edcia seja negativa por conta da \u201crotatividade de executivos\u201d, a corretora n\u00e3o v\u00ea risco de mudan\u00e7as dr\u00e1sticas na Petrobras nem risco \u00e0 pol\u00edtica de pre\u00e7os.<\/p>\n<p>Os analistas da corretora citam que a Lei das Estatais e o estatuto da Petrobras \u2018blindam\u2019 essas possibilidades, al\u00e9m de evitar um poss\u00edvel subs\u00eddio aos combust\u00edveis como foi feito no passado.<\/p>\n\t<p>\n\t\t<a href=\"https:\/\/lp.suno.com.br\/ebook-como-analisar-uma-acao\/\" target=\"_blank\" data-element=\"shortcode-suno-banner\" title=\"Banner SUNO, clique e saiba mais\">\n\t\t\t<picture>\n\t\t\t\t<source media=\"(max-width: 500px)\" srcset=\"https:\/\/files.sunoresearch.com.br\/n\/uploads\/2023\/03\/Ebook-Acoes-Mobile-1.jpg\">\n\t\t\t\t<img class=\"newsContent__article__imgCapa newsContent__article__imgCapa--banner\"\n\t\t\t\t\tsrc=\"https:\/\/files.sunoresearch.com.br\/n\/uploads\/2023\/03\/Ebook-Acoes-Desktop-1.jpg\"\n\t\t\t\t\tdata-promo-id=\"171998\"\t\t\t\t\t\t\t\t\t\twidth='1420' height='286'\t\t\t\t\talt=\"https:\/\/files.sunoresearch.com.br\/n\/uploads\/2023\/03\/Ebook-Acoes-Desktop-1.jpg\"\n\t\t\t\t>\n\t\t\t<\/picture>\n\t\t<\/a>\n\t<\/p>\n\n\n<p>Al\u00e9m disso, o relat\u00f3rio, assinado pelo Head de \u00d3leo, G\u00e1s e Materiais B\u00e1sicos, Andre Vidal, e pela analista de pol\u00edtica Junia Gama, cita que Paes de Andrade \u00e9 \u201cfortemente ligado a Paulo Guedes\u201d, e que o ministro n\u00e3o \u00e9 a favor de mudan\u00e7as na pol\u00edtica de pre\u00e7os de combust\u00edveis da Petrobras.<\/p>\n<p>A recomenda\u00e7\u00e3o da XP \u00e9 de compra para as a\u00e7\u00f5es da <strong>estatal<\/strong>, com pre\u00e7o-alvo de R$ 47,80 para as a\u00e7\u00f5es brasileiras (<a href=\"https:\/\/statusinvest.com.br\/acoes\/petr3\"><strong>PETR3<\/strong> <\/a>e <a href=\"https:\/\/statusinvest.com.br\/acoes\/petr4\"><strong>PETR4<\/strong><\/a>) e US$ 18,40 para as ADRs listadas em Nova York<\/p>\n<p>\u201cMesmo com tanto barulho pol\u00edtico, ainda vemos o caso da <strong>Petrobras<\/strong> como assim\u00e9trico, respaldado por um m\u00faltiplo muito baixo (2,4x EV\/EBITDA 2022 ante 3,4x das grandes petrol\u00edferas ocidentais) e um forte fluxo de <a class=\"suno-keyword\" href=\"https:\/\/www.suno.com.br\/guias\/dividendos\/\" target=\"_blank\" rel=\"noopener\" data-force=\"no\" data-priority=\"1\">dividendos<\/a> (yield de 24 % para 2022 e ~100% para os pr\u00f3ximos 5 anos)\u201d, diz a XP.<\/p>\n\t<p>\n\t\t<a href=\"https:\/\/lp.suno.com.br\/planilha-de-controle-de-investimentos\/\" target=\"_blank\" data-element=\"shortcode-suno-banner\" title=\"Banner SUNO, clique e saiba mais\">\n\t\t\t<picture>\n\t\t\t\t<source media=\"(max-width: 500px)\" srcset=\"https:\/\/files.sunoresearch.com.br\/n\/uploads\/2023\/03\/400x300-Controle-de-Investimentos.png\">\n\t\t\t\t<img class=\"newsContent__article__imgCapa newsContent__article__imgCapa--banner\"\n\t\t\t\t\tsrc=\"https:\/\/files.sunoresearch.com.br\/n\/uploads\/2023\/03\/1420x240-Controle-de-Investimentos.png\"\n\t\t\t\t\tdata-promo-id=\"75934\"\t\t\t\t\t\t\t\t\t\twidth='1420' height='240'\t\t\t\t\talt=\"https:\/\/files.sunoresearch.com.br\/n\/uploads\/2023\/03\/1420x240-Controle-de-Investimentos.png\"\n\t\t\t\t>\n\t\t\t<\/picture>\n\t\t<\/a>\n\t<\/p>\n\n\n","protected":false},"excerpt":{"rendered":"<p>Ex-presidente da Petrobras (PETR4), o general Joaquim Silva e Luna afirmou que a nova troca no comando da estatal abre portas para a privatiza\u00e7\u00e3o da empresa. A fala do militar, que j\u00e1 foi\u00a0presidente da Petrobras, ocorre ap\u00f3s Jair Bolsonaro (PL) decidir pela demiss\u00e3o de Jos\u00e9 Mauro Coelho, que ficou 40 dias no cargo e agora [&hellip;]<\/p>\n","protected":false},"author":73,"featured_media":220070,"comment_status":"closed","ping_status":"closed","sticky":false,"template":"","format":"standard","meta":[],"categories":[64],"tags":[105816,719,105988,595],"suno_strategy":[],"class_list":["post-261282","post","type-post","status-publish","format-standard","has-post-thumbnail","hentry","category-negocios","tag-especialistas","tag-jair-bolsonaro","tag-joaquim-silva-e-luna","tag-petrobras-petr4"],"yoast_head":"<!-- This site is optimized with the Yoast SEO plugin v24.4 - https:\/\/yoast.com\/wordpress\/plugins\/seo\/ -->\n<title>Petrobras (PETR4): troca de CEO &#039;abre&#039; privatiza\u00e7\u00e3o, diz Silva e Luna<\/title>\n<meta name=\"description\" content=\"Fala do ex-presidente da Petrobras se refere \u00e0 &#039;dan\u00e7a das cadeiras&#039; da estatal e enfatiza pol\u00edtica de pre\u00e7os est\u00e1vel. Clique e leia mais\" \/>\n<meta name=\"robots\" content=\"index, follow, max-snippet:-1, max-image-preview:large, max-video-preview:-1\" \/>\n<link rel=\"canonical\" href=\"https:\/\/www.suno.com.br\/noticias\/petrobras-petr4-privatizacao-silva-e-luna\/\" \/>\n<meta property=\"og:locale\" content=\"pt_BR\" \/>\n<meta property=\"og:type\" content=\"article\" \/>\n<meta property=\"og:title\" content=\"Petrobras (PETR4): troca de CEO &#039;abre&#039; privatiza\u00e7\u00e3o, diz Silva e Luna\" \/>\n<meta property=\"og:description\" content=\"Fala do ex-presidente da Petrobras se refere \u00e0 &#039;dan\u00e7a das cadeiras&#039; da estatal e enfatiza pol\u00edtica de pre\u00e7os est\u00e1vel. Clique e leia mais\" \/>\n<meta property=\"og:url\" content=\"https:\/\/www.suno.com.br\/noticias\/petrobras-petr4-privatizacao-silva-e-luna\/\" \/>\n<meta property=\"og:site_name\" content=\"Suno Not\u00edcias\" \/>\n<meta property=\"article:publisher\" content=\"https:\/\/facebook.com\/sunoresearch\" \/>\n<meta property=\"og:image\" content=\"https:\/\/files.sunoresearch.com.br\/n\/uploads\/2022\/01\/petrobras-silva-e-luna-scaled.jpg\" \/>\n\t<meta property=\"og:image:width\" content=\"2560\" \/>\n\t<meta property=\"og:image:height\" content=\"1704\" \/>\n\t<meta property=\"og:image:type\" content=\"image\/jpeg\" \/>\n<meta name=\"author\" content=\"Eduardo Vargas\" \/>\n<meta name=\"twitter:card\" content=\"summary_large_image\" \/>\n<meta name=\"twitter:creator\" content=\"@sunoresearch\" \/>\n<meta name=\"twitter:site\" content=\"@sunoresearch\" \/>\n<meta name=\"twitter:label1\" content=\"Escrito por\" \/>\n\t<meta name=\"twitter:data1\" content=\"Eduardo Vargas\" \/>\n\t<meta name=\"twitter:label2\" content=\"Est. tempo de leitura\" \/>\n\t<meta name=\"twitter:data2\" content=\"3 minutos\" \/>\n<script type=\"application\/ld+json\" class=\"yoast-schema-graph\">{\"@context\":\"https:\/\/schema.org\",\"@graph\":[{\"@type\":\"NewsArticle\",\"@id\":\"https:\/\/www.suno.com.br\/noticias\/petrobras-petr4-privatizacao-silva-e-luna\/#article\",\"isPartOf\":{\"@id\":\"https:\/\/www.suno.com.br\/noticias\/petrobras-petr4-privatizacao-silva-e-luna\/\"},\"author\":{\"name\":\"Eduardo Vargas\",\"@id\":\"https:\/\/www.suno.com.br\/noticias\/#\/schema\/person\/7f4d362bf3518e76090143ae77bb49a5\"},\"headline\":\"Petrobras (PETR4): troca de presidente &#8216;abre portas para privatiza\u00e7\u00e3o&#8217;, diz Silva e Luna\",\"datePublished\":\"2022-05-25T16:27:43+00:00\",\"mainEntityOfPage\":{\"@id\":\"https:\/\/www.suno.com.br\/noticias\/petrobras-petr4-privatizacao-silva-e-luna\/\"},\"wordCount\":672,\"publisher\":{\"@id\":\"https:\/\/www.suno.com.br\/noticias\/#organization\"},\"image\":{\"@id\":\"https:\/\/www.suno.com.br\/noticias\/petrobras-petr4-privatizacao-silva-e-luna\/#primaryimage\"},\"thumbnailUrl\":\"https:\/\/files.sunoresearch.com.br\/n\/uploads\/2022\/01\/petrobras-silva-e-luna-scaled.jpg\",\"keywords\":[\"Especialistas\",\"Jair Bolsonaro\",\"Joaquim Silva e Luna\",\"Petrobras (PETR4)\"],\"articleSection\":[\"Neg\u00f3cios\"],\"inLanguage\":\"pt-BR\"},{\"@type\":\"WebPage\",\"@id\":\"https:\/\/www.suno.com.br\/noticias\/petrobras-petr4-privatizacao-silva-e-luna\/\",\"url\":\"https:\/\/www.suno.com.br\/noticias\/petrobras-petr4-privatizacao-silva-e-luna\/\",\"name\":\"Petrobras (PETR4): troca de CEO 'abre' privatiza\u00e7\u00e3o, diz Silva e Luna\",\"isPartOf\":{\"@id\":\"https:\/\/www.suno.com.br\/noticias\/#website\"},\"primaryImageOfPage\":{\"@id\":\"https:\/\/www.suno.com.br\/noticias\/petrobras-petr4-privatizacao-silva-e-luna\/#primaryimage\"},\"image\":{\"@id\":\"https:\/\/www.suno.com.br\/noticias\/petrobras-petr4-privatizacao-silva-e-luna\/#primaryimage\"},\"thumbnailUrl\":\"https:\/\/files.sunoresearch.com.br\/n\/uploads\/2022\/01\/petrobras-silva-e-luna-scaled.jpg\",\"datePublished\":\"2022-05-25T16:27:43+00:00\",\"description\":\"Fala do ex-presidente da Petrobras se refere \u00e0 'dan\u00e7a das cadeiras' da estatal e enfatiza pol\u00edtica de pre\u00e7os est\u00e1vel. Clique e leia mais\",\"breadcrumb\":{\"@id\":\"https:\/\/www.suno.com.br\/noticias\/petrobras-petr4-privatizacao-silva-e-luna\/#breadcrumb\"},\"inLanguage\":\"pt-BR\",\"potentialAction\":[{\"@type\":\"ReadAction\",\"target\":[\"https:\/\/www.suno.com.br\/noticias\/petrobras-petr4-privatizacao-silva-e-luna\/\"]}]},{\"@type\":\"ImageObject\",\"inLanguage\":\"pt-BR\",\"@id\":\"https:\/\/www.suno.com.br\/noticias\/petrobras-petr4-privatizacao-silva-e-luna\/#primaryimage\",\"url\":\"https:\/\/files.sunoresearch.com.br\/n\/uploads\/2022\/01\/petrobras-silva-e-luna-scaled.jpg\",\"contentUrl\":\"https:\/\/files.sunoresearch.com.br\/n\/uploads\/2022\/01\/petrobras-silva-e-luna-scaled.jpg\",\"width\":2560,\"height\":1704,\"caption\":\"Atual presidente da Petrobras, Joaquim Silva e Luna. Foto: Marcelo Camargo\/Ag\u00eancia Brasil\"},{\"@type\":\"BreadcrumbList\",\"@id\":\"https:\/\/www.suno.com.br\/noticias\/petrobras-petr4-privatizacao-silva-e-luna\/#breadcrumb\",\"itemListElement\":[{\"@type\":\"ListItem\",\"position\":1,\"name\":\"Not\u00edcias\",\"item\":\"https:\/\/www.suno.com.br\/noticias\/\"},{\"@type\":\"ListItem\",\"position\":2,\"name\":\"Neg\u00f3cios\",\"item\":\"https:\/\/www.suno.com.br\/noticias\/negocios\/\"},{\"@type\":\"ListItem\",\"position\":3,\"name\":\"Petrobras (PETR4): troca de presidente &#8216;abre portas para privatiza\u00e7\u00e3o&#8217;, diz Silva e Luna\"}]},{\"@type\":\"WebSite\",\"@id\":\"https:\/\/www.suno.com.br\/noticias\/#website\",\"url\":\"https:\/\/www.suno.com.br\/noticias\/\",\"name\":\"Suno Not\u00edcias\",\"description\":\"Seu portal de informa\u00e7\u00e3o sobre o mundo dos investimentos\",\"publisher\":{\"@id\":\"https:\/\/www.suno.com.br\/noticias\/#organization\"},\"potentialAction\":[{\"@type\":\"SearchAction\",\"target\":{\"@type\":\"EntryPoint\",\"urlTemplate\":\"https:\/\/www.suno.com.br\/noticias\/?s={search_term_string}\"},\"query-input\":{\"@type\":\"PropertyValueSpecification\",\"valueRequired\":true,\"valueName\":\"search_term_string\"}}],\"inLanguage\":\"pt-BR\"},{\"@type\":\"Organization\",\"@id\":\"https:\/\/www.suno.com.br\/noticias\/#organization\",\"name\":\"Suno Not\u00edcias\",\"url\":\"https:\/\/www.suno.com.br\/noticias\/\",\"logo\":{\"@type\":\"ImageObject\",\"inLanguage\":\"pt-BR\",\"@id\":\"https:\/\/www.suno.com.br\/noticias\/#\/schema\/logo\/image\/\",\"url\":\"https:\/\/files.sunoresearch.com.br\/n\/uploads\/2021\/09\/suno-logo.png\",\"contentUrl\":\"https:\/\/files.sunoresearch.com.br\/n\/uploads\/2021\/09\/suno-logo.png\",\"width\":180,\"height\":180,\"caption\":\"Suno Not\u00edcias\"},\"image\":{\"@id\":\"https:\/\/www.suno.com.br\/noticias\/#\/schema\/logo\/image\/\"},\"sameAs\":[\"https:\/\/facebook.com\/sunoresearch\",\"https:\/\/x.com\/sunoresearch\",\"https:\/\/www.instagram.com\/suno\",\"https:\/\/www.linkedin.com\/company\/suno-research\/\",\"https:\/\/www.youtube.com\/c\/sunoresearch\"]},{\"@type\":\"Person\",\"@id\":\"https:\/\/www.suno.com.br\/noticias\/#\/schema\/person\/7f4d362bf3518e76090143ae77bb49a5\",\"name\":\"Eduardo Vargas\",\"image\":{\"@type\":\"ImageObject\",\"inLanguage\":\"pt-BR\",\"@id\":\"https:\/\/www.suno.com.br\/noticias\/#\/schema\/person\/image\/\",\"url\":\"https:\/\/secure.gravatar.com\/avatar\/dac340933427a22924c9f99d1eb2e3f2?s=96&r=g\",\"contentUrl\":\"https:\/\/secure.gravatar.com\/avatar\/dac340933427a22924c9f99d1eb2e3f2?s=96&r=g\",\"caption\":\"Eduardo Vargas\"},\"description\":\"Jornalista formado pela UFSC, cobre macroeconomia, neg\u00f3cios e startups para o Suno Not\u00edcias, escrevendo principalmente not\u00edcias sobre o mercado financeiro e a bolsa de valores. No YouTube e no Instagram, \u00e9 respons\u00e1vel pela produ\u00e7\u00e3o de Reels e Shorts do Suno Not\u00edcias. Anteriormente, trabalhou cobrindo economia e cotidiano no ND+ e para o ND, maior jornal impresso de Santa Catarina. Cursou um semestre letivo de Estudos de M\u00eddia na Universidad de Buenos Aires.\",\"url\":\"https:\/\/www.suno.com.br\/noticias\/author\/eduardo-vargas\/\"}]}<\/script>\n<!-- \/ Yoast SEO plugin. -->","yoast_head_json":{"title":"Petrobras (PETR4): troca de CEO 'abre' privatiza\u00e7\u00e3o, diz Silva e Luna","description":"Fala do ex-presidente da Petrobras se refere \u00e0 'dan\u00e7a das cadeiras' da estatal e enfatiza pol\u00edtica de pre\u00e7os est\u00e1vel. Clique e leia mais","robots":{"index":"index","follow":"follow","max-snippet":"max-snippet:-1","max-image-preview":"max-image-preview:large","max-video-preview":"max-video-preview:-1"},"canonical":"https:\/\/www.suno.com.br\/noticias\/petrobras-petr4-privatizacao-silva-e-luna\/","og_locale":"pt_BR","og_type":"article","og_title":"Petrobras (PETR4): troca de CEO 'abre' privatiza\u00e7\u00e3o, diz Silva e Luna","og_description":"Fala do ex-presidente da Petrobras se refere \u00e0 'dan\u00e7a das cadeiras' da estatal e enfatiza pol\u00edtica de pre\u00e7os est\u00e1vel. Clique e leia mais","og_url":"https:\/\/www.suno.com.br\/noticias\/petrobras-petr4-privatizacao-silva-e-luna\/","og_site_name":"Suno Not\u00edcias","article_publisher":"https:\/\/facebook.com\/sunoresearch","og_image":[{"width":2560,"height":1704,"url":"https:\/\/files.sunoresearch.com.br\/n\/uploads\/2022\/01\/petrobras-silva-e-luna-scaled.jpg","type":"image\/jpeg"}],"author":"Eduardo Vargas","twitter_card":"summary_large_image","twitter_creator":"@sunoresearch","twitter_site":"@sunoresearch","twitter_misc":{"Escrito por":"Eduardo Vargas","Est. tempo de leitura":"3 minutos"},"schema":{"@context":"https:\/\/schema.org","@graph":[{"@type":"NewsArticle","@id":"https:\/\/www.suno.com.br\/noticias\/petrobras-petr4-privatizacao-silva-e-luna\/#article","isPartOf":{"@id":"https:\/\/www.suno.com.br\/noticias\/petrobras-petr4-privatizacao-silva-e-luna\/"},"author":{"name":"Eduardo Vargas","@id":"https:\/\/www.suno.com.br\/noticias\/#\/schema\/person\/7f4d362bf3518e76090143ae77bb49a5"},"headline":"Petrobras (PETR4): troca de presidente &#8216;abre portas para privatiza\u00e7\u00e3o&#8217;, diz Silva e Luna","datePublished":"2022-05-25T16:27:43+00:00","mainEntityOfPage":{"@id":"https:\/\/www.suno.com.br\/noticias\/petrobras-petr4-privatizacao-silva-e-luna\/"},"wordCount":672,"publisher":{"@id":"https:\/\/www.suno.com.br\/noticias\/#organization"},"image":{"@id":"https:\/\/www.suno.com.br\/noticias\/petrobras-petr4-privatizacao-silva-e-luna\/#primaryimage"},"thumbnailUrl":"https:\/\/files.sunoresearch.com.br\/n\/uploads\/2022\/01\/petrobras-silva-e-luna-scaled.jpg","keywords":["Especialistas","Jair Bolsonaro","Joaquim Silva e Luna","Petrobras (PETR4)"],"articleSection":["Neg\u00f3cios"],"inLanguage":"pt-BR"},{"@type":"WebPage","@id":"https:\/\/www.suno.com.br\/noticias\/petrobras-petr4-privatizacao-silva-e-luna\/","url":"https:\/\/www.suno.com.br\/noticias\/petrobras-petr4-privatizacao-silva-e-luna\/","name":"Petrobras (PETR4): troca de CEO 'abre' privatiza\u00e7\u00e3o, diz Silva e Luna","isPartOf":{"@id":"https:\/\/www.suno.com.br\/noticias\/#website"},"primaryImageOfPage":{"@id":"https:\/\/www.suno.com.br\/noticias\/petrobras-petr4-privatizacao-silva-e-luna\/#primaryimage"},"image":{"@id":"https:\/\/www.suno.com.br\/noticias\/petrobras-petr4-privatizacao-silva-e-luna\/#primaryimage"},"thumbnailUrl":"https:\/\/files.sunoresearch.com.br\/n\/uploads\/2022\/01\/petrobras-silva-e-luna-scaled.jpg","datePublished":"2022-05-25T16:27:43+00:00","description":"Fala do ex-presidente da Petrobras se refere \u00e0 'dan\u00e7a das cadeiras' da estatal e enfatiza pol\u00edtica de pre\u00e7os est\u00e1vel. Clique e leia mais","breadcrumb":{"@id":"https:\/\/www.suno.com.br\/noticias\/petrobras-petr4-privatizacao-silva-e-luna\/#breadcrumb"},"inLanguage":"pt-BR","potentialAction":[{"@type":"ReadAction","target":["https:\/\/www.suno.com.br\/noticias\/petrobras-petr4-privatizacao-silva-e-luna\/"]}]},{"@type":"ImageObject","inLanguage":"pt-BR","@id":"https:\/\/www.suno.com.br\/noticias\/petrobras-petr4-privatizacao-silva-e-luna\/#primaryimage","url":"https:\/\/files.sunoresearch.com.br\/n\/uploads\/2022\/01\/petrobras-silva-e-luna-scaled.jpg","contentUrl":"https:\/\/files.sunoresearch.com.br\/n\/uploads\/2022\/01\/petrobras-silva-e-luna-scaled.jpg","width":2560,"height":1704,"caption":"Atual presidente da Petrobras, Joaquim Silva e Luna. Foto: Marcelo Camargo\/Ag\u00eancia Brasil"},{"@type":"BreadcrumbList","@id":"https:\/\/www.suno.com.br\/noticias\/petrobras-petr4-privatizacao-silva-e-luna\/#breadcrumb","itemListElement":[{"@type":"ListItem","position":1,"name":"Not\u00edcias","item":"https:\/\/www.suno.com.br\/noticias\/"},{"@type":"ListItem","position":2,"name":"Neg\u00f3cios","item":"https:\/\/www.suno.com.br\/noticias\/negocios\/"},{"@type":"ListItem","position":3,"name":"Petrobras (PETR4): troca de presidente &#8216;abre portas para privatiza\u00e7\u00e3o&#8217;, diz Silva e Luna"}]},{"@type":"WebSite","@id":"https:\/\/www.suno.com.br\/noticias\/#website","url":"https:\/\/www.suno.com.br\/noticias\/","name":"Suno Not\u00edcias","description":"Seu portal de informa\u00e7\u00e3o sobre o mundo dos investimentos","publisher":{"@id":"https:\/\/www.suno.com.br\/noticias\/#organization"},"potentialAction":[{"@type":"SearchAction","target":{"@type":"EntryPoint","urlTemplate":"https:\/\/www.suno.com.br\/noticias\/?s={search_term_string}"},"query-input":{"@type":"PropertyValueSpecification","valueRequired":true,"valueName":"search_term_string"}}],"inLanguage":"pt-BR"},{"@type":"Organization","@id":"https:\/\/www.suno.com.br\/noticias\/#organization","name":"Suno Not\u00edcias","url":"https:\/\/www.suno.com.br\/noticias\/","logo":{"@type":"ImageObject","inLanguage":"pt-BR","@id":"https:\/\/www.suno.com.br\/noticias\/#\/schema\/logo\/image\/","url":"https:\/\/files.sunoresearch.com.br\/n\/uploads\/2021\/09\/suno-logo.png","contentUrl":"https:\/\/files.sunoresearch.com.br\/n\/uploads\/2021\/09\/suno-logo.png","width":180,"height":180,"caption":"Suno Not\u00edcias"},"image":{"@id":"https:\/\/www.suno.com.br\/noticias\/#\/schema\/logo\/image\/"},"sameAs":["https:\/\/facebook.com\/sunoresearch","https:\/\/x.com\/sunoresearch","https:\/\/www.instagram.com\/suno","https:\/\/www.linkedin.com\/company\/suno-research\/","https:\/\/www.youtube.com\/c\/sunoresearch"]},{"@type":"Person","@id":"https:\/\/www.suno.com.br\/noticias\/#\/schema\/person\/7f4d362bf3518e76090143ae77bb49a5","name":"Eduardo Vargas","image":{"@type":"ImageObject","inLanguage":"pt-BR","@id":"https:\/\/www.suno.com.br\/noticias\/#\/schema\/person\/image\/","url":"https:\/\/secure.gravatar.com\/avatar\/dac340933427a22924c9f99d1eb2e3f2?s=96&r=g","contentUrl":"https:\/\/secure.gravatar.com\/avatar\/dac340933427a22924c9f99d1eb2e3f2?s=96&r=g","caption":"Eduardo Vargas"},"description":"Jornalista formado pela UFSC, cobre macroeconomia, neg\u00f3cios e startups para o Suno Not\u00edcias, escrevendo principalmente not\u00edcias sobre o mercado financeiro e a bolsa de valores. No YouTube e no Instagram, \u00e9 respons\u00e1vel pela produ\u00e7\u00e3o de Reels e Shorts do Suno Not\u00edcias. Anteriormente, trabalhou cobrindo economia e cotidiano no ND+ e para o ND, maior jornal impresso de Santa Catarina. Cursou um semestre letivo de Estudos de M\u00eddia na Universidad de Buenos Aires.","url":"https:\/\/www.suno.com.br\/noticias\/author\/eduardo-vargas\/"}]}},"default_loop_html":"<div class=\"cardsPage__listCard__boxs\"><div class=\"cardsPage__listCard__boxs__img\"><a href=\"https:\/\/www.suno.com.br\/noticias\/petrobras-petr4-privatizacao-silva-e-luna\/\"><img class=\"mask\" src=\"https:\/\/www.suno.com.br\/noticias\/wp-content\/themes\/suno\/resources\/images\/spotlight\/spotlight1img\/bg-mask.png\" alt=\"Image Mask\"\/><img src=\"https:\/\/files.sunoresearch.com.br\/n\/uploads\/2022\/01\/petrobras-silva-e-luna-400x200.jpg\" alt=\"Petrobras (PETR4): troca de presidente &#8216;abre portas para privatiza\u00e7\u00e3o&#8217;, diz Silva e Luna\"\/><\/a><span class=\"spotlightCategory\"><a href=\"https:\/\/www.suno.com.br\/noticias\/negocios\/\">Neg\u00f3cios<\/a><\/span><\/div><div class=\"cardsPage__listCard__boxs__content\"><a href=\"https:\/\/www.suno.com.br\/noticias\/petrobras-petr4-privatizacao-silva-e-luna\/\"><h2 class=\"content__title\">Petrobras (PETR4): troca de presidente &#8216;abre portas para privatiza\u00e7\u00e3o&#8217;, diz Silva e Luna<\/h2><\/a><div class=\"newsContent__article__meta\"><div class=\"newsContent__article__meta__authorBox\"><a href=\"https:\/\/www.suno.com.br\/noticias\/author\/eduardo-vargas\/\" class=\"authorBox__avatar noMobi\"><img src=\"https:\/\/secure.gravatar.com\/avatar\/dac340933427a22924c9f99d1eb2e3f2?s=96&#038;r=g\" alt=\"Eduardo Vargas\"><\/a><div class=\"authorBox__name\"><span>por\n\t\t\t<a href=\"https:\/\/www.suno.com.br\/noticias\/author\/eduardo-vargas\/\"><span itemprop=\"author\">Eduardo Vargas<\/span><\/a><\/span><time datetime=\"2022-05-25T13:27:43-03:00\" itemprop=\"datePublished\">25\/05\/2022 13:27<\/time><\/div><\/div><\/div><\/div><\/div>","single_layout":"posts","amp_enabled":true,"_links":{"self":[{"href":"https:\/\/www.suno.com.br\/noticias\/wp-json\/wp\/v2\/posts\/261282"}],"collection":[{"href":"https:\/\/www.suno.com.br\/noticias\/wp-json\/wp\/v2\/posts"}],"about":[{"href":"https:\/\/www.suno.com.br\/noticias\/wp-json\/wp\/v2\/types\/post"}],"author":[{"embeddable":true,"href":"https:\/\/www.suno.com.br\/noticias\/wp-json\/wp\/v2\/users\/73"}],"replies":[{"embeddable":true,"href":"https:\/\/www.suno.com.br\/noticias\/wp-json\/wp\/v2\/comments?post=261282"}],"version-history":[{"count":3,"href":"https:\/\/www.suno.com.br\/noticias\/wp-json\/wp\/v2\/posts\/261282\/revisions"}],"predecessor-version":[{"id":261302,"href":"https:\/\/www.suno.com.br\/noticias\/wp-json\/wp\/v2\/posts\/261282\/revisions\/261302"}],"wp:featuredmedia":[{"embeddable":true,"href":"https:\/\/www.suno.com.br\/noticias\/wp-json\/wp\/v2\/media\/220070"}],"wp:attachment":[{"href":"https:\/\/www.suno.com.br\/noticias\/wp-json\/wp\/v2\/media?parent=261282"}],"wp:term":[{"taxonomy":"category","embeddable":true,"href":"https:\/\/www.suno.com.br\/noticias\/wp-json\/wp\/v2\/categories?post=261282"},{"taxonomy":"post_tag","embeddable":true,"href":"https:\/\/www.suno.com.br\/noticias\/wp-json\/wp\/v2\/tags?post=261282"},{"taxonomy":"suno_strategy","embeddable":true,"href":"https:\/\/www.suno.com.br\/noticias\/wp-json\/wp\/v2\/suno_strategy?post=261282"}],"curies":[{"name":"wp","href":"https:\/\/api.w.org\/{rel}","templated":true}]}}