{"id":261185,"date":"2022-05-24T22:54:13","date_gmt":"2022-05-25T01:54:13","guid":{"rendered":"https:\/\/www.suno.com.br\/noticias\/?p=261185"},"modified":"2022-05-24T22:56:03","modified_gmt":"2022-05-25T01:56:03","slug":"radar-petrobras-petr4-banco-inter-bidi4-nubank-nubr33","status":"publish","type":"post","link":"https:\/\/www.suno.com.br\/noticias\/radar-petrobras-petr4-banco-inter-bidi4-nubank-nubr33\/","title":{"rendered":"Radar: a\u00e7\u00f5es da Petrobras (PETR4) afundam ap\u00f3s demiss\u00e3o de CEO, Banco Inter (BIDI4) movimenta R$ 1,13 bi, Nubank (NUBR33) vale menos que o BTG"},"content":{"rendered":"<p>O\u00a0<strong>Ibovespa hoje<\/strong> encerrou a ter\u00e7a-feira (24) em alta de 0,21%, aos 110.580,79 pontos, ap\u00f3s oscilar entre 108.399,23 e 110.635,27 pontos. O \u00edndice passou o dia no negativo, com o mercado repercutindo a demiss\u00e3o do presidente Jos\u00e9 Mauro Coelho 40 dias ap\u00f3s assumir o cargo. Pesaram tamb\u00e9m discuss\u00f5es e rumores sobre inger\u00eancia do governo na pol\u00edtica de pre\u00e7os da estatal. O Ibovespa s\u00f3 reverteu a trajet\u00f3ria no final do preg\u00e3o, com a redu\u00e7\u00e3o das perdas da Petrobras &#8212; que mesmo assim encerrou em queda de 2,9%.<\/p>\t<div class=\"wrapper-featured-image\">\n\t\t<figure class=\"spotlightImg\">\n\n\t\t\t<picture>\n\t\t\t\t<source media=\"(max-width: 768px)\" srcset=\"https:\/\/files.sunoresearch.com.br\/n\/uploads\/2021\/03\/6f09be34-petrobras3-400x200.webp\">\n\t\t\t\t<img loading=\"lazy\" decoding=\"async\" class=\"newsContent__article__imgCapa lazyloadDisabled \" src=\"https:\/\/files.sunoresearch.com.br\/n\/uploads\/2021\/03\/6f09be34-petrobras3-800x450.webp\" width=\"800\" height=\"450\" alt=\"Radar: a\u00e7\u00f5es da Petrobras (PETR4) afundam ap\u00f3s demiss\u00e3o de CEO, Banco Inter (BIDI4) movimenta R$ 1,13 bi, Nubank (NUBR33) vale menos que o BTG\" fetchpriority=high \/>\n\t\t\t<\/picture>\n\n\t\t\t<figcaption class=\"wp-caption-text wp-caption-text--show\">Petrobras (PETR4); dividendos Edif\u00edcio Sede. Foto: Divulga\u00e7\u00e3o<\/figcaption>\n\t\t<\/figure>\n\t<\/div>\n\n\n\t<p>\n\t\t<a href=\"\" target=\"_blank\" data-element=\"shortcode-suno-banner\" title=\"Banner SUNO, clique e saiba mais\">\n\t\t\t<picture>\n\t\t\t\t<source media=\"(max-width: 500px)\" srcset=\"\">\n\t\t\t\t<img class=\"newsContent__article__imgCapa newsContent__article__imgCapa--banner\"\n\t\t\t\t\tsrc=\"\"\n\t\t\t\t\tdata-promo-id=\"138420\"\t\t\t\t\t\t\t\t\t\t\t\t\t\t\talt=\"\"\n\t\t\t\t>\n\t\t\t<\/picture>\n\t\t<\/a>\n\t<\/p>\n\n\n<p>\u201cUm caneta\u00e7o para mudar a pol\u00edtica de pre\u00e7os seria um tiro no p\u00e9 para o pr\u00f3prio ministro Guedes da Economia, a quem o novo presidente indicado para a Petrobras, Caio Paes de Andrade, era subordinado, como secret\u00e1rio de Desburocratiza\u00e7\u00e3o do Minist\u00e9rio\u201d, diz Arthur Schneider, respons\u00e1vel pela distribui\u00e7\u00e3o de produtos na Monte Bravo Investimentos. Ainda assim, em Nova York, pela manh\u00e3, os recibos da Petrobras ca\u00edam 12% antes da abertura dos neg\u00f3cios na B3.<\/p>\n<p>\u201cO mercado se pergunta: qual o motivo de uma troca t\u00e3o r\u00e1pida? A \u00faltima era ainda bem recente e, al\u00e9m disso, j\u00e1 existe uma defasagem de pre\u00e7os para a gasolina e o diesel em rela\u00e7\u00e3o \u00e0 paridade internacional. E chegando nesse momento, perto da elei\u00e7\u00e3o, a incerteza cresce quanto \u00e0 continuidade da pol\u00edtica de pre\u00e7os da empresa\u201d, diz Romero Oliveira, head de renda vari\u00e1vel da Valor Investimentos.<\/p>\n<p>Jos\u00e9 Mauro Ferreira Coelho foi demitido do cargo de\u00a0<strong>presidente da Petrobras (<a href=\"https:\/\/www.suno.com.br\/acoes\/petr4\/\">PETR4<\/a>)<\/strong>\u00a0pelo telefone nesta segunda (23). O executivo soube que deixaria a estatal meia hora antes do an\u00fancio oficial do governo sobre seu desligamento. As informa\u00e7\u00f5es s\u00e3o do colunista Lauro Jardim, de O Globo.<\/p>\n<p>O ministro-chefe da Casa Civil, Ciro Nogueira, afirmou nesta ter\u00e7a-feira, 24, que a troca de\u00a0<strong>comando na Petrobras<\/strong>\u00a0era algo esperado. Ele atribuiu a mudan\u00e7a \u00e0 posse de\u00a0<strong>Adolfo Sachsida<\/strong>\u00a0no Minist\u00e9rio de Minas e Energia.<\/p>\n<p>\u201cTivemos a troca do comando do minist\u00e9rio, para o ministro Sachsida. Acho que a pol\u00edtica que diz respeito a esse setor no pa\u00eds, apesar de a Petrobras ter sua independ\u00eancia de gest\u00e3o, tem que estar completamente alinhada com o novo ministro. Ent\u00e3o, j\u00e1 era esperado\u201d, disse o ministro em entrevista ao SBT News.<\/p>\n<p>O presidente da Rep\u00fablica,<strong>\u00a0Jair Bolsonaro<\/strong>, demitiu Jos\u00e9 Mauro Coelho da<strong>\u00a0presid\u00eancia da Petrobras<\/strong>\u00a0e indicou para o cargo o secret\u00e1rio especial de desburocratiza\u00e7\u00e3o do\u00a0<a class=\"suno-keyword\" href=\"https:\/\/www.suno.com.br\/artigos\/ministerio-da-economia\/\" target=\"_blank\" rel=\"noopener\" data-force=\"no\" data-priority=\"3\">Minist\u00e9rio da Economia<\/a>, Caio Paes de Andrade.<\/p>\n<p>Coelho foi demitido em meio \u00e0 revolta do chefe do Executivo com o aumento dos\u00a0<strong>pre\u00e7o dos combust\u00edveis<\/strong>. O mesmo aconteceu com Bento Albuquerque, demitido do Minist\u00e9rio de Minas e Energia e substitu\u00eddo por Sachsida, que tamb\u00e9m integrava a equipe de Guedes.<\/p>\n<p>\u201cA percep\u00e7\u00e3o de risco sobre a estatal cresce visto que, apesar dos bons resultados apresentados no \u00faltimo trimestre em rela\u00e7\u00e3o ao lucro, ao operacional e \u00e0 distribui\u00e7\u00e3o de dividendos, houve uma s\u00e9rie de trocas recentes e o mercado enxerga isso como tentativa de interfer\u00eancia na tomada de decis\u00f5es da estatal\u201d, conclui Oliveira.<\/p>\n<p>O presidente da Petrobras, Jos\u00e9 Mauro Coelho, deve permanecer no comando at\u00e9 a Assembleia Geral Extraordin\u00e1ria (AGE) da estatal, segundo apurou o Broadcast (sistema de not\u00edcias em tempo real do Grupo Estado), no Rio. A expectativa \u00e9 de que a assembleia seja convocada na quarta-feira, na reuni\u00e3o do Conselho de Administra\u00e7\u00e3o.<\/p>\n<p>Nos corredores do F\u00f3rum Econ\u00f4mico Mundial, em Davos, o ministro da Economia, Paulo Guedes, evitou falar da nova mudan\u00e7a de comando da Petrobras, reporta o enviado especial do Broadcast, Altamiro Silva Junior. Nas reuni\u00f5es privadas que tem feito, o ministro afirmou que n\u00e3o tem sido perguntado sobre a empresa. \u201cO presidente Jair Bolsonaro escolhe o ministro Adolfo Sachsida, e o ministro escolhe o presidente da Petrobras\u201d, disse Guedes em conversa com jornalistas.<\/p>\n<p>Al\u00e9m da <strong>Petrobras<\/strong>, confira outros destaques desta ter\u00e7a-feira:<\/p>\n<h2>Banco Inter (BIDI4) movimenta R$ 1,13 bilh\u00e3o com \u2018saque de a\u00e7\u00f5es\u2019<\/h2>\n<ul>\n<li>O <strong>Banco Inter<\/strong>\u00a0(BIDI11), que est\u00e1 de sa\u00edda da\u00a0<a class=\"suno-keyword\" href=\"https:\/\/www.suno.com.br\/guias\/bolsa-de-valores\/\" target=\"_blank\" rel=\"noopener\" data-force=\"no\" data-priority=\"3\">bolsa de valores<\/a>\u00a0brasileira, movimentou um volume de R$ 1,13 bilh\u00e3o com as suas op\u00e7\u00f5es de cash-out \u2013 quando o acionista prefere receber o valor das suas a\u00e7\u00f5es em dinheiro. A informa\u00e7\u00e3o foi divulgada em\u00a0<a href=\"https:\/\/www.rad.cvm.gov.br\/ENET\/frmExibirArquivoIPEExterno.aspx?NumeroProtocoloEntrega=984382\">Comunicado ao Mercado<\/a>\u00a0arquivado na\u00a0<a href=\"https:\/\/www.suno.com.br\/artigos\/cvm\/\">Comiss\u00e3o de Valores Mobili\u00e1rios (CVM)<\/a>\u00a0na segunda-feira (23) ap\u00f3s o preg\u00e3o.<\/li>\n<li>Os <strong>acionistas do Banco Inter<\/strong>\u00a0tinham at\u00e9 o dia 20 para informar se prefeririam receber\u00a0<a class=\"suno-keyword\" href=\"https:\/\/www.suno.com.br\/bdrs\/\" target=\"_blank\" rel=\"noopener\" data-force=\"yes\" data-priority=\"2\">BDRs<\/a>\u00a0ou dinheiro no lugar das a\u00e7\u00f5es\u00a0<strong>BIDI11<\/strong>\u00a0ou\u00a0<strong>BIDI4<\/strong>\u00a0que ser\u00e3o deslistadas, j\u00e1 que a fintech migrar\u00e1 a sua base societ\u00e1ria para os Estados Unidos, negociando seus pap\u00e9is na Nasdaq.<\/li>\n<li>Quem n\u00e3o decidiu entre as duas op\u00e7\u00f5es automaticamente receber\u00e1 o <strong><a class=\"suno-keyword\" href=\"https:\/\/www.suno.com.br\/bdrs\/\" target=\"_blank\" rel=\"noopener\" data-force=\"yes\" data-priority=\"2\">BDR<\/a>\u00a0do Banco Inter<\/strong>, j\u00e1 que o cash-out tinha um volume m\u00e1ximo de limite de 10% do\u00a0<a class=\"suno-keyword\" href=\"https:\/\/www.suno.com.br\/artigos\/capital-circulante\/\" target=\"_blank\" rel=\"noopener\" data-force=\"no\" data-priority=\"1\">capital circulante<\/a>.<\/li>\n<li>O valor que foi movimentado com as op\u00e7\u00f5es de cash-out foram justamente esses 10%, segundo levantamento da companhia, atingindo assim o limite.<\/li>\n<li>Segundo o Inter, at\u00e9 o fim da Reorganiza\u00e7\u00e3o Societ\u00e1ria, \u201cser\u00e1 vedada a negocia\u00e7\u00e3o, pelos Acionistas Legitimados, das a\u00e7\u00f5es de emiss\u00e3o do Inter por eles detidas que tenham sido validamente alocadas \u00e0 Op\u00e7\u00e3o <strong>Cash-Out<\/strong>\u201c.<\/li>\n<li>A op\u00e7\u00e3o de cash-out foi disponibilizada apenas para donos de <strong>a\u00e7\u00f5es<\/strong>\u00a0em cust\u00f3dia em 15 de abril de 2022. Quem adquiriu os pap\u00e9is no preg\u00e3o seguinte j\u00e1 n\u00e3o teve direito a essa op\u00e7\u00e3o.<\/li>\n<li>O Banco Inter pagou o cash-out com base na m\u00e9dia ponderada dos \u00faltimos 30 dias de negocia\u00e7\u00e3o antes do an\u00fancio, equivalente a R$ 19,35 por unit.<\/li>\n<\/ul>\n\t<p>\n\t\t<a href=\"https:\/\/lp.suno.com.br\/planilha-controle-gastos\/\" target=\"_blank\" data-element=\"shortcode-suno-banner\" title=\"Banner SUNO, clique e saiba mais\">\n\t\t\t<picture>\n\t\t\t\t<source media=\"(max-width: 500px)\" srcset=\"https:\/\/files.sunoresearch.com.br\/n\/uploads\/2023\/03\/400x300-Planilha-controle-de-gastos.png\">\n\t\t\t\t<img class=\"newsContent__article__imgCapa newsContent__article__imgCapa--banner\"\n\t\t\t\t\tsrc=\"https:\/\/files.sunoresearch.com.br\/n\/uploads\/2023\/03\/1420x240-Planilha-controle-de-gastos.png\"\n\t\t\t\t\tdata-promo-id=\"101751\"\t\t\t\t\t\t\t\t\t\twidth='1420' height='240'\t\t\t\t\talt=\"https:\/\/files.sunoresearch.com.br\/n\/uploads\/2023\/03\/1420x240-Planilha-controle-de-gastos.png\"\n\t\t\t\t>\n\t\t\t<\/picture>\n\t\t<\/a>\n\t<\/p>\n\n\n<h2>Vale (VALE3) est\u00e1 entre as 10 maiores pagadoras de dividendos do mundo; veja ranking<\/h2>\n<ul>\n<li>A <strong>Vale<\/strong>\u00a0(<a href=\"https:\/\/www.suno.com.br\/acoes\/vale3\/\">VALE3<\/a>) \u00e9 a 9\u00aa empresa que mais pagou\u00a0<a class=\"suno-keyword\" href=\"https:\/\/www.suno.com.br\/guias\/dividendos\/\" target=\"_blank\" rel=\"noopener\" data-force=\"no\" data-priority=\"1\">dividendos<\/a>\u00a0aos seus acionistas no acumulado do primeiro trimestre de 2022, segundo relat\u00f3rio da Janus Henderson. A gestora brit\u00e2nica cedeu o documento ao jornal Valor Econ\u00f4mico, que publicou os dados nesta ter\u00e7a (24).<\/li>\n<li>Apesar dos <strong>dividendos<\/strong>\u00a0polpudos e de integrar o\u00a0<strong>ranking<\/strong>, a mineradora teve um desempenho relativamente pior do que no ano anterior. Considerando o primeiro trimestre de 2021, a companhia foi a 8\u00aa maior distribuidora de proventos.<\/li>\n<li>O <strong>ranking de dividendos<\/strong>\u00a0da Janus \u00e9 feito trimestralmente desde meados de 2009 e, no cen\u00e1rio atual, a Vale n\u00e3o s\u00f3 \u00e9 a \u00fanica companhia brasileira da lista \u2013 tamb\u00e9m \u00e9 a \u00fanica empresa de um pa\u00eds emergente.<\/li>\n<li>O ranking, ainda dominado por empresas americanas, ostenta um pagamento de dividendos que soma, nominalmente, uma cifra de US$ 56,3 bilh\u00f5es em <a href=\"https:\/\/www.suno.com.br\/noticias\/itausa-itsa4-lucro-1t22-alta\/\"><strong>proventos<\/strong><\/a>.<\/li>\n<li>Se consideradas todas as companhias analisadas pela <strong>Janus<\/strong>\u00a0\u2013 mais de 3 mil -, foram US$ 302,5 bilh\u00f5es distribu\u00eddos no primeiro trimestre de 2022. A cifra \u00e9 um recorde e representa uma alta de 11% no comparativo com o 1T21.\u00a0 No documento, a Janus Henderson lembra que faz uma an\u00e1lise de dados de 1,2 mil empresas que comp\u00f5em um \u00edndice da asset e estimativas referentes a outras 1,8 mil companhias.<\/li>\n<li>A fatia de <strong>empresas brasileiras<\/strong>\u00a0desse montante de 3 mil companhias apresentou uma retra\u00e7\u00e3o no total nominal de dividendos distribu\u00eddos. Foram US$ 5,2 bilh\u00f5es em dividendos pagos no 1T22, ante US$ 5,3 bilh\u00f5es no 1T21.<\/li>\n<li>S\u00f3 h\u00e1 uma alta nesse volume se forem considerados o efeito cambial e os <a href=\"https:\/\/www.suno.com.br\/noticias\/eztec-eztc3-dividendos-milionarios-atualizacao\/\"><strong>dividendos n\u00e3o recorrentes<\/strong>\u00a0<\/a>das empresas. Nesse caso, haveria avan\u00e7o de 7,4% no valor bruto pago de dividendos pelas empresas.<\/li>\n<li>A metodologia adotada pela Janus para fazer o estudo inclui an\u00e1lise de dividendos brutos. No levantamento, a gestora analisa a quantidade de a\u00e7\u00f5es na data de pagamento e converte a cifra pela taxa de c\u00e2mbio.<\/li>\n<li>Ou seja, o valor final n\u00e3o \u00e9 necessariamente preciso, j\u00e1 que a lista \u00e9 \u2018lastreada\u2019 em d\u00f3lar, ao passo que os <strong>dividendos da Vale<\/strong>, por exemplo, s\u00e3o pagos em reais.<\/li>\n<\/ul>\n\t<p>\n\t\t<a href=\"https:\/\/lp.suno.com.br\/planilha-da-vida-financeira\/\" target=\"_blank\" data-element=\"shortcode-suno-banner\" title=\"Banner SUNO, clique e saiba mais\">\n\t\t\t<picture>\n\t\t\t\t<source media=\"(max-width: 500px)\" srcset=\"https:\/\/files.sunoresearch.com.br\/n\/uploads\/2023\/04\/400x300-Planilha-vida-financeira-true.png\">\n\t\t\t\t<img class=\"newsContent__article__imgCapa newsContent__article__imgCapa--banner\"\n\t\t\t\t\tsrc=\"https:\/\/files.sunoresearch.com.br\/n\/uploads\/2023\/04\/1420x240-Planilha-vida-financeira-true.png\"\n\t\t\t\t\tdata-promo-id=\"106682\"\t\t\t\t\t\t\t\t\t\twidth='1420' height='240'\t\t\t\t\talt=\"https:\/\/files.sunoresearch.com.br\/n\/uploads\/2023\/04\/1420x240-Planilha-vida-financeira-true.png\"\n\t\t\t\t>\n\t\t\t<\/picture>\n\t\t<\/a>\n\t<\/p>\n\n\n<h2>Eztec (EZTC3) atualiza dividendos milion\u00e1rios; veja valor por a\u00e7\u00e3o<\/h2>\n<ul>\n<li>A <strong>Eztec<\/strong>\u00a0(<a href=\"https:\/\/www.suno.com.br\/acoes\/EZTC3\/\">EZTC3<\/a>) atualizou seu valor de\u00a0<a class=\"suno-keyword\" href=\"https:\/\/www.suno.com.br\/guias\/dividendos\/\" target=\"_blank\" rel=\"noopener\" data-force=\"no\" data-priority=\"1\">dividendos<\/a>, saindo de R$ 0,112467632 para R$ 0,11256951000 de proventos por a\u00e7\u00e3o. A informa\u00e7\u00e3o foi divulgada pela companhia por meio de documento arquivado na Comiss\u00e3o de Valores Mobili\u00e1rios (CVM) na noite de segunda (23).<\/li>\n<li>Segundo o an\u00fancio de <b>dividendos da Eztec<\/b>, esses proventos ser\u00e3o pagos na pr\u00f3xima ter\u00e7a-feira, dia 31 de maio. No an\u00fancio inicial, o total era de cerca de R$ 24,8 milh\u00f5es em\u00a0<strong>dividendos<\/strong>.<\/li>\n<li>Apenas os investidores que detinham <strong>a\u00e7\u00f5es da Eztec<\/strong>\u00a0no dia 17 de maio t\u00eam direito de receber os rendimentos. A partir do dia 18 de maio as a\u00e7\u00f5es passaram a ser negociadas sem direito aos dividendos.<\/li>\n<li>Segundo documento arquivado na CVM, esses proventos s\u00e3o intermedi\u00e1rios (ou intercalares) e foram aprovados em Reuni\u00e3o do <a class=\"suno-keyword\" href=\"https:\/\/www.suno.com.br\/artigos\/conselho-administracao\/\" target=\"_blank\" rel=\"noopener\" data-force=\"no\" data-priority=\"1\">Conselho de Administra\u00e7\u00e3o<\/a>, realizada em 12 de maio.<\/li>\n<li>Conforme os dados compilados pela plataforma <a href=\"https:\/\/statusinvest.com.br\/acoes\/eztc3?__hstc=189907700.450e8e83598e7952b6b94f0b4a2ec47b.1649272435823.1653431620833.1653438627027.235&amp;__hssc=189907700.14.1653438627027&amp;__hsfp=1192132751\">Status Invest, as a\u00e7\u00f5es\u00a0<strong>EZTC3<\/strong><\/a>\u00a0somam um dividend yield (DY) de 3,24% nos \u00faltimos doze meses, considerando os an\u00fancios de proventos desse per\u00edodo.<\/li>\n<li>Em 2021, o payout da companhia foi de 23,75%, dentro da m\u00e9dia da bolsa de valores.<\/li>\n<li>Valor total: R$ 24,8 milh\u00f5es<\/li>\n<li>Valor por a\u00e7\u00e3o: R$ 0,11256951000<\/li>\n<li>Data de corte: 17 de maio<\/li>\n<li>Data do pagamento: 31 de maio<\/li>\n<li>Rendimento (dividend yield): 3,24%<\/li>\n<\/ul>\n\t<p>\n\t\t<a href=\"https:\/\/lp.suno.com.br\/ebook-como-analisar-uma-acao\/\" target=\"_blank\" data-element=\"shortcode-suno-banner\" title=\"Banner SUNO, clique e saiba mais\">\n\t\t\t<picture>\n\t\t\t\t<source media=\"(max-width: 500px)\" srcset=\"https:\/\/files.sunoresearch.com.br\/n\/uploads\/2023\/03\/Ebook-Acoes-Mobile-1.jpg\">\n\t\t\t\t<img class=\"newsContent__article__imgCapa newsContent__article__imgCapa--banner\"\n\t\t\t\t\tsrc=\"https:\/\/files.sunoresearch.com.br\/n\/uploads\/2023\/03\/Ebook-Acoes-Desktop-1.jpg\"\n\t\t\t\t\tdata-promo-id=\"171998\"\t\t\t\t\t\t\t\t\t\twidth='1420' height='286'\t\t\t\t\talt=\"https:\/\/files.sunoresearch.com.br\/n\/uploads\/2023\/03\/Ebook-Acoes-Desktop-1.jpg\"\n\t\t\t\t>\n\t\t\t<\/picture>\n\t\t<\/a>\n\t<\/p>\n\n\n<h2>Nubank (NUBR33) cai 11,2% e renova m\u00ednima hist\u00f3rica; roxinho vale menos que o BTG (BPAC11)<\/h2>\n<ul>\n<li>Em mais um dia de forte queda nas bolsas de Nova York, a a\u00e7\u00e3o do <strong>Nubank<\/strong>\u00a0(<a class=\"suno-keyword\" href=\"https:\/\/www.suno.com.br\/bdrs\/nubr33\/\" target=\"_blank\" rel=\"noopener\" data-force=\"yes\" data-priority=\"2\">NUBR33<\/a>) perdeu 11,20%, para US$ 3,33, e renovou m\u00ednima hist\u00f3rica nesta ter\u00e7a-feira (24).<\/li>\n<li>As <strong>a\u00e7\u00f5es do Nubank<\/strong>\u00a0afundaram hoje mais que no dia 11 de maio, quando registraram queda de 9,22%, a US$ 3,40. Desde a oferta inicial de a\u00e7\u00f5es, em 8 de dezembro, quando foi precificado a US$ 9, o papel j\u00e1 recuou 62,22%. As BDRs despencaram 9,93% na B3 (B3SA3), para R$ 2,72.<\/li>\n<li>Com as quedas acumuladas, o Nubank, que j\u00e1 tinha sido considerado o banco mais valioso da Am\u00e9rica Latina, possui atualmente uma capitaliza\u00e7\u00e3o de mercado de US$ 17,3 bilh\u00f5es, cerca de R$ 83,4 bilh\u00f5es na cota\u00e7\u00e3o cambial do dia.<\/li>\n<li>Isso significa que caiu diversas posi\u00e7\u00f5es na lista dos bancos com os maiores valores de mercado, para o sexto lugar, atr\u00e1s de:<\/li>\n<li><strong>Ita\u00fa<\/strong>\u00a0(ITUB4): R$ 233,3 bilh\u00f5es<\/li>\n<li><strong>Bradesco<\/strong>\u00a0(BBDC3, BBDC4): R$ 194,2 bilh\u00f5es<\/li>\n<li><strong>Santander<\/strong>\u00a0(SANB11): R$ 126,9 bilh\u00f5es<\/li>\n<li><strong>Banco do Brasil\u00a0<\/strong>(BBAS3): R$ 110,0 bilh\u00f5es; e<\/li>\n<li><strong>BTG Pactual<\/strong>\u00a0(BPAC11): R$ 99,3 bilh\u00f5es.<\/li>\n<li>O Nubank continua numa posi\u00e7\u00e3o mais alta que o <strong>Banco\u00a0<a class=\"suno-keyword\" href=\"https:\/\/www.suno.com.br\/acoes\/BIDI11\/\" target=\"_blank\" rel=\"noopener\" data-force=\"yes\" data-priority=\"2\">Inter (BIDI11)<\/a><\/strong>, que atualmente vale R$ 12,7 bilh\u00f5es e costuma \u00e9 apontado por analistas como seu principal par, por ter um perfil mais parecido.<\/li>\n<li>Nos mercados de Nova York, especialmente nas a\u00e7\u00f5es do setor de tecnologia e comunica\u00e7\u00e3o, h\u00e1 uma press\u00e3o baixista firme. O \u00edndice da Nasdaq, por exemplo, perdeu 2,35%.<\/li>\n<li>Os investidores refletem o balan\u00e7o do Snapchat, que veio abaixo do esperado. A companhia mencionou que a decep\u00e7\u00e3o veio com a deteriora\u00e7\u00e3o do cen\u00e1rio macroecon\u00f4mico, o que trouxe <a class=\"suno-keyword\" href=\"https:\/\/www.suno.com.br\/artigos\/aversao-ao-risco\/\" target=\"_blank\" rel=\"noopener\" data-force=\"no\" data-priority=\"1\">avers\u00e3o ao risco<\/a>\u00a0e aumentou os temores de que a infla\u00e7\u00e3o elevada pode afetar os resultados das companhias mais do que o esperado.<\/li>\n<\/ul>\n<p>Da <b>Petrobras <\/b>ao Nubank, essas foram as empresas que se destacaram hoje. Para ler todas as mat\u00e9rias <b data-stringify-type=\"bold\"><a class=\"c-link\" tabindex=\"-1\" href=\"https:\/\/www.suno.com.br\/noticias\/\" target=\"_blank\" rel=\"noopener noreferrer\" data-stringify-link=\"https:\/\/www.suno.com.br\/noticias\/\" data-sk=\"tooltip_parent\" data-remove-tab-index=\"true\">clique aqui<\/a><\/b>.<\/p>\n\t<p>\n\t\t<a href=\"https:\/\/lp.suno.com.br\/planilha-de-controle-de-investimentos\/\" target=\"_blank\" data-element=\"shortcode-suno-banner\" title=\"Banner SUNO, clique e saiba mais\">\n\t\t\t<picture>\n\t\t\t\t<source media=\"(max-width: 500px)\" srcset=\"https:\/\/files.sunoresearch.com.br\/n\/uploads\/2023\/03\/400x300-Controle-de-Investimentos.png\">\n\t\t\t\t<img class=\"newsContent__article__imgCapa newsContent__article__imgCapa--banner\"\n\t\t\t\t\tsrc=\"https:\/\/files.sunoresearch.com.br\/n\/uploads\/2023\/03\/1420x240-Controle-de-Investimentos.png\"\n\t\t\t\t\tdata-promo-id=\"75934\"\t\t\t\t\t\t\t\t\t\twidth='1420' height='240'\t\t\t\t\talt=\"https:\/\/files.sunoresearch.com.br\/n\/uploads\/2023\/03\/1420x240-Controle-de-Investimentos.png\"\n\t\t\t\t>\n\t\t\t<\/picture>\n\t\t<\/a>\n\t<\/p>\n\n\n","protected":false},"excerpt":{"rendered":"<p>O\u00a0Ibovespa hoje encerrou a ter\u00e7a-feira (24) em alta de 0,21%, aos 110.580,79 pontos, ap\u00f3s oscilar entre 108.399,23 e 110.635,27 pontos. O \u00edndice passou o dia no negativo, com o mercado repercutindo a demiss\u00e3o do presidente Jos\u00e9 Mauro Coelho 40 dias ap\u00f3s assumir o cargo. Pesaram tamb\u00e9m discuss\u00f5es e rumores sobre inger\u00eancia do governo na pol\u00edtica [&hellip;]<\/p>\n","protected":false},"author":146,"featured_media":130424,"comment_status":"closed","ping_status":"closed","sticky":false,"template":"","format":"standard","meta":[],"categories":[64],"tags":[106764,369,473,848,595,676],"suno_strategy":[],"class_list":["post-261185","post","type-post","status-publish","format-standard","has-post-thumbnail","hentry","category-negocios","tag-banco-inter-bidi11","tag-banco-inter-bidi11-bidi4-bidi3","tag-eztec-eztc3","tag-nubank","tag-petrobras-petr4","tag-vale-vale3"],"yoast_head":"<!-- This site is optimized with the Yoast SEO plugin v24.4 - https:\/\/yoast.com\/wordpress\/plugins\/seo\/ -->\n<title>Radar: a\u00e7\u00f5es da Petrobras (PETR4) afundam ap\u00f3s demiss\u00e3o de CEO, Banco Inter (BIDI4) movimenta R$ 1,13 bi, Nubank (NUBR33) vale menos que o BTG<\/title>\n<meta name=\"description\" content=\"A demiss\u00e3o do presidente da Petrobras (PETR4)\u00a0pelo telefone. O Banco Inter\u00a0(BIDI11) movimentou R$ 1,13 bi com em cash-out. Veja mais\" \/>\n<meta name=\"robots\" content=\"index, follow, max-snippet:-1, max-image-preview:large, max-video-preview:-1\" \/>\n<link rel=\"canonical\" href=\"https:\/\/www.suno.com.br\/noticias\/radar-petrobras-petr4-banco-inter-bidi4-nubank-nubr33\/\" \/>\n<meta property=\"og:locale\" content=\"pt_BR\" \/>\n<meta property=\"og:type\" content=\"article\" \/>\n<meta property=\"og:title\" content=\"Radar: a\u00e7\u00f5es da Petrobras (PETR4) afundam ap\u00f3s demiss\u00e3o de CEO, Banco Inter (BIDI4) movimenta R$ 1,13 bi, Nubank (NUBR33) vale menos que o BTG\" \/>\n<meta property=\"og:description\" content=\"A demiss\u00e3o do presidente da Petrobras (PETR4)\u00a0pelo telefone. O Banco Inter\u00a0(BIDI11) movimentou R$ 1,13 bi com em cash-out. Veja mais\" \/>\n<meta property=\"og:url\" content=\"https:\/\/www.suno.com.br\/noticias\/radar-petrobras-petr4-banco-inter-bidi4-nubank-nubr33\/\" \/>\n<meta property=\"og:site_name\" content=\"Suno Not\u00edcias\" \/>\n<meta property=\"article:publisher\" content=\"https:\/\/facebook.com\/sunoresearch\" \/>\n<meta property=\"og:image\" content=\"https:\/\/files.sunoresearch.com.br\/n\/uploads\/2021\/03\/6f09be34-petrobras3.jpg\" \/>\n\t<meta property=\"og:image:width\" content=\"1200\" \/>\n\t<meta property=\"og:image:height\" content=\"800\" \/>\n\t<meta property=\"og:image:type\" content=\"image\/jpeg\" \/>\n<meta name=\"author\" content=\"Vict\u00f3ria Anhesini\" \/>\n<meta name=\"twitter:card\" content=\"summary_large_image\" \/>\n<meta name=\"twitter:creator\" content=\"@sunoresearch\" \/>\n<meta name=\"twitter:site\" content=\"@sunoresearch\" \/>\n<meta name=\"twitter:label1\" content=\"Escrito por\" \/>\n\t<meta name=\"twitter:data1\" content=\"Vict\u00f3ria Anhesini\" \/>\n\t<meta name=\"twitter:label2\" content=\"Est. tempo de leitura\" \/>\n\t<meta name=\"twitter:data2\" content=\"8 minutos\" \/>\n<script type=\"application\/ld+json\" class=\"yoast-schema-graph\">{\"@context\":\"https:\/\/schema.org\",\"@graph\":[{\"@type\":\"NewsArticle\",\"@id\":\"https:\/\/www.suno.com.br\/noticias\/radar-petrobras-petr4-banco-inter-bidi4-nubank-nubr33\/#article\",\"isPartOf\":{\"@id\":\"https:\/\/www.suno.com.br\/noticias\/radar-petrobras-petr4-banco-inter-bidi4-nubank-nubr33\/\"},\"author\":{\"name\":\"Vict\u00f3ria Anhesini\",\"@id\":\"https:\/\/www.suno.com.br\/noticias\/#\/schema\/person\/46d847cb19ad53fde0857adca989c23f\"},\"headline\":\"Radar: a\u00e7\u00f5es da Petrobras (PETR4) afundam ap\u00f3s demiss\u00e3o de CEO, Banco Inter (BIDI4) movimenta R$ 1,13 bi, Nubank (NUBR33) vale menos que o BTG\",\"datePublished\":\"2022-05-25T01:54:13+00:00\",\"dateModified\":\"2022-05-25T01:56:03+00:00\",\"mainEntityOfPage\":{\"@id\":\"https:\/\/www.suno.com.br\/noticias\/radar-petrobras-petr4-banco-inter-bidi4-nubank-nubr33\/\"},\"wordCount\":1904,\"publisher\":{\"@id\":\"https:\/\/www.suno.com.br\/noticias\/#organization\"},\"image\":{\"@id\":\"https:\/\/www.suno.com.br\/noticias\/radar-petrobras-petr4-banco-inter-bidi4-nubank-nubr33\/#primaryimage\"},\"thumbnailUrl\":\"https:\/\/files.sunoresearch.com.br\/n\/uploads\/2021\/03\/6f09be34-petrobras3-jpg.webp\",\"keywords\":[\"Banco Inter (BIDI11)\",\"Banco Inter (BIDI11\/BIDI4\/BIDI3)\",\"Eztec (EZTC3)\",\"Nubank (NUBR33)\",\"Petrobras (PETR4)\",\"Vale (VALE3)\"],\"articleSection\":[\"Neg\u00f3cios\"],\"inLanguage\":\"pt-BR\"},{\"@type\":\"WebPage\",\"@id\":\"https:\/\/www.suno.com.br\/noticias\/radar-petrobras-petr4-banco-inter-bidi4-nubank-nubr33\/\",\"url\":\"https:\/\/www.suno.com.br\/noticias\/radar-petrobras-petr4-banco-inter-bidi4-nubank-nubr33\/\",\"name\":\"Radar: a\u00e7\u00f5es da Petrobras (PETR4) afundam ap\u00f3s demiss\u00e3o de CEO, Banco Inter (BIDI4) movimenta R$ 1,13 bi, Nubank (NUBR33) vale menos que o BTG\",\"isPartOf\":{\"@id\":\"https:\/\/www.suno.com.br\/noticias\/#website\"},\"primaryImageOfPage\":{\"@id\":\"https:\/\/www.suno.com.br\/noticias\/radar-petrobras-petr4-banco-inter-bidi4-nubank-nubr33\/#primaryimage\"},\"image\":{\"@id\":\"https:\/\/www.suno.com.br\/noticias\/radar-petrobras-petr4-banco-inter-bidi4-nubank-nubr33\/#primaryimage\"},\"thumbnailUrl\":\"https:\/\/files.sunoresearch.com.br\/n\/uploads\/2021\/03\/6f09be34-petrobras3-jpg.webp\",\"datePublished\":\"2022-05-25T01:54:13+00:00\",\"dateModified\":\"2022-05-25T01:56:03+00:00\",\"description\":\"A demiss\u00e3o do presidente da Petrobras (PETR4)\u00a0pelo telefone. O Banco Inter\u00a0(BIDI11) movimentou R$ 1,13 bi com em cash-out. Veja mais\",\"breadcrumb\":{\"@id\":\"https:\/\/www.suno.com.br\/noticias\/radar-petrobras-petr4-banco-inter-bidi4-nubank-nubr33\/#breadcrumb\"},\"inLanguage\":\"pt-BR\",\"potentialAction\":[{\"@type\":\"ReadAction\",\"target\":[\"https:\/\/www.suno.com.br\/noticias\/radar-petrobras-petr4-banco-inter-bidi4-nubank-nubr33\/\"]}]},{\"@type\":\"ImageObject\",\"inLanguage\":\"pt-BR\",\"@id\":\"https:\/\/www.suno.com.br\/noticias\/radar-petrobras-petr4-banco-inter-bidi4-nubank-nubr33\/#primaryimage\",\"url\":\"https:\/\/files.sunoresearch.com.br\/n\/uploads\/2021\/03\/6f09be34-petrobras3-jpg.webp\",\"contentUrl\":\"https:\/\/files.sunoresearch.com.br\/n\/uploads\/2021\/03\/6f09be34-petrobras3-jpg.webp\",\"width\":1200,\"height\":800,\"caption\":\"Petrobras (PETR4); dividendos Edif\u00edcio Sede. Foto: Divulga\u00e7\u00e3o\"},{\"@type\":\"BreadcrumbList\",\"@id\":\"https:\/\/www.suno.com.br\/noticias\/radar-petrobras-petr4-banco-inter-bidi4-nubank-nubr33\/#breadcrumb\",\"itemListElement\":[{\"@type\":\"ListItem\",\"position\":1,\"name\":\"Not\u00edcias\",\"item\":\"https:\/\/www.suno.com.br\/noticias\/\"},{\"@type\":\"ListItem\",\"position\":2,\"name\":\"Neg\u00f3cios\",\"item\":\"https:\/\/www.suno.com.br\/noticias\/negocios\/\"},{\"@type\":\"ListItem\",\"position\":3,\"name\":\"Radar: a\u00e7\u00f5es da Petrobras (PETR4) afundam ap\u00f3s demiss\u00e3o de CEO, Banco Inter (BIDI4) movimenta R$ 1,13 bi, Nubank (NUBR33) vale menos que o BTG\"}]},{\"@type\":\"WebSite\",\"@id\":\"https:\/\/www.suno.com.br\/noticias\/#website\",\"url\":\"https:\/\/www.suno.com.br\/noticias\/\",\"name\":\"Suno Not\u00edcias\",\"description\":\"Seu portal de informa\u00e7\u00e3o sobre o mundo dos investimentos\",\"publisher\":{\"@id\":\"https:\/\/www.suno.com.br\/noticias\/#organization\"},\"potentialAction\":[{\"@type\":\"SearchAction\",\"target\":{\"@type\":\"EntryPoint\",\"urlTemplate\":\"https:\/\/www.suno.com.br\/noticias\/?s={search_term_string}\"},\"query-input\":{\"@type\":\"PropertyValueSpecification\",\"valueRequired\":true,\"valueName\":\"search_term_string\"}}],\"inLanguage\":\"pt-BR\"},{\"@type\":\"Organization\",\"@id\":\"https:\/\/www.suno.com.br\/noticias\/#organization\",\"name\":\"Suno Not\u00edcias\",\"url\":\"https:\/\/www.suno.com.br\/noticias\/\",\"logo\":{\"@type\":\"ImageObject\",\"inLanguage\":\"pt-BR\",\"@id\":\"https:\/\/www.suno.com.br\/noticias\/#\/schema\/logo\/image\/\",\"url\":\"https:\/\/files.sunoresearch.com.br\/n\/uploads\/2021\/09\/suno-logo.png\",\"contentUrl\":\"https:\/\/files.sunoresearch.com.br\/n\/uploads\/2021\/09\/suno-logo.png\",\"width\":180,\"height\":180,\"caption\":\"Suno Not\u00edcias\"},\"image\":{\"@id\":\"https:\/\/www.suno.com.br\/noticias\/#\/schema\/logo\/image\/\"},\"sameAs\":[\"https:\/\/facebook.com\/sunoresearch\",\"https:\/\/x.com\/sunoresearch\",\"https:\/\/www.instagram.com\/suno\",\"https:\/\/www.linkedin.com\/company\/suno-research\/\",\"https:\/\/www.youtube.com\/c\/sunoresearch\"]},{\"@type\":\"Person\",\"@id\":\"https:\/\/www.suno.com.br\/noticias\/#\/schema\/person\/46d847cb19ad53fde0857adca989c23f\",\"name\":\"Vict\u00f3ria Anhesini\",\"image\":{\"@type\":\"ImageObject\",\"inLanguage\":\"pt-BR\",\"@id\":\"https:\/\/www.suno.com.br\/noticias\/#\/schema\/person\/image\/\",\"url\":\"https:\/\/secure.gravatar.com\/avatar\/0172bdfcd9129dd9dd68794804304e6e?s=96&r=g\",\"contentUrl\":\"https:\/\/secure.gravatar.com\/avatar\/0172bdfcd9129dd9dd68794804304e6e?s=96&r=g\",\"caption\":\"Vict\u00f3ria Anhesini\"},\"description\":\"Rep\u00f3rter no Suno Not\u00edcias, cobre mercados, neg\u00f3cios e economia, escrevendo majoritariamente sobre movimentos das empresas, cobertura de balan\u00e7os trimestrais e Bolsa de Valores. Formada em jornalismo pela Universidade Presbiteriana Mackenzie em 2019, passou pelo portal de economia e finan\u00e7as EuQueroInvestir como rep\u00f3rter e anteriormente, trabalhou na assessoria de imprensa PinePR, onde liderou com startups de inova\u00e7\u00e3o, tecnologia e finan\u00e7as. Em seu tempo livre, fala sobre m\u00fasica para ambos os sites do selo ForMusic, Wikimetal e Mad Sound, e faz trabalho volunt\u00e1rio no programa Escreve Cartas do Poupatempo.\",\"sameAs\":[\"https:\/\/www.linkedin.com\/in\/victoria-anhesini\/\"],\"url\":\"https:\/\/www.suno.com.br\/noticias\/author\/victoria\/\"}]}<\/script>\n<!-- \/ Yoast SEO plugin. -->","yoast_head_json":{"title":"Radar: a\u00e7\u00f5es da Petrobras (PETR4) afundam ap\u00f3s demiss\u00e3o de CEO, Banco Inter (BIDI4) movimenta R$ 1,13 bi, Nubank (NUBR33) vale menos que o BTG","description":"A demiss\u00e3o do presidente da Petrobras (PETR4)\u00a0pelo telefone. O Banco Inter\u00a0(BIDI11) movimentou R$ 1,13 bi com em cash-out. Veja mais","robots":{"index":"index","follow":"follow","max-snippet":"max-snippet:-1","max-image-preview":"max-image-preview:large","max-video-preview":"max-video-preview:-1"},"canonical":"https:\/\/www.suno.com.br\/noticias\/radar-petrobras-petr4-banco-inter-bidi4-nubank-nubr33\/","og_locale":"pt_BR","og_type":"article","og_title":"Radar: a\u00e7\u00f5es da Petrobras (PETR4) afundam ap\u00f3s demiss\u00e3o de CEO, Banco Inter (BIDI4) movimenta R$ 1,13 bi, Nubank (NUBR33) vale menos que o BTG","og_description":"A demiss\u00e3o do presidente da Petrobras (PETR4)\u00a0pelo telefone. O Banco Inter\u00a0(BIDI11) movimentou R$ 1,13 bi com em cash-out. Veja mais","og_url":"https:\/\/www.suno.com.br\/noticias\/radar-petrobras-petr4-banco-inter-bidi4-nubank-nubr33\/","og_site_name":"Suno Not\u00edcias","article_publisher":"https:\/\/facebook.com\/sunoresearch","og_image":[{"width":1200,"height":800,"url":"https:\/\/files.sunoresearch.com.br\/n\/uploads\/2021\/03\/6f09be34-petrobras3.jpg","type":"image\/jpeg"}],"author":"Vict\u00f3ria Anhesini","twitter_card":"summary_large_image","twitter_creator":"@sunoresearch","twitter_site":"@sunoresearch","twitter_misc":{"Escrito por":"Vict\u00f3ria Anhesini","Est. tempo de leitura":"8 minutos"},"schema":{"@context":"https:\/\/schema.org","@graph":[{"@type":"NewsArticle","@id":"https:\/\/www.suno.com.br\/noticias\/radar-petrobras-petr4-banco-inter-bidi4-nubank-nubr33\/#article","isPartOf":{"@id":"https:\/\/www.suno.com.br\/noticias\/radar-petrobras-petr4-banco-inter-bidi4-nubank-nubr33\/"},"author":{"name":"Vict\u00f3ria Anhesini","@id":"https:\/\/www.suno.com.br\/noticias\/#\/schema\/person\/46d847cb19ad53fde0857adca989c23f"},"headline":"Radar: a\u00e7\u00f5es da Petrobras (PETR4) afundam ap\u00f3s demiss\u00e3o de CEO, Banco Inter (BIDI4) movimenta R$ 1,13 bi, Nubank (NUBR33) vale menos que o BTG","datePublished":"2022-05-25T01:54:13+00:00","dateModified":"2022-05-25T01:56:03+00:00","mainEntityOfPage":{"@id":"https:\/\/www.suno.com.br\/noticias\/radar-petrobras-petr4-banco-inter-bidi4-nubank-nubr33\/"},"wordCount":1904,"publisher":{"@id":"https:\/\/www.suno.com.br\/noticias\/#organization"},"image":{"@id":"https:\/\/www.suno.com.br\/noticias\/radar-petrobras-petr4-banco-inter-bidi4-nubank-nubr33\/#primaryimage"},"thumbnailUrl":"https:\/\/files.sunoresearch.com.br\/n\/uploads\/2021\/03\/6f09be34-petrobras3-jpg.webp","keywords":["Banco Inter (BIDI11)","Banco Inter (BIDI11\/BIDI4\/BIDI3)","Eztec (EZTC3)","Nubank (NUBR33)","Petrobras (PETR4)","Vale (VALE3)"],"articleSection":["Neg\u00f3cios"],"inLanguage":"pt-BR"},{"@type":"WebPage","@id":"https:\/\/www.suno.com.br\/noticias\/radar-petrobras-petr4-banco-inter-bidi4-nubank-nubr33\/","url":"https:\/\/www.suno.com.br\/noticias\/radar-petrobras-petr4-banco-inter-bidi4-nubank-nubr33\/","name":"Radar: a\u00e7\u00f5es da Petrobras (PETR4) afundam ap\u00f3s demiss\u00e3o de CEO, Banco Inter (BIDI4) movimenta R$ 1,13 bi, Nubank (NUBR33) vale menos que o BTG","isPartOf":{"@id":"https:\/\/www.suno.com.br\/noticias\/#website"},"primaryImageOfPage":{"@id":"https:\/\/www.suno.com.br\/noticias\/radar-petrobras-petr4-banco-inter-bidi4-nubank-nubr33\/#primaryimage"},"image":{"@id":"https:\/\/www.suno.com.br\/noticias\/radar-petrobras-petr4-banco-inter-bidi4-nubank-nubr33\/#primaryimage"},"thumbnailUrl":"https:\/\/files.sunoresearch.com.br\/n\/uploads\/2021\/03\/6f09be34-petrobras3-jpg.webp","datePublished":"2022-05-25T01:54:13+00:00","dateModified":"2022-05-25T01:56:03+00:00","description":"A demiss\u00e3o do presidente da Petrobras (PETR4)\u00a0pelo telefone. O Banco Inter\u00a0(BIDI11) movimentou R$ 1,13 bi com em cash-out. Veja mais","breadcrumb":{"@id":"https:\/\/www.suno.com.br\/noticias\/radar-petrobras-petr4-banco-inter-bidi4-nubank-nubr33\/#breadcrumb"},"inLanguage":"pt-BR","potentialAction":[{"@type":"ReadAction","target":["https:\/\/www.suno.com.br\/noticias\/radar-petrobras-petr4-banco-inter-bidi4-nubank-nubr33\/"]}]},{"@type":"ImageObject","inLanguage":"pt-BR","@id":"https:\/\/www.suno.com.br\/noticias\/radar-petrobras-petr4-banco-inter-bidi4-nubank-nubr33\/#primaryimage","url":"https:\/\/files.sunoresearch.com.br\/n\/uploads\/2021\/03\/6f09be34-petrobras3-jpg.webp","contentUrl":"https:\/\/files.sunoresearch.com.br\/n\/uploads\/2021\/03\/6f09be34-petrobras3-jpg.webp","width":1200,"height":800,"caption":"Petrobras (PETR4); dividendos Edif\u00edcio Sede. Foto: Divulga\u00e7\u00e3o"},{"@type":"BreadcrumbList","@id":"https:\/\/www.suno.com.br\/noticias\/radar-petrobras-petr4-banco-inter-bidi4-nubank-nubr33\/#breadcrumb","itemListElement":[{"@type":"ListItem","position":1,"name":"Not\u00edcias","item":"https:\/\/www.suno.com.br\/noticias\/"},{"@type":"ListItem","position":2,"name":"Neg\u00f3cios","item":"https:\/\/www.suno.com.br\/noticias\/negocios\/"},{"@type":"ListItem","position":3,"name":"Radar: a\u00e7\u00f5es da Petrobras (PETR4) afundam ap\u00f3s demiss\u00e3o de CEO, Banco Inter (BIDI4) movimenta R$ 1,13 bi, Nubank (NUBR33) vale menos que o BTG"}]},{"@type":"WebSite","@id":"https:\/\/www.suno.com.br\/noticias\/#website","url":"https:\/\/www.suno.com.br\/noticias\/","name":"Suno Not\u00edcias","description":"Seu portal de informa\u00e7\u00e3o sobre o mundo dos investimentos","publisher":{"@id":"https:\/\/www.suno.com.br\/noticias\/#organization"},"potentialAction":[{"@type":"SearchAction","target":{"@type":"EntryPoint","urlTemplate":"https:\/\/www.suno.com.br\/noticias\/?s={search_term_string}"},"query-input":{"@type":"PropertyValueSpecification","valueRequired":true,"valueName":"search_term_string"}}],"inLanguage":"pt-BR"},{"@type":"Organization","@id":"https:\/\/www.suno.com.br\/noticias\/#organization","name":"Suno Not\u00edcias","url":"https:\/\/www.suno.com.br\/noticias\/","logo":{"@type":"ImageObject","inLanguage":"pt-BR","@id":"https:\/\/www.suno.com.br\/noticias\/#\/schema\/logo\/image\/","url":"https:\/\/files.sunoresearch.com.br\/n\/uploads\/2021\/09\/suno-logo.png","contentUrl":"https:\/\/files.sunoresearch.com.br\/n\/uploads\/2021\/09\/suno-logo.png","width":180,"height":180,"caption":"Suno Not\u00edcias"},"image":{"@id":"https:\/\/www.suno.com.br\/noticias\/#\/schema\/logo\/image\/"},"sameAs":["https:\/\/facebook.com\/sunoresearch","https:\/\/x.com\/sunoresearch","https:\/\/www.instagram.com\/suno","https:\/\/www.linkedin.com\/company\/suno-research\/","https:\/\/www.youtube.com\/c\/sunoresearch"]},{"@type":"Person","@id":"https:\/\/www.suno.com.br\/noticias\/#\/schema\/person\/46d847cb19ad53fde0857adca989c23f","name":"Vict\u00f3ria Anhesini","image":{"@type":"ImageObject","inLanguage":"pt-BR","@id":"https:\/\/www.suno.com.br\/noticias\/#\/schema\/person\/image\/","url":"https:\/\/secure.gravatar.com\/avatar\/0172bdfcd9129dd9dd68794804304e6e?s=96&r=g","contentUrl":"https:\/\/secure.gravatar.com\/avatar\/0172bdfcd9129dd9dd68794804304e6e?s=96&r=g","caption":"Vict\u00f3ria Anhesini"},"description":"Rep\u00f3rter no Suno Not\u00edcias, cobre mercados, neg\u00f3cios e economia, escrevendo majoritariamente sobre movimentos das empresas, cobertura de balan\u00e7os trimestrais e Bolsa de Valores. Formada em jornalismo pela Universidade Presbiteriana Mackenzie em 2019, passou pelo portal de economia e finan\u00e7as EuQueroInvestir como rep\u00f3rter e anteriormente, trabalhou na assessoria de imprensa PinePR, onde liderou com startups de inova\u00e7\u00e3o, tecnologia e finan\u00e7as. Em seu tempo livre, fala sobre m\u00fasica para ambos os sites do selo ForMusic, Wikimetal e Mad Sound, e faz trabalho volunt\u00e1rio no programa Escreve Cartas do Poupatempo.","sameAs":["https:\/\/www.linkedin.com\/in\/victoria-anhesini\/"],"url":"https:\/\/www.suno.com.br\/noticias\/author\/victoria\/"}]}},"default_loop_html":"<div class=\"cardsPage__listCard__boxs\"><div class=\"cardsPage__listCard__boxs__img\"><a href=\"https:\/\/www.suno.com.br\/noticias\/radar-petrobras-petr4-banco-inter-bidi4-nubank-nubr33\/\"><img class=\"mask\" src=\"https:\/\/www.suno.com.br\/noticias\/wp-content\/themes\/suno\/resources\/images\/spotlight\/spotlight1img\/bg-mask.png\" alt=\"Image Mask\"\/><img src=\"https:\/\/files.sunoresearch.com.br\/n\/uploads\/2021\/03\/6f09be34-petrobras3-400x200.webp\" alt=\"Radar: a\u00e7\u00f5es da Petrobras (PETR4) afundam ap\u00f3s demiss\u00e3o de CEO, Banco Inter (BIDI4) movimenta R$ 1,13 bi, Nubank (NUBR33) vale menos que o BTG\"\/><\/a><span class=\"spotlightCategory\"><a href=\"https:\/\/www.suno.com.br\/noticias\/negocios\/\">Neg\u00f3cios<\/a><\/span><\/div><div class=\"cardsPage__listCard__boxs__content\"><a href=\"https:\/\/www.suno.com.br\/noticias\/radar-petrobras-petr4-banco-inter-bidi4-nubank-nubr33\/\"><h2 class=\"content__title\">Radar: a\u00e7\u00f5es da Petrobras (PETR4) afundam ap\u00f3s demiss\u00e3o de CEO, Banco Inter (BIDI4) movimenta R$ 1,13 bi, Nubank (NUBR33) vale menos que o BTG<\/h2><\/a><div class=\"newsContent__article__meta\"><div class=\"newsContent__article__meta__authorBox\"><a href=\"https:\/\/www.suno.com.br\/noticias\/author\/victoria\/\" class=\"authorBox__avatar noMobi\"><img src=\"https:\/\/files.sunoresearch.com.br\/n\/uploads\/2021\/12\/20190129VickyPINEAPPLE01-1-150x150.jpg\" alt=\"Vict\u00f3ria Anhesini\"><\/a><div class=\"authorBox__name\"><span>por\n\t\t\t<a href=\"https:\/\/www.suno.com.br\/noticias\/author\/victoria\/\"><span itemprop=\"author\">Vict\u00f3ria Anhesini<\/span><\/a><\/span><time datetime=\"2022-05-24T22:54:13-03:00\" itemprop=\"datePublished\">24\/05\/2022 22:54<\/time><\/div><\/div><\/div><\/div><\/div>","single_layout":"posts","amp_enabled":true,"_links":{"self":[{"href":"https:\/\/www.suno.com.br\/noticias\/wp-json\/wp\/v2\/posts\/261185"}],"collection":[{"href":"https:\/\/www.suno.com.br\/noticias\/wp-json\/wp\/v2\/posts"}],"about":[{"href":"https:\/\/www.suno.com.br\/noticias\/wp-json\/wp\/v2\/types\/post"}],"author":[{"embeddable":true,"href":"https:\/\/www.suno.com.br\/noticias\/wp-json\/wp\/v2\/users\/146"}],"replies":[{"embeddable":true,"href":"https:\/\/www.suno.com.br\/noticias\/wp-json\/wp\/v2\/comments?post=261185"}],"version-history":[{"count":3,"href":"https:\/\/www.suno.com.br\/noticias\/wp-json\/wp\/v2\/posts\/261185\/revisions"}],"predecessor-version":[{"id":261200,"href":"https:\/\/www.suno.com.br\/noticias\/wp-json\/wp\/v2\/posts\/261185\/revisions\/261200"}],"wp:featuredmedia":[{"embeddable":true,"href":"https:\/\/www.suno.com.br\/noticias\/wp-json\/wp\/v2\/media\/130424"}],"wp:attachment":[{"href":"https:\/\/www.suno.com.br\/noticias\/wp-json\/wp\/v2\/media?parent=261185"}],"wp:term":[{"taxonomy":"category","embeddable":true,"href":"https:\/\/www.suno.com.br\/noticias\/wp-json\/wp\/v2\/categories?post=261185"},{"taxonomy":"post_tag","embeddable":true,"href":"https:\/\/www.suno.com.br\/noticias\/wp-json\/wp\/v2\/tags?post=261185"},{"taxonomy":"suno_strategy","embeddable":true,"href":"https:\/\/www.suno.com.br\/noticias\/wp-json\/wp\/v2\/suno_strategy?post=261185"}],"curies":[{"name":"wp","href":"https:\/\/api.w.org\/{rel}","templated":true}]}}