{"id":26113,"date":"2019-05-27T15:11:07","date_gmt":"2019-05-27T18:11:07","guid":{"rendered":"https:\/\/www.suno.com.br\/noticias\/?p=26113"},"modified":"2021-06-13T23:44:21","modified_gmt":"2021-06-14T02:44:21","slug":"guerra-comercial-huawei-china-retaliar-apple","status":"publish","type":"post","link":"https:\/\/www.suno.com.br\/noticias\/guerra-comercial-huawei-china-retaliar-apple\/","title":{"rendered":"Guerra comercial: CEO da Huawei diz que China n\u00e3o deve retaliar Apple"},"content":{"rendered":"<p>O CEO da Huawei, Ren Zhengfei, afirmou que a China n\u00e3o deve retaliar a Apple por conta das san\u00e7\u00f5es impostas pelo governo dos Estados Unidos \u00e0 empresa chinesa. No \u00faltimo dia 15, o presidente Donald Trump colocou a companhia em uma &#8220;lista negra&#8221; que a pro\u00edbe de comprar tecnologia americana. A medida acirrou ainda mais a guerra comercial entre os dois pa\u00edses.<\/p>\t<div class=\"wrapper-featured-image\">\n\t\t<figure class=\"spotlightImg\">\n\n\t\t\t<picture>\n\t\t\t\t<source media=\"(max-width: 768px)\" srcset=\"https:\/\/files.sunoresearch.com.br\/n\/uploads\/2019\/01\/1a67b929-32543493593_1354a89b4f_k-400x200.webp\">\n\t\t\t\t<img loading=\"lazy\" decoding=\"async\" class=\"newsContent__article__imgCapa lazyloadDisabled newsContent__article__imgCapa--noCaption\" src=\"https:\/\/files.sunoresearch.com.br\/n\/uploads\/2019\/01\/1a67b929-32543493593_1354a89b4f_k-800x450.webp\" width=\"800\" height=\"450\" alt=\"Guerra comercial: CEO da Huawei diz que China n\u00e3o deve retaliar Apple\" fetchpriority=high \/>\n\t\t\t<\/picture>\n\n\t\t\t<figcaption class=\"wp-caption-text wp-caption-text--hide\">Se a tend\u00eancia de vendas for mantida, a Huawei poder\u00e1 ultrapassar a Samsung em breve<\/figcaption>\n\t\t<\/figure>\n\t<\/div>\n\n\n<p>\u201cAntes de tudo, isso n\u00e3o acontecer\u00e1, e depois, se acontecer, eu serei o primeiro a protestar\u201d, disse ele em entrevista \u00e0 &#8220;Bloomberg&#8221;. \u201cA <strong>Apple<\/strong> \u00e9 minha professora, est\u00e1 avan\u00e7ando na nossa frente. Como estudante, por que eu deveria me opor \u00e0 minha professora?\u201d, afirmou Zhengfei. Antes, <strong>Trump<\/strong> havia elevado as taxas de importa\u00e7\u00e3o dos produtos chineses em 10% a 25%, ocasionando uma <strong>guerra comercial<\/strong> entre os dois pa\u00edses.<\/p>\n<p><a href=\"https:\/\/www.suno.com.br\/noticias\/claro-barreira-contra-huawei\/\">Saiba mais:\u00a0Presidente da Claro diz que Brasil &#8220;seria um inferno&#8221; se adotasse barreira contra Huawei<\/a><\/p>\n<p>Por conta da medida do <strong>governo americano<\/strong> contra a chinesa, o <strong>Google<\/strong> rompeu o fornecimento do sistema <strong>Android<\/strong> para os smartphones da <strong>Huawei<\/strong>. Al\u00e9m disso, a <strong>Microsoft<\/strong> retirou os notebooks da empresa da sua loja virtual.<\/p>\n\t<p>\n\t\t<a href=\"https:\/\/lp.suno.com.br\/ebook-como-analisar-uma-acao\/\" target=\"_blank\" data-element=\"shortcode-suno-banner\" title=\"Banner SUNO, clique e saiba mais\">\n\t\t\t<picture>\n\t\t\t\t<source media=\"(max-width: 500px)\" srcset=\"https:\/\/files.sunoresearch.com.br\/n\/uploads\/2023\/12\/Ebook-Acoes-Mobile.jpg\">\n\t\t\t\t<img class=\"newsContent__article__imgCapa newsContent__article__imgCapa--banner\"\n\t\t\t\t\tsrc=\"https:\/\/files.sunoresearch.com.br\/n\/uploads\/2023\/12\/Ebook-Acoes-Desktop.webp\"\n\t\t\t\t\tdata-promo-id=\"311260\"\t\t\t\t\t\t\t\t\t\twidth='1420' height='286'\t\t\t\t\talt=\"https:\/\/files.sunoresearch.com.br\/n\/uploads\/2023\/12\/Ebook-Acoes-Desktop.webp\"\n\t\t\t\t>\n\t\t\t<\/picture>\n\t\t<\/a>\n\t<\/p>\n\n\n<h2>Crescimento da Huawei<\/h2>\n<p>A <strong>Huawai<\/strong> vinha despontando no mercado de <strong>smartphones<\/strong> no mundo. A empresa j\u00e1 ultrapassou a <strong>Apple<\/strong> em n\u00famero de venda e s\u00f3 est\u00e1 atr\u00e1s da sul-coreana <strong>Samsung<\/strong>. No mercado chin\u00eas, o maior do mundo, a companhia obteve uma alta de 41% nas vendas do primeiro trimestre. Por outro lado, a Apple teve uma queda de 30% no mesmo per\u00edodo, segundo dados da Canalys. Com as restri\u00e7\u00f5es americanas, especialistas dizem que o crescimento da <strong>Huawei<\/strong> est\u00e1 amea\u00e7ado.<\/p>\n<p><a href=\"https:\/\/www.suno.com.br\/noticias\/huawei-china-mentir-mike-pompeo\/\">Saiba mais:\u00a0Mike Pompeo acusa Huawei de mentir sobre colabora\u00e7\u00e3o com China<\/a><\/p>\n<p>Parte da expans\u00e3o da chinesa se deve a campanha anti-<strong>Estados Unidos<\/strong> colocada em pr\u00e1tica pelo <strong>governo<\/strong> da <strong>China<\/strong> depois dos primeiros entraves entre a <strong>Huawei<\/strong> e os norte-americanos. O aumento do tom da <strong>guerra comercial<\/strong> entre o pa\u00eds asi\u00e1tico e os <strong>EUA<\/strong> preocupa o mercado. O CEO da <strong>Apple<\/strong>, <strong><a href=\"https:\/\/www.suno.com.br\/tudo-sobre\/tim-cook\/\">Tim Cook<\/a><\/strong>, demostrou apreens\u00e3o com as consequ\u00eancias da disputa comercial para as vendas de <strong>iPhone<\/strong>\u00a0na <strong>China<\/strong>.<\/p>\n","protected":false},"excerpt":{"rendered":"<p>O CEO da Huawei, Ren Zhengfei, afirmou que a China n\u00e3o deve retaliar a Apple por conta das san\u00e7\u00f5es impostas pelo governo dos Estados Unidos \u00e0 empresa chinesa. No \u00faltimo dia 15, o presidente Donald Trump colocou a companhia em uma &#8220;lista negra&#8221; que a pro\u00edbe de comprar tecnologia americana. A medida acirrou ainda mais [&hellip;]<\/p>\n","protected":false},"author":14,"featured_media":12947,"comment_status":"closed","ping_status":"closed","sticky":false,"template":"","format":"standard","meta":[],"categories":[64],"tags":[794,711,793,980,826,688],"suno_strategy":[],"class_list":["post-26113","post","type-post","status-publish","format-standard","has-post-thumbnail","hentry","category-negocios","tag-apple-aapl34","tag-china","tag-estados-unidos-eua","tag-guerra-comercial","tag-huawei","tag-microsoft-msft34"],"yoast_head":"<!-- This site is optimized with the Yoast SEO plugin v24.4 - https:\/\/yoast.com\/wordpress\/plugins\/seo\/ -->\n<title>Guerra comercial: CEO da Huawei diz que China n\u00e3o deve retaliar Apple<\/title>\n<meta name=\"description\" content=\"Trump havia elevado as taxas de importa\u00e7\u00e3o dos produtos chines em 10% a 25%, ocasionando uma guerra comercial. Clique para saber mais.\" \/>\n<meta name=\"robots\" content=\"index, follow, max-snippet:-1, max-image-preview:large, max-video-preview:-1\" \/>\n<link rel=\"canonical\" href=\"https:\/\/www.suno.com.br\/noticias\/guerra-comercial-huawei-china-retaliar-apple\/\" \/>\n<meta property=\"og:locale\" content=\"pt_BR\" \/>\n<meta property=\"og:type\" content=\"article\" \/>\n<meta property=\"og:title\" content=\"Guerra comercial: CEO da Huawei diz que China n\u00e3o deve retaliar Apple\" \/>\n<meta property=\"og:description\" content=\"Trump havia elevado as taxas de importa\u00e7\u00e3o dos produtos chines em 10% a 25%, ocasionando uma guerra comercial. Clique para saber mais.\" \/>\n<meta property=\"og:url\" content=\"https:\/\/www.suno.com.br\/noticias\/guerra-comercial-huawei-china-retaliar-apple\/\" \/>\n<meta property=\"og:site_name\" content=\"Suno Not\u00edcias\" \/>\n<meta property=\"article:publisher\" content=\"https:\/\/facebook.com\/sunoresearch\" \/>\n<meta property=\"og:image\" content=\"https:\/\/files.sunoresearch.com.br\/n\/uploads\/2019\/01\/1a67b929-32543493593_1354a89b4f_k.jpg\" \/>\n\t<meta property=\"og:image:width\" content=\"2048\" \/>\n\t<meta property=\"og:image:height\" content=\"1365\" \/>\n\t<meta property=\"og:image:type\" content=\"image\/jpeg\" \/>\n<meta name=\"author\" content=\"Renan Dantas\" \/>\n<meta name=\"twitter:card\" content=\"summary_large_image\" \/>\n<meta name=\"twitter:creator\" content=\"@sunoresearch\" \/>\n<meta name=\"twitter:site\" content=\"@sunoresearch\" \/>\n<meta name=\"twitter:label1\" content=\"Escrito por\" \/>\n\t<meta name=\"twitter:data1\" content=\"Renan Dantas\" \/>\n\t<meta name=\"twitter:label2\" content=\"Est. tempo de leitura\" \/>\n\t<meta name=\"twitter:data2\" content=\"2 minutos\" \/>\n<script type=\"application\/ld+json\" class=\"yoast-schema-graph\">{\"@context\":\"https:\/\/schema.org\",\"@graph\":[{\"@type\":\"NewsArticle\",\"@id\":\"https:\/\/www.suno.com.br\/noticias\/guerra-comercial-huawei-china-retaliar-apple\/#article\",\"isPartOf\":{\"@id\":\"https:\/\/www.suno.com.br\/noticias\/guerra-comercial-huawei-china-retaliar-apple\/\"},\"author\":{\"name\":\"Renan Dantas\",\"@id\":\"https:\/\/www.suno.com.br\/noticias\/#\/schema\/person\/3f7693d5795a3f6d5ce15309ee785699\"},\"headline\":\"Guerra comercial: CEO da Huawei diz que China n\u00e3o deve retaliar Apple\",\"datePublished\":\"2019-05-27T18:11:07+00:00\",\"dateModified\":\"2021-06-14T02:44:21+00:00\",\"mainEntityOfPage\":{\"@id\":\"https:\/\/www.suno.com.br\/noticias\/guerra-comercial-huawei-china-retaliar-apple\/\"},\"wordCount\":368,\"publisher\":{\"@id\":\"https:\/\/www.suno.com.br\/noticias\/#organization\"},\"image\":{\"@id\":\"https:\/\/www.suno.com.br\/noticias\/guerra-comercial-huawei-china-retaliar-apple\/#primaryimage\"},\"thumbnailUrl\":\"https:\/\/files.sunoresearch.com.br\/n\/uploads\/2019\/01\/1a67b929-32543493593_1354a89b4f_k-jpg.webp\",\"keywords\":[\"Apple (AAPL34)\",\"China\",\"Estados Unidos (EUA)\",\"guerra comercial\",\"Huawei\",\"Microsoft (MSFT34)\"],\"articleSection\":[\"Neg\u00f3cios\"],\"inLanguage\":\"pt-BR\"},{\"@type\":\"WebPage\",\"@id\":\"https:\/\/www.suno.com.br\/noticias\/guerra-comercial-huawei-china-retaliar-apple\/\",\"url\":\"https:\/\/www.suno.com.br\/noticias\/guerra-comercial-huawei-china-retaliar-apple\/\",\"name\":\"Guerra comercial: CEO da Huawei diz que China n\u00e3o deve retaliar Apple\",\"isPartOf\":{\"@id\":\"https:\/\/www.suno.com.br\/noticias\/#website\"},\"primaryImageOfPage\":{\"@id\":\"https:\/\/www.suno.com.br\/noticias\/guerra-comercial-huawei-china-retaliar-apple\/#primaryimage\"},\"image\":{\"@id\":\"https:\/\/www.suno.com.br\/noticias\/guerra-comercial-huawei-china-retaliar-apple\/#primaryimage\"},\"thumbnailUrl\":\"https:\/\/files.sunoresearch.com.br\/n\/uploads\/2019\/01\/1a67b929-32543493593_1354a89b4f_k-jpg.webp\",\"datePublished\":\"2019-05-27T18:11:07+00:00\",\"dateModified\":\"2021-06-14T02:44:21+00:00\",\"description\":\"Trump havia elevado as taxas de importa\u00e7\u00e3o dos produtos chines em 10% a 25%, ocasionando uma guerra comercial. Clique para saber mais.\",\"breadcrumb\":{\"@id\":\"https:\/\/www.suno.com.br\/noticias\/guerra-comercial-huawei-china-retaliar-apple\/#breadcrumb\"},\"inLanguage\":\"pt-BR\",\"potentialAction\":[{\"@type\":\"ReadAction\",\"target\":[\"https:\/\/www.suno.com.br\/noticias\/guerra-comercial-huawei-china-retaliar-apple\/\"]}]},{\"@type\":\"ImageObject\",\"inLanguage\":\"pt-BR\",\"@id\":\"https:\/\/www.suno.com.br\/noticias\/guerra-comercial-huawei-china-retaliar-apple\/#primaryimage\",\"url\":\"https:\/\/files.sunoresearch.com.br\/n\/uploads\/2019\/01\/1a67b929-32543493593_1354a89b4f_k-jpg.webp\",\"contentUrl\":\"https:\/\/files.sunoresearch.com.br\/n\/uploads\/2019\/01\/1a67b929-32543493593_1354a89b4f_k-jpg.webp\",\"width\":2048,\"height\":1365,\"caption\":\"Se a tend\u00eancia de vendas for mantida, a Huawei poder\u00e1 ultrapassar a Samsung em breve\"},{\"@type\":\"BreadcrumbList\",\"@id\":\"https:\/\/www.suno.com.br\/noticias\/guerra-comercial-huawei-china-retaliar-apple\/#breadcrumb\",\"itemListElement\":[{\"@type\":\"ListItem\",\"position\":1,\"name\":\"Not\u00edcias\",\"item\":\"https:\/\/www.suno.com.br\/noticias\/\"},{\"@type\":\"ListItem\",\"position\":2,\"name\":\"Neg\u00f3cios\",\"item\":\"https:\/\/www.suno.com.br\/noticias\/negocios\/\"},{\"@type\":\"ListItem\",\"position\":3,\"name\":\"Guerra comercial: CEO da Huawei diz que China n\u00e3o deve retaliar Apple\"}]},{\"@type\":\"WebSite\",\"@id\":\"https:\/\/www.suno.com.br\/noticias\/#website\",\"url\":\"https:\/\/www.suno.com.br\/noticias\/\",\"name\":\"Suno Not\u00edcias\",\"description\":\"Seu portal de informa\u00e7\u00e3o sobre o mundo dos investimentos\",\"publisher\":{\"@id\":\"https:\/\/www.suno.com.br\/noticias\/#organization\"},\"potentialAction\":[{\"@type\":\"SearchAction\",\"target\":{\"@type\":\"EntryPoint\",\"urlTemplate\":\"https:\/\/www.suno.com.br\/noticias\/?s={search_term_string}\"},\"query-input\":{\"@type\":\"PropertyValueSpecification\",\"valueRequired\":true,\"valueName\":\"search_term_string\"}}],\"inLanguage\":\"pt-BR\"},{\"@type\":\"Organization\",\"@id\":\"https:\/\/www.suno.com.br\/noticias\/#organization\",\"name\":\"Suno Not\u00edcias\",\"url\":\"https:\/\/www.suno.com.br\/noticias\/\",\"logo\":{\"@type\":\"ImageObject\",\"inLanguage\":\"pt-BR\",\"@id\":\"https:\/\/www.suno.com.br\/noticias\/#\/schema\/logo\/image\/\",\"url\":\"https:\/\/files.sunoresearch.com.br\/n\/uploads\/2021\/09\/suno-logo.png\",\"contentUrl\":\"https:\/\/files.sunoresearch.com.br\/n\/uploads\/2021\/09\/suno-logo.png\",\"width\":180,\"height\":180,\"caption\":\"Suno Not\u00edcias\"},\"image\":{\"@id\":\"https:\/\/www.suno.com.br\/noticias\/#\/schema\/logo\/image\/\"},\"sameAs\":[\"https:\/\/facebook.com\/sunoresearch\",\"https:\/\/x.com\/sunoresearch\",\"https:\/\/www.instagram.com\/suno\",\"https:\/\/www.linkedin.com\/company\/suno-research\/\",\"https:\/\/www.youtube.com\/c\/sunoresearch\"]},{\"@type\":\"Person\",\"@id\":\"https:\/\/www.suno.com.br\/noticias\/#\/schema\/person\/3f7693d5795a3f6d5ce15309ee785699\",\"name\":\"Renan Dantas\",\"image\":{\"@type\":\"ImageObject\",\"inLanguage\":\"pt-BR\",\"@id\":\"https:\/\/www.suno.com.br\/noticias\/#\/schema\/person\/image\/\",\"url\":\"https:\/\/secure.gravatar.com\/avatar\/1787b83e7484a08e51d62ac8b41c8396?s=96&r=g\",\"contentUrl\":\"https:\/\/secure.gravatar.com\/avatar\/1787b83e7484a08e51d62ac8b41c8396?s=96&r=g\",\"caption\":\"Renan Dantas\"},\"description\":\"Escreve sobre pol\u00edtica e mercado financeiro para o portal Suno Not\u00edcias. Antes, atuou na assessoria de comunica\u00e7\u00e3o do Minist\u00e9rio P\u00fablico do Trabalho e na R\u00e1dio Mackenzie, onde apresentava e produzia um programa sobre artistas da m\u00fasica brasileira. \u00c9 estudante na Universidade Presbiteriana Mackenzie.\",\"url\":\"https:\/\/www.suno.com.br\/noticias\/author\/renan-dantas\/\"}]}<\/script>\n<!-- \/ Yoast SEO plugin. -->","yoast_head_json":{"title":"Guerra comercial: CEO da Huawei diz que China n\u00e3o deve retaliar Apple","description":"Trump havia elevado as taxas de importa\u00e7\u00e3o dos produtos chines em 10% a 25%, ocasionando uma guerra comercial. Clique para saber mais.","robots":{"index":"index","follow":"follow","max-snippet":"max-snippet:-1","max-image-preview":"max-image-preview:large","max-video-preview":"max-video-preview:-1"},"canonical":"https:\/\/www.suno.com.br\/noticias\/guerra-comercial-huawei-china-retaliar-apple\/","og_locale":"pt_BR","og_type":"article","og_title":"Guerra comercial: CEO da Huawei diz que China n\u00e3o deve retaliar Apple","og_description":"Trump havia elevado as taxas de importa\u00e7\u00e3o dos produtos chines em 10% a 25%, ocasionando uma guerra comercial. Clique para saber mais.","og_url":"https:\/\/www.suno.com.br\/noticias\/guerra-comercial-huawei-china-retaliar-apple\/","og_site_name":"Suno Not\u00edcias","article_publisher":"https:\/\/facebook.com\/sunoresearch","og_image":[{"width":2048,"height":1365,"url":"https:\/\/files.sunoresearch.com.br\/n\/uploads\/2019\/01\/1a67b929-32543493593_1354a89b4f_k.jpg","type":"image\/jpeg"}],"author":"Renan Dantas","twitter_card":"summary_large_image","twitter_creator":"@sunoresearch","twitter_site":"@sunoresearch","twitter_misc":{"Escrito por":"Renan Dantas","Est. tempo de leitura":"2 minutos"},"schema":{"@context":"https:\/\/schema.org","@graph":[{"@type":"NewsArticle","@id":"https:\/\/www.suno.com.br\/noticias\/guerra-comercial-huawei-china-retaliar-apple\/#article","isPartOf":{"@id":"https:\/\/www.suno.com.br\/noticias\/guerra-comercial-huawei-china-retaliar-apple\/"},"author":{"name":"Renan Dantas","@id":"https:\/\/www.suno.com.br\/noticias\/#\/schema\/person\/3f7693d5795a3f6d5ce15309ee785699"},"headline":"Guerra comercial: CEO da Huawei diz que China n\u00e3o deve retaliar Apple","datePublished":"2019-05-27T18:11:07+00:00","dateModified":"2021-06-14T02:44:21+00:00","mainEntityOfPage":{"@id":"https:\/\/www.suno.com.br\/noticias\/guerra-comercial-huawei-china-retaliar-apple\/"},"wordCount":368,"publisher":{"@id":"https:\/\/www.suno.com.br\/noticias\/#organization"},"image":{"@id":"https:\/\/www.suno.com.br\/noticias\/guerra-comercial-huawei-china-retaliar-apple\/#primaryimage"},"thumbnailUrl":"https:\/\/files.sunoresearch.com.br\/n\/uploads\/2019\/01\/1a67b929-32543493593_1354a89b4f_k-jpg.webp","keywords":["Apple (AAPL34)","China","Estados Unidos (EUA)","guerra comercial","Huawei","Microsoft (MSFT34)"],"articleSection":["Neg\u00f3cios"],"inLanguage":"pt-BR"},{"@type":"WebPage","@id":"https:\/\/www.suno.com.br\/noticias\/guerra-comercial-huawei-china-retaliar-apple\/","url":"https:\/\/www.suno.com.br\/noticias\/guerra-comercial-huawei-china-retaliar-apple\/","name":"Guerra comercial: CEO da Huawei diz que China n\u00e3o deve retaliar Apple","isPartOf":{"@id":"https:\/\/www.suno.com.br\/noticias\/#website"},"primaryImageOfPage":{"@id":"https:\/\/www.suno.com.br\/noticias\/guerra-comercial-huawei-china-retaliar-apple\/#primaryimage"},"image":{"@id":"https:\/\/www.suno.com.br\/noticias\/guerra-comercial-huawei-china-retaliar-apple\/#primaryimage"},"thumbnailUrl":"https:\/\/files.sunoresearch.com.br\/n\/uploads\/2019\/01\/1a67b929-32543493593_1354a89b4f_k-jpg.webp","datePublished":"2019-05-27T18:11:07+00:00","dateModified":"2021-06-14T02:44:21+00:00","description":"Trump havia elevado as taxas de importa\u00e7\u00e3o dos produtos chines em 10% a 25%, ocasionando uma guerra comercial. Clique para saber mais.","breadcrumb":{"@id":"https:\/\/www.suno.com.br\/noticias\/guerra-comercial-huawei-china-retaliar-apple\/#breadcrumb"},"inLanguage":"pt-BR","potentialAction":[{"@type":"ReadAction","target":["https:\/\/www.suno.com.br\/noticias\/guerra-comercial-huawei-china-retaliar-apple\/"]}]},{"@type":"ImageObject","inLanguage":"pt-BR","@id":"https:\/\/www.suno.com.br\/noticias\/guerra-comercial-huawei-china-retaliar-apple\/#primaryimage","url":"https:\/\/files.sunoresearch.com.br\/n\/uploads\/2019\/01\/1a67b929-32543493593_1354a89b4f_k-jpg.webp","contentUrl":"https:\/\/files.sunoresearch.com.br\/n\/uploads\/2019\/01\/1a67b929-32543493593_1354a89b4f_k-jpg.webp","width":2048,"height":1365,"caption":"Se a tend\u00eancia de vendas for mantida, a Huawei poder\u00e1 ultrapassar a Samsung em breve"},{"@type":"BreadcrumbList","@id":"https:\/\/www.suno.com.br\/noticias\/guerra-comercial-huawei-china-retaliar-apple\/#breadcrumb","itemListElement":[{"@type":"ListItem","position":1,"name":"Not\u00edcias","item":"https:\/\/www.suno.com.br\/noticias\/"},{"@type":"ListItem","position":2,"name":"Neg\u00f3cios","item":"https:\/\/www.suno.com.br\/noticias\/negocios\/"},{"@type":"ListItem","position":3,"name":"Guerra comercial: CEO da Huawei diz que China n\u00e3o deve retaliar Apple"}]},{"@type":"WebSite","@id":"https:\/\/www.suno.com.br\/noticias\/#website","url":"https:\/\/www.suno.com.br\/noticias\/","name":"Suno Not\u00edcias","description":"Seu portal de informa\u00e7\u00e3o sobre o mundo dos investimentos","publisher":{"@id":"https:\/\/www.suno.com.br\/noticias\/#organization"},"potentialAction":[{"@type":"SearchAction","target":{"@type":"EntryPoint","urlTemplate":"https:\/\/www.suno.com.br\/noticias\/?s={search_term_string}"},"query-input":{"@type":"PropertyValueSpecification","valueRequired":true,"valueName":"search_term_string"}}],"inLanguage":"pt-BR"},{"@type":"Organization","@id":"https:\/\/www.suno.com.br\/noticias\/#organization","name":"Suno Not\u00edcias","url":"https:\/\/www.suno.com.br\/noticias\/","logo":{"@type":"ImageObject","inLanguage":"pt-BR","@id":"https:\/\/www.suno.com.br\/noticias\/#\/schema\/logo\/image\/","url":"https:\/\/files.sunoresearch.com.br\/n\/uploads\/2021\/09\/suno-logo.png","contentUrl":"https:\/\/files.sunoresearch.com.br\/n\/uploads\/2021\/09\/suno-logo.png","width":180,"height":180,"caption":"Suno Not\u00edcias"},"image":{"@id":"https:\/\/www.suno.com.br\/noticias\/#\/schema\/logo\/image\/"},"sameAs":["https:\/\/facebook.com\/sunoresearch","https:\/\/x.com\/sunoresearch","https:\/\/www.instagram.com\/suno","https:\/\/www.linkedin.com\/company\/suno-research\/","https:\/\/www.youtube.com\/c\/sunoresearch"]},{"@type":"Person","@id":"https:\/\/www.suno.com.br\/noticias\/#\/schema\/person\/3f7693d5795a3f6d5ce15309ee785699","name":"Renan Dantas","image":{"@type":"ImageObject","inLanguage":"pt-BR","@id":"https:\/\/www.suno.com.br\/noticias\/#\/schema\/person\/image\/","url":"https:\/\/secure.gravatar.com\/avatar\/1787b83e7484a08e51d62ac8b41c8396?s=96&r=g","contentUrl":"https:\/\/secure.gravatar.com\/avatar\/1787b83e7484a08e51d62ac8b41c8396?s=96&r=g","caption":"Renan Dantas"},"description":"Escreve sobre pol\u00edtica e mercado financeiro para o portal Suno Not\u00edcias. Antes, atuou na assessoria de comunica\u00e7\u00e3o do Minist\u00e9rio P\u00fablico do Trabalho e na R\u00e1dio Mackenzie, onde apresentava e produzia um programa sobre artistas da m\u00fasica brasileira. \u00c9 estudante na Universidade Presbiteriana Mackenzie.","url":"https:\/\/www.suno.com.br\/noticias\/author\/renan-dantas\/"}]}},"default_loop_html":"<div class=\"cardsPage__listCard__boxs\"><div class=\"cardsPage__listCard__boxs__img\"><a href=\"https:\/\/www.suno.com.br\/noticias\/guerra-comercial-huawei-china-retaliar-apple\/\"><img class=\"mask\" src=\"https:\/\/www.suno.com.br\/noticias\/wp-content\/themes\/suno\/resources\/images\/spotlight\/spotlight1img\/bg-mask.png\" alt=\"Image Mask\"\/><img src=\"https:\/\/files.sunoresearch.com.br\/n\/uploads\/2019\/01\/1a67b929-32543493593_1354a89b4f_k-400x200.webp\" alt=\"Guerra comercial: CEO da Huawei diz que China n\u00e3o deve retaliar Apple\"\/><\/a><span class=\"spotlightCategory\"><a href=\"https:\/\/www.suno.com.br\/noticias\/negocios\/\">Neg\u00f3cios<\/a><\/span><\/div><div class=\"cardsPage__listCard__boxs__content\"><a href=\"https:\/\/www.suno.com.br\/noticias\/guerra-comercial-huawei-china-retaliar-apple\/\"><h2 class=\"content__title\">Guerra comercial: CEO da Huawei diz que China n\u00e3o deve retaliar Apple<\/h2><\/a><div class=\"newsContent__article__meta\"><div class=\"newsContent__article__meta__authorBox\"><a href=\"https:\/\/www.suno.com.br\/noticias\/author\/renan-dantas\/\" class=\"authorBox__avatar noMobi\"><img src=\"https:\/\/secure.gravatar.com\/avatar\/1787b83e7484a08e51d62ac8b41c8396?s=96&#038;r=g\" alt=\"Renan Dantas\"><\/a><div class=\"authorBox__name\"><span>por\n\t\t\t<a href=\"https:\/\/www.suno.com.br\/noticias\/author\/renan-dantas\/\"><span itemprop=\"author\">Renan Dantas<\/span><\/a><\/span><time datetime=\"2019-05-27T15:11:07-03:00\" itemprop=\"datePublished\">27\/05\/2019 15:11<\/time><\/div><\/div><\/div><\/div><\/div>","single_layout":"posts","amp_enabled":true,"_links":{"self":[{"href":"https:\/\/www.suno.com.br\/noticias\/wp-json\/wp\/v2\/posts\/26113"}],"collection":[{"href":"https:\/\/www.suno.com.br\/noticias\/wp-json\/wp\/v2\/posts"}],"about":[{"href":"https:\/\/www.suno.com.br\/noticias\/wp-json\/wp\/v2\/types\/post"}],"author":[{"embeddable":true,"href":"https:\/\/www.suno.com.br\/noticias\/wp-json\/wp\/v2\/users\/14"}],"replies":[{"embeddable":true,"href":"https:\/\/www.suno.com.br\/noticias\/wp-json\/wp\/v2\/comments?post=26113"}],"version-history":[{"count":1,"href":"https:\/\/www.suno.com.br\/noticias\/wp-json\/wp\/v2\/posts\/26113\/revisions"}],"predecessor-version":[{"id":157353,"href":"https:\/\/www.suno.com.br\/noticias\/wp-json\/wp\/v2\/posts\/26113\/revisions\/157353"}],"wp:featuredmedia":[{"embeddable":true,"href":"https:\/\/www.suno.com.br\/noticias\/wp-json\/wp\/v2\/media\/12947"}],"wp:attachment":[{"href":"https:\/\/www.suno.com.br\/noticias\/wp-json\/wp\/v2\/media?parent=26113"}],"wp:term":[{"taxonomy":"category","embeddable":true,"href":"https:\/\/www.suno.com.br\/noticias\/wp-json\/wp\/v2\/categories?post=26113"},{"taxonomy":"post_tag","embeddable":true,"href":"https:\/\/www.suno.com.br\/noticias\/wp-json\/wp\/v2\/tags?post=26113"},{"taxonomy":"suno_strategy","embeddable":true,"href":"https:\/\/www.suno.com.br\/noticias\/wp-json\/wp\/v2\/suno_strategy?post=26113"}],"curies":[{"name":"wp","href":"https:\/\/api.w.org\/{rel}","templated":true}]}}