{"id":26063,"date":"2019-05-27T11:31:28","date_gmt":"2019-05-27T14:31:28","guid":{"rendered":"https:\/\/www.suno.com.br\/noticias\/?p=26063"},"modified":"2019-05-27T11:33:44","modified_gmt":"2019-05-27T14:33:44","slug":"incc-m-inflacao-construcao-retracao","status":"publish","type":"post","link":"https:\/\/www.suno.com.br\/noticias\/incc-m-inflacao-construcao-retracao\/","title":{"rendered":"INCC-M: infla\u00e7\u00e3o da constru\u00e7\u00e3o civil tem retra\u00e7\u00e3o na alta em maio"},"content":{"rendered":"<p>O \u00cdndice Nacional de Custo da Constru\u00e7\u00e3o-M (INCC-M), registrou uma infla\u00e7\u00e3o de 0,09% durante o m\u00eas de maio. O \u00edndice \u00e9 calculado pela Funda\u00e7\u00e3o Get\u00falio Vargas (FGV) e foi divulgado nesta segunda-feira (27).<\/p>\t<div class=\"wrapper-featured-image\">\n\t\t<figure class=\"spotlightImg\">\n\n\t\t\t<picture>\n\t\t\t\t<source media=\"(max-width: 768px)\" srcset=\"https:\/\/files.sunoresearch.com.br\/n\/uploads\/2019\/05\/e56dae11-infla\u00e7\u00e3o-400x200.webp\">\n\t\t\t\t<img loading=\"lazy\" decoding=\"async\" class=\"newsContent__article__imgCapa lazyloadDisabled newsContent__article__imgCapa--noCaption\" src=\"https:\/\/files.sunoresearch.com.br\/n\/uploads\/2019\/05\/e56dae11-infla\u00e7\u00e3o-800x450.webp\" width=\"800\" height=\"450\" alt=\"INCC-M: infla\u00e7\u00e3o da constru\u00e7\u00e3o civil tem retra\u00e7\u00e3o na alta em maio\" fetchpriority=high \/>\n\t\t\t<\/picture>\n\n\t\t\t<figcaption class=\"wp-caption-text wp-caption-text--hide\">INCC-M: infla\u00e7\u00e3o da constru\u00e7\u00e3o civil tem retra\u00e7\u00e3o na alta em maio<\/figcaption>\n\t\t<\/figure>\n\t<\/div>\n\n\n<p>No entanto, o <strong>INCC-M<\/strong>, que \u00e9 a <strong>infla\u00e7\u00e3o<\/strong> da constru\u00e7\u00e3o civil, apontou um recuo de 0,4% quando comparado aos 0,49% do m\u00eas anterior. Durante o ano, o \u00edndice j\u00e1 registra uma alta acumulada de 1,36%, enquanto nos \u00faltimos 12 meses o crescimento \u00e9 de 4,09%.<\/p>\n\t<p>\n\t\t<a href=\"https:\/\/lp.suno.com.br\/pv\/sr-premium\/trial-1-real\/\" target=\"_blank\" data-element=\"shortcode-suno-banner\" title=\"Banner SUNO, clique e saiba mais\">\n\t\t\t<picture>\n\t\t\t\t<source media=\"(max-width: 500px)\" srcset=\"https:\/\/files.sunoresearch.com.br\/n\/uploads\/2024\/04\/400x300-Banner-Home-2.png\">\n\t\t\t\t<img class=\"newsContent__article__imgCapa newsContent__article__imgCapa--banner\"\n\t\t\t\t\tsrc=\"https:\/\/files.sunoresearch.com.br\/n\/uploads\/2024\/04\/1420x240-Banner-Home-2.png\"\n\t\t\t\t\tdata-promo-id=\"541556\"\t\t\t\t\t\t\t\t\t\twidth='1420' height='240'\t\t\t\t\talt=\"https:\/\/files.sunoresearch.com.br\/n\/uploads\/2024\/04\/1420x240-Banner-Home-2.png\"\n\t\t\t\t>\n\t\t\t<\/picture>\n\t\t<\/a>\n\t<\/p>\n\n\n<h2>Principais movimenta\u00e7\u00f5es do INCC-M<\/h2>\n<p>A taxa relativa ao setor de <strong>Materiais<\/strong>, <strong>Equipamentos<\/strong> e <strong>Servi\u00e7os<\/strong> teve uma quebra no ritmo de alta, registrando um aumento de 0,18% em maio, contra os 0,67% de expans\u00e3o anotados em abril.<\/p>\n<p><a href=\"https:\/\/www.suno.com.br\/noticias\/minha-casa-minha-vida-aluguel\/\">Saiba mais:\u00a0Novo Minha Casa, Minha Vida prev\u00ea aluguel ao inv\u00e9s de financiamento<\/a><\/p>\n<p>Al\u00e9m disso, o setor de <strong>M\u00e3o<\/strong> de <strong>Obra<\/strong> apontou uma alta de 0,1% em rela\u00e7\u00e3o ao m\u00eas anterior, que inflacionou 0,33%. Enquanto isso, a M\u00e3o de Obra Especializada obteve uma varia\u00e7\u00e3o de 0,04% no per\u00edodo.<\/p>\n<h2>\u00daltima pr\u00e9via de maio do INCC<\/h2>\n<p>A alta tamb\u00e9m foi registrada no <strong>\u00cdndice Nacional de Custo da Constru\u00e7\u00e3o<\/strong> (INCC). Isso porque o indicador avan\u00e7ou 0,06% na segunda pr\u00e9via de maio. Entretanto, a alta sofreu uma desacelera\u00e7\u00e3o, porque no m\u00eas anterior o resultado subiu 0,39%. Assim, dentro do <strong>INCC,<\/strong> os resultados foram:<\/p>\n<p><a href=\"https:\/\/www.suno.com.br\/noticias\/igp-m-desacelera-058-previa-maio\/\">Saiba mais:\u00a0IGP-M sobe 0,58% na segunda pr\u00e9via de maio, diz FGV<\/a><\/p>\n<ul>\n<li>Materiais: alta de 0,13% contra avan\u00e7o de 0,59% registrado na segunda pr\u00e9via do m\u00eas de abril;<\/li>\n<li>Equipamentos: alta de 0,13% contra avan\u00e7o de 0,59% registrado na segunda pr\u00e9via do m\u00eas de abril;<\/li>\n<li>Servi\u00e7os: alta de 0,13% contra avan\u00e7o de 0,59% registrado na segunda pr\u00e9via do m\u00eas de abril;<\/li>\n<li>M\u00e3o de obra:\u00a0alta de 0,01% contra avan\u00e7o de 0,22% registrado na segunda pr\u00e9via do m\u00eas de abril.<\/li>\n<\/ul>\n<h2>Infla\u00e7\u00e3o por capitais<\/h2>\n<p>O \u00edndice apresentou desacelera\u00e7\u00e3o em seis das sete capitais pesquisadas, sendo elas:<\/p>\n<ul>\n<li>Salvador<\/li>\n<li>Belo Horizonte<\/li>\n<li>Recife<\/li>\n<li>Rio de Janeiro<\/li>\n<li>Porto Alegre<\/li>\n<li>S\u00e3o Paulo<\/li>\n<\/ul>\n<p>Bras\u00edlia foi a \u00fanica registrar alta no per\u00edodo.<\/p>\n\t<p>\n\t\t<a href=\"https:\/\/lp.suno.com.br\/pv\/sr-premium\/trial-1-real\/\" target=\"_blank\" data-element=\"shortcode-suno-banner\" title=\"Banner SUNO, clique e saiba mais\">\n\t\t\t<picture>\n\t\t\t\t<source media=\"(max-width: 500px)\" srcset=\"https:\/\/files.sunoresearch.com.br\/n\/uploads\/2024\/04\/400x300-Banner-Home-2.png\">\n\t\t\t\t<img class=\"newsContent__article__imgCapa newsContent__article__imgCapa--banner\"\n\t\t\t\t\tsrc=\"https:\/\/files.sunoresearch.com.br\/n\/uploads\/2024\/04\/1420x240-Banner-Home-2.png\"\n\t\t\t\t\tdata-promo-id=\"541556\"\t\t\t\t\t\t\t\t\t\twidth='1420' height='240'\t\t\t\t\talt=\"https:\/\/files.sunoresearch.com.br\/n\/uploads\/2024\/04\/1420x240-Banner-Home-2.png\"\n\t\t\t\t>\n\t\t\t<\/picture>\n\t\t<\/a>\n\t<\/p>\n\n\n<p>A <strong>infla\u00e7\u00e3o<\/strong> medida pelo <strong>INCC-M<\/strong> tem como base de c\u00e1lculo os pre\u00e7os coletados entre os dias 21 de abril e 20 deste m\u00eas.<\/p>\n","protected":false},"excerpt":{"rendered":"<p>O \u00cdndice Nacional de Custo da Constru\u00e7\u00e3o-M (INCC-M), registrou uma infla\u00e7\u00e3o de 0,09% durante o m\u00eas de maio. O \u00edndice \u00e9 calculado pela Funda\u00e7\u00e3o Get\u00falio Vargas (FGV) e foi divulgado nesta segunda-feira (27). INCC-M: infla\u00e7\u00e3o da constru\u00e7\u00e3o civil tem retra\u00e7\u00e3o na alta em maio No entanto, o INCC-M, que \u00e9 a infla\u00e7\u00e3o da constru\u00e7\u00e3o civil, [&hellip;]<\/p>\n","protected":false},"author":11,"featured_media":26069,"comment_status":"closed","ping_status":"closed","sticky":false,"template":"","format":"standard","meta":[],"categories":[66],"tags":[850],"suno_strategy":[],"class_list":["post-26063","post","type-post","status-publish","format-standard","has-post-thumbnail","hentry","category-fiis","tag-inflacao"],"yoast_head":"<!-- This site is optimized with the Yoast SEO plugin v24.4 - https:\/\/yoast.com\/wordpress\/plugins\/seo\/ -->\n<title>INCC-M: infla\u00e7\u00e3o da constru\u00e7\u00e3o civil tem retra\u00e7\u00e3o na alta em maio<\/title>\n<meta name=\"description\" content=\"A infla\u00e7\u00e3o da constru\u00e7\u00e3o civil registrou uma alta de 0,09% durante o m\u00eas de maio, contra 0,49% de alta em abril. Clique e saiba mais.\" \/>\n<meta name=\"robots\" content=\"index, follow, max-snippet:-1, max-image-preview:large, max-video-preview:-1\" \/>\n<link rel=\"canonical\" href=\"https:\/\/www.suno.com.br\/noticias\/incc-m-inflacao-construcao-retracao\/\" \/>\n<meta property=\"og:locale\" content=\"pt_BR\" \/>\n<meta property=\"og:type\" content=\"article\" \/>\n<meta property=\"og:title\" content=\"INCC-M: infla\u00e7\u00e3o da constru\u00e7\u00e3o civil tem retra\u00e7\u00e3o na alta em maio\" \/>\n<meta property=\"og:description\" content=\"A infla\u00e7\u00e3o da constru\u00e7\u00e3o civil registrou uma alta de 0,09% durante o m\u00eas de maio, contra 0,49% de alta em abril. Clique e saiba mais.\" \/>\n<meta property=\"og:url\" content=\"https:\/\/www.suno.com.br\/noticias\/incc-m-inflacao-construcao-retracao\/\" \/>\n<meta property=\"og:site_name\" content=\"Suno Not\u00edcias\" \/>\n<meta property=\"article:publisher\" content=\"https:\/\/facebook.com\/sunoresearch\" \/>\n<meta property=\"og:image\" content=\"https:\/\/files.sunoresearch.com.br\/n\/uploads\/2019\/05\/e56dae11-infla\u00e7\u00e3o-1024x681.jpg\" \/>\n\t<meta property=\"og:image:width\" content=\"1024\" \/>\n\t<meta property=\"og:image:height\" content=\"681\" \/>\n\t<meta property=\"og:image:type\" content=\"image\/jpeg\" \/>\n<meta name=\"author\" content=\"Renan Bandeira\" \/>\n<meta name=\"twitter:card\" content=\"summary_large_image\" \/>\n<meta name=\"twitter:creator\" content=\"@sunoresearch\" \/>\n<meta name=\"twitter:site\" content=\"@sunoresearch\" \/>\n<meta name=\"twitter:label1\" content=\"Escrito por\" \/>\n\t<meta name=\"twitter:data1\" content=\"Renan Bandeira\" \/>\n\t<meta name=\"twitter:label2\" content=\"Est. tempo de leitura\" \/>\n\t<meta name=\"twitter:data2\" content=\"2 minutos\" \/>\n<script type=\"application\/ld+json\" class=\"yoast-schema-graph\">{\"@context\":\"https:\/\/schema.org\",\"@graph\":[{\"@type\":\"NewsArticle\",\"@id\":\"https:\/\/www.suno.com.br\/noticias\/incc-m-inflacao-construcao-retracao\/#article\",\"isPartOf\":{\"@id\":\"https:\/\/www.suno.com.br\/noticias\/incc-m-inflacao-construcao-retracao\/\"},\"author\":{\"name\":\"Renan Bandeira\",\"@id\":\"https:\/\/www.suno.com.br\/noticias\/#\/schema\/person\/fc144a1c6108bd1dcd43784e88a3c138\"},\"headline\":\"INCC-M: infla\u00e7\u00e3o da constru\u00e7\u00e3o civil tem retra\u00e7\u00e3o na alta em maio\",\"datePublished\":\"2019-05-27T14:31:28+00:00\",\"dateModified\":\"2019-05-27T14:33:44+00:00\",\"mainEntityOfPage\":{\"@id\":\"https:\/\/www.suno.com.br\/noticias\/incc-m-inflacao-construcao-retracao\/\"},\"wordCount\":390,\"publisher\":{\"@id\":\"https:\/\/www.suno.com.br\/noticias\/#organization\"},\"image\":{\"@id\":\"https:\/\/www.suno.com.br\/noticias\/incc-m-inflacao-construcao-retracao\/#primaryimage\"},\"thumbnailUrl\":\"https:\/\/files.sunoresearch.com.br\/n\/uploads\/2019\/05\/e56dae11-infla\u00e7\u00e3o-scaled.webp\",\"keywords\":[\"infla\u00e7\u00e3o\"],\"articleSection\":[\"FIIs\"],\"inLanguage\":\"pt-BR\"},{\"@type\":\"WebPage\",\"@id\":\"https:\/\/www.suno.com.br\/noticias\/incc-m-inflacao-construcao-retracao\/\",\"url\":\"https:\/\/www.suno.com.br\/noticias\/incc-m-inflacao-construcao-retracao\/\",\"name\":\"INCC-M: infla\u00e7\u00e3o da constru\u00e7\u00e3o civil tem retra\u00e7\u00e3o na alta em maio\",\"isPartOf\":{\"@id\":\"https:\/\/www.suno.com.br\/noticias\/#website\"},\"primaryImageOfPage\":{\"@id\":\"https:\/\/www.suno.com.br\/noticias\/incc-m-inflacao-construcao-retracao\/#primaryimage\"},\"image\":{\"@id\":\"https:\/\/www.suno.com.br\/noticias\/incc-m-inflacao-construcao-retracao\/#primaryimage\"},\"thumbnailUrl\":\"https:\/\/files.sunoresearch.com.br\/n\/uploads\/2019\/05\/e56dae11-infla\u00e7\u00e3o-scaled.webp\",\"datePublished\":\"2019-05-27T14:31:28+00:00\",\"dateModified\":\"2019-05-27T14:33:44+00:00\",\"description\":\"A infla\u00e7\u00e3o da constru\u00e7\u00e3o civil registrou uma alta de 0,09% durante o m\u00eas de maio, contra 0,49% de alta em abril. Clique e saiba mais.\",\"breadcrumb\":{\"@id\":\"https:\/\/www.suno.com.br\/noticias\/incc-m-inflacao-construcao-retracao\/#breadcrumb\"},\"inLanguage\":\"pt-BR\",\"potentialAction\":[{\"@type\":\"ReadAction\",\"target\":[\"https:\/\/www.suno.com.br\/noticias\/incc-m-inflacao-construcao-retracao\/\"]}]},{\"@type\":\"ImageObject\",\"inLanguage\":\"pt-BR\",\"@id\":\"https:\/\/www.suno.com.br\/noticias\/incc-m-inflacao-construcao-retracao\/#primaryimage\",\"url\":\"https:\/\/files.sunoresearch.com.br\/n\/uploads\/2019\/05\/e56dae11-infla\u00e7\u00e3o-scaled.webp\",\"contentUrl\":\"https:\/\/files.sunoresearch.com.br\/n\/uploads\/2019\/05\/e56dae11-infla\u00e7\u00e3o-scaled.webp\",\"width\":2560,\"height\":1703,\"caption\":\"INCC-M: infla\u00e7\u00e3o da constru\u00e7\u00e3o civil tem retra\u00e7\u00e3o na alta em maio\"},{\"@type\":\"BreadcrumbList\",\"@id\":\"https:\/\/www.suno.com.br\/noticias\/incc-m-inflacao-construcao-retracao\/#breadcrumb\",\"itemListElement\":[{\"@type\":\"ListItem\",\"position\":1,\"name\":\"Not\u00edcias\",\"item\":\"https:\/\/www.suno.com.br\/noticias\/\"},{\"@type\":\"ListItem\",\"position\":2,\"name\":\"FIIs\",\"item\":\"https:\/\/www.suno.com.br\/noticias\/fiis\/\"},{\"@type\":\"ListItem\",\"position\":3,\"name\":\"INCC-M: infla\u00e7\u00e3o da constru\u00e7\u00e3o civil tem retra\u00e7\u00e3o na alta em maio\"}]},{\"@type\":\"WebSite\",\"@id\":\"https:\/\/www.suno.com.br\/noticias\/#website\",\"url\":\"https:\/\/www.suno.com.br\/noticias\/\",\"name\":\"Suno Not\u00edcias\",\"description\":\"Seu portal de informa\u00e7\u00e3o sobre o mundo dos investimentos\",\"publisher\":{\"@id\":\"https:\/\/www.suno.com.br\/noticias\/#organization\"},\"potentialAction\":[{\"@type\":\"SearchAction\",\"target\":{\"@type\":\"EntryPoint\",\"urlTemplate\":\"https:\/\/www.suno.com.br\/noticias\/?s={search_term_string}\"},\"query-input\":{\"@type\":\"PropertyValueSpecification\",\"valueRequired\":true,\"valueName\":\"search_term_string\"}}],\"inLanguage\":\"pt-BR\"},{\"@type\":\"Organization\",\"@id\":\"https:\/\/www.suno.com.br\/noticias\/#organization\",\"name\":\"Suno Not\u00edcias\",\"url\":\"https:\/\/www.suno.com.br\/noticias\/\",\"logo\":{\"@type\":\"ImageObject\",\"inLanguage\":\"pt-BR\",\"@id\":\"https:\/\/www.suno.com.br\/noticias\/#\/schema\/logo\/image\/\",\"url\":\"https:\/\/files.sunoresearch.com.br\/n\/uploads\/2021\/09\/suno-logo.png\",\"contentUrl\":\"https:\/\/files.sunoresearch.com.br\/n\/uploads\/2021\/09\/suno-logo.png\",\"width\":180,\"height\":180,\"caption\":\"Suno Not\u00edcias\"},\"image\":{\"@id\":\"https:\/\/www.suno.com.br\/noticias\/#\/schema\/logo\/image\/\"},\"sameAs\":[\"https:\/\/facebook.com\/sunoresearch\",\"https:\/\/x.com\/sunoresearch\",\"https:\/\/www.instagram.com\/suno\",\"https:\/\/www.linkedin.com\/company\/suno-research\/\",\"https:\/\/www.youtube.com\/c\/sunoresearch\"]},{\"@type\":\"Person\",\"@id\":\"https:\/\/www.suno.com.br\/noticias\/#\/schema\/person\/fc144a1c6108bd1dcd43784e88a3c138\",\"name\":\"Renan Bandeira\",\"image\":{\"@type\":\"ImageObject\",\"inLanguage\":\"pt-BR\",\"@id\":\"https:\/\/www.suno.com.br\/noticias\/#\/schema\/person\/image\/\",\"url\":\"https:\/\/secure.gravatar.com\/avatar\/68359cdb608f14f11bbefcb78f3fc747?s=96&r=g\",\"contentUrl\":\"https:\/\/secure.gravatar.com\/avatar\/68359cdb608f14f11bbefcb78f3fc747?s=96&r=g\",\"caption\":\"Renan Bandeira\"},\"description\":\"Renan Bandeira escreve sobre pol\u00edtica e economia para o portal da Suno Research. Antes da Suno, trabalhou em uma rede de televis\u00e3o, onde fazia reportagens sobre os mesmos temas. Estuda na Universidade Metodista de S\u00e3o Paulo.\",\"url\":\"https:\/\/www.suno.com.br\/noticias\/author\/renan-bandeira\/\"}]}<\/script>\n<!-- \/ Yoast SEO plugin. -->","yoast_head_json":{"title":"INCC-M: infla\u00e7\u00e3o da constru\u00e7\u00e3o civil tem retra\u00e7\u00e3o na alta em maio","description":"A infla\u00e7\u00e3o da constru\u00e7\u00e3o civil registrou uma alta de 0,09% durante o m\u00eas de maio, contra 0,49% de alta em abril. Clique e saiba mais.","robots":{"index":"index","follow":"follow","max-snippet":"max-snippet:-1","max-image-preview":"max-image-preview:large","max-video-preview":"max-video-preview:-1"},"canonical":"https:\/\/www.suno.com.br\/noticias\/incc-m-inflacao-construcao-retracao\/","og_locale":"pt_BR","og_type":"article","og_title":"INCC-M: infla\u00e7\u00e3o da constru\u00e7\u00e3o civil tem retra\u00e7\u00e3o na alta em maio","og_description":"A infla\u00e7\u00e3o da constru\u00e7\u00e3o civil registrou uma alta de 0,09% durante o m\u00eas de maio, contra 0,49% de alta em abril. Clique e saiba mais.","og_url":"https:\/\/www.suno.com.br\/noticias\/incc-m-inflacao-construcao-retracao\/","og_site_name":"Suno Not\u00edcias","article_publisher":"https:\/\/facebook.com\/sunoresearch","og_image":[{"width":1024,"height":681,"url":"https:\/\/files.sunoresearch.com.br\/n\/uploads\/2019\/05\/e56dae11-infla\u00e7\u00e3o-1024x681.jpg","type":"image\/jpeg"}],"author":"Renan Bandeira","twitter_card":"summary_large_image","twitter_creator":"@sunoresearch","twitter_site":"@sunoresearch","twitter_misc":{"Escrito por":"Renan Bandeira","Est. tempo de leitura":"2 minutos"},"schema":{"@context":"https:\/\/schema.org","@graph":[{"@type":"NewsArticle","@id":"https:\/\/www.suno.com.br\/noticias\/incc-m-inflacao-construcao-retracao\/#article","isPartOf":{"@id":"https:\/\/www.suno.com.br\/noticias\/incc-m-inflacao-construcao-retracao\/"},"author":{"name":"Renan Bandeira","@id":"https:\/\/www.suno.com.br\/noticias\/#\/schema\/person\/fc144a1c6108bd1dcd43784e88a3c138"},"headline":"INCC-M: infla\u00e7\u00e3o da constru\u00e7\u00e3o civil tem retra\u00e7\u00e3o na alta em maio","datePublished":"2019-05-27T14:31:28+00:00","dateModified":"2019-05-27T14:33:44+00:00","mainEntityOfPage":{"@id":"https:\/\/www.suno.com.br\/noticias\/incc-m-inflacao-construcao-retracao\/"},"wordCount":390,"publisher":{"@id":"https:\/\/www.suno.com.br\/noticias\/#organization"},"image":{"@id":"https:\/\/www.suno.com.br\/noticias\/incc-m-inflacao-construcao-retracao\/#primaryimage"},"thumbnailUrl":"https:\/\/files.sunoresearch.com.br\/n\/uploads\/2019\/05\/e56dae11-infla\u00e7\u00e3o-scaled.webp","keywords":["infla\u00e7\u00e3o"],"articleSection":["FIIs"],"inLanguage":"pt-BR"},{"@type":"WebPage","@id":"https:\/\/www.suno.com.br\/noticias\/incc-m-inflacao-construcao-retracao\/","url":"https:\/\/www.suno.com.br\/noticias\/incc-m-inflacao-construcao-retracao\/","name":"INCC-M: infla\u00e7\u00e3o da constru\u00e7\u00e3o civil tem retra\u00e7\u00e3o na alta em maio","isPartOf":{"@id":"https:\/\/www.suno.com.br\/noticias\/#website"},"primaryImageOfPage":{"@id":"https:\/\/www.suno.com.br\/noticias\/incc-m-inflacao-construcao-retracao\/#primaryimage"},"image":{"@id":"https:\/\/www.suno.com.br\/noticias\/incc-m-inflacao-construcao-retracao\/#primaryimage"},"thumbnailUrl":"https:\/\/files.sunoresearch.com.br\/n\/uploads\/2019\/05\/e56dae11-infla\u00e7\u00e3o-scaled.webp","datePublished":"2019-05-27T14:31:28+00:00","dateModified":"2019-05-27T14:33:44+00:00","description":"A infla\u00e7\u00e3o da constru\u00e7\u00e3o civil registrou uma alta de 0,09% durante o m\u00eas de maio, contra 0,49% de alta em abril. Clique e saiba mais.","breadcrumb":{"@id":"https:\/\/www.suno.com.br\/noticias\/incc-m-inflacao-construcao-retracao\/#breadcrumb"},"inLanguage":"pt-BR","potentialAction":[{"@type":"ReadAction","target":["https:\/\/www.suno.com.br\/noticias\/incc-m-inflacao-construcao-retracao\/"]}]},{"@type":"ImageObject","inLanguage":"pt-BR","@id":"https:\/\/www.suno.com.br\/noticias\/incc-m-inflacao-construcao-retracao\/#primaryimage","url":"https:\/\/files.sunoresearch.com.br\/n\/uploads\/2019\/05\/e56dae11-infla\u00e7\u00e3o-scaled.webp","contentUrl":"https:\/\/files.sunoresearch.com.br\/n\/uploads\/2019\/05\/e56dae11-infla\u00e7\u00e3o-scaled.webp","width":2560,"height":1703,"caption":"INCC-M: infla\u00e7\u00e3o da constru\u00e7\u00e3o civil tem retra\u00e7\u00e3o na alta em maio"},{"@type":"BreadcrumbList","@id":"https:\/\/www.suno.com.br\/noticias\/incc-m-inflacao-construcao-retracao\/#breadcrumb","itemListElement":[{"@type":"ListItem","position":1,"name":"Not\u00edcias","item":"https:\/\/www.suno.com.br\/noticias\/"},{"@type":"ListItem","position":2,"name":"FIIs","item":"https:\/\/www.suno.com.br\/noticias\/fiis\/"},{"@type":"ListItem","position":3,"name":"INCC-M: infla\u00e7\u00e3o da constru\u00e7\u00e3o civil tem retra\u00e7\u00e3o na alta em maio"}]},{"@type":"WebSite","@id":"https:\/\/www.suno.com.br\/noticias\/#website","url":"https:\/\/www.suno.com.br\/noticias\/","name":"Suno Not\u00edcias","description":"Seu portal de informa\u00e7\u00e3o sobre o mundo dos investimentos","publisher":{"@id":"https:\/\/www.suno.com.br\/noticias\/#organization"},"potentialAction":[{"@type":"SearchAction","target":{"@type":"EntryPoint","urlTemplate":"https:\/\/www.suno.com.br\/noticias\/?s={search_term_string}"},"query-input":{"@type":"PropertyValueSpecification","valueRequired":true,"valueName":"search_term_string"}}],"inLanguage":"pt-BR"},{"@type":"Organization","@id":"https:\/\/www.suno.com.br\/noticias\/#organization","name":"Suno Not\u00edcias","url":"https:\/\/www.suno.com.br\/noticias\/","logo":{"@type":"ImageObject","inLanguage":"pt-BR","@id":"https:\/\/www.suno.com.br\/noticias\/#\/schema\/logo\/image\/","url":"https:\/\/files.sunoresearch.com.br\/n\/uploads\/2021\/09\/suno-logo.png","contentUrl":"https:\/\/files.sunoresearch.com.br\/n\/uploads\/2021\/09\/suno-logo.png","width":180,"height":180,"caption":"Suno Not\u00edcias"},"image":{"@id":"https:\/\/www.suno.com.br\/noticias\/#\/schema\/logo\/image\/"},"sameAs":["https:\/\/facebook.com\/sunoresearch","https:\/\/x.com\/sunoresearch","https:\/\/www.instagram.com\/suno","https:\/\/www.linkedin.com\/company\/suno-research\/","https:\/\/www.youtube.com\/c\/sunoresearch"]},{"@type":"Person","@id":"https:\/\/www.suno.com.br\/noticias\/#\/schema\/person\/fc144a1c6108bd1dcd43784e88a3c138","name":"Renan Bandeira","image":{"@type":"ImageObject","inLanguage":"pt-BR","@id":"https:\/\/www.suno.com.br\/noticias\/#\/schema\/person\/image\/","url":"https:\/\/secure.gravatar.com\/avatar\/68359cdb608f14f11bbefcb78f3fc747?s=96&r=g","contentUrl":"https:\/\/secure.gravatar.com\/avatar\/68359cdb608f14f11bbefcb78f3fc747?s=96&r=g","caption":"Renan Bandeira"},"description":"Renan Bandeira escreve sobre pol\u00edtica e economia para o portal da Suno Research. Antes da Suno, trabalhou em uma rede de televis\u00e3o, onde fazia reportagens sobre os mesmos temas. Estuda na Universidade Metodista de S\u00e3o Paulo.","url":"https:\/\/www.suno.com.br\/noticias\/author\/renan-bandeira\/"}]}},"default_loop_html":"<div class=\"cardsPage__listCard__boxs\"><div class=\"cardsPage__listCard__boxs__img\"><a href=\"https:\/\/www.suno.com.br\/noticias\/incc-m-inflacao-construcao-retracao\/\"><img class=\"mask\" src=\"https:\/\/www.suno.com.br\/noticias\/wp-content\/themes\/suno\/resources\/images\/spotlight\/spotlight1img\/bg-mask.png\" alt=\"Image Mask\"\/><img src=\"https:\/\/files.sunoresearch.com.br\/n\/uploads\/2019\/05\/e56dae11-infla\u00e7\u00e3o-400x200.webp\" alt=\"INCC-M: infla\u00e7\u00e3o da constru\u00e7\u00e3o civil tem retra\u00e7\u00e3o na alta em maio\"\/><\/a><span class=\"spotlightCategory\"><a href=\"https:\/\/www.suno.com.br\/noticias\/fiis\/\">FIIs<\/a><\/span><\/div><div class=\"cardsPage__listCard__boxs__content\"><a href=\"https:\/\/www.suno.com.br\/noticias\/incc-m-inflacao-construcao-retracao\/\"><h2 class=\"content__title\">INCC-M: infla\u00e7\u00e3o da constru\u00e7\u00e3o civil tem retra\u00e7\u00e3o na alta em maio<\/h2><\/a><div class=\"newsContent__article__meta\"><div class=\"newsContent__article__meta__authorBox\"><a href=\"https:\/\/www.suno.com.br\/noticias\/author\/renan-bandeira\/\" class=\"authorBox__avatar noMobi\"><img src=\"https:\/\/secure.gravatar.com\/avatar\/68359cdb608f14f11bbefcb78f3fc747?s=96&#038;r=g\" alt=\"Renan Bandeira\"><\/a><div class=\"authorBox__name\"><span>por\n\t\t\t<a href=\"https:\/\/www.suno.com.br\/noticias\/author\/renan-bandeira\/\"><span itemprop=\"author\">Renan Bandeira<\/span><\/a><\/span><time datetime=\"2019-05-27T11:31:28-03:00\" itemprop=\"datePublished\">27\/05\/2019 11:31<\/time><\/div><\/div><\/div><\/div><\/div>","single_layout":"posts","amp_enabled":true,"_links":{"self":[{"href":"https:\/\/www.suno.com.br\/noticias\/wp-json\/wp\/v2\/posts\/26063"}],"collection":[{"href":"https:\/\/www.suno.com.br\/noticias\/wp-json\/wp\/v2\/posts"}],"about":[{"href":"https:\/\/www.suno.com.br\/noticias\/wp-json\/wp\/v2\/types\/post"}],"author":[{"embeddable":true,"href":"https:\/\/www.suno.com.br\/noticias\/wp-json\/wp\/v2\/users\/11"}],"replies":[{"embeddable":true,"href":"https:\/\/www.suno.com.br\/noticias\/wp-json\/wp\/v2\/comments?post=26063"}],"version-history":[{"count":0,"href":"https:\/\/www.suno.com.br\/noticias\/wp-json\/wp\/v2\/posts\/26063\/revisions"}],"wp:featuredmedia":[{"embeddable":true,"href":"https:\/\/www.suno.com.br\/noticias\/wp-json\/wp\/v2\/media\/26069"}],"wp:attachment":[{"href":"https:\/\/www.suno.com.br\/noticias\/wp-json\/wp\/v2\/media?parent=26063"}],"wp:term":[{"taxonomy":"category","embeddable":true,"href":"https:\/\/www.suno.com.br\/noticias\/wp-json\/wp\/v2\/categories?post=26063"},{"taxonomy":"post_tag","embeddable":true,"href":"https:\/\/www.suno.com.br\/noticias\/wp-json\/wp\/v2\/tags?post=26063"},{"taxonomy":"suno_strategy","embeddable":true,"href":"https:\/\/www.suno.com.br\/noticias\/wp-json\/wp\/v2\/suno_strategy?post=26063"}],"curies":[{"name":"wp","href":"https:\/\/api.w.org\/{rel}","templated":true}]}}