{"id":260591,"date":"2022-05-23T14:00:09","date_gmt":"2022-05-23T17:00:09","guid":{"rendered":"https:\/\/www.suno.com.br\/noticias\/?p=260591"},"modified":"2022-05-23T14:03:20","modified_gmt":"2022-05-23T17:03:20","slug":"copel-cpl6-crescimento-dividendos","status":"publish","type":"post","link":"https:\/\/www.suno.com.br\/noticias\/copel-cpl6-crescimento-dividendos\/","title":{"rendered":"Copel (CPLE6) ter\u00e1 &#8216;aumento saud\u00e1vel&#8217; de alavancagem para financiar expans\u00e3o"},"content":{"rendered":"<p>Sendo uma companhia el\u00e9trica &#8211; de um setor s\u00f3lido e com menor volatilidade -, a <strong>Copel<\/strong> (<a href=\"https:\/\/www.suno.com.br\/acoes\/cple6\">CPLE6<\/a>) prev\u00ea novas estrat\u00e9gias de crescimento nos pr\u00f3ximos meses, mas deve seguir com foco nos temas que j\u00e1 ganham os aportes da companhia. Luiz Henrique de Mello, head de Rela\u00e7\u00e3o com Investidores (RI) da companhia, relatou que a companhia prev\u00ea um aumento do endividamento em detrimento de uma pol\u00edtica de proventos &#8216;polpuda&#8217; nos pr\u00f3ximos anos, em entrevista exclusiva ao Suno Not\u00edcias.<\/p><div class=\"videoFull videoFull--noRadius\">\n\t\t\t<div class=\"videoWrapper yt-lazyload center\"\n\t\t\t\tdata-width=\"960\"\n\t\t\t\tdata-height=\"540\"\n\t\t\t\tdata-id=\"ZFpVnMfvZbk\"\n\t\t\t\tdata-alt=\"Veja a fala do Head de RI da Copel acerca do tema\"\n\t\t\t\tdata-logo=\"3\"\n\t\t\t\tdata-imagequality=\"maxres\">\n\t\t\t<\/div>\n\t\t<\/div><span class=\"videoFull__caption videoFull__caption--show\">Veja a fala do Head de RI da Copel acerca do tema<p><\/p><\/span><script type=\"application\/ld+json\">{\"@context\":\"https:\/\/schema.org\",\"@type\":\"VideoObject\",\"name\":\"Copel \u00e9 'estatal com mindset de empresa privada', diz head de RI (CPLE3; CPLE6)\",\"description\":\"\ud83d\udcca \ud835\udc00\ud835\udc29\ud835\udc2b\ud835\udc1e\ud835\udc27\ud835\udc1d\ud835\udc1a \ud835\udc1c\ud835\udc28\ud835\udc26\ud835\udc28 \ud835\udc1a\ud835\udc27\ud835\udc1a\ud835\udc25\ud835\udc22\ud835\udc2c\ud835\udc1a\ud835\udc2b \ud835\udc2e\ud835\udc26\ud835\udc1a \ud835\udc1a\u00e7\u00e3\ud835\udc28 [\ud835\udc04\ud835\udc01\ud835\udc0e\ud835\udc0e\ud835\udc0a \ud835\udc06\ud835\udc11\ud835\udc00\ud835\udc13\ud835\udc14\ud835\udc08\ud835\udc13\ud835\udc0e] \ud83d\udc49 https:\/\/lp.suno.com.br\/ebook-como-analisar-uma-acao\/?utm_source=youtube.noticias&utm_medium=video&utm_campaign=ebookcomoanalisarumaacao.20220307&utm_content= #Copel #CPLE6 #CPLE3 #Dividendos #TemporadadeBalan\u00e7os #entrevistasespeciais Nesta live, Eduardo Vargas recebe o Head de RI da Copel, Luiz Henrique de Mello, para comentar sobre o resultado trimestral da companhia, as expectativas de novos dividendos e as estrat\u00e9gias de crescimento da el\u00e9trica para os pr\u00f3ximos anos.\u2026\",\"duration\":\"PT29M1S\",\"embedUrl\":\"https:\/\/www.youtube.com\/embed\/ZFpVnMfvZbk\",\"regionsAllowed\":\"pt-BR\",\"interactionStatistic\":{\"@type\":\"InteractionCounter\",\"interactionType\":{\"@type\":\"WatchAction\"},\"userInteractionCount\":5238},\"thumbnailUrl\":\"https:\/\/i.ytimg.com\/vi\/ZFpVnMfvZbk\/default.jpg\",\"uploadDate\":\"2022-05-20T21:31:59Z\"}<\/script>\n\n\t<p>\n\t\t<a href=\"\" target=\"_blank\" data-element=\"shortcode-suno-banner\" title=\"Banner SUNO, clique e saiba mais\">\n\t\t\t<picture>\n\t\t\t\t<source media=\"(max-width: 500px)\" srcset=\"\">\n\t\t\t\t<img class=\"newsContent__article__imgCapa newsContent__article__imgCapa--banner\"\n\t\t\t\t\tsrc=\"\"\n\t\t\t\t\tdata-promo-id=\"89005\"\t\t\t\t\t\t\t\t\t\t\t\t\t\t\talt=\"\"\n\t\t\t\t>\n\t\t\t<\/picture>\n\t\t<\/a>\n\t<\/p>\n\n\n<p>&#8220;Essa talvez seja a quest\u00e3o central. \u00c9 o que tem sido endere\u00e7ado com o comit\u00ea de investimento &#8211; justamente o potencial de crescimento que n\u00f3s temos. Eu diria que somos uma companhia s\u00f3lida e com grandes ativos, mas temos um potencial para crescer com um n\u00edvel de endividamento relativamente baixo. Agora, queremos aumentar esse <strong>endividamento<\/strong> com bons investimentos que trar\u00e3o bons retornos&#8221;, afirmou o Head de <strong>RI da Copel<\/strong>.<\/p>\n<p>&#8220;Se isso n\u00e3o acontecer, voltaremos \u00e0 quest\u00e3o dos <strong><a class=\"suno-keyword\" href=\"https:\/\/www.suno.com.br\/guias\/dividendos\/\" target=\"_blank\" rel=\"noopener\" data-force=\"no\" data-priority=\"1\">dividendos<\/a><\/strong>. A companhia conseguiu, no ano anterior, um bom investimento, que foi o Complexo E\u00f3lico Vilas. Em termos de constru\u00e7\u00e3o, iniciamos a opera\u00e7\u00e3o do Complexo E\u00f3lico Janda\u00edra, e com isso aumentamos a participa\u00e7\u00e3o em fonte e\u00f3lica na matriz energ\u00e9tica do grupo&#8221;, acrescentou.<\/p>\n<p>O executivo destacou, na entrevista, que o &#8216;n\u00edvel ideal&#8217; de endividamento \u00e9 de 2,5 vezes o Ebitda. &#8220;Esse \u00e9 o n\u00edvel de melhor performance em termos de <a class=\"suno-keyword\" href=\"https:\/\/www.suno.com.br\/artigos\/indicadores-estrutura-capital\/\" target=\"_blank\" rel=\"noopener\" data-force=\"no\" data-priority=\"1\">estrutura de capital<\/a>&#8220;, citou.<\/p>\n\n\t<div data-element=\"shortcode-read-more\" class=\"readToo\">\n\t\t\t\t<span class=\"readToo__title\">Leia tamb\u00e9m<\/span>\n\t\t\t\t<ul class=\"readToo__list\">\n\t\t\t<li><a href=\"https:\/\/www.suno.com.br\/noticias\/csn-mineracao-cmin3-itausa-itsa4-mais-lidas\/\">Dividendos bilion\u00e1rios da CSN Minera\u00e7\u00e3o (CMIN3) e da Ita\u00fasa (ITSA4), a\u00e7\u00f5es da Eletrobras (ELET3) com FGTS: veja as not\u00edcias mais lidas da semana<\/a><\/li><li><a href=\"https:\/\/www.suno.com.br\/noticias\/care11-deva11-cpts11-ifix-hoje-20052022\/\">IFIX fecha em alta em dia de forte queda do CARE11; CPTS11 divulga dividendos<\/a><\/li><li><a href=\"https:\/\/www.suno.com.br\/noticias\/acoes-pagam-dividendos-acima-selic\/\">Veja 5 a\u00e7\u00f5es que pagam dividendos acima da Selic<\/a><\/li>\t\t<\/ul>\n\t<\/div>\n\n\n<p>Entre os temas que a <strong>companhia<\/strong> <strong>el\u00e9trica<\/strong> do Paran\u00e1 v\u00ea como promissores est\u00e3o os projetos browfields &#8211; que, no jarg\u00e3o da \u00e1rea de <em>Facilities<\/em>, significam projetos em curso, ou que j\u00e1 tenham um m\u00e9todo de operacionaliza\u00e7\u00e3o e\/ou uma estrutura que roda o dia a dia.<\/p>\n<p>Os <em>greenfields<\/em>, que s\u00e3o os projetos que come\u00e7am &#8216;do zero&#8217;, tamb\u00e9m foram citados por Mello.<\/p>\n<p>&#8220;Temos um potencial de crescimento tanto em leil\u00f5es, como o de transmiss\u00e3o em junho. Como j\u00e1 anunciamos, tamb\u00e9m firmamos parceria com a <a class=\"suno-keyword\" href=\"https:\/\/www.suno.com.br\/acoes\/EGIE3\/\" target=\"_blank\" rel=\"noopener\" data-force=\"yes\" data-priority=\"2\">Engie (EGIE3)<\/a>, nossa &#8216;quase vizinha&#8217;, com lotes grandes e investimentos elevados, na casa de R$ 5 bilh\u00f5es. Com essa parceria, acreditamos ter uma maior sinergia&#8221;, afirmou.<\/p>\n\t<p>\n\t\t<a href=\"https:\/\/lp.suno.com.br\/planilha-controle-gastos\/\" target=\"_blank\" data-element=\"shortcode-suno-banner\" title=\"Banner SUNO, clique e saiba mais\">\n\t\t\t<picture>\n\t\t\t\t<source media=\"(max-width: 500px)\" srcset=\"https:\/\/files.sunoresearch.com.br\/n\/uploads\/2023\/03\/400x300-Planilha-controle-de-gastos.png\">\n\t\t\t\t<img class=\"newsContent__article__imgCapa newsContent__article__imgCapa--banner\"\n\t\t\t\t\tsrc=\"https:\/\/files.sunoresearch.com.br\/n\/uploads\/2023\/03\/1420x240-Planilha-controle-de-gastos.png\"\n\t\t\t\t\tdata-promo-id=\"101751\"\t\t\t\t\t\t\t\t\t\twidth='1420' height='240'\t\t\t\t\talt=\"https:\/\/files.sunoresearch.com.br\/n\/uploads\/2023\/03\/1420x240-Planilha-controle-de-gastos.png\"\n\t\t\t\t>\n\t\t\t<\/picture>\n\t\t<\/a>\n\t<\/p>\n\n\n<p>&#8220;Olhamos <em>greenfields<\/em>, que s\u00e3o projetos novos, mas tamb\u00e9m seguimos com os <em>brownfields<\/em>, que j\u00e1 fazem parte da nossa pol\u00edtica. Isso foi mencionado pela atual gest\u00e3o como um dos grandes focos. Al\u00e9m da <strong>Copel\u00a0<\/strong><b>Distribui\u00e7\u00e3o<\/b>, grande foco de investimento da companhia do grupo, o segundo olhar s\u00e3o esses <em>brownfields<\/em>, especialmente e\u00f3licos e solares, ainda que a competitividade tenha aumentado&#8221;.<\/p>\n<h2>Como ficam os dividendos da Copel?<\/h2>\n<p>A Copel\u00a0tem como grande atrativo para os acionistas <a class=\"suno-keyword\" href=\"https:\/\/www.suno.com.br\/artigos\/pessoa-fisica\/\" target=\"_blank\" rel=\"noopener\" data-force=\"no\" data-priority=\"1\">pessoa f\u00edsica<\/a> o pagamento de <a class=\"suno-keyword\" href=\"https:\/\/www.suno.com.br\/guias\/dividendos\/\" target=\"_blank\" rel=\"noopener\" data-force=\"no\" data-priority=\"1\">dividendos<\/a>, com retorno m\u00e9dio, medido pelo <a href=\"https:\/\/www.suno.com.br\/artigos\/dividend-yield-como-calcular\/\">dividend yield (DY)<\/a>, de atuais 15,6% &#8211; segundo dados compilados da plataforma do Status Invest.<\/p>\n<p>Para 2022 e os anos sucessivos, a companhia estima manter a pol\u00edtica atual de dividendos e pagar uma fatia relevante do seu <a class=\"suno-keyword\" href=\"https:\/\/www.suno.com.br\/artigos\/lucro-liquido\/\" target=\"_blank\" rel=\"noopener\" data-force=\"no\" data-priority=\"1\">lucro l\u00edquido<\/a> apurado.<\/p>\n<figure id=\"attachment_260485\" aria-describedby=\"caption-attachment-260485\" style=\"width: 1025px\" class=\"wp-caption aligncenter\"><img loading=\"lazy\" decoding=\"async\" class=\"size-full wp-image-260485\" src=\"https:\/\/files.sunoresearch.com.br\/n\/uploads\/2022\/05\/Payout-Copel.jpg\" alt=\"Payout da Copel nos \u00faltimos anos - Gr\u00e1fico: Status Invest\" width=\"1025\" height=\"429\" srcset=\"https:\/\/files.sunoresearch.com.br\/n\/uploads\/2022\/05\/Payout-Copel.jpg 1025w, https:\/\/files.sunoresearch.com.br\/n\/uploads\/2022\/05\/Payout-Copel-300x126.jpg 300w, https:\/\/files.sunoresearch.com.br\/n\/uploads\/2022\/05\/Payout-Copel-768x321.jpg 768w, https:\/\/files.sunoresearch.com.br\/n\/uploads\/2022\/05\/Payout-Copel-150x63.jpg 150w\" sizes=\"(max-width: 1025px) 100vw, 1025px\" \/><figcaption id=\"caption-attachment-260485\" class=\"wp-caption-text\">Payout da Copel nos \u00faltimos anos &#8211; Gr\u00e1fico: Status Invest<\/figcaption><\/figure>\n<p>&#8220;Esse \u00e9 um tema recorrente aqui no time de <strong>RI:<\/strong>\u00a0n\u00f3s recebemos esse questionamento de forma frequente. O que podemos dizer \u00e9 que manteremos uma pol\u00edtica de dividendos at\u00e9 por uma quest\u00e3o de governan\u00e7a. Com um determinado n\u00edvel de endividamento, a companhia pagar\u00e1 de 25% a 65% do seu lucro l\u00edquido em\u00a0dividendos, a depender da <a class=\"suno-keyword\" href=\"https:\/\/www.suno.com.br\/artigos\/saude-financeira\/\" target=\"_blank\" rel=\"noopener\" data-force=\"no\" data-priority=\"1\">sa\u00fade financeira<\/a>&#8220;, afirmou Luiz Henrique de Mello, Head de RI da Copel, em entrevista ao vivo para o Suno Not\u00edcias.<\/p>\n<p>Segundo o executivo, quando a Copel tiver uma rela\u00e7\u00e3o de <a class=\"suno-keyword\" href=\"https:\/\/www.suno.com.br\/artigos\/divida-liquida\/\" target=\"_blank\" rel=\"noopener\" data-force=\"no\" data-priority=\"1\">d\u00edvida l\u00edquida<\/a> por Ebitda (<a class=\"suno-keyword\" href=\"https:\/\/www.suno.com.br\/artigos\/lucro-operacional\/\" target=\"_blank\" rel=\"noopener\" data-force=\"no\" data-priority=\"1\">lucro operacional<\/a>) &#8211; valor chamado de &#8220;alavancagem&#8221; que resulta da divis\u00e3o de um indicador pelo outro &#8211; menor do que 1,5x, ela pagar\u00e1 65%. Os dois \u00faltimos <a class=\"suno-keyword\" href=\"https:\/\/www.suno.com.br\/artigos\/resultados-trimestrais\/\" target=\"_blank\" rel=\"noopener\" data-force=\"no\" data-priority=\"1\">resultados trimestrais<\/a> da el\u00e9trica mantiveram esse patamar.<\/p>\n\t<p>\n\t\t<a href=\"https:\/\/lp.suno.com.br\/planilha-da-vida-financeira\/\" target=\"_blank\" data-element=\"shortcode-suno-banner\" title=\"Banner SUNO, clique e saiba mais\">\n\t\t\t<picture>\n\t\t\t\t<source media=\"(max-width: 500px)\" srcset=\"https:\/\/files.sunoresearch.com.br\/n\/uploads\/2023\/04\/400x300-Planilha-vida-financeira-true.png\">\n\t\t\t\t<img class=\"newsContent__article__imgCapa newsContent__article__imgCapa--banner\"\n\t\t\t\t\tsrc=\"https:\/\/files.sunoresearch.com.br\/n\/uploads\/2023\/04\/1420x240-Planilha-vida-financeira-true.png\"\n\t\t\t\t\tdata-promo-id=\"106682\"\t\t\t\t\t\t\t\t\t\twidth='1420' height='240'\t\t\t\t\talt=\"https:\/\/files.sunoresearch.com.br\/n\/uploads\/2023\/04\/1420x240-Planilha-vida-financeira-true.png\"\n\t\t\t\t>\n\t\t\t<\/picture>\n\t\t<\/a>\n\t<\/p>\n\n\n<p>Caso a companhia tenha 1,5x e 2,7x, o pagamento ser\u00e1 de 50% em dividendos. Acima disso, seria pago somente o m\u00ednimo obrigat\u00f3rio, de 25%.<\/p>\n<p>&#8220;Se a companhia ainda tiver uma <strong><a class=\"suno-keyword\" href=\"https:\/\/www.suno.com.br\/artigos\/geracao-de-caixa\/\" target=\"_blank\" rel=\"noopener\" data-force=\"no\" data-priority=\"1\">gera\u00e7\u00e3o de caixa<\/a> <\/strong>relevante, os acionistas tamb\u00e9m poder\u00e3o deliberar um pagamento de caixa extraordin\u00e1rio&#8221;, destaca.<\/p>\n<p>Os <strong>dividendos da Copel<\/strong>, dessa forma, cresceram sucessivamente nos \u00faltimos anos e ficaram em patamar est\u00e1vel no \u00faltimo ano, com 62% de payout ante 64% de 2020. Nos dois anos anteriores, foram 32% (2019) e 26% (2018), conforme dados do Status Invest.<\/p>\n<p>Esse indicador coloca os\u00a0proventos da <strong>Copel<\/strong> em 39,58% acima da m\u00e9dia da bolsa brasileira, e ainda deixa a <a href=\"https:\/\/www.suno.com.br\/noticias\/acoes-pagam-dividendos-acima-selic\/\">remunera\u00e7\u00e3o aos acionistas acima da Selic<\/a>, tal como outras gigantes da Bolsa com DY relativamente alto &#8211;\u00a0<a class=\"suno-keyword\" href=\"https:\/\/www.suno.com.br\/acoes\/BRAP4\/\" target=\"_blank\" rel=\"noopener\" data-force=\"yes\" data-priority=\"2\">Bradespar (BRAP4)<\/a>, em 34% e <a href=\"https:\/\/www.suno.com.br\/acoes\/petr4\/\">Petrobras (PETR4)<\/a> em 25,9%, por exemplo.<\/p>\n\t<p>\n\t\t<a href=\"https:\/\/lp.suno.com.br\/ebook-como-analisar-uma-acao\/\" target=\"_blank\" data-element=\"shortcode-suno-banner\" title=\"Banner SUNO, clique e saiba mais\">\n\t\t\t<picture>\n\t\t\t\t<source media=\"(max-width: 500px)\" srcset=\"https:\/\/files.sunoresearch.com.br\/n\/uploads\/2023\/03\/Ebook-Acoes-Mobile-1.jpg\">\n\t\t\t\t<img class=\"newsContent__article__imgCapa newsContent__article__imgCapa--banner\"\n\t\t\t\t\tsrc=\"https:\/\/files.sunoresearch.com.br\/n\/uploads\/2023\/03\/Ebook-Acoes-Desktop-1.jpg\"\n\t\t\t\t\tdata-promo-id=\"171998\"\t\t\t\t\t\t\t\t\t\twidth='1420' height='286'\t\t\t\t\talt=\"https:\/\/files.sunoresearch.com.br\/n\/uploads\/2023\/03\/Ebook-Acoes-Desktop-1.jpg\"\n\t\t\t\t>\n\t\t\t<\/picture>\n\t\t<\/a>\n\t<\/p>\n\n\n","protected":false},"excerpt":{"rendered":"<p>Sendo uma companhia el\u00e9trica &#8211; de um setor s\u00f3lido e com menor volatilidade -, a Copel (CPLE6) prev\u00ea novas estrat\u00e9gias de crescimento nos pr\u00f3ximos meses, mas deve seguir com foco nos temas que j\u00e1 ganham os aportes da companhia. Luiz Henrique de Mello, head de Rela\u00e7\u00e3o com Investidores (RI) da companhia, relatou que a companhia [&hellip;]<\/p>\n","protected":false},"author":73,"featured_media":193965,"comment_status":"closed","ping_status":"closed","sticky":false,"template":"","format":"standard","meta":[],"categories":[64],"tags":[431,295,105815,106360],"suno_strategy":[],"class_list":["post-260591","post","type-post","status-publish","format-standard","has-post-thumbnail","hentry","category-negocios","tag-copel-cple3-cple5-cple6","tag-dividendos","tag-especial","tag-setor-eletrico"],"yoast_head":"<!-- This site is optimized with the Yoast SEO plugin v24.4 - https:\/\/yoast.com\/wordpress\/plugins\/seo\/ -->\n<title>Copel (CPLE6) mira &#039;aumento saud\u00e1vel&#039; de d\u00edvida para financiar expans\u00e3o<\/title>\n<meta name=\"description\" content=\"Em entrevista exclusiva, o Head de RI da Copel citou um poss\u00edvel aumento da alavancagem para el\u00e9trica &#039;al\u00e7ar voo&#039;. Clique aqui e confira!\" \/>\n<meta name=\"robots\" content=\"index, follow, max-snippet:-1, max-image-preview:large, max-video-preview:-1\" \/>\n<link rel=\"canonical\" href=\"https:\/\/www.suno.com.br\/noticias\/copel-cpl6-crescimento-dividendos\/\" \/>\n<meta property=\"og:locale\" content=\"pt_BR\" \/>\n<meta property=\"og:type\" content=\"article\" \/>\n<meta property=\"og:title\" content=\"Copel (CPLE6) mira &#039;aumento saud\u00e1vel&#039; de d\u00edvida para financiar expans\u00e3o\" \/>\n<meta property=\"og:description\" content=\"Em entrevista exclusiva, o Head de RI da Copel citou um poss\u00edvel aumento da alavancagem para el\u00e9trica &#039;al\u00e7ar voo&#039;. Clique aqui e confira!\" \/>\n<meta property=\"og:url\" content=\"https:\/\/www.suno.com.br\/noticias\/copel-cpl6-crescimento-dividendos\/\" \/>\n<meta property=\"og:site_name\" content=\"Suno Not\u00edcias\" \/>\n<meta property=\"article:publisher\" content=\"https:\/\/facebook.com\/sunoresearch\" \/>\n<meta property=\"og:image\" content=\"https:\/\/files.sunoresearch.com.br\/n\/uploads\/2021\/10\/Copel-Distribuicao2-scaled-1.jpg\" \/>\n\t<meta property=\"og:image:width\" content=\"2560\" \/>\n\t<meta property=\"og:image:height\" content=\"1707\" \/>\n\t<meta property=\"og:image:type\" content=\"image\/jpeg\" \/>\n<meta name=\"author\" content=\"Eduardo Vargas\" \/>\n<meta name=\"twitter:card\" content=\"summary_large_image\" \/>\n<meta name=\"twitter:creator\" content=\"@sunoresearch\" \/>\n<meta name=\"twitter:site\" content=\"@sunoresearch\" \/>\n<meta name=\"twitter:label1\" content=\"Escrito por\" \/>\n\t<meta name=\"twitter:data1\" content=\"Eduardo Vargas\" \/>\n\t<meta name=\"twitter:label2\" content=\"Est. tempo de leitura\" \/>\n\t<meta name=\"twitter:data2\" content=\"4 minutos\" \/>\n<script type=\"application\/ld+json\" class=\"yoast-schema-graph\">{\"@context\":\"https:\/\/schema.org\",\"@graph\":[{\"@type\":\"NewsArticle\",\"@id\":\"https:\/\/www.suno.com.br\/noticias\/copel-cpl6-crescimento-dividendos\/#article\",\"isPartOf\":{\"@id\":\"https:\/\/www.suno.com.br\/noticias\/copel-cpl6-crescimento-dividendos\/\"},\"author\":{\"name\":\"Eduardo Vargas\",\"@id\":\"https:\/\/www.suno.com.br\/noticias\/#\/schema\/person\/7f4d362bf3518e76090143ae77bb49a5\"},\"headline\":\"Copel (CPLE6) ter\u00e1 &#8216;aumento saud\u00e1vel&#8217; de alavancagem para financiar expans\u00e3o\",\"datePublished\":\"2022-05-23T17:00:09+00:00\",\"dateModified\":\"2022-05-23T17:03:20+00:00\",\"mainEntityOfPage\":{\"@id\":\"https:\/\/www.suno.com.br\/noticias\/copel-cpl6-crescimento-dividendos\/\"},\"wordCount\":815,\"publisher\":{\"@id\":\"https:\/\/www.suno.com.br\/noticias\/#organization\"},\"image\":{\"@id\":\"https:\/\/www.suno.com.br\/noticias\/copel-cpl6-crescimento-dividendos\/#primaryimage\"},\"thumbnailUrl\":\"https:\/\/files.sunoresearch.com.br\/n\/uploads\/2021\/10\/Copel-Distribuicao2-scaled-1.jpg\",\"keywords\":[\"Copel (CPLE3\/CPLE5\/CPLE6)\",\"dividendos\",\"Especiais\",\"Setor el\u00e9trico\"],\"articleSection\":[\"Neg\u00f3cios\"],\"inLanguage\":\"pt-BR\"},{\"@type\":\"WebPage\",\"@id\":\"https:\/\/www.suno.com.br\/noticias\/copel-cpl6-crescimento-dividendos\/\",\"url\":\"https:\/\/www.suno.com.br\/noticias\/copel-cpl6-crescimento-dividendos\/\",\"name\":\"Copel (CPLE6) mira 'aumento saud\u00e1vel' de d\u00edvida para financiar expans\u00e3o\",\"isPartOf\":{\"@id\":\"https:\/\/www.suno.com.br\/noticias\/#website\"},\"primaryImageOfPage\":{\"@id\":\"https:\/\/www.suno.com.br\/noticias\/copel-cpl6-crescimento-dividendos\/#primaryimage\"},\"image\":{\"@id\":\"https:\/\/www.suno.com.br\/noticias\/copel-cpl6-crescimento-dividendos\/#primaryimage\"},\"thumbnailUrl\":\"https:\/\/files.sunoresearch.com.br\/n\/uploads\/2021\/10\/Copel-Distribuicao2-scaled-1.jpg\",\"datePublished\":\"2022-05-23T17:00:09+00:00\",\"dateModified\":\"2022-05-23T17:03:20+00:00\",\"description\":\"Em entrevista exclusiva, o Head de RI da Copel citou um poss\u00edvel aumento da alavancagem para el\u00e9trica 'al\u00e7ar voo'. Clique aqui e confira!\",\"breadcrumb\":{\"@id\":\"https:\/\/www.suno.com.br\/noticias\/copel-cpl6-crescimento-dividendos\/#breadcrumb\"},\"inLanguage\":\"pt-BR\",\"potentialAction\":[{\"@type\":\"ReadAction\",\"target\":[\"https:\/\/www.suno.com.br\/noticias\/copel-cpl6-crescimento-dividendos\/\"]}]},{\"@type\":\"ImageObject\",\"inLanguage\":\"pt-BR\",\"@id\":\"https:\/\/www.suno.com.br\/noticias\/copel-cpl6-crescimento-dividendos\/#primaryimage\",\"url\":\"https:\/\/files.sunoresearch.com.br\/n\/uploads\/2021\/10\/Copel-Distribuicao2-scaled-1.jpg\",\"contentUrl\":\"https:\/\/files.sunoresearch.com.br\/n\/uploads\/2021\/10\/Copel-Distribuicao2-scaled-1.jpg\",\"width\":2560,\"height\":1707,\"caption\":\"Copel- Foto: Reprodu\u00e7\u00e3o\/Site\/Copel\"},{\"@type\":\"BreadcrumbList\",\"@id\":\"https:\/\/www.suno.com.br\/noticias\/copel-cpl6-crescimento-dividendos\/#breadcrumb\",\"itemListElement\":[{\"@type\":\"ListItem\",\"position\":1,\"name\":\"Not\u00edcias\",\"item\":\"https:\/\/www.suno.com.br\/noticias\/\"},{\"@type\":\"ListItem\",\"position\":2,\"name\":\"Neg\u00f3cios\",\"item\":\"https:\/\/www.suno.com.br\/noticias\/negocios\/\"},{\"@type\":\"ListItem\",\"position\":3,\"name\":\"Copel (CPLE6) ter\u00e1 &#8216;aumento saud\u00e1vel&#8217; de alavancagem para financiar expans\u00e3o\"}]},{\"@type\":\"WebSite\",\"@id\":\"https:\/\/www.suno.com.br\/noticias\/#website\",\"url\":\"https:\/\/www.suno.com.br\/noticias\/\",\"name\":\"Suno Not\u00edcias\",\"description\":\"Seu portal de informa\u00e7\u00e3o sobre o mundo dos investimentos\",\"publisher\":{\"@id\":\"https:\/\/www.suno.com.br\/noticias\/#organization\"},\"potentialAction\":[{\"@type\":\"SearchAction\",\"target\":{\"@type\":\"EntryPoint\",\"urlTemplate\":\"https:\/\/www.suno.com.br\/noticias\/?s={search_term_string}\"},\"query-input\":{\"@type\":\"PropertyValueSpecification\",\"valueRequired\":true,\"valueName\":\"search_term_string\"}}],\"inLanguage\":\"pt-BR\"},{\"@type\":\"Organization\",\"@id\":\"https:\/\/www.suno.com.br\/noticias\/#organization\",\"name\":\"Suno Not\u00edcias\",\"url\":\"https:\/\/www.suno.com.br\/noticias\/\",\"logo\":{\"@type\":\"ImageObject\",\"inLanguage\":\"pt-BR\",\"@id\":\"https:\/\/www.suno.com.br\/noticias\/#\/schema\/logo\/image\/\",\"url\":\"https:\/\/files.sunoresearch.com.br\/n\/uploads\/2021\/09\/suno-logo.png\",\"contentUrl\":\"https:\/\/files.sunoresearch.com.br\/n\/uploads\/2021\/09\/suno-logo.png\",\"width\":180,\"height\":180,\"caption\":\"Suno Not\u00edcias\"},\"image\":{\"@id\":\"https:\/\/www.suno.com.br\/noticias\/#\/schema\/logo\/image\/\"},\"sameAs\":[\"https:\/\/facebook.com\/sunoresearch\",\"https:\/\/x.com\/sunoresearch\",\"https:\/\/www.instagram.com\/suno\",\"https:\/\/www.linkedin.com\/company\/suno-research\/\",\"https:\/\/www.youtube.com\/c\/sunoresearch\"]},{\"@type\":\"Person\",\"@id\":\"https:\/\/www.suno.com.br\/noticias\/#\/schema\/person\/7f4d362bf3518e76090143ae77bb49a5\",\"name\":\"Eduardo Vargas\",\"image\":{\"@type\":\"ImageObject\",\"inLanguage\":\"pt-BR\",\"@id\":\"https:\/\/www.suno.com.br\/noticias\/#\/schema\/person\/image\/\",\"url\":\"https:\/\/secure.gravatar.com\/avatar\/dac340933427a22924c9f99d1eb2e3f2?s=96&r=g\",\"contentUrl\":\"https:\/\/secure.gravatar.com\/avatar\/dac340933427a22924c9f99d1eb2e3f2?s=96&r=g\",\"caption\":\"Eduardo Vargas\"},\"description\":\"Jornalista formado pela UFSC, cobre macroeconomia, neg\u00f3cios e startups para o Suno Not\u00edcias, escrevendo principalmente not\u00edcias sobre o mercado financeiro e a bolsa de valores. No YouTube e no Instagram, \u00e9 respons\u00e1vel pela produ\u00e7\u00e3o de Reels e Shorts do Suno Not\u00edcias. Anteriormente, trabalhou cobrindo economia e cotidiano no ND+ e para o ND, maior jornal impresso de Santa Catarina. Cursou um semestre letivo de Estudos de M\u00eddia na Universidad de Buenos Aires.\",\"url\":\"https:\/\/www.suno.com.br\/noticias\/author\/eduardo-vargas\/\"}]}<\/script>\n<!-- \/ Yoast SEO plugin. -->","yoast_head_json":{"title":"Copel (CPLE6) mira 'aumento saud\u00e1vel' de d\u00edvida para financiar expans\u00e3o","description":"Em entrevista exclusiva, o Head de RI da Copel citou um poss\u00edvel aumento da alavancagem para el\u00e9trica 'al\u00e7ar voo'. Clique aqui e confira!","robots":{"index":"index","follow":"follow","max-snippet":"max-snippet:-1","max-image-preview":"max-image-preview:large","max-video-preview":"max-video-preview:-1"},"canonical":"https:\/\/www.suno.com.br\/noticias\/copel-cpl6-crescimento-dividendos\/","og_locale":"pt_BR","og_type":"article","og_title":"Copel (CPLE6) mira 'aumento saud\u00e1vel' de d\u00edvida para financiar expans\u00e3o","og_description":"Em entrevista exclusiva, o Head de RI da Copel citou um poss\u00edvel aumento da alavancagem para el\u00e9trica 'al\u00e7ar voo'. Clique aqui e confira!","og_url":"https:\/\/www.suno.com.br\/noticias\/copel-cpl6-crescimento-dividendos\/","og_site_name":"Suno Not\u00edcias","article_publisher":"https:\/\/facebook.com\/sunoresearch","og_image":[{"width":2560,"height":1707,"url":"https:\/\/files.sunoresearch.com.br\/n\/uploads\/2021\/10\/Copel-Distribuicao2-scaled-1.jpg","type":"image\/jpeg"}],"author":"Eduardo Vargas","twitter_card":"summary_large_image","twitter_creator":"@sunoresearch","twitter_site":"@sunoresearch","twitter_misc":{"Escrito por":"Eduardo Vargas","Est. tempo de leitura":"4 minutos"},"schema":{"@context":"https:\/\/schema.org","@graph":[{"@type":"NewsArticle","@id":"https:\/\/www.suno.com.br\/noticias\/copel-cpl6-crescimento-dividendos\/#article","isPartOf":{"@id":"https:\/\/www.suno.com.br\/noticias\/copel-cpl6-crescimento-dividendos\/"},"author":{"name":"Eduardo Vargas","@id":"https:\/\/www.suno.com.br\/noticias\/#\/schema\/person\/7f4d362bf3518e76090143ae77bb49a5"},"headline":"Copel (CPLE6) ter\u00e1 &#8216;aumento saud\u00e1vel&#8217; de alavancagem para financiar expans\u00e3o","datePublished":"2022-05-23T17:00:09+00:00","dateModified":"2022-05-23T17:03:20+00:00","mainEntityOfPage":{"@id":"https:\/\/www.suno.com.br\/noticias\/copel-cpl6-crescimento-dividendos\/"},"wordCount":815,"publisher":{"@id":"https:\/\/www.suno.com.br\/noticias\/#organization"},"image":{"@id":"https:\/\/www.suno.com.br\/noticias\/copel-cpl6-crescimento-dividendos\/#primaryimage"},"thumbnailUrl":"https:\/\/files.sunoresearch.com.br\/n\/uploads\/2021\/10\/Copel-Distribuicao2-scaled-1.jpg","keywords":["Copel (CPLE3\/CPLE5\/CPLE6)","dividendos","Especiais","Setor el\u00e9trico"],"articleSection":["Neg\u00f3cios"],"inLanguage":"pt-BR"},{"@type":"WebPage","@id":"https:\/\/www.suno.com.br\/noticias\/copel-cpl6-crescimento-dividendos\/","url":"https:\/\/www.suno.com.br\/noticias\/copel-cpl6-crescimento-dividendos\/","name":"Copel (CPLE6) mira 'aumento saud\u00e1vel' de d\u00edvida para financiar expans\u00e3o","isPartOf":{"@id":"https:\/\/www.suno.com.br\/noticias\/#website"},"primaryImageOfPage":{"@id":"https:\/\/www.suno.com.br\/noticias\/copel-cpl6-crescimento-dividendos\/#primaryimage"},"image":{"@id":"https:\/\/www.suno.com.br\/noticias\/copel-cpl6-crescimento-dividendos\/#primaryimage"},"thumbnailUrl":"https:\/\/files.sunoresearch.com.br\/n\/uploads\/2021\/10\/Copel-Distribuicao2-scaled-1.jpg","datePublished":"2022-05-23T17:00:09+00:00","dateModified":"2022-05-23T17:03:20+00:00","description":"Em entrevista exclusiva, o Head de RI da Copel citou um poss\u00edvel aumento da alavancagem para el\u00e9trica 'al\u00e7ar voo'. Clique aqui e confira!","breadcrumb":{"@id":"https:\/\/www.suno.com.br\/noticias\/copel-cpl6-crescimento-dividendos\/#breadcrumb"},"inLanguage":"pt-BR","potentialAction":[{"@type":"ReadAction","target":["https:\/\/www.suno.com.br\/noticias\/copel-cpl6-crescimento-dividendos\/"]}]},{"@type":"ImageObject","inLanguage":"pt-BR","@id":"https:\/\/www.suno.com.br\/noticias\/copel-cpl6-crescimento-dividendos\/#primaryimage","url":"https:\/\/files.sunoresearch.com.br\/n\/uploads\/2021\/10\/Copel-Distribuicao2-scaled-1.jpg","contentUrl":"https:\/\/files.sunoresearch.com.br\/n\/uploads\/2021\/10\/Copel-Distribuicao2-scaled-1.jpg","width":2560,"height":1707,"caption":"Copel- Foto: Reprodu\u00e7\u00e3o\/Site\/Copel"},{"@type":"BreadcrumbList","@id":"https:\/\/www.suno.com.br\/noticias\/copel-cpl6-crescimento-dividendos\/#breadcrumb","itemListElement":[{"@type":"ListItem","position":1,"name":"Not\u00edcias","item":"https:\/\/www.suno.com.br\/noticias\/"},{"@type":"ListItem","position":2,"name":"Neg\u00f3cios","item":"https:\/\/www.suno.com.br\/noticias\/negocios\/"},{"@type":"ListItem","position":3,"name":"Copel (CPLE6) ter\u00e1 &#8216;aumento saud\u00e1vel&#8217; de alavancagem para financiar expans\u00e3o"}]},{"@type":"WebSite","@id":"https:\/\/www.suno.com.br\/noticias\/#website","url":"https:\/\/www.suno.com.br\/noticias\/","name":"Suno Not\u00edcias","description":"Seu portal de informa\u00e7\u00e3o sobre o mundo dos investimentos","publisher":{"@id":"https:\/\/www.suno.com.br\/noticias\/#organization"},"potentialAction":[{"@type":"SearchAction","target":{"@type":"EntryPoint","urlTemplate":"https:\/\/www.suno.com.br\/noticias\/?s={search_term_string}"},"query-input":{"@type":"PropertyValueSpecification","valueRequired":true,"valueName":"search_term_string"}}],"inLanguage":"pt-BR"},{"@type":"Organization","@id":"https:\/\/www.suno.com.br\/noticias\/#organization","name":"Suno Not\u00edcias","url":"https:\/\/www.suno.com.br\/noticias\/","logo":{"@type":"ImageObject","inLanguage":"pt-BR","@id":"https:\/\/www.suno.com.br\/noticias\/#\/schema\/logo\/image\/","url":"https:\/\/files.sunoresearch.com.br\/n\/uploads\/2021\/09\/suno-logo.png","contentUrl":"https:\/\/files.sunoresearch.com.br\/n\/uploads\/2021\/09\/suno-logo.png","width":180,"height":180,"caption":"Suno Not\u00edcias"},"image":{"@id":"https:\/\/www.suno.com.br\/noticias\/#\/schema\/logo\/image\/"},"sameAs":["https:\/\/facebook.com\/sunoresearch","https:\/\/x.com\/sunoresearch","https:\/\/www.instagram.com\/suno","https:\/\/www.linkedin.com\/company\/suno-research\/","https:\/\/www.youtube.com\/c\/sunoresearch"]},{"@type":"Person","@id":"https:\/\/www.suno.com.br\/noticias\/#\/schema\/person\/7f4d362bf3518e76090143ae77bb49a5","name":"Eduardo Vargas","image":{"@type":"ImageObject","inLanguage":"pt-BR","@id":"https:\/\/www.suno.com.br\/noticias\/#\/schema\/person\/image\/","url":"https:\/\/secure.gravatar.com\/avatar\/dac340933427a22924c9f99d1eb2e3f2?s=96&r=g","contentUrl":"https:\/\/secure.gravatar.com\/avatar\/dac340933427a22924c9f99d1eb2e3f2?s=96&r=g","caption":"Eduardo Vargas"},"description":"Jornalista formado pela UFSC, cobre macroeconomia, neg\u00f3cios e startups para o Suno Not\u00edcias, escrevendo principalmente not\u00edcias sobre o mercado financeiro e a bolsa de valores. No YouTube e no Instagram, \u00e9 respons\u00e1vel pela produ\u00e7\u00e3o de Reels e Shorts do Suno Not\u00edcias. Anteriormente, trabalhou cobrindo economia e cotidiano no ND+ e para o ND, maior jornal impresso de Santa Catarina. Cursou um semestre letivo de Estudos de M\u00eddia na Universidad de Buenos Aires.","url":"https:\/\/www.suno.com.br\/noticias\/author\/eduardo-vargas\/"}]}},"default_loop_html":"<div class=\"cardsPage__listCard__boxs\"><div class=\"cardsPage__listCard__boxs__img\"><a href=\"https:\/\/www.suno.com.br\/noticias\/acoes-pagam-dividendos-acima-selic\/\"><img class=\"mask\" src=\"https:\/\/www.suno.com.br\/noticias\/wp-content\/themes\/suno\/resources\/images\/spotlight\/spotlight1img\/bg-mask.png\" alt=\"Image Mask\"\/><img src=\"https:\/\/files.sunoresearch.com.br\/n\/uploads\/2021\/02\/7945dc6a-image_processing20200201-29235-jyogwq_easy-resize.com_-400x200.webp\" alt=\"Veja 5 a\u00e7\u00f5es que pagam dividendos acima da Selic\"\/><\/a><span class=\"spotlightCategory\"><a href=\"https:\/\/www.suno.com.br\/noticias\/negocios\/\">Neg\u00f3cios<\/a><\/span><\/div><div class=\"cardsPage__listCard__boxs__content\"><a href=\"https:\/\/www.suno.com.br\/noticias\/acoes-pagam-dividendos-acima-selic\/\"><h2 class=\"content__title\">Veja 5 a\u00e7\u00f5es que pagam dividendos acima da Selic<\/h2><\/a><div class=\"newsContent__article__meta\"><div class=\"newsContent__article__meta__authorBox\"><a href=\"https:\/\/www.suno.com.br\/noticias\/author\/eduardo-vargas\/\" class=\"authorBox__avatar noMobi\"><img src=\"https:\/\/secure.gravatar.com\/avatar\/dac340933427a22924c9f99d1eb2e3f2?s=96&#038;r=g\" alt=\"Eduardo Vargas\"><\/a><div class=\"authorBox__name\"><span>por\n\t\t\t<a href=\"https:\/\/www.suno.com.br\/noticias\/author\/eduardo-vargas\/\"><span itemprop=\"author\">Eduardo Vargas<\/span><\/a><\/span><time datetime=\"2022-05-05T09:00:26-03:00\" itemprop=\"datePublished\">05\/05\/2022 09:00<\/time><\/div><\/div><\/div><\/div><\/div>","single_layout":"posts","amp_enabled":true,"_links":{"self":[{"href":"https:\/\/www.suno.com.br\/noticias\/wp-json\/wp\/v2\/posts\/260591"}],"collection":[{"href":"https:\/\/www.suno.com.br\/noticias\/wp-json\/wp\/v2\/posts"}],"about":[{"href":"https:\/\/www.suno.com.br\/noticias\/wp-json\/wp\/v2\/types\/post"}],"author":[{"embeddable":true,"href":"https:\/\/www.suno.com.br\/noticias\/wp-json\/wp\/v2\/users\/73"}],"replies":[{"embeddable":true,"href":"https:\/\/www.suno.com.br\/noticias\/wp-json\/wp\/v2\/comments?post=260591"}],"version-history":[{"count":3,"href":"https:\/\/www.suno.com.br\/noticias\/wp-json\/wp\/v2\/posts\/260591\/revisions"}],"predecessor-version":[{"id":260676,"href":"https:\/\/www.suno.com.br\/noticias\/wp-json\/wp\/v2\/posts\/260591\/revisions\/260676"}],"wp:featuredmedia":[{"embeddable":true,"href":"https:\/\/www.suno.com.br\/noticias\/wp-json\/wp\/v2\/media\/193965"}],"wp:attachment":[{"href":"https:\/\/www.suno.com.br\/noticias\/wp-json\/wp\/v2\/media?parent=260591"}],"wp:term":[{"taxonomy":"category","embeddable":true,"href":"https:\/\/www.suno.com.br\/noticias\/wp-json\/wp\/v2\/categories?post=260591"},{"taxonomy":"post_tag","embeddable":true,"href":"https:\/\/www.suno.com.br\/noticias\/wp-json\/wp\/v2\/tags?post=260591"},{"taxonomy":"suno_strategy","embeddable":true,"href":"https:\/\/www.suno.com.br\/noticias\/wp-json\/wp\/v2\/suno_strategy?post=260591"}],"curies":[{"name":"wp","href":"https:\/\/api.w.org\/{rel}","templated":true}]}}