{"id":260390,"date":"2022-05-20T21:36:44","date_gmt":"2022-05-21T00:36:44","guid":{"rendered":"https:\/\/www.suno.com.br\/noticias\/?p=260390"},"modified":"2022-05-20T21:36:44","modified_gmt":"2022-05-21T00:36:44","slug":"ecorodovias-ecor3-vence-leilao-rio-governador-valadares","status":"publish","type":"post","link":"https:\/\/www.suno.com.br\/noticias\/ecorodovias-ecor3-vence-leilao-rio-governador-valadares\/","title":{"rendered":"EcoRodovias (ECOR3) vence leil\u00e3o rodovi\u00e1rio Rio-Governador Valadares; R$ 11,3 bi ser\u00e3o investidos"},"content":{"rendered":"<p>A <strong>EcoRodovias<\/strong> (ECOR3) venceu nesta sexta-feira (20) o leil\u00e3o da concess\u00e3o \u00e0 <a class=\"suno-keyword\" href=\"https:\/\/www.suno.com.br\/artigos\/iniciativa-privada\/\" target=\"_blank\" rel=\"noopener\" data-force=\"no\" data-priority=\"1\">iniciativa privada<\/a> do sistema rodovi\u00e1rio Rio de Janeiro \u2013 Governador Valares (MG), formada por trechos da BR 116, BR 465 e BR 493.<\/p>\t<div class=\"wrapper-featured-image\">\n\t\t<figure class=\"spotlightImg\">\n\n\t\t\t<picture>\n\t\t\t\t<source media=\"(max-width: 768px)\" srcset=\"https:\/\/files.sunoresearch.com.br\/n\/uploads\/2021\/06\/744ced6e-road-5743713_1920-400x200.webp\">\n\t\t\t\t<img loading=\"lazy\" decoding=\"async\" class=\"newsContent__article__imgCapa lazyloadDisabled \" src=\"https:\/\/files.sunoresearch.com.br\/n\/uploads\/2021\/06\/744ced6e-road-5743713_1920-800x450.webp\" width=\"800\" height=\"450\" alt=\"EcoRodovias (ECOR3) vence leil\u00e3o rodovi\u00e1rio Rio-Governador Valadares; R$ 11,3 bi ser\u00e3o investidos\" fetchpriority=high \/>\n\t\t\t<\/picture>\n\n\t\t\t<figcaption class=\"wp-caption-text wp-caption-text--show\">Motiva (MOTV3). Foto: Pixabay<\/figcaption>\n\t\t<\/figure>\n\t<\/div>\n\n\n\t<p>\n\t\t<a href=\"\" target=\"_blank\" data-element=\"shortcode-suno-banner\" title=\"Banner SUNO, clique e saiba mais\">\n\t\t\t<picture>\n\t\t\t\t<source media=\"(max-width: 500px)\" srcset=\"\">\n\t\t\t\t<img class=\"newsContent__article__imgCapa newsContent__article__imgCapa--banner\"\n\t\t\t\t\tsrc=\"\"\n\t\t\t\t\tdata-promo-id=\"138420\"\t\t\t\t\t\t\t\t\t\t\t\t\t\t\talt=\"\"\n\t\t\t\t>\n\t\t\t<\/picture>\n\t\t<\/a>\n\t<\/p>\n\n\n<p>O evento foi realizado pela<strong> Ag\u00eancia Nacional de Transportes Terrestres<\/strong> (ANTT) e pelo <strong>Minist\u00e9rio da Infraestrutura<\/strong>, na <strong>B3<\/strong> (B3SA3).<\/p>\n<p>A EcoRodovias foi a \u00fanica a apresentar propostas e ofereceu desconto de 3,11%, sendo o m\u00e1ximo previsto no edital de 17,5%. N\u00e3o houve oferta de valor de outorga.<\/p>\n<p>S\u00e3o estimados R$ 11,3 bilh\u00f5es em investimentos ao longo da concess\u00e3o e R$ 9,8 bilh\u00f5es em <a class=\"suno-keyword\" href=\"https:\/\/www.suno.com.br\/artigos\/despesas-operacionais\/\" target=\"_blank\" rel=\"noopener\" data-force=\"no\" data-priority=\"1\">despesas operacionais<\/a>, como custos operacionais, despesas obrigat\u00f3rias e o conjunto de seguros e garantias.<\/p>\n<p>O contrato de concess\u00e3o ser\u00e1 de 30 anos e o sistema rodovi\u00e1rio abranger\u00e1 uma extens\u00e3o total de 726,9 quil\u00f4metros. De acordo com a ANTT, trata-se da \u00fanica rota, a partir da cidade do Rio de Janeiro, dispon\u00edvel para o contorno da Ba\u00eda de Guanabara, permitindo o acesso \u00e0 regi\u00e3o dos Lagos, ao norte do estado, e \u00e0s regi\u00f5es Norte e Nordeste do pa\u00eds.<\/p>\n<p>A ANTT tamb\u00e9m afirmou que as principais melhorias que dever\u00e3o ser implementadas s\u00e3o 303,2 km de obras de duplica\u00e7\u00e3o, 255,2 km de faixas adicionais, 85,5 km de vias marginais, 75 passarelas, 57 passagens de fauna, 462 pontos de \u00f4nibus, 1,6 mil km de ciclovias.<\/p>\n\t<p>\n\t\t<a href=\"https:\/\/lp.suno.com.br\/planilha-controle-gastos\/\" target=\"_blank\" data-element=\"shortcode-suno-banner\" title=\"Banner SUNO, clique e saiba mais\">\n\t\t\t<picture>\n\t\t\t\t<source media=\"(max-width: 500px)\" srcset=\"https:\/\/files.sunoresearch.com.br\/n\/uploads\/2023\/03\/400x300-Planilha-controle-de-gastos.png\">\n\t\t\t\t<img class=\"newsContent__article__imgCapa newsContent__article__imgCapa--banner\"\n\t\t\t\t\tsrc=\"https:\/\/files.sunoresearch.com.br\/n\/uploads\/2023\/03\/1420x240-Planilha-controle-de-gastos.png\"\n\t\t\t\t\tdata-promo-id=\"101751\"\t\t\t\t\t\t\t\t\t\twidth='1420' height='240'\t\t\t\t\talt=\"https:\/\/files.sunoresearch.com.br\/n\/uploads\/2023\/03\/1420x240-Planilha-controle-de-gastos.png\"\n\t\t\t\t>\n\t\t\t<\/picture>\n\t\t<\/a>\n\t<\/p>\n\n\n<p>Os pre\u00e7os das tarifas b\u00e1sicas de ped\u00e1gio, ainda sem considerar o desconto de 3,11%, previstos para as 12 pra\u00e7as de ped\u00e1gio que funcionar\u00e3o no trecho, variam &#8211; no per\u00edodo inicial da concess\u00e3o &#8211; de R$ 8,10, na pra\u00e7a de Oriz\u00e2nia (MG), a R$ 17,48, na pra\u00e7a Itabora\u00ed (RJ).<\/p>\n<p><em>Leia mais<\/em><\/p>\n<h2>Ecorodovias (ECOR3) destitui presidente<\/h2>\n<p>O\u00a0<a class=\"suno-keyword\" href=\"https:\/\/www.suno.com.br\/artigos\/conselho-administracao\/\" target=\"_blank\" rel=\"noopener\" data-force=\"no\" data-priority=\"1\">conselho de administra\u00e7\u00e3o<\/a>\u00a0da\u00a0<a class=\"suno-keyword\" href=\"https:\/\/www.suno.com.br\/acoes\/ECOR3\/\" target=\"_blank\" rel=\"noopener\" data-force=\"yes\" data-priority=\"2\"><strong>Ecorodovias<\/strong>\u00a0(ECOR3)<\/a> aprovou a destitui\u00e7\u00e3o de Gianfranco Catrini do posto de diretor-presidente da empresa.<\/p>\n\t<p>\n\t\t<a href=\"https:\/\/lp.suno.com.br\/planilha-da-vida-financeira\/\" target=\"_blank\" data-element=\"shortcode-suno-banner\" title=\"Banner SUNO, clique e saiba mais\">\n\t\t\t<picture>\n\t\t\t\t<source media=\"(max-width: 500px)\" srcset=\"https:\/\/files.sunoresearch.com.br\/n\/uploads\/2023\/04\/400x300-Planilha-vida-financeira-true.png\">\n\t\t\t\t<img class=\"newsContent__article__imgCapa newsContent__article__imgCapa--banner\"\n\t\t\t\t\tsrc=\"https:\/\/files.sunoresearch.com.br\/n\/uploads\/2023\/04\/1420x240-Planilha-vida-financeira-true.png\"\n\t\t\t\t\tdata-promo-id=\"106682\"\t\t\t\t\t\t\t\t\t\twidth='1420' height='240'\t\t\t\t\talt=\"https:\/\/files.sunoresearch.com.br\/n\/uploads\/2023\/04\/1420x240-Planilha-vida-financeira-true.png\"\n\t\t\t\t>\n\t\t\t<\/picture>\n\t\t<\/a>\n\t<\/p>\n\n\n<p>Eleito para o posto em dezembro de 2021, a Ecorodovias n\u00e3o detalhou o motivo da destitui\u00e7\u00e3o de\u00a0<strong>Gianfranco Catrini<\/strong>. Segundo documento, Marcello Guidotti deve ocupar o cargo de diretor-presidente interinamente.<\/p>\n<p>O executivo, que \u00e9 diretor executivo de finan\u00e7as e de\u00a0<a class=\"suno-keyword\" href=\"https:\/\/www.suno.com.br\/artigos\/relacoes-com-investidores\/\" target=\"_blank\" rel=\"noopener\" data-force=\"no\" data-priority=\"1\">rela\u00e7\u00f5es com investidores<\/a>, ir\u00e1 acumular as fun\u00e7\u00f5es e ter\u00e1 \u201cmandato unificado at\u00e9 29 de abril de 2023 ou at\u00e9 a elei\u00e7\u00e3o da nova diretoria\u201d, indica a empresa.<\/p>\n<p>O mercado viu a mudan\u00e7a no comando da Ecorodovias como negativa e as<strong>\u00a0a\u00e7\u00f5es ECOR3<\/strong>\u00a0despencam na bolsa de valores nesta sexta-feira (04). Por volta das 14h20 (hor\u00e1rio de Bras\u00edlia), a Ecorodovias estava na lanterna do Ibovespa, caindo 6,38%, para R$ 7,19.<\/p>\n\t<p>\n\t\t<a href=\"https:\/\/lp.suno.com.br\/ebook-como-analisar-uma-acao\/\" target=\"_blank\" data-element=\"shortcode-suno-banner\" title=\"Banner SUNO, clique e saiba mais\">\n\t\t\t<picture>\n\t\t\t\t<source media=\"(max-width: 500px)\" srcset=\"https:\/\/files.sunoresearch.com.br\/n\/uploads\/2023\/03\/Ebook-Acoes-Mobile-1.jpg\">\n\t\t\t\t<img class=\"newsContent__article__imgCapa newsContent__article__imgCapa--banner\"\n\t\t\t\t\tsrc=\"https:\/\/files.sunoresearch.com.br\/n\/uploads\/2023\/03\/Ebook-Acoes-Desktop-1.jpg\"\n\t\t\t\t\tdata-promo-id=\"171998\"\t\t\t\t\t\t\t\t\t\twidth='1420' height='286'\t\t\t\t\talt=\"https:\/\/files.sunoresearch.com.br\/n\/uploads\/2023\/03\/Ebook-Acoes-Desktop-1.jpg\"\n\t\t\t\t>\n\t\t\t<\/picture>\n\t\t<\/a>\n\t<\/p>\n\n\n<p>Nos \u00faltimos 12 meses, as\u00a0<strong>a\u00e7\u00f5es da Ecorodovias<\/strong>\u00a0acumulam 42% de perdas. Mas o\u00a0<a class=\"suno-keyword\" href=\"https:\/\/www.suno.com.br\/acoes\/BPAC11\/\" target=\"_blank\" rel=\"noopener\" data-force=\"yes\" data-priority=\"2\">BTG Pactual (BPAC11)<\/a>\u00a0v\u00ea espa\u00e7o para uma virada.<\/p>\n<p>O banco tem\u00a0<strong>recomenda\u00e7\u00e3o de compra<\/strong>\u00a0para a Ecorodovias, com\u00a0<strong>pre\u00e7o-alvo<\/strong>\u00a0de R$ 17,00, correspondente a uma valoriza\u00e7\u00e3o superior a 121,35%, segundo relat\u00f3rio desta sexta.<\/p>\n<h2>Cota\u00e7\u00e3o<\/h2>\n<p>A a\u00e7\u00e3o da\u00a0<strong>Ecorodovias<\/strong> fechou esta sexta-feira (20) em alta de 5,48%, cotada a R$ 6,74. No ano, acumula queda de 5,47%.<\/p>\n\t<p>\n\t\t<a href=\"https:\/\/lp.suno.com.br\/planilha-de-controle-de-investimentos\/\" target=\"_blank\" data-element=\"shortcode-suno-banner\" title=\"Banner SUNO, clique e saiba mais\">\n\t\t\t<picture>\n\t\t\t\t<source media=\"(max-width: 500px)\" srcset=\"https:\/\/files.sunoresearch.com.br\/n\/uploads\/2023\/03\/400x300-Controle-de-Investimentos.png\">\n\t\t\t\t<img class=\"newsContent__article__imgCapa newsContent__article__imgCapa--banner\"\n\t\t\t\t\tsrc=\"https:\/\/files.sunoresearch.com.br\/n\/uploads\/2023\/03\/1420x240-Controle-de-Investimentos.png\"\n\t\t\t\t\tdata-promo-id=\"75934\"\t\t\t\t\t\t\t\t\t\twidth='1420' height='240'\t\t\t\t\talt=\"https:\/\/files.sunoresearch.com.br\/n\/uploads\/2023\/03\/1420x240-Controle-de-Investimentos.png\"\n\t\t\t\t>\n\t\t\t<\/picture>\n\t\t<\/a>\n\t<\/p>\n\n\n","protected":false},"excerpt":{"rendered":"<p>A EcoRodovias (ECOR3) venceu nesta sexta-feira (20) o leil\u00e3o da concess\u00e3o \u00e0 iniciativa privada do sistema rodovi\u00e1rio Rio de Janeiro \u2013 Governador Valares (MG), formada por trechos da BR 116, BR 465 e BR 493. Motiva (MOTV3). Foto: Pixabay O evento foi realizado pela Ag\u00eancia Nacional de Transportes Terrestres (ANTT) e pelo Minist\u00e9rio da Infraestrutura, [&hellip;]<\/p>\n","protected":false},"author":146,"featured_media":156185,"comment_status":"closed","ping_status":"closed","sticky":false,"template":"","format":"standard","meta":[],"categories":[64],"tags":[452],"suno_strategy":[],"class_list":["post-260390","post","type-post","status-publish","format-standard","has-post-thumbnail","hentry","category-negocios","tag-ecorodovias-ecor3"],"yoast_head":"<!-- This site is optimized with the Yoast SEO plugin v24.4 - https:\/\/yoast.com\/wordpress\/plugins\/seo\/ -->\n<title>EcoRodovias (ECOR3) vence leil\u00e3o rodovi\u00e1rio Rio-Valadares<\/title>\n<meta name=\"description\" content=\"A EcoRodovias (ECOR3) venceu nesta sexta o leil\u00e3o da concess\u00e3o \u00e0 iniciativa privada do sistema rodovi\u00e1rio Rio de Janeiro-Governador Valares.\" \/>\n<meta name=\"robots\" content=\"index, follow, max-snippet:-1, max-image-preview:large, max-video-preview:-1\" \/>\n<link rel=\"canonical\" href=\"https:\/\/www.suno.com.br\/noticias\/ecorodovias-ecor3-vence-leilao-rio-governador-valadares\/\" \/>\n<meta property=\"og:locale\" content=\"pt_BR\" \/>\n<meta property=\"og:type\" content=\"article\" \/>\n<meta property=\"og:title\" content=\"EcoRodovias (ECOR3) vence leil\u00e3o rodovi\u00e1rio Rio-Valadares\" \/>\n<meta property=\"og:description\" content=\"A EcoRodovias (ECOR3) venceu nesta sexta o leil\u00e3o da concess\u00e3o \u00e0 iniciativa privada do sistema rodovi\u00e1rio Rio de Janeiro-Governador Valares.\" \/>\n<meta property=\"og:url\" content=\"https:\/\/www.suno.com.br\/noticias\/ecorodovias-ecor3-vence-leilao-rio-governador-valadares\/\" \/>\n<meta property=\"og:site_name\" content=\"Suno Not\u00edcias\" \/>\n<meta property=\"article:publisher\" content=\"https:\/\/facebook.com\/sunoresearch\" \/>\n<meta property=\"og:image\" content=\"https:\/\/files.sunoresearch.com.br\/n\/uploads\/2021\/06\/744ced6e-road-5743713_1920.jpg\" \/>\n\t<meta property=\"og:image:width\" content=\"1920\" \/>\n\t<meta property=\"og:image:height\" content=\"1280\" \/>\n\t<meta property=\"og:image:type\" content=\"image\/jpeg\" \/>\n<meta name=\"author\" content=\"Vict\u00f3ria Anhesini\" \/>\n<meta name=\"twitter:card\" content=\"summary_large_image\" \/>\n<meta name=\"twitter:creator\" content=\"@sunoresearch\" \/>\n<meta name=\"twitter:site\" content=\"@sunoresearch\" \/>\n<meta name=\"twitter:label1\" content=\"Escrito por\" \/>\n\t<meta name=\"twitter:data1\" content=\"Vict\u00f3ria Anhesini\" \/>\n\t<meta name=\"twitter:label2\" content=\"Est. tempo de leitura\" \/>\n\t<meta name=\"twitter:data2\" content=\"3 minutos\" \/>\n<script type=\"application\/ld+json\" class=\"yoast-schema-graph\">{\"@context\":\"https:\/\/schema.org\",\"@graph\":[{\"@type\":\"NewsArticle\",\"@id\":\"https:\/\/www.suno.com.br\/noticias\/ecorodovias-ecor3-vence-leilao-rio-governador-valadares\/#article\",\"isPartOf\":{\"@id\":\"https:\/\/www.suno.com.br\/noticias\/ecorodovias-ecor3-vence-leilao-rio-governador-valadares\/\"},\"author\":{\"name\":\"Vict\u00f3ria Anhesini\",\"@id\":\"https:\/\/www.suno.com.br\/noticias\/#\/schema\/person\/46d847cb19ad53fde0857adca989c23f\"},\"headline\":\"EcoRodovias (ECOR3) vence leil\u00e3o rodovi\u00e1rio Rio-Governador Valadares; R$ 11,3 bi ser\u00e3o investidos\",\"datePublished\":\"2022-05-21T00:36:44+00:00\",\"mainEntityOfPage\":{\"@id\":\"https:\/\/www.suno.com.br\/noticias\/ecorodovias-ecor3-vence-leilao-rio-governador-valadares\/\"},\"wordCount\":518,\"publisher\":{\"@id\":\"https:\/\/www.suno.com.br\/noticias\/#organization\"},\"image\":{\"@id\":\"https:\/\/www.suno.com.br\/noticias\/ecorodovias-ecor3-vence-leilao-rio-governador-valadares\/#primaryimage\"},\"thumbnailUrl\":\"https:\/\/files.sunoresearch.com.br\/n\/uploads\/2021\/06\/744ced6e-road-5743713_1920-jpg.webp\",\"keywords\":[\"Ecorodovias (ECOR3)\"],\"articleSection\":[\"Neg\u00f3cios\"],\"inLanguage\":\"pt-BR\"},{\"@type\":\"WebPage\",\"@id\":\"https:\/\/www.suno.com.br\/noticias\/ecorodovias-ecor3-vence-leilao-rio-governador-valadares\/\",\"url\":\"https:\/\/www.suno.com.br\/noticias\/ecorodovias-ecor3-vence-leilao-rio-governador-valadares\/\",\"name\":\"EcoRodovias (ECOR3) vence leil\u00e3o rodovi\u00e1rio Rio-Valadares\",\"isPartOf\":{\"@id\":\"https:\/\/www.suno.com.br\/noticias\/#website\"},\"primaryImageOfPage\":{\"@id\":\"https:\/\/www.suno.com.br\/noticias\/ecorodovias-ecor3-vence-leilao-rio-governador-valadares\/#primaryimage\"},\"image\":{\"@id\":\"https:\/\/www.suno.com.br\/noticias\/ecorodovias-ecor3-vence-leilao-rio-governador-valadares\/#primaryimage\"},\"thumbnailUrl\":\"https:\/\/files.sunoresearch.com.br\/n\/uploads\/2021\/06\/744ced6e-road-5743713_1920-jpg.webp\",\"datePublished\":\"2022-05-21T00:36:44+00:00\",\"description\":\"A EcoRodovias (ECOR3) venceu nesta sexta o leil\u00e3o da concess\u00e3o \u00e0 iniciativa privada do sistema rodovi\u00e1rio Rio de Janeiro-Governador Valares.\",\"breadcrumb\":{\"@id\":\"https:\/\/www.suno.com.br\/noticias\/ecorodovias-ecor3-vence-leilao-rio-governador-valadares\/#breadcrumb\"},\"inLanguage\":\"pt-BR\",\"potentialAction\":[{\"@type\":\"ReadAction\",\"target\":[\"https:\/\/www.suno.com.br\/noticias\/ecorodovias-ecor3-vence-leilao-rio-governador-valadares\/\"]}]},{\"@type\":\"ImageObject\",\"inLanguage\":\"pt-BR\",\"@id\":\"https:\/\/www.suno.com.br\/noticias\/ecorodovias-ecor3-vence-leilao-rio-governador-valadares\/#primaryimage\",\"url\":\"https:\/\/files.sunoresearch.com.br\/n\/uploads\/2021\/06\/744ced6e-road-5743713_1920-jpg.webp\",\"contentUrl\":\"https:\/\/files.sunoresearch.com.br\/n\/uploads\/2021\/06\/744ced6e-road-5743713_1920-jpg.webp\",\"width\":1920,\"height\":1280,\"caption\":\"Motiva (MOTV3). Foto: Pixabay\"},{\"@type\":\"BreadcrumbList\",\"@id\":\"https:\/\/www.suno.com.br\/noticias\/ecorodovias-ecor3-vence-leilao-rio-governador-valadares\/#breadcrumb\",\"itemListElement\":[{\"@type\":\"ListItem\",\"position\":1,\"name\":\"Not\u00edcias\",\"item\":\"https:\/\/www.suno.com.br\/noticias\/\"},{\"@type\":\"ListItem\",\"position\":2,\"name\":\"Neg\u00f3cios\",\"item\":\"https:\/\/www.suno.com.br\/noticias\/negocios\/\"},{\"@type\":\"ListItem\",\"position\":3,\"name\":\"EcoRodovias (ECOR3) vence leil\u00e3o rodovi\u00e1rio Rio-Governador Valadares; R$ 11,3 bi ser\u00e3o investidos\"}]},{\"@type\":\"WebSite\",\"@id\":\"https:\/\/www.suno.com.br\/noticias\/#website\",\"url\":\"https:\/\/www.suno.com.br\/noticias\/\",\"name\":\"Suno Not\u00edcias\",\"description\":\"Seu portal de informa\u00e7\u00e3o sobre o mundo dos investimentos\",\"publisher\":{\"@id\":\"https:\/\/www.suno.com.br\/noticias\/#organization\"},\"potentialAction\":[{\"@type\":\"SearchAction\",\"target\":{\"@type\":\"EntryPoint\",\"urlTemplate\":\"https:\/\/www.suno.com.br\/noticias\/?s={search_term_string}\"},\"query-input\":{\"@type\":\"PropertyValueSpecification\",\"valueRequired\":true,\"valueName\":\"search_term_string\"}}],\"inLanguage\":\"pt-BR\"},{\"@type\":\"Organization\",\"@id\":\"https:\/\/www.suno.com.br\/noticias\/#organization\",\"name\":\"Suno Not\u00edcias\",\"url\":\"https:\/\/www.suno.com.br\/noticias\/\",\"logo\":{\"@type\":\"ImageObject\",\"inLanguage\":\"pt-BR\",\"@id\":\"https:\/\/www.suno.com.br\/noticias\/#\/schema\/logo\/image\/\",\"url\":\"https:\/\/files.sunoresearch.com.br\/n\/uploads\/2021\/09\/suno-logo.png\",\"contentUrl\":\"https:\/\/files.sunoresearch.com.br\/n\/uploads\/2021\/09\/suno-logo.png\",\"width\":180,\"height\":180,\"caption\":\"Suno Not\u00edcias\"},\"image\":{\"@id\":\"https:\/\/www.suno.com.br\/noticias\/#\/schema\/logo\/image\/\"},\"sameAs\":[\"https:\/\/facebook.com\/sunoresearch\",\"https:\/\/x.com\/sunoresearch\",\"https:\/\/www.instagram.com\/suno\",\"https:\/\/www.linkedin.com\/company\/suno-research\/\",\"https:\/\/www.youtube.com\/c\/sunoresearch\"]},{\"@type\":\"Person\",\"@id\":\"https:\/\/www.suno.com.br\/noticias\/#\/schema\/person\/46d847cb19ad53fde0857adca989c23f\",\"name\":\"Vict\u00f3ria Anhesini\",\"image\":{\"@type\":\"ImageObject\",\"inLanguage\":\"pt-BR\",\"@id\":\"https:\/\/www.suno.com.br\/noticias\/#\/schema\/person\/image\/\",\"url\":\"https:\/\/secure.gravatar.com\/avatar\/0172bdfcd9129dd9dd68794804304e6e?s=96&r=g\",\"contentUrl\":\"https:\/\/secure.gravatar.com\/avatar\/0172bdfcd9129dd9dd68794804304e6e?s=96&r=g\",\"caption\":\"Vict\u00f3ria Anhesini\"},\"description\":\"Rep\u00f3rter no Suno Not\u00edcias, cobre mercados, neg\u00f3cios e economia, escrevendo majoritariamente sobre movimentos das empresas, cobertura de balan\u00e7os trimestrais e Bolsa de Valores. Formada em jornalismo pela Universidade Presbiteriana Mackenzie em 2019, passou pelo portal de economia e finan\u00e7as EuQueroInvestir como rep\u00f3rter e anteriormente, trabalhou na assessoria de imprensa PinePR, onde liderou com startups de inova\u00e7\u00e3o, tecnologia e finan\u00e7as. Em seu tempo livre, fala sobre m\u00fasica para ambos os sites do selo ForMusic, Wikimetal e Mad Sound, e faz trabalho volunt\u00e1rio no programa Escreve Cartas do Poupatempo.\",\"sameAs\":[\"https:\/\/www.linkedin.com\/in\/victoria-anhesini\/\"],\"url\":\"https:\/\/www.suno.com.br\/noticias\/author\/victoria\/\"}]}<\/script>\n<!-- \/ Yoast SEO plugin. -->","yoast_head_json":{"title":"EcoRodovias (ECOR3) vence leil\u00e3o rodovi\u00e1rio Rio-Valadares","description":"A EcoRodovias (ECOR3) venceu nesta sexta o leil\u00e3o da concess\u00e3o \u00e0 iniciativa privada do sistema rodovi\u00e1rio Rio de Janeiro-Governador Valares.","robots":{"index":"index","follow":"follow","max-snippet":"max-snippet:-1","max-image-preview":"max-image-preview:large","max-video-preview":"max-video-preview:-1"},"canonical":"https:\/\/www.suno.com.br\/noticias\/ecorodovias-ecor3-vence-leilao-rio-governador-valadares\/","og_locale":"pt_BR","og_type":"article","og_title":"EcoRodovias (ECOR3) vence leil\u00e3o rodovi\u00e1rio Rio-Valadares","og_description":"A EcoRodovias (ECOR3) venceu nesta sexta o leil\u00e3o da concess\u00e3o \u00e0 iniciativa privada do sistema rodovi\u00e1rio Rio de Janeiro-Governador Valares.","og_url":"https:\/\/www.suno.com.br\/noticias\/ecorodovias-ecor3-vence-leilao-rio-governador-valadares\/","og_site_name":"Suno Not\u00edcias","article_publisher":"https:\/\/facebook.com\/sunoresearch","og_image":[{"width":1920,"height":1280,"url":"https:\/\/files.sunoresearch.com.br\/n\/uploads\/2021\/06\/744ced6e-road-5743713_1920.jpg","type":"image\/jpeg"}],"author":"Vict\u00f3ria Anhesini","twitter_card":"summary_large_image","twitter_creator":"@sunoresearch","twitter_site":"@sunoresearch","twitter_misc":{"Escrito por":"Vict\u00f3ria Anhesini","Est. tempo de leitura":"3 minutos"},"schema":{"@context":"https:\/\/schema.org","@graph":[{"@type":"NewsArticle","@id":"https:\/\/www.suno.com.br\/noticias\/ecorodovias-ecor3-vence-leilao-rio-governador-valadares\/#article","isPartOf":{"@id":"https:\/\/www.suno.com.br\/noticias\/ecorodovias-ecor3-vence-leilao-rio-governador-valadares\/"},"author":{"name":"Vict\u00f3ria Anhesini","@id":"https:\/\/www.suno.com.br\/noticias\/#\/schema\/person\/46d847cb19ad53fde0857adca989c23f"},"headline":"EcoRodovias (ECOR3) vence leil\u00e3o rodovi\u00e1rio Rio-Governador Valadares; R$ 11,3 bi ser\u00e3o investidos","datePublished":"2022-05-21T00:36:44+00:00","mainEntityOfPage":{"@id":"https:\/\/www.suno.com.br\/noticias\/ecorodovias-ecor3-vence-leilao-rio-governador-valadares\/"},"wordCount":518,"publisher":{"@id":"https:\/\/www.suno.com.br\/noticias\/#organization"},"image":{"@id":"https:\/\/www.suno.com.br\/noticias\/ecorodovias-ecor3-vence-leilao-rio-governador-valadares\/#primaryimage"},"thumbnailUrl":"https:\/\/files.sunoresearch.com.br\/n\/uploads\/2021\/06\/744ced6e-road-5743713_1920-jpg.webp","keywords":["Ecorodovias (ECOR3)"],"articleSection":["Neg\u00f3cios"],"inLanguage":"pt-BR"},{"@type":"WebPage","@id":"https:\/\/www.suno.com.br\/noticias\/ecorodovias-ecor3-vence-leilao-rio-governador-valadares\/","url":"https:\/\/www.suno.com.br\/noticias\/ecorodovias-ecor3-vence-leilao-rio-governador-valadares\/","name":"EcoRodovias (ECOR3) vence leil\u00e3o rodovi\u00e1rio Rio-Valadares","isPartOf":{"@id":"https:\/\/www.suno.com.br\/noticias\/#website"},"primaryImageOfPage":{"@id":"https:\/\/www.suno.com.br\/noticias\/ecorodovias-ecor3-vence-leilao-rio-governador-valadares\/#primaryimage"},"image":{"@id":"https:\/\/www.suno.com.br\/noticias\/ecorodovias-ecor3-vence-leilao-rio-governador-valadares\/#primaryimage"},"thumbnailUrl":"https:\/\/files.sunoresearch.com.br\/n\/uploads\/2021\/06\/744ced6e-road-5743713_1920-jpg.webp","datePublished":"2022-05-21T00:36:44+00:00","description":"A EcoRodovias (ECOR3) venceu nesta sexta o leil\u00e3o da concess\u00e3o \u00e0 iniciativa privada do sistema rodovi\u00e1rio Rio de Janeiro-Governador Valares.","breadcrumb":{"@id":"https:\/\/www.suno.com.br\/noticias\/ecorodovias-ecor3-vence-leilao-rio-governador-valadares\/#breadcrumb"},"inLanguage":"pt-BR","potentialAction":[{"@type":"ReadAction","target":["https:\/\/www.suno.com.br\/noticias\/ecorodovias-ecor3-vence-leilao-rio-governador-valadares\/"]}]},{"@type":"ImageObject","inLanguage":"pt-BR","@id":"https:\/\/www.suno.com.br\/noticias\/ecorodovias-ecor3-vence-leilao-rio-governador-valadares\/#primaryimage","url":"https:\/\/files.sunoresearch.com.br\/n\/uploads\/2021\/06\/744ced6e-road-5743713_1920-jpg.webp","contentUrl":"https:\/\/files.sunoresearch.com.br\/n\/uploads\/2021\/06\/744ced6e-road-5743713_1920-jpg.webp","width":1920,"height":1280,"caption":"Motiva (MOTV3). Foto: Pixabay"},{"@type":"BreadcrumbList","@id":"https:\/\/www.suno.com.br\/noticias\/ecorodovias-ecor3-vence-leilao-rio-governador-valadares\/#breadcrumb","itemListElement":[{"@type":"ListItem","position":1,"name":"Not\u00edcias","item":"https:\/\/www.suno.com.br\/noticias\/"},{"@type":"ListItem","position":2,"name":"Neg\u00f3cios","item":"https:\/\/www.suno.com.br\/noticias\/negocios\/"},{"@type":"ListItem","position":3,"name":"EcoRodovias (ECOR3) vence leil\u00e3o rodovi\u00e1rio Rio-Governador Valadares; R$ 11,3 bi ser\u00e3o investidos"}]},{"@type":"WebSite","@id":"https:\/\/www.suno.com.br\/noticias\/#website","url":"https:\/\/www.suno.com.br\/noticias\/","name":"Suno Not\u00edcias","description":"Seu portal de informa\u00e7\u00e3o sobre o mundo dos investimentos","publisher":{"@id":"https:\/\/www.suno.com.br\/noticias\/#organization"},"potentialAction":[{"@type":"SearchAction","target":{"@type":"EntryPoint","urlTemplate":"https:\/\/www.suno.com.br\/noticias\/?s={search_term_string}"},"query-input":{"@type":"PropertyValueSpecification","valueRequired":true,"valueName":"search_term_string"}}],"inLanguage":"pt-BR"},{"@type":"Organization","@id":"https:\/\/www.suno.com.br\/noticias\/#organization","name":"Suno Not\u00edcias","url":"https:\/\/www.suno.com.br\/noticias\/","logo":{"@type":"ImageObject","inLanguage":"pt-BR","@id":"https:\/\/www.suno.com.br\/noticias\/#\/schema\/logo\/image\/","url":"https:\/\/files.sunoresearch.com.br\/n\/uploads\/2021\/09\/suno-logo.png","contentUrl":"https:\/\/files.sunoresearch.com.br\/n\/uploads\/2021\/09\/suno-logo.png","width":180,"height":180,"caption":"Suno Not\u00edcias"},"image":{"@id":"https:\/\/www.suno.com.br\/noticias\/#\/schema\/logo\/image\/"},"sameAs":["https:\/\/facebook.com\/sunoresearch","https:\/\/x.com\/sunoresearch","https:\/\/www.instagram.com\/suno","https:\/\/www.linkedin.com\/company\/suno-research\/","https:\/\/www.youtube.com\/c\/sunoresearch"]},{"@type":"Person","@id":"https:\/\/www.suno.com.br\/noticias\/#\/schema\/person\/46d847cb19ad53fde0857adca989c23f","name":"Vict\u00f3ria Anhesini","image":{"@type":"ImageObject","inLanguage":"pt-BR","@id":"https:\/\/www.suno.com.br\/noticias\/#\/schema\/person\/image\/","url":"https:\/\/secure.gravatar.com\/avatar\/0172bdfcd9129dd9dd68794804304e6e?s=96&r=g","contentUrl":"https:\/\/secure.gravatar.com\/avatar\/0172bdfcd9129dd9dd68794804304e6e?s=96&r=g","caption":"Vict\u00f3ria Anhesini"},"description":"Rep\u00f3rter no Suno Not\u00edcias, cobre mercados, neg\u00f3cios e economia, escrevendo majoritariamente sobre movimentos das empresas, cobertura de balan\u00e7os trimestrais e Bolsa de Valores. Formada em jornalismo pela Universidade Presbiteriana Mackenzie em 2019, passou pelo portal de economia e finan\u00e7as EuQueroInvestir como rep\u00f3rter e anteriormente, trabalhou na assessoria de imprensa PinePR, onde liderou com startups de inova\u00e7\u00e3o, tecnologia e finan\u00e7as. Em seu tempo livre, fala sobre m\u00fasica para ambos os sites do selo ForMusic, Wikimetal e Mad Sound, e faz trabalho volunt\u00e1rio no programa Escreve Cartas do Poupatempo.","sameAs":["https:\/\/www.linkedin.com\/in\/victoria-anhesini\/"],"url":"https:\/\/www.suno.com.br\/noticias\/author\/victoria\/"}]}},"default_loop_html":"<div class=\"cardsPage__listCard__boxs\"><div class=\"cardsPage__listCard__boxs__img\"><a href=\"https:\/\/www.suno.com.br\/noticias\/ecorodovias-ecor3-vence-leilao-rio-governador-valadares\/\"><img class=\"mask\" src=\"https:\/\/www.suno.com.br\/noticias\/wp-content\/themes\/suno\/resources\/images\/spotlight\/spotlight1img\/bg-mask.png\" alt=\"Image Mask\"\/><img src=\"https:\/\/files.sunoresearch.com.br\/n\/uploads\/2021\/06\/744ced6e-road-5743713_1920-400x200.webp\" alt=\"EcoRodovias (ECOR3) vence leil\u00e3o rodovi\u00e1rio Rio-Governador Valadares; R$ 11,3 bi ser\u00e3o investidos\"\/><\/a><span class=\"spotlightCategory\"><a href=\"https:\/\/www.suno.com.br\/noticias\/negocios\/\">Neg\u00f3cios<\/a><\/span><\/div><div class=\"cardsPage__listCard__boxs__content\"><a href=\"https:\/\/www.suno.com.br\/noticias\/ecorodovias-ecor3-vence-leilao-rio-governador-valadares\/\"><h2 class=\"content__title\">EcoRodovias (ECOR3) vence leil\u00e3o rodovi\u00e1rio Rio-Governador Valadares; R$ 11,3 bi ser\u00e3o investidos<\/h2><\/a><div class=\"newsContent__article__meta\"><div class=\"newsContent__article__meta__authorBox\"><a href=\"https:\/\/www.suno.com.br\/noticias\/author\/victoria\/\" class=\"authorBox__avatar noMobi\"><img src=\"https:\/\/files.sunoresearch.com.br\/n\/uploads\/2021\/12\/20190129VickyPINEAPPLE01-1-150x150.jpg\" alt=\"Vict\u00f3ria Anhesini\"><\/a><div class=\"authorBox__name\"><span>por\n\t\t\t<a href=\"https:\/\/www.suno.com.br\/noticias\/author\/victoria\/\"><span itemprop=\"author\">Vict\u00f3ria Anhesini<\/span><\/a><\/span><time datetime=\"2022-05-20T21:36:44-03:00\" itemprop=\"datePublished\">20\/05\/2022 21:36<\/time><\/div><\/div><\/div><\/div><\/div>","single_layout":"posts","amp_enabled":true,"_links":{"self":[{"href":"https:\/\/www.suno.com.br\/noticias\/wp-json\/wp\/v2\/posts\/260390"}],"collection":[{"href":"https:\/\/www.suno.com.br\/noticias\/wp-json\/wp\/v2\/posts"}],"about":[{"href":"https:\/\/www.suno.com.br\/noticias\/wp-json\/wp\/v2\/types\/post"}],"author":[{"embeddable":true,"href":"https:\/\/www.suno.com.br\/noticias\/wp-json\/wp\/v2\/users\/146"}],"replies":[{"embeddable":true,"href":"https:\/\/www.suno.com.br\/noticias\/wp-json\/wp\/v2\/comments?post=260390"}],"version-history":[{"count":4,"href":"https:\/\/www.suno.com.br\/noticias\/wp-json\/wp\/v2\/posts\/260390\/revisions"}],"predecessor-version":[{"id":260424,"href":"https:\/\/www.suno.com.br\/noticias\/wp-json\/wp\/v2\/posts\/260390\/revisions\/260424"}],"wp:featuredmedia":[{"embeddable":true,"href":"https:\/\/www.suno.com.br\/noticias\/wp-json\/wp\/v2\/media\/156185"}],"wp:attachment":[{"href":"https:\/\/www.suno.com.br\/noticias\/wp-json\/wp\/v2\/media?parent=260390"}],"wp:term":[{"taxonomy":"category","embeddable":true,"href":"https:\/\/www.suno.com.br\/noticias\/wp-json\/wp\/v2\/categories?post=260390"},{"taxonomy":"post_tag","embeddable":true,"href":"https:\/\/www.suno.com.br\/noticias\/wp-json\/wp\/v2\/tags?post=260390"},{"taxonomy":"suno_strategy","embeddable":true,"href":"https:\/\/www.suno.com.br\/noticias\/wp-json\/wp\/v2\/suno_strategy?post=260390"}],"curies":[{"name":"wp","href":"https:\/\/api.w.org\/{rel}","templated":true}]}}