{"id":26037,"date":"2019-05-27T10:11:18","date_gmt":"2019-05-27T13:11:18","guid":{"rendered":"https:\/\/www.suno.com.br\/noticias\/?p=26037"},"modified":"2019-05-27T10:18:08","modified_gmt":"2019-05-27T13:18:08","slug":"petrobras-comeca-venda-campos-terrestres","status":"publish","type":"post","link":"https:\/\/www.suno.com.br\/noticias\/petrobras-comeca-venda-campos-terrestres\/","title":{"rendered":"Petrobras come\u00e7a venda de 27 campos terrestres no Esp\u00edrito Santo"},"content":{"rendered":"<p>A Petrobras informou nesta segunda-feira (27) que vai dar in\u00edcio \u00e0\u00a0<strong>venda<\/strong> de participa\u00e7\u00f5es em 27 <strong>campos terrestres<\/strong> no <strong>Esp\u00edrito Santo<\/strong>. Assim, as unidades incluem instala\u00e7\u00f5es compartilhadas de escoamento e tratamento de produ\u00e7\u00e3o.<\/p>\t<div class=\"wrapper-featured-image\">\n\t\t<figure class=\"spotlightImg\">\n\n\t\t\t<picture>\n\t\t\t\t<source media=\"(max-width: 768px)\" srcset=\"https:\/\/files.sunoresearch.com.br\/n\/uploads\/2019\/05\/d7bd28e4-petrobras-400x200.webp\">\n\t\t\t\t<img loading=\"lazy\" decoding=\"async\" class=\"newsContent__article__imgCapa lazyloadDisabled newsContent__article__imgCapa--noCaption\" src=\"https:\/\/files.sunoresearch.com.br\/n\/uploads\/2019\/05\/d7bd28e4-petrobras-800x450.webp\" width=\"800\" height=\"450\" alt=\"Petrobras come\u00e7a venda de 27 campos terrestres no Esp\u00edrito Santo\" fetchpriority=high \/>\n\t\t\t<\/picture>\n\n\t\t\t<figcaption class=\"wp-caption-text wp-caption-text--hide\">Petrobras no Tribunal Superior do Trabalho (TST)<\/figcaption>\n\t\t<\/figure>\n\t<\/div>\n\n\n<p>&#8220;Essa opera\u00e7\u00e3o est\u00e1 alinhada \u00e0 otimiza\u00e7\u00e3o do portf\u00f3lio e \u00e0 melhoria de aloca\u00e7\u00e3o do capital da companhia, visando a gera\u00e7\u00e3o de valor para nossos <strong>acionistas<\/strong>&#8220;, informou a <strong>Petrobras<\/strong> em comunicado.<\/p>\n\t<p>\n\t\t<a href=\"https:\/\/lp.suno.com.br\/planilha-controle-gastos\/\" target=\"_blank\" data-element=\"shortcode-suno-banner\" title=\"Banner SUNO, clique e saiba mais\">\n\t\t\t<picture>\n\t\t\t\t<source media=\"(max-width: 500px)\" srcset=\"https:\/\/files.sunoresearch.com.br\/n\/uploads\/2023\/03\/400x300-Planilha-controle-de-gastos.png\">\n\t\t\t\t<img class=\"newsContent__article__imgCapa newsContent__article__imgCapa--banner\"\n\t\t\t\t\tsrc=\"https:\/\/files.sunoresearch.com.br\/n\/uploads\/2023\/03\/1420x240-Planilha-controle-de-gastos.png\"\n\t\t\t\t\tdata-promo-id=\"311945\"\t\t\t\t\t\t\t\t\t\twidth='1420' height='240'\t\t\t\t\talt=\"https:\/\/files.sunoresearch.com.br\/n\/uploads\/2023\/03\/1420x240-Planilha-controle-de-gastos.png\"\n\t\t\t\t>\n\t\t\t<\/picture>\n\t\t<\/a>\n\t<\/p>\n\n\n<p>A <strong>estatal<\/strong> \u00e9 operadora com 100% de participa\u00e7\u00e3o em todas as unidades. Os 27 campos produziram, em 2018, 2,8 mil barris de <strong>\u00f3leo<\/strong> por dia, em m\u00e9dia. Al\u00e9m disso, a quantidade de <strong>g\u00e1s<\/strong> chegou a 11 mil metros c\u00fabicos di\u00e1rios no mesmo per\u00edodo.<\/p>\n<p><a href=\"https:\/\/www.suno.com.br\/noticias\/petrobras-vende-ativo-da-liquigas\/\">Saiba Mais: Petrobras inicia nova fase de venda das a\u00e7\u00f5es da Liquig\u00e1s<\/a><\/p>\n<p>Com isso, a <strong>Petrobras<\/strong> abre a etapa de divulga\u00e7\u00e3o de oportunidade para a privatiza\u00e7\u00e3o dos seguintes campos:<\/p>\n<ol>\n<li>Bigu\u00e1;<\/li>\n<li>Cacimbas;<\/li>\n<li>Campo Grande;<\/li>\n<li>C\u00f3rrego Cedro Norte;<\/li>\n<li>C\u00f3rrego Cedro Norte Sul;<\/li>\n<li>C\u00f3rrego Dourado;<\/li>\n<li>C\u00f3rrego das Pedras;<\/li>\n<li>Fazenda Cedro;<\/li>\n<li>Fazenda Cedro Norte;<\/li>\n<li>Fazenda Queimada;<\/li>\n<li>Fazenda S\u00e3o Jorge;<\/li>\n<li>Guiriri;<\/li>\n<li>Inhambu;<\/li>\n<li>Jacutinga;<\/li>\n<li>Lagoa Bonita;<\/li>\n<li>Lagoa Suruaca;<\/li>\n<li>Mariricu;<\/li>\n<li>Mariricu Norte;<\/li>\n<li>Rio Ita\u00fanas;<\/li>\n<li>Rio Preto;<\/li>\n<li>Rio Preto Oeste;<\/li>\n<li>Rio Preto Sul;<\/li>\n<li>Rio S\u00e3o Mateus;<\/li>\n<li>S\u00e3o Mateus;<\/li>\n<li>S\u00e3o Mateus Leste;<\/li>\n<li>Seriema;<\/li>\n<li>Tabuiai\u00e1.<\/li>\n<\/ol>\n<p><a href=\"https:\/\/www.suno.com.br\/noticias\/petrobras-vender-participacao-breitener\/\">Saiba Mais: Petrobras vai vender participa\u00e7\u00e3o na Breitener, que det\u00e9m t\u00e9rmicas no AM<\/a><\/p>\n<h2>Petrobras vende BR<\/h2>\n<p>A Petrobras decidiu reduzir sua participa\u00e7\u00e3o na <strong>BR Distribuidora<\/strong>\u00a0na \u00faltima semana. Dessa forma, a estatal pretende diminuir de 71% para 40% sua parte na <strong>subsidi\u00e1ria<\/strong>. As informa\u00e7\u00f5es foram divulgadas pelo &#8220;<a href=\"https:\/\/braziljournal.com\/\">Brazil Journal<\/a>&#8220;.<\/p>\n<p>A opera\u00e7\u00e3o da <strong>Petrobras<\/strong> deve ser <strong>precificada<\/strong> em julho, contudo, caso ocorresse a pre\u00e7os atuais alcan\u00e7aria os R$ 8 bilh\u00f5es. De acordo com o site, os bancos que v\u00e3o coordenar a negocia\u00e7\u00e3o s\u00e3o\u00a0JP Morgan e Citigroup.<\/p>\n<p>No momento, os maiores investidores da subsidi\u00e1ria depois da <strong>Petrobras<\/strong> s\u00e3o a <strong>Previ<\/strong>, com 5% de participa\u00e7\u00e3o, e a <strong>Lazard<\/strong>, com a mesma porcentagem. Assim, a participa\u00e7\u00e3o da <strong>petroleira<\/strong>\u00a0na <strong>BR Distribuidora<\/strong> pode ir dos 71% atuais a menos de 40%.<\/p>\n<p>Dessa forma, a opera\u00e7\u00e3o \u00e9 considerada o maior desinvestimento do governo de <strong>Jair Bolsonaro<\/strong>. Isso porque a gest\u00e3o econ\u00f4mica, a cargo do ministro <strong>Paulo Guedes<\/strong>, afirma que busca a <strong>privatiza\u00e7\u00e3o<\/strong> de diversas <strong>estatais<\/strong> no Pa\u00eds.<\/p>\n<p><a href=\"https:\/\/www.suno.com.br\/noticias\/petrobras-inicia-privatizacao-br-distribuidora\/\">Saiba Mais: Petrobras inicia privatiza\u00e7\u00e3o da BR Distribuidora, diz site<\/a><\/p>\n<p>O valor de mercado da <strong>BR Distribuidora<\/strong> \u00e9 de R$ 27,7 bilh\u00f5es. Em 2018, a margem de <strong>Ebtida<\/strong> da empresa foi de R$ 62 por metro c\u00fabico. No entanto, o intuito \u00e9 alcan\u00e7ar as principais concorrentes, a <strong>Cosan<\/strong> e a <strong>Ultrapar<\/strong>. A primeira teve uma margem de <strong>Ebtida<\/strong> de R$ 107 por metro c\u00fabico, enquanto a da segunda foi de R$ 87 por metro c\u00fabico.<\/p>\n\t<p>\n\t\t<a href=\"https:\/\/lp2.suno.com.br\/pv\/eu-invisto-2026\/?utm_source=suno-noticias&#038;utm_medium=banner&#038;utm_campaign=_SNC4CCF8112_\" target=\"_blank\" data-element=\"shortcode-suno-banner\" title=\"Banner SUNO, clique e saiba mais\">\n\t\t\t<picture>\n\t\t\t\t<source media=\"(max-width: 500px)\" srcset=\"https:\/\/files.sunoresearch.com.br\/n\/uploads\/2025\/12\/Banner-Materias-01-Mbl_-400x300-1-png.webp\">\n\t\t\t\t<img class=\"newsContent__article__imgCapa newsContent__article__imgCapa--banner\"\n\t\t\t\t\tsrc=\"https:\/\/files.sunoresearch.com.br\/n\/uploads\/2025\/12\/Banner-Materias-01-Dkp_-1420x240-1-png.webp\"\n\t\t\t\t\tdata-promo-id=\"635514\"\t\t\t\t\t\t\t\t\t\twidth='1420' height='240'\t\t\t\t\talt=\"https:\/\/files.sunoresearch.com.br\/n\/uploads\/2025\/12\/Banner-Materias-01-Dkp_-1420x240-1-png.webp\"\n\t\t\t\t>\n\t\t\t<\/picture>\n\t\t<\/a>\n\t<\/p>\n\n\n<p>Dessa forma, a rea\u00e7\u00e3o do mercado \u00e9 de otimismo quanto \u00e0 <strong>privatiza\u00e7\u00e3o<\/strong> da <strong>BR<\/strong>, contudo, investidores esperam um acionista refer\u00eancia para a empresa.<\/p>\n","protected":false},"excerpt":{"rendered":"<p>A Petrobras informou nesta segunda-feira (27) que vai dar in\u00edcio \u00e0\u00a0venda de participa\u00e7\u00f5es em 27 campos terrestres no Esp\u00edrito Santo. Assim, as unidades incluem instala\u00e7\u00f5es compartilhadas de escoamento e tratamento de produ\u00e7\u00e3o. Petrobras no Tribunal Superior do Trabalho (TST) &#8220;Essa opera\u00e7\u00e3o est\u00e1 alinhada \u00e0 otimiza\u00e7\u00e3o do portf\u00f3lio e \u00e0 melhoria de aloca\u00e7\u00e3o do capital da [&hellip;]<\/p>\n","protected":false},"author":16,"featured_media":26044,"comment_status":"closed","ping_status":"closed","sticky":false,"template":"","format":"standard","meta":[],"categories":[64],"tags":[595,945],"suno_strategy":[],"class_list":["post-26037","post","type-post","status-publish","format-standard","has-post-thumbnail","hentry","category-negocios","tag-petrobras-petr4","tag-privatizacoes"],"yoast_head":"<!-- This site is optimized with the Yoast SEO plugin v24.4 - https:\/\/yoast.com\/wordpress\/plugins\/seo\/ -->\n<title>Petrobras come\u00e7a venda 27 campos terrestres no Esp\u00edrito Santo<\/title>\n<meta name=\"description\" content=\"A Petrobras inicia a etapa de divulga\u00e7\u00e3o de oportunidade para a compra dos campos terrestres no Esp\u00edrito Santo. Clique aqui e saiba mais.\" \/>\n<meta name=\"robots\" content=\"index, follow, max-snippet:-1, max-image-preview:large, max-video-preview:-1\" \/>\n<link rel=\"canonical\" href=\"https:\/\/www.suno.com.br\/noticias\/petrobras-comeca-venda-campos-terrestres\/\" \/>\n<meta property=\"og:locale\" content=\"pt_BR\" \/>\n<meta property=\"og:type\" content=\"article\" \/>\n<meta property=\"og:title\" content=\"Petrobras come\u00e7a venda 27 campos terrestres no Esp\u00edrito Santo\" \/>\n<meta property=\"og:description\" content=\"A Petrobras inicia a etapa de divulga\u00e7\u00e3o de oportunidade para a compra dos campos terrestres no Esp\u00edrito Santo. Clique aqui e saiba mais.\" \/>\n<meta property=\"og:url\" content=\"https:\/\/www.suno.com.br\/noticias\/petrobras-comeca-venda-campos-terrestres\/\" \/>\n<meta property=\"og:site_name\" content=\"Suno Not\u00edcias\" \/>\n<meta property=\"article:publisher\" content=\"https:\/\/facebook.com\/sunoresearch\" \/>\n<meta property=\"og:image\" content=\"https:\/\/files.sunoresearch.com.br\/n\/uploads\/2019\/05\/d7bd28e4-petrobras.jpg\" \/>\n\t<meta property=\"og:image:width\" content=\"1024\" \/>\n\t<meta property=\"og:image:height\" content=\"683\" \/>\n\t<meta property=\"og:image:type\" content=\"image\/jpeg\" \/>\n<meta name=\"author\" content=\"Beatriz Oliveira\" \/>\n<meta name=\"twitter:card\" content=\"summary_large_image\" \/>\n<meta name=\"twitter:creator\" content=\"@sunoresearch\" \/>\n<meta name=\"twitter:site\" content=\"@sunoresearch\" \/>\n<meta name=\"twitter:label1\" content=\"Escrito por\" \/>\n\t<meta name=\"twitter:data1\" content=\"Beatriz Oliveira\" \/>\n\t<meta name=\"twitter:label2\" content=\"Est. tempo de leitura\" \/>\n\t<meta name=\"twitter:data2\" content=\"2 minutos\" \/>\n<script type=\"application\/ld+json\" class=\"yoast-schema-graph\">{\"@context\":\"https:\/\/schema.org\",\"@graph\":[{\"@type\":\"NewsArticle\",\"@id\":\"https:\/\/www.suno.com.br\/noticias\/petrobras-comeca-venda-campos-terrestres\/#article\",\"isPartOf\":{\"@id\":\"https:\/\/www.suno.com.br\/noticias\/petrobras-comeca-venda-campos-terrestres\/\"},\"author\":{\"name\":\"Beatriz Oliveira\",\"@id\":\"https:\/\/www.suno.com.br\/noticias\/#\/schema\/person\/e67f665add014bf99f644028de070cc3\"},\"headline\":\"Petrobras come\u00e7a venda de 27 campos terrestres no Esp\u00edrito Santo\",\"datePublished\":\"2019-05-27T13:11:18+00:00\",\"dateModified\":\"2019-05-27T13:18:08+00:00\",\"mainEntityOfPage\":{\"@id\":\"https:\/\/www.suno.com.br\/noticias\/petrobras-comeca-venda-campos-terrestres\/\"},\"wordCount\":502,\"publisher\":{\"@id\":\"https:\/\/www.suno.com.br\/noticias\/#organization\"},\"image\":{\"@id\":\"https:\/\/www.suno.com.br\/noticias\/petrobras-comeca-venda-campos-terrestres\/#primaryimage\"},\"thumbnailUrl\":\"https:\/\/files.sunoresearch.com.br\/n\/uploads\/2019\/05\/d7bd28e4-petrobras-jpg.webp\",\"keywords\":[\"Petrobras (PETR4)\",\"privatiza\u00e7\u00f5es\"],\"articleSection\":[\"Neg\u00f3cios\"],\"inLanguage\":\"pt-BR\"},{\"@type\":\"WebPage\",\"@id\":\"https:\/\/www.suno.com.br\/noticias\/petrobras-comeca-venda-campos-terrestres\/\",\"url\":\"https:\/\/www.suno.com.br\/noticias\/petrobras-comeca-venda-campos-terrestres\/\",\"name\":\"Petrobras come\u00e7a venda 27 campos terrestres no Esp\u00edrito Santo\",\"isPartOf\":{\"@id\":\"https:\/\/www.suno.com.br\/noticias\/#website\"},\"primaryImageOfPage\":{\"@id\":\"https:\/\/www.suno.com.br\/noticias\/petrobras-comeca-venda-campos-terrestres\/#primaryimage\"},\"image\":{\"@id\":\"https:\/\/www.suno.com.br\/noticias\/petrobras-comeca-venda-campos-terrestres\/#primaryimage\"},\"thumbnailUrl\":\"https:\/\/files.sunoresearch.com.br\/n\/uploads\/2019\/05\/d7bd28e4-petrobras-jpg.webp\",\"datePublished\":\"2019-05-27T13:11:18+00:00\",\"dateModified\":\"2019-05-27T13:18:08+00:00\",\"description\":\"A Petrobras inicia a etapa de divulga\u00e7\u00e3o de oportunidade para a compra dos campos terrestres no Esp\u00edrito Santo. Clique aqui e saiba mais.\",\"breadcrumb\":{\"@id\":\"https:\/\/www.suno.com.br\/noticias\/petrobras-comeca-venda-campos-terrestres\/#breadcrumb\"},\"inLanguage\":\"pt-BR\",\"potentialAction\":[{\"@type\":\"ReadAction\",\"target\":[\"https:\/\/www.suno.com.br\/noticias\/petrobras-comeca-venda-campos-terrestres\/\"]}]},{\"@type\":\"ImageObject\",\"inLanguage\":\"pt-BR\",\"@id\":\"https:\/\/www.suno.com.br\/noticias\/petrobras-comeca-venda-campos-terrestres\/#primaryimage\",\"url\":\"https:\/\/files.sunoresearch.com.br\/n\/uploads\/2019\/05\/d7bd28e4-petrobras-jpg.webp\",\"contentUrl\":\"https:\/\/files.sunoresearch.com.br\/n\/uploads\/2019\/05\/d7bd28e4-petrobras-jpg.webp\",\"width\":1024,\"height\":683,\"caption\":\"Petrobras no Tribunal Superior do Trabalho (TST)\"},{\"@type\":\"BreadcrumbList\",\"@id\":\"https:\/\/www.suno.com.br\/noticias\/petrobras-comeca-venda-campos-terrestres\/#breadcrumb\",\"itemListElement\":[{\"@type\":\"ListItem\",\"position\":1,\"name\":\"Not\u00edcias\",\"item\":\"https:\/\/www.suno.com.br\/noticias\/\"},{\"@type\":\"ListItem\",\"position\":2,\"name\":\"Neg\u00f3cios\",\"item\":\"https:\/\/www.suno.com.br\/noticias\/negocios\/\"},{\"@type\":\"ListItem\",\"position\":3,\"name\":\"Petrobras come\u00e7a venda de 27 campos terrestres no Esp\u00edrito Santo\"}]},{\"@type\":\"WebSite\",\"@id\":\"https:\/\/www.suno.com.br\/noticias\/#website\",\"url\":\"https:\/\/www.suno.com.br\/noticias\/\",\"name\":\"Suno Not\u00edcias\",\"description\":\"Seu portal de informa\u00e7\u00e3o sobre o mundo dos investimentos\",\"publisher\":{\"@id\":\"https:\/\/www.suno.com.br\/noticias\/#organization\"},\"potentialAction\":[{\"@type\":\"SearchAction\",\"target\":{\"@type\":\"EntryPoint\",\"urlTemplate\":\"https:\/\/www.suno.com.br\/noticias\/?s={search_term_string}\"},\"query-input\":{\"@type\":\"PropertyValueSpecification\",\"valueRequired\":true,\"valueName\":\"search_term_string\"}}],\"inLanguage\":\"pt-BR\"},{\"@type\":\"Organization\",\"@id\":\"https:\/\/www.suno.com.br\/noticias\/#organization\",\"name\":\"Suno Not\u00edcias\",\"url\":\"https:\/\/www.suno.com.br\/noticias\/\",\"logo\":{\"@type\":\"ImageObject\",\"inLanguage\":\"pt-BR\",\"@id\":\"https:\/\/www.suno.com.br\/noticias\/#\/schema\/logo\/image\/\",\"url\":\"https:\/\/files.sunoresearch.com.br\/n\/uploads\/2021\/09\/suno-logo.png\",\"contentUrl\":\"https:\/\/files.sunoresearch.com.br\/n\/uploads\/2021\/09\/suno-logo.png\",\"width\":180,\"height\":180,\"caption\":\"Suno Not\u00edcias\"},\"image\":{\"@id\":\"https:\/\/www.suno.com.br\/noticias\/#\/schema\/logo\/image\/\"},\"sameAs\":[\"https:\/\/facebook.com\/sunoresearch\",\"https:\/\/x.com\/sunoresearch\",\"https:\/\/www.instagram.com\/suno\",\"https:\/\/www.linkedin.com\/company\/suno-research\/\",\"https:\/\/www.youtube.com\/c\/sunoresearch\"]},{\"@type\":\"Person\",\"@id\":\"https:\/\/www.suno.com.br\/noticias\/#\/schema\/person\/e67f665add014bf99f644028de070cc3\",\"name\":\"Beatriz Oliveira\",\"image\":{\"@type\":\"ImageObject\",\"inLanguage\":\"pt-BR\",\"@id\":\"https:\/\/www.suno.com.br\/noticias\/#\/schema\/person\/image\/\",\"url\":\"https:\/\/secure.gravatar.com\/avatar\/c9aa6a0aaecc598d257d5d5bd349157d?s=96&r=g\",\"contentUrl\":\"https:\/\/secure.gravatar.com\/avatar\/c9aa6a0aaecc598d257d5d5bd349157d?s=96&r=g\",\"caption\":\"Beatriz Oliveira\"},\"description\":\"Formada em Jornalismo pela Faculdade Paulus de Tecnologia e Comunica\u00e7\u00e3o, Beatriz Oliveira escreve para o portal de not\u00edcias Suno Research. Antes, passou pelas reda\u00e7\u00f5es da Revista EXAME e da Rede Bandeirantes.\",\"url\":\"https:\/\/www.suno.com.br\/noticias\/author\/beatriz\/\"}]}<\/script>\n<!-- \/ Yoast SEO plugin. -->","yoast_head_json":{"title":"Petrobras come\u00e7a venda 27 campos terrestres no Esp\u00edrito Santo","description":"A Petrobras inicia a etapa de divulga\u00e7\u00e3o de oportunidade para a compra dos campos terrestres no Esp\u00edrito Santo. Clique aqui e saiba mais.","robots":{"index":"index","follow":"follow","max-snippet":"max-snippet:-1","max-image-preview":"max-image-preview:large","max-video-preview":"max-video-preview:-1"},"canonical":"https:\/\/www.suno.com.br\/noticias\/petrobras-comeca-venda-campos-terrestres\/","og_locale":"pt_BR","og_type":"article","og_title":"Petrobras come\u00e7a venda 27 campos terrestres no Esp\u00edrito Santo","og_description":"A Petrobras inicia a etapa de divulga\u00e7\u00e3o de oportunidade para a compra dos campos terrestres no Esp\u00edrito Santo. Clique aqui e saiba mais.","og_url":"https:\/\/www.suno.com.br\/noticias\/petrobras-comeca-venda-campos-terrestres\/","og_site_name":"Suno Not\u00edcias","article_publisher":"https:\/\/facebook.com\/sunoresearch","og_image":[{"width":1024,"height":683,"url":"https:\/\/files.sunoresearch.com.br\/n\/uploads\/2019\/05\/d7bd28e4-petrobras.jpg","type":"image\/jpeg"}],"author":"Beatriz Oliveira","twitter_card":"summary_large_image","twitter_creator":"@sunoresearch","twitter_site":"@sunoresearch","twitter_misc":{"Escrito por":"Beatriz Oliveira","Est. tempo de leitura":"2 minutos"},"schema":{"@context":"https:\/\/schema.org","@graph":[{"@type":"NewsArticle","@id":"https:\/\/www.suno.com.br\/noticias\/petrobras-comeca-venda-campos-terrestres\/#article","isPartOf":{"@id":"https:\/\/www.suno.com.br\/noticias\/petrobras-comeca-venda-campos-terrestres\/"},"author":{"name":"Beatriz Oliveira","@id":"https:\/\/www.suno.com.br\/noticias\/#\/schema\/person\/e67f665add014bf99f644028de070cc3"},"headline":"Petrobras come\u00e7a venda de 27 campos terrestres no Esp\u00edrito Santo","datePublished":"2019-05-27T13:11:18+00:00","dateModified":"2019-05-27T13:18:08+00:00","mainEntityOfPage":{"@id":"https:\/\/www.suno.com.br\/noticias\/petrobras-comeca-venda-campos-terrestres\/"},"wordCount":502,"publisher":{"@id":"https:\/\/www.suno.com.br\/noticias\/#organization"},"image":{"@id":"https:\/\/www.suno.com.br\/noticias\/petrobras-comeca-venda-campos-terrestres\/#primaryimage"},"thumbnailUrl":"https:\/\/files.sunoresearch.com.br\/n\/uploads\/2019\/05\/d7bd28e4-petrobras-jpg.webp","keywords":["Petrobras (PETR4)","privatiza\u00e7\u00f5es"],"articleSection":["Neg\u00f3cios"],"inLanguage":"pt-BR"},{"@type":"WebPage","@id":"https:\/\/www.suno.com.br\/noticias\/petrobras-comeca-venda-campos-terrestres\/","url":"https:\/\/www.suno.com.br\/noticias\/petrobras-comeca-venda-campos-terrestres\/","name":"Petrobras come\u00e7a venda 27 campos terrestres no Esp\u00edrito Santo","isPartOf":{"@id":"https:\/\/www.suno.com.br\/noticias\/#website"},"primaryImageOfPage":{"@id":"https:\/\/www.suno.com.br\/noticias\/petrobras-comeca-venda-campos-terrestres\/#primaryimage"},"image":{"@id":"https:\/\/www.suno.com.br\/noticias\/petrobras-comeca-venda-campos-terrestres\/#primaryimage"},"thumbnailUrl":"https:\/\/files.sunoresearch.com.br\/n\/uploads\/2019\/05\/d7bd28e4-petrobras-jpg.webp","datePublished":"2019-05-27T13:11:18+00:00","dateModified":"2019-05-27T13:18:08+00:00","description":"A Petrobras inicia a etapa de divulga\u00e7\u00e3o de oportunidade para a compra dos campos terrestres no Esp\u00edrito Santo. Clique aqui e saiba mais.","breadcrumb":{"@id":"https:\/\/www.suno.com.br\/noticias\/petrobras-comeca-venda-campos-terrestres\/#breadcrumb"},"inLanguage":"pt-BR","potentialAction":[{"@type":"ReadAction","target":["https:\/\/www.suno.com.br\/noticias\/petrobras-comeca-venda-campos-terrestres\/"]}]},{"@type":"ImageObject","inLanguage":"pt-BR","@id":"https:\/\/www.suno.com.br\/noticias\/petrobras-comeca-venda-campos-terrestres\/#primaryimage","url":"https:\/\/files.sunoresearch.com.br\/n\/uploads\/2019\/05\/d7bd28e4-petrobras-jpg.webp","contentUrl":"https:\/\/files.sunoresearch.com.br\/n\/uploads\/2019\/05\/d7bd28e4-petrobras-jpg.webp","width":1024,"height":683,"caption":"Petrobras no Tribunal Superior do Trabalho (TST)"},{"@type":"BreadcrumbList","@id":"https:\/\/www.suno.com.br\/noticias\/petrobras-comeca-venda-campos-terrestres\/#breadcrumb","itemListElement":[{"@type":"ListItem","position":1,"name":"Not\u00edcias","item":"https:\/\/www.suno.com.br\/noticias\/"},{"@type":"ListItem","position":2,"name":"Neg\u00f3cios","item":"https:\/\/www.suno.com.br\/noticias\/negocios\/"},{"@type":"ListItem","position":3,"name":"Petrobras come\u00e7a venda de 27 campos terrestres no Esp\u00edrito Santo"}]},{"@type":"WebSite","@id":"https:\/\/www.suno.com.br\/noticias\/#website","url":"https:\/\/www.suno.com.br\/noticias\/","name":"Suno Not\u00edcias","description":"Seu portal de informa\u00e7\u00e3o sobre o mundo dos investimentos","publisher":{"@id":"https:\/\/www.suno.com.br\/noticias\/#organization"},"potentialAction":[{"@type":"SearchAction","target":{"@type":"EntryPoint","urlTemplate":"https:\/\/www.suno.com.br\/noticias\/?s={search_term_string}"},"query-input":{"@type":"PropertyValueSpecification","valueRequired":true,"valueName":"search_term_string"}}],"inLanguage":"pt-BR"},{"@type":"Organization","@id":"https:\/\/www.suno.com.br\/noticias\/#organization","name":"Suno Not\u00edcias","url":"https:\/\/www.suno.com.br\/noticias\/","logo":{"@type":"ImageObject","inLanguage":"pt-BR","@id":"https:\/\/www.suno.com.br\/noticias\/#\/schema\/logo\/image\/","url":"https:\/\/files.sunoresearch.com.br\/n\/uploads\/2021\/09\/suno-logo.png","contentUrl":"https:\/\/files.sunoresearch.com.br\/n\/uploads\/2021\/09\/suno-logo.png","width":180,"height":180,"caption":"Suno Not\u00edcias"},"image":{"@id":"https:\/\/www.suno.com.br\/noticias\/#\/schema\/logo\/image\/"},"sameAs":["https:\/\/facebook.com\/sunoresearch","https:\/\/x.com\/sunoresearch","https:\/\/www.instagram.com\/suno","https:\/\/www.linkedin.com\/company\/suno-research\/","https:\/\/www.youtube.com\/c\/sunoresearch"]},{"@type":"Person","@id":"https:\/\/www.suno.com.br\/noticias\/#\/schema\/person\/e67f665add014bf99f644028de070cc3","name":"Beatriz Oliveira","image":{"@type":"ImageObject","inLanguage":"pt-BR","@id":"https:\/\/www.suno.com.br\/noticias\/#\/schema\/person\/image\/","url":"https:\/\/secure.gravatar.com\/avatar\/c9aa6a0aaecc598d257d5d5bd349157d?s=96&r=g","contentUrl":"https:\/\/secure.gravatar.com\/avatar\/c9aa6a0aaecc598d257d5d5bd349157d?s=96&r=g","caption":"Beatriz Oliveira"},"description":"Formada em Jornalismo pela Faculdade Paulus de Tecnologia e Comunica\u00e7\u00e3o, Beatriz Oliveira escreve para o portal de not\u00edcias Suno Research. Antes, passou pelas reda\u00e7\u00f5es da Revista EXAME e da Rede Bandeirantes.","url":"https:\/\/www.suno.com.br\/noticias\/author\/beatriz\/"}]}},"default_loop_html":"<div class=\"cardsPage__listCard__boxs\"><div class=\"cardsPage__listCard__boxs__img\"><a href=\"https:\/\/www.suno.com.br\/noticias\/petrobras-comeca-venda-campos-terrestres\/\"><img class=\"mask\" src=\"https:\/\/www.suno.com.br\/noticias\/wp-content\/themes\/suno\/resources\/images\/spotlight\/spotlight1img\/bg-mask.png\" alt=\"Image Mask\"\/><img src=\"https:\/\/files.sunoresearch.com.br\/n\/uploads\/2019\/05\/d7bd28e4-petrobras-400x200.webp\" alt=\"Petrobras come\u00e7a venda de 27 campos terrestres no Esp\u00edrito Santo\"\/><\/a><span class=\"spotlightCategory\"><a href=\"https:\/\/www.suno.com.br\/noticias\/negocios\/\">Neg\u00f3cios<\/a><\/span><\/div><div class=\"cardsPage__listCard__boxs__content\"><a href=\"https:\/\/www.suno.com.br\/noticias\/petrobras-comeca-venda-campos-terrestres\/\"><h2 class=\"content__title\">Petrobras come\u00e7a venda de 27 campos terrestres no Esp\u00edrito Santo<\/h2><\/a><div class=\"newsContent__article__meta\"><div class=\"newsContent__article__meta__authorBox\"><a href=\"https:\/\/www.suno.com.br\/noticias\/author\/beatriz\/\" class=\"authorBox__avatar noMobi\"><img src=\"https:\/\/secure.gravatar.com\/avatar\/c9aa6a0aaecc598d257d5d5bd349157d?s=96&#038;r=g\" alt=\"Beatriz Oliveira\"><\/a><div class=\"authorBox__name\"><span>por\n\t\t\t<a href=\"https:\/\/www.suno.com.br\/noticias\/author\/beatriz\/\"><span itemprop=\"author\">Beatriz Oliveira<\/span><\/a><\/span><time datetime=\"2019-05-27T10:11:18-03:00\" itemprop=\"datePublished\">27\/05\/2019 10:11<\/time><\/div><\/div><\/div><\/div><\/div>","single_layout":"posts","amp_enabled":true,"_links":{"self":[{"href":"https:\/\/www.suno.com.br\/noticias\/wp-json\/wp\/v2\/posts\/26037"}],"collection":[{"href":"https:\/\/www.suno.com.br\/noticias\/wp-json\/wp\/v2\/posts"}],"about":[{"href":"https:\/\/www.suno.com.br\/noticias\/wp-json\/wp\/v2\/types\/post"}],"author":[{"embeddable":true,"href":"https:\/\/www.suno.com.br\/noticias\/wp-json\/wp\/v2\/users\/16"}],"replies":[{"embeddable":true,"href":"https:\/\/www.suno.com.br\/noticias\/wp-json\/wp\/v2\/comments?post=26037"}],"version-history":[{"count":0,"href":"https:\/\/www.suno.com.br\/noticias\/wp-json\/wp\/v2\/posts\/26037\/revisions"}],"wp:featuredmedia":[{"embeddable":true,"href":"https:\/\/www.suno.com.br\/noticias\/wp-json\/wp\/v2\/media\/26044"}],"wp:attachment":[{"href":"https:\/\/www.suno.com.br\/noticias\/wp-json\/wp\/v2\/media?parent=26037"}],"wp:term":[{"taxonomy":"category","embeddable":true,"href":"https:\/\/www.suno.com.br\/noticias\/wp-json\/wp\/v2\/categories?post=26037"},{"taxonomy":"post_tag","embeddable":true,"href":"https:\/\/www.suno.com.br\/noticias\/wp-json\/wp\/v2\/tags?post=26037"},{"taxonomy":"suno_strategy","embeddable":true,"href":"https:\/\/www.suno.com.br\/noticias\/wp-json\/wp\/v2\/suno_strategy?post=26037"}],"curies":[{"name":"wp","href":"https:\/\/api.w.org\/{rel}","templated":true}]}}