{"id":260171,"date":"2022-05-20T11:34:45","date_gmt":"2022-05-20T14:34:45","guid":{"rendered":"https:\/\/www.suno.com.br\/noticias\/?p=260171"},"modified":"2022-05-20T16:25:18","modified_gmt":"2022-05-20T19:25:18","slug":"bolsonaro-elon-musk-amazonia","status":"publish","type":"post","link":"https:\/\/www.suno.com.br\/noticias\/bolsonaro-elon-musk-amazonia\/","title":{"rendered":"Elon Musk se encontra com Bolsonaro no interior de SP e discute projeto na Amaz\u00f4nia"},"content":{"rendered":"<p>O presidente Jair Bolsonaro se encontrou hoje no hotel de luxo <strong>Fasano Boa Vista<\/strong>, em Porto Feliz, interior de S\u00e3o Paulo, com o bilion\u00e1rio americano <strong><a class=\"suno-keyword\" href=\"https:\/\/www.suno.com.br\/tudo-sobre\/elon-musk\/\" target=\"_blank\" rel=\"noopener\" data-force=\"no\" data-priority=\"2\">Elon Musk<\/a><\/strong>. O dono da <strong>Tesla<\/strong> (TSLA34), que negocia uma opera\u00e7\u00e3o para comprar o Twitter (TWTR34), veio ao Brasil para discutir um projeto envolvendo sat\u00e9lites e programas de acesso \u00e0 internet na Amaz\u00f4nia. A Ag\u00eancia Nacional de Telecomunica\u00e7\u00f5es (Anatel) deu aval \u00e0 Starlink, empresa de Musk, para operar sat\u00e9lites de \u00f3rbita baixa no Brasil, mas a opera\u00e7\u00e3o ainda n\u00e3o foi iniciada.<\/p><div class=\"videoFull \">\n\t\t\t<div class=\"videoWrapper yt-lazyload center\"\n\t\t\t\tdata-width=\"960\"\n\t\t\t\tdata-height=\"540\"\n\t\t\t\tdata-id=\"xmiAJFUAsTQ\"\n\t\t\t\tdata-alt=\"V\u00eddeo do YouTube - clique para reproduzir\"\n\t\t\t\tdata-logo=\"3\"\n\t\t\t\tdata-imagequality=\"maxres\">\n\t\t\t<\/div>\n\t\t<\/div><script type=\"application\/ld+json\">{\"@context\":\"https:\/\/schema.org\",\"@type\":\"VideoObject\",\"name\":\"ELON MUSK E BOLSONARO: ENCONTRO ACONTECE HOJE \/ Banco Central da China corta juros e anima mercados\",\"description\":\"\u2728 \ud835\uddd7\ud835\uddd8\ud835\uddd6\ud835\udddf\ud835\uddd4\ud835\udde5\ud835\uddd4\u00c7\u00c3\ud835\udde2 \ud835\uddd4\ud835\udde1\ud835\udde8\ud835\uddd4\ud835\udddf \ud835\uddd7\ud835\uddd8 \ud835\udddc\ud835\udde0\ud835\udde3\ud835\udde2\ud835\udde6\ud835\udde7\ud835\udde2 \ud835\uddd7\ud835\uddd8 \ud835\udde5\ud835\uddd8\ud835\udde1\ud835\uddd7\ud835\uddd4 \ud835\udde6\ud835\uddd8\ud835\udde0 \ud835\uddd8\ud835\udde5\ud835\udde5\ud835\udde2? \ud835\uddd6\ud835\udde2\ud835\udde1\ud835\uddd9\ud835\udddc\ud835\udde5\ud835\uddd4\ud83d\udc49 https:\/\/lp.suno.com.br\/lm\/facilidades-de-apoio-para-declaracao-ir\/?utm_source=youtube.noticias&utm_medium=video&utm_campaign=suno:plataformacontadoradabolsa.20220516 \ud83d\udcca \ud835\udc00\ud835\udc29\ud835\udc2b\ud835\udc1e\ud835\udc27\ud835\udc1d\ud835\udc1a \ud835\udc1c\ud835\udc28\ud835\udc26\ud835\udc28 \ud835\udc1a\ud835\udc27\ud835\udc1a\ud835\udc25\ud835\udc22\ud835\udc2c\ud835\udc1a\ud835\udc2b \ud835\udc2e\ud835\udc26\ud835\udc1a \ud835\udc1a\u00e7\u00e3\ud835\udc28 [\ud835\udc04\ud835\udc01\ud835\udc0e\ud835\udc0e\ud835\udc0a \ud835\udc06\ud835\udc11\ud835\udc00\ud835\udc13\ud835\udc14\ud835\udc08\ud835\udc13\ud835\udc0e] \ud83d\udc49 https:\/\/lp.suno.com.br\/ebook-como-analisar-uma-acao\/?utm_source=youtube.noticias&utm_medium=video&utm_campaign=ebookcomoanalisarumaacao.20220307&utm_content= ELON MUSK E BOLSONARO: ENCONTRO ACONTECE HOJE \/ Banco Central da China corta juros e anima mercados | MORNING CALL | 20\/05 | Sexta-feira #ElonMusk #Bolsonaro #China #Juros #Ibovespa #SunoNot\u00edcias #Not\u00edcias #MorningCall Os \u00edndices\u2026\",\"duration\":\"PT15M12S\",\"embedUrl\":\"https:\/\/www.youtube.com\/embed\/xmiAJFUAsTQ\",\"regionsAllowed\":\"pt-BR\",\"interactionStatistic\":{\"@type\":\"InteractionCounter\",\"interactionType\":{\"@type\":\"WatchAction\"},\"userInteractionCount\":2286},\"thumbnailUrl\":\"https:\/\/i.ytimg.com\/vi\/xmiAJFUAsTQ\/default.jpg\",\"uploadDate\":\"2022-05-20T12:19:30Z\"}<\/script>\n\n\t<p>\n\t\t<a href=\"https:\/\/lp.suno.com.br\/planilha-controle-gastos\/\" target=\"_blank\" data-element=\"shortcode-suno-banner\" title=\"Banner SUNO, clique e saiba mais\">\n\t\t\t<picture>\n\t\t\t\t<source media=\"(max-width: 500px)\" srcset=\"https:\/\/files.sunoresearch.com.br\/n\/uploads\/2023\/03\/400x300-Planilha-controle-de-gastos.png\">\n\t\t\t\t<img class=\"newsContent__article__imgCapa newsContent__article__imgCapa--banner\"\n\t\t\t\t\tsrc=\"https:\/\/files.sunoresearch.com.br\/n\/uploads\/2023\/03\/1420x240-Planilha-controle-de-gastos.png\"\n\t\t\t\t\tdata-promo-id=\"101751\"\t\t\t\t\t\t\t\t\t\twidth='1420' height='240'\t\t\t\t\talt=\"https:\/\/files.sunoresearch.com.br\/n\/uploads\/2023\/03\/1420x240-Planilha-controle-de-gastos.png\"\n\t\t\t\t>\n\t\t\t<\/picture>\n\t\t<\/a>\n\t<\/p>\n\n\n<p>Acompanham a comitiva presidencial no encontro com<strong> Elon Musk no Brasil<\/strong>\u00a0os ministros F\u00e1bio Faria (Comunica\u00e7\u00f5es), Carlos Fran\u00e7a (Rela\u00e7\u00f5es Exteriores), Augusto Heleno (Gabinete de Seguran\u00e7a Institucional) e Ciro Nogueira (Casa Civil).<\/p>\n<p>O encontro, que n\u00e3o consta da agenda oficial do presidente, acontece pr\u00f3ximo do &#8220;<strong>Conecta Amaz\u00f4nia<\/strong>&#8220;, evento para discutir marcos regulat\u00f3rios, regula\u00e7\u00e3o na Amaz\u00f4nia e conectividade nas escolas.<\/p>\n<p>Em transmiss\u00e3o ao vivo nas redes sociais, Bolsonaro disse hoje que teria um encontro reservado com uma &#8220;pessoa muito importante, reconhecida no mundo todo&#8221; nesta sexta-feira. &#8220;Essa pessoa veio para ajudar nossa Amaz\u00f4nia&#8221;, afirmou o presidente, sem revelar a identidade.<\/p>\n<p>Bolsonaro encheu o empres\u00e1rio de elogios em discurso no hotel em Porto Feliz, segundo reportagem do G1: &#8220;O exemplo que nos deu quando se anunciou a compra do Twitter, para n\u00f3s aqui \u00e9 como um sopro de esperan\u00e7a. O mundo todo passa por pessoas que t\u00eam vontade de roubar essa liberdade de n\u00f3s, a liberdade \u00e9 a semente para o futuro. \u00c9 um mito da liberdade.&#8221;<\/p>\n\t<p>\n\t\t<a href=\"\" target=\"_blank\" data-element=\"shortcode-suno-banner\" title=\"Banner SUNO, clique e saiba mais\">\n\t\t\t<picture>\n\t\t\t\t<source media=\"(max-width: 500px)\" srcset=\"\">\n\t\t\t\t<img class=\"newsContent__article__imgCapa newsContent__article__imgCapa--banner\"\n\t\t\t\t\tsrc=\"\"\n\t\t\t\t\tdata-promo-id=\"138420\"\t\t\t\t\t\t\t\t\t\t\t\t\t\t\talt=\"\"\n\t\t\t\t>\n\t\t\t<\/picture>\n\t\t<\/a>\n\t<\/p>\n\n\n<p>Antes de embarcar para Porto Feliz, Bolsonaro participou, das 6h30 \u00e0s 7h30, de caf\u00e9 da manh\u00e3 com mulheres empreendedoras do Movimento Escolas Abertas. Ap\u00f3s o encontro com Musk, segue para Curitiba, onde participar\u00e1 no s\u00e1bado da Marcha para Jesus.<\/p>\n<blockquote class=\"twitter-tweet\" data-width=\"550\" data-dnt=\"true\">\n<p lang=\"pt\" dir=\"ltr\">-Conversei h\u00e1 pouco com <a href=\"https:\/\/twitter.com\/elonmusk?ref_src=twsrc%5Etfw\">@elonmusk<\/a> , que visita o Brasil a convite do Ministro <a href=\"https:\/\/twitter.com\/fabiofaria?ref_src=twsrc%5Etfw\">@fabiofaria<\/a> . Entre outros assuntos, tratamos de conectividade, investimentos, inova\u00e7\u00e3o e o uso da tecnologia como refor\u00e7o na prote\u00e7\u00e3o de nossa Amaz\u00f4nia e na realiza\u00e7\u00e3o do potencial econ\u00f4mico do Brasil. <a href=\"https:\/\/t.co\/mijIdgvJS5\">pic.twitter.com\/mijIdgvJS5<\/a><\/p>\n<p>&mdash; Jair M. Bolsonaro (@jairbolsonaro) <a href=\"https:\/\/twitter.com\/jairbolsonaro\/status\/1527673136065429504?ref_src=twsrc%5Etfw\">May 20, 2022<\/a><\/p><\/blockquote>\n<p><script async src=\"https:\/\/platform.twitter.com\/widgets.js\" charset=\"utf-8\"><\/script><\/p>\n<p>Bolsonaro ignorou os interesses empresariais de Musk e afirmou, ap\u00f3s se encontrar com o dono da Tesla e da Starlink, que a visita do empres\u00e1rio \u00e9 de cortesia, e n\u00e3o de neg\u00f3cios.<\/p>\n<p>Al\u00e9m de Bolsonaro, Musk conversou com o ministro das Comunica\u00e7\u00f5es, F\u00e1bio Faria, e com o ministro da Casa Civil, Ciro Nogueira.<\/p>\n<p>Bolsonaro ainda renovou afagos ao bilion\u00e1rio. &#8220;O que mais nos chamou a aten\u00e7\u00e3o foi sua preocupa\u00e7\u00e3o com a Amaz\u00f4nia de verdade&#8221;, declarou o presidente. &#8220;Tanto \u00e9 que quando voc\u00ea comprou o Twitter muita gente aqui no Brasil foi como se fosse um grito de independ\u00eancia&#8221;, acrescentou. &#8220;Nosso governo trabalhar\u00e1 para encarnar o seu esp\u00edrito, da import\u00e2ncia da liberdade de todos n\u00f3s.&#8221;<\/p>\n<h2>Parceria entre governo e Elon Musk tem como objetivo internet em lugares de dif\u00edcil acesso<\/h2>\n<p>Em novembro do ano passado, o ministro das Comunica\u00e7\u00f5es, F\u00e1bio Faria, se encontrou com o fundador da SpaceX. Pelas redes sociais, o ministro havia dito que a presen\u00e7a de Elon Musk aconteceria em breve no Brasil para &#8220;conectarmos as escolas rurais e protegermos a Amaz\u00f4nia utilizando a tecnologia da SpaceX\/<strong>Starlink<\/strong>&#8220;.<\/p>\n<p>&#8220;Estamos trabalhando para fechar essa importante parceria entre o governo brasileiro e a empresa SpaceX. Queremos aliar a tecnologia desenvolvida por eles com o programa Wi-Fi Brasil do Minist\u00e9rio das Comunica\u00e7\u00f5es. O nosso objetivo \u00e9 levar a internet para \u00e1rea rurais e lugares remotos, al\u00e9m de ajudar no controle de inc\u00eandios e desmatamentos ilegais na floresta amaz\u00f4nica&#8221;, explicou Faria em nota.<\/p>\n<p>Na manh\u00e3 desta sexta-feira, o bilion\u00e1rio<strong> CEO da Tesla<\/strong> publicou em seu Twitter que estava &#8220;super animado&#8221; por estar no Brasil.<\/p>\n<blockquote class=\"twitter-tweet\">\n<p dir=\"ltr\" lang=\"en\">Super excited to be in Brazil for launch of Starlink for 19,000 unconnected schools in rural areas &amp; environmental monitoring of Amazon! \ud83c\udde7\ud83c\uddf7 \ud83c\udf33 \ud83d\udef0 \u2665\ufe0f<\/p>\n<p>\u2014 Elon Musk (@elonmusk) <a href=\"https:\/\/twitter.com\/elonmusk\/status\/1527645516258955266?ref_src=twsrc%5Etfw\">May 20, 2022<\/a><\/p><\/blockquote>\n<p><script async src=\"https:\/\/platform.twitter.com\/widgets.js\" charset=\"utf-8\"><\/script><\/p>\n<p>&#8220;Super animado por estar no Brasil para o lan\u00e7amento do Starlink para 19 mil escolas desconectadas em \u00e1reas rurais e monitoramento ambiental da Amaz\u00f4nia!&#8221;, escreveu Elon Musk.<\/p>\n<h2>Entenda o que \u00e9 o projeto que envolve sat\u00e9lites de Elon Musk operando no Brasil<\/h2>\n<p>A reuni\u00e3o de<strong> Elon Musk<\/strong> <strong>com Bolsonaro<\/strong>, no interior paulista, envolve um projeto da Starlink, empresa de Musk, para operar sat\u00e9lites de \u00f3rbita baixa no Brasil.<\/p>\n<p>O ministro da Comunica\u00e7\u00f5es, F\u00e1bio Faria, teve encontro com Elon Musk em dezembro do ano passado para tratar do projeto.<\/p>\n<blockquote class=\"twitter-tweet\" data-width=\"550\" data-dnt=\"true\">\n<p lang=\"pt\" dir=\"ltr\">Vamos al\u00e9m!! P\u00e1tria Amada Conectada! \ud83c\udde7\ud83c\uddf7\ud83d\ude80\ud83c\udf33 <a href=\"https:\/\/twitter.com\/jairbolsonaro?ref_src=twsrc%5Etfw\">@jairbolsonaro<\/a> <a href=\"https:\/\/twitter.com\/elonmusk?ref_src=twsrc%5Etfw\">@elonmusk<\/a> <a href=\"https:\/\/t.co\/o65BvNQ2UB\">pic.twitter.com\/o65BvNQ2UB<\/a><\/p>\n<p>&mdash; F\u00e1bio Faria \ud83c\udde7\ud83c\uddf7\ud83c\udde7\ud83c\uddf7\ud83c\udde7\ud83c\uddf7 (@fabiofaria) <a href=\"https:\/\/twitter.com\/fabiofaria\/status\/1527669702905954305?ref_src=twsrc%5Etfw\">May 20, 2022<\/a><\/p><\/blockquote>\n<p><script async src=\"https:\/\/platform.twitter.com\/widgets.js\" charset=\"utf-8\"><\/script><\/p>\n<p>Segundo o ministro, o governo federal quer utilizar sat\u00e9lites de \u00f3rbita baixa para levar internet para \u00e1reas rurais e lugares remotos, al\u00e9m de ajudar no controle de inc\u00eandios e desmatamentos ilegais na floresta amaz\u00f4nica.<\/p>\n<p>A internet da Starlink, de acordo com informa\u00e7\u00f5es da empresa, funciona enviando informa\u00e7\u00f5es atrav\u00e9s do v\u00e1cuo do espa\u00e7o, onde se desloca mais rapidamente do que em cabos de fibra \u00f3ptica, o que a torna mais acess\u00edvel a mais pessoas e locais.<\/p>\n<h2><b>Constela\u00e7\u00e3o de sat\u00e9lites<\/b><\/h2>\n<p>Segundo a Starlink, enquanto a maioria dos servi\u00e7os de internet por sat\u00e9lite atuais s\u00e3o possibilitados por sat\u00e9lites geoestacion\u00e1rios simples que orbitam o planeta a cerca de 35 mil km de altitude, a Starlink \u00e9 uma constela\u00e7\u00e3o de v\u00e1rios sat\u00e9lites que orbitam o planeta a uma dist\u00e2ncia mais pr\u00f3xima da Terra, a cerca de 550 km.<\/p>\n<p>Uma vez que est\u00e3o em baixa \u00f3rbita, o tempo de envio e recep\u00e7\u00e3o de dados entre o utilizador e o sat\u00e9lite &#8211; a lat\u00eancia &#8211; \u00e9 muito menor do que com sat\u00e9lites em \u00f3rbita geoestacion\u00e1ria, diz a empresa. O direito de explora\u00e7\u00e3o pela Starlink, de <strong>Elon Musk<\/strong>, no Brasil deve valer at\u00e9 2027.<\/p>\n<p class=\"newsProviderSignature\"><em>(Com informa\u00e7\u00f5es do Estad\u00e3o Conte\u00fado)<\/em><\/p>\n\t<p>\n\t\t<a href=\"https:\/\/lp.suno.com.br\/planilha-de-controle-de-investimentos\/\" target=\"_blank\" data-element=\"shortcode-suno-banner\" title=\"Banner SUNO, clique e saiba mais\">\n\t\t\t<picture>\n\t\t\t\t<source media=\"(max-width: 500px)\" srcset=\"https:\/\/files.sunoresearch.com.br\/n\/uploads\/2023\/03\/400x300-Controle-de-Investimentos.png\">\n\t\t\t\t<img class=\"newsContent__article__imgCapa newsContent__article__imgCapa--banner\"\n\t\t\t\t\tsrc=\"https:\/\/files.sunoresearch.com.br\/n\/uploads\/2023\/03\/1420x240-Controle-de-Investimentos.png\"\n\t\t\t\t\tdata-promo-id=\"75934\"\t\t\t\t\t\t\t\t\t\twidth='1420' height='240'\t\t\t\t\talt=\"https:\/\/files.sunoresearch.com.br\/n\/uploads\/2023\/03\/1420x240-Controle-de-Investimentos.png\"\n\t\t\t\t>\n\t\t\t<\/picture>\n\t\t<\/a>\n\t<\/p>\n\n\n","protected":false},"excerpt":{"rendered":"<p>O presidente Jair Bolsonaro se encontrou hoje no hotel de luxo Fasano Boa Vista, em Porto Feliz, interior de S\u00e3o Paulo, com o bilion\u00e1rio americano Elon Musk. O dono da Tesla (TSLA34), que negocia uma opera\u00e7\u00e3o para comprar o Twitter (TWTR34), veio ao Brasil para discutir um projeto envolvendo sat\u00e9lites e programas de acesso \u00e0 [&hellip;]<\/p>\n","protected":false},"author":15,"featured_media":260261,"comment_status":"closed","ping_status":"closed","sticky":false,"template":"","format":"standard","meta":[],"categories":[64],"tags":[726,719,727,1110],"suno_strategy":[],"class_list":["post-260171","post","type-post","status-publish","format-standard","has-post-thumbnail","hentry","category-negocios","tag-elon-musk","tag-jair-bolsonaro","tag-tesla-tsla34","tag-twitter-twtr34"],"yoast_head":"<!-- This site is optimized with the Yoast SEO plugin v24.4 - https:\/\/yoast.com\/wordpress\/plugins\/seo\/ -->\n<title>Elon Musk se re\u00fane com Bolsonaro em SP e discute projeto na Amaz\u00f4nia<\/title>\n<meta name=\"description\" content=\"Parceria entre governo de Bolsonaro e Elon Musk tem como objetivo internet e prote\u00e7\u00e3o da Amaz\u00f4nia. Para saber mais clique aqui\" \/>\n<meta name=\"robots\" content=\"index, follow, max-snippet:-1, max-image-preview:large, max-video-preview:-1\" \/>\n<link rel=\"canonical\" href=\"https:\/\/www.suno.com.br\/noticias\/bolsonaro-elon-musk-amazonia\/\" \/>\n<meta property=\"og:locale\" content=\"pt_BR\" \/>\n<meta property=\"og:type\" content=\"article\" \/>\n<meta property=\"og:title\" content=\"Elon Musk se re\u00fane com Bolsonaro em SP e discute projeto na Amaz\u00f4nia\" \/>\n<meta property=\"og:description\" content=\"Parceria entre governo de Bolsonaro e Elon Musk tem como objetivo internet e prote\u00e7\u00e3o da Amaz\u00f4nia. Para saber mais clique aqui\" \/>\n<meta property=\"og:url\" content=\"https:\/\/www.suno.com.br\/noticias\/bolsonaro-elon-musk-amazonia\/\" \/>\n<meta property=\"og:site_name\" content=\"Suno Not\u00edcias\" \/>\n<meta property=\"article:publisher\" content=\"https:\/\/facebook.com\/sunoresearch\" \/>\n<meta property=\"og:image\" content=\"https:\/\/files.sunoresearch.com.br\/n\/uploads\/2022\/05\/design-sem-nome-45-1.webp\" \/>\n\t<meta property=\"og:image:width\" content=\"1920\" \/>\n\t<meta property=\"og:image:height\" content=\"1080\" \/>\n\t<meta property=\"og:image:type\" content=\"image\/webp\" \/>\n<meta name=\"author\" content=\"Poliana Santos\" \/>\n<meta name=\"twitter:card\" content=\"summary_large_image\" \/>\n<meta name=\"twitter:creator\" content=\"@sunoresearch\" \/>\n<meta name=\"twitter:site\" content=\"@sunoresearch\" \/>\n<meta name=\"twitter:label1\" content=\"Escrito por\" \/>\n\t<meta name=\"twitter:data1\" content=\"Poliana Santos\" \/>\n\t<meta name=\"twitter:label2\" content=\"Est. tempo de leitura\" \/>\n\t<meta name=\"twitter:data2\" content=\"4 minutos\" \/>\n<script type=\"application\/ld+json\" class=\"yoast-schema-graph\">{\"@context\":\"https:\/\/schema.org\",\"@graph\":[{\"@type\":\"NewsArticle\",\"@id\":\"https:\/\/www.suno.com.br\/noticias\/bolsonaro-elon-musk-amazonia\/#article\",\"isPartOf\":{\"@id\":\"https:\/\/www.suno.com.br\/noticias\/bolsonaro-elon-musk-amazonia\/\"},\"author\":{\"name\":\"Poliana Santos\",\"@id\":\"https:\/\/www.suno.com.br\/noticias\/#\/schema\/person\/02ec1f752758247878a2bf4abee1aeda\"},\"headline\":\"Elon Musk se encontra com Bolsonaro no interior de SP e discute projeto na Amaz\u00f4nia\",\"datePublished\":\"2022-05-20T14:34:45+00:00\",\"dateModified\":\"2022-05-20T19:25:18+00:00\",\"mainEntityOfPage\":{\"@id\":\"https:\/\/www.suno.com.br\/noticias\/bolsonaro-elon-musk-amazonia\/\"},\"wordCount\":984,\"publisher\":{\"@id\":\"https:\/\/www.suno.com.br\/noticias\/#organization\"},\"image\":{\"@id\":\"https:\/\/www.suno.com.br\/noticias\/bolsonaro-elon-musk-amazonia\/#primaryimage\"},\"thumbnailUrl\":\"https:\/\/files.sunoresearch.com.br\/n\/uploads\/2022\/05\/design-sem-nome-45-1.webp\",\"keywords\":[\"Elon Musk\",\"Jair Bolsonaro\",\"Tesla (TSLA34)\",\"Twitter (TWTR34)\"],\"articleSection\":[\"Neg\u00f3cios\"],\"inLanguage\":\"pt-BR\"},{\"@type\":\"WebPage\",\"@id\":\"https:\/\/www.suno.com.br\/noticias\/bolsonaro-elon-musk-amazonia\/\",\"url\":\"https:\/\/www.suno.com.br\/noticias\/bolsonaro-elon-musk-amazonia\/\",\"name\":\"Elon Musk se re\u00fane com Bolsonaro em SP e discute projeto na Amaz\u00f4nia\",\"isPartOf\":{\"@id\":\"https:\/\/www.suno.com.br\/noticias\/#website\"},\"primaryImageOfPage\":{\"@id\":\"https:\/\/www.suno.com.br\/noticias\/bolsonaro-elon-musk-amazonia\/#primaryimage\"},\"image\":{\"@id\":\"https:\/\/www.suno.com.br\/noticias\/bolsonaro-elon-musk-amazonia\/#primaryimage\"},\"thumbnailUrl\":\"https:\/\/files.sunoresearch.com.br\/n\/uploads\/2022\/05\/design-sem-nome-45-1.webp\",\"datePublished\":\"2022-05-20T14:34:45+00:00\",\"dateModified\":\"2022-05-20T19:25:18+00:00\",\"description\":\"Parceria entre governo de Bolsonaro e Elon Musk tem como objetivo internet e prote\u00e7\u00e3o da Amaz\u00f4nia. Para saber mais clique aqui\",\"breadcrumb\":{\"@id\":\"https:\/\/www.suno.com.br\/noticias\/bolsonaro-elon-musk-amazonia\/#breadcrumb\"},\"inLanguage\":\"pt-BR\",\"potentialAction\":[{\"@type\":\"ReadAction\",\"target\":[\"https:\/\/www.suno.com.br\/noticias\/bolsonaro-elon-musk-amazonia\/\"]}]},{\"@type\":\"ImageObject\",\"inLanguage\":\"pt-BR\",\"@id\":\"https:\/\/www.suno.com.br\/noticias\/bolsonaro-elon-musk-amazonia\/#primaryimage\",\"url\":\"https:\/\/files.sunoresearch.com.br\/n\/uploads\/2022\/05\/design-sem-nome-45-1.webp\",\"contentUrl\":\"https:\/\/files.sunoresearch.com.br\/n\/uploads\/2022\/05\/design-sem-nome-45-1.webp\",\"width\":1920,\"height\":1080,\"caption\":\"Bolsonaro e Musk. Foto: Ag\u00eancia Brasil\"},{\"@type\":\"BreadcrumbList\",\"@id\":\"https:\/\/www.suno.com.br\/noticias\/bolsonaro-elon-musk-amazonia\/#breadcrumb\",\"itemListElement\":[{\"@type\":\"ListItem\",\"position\":1,\"name\":\"Not\u00edcias\",\"item\":\"https:\/\/www.suno.com.br\/noticias\/\"},{\"@type\":\"ListItem\",\"position\":2,\"name\":\"Neg\u00f3cios\",\"item\":\"https:\/\/www.suno.com.br\/noticias\/negocios\/\"},{\"@type\":\"ListItem\",\"position\":3,\"name\":\"Elon Musk se encontra com Bolsonaro no interior de SP e discute projeto na Amaz\u00f4nia\"}]},{\"@type\":\"WebSite\",\"@id\":\"https:\/\/www.suno.com.br\/noticias\/#website\",\"url\":\"https:\/\/www.suno.com.br\/noticias\/\",\"name\":\"Suno Not\u00edcias\",\"description\":\"Seu portal de informa\u00e7\u00e3o sobre o mundo dos investimentos\",\"publisher\":{\"@id\":\"https:\/\/www.suno.com.br\/noticias\/#organization\"},\"potentialAction\":[{\"@type\":\"SearchAction\",\"target\":{\"@type\":\"EntryPoint\",\"urlTemplate\":\"https:\/\/www.suno.com.br\/noticias\/?s={search_term_string}\"},\"query-input\":{\"@type\":\"PropertyValueSpecification\",\"valueRequired\":true,\"valueName\":\"search_term_string\"}}],\"inLanguage\":\"pt-BR\"},{\"@type\":\"Organization\",\"@id\":\"https:\/\/www.suno.com.br\/noticias\/#organization\",\"name\":\"Suno Not\u00edcias\",\"url\":\"https:\/\/www.suno.com.br\/noticias\/\",\"logo\":{\"@type\":\"ImageObject\",\"inLanguage\":\"pt-BR\",\"@id\":\"https:\/\/www.suno.com.br\/noticias\/#\/schema\/logo\/image\/\",\"url\":\"https:\/\/files.sunoresearch.com.br\/n\/uploads\/2021\/09\/suno-logo.png\",\"contentUrl\":\"https:\/\/files.sunoresearch.com.br\/n\/uploads\/2021\/09\/suno-logo.png\",\"width\":180,\"height\":180,\"caption\":\"Suno Not\u00edcias\"},\"image\":{\"@id\":\"https:\/\/www.suno.com.br\/noticias\/#\/schema\/logo\/image\/\"},\"sameAs\":[\"https:\/\/facebook.com\/sunoresearch\",\"https:\/\/x.com\/sunoresearch\",\"https:\/\/www.instagram.com\/suno\",\"https:\/\/www.linkedin.com\/company\/suno-research\/\",\"https:\/\/www.youtube.com\/c\/sunoresearch\"]},{\"@type\":\"Person\",\"@id\":\"https:\/\/www.suno.com.br\/noticias\/#\/schema\/person\/02ec1f752758247878a2bf4abee1aeda\",\"name\":\"Poliana Santos\",\"image\":{\"@type\":\"ImageObject\",\"inLanguage\":\"pt-BR\",\"@id\":\"https:\/\/www.suno.com.br\/noticias\/#\/schema\/person\/image\/\",\"url\":\"https:\/\/secure.gravatar.com\/avatar\/0645bd32f23d87b2130f2b2dff1d3f8d?s=96&r=g\",\"contentUrl\":\"https:\/\/secure.gravatar.com\/avatar\/0645bd32f23d87b2130f2b2dff1d3f8d?s=96&r=g\",\"caption\":\"Poliana Santos\"},\"description\":\"Rep\u00f3rter no Suno Not\u00edcias, com cobertura em mercado financeiro, economia, finan\u00e7as pessoais, renda fixa e varejo. Jornalista formada pela Faculdade C\u00e1sper L\u00edbero e possui passagem na R\u00e1dio Gazeta AM com a produ\u00e7\u00e3o de conte\u00fado sobre economia, pol\u00edtica, sa\u00fade, moda e m\u00fasica. Possui certificado de conclus\u00e3o do curso de An\u00e1lise de Balan\u00e7os pela Funda\u00e7\u00e3o Bradesco, Agenda Brasil pela FAAP, Educa\u00e7\u00e3o Pol\u00edtica por Alexandre Garcia e do Tesouro Direto e Mercado de A\u00e7\u00f5es pela B3.\",\"url\":\"https:\/\/www.suno.com.br\/noticias\/author\/poliana-santos\/\"}]}<\/script>\n<!-- \/ Yoast SEO plugin. -->","yoast_head_json":{"title":"Elon Musk se re\u00fane com Bolsonaro em SP e discute projeto na Amaz\u00f4nia","description":"Parceria entre governo de Bolsonaro e Elon Musk tem como objetivo internet e prote\u00e7\u00e3o da Amaz\u00f4nia. Para saber mais clique aqui","robots":{"index":"index","follow":"follow","max-snippet":"max-snippet:-1","max-image-preview":"max-image-preview:large","max-video-preview":"max-video-preview:-1"},"canonical":"https:\/\/www.suno.com.br\/noticias\/bolsonaro-elon-musk-amazonia\/","og_locale":"pt_BR","og_type":"article","og_title":"Elon Musk se re\u00fane com Bolsonaro em SP e discute projeto na Amaz\u00f4nia","og_description":"Parceria entre governo de Bolsonaro e Elon Musk tem como objetivo internet e prote\u00e7\u00e3o da Amaz\u00f4nia. Para saber mais clique aqui","og_url":"https:\/\/www.suno.com.br\/noticias\/bolsonaro-elon-musk-amazonia\/","og_site_name":"Suno Not\u00edcias","article_publisher":"https:\/\/facebook.com\/sunoresearch","og_image":[{"width":1920,"height":1080,"url":"https:\/\/files.sunoresearch.com.br\/n\/uploads\/2022\/05\/design-sem-nome-45-1.webp","type":"image\/webp"}],"author":"Poliana Santos","twitter_card":"summary_large_image","twitter_creator":"@sunoresearch","twitter_site":"@sunoresearch","twitter_misc":{"Escrito por":"Poliana Santos","Est. tempo de leitura":"4 minutos"},"schema":{"@context":"https:\/\/schema.org","@graph":[{"@type":"NewsArticle","@id":"https:\/\/www.suno.com.br\/noticias\/bolsonaro-elon-musk-amazonia\/#article","isPartOf":{"@id":"https:\/\/www.suno.com.br\/noticias\/bolsonaro-elon-musk-amazonia\/"},"author":{"name":"Poliana Santos","@id":"https:\/\/www.suno.com.br\/noticias\/#\/schema\/person\/02ec1f752758247878a2bf4abee1aeda"},"headline":"Elon Musk se encontra com Bolsonaro no interior de SP e discute projeto na Amaz\u00f4nia","datePublished":"2022-05-20T14:34:45+00:00","dateModified":"2022-05-20T19:25:18+00:00","mainEntityOfPage":{"@id":"https:\/\/www.suno.com.br\/noticias\/bolsonaro-elon-musk-amazonia\/"},"wordCount":984,"publisher":{"@id":"https:\/\/www.suno.com.br\/noticias\/#organization"},"image":{"@id":"https:\/\/www.suno.com.br\/noticias\/bolsonaro-elon-musk-amazonia\/#primaryimage"},"thumbnailUrl":"https:\/\/files.sunoresearch.com.br\/n\/uploads\/2022\/05\/design-sem-nome-45-1.webp","keywords":["Elon Musk","Jair Bolsonaro","Tesla (TSLA34)","Twitter (TWTR34)"],"articleSection":["Neg\u00f3cios"],"inLanguage":"pt-BR"},{"@type":"WebPage","@id":"https:\/\/www.suno.com.br\/noticias\/bolsonaro-elon-musk-amazonia\/","url":"https:\/\/www.suno.com.br\/noticias\/bolsonaro-elon-musk-amazonia\/","name":"Elon Musk se re\u00fane com Bolsonaro em SP e discute projeto na Amaz\u00f4nia","isPartOf":{"@id":"https:\/\/www.suno.com.br\/noticias\/#website"},"primaryImageOfPage":{"@id":"https:\/\/www.suno.com.br\/noticias\/bolsonaro-elon-musk-amazonia\/#primaryimage"},"image":{"@id":"https:\/\/www.suno.com.br\/noticias\/bolsonaro-elon-musk-amazonia\/#primaryimage"},"thumbnailUrl":"https:\/\/files.sunoresearch.com.br\/n\/uploads\/2022\/05\/design-sem-nome-45-1.webp","datePublished":"2022-05-20T14:34:45+00:00","dateModified":"2022-05-20T19:25:18+00:00","description":"Parceria entre governo de Bolsonaro e Elon Musk tem como objetivo internet e prote\u00e7\u00e3o da Amaz\u00f4nia. Para saber mais clique aqui","breadcrumb":{"@id":"https:\/\/www.suno.com.br\/noticias\/bolsonaro-elon-musk-amazonia\/#breadcrumb"},"inLanguage":"pt-BR","potentialAction":[{"@type":"ReadAction","target":["https:\/\/www.suno.com.br\/noticias\/bolsonaro-elon-musk-amazonia\/"]}]},{"@type":"ImageObject","inLanguage":"pt-BR","@id":"https:\/\/www.suno.com.br\/noticias\/bolsonaro-elon-musk-amazonia\/#primaryimage","url":"https:\/\/files.sunoresearch.com.br\/n\/uploads\/2022\/05\/design-sem-nome-45-1.webp","contentUrl":"https:\/\/files.sunoresearch.com.br\/n\/uploads\/2022\/05\/design-sem-nome-45-1.webp","width":1920,"height":1080,"caption":"Bolsonaro e Musk. Foto: Ag\u00eancia Brasil"},{"@type":"BreadcrumbList","@id":"https:\/\/www.suno.com.br\/noticias\/bolsonaro-elon-musk-amazonia\/#breadcrumb","itemListElement":[{"@type":"ListItem","position":1,"name":"Not\u00edcias","item":"https:\/\/www.suno.com.br\/noticias\/"},{"@type":"ListItem","position":2,"name":"Neg\u00f3cios","item":"https:\/\/www.suno.com.br\/noticias\/negocios\/"},{"@type":"ListItem","position":3,"name":"Elon Musk se encontra com Bolsonaro no interior de SP e discute projeto na Amaz\u00f4nia"}]},{"@type":"WebSite","@id":"https:\/\/www.suno.com.br\/noticias\/#website","url":"https:\/\/www.suno.com.br\/noticias\/","name":"Suno Not\u00edcias","description":"Seu portal de informa\u00e7\u00e3o sobre o mundo dos investimentos","publisher":{"@id":"https:\/\/www.suno.com.br\/noticias\/#organization"},"potentialAction":[{"@type":"SearchAction","target":{"@type":"EntryPoint","urlTemplate":"https:\/\/www.suno.com.br\/noticias\/?s={search_term_string}"},"query-input":{"@type":"PropertyValueSpecification","valueRequired":true,"valueName":"search_term_string"}}],"inLanguage":"pt-BR"},{"@type":"Organization","@id":"https:\/\/www.suno.com.br\/noticias\/#organization","name":"Suno Not\u00edcias","url":"https:\/\/www.suno.com.br\/noticias\/","logo":{"@type":"ImageObject","inLanguage":"pt-BR","@id":"https:\/\/www.suno.com.br\/noticias\/#\/schema\/logo\/image\/","url":"https:\/\/files.sunoresearch.com.br\/n\/uploads\/2021\/09\/suno-logo.png","contentUrl":"https:\/\/files.sunoresearch.com.br\/n\/uploads\/2021\/09\/suno-logo.png","width":180,"height":180,"caption":"Suno Not\u00edcias"},"image":{"@id":"https:\/\/www.suno.com.br\/noticias\/#\/schema\/logo\/image\/"},"sameAs":["https:\/\/facebook.com\/sunoresearch","https:\/\/x.com\/sunoresearch","https:\/\/www.instagram.com\/suno","https:\/\/www.linkedin.com\/company\/suno-research\/","https:\/\/www.youtube.com\/c\/sunoresearch"]},{"@type":"Person","@id":"https:\/\/www.suno.com.br\/noticias\/#\/schema\/person\/02ec1f752758247878a2bf4abee1aeda","name":"Poliana Santos","image":{"@type":"ImageObject","inLanguage":"pt-BR","@id":"https:\/\/www.suno.com.br\/noticias\/#\/schema\/person\/image\/","url":"https:\/\/secure.gravatar.com\/avatar\/0645bd32f23d87b2130f2b2dff1d3f8d?s=96&r=g","contentUrl":"https:\/\/secure.gravatar.com\/avatar\/0645bd32f23d87b2130f2b2dff1d3f8d?s=96&r=g","caption":"Poliana Santos"},"description":"Rep\u00f3rter no Suno Not\u00edcias, com cobertura em mercado financeiro, economia, finan\u00e7as pessoais, renda fixa e varejo. Jornalista formada pela Faculdade C\u00e1sper L\u00edbero e possui passagem na R\u00e1dio Gazeta AM com a produ\u00e7\u00e3o de conte\u00fado sobre economia, pol\u00edtica, sa\u00fade, moda e m\u00fasica. Possui certificado de conclus\u00e3o do curso de An\u00e1lise de Balan\u00e7os pela Funda\u00e7\u00e3o Bradesco, Agenda Brasil pela FAAP, Educa\u00e7\u00e3o Pol\u00edtica por Alexandre Garcia e do Tesouro Direto e Mercado de A\u00e7\u00f5es pela B3.","url":"https:\/\/www.suno.com.br\/noticias\/author\/poliana-santos\/"}]}},"default_loop_html":"<div class=\"cardsPage__listCard__boxs\"><div class=\"cardsPage__listCard__boxs__img\"><a href=\"https:\/\/www.suno.com.br\/noticias\/bolsonaro-elon-musk-amazonia\/\"><img class=\"mask\" src=\"https:\/\/www.suno.com.br\/noticias\/wp-content\/themes\/suno\/resources\/images\/spotlight\/spotlight1img\/bg-mask.png\" alt=\"Image Mask\"\/><img src=\"https:\/\/files.sunoresearch.com.br\/n\/uploads\/2022\/05\/design-sem-nome-45-1-400x200.webp\" alt=\"Elon Musk se encontra com Bolsonaro no interior de SP e discute projeto na Amaz\u00f4nia\"\/><\/a><span class=\"spotlightCategory\"><a href=\"https:\/\/www.suno.com.br\/noticias\/negocios\/\">Neg\u00f3cios<\/a><\/span><\/div><div class=\"cardsPage__listCard__boxs__content\"><a href=\"https:\/\/www.suno.com.br\/noticias\/bolsonaro-elon-musk-amazonia\/\"><h2 class=\"content__title\">Elon Musk se encontra com Bolsonaro no interior de SP e discute projeto na Amaz\u00f4nia<\/h2><\/a><div class=\"newsContent__article__meta\"><div class=\"newsContent__article__meta__authorBox\"><a href=\"https:\/\/www.suno.com.br\/noticias\/author\/poliana-santos\/\" class=\"authorBox__avatar noMobi\"><img src=\"https:\/\/files.sunoresearch.com.br\/n\/uploads\/2020\/08\/7ef34026-whatsapp-image-2020-08-03-at-12.37.57-150x150.webp\" alt=\"Poliana Santos\"><\/a><div class=\"authorBox__name\"><span>por\n\t\t\t<a href=\"https:\/\/www.suno.com.br\/noticias\/author\/poliana-santos\/\"><span itemprop=\"author\">Poliana Santos<\/span><\/a><\/span><time datetime=\"2022-05-20T11:34:45-03:00\" itemprop=\"datePublished\">20\/05\/2022 11:34<\/time><\/div><\/div><\/div><\/div><\/div>","single_layout":"posts","amp_enabled":true,"_links":{"self":[{"href":"https:\/\/www.suno.com.br\/noticias\/wp-json\/wp\/v2\/posts\/260171"}],"collection":[{"href":"https:\/\/www.suno.com.br\/noticias\/wp-json\/wp\/v2\/posts"}],"about":[{"href":"https:\/\/www.suno.com.br\/noticias\/wp-json\/wp\/v2\/types\/post"}],"author":[{"embeddable":true,"href":"https:\/\/www.suno.com.br\/noticias\/wp-json\/wp\/v2\/users\/15"}],"replies":[{"embeddable":true,"href":"https:\/\/www.suno.com.br\/noticias\/wp-json\/wp\/v2\/comments?post=260171"}],"version-history":[{"count":4,"href":"https:\/\/www.suno.com.br\/noticias\/wp-json\/wp\/v2\/posts\/260171\/revisions"}],"predecessor-version":[{"id":260325,"href":"https:\/\/www.suno.com.br\/noticias\/wp-json\/wp\/v2\/posts\/260171\/revisions\/260325"}],"wp:featuredmedia":[{"embeddable":true,"href":"https:\/\/www.suno.com.br\/noticias\/wp-json\/wp\/v2\/media\/260261"}],"wp:attachment":[{"href":"https:\/\/www.suno.com.br\/noticias\/wp-json\/wp\/v2\/media?parent=260171"}],"wp:term":[{"taxonomy":"category","embeddable":true,"href":"https:\/\/www.suno.com.br\/noticias\/wp-json\/wp\/v2\/categories?post=260171"},{"taxonomy":"post_tag","embeddable":true,"href":"https:\/\/www.suno.com.br\/noticias\/wp-json\/wp\/v2\/tags?post=260171"},{"taxonomy":"suno_strategy","embeddable":true,"href":"https:\/\/www.suno.com.br\/noticias\/wp-json\/wp\/v2\/suno_strategy?post=260171"}],"curies":[{"name":"wp","href":"https:\/\/api.w.org\/{rel}","templated":true}]}}