{"id":26015,"date":"2019-05-27T09:25:56","date_gmt":"2019-05-27T12:25:56","guid":{"rendered":"https:\/\/www.suno.com.br\/noticias\/?p=26015"},"modified":"2019-05-27T09:30:49","modified_gmt":"2019-05-27T12:30:49","slug":"dolar-27052019","status":"publish","type":"post","link":"https:\/\/www.suno.com.br\/noticias\/dolar-27052019\/","title":{"rendered":"D\u00f3lar em queda; Manifesta\u00e7\u00e3o pr\u00f3-Bolsonaro \u00e9 avaliada pelo mercado"},"content":{"rendered":"<p>O d\u00f3lar inicia a semana em queda. Nesta segunda-feira (27), a moeda norte-americana registra um recuo de -0,14% sendo negociada a R$ 4,011.<\/p>\t<div class=\"wrapper-featured-image\">\n\t\t<figure class=\"spotlightImg\">\n\n\t\t\t<picture>\n\t\t\t\t<source media=\"(max-width: 768px)\" srcset=\"https:\/\/files.sunoresearch.com.br\/n\/uploads\/2019\/05\/1eaa8e9c-d\u00f3lar-400x200.webp\">\n\t\t\t\t<img loading=\"lazy\" decoding=\"async\" class=\"newsContent__article__imgCapa lazyloadDisabled newsContent__article__imgCapa--noCaption\" src=\"https:\/\/files.sunoresearch.com.br\/n\/uploads\/2019\/05\/1eaa8e9c-d\u00f3lar-800x450.webp\" width=\"800\" height=\"450\" alt=\"D\u00f3lar em queda; Manifesta\u00e7\u00e3o pr\u00f3-Bolsonaro \u00e9 avaliada pelo mercado\" fetchpriority=high \/>\n\t\t\t<\/picture>\n\n\t\t\t<figcaption class=\"wp-caption-text wp-caption-text--hide\">D\u00f3lar em queda; Manifesta\u00e7\u00f5es pr\u00f3-Bolsonaro \u00e9 avaliada pelo mercado<\/figcaption>\n\t\t<\/figure>\n\t<\/div>\n\n\n<p>Na \u00faltima sexta (24), o <strong>d\u00f3lar<\/strong> foi impactado pelo avan\u00e7o da <strong>Medida Provis\u00f3ria 870 na C\u00e2mara<\/strong> dos Deputados. Al\u00e9m disso, a moeda foi movimentadas pelas declara\u00e7\u00f5es do presidente norte-americano, <strong>Donald Trump<\/strong>, sobre a guerra comercial.<\/p>\n\t<p>\n\t\t<a href=\"https:\/\/lp.suno.com.br\/plataforma-de-controle-de-investimentos\/\" target=\"_blank\" data-element=\"shortcode-suno-banner\" title=\"Banner SUNO, clique e saiba mais\">\n\t\t\t<picture>\n\t\t\t\t<source media=\"(max-width: 500px)\" srcset=\"https:\/\/files.sunoresearch.com.br\/n\/uploads\/2023\/03\/400x300-Controle-de-Investimentos.png\">\n\t\t\t\t<img class=\"newsContent__article__imgCapa newsContent__article__imgCapa--banner\"\n\t\t\t\t\tsrc=\"https:\/\/files.sunoresearch.com.br\/n\/uploads\/2023\/03\/1420x240-Controle-de-Investimentos.png\"\n\t\t\t\t\tdata-promo-id=\"383162\"\t\t\t\t\t\t\t\t\t\twidth='1420' height='240'\t\t\t\t\talt=\"https:\/\/files.sunoresearch.com.br\/n\/uploads\/2023\/03\/1420x240-Controle-de-Investimentos.png\"\n\t\t\t\t>\n\t\t\t<\/picture>\n\t\t<\/a>\n\t<\/p>\n\n\n<p>Nesta segunda, os investidores devem ficar atentos as movimenta\u00e7\u00f5es do mercado em rela\u00e7\u00e3o as <strong>manifesta\u00e7\u00f5es<\/strong> que aconteceram no \u00faltimo domingo (26) em todo o pa\u00eds a favor do governo do presidente <strong>Jair<\/strong> <strong>Bolsonaro<\/strong>.<\/p>\n<h2>Manifesta\u00e7\u00f5es pr\u00f3 Bolsonaro<\/h2>\n<p>No \u00faltimo domingo (26), foram realizados atos em apoio ao presidente Jair Bolsonaro e suas pautas.<\/p>\n<p>As principais pautas defendidas foram:<\/p>\n<ul>\n<li>Reforma da <strong>Previd\u00eancia;<\/strong><\/li>\n<li>Pacote <strong>anticrime<\/strong> de S\u00e9rgio Moro;<\/li>\n<li>Apoio \u00e0 <strong>Lava Jato<\/strong> e combate \u00e0 corrup\u00e7\u00e3o;<\/li>\n<li>Perman\u00eancia do <strong>Coaf<\/strong> no minist\u00e9rio da Justi\u00e7a;<\/li>\n<li>Apoio ao presidente contra o chamado &#8220;<strong>Centr\u00e3o<\/strong>&#8220;;<\/li>\n<li>Volta da <strong>CPI<\/strong> da Lava Toga.<\/li>\n<\/ul>\n<p>Bolsonaro n\u00e3o compareceu a nenhum dos atos que aconteceram em todo o Brasil. No entanto, o presidente afirmou durante um culto, na\u00a0<strong>Igreja Atitude<\/strong>, na Zona Oeste do Rio de Janeiro,\u00a0\u00a0que as <strong>manifesta\u00e7\u00f5es<\/strong> em seu apoio s\u00e3o &#8220;um recado \u00e0queles que teimam com velhas pr\u00e1ticas&#8221;.<\/p>\n<p><a href=\"https:\/\/www.suno.com.br\/noticias\/atos-apoio-bolsonaro-pais-domingo\/\">Saiba mais:\u00a0Atos em apoio a Bolsonaro j\u00e1 t\u00eam in\u00edcio pelo pa\u00eds neste domingo<\/a><\/p>\n<p><strong>Bolsonaro<\/strong> afirmou ainda que pela primeira vez na hist\u00f3ria, o Brasil tem um presidente que est\u00e1 cumprindo o que prometeu na campanha. &#8220;Pela primeira vez na hist\u00f3ria do Brasil os senhores t\u00eam um <strong>presidente<\/strong> eleito que est\u00e1 cumprindo o que prometeu durante campanha. Se estou aqui, \u00e9 porque acredito nessa na\u00e7\u00e3o&#8221;, disse no culto.<\/p>\n<p>Contudo, os movimentos a favor do presidente carregam certo perigo, de acordo com analistas. Isso porque as <strong>manifesta\u00e7\u00f5es <\/strong>podem tomar rumos que podem n\u00e3o trazer muitos benef\u00edcios ao governo. Por isso, as atos dividiram os setores e entidades da direta.<\/p>\n<h2>Medida Provis\u00f3ria 870<\/h2>\n<p>O l\u00edder do PSL no Senado, senador Major Ol\u00edmpio (SP), afirmou que vai apresentar um pedido de destaque durante a vota\u00e7\u00e3o da <strong>Medida Provis\u00f3ria 870\/2019<\/strong>, que deve acontecer nesta ter\u00e7a-feira (28), para manter o <strong>Coaf<\/strong> sob o comando do Minist\u00e9rio da Justi\u00e7a e Seguran\u00e7a P\u00fablica.<\/p>\n<p>De acordo com o presidente do Senado, <strong>Davi Alcolumbre<\/strong>, a validade da Medida Provis\u00f3ria corre risco caso haja altera\u00e7\u00e3o no Senado, tendo em vista que ela perde a validade em 3 de junho.<\/p>\n\t<p>\n\t\t<a href=\"https:\/\/lp.suno.com.br\/planilha-controle-gastos\/\" target=\"_blank\" data-element=\"shortcode-suno-banner\" title=\"Banner SUNO, clique e saiba mais\">\n\t\t\t<picture>\n\t\t\t\t<source media=\"(max-width: 500px)\" srcset=\"https:\/\/files.sunoresearch.com.br\/n\/uploads\/2023\/03\/400x300-Planilha-controle-de-gastos.png\">\n\t\t\t\t<img class=\"newsContent__article__imgCapa newsContent__article__imgCapa--banner\"\n\t\t\t\t\tsrc=\"https:\/\/files.sunoresearch.com.br\/n\/uploads\/2023\/03\/1420x240-Planilha-controle-de-gastos.png\"\n\t\t\t\t\tdata-promo-id=\"102417\"\t\t\t\t\t\t\t\t\t\twidth='1420' height='240'\t\t\t\t\talt=\"https:\/\/files.sunoresearch.com.br\/n\/uploads\/2023\/03\/1420x240-Planilha-controle-de-gastos.png\"\n\t\t\t\t>\n\t\t\t<\/picture>\n\t\t<\/a>\n\t<\/p>\n\n\n<h2>Guerra comercial<\/h2>\n<p>O presidente dos Estados Unidos, <strong>Donald Trump<\/strong>, afirmou nesta segunda, no Jap\u00e3o, que seu governo ainda n\u00e3o est\u00e1 pronto para fechar um <strong>acordo comercial<\/strong> com a <strong>China<\/strong>. No entanto, ele disse que acredita que os dois pa\u00edses chegar\u00e3o a um entendimento em algum momento no futuro.<\/p>\n<p>Ao lado do primeiro-ministro japon\u00eas, Shinzo Abe, durante entrevista, Trump falou sobre o <strong>desequil\u00edbrio<\/strong> <strong>comercial<\/strong> com o Jap\u00e3o, afirmando que tamb\u00e9m fechar\u00e1 um acordo com <strong>T\u00f3quio<\/strong>.<\/p>\n<h2>\u00daltima cota\u00e7\u00e3o<\/h2>\n<p>Na \u00faltima sexta-feira (24), o <strong>d\u00f3lar<\/strong> registrou uma queda de 0,776% sendo negociado a R$ 4,016 na venda.<\/p>\n\t<p>\n\t\t<a href=\"https:\/\/lp2.suno.com.br\/onde-investir-2026?utm_campaign=_SNC094D2575_rs.ein26&#038;utm_source=suno.com.br&#038;utm_medium=banner.noticias\" target=\"_blank\" data-element=\"shortcode-suno-banner\" title=\"Banner SUNO, clique e saiba mais\">\n\t\t\t<picture>\n\t\t\t\t<source media=\"(max-width: 500px)\" srcset=\"https:\/\/files.sunoresearch.com.br\/n\/uploads\/2026\/01\/Banner-Materias-01-Mbl_-400x300-1-png.webp\">\n\t\t\t\t<img class=\"newsContent__article__imgCapa newsContent__article__imgCapa--banner\"\n\t\t\t\t\tsrc=\"https:\/\/files.sunoresearch.com.br\/n\/uploads\/2026\/01\/Banner-Materias-01-Dkp_-1420x240-1-png.webp\"\n\t\t\t\t\tdata-promo-id=\"638391\"\t\t\t\t\t\t\t\t\t\twidth='1420' height='240'\t\t\t\t\talt=\"https:\/\/files.sunoresearch.com.br\/n\/uploads\/2026\/01\/Banner-Materias-01-Dkp_-1420x240-1-png.webp\"\n\t\t\t\t>\n\t\t\t<\/picture>\n\t\t<\/a>\n\t<\/p>\n\n\n","protected":false},"excerpt":{"rendered":"<p>O d\u00f3lar inicia a semana em queda. Nesta segunda-feira (27), a moeda norte-americana registra um recuo de -0,14% sendo negociada a R$ 4,011. D\u00f3lar em queda; Manifesta\u00e7\u00f5es pr\u00f3-Bolsonaro \u00e9 avaliada pelo mercado Na \u00faltima sexta (24), o d\u00f3lar foi impactado pelo avan\u00e7o da Medida Provis\u00f3ria 870 na C\u00e2mara dos Deputados. Al\u00e9m disso, a moeda foi [&hellip;]<\/p>\n","protected":false},"author":11,"featured_media":26031,"comment_status":"closed","ping_status":"closed","sticky":false,"template":"","format":"standard","meta":[],"categories":[60],"tags":[326],"suno_strategy":[],"class_list":["post-26015","post","type-post","status-publish","format-standard","has-post-thumbnail","hentry","category-mercado","tag-dolar"],"yoast_head":"<!-- This site is optimized with the Yoast SEO plugin v24.4 - https:\/\/yoast.com\/wordpress\/plugins\/seo\/ -->\n<title>D\u00f3lar em queda; Manifesta\u00e7\u00e3o pr\u00f3-Bolsonaro \u00e9 avaliada pelo mercado<\/title>\n<meta name=\"description\" content=\"O d\u00f3lar iniciou a manh\u00e3 desta segunda com uma queda de 0,14%; \u00c0s 9h20 a moeda era negociada a R$ 4,011. Clique para saber mais.\" \/>\n<meta name=\"robots\" content=\"index, follow, max-snippet:-1, max-image-preview:large, max-video-preview:-1\" \/>\n<link rel=\"canonical\" href=\"https:\/\/www.suno.com.br\/noticias\/dolar-27052019\/\" \/>\n<meta property=\"og:locale\" content=\"pt_BR\" \/>\n<meta property=\"og:type\" content=\"article\" \/>\n<meta property=\"og:title\" content=\"D\u00f3lar em queda; Manifesta\u00e7\u00e3o pr\u00f3-Bolsonaro \u00e9 avaliada pelo mercado\" \/>\n<meta property=\"og:description\" content=\"O d\u00f3lar iniciou a manh\u00e3 desta segunda com uma queda de 0,14%; \u00c0s 9h20 a moeda era negociada a R$ 4,011. Clique para saber mais.\" \/>\n<meta property=\"og:url\" content=\"https:\/\/www.suno.com.br\/noticias\/dolar-27052019\/\" \/>\n<meta property=\"og:site_name\" content=\"Suno Not\u00edcias\" \/>\n<meta property=\"article:publisher\" content=\"https:\/\/facebook.com\/sunoresearch\" \/>\n<meta property=\"og:image\" content=\"https:\/\/files.sunoresearch.com.br\/n\/uploads\/2019\/05\/1eaa8e9c-d\u00f3lar.jpg\" \/>\n\t<meta property=\"og:image:width\" content=\"1140\" \/>\n\t<meta property=\"og:image:height\" content=\"760\" \/>\n\t<meta property=\"og:image:type\" content=\"image\/jpeg\" \/>\n<meta name=\"author\" content=\"Renan Bandeira\" \/>\n<meta name=\"twitter:card\" content=\"summary_large_image\" \/>\n<meta name=\"twitter:creator\" content=\"@sunoresearch\" \/>\n<meta name=\"twitter:site\" content=\"@sunoresearch\" \/>\n<meta name=\"twitter:label1\" content=\"Escrito por\" \/>\n\t<meta name=\"twitter:data1\" content=\"Renan Bandeira\" \/>\n\t<meta name=\"twitter:label2\" content=\"Est. tempo de leitura\" \/>\n\t<meta name=\"twitter:data2\" content=\"3 minutos\" \/>\n<script type=\"application\/ld+json\" class=\"yoast-schema-graph\">{\"@context\":\"https:\/\/schema.org\",\"@graph\":[{\"@type\":\"NewsArticle\",\"@id\":\"https:\/\/www.suno.com.br\/noticias\/dolar-27052019\/#article\",\"isPartOf\":{\"@id\":\"https:\/\/www.suno.com.br\/noticias\/dolar-27052019\/\"},\"author\":{\"name\":\"Renan Bandeira\",\"@id\":\"https:\/\/www.suno.com.br\/noticias\/#\/schema\/person\/fc144a1c6108bd1dcd43784e88a3c138\"},\"headline\":\"D\u00f3lar em queda; Manifesta\u00e7\u00e3o pr\u00f3-Bolsonaro \u00e9 avaliada pelo mercado\",\"datePublished\":\"2019-05-27T12:25:56+00:00\",\"dateModified\":\"2019-05-27T12:30:49+00:00\",\"mainEntityOfPage\":{\"@id\":\"https:\/\/www.suno.com.br\/noticias\/dolar-27052019\/\"},\"wordCount\":540,\"publisher\":{\"@id\":\"https:\/\/www.suno.com.br\/noticias\/#organization\"},\"image\":{\"@id\":\"https:\/\/www.suno.com.br\/noticias\/dolar-27052019\/#primaryimage\"},\"thumbnailUrl\":\"https:\/\/files.sunoresearch.com.br\/n\/uploads\/2019\/05\/1eaa8e9c-d\u00f3lar-jpg.webp\",\"keywords\":[\"d\u00f3lar\"],\"articleSection\":[\"Mercado\"],\"inLanguage\":\"pt-BR\"},{\"@type\":\"WebPage\",\"@id\":\"https:\/\/www.suno.com.br\/noticias\/dolar-27052019\/\",\"url\":\"https:\/\/www.suno.com.br\/noticias\/dolar-27052019\/\",\"name\":\"D\u00f3lar em queda; Manifesta\u00e7\u00e3o pr\u00f3-Bolsonaro \u00e9 avaliada pelo mercado\",\"isPartOf\":{\"@id\":\"https:\/\/www.suno.com.br\/noticias\/#website\"},\"primaryImageOfPage\":{\"@id\":\"https:\/\/www.suno.com.br\/noticias\/dolar-27052019\/#primaryimage\"},\"image\":{\"@id\":\"https:\/\/www.suno.com.br\/noticias\/dolar-27052019\/#primaryimage\"},\"thumbnailUrl\":\"https:\/\/files.sunoresearch.com.br\/n\/uploads\/2019\/05\/1eaa8e9c-d\u00f3lar-jpg.webp\",\"datePublished\":\"2019-05-27T12:25:56+00:00\",\"dateModified\":\"2019-05-27T12:30:49+00:00\",\"description\":\"O d\u00f3lar iniciou a manh\u00e3 desta segunda com uma queda de 0,14%; \u00c0s 9h20 a moeda era negociada a R$ 4,011. Clique para saber mais.\",\"breadcrumb\":{\"@id\":\"https:\/\/www.suno.com.br\/noticias\/dolar-27052019\/#breadcrumb\"},\"inLanguage\":\"pt-BR\",\"potentialAction\":[{\"@type\":\"ReadAction\",\"target\":[\"https:\/\/www.suno.com.br\/noticias\/dolar-27052019\/\"]}]},{\"@type\":\"ImageObject\",\"inLanguage\":\"pt-BR\",\"@id\":\"https:\/\/www.suno.com.br\/noticias\/dolar-27052019\/#primaryimage\",\"url\":\"https:\/\/files.sunoresearch.com.br\/n\/uploads\/2019\/05\/1eaa8e9c-d\u00f3lar-jpg.webp\",\"contentUrl\":\"https:\/\/files.sunoresearch.com.br\/n\/uploads\/2019\/05\/1eaa8e9c-d\u00f3lar-jpg.webp\",\"width\":1140,\"height\":760,\"caption\":\"D\u00f3lar em queda; Manifesta\u00e7\u00f5es pr\u00f3-Bolsonaro \u00e9 avaliada pelo mercado\"},{\"@type\":\"BreadcrumbList\",\"@id\":\"https:\/\/www.suno.com.br\/noticias\/dolar-27052019\/#breadcrumb\",\"itemListElement\":[{\"@type\":\"ListItem\",\"position\":1,\"name\":\"Not\u00edcias\",\"item\":\"https:\/\/www.suno.com.br\/noticias\/\"},{\"@type\":\"ListItem\",\"position\":2,\"name\":\"Mercado\",\"item\":\"https:\/\/www.suno.com.br\/noticias\/mercado\/\"},{\"@type\":\"ListItem\",\"position\":3,\"name\":\"D\u00f3lar em queda; Manifesta\u00e7\u00e3o pr\u00f3-Bolsonaro \u00e9 avaliada pelo mercado\"}]},{\"@type\":\"WebSite\",\"@id\":\"https:\/\/www.suno.com.br\/noticias\/#website\",\"url\":\"https:\/\/www.suno.com.br\/noticias\/\",\"name\":\"Suno Not\u00edcias\",\"description\":\"Seu portal de informa\u00e7\u00e3o sobre o mundo dos investimentos\",\"publisher\":{\"@id\":\"https:\/\/www.suno.com.br\/noticias\/#organization\"},\"potentialAction\":[{\"@type\":\"SearchAction\",\"target\":{\"@type\":\"EntryPoint\",\"urlTemplate\":\"https:\/\/www.suno.com.br\/noticias\/?s={search_term_string}\"},\"query-input\":{\"@type\":\"PropertyValueSpecification\",\"valueRequired\":true,\"valueName\":\"search_term_string\"}}],\"inLanguage\":\"pt-BR\"},{\"@type\":\"Organization\",\"@id\":\"https:\/\/www.suno.com.br\/noticias\/#organization\",\"name\":\"Suno Not\u00edcias\",\"url\":\"https:\/\/www.suno.com.br\/noticias\/\",\"logo\":{\"@type\":\"ImageObject\",\"inLanguage\":\"pt-BR\",\"@id\":\"https:\/\/www.suno.com.br\/noticias\/#\/schema\/logo\/image\/\",\"url\":\"https:\/\/files.sunoresearch.com.br\/n\/uploads\/2021\/09\/suno-logo.png\",\"contentUrl\":\"https:\/\/files.sunoresearch.com.br\/n\/uploads\/2021\/09\/suno-logo.png\",\"width\":180,\"height\":180,\"caption\":\"Suno Not\u00edcias\"},\"image\":{\"@id\":\"https:\/\/www.suno.com.br\/noticias\/#\/schema\/logo\/image\/\"},\"sameAs\":[\"https:\/\/facebook.com\/sunoresearch\",\"https:\/\/x.com\/sunoresearch\",\"https:\/\/www.instagram.com\/suno\",\"https:\/\/www.linkedin.com\/company\/suno-research\/\",\"https:\/\/www.youtube.com\/c\/sunoresearch\"]},{\"@type\":\"Person\",\"@id\":\"https:\/\/www.suno.com.br\/noticias\/#\/schema\/person\/fc144a1c6108bd1dcd43784e88a3c138\",\"name\":\"Renan Bandeira\",\"image\":{\"@type\":\"ImageObject\",\"inLanguage\":\"pt-BR\",\"@id\":\"https:\/\/www.suno.com.br\/noticias\/#\/schema\/person\/image\/\",\"url\":\"https:\/\/secure.gravatar.com\/avatar\/68359cdb608f14f11bbefcb78f3fc747?s=96&r=g\",\"contentUrl\":\"https:\/\/secure.gravatar.com\/avatar\/68359cdb608f14f11bbefcb78f3fc747?s=96&r=g\",\"caption\":\"Renan Bandeira\"},\"description\":\"Renan Bandeira escreve sobre pol\u00edtica e economia para o portal da Suno Research. Antes da Suno, trabalhou em uma rede de televis\u00e3o, onde fazia reportagens sobre os mesmos temas. Estuda na Universidade Metodista de S\u00e3o Paulo.\",\"url\":\"https:\/\/www.suno.com.br\/noticias\/author\/renan-bandeira\/\"}]}<\/script>\n<!-- \/ Yoast SEO plugin. -->","yoast_head_json":{"title":"D\u00f3lar em queda; Manifesta\u00e7\u00e3o pr\u00f3-Bolsonaro \u00e9 avaliada pelo mercado","description":"O d\u00f3lar iniciou a manh\u00e3 desta segunda com uma queda de 0,14%; \u00c0s 9h20 a moeda era negociada a R$ 4,011. Clique para saber mais.","robots":{"index":"index","follow":"follow","max-snippet":"max-snippet:-1","max-image-preview":"max-image-preview:large","max-video-preview":"max-video-preview:-1"},"canonical":"https:\/\/www.suno.com.br\/noticias\/dolar-27052019\/","og_locale":"pt_BR","og_type":"article","og_title":"D\u00f3lar em queda; Manifesta\u00e7\u00e3o pr\u00f3-Bolsonaro \u00e9 avaliada pelo mercado","og_description":"O d\u00f3lar iniciou a manh\u00e3 desta segunda com uma queda de 0,14%; \u00c0s 9h20 a moeda era negociada a R$ 4,011. Clique para saber mais.","og_url":"https:\/\/www.suno.com.br\/noticias\/dolar-27052019\/","og_site_name":"Suno Not\u00edcias","article_publisher":"https:\/\/facebook.com\/sunoresearch","og_image":[{"width":1140,"height":760,"url":"https:\/\/files.sunoresearch.com.br\/n\/uploads\/2019\/05\/1eaa8e9c-d\u00f3lar.jpg","type":"image\/jpeg"}],"author":"Renan Bandeira","twitter_card":"summary_large_image","twitter_creator":"@sunoresearch","twitter_site":"@sunoresearch","twitter_misc":{"Escrito por":"Renan Bandeira","Est. tempo de leitura":"3 minutos"},"schema":{"@context":"https:\/\/schema.org","@graph":[{"@type":"NewsArticle","@id":"https:\/\/www.suno.com.br\/noticias\/dolar-27052019\/#article","isPartOf":{"@id":"https:\/\/www.suno.com.br\/noticias\/dolar-27052019\/"},"author":{"name":"Renan Bandeira","@id":"https:\/\/www.suno.com.br\/noticias\/#\/schema\/person\/fc144a1c6108bd1dcd43784e88a3c138"},"headline":"D\u00f3lar em queda; Manifesta\u00e7\u00e3o pr\u00f3-Bolsonaro \u00e9 avaliada pelo mercado","datePublished":"2019-05-27T12:25:56+00:00","dateModified":"2019-05-27T12:30:49+00:00","mainEntityOfPage":{"@id":"https:\/\/www.suno.com.br\/noticias\/dolar-27052019\/"},"wordCount":540,"publisher":{"@id":"https:\/\/www.suno.com.br\/noticias\/#organization"},"image":{"@id":"https:\/\/www.suno.com.br\/noticias\/dolar-27052019\/#primaryimage"},"thumbnailUrl":"https:\/\/files.sunoresearch.com.br\/n\/uploads\/2019\/05\/1eaa8e9c-d\u00f3lar-jpg.webp","keywords":["d\u00f3lar"],"articleSection":["Mercado"],"inLanguage":"pt-BR"},{"@type":"WebPage","@id":"https:\/\/www.suno.com.br\/noticias\/dolar-27052019\/","url":"https:\/\/www.suno.com.br\/noticias\/dolar-27052019\/","name":"D\u00f3lar em queda; Manifesta\u00e7\u00e3o pr\u00f3-Bolsonaro \u00e9 avaliada pelo mercado","isPartOf":{"@id":"https:\/\/www.suno.com.br\/noticias\/#website"},"primaryImageOfPage":{"@id":"https:\/\/www.suno.com.br\/noticias\/dolar-27052019\/#primaryimage"},"image":{"@id":"https:\/\/www.suno.com.br\/noticias\/dolar-27052019\/#primaryimage"},"thumbnailUrl":"https:\/\/files.sunoresearch.com.br\/n\/uploads\/2019\/05\/1eaa8e9c-d\u00f3lar-jpg.webp","datePublished":"2019-05-27T12:25:56+00:00","dateModified":"2019-05-27T12:30:49+00:00","description":"O d\u00f3lar iniciou a manh\u00e3 desta segunda com uma queda de 0,14%; \u00c0s 9h20 a moeda era negociada a R$ 4,011. Clique para saber mais.","breadcrumb":{"@id":"https:\/\/www.suno.com.br\/noticias\/dolar-27052019\/#breadcrumb"},"inLanguage":"pt-BR","potentialAction":[{"@type":"ReadAction","target":["https:\/\/www.suno.com.br\/noticias\/dolar-27052019\/"]}]},{"@type":"ImageObject","inLanguage":"pt-BR","@id":"https:\/\/www.suno.com.br\/noticias\/dolar-27052019\/#primaryimage","url":"https:\/\/files.sunoresearch.com.br\/n\/uploads\/2019\/05\/1eaa8e9c-d\u00f3lar-jpg.webp","contentUrl":"https:\/\/files.sunoresearch.com.br\/n\/uploads\/2019\/05\/1eaa8e9c-d\u00f3lar-jpg.webp","width":1140,"height":760,"caption":"D\u00f3lar em queda; Manifesta\u00e7\u00f5es pr\u00f3-Bolsonaro \u00e9 avaliada pelo mercado"},{"@type":"BreadcrumbList","@id":"https:\/\/www.suno.com.br\/noticias\/dolar-27052019\/#breadcrumb","itemListElement":[{"@type":"ListItem","position":1,"name":"Not\u00edcias","item":"https:\/\/www.suno.com.br\/noticias\/"},{"@type":"ListItem","position":2,"name":"Mercado","item":"https:\/\/www.suno.com.br\/noticias\/mercado\/"},{"@type":"ListItem","position":3,"name":"D\u00f3lar em queda; Manifesta\u00e7\u00e3o pr\u00f3-Bolsonaro \u00e9 avaliada pelo mercado"}]},{"@type":"WebSite","@id":"https:\/\/www.suno.com.br\/noticias\/#website","url":"https:\/\/www.suno.com.br\/noticias\/","name":"Suno Not\u00edcias","description":"Seu portal de informa\u00e7\u00e3o sobre o mundo dos investimentos","publisher":{"@id":"https:\/\/www.suno.com.br\/noticias\/#organization"},"potentialAction":[{"@type":"SearchAction","target":{"@type":"EntryPoint","urlTemplate":"https:\/\/www.suno.com.br\/noticias\/?s={search_term_string}"},"query-input":{"@type":"PropertyValueSpecification","valueRequired":true,"valueName":"search_term_string"}}],"inLanguage":"pt-BR"},{"@type":"Organization","@id":"https:\/\/www.suno.com.br\/noticias\/#organization","name":"Suno Not\u00edcias","url":"https:\/\/www.suno.com.br\/noticias\/","logo":{"@type":"ImageObject","inLanguage":"pt-BR","@id":"https:\/\/www.suno.com.br\/noticias\/#\/schema\/logo\/image\/","url":"https:\/\/files.sunoresearch.com.br\/n\/uploads\/2021\/09\/suno-logo.png","contentUrl":"https:\/\/files.sunoresearch.com.br\/n\/uploads\/2021\/09\/suno-logo.png","width":180,"height":180,"caption":"Suno Not\u00edcias"},"image":{"@id":"https:\/\/www.suno.com.br\/noticias\/#\/schema\/logo\/image\/"},"sameAs":["https:\/\/facebook.com\/sunoresearch","https:\/\/x.com\/sunoresearch","https:\/\/www.instagram.com\/suno","https:\/\/www.linkedin.com\/company\/suno-research\/","https:\/\/www.youtube.com\/c\/sunoresearch"]},{"@type":"Person","@id":"https:\/\/www.suno.com.br\/noticias\/#\/schema\/person\/fc144a1c6108bd1dcd43784e88a3c138","name":"Renan Bandeira","image":{"@type":"ImageObject","inLanguage":"pt-BR","@id":"https:\/\/www.suno.com.br\/noticias\/#\/schema\/person\/image\/","url":"https:\/\/secure.gravatar.com\/avatar\/68359cdb608f14f11bbefcb78f3fc747?s=96&r=g","contentUrl":"https:\/\/secure.gravatar.com\/avatar\/68359cdb608f14f11bbefcb78f3fc747?s=96&r=g","caption":"Renan Bandeira"},"description":"Renan Bandeira escreve sobre pol\u00edtica e economia para o portal da Suno Research. Antes da Suno, trabalhou em uma rede de televis\u00e3o, onde fazia reportagens sobre os mesmos temas. Estuda na Universidade Metodista de S\u00e3o Paulo.","url":"https:\/\/www.suno.com.br\/noticias\/author\/renan-bandeira\/"}]}},"default_loop_html":"<div class=\"cardsPage__listCard__boxs\"><div class=\"cardsPage__listCard__boxs__img\"><a href=\"https:\/\/www.suno.com.br\/noticias\/dolar-27052019\/\"><img class=\"mask\" src=\"https:\/\/www.suno.com.br\/noticias\/wp-content\/themes\/suno\/resources\/images\/spotlight\/spotlight1img\/bg-mask.png\" alt=\"Image Mask\"\/><img src=\"https:\/\/files.sunoresearch.com.br\/n\/uploads\/2019\/05\/1eaa8e9c-d\u00f3lar-400x200.webp\" alt=\"D\u00f3lar em queda; Manifesta\u00e7\u00e3o pr\u00f3-Bolsonaro \u00e9 avaliada pelo mercado\"\/><\/a><span class=\"spotlightCategory\"><a href=\"https:\/\/www.suno.com.br\/noticias\/mercado\/\">Mercado<\/a><\/span><\/div><div class=\"cardsPage__listCard__boxs__content\"><a href=\"https:\/\/www.suno.com.br\/noticias\/dolar-27052019\/\"><h2 class=\"content__title\">D\u00f3lar em queda; Manifesta\u00e7\u00e3o pr\u00f3-Bolsonaro \u00e9 avaliada pelo mercado<\/h2><\/a><div class=\"newsContent__article__meta\"><div class=\"newsContent__article__meta__authorBox\"><a href=\"https:\/\/www.suno.com.br\/noticias\/author\/renan-bandeira\/\" class=\"authorBox__avatar noMobi\"><img src=\"https:\/\/secure.gravatar.com\/avatar\/68359cdb608f14f11bbefcb78f3fc747?s=96&#038;r=g\" alt=\"Renan Bandeira\"><\/a><div class=\"authorBox__name\"><span>por\n\t\t\t<a href=\"https:\/\/www.suno.com.br\/noticias\/author\/renan-bandeira\/\"><span itemprop=\"author\">Renan Bandeira<\/span><\/a><\/span><time datetime=\"2019-05-27T09:25:56-03:00\" itemprop=\"datePublished\">27\/05\/2019 09:25<\/time><\/div><\/div><\/div><\/div><\/div>","single_layout":"posts","amp_enabled":true,"_links":{"self":[{"href":"https:\/\/www.suno.com.br\/noticias\/wp-json\/wp\/v2\/posts\/26015"}],"collection":[{"href":"https:\/\/www.suno.com.br\/noticias\/wp-json\/wp\/v2\/posts"}],"about":[{"href":"https:\/\/www.suno.com.br\/noticias\/wp-json\/wp\/v2\/types\/post"}],"author":[{"embeddable":true,"href":"https:\/\/www.suno.com.br\/noticias\/wp-json\/wp\/v2\/users\/11"}],"replies":[{"embeddable":true,"href":"https:\/\/www.suno.com.br\/noticias\/wp-json\/wp\/v2\/comments?post=26015"}],"version-history":[{"count":0,"href":"https:\/\/www.suno.com.br\/noticias\/wp-json\/wp\/v2\/posts\/26015\/revisions"}],"wp:featuredmedia":[{"embeddable":true,"href":"https:\/\/www.suno.com.br\/noticias\/wp-json\/wp\/v2\/media\/26031"}],"wp:attachment":[{"href":"https:\/\/www.suno.com.br\/noticias\/wp-json\/wp\/v2\/media?parent=26015"}],"wp:term":[{"taxonomy":"category","embeddable":true,"href":"https:\/\/www.suno.com.br\/noticias\/wp-json\/wp\/v2\/categories?post=26015"},{"taxonomy":"post_tag","embeddable":true,"href":"https:\/\/www.suno.com.br\/noticias\/wp-json\/wp\/v2\/tags?post=26015"},{"taxonomy":"suno_strategy","embeddable":true,"href":"https:\/\/www.suno.com.br\/noticias\/wp-json\/wp\/v2\/suno_strategy?post=26015"}],"curies":[{"name":"wp","href":"https:\/\/api.w.org\/{rel}","templated":true}]}}