{"id":26009,"date":"2019-05-27T08:20:02","date_gmt":"2019-05-27T11:20:02","guid":{"rendered":"https:\/\/www.suno.com.br\/noticias\/?p=26009"},"modified":"2019-05-27T09:25:37","modified_gmt":"2019-05-27T12:25:37","slug":"fundo-petrobras-dividido-outras-areas-educacao","status":"publish","type":"post","link":"https:\/\/www.suno.com.br\/noticias\/fundo-petrobras-dividido-outras-areas-educacao\/","title":{"rendered":"Fundo da Petrobras pode ser dividido com outras \u00e1reas al\u00e9m da Educa\u00e7\u00e3o"},"content":{"rendered":"<p>O total de R$ 2,5 bilh\u00f5es que a Petrobras dever\u00e1 investir no Brasil como repara\u00e7\u00e3o por crimes e fraudes devem ser investidos em mais setores al\u00e9m da <strong>Educa\u00e7\u00e3o<\/strong>. Isso porque o <strong>Supremo Tribunal Federal (STF)<\/strong> avalia a aplica\u00e7\u00e3o de parte da quantia em outras \u00e1reas.<\/p>\t<div class=\"wrapper-featured-image\">\n\t\t<figure class=\"spotlightImg\">\n\n\t\t\t<picture>\n\t\t\t\t<source media=\"(max-width: 768px)\" srcset=\"https:\/\/files.sunoresearch.com.br\/n\/uploads\/2019\/05\/a4e99772-petrobras-400x200.webp\">\n\t\t\t\t<img loading=\"lazy\" decoding=\"async\" class=\"newsContent__article__imgCapa lazyloadDisabled newsContent__article__imgCapa--noCaption\" src=\"https:\/\/files.sunoresearch.com.br\/n\/uploads\/2019\/05\/a4e99772-petrobras-800x450.webp\" width=\"800\" height=\"450\" alt=\"Fundo da Petrobras pode ser dividido com outras \u00e1reas al\u00e9m da Educa\u00e7\u00e3o\" fetchpriority=high \/>\n\t\t\t<\/picture>\n\n\t\t\t<figcaption class=\"wp-caption-text wp-caption-text--hide\">A Petrobras (PETR3; PETR4) iniciou a fase vinculante referente \u00e0 venda de sua subsidi\u00e1ria integral Petrobras Biocombust\u00edvel (PBIO).<\/figcaption>\n\t\t<\/figure>\n\t<\/div>\n\n\n<p>Dessa forma, pastas da <strong>Sa\u00fade<\/strong> e <strong>Seguran\u00e7a P\u00fablica<\/strong> tamb\u00e9m devem ser beneficiadas com a multa \u00e0 <strong>Petrobras<\/strong>. As informa\u00e7\u00f5es s\u00e3o do blog da Andr\u00e9ia Sadi, do G1. Assim, o objetivo inicial do governo era investir os valores na Educa\u00e7\u00e3o para compensar o <strong>bloqueio<\/strong> feito no minist\u00e9rio.<\/p>\n\t<p>\n\t\t<a href=\"https:\/\/lp.suno.com.br\/ebook-como-analisar-uma-acao\/\" target=\"_blank\" data-element=\"shortcode-suno-banner\" title=\"Banner SUNO, clique e saiba mais\">\n\t\t\t<picture>\n\t\t\t\t<source media=\"(max-width: 500px)\" srcset=\"https:\/\/files.sunoresearch.com.br\/n\/uploads\/2023\/12\/Ebook-Acoes-Mobile.jpg\">\n\t\t\t\t<img class=\"newsContent__article__imgCapa newsContent__article__imgCapa--banner\"\n\t\t\t\t\tsrc=\"https:\/\/files.sunoresearch.com.br\/n\/uploads\/2023\/12\/Ebook-Acoes-Desktop.webp\"\n\t\t\t\t\tdata-promo-id=\"311260\"\t\t\t\t\t\t\t\t\t\twidth='1420' height='286'\t\t\t\t\talt=\"https:\/\/files.sunoresearch.com.br\/n\/uploads\/2023\/12\/Ebook-Acoes-Desktop.webp\"\n\t\t\t\t>\n\t\t\t<\/picture>\n\t\t<\/a>\n\t<\/p>\n\n\n<p>O relator do caso no <strong>STF<\/strong> \u00e9 o ministro <strong>Alexandre<\/strong> de <strong>Moraes<\/strong>, e a decis\u00e3o pode ser diferente da esperada pelo governo. A quest\u00e3o ser\u00e1 avaliada pela Corte depois que o mesmo ministro suspendeu um acordo entre a <strong>Petrobras<\/strong> e o <strong>Minist\u00e9rio P\u00fablico Federal<\/strong>. Sendo assim, agora,\u00a0<strong>Moraes<\/strong> \u00e9 quem deve decidir sobre o destino da quantia.<\/p>\n<p><a href=\"https:\/\/www.suno.com.br\/noticias\/petrobras-inicia-privatizacao-br-distribuidora\/\">Saiba Mais: Petrobras inicia privatiza\u00e7\u00e3o da BR Distribuidora, diz site<\/a><\/p>\n<p>As recomenda\u00e7\u00f5es para uso do fundo por parte de componentes do <strong>governo<\/strong> s\u00e3o as mais diversas. Confira:<\/p>\n<ul>\n<li>ministro da Economia, <strong>Paulo Guedes<\/strong> defende uso do fundo na Educa\u00e7\u00e3o;<\/li>\n<li>ministro da Justi\u00e7a, <strong>S\u00e9rgio Moro<\/strong> apoia a utiliza\u00e7\u00e3o no Fundo Penitenci\u00e1rio (Funpen);<\/li>\n<li><strong>Advocacia-Geral da Uni\u00e3o<\/strong> (AGU) sugere uso para melhora no sistema prisional;<\/li>\n<li>procuradora-geral, <strong>Raquel Dodge<\/strong> destacou import\u00e2ncia do uso na Educa\u00e7\u00e3o, mas ainda n\u00e3o se posicionou formalmente.<\/li>\n<\/ul>\n<p><a href=\"https:\/\/www.suno.com.br\/noticias\/petrobras-preferencia-areas-pre-sal\/\">Saiba Mais: Petrobras deve exercer prefer\u00eancia em duas \u00e1reas do leil\u00e3o do pr\u00e9-sal<\/a><\/p>\n<h2>Acordo da Petrobras<\/h2>\n<p>A <strong>Petrobras<\/strong> assinou um acordo com autoridades dos <strong>Estados Unidos<\/strong> e, por isso, deve pagar uma multa a investidores e ao Brasil. Dessa forma, a petroleira deve ressarcir parte do preju\u00edzo causado por fraudes e crimes.<\/p>\n<p>Com isso, a estatal se comprometeu a pagar US$ 853 milh\u00f5es a <strong>investidores<\/strong>. Al\u00e9m disso, ao Brasil o valor \u00e9 de US$ 682 milh\u00f5es que devem ser aplicados em alguma \u00e1rea do Pa\u00eds.<\/p>\n<p><a href=\"https:\/\/www.suno.com.br\/noticias\/petrobras-conselho-aprova-nivio-ziviani\/\">Saiba Mais: Petrobras: Conselho de administra\u00e7\u00e3o aprova Nivio Ziviani para o colegiado<\/a><\/p>\n<p>Sendo assim, a quantia j\u00e1 foi quitada pela <strong>Petrobras<\/strong> e depositada, ap\u00f3s convers\u00e3o para o real, em conta. Contudo, o valor ainda est\u00e1 bloqueado para uso.<\/p>\n","protected":false},"excerpt":{"rendered":"<p>O total de R$ 2,5 bilh\u00f5es que a Petrobras dever\u00e1 investir no Brasil como repara\u00e7\u00e3o por crimes e fraudes devem ser investidos em mais setores al\u00e9m da Educa\u00e7\u00e3o. Isso porque o Supremo Tribunal Federal (STF) avalia a aplica\u00e7\u00e3o de parte da quantia em outras \u00e1reas. A Petrobras (PETR3; PETR4) iniciou a fase vinculante referente \u00e0 [&hellip;]<\/p>\n","protected":false},"author":16,"featured_media":25113,"comment_status":"closed","ping_status":"closed","sticky":false,"template":"","format":"standard","meta":[],"categories":[64],"tags":[1174,595,785],"suno_strategy":[],"class_list":["post-26009","post","type-post","status-publish","format-standard","has-post-thumbnail","hentry","category-negocios","tag-ministerio-da-educacao","tag-petrobras-petr4","tag-supremo-tribunal-federal-stf"],"yoast_head":"<!-- This site is optimized with the Yoast SEO plugin v24.4 - https:\/\/yoast.com\/wordpress\/plugins\/seo\/ -->\n<title>Fundo da Petrobras pode ser dividido com outras \u00e1reas al\u00e9m da Educa\u00e7\u00e3o<\/title>\n<meta name=\"description\" content=\"O fundo da Petrobras \u00e9 resultado de um acordo com autoridades para compensar os danos causado pelas fraudes da empresa. Clique e saiba mais.\" \/>\n<meta name=\"robots\" content=\"index, follow, max-snippet:-1, max-image-preview:large, max-video-preview:-1\" \/>\n<link rel=\"canonical\" href=\"https:\/\/www.suno.com.br\/noticias\/fundo-petrobras-dividido-outras-areas-educacao\/\" \/>\n<meta property=\"og:locale\" content=\"pt_BR\" \/>\n<meta property=\"og:type\" content=\"article\" \/>\n<meta property=\"og:title\" content=\"Fundo da Petrobras pode ser dividido com outras \u00e1reas al\u00e9m da Educa\u00e7\u00e3o\" \/>\n<meta property=\"og:description\" content=\"O fundo da Petrobras \u00e9 resultado de um acordo com autoridades para compensar os danos causado pelas fraudes da empresa. Clique e saiba mais.\" \/>\n<meta property=\"og:url\" content=\"https:\/\/www.suno.com.br\/noticias\/fundo-petrobras-dividido-outras-areas-educacao\/\" \/>\n<meta property=\"og:site_name\" content=\"Suno Not\u00edcias\" \/>\n<meta property=\"article:publisher\" content=\"https:\/\/facebook.com\/sunoresearch\" \/>\n<meta property=\"og:image\" content=\"https:\/\/files.sunoresearch.com.br\/n\/uploads\/2019\/05\/a4e99772-petrobras.jpg\" \/>\n\t<meta property=\"og:image:width\" content=\"1140\" \/>\n\t<meta property=\"og:image:height\" content=\"760\" \/>\n\t<meta property=\"og:image:type\" content=\"image\/jpeg\" \/>\n<meta name=\"author\" content=\"Beatriz Oliveira\" \/>\n<meta name=\"twitter:card\" content=\"summary_large_image\" \/>\n<meta name=\"twitter:creator\" content=\"@sunoresearch\" \/>\n<meta name=\"twitter:site\" content=\"@sunoresearch\" \/>\n<meta name=\"twitter:label1\" content=\"Escrito por\" \/>\n\t<meta name=\"twitter:data1\" content=\"Beatriz Oliveira\" \/>\n\t<meta name=\"twitter:label2\" content=\"Est. tempo de leitura\" \/>\n\t<meta name=\"twitter:data2\" content=\"2 minutos\" \/>\n<script type=\"application\/ld+json\" class=\"yoast-schema-graph\">{\"@context\":\"https:\/\/schema.org\",\"@graph\":[{\"@type\":\"NewsArticle\",\"@id\":\"https:\/\/www.suno.com.br\/noticias\/fundo-petrobras-dividido-outras-areas-educacao\/#article\",\"isPartOf\":{\"@id\":\"https:\/\/www.suno.com.br\/noticias\/fundo-petrobras-dividido-outras-areas-educacao\/\"},\"author\":{\"name\":\"Beatriz Oliveira\",\"@id\":\"https:\/\/www.suno.com.br\/noticias\/#\/schema\/person\/e67f665add014bf99f644028de070cc3\"},\"headline\":\"Fundo da Petrobras pode ser dividido com outras \u00e1reas al\u00e9m da Educa\u00e7\u00e3o\",\"datePublished\":\"2019-05-27T11:20:02+00:00\",\"dateModified\":\"2019-05-27T12:25:37+00:00\",\"mainEntityOfPage\":{\"@id\":\"https:\/\/www.suno.com.br\/noticias\/fundo-petrobras-dividido-outras-areas-educacao\/\"},\"wordCount\":398,\"publisher\":{\"@id\":\"https:\/\/www.suno.com.br\/noticias\/#organization\"},\"image\":{\"@id\":\"https:\/\/www.suno.com.br\/noticias\/fundo-petrobras-dividido-outras-areas-educacao\/#primaryimage\"},\"thumbnailUrl\":\"https:\/\/files.sunoresearch.com.br\/n\/uploads\/2019\/05\/a4e99772-petrobras-jpg.webp\",\"keywords\":[\"Minist\u00e9rio da Educa\u00e7\u00e3o\",\"Petrobras (PETR4)\",\"Supremo Tribunal Federal (STF)\"],\"articleSection\":[\"Neg\u00f3cios\"],\"inLanguage\":\"pt-BR\"},{\"@type\":\"WebPage\",\"@id\":\"https:\/\/www.suno.com.br\/noticias\/fundo-petrobras-dividido-outras-areas-educacao\/\",\"url\":\"https:\/\/www.suno.com.br\/noticias\/fundo-petrobras-dividido-outras-areas-educacao\/\",\"name\":\"Fundo da Petrobras pode ser dividido com outras \u00e1reas al\u00e9m da Educa\u00e7\u00e3o\",\"isPartOf\":{\"@id\":\"https:\/\/www.suno.com.br\/noticias\/#website\"},\"primaryImageOfPage\":{\"@id\":\"https:\/\/www.suno.com.br\/noticias\/fundo-petrobras-dividido-outras-areas-educacao\/#primaryimage\"},\"image\":{\"@id\":\"https:\/\/www.suno.com.br\/noticias\/fundo-petrobras-dividido-outras-areas-educacao\/#primaryimage\"},\"thumbnailUrl\":\"https:\/\/files.sunoresearch.com.br\/n\/uploads\/2019\/05\/a4e99772-petrobras-jpg.webp\",\"datePublished\":\"2019-05-27T11:20:02+00:00\",\"dateModified\":\"2019-05-27T12:25:37+00:00\",\"description\":\"O fundo da Petrobras \u00e9 resultado de um acordo com autoridades para compensar os danos causado pelas fraudes da empresa. Clique e saiba mais.\",\"breadcrumb\":{\"@id\":\"https:\/\/www.suno.com.br\/noticias\/fundo-petrobras-dividido-outras-areas-educacao\/#breadcrumb\"},\"inLanguage\":\"pt-BR\",\"potentialAction\":[{\"@type\":\"ReadAction\",\"target\":[\"https:\/\/www.suno.com.br\/noticias\/fundo-petrobras-dividido-outras-areas-educacao\/\"]}]},{\"@type\":\"ImageObject\",\"inLanguage\":\"pt-BR\",\"@id\":\"https:\/\/www.suno.com.br\/noticias\/fundo-petrobras-dividido-outras-areas-educacao\/#primaryimage\",\"url\":\"https:\/\/files.sunoresearch.com.br\/n\/uploads\/2019\/05\/a4e99772-petrobras-jpg.webp\",\"contentUrl\":\"https:\/\/files.sunoresearch.com.br\/n\/uploads\/2019\/05\/a4e99772-petrobras-jpg.webp\",\"width\":1140,\"height\":760,\"caption\":\"A Petrobras (PETR3; PETR4) iniciou a fase vinculante referente \u00e0 venda de sua subsidi\u00e1ria integral Petrobras Biocombust\u00edvel (PBIO).\"},{\"@type\":\"BreadcrumbList\",\"@id\":\"https:\/\/www.suno.com.br\/noticias\/fundo-petrobras-dividido-outras-areas-educacao\/#breadcrumb\",\"itemListElement\":[{\"@type\":\"ListItem\",\"position\":1,\"name\":\"Not\u00edcias\",\"item\":\"https:\/\/www.suno.com.br\/noticias\/\"},{\"@type\":\"ListItem\",\"position\":2,\"name\":\"Neg\u00f3cios\",\"item\":\"https:\/\/www.suno.com.br\/noticias\/negocios\/\"},{\"@type\":\"ListItem\",\"position\":3,\"name\":\"Fundo da Petrobras pode ser dividido com outras \u00e1reas al\u00e9m da Educa\u00e7\u00e3o\"}]},{\"@type\":\"WebSite\",\"@id\":\"https:\/\/www.suno.com.br\/noticias\/#website\",\"url\":\"https:\/\/www.suno.com.br\/noticias\/\",\"name\":\"Suno Not\u00edcias\",\"description\":\"Seu portal de informa\u00e7\u00e3o sobre o mundo dos investimentos\",\"publisher\":{\"@id\":\"https:\/\/www.suno.com.br\/noticias\/#organization\"},\"potentialAction\":[{\"@type\":\"SearchAction\",\"target\":{\"@type\":\"EntryPoint\",\"urlTemplate\":\"https:\/\/www.suno.com.br\/noticias\/?s={search_term_string}\"},\"query-input\":{\"@type\":\"PropertyValueSpecification\",\"valueRequired\":true,\"valueName\":\"search_term_string\"}}],\"inLanguage\":\"pt-BR\"},{\"@type\":\"Organization\",\"@id\":\"https:\/\/www.suno.com.br\/noticias\/#organization\",\"name\":\"Suno Not\u00edcias\",\"url\":\"https:\/\/www.suno.com.br\/noticias\/\",\"logo\":{\"@type\":\"ImageObject\",\"inLanguage\":\"pt-BR\",\"@id\":\"https:\/\/www.suno.com.br\/noticias\/#\/schema\/logo\/image\/\",\"url\":\"https:\/\/files.sunoresearch.com.br\/n\/uploads\/2021\/09\/suno-logo.png\",\"contentUrl\":\"https:\/\/files.sunoresearch.com.br\/n\/uploads\/2021\/09\/suno-logo.png\",\"width\":180,\"height\":180,\"caption\":\"Suno Not\u00edcias\"},\"image\":{\"@id\":\"https:\/\/www.suno.com.br\/noticias\/#\/schema\/logo\/image\/\"},\"sameAs\":[\"https:\/\/facebook.com\/sunoresearch\",\"https:\/\/x.com\/sunoresearch\",\"https:\/\/www.instagram.com\/suno\",\"https:\/\/www.linkedin.com\/company\/suno-research\/\",\"https:\/\/www.youtube.com\/c\/sunoresearch\"]},{\"@type\":\"Person\",\"@id\":\"https:\/\/www.suno.com.br\/noticias\/#\/schema\/person\/e67f665add014bf99f644028de070cc3\",\"name\":\"Beatriz Oliveira\",\"image\":{\"@type\":\"ImageObject\",\"inLanguage\":\"pt-BR\",\"@id\":\"https:\/\/www.suno.com.br\/noticias\/#\/schema\/person\/image\/\",\"url\":\"https:\/\/secure.gravatar.com\/avatar\/c9aa6a0aaecc598d257d5d5bd349157d?s=96&r=g\",\"contentUrl\":\"https:\/\/secure.gravatar.com\/avatar\/c9aa6a0aaecc598d257d5d5bd349157d?s=96&r=g\",\"caption\":\"Beatriz Oliveira\"},\"description\":\"Formada em Jornalismo pela Faculdade Paulus de Tecnologia e Comunica\u00e7\u00e3o, Beatriz Oliveira escreve para o portal de not\u00edcias Suno Research. Antes, passou pelas reda\u00e7\u00f5es da Revista EXAME e da Rede Bandeirantes.\",\"url\":\"https:\/\/www.suno.com.br\/noticias\/author\/beatriz\/\"}]}<\/script>\n<!-- \/ Yoast SEO plugin. -->","yoast_head_json":{"title":"Fundo da Petrobras pode ser dividido com outras \u00e1reas al\u00e9m da Educa\u00e7\u00e3o","description":"O fundo da Petrobras \u00e9 resultado de um acordo com autoridades para compensar os danos causado pelas fraudes da empresa. Clique e saiba mais.","robots":{"index":"index","follow":"follow","max-snippet":"max-snippet:-1","max-image-preview":"max-image-preview:large","max-video-preview":"max-video-preview:-1"},"canonical":"https:\/\/www.suno.com.br\/noticias\/fundo-petrobras-dividido-outras-areas-educacao\/","og_locale":"pt_BR","og_type":"article","og_title":"Fundo da Petrobras pode ser dividido com outras \u00e1reas al\u00e9m da Educa\u00e7\u00e3o","og_description":"O fundo da Petrobras \u00e9 resultado de um acordo com autoridades para compensar os danos causado pelas fraudes da empresa. Clique e saiba mais.","og_url":"https:\/\/www.suno.com.br\/noticias\/fundo-petrobras-dividido-outras-areas-educacao\/","og_site_name":"Suno Not\u00edcias","article_publisher":"https:\/\/facebook.com\/sunoresearch","og_image":[{"width":1140,"height":760,"url":"https:\/\/files.sunoresearch.com.br\/n\/uploads\/2019\/05\/a4e99772-petrobras.jpg","type":"image\/jpeg"}],"author":"Beatriz Oliveira","twitter_card":"summary_large_image","twitter_creator":"@sunoresearch","twitter_site":"@sunoresearch","twitter_misc":{"Escrito por":"Beatriz Oliveira","Est. tempo de leitura":"2 minutos"},"schema":{"@context":"https:\/\/schema.org","@graph":[{"@type":"NewsArticle","@id":"https:\/\/www.suno.com.br\/noticias\/fundo-petrobras-dividido-outras-areas-educacao\/#article","isPartOf":{"@id":"https:\/\/www.suno.com.br\/noticias\/fundo-petrobras-dividido-outras-areas-educacao\/"},"author":{"name":"Beatriz Oliveira","@id":"https:\/\/www.suno.com.br\/noticias\/#\/schema\/person\/e67f665add014bf99f644028de070cc3"},"headline":"Fundo da Petrobras pode ser dividido com outras \u00e1reas al\u00e9m da Educa\u00e7\u00e3o","datePublished":"2019-05-27T11:20:02+00:00","dateModified":"2019-05-27T12:25:37+00:00","mainEntityOfPage":{"@id":"https:\/\/www.suno.com.br\/noticias\/fundo-petrobras-dividido-outras-areas-educacao\/"},"wordCount":398,"publisher":{"@id":"https:\/\/www.suno.com.br\/noticias\/#organization"},"image":{"@id":"https:\/\/www.suno.com.br\/noticias\/fundo-petrobras-dividido-outras-areas-educacao\/#primaryimage"},"thumbnailUrl":"https:\/\/files.sunoresearch.com.br\/n\/uploads\/2019\/05\/a4e99772-petrobras-jpg.webp","keywords":["Minist\u00e9rio da Educa\u00e7\u00e3o","Petrobras (PETR4)","Supremo Tribunal Federal (STF)"],"articleSection":["Neg\u00f3cios"],"inLanguage":"pt-BR"},{"@type":"WebPage","@id":"https:\/\/www.suno.com.br\/noticias\/fundo-petrobras-dividido-outras-areas-educacao\/","url":"https:\/\/www.suno.com.br\/noticias\/fundo-petrobras-dividido-outras-areas-educacao\/","name":"Fundo da Petrobras pode ser dividido com outras \u00e1reas al\u00e9m da Educa\u00e7\u00e3o","isPartOf":{"@id":"https:\/\/www.suno.com.br\/noticias\/#website"},"primaryImageOfPage":{"@id":"https:\/\/www.suno.com.br\/noticias\/fundo-petrobras-dividido-outras-areas-educacao\/#primaryimage"},"image":{"@id":"https:\/\/www.suno.com.br\/noticias\/fundo-petrobras-dividido-outras-areas-educacao\/#primaryimage"},"thumbnailUrl":"https:\/\/files.sunoresearch.com.br\/n\/uploads\/2019\/05\/a4e99772-petrobras-jpg.webp","datePublished":"2019-05-27T11:20:02+00:00","dateModified":"2019-05-27T12:25:37+00:00","description":"O fundo da Petrobras \u00e9 resultado de um acordo com autoridades para compensar os danos causado pelas fraudes da empresa. Clique e saiba mais.","breadcrumb":{"@id":"https:\/\/www.suno.com.br\/noticias\/fundo-petrobras-dividido-outras-areas-educacao\/#breadcrumb"},"inLanguage":"pt-BR","potentialAction":[{"@type":"ReadAction","target":["https:\/\/www.suno.com.br\/noticias\/fundo-petrobras-dividido-outras-areas-educacao\/"]}]},{"@type":"ImageObject","inLanguage":"pt-BR","@id":"https:\/\/www.suno.com.br\/noticias\/fundo-petrobras-dividido-outras-areas-educacao\/#primaryimage","url":"https:\/\/files.sunoresearch.com.br\/n\/uploads\/2019\/05\/a4e99772-petrobras-jpg.webp","contentUrl":"https:\/\/files.sunoresearch.com.br\/n\/uploads\/2019\/05\/a4e99772-petrobras-jpg.webp","width":1140,"height":760,"caption":"A Petrobras (PETR3; PETR4) iniciou a fase vinculante referente \u00e0 venda de sua subsidi\u00e1ria integral Petrobras Biocombust\u00edvel (PBIO)."},{"@type":"BreadcrumbList","@id":"https:\/\/www.suno.com.br\/noticias\/fundo-petrobras-dividido-outras-areas-educacao\/#breadcrumb","itemListElement":[{"@type":"ListItem","position":1,"name":"Not\u00edcias","item":"https:\/\/www.suno.com.br\/noticias\/"},{"@type":"ListItem","position":2,"name":"Neg\u00f3cios","item":"https:\/\/www.suno.com.br\/noticias\/negocios\/"},{"@type":"ListItem","position":3,"name":"Fundo da Petrobras pode ser dividido com outras \u00e1reas al\u00e9m da Educa\u00e7\u00e3o"}]},{"@type":"WebSite","@id":"https:\/\/www.suno.com.br\/noticias\/#website","url":"https:\/\/www.suno.com.br\/noticias\/","name":"Suno Not\u00edcias","description":"Seu portal de informa\u00e7\u00e3o sobre o mundo dos investimentos","publisher":{"@id":"https:\/\/www.suno.com.br\/noticias\/#organization"},"potentialAction":[{"@type":"SearchAction","target":{"@type":"EntryPoint","urlTemplate":"https:\/\/www.suno.com.br\/noticias\/?s={search_term_string}"},"query-input":{"@type":"PropertyValueSpecification","valueRequired":true,"valueName":"search_term_string"}}],"inLanguage":"pt-BR"},{"@type":"Organization","@id":"https:\/\/www.suno.com.br\/noticias\/#organization","name":"Suno Not\u00edcias","url":"https:\/\/www.suno.com.br\/noticias\/","logo":{"@type":"ImageObject","inLanguage":"pt-BR","@id":"https:\/\/www.suno.com.br\/noticias\/#\/schema\/logo\/image\/","url":"https:\/\/files.sunoresearch.com.br\/n\/uploads\/2021\/09\/suno-logo.png","contentUrl":"https:\/\/files.sunoresearch.com.br\/n\/uploads\/2021\/09\/suno-logo.png","width":180,"height":180,"caption":"Suno Not\u00edcias"},"image":{"@id":"https:\/\/www.suno.com.br\/noticias\/#\/schema\/logo\/image\/"},"sameAs":["https:\/\/facebook.com\/sunoresearch","https:\/\/x.com\/sunoresearch","https:\/\/www.instagram.com\/suno","https:\/\/www.linkedin.com\/company\/suno-research\/","https:\/\/www.youtube.com\/c\/sunoresearch"]},{"@type":"Person","@id":"https:\/\/www.suno.com.br\/noticias\/#\/schema\/person\/e67f665add014bf99f644028de070cc3","name":"Beatriz Oliveira","image":{"@type":"ImageObject","inLanguage":"pt-BR","@id":"https:\/\/www.suno.com.br\/noticias\/#\/schema\/person\/image\/","url":"https:\/\/secure.gravatar.com\/avatar\/c9aa6a0aaecc598d257d5d5bd349157d?s=96&r=g","contentUrl":"https:\/\/secure.gravatar.com\/avatar\/c9aa6a0aaecc598d257d5d5bd349157d?s=96&r=g","caption":"Beatriz Oliveira"},"description":"Formada em Jornalismo pela Faculdade Paulus de Tecnologia e Comunica\u00e7\u00e3o, Beatriz Oliveira escreve para o portal de not\u00edcias Suno Research. Antes, passou pelas reda\u00e7\u00f5es da Revista EXAME e da Rede Bandeirantes.","url":"https:\/\/www.suno.com.br\/noticias\/author\/beatriz\/"}]}},"default_loop_html":"<div class=\"cardsPage__listCard__boxs\"><div class=\"cardsPage__listCard__boxs__img\"><a href=\"https:\/\/www.suno.com.br\/noticias\/fundo-petrobras-dividido-outras-areas-educacao\/\"><img class=\"mask\" src=\"https:\/\/www.suno.com.br\/noticias\/wp-content\/themes\/suno\/resources\/images\/spotlight\/spotlight1img\/bg-mask.png\" alt=\"Image Mask\"\/><img src=\"https:\/\/files.sunoresearch.com.br\/n\/uploads\/2019\/05\/a4e99772-petrobras-400x200.webp\" alt=\"Fundo da Petrobras pode ser dividido com outras \u00e1reas al\u00e9m da Educa\u00e7\u00e3o\"\/><\/a><span class=\"spotlightCategory\"><a href=\"https:\/\/www.suno.com.br\/noticias\/negocios\/\">Neg\u00f3cios<\/a><\/span><\/div><div class=\"cardsPage__listCard__boxs__content\"><a href=\"https:\/\/www.suno.com.br\/noticias\/fundo-petrobras-dividido-outras-areas-educacao\/\"><h2 class=\"content__title\">Fundo da Petrobras pode ser dividido com outras \u00e1reas al\u00e9m da Educa\u00e7\u00e3o<\/h2><\/a><div class=\"newsContent__article__meta\"><div class=\"newsContent__article__meta__authorBox\"><a href=\"https:\/\/www.suno.com.br\/noticias\/author\/beatriz\/\" class=\"authorBox__avatar noMobi\"><img src=\"https:\/\/secure.gravatar.com\/avatar\/c9aa6a0aaecc598d257d5d5bd349157d?s=96&#038;r=g\" alt=\"Beatriz Oliveira\"><\/a><div class=\"authorBox__name\"><span>por\n\t\t\t<a href=\"https:\/\/www.suno.com.br\/noticias\/author\/beatriz\/\"><span itemprop=\"author\">Beatriz Oliveira<\/span><\/a><\/span><time datetime=\"2019-05-27T08:20:02-03:00\" itemprop=\"datePublished\">27\/05\/2019 08:20<\/time><\/div><\/div><\/div><\/div><\/div>","single_layout":"posts","amp_enabled":true,"_links":{"self":[{"href":"https:\/\/www.suno.com.br\/noticias\/wp-json\/wp\/v2\/posts\/26009"}],"collection":[{"href":"https:\/\/www.suno.com.br\/noticias\/wp-json\/wp\/v2\/posts"}],"about":[{"href":"https:\/\/www.suno.com.br\/noticias\/wp-json\/wp\/v2\/types\/post"}],"author":[{"embeddable":true,"href":"https:\/\/www.suno.com.br\/noticias\/wp-json\/wp\/v2\/users\/16"}],"replies":[{"embeddable":true,"href":"https:\/\/www.suno.com.br\/noticias\/wp-json\/wp\/v2\/comments?post=26009"}],"version-history":[{"count":0,"href":"https:\/\/www.suno.com.br\/noticias\/wp-json\/wp\/v2\/posts\/26009\/revisions"}],"wp:featuredmedia":[{"embeddable":true,"href":"https:\/\/www.suno.com.br\/noticias\/wp-json\/wp\/v2\/media\/25113"}],"wp:attachment":[{"href":"https:\/\/www.suno.com.br\/noticias\/wp-json\/wp\/v2\/media?parent=26009"}],"wp:term":[{"taxonomy":"category","embeddable":true,"href":"https:\/\/www.suno.com.br\/noticias\/wp-json\/wp\/v2\/categories?post=26009"},{"taxonomy":"post_tag","embeddable":true,"href":"https:\/\/www.suno.com.br\/noticias\/wp-json\/wp\/v2\/tags?post=26009"},{"taxonomy":"suno_strategy","embeddable":true,"href":"https:\/\/www.suno.com.br\/noticias\/wp-json\/wp\/v2\/suno_strategy?post=26009"}],"curies":[{"name":"wp","href":"https:\/\/api.w.org\/{rel}","templated":true}]}}