{"id":25987,"date":"2019-05-26T14:09:19","date_gmt":"2019-05-26T17:09:19","guid":{"rendered":"https:\/\/www.suno.com.br\/noticias\/?p=25987"},"modified":"2019-05-26T14:11:51","modified_gmt":"2019-05-26T17:11:51","slug":"bolsonaro-manifestacao-e-recado-aqueles-que-teimam-com-velhas-praticas","status":"publish","type":"post","link":"https:\/\/www.suno.com.br\/noticias\/bolsonaro-manifestacao-e-recado-aqueles-que-teimam-com-velhas-praticas\/","title":{"rendered":"Bolsonaro: manifesta\u00e7\u00e3o \u00e9 recado \u00e0queles que teimam com velhas pr\u00e1ticas"},"content":{"rendered":"<p>O presidente Jair Bolsonaro declarou que as <strong>manifesta\u00e7\u00f5es<\/strong> em seu apoio s\u00e3o &#8220;um recado \u00e0queles que teimam com velhas pr\u00e1ticas&#8221; e &#8220;n\u00e3o permitem que o povo se liberte&#8221;. Dessa forma, a declara\u00e7\u00e3o do <strong>l\u00edder<\/strong> do <strong>Executivo<\/strong> diz respeito aos atos que ocorrem na manh\u00e3 deste domingo (20) em diversas cidades do <strong>Pa\u00eds<\/strong>.<\/p>\t<div class=\"wrapper-featured-image\">\n\t\t<figure class=\"spotlightImg\">\n\n\t\t\t<picture>\n\t\t\t\t<source media=\"(max-width: 768px)\" srcset=\"https:\/\/files.sunoresearch.com.br\/n\/uploads\/2019\/05\/8d7353dd-bolsonaro-400x200.webp\">\n\t\t\t\t<img loading=\"lazy\" decoding=\"async\" class=\"newsContent__article__imgCapa lazyloadDisabled newsContent__article__imgCapa--noCaption\" src=\"https:\/\/files.sunoresearch.com.br\/n\/uploads\/2019\/05\/8d7353dd-bolsonaro-800x450.webp\" width=\"800\" height=\"450\" alt=\"Bolsonaro: manifesta\u00e7\u00e3o \u00e9 recado \u00e0queles que teimam com velhas pr\u00e1ticas\" fetchpriority=high \/>\n\t\t\t<\/picture>\n\n\t\t\t<figcaption class=\"wp-caption-text wp-caption-text--hide\">O presidente da Rep\u00fablica, Jair Bolsonaro, assiste ao culto na Igreja Batista Atitude,acompanhado da  esposa, Michelle Bolsonaro e o pastor Josu\u00e9 Valandro.<\/figcaption>\n\t\t<\/figure>\n\t<\/div>\n\n\n<p>As falas de <strong>Bolsonaro<\/strong> foram dadas durante um culto na <strong>Igreja Atitude<\/strong>, na Zona Oeste do Rio de Janeiro. Assim, o presidente defendeu as <strong>manifesta\u00e7\u00f5es<\/strong>, dizendo que elas t\u00eam pauta definida e respeitam a constitui\u00e7\u00e3o.<\/p>\n<p>&#8220;Hoje \u00e9 um dia em que o povo est\u00e1 indo \u00e0s ruas. N\u00e3o para defender um presidente, um pol\u00edtico ou quem quer que seja. Est\u00e1 indo para defender o futuro desta na\u00e7\u00e3o. Uma <strong>manifesta\u00e7\u00e3o<\/strong> espont\u00e2nea&#8221;, disse.<\/p>\n\t<p>\n\t\t<a href=\"https:\/\/lp.suno.com.br\/asset\/suno-fundo-infra-estrutura-snid11\/\" target=\"_blank\" data-element=\"shortcode-suno-banner\" title=\"Banner SUNO, clique e saiba mais\">\n\t\t\t<picture>\n\t\t\t\t<source media=\"(max-width: 500px)\" srcset=\"https:\/\/files.sunoresearch.com.br\/n\/uploads\/2024\/01\/400x300-Banner-Home-1-SNID-AO.png\">\n\t\t\t\t<img class=\"newsContent__article__imgCapa newsContent__article__imgCapa--banner\"\n\t\t\t\t\tsrc=\"https:\/\/files.sunoresearch.com.br\/n\/uploads\/2024\/01\/1420x240-Banner-Home-1-SNID-AO.png\"\n\t\t\t\t\tdata-promo-id=\"364419\"\t\t\t\t\t\t\t\t\t\twidth='1420' height='240'\t\t\t\t\talt=\"https:\/\/files.sunoresearch.com.br\/n\/uploads\/2024\/01\/1420x240-Banner-Home-1-SNID-AO.png\"\n\t\t\t\t>\n\t\t\t<\/picture>\n\t\t<\/a>\n\t<\/p>\n\n\n<p><strong>Bolsonaro<\/strong> afirmou ainda que pela primeira vez na hist\u00f3ria, o Brasil tem um presidente que est\u00e1 cumprindo o que prometeu na campanha. &#8220;Pela primeira vez na hist\u00f3ria do Brasil os senhores t\u00eam um <strong>presidente<\/strong> eleito que est\u00e1 cumprindo o que prometeu durante campanha. Se estou aqui, \u00e9 porque acredito nessa na\u00e7\u00e3o&#8221;, disse no culto.<\/p>\n<p><a href=\"https:\/\/www.suno.com.br\/noticias\/atos-apoio-bolsonaro-pais-domingo\/\">Atos em apoio a Bolsonaro j\u00e1 t\u00eam in\u00edcio pelo pa\u00eds neste domingo<\/a><\/p>\n<h2>Atos pr\u00f3-Bolsonaro<\/h2>\n<p>Os <strong>atos<\/strong> em apoio ao presidente <strong>Jair Bolsonaro<\/strong> e suas pautas ocorrem em diversos estados do Pa\u00eds neste domingo (26). Desse modo, no s\u00e1bado (25), os organizadores haviam convocado <strong>manifesta\u00e7\u00f5es<\/strong> em pelo menos 312 munic\u00edpios. Assim, os movimentos podem mensurar a <strong>popularidade<\/strong> do governo.<\/p>\n<p>As principais pautas defendidas pelos apoiadores de <strong>Bolsonaro<\/strong> s\u00e3o:<\/p>\n<ul>\n<li>reforma da <strong>Previd\u00eancia;<\/strong><\/li>\n<li>pacote <strong>anticrime<\/strong> de S\u00e9rgio Moro;<\/li>\n<li>apoio \u00e0 <strong>Lava Jato<\/strong> e combate \u00e0 corrup\u00e7\u00e3o;<\/li>\n<li>perman\u00eancia do <strong>Coaf<\/strong> no minist\u00e9rio da Justi\u00e7a;<\/li>\n<li>apoio ao presidente contra o chamado &#8220;<strong>Centr\u00e3o<\/strong>&#8220;;<\/li>\n<li>volta da <strong>CPI<\/strong> da Lava Toga.<\/li>\n<\/ul>\n<p><a href=\"https:\/\/www.suno.com.br\/noticias\/camara-convoca-ministro-explicar-cortes-educacao\/\">Saiba Mais: C\u00e2mara convoca ministro para explicar cortes na Educa\u00e7\u00e3o nesta quarta<\/a><\/p>\n<p>Os atos deste domingo, foram programados inicialmente para serem uma rea\u00e7\u00e3o \u00e0s <strong>manifesta\u00e7\u00f5es<\/strong> do dia 15 de maio. Sendo assim, os \u00faltimos protestos foram contra o bloqueio de verba na <strong>Educa\u00e7\u00e3o<\/strong> e atingiram cerca de 170 cidades.<\/p>\n<p>Contudo, os movimentos a favor do <strong>presidente<\/strong> carregam certo perigo, de acordo com analistas. Isso porque as <strong>manifesta\u00e7\u00f5es<\/strong> podem tomar rumos que podem n\u00e3o trazer muitos benef\u00edcios ao <strong>governo<\/strong>. Por isso, as atos dividiram os setores e entidades da <strong>direta<\/strong>. Dessa forma, movimentos que foram muito expressivos na \u00e9poca do impeachment de <strong>Dilma Rousseff<\/strong> (PT) em 2016 n\u00e3o apresentaram apoio \u00e0s <strong>manifesta\u00e7\u00f5es<\/strong> deste domingo.<\/p>\n<p><a href=\"https:\/\/www.suno.com.br\/noticias\/governo-recua-devolve-educacao\/\">Saiba Mais: Governo recua ap\u00f3s bloqueios e decide repassar R$ 1,5 bilh\u00e3o \u00e0 Educa\u00e7\u00e3o<\/a><\/p>\n<p>Desse modo, <strong>Movimento Brasil Livre (MBL)<\/strong> e <strong>Vem Pra Rua<\/strong> n\u00e3o aderiram ao protesto. Al\u00e9m disso, os atos tamb\u00e9m dividem a categoria dos <strong>caminhoneiros.<\/strong> Alguns l\u00edderes afirmam que ir\u00e3o \u00e0s manifesta\u00e7\u00f5es. Contudo, boa parte da categoria afirma estar descontente com o governo <strong>Bolsonaro.<\/strong> Os protestos ocorrem em S\u00e3o Paulo, Rio de Janeiro, Bras\u00edlia, Minas Gerais, Salvador, Par\u00e1 entre outros lugares.<\/p>\n","protected":false},"excerpt":{"rendered":"<p>O presidente Jair Bolsonaro declarou que as manifesta\u00e7\u00f5es em seu apoio s\u00e3o &#8220;um recado \u00e0queles que teimam com velhas pr\u00e1ticas&#8221; e &#8220;n\u00e3o permitem que o povo se liberte&#8221;. Dessa forma, a declara\u00e7\u00e3o do l\u00edder do Executivo diz respeito aos atos que ocorrem na manh\u00e3 deste domingo (20) em diversas cidades do Pa\u00eds. O presidente da [&hellip;]<\/p>\n","protected":false},"author":16,"featured_media":25989,"comment_status":"closed","ping_status":"closed","sticky":false,"template":"","format":"standard","meta":[],"categories":[61],"tags":[719],"suno_strategy":[],"class_list":["post-25987","post","type-post","status-publish","format-standard","has-post-thumbnail","hentry","category-politica","tag-jair-bolsonaro"],"yoast_head":"<!-- This site is optimized with the Yoast SEO plugin v24.4 - https:\/\/yoast.com\/wordpress\/plugins\/seo\/ -->\n<title>Bolsonaro: manifesta\u00e7\u00e3o \u00e9 recado a quem teima com velhas pr\u00e1ticas<\/title>\n<meta name=\"description\" content=\"Os atos a favor de Bolsonaro ocorrerm desde a manh\u00e3 deste domingo (20) em diversas cidades e estados do Pa\u00eds. Clique e saiba mais.\" \/>\n<meta name=\"robots\" content=\"index, follow, max-snippet:-1, max-image-preview:large, max-video-preview:-1\" \/>\n<link rel=\"canonical\" href=\"https:\/\/www.suno.com.br\/noticias\/bolsonaro-manifestacao-e-recado-aqueles-que-teimam-com-velhas-praticas\/\" \/>\n<meta property=\"og:locale\" content=\"pt_BR\" \/>\n<meta property=\"og:type\" content=\"article\" \/>\n<meta property=\"og:title\" content=\"Bolsonaro: manifesta\u00e7\u00e3o \u00e9 recado a quem teima com velhas pr\u00e1ticas\" \/>\n<meta property=\"og:description\" content=\"Os atos a favor de Bolsonaro ocorrerm desde a manh\u00e3 deste domingo (20) em diversas cidades e estados do Pa\u00eds. Clique e saiba mais.\" \/>\n<meta property=\"og:url\" content=\"https:\/\/www.suno.com.br\/noticias\/bolsonaro-manifestacao-e-recado-aqueles-que-teimam-com-velhas-praticas\/\" \/>\n<meta property=\"og:site_name\" content=\"Suno Not\u00edcias\" \/>\n<meta property=\"article:publisher\" content=\"https:\/\/facebook.com\/sunoresearch\" \/>\n<meta property=\"og:image\" content=\"https:\/\/files.sunoresearch.com.br\/n\/uploads\/2019\/05\/8d7353dd-bolsonaro.jpg\" \/>\n\t<meta property=\"og:image:width\" content=\"1024\" \/>\n\t<meta property=\"og:image:height\" content=\"683\" \/>\n\t<meta property=\"og:image:type\" content=\"image\/jpeg\" \/>\n<meta name=\"author\" content=\"Beatriz Oliveira\" \/>\n<meta name=\"twitter:card\" content=\"summary_large_image\" \/>\n<meta name=\"twitter:creator\" content=\"@sunoresearch\" \/>\n<meta name=\"twitter:site\" content=\"@sunoresearch\" \/>\n<meta name=\"twitter:label1\" content=\"Escrito por\" \/>\n\t<meta name=\"twitter:data1\" content=\"Beatriz Oliveira\" \/>\n\t<meta name=\"twitter:label2\" content=\"Est. tempo de leitura\" \/>\n\t<meta name=\"twitter:data2\" content=\"3 minutos\" \/>\n<script type=\"application\/ld+json\" class=\"yoast-schema-graph\">{\"@context\":\"https:\/\/schema.org\",\"@graph\":[{\"@type\":\"NewsArticle\",\"@id\":\"https:\/\/www.suno.com.br\/noticias\/bolsonaro-manifestacao-e-recado-aqueles-que-teimam-com-velhas-praticas\/#article\",\"isPartOf\":{\"@id\":\"https:\/\/www.suno.com.br\/noticias\/bolsonaro-manifestacao-e-recado-aqueles-que-teimam-com-velhas-praticas\/\"},\"author\":{\"name\":\"Beatriz Oliveira\",\"@id\":\"https:\/\/www.suno.com.br\/noticias\/#\/schema\/person\/e67f665add014bf99f644028de070cc3\"},\"headline\":\"Bolsonaro: manifesta\u00e7\u00e3o \u00e9 recado \u00e0queles que teimam com velhas pr\u00e1ticas\",\"datePublished\":\"2019-05-26T17:09:19+00:00\",\"dateModified\":\"2019-05-26T17:11:51+00:00\",\"mainEntityOfPage\":{\"@id\":\"https:\/\/www.suno.com.br\/noticias\/bolsonaro-manifestacao-e-recado-aqueles-que-teimam-com-velhas-praticas\/\"},\"wordCount\":524,\"publisher\":{\"@id\":\"https:\/\/www.suno.com.br\/noticias\/#organization\"},\"image\":{\"@id\":\"https:\/\/www.suno.com.br\/noticias\/bolsonaro-manifestacao-e-recado-aqueles-que-teimam-com-velhas-praticas\/#primaryimage\"},\"thumbnailUrl\":\"https:\/\/files.sunoresearch.com.br\/n\/uploads\/2019\/05\/8d7353dd-bolsonaro-jpg.webp\",\"keywords\":[\"Jair Bolsonaro\"],\"articleSection\":[\"Pol\u00edtica\"],\"inLanguage\":\"pt-BR\"},{\"@type\":\"WebPage\",\"@id\":\"https:\/\/www.suno.com.br\/noticias\/bolsonaro-manifestacao-e-recado-aqueles-que-teimam-com-velhas-praticas\/\",\"url\":\"https:\/\/www.suno.com.br\/noticias\/bolsonaro-manifestacao-e-recado-aqueles-que-teimam-com-velhas-praticas\/\",\"name\":\"Bolsonaro: manifesta\u00e7\u00e3o \u00e9 recado a quem teima com velhas pr\u00e1ticas\",\"isPartOf\":{\"@id\":\"https:\/\/www.suno.com.br\/noticias\/#website\"},\"primaryImageOfPage\":{\"@id\":\"https:\/\/www.suno.com.br\/noticias\/bolsonaro-manifestacao-e-recado-aqueles-que-teimam-com-velhas-praticas\/#primaryimage\"},\"image\":{\"@id\":\"https:\/\/www.suno.com.br\/noticias\/bolsonaro-manifestacao-e-recado-aqueles-que-teimam-com-velhas-praticas\/#primaryimage\"},\"thumbnailUrl\":\"https:\/\/files.sunoresearch.com.br\/n\/uploads\/2019\/05\/8d7353dd-bolsonaro-jpg.webp\",\"datePublished\":\"2019-05-26T17:09:19+00:00\",\"dateModified\":\"2019-05-26T17:11:51+00:00\",\"description\":\"Os atos a favor de Bolsonaro ocorrerm desde a manh\u00e3 deste domingo (20) em diversas cidades e estados do Pa\u00eds. Clique e saiba mais.\",\"breadcrumb\":{\"@id\":\"https:\/\/www.suno.com.br\/noticias\/bolsonaro-manifestacao-e-recado-aqueles-que-teimam-com-velhas-praticas\/#breadcrumb\"},\"inLanguage\":\"pt-BR\",\"potentialAction\":[{\"@type\":\"ReadAction\",\"target\":[\"https:\/\/www.suno.com.br\/noticias\/bolsonaro-manifestacao-e-recado-aqueles-que-teimam-com-velhas-praticas\/\"]}]},{\"@type\":\"ImageObject\",\"inLanguage\":\"pt-BR\",\"@id\":\"https:\/\/www.suno.com.br\/noticias\/bolsonaro-manifestacao-e-recado-aqueles-que-teimam-com-velhas-praticas\/#primaryimage\",\"url\":\"https:\/\/files.sunoresearch.com.br\/n\/uploads\/2019\/05\/8d7353dd-bolsonaro-jpg.webp\",\"contentUrl\":\"https:\/\/files.sunoresearch.com.br\/n\/uploads\/2019\/05\/8d7353dd-bolsonaro-jpg.webp\",\"width\":1024,\"height\":683,\"caption\":\"O presidente da Rep\u00fablica, Jair Bolsonaro, assiste ao culto na Igreja Batista Atitude,acompanhado da esposa, Michelle Bolsonaro e o pastor Josu\u00e9 Valandro.\"},{\"@type\":\"BreadcrumbList\",\"@id\":\"https:\/\/www.suno.com.br\/noticias\/bolsonaro-manifestacao-e-recado-aqueles-que-teimam-com-velhas-praticas\/#breadcrumb\",\"itemListElement\":[{\"@type\":\"ListItem\",\"position\":1,\"name\":\"Not\u00edcias\",\"item\":\"https:\/\/www.suno.com.br\/noticias\/\"},{\"@type\":\"ListItem\",\"position\":2,\"name\":\"Pol\u00edtica\",\"item\":\"https:\/\/www.suno.com.br\/noticias\/politica\/\"},{\"@type\":\"ListItem\",\"position\":3,\"name\":\"Bolsonaro: manifesta\u00e7\u00e3o \u00e9 recado \u00e0queles que teimam com velhas pr\u00e1ticas\"}]},{\"@type\":\"WebSite\",\"@id\":\"https:\/\/www.suno.com.br\/noticias\/#website\",\"url\":\"https:\/\/www.suno.com.br\/noticias\/\",\"name\":\"Suno Not\u00edcias\",\"description\":\"Seu portal de informa\u00e7\u00e3o sobre o mundo dos investimentos\",\"publisher\":{\"@id\":\"https:\/\/www.suno.com.br\/noticias\/#organization\"},\"potentialAction\":[{\"@type\":\"SearchAction\",\"target\":{\"@type\":\"EntryPoint\",\"urlTemplate\":\"https:\/\/www.suno.com.br\/noticias\/?s={search_term_string}\"},\"query-input\":{\"@type\":\"PropertyValueSpecification\",\"valueRequired\":true,\"valueName\":\"search_term_string\"}}],\"inLanguage\":\"pt-BR\"},{\"@type\":\"Organization\",\"@id\":\"https:\/\/www.suno.com.br\/noticias\/#organization\",\"name\":\"Suno Not\u00edcias\",\"url\":\"https:\/\/www.suno.com.br\/noticias\/\",\"logo\":{\"@type\":\"ImageObject\",\"inLanguage\":\"pt-BR\",\"@id\":\"https:\/\/www.suno.com.br\/noticias\/#\/schema\/logo\/image\/\",\"url\":\"https:\/\/files.sunoresearch.com.br\/n\/uploads\/2021\/09\/suno-logo.png\",\"contentUrl\":\"https:\/\/files.sunoresearch.com.br\/n\/uploads\/2021\/09\/suno-logo.png\",\"width\":180,\"height\":180,\"caption\":\"Suno Not\u00edcias\"},\"image\":{\"@id\":\"https:\/\/www.suno.com.br\/noticias\/#\/schema\/logo\/image\/\"},\"sameAs\":[\"https:\/\/facebook.com\/sunoresearch\",\"https:\/\/x.com\/sunoresearch\",\"https:\/\/www.instagram.com\/suno\",\"https:\/\/www.linkedin.com\/company\/suno-research\/\",\"https:\/\/www.youtube.com\/c\/sunoresearch\"]},{\"@type\":\"Person\",\"@id\":\"https:\/\/www.suno.com.br\/noticias\/#\/schema\/person\/e67f665add014bf99f644028de070cc3\",\"name\":\"Beatriz Oliveira\",\"image\":{\"@type\":\"ImageObject\",\"inLanguage\":\"pt-BR\",\"@id\":\"https:\/\/www.suno.com.br\/noticias\/#\/schema\/person\/image\/\",\"url\":\"https:\/\/secure.gravatar.com\/avatar\/c9aa6a0aaecc598d257d5d5bd349157d?s=96&r=g\",\"contentUrl\":\"https:\/\/secure.gravatar.com\/avatar\/c9aa6a0aaecc598d257d5d5bd349157d?s=96&r=g\",\"caption\":\"Beatriz Oliveira\"},\"description\":\"Formada em Jornalismo pela Faculdade Paulus de Tecnologia e Comunica\u00e7\u00e3o, Beatriz Oliveira escreve para o portal de not\u00edcias Suno Research. Antes, passou pelas reda\u00e7\u00f5es da Revista EXAME e da Rede Bandeirantes.\",\"url\":\"https:\/\/www.suno.com.br\/noticias\/author\/beatriz\/\"}]}<\/script>\n<!-- \/ Yoast SEO plugin. -->","yoast_head_json":{"title":"Bolsonaro: manifesta\u00e7\u00e3o \u00e9 recado a quem teima com velhas pr\u00e1ticas","description":"Os atos a favor de Bolsonaro ocorrerm desde a manh\u00e3 deste domingo (20) em diversas cidades e estados do Pa\u00eds. Clique e saiba mais.","robots":{"index":"index","follow":"follow","max-snippet":"max-snippet:-1","max-image-preview":"max-image-preview:large","max-video-preview":"max-video-preview:-1"},"canonical":"https:\/\/www.suno.com.br\/noticias\/bolsonaro-manifestacao-e-recado-aqueles-que-teimam-com-velhas-praticas\/","og_locale":"pt_BR","og_type":"article","og_title":"Bolsonaro: manifesta\u00e7\u00e3o \u00e9 recado a quem teima com velhas pr\u00e1ticas","og_description":"Os atos a favor de Bolsonaro ocorrerm desde a manh\u00e3 deste domingo (20) em diversas cidades e estados do Pa\u00eds. Clique e saiba mais.","og_url":"https:\/\/www.suno.com.br\/noticias\/bolsonaro-manifestacao-e-recado-aqueles-que-teimam-com-velhas-praticas\/","og_site_name":"Suno Not\u00edcias","article_publisher":"https:\/\/facebook.com\/sunoresearch","og_image":[{"width":1024,"height":683,"url":"https:\/\/files.sunoresearch.com.br\/n\/uploads\/2019\/05\/8d7353dd-bolsonaro.jpg","type":"image\/jpeg"}],"author":"Beatriz Oliveira","twitter_card":"summary_large_image","twitter_creator":"@sunoresearch","twitter_site":"@sunoresearch","twitter_misc":{"Escrito por":"Beatriz Oliveira","Est. tempo de leitura":"3 minutos"},"schema":{"@context":"https:\/\/schema.org","@graph":[{"@type":"NewsArticle","@id":"https:\/\/www.suno.com.br\/noticias\/bolsonaro-manifestacao-e-recado-aqueles-que-teimam-com-velhas-praticas\/#article","isPartOf":{"@id":"https:\/\/www.suno.com.br\/noticias\/bolsonaro-manifestacao-e-recado-aqueles-que-teimam-com-velhas-praticas\/"},"author":{"name":"Beatriz Oliveira","@id":"https:\/\/www.suno.com.br\/noticias\/#\/schema\/person\/e67f665add014bf99f644028de070cc3"},"headline":"Bolsonaro: manifesta\u00e7\u00e3o \u00e9 recado \u00e0queles que teimam com velhas pr\u00e1ticas","datePublished":"2019-05-26T17:09:19+00:00","dateModified":"2019-05-26T17:11:51+00:00","mainEntityOfPage":{"@id":"https:\/\/www.suno.com.br\/noticias\/bolsonaro-manifestacao-e-recado-aqueles-que-teimam-com-velhas-praticas\/"},"wordCount":524,"publisher":{"@id":"https:\/\/www.suno.com.br\/noticias\/#organization"},"image":{"@id":"https:\/\/www.suno.com.br\/noticias\/bolsonaro-manifestacao-e-recado-aqueles-que-teimam-com-velhas-praticas\/#primaryimage"},"thumbnailUrl":"https:\/\/files.sunoresearch.com.br\/n\/uploads\/2019\/05\/8d7353dd-bolsonaro-jpg.webp","keywords":["Jair Bolsonaro"],"articleSection":["Pol\u00edtica"],"inLanguage":"pt-BR"},{"@type":"WebPage","@id":"https:\/\/www.suno.com.br\/noticias\/bolsonaro-manifestacao-e-recado-aqueles-que-teimam-com-velhas-praticas\/","url":"https:\/\/www.suno.com.br\/noticias\/bolsonaro-manifestacao-e-recado-aqueles-que-teimam-com-velhas-praticas\/","name":"Bolsonaro: manifesta\u00e7\u00e3o \u00e9 recado a quem teima com velhas pr\u00e1ticas","isPartOf":{"@id":"https:\/\/www.suno.com.br\/noticias\/#website"},"primaryImageOfPage":{"@id":"https:\/\/www.suno.com.br\/noticias\/bolsonaro-manifestacao-e-recado-aqueles-que-teimam-com-velhas-praticas\/#primaryimage"},"image":{"@id":"https:\/\/www.suno.com.br\/noticias\/bolsonaro-manifestacao-e-recado-aqueles-que-teimam-com-velhas-praticas\/#primaryimage"},"thumbnailUrl":"https:\/\/files.sunoresearch.com.br\/n\/uploads\/2019\/05\/8d7353dd-bolsonaro-jpg.webp","datePublished":"2019-05-26T17:09:19+00:00","dateModified":"2019-05-26T17:11:51+00:00","description":"Os atos a favor de Bolsonaro ocorrerm desde a manh\u00e3 deste domingo (20) em diversas cidades e estados do Pa\u00eds. Clique e saiba mais.","breadcrumb":{"@id":"https:\/\/www.suno.com.br\/noticias\/bolsonaro-manifestacao-e-recado-aqueles-que-teimam-com-velhas-praticas\/#breadcrumb"},"inLanguage":"pt-BR","potentialAction":[{"@type":"ReadAction","target":["https:\/\/www.suno.com.br\/noticias\/bolsonaro-manifestacao-e-recado-aqueles-que-teimam-com-velhas-praticas\/"]}]},{"@type":"ImageObject","inLanguage":"pt-BR","@id":"https:\/\/www.suno.com.br\/noticias\/bolsonaro-manifestacao-e-recado-aqueles-que-teimam-com-velhas-praticas\/#primaryimage","url":"https:\/\/files.sunoresearch.com.br\/n\/uploads\/2019\/05\/8d7353dd-bolsonaro-jpg.webp","contentUrl":"https:\/\/files.sunoresearch.com.br\/n\/uploads\/2019\/05\/8d7353dd-bolsonaro-jpg.webp","width":1024,"height":683,"caption":"O presidente da Rep\u00fablica, Jair Bolsonaro, assiste ao culto na Igreja Batista Atitude,acompanhado da esposa, Michelle Bolsonaro e o pastor Josu\u00e9 Valandro."},{"@type":"BreadcrumbList","@id":"https:\/\/www.suno.com.br\/noticias\/bolsonaro-manifestacao-e-recado-aqueles-que-teimam-com-velhas-praticas\/#breadcrumb","itemListElement":[{"@type":"ListItem","position":1,"name":"Not\u00edcias","item":"https:\/\/www.suno.com.br\/noticias\/"},{"@type":"ListItem","position":2,"name":"Pol\u00edtica","item":"https:\/\/www.suno.com.br\/noticias\/politica\/"},{"@type":"ListItem","position":3,"name":"Bolsonaro: manifesta\u00e7\u00e3o \u00e9 recado \u00e0queles que teimam com velhas pr\u00e1ticas"}]},{"@type":"WebSite","@id":"https:\/\/www.suno.com.br\/noticias\/#website","url":"https:\/\/www.suno.com.br\/noticias\/","name":"Suno Not\u00edcias","description":"Seu portal de informa\u00e7\u00e3o sobre o mundo dos investimentos","publisher":{"@id":"https:\/\/www.suno.com.br\/noticias\/#organization"},"potentialAction":[{"@type":"SearchAction","target":{"@type":"EntryPoint","urlTemplate":"https:\/\/www.suno.com.br\/noticias\/?s={search_term_string}"},"query-input":{"@type":"PropertyValueSpecification","valueRequired":true,"valueName":"search_term_string"}}],"inLanguage":"pt-BR"},{"@type":"Organization","@id":"https:\/\/www.suno.com.br\/noticias\/#organization","name":"Suno Not\u00edcias","url":"https:\/\/www.suno.com.br\/noticias\/","logo":{"@type":"ImageObject","inLanguage":"pt-BR","@id":"https:\/\/www.suno.com.br\/noticias\/#\/schema\/logo\/image\/","url":"https:\/\/files.sunoresearch.com.br\/n\/uploads\/2021\/09\/suno-logo.png","contentUrl":"https:\/\/files.sunoresearch.com.br\/n\/uploads\/2021\/09\/suno-logo.png","width":180,"height":180,"caption":"Suno Not\u00edcias"},"image":{"@id":"https:\/\/www.suno.com.br\/noticias\/#\/schema\/logo\/image\/"},"sameAs":["https:\/\/facebook.com\/sunoresearch","https:\/\/x.com\/sunoresearch","https:\/\/www.instagram.com\/suno","https:\/\/www.linkedin.com\/company\/suno-research\/","https:\/\/www.youtube.com\/c\/sunoresearch"]},{"@type":"Person","@id":"https:\/\/www.suno.com.br\/noticias\/#\/schema\/person\/e67f665add014bf99f644028de070cc3","name":"Beatriz Oliveira","image":{"@type":"ImageObject","inLanguage":"pt-BR","@id":"https:\/\/www.suno.com.br\/noticias\/#\/schema\/person\/image\/","url":"https:\/\/secure.gravatar.com\/avatar\/c9aa6a0aaecc598d257d5d5bd349157d?s=96&r=g","contentUrl":"https:\/\/secure.gravatar.com\/avatar\/c9aa6a0aaecc598d257d5d5bd349157d?s=96&r=g","caption":"Beatriz Oliveira"},"description":"Formada em Jornalismo pela Faculdade Paulus de Tecnologia e Comunica\u00e7\u00e3o, Beatriz Oliveira escreve para o portal de not\u00edcias Suno Research. Antes, passou pelas reda\u00e7\u00f5es da Revista EXAME e da Rede Bandeirantes.","url":"https:\/\/www.suno.com.br\/noticias\/author\/beatriz\/"}]}},"default_loop_html":"<div class=\"cardsPage__listCard__boxs\"><div class=\"cardsPage__listCard__boxs__img\"><a href=\"https:\/\/www.suno.com.br\/noticias\/bolsonaro-manifestacao-e-recado-aqueles-que-teimam-com-velhas-praticas\/\"><img class=\"mask\" src=\"https:\/\/www.suno.com.br\/noticias\/wp-content\/themes\/suno\/resources\/images\/spotlight\/spotlight1img\/bg-mask.png\" alt=\"Image Mask\"\/><img src=\"https:\/\/files.sunoresearch.com.br\/n\/uploads\/2019\/05\/8d7353dd-bolsonaro-400x200.webp\" alt=\"Bolsonaro: manifesta\u00e7\u00e3o \u00e9 recado \u00e0queles que teimam com velhas pr\u00e1ticas\"\/><\/a><span class=\"spotlightCategory\"><a href=\"https:\/\/www.suno.com.br\/noticias\/politica\/\">Pol\u00edtica<\/a><\/span><\/div><div class=\"cardsPage__listCard__boxs__content\"><a href=\"https:\/\/www.suno.com.br\/noticias\/bolsonaro-manifestacao-e-recado-aqueles-que-teimam-com-velhas-praticas\/\"><h2 class=\"content__title\">Bolsonaro: manifesta\u00e7\u00e3o \u00e9 recado \u00e0queles que teimam com velhas pr\u00e1ticas<\/h2><\/a><div class=\"newsContent__article__meta\"><div class=\"newsContent__article__meta__authorBox\"><a href=\"https:\/\/www.suno.com.br\/noticias\/author\/beatriz\/\" class=\"authorBox__avatar noMobi\"><img src=\"https:\/\/secure.gravatar.com\/avatar\/c9aa6a0aaecc598d257d5d5bd349157d?s=96&#038;r=g\" alt=\"Beatriz Oliveira\"><\/a><div class=\"authorBox__name\"><span>por\n\t\t\t<a href=\"https:\/\/www.suno.com.br\/noticias\/author\/beatriz\/\"><span itemprop=\"author\">Beatriz Oliveira<\/span><\/a><\/span><time datetime=\"2019-05-26T14:09:19-03:00\" itemprop=\"datePublished\">26\/05\/2019 14:09<\/time><\/div><\/div><\/div><\/div><\/div>","single_layout":"posts","amp_enabled":true,"_links":{"self":[{"href":"https:\/\/www.suno.com.br\/noticias\/wp-json\/wp\/v2\/posts\/25987"}],"collection":[{"href":"https:\/\/www.suno.com.br\/noticias\/wp-json\/wp\/v2\/posts"}],"about":[{"href":"https:\/\/www.suno.com.br\/noticias\/wp-json\/wp\/v2\/types\/post"}],"author":[{"embeddable":true,"href":"https:\/\/www.suno.com.br\/noticias\/wp-json\/wp\/v2\/users\/16"}],"replies":[{"embeddable":true,"href":"https:\/\/www.suno.com.br\/noticias\/wp-json\/wp\/v2\/comments?post=25987"}],"version-history":[{"count":0,"href":"https:\/\/www.suno.com.br\/noticias\/wp-json\/wp\/v2\/posts\/25987\/revisions"}],"wp:featuredmedia":[{"embeddable":true,"href":"https:\/\/www.suno.com.br\/noticias\/wp-json\/wp\/v2\/media\/25989"}],"wp:attachment":[{"href":"https:\/\/www.suno.com.br\/noticias\/wp-json\/wp\/v2\/media?parent=25987"}],"wp:term":[{"taxonomy":"category","embeddable":true,"href":"https:\/\/www.suno.com.br\/noticias\/wp-json\/wp\/v2\/categories?post=25987"},{"taxonomy":"post_tag","embeddable":true,"href":"https:\/\/www.suno.com.br\/noticias\/wp-json\/wp\/v2\/tags?post=25987"},{"taxonomy":"suno_strategy","embeddable":true,"href":"https:\/\/www.suno.com.br\/noticias\/wp-json\/wp\/v2\/suno_strategy?post=25987"}],"curies":[{"name":"wp","href":"https:\/\/api.w.org\/{rel}","templated":true}]}}